{"id":8011,"date":"2026-06-06T12:27:32","date_gmt":"2026-06-06T10:27:32","guid":{"rendered":"https:\/\/starstory.fr\/blog\/celebrites-et-influence-en-france\/les-personnalites-preferees-des-francais-le-classement-des-stars-les-p\/"},"modified":"2026-06-06T12:27:32","modified_gmt":"2026-06-06T10:27:32","slug":"les-personnalites-preferees-des-francais-le-classement-des-stars-les-p","status":"publish","type":"post","link":"https:\/\/starstory.fr\/blog\/celebrites-et-influence-en-france\/les-personnalites-preferees-des-francais-le-classement-des-stars-les-p\/","title":{"rendered":"Les personnalit\u00e9s pr\u00e9f\u00e9r\u00e9es des Fran\u00e7ais : le classement des stars les plus aim\u00e9es"},"content":{"rendered":"<aside style=\"background:#FBEAF2;border-left:5px solid #B11E6A;padding:22px 28px;margin:24px 0;font-family:-apple-system,BlinkMacSystemFont,'Segoe UI',Roboto,sans-serif;\">\n<div style=\"margin:0;font-size:19px;line-height:1.55;color:#2a2a2a;font-weight:500;letter-spacing:-0.005em;\">\n    Chaque fin d&rsquo;ann\u00e9e, les Fran\u00e7ais sont invit\u00e9s \u00e0 d\u00e9signer les personnalit\u00e9s qu&rsquo;ils admirent le plus. Et ann\u00e9e apr\u00e8s ann\u00e9e, les m\u00eames visages reviennent : un chanteur disparu des \u00e9crans depuis vingt ans, un acteur devenu star mondiale, une poign\u00e9e de sportifs port\u00e9s par les Jeux. Voici qui domine ces classements de popularit\u00e9, et surtout pourquoi.\n  <\/div>\n<\/aside>\n<p>Les barom\u00e8tres de popularit\u00e9 font partie du paysage m\u00e9diatique fran\u00e7ais depuis des d\u00e9cennies. Deux grands instituts les rythment : <strong>l&rsquo;Ifop<\/strong>, qui publie son <em>Top 50 des personnalit\u00e9s pr\u00e9f\u00e9r\u00e9es des Fran\u00e7ais<\/em> chaque fin d\u00e9cembre (longtemps pour le <em>Journal du Dimanche<\/em>, d\u00e9sormais pour TF1-LCI), et <strong>Ipsos<\/strong>, qui \u00e9dite son propre palmar\u00e8s annuel. Le principe est simple : un \u00e9chantillon repr\u00e9sentatif d&rsquo;environ mille personnes est interrog\u00e9 sur les figures publiques qu&rsquo;il appr\u00e9cie le plus, tous domaines confondus \u2014 musique, cin\u00e9ma, sport, sciences, voire politique.<\/p>\n<p>R\u00e9sultat : un classement qui m\u00eale artistes intemporels, h\u00e9ros sportifs du moment et quelques surprises. Avant d&rsquo;entrer dans le d\u00e9tail, une mise en garde de m\u00e9thode : <strong>les rangs pr\u00e9cis varient d&rsquo;une \u00e9dition \u00e0 l&rsquo;autre et d&rsquo;un institut \u00e0 l&rsquo;autre<\/strong>. Un sportif peut bondir de quinze places apr\u00e8s une m\u00e9daille olympique, puis redescendre l&rsquo;ann\u00e9e suivante. Les positions cit\u00e9es ici proviennent principalement du <strong>palmar\u00e8s Ifop 2025<\/strong> (sondage r\u00e9alis\u00e9 fin d\u00e9cembre 2024 et fin d\u00e9cembre 2025) et du <strong>palmar\u00e8s Ipsos 2025<\/strong>, et doivent \u00eatre lues comme des ordres de grandeur, non comme des v\u00e9rit\u00e9s fig\u00e9es.<\/p>\n<aside style=\"background:#fafaf7;border:1px solid #e5e5e0;border-radius:8px;padding:24px 26px 26px;margin:28px 0;font-family:-apple-system,BlinkMacSystemFont,'Segoe UI',Roboto,sans-serif;\">\n<div style=\"margin:0 0 18px 0;font-size:11px;font-weight:700;text-transform:uppercase;letter-spacing:2.2px;color:#B11E6A;\">\u00c0 retenir<\/div>\n<div style=\"display:grid;grid-template-columns:repeat(auto-fit,minmax(240px,1fr));gap:10px;\">\n<div style=\"display:flex;gap:12px;background:#fff;border:1px solid #ebebe5;padding:12px 14px;border-radius:6px;align-items:flex-start;\">\n      <span style=\"flex:0 0 26px;width:26px;height:26px;background:#B11E6A;color:#fff;border-radius:50%;display:inline-flex;align-items:center;justify-content:center;font-size:12px;font-weight:700;font-family:-apple-system,sans-serif;\">1<\/span><br \/>\n      <span style=\"font-size:14px;line-height:1.5;color:#2a2a2a;\">Jean-Jacques Goldman domine sans discontinuer depuis 2017, malgr\u00e9 un retrait public de pr\u00e8s de vingt ans.<\/span>\n    <\/div>\n<div style=\"display:flex;gap:12px;background:#fff;border:1px solid #ebebe5;padding:12px 14px;border-radius:6px;align-items:flex-start;\">\n      <span style=\"flex:0 0 26px;width:26px;height:26px;background:#B11E6A;color:#fff;border-radius:50%;display:inline-flex;align-items:center;justify-content:center;font-size:12px;font-weight:700;font-family:-apple-system,sans-serif;\">2<\/span><br \/>\n      <span style=\"font-size:14px;line-height:1.5;color:#2a2a2a;\">Omar Sy est l&rsquo;acteur le plus aim\u00e9, port\u00e9 par le succ\u00e8s mondial de la s\u00e9rie Lupin.<\/span>\n    <\/div>\n<div style=\"display:flex;gap:12px;background:#fff;border:1px solid #ebebe5;padding:12px 14px;border-radius:6px;align-items:flex-start;\">\n      <span style=\"flex:0 0 26px;width:26px;height:26px;background:#B11E6A;color:#fff;border-radius:50%;display:inline-flex;align-items:center;justify-content:center;font-size:12px;font-weight:700;font-family:-apple-system,sans-serif;\">3<\/span><br \/>\n      <span style=\"font-size:14px;line-height:1.5;color:#2a2a2a;\">Les Jeux de Paris 2024 ont propuls\u00e9 Riner, Marchand et Dupont dans le haut du tableau.<\/span>\n    <\/div>\n<div style=\"display:flex;gap:12px;background:#fff;border:1px solid #ebebe5;padding:12px 14px;border-radius:6px;align-items:flex-start;\">\n      <span style=\"flex:0 0 26px;width:26px;height:26px;background:#B11E6A;color:#fff;border-radius:50%;display:inline-flex;align-items:center;justify-content:center;font-size:12px;font-weight:700;font-family:-apple-system,sans-serif;\">4<\/span><br \/>\n      <span style=\"font-size:14px;line-height:1.5;color:#2a2a2a;\">Zin\u00e9dine Zidane reste une valeur s\u00fbre, remont\u00e9 au sommet du palmar\u00e8s 2025.<\/span>\n    <\/div>\n<div style=\"display:flex;gap:12px;background:#fff;border:1px solid #ebebe5;padding:12px 14px;border-radius:6px;align-items:flex-start;\">\n      <span style=\"flex:0 0 26px;width:26px;height:26px;background:#B11E6A;color:#fff;border-radius:50%;display:inline-flex;align-items:center;justify-content:center;font-size:12px;font-weight:700;font-family:-apple-system,sans-serif;\">5<\/span><br \/>\n      <span style=\"font-size:14px;line-height:1.5;color:#2a2a2a;\">Les rangs exacts changent selon l&rsquo;\u00e9dition et l&rsquo;institut \u2014 \u00e0 lire comme une tendance, pas un absolu.<\/span>\n    <\/div>\n<\/p><\/div>\n<\/aside>\n<h2>Le classement des stars les plus aim\u00e9es des Fran\u00e7ais<\/h2>\n<p>Voici les figures qui reviennent le plus r\u00e9guli\u00e8rement dans le haut des barom\u00e8tres r\u00e9cents, avec la raison de leur popularit\u00e9. Le tableau s&rsquo;appuie sur les positions du <strong>Top 50 Ifop 2025<\/strong> et croise les \u00e9ditions pr\u00e9c\u00e9dentes pour donner une photographie d&rsquo;ensemble.<\/p>\n<figure style=\"margin:32px 0;font-family:-apple-system,BlinkMacSystemFont,'Segoe UI',Roboto,sans-serif;\">\n<div style=\"overflow-x:auto;border:1px solid #e5e5e0;border-radius:8px;\">\n<table style=\"width:100%;border-collapse:collapse;font-size:14px;color:#2a2a2a;min-width:560px;\">\n<thead>\n<tr style=\"background:#1a1a1a;color:#fff;\">\n<th style=\"text-align:left;padding:14px 18px;font-weight:700;font-size:12px;text-transform:uppercase;letter-spacing:1.5px;\">Personnalit\u00e9<\/th>\n<th style=\"text-align:left;padding:14px 18px;font-weight:700;font-size:12px;text-transform:uppercase;letter-spacing:1.5px;\">Domaine<\/th>\n<th style=\"text-align:left;padding:14px 18px;font-weight:700;font-size:12px;text-transform:uppercase;letter-spacing:1.5px;\">Pourquoi les Fran\u00e7ais l&rsquo;aiment<\/th>\n<\/tr>\n<\/thead>\n<tbody>\n<tr style=\"background:#fff;border-bottom:1px solid #f0ede5;\">\n<td style=\"padding:14px 18px;font-weight:600;\">Jean-Jacques Goldman<\/td>\n<td style=\"padding:14px 18px;color:#4a4a4a;\">Musique<\/td>\n<td style=\"padding:14px 18px;color:#4a4a4a;\">Authenticit\u00e9, long\u00e9vit\u00e9, discr\u00e9tion \u2014 n\u00b01 quasi-permanent.<\/td>\n<\/tr>\n<tr style=\"background:#fafaf7;border-bottom:1px solid #f0ede5;\">\n<td style=\"padding:14px 18px;font-weight:600;\">Omar Sy<\/td>\n<td style=\"padding:14px 18px;color:#4a4a4a;\">Cin\u00e9ma<\/td>\n<td style=\"padding:14px 18px;color:#4a4a4a;\">Star mondiale (Lupin, Intouchables), image chaleureuse et f\u00e9d\u00e9ratrice.<\/td>\n<\/tr>\n<tr style=\"background:#fff;border-bottom:1px solid #f0ede5;\">\n<td style=\"padding:14px 18px;font-weight:600;\">Zin\u00e9dine Zidane<\/td>\n<td style=\"padding:14px 18px;color:#4a4a4a;\">Sport<\/td>\n<td style=\"padding:14px 18px;color:#4a4a4a;\">L\u00e9gende du foot, ic\u00f4ne intemporelle, forte remont\u00e9e en 2025.<\/td>\n<\/tr>\n<tr style=\"background:#fafaf7;border-bottom:1px solid #f0ede5;\">\n<td style=\"padding:14px 18px;font-weight:600;\">Florent Pagny<\/td>\n<td style=\"padding:14px 18px;color:#4a4a4a;\">Musique<\/td>\n<td style=\"padding:14px 18px;color:#4a4a4a;\">Voix admir\u00e9e, combat contre la maladie salu\u00e9 avec \u00e9motion.<\/td>\n<\/tr>\n<tr style=\"background:#fff;border-bottom:1px solid #f0ede5;\">\n<td style=\"padding:14px 18px;font-weight:600;\">Sophie Marceau<\/td>\n<td style=\"padding:14px 18px;color:#4a4a4a;\">Cin\u00e9ma<\/td>\n<td style=\"padding:14px 18px;color:#4a4a4a;\">R\u00e9v\u00e9l\u00e9e par La Boum, actrice attachante depuis quatre d\u00e9cennies.<\/td>\n<\/tr>\n<tr style=\"background:#fafaf7;border-bottom:1px solid #f0ede5;\">\n<td style=\"padding:14px 18px;font-weight:600;\">Thomas Pesquet<\/td>\n<td style=\"padding:14px 18px;color:#4a4a4a;\">Sciences<\/td>\n<td style=\"padding:14px 18px;color:#4a4a4a;\">Astronaute p\u00e9dagogue, fiert\u00e9 nationale et \u00e9merveillement spatial.<\/td>\n<\/tr>\n<tr style=\"background:#fff;border-bottom:1px solid #f0ede5;\">\n<td style=\"padding:14px 18px;font-weight:600;\">Teddy Riner<\/td>\n<td style=\"padding:14px 18px;color:#4a4a4a;\">Sport<\/td>\n<td style=\"padding:14px 18px;color:#4a4a4a;\">Judoka multi-m\u00e9daill\u00e9, h\u00e9ros des Jeux de Paris 2024.<\/td>\n<\/tr>\n<tr style=\"background:#fafaf7;border-bottom:1px solid #f0ede5;\">\n<td style=\"padding:14px 18px;font-weight:600;\">L\u00e9on Marchand<\/td>\n<td style=\"padding:14px 18px;color:#4a4a4a;\">Sport<\/td>\n<td style=\"padding:14px 18px;color:#4a4a4a;\">Nageur r\u00e9v\u00e9lation de Paris 2024, entr\u00e9 directement tr\u00e8s haut.<\/td>\n<\/tr>\n<tr style=\"background:#fff;border-bottom:1px solid #f0ede5;\">\n<td style=\"padding:14px 18px;font-weight:600;\">Antoine Dupont<\/td>\n<td style=\"padding:14px 18px;color:#4a4a4a;\">Sport<\/td>\n<td style=\"padding:14px 18px;color:#4a4a4a;\">Capitaine du XV de France, porte-drapeau et exemplarit\u00e9 salu\u00e9e.<\/td>\n<\/tr>\n<tr style=\"background:#fafaf7;border-bottom:1px solid #f0ede5;\">\n<td style=\"padding:14px 18px;font-weight:600;\">Soprano<\/td>\n<td style=\"padding:14px 18px;color:#4a4a4a;\">Musique<\/td>\n<td style=\"padding:14px 18px;color:#4a4a4a;\">Chanteur populaire et transg\u00e9n\u00e9rationnel, tr\u00e8s aim\u00e9 du jeune public.<\/td>\n<\/tr>\n<tr style=\"background:#fff;border-bottom:1px solid #f0ede5;\">\n<td style=\"padding:14px 18px;font-weight:600;\">Dany Boon<\/td>\n<td style=\"padding:14px 18px;color:#4a4a4a;\">Cin\u00e9ma \/ Humour<\/td>\n<td style=\"padding:14px 18px;color:#4a4a4a;\">Bienvenue chez les Ch&#8217;tis, humour bon enfant et accessible.<\/td>\n<\/tr>\n<tr style=\"background:#fafaf7;\">\n<td style=\"padding:14px 18px;font-weight:600;\">Jean Reno \u00b7 Mimie Mathy \u00b7 Gad Elmaleh<\/td>\n<td style=\"padding:14px 18px;color:#4a4a4a;\">Cin\u00e9ma \/ TV \/ Humour<\/td>\n<td style=\"padding:14px 18px;color:#4a4a4a;\">Figures famili\u00e8res du grand public, pr\u00e9sentes de longue date dans le Top 50.<\/td>\n<\/tr>\n<\/tbody>\n<\/table><\/div><figcaption style=\"font-size:11px;color:#7a7a7a;margin-top:8px;text-align:right;letter-spacing:0.3px;\">Positions indicatives, palmar\u00e8s Ifop \/ Ipsos 2025 \u2014 voir sources en fin d&rsquo;article.<\/figcaption><\/figure>\n<aside style=\"background:#fff7e0;border-left:4px solid #d4a017;padding:14px 18px;margin:18px 0;border-radius:0 4px 4px 0;font-family:-apple-system,BlinkMacSystemFont,'Segoe UI',Roboto,sans-serif;\">\n  <strong style=\"display:inline-block;color:#7a5e00;font-size:12px;text-transform:uppercase;letter-spacing:1.5px;margin-right:8px;\">&#128161; Bon \u00e0 savoir<\/strong><br \/>\n  <span style=\"font-size:14.5px;line-height:1.55;color:#3a3a3a;\">L&rsquo;Ifop interroge un panel d&rsquo;environ 1 000 personnes repr\u00e9sentatif de la population, fin d\u00e9cembre, depuis plus de 35 ans. Un \u00e9cart de deux ou trois rangs entre deux \u00e9ditions n&rsquo;a donc rien d&rsquo;exceptionnel.<\/span><br \/>\n<\/aside>\n<h2>Le ph\u00e9nom\u00e8ne Goldman et Omar Sy<\/h2>\n<p>Si un nom r\u00e9sume \u00e0 lui seul ces classements, c&rsquo;est bien celui de <strong>Jean-Jacques Goldman<\/strong>. Le chanteur tr\u00f4ne en t\u00eate du barom\u00e8tre Ifop pour la neuvi\u00e8me ann\u00e9e cons\u00e9cutive selon l&rsquo;\u00e9dition 2025, et pour la quatorzi\u00e8me fois au total depuis la cr\u00e9ation du palmar\u00e8s. Un r\u00e8gne d&rsquo;autant plus singulier que l&rsquo;artiste a quasiment disparu de la vie publique : son dernier concert remonte \u00e0 une vingtaine d&rsquo;ann\u00e9es, et il n&rsquo;accorde quasiment aucune interview.<\/p>\n<p>Comment expliquer cette popularit\u00e9 qui d\u00e9fie le temps et l&rsquo;absence ? Les analystes pointent un triptyque : <strong>authenticit\u00e9, long\u00e9vit\u00e9 et discr\u00e9tion<\/strong>. Goldman incarne une France consensuelle, traversant les g\u00e9n\u00e9rations, dont les chansons restent dans toutes les m\u00e9moires sans jamais avoir \u00e9t\u00e9 ternies par une pol\u00e9mique. Son retrait volontaire renforce paradoxalement son aura : loin de l&rsquo;usure m\u00e9diatique, il reste fig\u00e9 dans une image positive et nostalgique.<\/p>\n<figure style=\"margin:38px auto;padding:28px 24px;text-align:center;border-top:1px solid #2a2a2a;border-bottom:1px solid #2a2a2a;max-width:640px;position:relative;font-family:Georgia,'Hoefler Text',serif;\">\n<div style=\"position:absolute;top:-20px;left:50%;transform:translateX(-50%);background:#ffffff;padding:0 14px;font-size:48px;line-height:1;color:#B11E6A;font-family:Georgia,serif;\">&laquo;<\/div>\n<blockquote style=\"margin:0;padding:0;font-size:24px;line-height:1.45;font-style:italic;color:#1a1a1a;letter-spacing:-0.005em;\"><p>\n    La recette n&rsquo;a pas chang\u00e9 : authenticit\u00e9, long\u00e9vit\u00e9 et discr\u00e9tion. C&rsquo;est une figure transg\u00e9n\u00e9rationnelle que rien ne semble pouvoir d\u00e9tr\u00f4ner.<br \/>\n  <\/blockquote><figcaption style=\"margin-top:14px;font-size:12px;text-transform:uppercase;letter-spacing:2px;color:#6a6a6a;font-family:-apple-system,sans-serif;font-style:normal;\">\u2014 Lecture des r\u00e9sultats du barom\u00e8tre Ifop<\/figcaption><\/figure>\n<p>Juste derri\u00e8re, <strong>Omar Sy<\/strong> s&rsquo;est install\u00e9 comme l&rsquo;acteur favori des Fran\u00e7ais, oscillant entre la deuxi\u00e8me, la troisi\u00e8me et la quatri\u00e8me place selon les \u00e9ditions. R\u00e9v\u00e9l\u00e9 par <em>Intouchables<\/em>, devenu star plan\u00e9taire gr\u00e2ce \u00e0 la s\u00e9rie <em>Lupin<\/em> sur Netflix, il b\u00e9n\u00e9ficie d&rsquo;une image chaleureuse, f\u00e9d\u00e9ratrice et r\u00e9solument internationale. Sa trajectoire incarne une r\u00e9ussite \u00e0 la fran\u00e7aise qui parle aussi bien aux familles qu&rsquo;au jeune public \u2014 il figure d&rsquo;ailleurs r\u00e9guli\u00e8rement dans les classements des personnalit\u00e9s pr\u00e9f\u00e9r\u00e9es des enfants.<\/p>\n<p>Ce duo de t\u00eate illustre deux ressorts oppos\u00e9s de la popularit\u00e9 : d&rsquo;un c\u00f4t\u00e9 la <strong>nostalgie<\/strong> d&rsquo;un patrimoine musical partag\u00e9, de l&rsquo;autre le <strong>rayonnement contemporain<\/strong> d&rsquo;un acteur au sommet de sa carri\u00e8re. Deux recettes diff\u00e9rentes, un m\u00eame r\u00e9sultat : l&rsquo;adh\u00e9sion massive du public.<\/p>\n<h2>Les sportifs ador\u00e9s : l&rsquo;effet Paris 2024<\/h2>\n<p>La grande bascule de ces derni\u00e8res ann\u00e9es, c&rsquo;est la mont\u00e9e en puissance des sportifs. Longtemps r\u00e9serv\u00e9s aux artistes et aux figures du cin\u00e9ma, les premi\u00e8res places se sont ouvertes aux athl\u00e8tes, port\u00e9es par l&rsquo;onde de choc des <strong>Jeux olympiques de Paris 2024<\/strong>. Plusieurs d&rsquo;entre eux ont fait une entr\u00e9e fracassante ou une remont\u00e9e spectaculaire dans le palmar\u00e8s.<\/p>\n<div style=\"display:grid;grid-template-columns:repeat(auto-fit,minmax(220px,1fr));gap:14px;margin:28px 0;font-family:-apple-system,BlinkMacSystemFont,'Segoe UI',Roboto,sans-serif;\">\n<article style=\"background:#fff;border:1px solid #e5e5e0;border-top:3px solid #B11E6A;border-radius:6px;padding:18px 18px 16px;\">\n<div style=\"width:36px;height:36px;background:#FBEAF2;border-radius:50%;display:inline-flex;align-items:center;justify-content:center;margin-bottom:12px;\">\n      <span style=\"font-size:18px;color:#B11E6A;font-weight:900;font-family:Georgia,serif;\">01<\/span>\n    <\/div>\n<h3 style=\"margin:0 0 6px 0;font-size:16px;font-weight:700;color:#1a1a1a;letter-spacing:-0.01em;\">Teddy Riner<\/h3>\n<div style=\"margin:0;font-size:13.5px;line-height:1.55;color:#4a4a4a;\">Le judoka le plus titr\u00e9 de l&rsquo;histoire, h\u00e9ros des Jeux de Paris, figure d&rsquo;humilit\u00e9 et de force tranquille tr\u00e8s pr\u00e9sente dans le Top 10.<\/div>\n<\/article>\n<article style=\"background:#fff;border:1px solid #e5e5e0;border-top:3px solid #B11E6A;border-radius:6px;padding:18px 18px 16px;\">\n<div style=\"width:36px;height:36px;background:#FBEAF2;border-radius:50%;display:inline-flex;align-items:center;justify-content:center;margin-bottom:12px;\">\n      <span style=\"font-size:18px;color:#B11E6A;font-weight:900;font-family:Georgia,serif;\">02<\/span>\n    <\/div>\n<h3 style=\"margin:0 0 6px 0;font-size:16px;font-weight:700;color:#1a1a1a;letter-spacing:-0.01em;\">L\u00e9on Marchand<\/h3>\n<div style=\"margin:0;font-size:13.5px;line-height:1.55;color:#4a4a4a;\">Le nageur ph\u00e9nom\u00e8ne de Paris 2024, entr\u00e9 directement dans le haut du classement, nouveau visage du sport fran\u00e7ais.<\/div>\n<\/article>\n<article style=\"background:#fff;border:1px solid #e5e5e0;border-top:3px solid #B11E6A;border-radius:6px;padding:18px 18px 16px;\">\n<div style=\"width:36px;height:36px;background:#FBEAF2;border-radius:50%;display:inline-flex;align-items:center;justify-content:center;margin-bottom:12px;\">\n      <span style=\"font-size:18px;color:#B11E6A;font-weight:900;font-family:Georgia,serif;\">03<\/span>\n    <\/div>\n<h3 style=\"margin:0 0 6px 0;font-size:16px;font-weight:700;color:#1a1a1a;letter-spacing:-0.01em;\">Antoine Dupont<\/h3>\n<div style=\"margin:0;font-size:13.5px;line-height:1.55;color:#4a4a4a;\">Capitaine du XV de France, porte-drapeau olympique, son exemplarit\u00e9 a renforc\u00e9 un fort capital sympathie.<\/div>\n<\/article>\n<article style=\"background:#fff;border:1px solid #e5e5e0;border-top:3px solid #B11E6A;border-radius:6px;padding:18px 18px 16px;\">\n<div style=\"width:36px;height:36px;background:#FBEAF2;border-radius:50%;display:inline-flex;align-items:center;justify-content:center;margin-bottom:12px;\">\n      <span style=\"font-size:18px;color:#B11E6A;font-weight:900;font-family:Georgia,serif;\">04<\/span>\n    <\/div>\n<h3 style=\"margin:0 0 6px 0;font-size:16px;font-weight:700;color:#1a1a1a;letter-spacing:-0.01em;\">Zin\u00e9dine Zidane<\/h3>\n<div style=\"margin:0;font-size:13.5px;line-height:1.55;color:#4a4a4a;\">La l\u00e9gende du foot reste une valeur refuge : forte remont\u00e9e au sommet du palmar\u00e8s Ipsos 2025, ic\u00f4ne intemporelle.<\/div>\n<\/article>\n<\/div>\n<p>Le cas de <strong>Zin\u00e9dine Zidane<\/strong> est embl\u00e9matique de la volatilit\u00e9 de ces classements : selon le palmar\u00e8s Ipsos 2025, il a grimp\u00e9 jusqu&rsquo;\u00e0 la deuxi\u00e8me place, contre une dix-septi\u00e8me position l&rsquo;ann\u00e9e pr\u00e9c\u00e9dente. Une progression qui rappelle qu&rsquo;un anniversaire m\u00e9diatique, une rumeur d&rsquo;entra\u00eeneur ou une simple vague d&rsquo;affection collective peuvent rebattre les cartes d&rsquo;une \u00e9dition \u00e0 l&rsquo;autre.<\/p>\n<p>Et <strong>Kylian Mbapp\u00e9<\/strong> ? Le footballeur, pourtant omnipr\u00e9sent, occupe une position bien plus modeste dans le barom\u00e8tre des adultes \u2014 autour de la trentaine ou de la quarantaine de places selon les \u00e9ditions. Preuve que notori\u00e9t\u00e9 et popularit\u00e9 ne se confondent pas : \u00eatre connu de tous ne garantit pas d&rsquo;\u00eatre pl\u00e9biscit\u00e9 comme personnalit\u00e9 pr\u00e9f\u00e9r\u00e9e. Il reste en revanche une star incontournable chez les plus jeunes.<\/p>\n<figure style=\"margin:32px 0;padding:0;font-family:-apple-system,BlinkMacSystemFont,'Segoe UI',Roboto,sans-serif;\">\n<div style=\"display:grid;grid-template-columns:repeat(auto-fit,minmax(140px,1fr));background:#1a1a1a;border-radius:6px;overflow:hidden;\">\n<div style=\"padding:22px 16px;text-align:center;border-right:1px solid #2f2f2f;\">\n<div style=\"font-size:36px;font-weight:900;color:#fff;letter-spacing:-0.04em;font-feature-settings:'tnum';line-height:1;\">9<\/div>\n<div style=\"font-size:11px;text-transform:uppercase;letter-spacing:1.5px;color:#9a9a9a;margin-top:8px;\">ann\u00e9es n\u00b01 de suite pour Goldman<\/div>\n<\/p><\/div>\n<div style=\"padding:22px 16px;text-align:center;border-right:1px solid #2f2f2f;\">\n<div style=\"font-size:36px;font-weight:900;color:#fff;letter-spacing:-0.04em;font-feature-settings:'tnum';line-height:1;\">3<\/div>\n<div style=\"font-size:11px;text-transform:uppercase;letter-spacing:1.5px;color:#9a9a9a;margin-top:8px;\">sportifs dans le Top 10 post-JO<\/div>\n<\/p><\/div>\n<div style=\"padding:22px 16px;text-align:center;\">\n<div style=\"font-size:36px;font-weight:900;color:#B11E6A;letter-spacing:-0.04em;font-feature-settings:'tnum';line-height:1;\">50<\/div>\n<div style=\"font-size:11px;text-transform:uppercase;letter-spacing:1.5px;color:#9a9a9a;margin-top:8px;\">personnalit\u00e9s class\u00e9es par l&rsquo;Ifop<\/div>\n<\/p><\/div>\n<\/p><\/div><figcaption style=\"font-size:11px;color:#7a7a7a;margin-top:8px;text-align:right;letter-spacing:0.3px;\">Donn\u00e9es indicatives, barom\u00e8tre Ifop 2025 \u2014 voir sources en fin d&rsquo;article.<\/figcaption><\/figure>\n<h2>Les artistes intemporels : une France qui ne se d\u00e9mode pas<\/h2>\n<p>Au-del\u00e0 du duel Goldman \/ Omar Sy, une constellation d&rsquo;artistes peuple durablement le haut des classements. C\u00f4t\u00e9 musique, <strong>Florent Pagny<\/strong> figure r\u00e9guli\u00e8rement dans les premi\u00e8res places : sa voix admir\u00e9e et son combat m\u00e9diatis\u00e9 contre la maladie ont suscit\u00e9 une vague d&rsquo;\u00e9motion et de soutien. <strong>Francis Cabrel<\/strong>, <strong>Myl\u00e8ne Farmer<\/strong>, <strong>Michel Sardou<\/strong> ou encore <strong>Soprano<\/strong> incarnent eux aussi cette permanence de la chanson fran\u00e7aise dans le c\u0153ur du public.<\/p>\n<p>C\u00f4t\u00e9 cin\u00e9ma et t\u00e9l\u00e9vision, les visages familiers s&rsquo;installent sur la dur\u00e9e. <strong>Sophie Marceau<\/strong>, r\u00e9v\u00e9l\u00e9e par <em>La Boum<\/em> et pr\u00e9sente depuis plus de quarante ans, demeure l&rsquo;une des actrices les plus aim\u00e9es. <strong>Jean Reno<\/strong>, <strong>Mimie Mathy<\/strong> ou <strong>Dany Boon<\/strong> figurent de longue date dans le Top 50, port\u00e9s par des r\u00f4les devenus cultes \u2014 du <em>Grand Bleu<\/em> \u00e0 <em>Jos\u00e9phine, ange gardien<\/em>, en passant par <em>Bienvenue chez les Ch&#8217;tis<\/em>.<\/p>\n<aside style=\"background:#e7f5ec;border-left:4px solid #B11E6A;padding:14px 18px;margin:18px 0;border-radius:0 4px 4px 0;font-family:-apple-system,BlinkMacSystemFont,'Segoe UI',Roboto,sans-serif;\">\n  <strong style=\"display:inline-block;color:#B11E6A;font-size:12px;text-transform:uppercase;letter-spacing:1.5px;margin-right:8px;\">&#10022; \u00c0 noter<\/strong><br \/>\n  <span style=\"font-size:14.5px;line-height:1.55;color:#3a3a3a;\">L&rsquo;humour reste une valeur s\u00fbre : Gad Elmaleh, Dany Boon ou Mimie Mathy traversent les \u00e9ditions. Faire rire les Fran\u00e7ais semble \u00eatre l&rsquo;un des chemins les plus s\u00fbrs vers leur affection durable.<\/span><br \/>\n<\/aside>\n<p>Ces figures intemporelles partagent un point commun : elles ont accompagn\u00e9 plusieurs g\u00e9n\u00e9rations de Fran\u00e7ais, sans rupture ni controverse majeure. L\u00e0 o\u00f9 les sportifs montent et descendent au gr\u00e9 des comp\u00e9titions, ces artistes incarnent une forme de <strong>stabilit\u00e9 affective<\/strong> \u2014 un fond de tableau rassurant que les nouvelles t\u00eates viennent simplement compl\u00e9ter, ann\u00e9e apr\u00e8s ann\u00e9e.<\/p>\n<p>Il faut enfin rappeler une nuance importante : certaines personnalit\u00e9s politiques apparaissent dans ces barom\u00e8tres (notamment c\u00f4t\u00e9 Rassemblement national dans les \u00e9ditions r\u00e9centes), mais elles rel\u00e8vent d&rsquo;une logique diff\u00e9rente, plus clivante. Les classements de stars \u00ab aim\u00e9es \u00bb au sens large restent domin\u00e9s par les figures culturelles et sportives, plus consensuelles par nature.<\/p>\n<h2>Questions fr\u00e9quentes<\/h2>\n<section style=\"margin:32px 0;font-family:-apple-system,BlinkMacSystemFont,'Segoe UI',Roboto,sans-serif;\">\n<div style=\"border-top:1px solid #d4cfc4;\">\n<details style=\"border-bottom:1px solid #d4cfc4;padding:0;\">\n<summary style=\"cursor:pointer;padding:16px 0;font-size:17px;font-weight:700;color:#1a1a1a;list-style:none;display:flex;justify-content:space-between;align-items:center;gap:14px;\">\n        <span>Quelle est la personnalit\u00e9 pr\u00e9f\u00e9r\u00e9e des Fran\u00e7ais ?<\/span><br \/>\n        <span style=\"font-size:22px;font-weight:300;color:#B11E6A;line-height:1;\">+<\/span><br \/>\n      <\/summary>\n<div style=\"padding:0 0 16px 0;font-size:15px;line-height:1.7;color:#4a4a4a;\">Selon le barom\u00e8tre Ifop 2025, c&rsquo;est Jean-Jacques Goldman, en t\u00eate pour la neuvi\u00e8me ann\u00e9e cons\u00e9cutive et la quatorzi\u00e8me fois au total. Sa popularit\u00e9 tient \u00e0 son authenticit\u00e9, sa long\u00e9vit\u00e9 et sa discr\u00e9tion, alors m\u00eame qu&rsquo;il s&rsquo;est retir\u00e9 de la vie publique depuis une vingtaine d&rsquo;ann\u00e9es.<\/div>\n<\/details>\n<details style=\"border-bottom:1px solid #d4cfc4;padding:0;\">\n<summary style=\"cursor:pointer;padding:16px 0;font-size:17px;font-weight:700;color:#1a1a1a;list-style:none;display:flex;justify-content:space-between;align-items:center;gap:14px;\">\n        <span>Qui r\u00e9alise ces classements de popularit\u00e9 ?<\/span><br \/>\n        <span style=\"font-size:22px;font-weight:300;color:#B11E6A;line-height:1;\">+<\/span><br \/>\n      <\/summary>\n<div style=\"padding:0 0 16px 0;font-size:15px;line-height:1.7;color:#4a4a4a;\">Deux grands instituts dominent : l&rsquo;Ifop, avec son Top 50 publi\u00e9 chaque fin d\u00e9cembre (longtemps pour le Journal du Dimanche, d\u00e9sormais pour TF1-LCI), et Ipsos, qui \u00e9dite son propre palmar\u00e8s annuel. Chacun interroge un \u00e9chantillon repr\u00e9sentatif d&rsquo;environ mille personnes, ce qui explique des \u00e9carts de rang entre les deux classements.<\/div>\n<\/details>\n<details style=\"border-bottom:1px solid #d4cfc4;padding:0;\">\n<summary style=\"cursor:pointer;padding:16px 0;font-size:17px;font-weight:700;color:#1a1a1a;list-style:none;display:flex;justify-content:space-between;align-items:center;gap:14px;\">\n        <span>Pourquoi les rangs changent-ils d&rsquo;une \u00e9dition \u00e0 l&rsquo;autre ?<\/span><br \/>\n        <span style=\"font-size:22px;font-weight:300;color:#B11E6A;line-height:1;\">+<\/span><br \/>\n      <\/summary>\n<div style=\"padding:0 0 16px 0;font-size:15px;line-height:1.7;color:#4a4a4a;\">Parce que ces barom\u00e8tres refl\u00e8tent l&rsquo;actualit\u00e9 imm\u00e9diate. Une m\u00e9daille olympique, un film \u00e0 succ\u00e8s, un combat contre la maladie ou un anniversaire m\u00e9diatique peuvent faire bondir ou chuter une personnalit\u00e9 de plusieurs places. Zin\u00e9dine Zidane, par exemple, est pass\u00e9 de la 17e \u00e0 la 2e place selon le palmar\u00e8s Ipsos 2025. Les positions sont donc \u00e0 lire comme des tendances, pas comme des v\u00e9rit\u00e9s fig\u00e9es.<\/div>\n<\/details>\n<details style=\"border-bottom:1px solid #d4cfc4;padding:0;\">\n<summary style=\"cursor:pointer;padding:16px 0;font-size:17px;font-weight:700;color:#1a1a1a;list-style:none;display:flex;justify-content:space-between;align-items:center;gap:14px;\">\n        <span>Pourquoi Kylian Mbapp\u00e9 n&rsquo;est-il pas en t\u00eate ?<\/span><br \/>\n        <span style=\"font-size:22px;font-weight:300;color:#B11E6A;line-height:1;\">+<\/span><br \/>\n      <\/summary>\n<div style=\"padding:0 0 16px 0;font-size:15px;line-height:1.7;color:#4a4a4a;\">Notori\u00e9t\u00e9 et popularit\u00e9 ne se confondent pas. Mbapp\u00e9 est l&rsquo;un des sportifs les plus connus au monde, mais dans le barom\u00e8tre des adultes il se situe plus loin dans le Top 50, autour de la trentaine ou quarantaine de places selon les \u00e9ditions. Il reste en revanche une star de premier plan chez les plus jeunes, qui le placent bien plus haut.<\/div>\n<\/details>\n<details style=\"padding:0;\">\n<summary style=\"cursor:pointer;padding:16px 0;font-size:17px;font-weight:700;color:#1a1a1a;list-style:none;display:flex;justify-content:space-between;align-items:center;gap:14px;\">\n        <span>Les sportifs sont-ils en train de remplacer les artistes ?<\/span><br \/>\n        <span style=\"font-size:22px;font-weight:300;color:#B11E6A;line-height:1;\">+<\/span><br \/>\n      <\/summary>\n<div style=\"padding:0 0 16px 0;font-size:15px;line-height:1.7;color:#4a4a4a;\">Les Jeux de Paris 2024 ont ind\u00e9niablement boost\u00e9 les athl\u00e8tes : Teddy Riner, L\u00e9on Marchand et Antoine Dupont se sont install\u00e9s dans le Top 10. Mais les artistes intemporels \u2014 Goldman, Omar Sy, Pagny, Sophie Marceau \u2014 conservent les toutes premi\u00e8res places. On assiste donc \u00e0 une cohabitation : les sportifs compl\u00e8tent le tableau plut\u00f4t qu&rsquo;ils ne le remplacent.<\/div>\n<\/details><\/div>\n<\/section>\n<p>En d\u00e9finitive, les classements de personnalit\u00e9s pr\u00e9f\u00e9r\u00e9es dessinent un portrait fid\u00e8le de ce que les Fran\u00e7ais aiment : la fid\u00e9lit\u00e9 d&rsquo;un patrimoine culturel partag\u00e9, l&rsquo;\u00e9motion des exploits sportifs, et la chaleur de visages familiers traversant les g\u00e9n\u00e9rations. Les rangs bougent, les instituts divergent, mais le fond reste : derri\u00e8re chaque \u00e9dition, c&rsquo;est une certaine id\u00e9e de l&rsquo;attachement collectif qui se dessine.<\/p>\n<p style=\"font-size:13px;color:#6a6a6a;margin-top:32px;\">Sources : sondages de popularit\u00e9 (Ifop-JDD\u2026) et donn\u00e9es publiques. Article mis \u00e0 jour r\u00e9guli\u00e8rement.<\/p>\n","protected":false},"excerpt":{"rendered":"","protected":false},"author":34,"featured_media":999999999,"comment_status":"open","ping_status":"open","sticky":false,"template":"","format":"standard","meta":{"_acf_changed":false,"manual_indexmenow":false,"indexmenow_id_project":0,"footnotes":""},"categories":[4524],"tags":[],"class_list":["post-8011","post","type-post","status-publish","format-standard","has-post-thumbnail","hentry","category-celebrites-et-influence-en-france","generate-columns","tablet-grid-50","mobile-grid-100","grid-parent","grid-25"],"acf":[],"yoast_head":"<!-- This site is optimized with the Yoast SEO Premium plugin v21.3 (Yoast SEO v26.5) - https:\/\/yoast.com\/wordpress\/plugins\/seo\/ -->\n<title>Les personnalit\u00e9s pr\u00e9f\u00e9r\u00e9es des Fran\u00e7ais<\/title>\n<meta name=\"description\" content=\"Les barom\u00e8tres de popularit\u00e9 font partie du paysage m\u00e9diatique fran\u00e7ais depuis des d\u00e9cennies. Deux grands instituts les rythment : l&#039;Ifop, qui publie\" \/>\n<meta name=\"robots\" content=\"index, follow, max-snippet:-1, max-image-preview:large, max-video-preview:-1\" \/>\n<link rel=\"canonical\" href=\"https:\/\/starstory.fr\/blog\/celebrites-et-influence-en-france\/les-personnalites-preferees-des-francais-le-classement-des-stars-les-p\/\" \/>\n<meta property=\"og:locale\" content=\"fr_FR\" \/>\n<meta property=\"og:type\" content=\"article\" \/>\n<meta property=\"og:title\" content=\"Les personnalit\u00e9s pr\u00e9f\u00e9r\u00e9es des Fran\u00e7ais\" \/>\n<meta property=\"og:description\" content=\"Les barom\u00e8tres de popularit\u00e9 font partie du paysage m\u00e9diatique fran\u00e7ais depuis des d\u00e9cennies. Deux grands instituts les rythment : l&#039;Ifop, qui publie\" \/>\n<meta property=\"og:url\" content=\"https:\/\/starstory.fr\/blog\/celebrites-et-influence-en-france\/les-personnalites-preferees-des-francais-le-classement-des-stars-les-p\/\" \/>\n<meta property=\"og:site_name\" content=\"starstory\" \/>\n<meta name=\"author\" content=\"Rapha\u00ebl D.\" \/>\n<meta name=\"twitter:card\" content=\"summary_large_image\" \/>\n<script type=\"application\/ld+json\" class=\"yoast-schema-graph\">{\"@context\":\"https:\/\/schema.org\",\"@graph\":[{\"@type\":\"NewsArticle\",\"@id\":\"https:\/\/starstory.fr\/blog\/celebrites-et-influence-en-france\/les-personnalites-preferees-des-francais-le-classement-des-stars-les-p\/#article\",\"isPartOf\":{\"@id\":\"https:\/\/starstory.fr\/blog\/celebrites-et-influence-en-france\/les-personnalites-preferees-des-francais-le-classement-des-stars-les-p\/\"},\"author\":{\"name\":\"Rapha\u00ebl D.\",\"@id\":\"https:\/\/starstory.fr\/blog\/#\/schema\/person\/3c864cdc320801e3db34b663e7e3f816\"},\"headline\":\"Les personnalit\u00e9s pr\u00e9f\u00e9r\u00e9es des Fran\u00e7ais : le classement des stars les plus aim\u00e9es\",\"datePublished\":\"2026-06-06T10:27:32+00:00\",\"mainEntityOfPage\":{\"@id\":\"https:\/\/starstory.fr\/blog\/celebrites-et-influence-en-france\/les-personnalites-preferees-des-francais-le-classement-des-stars-les-p\/\"},\"wordCount\":2134,\"commentCount\":0,\"publisher\":{\"@id\":\"https:\/\/starstory.fr\/blog\/#organization\"},\"image\":{\"@id\":\"https:\/\/starstory.fr\/blog\/celebrites-et-influence-en-france\/les-personnalites-preferees-des-francais-le-classement-des-stars-les-p\/#primaryimage\"},\"thumbnailUrl\":\"https:\/\/images.pexels.com\/photos\/12781296\/pexels-photo-12781296.jpeg?auto=compress&cs=tinysrgb&fit=crop&h=627&w=1200\",\"articleSection\":[\"C\u00e9l\u00e9brit\u00e9s et Influence en France\"],\"inLanguage\":\"fr-FR\",\"potentialAction\":[{\"@type\":\"CommentAction\",\"name\":\"Comment\",\"target\":[\"https:\/\/starstory.fr\/blog\/celebrites-et-influence-en-france\/les-personnalites-preferees-des-francais-le-classement-des-stars-les-p\/#respond\"]}]},{\"@type\":\"WebPage\",\"@id\":\"https:\/\/starstory.fr\/blog\/celebrites-et-influence-en-france\/les-personnalites-preferees-des-francais-le-classement-des-stars-les-p\/\",\"url\":\"https:\/\/starstory.fr\/blog\/celebrites-et-influence-en-france\/les-personnalites-preferees-des-francais-le-classement-des-stars-les-p\/\",\"name\":\"Les personnalit\u00e9s pr\u00e9f\u00e9r\u00e9es des Fran\u00e7ais\",\"isPartOf\":{\"@id\":\"https:\/\/starstory.fr\/blog\/#website\"},\"primaryImageOfPage\":{\"@id\":\"https:\/\/starstory.fr\/blog\/celebrites-et-influence-en-france\/les-personnalites-preferees-des-francais-le-classement-des-stars-les-p\/#primaryimage\"},\"image\":{\"@id\":\"https:\/\/starstory.fr\/blog\/celebrites-et-influence-en-france\/les-personnalites-preferees-des-francais-le-classement-des-stars-les-p\/#primaryimage\"},\"thumbnailUrl\":\"https:\/\/images.pexels.com\/photos\/12781296\/pexels-photo-12781296.jpeg?auto=compress&cs=tinysrgb&fit=crop&h=627&w=1200\",\"datePublished\":\"2026-06-06T10:27:32+00:00\",\"description\":\"Les barom\u00e8tres de popularit\u00e9 font partie du paysage m\u00e9diatique fran\u00e7ais depuis des d\u00e9cennies. Deux grands instituts les rythment : l'Ifop, qui publie\",\"inLanguage\":\"fr-FR\",\"potentialAction\":[{\"@type\":\"ReadAction\",\"target\":[\"https:\/\/starstory.fr\/blog\/celebrites-et-influence-en-france\/les-personnalites-preferees-des-francais-le-classement-des-stars-les-p\/\"]}]},{\"@type\":\"ImageObject\",\"inLanguage\":\"fr-FR\",\"@id\":\"https:\/\/starstory.fr\/blog\/celebrites-et-influence-en-france\/les-personnalites-preferees-des-francais-le-classement-des-stars-les-p\/#primaryimage\",\"url\":\"https:\/\/images.pexels.com\/photos\/12781296\/pexels-photo-12781296.jpeg?auto=compress&cs=tinysrgb&fit=crop&h=627&w=1200\",\"contentUrl\":\"https:\/\/images.pexels.com\/photos\/12781296\/pexels-photo-12781296.jpeg?auto=compress&cs=tinysrgb&fit=crop&h=627&w=1200\"},{\"@type\":\"WebSite\",\"@id\":\"https:\/\/starstory.fr\/blog\/#website\",\"url\":\"https:\/\/starstory.fr\/blog\/\",\"name\":\"StarStory\",\"description\":\"StarStory, les \u00e9toiles racontent leur histoire\",\"publisher\":{\"@id\":\"https:\/\/starstory.fr\/blog\/#organization\"},\"alternateName\":\"StarStory, les \u00e9toiles racontent leur histoire\",\"potentialAction\":[{\"@type\":\"SearchAction\",\"target\":{\"@type\":\"EntryPoint\",\"urlTemplate\":\"https:\/\/starstory.fr\/blog\/?s={search_term_string}\"},\"query-input\":{\"@type\":\"PropertyValueSpecification\",\"valueRequired\":true,\"valueName\":\"search_term_string\"}}],\"inLanguage\":\"fr-FR\"},{\"@type\":\"Organization\",\"@id\":\"https:\/\/starstory.fr\/blog\/#organization\",\"name\":\"StarStory\",\"alternateName\":\"StarStory.fr\",\"url\":\"https:\/\/starstory.fr\/blog\/\",\"logo\":{\"@type\":\"ImageObject\",\"inLanguage\":\"fr-FR\",\"@id\":\"https:\/\/starstory.fr\/blog\/#\/schema\/logo\/image\/\",\"url\":\"https:\/\/starstory.fr\/blog\/wp-content\/uploads\/2024\/12\/38.png\",\"contentUrl\":\"https:\/\/starstory.fr\/blog\/wp-content\/uploads\/2024\/12\/38.png\",\"width\":500,\"height\":500,\"caption\":\"StarStory\"},\"image\":{\"@id\":\"https:\/\/starstory.fr\/blog\/#\/schema\/logo\/image\/\"}},{\"@type\":\"Person\",\"@id\":\"https:\/\/starstory.fr\/blog\/#\/schema\/person\/3c864cdc320801e3db34b663e7e3f816\",\"name\":\"Rapha\u00ebl D.\",\"image\":{\"@type\":\"ImageObject\",\"inLanguage\":\"fr-FR\",\"@id\":\"https:\/\/starstory.fr\/blog\/#\/schema\/person\/image\/\",\"url\":\"https:\/\/starstory.fr\/blog\/wp-content\/uploads\/2026\/06\/persona_raphael-d-96x96.jpg\",\"contentUrl\":\"https:\/\/starstory.fr\/blog\/wp-content\/uploads\/2026\/06\/persona_raphael-d-96x96.jpg\",\"caption\":\"Rapha\u00ebl D.\"},\"description\":\"La culture est mon terrain de jeu depuis une dizaine d'ann\u00e9es : arts visuels, s\u00e9ries, cr\u00e9ation et tout ce qui nourrit l'imaginaire. J'\u00e9cris aussi bien sur l'actualit\u00e9 des \u0153uvres que sur les coulisses de la cr\u00e9ation, avec l'envie de relier l'amateur curieux \u00e0 des univers parfois jug\u00e9s intimidants. J'aime analyser une s\u00e9rie ou une d\u00e9marche artistique sans p\u00e9dantisme, replacer une \u0153uvre dans son contexte et donner des cl\u00e9s de lecture accessibles. Avant de publier, je v\u00e9rifie mes r\u00e9f\u00e9rences, je recoupe les sources et je distingue clairement le fait de mon interpr\u00e9tation subjective. Je crois qu'une critique vaut surtout par les arguments qu'elle expose, pas par la sentence qu'elle rend. Mon angle : transmettre l'envie de d\u00e9couvrir, de regarder autrement et de se forger son propre go\u00fbt. La culture n'appartient pas qu'aux initi\u00e9s, et c'est tout l'enjeu de mon \u00e9criture.\",\"url\":\"https:\/\/starstory.fr\/blog\/auteur\/noname\/\",\"jobTitle\":\"R\u00e9dacteur en chef \u00b7 Culture & Cr\u00e9ation\",\"knowsAbout\":[\"Culture\",\"Cr\u00e9ation\"],\"email\":\"raphael.d@a-l-asso-de-l-art.fr\"}]}<\/script>\n<!-- \/ Yoast SEO Premium plugin. -->","yoast_head_json":{"title":"Les personnalit\u00e9s pr\u00e9f\u00e9r\u00e9es des Fran\u00e7ais","description":"Les barom\u00e8tres de popularit\u00e9 font partie du paysage m\u00e9diatique fran\u00e7ais depuis des d\u00e9cennies. Deux grands instituts les rythment : l'Ifop, qui publie","robots":{"index":"index","follow":"follow","max-snippet":"max-snippet:-1","max-image-preview":"max-image-preview:large","max-video-preview":"max-video-preview:-1"},"canonical":"https:\/\/starstory.fr\/blog\/celebrites-et-influence-en-france\/les-personnalites-preferees-des-francais-le-classement-des-stars-les-p\/","og_locale":"fr_FR","og_type":"article","og_title":"Les personnalit\u00e9s pr\u00e9f\u00e9r\u00e9es des Fran\u00e7ais","og_description":"Les barom\u00e8tres de popularit\u00e9 font partie du paysage m\u00e9diatique fran\u00e7ais depuis des d\u00e9cennies. Deux grands instituts les rythment : l'Ifop, qui publie","og_url":"https:\/\/starstory.fr\/blog\/celebrites-et-influence-en-france\/les-personnalites-preferees-des-francais-le-classement-des-stars-les-p\/","og_site_name":"starstory","author":"Rapha\u00ebl D.","twitter_card":"summary_large_image","schema":{"@context":"https:\/\/schema.org","@graph":[{"@type":"NewsArticle","@id":"https:\/\/starstory.fr\/blog\/celebrites-et-influence-en-france\/les-personnalites-preferees-des-francais-le-classement-des-stars-les-p\/#article","isPartOf":{"@id":"https:\/\/starstory.fr\/blog\/celebrites-et-influence-en-france\/les-personnalites-preferees-des-francais-le-classement-des-stars-les-p\/"},"author":{"name":"Rapha\u00ebl D.","@id":"https:\/\/starstory.fr\/blog\/#\/schema\/person\/3c864cdc320801e3db34b663e7e3f816"},"headline":"Les personnalit\u00e9s pr\u00e9f\u00e9r\u00e9es des Fran\u00e7ais : le classement des stars les plus aim\u00e9es","datePublished":"2026-06-06T10:27:32+00:00","mainEntityOfPage":{"@id":"https:\/\/starstory.fr\/blog\/celebrites-et-influence-en-france\/les-personnalites-preferees-des-francais-le-classement-des-stars-les-p\/"},"wordCount":2134,"commentCount":0,"publisher":{"@id":"https:\/\/starstory.fr\/blog\/#organization"},"image":{"@id":"https:\/\/starstory.fr\/blog\/celebrites-et-influence-en-france\/les-personnalites-preferees-des-francais-le-classement-des-stars-les-p\/#primaryimage"},"thumbnailUrl":"https:\/\/images.pexels.com\/photos\/12781296\/pexels-photo-12781296.jpeg?auto=compress&cs=tinysrgb&fit=crop&h=627&w=1200","articleSection":["C\u00e9l\u00e9brit\u00e9s et Influence en France"],"inLanguage":"fr-FR","potentialAction":[{"@type":"CommentAction","name":"Comment","target":["https:\/\/starstory.fr\/blog\/celebrites-et-influence-en-france\/les-personnalites-preferees-des-francais-le-classement-des-stars-les-p\/#respond"]}]},{"@type":"WebPage","@id":"https:\/\/starstory.fr\/blog\/celebrites-et-influence-en-france\/les-personnalites-preferees-des-francais-le-classement-des-stars-les-p\/","url":"https:\/\/starstory.fr\/blog\/celebrites-et-influence-en-france\/les-personnalites-preferees-des-francais-le-classement-des-stars-les-p\/","name":"Les personnalit\u00e9s pr\u00e9f\u00e9r\u00e9es des Fran\u00e7ais","isPartOf":{"@id":"https:\/\/starstory.fr\/blog\/#website"},"primaryImageOfPage":{"@id":"https:\/\/starstory.fr\/blog\/celebrites-et-influence-en-france\/les-personnalites-preferees-des-francais-le-classement-des-stars-les-p\/#primaryimage"},"image":{"@id":"https:\/\/starstory.fr\/blog\/celebrites-et-influence-en-france\/les-personnalites-preferees-des-francais-le-classement-des-stars-les-p\/#primaryimage"},"thumbnailUrl":"https:\/\/images.pexels.com\/photos\/12781296\/pexels-photo-12781296.jpeg?auto=compress&cs=tinysrgb&fit=crop&h=627&w=1200","datePublished":"2026-06-06T10:27:32+00:00","description":"Les barom\u00e8tres de popularit\u00e9 font partie du paysage m\u00e9diatique fran\u00e7ais depuis des d\u00e9cennies. Deux grands instituts les rythment : l'Ifop, qui publie","inLanguage":"fr-FR","potentialAction":[{"@type":"ReadAction","target":["https:\/\/starstory.fr\/blog\/celebrites-et-influence-en-france\/les-personnalites-preferees-des-francais-le-classement-des-stars-les-p\/"]}]},{"@type":"ImageObject","inLanguage":"fr-FR","@id":"https:\/\/starstory.fr\/blog\/celebrites-et-influence-en-france\/les-personnalites-preferees-des-francais-le-classement-des-stars-les-p\/#primaryimage","url":"https:\/\/images.pexels.com\/photos\/12781296\/pexels-photo-12781296.jpeg?auto=compress&cs=tinysrgb&fit=crop&h=627&w=1200","contentUrl":"https:\/\/images.pexels.com\/photos\/12781296\/pexels-photo-12781296.jpeg?auto=compress&cs=tinysrgb&fit=crop&h=627&w=1200"},{"@type":"WebSite","@id":"https:\/\/starstory.fr\/blog\/#website","url":"https:\/\/starstory.fr\/blog\/","name":"StarStory","description":"StarStory, les \u00e9toiles racontent leur histoire","publisher":{"@id":"https:\/\/starstory.fr\/blog\/#organization"},"alternateName":"StarStory, les \u00e9toiles racontent leur histoire","potentialAction":[{"@type":"SearchAction","target":{"@type":"EntryPoint","urlTemplate":"https:\/\/starstory.fr\/blog\/?s={search_term_string}"},"query-input":{"@type":"PropertyValueSpecification","valueRequired":true,"valueName":"search_term_string"}}],"inLanguage":"fr-FR"},{"@type":"Organization","@id":"https:\/\/starstory.fr\/blog\/#organization","name":"StarStory","alternateName":"StarStory.fr","url":"https:\/\/starstory.fr\/blog\/","logo":{"@type":"ImageObject","inLanguage":"fr-FR","@id":"https:\/\/starstory.fr\/blog\/#\/schema\/logo\/image\/","url":"https:\/\/starstory.fr\/blog\/wp-content\/uploads\/2024\/12\/38.png","contentUrl":"https:\/\/starstory.fr\/blog\/wp-content\/uploads\/2024\/12\/38.png","width":500,"height":500,"caption":"StarStory"},"image":{"@id":"https:\/\/starstory.fr\/blog\/#\/schema\/logo\/image\/"}},{"@type":"Person","@id":"https:\/\/starstory.fr\/blog\/#\/schema\/person\/3c864cdc320801e3db34b663e7e3f816","name":"Rapha\u00ebl D.","image":{"@type":"ImageObject","inLanguage":"fr-FR","@id":"https:\/\/starstory.fr\/blog\/#\/schema\/person\/image\/","url":"https:\/\/starstory.fr\/blog\/wp-content\/uploads\/2026\/06\/persona_raphael-d-96x96.jpg","contentUrl":"https:\/\/starstory.fr\/blog\/wp-content\/uploads\/2026\/06\/persona_raphael-d-96x96.jpg","caption":"Rapha\u00ebl D."},"description":"La culture est mon terrain de jeu depuis une dizaine d'ann\u00e9es : arts visuels, s\u00e9ries, cr\u00e9ation et tout ce qui nourrit l'imaginaire. J'\u00e9cris aussi bien sur l'actualit\u00e9 des \u0153uvres que sur les coulisses de la cr\u00e9ation, avec l'envie de relier l'amateur curieux \u00e0 des univers parfois jug\u00e9s intimidants. J'aime analyser une s\u00e9rie ou une d\u00e9marche artistique sans p\u00e9dantisme, replacer une \u0153uvre dans son contexte et donner des cl\u00e9s de lecture accessibles. Avant de publier, je v\u00e9rifie mes r\u00e9f\u00e9rences, je recoupe les sources et je distingue clairement le fait de mon interpr\u00e9tation subjective. Je crois qu'une critique vaut surtout par les arguments qu'elle expose, pas par la sentence qu'elle rend. Mon angle : transmettre l'envie de d\u00e9couvrir, de regarder autrement et de se forger son propre go\u00fbt. La culture n'appartient pas qu'aux initi\u00e9s, et c'est tout l'enjeu de mon \u00e9criture.","url":"https:\/\/starstory.fr\/blog\/auteur\/noname\/","jobTitle":"R\u00e9dacteur en chef \u00b7 Culture & Cr\u00e9ation","knowsAbout":["Culture","Cr\u00e9ation"],"email":"raphael.d@a-l-asso-de-l-art.fr"}]}},"_links":{"self":[{"href":"https:\/\/starstory.fr\/blog\/wp-json\/wp\/v2\/posts\/8011","targetHints":{"allow":["GET"]}}],"collection":[{"href":"https:\/\/starstory.fr\/blog\/wp-json\/wp\/v2\/posts"}],"about":[{"href":"https:\/\/starstory.fr\/blog\/wp-json\/wp\/v2\/types\/post"}],"author":[{"embeddable":true,"href":"https:\/\/starstory.fr\/blog\/wp-json\/wp\/v2\/users\/34"}],"replies":[{"embeddable":true,"href":"https:\/\/starstory.fr\/blog\/wp-json\/wp\/v2\/comments?post=8011"}],"version-history":[{"count":0,"href":"https:\/\/starstory.fr\/blog\/wp-json\/wp\/v2\/posts\/8011\/revisions"}],"wp:attachment":[{"href":"https:\/\/starstory.fr\/blog\/wp-json\/wp\/v2\/media?parent=8011"}],"wp:term":[{"taxonomy":"category","embeddable":true,"href":"https:\/\/starstory.fr\/blog\/wp-json\/wp\/v2\/categories?post=8011"},{"taxonomy":"post_tag","embeddable":true,"href":"https:\/\/starstory.fr\/blog\/wp-json\/wp\/v2\/tags?post=8011"}],"curies":[{"name":"wp","href":"https:\/\/api.w.org\/{rel}","templated":true}]}}