{"id":8007,"date":"2026-06-06T12:26:03","date_gmt":"2026-06-06T10:26:03","guid":{"rendered":"https:\/\/starstory.fr\/blog\/celebrites-et-influence-en-france\/orelsan-taille-age-vrai-nom-couple-et-fortune-la-fiche-complete\/"},"modified":"2026-06-06T12:26:03","modified_gmt":"2026-06-06T10:26:03","slug":"orelsan-taille-age-vrai-nom-couple-et-fortune-la-fiche-complete","status":"publish","type":"post","link":"https:\/\/starstory.fr\/blog\/celebrites-et-influence-en-france\/orelsan-taille-age-vrai-nom-couple-et-fortune-la-fiche-complete\/","title":{"rendered":"Orelsan : taille, \u00e2ge, vrai nom, couple et fortune \u2014 la fiche compl\u00e8te"},"content":{"rendered":"<aside style=\"background:#FBEAF2;border-left:5px solid #B11E6A;padding:22px 28px;margin:24px 0;font-family:-apple-system,BlinkMacSystemFont,'Segoe UI',Roboto,sans-serif;\">\n<div style=\"margin:0;font-size:19px;line-height:1.55;color:#2a2a2a;font-weight:500;letter-spacing:-0.005em;\">\n    De son vrai nom <strong>Aur\u00e9lien Cotentin<\/strong>, Orelsan est n\u00e9 le 1\u1d49\u02b3 ao\u00fbt 1982 \u00e0 Alen\u00e7on et a grandi \u00e0 Caen, en Normandie. Rappeur, auteur-compositeur, r\u00e9alisateur et chef d&rsquo;entreprise, il mesure environ 1,85 m, est mari\u00e9 \u00e0 Ah\u00e9lya Randriambolaina et p\u00e8re d&rsquo;un enfant depuis 2023. Sa fortune est estim\u00e9e \u00e0 plusieurs millions d&rsquo;euros. Voici sa fiche compl\u00e8te, v\u00e9rifi\u00e9e.\n  <\/div>\n<\/aside>\n<figure style=\"margin:32px 0;font-family:-apple-system,BlinkMacSystemFont,'Segoe UI',Roboto,sans-serif;\">\n<div style=\"overflow-x:auto;border:1px solid #e5e5e0;border-radius:8px;\">\n<table style=\"width:100%;border-collapse:collapse;font-size:14px;color:#2a2a2a;min-width:500px;\">\n<thead>\n<tr style=\"background:#1a1a1a;color:#fff;\">\n<th style=\"text-align:left;padding:14px 18px;font-weight:700;font-size:12px;text-transform:uppercase;letter-spacing:1.5px;\">Carte d&rsquo;identit\u00e9<\/th>\n<th style=\"text-align:left;padding:14px 18px;font-weight:700;font-size:12px;text-transform:uppercase;letter-spacing:1.5px;\">D\u00e9tail<\/th>\n<\/tr>\n<\/thead>\n<tbody>\n<tr style=\"background:#fff;border-bottom:1px solid #f0ede5;\">\n<td style=\"padding:14px 18px;font-weight:600;\">Nom complet<\/td>\n<td style=\"padding:14px 18px;color:#4a4a4a;\">Aur\u00e9lien Cotentin<\/td>\n<\/tr>\n<tr style=\"background:#fafaf7;border-bottom:1px solid #f0ede5;\">\n<td style=\"padding:14px 18px;font-weight:600;\">Nom de sc\u00e8ne<\/td>\n<td style=\"padding:14px 18px;color:#4a4a4a;\">Orelsan<\/td>\n<\/tr>\n<tr style=\"background:#fff;border-bottom:1px solid #f0ede5;\">\n<td style=\"padding:14px 18px;font-weight:600;\">Naissance<\/td>\n<td style=\"padding:14px 18px;color:#4a4a4a;\">1\u1d49\u02b3 ao\u00fbt 1982, Alen\u00e7on (Orne)<\/td>\n<\/tr>\n<tr style=\"background:#fafaf7;border-bottom:1px solid #f0ede5;\">\n<td style=\"padding:14px 18px;font-weight:600;\">\u00c2ge<\/td>\n<td style=\"padding:14px 18px;color:#4a4a4a;\">43 ans (en 2026)<\/td>\n<\/tr>\n<tr style=\"background:#fff;border-bottom:1px solid #f0ede5;\">\n<td style=\"padding:14px 18px;font-weight:600;\">Taille<\/td>\n<td style=\"padding:14px 18px;color:#4a4a4a;\">Environ 1,85 m<\/td>\n<\/tr>\n<tr style=\"background:#fafaf7;border-bottom:1px solid #f0ede5;\">\n<td style=\"padding:14px 18px;font-weight:600;\">Nationalit\u00e9<\/td>\n<td style=\"padding:14px 18px;color:#4a4a4a;\">Fran\u00e7aise<\/td>\n<\/tr>\n<tr style=\"background:#fff;\">\n<td style=\"padding:14px 18px;font-weight:600;\">Profession<\/td>\n<td style=\"padding:14px 18px;color:#4a4a4a;\">Rappeur, auteur-compositeur, r\u00e9alisateur, producteur<\/td>\n<\/tr>\n<\/tbody>\n<\/table><\/div><figcaption style=\"font-size:11px;color:#7a7a7a;margin-top:8px;text-align:right;letter-spacing:0.3px;\">Donn\u00e9es publiques \u2014 voir sources en fin d&rsquo;article.<\/figcaption><\/figure>\n<h2 style=\"font-size:27px;font-weight:800;color:#1a1a1a;letter-spacing:-0.01em;margin:48px 0 4px;\">Biographie : de Caen \u00e0 la sc\u00e8ne nationale<\/h2>\n<p>Aur\u00e9lien Cotentin na\u00eet le 1\u1d49\u02b3 ao\u00fbt 1982 \u00e0 Alen\u00e7on, dans le d\u00e9partement de l&rsquo;Orne, et grandit \u00e0 Caen, en Normandie \u2014 une ville \u00e0 laquelle il reste profond\u00e9ment attach\u00e9 et qui irrigue une grande partie de son \u00e9criture. Il est le fils d&rsquo;un p\u00e8re directeur de coll\u00e8ge et d&rsquo;une m\u00e8re institutrice. Avant de d\u00e9couvrir le rap, l&rsquo;adolescent \u00e9coute du rock et du m\u00e9tal, une culture musicale qui transpara\u00eetra plus tard dans ses productions.<\/p>\n<p>Son pseudonyme, \u00ab Orelsan \u00bb, est une contraction directe de son pr\u00e9nom et de son nom : Aur-\u00e9l-san. C&rsquo;est sur YouTube, en ao\u00fbt 2006, qu&rsquo;il publie son premier clip, \u00ab Ramen \u00bb, tourn\u00e9 de fa\u00e7on artisanale. Ce ton d\u00e9cal\u00e9, autod\u00e9rision et observation crue du quotidien, devient sa marque de fabrique et lui ouvre la voie d&rsquo;une carri\u00e8re qui d\u00e9passera vite le cercle des amateurs de rap.<\/p>\n<aside style=\"background:#FBEAF2;border-left:4px solid #B11E6A;padding:14px 18px;margin:18px 0;border-radius:0 4px 4px 0;font-family:-apple-system,BlinkMacSystemFont,'Segoe UI',Roboto,sans-serif;\">\n  <strong style=\"display:inline-block;color:#8a1450;font-size:12px;text-transform:uppercase;letter-spacing:1.5px;margin-right:8px;\">&#10022; Bon \u00e0 savoir<\/strong><br \/>\n  <span style=\"font-size:14.5px;line-height:1.55;color:#3a3a3a;\">Orelsan travaille depuis ses d\u00e9buts avec le producteur Skread, complice de longue date qui a sign\u00e9 la quasi-totalit\u00e9 de ses instrumentaux.<\/span><br \/>\n<\/aside>\n<h2 style=\"font-size:27px;font-weight:800;color:#1a1a1a;letter-spacing:-0.01em;margin:48px 0 4px;\">Carri\u00e8re et albums : quatre disques qui ont marqu\u00e9 le rap fran\u00e7ais<\/h2>\n<p>La discographie d&rsquo;Orelsan se construit autour de quatre albums studio solo, chacun marquant une \u00e9tape de maturit\u00e9. Son premier album, <em>Perdu d&rsquo;avance<\/em>, sort le 16 f\u00e9vrier 2009 et le r\u00e9v\u00e8le au grand public. Suivent <em>Le Chant des sir\u00e8nes<\/em> en 2011, qui assoit sa r\u00e9putation d&rsquo;auteur, puis <em>La F\u00eate est finie<\/em> en 2017, salu\u00e9 par la critique et le public. Son quatri\u00e8me opus, <em>Civilisation<\/em>, para\u00eet le 19 novembre 2021 et confirme son statut d&rsquo;artiste majeur.<\/p>\n<figure style=\"margin:32px 0;font-family:-apple-system,BlinkMacSystemFont,'Segoe UI',Roboto,sans-serif;\">\n<div style=\"overflow-x:auto;border:1px solid #e5e5e0;border-radius:8px;\">\n<table style=\"width:100%;border-collapse:collapse;font-size:14px;color:#2a2a2a;min-width:500px;\">\n<thead>\n<tr style=\"background:#1a1a1a;color:#fff;\">\n<th style=\"text-align:left;padding:14px 18px;font-weight:700;font-size:12px;text-transform:uppercase;letter-spacing:1.5px;\">Album<\/th>\n<th style=\"text-align:center;padding:14px 18px;font-weight:700;font-size:12px;text-transform:uppercase;letter-spacing:1.5px;\">Ann\u00e9e<\/th>\n<th style=\"text-align:left;padding:14px 18px;font-weight:700;font-size:12px;text-transform:uppercase;letter-spacing:1.5px;\">Rep\u00e8re<\/th>\n<\/tr>\n<\/thead>\n<tbody>\n<tr style=\"background:#fff;border-bottom:1px solid #f0ede5;\">\n<td style=\"padding:14px 18px;font-weight:600;\">Perdu d&rsquo;avance<\/td>\n<td style=\"padding:14px 18px;text-align:center;color:#6a6a6a;\">2009<\/td>\n<td style=\"padding:14px 18px;color:#4a4a4a;\">Premier album, r\u00e9v\u00e9lation<\/td>\n<\/tr>\n<tr style=\"background:#fafaf7;border-bottom:1px solid #f0ede5;\">\n<td style=\"padding:14px 18px;font-weight:600;\">Le Chant des sir\u00e8nes<\/td>\n<td style=\"padding:14px 18px;text-align:center;color:#6a6a6a;\">2011<\/td>\n<td style=\"padding:14px 18px;color:#4a4a4a;\">Cons\u00e9cration critique<\/td>\n<\/tr>\n<tr style=\"background:#fff;border-bottom:1px solid #f0ede5;\">\n<td style=\"padding:14px 18px;font-weight:600;\">La F\u00eate est finie<\/td>\n<td style=\"padding:14px 18px;text-align:center;color:#6a6a6a;\">2017<\/td>\n<td style=\"padding:14px 18px;color:#4a4a4a;\">Succ\u00e8s public et critique<\/td>\n<\/tr>\n<tr style=\"background:#fafaf7;\">\n<td style=\"padding:14px 18px;font-weight:600;\">Civilisation<\/td>\n<td style=\"padding:14px 18px;text-align:center;color:#6a6a6a;\">2021<\/td>\n<td style=\"padding:14px 18px;color:#4a4a4a;\">Album le plus vendu en France 2021 et 2022<\/td>\n<\/tr>\n<\/tbody>\n<\/table><\/div>\n<\/figure>\n<p>En parall\u00e8le de sa carri\u00e8re solo, Orelsan forme avec son ami Gringe le duo <strong>Casseurs Flowters<\/strong>. Ensemble, ils publient l&rsquo;album <em>Orelsan &amp; Gringe sont les Casseurs Flowters<\/em>, d\u00e9clinent l&rsquo;univers en une web-s\u00e9rie, <em>Bloqu\u00e9s<\/em>, diffus\u00e9e sur Canal+, puis portent le projet au cin\u00e9ma avec le long-m\u00e9trage <em>Comment c&rsquo;est loin<\/em>. Cette complicit\u00e9 artistique traverse toute sa trajectoire.<\/p>\n<p>Il s&rsquo;illustre aussi derri\u00e8re la cam\u00e9ra : la s\u00e9rie documentaire <strong>Montre jamais \u00e7a \u00e0 personne<\/strong>, r\u00e9alis\u00e9e par son fr\u00e8re Cl\u00e9ment Cotentin (avec Christophe Offenstein) et diffus\u00e9e entre 2021 et 2022, plonge dans ses archives personnelles et retrace son ascension. Le second volet suit notamment la cr\u00e9ation de <em>Civilisation<\/em> pendant le confinement.<\/p>\n<figure style=\"margin:38px auto;padding:28px 24px;text-align:center;border-top:1px solid #2a2a2a;border-bottom:1px solid #2a2a2a;max-width:640px;position:relative;font-family:Georgia,'Hoefler Text',serif;\">\n<div style=\"position:absolute;top:-20px;left:50%;transform:translateX(-50%);background:#ffffff;padding:0 14px;font-size:48px;line-height:1;color:#B11E6A;font-family:Georgia,serif;\">&laquo;<\/div>\n<blockquote style=\"margin:0;padding:0;font-size:24px;line-height:1.45;font-style:italic;color:#1a1a1a;letter-spacing:-0.005em;\"><p>\n    De Caen \u00e0 la premi\u00e8re place des charts, Orelsan a impos\u00e9 une \u00e9criture o\u00f9 l&rsquo;autod\u00e9rision se m\u00eale \u00e0 la chronique sociale.<br \/>\n  <\/blockquote><figcaption style=\"margin-top:14px;font-size:12px;text-transform:uppercase;letter-spacing:2px;color:#6a6a6a;font-family:-apple-system,sans-serif;font-style:normal;\">\u2014 Portrait \u00e9ditorial<\/figcaption><\/figure>\n<h2 style=\"font-size:27px;font-weight:800;color:#1a1a1a;letter-spacing:-0.01em;margin:48px 0 4px;\">Taille et physique<\/h2>\n<p>Question r\u00e9currente chez ses fans : combien mesure Orelsan ? Selon les sources publiques, il mesure <strong>environ 1,85 m<\/strong>. Certaines fiches avancent des valeurs l\u00e9g\u00e8rement diff\u00e9rentes (autour de 1,77 m), ce qui invite \u00e0 consid\u00e9rer ce chiffre comme une estimation et non une donn\u00e9e officiellement communiqu\u00e9e par l&rsquo;artiste. Sa silhouette longiligne et son style vestimentaire sobre \u2014 sweats, casquettes, v\u00eatements amples \u2014 participent \u00e0 son image accessible, \u00e0 mille lieues du bling-bling.<\/p>\n<aside style=\"background:#FBEAF2;border-left:4px solid #B11E6A;padding:14px 18px;margin:18px 0;border-radius:0 4px 4px 0;font-family:-apple-system,BlinkMacSystemFont,'Segoe UI',Roboto,sans-serif;\">\n  <strong style=\"display:inline-block;color:#8a1450;font-size:12px;text-transform:uppercase;letter-spacing:1.5px;margin-right:8px;\">&#9888;&#65039; \u00c0 nuancer<\/strong><br \/>\n  <span style=\"font-size:14.5px;line-height:1.55;color:#3a3a3a;\">Les mensurations des artistes sont rarement officielles. La taille d&rsquo;Orelsan (\u2248 1,85 m) doit donc \u00eatre lue comme une estimation issue de sources publiques.<\/span><br \/>\n<\/aside>\n<h2 style=\"font-size:27px;font-weight:800;color:#1a1a1a;letter-spacing:-0.01em;margin:48px 0 4px;\">Vie priv\u00e9e : sa femme Ah\u00e9lya et leur enfant<\/h2>\n<p>Discret sur sa vie sentimentale, Orelsan partage la vie d&rsquo;<strong>Ah\u00e9lya Randriambolaina<\/strong>, avec qui il est en couple de longue date avant de l&rsquo;\u00e9pouser. Le couple a accueilli son <strong>premier enfant en 2023<\/strong>, apr\u00e8s des ann\u00e9es d&rsquo;attente que l&rsquo;artiste a \u00e9voqu\u00e9es avec pudeur. Fid\u00e8le \u00e0 sa r\u00e9putation, il prot\u00e8ge son intimit\u00e9 familiale et n&rsquo;en livre que des fragments, g\u00e9n\u00e9ralement \u00e0 travers sa musique plut\u00f4t que dans les m\u00e9dias.<\/p>\n<p>Cette discr\u00e9tion contraste avec l&rsquo;exposition de sa carri\u00e8re. L\u00e0 o\u00f9 beaucoup d&rsquo;artistes commentent leur quotidien, Orelsan choisit de garder une fronti\u00e8re nette entre sa vie d&rsquo;auteur public et sa sph\u00e8re priv\u00e9e.<\/p>\n<h2 style=\"font-size:27px;font-weight:800;color:#1a1a1a;letter-spacing:-0.01em;margin:48px 0 4px;\">Fortune estim\u00e9e<\/h2>\n<p>Difficile d&rsquo;\u00e9tablir un patrimoine pr\u00e9cis pour un artiste, car aucune donn\u00e9e officielle n&rsquo;est publi\u00e9e. Plusieurs estimations de presse situent toutefois la <strong>fortune d&rsquo;Orelsan \u00e0 plusieurs millions d&rsquo;euros<\/strong>, certaines avan\u00e7ant un ordre de grandeur autour de 20 millions d&rsquo;euros. Cette estimation refl\u00e8te le cumul de ses ventes d&rsquo;albums (records avec <em>Civilisation<\/em>), de ses tourn\u00e9es, de ses droits d&rsquo;auteur, de ses projets audiovisuels et de ses activit\u00e9s d&rsquo;entrepreneur.<\/p>\n<figure style=\"margin:32px 0;padding:0;font-family:-apple-system,BlinkMacSystemFont,'Segoe UI',Roboto,sans-serif;\">\n<div style=\"display:grid;grid-template-columns:repeat(auto-fit,minmax(140px,1fr));background:#1a1a1a;border-radius:6px;overflow:hidden;\">\n<div style=\"padding:22px 16px;text-align:center;border-right:1px solid #2f2f2f;\">\n<div style=\"font-size:36px;font-weight:900;color:#fff;letter-spacing:-0.04em;font-feature-settings:'tnum';line-height:1;\">4<\/div>\n<div style=\"font-size:11px;text-transform:uppercase;letter-spacing:1.5px;color:#9a9a9a;margin-top:8px;\">albums studio solo<\/div>\n<\/p><\/div>\n<div style=\"padding:22px 16px;text-align:center;border-right:1px solid #2f2f2f;\">\n<div style=\"font-size:36px;font-weight:900;color:#fff;letter-spacing:-0.04em;font-feature-settings:'tnum';line-height:1;\">2021&#8202;-&#8202;22<\/div>\n<div style=\"font-size:11px;text-transform:uppercase;letter-spacing:1.5px;color:#9a9a9a;margin-top:8px;\">album n\u00b01 des ventes (Civilisation)<\/div>\n<\/p><\/div>\n<div style=\"padding:22px 16px;text-align:center;\">\n<div style=\"font-size:36px;font-weight:900;color:#B11E6A;letter-spacing:-0.04em;font-feature-settings:'tnum';line-height:1;\">~20 M&euro;<\/div>\n<div style=\"font-size:11px;text-transform:uppercase;letter-spacing:1.5px;color:#9a9a9a;margin-top:8px;\">fortune estim\u00e9e<\/div>\n<\/p><\/div>\n<\/p><\/div><figcaption style=\"font-size:11px;color:#7a7a7a;margin-top:8px;text-align:right;letter-spacing:0.3px;\">Estimations indicatives \u2014 voir sources en fin d&rsquo;article.<\/figcaption><\/figure>\n<h2 style=\"font-size:27px;font-weight:800;color:#1a1a1a;letter-spacing:-0.01em;margin:48px 0 4px;\">R\u00e9compenses et anecdotes<\/h2>\n<p>Orelsan est aujourd&rsquo;hui l&rsquo;un des artistes les plus r\u00e9compens\u00e9s aux <strong>Victoires de la musique<\/strong>. En f\u00e9vrier 2022, il y rafle trois troph\u00e9es en une soir\u00e9e : Artiste masculin de l&rsquo;ann\u00e9e, Chanson originale de l&rsquo;ann\u00e9e pour \u00ab L&rsquo;odeur de l&rsquo;essence \u00bb et Cr\u00e9ation audiovisuelle de l&rsquo;ann\u00e9e pour le documentaire <em>Montre jamais \u00e7a \u00e0 personne<\/em>. Au fil des ann\u00e9es, il a accumul\u00e9 un nombre record de Victoires, faisant de lui une figure incontournable de la c\u00e9r\u00e9monie.<\/p>\n<aside style=\"background:#fafaf7;border:1px solid #e5e5e0;border-radius:8px;padding:24px 26px 26px;margin:28px 0;font-family:-apple-system,BlinkMacSystemFont,'Segoe UI',Roboto,sans-serif;\">\n<div style=\"margin:0 0 18px 0;font-size:11px;font-weight:700;text-transform:uppercase;letter-spacing:2.2px;color:#B11E6A;\">\u00c0 retenir sur Orelsan<\/div>\n<div style=\"display:grid;grid-template-columns:repeat(auto-fit,minmax(240px,1fr));gap:10px;\">\n<div style=\"display:flex;gap:12px;background:#fff;border:1px solid #ebebe5;padding:12px 14px;border-radius:6px;align-items:flex-start;\">\n      <span style=\"flex:0 0 26px;width:26px;height:26px;background:#B11E6A;color:#fff;border-radius:50%;display:inline-flex;align-items:center;justify-content:center;font-size:12px;font-weight:700;\">1<\/span><br \/>\n      <span style=\"font-size:14px;line-height:1.5;color:#2a2a2a;\">\u00ab Orelsan \u00bb est la contraction de son pr\u00e9nom et de son nom, Aur-\u00e9l-san.<\/span>\n    <\/div>\n<div style=\"display:flex;gap:12px;background:#fff;border:1px solid #ebebe5;padding:12px 14px;border-radius:6px;align-items:flex-start;\">\n      <span style=\"flex:0 0 26px;width:26px;height:26px;background:#B11E6A;color:#fff;border-radius:50%;display:inline-flex;align-items:center;justify-content:center;font-size:12px;font-weight:700;\">2<\/span><br \/>\n      <span style=\"font-size:14px;line-height:1.5;color:#2a2a2a;\">Son tout premier clip, \u00ab Ramen \u00bb, a \u00e9t\u00e9 mis en ligne sur YouTube d\u00e8s ao\u00fbt 2006.<\/span>\n    <\/div>\n<div style=\"display:flex;gap:12px;background:#fff;border:1px solid #ebebe5;padding:12px 14px;border-radius:6px;align-items:flex-start;\">\n      <span style=\"flex:0 0 26px;width:26px;height:26px;background:#B11E6A;color:#fff;border-radius:50%;display:inline-flex;align-items:center;justify-content:center;font-size:12px;font-weight:700;\">3<\/span><br \/>\n      <span style=\"font-size:14px;line-height:1.5;color:#2a2a2a;\">Avant le rap, il \u00e9coutait surtout du rock et du m\u00e9tal.<\/span>\n    <\/div>\n<div style=\"display:flex;gap:12px;background:#fff;border:1px solid #ebebe5;padding:12px 14px;border-radius:6px;align-items:flex-start;\">\n      <span style=\"flex:0 0 26px;width:26px;height:26px;background:#B11E6A;color:#fff;border-radius:50%;display:inline-flex;align-items:center;justify-content:center;font-size:12px;font-weight:700;\">4<\/span><br \/>\n      <span style=\"font-size:14px;line-height:1.5;color:#2a2a2a;\">Son documentaire a \u00e9t\u00e9 r\u00e9alis\u00e9 par son propre fr\u00e8re, Cl\u00e9ment Cotentin.<\/span>\n    <\/div>\n<\/p><\/div>\n<\/aside>\n<section style=\"margin:48px 0 32px;font-family:-apple-system,BlinkMacSystemFont,'Segoe UI',Roboto,sans-serif;\">\n<h2 style=\"margin:0 0 18px 0;font-size:24px;font-weight:800;color:#1a1a1a;letter-spacing:-0.01em;\">Questions fr\u00e9quentes sur Orelsan<\/h2>\n<div style=\"border-top:1px solid #d4cfc4;\">\n<details style=\"border-bottom:1px solid #d4cfc4;padding:0;\">\n<summary style=\"cursor:pointer;padding:16px 0;font-size:17px;font-weight:700;color:#1a1a1a;list-style:none;display:flex;justify-content:space-between;align-items:center;gap:14px;\">\n        <span>Combien mesure Orelsan ?<\/span><br \/>\n        <span style=\"font-size:22px;font-weight:300;color:#B11E6A;line-height:1;\">+<\/span><br \/>\n      <\/summary>\n<div style=\"padding:0 0 16px 0;font-size:15px;line-height:1.7;color:#4a4a4a;\">Selon les sources publiques, Orelsan mesure environ 1,85 m. Comme cette donn\u00e9e n&rsquo;est pas officiellement communiqu\u00e9e, elle reste une estimation.<\/div>\n<\/details>\n<details style=\"border-bottom:1px solid #d4cfc4;padding:0;\">\n<summary style=\"cursor:pointer;padding:16px 0;font-size:17px;font-weight:700;color:#1a1a1a;list-style:none;display:flex;justify-content:space-between;align-items:center;gap:14px;\">\n        <span>Quel \u00e2ge a Orelsan ?<\/span><br \/>\n        <span style=\"font-size:22px;font-weight:300;color:#B11E6A;line-height:1;\">+<\/span><br \/>\n      <\/summary>\n<div style=\"padding:0 0 16px 0;font-size:15px;line-height:1.7;color:#4a4a4a;\">N\u00e9 le 1\u1d49\u02b3 ao\u00fbt 1982 \u00e0 Alen\u00e7on, Orelsan a 43 ans en 2026 (il en aura 44 le 1\u1d49\u02b3 ao\u00fbt 2026).<\/div>\n<\/details>\n<details style=\"border-bottom:1px solid #d4cfc4;padding:0;\">\n<summary style=\"cursor:pointer;padding:16px 0;font-size:17px;font-weight:700;color:#1a1a1a;list-style:none;display:flex;justify-content:space-between;align-items:center;gap:14px;\">\n        <span>Quel est le vrai nom d&rsquo;Orelsan ?<\/span><br \/>\n        <span style=\"font-size:22px;font-weight:300;color:#B11E6A;line-height:1;\">+<\/span><br \/>\n      <\/summary>\n<div style=\"padding:0 0 16px 0;font-size:15px;line-height:1.7;color:#4a4a4a;\">Le vrai nom d&rsquo;Orelsan est Aur\u00e9lien Cotentin. Son pseudonyme en est une contraction : Aur-\u00e9l-san.<\/div>\n<\/details>\n<details style=\"border-bottom:1px solid #d4cfc4;padding:0;\">\n<summary style=\"cursor:pointer;padding:16px 0;font-size:17px;font-weight:700;color:#1a1a1a;list-style:none;display:flex;justify-content:space-between;align-items:center;gap:14px;\">\n        <span>Qui est la femme d&rsquo;Orelsan ?<\/span><br \/>\n        <span style=\"font-size:22px;font-weight:300;color:#B11E6A;line-height:1;\">+<\/span><br \/>\n      <\/summary>\n<div style=\"padding:0 0 16px 0;font-size:15px;line-height:1.7;color:#4a4a4a;\">Orelsan est mari\u00e9 \u00e0 Ah\u00e9lya Randriambolaina, avec qui il est en couple de longue date. Le couple a accueilli son premier enfant en 2023.<\/div>\n<\/details>\n<details style=\"padding:0;\">\n<summary style=\"cursor:pointer;padding:16px 0;font-size:17px;font-weight:700;color:#1a1a1a;list-style:none;display:flex;justify-content:space-between;align-items:center;gap:14px;\">\n        <span>Quelle est la fortune d&rsquo;Orelsan ?<\/span><br \/>\n        <span style=\"font-size:22px;font-weight:300;color:#B11E6A;line-height:1;\">+<\/span><br \/>\n      <\/summary>\n<div style=\"padding:0 0 16px 0;font-size:15px;line-height:1.7;color:#4a4a4a;\">Aucune donn\u00e9e officielle n&rsquo;existe. Plusieurs estimations de presse situent sa fortune \u00e0 plusieurs millions d&rsquo;euros, certaines \u00e9voquant un ordre de grandeur autour de 20 millions d&rsquo;euros.<\/div>\n<\/details><\/div>\n<\/section>\n<p style=\"font-size:13px;color:#6a6a6a;margin-top:32px;\">Sources : Wikip\u00e9dia et donn\u00e9es publiques. Article mis \u00e0 jour r\u00e9guli\u00e8rement.<\/p>\n","protected":false},"excerpt":{"rendered":"","protected":false},"author":41,"featured_media":999999999,"comment_status":"open","ping_status":"open","sticky":false,"template":"","format":"standard","meta":{"_acf_changed":false,"manual_indexmenow":false,"indexmenow_id_project":0,"footnotes":""},"categories":[4524],"tags":[],"class_list":["post-8007","post","type-post","status-publish","format-standard","has-post-thumbnail","hentry","category-celebrites-et-influence-en-france","generate-columns","tablet-grid-50","mobile-grid-100","grid-parent","grid-25"],"acf":[],"yoast_head":"<!-- This site is optimized with the Yoast SEO Premium plugin v21.3 (Yoast SEO v26.5) - https:\/\/yoast.com\/wordpress\/plugins\/seo\/ -->\n<title>Orelsan : taille, \u00e2ge, vrai nom, couple et fortune<\/title>\n<meta name=\"description\" content=\"Aur\u00e9lien Cotentin na\u00eet le 1\u1d49\u02b3 ao\u00fbt 1982 \u00e0 Alen\u00e7on, dans le d\u00e9partement de l&#039;Orne, et grandit \u00e0 Caen, en Normandie \u2014 une ville \u00e0 laquelle il reste\" \/>\n<meta name=\"robots\" content=\"index, follow, max-snippet:-1, max-image-preview:large, max-video-preview:-1\" \/>\n<link rel=\"canonical\" href=\"https:\/\/starstory.fr\/blog\/celebrites-et-influence-en-france\/orelsan-taille-age-vrai-nom-couple-et-fortune-la-fiche-complete\/\" \/>\n<meta property=\"og:locale\" content=\"fr_FR\" \/>\n<meta property=\"og:type\" content=\"article\" \/>\n<meta property=\"og:title\" content=\"Orelsan : taille, \u00e2ge, vrai nom, couple et fortune\" \/>\n<meta property=\"og:description\" content=\"Aur\u00e9lien Cotentin na\u00eet le 1\u1d49\u02b3 ao\u00fbt 1982 \u00e0 Alen\u00e7on, dans le d\u00e9partement de l&#039;Orne, et grandit \u00e0 Caen, en Normandie \u2014 une ville \u00e0 laquelle il reste\" \/>\n<meta property=\"og:url\" content=\"https:\/\/starstory.fr\/blog\/celebrites-et-influence-en-france\/orelsan-taille-age-vrai-nom-couple-et-fortune-la-fiche-complete\/\" \/>\n<meta property=\"og:site_name\" content=\"starstory\" \/>\n<meta name=\"author\" content=\"Sophie Moreau\" \/>\n<meta name=\"twitter:card\" content=\"summary_large_image\" \/>\n<script type=\"application\/ld+json\" class=\"yoast-schema-graph\">{\"@context\":\"https:\/\/schema.org\",\"@graph\":[{\"@type\":\"NewsArticle\",\"@id\":\"https:\/\/starstory.fr\/blog\/celebrites-et-influence-en-france\/orelsan-taille-age-vrai-nom-couple-et-fortune-la-fiche-complete\/#article\",\"isPartOf\":{\"@id\":\"https:\/\/starstory.fr\/blog\/celebrites-et-influence-en-france\/orelsan-taille-age-vrai-nom-couple-et-fortune-la-fiche-complete\/\"},\"author\":{\"name\":\"Sophie Moreau\",\"@id\":\"https:\/\/starstory.fr\/blog\/#\/schema\/person\/2cb6361ad79e679e2b744281310c1e3b\"},\"headline\":\"Orelsan : taille, \u00e2ge, vrai nom, couple et fortune \u2014 la fiche compl\u00e8te\",\"datePublished\":\"2026-06-06T10:26:03+00:00\",\"mainEntityOfPage\":{\"@id\":\"https:\/\/starstory.fr\/blog\/celebrites-et-influence-en-france\/orelsan-taille-age-vrai-nom-couple-et-fortune-la-fiche-complete\/\"},\"wordCount\":1218,\"commentCount\":0,\"publisher\":{\"@id\":\"https:\/\/starstory.fr\/blog\/#organization\"},\"image\":{\"@id\":\"https:\/\/starstory.fr\/blog\/celebrites-et-influence-en-france\/orelsan-taille-age-vrai-nom-couple-et-fortune-la-fiche-complete\/#primaryimage\"},\"thumbnailUrl\":\"https:\/\/images.pexels.com\/photos\/12265693\/pexels-photo-12265693.jpeg?auto=compress&cs=tinysrgb&fit=crop&h=627&w=1200\",\"articleSection\":[\"C\u00e9l\u00e9brit\u00e9s et Influence en France\"],\"inLanguage\":\"fr-FR\",\"potentialAction\":[{\"@type\":\"CommentAction\",\"name\":\"Comment\",\"target\":[\"https:\/\/starstory.fr\/blog\/celebrites-et-influence-en-france\/orelsan-taille-age-vrai-nom-couple-et-fortune-la-fiche-complete\/#respond\"]}]},{\"@type\":\"WebPage\",\"@id\":\"https:\/\/starstory.fr\/blog\/celebrites-et-influence-en-france\/orelsan-taille-age-vrai-nom-couple-et-fortune-la-fiche-complete\/\",\"url\":\"https:\/\/starstory.fr\/blog\/celebrites-et-influence-en-france\/orelsan-taille-age-vrai-nom-couple-et-fortune-la-fiche-complete\/\",\"name\":\"Orelsan : taille, \u00e2ge, vrai nom, couple et fortune\",\"isPartOf\":{\"@id\":\"https:\/\/starstory.fr\/blog\/#website\"},\"primaryImageOfPage\":{\"@id\":\"https:\/\/starstory.fr\/blog\/celebrites-et-influence-en-france\/orelsan-taille-age-vrai-nom-couple-et-fortune-la-fiche-complete\/#primaryimage\"},\"image\":{\"@id\":\"https:\/\/starstory.fr\/blog\/celebrites-et-influence-en-france\/orelsan-taille-age-vrai-nom-couple-et-fortune-la-fiche-complete\/#primaryimage\"},\"thumbnailUrl\":\"https:\/\/images.pexels.com\/photos\/12265693\/pexels-photo-12265693.jpeg?auto=compress&cs=tinysrgb&fit=crop&h=627&w=1200\",\"datePublished\":\"2026-06-06T10:26:03+00:00\",\"description\":\"Aur\u00e9lien Cotentin na\u00eet le 1\u1d49\u02b3 ao\u00fbt 1982 \u00e0 Alen\u00e7on, dans le d\u00e9partement de l'Orne, et grandit \u00e0 Caen, en Normandie \u2014 une ville \u00e0 laquelle il reste\",\"inLanguage\":\"fr-FR\",\"potentialAction\":[{\"@type\":\"ReadAction\",\"target\":[\"https:\/\/starstory.fr\/blog\/celebrites-et-influence-en-france\/orelsan-taille-age-vrai-nom-couple-et-fortune-la-fiche-complete\/\"]}]},{\"@type\":\"ImageObject\",\"inLanguage\":\"fr-FR\",\"@id\":\"https:\/\/starstory.fr\/blog\/celebrites-et-influence-en-france\/orelsan-taille-age-vrai-nom-couple-et-fortune-la-fiche-complete\/#primaryimage\",\"url\":\"https:\/\/images.pexels.com\/photos\/12265693\/pexels-photo-12265693.jpeg?auto=compress&cs=tinysrgb&fit=crop&h=627&w=1200\",\"contentUrl\":\"https:\/\/images.pexels.com\/photos\/12265693\/pexels-photo-12265693.jpeg?auto=compress&cs=tinysrgb&fit=crop&h=627&w=1200\"},{\"@type\":\"WebSite\",\"@id\":\"https:\/\/starstory.fr\/blog\/#website\",\"url\":\"https:\/\/starstory.fr\/blog\/\",\"name\":\"StarStory\",\"description\":\"StarStory, les \u00e9toiles racontent leur histoire\",\"publisher\":{\"@id\":\"https:\/\/starstory.fr\/blog\/#organization\"},\"alternateName\":\"StarStory, les \u00e9toiles racontent leur histoire\",\"potentialAction\":[{\"@type\":\"SearchAction\",\"target\":{\"@type\":\"EntryPoint\",\"urlTemplate\":\"https:\/\/starstory.fr\/blog\/?s={search_term_string}\"},\"query-input\":{\"@type\":\"PropertyValueSpecification\",\"valueRequired\":true,\"valueName\":\"search_term_string\"}}],\"inLanguage\":\"fr-FR\"},{\"@type\":\"Organization\",\"@id\":\"https:\/\/starstory.fr\/blog\/#organization\",\"name\":\"StarStory\",\"alternateName\":\"StarStory.fr\",\"url\":\"https:\/\/starstory.fr\/blog\/\",\"logo\":{\"@type\":\"ImageObject\",\"inLanguage\":\"fr-FR\",\"@id\":\"https:\/\/starstory.fr\/blog\/#\/schema\/logo\/image\/\",\"url\":\"https:\/\/starstory.fr\/blog\/wp-content\/uploads\/2024\/12\/38.png\",\"contentUrl\":\"https:\/\/starstory.fr\/blog\/wp-content\/uploads\/2024\/12\/38.png\",\"width\":500,\"height\":500,\"caption\":\"StarStory\"},\"image\":{\"@id\":\"https:\/\/starstory.fr\/blog\/#\/schema\/logo\/image\/\"}},{\"@type\":\"Person\",\"@id\":\"https:\/\/starstory.fr\/blog\/#\/schema\/person\/2cb6361ad79e679e2b744281310c1e3b\",\"name\":\"Sophie Moreau\",\"image\":{\"@type\":\"ImageObject\",\"inLanguage\":\"fr-FR\",\"@id\":\"https:\/\/starstory.fr\/blog\/#\/schema\/person\/image\/\",\"url\":\"https:\/\/secure.gravatar.com\/avatar\/?s=96&d=mm&r=g\",\"contentUrl\":\"https:\/\/secure.gravatar.com\/avatar\/?s=96&d=mm&r=g\",\"caption\":\"Sophie Moreau\"},\"description\":\"Sophie partage des articles sur les stars musicales de chaque d\u00e9cennie et leur impact sur la sc\u00e8ne fran\u00e7aise et internationale.\",\"url\":\"https:\/\/starstory.fr\/blog\/auteur\/sophie-moreau\/\",\"jobTitle\":\"Contributrice maison & d\u00e9co\",\"email\":\"sophie.moreau@starstory.fr\"}]}<\/script>\n<!-- \/ Yoast SEO Premium plugin. -->","yoast_head_json":{"title":"Orelsan : taille, \u00e2ge, vrai nom, couple et fortune","description":"Aur\u00e9lien Cotentin na\u00eet le 1\u1d49\u02b3 ao\u00fbt 1982 \u00e0 Alen\u00e7on, dans le d\u00e9partement de l'Orne, et grandit \u00e0 Caen, en Normandie \u2014 une ville \u00e0 laquelle il reste","robots":{"index":"index","follow":"follow","max-snippet":"max-snippet:-1","max-image-preview":"max-image-preview:large","max-video-preview":"max-video-preview:-1"},"canonical":"https:\/\/starstory.fr\/blog\/celebrites-et-influence-en-france\/orelsan-taille-age-vrai-nom-couple-et-fortune-la-fiche-complete\/","og_locale":"fr_FR","og_type":"article","og_title":"Orelsan : taille, \u00e2ge, vrai nom, couple et fortune","og_description":"Aur\u00e9lien Cotentin na\u00eet le 1\u1d49\u02b3 ao\u00fbt 1982 \u00e0 Alen\u00e7on, dans le d\u00e9partement de l'Orne, et grandit \u00e0 Caen, en Normandie \u2014 une ville \u00e0 laquelle il reste","og_url":"https:\/\/starstory.fr\/blog\/celebrites-et-influence-en-france\/orelsan-taille-age-vrai-nom-couple-et-fortune-la-fiche-complete\/","og_site_name":"starstory","author":"Sophie Moreau","twitter_card":"summary_large_image","schema":{"@context":"https:\/\/schema.org","@graph":[{"@type":"NewsArticle","@id":"https:\/\/starstory.fr\/blog\/celebrites-et-influence-en-france\/orelsan-taille-age-vrai-nom-couple-et-fortune-la-fiche-complete\/#article","isPartOf":{"@id":"https:\/\/starstory.fr\/blog\/celebrites-et-influence-en-france\/orelsan-taille-age-vrai-nom-couple-et-fortune-la-fiche-complete\/"},"author":{"name":"Sophie Moreau","@id":"https:\/\/starstory.fr\/blog\/#\/schema\/person\/2cb6361ad79e679e2b744281310c1e3b"},"headline":"Orelsan : taille, \u00e2ge, vrai nom, couple et fortune \u2014 la fiche compl\u00e8te","datePublished":"2026-06-06T10:26:03+00:00","mainEntityOfPage":{"@id":"https:\/\/starstory.fr\/blog\/celebrites-et-influence-en-france\/orelsan-taille-age-vrai-nom-couple-et-fortune-la-fiche-complete\/"},"wordCount":1218,"commentCount":0,"publisher":{"@id":"https:\/\/starstory.fr\/blog\/#organization"},"image":{"@id":"https:\/\/starstory.fr\/blog\/celebrites-et-influence-en-france\/orelsan-taille-age-vrai-nom-couple-et-fortune-la-fiche-complete\/#primaryimage"},"thumbnailUrl":"https:\/\/images.pexels.com\/photos\/12265693\/pexels-photo-12265693.jpeg?auto=compress&cs=tinysrgb&fit=crop&h=627&w=1200","articleSection":["C\u00e9l\u00e9brit\u00e9s et Influence en France"],"inLanguage":"fr-FR","potentialAction":[{"@type":"CommentAction","name":"Comment","target":["https:\/\/starstory.fr\/blog\/celebrites-et-influence-en-france\/orelsan-taille-age-vrai-nom-couple-et-fortune-la-fiche-complete\/#respond"]}]},{"@type":"WebPage","@id":"https:\/\/starstory.fr\/blog\/celebrites-et-influence-en-france\/orelsan-taille-age-vrai-nom-couple-et-fortune-la-fiche-complete\/","url":"https:\/\/starstory.fr\/blog\/celebrites-et-influence-en-france\/orelsan-taille-age-vrai-nom-couple-et-fortune-la-fiche-complete\/","name":"Orelsan : taille, \u00e2ge, vrai nom, couple et fortune","isPartOf":{"@id":"https:\/\/starstory.fr\/blog\/#website"},"primaryImageOfPage":{"@id":"https:\/\/starstory.fr\/blog\/celebrites-et-influence-en-france\/orelsan-taille-age-vrai-nom-couple-et-fortune-la-fiche-complete\/#primaryimage"},"image":{"@id":"https:\/\/starstory.fr\/blog\/celebrites-et-influence-en-france\/orelsan-taille-age-vrai-nom-couple-et-fortune-la-fiche-complete\/#primaryimage"},"thumbnailUrl":"https:\/\/images.pexels.com\/photos\/12265693\/pexels-photo-12265693.jpeg?auto=compress&cs=tinysrgb&fit=crop&h=627&w=1200","datePublished":"2026-06-06T10:26:03+00:00","description":"Aur\u00e9lien Cotentin na\u00eet le 1\u1d49\u02b3 ao\u00fbt 1982 \u00e0 Alen\u00e7on, dans le d\u00e9partement de l'Orne, et grandit \u00e0 Caen, en Normandie \u2014 une ville \u00e0 laquelle il reste","inLanguage":"fr-FR","potentialAction":[{"@type":"ReadAction","target":["https:\/\/starstory.fr\/blog\/celebrites-et-influence-en-france\/orelsan-taille-age-vrai-nom-couple-et-fortune-la-fiche-complete\/"]}]},{"@type":"ImageObject","inLanguage":"fr-FR","@id":"https:\/\/starstory.fr\/blog\/celebrites-et-influence-en-france\/orelsan-taille-age-vrai-nom-couple-et-fortune-la-fiche-complete\/#primaryimage","url":"https:\/\/images.pexels.com\/photos\/12265693\/pexels-photo-12265693.jpeg?auto=compress&cs=tinysrgb&fit=crop&h=627&w=1200","contentUrl":"https:\/\/images.pexels.com\/photos\/12265693\/pexels-photo-12265693.jpeg?auto=compress&cs=tinysrgb&fit=crop&h=627&w=1200"},{"@type":"WebSite","@id":"https:\/\/starstory.fr\/blog\/#website","url":"https:\/\/starstory.fr\/blog\/","name":"StarStory","description":"StarStory, les \u00e9toiles racontent leur histoire","publisher":{"@id":"https:\/\/starstory.fr\/blog\/#organization"},"alternateName":"StarStory, les \u00e9toiles racontent leur histoire","potentialAction":[{"@type":"SearchAction","target":{"@type":"EntryPoint","urlTemplate":"https:\/\/starstory.fr\/blog\/?s={search_term_string}"},"query-input":{"@type":"PropertyValueSpecification","valueRequired":true,"valueName":"search_term_string"}}],"inLanguage":"fr-FR"},{"@type":"Organization","@id":"https:\/\/starstory.fr\/blog\/#organization","name":"StarStory","alternateName":"StarStory.fr","url":"https:\/\/starstory.fr\/blog\/","logo":{"@type":"ImageObject","inLanguage":"fr-FR","@id":"https:\/\/starstory.fr\/blog\/#\/schema\/logo\/image\/","url":"https:\/\/starstory.fr\/blog\/wp-content\/uploads\/2024\/12\/38.png","contentUrl":"https:\/\/starstory.fr\/blog\/wp-content\/uploads\/2024\/12\/38.png","width":500,"height":500,"caption":"StarStory"},"image":{"@id":"https:\/\/starstory.fr\/blog\/#\/schema\/logo\/image\/"}},{"@type":"Person","@id":"https:\/\/starstory.fr\/blog\/#\/schema\/person\/2cb6361ad79e679e2b744281310c1e3b","name":"Sophie Moreau","image":{"@type":"ImageObject","inLanguage":"fr-FR","@id":"https:\/\/starstory.fr\/blog\/#\/schema\/person\/image\/","url":"https:\/\/secure.gravatar.com\/avatar\/?s=96&d=mm&r=g","contentUrl":"https:\/\/secure.gravatar.com\/avatar\/?s=96&d=mm&r=g","caption":"Sophie Moreau"},"description":"Sophie partage des articles sur les stars musicales de chaque d\u00e9cennie et leur impact sur la sc\u00e8ne fran\u00e7aise et internationale.","url":"https:\/\/starstory.fr\/blog\/auteur\/sophie-moreau\/","jobTitle":"Contributrice maison & d\u00e9co","email":"sophie.moreau@starstory.fr"}]}},"_links":{"self":[{"href":"https:\/\/starstory.fr\/blog\/wp-json\/wp\/v2\/posts\/8007","targetHints":{"allow":["GET"]}}],"collection":[{"href":"https:\/\/starstory.fr\/blog\/wp-json\/wp\/v2\/posts"}],"about":[{"href":"https:\/\/starstory.fr\/blog\/wp-json\/wp\/v2\/types\/post"}],"author":[{"embeddable":true,"href":"https:\/\/starstory.fr\/blog\/wp-json\/wp\/v2\/users\/41"}],"replies":[{"embeddable":true,"href":"https:\/\/starstory.fr\/blog\/wp-json\/wp\/v2\/comments?post=8007"}],"version-history":[{"count":0,"href":"https:\/\/starstory.fr\/blog\/wp-json\/wp\/v2\/posts\/8007\/revisions"}],"wp:attachment":[{"href":"https:\/\/starstory.fr\/blog\/wp-json\/wp\/v2\/media?parent=8007"}],"wp:term":[{"taxonomy":"category","embeddable":true,"href":"https:\/\/starstory.fr\/blog\/wp-json\/wp\/v2\/categories?post=8007"},{"taxonomy":"post_tag","embeddable":true,"href":"https:\/\/starstory.fr\/blog\/wp-json\/wp\/v2\/tags?post=8007"}],"curies":[{"name":"wp","href":"https:\/\/api.w.org\/{rel}","templated":true}]}}