{"id":8006,"date":"2026-06-06T02:28:35","date_gmt":"2026-06-06T00:28:35","guid":{"rendered":"https:\/\/starstory.fr\/blog\/celebrites-et-influence-en-france\/les-couples-de-stars-les-plus-discrets-ces-celebrites-qui-protegent-le\/"},"modified":"2026-06-06T02:28:35","modified_gmt":"2026-06-06T00:28:35","slug":"les-couples-de-stars-les-plus-discrets-ces-celebrites-qui-protegent-le","status":"publish","type":"post","link":"https:\/\/starstory.fr\/blog\/celebrites-et-influence-en-france\/les-couples-de-stars-les-plus-discrets-ces-celebrites-qui-protegent-le\/","title":{"rendered":"Les couples de stars les plus discrets : ces c\u00e9l\u00e9brit\u00e9s qui prot\u00e8gent leur vie priv\u00e9e"},"content":{"rendered":"<aside style=\"background:#FBEAF2;border-left:5px solid #B11E6A;padding:22px 28px;margin:24px 0;font-family:-apple-system,BlinkMacSystemFont,'Segoe UI',Roboto,sans-serif;\">\n<div style=\"margin:0;font-size:19px;line-height:1.55;color:#2a2a2a;font-weight:500;letter-spacing:-0.005em;\">\n    Certaines stars vivent sous les projecteurs sans jamais y exposer leur couple. Mariages tenus secrets, enfants invisibles, tapis rouges en solo : voici dix histoires d&rsquo;amour c\u00e9l\u00e8bres b\u00e2ties sur un m\u00eame principe \u2014 prot\u00e9ger l&rsquo;intime pour mieux durer.\n  <\/div>\n<\/aside>\n<p>Dans un univers o\u00f9 la moindre apparition se monnaie et o\u00f9 chaque sortie main dans la main fait la une, une poign\u00e9e de personnalit\u00e9s a choisi l&rsquo;inverse exact de la surexposition. Pas de comptes communs sur les r\u00e9seaux, pas de s\u00e9ances photo familiales, parfois m\u00eame pas de confirmation officielle d&rsquo;un mariage : ces couples cultivent le myst\u00e8re comme une strat\u00e9gie de survie autant que comme un choix de vie.<\/p>\n<p>La raison est rarement un caprice. Prot\u00e9ger ses enfants des paparazzis, pr\u00e9server un \u00e9quilibre psychologique face \u00e0 la pression m\u00e9diatique, \u00e9viter que la vie priv\u00e9e ne devienne un produit : les motivations reviennent toujours aux m\u00eames fondamentaux. Plusieurs de ces stars ont d&rsquo;ailleurs d\u00e9m\u00e9nag\u00e9 \u2014 Londres, Los Angeles, la Patagonie \u2014 pr\u00e9cis\u00e9ment pour offrir \u00e0 leurs proches une enfance loin des objectifs. La discr\u00e9tion, ici, n&rsquo;est pas de la froideur : c&rsquo;est une fronti\u00e8re soigneusement trac\u00e9e entre ce qui appartient au public et ce qui n&rsquo;appartient qu&rsquo;\u00e0 eux.<\/p>\n<aside style=\"background:#FBEAF2;border:1px solid #f1c9dd;border-radius:8px;padding:24px 26px 26px;margin:28px 0;font-family:-apple-system,BlinkMacSystemFont,'Segoe UI',Roboto,sans-serif;\">\n<div style=\"margin:0 0 18px 0;font-size:11px;font-weight:700;text-transform:uppercase;letter-spacing:2.2px;color:#B11E6A;\">\u00c0 retenir<\/div>\n<div style=\"display:grid;grid-template-columns:repeat(auto-fit,minmax(240px,1fr));gap:10px;\">\n<div style=\"display:flex;gap:12px;background:#fff;border:1px solid #f1c9dd;padding:12px 14px;border-radius:6px;align-items:flex-start;\">\n      <span style=\"flex:0 0 26px;width:26px;height:26px;background:#B11E6A;color:#fff;border-radius:50%;display:inline-flex;align-items:center;justify-content:center;font-size:12px;font-weight:700;font-family:-apple-system,sans-serif;\">1<\/span><br \/>\n      <span style=\"font-size:14px;line-height:1.5;color:#2a2a2a;\">La discr\u00e9tion sert d&rsquo;abord \u00e0 prot\u00e9ger les enfants des paparazzis et de la c\u00e9l\u00e9brit\u00e9 subie.<\/span>\n    <\/div>\n<div style=\"display:flex;gap:12px;background:#fff;border:1px solid #f1c9dd;padding:12px 14px;border-radius:6px;align-items:flex-start;\">\n      <span style=\"flex:0 0 26px;width:26px;height:26px;background:#B11E6A;color:#fff;border-radius:50%;display:inline-flex;align-items:center;justify-content:center;font-size:12px;font-weight:700;font-family:-apple-system,sans-serif;\">2<\/span><br \/>\n      <span style=\"font-size:14px;line-height:1.5;color:#2a2a2a;\">Plusieurs couples ont d\u00e9m\u00e9nag\u00e9 (Londres, L.A., Patagonie) pour fuir l&rsquo;exposition.<\/span>\n    <\/div>\n<div style=\"display:flex;gap:12px;background:#fff;border:1px solid #f1c9dd;padding:12px 14px;border-radius:6px;align-items:flex-start;\">\n      <span style=\"flex:0 0 26px;width:26px;height:26px;background:#B11E6A;color:#fff;border-radius:50%;display:inline-flex;align-items:center;justify-content:center;font-size:12px;font-weight:700;font-family:-apple-system,sans-serif;\">3<\/span><br \/>\n      <span style=\"font-size:14px;line-height:1.5;color:#2a2a2a;\">Mariages tenus secrets et absence de confirmation officielle sont des marqueurs r\u00e9currents.<\/span>\n    <\/div>\n<div style=\"display:flex;gap:12px;background:#fff;border:1px solid #f1c9dd;padding:12px 14px;border-radius:6px;align-items:flex-start;\">\n      <span style=\"flex:0 0 26px;width:26px;height:26px;background:#B11E6A;color:#fff;border-radius:50%;display:inline-flex;align-items:center;justify-content:center;font-size:12px;font-weight:700;font-family:-apple-system,sans-serif;\">4<\/span><br \/>\n      <span style=\"font-size:14px;line-height:1.5;color:#2a2a2a;\">Cette retenue va souvent de pair avec une grande long\u00e9vit\u00e9 du couple.<\/span>\n    <\/div>\n<div style=\"display:flex;gap:12px;background:#fff;border:1px solid #f1c9dd;padding:12px 14px;border-radius:6px;align-items:flex-start;\">\n      <span style=\"flex:0 0 26px;width:26px;height:26px;background:#B11E6A;color:#fff;border-radius:50%;display:inline-flex;align-items:center;justify-content:center;font-size:12px;font-weight:700;font-family:-apple-system,sans-serif;\">5<\/span><br \/>\n      <span style=\"font-size:14px;line-height:1.5;color:#2a2a2a;\">M\u00eame s\u00e9par\u00e9s, certains comme Cotillard et Canet l&rsquo;ont annonc\u00e9 avec une rare sobri\u00e9t\u00e9.<\/span>\n    <\/div>\n<\/p><\/div>\n<\/aside>\n<h2>Dix couples qui prot\u00e8gent farouchement leur intimit\u00e9<\/h2>\n<p>Du cin\u00e9ma fran\u00e7ais aux stars de Hollywood, voici dix histoires d&rsquo;amour qui ont en commun de refuser la mise en sc\u00e8ne permanente. Pour chacune, le qui et surtout le pourquoi de cette discr\u00e9tion assum\u00e9e \u2014 uniquement \u00e0 partir d&rsquo;\u00e9l\u00e9ments rendus publics par les int\u00e9ress\u00e9s ou la presse.<\/p>\n<div style=\"display:grid;grid-template-columns:repeat(auto-fit,minmax(260px,1fr));gap:14px;margin:28px 0;font-family:-apple-system,BlinkMacSystemFont,'Segoe UI',Roboto,sans-serif;\">\n<article style=\"background:#fff;border:1px solid #f1c9dd;border-top:3px solid #B11E6A;border-radius:6px;padding:18px 18px 16px;\">\n<div style=\"width:36px;height:36px;background:#FBEAF2;border-radius:50%;display:inline-flex;align-items:center;justify-content:center;margin-bottom:12px;\">\n      <span style=\"font-size:16px;color:#B11E6A;font-weight:900;font-family:Georgia,serif;\">01<\/span>\n    <\/div>\n<h3 style=\"margin:0 0 6px 0;font-size:16px;font-weight:700;color:#1a1a1a;letter-spacing:-0.01em;\">Ryan Gosling &amp; Eva Mendes<\/h3>\n<div style=\"margin:0;font-size:13.5px;line-height:1.55;color:#4a4a4a;\">En couple depuis 2011 et parents de deux filles, ils n&rsquo;ont quasiment jamais pos\u00e9 ensemble. Leur union suppos\u00e9e n&rsquo;a jamais \u00e9t\u00e9 confirm\u00e9e. En 2024, ils ont quitt\u00e9 les \u00c9tats-Unis pour Londres afin d&rsquo;offrir une vie plus discr\u00e8te \u00e0 leurs enfants.<\/div>\n<\/article>\n<article style=\"background:#fff;border:1px solid #f1c9dd;border-top:3px solid #B11E6A;border-radius:6px;padding:18px 18px 16px;\">\n<div style=\"width:36px;height:36px;background:#FBEAF2;border-radius:50%;display:inline-flex;align-items:center;justify-content:center;margin-bottom:12px;\">\n      <span style=\"font-size:16px;color:#B11E6A;font-weight:900;font-family:Georgia,serif;\">02<\/span>\n    <\/div>\n<h3 style=\"margin:0 0 6px 0;font-size:16px;font-weight:700;color:#1a1a1a;letter-spacing:-0.01em;\">Daniel Craig &amp; Rachel Weisz<\/h3>\n<div style=\"margin:0;font-size:13.5px;line-height:1.55;color:#4a4a4a;\">Mari\u00e9s en 2011 lors d&rsquo;une c\u00e9r\u00e9monie minuscule \u00e0 New York, l&rsquo;ex-James Bond et l&rsquo;actrice gardent leur vie priv\u00e9e herm\u00e9tique. Craig a r\u00e9p\u00e9t\u00e9 que la vie priv\u00e9e lui \u00e9tait \u00ab extr\u00eamement importante \u00bb ; Weisz parle de \u00ab prot\u00e9ger son mariage \u00bb.<\/div>\n<\/article>\n<article style=\"background:#fff;border:1px solid #f1c9dd;border-top:3px solid #B11E6A;border-radius:6px;padding:18px 18px 16px;\">\n<div style=\"width:36px;height:36px;background:#FBEAF2;border-radius:50%;display:inline-flex;align-items:center;justify-content:center;margin-bottom:12px;\">\n      <span style=\"font-size:16px;color:#B11E6A;font-weight:900;font-family:Georgia,serif;\">03<\/span>\n    <\/div>\n<h3 style=\"margin:0 0 6px 0;font-size:16px;font-weight:700;color:#1a1a1a;letter-spacing:-0.01em;\">Jean Dujardin &amp; Nathalie P\u00e9chalat<\/h3>\n<div style=\"margin:0;font-size:13.5px;line-height:1.55;color:#4a4a4a;\">L&rsquo;acteur et la patineuse, ensemble depuis 2014, se sont mari\u00e9s en 2018 dans une discr\u00e9tion telle que l&rsquo;\u00e9v\u00e9nement n&rsquo;a fuit\u00e9 que par hasard. Un couple lou\u00e9 pour sa complicit\u00e9 et sa volont\u00e9 de rester loin de la mise en sc\u00e8ne.<\/div>\n<\/article>\n<article style=\"background:#fff;border:1px solid #f1c9dd;border-top:3px solid #B11E6A;border-radius:6px;padding:18px 18px 16px;\">\n<div style=\"width:36px;height:36px;background:#FBEAF2;border-radius:50%;display:inline-flex;align-items:center;justify-content:center;margin-bottom:12px;\">\n      <span style=\"font-size:16px;color:#B11E6A;font-weight:900;font-family:Georgia,serif;\">04<\/span>\n    <\/div>\n<h3 style=\"margin:0 0 6px 0;font-size:16px;font-weight:700;color:#1a1a1a;letter-spacing:-0.01em;\">Omar Sy &amp; H\u00e9l\u00e8ne Sy<\/h3>\n<div style=\"margin:0;font-size:13.5px;line-height:1.55;color:#4a4a4a;\">Mari\u00e9s depuis 2007 et parents de cinq enfants, ils ont fait le choix de s&rsquo;installer \u00e0 Los Angeles pour permettre \u00e0 leurs enfants de grandir loin de la notori\u00e9t\u00e9 immense de l&rsquo;acteur. L&rsquo;un des couples les plus solides et discrets du cin\u00e9ma fran\u00e7ais.<\/div>\n<\/article>\n<article style=\"background:#fff;border:1px solid #f1c9dd;border-top:3px solid #B11E6A;border-radius:6px;padding:18px 18px 16px;\">\n<div style=\"width:36px;height:36px;background:#FBEAF2;border-radius:50%;display:inline-flex;align-items:center;justify-content:center;margin-bottom:12px;\">\n      <span style=\"font-size:16px;color:#B11E6A;font-weight:900;font-family:Georgia,serif;\">05<\/span>\n    <\/div>\n<h3 style=\"margin:0 0 6px 0;font-size:16px;font-weight:700;color:#1a1a1a;letter-spacing:-0.01em;\">Vianney &amp; Catherine Robert<\/h3>\n<div style=\"margin:0;font-size:13.5px;line-height:1.55;color:#4a4a4a;\">Le chanteur, mari\u00e9 \u00e0 Catherine Robert depuis 2020 et papa du petit Edgar, reste tr\u00e8s avare de confidences. Il \u00e9voque rarement son r\u00f4le de beau-p\u00e8re et tient ses proches \u00e0 l&rsquo;\u00e9cart, allant jusqu&rsquo;\u00e0 s&rsquo;\u00e9loigner pour pr\u00e9server leur quotidien.<\/div>\n<\/article>\n<article style=\"background:#fff;border:1px solid #f1c9dd;border-top:3px solid #B11E6A;border-radius:6px;padding:18px 18px 16px;\">\n<div style=\"width:36px;height:36px;background:#FBEAF2;border-radius:50%;display:inline-flex;align-items:center;justify-content:center;margin-bottom:12px;\">\n      <span style=\"font-size:16px;color:#B11E6A;font-weight:900;font-family:Georgia,serif;\">06<\/span>\n    <\/div>\n<h3 style=\"margin:0 0 6px 0;font-size:16px;font-weight:700;color:#1a1a1a;letter-spacing:-0.01em;\">Matt Damon &amp; Luciana Barroso<\/h3>\n<div style=\"margin:0;font-size:13.5px;line-height:1.55;color:#4a4a4a;\">Mari\u00e9s en 2005 et parents de quatre filles, l&rsquo;acteur et l&rsquo;ancienne barmaid d&rsquo;origine argentine n&rsquo;ont jamais couru apr\u00e8s la lumi\u00e8re. Beaucoup attribuent la long\u00e9vit\u00e9 de leur couple \u00e0 cette volont\u00e9 de pr\u00e9server l&rsquo;intime et les enfants des regards.<\/div>\n<\/article>\n<article style=\"background:#fff;border:1px solid #f1c9dd;border-top:3px solid #B11E6A;border-radius:6px;padding:18px 18px 16px;\">\n<div style=\"width:36px;height:36px;background:#FBEAF2;border-radius:50%;display:inline-flex;align-items:center;justify-content:center;margin-bottom:12px;\">\n      <span style=\"font-size:16px;color:#B11E6A;font-weight:900;font-family:Georgia,serif;\">07<\/span>\n    <\/div>\n<h3 style=\"margin:0 0 6px 0;font-size:16px;font-weight:700;color:#1a1a1a;letter-spacing:-0.01em;\">Emily Blunt &amp; John Krasinski<\/h3>\n<div style=\"margin:0;font-size:13.5px;line-height:1.55;color:#4a4a4a;\">Mari\u00e9s en 2010 en Italie et parents de deux filles, ils prot\u00e8gent farouchement leurs enfants. Blunt explique vouloir qu&rsquo;elles restent \u00ab le plus longtemps possible \u00bb \u00e0 l&rsquo;abri du regard et ne se sentent pas plus sp\u00e9ciales que les autres.<\/div>\n<\/article>\n<article style=\"background:#fff;border:1px solid #f1c9dd;border-top:3px solid #B11E6A;border-radius:6px;padding:18px 18px 16px;\">\n<div style=\"width:36px;height:36px;background:#FBEAF2;border-radius:50%;display:inline-flex;align-items:center;justify-content:center;margin-bottom:12px;\">\n      <span style=\"font-size:16px;color:#B11E6A;font-weight:900;font-family:Georgia,serif;\">08<\/span>\n    <\/div>\n<h3 style=\"margin:0 0 6px 0;font-size:16px;font-weight:700;color:#1a1a1a;letter-spacing:-0.01em;\">Mark Ruffalo &amp; Sunrise Coigney<\/h3>\n<div style=\"margin:0;font-size:13.5px;line-height:1.55;color:#4a4a4a;\">Mari\u00e9s depuis 2000 lors d&rsquo;une c\u00e9r\u00e9monie priv\u00e9e \u00e0 Central Park, ils ont f\u00eat\u00e9 25 ans d&rsquo;union en 2025. Ancienne actrice devenue commer\u00e7ante, Sunrise Coigney fuit les r\u00e9seaux sociaux et la famille vit ancr\u00e9e dans l&rsquo;\u00c9tat de New York.<\/div>\n<\/article>\n<article style=\"background:#fff;border:1px solid #f1c9dd;border-top:3px solid #B11E6A;border-radius:6px;padding:18px 18px 16px;\">\n<div style=\"width:36px;height:36px;background:#FBEAF2;border-radius:50%;display:inline-flex;align-items:center;justify-content:center;margin-bottom:12px;\">\n      <span style=\"font-size:16px;color:#B11E6A;font-weight:900;font-family:Georgia,serif;\">09<\/span>\n    <\/div>\n<h3 style=\"margin:0 0 6px 0;font-size:16px;font-weight:700;color:#1a1a1a;letter-spacing:-0.01em;\">Florent Pagny &amp; Azucena Caama\u00f1o<\/h3>\n<div style=\"margin:0;font-size:13.5px;line-height:1.55;color:#4a4a4a;\">Ensemble depuis 1993 et mari\u00e9s en 2006, le chanteur et l&rsquo;artiste-peintre argentine ont \u00e9lev\u00e9 leurs deux enfants entre la France, la Patagonie et les \u00c9tats-Unis, loin des cam\u00e9ras. Azucena a toujours cultiv\u00e9 une vie tr\u00e8s discr\u00e8te.<\/div>\n<\/article>\n<article style=\"background:#fff;border:1px solid #f1c9dd;border-top:3px solid #B11E6A;border-radius:6px;padding:18px 18px 16px;\">\n<div style=\"width:36px;height:36px;background:#FBEAF2;border-radius:50%;display:inline-flex;align-items:center;justify-content:center;margin-bottom:12px;\">\n      <span style=\"font-size:16px;color:#B11E6A;font-weight:900;font-family:Georgia,serif;\">10<\/span>\n    <\/div>\n<h3 style=\"margin:0 0 6px 0;font-size:16px;font-weight:700;color:#1a1a1a;letter-spacing:-0.01em;\">Marion Cotillard &amp; Guillaume Canet<\/h3>\n<div style=\"margin:0;font-size:13.5px;line-height:1.55;color:#4a4a4a;\">Mod\u00e8le de discr\u00e9tion pendant 18 ans, le couple a annonc\u00e9 sa s\u00e9paration \u00ab d&rsquo;un commun accord \u00bb en 2025, toujours dans la sobri\u00e9t\u00e9, pour prot\u00e9ger leurs deux enfants des rumeurs. Une retenue qui a dur\u00e9 jusqu&rsquo;au bout.<\/div>\n<\/article>\n<\/div>\n<figure style=\"margin:38px auto;padding:28px 24px;text-align:center;border-top:1px solid #2a2a2a;border-bottom:1px solid #2a2a2a;max-width:640px;position:relative;font-family:Georgia,'Hoefler Text',serif;\">\n<div style=\"position:absolute;top:-20px;left:50%;transform:translateX(-50%);background:#ffffff;padding:0 14px;font-size:48px;line-height:1;color:#B11E6A;font-family:Georgia,serif;\">&laquo;<\/div>\n<blockquote style=\"margin:0;padding:0;font-size:24px;line-height:1.45;font-style:italic;color:#1a1a1a;letter-spacing:-0.005em;\"><p>\n    On peut \u00eatre l&rsquo;un des couples les plus c\u00e9l\u00e8bres au monde et n&rsquo;avoir presque rien \u00e0 montrer : c&rsquo;est pr\u00e9cis\u00e9ment ce silence qui les prot\u00e8ge.<br \/>\n  <\/blockquote><figcaption style=\"margin-top:14px;font-size:12px;text-transform:uppercase;letter-spacing:2px;color:#6a6a6a;font-family:-apple-system,sans-serif;font-style:normal;\">\u2014 Observation r\u00e9currente de la presse people<\/figcaption><\/figure>\n<h2>Ce que r\u00e9v\u00e8le leur strat\u00e9gie de discr\u00e9tion<\/h2>\n<p>Derri\u00e8re la diversit\u00e9 des trajectoires, un fil rouge se dessine. La discr\u00e9tion n&rsquo;est jamais totale ni identique d&rsquo;un couple \u00e0 l&rsquo;autre : certains, comme Omar Sy ou Vianney, partagent parfois quelques mots ou images choisis, l\u00e0 o\u00f9 Daniel Craig et Rachel Weisz verrouillent presque tout. Le point commun reste la ma\u00eetrise \u2014 d\u00e9cider soi-m\u00eame de ce qui sort, plut\u00f4t que le subir.<\/p>\n<aside style=\"background:#FBEAF2;border-left:4px solid #B11E6A;padding:14px 18px;margin:18px 0;border-radius:0 4px 4px 0;font-family:-apple-system,BlinkMacSystemFont,'Segoe UI',Roboto,sans-serif;\">\n  <strong style=\"display:inline-block;color:#8a1452;font-size:12px;text-transform:uppercase;letter-spacing:1.5px;margin-right:8px;\">&#10022; \u00c0 noter<\/strong><br \/>\n  <span style=\"font-size:14.5px;line-height:1.55;color:#3a3a3a;\">Discr\u00e9tion ne signifie pas absence : plusieurs de ces stars apparaissent en public, parfois en couple, mais refusent d&rsquo;en faire un r\u00e9cit permanent ou un fonds de commerce m\u00e9diatique.<\/span><br \/>\n<\/aside>\n<p>Le d\u00e9m\u00e9nagement revient aussi comme un outil concret. Gosling et Mendes \u00e0 Londres, Omar Sy \u00e0 Los Angeles, Pagny en Patagonie : changer de pays, c&rsquo;est \u00e9loigner physiquement les objectifs et offrir aux enfants une scolarit\u00e9 ordinaire. La g\u00e9ographie devient une part de la strat\u00e9gie de protection, au m\u00eame titre que le silence sur les r\u00e9seaux.<\/p>\n<h2>Tableau r\u00e9capitulatif<\/h2>\n<figure style=\"margin:32px 0;font-family:-apple-system,BlinkMacSystemFont,'Segoe UI',Roboto,sans-serif;\">\n<div style=\"overflow-x:auto;border:1px solid #f1c9dd;border-radius:8px;\">\n<table style=\"width:100%;border-collapse:collapse;font-size:14px;color:#2a2a2a;min-width:560px;\">\n<thead>\n<tr style=\"background:#1a1a1a;color:#fff;\">\n<th style=\"text-align:left;padding:14px 18px;font-weight:700;font-size:12px;text-transform:uppercase;letter-spacing:1.5px;\">Couple<\/th>\n<th style=\"text-align:center;padding:14px 18px;font-weight:700;font-size:12px;text-transform:uppercase;letter-spacing:1.5px;\">Ensemble depuis<\/th>\n<th style=\"text-align:left;padding:14px 18px;font-weight:700;font-size:12px;text-transform:uppercase;letter-spacing:1.5px;\">Marqueur de discr\u00e9tion<\/th>\n<\/tr>\n<\/thead>\n<tbody>\n<tr style=\"background:#fff;border-bottom:1px solid #f7e3ee;\">\n<td style=\"padding:13px 18px;font-weight:600;\">Gosling &amp; Mendes<\/td>\n<td style=\"padding:13px 18px;text-align:center;color:#6a6a6a;\">2011<\/td>\n<td style=\"padding:13px 18px;color:#4a4a4a;\">Union jamais confirm\u00e9e, exil \u00e0 Londres<\/td>\n<\/tr>\n<tr style=\"background:#fdf6fa;border-bottom:1px solid #f7e3ee;\">\n<td style=\"padding:13px 18px;font-weight:600;\">Craig &amp; Weisz<\/td>\n<td style=\"padding:13px 18px;text-align:center;color:#6a6a6a;\">depuis 2010<\/td>\n<td style=\"padding:13px 18px;color:#4a4a4a;\">Mariage minuscule, vie verrouill\u00e9e<\/td>\n<\/tr>\n<tr style=\"background:#fff;border-bottom:1px solid #f7e3ee;\">\n<td style=\"padding:13px 18px;font-weight:600;\">Dujardin &amp; P\u00e9chalat<\/td>\n<td style=\"padding:13px 18px;text-align:center;color:#6a6a6a;\">2014<\/td>\n<td style=\"padding:13px 18px;color:#4a4a4a;\">Mariage 2018 \u00e9bruit\u00e9 par hasard<\/td>\n<\/tr>\n<tr style=\"background:#fdf6fa;border-bottom:1px solid #f7e3ee;\">\n<td style=\"padding:13px 18px;font-weight:600;\">Omar &amp; H\u00e9l\u00e8ne Sy<\/td>\n<td style=\"padding:13px 18px;text-align:center;color:#6a6a6a;\">mari\u00e9s 2007<\/td>\n<td style=\"padding:13px 18px;color:#4a4a4a;\">Installation \u00e0 L.A. pour les enfants<\/td>\n<\/tr>\n<tr style=\"background:#fff;border-bottom:1px solid #f7e3ee;\">\n<td style=\"padding:13px 18px;font-weight:600;\">Vianney &amp; C. Robert<\/td>\n<td style=\"padding:13px 18px;text-align:center;color:#6a6a6a;\">mari\u00e9s 2020<\/td>\n<td style=\"padding:13px 18px;color:#4a4a4a;\">Confidences rares, fils prot\u00e9g\u00e9<\/td>\n<\/tr>\n<tr style=\"background:#fdf6fa;border-bottom:1px solid #f7e3ee;\">\n<td style=\"padding:13px 18px;font-weight:600;\">Damon &amp; Barroso<\/td>\n<td style=\"padding:13px 18px;text-align:center;color:#6a6a6a;\">mari\u00e9s 2005<\/td>\n<td style=\"padding:13px 18px;color:#4a4a4a;\">Jamais cherch\u00e9 la lumi\u00e8re, 4 filles<\/td>\n<\/tr>\n<tr style=\"background:#fff;border-bottom:1px solid #f7e3ee;\">\n<td style=\"padding:13px 18px;font-weight:600;\">Blunt &amp; Krasinski<\/td>\n<td style=\"padding:13px 18px;text-align:center;color:#6a6a6a;\">mari\u00e9s 2010<\/td>\n<td style=\"padding:13px 18px;color:#4a4a4a;\">Filles tenues hors des projecteurs<\/td>\n<\/tr>\n<tr style=\"background:#fdf6fa;border-bottom:1px solid #f7e3ee;\">\n<td style=\"padding:13px 18px;font-weight:600;\">Ruffalo &amp; Coigney<\/td>\n<td style=\"padding:13px 18px;text-align:center;color:#6a6a6a;\">mari\u00e9s 2000<\/td>\n<td style=\"padding:13px 18px;color:#4a4a4a;\">25 ans, \u00e9pouse loin des r\u00e9seaux<\/td>\n<\/tr>\n<tr style=\"background:#fff;border-bottom:1px solid #f7e3ee;\">\n<td style=\"padding:13px 18px;font-weight:600;\">Pagny &amp; Caama\u00f1o<\/td>\n<td style=\"padding:13px 18px;text-align:center;color:#6a6a6a;\">1993<\/td>\n<td style=\"padding:13px 18px;color:#4a4a4a;\">Enfants \u00e9lev\u00e9s loin des cam\u00e9ras<\/td>\n<\/tr>\n<tr style=\"background:#fdf6fa;\">\n<td style=\"padding:13px 18px;font-weight:600;\">Cotillard &amp; Canet<\/td>\n<td style=\"padding:13px 18px;text-align:center;color:#6a6a6a;\">2007 (s\u00e9par\u00e9s 2025)<\/td>\n<td style=\"padding:13px 18px;color:#4a4a4a;\">18 ans discrets, rupture sobre<\/td>\n<\/tr>\n<\/tbody>\n<\/table><\/div><figcaption style=\"font-size:11px;color:#7a7a7a;margin-top:8px;text-align:right;letter-spacing:0.3px;\">Dates et faits issus de d\u00e9clarations publiques et de la presse \u2014 voir sources en fin d&rsquo;article.<\/figcaption><\/figure>\n<aside style=\"background:#FBEAF2;border-left:4px solid #B11E6A;padding:14px 18px;margin:18px 0;border-radius:0 4px 4px 0;font-family:-apple-system,BlinkMacSystemFont,'Segoe UI',Roboto,sans-serif;\">\n  <strong style=\"display:inline-block;color:#8a1452;font-size:12px;text-transform:uppercase;letter-spacing:1.5px;margin-right:8px;\">&#128161; Bon \u00e0 savoir<\/strong><br \/>\n  <span style=\"font-size:14.5px;line-height:1.55;color:#3a3a3a;\">La discr\u00e9tion d&rsquo;un couple star n&rsquo;est jamais fig\u00e9e : une apparition exceptionnelle, comme celle de Gosling et Mendes ensemble en 2026, ne remet pas en cause des ann\u00e9es de retrait choisi.<\/span><br \/>\n<\/aside>\n<section style=\"margin:32px 0;font-family:-apple-system,BlinkMacSystemFont,'Segoe UI',Roboto,sans-serif;\">\n<h2 style=\"margin:0 0 18px 0;font-size:22px;font-weight:800;color:#1a1a1a;letter-spacing:-0.01em;\">Questions fr\u00e9quentes<\/h2>\n<div style=\"border-top:1px solid #f1c9dd;\">\n<details style=\"border-bottom:1px solid #f1c9dd;padding:0;\">\n<summary style=\"cursor:pointer;padding:16px 0;font-size:17px;font-weight:700;color:#1a1a1a;list-style:none;display:flex;justify-content:space-between;align-items:center;gap:14px;\">\n        <span>Pourquoi certaines stars cachent-elles leur couple ?<\/span><br \/>\n        <span style=\"font-size:22px;font-weight:300;color:#B11E6A;line-height:1;\">+<\/span><br \/>\n      <\/summary>\n<div style=\"padding:0 0 16px 0;font-size:15px;line-height:1.7;color:#4a4a4a;\">La motivation principale est la protection des enfants et la pr\u00e9servation d&rsquo;un \u00e9quilibre personnel face \u00e0 une pression m\u00e9diatique constante. Plusieurs craignent que leur vie priv\u00e9e devienne un produit m\u00e9diatique ; garder le silence est une fa\u00e7on de reprendre le contr\u00f4le sur ce qui est rendu public.<\/div>\n<\/details>\n<details style=\"border-bottom:1px solid #f1c9dd;padding:0;\">\n<summary style=\"cursor:pointer;padding:16px 0;font-size:17px;font-weight:700;color:#1a1a1a;list-style:none;display:flex;justify-content:space-between;align-items:center;gap:14px;\">\n        <span>Quel est le couple le plus discret de cette liste ?<\/span><br \/>\n        <span style=\"font-size:22px;font-weight:300;color:#B11E6A;line-height:1;\">+<\/span><br \/>\n      <\/summary>\n<div style=\"padding:0 0 16px 0;font-size:15px;line-height:1.7;color:#4a4a4a;\">Daniel Craig et Rachel Weisz sont souvent cit\u00e9s comme l&rsquo;un des couples les plus herm\u00e9tiques d&rsquo;Hollywood : mariage c\u00e9l\u00e9br\u00e9 en tr\u00e8s petit comit\u00e9, quasi-absence d&rsquo;apparitions communes et d\u00e9clarations explicites sur l&rsquo;importance de prot\u00e9ger leur union. Ryan Gosling et Eva Mendes rivalisent en n&rsquo;ayant quasiment jamais pos\u00e9 ensemble.<\/div>\n<\/details>\n<details style=\"border-bottom:1px solid #f1c9dd;padding:0;\">\n<summary style=\"cursor:pointer;padding:16px 0;font-size:17px;font-weight:700;color:#1a1a1a;list-style:none;display:flex;justify-content:space-between;align-items:center;gap:14px;\">\n        <span>Marion Cotillard et Guillaume Canet sont-ils toujours ensemble ?<\/span><br \/>\n        <span style=\"font-size:22px;font-weight:300;color:#B11E6A;line-height:1;\">+<\/span><br \/>\n      <\/summary>\n<div style=\"padding:0 0 16px 0;font-size:15px;line-height:1.7;color:#4a4a4a;\">Non. Apr\u00e8s 18 ans de vie commune, ils ont annonc\u00e9 leur s\u00e9paration \u00ab d&rsquo;un commun accord \u00bb en 2025. Ils restent toutefois un exemple souvent cit\u00e9 de discr\u00e9tion, leur communication \u00e9tant rest\u00e9e sobre afin de prot\u00e9ger leurs deux enfants des sp\u00e9culations.<\/div>\n<\/details>\n<details style=\"border-bottom:1px solid #f1c9dd;padding:0;\">\n<summary style=\"cursor:pointer;padding:16px 0;font-size:17px;font-weight:700;color:#1a1a1a;list-style:none;display:flex;justify-content:space-between;align-items:center;gap:14px;\">\n        <span>D\u00e9m\u00e9nager \u00e0 l&rsquo;\u00e9tranger aide-t-il vraiment \u00e0 rester discret ?<\/span><br \/>\n        <span style=\"font-size:22px;font-weight:300;color:#B11E6A;line-height:1;\">+<\/span><br \/>\n      <\/summary>\n<div style=\"padding:0 0 16px 0;font-size:15px;line-height:1.7;color:#4a4a4a;\">C&rsquo;est une strat\u00e9gie fr\u00e9quente. Gosling et Mendes ont rejoint Londres, Omar Sy s&rsquo;est install\u00e9 \u00e0 Los Angeles, Florent Pagny a \u00e9lev\u00e9 ses enfants entre la France et la Patagonie. Changer de pays \u00e9loigne physiquement les paparazzis et permet souvent une vie quotidienne plus ordinaire pour les enfants.<\/div>\n<\/details>\n<details style=\"border-bottom:1px solid #f1c9dd;padding:0;\">\n<summary style=\"cursor:pointer;padding:16px 0;font-size:17px;font-weight:700;color:#1a1a1a;list-style:none;display:flex;justify-content:space-between;align-items:center;gap:14px;\">\n        <span>Discr\u00e9tion rime-t-elle avec long\u00e9vit\u00e9 du couple ?<\/span><br \/>\n        <span style=\"font-size:22px;font-weight:300;color:#B11E6A;line-height:1;\">+<\/span><br \/>\n      <\/summary>\n<div style=\"padding:0 0 16px 0;font-size:15px;line-height:1.7;color:#4a4a4a;\">Ce n&rsquo;est pas une r\u00e8gle absolue, mais la corr\u00e9lation est frappante : Matt Damon et Luciana Barroso (depuis 2005), Mark Ruffalo et Sunrise Coigney (depuis 2000) ou Florent Pagny et Azucena Caama\u00f1o (depuis 1993) cumulent \u00e0 la fois discr\u00e9tion et grande long\u00e9vit\u00e9. Beaucoup y voient un lien : moins d&rsquo;exposition, moins de pression ext\u00e9rieure sur le couple.<\/div>\n<\/details><\/div>\n<\/section>\n<p>Au bout du compte, ces dix histoires racontent moins une mode qu&rsquo;une conviction partag\u00e9e : la c\u00e9l\u00e9brit\u00e9 peut s&rsquo;arr\u00eater \u00e0 la porte du foyer. En refusant de transformer leur amour en spectacle, ces couples rappellent qu&rsquo;\u00e0 Hollywood comme dans le cin\u00e9ma fran\u00e7ais, le plus grand luxe reste parfois de pouvoir vivre sa vie priv\u00e9e \u00e0 l&rsquo;abri des regards.<\/p>\n<p style=\"font-size:13px;color:#6a6a6a;margin-top:32px;\">Sources : presse people et donn\u00e9es publiques. Article mis \u00e0 jour r\u00e9guli\u00e8rement.<\/p>\n","protected":false},"excerpt":{"rendered":"","protected":false},"author":34,"featured_media":999999999,"comment_status":"open","ping_status":"open","sticky":false,"template":"","format":"standard","meta":{"_acf_changed":false,"manual_indexmenow":false,"indexmenow_id_project":0,"footnotes":""},"categories":[4524],"tags":[],"class_list":["post-8006","post","type-post","status-publish","format-standard","has-post-thumbnail","hentry","category-celebrites-et-influence-en-france","generate-columns","tablet-grid-50","mobile-grid-100","grid-parent","grid-25"],"acf":[],"yoast_head":"<!-- This site is optimized with the Yoast SEO Premium plugin v21.3 (Yoast SEO v26.5) - https:\/\/yoast.com\/wordpress\/plugins\/seo\/ -->\n<title>Les couples de stars les plus discrets<\/title>\n<meta name=\"description\" content=\"Dans un univers o\u00f9 la moindre apparition se monnaie et o\u00f9 chaque sortie main dans la main fait la une, une poign\u00e9e de personnalit\u00e9s a choisi l&#039;inverse\" \/>\n<meta name=\"robots\" content=\"index, follow, max-snippet:-1, max-image-preview:large, max-video-preview:-1\" \/>\n<link rel=\"canonical\" href=\"https:\/\/starstory.fr\/blog\/celebrites-et-influence-en-france\/les-couples-de-stars-les-plus-discrets-ces-celebrites-qui-protegent-le\/\" \/>\n<meta property=\"og:locale\" content=\"fr_FR\" \/>\n<meta property=\"og:type\" content=\"article\" \/>\n<meta property=\"og:title\" content=\"Les couples de stars les plus discrets\" \/>\n<meta property=\"og:description\" content=\"Dans un univers o\u00f9 la moindre apparition se monnaie et o\u00f9 chaque sortie main dans la main fait la une, une poign\u00e9e de personnalit\u00e9s a choisi l&#039;inverse\" \/>\n<meta property=\"og:url\" content=\"https:\/\/starstory.fr\/blog\/celebrites-et-influence-en-france\/les-couples-de-stars-les-plus-discrets-ces-celebrites-qui-protegent-le\/\" \/>\n<meta property=\"og:site_name\" content=\"starstory\" \/>\n<meta name=\"author\" content=\"Rapha\u00ebl D.\" \/>\n<meta name=\"twitter:card\" content=\"summary_large_image\" \/>\n<script type=\"application\/ld+json\" class=\"yoast-schema-graph\">{\"@context\":\"https:\/\/schema.org\",\"@graph\":[{\"@type\":\"NewsArticle\",\"@id\":\"https:\/\/starstory.fr\/blog\/celebrites-et-influence-en-france\/les-couples-de-stars-les-plus-discrets-ces-celebrites-qui-protegent-le\/#article\",\"isPartOf\":{\"@id\":\"https:\/\/starstory.fr\/blog\/celebrites-et-influence-en-france\/les-couples-de-stars-les-plus-discrets-ces-celebrites-qui-protegent-le\/\"},\"author\":{\"name\":\"Rapha\u00ebl D.\",\"@id\":\"https:\/\/starstory.fr\/blog\/#\/schema\/person\/3c864cdc320801e3db34b663e7e3f816\"},\"headline\":\"Les couples de stars les plus discrets : ces c\u00e9l\u00e9brit\u00e9s qui prot\u00e8gent leur vie priv\u00e9e\",\"datePublished\":\"2026-06-06T00:28:35+00:00\",\"mainEntityOfPage\":{\"@id\":\"https:\/\/starstory.fr\/blog\/celebrites-et-influence-en-france\/les-couples-de-stars-les-plus-discrets-ces-celebrites-qui-protegent-le\/\"},\"wordCount\":1629,\"commentCount\":0,\"publisher\":{\"@id\":\"https:\/\/starstory.fr\/blog\/#organization\"},\"image\":{\"@id\":\"https:\/\/starstory.fr\/blog\/celebrites-et-influence-en-france\/les-couples-de-stars-les-plus-discrets-ces-celebrites-qui-protegent-le\/#primaryimage\"},\"thumbnailUrl\":\"https:\/\/images.pexels.com\/photos\/34351940\/pexels-photo-34351940.jpeg?auto=compress&cs=tinysrgb&fit=crop&h=627&w=1200\",\"articleSection\":[\"C\u00e9l\u00e9brit\u00e9s et Influence en France\"],\"inLanguage\":\"fr-FR\",\"potentialAction\":[{\"@type\":\"CommentAction\",\"name\":\"Comment\",\"target\":[\"https:\/\/starstory.fr\/blog\/celebrites-et-influence-en-france\/les-couples-de-stars-les-plus-discrets-ces-celebrites-qui-protegent-le\/#respond\"]}]},{\"@type\":\"WebPage\",\"@id\":\"https:\/\/starstory.fr\/blog\/celebrites-et-influence-en-france\/les-couples-de-stars-les-plus-discrets-ces-celebrites-qui-protegent-le\/\",\"url\":\"https:\/\/starstory.fr\/blog\/celebrites-et-influence-en-france\/les-couples-de-stars-les-plus-discrets-ces-celebrites-qui-protegent-le\/\",\"name\":\"Les couples de stars les plus discrets\",\"isPartOf\":{\"@id\":\"https:\/\/starstory.fr\/blog\/#website\"},\"primaryImageOfPage\":{\"@id\":\"https:\/\/starstory.fr\/blog\/celebrites-et-influence-en-france\/les-couples-de-stars-les-plus-discrets-ces-celebrites-qui-protegent-le\/#primaryimage\"},\"image\":{\"@id\":\"https:\/\/starstory.fr\/blog\/celebrites-et-influence-en-france\/les-couples-de-stars-les-plus-discrets-ces-celebrites-qui-protegent-le\/#primaryimage\"},\"thumbnailUrl\":\"https:\/\/images.pexels.com\/photos\/34351940\/pexels-photo-34351940.jpeg?auto=compress&cs=tinysrgb&fit=crop&h=627&w=1200\",\"datePublished\":\"2026-06-06T00:28:35+00:00\",\"description\":\"Dans un univers o\u00f9 la moindre apparition se monnaie et o\u00f9 chaque sortie main dans la main fait la une, une poign\u00e9e de personnalit\u00e9s a choisi l'inverse\",\"inLanguage\":\"fr-FR\",\"potentialAction\":[{\"@type\":\"ReadAction\",\"target\":[\"https:\/\/starstory.fr\/blog\/celebrites-et-influence-en-france\/les-couples-de-stars-les-plus-discrets-ces-celebrites-qui-protegent-le\/\"]}]},{\"@type\":\"ImageObject\",\"inLanguage\":\"fr-FR\",\"@id\":\"https:\/\/starstory.fr\/blog\/celebrites-et-influence-en-france\/les-couples-de-stars-les-plus-discrets-ces-celebrites-qui-protegent-le\/#primaryimage\",\"url\":\"https:\/\/images.pexels.com\/photos\/34351940\/pexels-photo-34351940.jpeg?auto=compress&cs=tinysrgb&fit=crop&h=627&w=1200\",\"contentUrl\":\"https:\/\/images.pexels.com\/photos\/34351940\/pexels-photo-34351940.jpeg?auto=compress&cs=tinysrgb&fit=crop&h=627&w=1200\"},{\"@type\":\"WebSite\",\"@id\":\"https:\/\/starstory.fr\/blog\/#website\",\"url\":\"https:\/\/starstory.fr\/blog\/\",\"name\":\"StarStory\",\"description\":\"StarStory, les \u00e9toiles racontent leur histoire\",\"publisher\":{\"@id\":\"https:\/\/starstory.fr\/blog\/#organization\"},\"alternateName\":\"StarStory, les \u00e9toiles racontent leur histoire\",\"potentialAction\":[{\"@type\":\"SearchAction\",\"target\":{\"@type\":\"EntryPoint\",\"urlTemplate\":\"https:\/\/starstory.fr\/blog\/?s={search_term_string}\"},\"query-input\":{\"@type\":\"PropertyValueSpecification\",\"valueRequired\":true,\"valueName\":\"search_term_string\"}}],\"inLanguage\":\"fr-FR\"},{\"@type\":\"Organization\",\"@id\":\"https:\/\/starstory.fr\/blog\/#organization\",\"name\":\"StarStory\",\"alternateName\":\"StarStory.fr\",\"url\":\"https:\/\/starstory.fr\/blog\/\",\"logo\":{\"@type\":\"ImageObject\",\"inLanguage\":\"fr-FR\",\"@id\":\"https:\/\/starstory.fr\/blog\/#\/schema\/logo\/image\/\",\"url\":\"https:\/\/starstory.fr\/blog\/wp-content\/uploads\/2024\/12\/38.png\",\"contentUrl\":\"https:\/\/starstory.fr\/blog\/wp-content\/uploads\/2024\/12\/38.png\",\"width\":500,\"height\":500,\"caption\":\"StarStory\"},\"image\":{\"@id\":\"https:\/\/starstory.fr\/blog\/#\/schema\/logo\/image\/\"}},{\"@type\":\"Person\",\"@id\":\"https:\/\/starstory.fr\/blog\/#\/schema\/person\/3c864cdc320801e3db34b663e7e3f816\",\"name\":\"Rapha\u00ebl D.\",\"image\":{\"@type\":\"ImageObject\",\"inLanguage\":\"fr-FR\",\"@id\":\"https:\/\/starstory.fr\/blog\/#\/schema\/person\/image\/\",\"url\":\"https:\/\/starstory.fr\/blog\/wp-content\/uploads\/2026\/06\/persona_raphael-d-96x96.jpg\",\"contentUrl\":\"https:\/\/starstory.fr\/blog\/wp-content\/uploads\/2026\/06\/persona_raphael-d-96x96.jpg\",\"caption\":\"Rapha\u00ebl D.\"},\"description\":\"La culture est mon terrain de jeu depuis une dizaine d'ann\u00e9es : arts visuels, s\u00e9ries, cr\u00e9ation et tout ce qui nourrit l'imaginaire. J'\u00e9cris aussi bien sur l'actualit\u00e9 des \u0153uvres que sur les coulisses de la cr\u00e9ation, avec l'envie de relier l'amateur curieux \u00e0 des univers parfois jug\u00e9s intimidants. J'aime analyser une s\u00e9rie ou une d\u00e9marche artistique sans p\u00e9dantisme, replacer une \u0153uvre dans son contexte et donner des cl\u00e9s de lecture accessibles. Avant de publier, je v\u00e9rifie mes r\u00e9f\u00e9rences, je recoupe les sources et je distingue clairement le fait de mon interpr\u00e9tation subjective. Je crois qu'une critique vaut surtout par les arguments qu'elle expose, pas par la sentence qu'elle rend. Mon angle : transmettre l'envie de d\u00e9couvrir, de regarder autrement et de se forger son propre go\u00fbt. La culture n'appartient pas qu'aux initi\u00e9s, et c'est tout l'enjeu de mon \u00e9criture.\",\"url\":\"https:\/\/starstory.fr\/blog\/auteur\/noname\/\",\"jobTitle\":\"R\u00e9dacteur en chef \u00b7 Culture & Cr\u00e9ation\",\"knowsAbout\":[\"Culture\",\"Cr\u00e9ation\"],\"email\":\"raphael.d@a-l-asso-de-l-art.fr\"}]}<\/script>\n<!-- \/ Yoast SEO Premium plugin. -->","yoast_head_json":{"title":"Les couples de stars les plus discrets","description":"Dans un univers o\u00f9 la moindre apparition se monnaie et o\u00f9 chaque sortie main dans la main fait la une, une poign\u00e9e de personnalit\u00e9s a choisi l'inverse","robots":{"index":"index","follow":"follow","max-snippet":"max-snippet:-1","max-image-preview":"max-image-preview:large","max-video-preview":"max-video-preview:-1"},"canonical":"https:\/\/starstory.fr\/blog\/celebrites-et-influence-en-france\/les-couples-de-stars-les-plus-discrets-ces-celebrites-qui-protegent-le\/","og_locale":"fr_FR","og_type":"article","og_title":"Les couples de stars les plus discrets","og_description":"Dans un univers o\u00f9 la moindre apparition se monnaie et o\u00f9 chaque sortie main dans la main fait la une, une poign\u00e9e de personnalit\u00e9s a choisi l'inverse","og_url":"https:\/\/starstory.fr\/blog\/celebrites-et-influence-en-france\/les-couples-de-stars-les-plus-discrets-ces-celebrites-qui-protegent-le\/","og_site_name":"starstory","author":"Rapha\u00ebl D.","twitter_card":"summary_large_image","schema":{"@context":"https:\/\/schema.org","@graph":[{"@type":"NewsArticle","@id":"https:\/\/starstory.fr\/blog\/celebrites-et-influence-en-france\/les-couples-de-stars-les-plus-discrets-ces-celebrites-qui-protegent-le\/#article","isPartOf":{"@id":"https:\/\/starstory.fr\/blog\/celebrites-et-influence-en-france\/les-couples-de-stars-les-plus-discrets-ces-celebrites-qui-protegent-le\/"},"author":{"name":"Rapha\u00ebl D.","@id":"https:\/\/starstory.fr\/blog\/#\/schema\/person\/3c864cdc320801e3db34b663e7e3f816"},"headline":"Les couples de stars les plus discrets : ces c\u00e9l\u00e9brit\u00e9s qui prot\u00e8gent leur vie priv\u00e9e","datePublished":"2026-06-06T00:28:35+00:00","mainEntityOfPage":{"@id":"https:\/\/starstory.fr\/blog\/celebrites-et-influence-en-france\/les-couples-de-stars-les-plus-discrets-ces-celebrites-qui-protegent-le\/"},"wordCount":1629,"commentCount":0,"publisher":{"@id":"https:\/\/starstory.fr\/blog\/#organization"},"image":{"@id":"https:\/\/starstory.fr\/blog\/celebrites-et-influence-en-france\/les-couples-de-stars-les-plus-discrets-ces-celebrites-qui-protegent-le\/#primaryimage"},"thumbnailUrl":"https:\/\/images.pexels.com\/photos\/34351940\/pexels-photo-34351940.jpeg?auto=compress&cs=tinysrgb&fit=crop&h=627&w=1200","articleSection":["C\u00e9l\u00e9brit\u00e9s et Influence en France"],"inLanguage":"fr-FR","potentialAction":[{"@type":"CommentAction","name":"Comment","target":["https:\/\/starstory.fr\/blog\/celebrites-et-influence-en-france\/les-couples-de-stars-les-plus-discrets-ces-celebrites-qui-protegent-le\/#respond"]}]},{"@type":"WebPage","@id":"https:\/\/starstory.fr\/blog\/celebrites-et-influence-en-france\/les-couples-de-stars-les-plus-discrets-ces-celebrites-qui-protegent-le\/","url":"https:\/\/starstory.fr\/blog\/celebrites-et-influence-en-france\/les-couples-de-stars-les-plus-discrets-ces-celebrites-qui-protegent-le\/","name":"Les couples de stars les plus discrets","isPartOf":{"@id":"https:\/\/starstory.fr\/blog\/#website"},"primaryImageOfPage":{"@id":"https:\/\/starstory.fr\/blog\/celebrites-et-influence-en-france\/les-couples-de-stars-les-plus-discrets-ces-celebrites-qui-protegent-le\/#primaryimage"},"image":{"@id":"https:\/\/starstory.fr\/blog\/celebrites-et-influence-en-france\/les-couples-de-stars-les-plus-discrets-ces-celebrites-qui-protegent-le\/#primaryimage"},"thumbnailUrl":"https:\/\/images.pexels.com\/photos\/34351940\/pexels-photo-34351940.jpeg?auto=compress&cs=tinysrgb&fit=crop&h=627&w=1200","datePublished":"2026-06-06T00:28:35+00:00","description":"Dans un univers o\u00f9 la moindre apparition se monnaie et o\u00f9 chaque sortie main dans la main fait la une, une poign\u00e9e de personnalit\u00e9s a choisi l'inverse","inLanguage":"fr-FR","potentialAction":[{"@type":"ReadAction","target":["https:\/\/starstory.fr\/blog\/celebrites-et-influence-en-france\/les-couples-de-stars-les-plus-discrets-ces-celebrites-qui-protegent-le\/"]}]},{"@type":"ImageObject","inLanguage":"fr-FR","@id":"https:\/\/starstory.fr\/blog\/celebrites-et-influence-en-france\/les-couples-de-stars-les-plus-discrets-ces-celebrites-qui-protegent-le\/#primaryimage","url":"https:\/\/images.pexels.com\/photos\/34351940\/pexels-photo-34351940.jpeg?auto=compress&cs=tinysrgb&fit=crop&h=627&w=1200","contentUrl":"https:\/\/images.pexels.com\/photos\/34351940\/pexels-photo-34351940.jpeg?auto=compress&cs=tinysrgb&fit=crop&h=627&w=1200"},{"@type":"WebSite","@id":"https:\/\/starstory.fr\/blog\/#website","url":"https:\/\/starstory.fr\/blog\/","name":"StarStory","description":"StarStory, les \u00e9toiles racontent leur histoire","publisher":{"@id":"https:\/\/starstory.fr\/blog\/#organization"},"alternateName":"StarStory, les \u00e9toiles racontent leur histoire","potentialAction":[{"@type":"SearchAction","target":{"@type":"EntryPoint","urlTemplate":"https:\/\/starstory.fr\/blog\/?s={search_term_string}"},"query-input":{"@type":"PropertyValueSpecification","valueRequired":true,"valueName":"search_term_string"}}],"inLanguage":"fr-FR"},{"@type":"Organization","@id":"https:\/\/starstory.fr\/blog\/#organization","name":"StarStory","alternateName":"StarStory.fr","url":"https:\/\/starstory.fr\/blog\/","logo":{"@type":"ImageObject","inLanguage":"fr-FR","@id":"https:\/\/starstory.fr\/blog\/#\/schema\/logo\/image\/","url":"https:\/\/starstory.fr\/blog\/wp-content\/uploads\/2024\/12\/38.png","contentUrl":"https:\/\/starstory.fr\/blog\/wp-content\/uploads\/2024\/12\/38.png","width":500,"height":500,"caption":"StarStory"},"image":{"@id":"https:\/\/starstory.fr\/blog\/#\/schema\/logo\/image\/"}},{"@type":"Person","@id":"https:\/\/starstory.fr\/blog\/#\/schema\/person\/3c864cdc320801e3db34b663e7e3f816","name":"Rapha\u00ebl D.","image":{"@type":"ImageObject","inLanguage":"fr-FR","@id":"https:\/\/starstory.fr\/blog\/#\/schema\/person\/image\/","url":"https:\/\/starstory.fr\/blog\/wp-content\/uploads\/2026\/06\/persona_raphael-d-96x96.jpg","contentUrl":"https:\/\/starstory.fr\/blog\/wp-content\/uploads\/2026\/06\/persona_raphael-d-96x96.jpg","caption":"Rapha\u00ebl D."},"description":"La culture est mon terrain de jeu depuis une dizaine d'ann\u00e9es : arts visuels, s\u00e9ries, cr\u00e9ation et tout ce qui nourrit l'imaginaire. J'\u00e9cris aussi bien sur l'actualit\u00e9 des \u0153uvres que sur les coulisses de la cr\u00e9ation, avec l'envie de relier l'amateur curieux \u00e0 des univers parfois jug\u00e9s intimidants. J'aime analyser une s\u00e9rie ou une d\u00e9marche artistique sans p\u00e9dantisme, replacer une \u0153uvre dans son contexte et donner des cl\u00e9s de lecture accessibles. Avant de publier, je v\u00e9rifie mes r\u00e9f\u00e9rences, je recoupe les sources et je distingue clairement le fait de mon interpr\u00e9tation subjective. Je crois qu'une critique vaut surtout par les arguments qu'elle expose, pas par la sentence qu'elle rend. Mon angle : transmettre l'envie de d\u00e9couvrir, de regarder autrement et de se forger son propre go\u00fbt. La culture n'appartient pas qu'aux initi\u00e9s, et c'est tout l'enjeu de mon \u00e9criture.","url":"https:\/\/starstory.fr\/blog\/auteur\/noname\/","jobTitle":"R\u00e9dacteur en chef \u00b7 Culture & Cr\u00e9ation","knowsAbout":["Culture","Cr\u00e9ation"],"email":"raphael.d@a-l-asso-de-l-art.fr"}]}},"_links":{"self":[{"href":"https:\/\/starstory.fr\/blog\/wp-json\/wp\/v2\/posts\/8006","targetHints":{"allow":["GET"]}}],"collection":[{"href":"https:\/\/starstory.fr\/blog\/wp-json\/wp\/v2\/posts"}],"about":[{"href":"https:\/\/starstory.fr\/blog\/wp-json\/wp\/v2\/types\/post"}],"author":[{"embeddable":true,"href":"https:\/\/starstory.fr\/blog\/wp-json\/wp\/v2\/users\/34"}],"replies":[{"embeddable":true,"href":"https:\/\/starstory.fr\/blog\/wp-json\/wp\/v2\/comments?post=8006"}],"version-history":[{"count":0,"href":"https:\/\/starstory.fr\/blog\/wp-json\/wp\/v2\/posts\/8006\/revisions"}],"wp:attachment":[{"href":"https:\/\/starstory.fr\/blog\/wp-json\/wp\/v2\/media?parent=8006"}],"wp:term":[{"taxonomy":"category","embeddable":true,"href":"https:\/\/starstory.fr\/blog\/wp-json\/wp\/v2\/categories?post=8006"},{"taxonomy":"post_tag","embeddable":true,"href":"https:\/\/starstory.fr\/blog\/wp-json\/wp\/v2\/tags?post=8006"}],"curies":[{"name":"wp","href":"https:\/\/api.w.org\/{rel}","templated":true}]}}