{"id":8003,"date":"2026-06-06T02:26:24","date_gmt":"2026-06-06T00:26:24","guid":{"rendered":"https:\/\/starstory.fr\/blog\/celebrites-et-influence-en-france\/kylie-jenner-taille-age-enfants-couple-et-fortune-la-fiche-complete\/"},"modified":"2026-06-06T02:26:24","modified_gmt":"2026-06-06T00:26:24","slug":"kylie-jenner-taille-age-enfants-couple-et-fortune-la-fiche-complete","status":"publish","type":"post","link":"https:\/\/starstory.fr\/blog\/celebrites-et-influence-en-france\/kylie-jenner-taille-age-enfants-couple-et-fortune-la-fiche-complete\/","title":{"rendered":"Kylie Jenner : taille, \u00e2ge, enfants, couple et fortune \u2014 la fiche compl\u00e8te"},"content":{"rendered":"<aside style=\"background:#FBEAF2;border-left:5px solid #B11E6A;padding:22px 28px;margin:24px 0;font-family:-apple-system,BlinkMacSystemFont,'Segoe UI',Roboto,sans-serif;\">\n<div style=\"margin:0;font-size:19px;line-height:1.55;color:#2a2a2a;font-weight:500;letter-spacing:-0.005em;\">\n    N\u00e9e le 10 ao\u00fbt 1997 \u00e0 Los Angeles, Kylie Jenner a 28 ans en 2026. Elle mesure environ 1,60 m, est la fondatrice de Kylie Cosmetics, et m\u00e8re de deux enfants \u2014 Stormi et Aire \u2014 qu&rsquo;elle partage avec le rappeur Travis Scott. Sa fortune est aujourd&rsquo;hui estim\u00e9e autour de 700 millions de dollars. Voici sa fiche compl\u00e8te, v\u00e9rifi\u00e9e et tenue \u00e0 jour.\n  <\/div>\n<\/aside>\n<figure style=\"margin:32px 0;font-family:-apple-system,BlinkMacSystemFont,'Segoe UI',Roboto,sans-serif;\">\n<div style=\"overflow-x:auto;border:1px solid #e5e5e0;border-radius:8px;\">\n<table style=\"width:100%;border-collapse:collapse;font-size:14px;color:#2a2a2a;min-width:500px;\">\n<thead>\n<tr style=\"background:#1a1a1a;color:#fff;\">\n<th style=\"text-align:left;padding:14px 18px;font-weight:700;font-size:12px;text-transform:uppercase;letter-spacing:1.5px;\">Carte d&rsquo;identit\u00e9<\/th>\n<th style=\"text-align:left;padding:14px 18px;font-weight:700;font-size:12px;text-transform:uppercase;letter-spacing:1.5px;\">D\u00e9tail<\/th>\n<\/tr>\n<\/thead>\n<tbody>\n<tr style=\"background:#fff;border-bottom:1px solid #f0ede5;\">\n<td style=\"padding:14px 18px;font-weight:600;\">Nom complet<\/td>\n<td style=\"padding:14px 18px;color:#4a4a4a;\">Kylie Kristen Jenner<\/td>\n<\/tr>\n<tr style=\"background:#fafaf7;border-bottom:1px solid #f0ede5;\">\n<td style=\"padding:14px 18px;font-weight:600;\">Naissance<\/td>\n<td style=\"padding:14px 18px;color:#4a4a4a;\">10 ao\u00fbt 1997, Los Angeles (Californie, \u00c9tats-Unis)<\/td>\n<\/tr>\n<tr style=\"background:#fff;border-bottom:1px solid #f0ede5;\">\n<td style=\"padding:14px 18px;font-weight:600;\">\u00c2ge<\/td>\n<td style=\"padding:14px 18px;color:#4a4a4a;\">28 ans (en 2026)<\/td>\n<\/tr>\n<tr style=\"background:#fafaf7;border-bottom:1px solid #f0ede5;\">\n<td style=\"padding:14px 18px;font-weight:600;\">Taille<\/td>\n<td style=\"padding:14px 18px;color:#4a4a4a;\">Environ 1,60 m<\/td>\n<\/tr>\n<tr style=\"background:#fff;border-bottom:1px solid #f0ede5;\">\n<td style=\"padding:14px 18px;font-weight:600;\">Nationalit\u00e9<\/td>\n<td style=\"padding:14px 18px;color:#4a4a4a;\">Am\u00e9ricaine<\/td>\n<\/tr>\n<tr style=\"background:#fafaf7;border-bottom:1px solid #f0ede5;\">\n<td style=\"padding:14px 18px;font-weight:600;\">Profession<\/td>\n<td style=\"padding:14px 18px;color:#4a4a4a;\">Femme d&rsquo;affaires, influenceuse, personnalit\u00e9 de t\u00e9l\u00e9-r\u00e9alit\u00e9<\/td>\n<\/tr>\n<tr style=\"background:#fff;\">\n<td style=\"padding:14px 18px;font-weight:600;\">Enfants<\/td>\n<td style=\"padding:14px 18px;color:#4a4a4a;\">Stormi (2018) et Aire (2022), avec Travis Scott<\/td>\n<\/tr>\n<\/tbody>\n<\/table><\/div>\n<\/figure>\n<h2>Biographie et famille : la benjamine du clan Kardashian-Jenner<\/h2>\n<p>Kylie Kristen Jenner na\u00eet le 10 ao\u00fbt 1997 \u00e0 Los Angeles. Elle est la plus jeune fille de Kris Jenner, momager embl\u00e9matique du clan, et de Caitlyn Jenner (anciennement Bruce Jenner), champion olympique de d\u00e9cathlon. Du c\u00f4t\u00e9 maternel, elle a une s\u0153ur de m\u00eame p\u00e8re et m\u00e8re, Kendall Jenner, devenue l&rsquo;un des top-models les plus demand\u00e9s de la plan\u00e8te.<\/p>\n<p>Mais la famille Kylie ne se r\u00e9sume pas \u00e0 ce duo. Par sa m\u00e8re, elle compte aussi quatre demi-s\u0153urs et fr\u00e8res issus du premier mariage de Kris avec l&rsquo;avocat Robert Kardashian : Kourtney, Kim, Khlo\u00e9 et Rob Kardashian. C&rsquo;est cet immense \u00e9cosyst\u00e8me familial que le monde entier a appris \u00e0 conna\u00eetre via la t\u00e9l\u00e9-r\u00e9alit\u00e9.<\/p>\n<aside style=\"background:#FBEAF2;border-left:4px solid #B11E6A;padding:14px 18px;margin:18px 0;border-radius:0 4px 4px 0;font-family:-apple-system,BlinkMacSystemFont,'Segoe UI',Roboto,sans-serif;\">\n  <strong style=\"display:inline-block;color:#B11E6A;font-size:12px;text-transform:uppercase;letter-spacing:1.5px;margin-right:8px;\">&#128161; Bon \u00e0 savoir<\/strong><br \/>\n  <span style=\"font-size:14.5px;line-height:1.55;color:#3a3a3a;\">Kylie n&rsquo;avait que 10 ans lors du lancement de l&rsquo;\u00e9mission \u00ab\u00a0L&rsquo;incroyable famille Kardashian\u00a0\u00bb (Keeping Up with the Kardashians) en 2007. Elle a litt\u00e9ralement grandi sous l&rsquo;\u0153il des cam\u00e9ras.<\/span><br \/>\n<\/aside>\n<p>L&rsquo;\u00e9mission, diffus\u00e9e pendant vingt saisons jusqu&rsquo;en 2021, a propuls\u00e9 toute la famille au rang d&rsquo;ic\u00f4nes de la culture populaire am\u00e9ricaine. Pour Kylie, ce fut le tremplin d&rsquo;une notori\u00e9t\u00e9 qu&rsquo;elle a ensuite su transformer en empire \u00e9conomique, bien au-del\u00e0 du petit \u00e9cran.<\/p>\n<h2>Le business Kylie Cosmetics : de l&rsquo;adolescente au ph\u00e9nom\u00e8ne mondial<\/h2>\n<p>L&rsquo;histoire entrepreneuriale de Kylie Jenner d\u00e9marre fin 2015. \u00c0 18 ans, elle investit environ 250 000 dollars issus de ses revenus de mannequinat pour produire ses premiers \u00ab\u00a0Lip Kits\u00a0\u00bb \u2014 des coffrets associant un crayon et un rouge \u00e0 l\u00e8vres liquide. La premi\u00e8re fournie de 15 000 kits, vendus 29 dollars pi\u00e8ce, s&rsquo;\u00e9coule en quelques minutes lors du lancement, le 30 novembre 2015.<\/p>\n<aside style=\"background:#fafaf7;border:1px solid #e5e5e0;border-radius:8px;padding:24px 26px 26px;margin:28px 0;font-family:-apple-system,BlinkMacSystemFont,'Segoe UI',Roboto,sans-serif;\">\n<div style=\"margin:0 0 18px 0;font-size:11px;font-weight:700;text-transform:uppercase;letter-spacing:2.2px;color:#B11E6A;\">\u00c0 retenir sur l&#8217;empire beaut\u00e9<\/div>\n<div style=\"display:grid;grid-template-columns:repeat(auto-fit,minmax(240px,1fr));gap:10px;\">\n<div style=\"display:flex;gap:12px;background:#fff;border:1px solid #ebebe5;padding:12px 14px;border-radius:6px;align-items:flex-start;\">\n      <span style=\"flex:0 0 26px;width:26px;height:26px;background:#B11E6A;color:#fff;border-radius:50%;display:inline-flex;align-items:center;justify-content:center;font-size:12px;font-weight:700;font-family:-apple-system,sans-serif;\">1<\/span><br \/>\n      <span style=\"font-size:14px;line-height:1.5;color:#2a2a2a;\">Kylie Cosmetics est lanc\u00e9e en novembre 2015 avec les fameux Lip Kits.<\/span>\n    <\/div>\n<div style=\"display:flex;gap:12px;background:#fff;border:1px solid #ebebe5;padding:12px 14px;border-radius:6px;align-items:flex-start;\">\n      <span style=\"flex:0 0 26px;width:26px;height:26px;background:#B11E6A;color:#fff;border-radius:50%;display:inline-flex;align-items:center;justify-content:center;font-size:12px;font-weight:700;font-family:-apple-system,sans-serif;\">2<\/span><br \/>\n      <span style=\"font-size:14px;line-height:1.5;color:#2a2a2a;\">Le mod\u00e8le repose sur une distribution en ligne et une promotion massive via les r\u00e9seaux sociaux.<\/span>\n    <\/div>\n<div style=\"display:flex;gap:12px;background:#fff;border:1px solid #ebebe5;padding:12px 14px;border-radius:6px;align-items:flex-start;\">\n      <span style=\"flex:0 0 26px;width:26px;height:26px;background:#B11E6A;color:#fff;border-radius:50%;display:inline-flex;align-items:center;justify-content:center;font-size:12px;font-weight:700;font-family:-apple-system,sans-serif;\">3<\/span><br \/>\n      <span style=\"font-size:14px;line-height:1.5;color:#2a2a2a;\">En janvier 2020, le groupe Coty rach\u00e8te 51 % de la marque pour environ 600 millions de dollars.<\/span>\n    <\/div>\n<div style=\"display:flex;gap:12px;background:#fff;border:1px solid #ebebe5;padding:12px 14px;border-radius:6px;align-items:flex-start;\">\n      <span style=\"flex:0 0 26px;width:26px;height:26px;background:#B11E6A;color:#fff;border-radius:50%;display:inline-flex;align-items:center;justify-content:center;font-size:12px;font-weight:700;font-family:-apple-system,sans-serif;\">4<\/span><br \/>\n      <span style=\"font-size:14px;line-height:1.5;color:#2a2a2a;\">Kylie conserve une part minoritaire et reste le visage de sa marque.<\/span>\n    <\/div>\n<div style=\"display:flex;gap:12px;background:#fff;border:1px solid #ebebe5;padding:12px 14px;border-radius:6px;align-items:flex-start;\">\n      <span style=\"flex:0 0 26px;width:26px;height:26px;background:#B11E6A;color:#fff;border-radius:50%;display:inline-flex;align-items:center;justify-content:center;font-size:12px;font-weight:700;font-family:-apple-system,sans-serif;\">5<\/span><br \/>\n      <span style=\"font-size:14px;line-height:1.5;color:#2a2a2a;\">Elle a depuis diversifi\u00e9 ses activit\u00e9s : soin de la peau, mode (Khy) et autres lignes.<\/span>\n    <\/div>\n<\/p><\/div>\n<\/aside>\n<p>Le succ\u00e8s repose sur un cocktail redoutable : une demande cr\u00e9\u00e9e \u00e0 coups de stories Instagram et Snapchat, une raret\u00e9 organis\u00e9e (drops en quantit\u00e9s limit\u00e9es), et une audience colossale qui suit chaque publication. Kylie Cosmetics devient l&rsquo;un des cas d&rsquo;\u00e9cole les plus cit\u00e9s en marketing d&rsquo;influence.<\/p>\n<p>En janvier 2020, le g\u00e9ant des cosm\u00e9tiques Coty acquiert 51 % de la soci\u00e9t\u00e9 pour une base d&rsquo;environ 600 millions de dollars, valorisant l&rsquo;ensemble autour de 1,2 milliard. Kylie reste actionnaire minoritaire et ambassadrice de sa propre marque. Elle a depuis \u00e9tendu son catalogue \u00e0 des lignes de soin, puis lanc\u00e9 une marque de mode, Khy, autour de 2023.<\/p>\n<figure style=\"margin:38px auto;padding:28px 24px;text-align:center;border-top:1px solid #2a2a2a;border-bottom:1px solid #2a2a2a;max-width:640px;position:relative;font-family:Georgia,'Hoefler Text',serif;\">\n<div style=\"position:absolute;top:-20px;left:50%;transform:translateX(-50%);background:#ffffff;padding:0 14px;font-size:48px;line-height:1;color:#B11E6A;font-family:Georgia,serif;\">&laquo;<\/div>\n<blockquote style=\"margin:0;padding:0;font-size:24px;line-height:1.45;font-style:italic;color:#1a1a1a;letter-spacing:-0.005em;\"><p>\n    Une marque de cosm\u00e9tiques n\u00e9e d&rsquo;un compte Instagram et devenue, en quelques ann\u00e9es, un actif valoris\u00e9 en milliard de dollars.<br \/>\n  <\/blockquote><figcaption style=\"margin-top:14px;font-size:12px;text-transform:uppercase;letter-spacing:2px;color:#6a6a6a;font-family:-apple-system,sans-serif;font-style:normal;\">\u2014 Le ph\u00e9nom\u00e8ne Kylie Cosmetics<\/figcaption><\/figure>\n<h2>Taille et physique : une silhouette qui fait jaser<\/h2>\n<p>La taille de Kylie Jenner alimente r\u00e9guli\u00e8rement les recherches. Les sources publiques s&rsquo;accordent g\u00e9n\u00e9ralement sur une taille d&rsquo;environ 1,60 m. C&rsquo;est une mesure \u00e0 prendre comme une estimation : aucune donn\u00e9e officielle certifi\u00e9e n&rsquo;existe et les chiffres avanc\u00e9s varient l\u00e9g\u00e8rement d&rsquo;un m\u00e9dia \u00e0 l&rsquo;autre.<\/p>\n<figure style=\"margin:32px 0;padding:0;font-family:-apple-system,BlinkMacSystemFont,'Segoe UI',Roboto,sans-serif;\">\n<div style=\"display:grid;grid-template-columns:repeat(auto-fit,minmax(140px,1fr));background:#1a1a1a;border-radius:6px;overflow:hidden;\">\n<div style=\"padding:22px 16px;text-align:center;border-right:1px solid #2f2f2f;\">\n<div style=\"font-size:36px;font-weight:900;color:#fff;letter-spacing:-0.04em;line-height:1;\">~1,60 m<\/div>\n<div style=\"font-size:11px;text-transform:uppercase;letter-spacing:1.5px;color:#9a9a9a;margin-top:8px;\">taille estim\u00e9e<\/div>\n<\/p><\/div>\n<div style=\"padding:22px 16px;text-align:center;border-right:1px solid #2f2f2f;\">\n<div style=\"font-size:36px;font-weight:900;color:#fff;letter-spacing:-0.04em;line-height:1;\">28 ans<\/div>\n<div style=\"font-size:11px;text-transform:uppercase;letter-spacing:1.5px;color:#9a9a9a;margin-top:8px;\">\u00e2ge en 2026<\/div>\n<\/p><\/div>\n<div style=\"padding:22px 16px;text-align:center;\">\n<div style=\"font-size:36px;font-weight:900;color:#B11E6A;letter-spacing:-0.04em;line-height:1;\">2<\/div>\n<div style=\"font-size:11px;text-transform:uppercase;letter-spacing:1.5px;color:#9a9a9a;margin-top:8px;\">enfants<\/div>\n<\/p><\/div>\n<\/p><\/div><figcaption style=\"font-size:11px;color:#7a7a7a;margin-top:8px;text-align:right;letter-spacing:0.3px;\">Donn\u00e9es indicatives \u2014 taille estim\u00e9e, non officielle.<\/figcaption><\/figure>\n<p>Au-del\u00e0 du chiffre, Kylie est aussi connue pour avoir longtemps fait la une avec son apparence. Elle a publiquement reconnu, d\u00e8s 2015, avoir eu recours \u00e0 des injections au niveau des l\u00e8vres, un aveu qui avait aliment\u00e9 la fameuse tendance du \u00ab\u00a0Kylie Jenner Lip Challenge\u00a0\u00bb. Plus r\u00e9cemment, elle a \u00e9voqu\u00e9 des choix esth\u00e9tiques personnels, abordant le sujet avec une transparence relative qui tranche avec le silence habituel des c\u00e9l\u00e9brit\u00e9s sur ces questions.<\/p>\n<h2>Vie priv\u00e9e et enfants : Stormi, Aire et la relation avec Travis Scott<\/h2>\n<p>C\u00f4t\u00e9 vie priv\u00e9e, Kylie Jenner a longtemps \u00e9t\u00e9 en couple avec le rappeur Travis Scott (de son vrai nom Jacques Webster). De cette relation sont n\u00e9s deux enfants. Stormi Webster vient au monde le 1er f\u00e9vrier 2018, apr\u00e8s une grossesse que Kylie avait gard\u00e9e secr\u00e8te, \u00e0 la surprise g\u00e9n\u00e9rale. Son second enfant, un gar\u00e7on pr\u00e9nomm\u00e9 Aire Webster, na\u00eet le 2 f\u00e9vrier 2022.<\/p>\n<aside style=\"background:#fff7e0;border-left:4px solid #d4a017;padding:14px 18px;margin:18px 0;border-radius:0 4px 4px 0;font-family:-apple-system,BlinkMacSystemFont,'Segoe UI',Roboto,sans-serif;\">\n  <strong style=\"display:inline-block;color:#7a5e00;font-size:12px;text-transform:uppercase;letter-spacing:1.5px;margin-right:8px;\">&#9888;&#65039; \u00c0 noter<\/strong><br \/>\n  <span style=\"font-size:14.5px;line-height:1.55;color:#3a3a3a;\">Le second enfant de Kylie et Travis Scott a d&rsquo;abord \u00e9t\u00e9 pr\u00e9nomm\u00e9 \u00ab\u00a0Wolf\u00a0\u00bb \u00e0 sa naissance, avant que le couple ne change finalement d&rsquo;avis pour \u00ab\u00a0Aire\u00a0\u00bb \u2014 une particularit\u00e9 largement relay\u00e9e \u00e0 l&rsquo;\u00e9poque.<\/span><br \/>\n<\/aside>\n<p>La relation entre Kylie et Travis Scott a connu plusieurs s\u00e9parations et r\u00e9conciliations au fil des ann\u00e9es, sans qu&rsquo;ils n&rsquo;aient jamais \u00e9t\u00e9 mari\u00e9s. Ils restent co-parents de leurs deux enfants.<\/p>\n<p>Depuis 2023, Kylie Jenner est en couple avec l&rsquo;acteur Timoth\u00e9e Chalamet, oscarisable star de Dune et de Marty Supreme. Longtemps discret, le couple a officialis\u00e9 sa relation au fil d&rsquo;apparitions publiques. En janvier 2026, lors des Critics&rsquo; Choice Awards, Timoth\u00e9e Chalamet a \u00e9voqu\u00e9 publiquement sa \u00ab\u00a0partenaire\u00a0\u00bb et leurs trois ann\u00e9es de relation. Le couple, qui a travers\u00e9 une br\u00e8ve p\u00e9riode de tensions fin 2025, appara\u00eet toujours ensemble en 2026, notamment lors d&rsquo;\u00e9v\u00e9nements sportifs et de c\u00e9r\u00e9monies. \u00c0 la date de publication, leur relation est donc active.<\/p>\n<div style=\"display:grid;grid-template-columns:repeat(auto-fit,minmax(220px,1fr));gap:14px;margin:28px 0;font-family:-apple-system,BlinkMacSystemFont,'Segoe UI',Roboto,sans-serif;\">\n<article style=\"background:#fff;border:1px solid #e5e5e0;border-top:3px solid #B11E6A;border-radius:6px;padding:18px 18px 16px;\">\n<div style=\"width:36px;height:36px;background:#FBEAF2;border-radius:50%;display:inline-flex;align-items:center;justify-content:center;margin-bottom:12px;\">\n      <span style=\"font-size:18px;color:#B11E6A;font-weight:900;font-family:Georgia,serif;\">01<\/span>\n    <\/div>\n<h3 style=\"margin:0 0 6px 0;font-size:16px;font-weight:700;color:#1a1a1a;letter-spacing:-0.01em;\">Stormi Webster<\/h3>\n<div style=\"margin:0;font-size:13.5px;line-height:1.55;color:#4a4a4a;\">N\u00e9e le 1er f\u00e9vrier 2018. Premi\u00e8re enfant du couple Kylie\u2013Travis Scott.<\/div>\n<\/article>\n<article style=\"background:#fff;border:1px solid #e5e5e0;border-top:3px solid #B11E6A;border-radius:6px;padding:18px 18px 16px;\">\n<div style=\"width:36px;height:36px;background:#FBEAF2;border-radius:50%;display:inline-flex;align-items:center;justify-content:center;margin-bottom:12px;\">\n      <span style=\"font-size:18px;color:#B11E6A;font-weight:900;font-family:Georgia,serif;\">02<\/span>\n    <\/div>\n<h3 style=\"margin:0 0 6px 0;font-size:16px;font-weight:700;color:#1a1a1a;letter-spacing:-0.01em;\">Aire Webster<\/h3>\n<div style=\"margin:0;font-size:13.5px;line-height:1.55;color:#4a4a4a;\">N\u00e9 le 2 f\u00e9vrier 2022. Second enfant, d&rsquo;abord pr\u00e9nomm\u00e9 Wolf.<\/div>\n<\/article>\n<article style=\"background:#fff;border:1px solid #e5e5e0;border-top:3px solid #B11E6A;border-radius:6px;padding:18px 18px 16px;\">\n<div style=\"width:36px;height:36px;background:#FBEAF2;border-radius:50%;display:inline-flex;align-items:center;justify-content:center;margin-bottom:12px;\">\n      <span style=\"font-size:18px;color:#B11E6A;font-weight:900;font-family:Georgia,serif;\">03<\/span>\n    <\/div>\n<h3 style=\"margin:0 0 6px 0;font-size:16px;font-weight:700;color:#1a1a1a;letter-spacing:-0.01em;\">Timoth\u00e9e Chalamet<\/h3>\n<div style=\"margin:0;font-size:13.5px;line-height:1.55;color:#4a4a4a;\">Compagnon actuel depuis 2023, relation officialis\u00e9e publiquement.<\/div>\n<\/article>\n<\/div>\n<h2>Fortune estim\u00e9e : milliardaire ou pas ? La pol\u00e9mique Forbes<\/h2>\n<p>La question de la fortune de Kylie Jenner m\u00e9rite des nuances. En mars 2019, le magazine Forbes la sacre \u00ab\u00a0plus jeune milliardaire self-made de l&rsquo;histoire\u00a0\u00bb, \u00e0 seulement 21 ans, faisant la une avec ce statut. Mais en mai 2020, Forbes fait volte-face : le magazine accuse l&rsquo;entourage de Kylie d&rsquo;avoir gonfl\u00e9 les chiffres d&rsquo;affaires de Kylie Cosmetics et retire le titre de milliardaire, recalculant sa fortune \u00e0 environ 900 millions de dollars.<\/p>\n<figure style=\"margin:38px auto;padding:28px 24px;text-align:center;border-top:1px solid #2a2a2a;border-bottom:1px solid #2a2a2a;max-width:640px;position:relative;font-family:Georgia,'Hoefler Text',serif;\">\n<div style=\"position:absolute;top:-20px;left:50%;transform:translateX(-50%);background:#ffffff;padding:0 14px;font-size:48px;line-height:1;color:#B11E6A;font-family:Georgia,serif;\">&laquo;<\/div>\n<blockquote style=\"margin:0;padding:0;font-size:24px;line-height:1.45;font-style:italic;color:#1a1a1a;letter-spacing:-0.005em;\"><p>\n    Sacr\u00e9e plus jeune milliardaire de l&rsquo;histoire en 2019, d\u00e9chue de ce titre par Forbes d\u00e8s 2020 : le statut de Kylie reste sujet \u00e0 d\u00e9bat.<br \/>\n  <\/blockquote><figcaption style=\"margin-top:14px;font-size:12px;text-transform:uppercase;letter-spacing:2px;color:#6a6a6a;font-family:-apple-system,sans-serif;font-style:normal;\">\u2014 La pol\u00e9mique de la fortune<\/figcaption><\/figure>\n<p>Aujourd&rsquo;hui, les estimations publiques placent sa fortune autour de 700 millions de dollars, avec une fourchette qui varie selon les sources (g\u00e9n\u00e9ralement entre 650 et 750 millions). Cette richesse repose sur sa participation restante dans Kylie Cosmetics, ses revenus d&rsquo;influenceuse, ses partenariats, et son patrimoine immobilier en Californie. Toute estimation chiffr\u00e9e doit donc \u00eatre lue comme une approximation : les patrimoines des c\u00e9l\u00e9brit\u00e9s ne sont pas des donn\u00e9es publiques certifi\u00e9es.<\/p>\n<aside style=\"background:#FBEAF2;border-left:4px solid #B11E6A;padding:14px 18px;margin:18px 0;border-radius:0 4px 4px 0;font-family:-apple-system,BlinkMacSystemFont,'Segoe UI',Roboto,sans-serif;\">\n  <strong style=\"display:inline-block;color:#B11E6A;font-size:12px;text-transform:uppercase;letter-spacing:1.5px;margin-right:8px;\">&#10022; \u00c0 garder en t\u00eate<\/strong><br \/>\n  <span style=\"font-size:14.5px;line-height:1.55;color:#3a3a3a;\">Qu&rsquo;elle soit ou non techniquement \u00ab\u00a0milliardaire\u00a0\u00bb, Kylie Jenner reste l&rsquo;une des femmes les plus riches issues de l&rsquo;industrie de l&rsquo;influence \u2014 un statut que personne ne conteste.<\/span><br \/>\n<\/aside>\n<h2>Anecdotes : ce que l&rsquo;on retient de Kylie Jenner<\/h2>\n<div style=\"display:grid;grid-template-columns:repeat(auto-fit,minmax(220px,1fr));gap:14px;margin:28px 0;font-family:-apple-system,BlinkMacSystemFont,'Segoe UI',Roboto,sans-serif;\">\n<article style=\"background:#fff;border:1px solid #e5e5e0;border-top:3px solid #B11E6A;border-radius:6px;padding:18px 18px 16px;\">\n<div style=\"width:36px;height:36px;background:#FBEAF2;border-radius:50%;display:inline-flex;align-items:center;justify-content:center;margin-bottom:12px;\">\n      <span style=\"font-size:18px;color:#B11E6A;font-weight:900;font-family:Georgia,serif;\">01<\/span>\n    <\/div>\n<h3 style=\"margin:0 0 6px 0;font-size:16px;font-weight:700;color:#1a1a1a;letter-spacing:-0.01em;\">Reine d&rsquo;Instagram<\/h3>\n<div style=\"margin:0;font-size:13.5px;line-height:1.55;color:#4a4a4a;\">Kylie figure parmi les comptes Instagram les plus suivis au monde, avec des centaines de millions d&rsquo;abonn\u00e9s.<\/div>\n<\/article>\n<article style=\"background:#fff;border:1px solid #e5e5e0;border-top:3px solid #B11E6A;border-radius:6px;padding:18px 18px 16px;\">\n<div style=\"width:36px;height:36px;background:#FBEAF2;border-radius:50%;display:inline-flex;align-items:center;justify-content:center;margin-bottom:12px;\">\n      <span style=\"font-size:18px;color:#B11E6A;font-weight:900;font-family:Georgia,serif;\">02<\/span>\n    <\/div>\n<h3 style=\"margin:0 0 6px 0;font-size:16px;font-weight:700;color:#1a1a1a;letter-spacing:-0.01em;\">\u00ab\u00a0King Kylie\u00a0\u00bb<\/h3>\n<div style=\"margin:0;font-size:13.5px;line-height:1.55;color:#4a4a4a;\">Surnom-culte de ses fans, devenu aussi le nom de la holding rachet\u00e9e par Coty.<\/div>\n<\/article>\n<article style=\"background:#fff;border:1px solid #e5e5e0;border-top:3px solid #B11E6A;border-radius:6px;padding:18px 18px 16px;\">\n<div style=\"width:36px;height:36px;background:#FBEAF2;border-radius:50%;display:inline-flex;align-items:center;justify-content:center;margin-bottom:12px;\">\n      <span style=\"font-size:18px;color:#B11E6A;font-weight:900;font-family:Georgia,serif;\">03<\/span>\n    <\/div>\n<h3 style=\"margin:0 0 6px 0;font-size:16px;font-weight:700;color:#1a1a1a;letter-spacing:-0.01em;\">Grossesse secr\u00e8te<\/h3>\n<div style=\"margin:0;font-size:13.5px;line-height:1.55;color:#4a4a4a;\">Elle a cach\u00e9 sa premi\u00e8re grossesse au public jusqu&rsquo;\u00e0 la naissance de Stormi, en 2018.<\/div>\n<\/article>\n<article style=\"background:#fff;border:1px solid #e5e5e0;border-top:3px solid #B11E6A;border-radius:6px;padding:18px 18px 16px;\">\n<div style=\"width:36px;height:36px;background:#FBEAF2;border-radius:50%;display:inline-flex;align-items:center;justify-content:center;margin-bottom:12px;\">\n      <span style=\"font-size:18px;color:#B11E6A;font-weight:900;font-family:Georgia,serif;\">04<\/span>\n    <\/div>\n<h3 style=\"margin:0 0 6px 0;font-size:16px;font-weight:700;color:#1a1a1a;letter-spacing:-0.01em;\">Marque de mode Khy<\/h3>\n<div style=\"margin:0;font-size:13.5px;line-height:1.55;color:#4a4a4a;\">Au-del\u00e0 des cosm\u00e9tiques, elle a lanc\u00e9 sa propre ligne de pr\u00eat-\u00e0-porter, Khy.<\/div>\n<\/article>\n<\/div>\n<p>Au fond, Kylie Jenner incarne une trajectoire typique de sa g\u00e9n\u00e9ration : partie d&rsquo;une c\u00e9l\u00e9brit\u00e9 h\u00e9rit\u00e9e de la t\u00e9l\u00e9-r\u00e9alit\u00e9 familiale, elle a su construire, par les r\u00e9seaux sociaux, un capital \u00e9conomique et une influence qui d\u00e9passent largement le cadre du divertissement. Qu&rsquo;on la suive pour son business, sa famille ou ses choix de vie, elle reste l&rsquo;une des personnalit\u00e9s les plus scrut\u00e9es de la plan\u00e8te.<\/p>\n<section style=\"margin:32px 0;font-family:-apple-system,BlinkMacSystemFont,'Segoe UI',Roboto,sans-serif;\">\n<h2 style=\"margin:0 0 18px 0;font-size:22px;font-weight:800;color:#1a1a1a;letter-spacing:-0.01em;\">Questions fr\u00e9quentes sur Kylie Jenner<\/h2>\n<div style=\"border-top:1px solid #d4cfc4;\">\n<details style=\"border-bottom:1px solid #d4cfc4;padding:0;\">\n<summary style=\"cursor:pointer;padding:16px 0;font-size:17px;font-weight:700;color:#1a1a1a;list-style:none;display:flex;justify-content:space-between;align-items:center;gap:14px;\">\n        <span>Quelle est la taille de Kylie Jenner ?<\/span><br \/>\n        <span style=\"font-size:22px;font-weight:300;color:#B11E6A;line-height:1;\">+<\/span><br \/>\n      <\/summary>\n<div style=\"padding:0 0 16px 0;font-size:15px;line-height:1.7;color:#4a4a4a;\">Les sources publiques s&rsquo;accordent sur une taille d&rsquo;environ 1,60 m. Il s&rsquo;agit d&rsquo;une estimation, aucune mesure officielle certifi\u00e9e n&rsquo;\u00e9tant disponible.<\/div>\n<\/details>\n<details style=\"border-bottom:1px solid #d4cfc4;padding:0;\">\n<summary style=\"cursor:pointer;padding:16px 0;font-size:17px;font-weight:700;color:#1a1a1a;list-style:none;display:flex;justify-content:space-between;align-items:center;gap:14px;\">\n        <span>Quel \u00e2ge a Kylie Jenner ?<\/span><br \/>\n        <span style=\"font-size:22px;font-weight:300;color:#B11E6A;line-height:1;\">+<\/span><br \/>\n      <\/summary>\n<div style=\"padding:0 0 16px 0;font-size:15px;line-height:1.7;color:#4a4a4a;\">N\u00e9e le 10 ao\u00fbt 1997 \u00e0 Los Angeles, Kylie Jenner a 28 ans en 2026.<\/div>\n<\/details>\n<details style=\"border-bottom:1px solid #d4cfc4;padding:0;\">\n<summary style=\"cursor:pointer;padding:16px 0;font-size:17px;font-weight:700;color:#1a1a1a;list-style:none;display:flex;justify-content:space-between;align-items:center;gap:14px;\">\n        <span>Combien d&rsquo;enfants a Kylie Jenner et avec qui ?<\/span><br \/>\n        <span style=\"font-size:22px;font-weight:300;color:#B11E6A;line-height:1;\">+<\/span><br \/>\n      <\/summary>\n<div style=\"padding:0 0 16px 0;font-size:15px;line-height:1.7;color:#4a4a4a;\">Elle a deux enfants, Stormi (n\u00e9e en 2018) et Aire (n\u00e9 en 2022), tous deux issus de sa relation avec le rappeur Travis Scott.<\/div>\n<\/details>\n<details style=\"border-bottom:1px solid #d4cfc4;padding:0;\">\n<summary style=\"cursor:pointer;padding:16px 0;font-size:17px;font-weight:700;color:#1a1a1a;list-style:none;display:flex;justify-content:space-between;align-items:center;gap:14px;\">\n        <span>Avec qui Kylie Jenner est-elle en couple ?<\/span><br \/>\n        <span style=\"font-size:22px;font-weight:300;color:#B11E6A;line-height:1;\">+<\/span><br \/>\n      <\/summary>\n<div style=\"padding:0 0 16px 0;font-size:15px;line-height:1.7;color:#4a4a4a;\">Depuis 2023, Kylie Jenner est en couple avec l&rsquo;acteur Timoth\u00e9e Chalamet. Leur relation, officialis\u00e9e publiquement, \u00e9tait toujours active \u00e0 la date de publication.<\/div>\n<\/details>\n<details style=\"padding:0;\">\n<summary style=\"cursor:pointer;padding:16px 0;font-size:17px;font-weight:700;color:#1a1a1a;list-style:none;display:flex;justify-content:space-between;align-items:center;gap:14px;\">\n        <span>Quelle est la fortune de Kylie Jenner ?<\/span><br \/>\n        <span style=\"font-size:22px;font-weight:300;color:#B11E6A;line-height:1;\">+<\/span><br \/>\n      <\/summary>\n<div style=\"padding:0 0 16px 0;font-size:15px;line-height:1.7;color:#4a4a4a;\">Sa fortune est aujourd&rsquo;hui estim\u00e9e autour de 700 millions de dollars (entre 650 et 750 millions selon les sources). Sacr\u00e9e milliardaire par Forbes en 2019, elle a \u00e9t\u00e9 d\u00e9chue de ce titre par le m\u00eame magazine d\u00e8s 2020, qui accusait son entourage d&rsquo;avoir gonfl\u00e9 les chiffres. Ces montants restent des estimations.<\/div>\n<\/details><\/div>\n<\/section>\n<p style=\"font-size:13px;color:#6a6a6a;margin-top:32px;\">Sources : Wikip\u00e9dia et donn\u00e9es publiques. Article mis \u00e0 jour r\u00e9guli\u00e8rement.<\/p>\n","protected":false},"excerpt":{"rendered":"","protected":false},"author":42,"featured_media":999999999,"comment_status":"open","ping_status":"open","sticky":false,"template":"","format":"standard","meta":{"_acf_changed":false,"manual_indexmenow":false,"indexmenow_id_project":0,"footnotes":""},"categories":[4524],"tags":[],"class_list":["post-8003","post","type-post","status-publish","format-standard","has-post-thumbnail","hentry","category-celebrites-et-influence-en-france","generate-columns","tablet-grid-50","mobile-grid-100","grid-parent","grid-25"],"acf":[],"yoast_head":"<!-- This site is optimized with the Yoast SEO Premium plugin v21.3 (Yoast SEO v26.5) - https:\/\/yoast.com\/wordpress\/plugins\/seo\/ -->\n<title>Kylie Jenner : taille, \u00e2ge, enfants, couple et fortune<\/title>\n<meta name=\"description\" content=\"N\u00e9e le 10 ao\u00fbt 1997 \u00e0 Los Angeles, Kylie Jenner a 28 ans en 2026. Elle mesure environ 1,60 m, est la fondatrice de Kylie Cosmetics, et m\u00e8re de deux\" \/>\n<meta name=\"robots\" content=\"index, follow, max-snippet:-1, max-image-preview:large, max-video-preview:-1\" \/>\n<link rel=\"canonical\" href=\"https:\/\/starstory.fr\/blog\/celebrites-et-influence-en-france\/kylie-jenner-taille-age-enfants-couple-et-fortune-la-fiche-complete\/\" \/>\n<meta property=\"og:locale\" content=\"fr_FR\" \/>\n<meta property=\"og:type\" content=\"article\" \/>\n<meta property=\"og:title\" content=\"Kylie Jenner : taille, \u00e2ge, enfants, couple et fortune\" \/>\n<meta property=\"og:description\" content=\"N\u00e9e le 10 ao\u00fbt 1997 \u00e0 Los Angeles, Kylie Jenner a 28 ans en 2026. Elle mesure environ 1,60 m, est la fondatrice de Kylie Cosmetics, et m\u00e8re de deux\" \/>\n<meta property=\"og:url\" content=\"https:\/\/starstory.fr\/blog\/celebrites-et-influence-en-france\/kylie-jenner-taille-age-enfants-couple-et-fortune-la-fiche-complete\/\" \/>\n<meta property=\"og:site_name\" content=\"starstory\" \/>\n<meta name=\"author\" content=\"Antoine Ferrand\" \/>\n<meta name=\"twitter:card\" content=\"summary_large_image\" \/>\n<script type=\"application\/ld+json\" class=\"yoast-schema-graph\">{\"@context\":\"https:\/\/schema.org\",\"@graph\":[{\"@type\":\"NewsArticle\",\"@id\":\"https:\/\/starstory.fr\/blog\/celebrites-et-influence-en-france\/kylie-jenner-taille-age-enfants-couple-et-fortune-la-fiche-complete\/#article\",\"isPartOf\":{\"@id\":\"https:\/\/starstory.fr\/blog\/celebrites-et-influence-en-france\/kylie-jenner-taille-age-enfants-couple-et-fortune-la-fiche-complete\/\"},\"author\":{\"name\":\"Antoine Ferrand\",\"@id\":\"https:\/\/starstory.fr\/blog\/#\/schema\/person\/2d9dd3a73cf4dcbc428e866589dd5882\"},\"headline\":\"Kylie Jenner : taille, \u00e2ge, enfants, couple et fortune \u2014 la fiche compl\u00e8te\",\"datePublished\":\"2026-06-06T00:26:24+00:00\",\"mainEntityOfPage\":{\"@id\":\"https:\/\/starstory.fr\/blog\/celebrites-et-influence-en-france\/kylie-jenner-taille-age-enfants-couple-et-fortune-la-fiche-complete\/\"},\"wordCount\":1652,\"commentCount\":0,\"publisher\":{\"@id\":\"https:\/\/starstory.fr\/blog\/#organization\"},\"image\":{\"@id\":\"https:\/\/starstory.fr\/blog\/celebrites-et-influence-en-france\/kylie-jenner-taille-age-enfants-couple-et-fortune-la-fiche-complete\/#primaryimage\"},\"thumbnailUrl\":\"https:\/\/images.pexels.com\/photos\/37962720\/pexels-photo-37962720.jpeg?auto=compress&cs=tinysrgb&fit=crop&h=627&w=1200\",\"articleSection\":[\"C\u00e9l\u00e9brit\u00e9s et Influence en France\"],\"inLanguage\":\"fr-FR\",\"potentialAction\":[{\"@type\":\"CommentAction\",\"name\":\"Comment\",\"target\":[\"https:\/\/starstory.fr\/blog\/celebrites-et-influence-en-france\/kylie-jenner-taille-age-enfants-couple-et-fortune-la-fiche-complete\/#respond\"]}]},{\"@type\":\"WebPage\",\"@id\":\"https:\/\/starstory.fr\/blog\/celebrites-et-influence-en-france\/kylie-jenner-taille-age-enfants-couple-et-fortune-la-fiche-complete\/\",\"url\":\"https:\/\/starstory.fr\/blog\/celebrites-et-influence-en-france\/kylie-jenner-taille-age-enfants-couple-et-fortune-la-fiche-complete\/\",\"name\":\"Kylie Jenner : taille, \u00e2ge, enfants, couple et fortune\",\"isPartOf\":{\"@id\":\"https:\/\/starstory.fr\/blog\/#website\"},\"primaryImageOfPage\":{\"@id\":\"https:\/\/starstory.fr\/blog\/celebrites-et-influence-en-france\/kylie-jenner-taille-age-enfants-couple-et-fortune-la-fiche-complete\/#primaryimage\"},\"image\":{\"@id\":\"https:\/\/starstory.fr\/blog\/celebrites-et-influence-en-france\/kylie-jenner-taille-age-enfants-couple-et-fortune-la-fiche-complete\/#primaryimage\"},\"thumbnailUrl\":\"https:\/\/images.pexels.com\/photos\/37962720\/pexels-photo-37962720.jpeg?auto=compress&cs=tinysrgb&fit=crop&h=627&w=1200\",\"datePublished\":\"2026-06-06T00:26:24+00:00\",\"description\":\"N\u00e9e le 10 ao\u00fbt 1997 \u00e0 Los Angeles, Kylie Jenner a 28 ans en 2026. Elle mesure environ 1,60 m, est la fondatrice de Kylie Cosmetics, et m\u00e8re de deux\",\"inLanguage\":\"fr-FR\",\"potentialAction\":[{\"@type\":\"ReadAction\",\"target\":[\"https:\/\/starstory.fr\/blog\/celebrites-et-influence-en-france\/kylie-jenner-taille-age-enfants-couple-et-fortune-la-fiche-complete\/\"]}]},{\"@type\":\"ImageObject\",\"inLanguage\":\"fr-FR\",\"@id\":\"https:\/\/starstory.fr\/blog\/celebrites-et-influence-en-france\/kylie-jenner-taille-age-enfants-couple-et-fortune-la-fiche-complete\/#primaryimage\",\"url\":\"https:\/\/images.pexels.com\/photos\/37962720\/pexels-photo-37962720.jpeg?auto=compress&cs=tinysrgb&fit=crop&h=627&w=1200\",\"contentUrl\":\"https:\/\/images.pexels.com\/photos\/37962720\/pexels-photo-37962720.jpeg?auto=compress&cs=tinysrgb&fit=crop&h=627&w=1200\"},{\"@type\":\"WebSite\",\"@id\":\"https:\/\/starstory.fr\/blog\/#website\",\"url\":\"https:\/\/starstory.fr\/blog\/\",\"name\":\"StarStory\",\"description\":\"StarStory, les \u00e9toiles racontent leur histoire\",\"publisher\":{\"@id\":\"https:\/\/starstory.fr\/blog\/#organization\"},\"alternateName\":\"StarStory, les \u00e9toiles racontent leur histoire\",\"potentialAction\":[{\"@type\":\"SearchAction\",\"target\":{\"@type\":\"EntryPoint\",\"urlTemplate\":\"https:\/\/starstory.fr\/blog\/?s={search_term_string}\"},\"query-input\":{\"@type\":\"PropertyValueSpecification\",\"valueRequired\":true,\"valueName\":\"search_term_string\"}}],\"inLanguage\":\"fr-FR\"},{\"@type\":\"Organization\",\"@id\":\"https:\/\/starstory.fr\/blog\/#organization\",\"name\":\"StarStory\",\"alternateName\":\"StarStory.fr\",\"url\":\"https:\/\/starstory.fr\/blog\/\",\"logo\":{\"@type\":\"ImageObject\",\"inLanguage\":\"fr-FR\",\"@id\":\"https:\/\/starstory.fr\/blog\/#\/schema\/logo\/image\/\",\"url\":\"https:\/\/starstory.fr\/blog\/wp-content\/uploads\/2024\/12\/38.png\",\"contentUrl\":\"https:\/\/starstory.fr\/blog\/wp-content\/uploads\/2024\/12\/38.png\",\"width\":500,\"height\":500,\"caption\":\"StarStory\"},\"image\":{\"@id\":\"https:\/\/starstory.fr\/blog\/#\/schema\/logo\/image\/\"}},{\"@type\":\"Person\",\"@id\":\"https:\/\/starstory.fr\/blog\/#\/schema\/person\/2d9dd3a73cf4dcbc428e866589dd5882\",\"name\":\"Antoine Ferrand\",\"image\":{\"@type\":\"ImageObject\",\"inLanguage\":\"fr-FR\",\"@id\":\"https:\/\/starstory.fr\/blog\/#\/schema\/person\/image\/\",\"url\":\"https:\/\/secure.gravatar.com\/avatar\/?s=96&d=mm&r=g\",\"contentUrl\":\"https:\/\/secure.gravatar.com\/avatar\/?s=96&d=mm&r=g\",\"caption\":\"Antoine Ferrand\"},\"description\":\"Antoine analyse les figures politiques et m\u00e9diatiques, ainsi que leur influence en France au fil des ann\u00e9es.\",\"url\":\"https:\/\/starstory.fr\/blog\/auteur\/antoine-dupont\/\"}]}<\/script>\n<!-- \/ Yoast SEO Premium plugin. -->","yoast_head_json":{"title":"Kylie Jenner : taille, \u00e2ge, enfants, couple et fortune","description":"N\u00e9e le 10 ao\u00fbt 1997 \u00e0 Los Angeles, Kylie Jenner a 28 ans en 2026. Elle mesure environ 1,60 m, est la fondatrice de Kylie Cosmetics, et m\u00e8re de deux","robots":{"index":"index","follow":"follow","max-snippet":"max-snippet:-1","max-image-preview":"max-image-preview:large","max-video-preview":"max-video-preview:-1"},"canonical":"https:\/\/starstory.fr\/blog\/celebrites-et-influence-en-france\/kylie-jenner-taille-age-enfants-couple-et-fortune-la-fiche-complete\/","og_locale":"fr_FR","og_type":"article","og_title":"Kylie Jenner : taille, \u00e2ge, enfants, couple et fortune","og_description":"N\u00e9e le 10 ao\u00fbt 1997 \u00e0 Los Angeles, Kylie Jenner a 28 ans en 2026. Elle mesure environ 1,60 m, est la fondatrice de Kylie Cosmetics, et m\u00e8re de deux","og_url":"https:\/\/starstory.fr\/blog\/celebrites-et-influence-en-france\/kylie-jenner-taille-age-enfants-couple-et-fortune-la-fiche-complete\/","og_site_name":"starstory","author":"Antoine Ferrand","twitter_card":"summary_large_image","schema":{"@context":"https:\/\/schema.org","@graph":[{"@type":"NewsArticle","@id":"https:\/\/starstory.fr\/blog\/celebrites-et-influence-en-france\/kylie-jenner-taille-age-enfants-couple-et-fortune-la-fiche-complete\/#article","isPartOf":{"@id":"https:\/\/starstory.fr\/blog\/celebrites-et-influence-en-france\/kylie-jenner-taille-age-enfants-couple-et-fortune-la-fiche-complete\/"},"author":{"name":"Antoine Ferrand","@id":"https:\/\/starstory.fr\/blog\/#\/schema\/person\/2d9dd3a73cf4dcbc428e866589dd5882"},"headline":"Kylie Jenner : taille, \u00e2ge, enfants, couple et fortune \u2014 la fiche compl\u00e8te","datePublished":"2026-06-06T00:26:24+00:00","mainEntityOfPage":{"@id":"https:\/\/starstory.fr\/blog\/celebrites-et-influence-en-france\/kylie-jenner-taille-age-enfants-couple-et-fortune-la-fiche-complete\/"},"wordCount":1652,"commentCount":0,"publisher":{"@id":"https:\/\/starstory.fr\/blog\/#organization"},"image":{"@id":"https:\/\/starstory.fr\/blog\/celebrites-et-influence-en-france\/kylie-jenner-taille-age-enfants-couple-et-fortune-la-fiche-complete\/#primaryimage"},"thumbnailUrl":"https:\/\/images.pexels.com\/photos\/37962720\/pexels-photo-37962720.jpeg?auto=compress&cs=tinysrgb&fit=crop&h=627&w=1200","articleSection":["C\u00e9l\u00e9brit\u00e9s et Influence en France"],"inLanguage":"fr-FR","potentialAction":[{"@type":"CommentAction","name":"Comment","target":["https:\/\/starstory.fr\/blog\/celebrites-et-influence-en-france\/kylie-jenner-taille-age-enfants-couple-et-fortune-la-fiche-complete\/#respond"]}]},{"@type":"WebPage","@id":"https:\/\/starstory.fr\/blog\/celebrites-et-influence-en-france\/kylie-jenner-taille-age-enfants-couple-et-fortune-la-fiche-complete\/","url":"https:\/\/starstory.fr\/blog\/celebrites-et-influence-en-france\/kylie-jenner-taille-age-enfants-couple-et-fortune-la-fiche-complete\/","name":"Kylie Jenner : taille, \u00e2ge, enfants, couple et fortune","isPartOf":{"@id":"https:\/\/starstory.fr\/blog\/#website"},"primaryImageOfPage":{"@id":"https:\/\/starstory.fr\/blog\/celebrites-et-influence-en-france\/kylie-jenner-taille-age-enfants-couple-et-fortune-la-fiche-complete\/#primaryimage"},"image":{"@id":"https:\/\/starstory.fr\/blog\/celebrites-et-influence-en-france\/kylie-jenner-taille-age-enfants-couple-et-fortune-la-fiche-complete\/#primaryimage"},"thumbnailUrl":"https:\/\/images.pexels.com\/photos\/37962720\/pexels-photo-37962720.jpeg?auto=compress&cs=tinysrgb&fit=crop&h=627&w=1200","datePublished":"2026-06-06T00:26:24+00:00","description":"N\u00e9e le 10 ao\u00fbt 1997 \u00e0 Los Angeles, Kylie Jenner a 28 ans en 2026. Elle mesure environ 1,60 m, est la fondatrice de Kylie Cosmetics, et m\u00e8re de deux","inLanguage":"fr-FR","potentialAction":[{"@type":"ReadAction","target":["https:\/\/starstory.fr\/blog\/celebrites-et-influence-en-france\/kylie-jenner-taille-age-enfants-couple-et-fortune-la-fiche-complete\/"]}]},{"@type":"ImageObject","inLanguage":"fr-FR","@id":"https:\/\/starstory.fr\/blog\/celebrites-et-influence-en-france\/kylie-jenner-taille-age-enfants-couple-et-fortune-la-fiche-complete\/#primaryimage","url":"https:\/\/images.pexels.com\/photos\/37962720\/pexels-photo-37962720.jpeg?auto=compress&cs=tinysrgb&fit=crop&h=627&w=1200","contentUrl":"https:\/\/images.pexels.com\/photos\/37962720\/pexels-photo-37962720.jpeg?auto=compress&cs=tinysrgb&fit=crop&h=627&w=1200"},{"@type":"WebSite","@id":"https:\/\/starstory.fr\/blog\/#website","url":"https:\/\/starstory.fr\/blog\/","name":"StarStory","description":"StarStory, les \u00e9toiles racontent leur histoire","publisher":{"@id":"https:\/\/starstory.fr\/blog\/#organization"},"alternateName":"StarStory, les \u00e9toiles racontent leur histoire","potentialAction":[{"@type":"SearchAction","target":{"@type":"EntryPoint","urlTemplate":"https:\/\/starstory.fr\/blog\/?s={search_term_string}"},"query-input":{"@type":"PropertyValueSpecification","valueRequired":true,"valueName":"search_term_string"}}],"inLanguage":"fr-FR"},{"@type":"Organization","@id":"https:\/\/starstory.fr\/blog\/#organization","name":"StarStory","alternateName":"StarStory.fr","url":"https:\/\/starstory.fr\/blog\/","logo":{"@type":"ImageObject","inLanguage":"fr-FR","@id":"https:\/\/starstory.fr\/blog\/#\/schema\/logo\/image\/","url":"https:\/\/starstory.fr\/blog\/wp-content\/uploads\/2024\/12\/38.png","contentUrl":"https:\/\/starstory.fr\/blog\/wp-content\/uploads\/2024\/12\/38.png","width":500,"height":500,"caption":"StarStory"},"image":{"@id":"https:\/\/starstory.fr\/blog\/#\/schema\/logo\/image\/"}},{"@type":"Person","@id":"https:\/\/starstory.fr\/blog\/#\/schema\/person\/2d9dd3a73cf4dcbc428e866589dd5882","name":"Antoine Ferrand","image":{"@type":"ImageObject","inLanguage":"fr-FR","@id":"https:\/\/starstory.fr\/blog\/#\/schema\/person\/image\/","url":"https:\/\/secure.gravatar.com\/avatar\/?s=96&d=mm&r=g","contentUrl":"https:\/\/secure.gravatar.com\/avatar\/?s=96&d=mm&r=g","caption":"Antoine Ferrand"},"description":"Antoine analyse les figures politiques et m\u00e9diatiques, ainsi que leur influence en France au fil des ann\u00e9es.","url":"https:\/\/starstory.fr\/blog\/auteur\/antoine-dupont\/"}]}},"_links":{"self":[{"href":"https:\/\/starstory.fr\/blog\/wp-json\/wp\/v2\/posts\/8003","targetHints":{"allow":["GET"]}}],"collection":[{"href":"https:\/\/starstory.fr\/blog\/wp-json\/wp\/v2\/posts"}],"about":[{"href":"https:\/\/starstory.fr\/blog\/wp-json\/wp\/v2\/types\/post"}],"author":[{"embeddable":true,"href":"https:\/\/starstory.fr\/blog\/wp-json\/wp\/v2\/users\/42"}],"replies":[{"embeddable":true,"href":"https:\/\/starstory.fr\/blog\/wp-json\/wp\/v2\/comments?post=8003"}],"version-history":[{"count":0,"href":"https:\/\/starstory.fr\/blog\/wp-json\/wp\/v2\/posts\/8003\/revisions"}],"wp:attachment":[{"href":"https:\/\/starstory.fr\/blog\/wp-json\/wp\/v2\/media?parent=8003"}],"wp:term":[{"taxonomy":"category","embeddable":true,"href":"https:\/\/starstory.fr\/blog\/wp-json\/wp\/v2\/categories?post=8003"},{"taxonomy":"post_tag","embeddable":true,"href":"https:\/\/starstory.fr\/blog\/wp-json\/wp\/v2\/tags?post=8003"}],"curies":[{"name":"wp","href":"https:\/\/api.w.org\/{rel}","templated":true}]}}