{"id":8000,"date":"2026-06-06T02:18:59","date_gmt":"2026-06-06T00:18:59","guid":{"rendered":"https:\/\/starstory.fr\/blog\/cinema-et-television\/festival-de-cannes-2026-palmares-palme-d-or-et-stars-de-la-croisette\/"},"modified":"2026-06-06T02:18:59","modified_gmt":"2026-06-06T00:18:59","slug":"festival-de-cannes-2026-palmares-palme-d-or-et-stars-de-la-croisette","status":"publish","type":"post","link":"https:\/\/starstory.fr\/blog\/cinema-et-television\/festival-de-cannes-2026-palmares-palme-d-or-et-stars-de-la-croisette\/","title":{"rendered":"Festival de Cannes 2026 : palmar\u00e8s, Palme d&rsquo;or et stars de la Croisette"},"content":{"rendered":"<aside style=\"background:#FBEAF2;border-left:5px solid #B11E6A;padding:22px 28px;margin:24px 0;font-family:-apple-system,BlinkMacSystemFont,'Segoe UI',Roboto,sans-serif;\">\n<div style=\"margin:0;font-size:19px;line-height:1.55;color:#2a2a2a;font-weight:500;letter-spacing:-0.005em;\">\n    Du 12 au 23 mai 2026, la 79<sup>e<\/sup> \u00e9dition du Festival de Cannes a r\u00e9uni le gratin du cin\u00e9ma mondial sur la Croisette. Sous la pr\u00e9sidence de Park Chan-wook, le jury a remis la Palme d&rsquo;or \u00e0 <em>Fjord<\/em>, le drame du Roumain Cristian Mungiu. Tour d&rsquo;horizon du palmar\u00e8s, des stars et des temps forts.\n  <\/div>\n<\/aside>\n<p>Onze jours de projections, de mont\u00e9es des marches et de d\u00e9bats : le 79<sup>e<\/sup> Festival de Cannes a ferm\u00e9 ses portes le samedi 23 mai 2026 sur un palmar\u00e8s qui a couronn\u00e9 le cin\u00e9aste roumain Cristian Mungiu. Sa deuxi\u00e8me Palme d&rsquo;or, dix-neuf ans apr\u00e8s <em>4 mois, 3 semaines, 2 jours<\/em>, place de nouveau son cin\u00e9ma de l&rsquo;intime et du politique au sommet de la hi\u00e9rarchie mondiale. Autour de lui, un jury pr\u00e9sid\u00e9 par le ma\u00eetre sud-cor\u00e9en Park Chan-wook et un tapis rouge o\u00f9 se sont crois\u00e9s Catherine Deneuve, L\u00e9a Seydoux, Marion Cotillard, John Travolta ou encore Kristen Stewart. R\u00e9capitulatif complet.<\/p>\n<h2>L&rsquo;\u00e9dition 2026 en bref<\/h2>\n<p>Cette 79<sup>e<\/sup> \u00e9dition s&rsquo;est tenue au Palais des festivals de Cannes, du mardi 12 au samedi 23 mai 2026. Vingt-deux films \u00e9taient en lice pour la Palme d&rsquo;or, pr\u00e9sent\u00e9s en comp\u00e9tition officielle devant un jury international de neuf personnalit\u00e9s. La c\u00e9r\u00e9monie d&rsquo;ouverture a \u00e9t\u00e9 marqu\u00e9e par la projection de <em>La V\u00e9nus \u00e9lectrique<\/em> de Pierre Salvadori, tandis que la cl\u00f4ture a accueilli <em>Ulysse<\/em> de L\u00e6titia Masson. Les deux c\u00e9r\u00e9monies ont \u00e9t\u00e9 anim\u00e9es par la com\u00e9dienne Eye Ha\u00efdara.<\/p>\n<aside style=\"background:#FBEAF2;border-left:4px solid #B11E6A;padding:14px 18px;margin:18px 0;border-radius:0 4px 4px 0;font-family:-apple-system,BlinkMacSystemFont,'Segoe UI',Roboto,sans-serif;\">\n  <strong style=\"display:inline-block;color:#7a1245;font-size:12px;text-transform:uppercase;letter-spacing:1.5px;margin-right:8px;\">&#10022; \u00c0 noter<\/strong><br \/>\n  <span style=\"font-size:14.5px;line-height:1.55;color:#3a3a3a;\">Park Chan-wook n&rsquo;est pas un inconnu de la Croisette : il y a d\u00e9croch\u00e9 le Grand Prix en 2004 pour <em>Old Boy<\/em> et le Prix du Jury en 2009 pour <em>Thirst<\/em>. Le voici de l&rsquo;autre c\u00f4t\u00e9 du pupitre, en pr\u00e9sident.<\/span><br \/>\n<\/aside>\n<p>Le jury qu&rsquo;il a pr\u00e9sid\u00e9 rassemblait des profils volontairement contrast\u00e9s, m\u00ealant actrices, r\u00e9alisateurs et sc\u00e9naristes de plusieurs continents. Cette diversit\u00e9, devenue une marque de fabrique de la s\u00e9lection cannoise, a sans doute pes\u00e9 dans un palmar\u00e8s marqu\u00e9 par les choix partag\u00e9s et les sensibilit\u00e9s multiples. On y retrouvait aussi bien des figures hollywoodiennes que des cin\u00e9astes auteurs prim\u00e9s dans les plus grands festivals, un \u00e9quilibre pens\u00e9 pour confronter les regards plut\u00f4t que les uniformiser.<\/p>\n<aside style=\"background:#fafaf7;border:1px solid #e5e5e0;border-radius:8px;padding:24px 26px 26px;margin:28px 0;font-family:-apple-system,BlinkMacSystemFont,'Segoe UI',Roboto,sans-serif;\">\n<div style=\"margin:0 0 18px 0;font-size:11px;font-weight:700;text-transform:uppercase;letter-spacing:2.2px;color:#B11E6A;\">Le jury 2026 en un coup d&rsquo;\u0153il<\/div>\n<div style=\"display:grid;grid-template-columns:repeat(auto-fit,minmax(240px,1fr));gap:10px;\">\n<div style=\"display:flex;gap:12px;background:#fff;border:1px solid #ebebe5;padding:12px 14px;border-radius:6px;align-items:flex-start;\">\n      <span style=\"flex:0 0 26px;width:26px;height:26px;background:#B11E6A;color:#fff;border-radius:50%;display:inline-flex;align-items:center;justify-content:center;font-size:12px;font-weight:700;\">1<\/span><br \/>\n      <span style=\"font-size:14px;line-height:1.5;color:#2a2a2a;\">Park Chan-wook, cin\u00e9aste sud-cor\u00e9en, pr\u00e9sident du jury.<\/span>\n    <\/div>\n<div style=\"display:flex;gap:12px;background:#fff;border:1px solid #ebebe5;padding:12px 14px;border-radius:6px;align-items:flex-start;\">\n      <span style=\"flex:0 0 26px;width:26px;height:26px;background:#B11E6A;color:#fff;border-radius:50%;display:inline-flex;align-items:center;justify-content:center;font-size:12px;font-weight:700;\">2<\/span><br \/>\n      <span style=\"font-size:14px;line-height:1.5;color:#2a2a2a;\">Demi Moore, actrice et productrice am\u00e9ricaine.<\/span>\n    <\/div>\n<div style=\"display:flex;gap:12px;background:#fff;border:1px solid #ebebe5;padding:12px 14px;border-radius:6px;align-items:flex-start;\">\n      <span style=\"flex:0 0 26px;width:26px;height:26px;background:#B11E6A;color:#fff;border-radius:50%;display:inline-flex;align-items:center;justify-content:center;font-size:12px;font-weight:700;\">3<\/span><br \/>\n      <span style=\"font-size:14px;line-height:1.5;color:#2a2a2a;\">Chlo\u00e9 Zhao, r\u00e9alisatrice oscaris\u00e9e (<em>Nomadland<\/em>).<\/span>\n    <\/div>\n<div style=\"display:flex;gap:12px;background:#fff;border:1px solid #ebebe5;padding:12px 14px;border-radius:6px;align-items:flex-start;\">\n      <span style=\"flex:0 0 26px;width:26px;height:26px;background:#B11E6A;color:#fff;border-radius:50%;display:inline-flex;align-items:center;justify-content:center;font-size:12px;font-weight:700;\">4<\/span><br \/>\n      <span style=\"font-size:14px;line-height:1.5;color:#2a2a2a;\">Ruth Negga, actrice irlando-\u00e9thiopienne.<\/span>\n    <\/div>\n<div style=\"display:flex;gap:12px;background:#fff;border:1px solid #ebebe5;padding:12px 14px;border-radius:6px;align-items:flex-start;\">\n      <span style=\"flex:0 0 26px;width:26px;height:26px;background:#B11E6A;color:#fff;border-radius:50%;display:inline-flex;align-items:center;justify-content:center;font-size:12px;font-weight:700;\">5<\/span><br \/>\n      <span style=\"font-size:14px;line-height:1.5;color:#2a2a2a;\">Stellan Skarsg\u00e5rd, acteur su\u00e9dois.<\/span>\n    <\/div>\n<div style=\"display:flex;gap:12px;background:#fff;border:1px solid #ebebe5;padding:12px 14px;border-radius:6px;align-items:flex-start;\">\n      <span style=\"flex:0 0 26px;width:26px;height:26px;background:#B11E6A;color:#fff;border-radius:50%;display:inline-flex;align-items:center;justify-content:center;font-size:12px;font-weight:700;\">6<\/span><br \/>\n      <span style=\"font-size:14px;line-height:1.5;color:#2a2a2a;\">Isaach de Bankol\u00e9, acteur ivoiro-am\u00e9ricain ; Laura Wandel, Diego C\u00e9spedes et Paul Laverty compl\u00e8tent le jury.<\/span>\n    <\/div>\n<\/p><\/div>\n<\/aside>\n<h2>Le palmar\u00e8s et la Palme d&rsquo;or 2026<\/h2>\n<p>Au terme des d\u00e9lib\u00e9rations, c&rsquo;est <em>Fjord<\/em>, le drame du Roumain Cristian Mungiu port\u00e9 par Sebastian Stan et Renate Reinsve, qui a remport\u00e9 la Palme d&rsquo;or. Le r\u00e9alisateur, d\u00e9j\u00e0 sacr\u00e9 en 2007 pour <em>4 mois, 3 semaines, 2 jours<\/em>, rejoint ainsi le cercle tr\u00e8s restreint des cin\u00e9astes deux fois palm\u00e9s, aux c\u00f4t\u00e9s de noms comme les fr\u00e8res Dardenne, Michael Haneke ou Ken Loach. Fid\u00e8le \u00e0 un cin\u00e9ma social et frontal, Mungiu confirme son statut de chef de file de la nouvelle vague roumaine, vingt ans apr\u00e8s son \u00e9mergence sur la Croisette. Le Grand Prix, \u00e9quivalent d&rsquo;une m\u00e9daille d&rsquo;argent, est revenu au Russe Andre\u00ef Zviaguintsev pour <em>Minotaure<\/em>, un retour remarqu\u00e9 pour le cin\u00e9aste de <em>L\u00e9viathan<\/em>.<\/p>\n<figure style=\"margin:32px 0;font-family:-apple-system,BlinkMacSystemFont,'Segoe UI',Roboto,sans-serif;\">\n<div style=\"overflow-x:auto;border:1px solid #e5e5e0;border-radius:8px;\">\n<table style=\"width:100%;border-collapse:collapse;font-size:14px;color:#2a2a2a;min-width:500px;\">\n<thead>\n<tr style=\"background:#1a1a1a;color:#fff;\">\n<th style=\"text-align:left;padding:14px 18px;font-weight:700;font-size:12px;text-transform:uppercase;letter-spacing:1.5px;\">Prix<\/th>\n<th style=\"text-align:left;padding:14px 18px;font-weight:700;font-size:12px;text-transform:uppercase;letter-spacing:1.5px;\">Film<\/th>\n<th style=\"text-align:left;padding:14px 18px;font-weight:700;font-size:12px;text-transform:uppercase;letter-spacing:1.5px;\">Laur\u00e9at<\/th>\n<\/tr>\n<\/thead>\n<tbody>\n<tr style=\"background:#fff;border-bottom:1px solid #f0ede5;\">\n<td style=\"padding:14px 18px;font-weight:600;\">Palme d&rsquo;or<\/td>\n<td style=\"padding:14px 18px;color:#4a4a4a;\"><em>Fjord<\/em><\/td>\n<td style=\"padding:14px 18px;color:#6a6a6a;\">Cristian Mungiu<\/td>\n<\/tr>\n<tr style=\"background:#fafaf7;border-bottom:1px solid #f0ede5;\">\n<td style=\"padding:14px 18px;font-weight:600;\">Grand Prix<\/td>\n<td style=\"padding:14px 18px;color:#4a4a4a;\"><em>Minotaure<\/em><\/td>\n<td style=\"padding:14px 18px;color:#6a6a6a;\">Andre\u00ef Zviaguintsev<\/td>\n<\/tr>\n<tr style=\"background:#fff;border-bottom:1px solid #f0ede5;\">\n<td style=\"padding:14px 18px;font-weight:600;\">Prix du Jury<\/td>\n<td style=\"padding:14px 18px;color:#4a4a4a;\"><em>L&rsquo;Aventure r\u00eav\u00e9e<\/em><\/td>\n<td style=\"padding:14px 18px;color:#6a6a6a;\">Valeska Grisebach<\/td>\n<\/tr>\n<tr style=\"background:#fafaf7;border-bottom:1px solid #f0ede5;\">\n<td style=\"padding:14px 18px;font-weight:600;\">Mise en sc\u00e8ne<\/td>\n<td style=\"padding:14px 18px;color:#4a4a4a;\"><em>La Bola Negra<\/em> \/ <em>Fatherland<\/em><\/td>\n<td style=\"padding:14px 18px;color:#6a6a6a;\">J. Calvo &amp; J. Ambrossi \/ P. Pawlikowski<\/td>\n<\/tr>\n<tr style=\"background:#fff;border-bottom:1px solid #f0ede5;\">\n<td style=\"padding:14px 18px;font-weight:600;\">Sc\u00e9nario<\/td>\n<td style=\"padding:14px 18px;color:#4a4a4a;\"><em>Notre Salut<\/em><\/td>\n<td style=\"padding:14px 18px;color:#6a6a6a;\">Emmanuel Marre<\/td>\n<\/tr>\n<tr style=\"background:#fafaf7;border-bottom:1px solid #f0ede5;\">\n<td style=\"padding:14px 18px;font-weight:600;\">Interpr\u00e9tation f\u00e9minine<\/td>\n<td style=\"padding:14px 18px;color:#4a4a4a;\"><em>Soudain<\/em><\/td>\n<td style=\"padding:14px 18px;color:#6a6a6a;\">Virginie Efira &amp; Tao Okamoto<\/td>\n<\/tr>\n<tr style=\"background:#fff;\">\n<td style=\"padding:14px 18px;font-weight:600;\">Interpr\u00e9tation masculine<\/td>\n<td style=\"padding:14px 18px;color:#4a4a4a;\"><em>Coward<\/em><\/td>\n<td style=\"padding:14px 18px;color:#6a6a6a;\">E. Macchia &amp; V. Campagne<\/td>\n<\/tr>\n<\/tbody>\n<\/table><\/div><figcaption style=\"font-size:11px;color:#7a7a7a;margin-top:8px;text-align:right;letter-spacing:0.3px;\">Palmar\u00e8s officiel du 79<sup>e<\/sup> Festival de Cannes \u2014 voir sources en fin d&rsquo;article.<\/figcaption><\/figure>\n<p>C\u00f4t\u00e9 interpr\u00e9tation, la Belge Virginie Efira et la Japonaise Tao Okamoto ont \u00e9t\u00e9 distingu\u00e9es conjointement pour <em>Soudain<\/em>, sign\u00e9 Ryusuke Hamaguchi. Le Prix d&rsquo;interpr\u00e9tation masculine a lui aussi \u00e9t\u00e9 partag\u00e9, entre Emmanuel Macchia et Valentin Campagne pour <em>Coward<\/em>. La Palme d&rsquo;or du court-m\u00e9trage est all\u00e9e \u00e0 <em>Para los Contrincantes<\/em> de l&rsquo;Argentin Federico Luis.<\/p>\n<figure style=\"margin:38px auto;padding:28px 24px;text-align:center;border-top:1px solid #2a2a2a;border-bottom:1px solid #2a2a2a;max-width:640px;position:relative;font-family:Georgia,'Hoefler Text',serif;\">\n<div style=\"position:absolute;top:-20px;left:50%;transform:translateX(-50%);background:#ffffff;padding:0 14px;font-size:48px;line-height:1;color:#B11E6A;font-family:Georgia,serif;\">&laquo;<\/div>\n<blockquote style=\"margin:0;padding:0;font-size:24px;line-height:1.45;font-style:italic;color:#1a1a1a;letter-spacing:-0.005em;\"><p>\n    Une deuxi\u00e8me Palme, c&rsquo;est moins une cons\u00e9cration qu&rsquo;une responsabilit\u00e9 : celle de continuer \u00e0 filmer ce qui d\u00e9range.<br \/>\n  <\/blockquote><figcaption style=\"margin-top:14px;font-size:12px;text-transform:uppercase;letter-spacing:2px;color:#6a6a6a;font-family:-apple-system,sans-serif;font-style:normal;\">\u2014 L&rsquo;esprit du cin\u00e9ma de Cristian Mungiu<\/figcaption><\/figure>\n<h2>Les stars sur la Croisette<\/h2>\n<p>Au-del\u00e0 de la comp\u00e9tition, Cannes reste avant tout une parade d&rsquo;\u00e9toiles. Cette ann\u00e9e encore, le tapis rouge a vu d\u00e9filer quelques-uns des plus grands noms du cin\u00e9ma fran\u00e7ais et international. L\u00e9a Seydoux et Catherine Deneuve ont notamment \u00e9lectris\u00e9 les marches en venant d\u00e9fendre <em>Gentle Monster<\/em>, le film de l&rsquo;Autrichienne Marie Kreutzer pr\u00e9sent\u00e9 en comp\u00e9tition. Leur apparition commune, deux g\u00e9n\u00e9rations d&rsquo;actrices fran\u00e7aises r\u00e9unies sur le m\u00eame clich\u00e9, restera l&rsquo;une des images les plus partag\u00e9es de l&rsquo;\u00e9dition.<\/p>\n<p>La pr\u00e9sence des stars \u00e0 Cannes n&rsquo;est jamais purement d\u00e9corative : chaque mont\u00e9e des marches accompagne un film, une cause ou une carri\u00e8re. Marion Cotillard, Guillaume Canet et Pierre Niney ont ainsi port\u00e9 haut les couleurs du cin\u00e9ma fran\u00e7ais, tandis que la d\u00e9l\u00e9gation hollywoodienne, emmen\u00e9e par Adam Driver et Woody Harrelson, rappelait l&rsquo;attractivit\u00e9 intacte du festival pour l&rsquo;industrie am\u00e9ricaine. Entre photocall, conf\u00e9rences de presse et projections de gala, la Croisette a v\u00e9cu au rythme d&rsquo;un ballet bien rod\u00e9 o\u00f9 le glamour le dispute en permanence au cin\u00e9ma d&rsquo;auteur.<\/p>\n<div style=\"display:grid;grid-template-columns:repeat(auto-fit,minmax(220px,1fr));gap:14px;margin:28px 0;font-family:-apple-system,BlinkMacSystemFont,'Segoe UI',Roboto,sans-serif;\">\n<article style=\"background:#fff;border:1px solid #e5e5e0;border-top:3px solid #B11E6A;border-radius:6px;padding:18px 18px 16px;\">\n<div style=\"width:36px;height:36px;background:#FBEAF2;border-radius:50%;display:inline-flex;align-items:center;justify-content:center;margin-bottom:12px;\">\n      <span style=\"font-size:18px;color:#B11E6A;font-weight:900;font-family:Georgia,serif;\">01<\/span>\n    <\/div>\n<h3 style=\"margin:0 0 6px 0;font-size:16px;font-weight:700;color:#1a1a1a;letter-spacing:-0.01em;\">La garde fran\u00e7aise<\/h3>\n<div style=\"margin:0;font-size:13.5px;line-height:1.55;color:#4a4a4a;\">Catherine Deneuve, L\u00e9a Seydoux, Marion Cotillard, Guillaume Canet et Pierre Niney ont repr\u00e9sent\u00e9 le cin\u00e9ma hexagonal.<\/div>\n<\/article>\n<article style=\"background:#fff;border:1px solid #e5e5e0;border-top:3px solid #B11E6A;border-radius:6px;padding:18px 18px 16px;\">\n<div style=\"width:36px;height:36px;background:#FBEAF2;border-radius:50%;display:inline-flex;align-items:center;justify-content:center;margin-bottom:12px;\">\n      <span style=\"font-size:18px;color:#B11E6A;font-weight:900;font-family:Georgia,serif;\">02<\/span>\n    <\/div>\n<h3 style=\"margin:0 0 6px 0;font-size:16px;font-weight:700;color:#1a1a1a;letter-spacing:-0.01em;\">Les visages d&rsquo;Hollywood<\/h3>\n<div style=\"margin:0;font-size:13.5px;line-height:1.55;color:#4a4a4a;\">John Travolta, Kristen Stewart, Demi Moore, Adam Driver et Woody Harrelson ont fait le d\u00e9placement sur la Croisette.<\/div>\n<\/article>\n<article style=\"background:#fff;border:1px solid #e5e5e0;border-top:3px solid #B11E6A;border-radius:6px;padding:18px 18px 16px;\">\n<div style=\"width:36px;height:36px;background:#FBEAF2;border-radius:50%;display:inline-flex;align-items:center;justify-content:center;margin-bottom:12px;\">\n      <span style=\"font-size:18px;color:#B11E6A;font-weight:900;font-family:Georgia,serif;\">03<\/span>\n    <\/div>\n<h3 style=\"margin:0 0 6px 0;font-size:16px;font-weight:700;color:#1a1a1a;letter-spacing:-0.01em;\">Hommages et l\u00e9gendes<\/h3>\n<div style=\"margin:0;font-size:13.5px;line-height:1.55;color:#4a4a4a;\">Peter Jackson, John Travolta et Barbra Streisand ont re\u00e7u une Palme d&rsquo;or d&rsquo;honneur ; Claire Denis, le Carrosse d&rsquo;or.<\/div>\n<\/article>\n<\/div>\n<p>Le palmar\u00e8s et les marches ne sont pas les seuls \u00e0 avoir capt\u00e9 l&rsquo;attention. John Travolta a notamment re\u00e7u une Palme d&rsquo;or d&rsquo;honneur surprise pour l&rsquo;ensemble de sa carri\u00e8re, avant la projection de son premier film en tant que r\u00e9alisateur. Peter Jackson s&rsquo;est vu remettre la sienne des mains d&rsquo;Elijah Wood, son compagnon de route sur <em>Le Seigneur des anneaux<\/em>. Quant \u00e0 Barbra Streisand, honor\u00e9e elle aussi, elle a d\u00fb renoncer au d\u00e9placement pour raisons de sant\u00e9 : c&rsquo;est Isabelle Huppert qui a r\u00e9ceptionn\u00e9 son prix.<\/p>\n<aside style=\"background:#FBEAF2;border-left:4px solid #B11E6A;padding:14px 18px;margin:18px 0;border-radius:0 4px 4px 0;font-family:-apple-system,BlinkMacSystemFont,'Segoe UI',Roboto,sans-serif;\">\n  <strong style=\"display:inline-block;color:#7a1245;font-size:12px;text-transform:uppercase;letter-spacing:1.5px;margin-right:8px;\">&#128161; Bon \u00e0 savoir<\/strong><br \/>\n  <span style=\"font-size:14.5px;line-height:1.55;color:#3a3a3a;\">Le Carrosse d&rsquo;or, remis \u00e0 Claire Denis, est d\u00e9cern\u00e9 chaque ann\u00e9e par la Soci\u00e9t\u00e9 des r\u00e9alisateurs de films en ouverture de la Quinzaine des cin\u00e9astes. Une distinction prestigieuse, parall\u00e8le \u00e0 la comp\u00e9tition officielle.<\/span><br \/>\n<\/aside>\n<h2>Les temps forts de la quinzaine<\/h2>\n<p>Au fil des onze jours, plusieurs s\u00e9quences ont marqu\u00e9 les esprits. La double pr\u00e9sence de Catherine Deneuve et L\u00e9a Seydoux pour <em>Gentle Monster<\/em> a constitu\u00e9 l&rsquo;un des sommets glamour de l&rsquo;\u00e9dition. C\u00f4t\u00e9 palmar\u00e8s, le doubl\u00e9 historique de Cristian Mungiu et le partage des deux prix d&rsquo;interpr\u00e9tation ont surpris bon nombre d&rsquo;observateurs, le jury de Park Chan-wook ayant assum\u00e9 jusqu&rsquo;au bout son go\u00fbt pour les choix collectifs.<\/p>\n<div style=\"display:grid;grid-template-columns:repeat(auto-fit,minmax(260px,1fr));gap:14px;margin:28px 0;font-family:-apple-system,BlinkMacSystemFont,'Segoe UI',Roboto,sans-serif;\">\n<div style=\"background:#fafaf7;border:1px solid #f0d2e2;border-radius:6px;padding:20px 22px;\">\n<div style=\"display:flex;align-items:center;gap:10px;margin-bottom:14px;padding-bottom:10px;border-bottom:1px solid #f0d2e2;\">\n      <span style=\"width:32px;height:32px;background:#B11E6A;color:#fff;border-radius:50%;display:inline-flex;align-items:center;justify-content:center;font-size:18px;font-weight:700;\">&#9733;<\/span><\/p>\n<h3 style=\"margin:0;font-size:16px;font-weight:700;color:#7a1245;letter-spacing:-0.01em;\">Glamour<\/h3>\n<\/p><\/div>\n<ul style=\"margin:0;padding-left:18px;font-size:14px;line-height:1.7;color:#3a3a3a;\">\n<li>Deneuve et Seydoux r\u00e9unies sur les marches<\/li>\n<li>La mont\u00e9e des marches de John Travolta<\/li>\n<li>Le foisonnement de stars hollywoodiennes<\/li>\n<\/ul><\/div>\n<div style=\"background:#fafaf7;border:1px solid #f0d2e2;border-radius:6px;padding:20px 22px;\">\n<div style=\"display:flex;align-items:center;gap:10px;margin-bottom:14px;padding-bottom:10px;border-bottom:1px solid #f0d2e2;\">\n      <span style=\"width:32px;height:32px;background:#B11E6A;color:#fff;border-radius:50%;display:inline-flex;align-items:center;justify-content:center;font-size:18px;font-weight:700;\">&#9873;<\/span><\/p>\n<h3 style=\"margin:0;font-size:16px;font-weight:700;color:#7a1245;letter-spacing:-0.01em;\">Cin\u00e9ma<\/h3>\n<\/p><\/div>\n<ul style=\"margin:0;padding-left:18px;font-size:14px;line-height:1.7;color:#3a3a3a;\">\n<li>La deuxi\u00e8me Palme d&rsquo;or de Cristian Mungiu<\/li>\n<li>Le double prix d&rsquo;interpr\u00e9tation f\u00e9minine<\/li>\n<li>Le retour en comp\u00e9tition de Zviaguintsev<\/li>\n<\/ul><\/div>\n<\/div>\n<p>Enfin, la dimension hommage a donn\u00e9 \u00e0 l&rsquo;\u00e9dition 2026 une saveur particuli\u00e8re : trois Palmes d&rsquo;honneur remises la m\u00eame ann\u00e9e, dont celle, \u00e9mouvante, d&rsquo;un John Travolta pass\u00e9 derri\u00e8re la cam\u00e9ra. De quoi rappeler que Cannes, plus qu&rsquo;un concours, reste une c\u00e9l\u00e9bration du cin\u00e9ma dans toutes ses g\u00e9n\u00e9rations.<\/p>\n<section style=\"margin:32px 0;font-family:-apple-system,BlinkMacSystemFont,'Segoe UI',Roboto,sans-serif;\">\n<h2 style=\"margin:0 0 18px 0;font-size:22px;font-weight:800;color:#1a1a1a;letter-spacing:-0.01em;\">Questions fr\u00e9quentes<\/h2>\n<div style=\"border-top:1px solid #d4cfc4;\">\n<details style=\"border-bottom:1px solid #d4cfc4;padding:0;\">\n<summary style=\"cursor:pointer;padding:16px 0;font-size:17px;font-weight:700;color:#1a1a1a;list-style:none;display:flex;justify-content:space-between;align-items:center;gap:14px;\">\n        <span>Qui a remport\u00e9 la Palme d&rsquo;or \u00e0 Cannes 2026 ?<\/span><br \/>\n        <span style=\"font-size:22px;font-weight:300;color:#B11E6A;line-height:1;\">+<\/span><br \/>\n      <\/summary>\n<div style=\"padding:0 0 16px 0;font-size:15px;line-height:1.7;color:#4a4a4a;\">La Palme d&rsquo;or du 79<sup>e<\/sup> Festival de Cannes a \u00e9t\u00e9 d\u00e9cern\u00e9e \u00e0 <em>Fjord<\/em>, le drame du r\u00e9alisateur roumain Cristian Mungiu. Il s&rsquo;agit de sa deuxi\u00e8me Palme apr\u00e8s celle obtenue en 2007 pour <em>4 mois, 3 semaines, 2 jours<\/em>.<\/div>\n<\/details>\n<details style=\"border-bottom:1px solid #d4cfc4;padding:0;\">\n<summary style=\"cursor:pointer;padding:16px 0;font-size:17px;font-weight:700;color:#1a1a1a;list-style:none;display:flex;justify-content:space-between;align-items:center;gap:14px;\">\n        <span>Quelles \u00e9taient les dates du festival ?<\/span><br \/>\n        <span style=\"font-size:22px;font-weight:300;color:#B11E6A;line-height:1;\">+<\/span><br \/>\n      <\/summary>\n<div style=\"padding:0 0 16px 0;font-size:15px;line-height:1.7;color:#4a4a4a;\">La 79<sup>e<\/sup> \u00e9dition s&rsquo;est d\u00e9roul\u00e9e du mardi 12 mai au samedi 23 mai 2026, au Palais des festivals de Cannes. La c\u00e9r\u00e9monie de remise des prix a eu lieu le dernier soir.<\/div>\n<\/details>\n<details style=\"border-bottom:1px solid #d4cfc4;padding:0;\">\n<summary style=\"cursor:pointer;padding:16px 0;font-size:17px;font-weight:700;color:#1a1a1a;list-style:none;display:flex;justify-content:space-between;align-items:center;gap:14px;\">\n        <span>Qui pr\u00e9sidait le jury en 2026 ?<\/span><br \/>\n        <span style=\"font-size:22px;font-weight:300;color:#B11E6A;line-height:1;\">+<\/span><br \/>\n      <\/summary>\n<div style=\"padding:0 0 16px 0;font-size:15px;line-height:1.7;color:#4a4a4a;\">Le jury de la comp\u00e9tition officielle \u00e9tait pr\u00e9sid\u00e9 par le cin\u00e9aste sud-cor\u00e9en Park Chan-wook, entour\u00e9 notamment de Demi Moore, Chlo\u00e9 Zhao, Ruth Negga, Stellan Skarsg\u00e5rd et Isaach de Bankol\u00e9.<\/div>\n<\/details>\n<details style=\"border-bottom:1px solid #d4cfc4;padding:0;\">\n<summary style=\"cursor:pointer;padding:16px 0;font-size:17px;font-weight:700;color:#1a1a1a;list-style:none;display:flex;justify-content:space-between;align-items:center;gap:14px;\">\n        <span>Quelles stars \u00e9taient pr\u00e9sentes sur la Croisette ?<\/span><br \/>\n        <span style=\"font-size:22px;font-weight:300;color:#B11E6A;line-height:1;\">+<\/span><br \/>\n      <\/summary>\n<div style=\"padding:0 0 16px 0;font-size:15px;line-height:1.7;color:#4a4a4a;\">C\u00f4t\u00e9 fran\u00e7ais, Catherine Deneuve, L\u00e9a Seydoux, Marion Cotillard, Guillaume Canet et Pierre Niney ont foul\u00e9 le tapis rouge. Du c\u00f4t\u00e9 international, on a vu John Travolta, Kristen Stewart, Demi Moore, Adam Driver ou encore Woody Harrelson.<\/div>\n<\/details>\n<details style=\"border-bottom:1px solid #d4cfc4;padding:0;\">\n<summary style=\"cursor:pointer;padding:16px 0;font-size:17px;font-weight:700;color:#1a1a1a;list-style:none;display:flex;justify-content:space-between;align-items:center;gap:14px;\">\n        <span>Qui a re\u00e7u une Palme d&rsquo;or d&rsquo;honneur ?<\/span><br \/>\n        <span style=\"font-size:22px;font-weight:300;color:#B11E6A;line-height:1;\">+<\/span><br \/>\n      <\/summary>\n<div style=\"padding:0 0 16px 0;font-size:15px;line-height:1.7;color:#4a4a4a;\">Trois Palmes d&rsquo;or d&rsquo;honneur ont \u00e9t\u00e9 remises en 2026 : \u00e0 Peter Jackson, \u00e0 John Travolta et \u00e0 Barbra Streisand. Cette derni\u00e8re, absente pour raisons de sant\u00e9, a vu son prix r\u00e9ceptionn\u00e9 par Isabelle Huppert. Claire Denis a, de son c\u00f4t\u00e9, re\u00e7u le Carrosse d&rsquo;or.<\/div>\n<\/details><\/div>\n<\/section>\n<p style=\"font-size:13px;color:#6a6a6a;margin-top:32px;\">Sources : presse et donn\u00e9es publiques. Article mis \u00e0 jour r\u00e9guli\u00e8rement.<\/p>\n","protected":false},"excerpt":{"rendered":"","protected":false},"author":41,"featured_media":999999999,"comment_status":"open","ping_status":"open","sticky":false,"template":"","format":"standard","meta":{"_acf_changed":false,"manual_indexmenow":false,"indexmenow_id_project":0,"footnotes":""},"categories":[4521],"tags":[],"class_list":["post-8000","post","type-post","status-publish","format-standard","has-post-thumbnail","hentry","category-cinema-et-television","generate-columns","tablet-grid-50","mobile-grid-100","grid-parent","grid-25"],"acf":[],"yoast_head":"<!-- This site is optimized with the Yoast SEO Premium plugin v21.3 (Yoast SEO v26.5) - https:\/\/yoast.com\/wordpress\/plugins\/seo\/ -->\n<title>Festival de Cannes 2026 : palmar\u00e8s, Palme d&#039;or et stars de la Croisette<\/title>\n<meta name=\"description\" content=\"Onze jours de projections, de mont\u00e9es des marches et de d\u00e9bats : le 79e Festival de Cannes a ferm\u00e9 ses portes le samedi 23 mai 2026 sur un palmar\u00e8s qui a\" \/>\n<meta name=\"robots\" content=\"index, follow, max-snippet:-1, max-image-preview:large, max-video-preview:-1\" \/>\n<link rel=\"canonical\" href=\"https:\/\/starstory.fr\/blog\/cinema-et-television\/festival-de-cannes-2026-palmares-palme-d-or-et-stars-de-la-croisette\/\" \/>\n<meta property=\"og:locale\" content=\"fr_FR\" \/>\n<meta property=\"og:type\" content=\"article\" \/>\n<meta property=\"og:title\" content=\"Festival de Cannes 2026 : palmar\u00e8s, Palme d&#039;or et stars de la Croisette\" \/>\n<meta property=\"og:description\" content=\"Onze jours de projections, de mont\u00e9es des marches et de d\u00e9bats : le 79e Festival de Cannes a ferm\u00e9 ses portes le samedi 23 mai 2026 sur un palmar\u00e8s qui a\" \/>\n<meta property=\"og:url\" content=\"https:\/\/starstory.fr\/blog\/cinema-et-television\/festival-de-cannes-2026-palmares-palme-d-or-et-stars-de-la-croisette\/\" \/>\n<meta property=\"og:site_name\" content=\"starstory\" \/>\n<meta name=\"author\" content=\"Sophie Moreau\" \/>\n<meta name=\"twitter:card\" content=\"summary_large_image\" \/>\n<script type=\"application\/ld+json\" class=\"yoast-schema-graph\">{\"@context\":\"https:\/\/schema.org\",\"@graph\":[{\"@type\":\"NewsArticle\",\"@id\":\"https:\/\/starstory.fr\/blog\/cinema-et-television\/festival-de-cannes-2026-palmares-palme-d-or-et-stars-de-la-croisette\/#article\",\"isPartOf\":{\"@id\":\"https:\/\/starstory.fr\/blog\/cinema-et-television\/festival-de-cannes-2026-palmares-palme-d-or-et-stars-de-la-croisette\/\"},\"author\":{\"name\":\"Sophie Moreau\",\"@id\":\"https:\/\/starstory.fr\/blog\/#\/schema\/person\/2cb6361ad79e679e2b744281310c1e3b\"},\"headline\":\"Festival de Cannes 2026 : palmar\u00e8s, Palme d&rsquo;or et stars de la Croisette\",\"datePublished\":\"2026-06-06T00:18:59+00:00\",\"mainEntityOfPage\":{\"@id\":\"https:\/\/starstory.fr\/blog\/cinema-et-television\/festival-de-cannes-2026-palmares-palme-d-or-et-stars-de-la-croisette\/\"},\"wordCount\":1621,\"commentCount\":0,\"publisher\":{\"@id\":\"https:\/\/starstory.fr\/blog\/#organization\"},\"image\":{\"@id\":\"https:\/\/starstory.fr\/blog\/cinema-et-television\/festival-de-cannes-2026-palmares-palme-d-or-et-stars-de-la-croisette\/#primaryimage\"},\"thumbnailUrl\":\"https:\/\/images.pexels.com\/photos\/28227728\/pexels-photo-28227728.jpeg?auto=compress&cs=tinysrgb&fit=crop&h=627&w=1200\",\"articleSection\":[\"Cin\u00e9ma et T\u00e9l\u00e9vision\"],\"inLanguage\":\"fr-FR\",\"potentialAction\":[{\"@type\":\"CommentAction\",\"name\":\"Comment\",\"target\":[\"https:\/\/starstory.fr\/blog\/cinema-et-television\/festival-de-cannes-2026-palmares-palme-d-or-et-stars-de-la-croisette\/#respond\"]}]},{\"@type\":\"WebPage\",\"@id\":\"https:\/\/starstory.fr\/blog\/cinema-et-television\/festival-de-cannes-2026-palmares-palme-d-or-et-stars-de-la-croisette\/\",\"url\":\"https:\/\/starstory.fr\/blog\/cinema-et-television\/festival-de-cannes-2026-palmares-palme-d-or-et-stars-de-la-croisette\/\",\"name\":\"Festival de Cannes 2026 : palmar\u00e8s, Palme d'or et stars de la Croisette\",\"isPartOf\":{\"@id\":\"https:\/\/starstory.fr\/blog\/#website\"},\"primaryImageOfPage\":{\"@id\":\"https:\/\/starstory.fr\/blog\/cinema-et-television\/festival-de-cannes-2026-palmares-palme-d-or-et-stars-de-la-croisette\/#primaryimage\"},\"image\":{\"@id\":\"https:\/\/starstory.fr\/blog\/cinema-et-television\/festival-de-cannes-2026-palmares-palme-d-or-et-stars-de-la-croisette\/#primaryimage\"},\"thumbnailUrl\":\"https:\/\/images.pexels.com\/photos\/28227728\/pexels-photo-28227728.jpeg?auto=compress&cs=tinysrgb&fit=crop&h=627&w=1200\",\"datePublished\":\"2026-06-06T00:18:59+00:00\",\"description\":\"Onze jours de projections, de mont\u00e9es des marches et de d\u00e9bats : le 79e Festival de Cannes a ferm\u00e9 ses portes le samedi 23 mai 2026 sur un palmar\u00e8s qui a\",\"inLanguage\":\"fr-FR\",\"potentialAction\":[{\"@type\":\"ReadAction\",\"target\":[\"https:\/\/starstory.fr\/blog\/cinema-et-television\/festival-de-cannes-2026-palmares-palme-d-or-et-stars-de-la-croisette\/\"]}]},{\"@type\":\"ImageObject\",\"inLanguage\":\"fr-FR\",\"@id\":\"https:\/\/starstory.fr\/blog\/cinema-et-television\/festival-de-cannes-2026-palmares-palme-d-or-et-stars-de-la-croisette\/#primaryimage\",\"url\":\"https:\/\/images.pexels.com\/photos\/28227728\/pexels-photo-28227728.jpeg?auto=compress&cs=tinysrgb&fit=crop&h=627&w=1200\",\"contentUrl\":\"https:\/\/images.pexels.com\/photos\/28227728\/pexels-photo-28227728.jpeg?auto=compress&cs=tinysrgb&fit=crop&h=627&w=1200\"},{\"@type\":\"WebSite\",\"@id\":\"https:\/\/starstory.fr\/blog\/#website\",\"url\":\"https:\/\/starstory.fr\/blog\/\",\"name\":\"StarStory\",\"description\":\"StarStory, les \u00e9toiles racontent leur histoire\",\"publisher\":{\"@id\":\"https:\/\/starstory.fr\/blog\/#organization\"},\"alternateName\":\"StarStory, les \u00e9toiles racontent leur histoire\",\"potentialAction\":[{\"@type\":\"SearchAction\",\"target\":{\"@type\":\"EntryPoint\",\"urlTemplate\":\"https:\/\/starstory.fr\/blog\/?s={search_term_string}\"},\"query-input\":{\"@type\":\"PropertyValueSpecification\",\"valueRequired\":true,\"valueName\":\"search_term_string\"}}],\"inLanguage\":\"fr-FR\"},{\"@type\":\"Organization\",\"@id\":\"https:\/\/starstory.fr\/blog\/#organization\",\"name\":\"StarStory\",\"alternateName\":\"StarStory.fr\",\"url\":\"https:\/\/starstory.fr\/blog\/\",\"logo\":{\"@type\":\"ImageObject\",\"inLanguage\":\"fr-FR\",\"@id\":\"https:\/\/starstory.fr\/blog\/#\/schema\/logo\/image\/\",\"url\":\"https:\/\/starstory.fr\/blog\/wp-content\/uploads\/2024\/12\/38.png\",\"contentUrl\":\"https:\/\/starstory.fr\/blog\/wp-content\/uploads\/2024\/12\/38.png\",\"width\":500,\"height\":500,\"caption\":\"StarStory\"},\"image\":{\"@id\":\"https:\/\/starstory.fr\/blog\/#\/schema\/logo\/image\/\"}},{\"@type\":\"Person\",\"@id\":\"https:\/\/starstory.fr\/blog\/#\/schema\/person\/2cb6361ad79e679e2b744281310c1e3b\",\"name\":\"Sophie Moreau\",\"image\":{\"@type\":\"ImageObject\",\"inLanguage\":\"fr-FR\",\"@id\":\"https:\/\/starstory.fr\/blog\/#\/schema\/person\/image\/\",\"url\":\"https:\/\/secure.gravatar.com\/avatar\/?s=96&d=mm&r=g\",\"contentUrl\":\"https:\/\/secure.gravatar.com\/avatar\/?s=96&d=mm&r=g\",\"caption\":\"Sophie Moreau\"},\"description\":\"Sophie partage des articles sur les stars musicales de chaque d\u00e9cennie et leur impact sur la sc\u00e8ne fran\u00e7aise et internationale.\",\"url\":\"https:\/\/starstory.fr\/blog\/auteur\/sophie-moreau\/\",\"jobTitle\":\"Contributrice maison & d\u00e9co\",\"email\":\"sophie.moreau@starstory.fr\"}]}<\/script>\n<!-- \/ Yoast SEO Premium plugin. -->","yoast_head_json":{"title":"Festival de Cannes 2026 : palmar\u00e8s, Palme d'or et stars de la Croisette","description":"Onze jours de projections, de mont\u00e9es des marches et de d\u00e9bats : le 79e Festival de Cannes a ferm\u00e9 ses portes le samedi 23 mai 2026 sur un palmar\u00e8s qui a","robots":{"index":"index","follow":"follow","max-snippet":"max-snippet:-1","max-image-preview":"max-image-preview:large","max-video-preview":"max-video-preview:-1"},"canonical":"https:\/\/starstory.fr\/blog\/cinema-et-television\/festival-de-cannes-2026-palmares-palme-d-or-et-stars-de-la-croisette\/","og_locale":"fr_FR","og_type":"article","og_title":"Festival de Cannes 2026 : palmar\u00e8s, Palme d'or et stars de la Croisette","og_description":"Onze jours de projections, de mont\u00e9es des marches et de d\u00e9bats : le 79e Festival de Cannes a ferm\u00e9 ses portes le samedi 23 mai 2026 sur un palmar\u00e8s qui a","og_url":"https:\/\/starstory.fr\/blog\/cinema-et-television\/festival-de-cannes-2026-palmares-palme-d-or-et-stars-de-la-croisette\/","og_site_name":"starstory","author":"Sophie Moreau","twitter_card":"summary_large_image","schema":{"@context":"https:\/\/schema.org","@graph":[{"@type":"NewsArticle","@id":"https:\/\/starstory.fr\/blog\/cinema-et-television\/festival-de-cannes-2026-palmares-palme-d-or-et-stars-de-la-croisette\/#article","isPartOf":{"@id":"https:\/\/starstory.fr\/blog\/cinema-et-television\/festival-de-cannes-2026-palmares-palme-d-or-et-stars-de-la-croisette\/"},"author":{"name":"Sophie Moreau","@id":"https:\/\/starstory.fr\/blog\/#\/schema\/person\/2cb6361ad79e679e2b744281310c1e3b"},"headline":"Festival de Cannes 2026 : palmar\u00e8s, Palme d&rsquo;or et stars de la Croisette","datePublished":"2026-06-06T00:18:59+00:00","mainEntityOfPage":{"@id":"https:\/\/starstory.fr\/blog\/cinema-et-television\/festival-de-cannes-2026-palmares-palme-d-or-et-stars-de-la-croisette\/"},"wordCount":1621,"commentCount":0,"publisher":{"@id":"https:\/\/starstory.fr\/blog\/#organization"},"image":{"@id":"https:\/\/starstory.fr\/blog\/cinema-et-television\/festival-de-cannes-2026-palmares-palme-d-or-et-stars-de-la-croisette\/#primaryimage"},"thumbnailUrl":"https:\/\/images.pexels.com\/photos\/28227728\/pexels-photo-28227728.jpeg?auto=compress&cs=tinysrgb&fit=crop&h=627&w=1200","articleSection":["Cin\u00e9ma et T\u00e9l\u00e9vision"],"inLanguage":"fr-FR","potentialAction":[{"@type":"CommentAction","name":"Comment","target":["https:\/\/starstory.fr\/blog\/cinema-et-television\/festival-de-cannes-2026-palmares-palme-d-or-et-stars-de-la-croisette\/#respond"]}]},{"@type":"WebPage","@id":"https:\/\/starstory.fr\/blog\/cinema-et-television\/festival-de-cannes-2026-palmares-palme-d-or-et-stars-de-la-croisette\/","url":"https:\/\/starstory.fr\/blog\/cinema-et-television\/festival-de-cannes-2026-palmares-palme-d-or-et-stars-de-la-croisette\/","name":"Festival de Cannes 2026 : palmar\u00e8s, Palme d'or et stars de la Croisette","isPartOf":{"@id":"https:\/\/starstory.fr\/blog\/#website"},"primaryImageOfPage":{"@id":"https:\/\/starstory.fr\/blog\/cinema-et-television\/festival-de-cannes-2026-palmares-palme-d-or-et-stars-de-la-croisette\/#primaryimage"},"image":{"@id":"https:\/\/starstory.fr\/blog\/cinema-et-television\/festival-de-cannes-2026-palmares-palme-d-or-et-stars-de-la-croisette\/#primaryimage"},"thumbnailUrl":"https:\/\/images.pexels.com\/photos\/28227728\/pexels-photo-28227728.jpeg?auto=compress&cs=tinysrgb&fit=crop&h=627&w=1200","datePublished":"2026-06-06T00:18:59+00:00","description":"Onze jours de projections, de mont\u00e9es des marches et de d\u00e9bats : le 79e Festival de Cannes a ferm\u00e9 ses portes le samedi 23 mai 2026 sur un palmar\u00e8s qui a","inLanguage":"fr-FR","potentialAction":[{"@type":"ReadAction","target":["https:\/\/starstory.fr\/blog\/cinema-et-television\/festival-de-cannes-2026-palmares-palme-d-or-et-stars-de-la-croisette\/"]}]},{"@type":"ImageObject","inLanguage":"fr-FR","@id":"https:\/\/starstory.fr\/blog\/cinema-et-television\/festival-de-cannes-2026-palmares-palme-d-or-et-stars-de-la-croisette\/#primaryimage","url":"https:\/\/images.pexels.com\/photos\/28227728\/pexels-photo-28227728.jpeg?auto=compress&cs=tinysrgb&fit=crop&h=627&w=1200","contentUrl":"https:\/\/images.pexels.com\/photos\/28227728\/pexels-photo-28227728.jpeg?auto=compress&cs=tinysrgb&fit=crop&h=627&w=1200"},{"@type":"WebSite","@id":"https:\/\/starstory.fr\/blog\/#website","url":"https:\/\/starstory.fr\/blog\/","name":"StarStory","description":"StarStory, les \u00e9toiles racontent leur histoire","publisher":{"@id":"https:\/\/starstory.fr\/blog\/#organization"},"alternateName":"StarStory, les \u00e9toiles racontent leur histoire","potentialAction":[{"@type":"SearchAction","target":{"@type":"EntryPoint","urlTemplate":"https:\/\/starstory.fr\/blog\/?s={search_term_string}"},"query-input":{"@type":"PropertyValueSpecification","valueRequired":true,"valueName":"search_term_string"}}],"inLanguage":"fr-FR"},{"@type":"Organization","@id":"https:\/\/starstory.fr\/blog\/#organization","name":"StarStory","alternateName":"StarStory.fr","url":"https:\/\/starstory.fr\/blog\/","logo":{"@type":"ImageObject","inLanguage":"fr-FR","@id":"https:\/\/starstory.fr\/blog\/#\/schema\/logo\/image\/","url":"https:\/\/starstory.fr\/blog\/wp-content\/uploads\/2024\/12\/38.png","contentUrl":"https:\/\/starstory.fr\/blog\/wp-content\/uploads\/2024\/12\/38.png","width":500,"height":500,"caption":"StarStory"},"image":{"@id":"https:\/\/starstory.fr\/blog\/#\/schema\/logo\/image\/"}},{"@type":"Person","@id":"https:\/\/starstory.fr\/blog\/#\/schema\/person\/2cb6361ad79e679e2b744281310c1e3b","name":"Sophie Moreau","image":{"@type":"ImageObject","inLanguage":"fr-FR","@id":"https:\/\/starstory.fr\/blog\/#\/schema\/person\/image\/","url":"https:\/\/secure.gravatar.com\/avatar\/?s=96&d=mm&r=g","contentUrl":"https:\/\/secure.gravatar.com\/avatar\/?s=96&d=mm&r=g","caption":"Sophie Moreau"},"description":"Sophie partage des articles sur les stars musicales de chaque d\u00e9cennie et leur impact sur la sc\u00e8ne fran\u00e7aise et internationale.","url":"https:\/\/starstory.fr\/blog\/auteur\/sophie-moreau\/","jobTitle":"Contributrice maison & d\u00e9co","email":"sophie.moreau@starstory.fr"}]}},"_links":{"self":[{"href":"https:\/\/starstory.fr\/blog\/wp-json\/wp\/v2\/posts\/8000","targetHints":{"allow":["GET"]}}],"collection":[{"href":"https:\/\/starstory.fr\/blog\/wp-json\/wp\/v2\/posts"}],"about":[{"href":"https:\/\/starstory.fr\/blog\/wp-json\/wp\/v2\/types\/post"}],"author":[{"embeddable":true,"href":"https:\/\/starstory.fr\/blog\/wp-json\/wp\/v2\/users\/41"}],"replies":[{"embeddable":true,"href":"https:\/\/starstory.fr\/blog\/wp-json\/wp\/v2\/comments?post=8000"}],"version-history":[{"count":0,"href":"https:\/\/starstory.fr\/blog\/wp-json\/wp\/v2\/posts\/8000\/revisions"}],"wp:attachment":[{"href":"https:\/\/starstory.fr\/blog\/wp-json\/wp\/v2\/media?parent=8000"}],"wp:term":[{"taxonomy":"category","embeddable":true,"href":"https:\/\/starstory.fr\/blog\/wp-json\/wp\/v2\/categories?post=8000"},{"taxonomy":"post_tag","embeddable":true,"href":"https:\/\/starstory.fr\/blog\/wp-json\/wp\/v2\/tags?post=8000"}],"curies":[{"name":"wp","href":"https:\/\/api.w.org\/{rel}","templated":true}]}}