{"id":7990,"date":"2026-06-06T02:02:56","date_gmt":"2026-06-06T00:02:56","guid":{"rendered":"https:\/\/starstory.fr\/blog\/musique-et-icones-musicales\/mylene-farmer-taille-age-vrai-nom-couple-et-fortune-la-fiche-complete\/"},"modified":"2026-06-06T02:02:56","modified_gmt":"2026-06-06T00:02:56","slug":"mylene-farmer-taille-age-vrai-nom-couple-et-fortune-la-fiche-complete","status":"publish","type":"post","link":"https:\/\/starstory.fr\/blog\/musique-et-icones-musicales\/mylene-farmer-taille-age-vrai-nom-couple-et-fortune-la-fiche-complete\/","title":{"rendered":"Myl\u00e8ne Farmer : taille, \u00e2ge, vrai nom, couple et fortune \u2014 la fiche compl\u00e8te"},"content":{"rendered":"<aside style=\"background:#FBEAF2;border-left:5px solid #B11E6A;padding:22px 28px;margin:24px 0;font-family:-apple-system,BlinkMacSystemFont,'Segoe UI',Roboto,sans-serif;\">\n<div style=\"margin:0;font-size:19px;line-height:1.55;color:#2a2a2a;font-weight:500;letter-spacing:-0.005em;\">\n    N\u00e9e Myl\u00e8ne Gautier le 12 septembre 1961 \u00e0 Pierrefonds, pr\u00e8s de Montr\u00e9al, l&rsquo;artiste fran\u00e7aise la plus secr\u00e8te de la pop francophone mesure environ 1,68 m, n&rsquo;a jamais comment\u00e9 sa vie priv\u00e9e et a vendu plus de 30 millions de disques. Voici sa fiche compl\u00e8te, v\u00e9rifi\u00e9e et sans sp\u00e9culation.\n  <\/div>\n<\/aside>\n<p>On la dit insaisissable. En quarante ans de carri\u00e8re, Myl\u00e8ne Farmer a b\u00e2ti un mythe \u00e0 coups de clips cin\u00e9matographiques, de tubes \u00e9nigmatiques et d&rsquo;un silence m\u00e9diatique quasi total. Elle accorde peu d&rsquo;interviews, ne commente jamais sa vie sentimentale et cultive une distance rare dans le show-business fran\u00e7ais. Pourtant, derri\u00e8re la l\u00e9gende, les faits sont solides : un vrai nom, une date de naissance, des records de stades et un catalogue de chansons grav\u00e9 dans la m\u00e9moire collective. Cette fiche rassemble ce que l&rsquo;on sait, et seulement ce que l&rsquo;on sait.<\/p>\n<figure style=\"margin:32px 0;font-family:-apple-system,BlinkMacSystemFont,'Segoe UI',Roboto,sans-serif;\">\n<div style=\"overflow-x:auto;border:1px solid #e5e5e0;border-radius:8px;\">\n<table style=\"width:100%;border-collapse:collapse;font-size:14px;color:#2a2a2a;min-width:500px;\">\n<thead>\n<tr style=\"background:#1a1a1a;color:#fff;\">\n<th style=\"text-align:left;padding:14px 18px;font-weight:700;font-size:12px;text-transform:uppercase;letter-spacing:1.5px;\">Carte d&rsquo;identit\u00e9<\/th>\n<th style=\"text-align:left;padding:14px 18px;font-weight:700;font-size:12px;text-transform:uppercase;letter-spacing:1.5px;\">D\u00e9tail<\/th>\n<\/tr>\n<\/thead>\n<tbody>\n<tr style=\"background:#fff;border-bottom:1px solid #f0ede5;\">\n<td style=\"padding:14px 18px;font-weight:600;\">Nom complet<\/td>\n<td style=\"padding:14px 18px;color:#4a4a4a;\">Myl\u00e8ne Jeanne Gautier (dite Myl\u00e8ne Farmer)<\/td>\n<\/tr>\n<tr style=\"background:#fafaf7;border-bottom:1px solid #f0ede5;\">\n<td style=\"padding:14px 18px;font-weight:600;\">Naissance<\/td>\n<td style=\"padding:14px 18px;color:#4a4a4a;\">12 septembre 1961, Pierrefonds (Qu\u00e9bec, Canada)<\/td>\n<\/tr>\n<tr style=\"background:#fff;border-bottom:1px solid #f0ede5;\">\n<td style=\"padding:14px 18px;font-weight:600;\">\u00c2ge<\/td>\n<td style=\"padding:14px 18px;color:#4a4a4a;\">64 ans (en 2026)<\/td>\n<\/tr>\n<tr style=\"background:#fafaf7;border-bottom:1px solid #f0ede5;\">\n<td style=\"padding:14px 18px;font-weight:600;\">Taille<\/td>\n<td style=\"padding:14px 18px;color:#4a4a4a;\">Environ 1,68 m (estimation, jamais confirm\u00e9e)<\/td>\n<\/tr>\n<tr style=\"background:#fff;border-bottom:1px solid #f0ede5;\">\n<td style=\"padding:14px 18px;font-weight:600;\">Nationalit\u00e9<\/td>\n<td style=\"padding:14px 18px;color:#4a4a4a;\">Fran\u00e7aise et canadienne<\/td>\n<\/tr>\n<tr style=\"background:#fafaf7;\">\n<td style=\"padding:14px 18px;font-weight:600;\">Profession<\/td>\n<td style=\"padding:14px 18px;color:#4a4a4a;\">Chanteuse, autrice, paroli\u00e8re, productrice<\/td>\n<\/tr>\n<\/tbody>\n<\/table><\/div><figcaption style=\"font-size:11px;color:#7a7a7a;margin-top:8px;text-align:right;letter-spacing:0.3px;\">Donn\u00e9es v\u00e9rifi\u00e9es \u2014 sources en fin d&rsquo;article.<\/figcaption><\/figure>\n<h2>Biographie : du Qu\u00e9bec aux sc\u00e8nes parisiennes<\/h2>\n<p>Myl\u00e8ne Jeanne Gautier na\u00eet le 12 septembre 1961 \u00e0 Pierrefonds, une ancienne ville aujourd&rsquo;hui int\u00e9gr\u00e9e \u00e0 l&rsquo;arrondissement de Pierrefonds-Roxboro, \u00e0 Montr\u00e9al. Son p\u00e8re, ing\u00e9nieur, travaille alors au Canada sur un chantier de barrage. La famille rentre en France lorsque la fillette a environ huit ans et s&rsquo;installe dans la r\u00e9gion parisienne, \u00e0 Ville-d&rsquo;Avray.<\/p>\n<p>Adolescente, la future star est cavali\u00e8re passionn\u00e9e avant de se tourner vers le th\u00e9\u00e2tre et la figuration. C&rsquo;est en empruntant le patronyme de l&rsquo;actrice hollywoodienne des ann\u00e9es 1930 Frances Farmer, qu&rsquo;elle admire, qu&rsquo;elle se forge son nom de sc\u00e8ne : Myl\u00e8ne Farmer. Ce choix, pos\u00e9 tr\u00e8s t\u00f4t, dit d\u00e9j\u00e0 tout d&rsquo;une artiste fascin\u00e9e par les figures tragiques et le romanesque.<\/p>\n<p>Ses jeunes ann\u00e9es parisiennes sont marqu\u00e9es par une certaine solitude et une sensibilit\u00e9 \u00e0 fleur de peau, terreau qui nourrira plus tard l&rsquo;univers m\u00e9lancolique de ses textes. Avant la gloire, elle encha\u00eene les petits boulots et les castings, dont une publicit\u00e9 qui la met sur la route d&rsquo;une maison de disques. Rien, \u00e0 ce stade, ne laisse pr\u00e9sager l&rsquo;ampleur du ph\u00e9nom\u00e8ne \u00e0 venir : ni le grand public, ni l&rsquo;industrie ne misent sur cette jeune femme r\u00e9serv\u00e9e. C&rsquo;est pr\u00e9cis\u00e9ment cette r\u00e9serve, transform\u00e9e en personnage sc\u00e9nique, qui deviendra sa signature.<\/p>\n<aside style=\"background:#FBEAF2;border-left:4px solid #B11E6A;padding:14px 18px;margin:18px 0;border-radius:0 4px 4px 0;font-family:-apple-system,BlinkMacSystemFont,'Segoe UI',Roboto,sans-serif;\">\n  <strong style=\"display:inline-block;color:#7a0f48;font-size:12px;text-transform:uppercase;letter-spacing:1.5px;margin-right:8px;\">&#128161; Bon \u00e0 savoir<\/strong><br \/>\n  <span style=\"font-size:14.5px;line-height:1.55;color:#3a3a3a;\">\u00ab Farmer \u00bb est un hommage assum\u00e9 \u00e0 l&rsquo;actrice am\u00e9ricaine Frances Farmer. Le pr\u00e9nom \u00ab Myl\u00e8ne \u00bb, lui, est bien celui de naissance.<\/span><br \/>\n<\/aside>\n<h2>Carri\u00e8re et tubes cultes : la machine Farmer-Boutonnat<\/h2>\n<p>Tout commence en 1984 avec \u00ab Maman a tort \u00bb, single de d\u00e9buts \u00e9coul\u00e9 \u00e0 plus de 100 000 exemplaires. Mais c&rsquo;est la rencontre avec le compositeur et r\u00e9alisateur Laurent Boutonnat qui change tout. Le duo invente une formule in\u00e9dite en France : des chansons \u00e0 la po\u00e9sie ambigu\u00eb port\u00e9es par des clips spectaculaires, longs et co\u00fbteux, con\u00e7us comme de v\u00e9ritables courts-m\u00e9trages.<\/p>\n<p>Au fil des d\u00e9cennies, Boutonnat compose pour elle une centaine de titres, dont une s\u00e9rie de tubes devenus patrimoniaux : \u00ab Libertine \u00bb, \u00ab Sans contrefa\u00e7on \u00bb, \u00ab Pourvu qu&rsquo;elles soient douces \u00bb, et surtout \u00ab D\u00e9senchant\u00e9e \u00bb (1991), souvent d\u00e9crite comme sa chanson signature. Myl\u00e8ne Farmer signe quant \u00e0 elle la quasi-totalit\u00e9 des paroles, ce qui en fait l&rsquo;une des rares stars fran\u00e7aises pleinement autrices de leur r\u00e9pertoire.<\/p>\n<p>Ce qui distingue le tandem, c&rsquo;est l&rsquo;ambition esth\u00e9tique. L\u00e0 o\u00f9 la vari\u00e9t\u00e9 fran\u00e7aise des ann\u00e9es 1980 se contente souvent de playbacks t\u00e9l\u00e9vis\u00e9s, Farmer et Boutonnat investissent dans des clips longs, narratifs, \u00e0 l&rsquo;imagerie soign\u00e9e : duels, \u00e9poques reconstitu\u00e9es, r\u00e9f\u00e9rences litt\u00e9raires et picturales. \u00ab Libertine \u00bb et \u00ab Pourvu qu&rsquo;elles soient douces \u00bb d\u00e9passent ainsi les dix minutes et imposent un format quasi cin\u00e9matographique in\u00e9dit \u00e0 l&rsquo;\u00e9poque. Cette approche fait de chaque sortie un \u00e9v\u00e9nement et installe durablement une fan-base d&rsquo;une fid\u00e9lit\u00e9 rare.<\/p>\n<p>Les albums se succ\u00e8dent et confirment cette long\u00e9vit\u00e9 hors norme, de \u00ab Cendres de lune \u00bb (1986) jusqu&rsquo;aux opus des ann\u00e9es 2010 et 2020, qui continuent de se classer en t\u00eate des ventes. Chaque cycle s&rsquo;accompagne d&rsquo;une r\u00e9invention visuelle, l&rsquo;artiste passant d&rsquo;une image romantique et gothique \u00e0 des esth\u00e9tiques plus pop ou \u00e9lectroniques, sans jamais perdre le fil de son identit\u00e9. Cette capacit\u00e9 \u00e0 se renouveler tout en restant reconnaissable explique qu&rsquo;elle s\u00e9duise plusieurs g\u00e9n\u00e9rations d&rsquo;auditeurs.<\/p>\n<figure style=\"margin:32px 0;font-family:-apple-system,BlinkMacSystemFont,'Segoe UI',Roboto,sans-serif;\">\n<div style=\"overflow-x:auto;border:1px solid #e5e5e0;border-radius:8px;\">\n<table style=\"width:100%;border-collapse:collapse;font-size:14px;color:#2a2a2a;min-width:500px;\">\n<thead>\n<tr style=\"background:#1a1a1a;color:#fff;\">\n<th style=\"text-align:left;padding:14px 18px;font-weight:700;font-size:12px;text-transform:uppercase;letter-spacing:1.5px;\">Titre culte<\/th>\n<th style=\"text-align:center;padding:14px 18px;font-weight:700;font-size:12px;text-transform:uppercase;letter-spacing:1.5px;\">Ann\u00e9e<\/th>\n<th style=\"text-align:left;padding:14px 18px;font-weight:700;font-size:12px;text-transform:uppercase;letter-spacing:1.5px;\">Pourquoi \u00e7a compte<\/th>\n<\/tr>\n<\/thead>\n<tbody>\n<tr style=\"background:#fff;border-bottom:1px solid #f0ede5;\">\n<td style=\"padding:14px 18px;font-weight:600;\">Maman a tort<\/td>\n<td style=\"padding:14px 18px;text-align:center;color:#6a6a6a;\">1984<\/td>\n<td style=\"padding:14px 18px;color:#4a4a4a;\">Premier single, lancement de la carri\u00e8re<\/td>\n<\/tr>\n<tr style=\"background:#fafaf7;border-bottom:1px solid #f0ede5;\">\n<td style=\"padding:14px 18px;font-weight:600;\">Libertine<\/td>\n<td style=\"padding:14px 18px;text-align:center;color:#6a6a6a;\">1986<\/td>\n<td style=\"padding:14px 18px;color:#4a4a4a;\">Clip-\u00e9v\u00e9nement, image sulfureuse install\u00e9e<\/td>\n<\/tr>\n<tr style=\"background:#fff;border-bottom:1px solid #f0ede5;\">\n<td style=\"padding:14px 18px;font-weight:600;\">Sans contrefa\u00e7on<\/td>\n<td style=\"padding:14px 18px;text-align:center;color:#6a6a6a;\">1987<\/td>\n<td style=\"padding:14px 18px;color:#4a4a4a;\">Hymne d&rsquo;androgynie, tube interg\u00e9n\u00e9rationnel<\/td>\n<\/tr>\n<tr style=\"background:#fafaf7;\">\n<td style=\"padding:14px 18px;font-weight:600;\">D\u00e9senchant\u00e9e<\/td>\n<td style=\"padding:14px 18px;text-align:center;color:#6a6a6a;\">1991<\/td>\n<td style=\"padding:14px 18px;color:#4a4a4a;\">Chanson signature, n\u00b01 durant des semaines<\/td>\n<\/tr>\n<\/tbody>\n<\/table><\/div>\n<\/figure>\n<p>C\u00f4t\u00e9 sc\u00e8ne, l&rsquo;artiste impose des spectacles parmi les plus ambitieux jamais mont\u00e9s en France. En 2009, elle devient la premi\u00e8re chanteuse fran\u00e7aise \u00e0 remplir le Stade de France, r\u00e9unissant environ 160 000 spectateurs sur deux soirs. Suivront la tourn\u00e9e Timeless en 2013, le retour \u00e0 Paris La D\u00e9fense Arena en 2019 (plus de 230 000 spectateurs sur l&rsquo;ensemble des dates), puis la tourn\u00e9e Nevermore 2023\/2024, sa premi\u00e8re int\u00e9gralement jou\u00e9e dans des stades.<\/p>\n<figure style=\"margin:32px 0;padding:0;font-family:-apple-system,BlinkMacSystemFont,'Segoe UI',Roboto,sans-serif;\">\n<div style=\"display:grid;grid-template-columns:repeat(auto-fit,minmax(140px,1fr));background:#1a1a1a;border-radius:6px;overflow:hidden;\">\n<div style=\"padding:22px 16px;text-align:center;border-right:1px solid #2f2f2f;\">\n<div style=\"font-size:36px;font-weight:900;color:#fff;letter-spacing:-0.04em;font-feature-settings:'tnum';line-height:1;\">30 M+<\/div>\n<div style=\"font-size:11px;text-transform:uppercase;letter-spacing:1.5px;color:#9a9a9a;margin-top:8px;\">disques vendus<\/div>\n<\/p><\/div>\n<div style=\"padding:22px 16px;text-align:center;border-right:1px solid #2f2f2f;\">\n<div style=\"font-size:36px;font-weight:900;color:#fff;letter-spacing:-0.04em;font-feature-settings:'tnum';line-height:1;\">5&times;<\/div>\n<div style=\"font-size:11px;text-transform:uppercase;letter-spacing:1.5px;color:#9a9a9a;margin-top:8px;\">Stade de France rempli<\/div>\n<\/p><\/div>\n<div style=\"padding:22px 16px;text-align:center;\">\n<div style=\"font-size:36px;font-weight:900;color:#B11E6A;letter-spacing:-0.04em;font-feature-settings:'tnum';line-height:1;\">40 ans<\/div>\n<div style=\"font-size:11px;text-transform:uppercase;letter-spacing:1.5px;color:#9a9a9a;margin-top:8px;\">de carri\u00e8re<\/div>\n<\/p><\/div>\n<\/p><\/div><figcaption style=\"font-size:11px;color:#7a7a7a;margin-top:8px;text-align:right;letter-spacing:0.3px;\">Donn\u00e9es indicatives \u2014 voir sources en fin d&rsquo;article.<\/figcaption><\/figure>\n<h2>Taille et physique : ce que l&rsquo;on sait vraiment<\/h2>\n<p>Question r\u00e9currente des fans : combien mesure Myl\u00e8ne Farmer ? La r\u00e9ponse honn\u00eate est qu&rsquo;elle ne l&rsquo;a jamais officiellement communiqu\u00e9e. Les sources sp\u00e9cialis\u00e9es convergent autour de 1,66 \u00e0 1,68 m, soit environ 1,68 m en moyenne retenue. Sa silhouette longiligne, sa chevelure rousse iconique et ses tenues sc\u00e9niques sign\u00e9es par de grands cr\u00e9ateurs accentuent souvent l&rsquo;impression de hauteur sur sc\u00e8ne.<\/p>\n<aside style=\"background:#FBEAF2;border-left:4px solid #B11E6A;padding:14px 18px;margin:18px 0;border-radius:0 4px 4px 0;font-family:-apple-system,BlinkMacSystemFont,'Segoe UI',Roboto,sans-serif;\">\n  <strong style=\"display:inline-block;color:#7a0f48;font-size:12px;text-transform:uppercase;letter-spacing:1.5px;margin-right:8px;\">&#10022; \u00c0 noter<\/strong><br \/>\n  <span style=\"font-size:14.5px;line-height:1.55;color:#3a3a3a;\">Aucune mensuration n&rsquo;a jamais \u00e9t\u00e9 confirm\u00e9e par l&rsquo;artiste. Les chiffres avanc\u00e9s ici restent des estimations \u00e0 manier avec prudence.<\/span><br \/>\n<\/aside>\n<h2>Vie priv\u00e9e : la discr\u00e9tion comme principe<\/h2>\n<p>S&rsquo;il fallait r\u00e9sumer Myl\u00e8ne Farmer en un mot, ce serait peut-\u00eatre \u00ab pudeur \u00bb. Depuis ses d\u00e9buts, elle prot\u00e8ge farouchement sa vie personnelle : pas de confidences sur ses relations, pas de pr\u00e9sence sur les r\u00e9seaux \u00e0 titre priv\u00e9, tr\u00e8s peu d&rsquo;apparitions hors promotion. Cette raret\u00e9 nourrit le myst\u00e8re et fait partie int\u00e9grante de son aura artistique.<\/p>\n<p>Sa relation de longue date avec Laurent Boutonnat est avant tout document\u00e9e sur le plan cr\u00e9atif : un partenariat artistique exceptionnel qui a fa\u00e7onn\u00e9 l&rsquo;essentiel de son \u0153uvre. Par respect des faits et de la discr\u00e9tion qu&rsquo;elle revendique, cet article ne sp\u00e9cule pas sur sa sph\u00e8re sentimentale, qu&rsquo;elle a toujours tenue \u00e0 l&rsquo;\u00e9cart des m\u00e9dias.<\/p>\n<figure style=\"margin:38px auto;padding:28px 24px;text-align:center;border-top:1px solid #2a2a2a;border-bottom:1px solid #2a2a2a;max-width:640px;position:relative;font-family:Georgia,'Hoefler Text',serif;\">\n<div style=\"position:absolute;top:-20px;left:50%;transform:translateX(-50%);background:#ffffff;padding:0 14px;font-size:48px;line-height:1;color:#B11E6A;font-family:Georgia,serif;\">&laquo;<\/div>\n<blockquote style=\"margin:0;padding:0;font-size:24px;line-height:1.45;font-style:italic;color:#1a1a1a;letter-spacing:-0.005em;\"><p>\n    Le myst\u00e8re n&rsquo;est pas une strat\u00e9gie chez Myl\u00e8ne Farmer : c&rsquo;est une mani\u00e8re d&rsquo;habiter le monde, \u00e0 distance des projecteurs.<br \/>\n  <\/blockquote><figcaption style=\"margin-top:14px;font-size:12px;text-transform:uppercase;letter-spacing:2px;color:#6a6a6a;font-family:-apple-system,sans-serif;font-style:normal;\">\u2014 Portrait \u00e9ditorial<\/figcaption><\/figure>\n<h2>Fortune estim\u00e9e : un patrimoine b\u00e2ti sur les ventes et les stades<\/h2>\n<p>\u00c9valuer la fortune d&rsquo;une artiste aussi discr\u00e8te rel\u00e8ve forc\u00e9ment de l&rsquo;estimation. Aucune donn\u00e9e officielle n&rsquo;est publi\u00e9e, mais plusieurs sources \u00e9voquent un patrimoine de plusieurs dizaines de millions d&rsquo;euros, aliment\u00e9 par quatre d\u00e9cennies de ventes record, de droits d&rsquo;auteur \u2014 elle \u00e9crit ses textes \u2014 et de tourn\u00e9es dans les plus grandes salles d&rsquo;Europe.<\/p>\n<p>Son immobilier, notamment en r\u00e9gion parisienne, est r\u00e9guli\u00e8rement cit\u00e9 parmi ses actifs, avec des estimations d\u00e9passant la dizaine de millions d&rsquo;euros pour l&rsquo;ensemble de ses biens. Ces chiffres restent indicatifs : la chanteuse n&rsquo;a jamais d\u00e9taill\u00e9 son patrimoine, et toute \u00e9valuation doit \u00eatre lue comme une approximation.<\/p>\n<p>Au-del\u00e0 des montants, c&rsquo;est le mod\u00e8le \u00e9conomique de l&rsquo;artiste qui frappe : un contr\u00f4le cr\u00e9atif rare sur sa carri\u00e8re, qui lui assure des revenus diversifi\u00e9s entre droits d&rsquo;auteur, ventes physiques et num\u00e9riques, et recettes de tourn\u00e9es g\u00e9antes. Les concerts dans les stades, o\u00f9 les jauges d\u00e9passent les dizaines de milliers de spectateurs par soir, g\u00e9n\u00e8rent \u00e0 eux seuls des recettes consid\u00e9rables. Cette ind\u00e9pendance financi\u00e8re lui a permis, tout au long de sa carri\u00e8re, de refuser les compromis et de n&rsquo;appara\u00eetre que lorsqu&rsquo;elle l&rsquo;a d\u00e9cid\u00e9.<\/p>\n<aside style=\"background:#fff7e0;border-left:4px solid #d4a017;padding:14px 18px;margin:18px 0;border-radius:0 4px 4px 0;font-family:-apple-system,BlinkMacSystemFont,'Segoe UI',Roboto,sans-serif;\">\n  <strong style=\"display:inline-block;color:#7a5e00;font-size:12px;text-transform:uppercase;letter-spacing:1.5px;margin-right:8px;\">&#9888;&#65039; Attention<\/strong><br \/>\n  <span style=\"font-size:14.5px;line-height:1.55;color:#3a3a3a;\">Les montants de fortune circulant en ligne sont des estimations de tiers, jamais confirm\u00e9es par l&rsquo;int\u00e9ress\u00e9e. \u00c0 consid\u00e9rer avec recul.<\/span><br \/>\n<\/aside>\n<h2>Anecdotes : la rousse aux records<\/h2>\n<div style=\"display:grid;grid-template-columns:repeat(auto-fit,minmax(220px,1fr));gap:14px;margin:28px 0;font-family:-apple-system,BlinkMacSystemFont,'Segoe UI',Roboto,sans-serif;\">\n<article style=\"background:#fff;border:1px solid #e5e5e0;border-top:3px solid #B11E6A;border-radius:6px;padding:18px 18px 16px;\">\n<div style=\"width:36px;height:36px;background:#FBEAF2;border-radius:50%;display:inline-flex;align-items:center;justify-content:center;margin-bottom:12px;\">\n      <span style=\"font-size:18px;color:#B11E6A;font-weight:900;font-family:Georgia,serif;\">01<\/span>\n    <\/div>\n<h3 style=\"margin:0 0 6px 0;font-size:16px;font-weight:700;color:#1a1a1a;letter-spacing:-0.01em;\">Premi\u00e8re au Stade de France<\/h3>\n<div style=\"margin:0;font-size:13.5px;line-height:1.55;color:#4a4a4a;\">En 2009, elle est la premi\u00e8re chanteuse fran\u00e7aise \u00e0 y donner un concert.<\/div>\n<\/article>\n<article style=\"background:#fff;border:1px solid #e5e5e0;border-top:3px solid #B11E6A;border-radius:6px;padding:18px 18px 16px;\">\n<div style=\"width:36px;height:36px;background:#FBEAF2;border-radius:50%;display:inline-flex;align-items:center;justify-content:center;margin-bottom:12px;\">\n      <span style=\"font-size:18px;color:#B11E6A;font-weight:900;font-family:Georgia,serif;\">02<\/span>\n    <\/div>\n<h3 style=\"margin:0 0 6px 0;font-size:16px;font-weight:700;color:#1a1a1a;letter-spacing:-0.01em;\">Un nom hollywoodien<\/h3>\n<div style=\"margin:0;font-size:13.5px;line-height:1.55;color:#4a4a4a;\">\u00ab Farmer \u00bb vient de l&rsquo;actrice Frances Farmer, figure tragique des ann\u00e9es 1930.<\/div>\n<\/article>\n<article style=\"background:#fff;border:1px solid #e5e5e0;border-top:3px solid #B11E6A;border-radius:6px;padding:18px 18px 16px;\">\n<div style=\"width:36px;height:36px;background:#FBEAF2;border-radius:50%;display:inline-flex;align-items:center;justify-content:center;margin-bottom:12px;\">\n      <span style=\"font-size:18px;color:#B11E6A;font-weight:900;font-family:Georgia,serif;\">03<\/span>\n    <\/div>\n<h3 style=\"margin:0 0 6px 0;font-size:16px;font-weight:700;color:#1a1a1a;letter-spacing:-0.01em;\">Reine du Top 50<\/h3>\n<div style=\"margin:0;font-size:13.5px;line-height:1.55;color:#4a4a4a;\">Elle d\u00e9tient un nombre record de titres class\u00e9s n\u00b01 dans l&rsquo;histoire du hit-parade fran\u00e7ais.<\/div>\n<\/article>\n<article style=\"background:#fff;border:1px solid #e5e5e0;border-top:3px solid #B11E6A;border-radius:6px;padding:18px 18px 16px;\">\n<div style=\"width:36px;height:36px;background:#FBEAF2;border-radius:50%;display:inline-flex;align-items:center;justify-content:center;margin-bottom:12px;\">\n      <span style=\"font-size:18px;color:#B11E6A;font-weight:900;font-family:Georgia,serif;\">04<\/span>\n    <\/div>\n<h3 style=\"margin:0 0 6px 0;font-size:16px;font-weight:700;color:#1a1a1a;letter-spacing:-0.01em;\">Autrice de ses textes<\/h3>\n<div style=\"margin:0;font-size:13.5px;line-height:1.55;color:#4a4a4a;\">Elle \u00e9crit la quasi-totalit\u00e9 de ses paroles, marque d&rsquo;une carri\u00e8re ma\u00eetris\u00e9e de bout en bout.<\/div>\n<\/article>\n<\/div>\n<section style=\"margin:32px 0;font-family:-apple-system,BlinkMacSystemFont,'Segoe UI',Roboto,sans-serif;\">\n<h2 style=\"margin:0 0 18px 0;font-size:22px;font-weight:800;color:#1a1a1a;letter-spacing:-0.01em;\">Questions fr\u00e9quentes<\/h2>\n<div style=\"border-top:1px solid #d4cfc4;\">\n<details style=\"border-bottom:1px solid #d4cfc4;padding:0;\">\n<summary style=\"cursor:pointer;padding:16px 0;font-size:17px;font-weight:700;color:#1a1a1a;list-style:none;display:flex;justify-content:space-between;align-items:center;gap:14px;\">\n        <span>Quelle est la taille de Myl\u00e8ne Farmer ?<\/span><br \/>\n        <span style=\"font-size:22px;font-weight:300;color:#B11E6A;line-height:1;\">+<\/span><br \/>\n      <\/summary>\n<div style=\"padding:0 0 16px 0;font-size:15px;line-height:1.7;color:#4a4a4a;\">Elle ne l&rsquo;a jamais officiellement communiqu\u00e9e. Les sources sp\u00e9cialis\u00e9es l&rsquo;estiment autour de 1,66 \u00e0 1,68 m, soit environ 1,68 m. Ce chiffre reste une estimation.<\/div>\n<\/details>\n<details style=\"border-bottom:1px solid #d4cfc4;padding:0;\">\n<summary style=\"cursor:pointer;padding:16px 0;font-size:17px;font-weight:700;color:#1a1a1a;list-style:none;display:flex;justify-content:space-between;align-items:center;gap:14px;\">\n        <span>Quel \u00e2ge a Myl\u00e8ne Farmer ?<\/span><br \/>\n        <span style=\"font-size:22px;font-weight:300;color:#B11E6A;line-height:1;\">+<\/span><br \/>\n      <\/summary>\n<div style=\"padding:0 0 16px 0;font-size:15px;line-height:1.7;color:#4a4a4a;\">N\u00e9e le 12 septembre 1961, elle a 64 ans en 2026.<\/div>\n<\/details>\n<details style=\"border-bottom:1px solid #d4cfc4;padding:0;\">\n<summary style=\"cursor:pointer;padding:16px 0;font-size:17px;font-weight:700;color:#1a1a1a;list-style:none;display:flex;justify-content:space-between;align-items:center;gap:14px;\">\n        <span>Quel est le vrai nom de Myl\u00e8ne Farmer ?<\/span><br \/>\n        <span style=\"font-size:22px;font-weight:300;color:#B11E6A;line-height:1;\">+<\/span><br \/>\n      <\/summary>\n<div style=\"padding:0 0 16px 0;font-size:15px;line-height:1.7;color:#4a4a4a;\">Son nom de naissance est Myl\u00e8ne Jeanne Gautier. \u00ab Farmer \u00bb est un nom de sc\u00e8ne emprunt\u00e9 \u00e0 l&rsquo;actrice am\u00e9ricaine Frances Farmer.<\/div>\n<\/details>\n<details style=\"border-bottom:1px solid #d4cfc4;padding:0;\">\n<summary style=\"cursor:pointer;padding:16px 0;font-size:17px;font-weight:700;color:#1a1a1a;list-style:none;display:flex;justify-content:space-between;align-items:center;gap:14px;\">\n        <span>Myl\u00e8ne Farmer est-elle en couple ?<\/span><br \/>\n        <span style=\"font-size:22px;font-weight:300;color:#B11E6A;line-height:1;\">+<\/span><br \/>\n      <\/summary>\n<div style=\"padding:0 0 16px 0;font-size:15px;line-height:1.7;color:#4a4a4a;\">L&rsquo;artiste tient sa vie priv\u00e9e \u00e0 l&rsquo;\u00e9cart des m\u00e9dias et ne commente jamais ses relations. Son lien le mieux document\u00e9 reste son partenariat cr\u00e9atif de longue date avec le compositeur Laurent Boutonnat. Aucune information sentimentale v\u00e9rifi\u00e9e n&rsquo;est publique.<\/div>\n<\/details>\n<details style=\"border-bottom:1px solid #d4cfc4;padding:0;\">\n<summary style=\"cursor:pointer;padding:16px 0;font-size:17px;font-weight:700;color:#1a1a1a;list-style:none;display:flex;justify-content:space-between;align-items:center;gap:14px;\">\n        <span>Quelle est la fortune de Myl\u00e8ne Farmer ?<\/span><br \/>\n        <span style=\"font-size:22px;font-weight:300;color:#B11E6A;line-height:1;\">+<\/span><br \/>\n      <\/summary>\n<div style=\"padding:0 0 16px 0;font-size:15px;line-height:1.7;color:#4a4a4a;\">Aucune donn\u00e9e officielle n&rsquo;existe. Plusieurs sources estiment son patrimoine \u00e0 plusieurs dizaines de millions d&rsquo;euros, immobilier compris. Ces montants sont indicatifs et n&rsquo;ont jamais \u00e9t\u00e9 confirm\u00e9s par l&rsquo;int\u00e9ress\u00e9e.<\/div>\n<\/details><\/div>\n<\/section>\n<p style=\"font-size:13px;color:#6a6a6a;margin-top:32px;\">Sources : Wikip\u00e9dia et donn\u00e9es publiques. Article mis \u00e0 jour r\u00e9guli\u00e8rement.<\/p>\n","protected":false},"excerpt":{"rendered":"","protected":false},"author":39,"featured_media":999999999,"comment_status":"open","ping_status":"open","sticky":false,"template":"","format":"standard","meta":{"_acf_changed":false,"manual_indexmenow":false,"indexmenow_id_project":0,"footnotes":""},"categories":[4522],"tags":[],"class_list":["post-7990","post","type-post","status-publish","format-standard","has-post-thumbnail","hentry","category-musique-et-icones-musicales","generate-columns","tablet-grid-50","mobile-grid-100","grid-parent","grid-25"],"acf":[],"yoast_head":"<!-- This site is optimized with the Yoast SEO Premium plugin v21.3 (Yoast SEO v26.5) - https:\/\/yoast.com\/wordpress\/plugins\/seo\/ -->\n<title>Myl\u00e8ne Farmer : taille, \u00e2ge, vrai nom, couple et fortune<\/title>\n<meta name=\"description\" content=\"On la dit insaisissable. En quarante ans de carri\u00e8re, Myl\u00e8ne Farmer a b\u00e2ti un mythe \u00e0 coups de clips cin\u00e9matographiques, de tubes \u00e9nigmatiques et d&#039;un\" \/>\n<meta name=\"robots\" content=\"index, follow, max-snippet:-1, max-image-preview:large, max-video-preview:-1\" \/>\n<link rel=\"canonical\" href=\"https:\/\/starstory.fr\/blog\/musique-et-icones-musicales\/mylene-farmer-taille-age-vrai-nom-couple-et-fortune-la-fiche-complete\/\" \/>\n<meta property=\"og:locale\" content=\"fr_FR\" \/>\n<meta property=\"og:type\" content=\"article\" \/>\n<meta property=\"og:title\" content=\"Myl\u00e8ne Farmer : taille, \u00e2ge, vrai nom, couple et fortune\" \/>\n<meta property=\"og:description\" content=\"On la dit insaisissable. En quarante ans de carri\u00e8re, Myl\u00e8ne Farmer a b\u00e2ti un mythe \u00e0 coups de clips cin\u00e9matographiques, de tubes \u00e9nigmatiques et d&#039;un\" \/>\n<meta property=\"og:url\" content=\"https:\/\/starstory.fr\/blog\/musique-et-icones-musicales\/mylene-farmer-taille-age-vrai-nom-couple-et-fortune-la-fiche-complete\/\" \/>\n<meta property=\"og:site_name\" content=\"starstory\" \/>\n<meta name=\"author\" content=\"Claire Lefevre\" \/>\n<meta name=\"twitter:card\" content=\"summary_large_image\" \/>\n<script type=\"application\/ld+json\" class=\"yoast-schema-graph\">{\"@context\":\"https:\/\/schema.org\",\"@graph\":[{\"@type\":\"NewsArticle\",\"@id\":\"https:\/\/starstory.fr\/blog\/musique-et-icones-musicales\/mylene-farmer-taille-age-vrai-nom-couple-et-fortune-la-fiche-complete\/#article\",\"isPartOf\":{\"@id\":\"https:\/\/starstory.fr\/blog\/musique-et-icones-musicales\/mylene-farmer-taille-age-vrai-nom-couple-et-fortune-la-fiche-complete\/\"},\"author\":{\"name\":\"Claire Lefevre\",\"@id\":\"https:\/\/starstory.fr\/blog\/#\/schema\/person\/432b46949d2a452f85568b160103039e\"},\"headline\":\"Myl\u00e8ne Farmer : taille, \u00e2ge, vrai nom, couple et fortune \u2014 la fiche compl\u00e8te\",\"datePublished\":\"2026-06-06T00:02:56+00:00\",\"mainEntityOfPage\":{\"@id\":\"https:\/\/starstory.fr\/blog\/musique-et-icones-musicales\/mylene-farmer-taille-age-vrai-nom-couple-et-fortune-la-fiche-complete\/\"},\"wordCount\":1755,\"commentCount\":0,\"publisher\":{\"@id\":\"https:\/\/starstory.fr\/blog\/#organization\"},\"image\":{\"@id\":\"https:\/\/starstory.fr\/blog\/musique-et-icones-musicales\/mylene-farmer-taille-age-vrai-nom-couple-et-fortune-la-fiche-complete\/#primaryimage\"},\"thumbnailUrl\":\"https:\/\/images.pexels.com\/photos\/20407014\/pexels-photo-20407014.jpeg?auto=compress&cs=tinysrgb&fit=crop&h=627&w=1200\",\"articleSection\":[\"Musique et Ic\u00f4nes Musicales\"],\"inLanguage\":\"fr-FR\",\"potentialAction\":[{\"@type\":\"CommentAction\",\"name\":\"Comment\",\"target\":[\"https:\/\/starstory.fr\/blog\/musique-et-icones-musicales\/mylene-farmer-taille-age-vrai-nom-couple-et-fortune-la-fiche-complete\/#respond\"]}]},{\"@type\":\"WebPage\",\"@id\":\"https:\/\/starstory.fr\/blog\/musique-et-icones-musicales\/mylene-farmer-taille-age-vrai-nom-couple-et-fortune-la-fiche-complete\/\",\"url\":\"https:\/\/starstory.fr\/blog\/musique-et-icones-musicales\/mylene-farmer-taille-age-vrai-nom-couple-et-fortune-la-fiche-complete\/\",\"name\":\"Myl\u00e8ne Farmer : taille, \u00e2ge, vrai nom, couple et fortune\",\"isPartOf\":{\"@id\":\"https:\/\/starstory.fr\/blog\/#website\"},\"primaryImageOfPage\":{\"@id\":\"https:\/\/starstory.fr\/blog\/musique-et-icones-musicales\/mylene-farmer-taille-age-vrai-nom-couple-et-fortune-la-fiche-complete\/#primaryimage\"},\"image\":{\"@id\":\"https:\/\/starstory.fr\/blog\/musique-et-icones-musicales\/mylene-farmer-taille-age-vrai-nom-couple-et-fortune-la-fiche-complete\/#primaryimage\"},\"thumbnailUrl\":\"https:\/\/images.pexels.com\/photos\/20407014\/pexels-photo-20407014.jpeg?auto=compress&cs=tinysrgb&fit=crop&h=627&w=1200\",\"datePublished\":\"2026-06-06T00:02:56+00:00\",\"description\":\"On la dit insaisissable. En quarante ans de carri\u00e8re, Myl\u00e8ne Farmer a b\u00e2ti un mythe \u00e0 coups de clips cin\u00e9matographiques, de tubes \u00e9nigmatiques et d'un\",\"inLanguage\":\"fr-FR\",\"potentialAction\":[{\"@type\":\"ReadAction\",\"target\":[\"https:\/\/starstory.fr\/blog\/musique-et-icones-musicales\/mylene-farmer-taille-age-vrai-nom-couple-et-fortune-la-fiche-complete\/\"]}]},{\"@type\":\"ImageObject\",\"inLanguage\":\"fr-FR\",\"@id\":\"https:\/\/starstory.fr\/blog\/musique-et-icones-musicales\/mylene-farmer-taille-age-vrai-nom-couple-et-fortune-la-fiche-complete\/#primaryimage\",\"url\":\"https:\/\/images.pexels.com\/photos\/20407014\/pexels-photo-20407014.jpeg?auto=compress&cs=tinysrgb&fit=crop&h=627&w=1200\",\"contentUrl\":\"https:\/\/images.pexels.com\/photos\/20407014\/pexels-photo-20407014.jpeg?auto=compress&cs=tinysrgb&fit=crop&h=627&w=1200\"},{\"@type\":\"WebSite\",\"@id\":\"https:\/\/starstory.fr\/blog\/#website\",\"url\":\"https:\/\/starstory.fr\/blog\/\",\"name\":\"StarStory\",\"description\":\"StarStory, les \u00e9toiles racontent leur histoire\",\"publisher\":{\"@id\":\"https:\/\/starstory.fr\/blog\/#organization\"},\"alternateName\":\"StarStory, les \u00e9toiles racontent leur histoire\",\"potentialAction\":[{\"@type\":\"SearchAction\",\"target\":{\"@type\":\"EntryPoint\",\"urlTemplate\":\"https:\/\/starstory.fr\/blog\/?s={search_term_string}\"},\"query-input\":{\"@type\":\"PropertyValueSpecification\",\"valueRequired\":true,\"valueName\":\"search_term_string\"}}],\"inLanguage\":\"fr-FR\"},{\"@type\":\"Organization\",\"@id\":\"https:\/\/starstory.fr\/blog\/#organization\",\"name\":\"StarStory\",\"alternateName\":\"StarStory.fr\",\"url\":\"https:\/\/starstory.fr\/blog\/\",\"logo\":{\"@type\":\"ImageObject\",\"inLanguage\":\"fr-FR\",\"@id\":\"https:\/\/starstory.fr\/blog\/#\/schema\/logo\/image\/\",\"url\":\"https:\/\/starstory.fr\/blog\/wp-content\/uploads\/2024\/12\/38.png\",\"contentUrl\":\"https:\/\/starstory.fr\/blog\/wp-content\/uploads\/2024\/12\/38.png\",\"width\":500,\"height\":500,\"caption\":\"StarStory\"},\"image\":{\"@id\":\"https:\/\/starstory.fr\/blog\/#\/schema\/logo\/image\/\"}},{\"@type\":\"Person\",\"@id\":\"https:\/\/starstory.fr\/blog\/#\/schema\/person\/432b46949d2a452f85568b160103039e\",\"name\":\"Claire Lefevre\",\"image\":{\"@type\":\"ImageObject\",\"inLanguage\":\"fr-FR\",\"@id\":\"https:\/\/starstory.fr\/blog\/#\/schema\/person\/image\/\",\"url\":\"https:\/\/secure.gravatar.com\/avatar\/?s=96&d=mm&r=g\",\"contentUrl\":\"https:\/\/secure.gravatar.com\/avatar\/?s=96&d=mm&r=g\",\"caption\":\"Claire Lefevre\"},\"description\":\"Claire raconte l\u2019\u00e9volution des c\u00e9l\u00e9brit\u00e9s et leur influence socioculturelle \u00e0 travers les d\u00e9cennies.\",\"url\":\"https:\/\/starstory.fr\/blog\/auteur\/claire-lefevre\/\",\"jobTitle\":\"Contributrice mutuelle sant\u00e9\",\"email\":\"claire.lefevre@starstory.fr\"}]}<\/script>\n<!-- \/ Yoast SEO Premium plugin. -->","yoast_head_json":{"title":"Myl\u00e8ne Farmer : taille, \u00e2ge, vrai nom, couple et fortune","description":"On la dit insaisissable. En quarante ans de carri\u00e8re, Myl\u00e8ne Farmer a b\u00e2ti un mythe \u00e0 coups de clips cin\u00e9matographiques, de tubes \u00e9nigmatiques et d'un","robots":{"index":"index","follow":"follow","max-snippet":"max-snippet:-1","max-image-preview":"max-image-preview:large","max-video-preview":"max-video-preview:-1"},"canonical":"https:\/\/starstory.fr\/blog\/musique-et-icones-musicales\/mylene-farmer-taille-age-vrai-nom-couple-et-fortune-la-fiche-complete\/","og_locale":"fr_FR","og_type":"article","og_title":"Myl\u00e8ne Farmer : taille, \u00e2ge, vrai nom, couple et fortune","og_description":"On la dit insaisissable. En quarante ans de carri\u00e8re, Myl\u00e8ne Farmer a b\u00e2ti un mythe \u00e0 coups de clips cin\u00e9matographiques, de tubes \u00e9nigmatiques et d'un","og_url":"https:\/\/starstory.fr\/blog\/musique-et-icones-musicales\/mylene-farmer-taille-age-vrai-nom-couple-et-fortune-la-fiche-complete\/","og_site_name":"starstory","author":"Claire Lefevre","twitter_card":"summary_large_image","schema":{"@context":"https:\/\/schema.org","@graph":[{"@type":"NewsArticle","@id":"https:\/\/starstory.fr\/blog\/musique-et-icones-musicales\/mylene-farmer-taille-age-vrai-nom-couple-et-fortune-la-fiche-complete\/#article","isPartOf":{"@id":"https:\/\/starstory.fr\/blog\/musique-et-icones-musicales\/mylene-farmer-taille-age-vrai-nom-couple-et-fortune-la-fiche-complete\/"},"author":{"name":"Claire Lefevre","@id":"https:\/\/starstory.fr\/blog\/#\/schema\/person\/432b46949d2a452f85568b160103039e"},"headline":"Myl\u00e8ne Farmer : taille, \u00e2ge, vrai nom, couple et fortune \u2014 la fiche compl\u00e8te","datePublished":"2026-06-06T00:02:56+00:00","mainEntityOfPage":{"@id":"https:\/\/starstory.fr\/blog\/musique-et-icones-musicales\/mylene-farmer-taille-age-vrai-nom-couple-et-fortune-la-fiche-complete\/"},"wordCount":1755,"commentCount":0,"publisher":{"@id":"https:\/\/starstory.fr\/blog\/#organization"},"image":{"@id":"https:\/\/starstory.fr\/blog\/musique-et-icones-musicales\/mylene-farmer-taille-age-vrai-nom-couple-et-fortune-la-fiche-complete\/#primaryimage"},"thumbnailUrl":"https:\/\/images.pexels.com\/photos\/20407014\/pexels-photo-20407014.jpeg?auto=compress&cs=tinysrgb&fit=crop&h=627&w=1200","articleSection":["Musique et Ic\u00f4nes Musicales"],"inLanguage":"fr-FR","potentialAction":[{"@type":"CommentAction","name":"Comment","target":["https:\/\/starstory.fr\/blog\/musique-et-icones-musicales\/mylene-farmer-taille-age-vrai-nom-couple-et-fortune-la-fiche-complete\/#respond"]}]},{"@type":"WebPage","@id":"https:\/\/starstory.fr\/blog\/musique-et-icones-musicales\/mylene-farmer-taille-age-vrai-nom-couple-et-fortune-la-fiche-complete\/","url":"https:\/\/starstory.fr\/blog\/musique-et-icones-musicales\/mylene-farmer-taille-age-vrai-nom-couple-et-fortune-la-fiche-complete\/","name":"Myl\u00e8ne Farmer : taille, \u00e2ge, vrai nom, couple et fortune","isPartOf":{"@id":"https:\/\/starstory.fr\/blog\/#website"},"primaryImageOfPage":{"@id":"https:\/\/starstory.fr\/blog\/musique-et-icones-musicales\/mylene-farmer-taille-age-vrai-nom-couple-et-fortune-la-fiche-complete\/#primaryimage"},"image":{"@id":"https:\/\/starstory.fr\/blog\/musique-et-icones-musicales\/mylene-farmer-taille-age-vrai-nom-couple-et-fortune-la-fiche-complete\/#primaryimage"},"thumbnailUrl":"https:\/\/images.pexels.com\/photos\/20407014\/pexels-photo-20407014.jpeg?auto=compress&cs=tinysrgb&fit=crop&h=627&w=1200","datePublished":"2026-06-06T00:02:56+00:00","description":"On la dit insaisissable. En quarante ans de carri\u00e8re, Myl\u00e8ne Farmer a b\u00e2ti un mythe \u00e0 coups de clips cin\u00e9matographiques, de tubes \u00e9nigmatiques et d'un","inLanguage":"fr-FR","potentialAction":[{"@type":"ReadAction","target":["https:\/\/starstory.fr\/blog\/musique-et-icones-musicales\/mylene-farmer-taille-age-vrai-nom-couple-et-fortune-la-fiche-complete\/"]}]},{"@type":"ImageObject","inLanguage":"fr-FR","@id":"https:\/\/starstory.fr\/blog\/musique-et-icones-musicales\/mylene-farmer-taille-age-vrai-nom-couple-et-fortune-la-fiche-complete\/#primaryimage","url":"https:\/\/images.pexels.com\/photos\/20407014\/pexels-photo-20407014.jpeg?auto=compress&cs=tinysrgb&fit=crop&h=627&w=1200","contentUrl":"https:\/\/images.pexels.com\/photos\/20407014\/pexels-photo-20407014.jpeg?auto=compress&cs=tinysrgb&fit=crop&h=627&w=1200"},{"@type":"WebSite","@id":"https:\/\/starstory.fr\/blog\/#website","url":"https:\/\/starstory.fr\/blog\/","name":"StarStory","description":"StarStory, les \u00e9toiles racontent leur histoire","publisher":{"@id":"https:\/\/starstory.fr\/blog\/#organization"},"alternateName":"StarStory, les \u00e9toiles racontent leur histoire","potentialAction":[{"@type":"SearchAction","target":{"@type":"EntryPoint","urlTemplate":"https:\/\/starstory.fr\/blog\/?s={search_term_string}"},"query-input":{"@type":"PropertyValueSpecification","valueRequired":true,"valueName":"search_term_string"}}],"inLanguage":"fr-FR"},{"@type":"Organization","@id":"https:\/\/starstory.fr\/blog\/#organization","name":"StarStory","alternateName":"StarStory.fr","url":"https:\/\/starstory.fr\/blog\/","logo":{"@type":"ImageObject","inLanguage":"fr-FR","@id":"https:\/\/starstory.fr\/blog\/#\/schema\/logo\/image\/","url":"https:\/\/starstory.fr\/blog\/wp-content\/uploads\/2024\/12\/38.png","contentUrl":"https:\/\/starstory.fr\/blog\/wp-content\/uploads\/2024\/12\/38.png","width":500,"height":500,"caption":"StarStory"},"image":{"@id":"https:\/\/starstory.fr\/blog\/#\/schema\/logo\/image\/"}},{"@type":"Person","@id":"https:\/\/starstory.fr\/blog\/#\/schema\/person\/432b46949d2a452f85568b160103039e","name":"Claire Lefevre","image":{"@type":"ImageObject","inLanguage":"fr-FR","@id":"https:\/\/starstory.fr\/blog\/#\/schema\/person\/image\/","url":"https:\/\/secure.gravatar.com\/avatar\/?s=96&d=mm&r=g","contentUrl":"https:\/\/secure.gravatar.com\/avatar\/?s=96&d=mm&r=g","caption":"Claire Lefevre"},"description":"Claire raconte l\u2019\u00e9volution des c\u00e9l\u00e9brit\u00e9s et leur influence socioculturelle \u00e0 travers les d\u00e9cennies.","url":"https:\/\/starstory.fr\/blog\/auteur\/claire-lefevre\/","jobTitle":"Contributrice mutuelle sant\u00e9","email":"claire.lefevre@starstory.fr"}]}},"_links":{"self":[{"href":"https:\/\/starstory.fr\/blog\/wp-json\/wp\/v2\/posts\/7990","targetHints":{"allow":["GET"]}}],"collection":[{"href":"https:\/\/starstory.fr\/blog\/wp-json\/wp\/v2\/posts"}],"about":[{"href":"https:\/\/starstory.fr\/blog\/wp-json\/wp\/v2\/types\/post"}],"author":[{"embeddable":true,"href":"https:\/\/starstory.fr\/blog\/wp-json\/wp\/v2\/users\/39"}],"replies":[{"embeddable":true,"href":"https:\/\/starstory.fr\/blog\/wp-json\/wp\/v2\/comments?post=7990"}],"version-history":[{"count":0,"href":"https:\/\/starstory.fr\/blog\/wp-json\/wp\/v2\/posts\/7990\/revisions"}],"wp:attachment":[{"href":"https:\/\/starstory.fr\/blog\/wp-json\/wp\/v2\/media?parent=7990"}],"wp:term":[{"taxonomy":"category","embeddable":true,"href":"https:\/\/starstory.fr\/blog\/wp-json\/wp\/v2\/categories?post=7990"},{"taxonomy":"post_tag","embeddable":true,"href":"https:\/\/starstory.fr\/blog\/wp-json\/wp\/v2\/tags?post=7990"}],"curies":[{"name":"wp","href":"https:\/\/api.w.org\/{rel}","templated":true}]}}