{"id":7989,"date":"2026-06-06T02:02:52","date_gmt":"2026-06-06T00:02:52","guid":{"rendered":"https:\/\/starstory.fr\/blog\/celebrites-et-influence-en-france\/vitaa-taille-age-vrai-nom-mari-et-fortune-la-fiche-complete\/"},"modified":"2026-06-06T02:02:52","modified_gmt":"2026-06-06T00:02:52","slug":"vitaa-taille-age-vrai-nom-mari-et-fortune-la-fiche-complete","status":"publish","type":"post","link":"https:\/\/starstory.fr\/blog\/celebrites-et-influence-en-france\/vitaa-taille-age-vrai-nom-mari-et-fortune-la-fiche-complete\/","title":{"rendered":"Vitaa : taille, \u00e2ge, vrai nom, mari et fortune \u2014 la fiche compl\u00e8te"},"content":{"rendered":"<aside style=\"background:#FBEAF2;border-left:5px solid #B11E6A;padding:22px 28px;margin:24px 0;font-family:-apple-system,BlinkMacSystemFont,'Segoe UI',Roboto,sans-serif;\">\n<div style=\"margin:0;font-size:19px;line-height:1.55;color:#2a2a2a;font-weight:500;letter-spacing:-0.005em;\">\n    Derri\u00e8re la voix qui a port\u00e9 <em>\u00ab \u00c0 fleur de toi \u00bb<\/em> puis le ph\u00e9nom\u00e8ne <em>VersuS<\/em> avec Slimane se cache Charlotte Gonin, n\u00e9e en 1983, mari\u00e9e depuis plus de quinze ans \u00e0 l&rsquo;entrepreneur Hicham Bendaoud et maman de trois enfants. Voici la fiche compl\u00e8te : taille, \u00e2ge, vrai nom, vie de famille et fortune estim\u00e9e.\n  <\/div>\n<\/aside>\n<p>Star de la pop fran\u00e7aise depuis le milieu des ann\u00e9es 2000, <strong>Vitaa<\/strong> est l&rsquo;une des chanteuses les plus constantes du paysage musical hexagonal. R\u00e9v\u00e9l\u00e9e au grand public par sa collaboration avec Diam&rsquo;s, elle a encha\u00een\u00e9 les albums certifi\u00e9s avant de conna\u00eetre un second sommet de carri\u00e8re gr\u00e2ce \u00e0 son duo avec Slimane. Mais qui se cache derri\u00e8re ce nom de sc\u00e8ne ? Quel est son vrai nom, son \u00e2ge, sa taille, et que sait-on de son mari et de sa fortune ? R\u00e9ponses dans cette fiche \u00e9volutive.<\/p>\n<figure style=\"margin:32px 0;font-family:-apple-system,BlinkMacSystemFont,'Segoe UI',Roboto,sans-serif;\">\n<div style=\"overflow-x:auto;border:1px solid #e5e5e0;border-radius:8px;\">\n<table style=\"width:100%;border-collapse:collapse;font-size:14px;color:#2a2a2a;min-width:500px;\">\n<thead>\n<tr style=\"background:#1a1a1a;color:#fff;\">\n<th style=\"text-align:left;padding:14px 18px;font-weight:700;font-size:12px;text-transform:uppercase;letter-spacing:1.5px;\">Carte d&rsquo;identit\u00e9<\/th>\n<th style=\"text-align:left;padding:14px 18px;font-weight:700;font-size:12px;text-transform:uppercase;letter-spacing:1.5px;\">Vitaa<\/th>\n<\/tr>\n<\/thead>\n<tbody>\n<tr style=\"background:#fff;border-bottom:1px solid #f0ede5;\">\n<td style=\"padding:14px 18px;font-weight:600;\">Nom complet<\/td>\n<td style=\"padding:14px 18px;color:#4a4a4a;\">Charlotte Gonin, dite Vitaa<\/td>\n<\/tr>\n<tr style=\"background:#fafaf7;border-bottom:1px solid #f0ede5;\">\n<td style=\"padding:14px 18px;font-weight:600;\">Naissance<\/td>\n<td style=\"padding:14px 18px;color:#4a4a4a;\">14 mars 1983, \u00e0 Mulhouse (Haut-Rhin)<\/td>\n<\/tr>\n<tr style=\"background:#fff;border-bottom:1px solid #f0ede5;\">\n<td style=\"padding:14px 18px;font-weight:600;\">\u00c2ge<\/td>\n<td style=\"padding:14px 18px;color:#4a4a4a;\">43 ans (en 2026)<\/td>\n<\/tr>\n<tr style=\"background:#fafaf7;border-bottom:1px solid #f0ede5;\">\n<td style=\"padding:14px 18px;font-weight:600;\">Taille<\/td>\n<td style=\"padding:14px 18px;color:#4a4a4a;\">Environ 1,68 m<\/td>\n<\/tr>\n<tr style=\"background:#fff;border-bottom:1px solid #f0ede5;\">\n<td style=\"padding:14px 18px;font-weight:600;\">Nationalit\u00e9<\/td>\n<td style=\"padding:14px 18px;color:#4a4a4a;\">Fran\u00e7aise<\/td>\n<\/tr>\n<tr style=\"background:#fafaf7;border-bottom:1px solid #f0ede5;\">\n<td style=\"padding:14px 18px;font-weight:600;\">Profession<\/td>\n<td style=\"padding:14px 18px;color:#4a4a4a;\">Chanteuse, autrice-compositrice, coach t\u00e9l\u00e9<\/td>\n<\/tr>\n<tr style=\"background:#fff;\">\n<td style=\"padding:14px 18px;font-weight:600;\">Mari<\/td>\n<td style=\"padding:14px 18px;color:#4a4a4a;\">Hicham Bendaoud (mari\u00e9s en 2010)<\/td>\n<\/tr>\n<\/tbody>\n<\/table><\/div>\n<\/figure>\n<h2>Biographie et d\u00e9buts : de Charlotte Gonin \u00e0 Vitaa<\/h2>\n<p>Charlotte Gonin na\u00eet le 14 mars 1983 \u00e0 Mulhouse, dans le Haut-Rhin. Issue d&rsquo;une famille o\u00f9 l&rsquo;on cultive la musique, elle grandit dans l&rsquo;est de la France avant de se tourner tr\u00e8s t\u00f4t vers le chant et l&rsquo;\u00e9criture. Son p\u00e8re est fran\u00e7ais et sa m\u00e8re, Genevi\u00e8ve, est fran\u00e7aise d&rsquo;origine italienne \u2014 des racines qu&rsquo;elle \u00e9voque volontiers comme une part de son identit\u00e9.<\/p>\n<p>C&rsquo;est en se cherchant un nom de sc\u00e8ne qu&rsquo;elle adopte \u00ab Vitaa \u00bb, un pseudonyme inspir\u00e9 de l&rsquo;id\u00e9e de <em>vie<\/em> et d&rsquo;\u00e9nergie. Avant la lumi\u00e8re, elle \u00e9crit pour d&rsquo;autres artistes et aff\u00fbte sa plume dans l&rsquo;univers du R&rsquo;n&rsquo;B et de la pop urbaine fran\u00e7aise, alors en plein essor au d\u00e9but des ann\u00e9es 2000.<\/p>\n<p>Cette p\u00e9riode de formation est d\u00e9terminante : Vitaa apprend les codes de la composition, du studio et de la sc\u00e8ne en travaillant dans l&rsquo;ombre avant de prendre la lumi\u00e8re. Lorsqu&rsquo;elle se lance enfin sous son propre nom, elle arrive avec un univers d\u00e9j\u00e0 solide, m\u00ealant m\u00e9lodies pop accrocheuses et textes intimes sur l&rsquo;amour, la famille et les \u00e9preuves de la vie. Cette double casquette d&rsquo;autrice et d&rsquo;interpr\u00e8te restera l&rsquo;une de ses marques de fabrique tout au long de sa carri\u00e8re.<\/p>\n<aside style=\"background:#FBEAF2;border-left:4px solid #B11E6A;padding:14px 18px;margin:18px 0;border-radius:0 4px 4px 0;font-family:-apple-system,BlinkMacSystemFont,'Segoe UI',Roboto,sans-serif;\">\n  <strong style=\"display:inline-block;color:#7a1248;font-size:12px;text-transform:uppercase;letter-spacing:1.5px;margin-right:8px;\">&#128161; Bon \u00e0 savoir<\/strong><br \/>\n  <span style=\"font-size:14.5px;line-height:1.55;color:#3a3a3a;\">Le pseudonyme \u00ab Vitaa \u00bb fait \u00e9cho \u00e0 l&rsquo;id\u00e9e de vie et de vitalit\u00e9, un choix assum\u00e9 par l&rsquo;artiste pour incarner une image de femme forte.<\/span><br \/>\n<\/aside>\n<h2>Carri\u00e8re : de \u00ab \u00c0 fleur de toi \u00bb au duo VersuS<\/h2>\n<p>Le grand public d\u00e9couvre vraiment Vitaa en 2006 gr\u00e2ce au tube <strong>\u00ab Confessions nocturnes \u00bb<\/strong>, son duo marquant avec la rappeuse Diam&rsquo;s, qui devient l&rsquo;un des morceaux les plus diffus\u00e9s de l&rsquo;ann\u00e9e. Dans la foul\u00e9e, elle lance sa carri\u00e8re solo avec l&rsquo;album <strong>\u00ab \u00c0 fleur de toi \u00bb<\/strong> (2007), port\u00e9 par le single \u00e9ponyme. Le succ\u00e8s est imm\u00e9diat : l&rsquo;album s&rsquo;\u00e9coule \u00e0 plusieurs centaines de milliers d&rsquo;exemplaires et installe durablement la chanteuse.<\/p>\n<p>Suivent plusieurs albums comme <em>Celle que je vois<\/em> (2009), <em>Ici et maintenant<\/em> (2013) ou encore <em>J4M<\/em> (2017). Chacun confirme la fid\u00e9lit\u00e9 d&rsquo;un public attach\u00e9 \u00e0 sa voix et \u00e0 ses textes sensibles, m\u00eame si aucun ne retrouve d&#8217;embl\u00e9e l&rsquo;ampleur de ses d\u00e9buts. Vitaa traverse ainsi les ann\u00e9es 2010 en artiste install\u00e9e, multipliant les collaborations et les apparitions, sans jamais dispara\u00eetre du paysage.<\/p>\n<p>Mais c&rsquo;est en 2019 que sa carri\u00e8re conna\u00eet un second envol spectaculaire avec <strong>VersuS<\/strong>, l&rsquo;album en duo avec <strong>Slimane<\/strong>. Le projet rencontre un succ\u00e8s ph\u00e9nom\u00e9nal et est certifi\u00e9 <strong>disque de diamant<\/strong>, d\u00e9passant les 500 000 ventes. Port\u00e9 par des ballades pop f\u00e9d\u00e9ratrices, l&rsquo;album s&rsquo;installe durablement dans les classements et redonne \u00e0 Vitaa une visibilit\u00e9 majeure. Le tandem encha\u00eene tourn\u00e9es \u00e0 guichets ferm\u00e9s, nouvelles chansons et m\u00eame de nouveaux volets de leur collaboration, faisant de VersuS l&rsquo;un des projets musicaux fran\u00e7ais les plus marquants de la fin des ann\u00e9es 2010.<\/p>\n<div style=\"display:grid;grid-template-columns:repeat(auto-fit,minmax(220px,1fr));gap:14px;margin:28px 0;font-family:-apple-system,BlinkMacSystemFont,'Segoe UI',Roboto,sans-serif;\">\n<article style=\"background:#fff;border:1px solid #e5e5e0;border-top:3px solid #B11E6A;border-radius:6px;padding:18px 18px 16px;\">\n<div style=\"width:36px;height:36px;background:#FBEAF2;border-radius:50%;display:inline-flex;align-items:center;justify-content:center;margin-bottom:12px;\">\n      <span style=\"font-size:18px;color:#B11E6A;font-weight:900;font-family:Georgia,serif;\">01<\/span>\n    <\/div>\n<h3 style=\"margin:0 0 6px 0;font-size:16px;font-weight:700;color:#1a1a1a;letter-spacing:-0.01em;\">2006 \u2014 Diam&rsquo;s<\/h3>\n<div style=\"margin:0;font-size:13.5px;line-height:1.55;color:#4a4a4a;\">Le duo \u00ab Confessions nocturnes \u00bb la r\u00e9v\u00e8le au grand public.<\/div>\n<\/article>\n<article style=\"background:#fff;border:1px solid #e5e5e0;border-top:3px solid #B11E6A;border-radius:6px;padding:18px 18px 16px;\">\n<div style=\"width:36px;height:36px;background:#FBEAF2;border-radius:50%;display:inline-flex;align-items:center;justify-content:center;margin-bottom:12px;\">\n      <span style=\"font-size:18px;color:#B11E6A;font-weight:900;font-family:Georgia,serif;\">02<\/span>\n    <\/div>\n<h3 style=\"margin:0 0 6px 0;font-size:16px;font-weight:700;color:#1a1a1a;letter-spacing:-0.01em;\">2007 \u2014 \u00c0 fleur de toi<\/h3>\n<div style=\"margin:0;font-size:13.5px;line-height:1.55;color:#4a4a4a;\">Son premier album solo, immense succ\u00e8s commercial.<\/div>\n<\/article>\n<article style=\"background:#fff;border:1px solid #e5e5e0;border-top:3px solid #B11E6A;border-radius:6px;padding:18px 18px 16px;\">\n<div style=\"width:36px;height:36px;background:#FBEAF2;border-radius:50%;display:inline-flex;align-items:center;justify-content:center;margin-bottom:12px;\">\n      <span style=\"font-size:18px;color:#B11E6A;font-weight:900;font-family:Georgia,serif;\">03<\/span>\n    <\/div>\n<h3 style=\"margin:0 0 6px 0;font-size:16px;font-weight:700;color:#1a1a1a;letter-spacing:-0.01em;\">2019 \u2014 VersuS<\/h3>\n<div style=\"margin:0;font-size:13.5px;line-height:1.55;color:#4a4a4a;\">Le duo avec Slimane, certifi\u00e9 disque de diamant.<\/div>\n<\/article>\n<article style=\"background:#fff;border:1px solid #e5e5e0;border-top:3px solid #B11E6A;border-radius:6px;padding:18px 18px 16px;\">\n<div style=\"width:36px;height:36px;background:#FBEAF2;border-radius:50%;display:inline-flex;align-items:center;justify-content:center;margin-bottom:12px;\">\n      <span style=\"font-size:18px;color:#B11E6A;font-weight:900;font-family:Georgia,serif;\">04<\/span>\n    <\/div>\n<h3 style=\"margin:0 0 6px 0;font-size:16px;font-weight:700;color:#1a1a1a;letter-spacing:-0.01em;\">Coach t\u00e9l\u00e9<\/h3>\n<div style=\"margin:0;font-size:13.5px;line-height:1.55;color:#4a4a4a;\">Pr\u00e9sente sur les bancs de The Voice et The Voice Kids.<\/div>\n<\/article>\n<\/div>\n<p>Au-del\u00e0 de la sc\u00e8ne, Vitaa s&rsquo;est aussi impos\u00e9e \u00e0 la t\u00e9l\u00e9vision en rejoignant les fauteuils rouges de <strong>The Voice<\/strong> et de <strong>The Voice Kids<\/strong> comme coach, aux c\u00f4t\u00e9s notamment de Slimane. Une exposition qui a renforc\u00e9 sa notori\u00e9t\u00e9 aupr\u00e8s du grand public familial et confirm\u00e9 son statut de personnalit\u00e9 incontournable de la chanson fran\u00e7aise.<\/p>\n<figure style=\"margin:38px auto;padding:28px 24px;text-align:center;border-top:1px solid #2a2a2a;border-bottom:1px solid #2a2a2a;max-width:640px;position:relative;font-family:Georgia,'Hoefler Text',serif;\">\n<div style=\"position:absolute;top:-20px;left:50%;transform:translateX(-50%);background:#ffffff;padding:0 14px;font-size:48px;line-height:1;color:#B11E6A;font-family:Georgia,serif;\">&laquo;<\/div>\n<blockquote style=\"margin:0;padding:0;font-size:24px;line-height:1.45;font-style:italic;color:#1a1a1a;letter-spacing:-0.005em;\"><p>\n    Chez nous, on est des femmes fortes \u2014 c&rsquo;est ce que je voulais pour ma carri\u00e8re.<br \/>\n  <\/blockquote><figcaption style=\"margin-top:14px;font-size:12px;text-transform:uppercase;letter-spacing:2px;color:#6a6a6a;font-family:-apple-system,sans-serif;font-style:normal;\">\u2014 Vitaa, \u00e0 propos de son nom de sc\u00e8ne<\/figcaption><\/figure>\n<h2>Taille et physique de Vitaa<\/h2>\n<p>La question de la <strong>taille de Vitaa<\/strong> revient souvent chez ses fans. Les sources divergent l\u00e9g\u00e8rement, mais la chanteuse mesure <strong>environ 1,68 m<\/strong>. Une silhouette qu&rsquo;elle assume avec naturel, et qu&rsquo;elle a souvent \u00e9voqu\u00e9e en lien avec ses grossesses et sa vie de maman, refusant les diktats sur le corps des femmes dans le milieu artistique.<\/p>\n<p>Au fil des ann\u00e9es, Vitaa a cultiv\u00e9 une image \u00e0 la fois \u00e9l\u00e9gante et accessible, loin de la starification. Brune aux yeux clairs, elle revendique une normalit\u00e9 qui contraste avec l&rsquo;univers parfois superficiel du show-business, et milite r\u00e9guli\u00e8rement pour une repr\u00e9sentation plus authentique des femmes dans la musique.<\/p>\n<p>La chanteuse n&rsquo;a jamais cach\u00e9 ses combats personnels li\u00e9s \u00e0 l&rsquo;image du corps, notamment apr\u00e8s ses grossesses. Elle a r\u00e9guli\u00e8rement pris la parole pour d\u00e9noncer la pression impos\u00e9e aux artistes f\u00e9minines et d\u00e9fendre une vision plus libre et plus saine de la f\u00e9minit\u00e9. Cette franchise, assum\u00e9e sur les plateaux comme sur les r\u00e9seaux sociaux, a contribu\u00e9 \u00e0 renforcer le lien de proximit\u00e9 qu&rsquo;elle entretient avec son public, en particulier f\u00e9minin.<\/p>\n<h2>Vie priv\u00e9e : mari Hicham Bendaoud et famille<\/h2>\n<p>C\u00f4t\u00e9 c\u0153ur, Vitaa partage sa vie avec <strong>Hicham Bendaoud<\/strong>, un entrepreneur et personnalit\u00e9 du milieu m\u00e9diatique. Le couple s&rsquo;est mari\u00e9 en <strong>2010<\/strong> et file le parfait amour depuis plus de quinze ans, une long\u00e9vit\u00e9 rare dans le monde des c\u00e9l\u00e9brit\u00e9s. Discr\u00e8te sur sa vie de famille, la chanteuse l&rsquo;\u00e9voque n\u00e9anmoins comme le socle de son \u00e9quilibre.<\/p>\n<p>Ensemble, ils sont les parents de <strong>trois enfants<\/strong> : deux gar\u00e7ons, Liham (n\u00e9 en 2011) et Adam (n\u00e9 en 2014), ainsi qu&rsquo;une petite fille, Noa, venue agrandir la famille en 2022. La maternit\u00e9 occupe une place centrale dans la vie et l&rsquo;inspiration de Vitaa, qui n&rsquo;h\u00e9site pas \u00e0 m\u00ealer son r\u00f4le de m\u00e8re \u00e0 son travail artistique.<\/p>\n<aside style=\"background:#fafaf7;border:1px solid #e5e5e0;border-radius:8px;padding:24px 26px 26px;margin:28px 0;font-family:-apple-system,BlinkMacSystemFont,'Segoe UI',Roboto,sans-serif;\">\n<div style=\"margin:0 0 18px 0;font-size:11px;font-weight:700;text-transform:uppercase;letter-spacing:2.2px;color:#B11E6A;\">La famille de Vitaa<\/div>\n<div style=\"display:grid;grid-template-columns:repeat(auto-fit,minmax(240px,1fr));gap:10px;\">\n<div style=\"display:flex;gap:12px;background:#fff;border:1px solid #ebebe5;padding:12px 14px;border-radius:6px;align-items:flex-start;\">\n      <span style=\"flex:0 0 26px;width:26px;height:26px;background:#B11E6A;color:#fff;border-radius:50%;display:inline-flex;align-items:center;justify-content:center;font-size:12px;font-weight:700;\">1<\/span><br \/>\n      <span style=\"font-size:14px;line-height:1.5;color:#2a2a2a;\">Mari\u00e9e \u00e0 Hicham Bendaoud depuis 2010, soit plus de 15 ans de vie commune.<\/span>\n    <\/div>\n<div style=\"display:flex;gap:12px;background:#fff;border:1px solid #ebebe5;padding:12px 14px;border-radius:6px;align-items:flex-start;\">\n      <span style=\"flex:0 0 26px;width:26px;height:26px;background:#B11E6A;color:#fff;border-radius:50%;display:inline-flex;align-items:center;justify-content:center;font-size:12px;font-weight:700;\">2<\/span><br \/>\n      <span style=\"font-size:14px;line-height:1.5;color:#2a2a2a;\">Trois enfants : Liham (2011), Adam (2014) et Noa (2022).<\/span>\n    <\/div>\n<div style=\"display:flex;gap:12px;background:#fff;border:1px solid #ebebe5;padding:12px 14px;border-radius:6px;align-items:flex-start;\">\n      <span style=\"flex:0 0 26px;width:26px;height:26px;background:#B11E6A;color:#fff;border-radius:50%;display:inline-flex;align-items:center;justify-content:center;font-size:12px;font-weight:700;\">3<\/span><br \/>\n      <span style=\"font-size:14px;line-height:1.5;color:#2a2a2a;\">Une vie de famille discr\u00e8te, qu&rsquo;elle prot\u00e8ge des projecteurs.<\/span>\n    <\/div>\n<\/p><\/div>\n<\/aside>\n<h2>Fortune estim\u00e9e de Vitaa<\/h2>\n<p>Avec une carri\u00e8re longue de pr\u00e8s de deux d\u00e9cennies, des albums certifi\u00e9s et des tourn\u00e9es \u00e0 succ\u00e8s, Vitaa a logiquement b\u00e2ti un patrimoine confortable. Sa <strong>fortune est estim\u00e9e \u00e0 plusieurs millions d&rsquo;euros<\/strong>, aliment\u00e9e par ses ventes de disques, ses concerts, ses collaborations et son activit\u00e9 t\u00e9l\u00e9visuelle.<\/p>\n<p>Attention toutefois aux chiffres fantaisistes : une rumeur a un temps \u00e9voqu\u00e9 une fortune de 96 millions d&rsquo;euros, que l&rsquo;int\u00e9ress\u00e9e a fermement d\u00e9mentie. Interrog\u00e9e sur le sujet, elle a tenu \u00e0 r\u00e9tablir la v\u00e9rit\u00e9, rappelant qu&rsquo;un artiste interpr\u00e8te est \u00ab tr\u00e8s loin \u00bb de tels montants. Les estimations s\u00e9rieuses la situent dans une fourchette bien plus modeste, de l&rsquo;ordre de quelques millions d&rsquo;euros.<\/p>\n<figure style=\"margin:32px 0;padding:0;font-family:-apple-system,BlinkMacSystemFont,'Segoe UI',Roboto,sans-serif;\">\n<div style=\"display:grid;grid-template-columns:repeat(auto-fit,minmax(140px,1fr));background:#1a1a1a;border-radius:6px;overflow:hidden;\">\n<div style=\"padding:22px 16px;text-align:center;border-right:1px solid #2f2f2f;\">\n<div style=\"font-size:36px;font-weight:900;color:#fff;letter-spacing:-0.04em;line-height:1;\">1983<\/div>\n<div style=\"font-size:11px;text-transform:uppercase;letter-spacing:1.5px;color:#9a9a9a;margin-top:8px;\">ann\u00e9e de naissance<\/div>\n<\/p><\/div>\n<div style=\"padding:22px 16px;text-align:center;border-right:1px solid #2f2f2f;\">\n<div style=\"font-size:36px;font-weight:900;color:#fff;letter-spacing:-0.04em;line-height:1;\">500K+<\/div>\n<div style=\"font-size:11px;text-transform:uppercase;letter-spacing:1.5px;color:#9a9a9a;margin-top:8px;\">ventes de VersuS (diamant)<\/div>\n<\/p><\/div>\n<div style=\"padding:22px 16px;text-align:center;\">\n<div style=\"font-size:36px;font-weight:900;color:#e878a8;letter-spacing:-0.04em;line-height:1;\">3<\/div>\n<div style=\"font-size:11px;text-transform:uppercase;letter-spacing:1.5px;color:#9a9a9a;margin-top:8px;\">enfants<\/div>\n<\/p><\/div>\n<\/p><\/div><figcaption style=\"font-size:11px;color:#7a7a7a;margin-top:8px;text-align:right;letter-spacing:0.3px;\">Donn\u00e9es indicatives \u2014 voir sources en fin d&rsquo;article.<\/figcaption><\/figure>\n<h2>Anecdotes sur Vitaa<\/h2>\n<p>Saviez-vous que le tube <em>\u00ab \u00c0 fleur de toi \u00bb<\/em>, sorti en 2007, a connu une seconde vie dix ans plus tard ? C&rsquo;est en reprenant ce titre lors de son audition \u00e0 <em>The Voice<\/em> que Slimane a touch\u00e9 le public \u2014 un clin d&rsquo;\u0153il du destin, puisque les deux artistes formeront ensuite le duo VersuS. La boucle \u00e9tait boucl\u00e9e entre la chanson culte de Vitaa et son futur partenaire de sc\u00e8ne.<\/p>\n<aside style=\"background:#FBEAF2;border-left:4px solid #B11E6A;padding:14px 18px;margin:18px 0;border-radius:0 4px 4px 0;font-family:-apple-system,BlinkMacSystemFont,'Segoe UI',Roboto,sans-serif;\">\n  <strong style=\"display:inline-block;color:#7a1248;font-size:12px;text-transform:uppercase;letter-spacing:1.5px;margin-right:8px;\">&#10022; \u00c0 noter<\/strong><br \/>\n  <span style=\"font-size:14.5px;line-height:1.55;color:#3a3a3a;\">Femme de t\u00eate et d&rsquo;engagement, Vitaa porte une image de \u00ab femme forte \u00bb qu&rsquo;elle revendique d\u00e8s le choix de son nom de sc\u00e8ne, en hommage aux femmes de sa famille.<\/span><br \/>\n<\/aside>\n<p>Autre fait notable : malgr\u00e9 sa notori\u00e9t\u00e9, Vitaa cultive une grande discr\u00e9tion sur sa vie priv\u00e9e et celle de ses enfants, qu&rsquo;elle prot\u00e8ge soigneusement des r\u00e9seaux sociaux et des m\u00e9dias. Une posture rare dans un univers o\u00f9 l&rsquo;exposition est devenue la norme, et qui lui vaut une r\u00e9putation d&rsquo;authenticit\u00e9 aupr\u00e8s de son public fid\u00e8le.<\/p>\n<section style=\"margin:32px 0;font-family:-apple-system,BlinkMacSystemFont,'Segoe UI',Roboto,sans-serif;\">\n<h2 style=\"margin:0 0 18px 0;font-size:22px;font-weight:800;color:#1a1a1a;letter-spacing:-0.01em;\">Questions fr\u00e9quentes sur Vitaa<\/h2>\n<div style=\"border-top:1px solid #d4cfc4;\">\n<details style=\"border-bottom:1px solid #d4cfc4;padding:0;\">\n<summary style=\"cursor:pointer;padding:16px 0;font-size:17px;font-weight:700;color:#1a1a1a;list-style:none;display:flex;justify-content:space-between;align-items:center;gap:14px;\">\n        <span>Quelle est la taille de Vitaa ?<\/span><br \/>\n        <span style=\"font-size:22px;font-weight:300;color:#B11E6A;line-height:1;\">+<\/span><br \/>\n      <\/summary>\n<div style=\"padding:0 0 16px 0;font-size:15px;line-height:1.7;color:#4a4a4a;\">Vitaa mesure environ 1,68 m. Les sources varient l\u00e9g\u00e8rement, mais cette estimation est la plus couramment cit\u00e9e pour la chanteuse.<\/div>\n<\/details>\n<details style=\"border-bottom:1px solid #d4cfc4;padding:0;\">\n<summary style=\"cursor:pointer;padding:16px 0;font-size:17px;font-weight:700;color:#1a1a1a;list-style:none;display:flex;justify-content:space-between;align-items:center;gap:14px;\">\n        <span>Quel \u00e2ge a Vitaa ?<\/span><br \/>\n        <span style=\"font-size:22px;font-weight:300;color:#B11E6A;line-height:1;\">+<\/span><br \/>\n      <\/summary>\n<div style=\"padding:0 0 16px 0;font-size:15px;line-height:1.7;color:#4a4a4a;\">N\u00e9e le 14 mars 1983 \u00e0 Mulhouse, Vitaa a 43 ans en 2026.<\/div>\n<\/details>\n<details style=\"border-bottom:1px solid #d4cfc4;padding:0;\">\n<summary style=\"cursor:pointer;padding:16px 0;font-size:17px;font-weight:700;color:#1a1a1a;list-style:none;display:flex;justify-content:space-between;align-items:center;gap:14px;\">\n        <span>Quel est le vrai nom de Vitaa ?<\/span><br \/>\n        <span style=\"font-size:22px;font-weight:300;color:#B11E6A;line-height:1;\">+<\/span><br \/>\n      <\/summary>\n<div style=\"padding:0 0 16px 0;font-size:15px;line-height:1.7;color:#4a4a4a;\">Le vrai nom de Vitaa est Charlotte Gonin. \u00ab Vitaa \u00bb est un nom de sc\u00e8ne inspir\u00e9 de l&rsquo;id\u00e9e de vie et de vitalit\u00e9.<\/div>\n<\/details>\n<details style=\"border-bottom:1px solid #d4cfc4;padding:0;\">\n<summary style=\"cursor:pointer;padding:16px 0;font-size:17px;font-weight:700;color:#1a1a1a;list-style:none;display:flex;justify-content:space-between;align-items:center;gap:14px;\">\n        <span>Qui est le mari de Vitaa ?<\/span><br \/>\n        <span style=\"font-size:22px;font-weight:300;color:#B11E6A;line-height:1;\">+<\/span><br \/>\n      <\/summary>\n<div style=\"padding:0 0 16px 0;font-size:15px;line-height:1.7;color:#4a4a4a;\">Vitaa est mari\u00e9e depuis 2010 \u00e0 Hicham Bendaoud, entrepreneur. Le couple a trois enfants : Liham, Adam et Noa.<\/div>\n<\/details>\n<details style=\"padding:0;\">\n<summary style=\"cursor:pointer;padding:16px 0;font-size:17px;font-weight:700;color:#1a1a1a;list-style:none;display:flex;justify-content:space-between;align-items:center;gap:14px;\">\n        <span>Quelle est la fortune de Vitaa ?<\/span><br \/>\n        <span style=\"font-size:22px;font-weight:300;color:#B11E6A;line-height:1;\">+<\/span><br \/>\n      <\/summary>\n<div style=\"padding:0 0 16px 0;font-size:15px;line-height:1.7;color:#4a4a4a;\">La fortune de Vitaa est estim\u00e9e \u00e0 plusieurs millions d&rsquo;euros. La chanteuse a d\u00e9menti la rumeur d&rsquo;une fortune de 96 millions d&rsquo;euros, jug\u00e9e largement exag\u00e9r\u00e9e.<\/div>\n<\/details><\/div>\n<\/section>\n<p>Femme forte, m\u00e8re de famille et artiste \u00e0 la long\u00e9vit\u00e9 remarquable, Vitaa a su traverser les modes sans jamais quitter le devant de la sc\u00e8ne. De ses d\u00e9buts avec Diam&rsquo;s au triomphe de VersuS, son parcours illustre une carri\u00e8re construite sur la dur\u00e9e et la sinc\u00e9rit\u00e9 \u2014 loin des paillettes \u00e9ph\u00e9m\u00e8res.<\/p>\n<p style=\"font-size:13px;color:#6a6a6a;margin-top:32px;\">Sources : Wikip\u00e9dia et donn\u00e9es publiques. Article mis \u00e0 jour r\u00e9guli\u00e8rement.<\/p>\n","protected":false},"excerpt":{"rendered":"","protected":false},"author":42,"featured_media":999999999,"comment_status":"open","ping_status":"open","sticky":false,"template":"","format":"standard","meta":{"_acf_changed":false,"manual_indexmenow":false,"indexmenow_id_project":0,"footnotes":""},"categories":[4524],"tags":[],"class_list":["post-7989","post","type-post","status-publish","format-standard","has-post-thumbnail","hentry","category-celebrites-et-influence-en-france","generate-columns","tablet-grid-50","mobile-grid-100","grid-parent","grid-25"],"acf":[],"yoast_head":"<!-- This site is optimized with the Yoast SEO Premium plugin v21.3 (Yoast SEO v26.5) - https:\/\/yoast.com\/wordpress\/plugins\/seo\/ -->\n<title>Vitaa : taille, \u00e2ge, vrai nom, mari et fortune<\/title>\n<meta name=\"description\" content=\"Star de la pop fran\u00e7aise depuis le milieu des ann\u00e9es 2000, Vitaa est l&#039;une des chanteuses les plus constantes du paysage musical hexagonal\" \/>\n<meta name=\"robots\" content=\"index, follow, max-snippet:-1, max-image-preview:large, max-video-preview:-1\" \/>\n<link rel=\"canonical\" href=\"https:\/\/starstory.fr\/blog\/celebrites-et-influence-en-france\/vitaa-taille-age-vrai-nom-mari-et-fortune-la-fiche-complete\/\" \/>\n<meta property=\"og:locale\" content=\"fr_FR\" \/>\n<meta property=\"og:type\" content=\"article\" \/>\n<meta property=\"og:title\" content=\"Vitaa : taille, \u00e2ge, vrai nom, mari et fortune\" \/>\n<meta property=\"og:description\" content=\"Star de la pop fran\u00e7aise depuis le milieu des ann\u00e9es 2000, Vitaa est l&#039;une des chanteuses les plus constantes du paysage musical hexagonal\" \/>\n<meta property=\"og:url\" content=\"https:\/\/starstory.fr\/blog\/celebrites-et-influence-en-france\/vitaa-taille-age-vrai-nom-mari-et-fortune-la-fiche-complete\/\" \/>\n<meta property=\"og:site_name\" content=\"starstory\" \/>\n<meta name=\"author\" content=\"Antoine Ferrand\" \/>\n<meta name=\"twitter:card\" content=\"summary_large_image\" \/>\n<script type=\"application\/ld+json\" class=\"yoast-schema-graph\">{\"@context\":\"https:\/\/schema.org\",\"@graph\":[{\"@type\":\"NewsArticle\",\"@id\":\"https:\/\/starstory.fr\/blog\/celebrites-et-influence-en-france\/vitaa-taille-age-vrai-nom-mari-et-fortune-la-fiche-complete\/#article\",\"isPartOf\":{\"@id\":\"https:\/\/starstory.fr\/blog\/celebrites-et-influence-en-france\/vitaa-taille-age-vrai-nom-mari-et-fortune-la-fiche-complete\/\"},\"author\":{\"name\":\"Antoine Ferrand\",\"@id\":\"https:\/\/starstory.fr\/blog\/#\/schema\/person\/2d9dd3a73cf4dcbc428e866589dd5882\"},\"headline\":\"Vitaa : taille, \u00e2ge, vrai nom, mari et fortune \u2014 la fiche compl\u00e8te\",\"datePublished\":\"2026-06-06T00:02:52+00:00\",\"mainEntityOfPage\":{\"@id\":\"https:\/\/starstory.fr\/blog\/celebrites-et-influence-en-france\/vitaa-taille-age-vrai-nom-mari-et-fortune-la-fiche-complete\/\"},\"wordCount\":1764,\"commentCount\":0,\"publisher\":{\"@id\":\"https:\/\/starstory.fr\/blog\/#organization\"},\"image\":{\"@id\":\"https:\/\/starstory.fr\/blog\/celebrites-et-influence-en-france\/vitaa-taille-age-vrai-nom-mari-et-fortune-la-fiche-complete\/#primaryimage\"},\"thumbnailUrl\":\"https:\/\/images.pexels.com\/photos\/8043906\/pexels-photo-8043906.jpeg?auto=compress&cs=tinysrgb&fit=crop&h=627&w=1200\",\"articleSection\":[\"C\u00e9l\u00e9brit\u00e9s et Influence en France\"],\"inLanguage\":\"fr-FR\",\"potentialAction\":[{\"@type\":\"CommentAction\",\"name\":\"Comment\",\"target\":[\"https:\/\/starstory.fr\/blog\/celebrites-et-influence-en-france\/vitaa-taille-age-vrai-nom-mari-et-fortune-la-fiche-complete\/#respond\"]}]},{\"@type\":\"WebPage\",\"@id\":\"https:\/\/starstory.fr\/blog\/celebrites-et-influence-en-france\/vitaa-taille-age-vrai-nom-mari-et-fortune-la-fiche-complete\/\",\"url\":\"https:\/\/starstory.fr\/blog\/celebrites-et-influence-en-france\/vitaa-taille-age-vrai-nom-mari-et-fortune-la-fiche-complete\/\",\"name\":\"Vitaa : taille, \u00e2ge, vrai nom, mari et fortune\",\"isPartOf\":{\"@id\":\"https:\/\/starstory.fr\/blog\/#website\"},\"primaryImageOfPage\":{\"@id\":\"https:\/\/starstory.fr\/blog\/celebrites-et-influence-en-france\/vitaa-taille-age-vrai-nom-mari-et-fortune-la-fiche-complete\/#primaryimage\"},\"image\":{\"@id\":\"https:\/\/starstory.fr\/blog\/celebrites-et-influence-en-france\/vitaa-taille-age-vrai-nom-mari-et-fortune-la-fiche-complete\/#primaryimage\"},\"thumbnailUrl\":\"https:\/\/images.pexels.com\/photos\/8043906\/pexels-photo-8043906.jpeg?auto=compress&cs=tinysrgb&fit=crop&h=627&w=1200\",\"datePublished\":\"2026-06-06T00:02:52+00:00\",\"description\":\"Star de la pop fran\u00e7aise depuis le milieu des ann\u00e9es 2000, Vitaa est l'une des chanteuses les plus constantes du paysage musical hexagonal\",\"inLanguage\":\"fr-FR\",\"potentialAction\":[{\"@type\":\"ReadAction\",\"target\":[\"https:\/\/starstory.fr\/blog\/celebrites-et-influence-en-france\/vitaa-taille-age-vrai-nom-mari-et-fortune-la-fiche-complete\/\"]}]},{\"@type\":\"ImageObject\",\"inLanguage\":\"fr-FR\",\"@id\":\"https:\/\/starstory.fr\/blog\/celebrites-et-influence-en-france\/vitaa-taille-age-vrai-nom-mari-et-fortune-la-fiche-complete\/#primaryimage\",\"url\":\"https:\/\/images.pexels.com\/photos\/8043906\/pexels-photo-8043906.jpeg?auto=compress&cs=tinysrgb&fit=crop&h=627&w=1200\",\"contentUrl\":\"https:\/\/images.pexels.com\/photos\/8043906\/pexels-photo-8043906.jpeg?auto=compress&cs=tinysrgb&fit=crop&h=627&w=1200\"},{\"@type\":\"WebSite\",\"@id\":\"https:\/\/starstory.fr\/blog\/#website\",\"url\":\"https:\/\/starstory.fr\/blog\/\",\"name\":\"StarStory\",\"description\":\"StarStory, les \u00e9toiles racontent leur histoire\",\"publisher\":{\"@id\":\"https:\/\/starstory.fr\/blog\/#organization\"},\"alternateName\":\"StarStory, les \u00e9toiles racontent leur histoire\",\"potentialAction\":[{\"@type\":\"SearchAction\",\"target\":{\"@type\":\"EntryPoint\",\"urlTemplate\":\"https:\/\/starstory.fr\/blog\/?s={search_term_string}\"},\"query-input\":{\"@type\":\"PropertyValueSpecification\",\"valueRequired\":true,\"valueName\":\"search_term_string\"}}],\"inLanguage\":\"fr-FR\"},{\"@type\":\"Organization\",\"@id\":\"https:\/\/starstory.fr\/blog\/#organization\",\"name\":\"StarStory\",\"alternateName\":\"StarStory.fr\",\"url\":\"https:\/\/starstory.fr\/blog\/\",\"logo\":{\"@type\":\"ImageObject\",\"inLanguage\":\"fr-FR\",\"@id\":\"https:\/\/starstory.fr\/blog\/#\/schema\/logo\/image\/\",\"url\":\"https:\/\/starstory.fr\/blog\/wp-content\/uploads\/2024\/12\/38.png\",\"contentUrl\":\"https:\/\/starstory.fr\/blog\/wp-content\/uploads\/2024\/12\/38.png\",\"width\":500,\"height\":500,\"caption\":\"StarStory\"},\"image\":{\"@id\":\"https:\/\/starstory.fr\/blog\/#\/schema\/logo\/image\/\"}},{\"@type\":\"Person\",\"@id\":\"https:\/\/starstory.fr\/blog\/#\/schema\/person\/2d9dd3a73cf4dcbc428e866589dd5882\",\"name\":\"Antoine Ferrand\",\"image\":{\"@type\":\"ImageObject\",\"inLanguage\":\"fr-FR\",\"@id\":\"https:\/\/starstory.fr\/blog\/#\/schema\/person\/image\/\",\"url\":\"https:\/\/secure.gravatar.com\/avatar\/?s=96&d=mm&r=g\",\"contentUrl\":\"https:\/\/secure.gravatar.com\/avatar\/?s=96&d=mm&r=g\",\"caption\":\"Antoine Ferrand\"},\"description\":\"Antoine analyse les figures politiques et m\u00e9diatiques, ainsi que leur influence en France au fil des ann\u00e9es.\",\"url\":\"https:\/\/starstory.fr\/blog\/auteur\/antoine-dupont\/\"}]}<\/script>\n<!-- \/ Yoast SEO Premium plugin. -->","yoast_head_json":{"title":"Vitaa : taille, \u00e2ge, vrai nom, mari et fortune","description":"Star de la pop fran\u00e7aise depuis le milieu des ann\u00e9es 2000, Vitaa est l'une des chanteuses les plus constantes du paysage musical hexagonal","robots":{"index":"index","follow":"follow","max-snippet":"max-snippet:-1","max-image-preview":"max-image-preview:large","max-video-preview":"max-video-preview:-1"},"canonical":"https:\/\/starstory.fr\/blog\/celebrites-et-influence-en-france\/vitaa-taille-age-vrai-nom-mari-et-fortune-la-fiche-complete\/","og_locale":"fr_FR","og_type":"article","og_title":"Vitaa : taille, \u00e2ge, vrai nom, mari et fortune","og_description":"Star de la pop fran\u00e7aise depuis le milieu des ann\u00e9es 2000, Vitaa est l'une des chanteuses les plus constantes du paysage musical hexagonal","og_url":"https:\/\/starstory.fr\/blog\/celebrites-et-influence-en-france\/vitaa-taille-age-vrai-nom-mari-et-fortune-la-fiche-complete\/","og_site_name":"starstory","author":"Antoine Ferrand","twitter_card":"summary_large_image","schema":{"@context":"https:\/\/schema.org","@graph":[{"@type":"NewsArticle","@id":"https:\/\/starstory.fr\/blog\/celebrites-et-influence-en-france\/vitaa-taille-age-vrai-nom-mari-et-fortune-la-fiche-complete\/#article","isPartOf":{"@id":"https:\/\/starstory.fr\/blog\/celebrites-et-influence-en-france\/vitaa-taille-age-vrai-nom-mari-et-fortune-la-fiche-complete\/"},"author":{"name":"Antoine Ferrand","@id":"https:\/\/starstory.fr\/blog\/#\/schema\/person\/2d9dd3a73cf4dcbc428e866589dd5882"},"headline":"Vitaa : taille, \u00e2ge, vrai nom, mari et fortune \u2014 la fiche compl\u00e8te","datePublished":"2026-06-06T00:02:52+00:00","mainEntityOfPage":{"@id":"https:\/\/starstory.fr\/blog\/celebrites-et-influence-en-france\/vitaa-taille-age-vrai-nom-mari-et-fortune-la-fiche-complete\/"},"wordCount":1764,"commentCount":0,"publisher":{"@id":"https:\/\/starstory.fr\/blog\/#organization"},"image":{"@id":"https:\/\/starstory.fr\/blog\/celebrites-et-influence-en-france\/vitaa-taille-age-vrai-nom-mari-et-fortune-la-fiche-complete\/#primaryimage"},"thumbnailUrl":"https:\/\/images.pexels.com\/photos\/8043906\/pexels-photo-8043906.jpeg?auto=compress&cs=tinysrgb&fit=crop&h=627&w=1200","articleSection":["C\u00e9l\u00e9brit\u00e9s et Influence en France"],"inLanguage":"fr-FR","potentialAction":[{"@type":"CommentAction","name":"Comment","target":["https:\/\/starstory.fr\/blog\/celebrites-et-influence-en-france\/vitaa-taille-age-vrai-nom-mari-et-fortune-la-fiche-complete\/#respond"]}]},{"@type":"WebPage","@id":"https:\/\/starstory.fr\/blog\/celebrites-et-influence-en-france\/vitaa-taille-age-vrai-nom-mari-et-fortune-la-fiche-complete\/","url":"https:\/\/starstory.fr\/blog\/celebrites-et-influence-en-france\/vitaa-taille-age-vrai-nom-mari-et-fortune-la-fiche-complete\/","name":"Vitaa : taille, \u00e2ge, vrai nom, mari et fortune","isPartOf":{"@id":"https:\/\/starstory.fr\/blog\/#website"},"primaryImageOfPage":{"@id":"https:\/\/starstory.fr\/blog\/celebrites-et-influence-en-france\/vitaa-taille-age-vrai-nom-mari-et-fortune-la-fiche-complete\/#primaryimage"},"image":{"@id":"https:\/\/starstory.fr\/blog\/celebrites-et-influence-en-france\/vitaa-taille-age-vrai-nom-mari-et-fortune-la-fiche-complete\/#primaryimage"},"thumbnailUrl":"https:\/\/images.pexels.com\/photos\/8043906\/pexels-photo-8043906.jpeg?auto=compress&cs=tinysrgb&fit=crop&h=627&w=1200","datePublished":"2026-06-06T00:02:52+00:00","description":"Star de la pop fran\u00e7aise depuis le milieu des ann\u00e9es 2000, Vitaa est l'une des chanteuses les plus constantes du paysage musical hexagonal","inLanguage":"fr-FR","potentialAction":[{"@type":"ReadAction","target":["https:\/\/starstory.fr\/blog\/celebrites-et-influence-en-france\/vitaa-taille-age-vrai-nom-mari-et-fortune-la-fiche-complete\/"]}]},{"@type":"ImageObject","inLanguage":"fr-FR","@id":"https:\/\/starstory.fr\/blog\/celebrites-et-influence-en-france\/vitaa-taille-age-vrai-nom-mari-et-fortune-la-fiche-complete\/#primaryimage","url":"https:\/\/images.pexels.com\/photos\/8043906\/pexels-photo-8043906.jpeg?auto=compress&cs=tinysrgb&fit=crop&h=627&w=1200","contentUrl":"https:\/\/images.pexels.com\/photos\/8043906\/pexels-photo-8043906.jpeg?auto=compress&cs=tinysrgb&fit=crop&h=627&w=1200"},{"@type":"WebSite","@id":"https:\/\/starstory.fr\/blog\/#website","url":"https:\/\/starstory.fr\/blog\/","name":"StarStory","description":"StarStory, les \u00e9toiles racontent leur histoire","publisher":{"@id":"https:\/\/starstory.fr\/blog\/#organization"},"alternateName":"StarStory, les \u00e9toiles racontent leur histoire","potentialAction":[{"@type":"SearchAction","target":{"@type":"EntryPoint","urlTemplate":"https:\/\/starstory.fr\/blog\/?s={search_term_string}"},"query-input":{"@type":"PropertyValueSpecification","valueRequired":true,"valueName":"search_term_string"}}],"inLanguage":"fr-FR"},{"@type":"Organization","@id":"https:\/\/starstory.fr\/blog\/#organization","name":"StarStory","alternateName":"StarStory.fr","url":"https:\/\/starstory.fr\/blog\/","logo":{"@type":"ImageObject","inLanguage":"fr-FR","@id":"https:\/\/starstory.fr\/blog\/#\/schema\/logo\/image\/","url":"https:\/\/starstory.fr\/blog\/wp-content\/uploads\/2024\/12\/38.png","contentUrl":"https:\/\/starstory.fr\/blog\/wp-content\/uploads\/2024\/12\/38.png","width":500,"height":500,"caption":"StarStory"},"image":{"@id":"https:\/\/starstory.fr\/blog\/#\/schema\/logo\/image\/"}},{"@type":"Person","@id":"https:\/\/starstory.fr\/blog\/#\/schema\/person\/2d9dd3a73cf4dcbc428e866589dd5882","name":"Antoine Ferrand","image":{"@type":"ImageObject","inLanguage":"fr-FR","@id":"https:\/\/starstory.fr\/blog\/#\/schema\/person\/image\/","url":"https:\/\/secure.gravatar.com\/avatar\/?s=96&d=mm&r=g","contentUrl":"https:\/\/secure.gravatar.com\/avatar\/?s=96&d=mm&r=g","caption":"Antoine Ferrand"},"description":"Antoine analyse les figures politiques et m\u00e9diatiques, ainsi que leur influence en France au fil des ann\u00e9es.","url":"https:\/\/starstory.fr\/blog\/auteur\/antoine-dupont\/"}]}},"_links":{"self":[{"href":"https:\/\/starstory.fr\/blog\/wp-json\/wp\/v2\/posts\/7989","targetHints":{"allow":["GET"]}}],"collection":[{"href":"https:\/\/starstory.fr\/blog\/wp-json\/wp\/v2\/posts"}],"about":[{"href":"https:\/\/starstory.fr\/blog\/wp-json\/wp\/v2\/types\/post"}],"author":[{"embeddable":true,"href":"https:\/\/starstory.fr\/blog\/wp-json\/wp\/v2\/users\/42"}],"replies":[{"embeddable":true,"href":"https:\/\/starstory.fr\/blog\/wp-json\/wp\/v2\/comments?post=7989"}],"version-history":[{"count":0,"href":"https:\/\/starstory.fr\/blog\/wp-json\/wp\/v2\/posts\/7989\/revisions"}],"wp:attachment":[{"href":"https:\/\/starstory.fr\/blog\/wp-json\/wp\/v2\/media?parent=7989"}],"wp:term":[{"taxonomy":"category","embeddable":true,"href":"https:\/\/starstory.fr\/blog\/wp-json\/wp\/v2\/categories?post=7989"},{"taxonomy":"post_tag","embeddable":true,"href":"https:\/\/starstory.fr\/blog\/wp-json\/wp\/v2\/tags?post=7989"}],"curies":[{"name":"wp","href":"https:\/\/api.w.org\/{rel}","templated":true}]}}