{"id":7985,"date":"2026-06-06T02:02:23","date_gmt":"2026-06-06T00:02:23","guid":{"rendered":"https:\/\/starstory.fr\/blog\/celebrites-et-influence-en-france\/florent-pagny-taille-age-femme-sante-et-fortune-la-fiche-complete\/"},"modified":"2026-06-06T02:02:23","modified_gmt":"2026-06-06T00:02:23","slug":"florent-pagny-taille-age-femme-sante-et-fortune-la-fiche-complete","status":"publish","type":"post","link":"https:\/\/starstory.fr\/blog\/celebrites-et-influence-en-france\/florent-pagny-taille-age-femme-sante-et-fortune-la-fiche-complete\/","title":{"rendered":"Florent Pagny : taille, \u00e2ge, femme, sant\u00e9 et fortune \u2014 la fiche compl\u00e8te"},"content":{"rendered":"<aside style=\"background:#FBEAF2;border-left:5px solid #B11E6A;padding:22px 28px;margin:24px 0;font-family:-apple-system,BlinkMacSystemFont,'Segoe UI',Roboto,sans-serif;\">\n<div style=\"margin:0;font-size:19px;line-height:1.55;color:#2a2a2a;font-weight:500;letter-spacing:-0.005em;\">\n    Voix de velours, libert\u00e9 de penser revendiqu\u00e9e et combat men\u00e9 avec pudeur : Florent Pagny, n\u00e9 le 6 novembre 1961 \u00e0 Chalon-sur-Sa\u00f4ne, a 64 ans, mesure environ 1,72 m et partage sa vie avec la peintre Azucena Caama\u00f1o depuis plus de trente ans. Voici sa fiche compl\u00e8te, v\u00e9rifi\u00e9e et factuelle.\n  <\/div>\n<\/aside>\n<figure style=\"margin:32px 0;font-family:-apple-system,BlinkMacSystemFont,'Segoe UI',Roboto,sans-serif;\">\n<div style=\"overflow-x:auto;border:1px solid #e5e5e0;border-radius:8px;\">\n<table style=\"width:100%;border-collapse:collapse;font-size:14px;color:#2a2a2a;min-width:500px;\">\n<thead>\n<tr style=\"background:#1a1a1a;color:#fff;\">\n<th style=\"text-align:left;padding:14px 18px;font-weight:700;font-size:12px;text-transform:uppercase;letter-spacing:1.5px;\">Carte d&rsquo;identit\u00e9<\/th>\n<th style=\"text-align:left;padding:14px 18px;font-weight:700;font-size:12px;text-transform:uppercase;letter-spacing:1.5px;\">D\u00e9tail<\/th>\n<\/tr>\n<\/thead>\n<tbody>\n<tr style=\"background:#fff;border-bottom:1px solid #f0ede5;\">\n<td style=\"padding:14px 18px;font-weight:600;\">Nom complet<\/td>\n<td style=\"padding:14px 18px;color:#4a4a4a;\">Florent Pagny<\/td>\n<\/tr>\n<tr style=\"background:#FBEAF2;border-bottom:1px solid #f0ede5;\">\n<td style=\"padding:14px 18px;font-weight:600;\">Naissance<\/td>\n<td style=\"padding:14px 18px;color:#4a4a4a;\">6 novembre 1961, Chalon-sur-Sa\u00f4ne (Sa\u00f4ne-et-Loire)<\/td>\n<\/tr>\n<tr style=\"background:#fff;border-bottom:1px solid #f0ede5;\">\n<td style=\"padding:14px 18px;font-weight:600;\">\u00c2ge<\/td>\n<td style=\"padding:14px 18px;color:#4a4a4a;\">64 ans (en 2026)<\/td>\n<\/tr>\n<tr style=\"background:#FBEAF2;border-bottom:1px solid #f0ede5;\">\n<td style=\"padding:14px 18px;font-weight:600;\">Taille<\/td>\n<td style=\"padding:14px 18px;color:#4a4a4a;\">Environ 1,72 m<\/td>\n<\/tr>\n<tr style=\"background:#fff;border-bottom:1px solid #f0ede5;\">\n<td style=\"padding:14px 18px;font-weight:600;\">Nationalit\u00e9<\/td>\n<td style=\"padding:14px 18px;color:#4a4a4a;\">Fran\u00e7aise<\/td>\n<\/tr>\n<tr style=\"background:#FBEAF2;border-bottom:1px solid #f0ede5;\">\n<td style=\"padding:14px 18px;font-weight:600;\">Profession<\/td>\n<td style=\"padding:14px 18px;color:#4a4a4a;\">Chanteur, auteur-compositeur, acteur, coach t\u00e9l\u00e9<\/td>\n<\/tr>\n<tr style=\"background:#fff;\">\n<td style=\"padding:14px 18px;font-weight:600;\">\u00c9pouse<\/td>\n<td style=\"padding:14px 18px;color:#4a4a4a;\">Azucena Caama\u00f1o (mari\u00e9s en 2006)<\/td>\n<\/tr>\n<\/tbody>\n<\/table><\/div>\n<\/figure>\n<h2 style=\"font-size:27px;font-weight:800;color:#1a1a1a;letter-spacing:-0.01em;margin:48px 0 14px;\">Biographie : de Chalon-sur-Sa\u00f4ne \u00e0 la sc\u00e8ne nationale<\/h2>\n<p>Florent Pagny na\u00eet le 6 novembre 1961 \u00e0 Chalon-sur-Sa\u00f4ne, en Sa\u00f4ne-et-Loire. Tr\u00e8s jeune attir\u00e9 par la sc\u00e8ne et le th\u00e9\u00e2tre, il monte \u00e0 Paris \u00e0 la fin de l&rsquo;adolescence pour suivre des cours d&rsquo;art dramatique. Il d\u00e9croche d&rsquo;abord quelques r\u00f4les \u00e0 la t\u00e9l\u00e9vision et au cin\u00e9ma dans les ann\u00e9es 1980, avant que la musique ne prenne d\u00e9finitivement le dessus.<\/p>\n<p>Son premier grand succ\u00e8s arrive en 1987 avec le titre <strong>\u00ab N&rsquo;importe quoi \u00bb<\/strong>, qui s&rsquo;installe durablement en t\u00eate du Top 50. Ce coup d&rsquo;\u00e9clat lance une carri\u00e8re qui ne s&rsquo;est jamais vraiment arr\u00eat\u00e9e depuis : pr\u00e8s de quarante ans plus tard, Florent Pagny figure parmi les chanteurs francophones les plus vendus, avec plus de quinze millions de disques \u00e9coul\u00e9s au fil des d\u00e9cennies.<\/p>\n<aside style=\"background:#fafaf7;border:1px solid #e5e5e0;border-radius:8px;padding:24px 26px 26px;margin:28px 0;font-family:-apple-system,BlinkMacSystemFont,'Segoe UI',Roboto,sans-serif;\">\n<div style=\"margin:0 0 18px 0;font-size:11px;font-weight:700;text-transform:uppercase;letter-spacing:2.2px;color:#B11E6A;\">\u00c0 retenir<\/div>\n<div style=\"display:grid;grid-template-columns:repeat(auto-fit,minmax(240px,1fr));gap:10px;\">\n<div style=\"display:flex;gap:12px;background:#fff;border:1px solid #ebebe5;padding:12px 14px;border-radius:6px;align-items:flex-start;\">\n      <span style=\"flex:0 0 26px;width:26px;height:26px;background:#B11E6A;color:#fff;border-radius:50%;display:inline-flex;align-items:center;justify-content:center;font-size:12px;font-weight:700;font-family:-apple-system,sans-serif;\">1<\/span><br \/>\n      <span style=\"font-size:14px;line-height:1.5;color:#2a2a2a;\">N\u00e9 le 6 novembre 1961 \u00e0 Chalon-sur-Sa\u00f4ne, 64 ans en 2026.<\/span>\n    <\/div>\n<div style=\"display:flex;gap:12px;background:#fff;border:1px solid #ebebe5;padding:12px 14px;border-radius:6px;align-items:flex-start;\">\n      <span style=\"flex:0 0 26px;width:26px;height:26px;background:#B11E6A;color:#fff;border-radius:50%;display:inline-flex;align-items:center;justify-content:center;font-size:12px;font-weight:700;font-family:-apple-system,sans-serif;\">2<\/span><br \/>\n      <span style=\"font-size:14px;line-height:1.5;color:#2a2a2a;\">R\u00e9v\u00e9l\u00e9 en 1987 par \u00ab N&rsquo;importe quoi \u00bb, plus de 15 millions de disques vendus.<\/span>\n    <\/div>\n<div style=\"display:flex;gap:12px;background:#fff;border:1px solid #ebebe5;padding:12px 14px;border-radius:6px;align-items:flex-start;\">\n      <span style=\"flex:0 0 26px;width:26px;height:26px;background:#B11E6A;color:#fff;border-radius:50%;display:inline-flex;align-items:center;justify-content:center;font-size:12px;font-weight:700;font-family:-apple-system,sans-serif;\">3<\/span><br \/>\n      <span style=\"font-size:14px;line-height:1.5;color:#2a2a2a;\">Coach embl\u00e9matique de \u00ab The Voice \u00bb sur TF1 depuis 2012.<\/span>\n    <\/div>\n<div style=\"display:flex;gap:12px;background:#fff;border:1px solid #ebebe5;padding:12px 14px;border-radius:6px;align-items:flex-start;\">\n      <span style=\"flex:0 0 26px;width:26px;height:26px;background:#B11E6A;color:#fff;border-radius:50%;display:inline-flex;align-items:center;justify-content:center;font-size:12px;font-weight:700;font-family:-apple-system,sans-serif;\">4<\/span><br \/>\n      <span style=\"font-size:14px;line-height:1.5;color:#2a2a2a;\">En couple depuis plus de 30 ans avec la peintre Azucena Caama\u00f1o, deux enfants.<\/span>\n    <\/div>\n<div style=\"display:flex;gap:12px;background:#fff;border:1px solid #ebebe5;padding:12px 14px;border-radius:6px;align-items:flex-start;\">\n      <span style=\"flex:0 0 26px;width:26px;height:26px;background:#B11E6A;color:#fff;border-radius:50%;display:inline-flex;align-items:center;justify-content:center;font-size:12px;font-weight:700;font-family:-apple-system,sans-serif;\">5<\/span><br \/>\n      <span style=\"font-size:14px;line-height:1.5;color:#2a2a2a;\">A annonc\u00e9 en janvier 2022 un cancer du poumon, combat men\u00e9 avec sobri\u00e9t\u00e9.<\/span>\n    <\/div>\n<\/p><\/div>\n<\/aside>\n<p>Personnage entier, parfois en d\u00e9licatesse avec les m\u00e9dias et le fisc dans les ann\u00e9es 1990, Pagny a longtemps cultiv\u00e9 une image de chanteur libre, refusant les compromis. Son installation \u00e0 l&rsquo;\u00e9tranger \u2014 en Am\u00e9rique du Sud puis au Portugal \u2014 a accompagn\u00e9 cette volont\u00e9 affich\u00e9e de prendre de la distance avec le syst\u00e8me.<\/p>\n<h2 style=\"font-size:27px;font-weight:800;color:#1a1a1a;letter-spacing:-0.01em;margin:48px 0 14px;\">Carri\u00e8re et grands tubes : la voix d&rsquo;une g\u00e9n\u00e9ration<\/h2>\n<p>Si \u00ab N&rsquo;importe quoi \u00bb a ouvert la voie, c&rsquo;est la d\u00e9cennie 1990-2000 qui a install\u00e9 Florent Pagny au panth\u00e9on de la chanson fran\u00e7aise. En 1997, <strong>\u00ab Savoir aimer \u00bb<\/strong> devient un hymne interg\u00e9n\u00e9rationnel et lui vaut une Victoire de la musique. Sa reprise de <strong>\u00ab Caruso \u00bb<\/strong>, l&rsquo;air popularis\u00e9 par Lucio Dalla, r\u00e9v\u00e8le l&rsquo;\u00e9tendue de sa voix et son go\u00fbt pour le r\u00e9pertoire italien.<\/p>\n<p>Les ann\u00e9es 2000 confirment sa place avec <strong>\u00ab Ma libert\u00e9 de penser \u00bb<\/strong> (2003), titre devenu embl\u00e9matique, puis l&rsquo;album hommage <strong>\u00ab Pagny chante Brel \u00bb<\/strong> (2007). En 2013, l&rsquo;album <strong>\u00ab Vieillir avec toi \u00bb<\/strong> rencontre un immense succ\u00e8s commercial. Tout au long de sa carri\u00e8re, Pagny a multipli\u00e9 les explorations : lyrique, vari\u00e9t\u00e9, reprises, chansons en espagnol et en italien.<\/p>\n<figure style=\"margin:32px 0;font-family:-apple-system,BlinkMacSystemFont,'Segoe UI',Roboto,sans-serif;\">\n<div style=\"overflow-x:auto;border:1px solid #e5e5e0;border-radius:8px;\">\n<table style=\"width:100%;border-collapse:collapse;font-size:14px;color:#2a2a2a;min-width:500px;\">\n<thead>\n<tr style=\"background:#1a1a1a;color:#fff;\">\n<th style=\"text-align:left;padding:14px 18px;font-weight:700;font-size:12px;text-transform:uppercase;letter-spacing:1.5px;\">Titre \/ Album<\/th>\n<th style=\"text-align:center;padding:14px 18px;font-weight:700;font-size:12px;text-transform:uppercase;letter-spacing:1.5px;\">Ann\u00e9e<\/th>\n<th style=\"text-align:left;padding:14px 18px;font-weight:700;font-size:12px;text-transform:uppercase;letter-spacing:1.5px;\">Rep\u00e8re<\/th>\n<\/tr>\n<\/thead>\n<tbody>\n<tr style=\"background:#fff;border-bottom:1px solid #f0ede5;\">\n<td style=\"padding:14px 18px;font-weight:600;\">N&rsquo;importe quoi<\/td>\n<td style=\"padding:14px 18px;text-align:center;color:#6a6a6a;\">1987<\/td>\n<td style=\"padding:14px 18px;color:#4a4a4a;\">Premier grand succ\u00e8s, n\u00b01 du Top 50<\/td>\n<\/tr>\n<tr style=\"background:#FBEAF2;border-bottom:1px solid #f0ede5;\">\n<td style=\"padding:14px 18px;font-weight:600;\">Caruso<\/td>\n<td style=\"padding:14px 18px;text-align:center;color:#6a6a6a;\">1996<\/td>\n<td style=\"padding:14px 18px;color:#4a4a4a;\">Reprise lyrique, succ\u00e8s international<\/td>\n<\/tr>\n<tr style=\"background:#fff;border-bottom:1px solid #f0ede5;\">\n<td style=\"padding:14px 18px;font-weight:600;\">Savoir aimer<\/td>\n<td style=\"padding:14px 18px;text-align:center;color:#6a6a6a;\">1997<\/td>\n<td style=\"padding:14px 18px;color:#4a4a4a;\">Hymne et Victoire de la musique<\/td>\n<\/tr>\n<tr style=\"background:#FBEAF2;border-bottom:1px solid #f0ede5;\">\n<td style=\"padding:14px 18px;font-weight:600;\">Ma libert\u00e9 de penser<\/td>\n<td style=\"padding:14px 18px;text-align:center;color:#6a6a6a;\">2003<\/td>\n<td style=\"padding:14px 18px;color:#4a4a4a;\">Titre embl\u00e9matique des ann\u00e9es 2000<\/td>\n<\/tr>\n<tr style=\"background:#fff;border-bottom:1px solid #f0ede5;\">\n<td style=\"padding:14px 18px;font-weight:600;\">Pagny chante Brel<\/td>\n<td style=\"padding:14px 18px;text-align:center;color:#6a6a6a;\">2007<\/td>\n<td style=\"padding:14px 18px;color:#4a4a4a;\">Album hommage \u00e0 Jacques Brel<\/td>\n<\/tr>\n<tr style=\"background:#FBEAF2;\">\n<td style=\"padding:14px 18px;font-weight:600;\">Vieillir avec toi<\/td>\n<td style=\"padding:14px 18px;text-align:center;color:#6a6a6a;\">2013<\/td>\n<td style=\"padding:14px 18px;color:#4a4a4a;\">Album \u00e0 tr\u00e8s grand succ\u00e8s commercial<\/td>\n<\/tr>\n<\/tbody>\n<\/table><\/div>\n<\/figure>\n<p>\u00c0 partir de 2012, Florent Pagny prend une nouvelle dimension aupr\u00e8s du grand public en devenant l&rsquo;un des coachs historiques de <strong>\u00ab The Voice, la plus belle voix \u00bb<\/strong> sur TF1. Fauteuil rouge, formules tranch\u00e9es et exigence vocale : il participe \u00e0 de nombreuses saisons du t\u00e9l\u00e9-crochet, remporte le concours \u00e0 deux reprises et contribue \u00e0 r\u00e9v\u00e9ler de jeunes talents. Sa pr\u00e9sence sur le programme renforce consid\u00e9rablement sa notori\u00e9t\u00e9 et lui assure une fid\u00e9lit\u00e9 intacte du public.<\/p>\n<figure style=\"margin:38px auto;padding:28px 24px;text-align:center;border-top:1px solid #2a2a2a;border-bottom:1px solid #2a2a2a;max-width:640px;position:relative;font-family:Georgia,'Hoefler Text',serif;\">\n<div style=\"position:absolute;top:-20px;left:50%;transform:translateX(-50%);background:#ffffff;padding:0 14px;font-size:48px;line-height:1;color:#B11E6A;font-family:Georgia,serif;\">&laquo;<\/div>\n<blockquote style=\"margin:0;padding:0;font-size:24px;line-height:1.45;font-style:italic;color:#1a1a1a;letter-spacing:-0.005em;\"><p>\n    Sa voix, \u00e0 la fois puissante et habit\u00e9e, est devenue l&rsquo;une des signatures les plus reconnaissables de la chanson fran\u00e7aise.<br \/>\n  <\/blockquote><figcaption style=\"margin-top:14px;font-size:12px;text-transform:uppercase;letter-spacing:2px;color:#6a6a6a;font-family:-apple-system,sans-serif;font-style:normal;\">\u2014 Portrait d&rsquo;un artiste hors normes<\/figcaption><\/figure>\n<h2 style=\"font-size:27px;font-weight:800;color:#1a1a1a;letter-spacing:-0.01em;margin:48px 0 14px;\">Taille et physique<\/h2>\n<p>Florent Pagny mesure <strong>environ 1,72 m<\/strong>, une indication relay\u00e9e par plusieurs portraits mais qui n&rsquo;est pas une donn\u00e9e officielle communiqu\u00e9e par l&rsquo;artiste. Au fil des ann\u00e9es, sa silhouette et son allure ont \u00e9volu\u00e9, marqu\u00e9es notamment par les \u00e9preuves de sant\u00e9 qu&rsquo;il a travers\u00e9es. Sur sc\u00e8ne comme sur le plateau de \u00ab The Voice \u00bb, il a conserv\u00e9 une pr\u00e9sence forte, davantage port\u00e9e par le charisme et la voix que par la stature.<\/p>\n<aside style=\"background:#fff7e0;border-left:4px solid #d4a017;padding:14px 18px;margin:18px 0;border-radius:0 4px 4px 0;font-family:-apple-system,BlinkMacSystemFont,'Segoe UI',Roboto,sans-serif;\">\n  <strong style=\"display:inline-block;color:#7a5e00;font-size:12px;text-transform:uppercase;letter-spacing:1.5px;margin-right:8px;\">&#128161; Bon \u00e0 savoir<\/strong><br \/>\n  <span style=\"font-size:14.5px;line-height:1.55;color:#3a3a3a;\">La taille des personnalit\u00e9s est rarement officialis\u00e9e : les chiffres qui circulent, dont le \u00ab 1,72 m \u00bb associ\u00e9 \u00e0 Florent Pagny, restent des estimations \u00e0 prendre avec prudence.<\/span><br \/>\n<\/aside>\n<h2 style=\"font-size:27px;font-weight:800;color:#1a1a1a;letter-spacing:-0.01em;margin:48px 0 14px;\">Vie priv\u00e9e et famille : Azucena Caama\u00f1o et leurs enfants<\/h2>\n<p>La vie sentimentale de Florent Pagny est l&rsquo;une des plus stables du paysage musical fran\u00e7ais. Il partage sa vie depuis plus de trente ans avec <strong>Azucena Caama\u00f1o<\/strong>, artiste peintre d&rsquo;origine argentine. Le couple, qui s&rsquo;est officiellement mari\u00e9 en 2006, a construit une relation discr\u00e8te et durable, loin des feux m\u00e9diatiques.<\/p>\n<p>Ensemble, ils ont deux enfants : un fils, <strong>Inca<\/strong>, n\u00e9 en 1996, et une fille, <strong>A\u00ebl<\/strong>, n\u00e9e en 1999. C&rsquo;est en grande partie pour suivre Azucena et pr\u00e9server leur vie de famille que Florent Pagny a choisi de s&rsquo;installer \u00e0 l&rsquo;\u00e9tranger, d&rsquo;abord en Am\u00e9rique du Sud \u2014 en Patagonie argentine \u2014 puis au Portugal, avant de revenir vivre une partie de l&rsquo;ann\u00e9e en Argentine.<\/p>\n<div style=\"display:grid;grid-template-columns:repeat(auto-fit,minmax(220px,1fr));gap:14px;margin:28px 0;font-family:-apple-system,BlinkMacSystemFont,'Segoe UI',Roboto,sans-serif;\">\n<article style=\"background:#fff;border:1px solid #e5e5e0;border-top:3px solid #B11E6A;border-radius:6px;padding:18px 18px 16px;\">\n<div style=\"width:36px;height:36px;background:#FBEAF2;border-radius:50%;display:inline-flex;align-items:center;justify-content:center;margin-bottom:12px;\">\n      <span style=\"font-size:18px;color:#B11E6A;font-weight:900;font-family:Georgia,serif;\">01<\/span>\n    <\/div>\n<h3 style=\"margin:0 0 6px 0;font-size:16px;font-weight:700;color:#1a1a1a;letter-spacing:-0.01em;\">Azucena Caama\u00f1o<\/h3>\n<div style=\"margin:0;font-size:13.5px;line-height:1.55;color:#4a4a4a;\">Artiste peintre d&rsquo;origine argentine, compagne de Florent Pagny depuis plus de 30 ans, mari\u00e9e en 2006.<\/div>\n<\/article>\n<article style=\"background:#fff;border:1px solid #e5e5e0;border-top:3px solid #B11E6A;border-radius:6px;padding:18px 18px 16px;\">\n<div style=\"width:36px;height:36px;background:#FBEAF2;border-radius:50%;display:inline-flex;align-items:center;justify-content:center;margin-bottom:12px;\">\n      <span style=\"font-size:18px;color:#B11E6A;font-weight:900;font-family:Georgia,serif;\">02<\/span>\n    <\/div>\n<h3 style=\"margin:0 0 6px 0;font-size:16px;font-weight:700;color:#1a1a1a;letter-spacing:-0.01em;\">Inca<\/h3>\n<div style=\"margin:0;font-size:13.5px;line-height:1.55;color:#4a4a4a;\">Le fils du couple, n\u00e9 en 1996.<\/div>\n<\/article>\n<article style=\"background:#fff;border:1px solid #e5e5e0;border-top:3px solid #B11E6A;border-radius:6px;padding:18px 18px 16px;\">\n<div style=\"width:36px;height:36px;background:#FBEAF2;border-radius:50%;display:inline-flex;align-items:center;justify-content:center;margin-bottom:12px;\">\n      <span style=\"font-size:18px;color:#B11E6A;font-weight:900;font-family:Georgia,serif;\">03<\/span>\n    <\/div>\n<h3 style=\"margin:0 0 6px 0;font-size:16px;font-weight:700;color:#1a1a1a;letter-spacing:-0.01em;\">A\u00ebl<\/h3>\n<div style=\"margin:0;font-size:13.5px;line-height:1.55;color:#4a4a4a;\">La fille du couple, n\u00e9e en 1999.<\/div>\n<\/article>\n<\/div>\n<p>Cette installation loin de la France a aussi nourri le personnage : celui d&rsquo;un artiste attach\u00e9 \u00e0 sa libert\u00e9, qui revendique de vivre \u00e0 sa mani\u00e8re, entre grands espaces argentins et retours r\u00e9guliers sur les sc\u00e8nes hexagonales.<\/p>\n<h2 style=\"font-size:27px;font-weight:800;color:#1a1a1a;letter-spacing:-0.01em;margin:48px 0 14px;\">Sant\u00e9 : un combat men\u00e9 avec sobri\u00e9t\u00e9<\/h2>\n<p>En janvier 2022, Florent Pagny annonce publiquement, dans une vid\u00e9o adress\u00e9e \u00e0 ses fans, qu&rsquo;il est atteint d&rsquo;un <strong>cancer du poumon<\/strong>. Il explique alors devoir interrompre sa tourn\u00e9e pour suivre un protocole de soins. L&rsquo;annonce, faite avec dignit\u00e9 et sans dramatisation, a profond\u00e9ment touch\u00e9 le public et suscit\u00e9 un immense \u00e9lan de soutien.<\/p>\n<p>Dans les mois qui ont suivi, l&rsquo;artiste a communiqu\u00e9 par moments sur l&rsquo;\u00e9volution de sa situation, toujours avec retenue, en choisissant de partager certaines \u00e9tapes sans entrer dans le d\u00e9tail m\u00e9dical. Au-del\u00e0 de la maladie, c&rsquo;est sa fa\u00e7on d&rsquo;affronter l&rsquo;\u00e9preuve \u2014 avec calme, lucidit\u00e9 et une forme de s\u00e9r\u00e9nit\u00e9 \u2014 qui a marqu\u00e9.<\/p>\n<aside style=\"background:#FBEAF2;border-left:4px solid #B11E6A;padding:14px 18px;margin:18px 0;border-radius:0 4px 4px 0;font-family:-apple-system,BlinkMacSystemFont,'Segoe UI',Roboto,sans-serif;\">\n  <strong style=\"display:inline-block;color:#B11E6A;font-size:12px;text-transform:uppercase;letter-spacing:1.5px;margin-right:8px;\">&#10022; \u00c0 noter<\/strong><br \/>\n  <span style=\"font-size:14.5px;line-height:1.55;color:#3a3a3a;\">Par respect pour l&rsquo;artiste et sa famille, cet article s&rsquo;en tient aux \u00e9l\u00e9ments rendus publics par Florent Pagny lui-m\u00eame et n&rsquo;aborde aucun d\u00e9tail m\u00e9dical priv\u00e9.<\/span><br \/>\n<\/aside>\n<p>Malgr\u00e9 la maladie, Florent Pagny a tenu \u00e0 rester pr\u00e9sent, multipliant les apparitions et les projets quand son \u00e9tat le permettait, fid\u00e8le \u00e0 cette id\u00e9e de vivre pleinement qui traverse toute sa carri\u00e8re.<\/p>\n<h2 style=\"font-size:27px;font-weight:800;color:#1a1a1a;letter-spacing:-0.01em;margin:48px 0 14px;\">Fortune estim\u00e9e<\/h2>\n<p>Difficile d&rsquo;avancer un chiffre pr\u00e9cis : aucune donn\u00e9e officielle ne permet de conna\u00eetre le patrimoine exact de Florent Pagny. Les estimations relay\u00e9es par la presse people \u00e9voquent une <strong>fortune de plusieurs millions d&rsquo;euros<\/strong>, fruit de quatre d\u00e9cennies de carri\u00e8re, de tourn\u00e9es \u00e0 guichets ferm\u00e9s, d&rsquo;un catalogue discographique consid\u00e9rable et de ses cachets de coach \u00e0 \u00ab The Voice \u00bb.<\/p>\n<p>\u00c0 ces revenus s&rsquo;ajoutent des investissements, notamment immobiliers, en France comme en Am\u00e9rique du Sud. Comme toujours pour les c\u00e9l\u00e9brit\u00e9s, ces montants doivent \u00eatre consid\u00e9r\u00e9s comme des <strong>estimations<\/strong> et non comme des donn\u00e9es v\u00e9rifi\u00e9es.<\/p>\n<figure style=\"margin:32px 0;padding:0;font-family:-apple-system,BlinkMacSystemFont,'Segoe UI',Roboto,sans-serif;\">\n<div style=\"display:grid;grid-template-columns:repeat(auto-fit,minmax(140px,1fr));background:#1a1a1a;border-radius:6px;overflow:hidden;\">\n<div style=\"padding:22px 16px;text-align:center;border-right:1px solid #2f2f2f;\">\n<div style=\"font-size:36px;font-weight:900;color:#fff;letter-spacing:-0.04em;font-feature-settings:'tnum';line-height:1;\">64<\/div>\n<div style=\"font-size:11px;text-transform:uppercase;letter-spacing:1.5px;color:#9a9a9a;margin-top:8px;\">ans en 2026<\/div>\n<\/p><\/div>\n<div style=\"padding:22px 16px;text-align:center;border-right:1px solid #2f2f2f;\">\n<div style=\"font-size:36px;font-weight:900;color:#fff;letter-spacing:-0.04em;font-feature-settings:'tnum';line-height:1;\">15 M+<\/div>\n<div style=\"font-size:11px;text-transform:uppercase;letter-spacing:1.5px;color:#9a9a9a;margin-top:8px;\">disques vendus<\/div>\n<\/p><\/div>\n<div style=\"padding:22px 16px;text-align:center;\">\n<div style=\"font-size:36px;font-weight:900;color:#B11E6A;letter-spacing:-0.04em;font-feature-settings:'tnum';line-height:1;\">2012<\/div>\n<div style=\"font-size:11px;text-transform:uppercase;letter-spacing:1.5px;color:#9a9a9a;margin-top:8px;\">d\u00e9buts dans The Voice<\/div>\n<\/p><\/div>\n<\/p><\/div><figcaption style=\"font-size:11px;color:#7a7a7a;margin-top:8px;text-align:right;letter-spacing:0.3px;\">Donn\u00e9es indicatives \u2014 voir sources en fin d&rsquo;article.<\/figcaption><\/figure>\n<section style=\"margin:32px 0;font-family:-apple-system,BlinkMacSystemFont,'Segoe UI',Roboto,sans-serif;\">\n<h2 style=\"margin:0 0 18px 0;font-size:22px;font-weight:800;color:#1a1a1a;letter-spacing:-0.01em;\">Questions fr\u00e9quentes sur Florent Pagny<\/h2>\n<div style=\"border-top:1px solid #d4cfc4;\">\n<details style=\"border-bottom:1px solid #d4cfc4;padding:0;\">\n<summary style=\"cursor:pointer;padding:16px 0;font-size:17px;font-weight:700;color:#1a1a1a;list-style:none;display:flex;justify-content:space-between;align-items:center;gap:14px;\">\n        <span>Quelle est la taille de Florent Pagny ?<\/span><br \/>\n        <span style=\"font-size:22px;font-weight:300;color:#B11E6A;line-height:1;\">+<\/span><br \/>\n      <\/summary>\n<div style=\"padding:0 0 16px 0;font-size:15px;line-height:1.7;color:#4a4a4a;\">Florent Pagny mesurerait environ 1,72 m. Cette indication, relay\u00e9e par plusieurs portraits, n&rsquo;est pas une donn\u00e9e officielle et doit \u00eatre consid\u00e9r\u00e9e comme une estimation.<\/div>\n<\/details>\n<details style=\"border-bottom:1px solid #d4cfc4;padding:0;\">\n<summary style=\"cursor:pointer;padding:16px 0;font-size:17px;font-weight:700;color:#1a1a1a;list-style:none;display:flex;justify-content:space-between;align-items:center;gap:14px;\">\n        <span>Quel \u00e2ge a Florent Pagny ?<\/span><br \/>\n        <span style=\"font-size:22px;font-weight:300;color:#B11E6A;line-height:1;\">+<\/span><br \/>\n      <\/summary>\n<div style=\"padding:0 0 16px 0;font-size:15px;line-height:1.7;color:#4a4a4a;\">N\u00e9 le 6 novembre 1961 \u00e0 Chalon-sur-Sa\u00f4ne, Florent Pagny a 64 ans en 2026.<\/div>\n<\/details>\n<details style=\"border-bottom:1px solid #d4cfc4;padding:0;\">\n<summary style=\"cursor:pointer;padding:16px 0;font-size:17px;font-weight:700;color:#1a1a1a;list-style:none;display:flex;justify-content:space-between;align-items:center;gap:14px;\">\n        <span>Qui est la femme de Florent Pagny ?<\/span><br \/>\n        <span style=\"font-size:22px;font-weight:300;color:#B11E6A;line-height:1;\">+<\/span><br \/>\n      <\/summary>\n<div style=\"padding:0 0 16px 0;font-size:15px;line-height:1.7;color:#4a4a4a;\">Florent Pagny partage sa vie depuis plus de trente ans avec Azucena Caama\u00f1o, artiste peintre d&rsquo;origine argentine. Le couple s&rsquo;est mari\u00e9 en 2006 et a deux enfants, Inca (1996) et A\u00ebl (1999).<\/div>\n<\/details>\n<details style=\"border-bottom:1px solid #d4cfc4;padding:0;\">\n<summary style=\"cursor:pointer;padding:16px 0;font-size:17px;font-weight:700;color:#1a1a1a;list-style:none;display:flex;justify-content:space-between;align-items:center;gap:14px;\">\n        <span>Quel est le probl\u00e8me de sant\u00e9 de Florent Pagny ?<\/span><br \/>\n        <span style=\"font-size:22px;font-weight:300;color:#B11E6A;line-height:1;\">+<\/span><br \/>\n      <\/summary>\n<div style=\"padding:0 0 16px 0;font-size:15px;line-height:1.7;color:#4a4a4a;\">En janvier 2022, Florent Pagny a annonc\u00e9 \u00eatre atteint d&rsquo;un cancer du poumon et a d\u00fb interrompre sa tourn\u00e9e pour se soigner. Il a abord\u00e9 son combat avec sobri\u00e9t\u00e9, sans entrer dans les d\u00e9tails m\u00e9dicaux priv\u00e9s.<\/div>\n<\/details>\n<details style=\"border-bottom:1px solid #d4cfc4;padding:0;\">\n<summary style=\"cursor:pointer;padding:16px 0;font-size:17px;font-weight:700;color:#1a1a1a;list-style:none;display:flex;justify-content:space-between;align-items:center;gap:14px;\">\n        <span>Quelle est la fortune de Florent Pagny ?<\/span><br \/>\n        <span style=\"font-size:22px;font-weight:300;color:#B11E6A;line-height:1;\">+<\/span><br \/>\n      <\/summary>\n<div style=\"padding:0 0 16px 0;font-size:15px;line-height:1.7;color:#4a4a4a;\">Sa fortune est estim\u00e9e \u00e0 plusieurs millions d&rsquo;euros, fruit de ses ventes de disques, de ses tourn\u00e9es et de ses cachets \u00e0 \u00ab The Voice \u00bb. Aucun chiffre officiel n&rsquo;existe : il s&rsquo;agit uniquement d&rsquo;estimations.<\/div>\n<\/details><\/div>\n<\/section>\n<p style=\"font-size:13px;color:#6a6a6a;margin-top:32px;\">Sources : Wikip\u00e9dia et donn\u00e9es publiques. Article mis \u00e0 jour r\u00e9guli\u00e8rement.<\/p>\n","protected":false},"excerpt":{"rendered":"","protected":false},"author":41,"featured_media":999999999,"comment_status":"open","ping_status":"open","sticky":false,"template":"","format":"standard","meta":{"_acf_changed":false,"manual_indexmenow":false,"indexmenow_id_project":0,"footnotes":""},"categories":[4524],"tags":[],"class_list":["post-7985","post","type-post","status-publish","format-standard","has-post-thumbnail","hentry","category-celebrites-et-influence-en-france","generate-columns","tablet-grid-50","mobile-grid-100","grid-parent","grid-25"],"acf":[],"yoast_head":"<!-- This site is optimized with the Yoast SEO Premium plugin v21.3 (Yoast SEO v26.5) - https:\/\/yoast.com\/wordpress\/plugins\/seo\/ -->\n<title>Florent Pagny : taille, \u00e2ge, femme, sant\u00e9 et fortune<\/title>\n<meta name=\"description\" content=\"Voix de velours, libert\u00e9 de penser revendiqu\u00e9e et combat men\u00e9 avec pudeur : Florent Pagny, n\u00e9 le 6 novembre 1961 \u00e0 Chalon-sur-Sa\u00f4ne, a 64 ans, mesure\" \/>\n<meta name=\"robots\" content=\"index, follow, max-snippet:-1, max-image-preview:large, max-video-preview:-1\" \/>\n<link rel=\"canonical\" href=\"https:\/\/starstory.fr\/blog\/celebrites-et-influence-en-france\/florent-pagny-taille-age-femme-sante-et-fortune-la-fiche-complete\/\" \/>\n<meta property=\"og:locale\" content=\"fr_FR\" \/>\n<meta property=\"og:type\" content=\"article\" \/>\n<meta property=\"og:title\" content=\"Florent Pagny : taille, \u00e2ge, femme, sant\u00e9 et fortune\" \/>\n<meta property=\"og:description\" content=\"Voix de velours, libert\u00e9 de penser revendiqu\u00e9e et combat men\u00e9 avec pudeur : Florent Pagny, n\u00e9 le 6 novembre 1961 \u00e0 Chalon-sur-Sa\u00f4ne, a 64 ans, mesure\" \/>\n<meta property=\"og:url\" content=\"https:\/\/starstory.fr\/blog\/celebrites-et-influence-en-france\/florent-pagny-taille-age-femme-sante-et-fortune-la-fiche-complete\/\" \/>\n<meta property=\"og:site_name\" content=\"starstory\" \/>\n<meta name=\"author\" content=\"Sophie Moreau\" \/>\n<meta name=\"twitter:card\" content=\"summary_large_image\" \/>\n<script type=\"application\/ld+json\" class=\"yoast-schema-graph\">{\"@context\":\"https:\/\/schema.org\",\"@graph\":[{\"@type\":\"NewsArticle\",\"@id\":\"https:\/\/starstory.fr\/blog\/celebrites-et-influence-en-france\/florent-pagny-taille-age-femme-sante-et-fortune-la-fiche-complete\/#article\",\"isPartOf\":{\"@id\":\"https:\/\/starstory.fr\/blog\/celebrites-et-influence-en-france\/florent-pagny-taille-age-femme-sante-et-fortune-la-fiche-complete\/\"},\"author\":{\"name\":\"Sophie Moreau\",\"@id\":\"https:\/\/starstory.fr\/blog\/#\/schema\/person\/2cb6361ad79e679e2b744281310c1e3b\"},\"headline\":\"Florent Pagny : taille, \u00e2ge, femme, sant\u00e9 et fortune \u2014 la fiche compl\u00e8te\",\"datePublished\":\"2026-06-06T00:02:23+00:00\",\"mainEntityOfPage\":{\"@id\":\"https:\/\/starstory.fr\/blog\/celebrites-et-influence-en-france\/florent-pagny-taille-age-femme-sante-et-fortune-la-fiche-complete\/\"},\"wordCount\":1513,\"commentCount\":0,\"publisher\":{\"@id\":\"https:\/\/starstory.fr\/blog\/#organization\"},\"image\":{\"@id\":\"https:\/\/starstory.fr\/blog\/celebrites-et-influence-en-france\/florent-pagny-taille-age-femme-sante-et-fortune-la-fiche-complete\/#primaryimage\"},\"thumbnailUrl\":\"https:\/\/images.pexels.com\/photos\/8044082\/pexels-photo-8044082.jpeg?auto=compress&cs=tinysrgb&fit=crop&h=627&w=1200\",\"articleSection\":[\"C\u00e9l\u00e9brit\u00e9s et Influence en France\"],\"inLanguage\":\"fr-FR\",\"potentialAction\":[{\"@type\":\"CommentAction\",\"name\":\"Comment\",\"target\":[\"https:\/\/starstory.fr\/blog\/celebrites-et-influence-en-france\/florent-pagny-taille-age-femme-sante-et-fortune-la-fiche-complete\/#respond\"]}]},{\"@type\":\"WebPage\",\"@id\":\"https:\/\/starstory.fr\/blog\/celebrites-et-influence-en-france\/florent-pagny-taille-age-femme-sante-et-fortune-la-fiche-complete\/\",\"url\":\"https:\/\/starstory.fr\/blog\/celebrites-et-influence-en-france\/florent-pagny-taille-age-femme-sante-et-fortune-la-fiche-complete\/\",\"name\":\"Florent Pagny : taille, \u00e2ge, femme, sant\u00e9 et fortune\",\"isPartOf\":{\"@id\":\"https:\/\/starstory.fr\/blog\/#website\"},\"primaryImageOfPage\":{\"@id\":\"https:\/\/starstory.fr\/blog\/celebrites-et-influence-en-france\/florent-pagny-taille-age-femme-sante-et-fortune-la-fiche-complete\/#primaryimage\"},\"image\":{\"@id\":\"https:\/\/starstory.fr\/blog\/celebrites-et-influence-en-france\/florent-pagny-taille-age-femme-sante-et-fortune-la-fiche-complete\/#primaryimage\"},\"thumbnailUrl\":\"https:\/\/images.pexels.com\/photos\/8044082\/pexels-photo-8044082.jpeg?auto=compress&cs=tinysrgb&fit=crop&h=627&w=1200\",\"datePublished\":\"2026-06-06T00:02:23+00:00\",\"description\":\"Voix de velours, libert\u00e9 de penser revendiqu\u00e9e et combat men\u00e9 avec pudeur : Florent Pagny, n\u00e9 le 6 novembre 1961 \u00e0 Chalon-sur-Sa\u00f4ne, a 64 ans, mesure\",\"inLanguage\":\"fr-FR\",\"potentialAction\":[{\"@type\":\"ReadAction\",\"target\":[\"https:\/\/starstory.fr\/blog\/celebrites-et-influence-en-france\/florent-pagny-taille-age-femme-sante-et-fortune-la-fiche-complete\/\"]}]},{\"@type\":\"ImageObject\",\"inLanguage\":\"fr-FR\",\"@id\":\"https:\/\/starstory.fr\/blog\/celebrites-et-influence-en-france\/florent-pagny-taille-age-femme-sante-et-fortune-la-fiche-complete\/#primaryimage\",\"url\":\"https:\/\/images.pexels.com\/photos\/8044082\/pexels-photo-8044082.jpeg?auto=compress&cs=tinysrgb&fit=crop&h=627&w=1200\",\"contentUrl\":\"https:\/\/images.pexels.com\/photos\/8044082\/pexels-photo-8044082.jpeg?auto=compress&cs=tinysrgb&fit=crop&h=627&w=1200\"},{\"@type\":\"WebSite\",\"@id\":\"https:\/\/starstory.fr\/blog\/#website\",\"url\":\"https:\/\/starstory.fr\/blog\/\",\"name\":\"StarStory\",\"description\":\"StarStory, les \u00e9toiles racontent leur histoire\",\"publisher\":{\"@id\":\"https:\/\/starstory.fr\/blog\/#organization\"},\"alternateName\":\"StarStory, les \u00e9toiles racontent leur histoire\",\"potentialAction\":[{\"@type\":\"SearchAction\",\"target\":{\"@type\":\"EntryPoint\",\"urlTemplate\":\"https:\/\/starstory.fr\/blog\/?s={search_term_string}\"},\"query-input\":{\"@type\":\"PropertyValueSpecification\",\"valueRequired\":true,\"valueName\":\"search_term_string\"}}],\"inLanguage\":\"fr-FR\"},{\"@type\":\"Organization\",\"@id\":\"https:\/\/starstory.fr\/blog\/#organization\",\"name\":\"StarStory\",\"alternateName\":\"StarStory.fr\",\"url\":\"https:\/\/starstory.fr\/blog\/\",\"logo\":{\"@type\":\"ImageObject\",\"inLanguage\":\"fr-FR\",\"@id\":\"https:\/\/starstory.fr\/blog\/#\/schema\/logo\/image\/\",\"url\":\"https:\/\/starstory.fr\/blog\/wp-content\/uploads\/2024\/12\/38.png\",\"contentUrl\":\"https:\/\/starstory.fr\/blog\/wp-content\/uploads\/2024\/12\/38.png\",\"width\":500,\"height\":500,\"caption\":\"StarStory\"},\"image\":{\"@id\":\"https:\/\/starstory.fr\/blog\/#\/schema\/logo\/image\/\"}},{\"@type\":\"Person\",\"@id\":\"https:\/\/starstory.fr\/blog\/#\/schema\/person\/2cb6361ad79e679e2b744281310c1e3b\",\"name\":\"Sophie Moreau\",\"image\":{\"@type\":\"ImageObject\",\"inLanguage\":\"fr-FR\",\"@id\":\"https:\/\/starstory.fr\/blog\/#\/schema\/person\/image\/\",\"url\":\"https:\/\/secure.gravatar.com\/avatar\/?s=96&d=mm&r=g\",\"contentUrl\":\"https:\/\/secure.gravatar.com\/avatar\/?s=96&d=mm&r=g\",\"caption\":\"Sophie Moreau\"},\"description\":\"Sophie partage des articles sur les stars musicales de chaque d\u00e9cennie et leur impact sur la sc\u00e8ne fran\u00e7aise et internationale.\",\"url\":\"https:\/\/starstory.fr\/blog\/auteur\/sophie-moreau\/\",\"jobTitle\":\"Contributrice maison & d\u00e9co\",\"email\":\"sophie.moreau@starstory.fr\"}]}<\/script>\n<!-- \/ Yoast SEO Premium plugin. -->","yoast_head_json":{"title":"Florent Pagny : taille, \u00e2ge, femme, sant\u00e9 et fortune","description":"Voix de velours, libert\u00e9 de penser revendiqu\u00e9e et combat men\u00e9 avec pudeur : Florent Pagny, n\u00e9 le 6 novembre 1961 \u00e0 Chalon-sur-Sa\u00f4ne, a 64 ans, mesure","robots":{"index":"index","follow":"follow","max-snippet":"max-snippet:-1","max-image-preview":"max-image-preview:large","max-video-preview":"max-video-preview:-1"},"canonical":"https:\/\/starstory.fr\/blog\/celebrites-et-influence-en-france\/florent-pagny-taille-age-femme-sante-et-fortune-la-fiche-complete\/","og_locale":"fr_FR","og_type":"article","og_title":"Florent Pagny : taille, \u00e2ge, femme, sant\u00e9 et fortune","og_description":"Voix de velours, libert\u00e9 de penser revendiqu\u00e9e et combat men\u00e9 avec pudeur : Florent Pagny, n\u00e9 le 6 novembre 1961 \u00e0 Chalon-sur-Sa\u00f4ne, a 64 ans, mesure","og_url":"https:\/\/starstory.fr\/blog\/celebrites-et-influence-en-france\/florent-pagny-taille-age-femme-sante-et-fortune-la-fiche-complete\/","og_site_name":"starstory","author":"Sophie Moreau","twitter_card":"summary_large_image","schema":{"@context":"https:\/\/schema.org","@graph":[{"@type":"NewsArticle","@id":"https:\/\/starstory.fr\/blog\/celebrites-et-influence-en-france\/florent-pagny-taille-age-femme-sante-et-fortune-la-fiche-complete\/#article","isPartOf":{"@id":"https:\/\/starstory.fr\/blog\/celebrites-et-influence-en-france\/florent-pagny-taille-age-femme-sante-et-fortune-la-fiche-complete\/"},"author":{"name":"Sophie Moreau","@id":"https:\/\/starstory.fr\/blog\/#\/schema\/person\/2cb6361ad79e679e2b744281310c1e3b"},"headline":"Florent Pagny : taille, \u00e2ge, femme, sant\u00e9 et fortune \u2014 la fiche compl\u00e8te","datePublished":"2026-06-06T00:02:23+00:00","mainEntityOfPage":{"@id":"https:\/\/starstory.fr\/blog\/celebrites-et-influence-en-france\/florent-pagny-taille-age-femme-sante-et-fortune-la-fiche-complete\/"},"wordCount":1513,"commentCount":0,"publisher":{"@id":"https:\/\/starstory.fr\/blog\/#organization"},"image":{"@id":"https:\/\/starstory.fr\/blog\/celebrites-et-influence-en-france\/florent-pagny-taille-age-femme-sante-et-fortune-la-fiche-complete\/#primaryimage"},"thumbnailUrl":"https:\/\/images.pexels.com\/photos\/8044082\/pexels-photo-8044082.jpeg?auto=compress&cs=tinysrgb&fit=crop&h=627&w=1200","articleSection":["C\u00e9l\u00e9brit\u00e9s et Influence en France"],"inLanguage":"fr-FR","potentialAction":[{"@type":"CommentAction","name":"Comment","target":["https:\/\/starstory.fr\/blog\/celebrites-et-influence-en-france\/florent-pagny-taille-age-femme-sante-et-fortune-la-fiche-complete\/#respond"]}]},{"@type":"WebPage","@id":"https:\/\/starstory.fr\/blog\/celebrites-et-influence-en-france\/florent-pagny-taille-age-femme-sante-et-fortune-la-fiche-complete\/","url":"https:\/\/starstory.fr\/blog\/celebrites-et-influence-en-france\/florent-pagny-taille-age-femme-sante-et-fortune-la-fiche-complete\/","name":"Florent Pagny : taille, \u00e2ge, femme, sant\u00e9 et fortune","isPartOf":{"@id":"https:\/\/starstory.fr\/blog\/#website"},"primaryImageOfPage":{"@id":"https:\/\/starstory.fr\/blog\/celebrites-et-influence-en-france\/florent-pagny-taille-age-femme-sante-et-fortune-la-fiche-complete\/#primaryimage"},"image":{"@id":"https:\/\/starstory.fr\/blog\/celebrites-et-influence-en-france\/florent-pagny-taille-age-femme-sante-et-fortune-la-fiche-complete\/#primaryimage"},"thumbnailUrl":"https:\/\/images.pexels.com\/photos\/8044082\/pexels-photo-8044082.jpeg?auto=compress&cs=tinysrgb&fit=crop&h=627&w=1200","datePublished":"2026-06-06T00:02:23+00:00","description":"Voix de velours, libert\u00e9 de penser revendiqu\u00e9e et combat men\u00e9 avec pudeur : Florent Pagny, n\u00e9 le 6 novembre 1961 \u00e0 Chalon-sur-Sa\u00f4ne, a 64 ans, mesure","inLanguage":"fr-FR","potentialAction":[{"@type":"ReadAction","target":["https:\/\/starstory.fr\/blog\/celebrites-et-influence-en-france\/florent-pagny-taille-age-femme-sante-et-fortune-la-fiche-complete\/"]}]},{"@type":"ImageObject","inLanguage":"fr-FR","@id":"https:\/\/starstory.fr\/blog\/celebrites-et-influence-en-france\/florent-pagny-taille-age-femme-sante-et-fortune-la-fiche-complete\/#primaryimage","url":"https:\/\/images.pexels.com\/photos\/8044082\/pexels-photo-8044082.jpeg?auto=compress&cs=tinysrgb&fit=crop&h=627&w=1200","contentUrl":"https:\/\/images.pexels.com\/photos\/8044082\/pexels-photo-8044082.jpeg?auto=compress&cs=tinysrgb&fit=crop&h=627&w=1200"},{"@type":"WebSite","@id":"https:\/\/starstory.fr\/blog\/#website","url":"https:\/\/starstory.fr\/blog\/","name":"StarStory","description":"StarStory, les \u00e9toiles racontent leur histoire","publisher":{"@id":"https:\/\/starstory.fr\/blog\/#organization"},"alternateName":"StarStory, les \u00e9toiles racontent leur histoire","potentialAction":[{"@type":"SearchAction","target":{"@type":"EntryPoint","urlTemplate":"https:\/\/starstory.fr\/blog\/?s={search_term_string}"},"query-input":{"@type":"PropertyValueSpecification","valueRequired":true,"valueName":"search_term_string"}}],"inLanguage":"fr-FR"},{"@type":"Organization","@id":"https:\/\/starstory.fr\/blog\/#organization","name":"StarStory","alternateName":"StarStory.fr","url":"https:\/\/starstory.fr\/blog\/","logo":{"@type":"ImageObject","inLanguage":"fr-FR","@id":"https:\/\/starstory.fr\/blog\/#\/schema\/logo\/image\/","url":"https:\/\/starstory.fr\/blog\/wp-content\/uploads\/2024\/12\/38.png","contentUrl":"https:\/\/starstory.fr\/blog\/wp-content\/uploads\/2024\/12\/38.png","width":500,"height":500,"caption":"StarStory"},"image":{"@id":"https:\/\/starstory.fr\/blog\/#\/schema\/logo\/image\/"}},{"@type":"Person","@id":"https:\/\/starstory.fr\/blog\/#\/schema\/person\/2cb6361ad79e679e2b744281310c1e3b","name":"Sophie Moreau","image":{"@type":"ImageObject","inLanguage":"fr-FR","@id":"https:\/\/starstory.fr\/blog\/#\/schema\/person\/image\/","url":"https:\/\/secure.gravatar.com\/avatar\/?s=96&d=mm&r=g","contentUrl":"https:\/\/secure.gravatar.com\/avatar\/?s=96&d=mm&r=g","caption":"Sophie Moreau"},"description":"Sophie partage des articles sur les stars musicales de chaque d\u00e9cennie et leur impact sur la sc\u00e8ne fran\u00e7aise et internationale.","url":"https:\/\/starstory.fr\/blog\/auteur\/sophie-moreau\/","jobTitle":"Contributrice maison & d\u00e9co","email":"sophie.moreau@starstory.fr"}]}},"_links":{"self":[{"href":"https:\/\/starstory.fr\/blog\/wp-json\/wp\/v2\/posts\/7985","targetHints":{"allow":["GET"]}}],"collection":[{"href":"https:\/\/starstory.fr\/blog\/wp-json\/wp\/v2\/posts"}],"about":[{"href":"https:\/\/starstory.fr\/blog\/wp-json\/wp\/v2\/types\/post"}],"author":[{"embeddable":true,"href":"https:\/\/starstory.fr\/blog\/wp-json\/wp\/v2\/users\/41"}],"replies":[{"embeddable":true,"href":"https:\/\/starstory.fr\/blog\/wp-json\/wp\/v2\/comments?post=7985"}],"version-history":[{"count":0,"href":"https:\/\/starstory.fr\/blog\/wp-json\/wp\/v2\/posts\/7985\/revisions"}],"wp:attachment":[{"href":"https:\/\/starstory.fr\/blog\/wp-json\/wp\/v2\/media?parent=7985"}],"wp:term":[{"taxonomy":"category","embeddable":true,"href":"https:\/\/starstory.fr\/blog\/wp-json\/wp\/v2\/categories?post=7985"},{"taxonomy":"post_tag","embeddable":true,"href":"https:\/\/starstory.fr\/blog\/wp-json\/wp\/v2\/tags?post=7985"}],"curies":[{"name":"wp","href":"https:\/\/api.w.org\/{rel}","templated":true}]}}