{"id":7981,"date":"2026-06-06T01:54:58","date_gmt":"2026-06-05T23:54:58","guid":{"rendered":"https:\/\/starstory.fr\/blog\/celebrites-et-influence-en-france\/star-academy-ambre-gagnante-de-la-saison-13-et-le-star-ac-tour-2026\/"},"modified":"2026-06-06T01:54:58","modified_gmt":"2026-06-05T23:54:58","slug":"star-academy-ambre-gagnante-de-la-saison-13-et-le-star-ac-tour-2026","status":"publish","type":"post","link":"https:\/\/starstory.fr\/blog\/celebrites-et-influence-en-france\/star-academy-ambre-gagnante-de-la-saison-13-et-le-star-ac-tour-2026\/","title":{"rendered":"Star Academy : Ambre, gagnante de la saison 13, et le Star Ac Tour 2026"},"content":{"rendered":"<aside style=\"background:#FBEAF2;border-left:5px solid #B11E6A;padding:22px 28px;margin:24px 0;font-family:-apple-system,BlinkMacSystemFont,'Segoe UI',Roboto,sans-serif;\">\n<div style=\"margin:0;font-size:19px;line-height:1.55;color:#2a2a2a;font-weight:500;letter-spacing:-0.005em;\">\n    Sacr\u00e9e grande gagnante de la treizi\u00e8me saison de la Star Academy en f\u00e9vrier, Ambre fait coup double en ce mois de juin : son tout premier single, \u00ab J&rsquo;me demande \u00bb, est sorti le 5 juin, et la promo des acad\u00e9miciens se retrouve ce 6 juin pour le concert du Star Academy Tour 2026, diffus\u00e9 en direct sur TF1 depuis le Z\u00e9nith de Toulon.\n  <\/div>\n<\/aside>\n<p>\u00c0 tout juste 18 ans, la jeune Parisienne est devenue le visage de la g\u00e9n\u00e9ration 2026 du t\u00e9l\u00e9-crochet de TF1. Entre une tourn\u00e9e qui sillonne la France, la Belgique et la Suisse depuis fin f\u00e9vrier et un premier titre d\u00e9sormais disponible sur les plateformes, Ambre vit un printemps charni\u00e8re. Tour d&rsquo;horizon factuel de ce qui se joue autour de la gagnante et du grand rendez-vous t\u00e9l\u00e9vis\u00e9 de ce samedi soir.<\/p>\n<h2 style=\"font-size:27px;font-weight:800;letter-spacing:-0.01em;color:#1a1a1a;margin:44px 0 6px;\">La tourn\u00e9e Star Academy Tour 2026<\/h2>\n<p>Depuis le 27 f\u00e9vrier, les neuf acad\u00e9miciens de la saison 13 \u2014 Ambre, L\u00e9a, Victor, Sarah, Bastiaan, Anouk, Th\u00e9o P., M\u00e9lissa et Jeanne \u2014 encha\u00eenent les sc\u00e8nes avec le spectacle baptis\u00e9 \u00ab Star Academy : Tour 2026 \u00bb. Selon les \u00e9l\u00e9ments communiqu\u00e9s autour de la tourn\u00e9e, le parcours pr\u00e9voit 73 dates dans 38 villes, avec un passage par plusieurs Accor Arena et des festivals, et plusieurs centaines de milliers de spectateurs attendus sur l&rsquo;ensemble du p\u00e9riple.<\/p>\n<aside style=\"background:#FBEAF2;border-left:5px solid #B11E6A;padding:22px 28px;margin:24px 0;font-family:-apple-system,BlinkMacSystemFont,'Segoe UI',Roboto,sans-serif;\">\n<div style=\"margin:0;font-size:17px;line-height:1.6;color:#2a2a2a;\">\n    Sur sc\u00e8ne, les acad\u00e9miciens revisitent les temps forts de leur passage au ch\u00e2teau : de l&rsquo;hymne collectif \u00ab Voulez-vous \u00bb \u00e0 leurs reprises marquantes, sans oublier l&rsquo;interpr\u00e9tation de leurs propres singles. Le concert toulonnais doit aussi r\u00e9unir des artistes invit\u00e9s pour \u00e9toffer la soir\u00e9e.\n  <\/div>\n<\/aside>\n<p>C&rsquo;est pr\u00e9cis\u00e9ment cette tourn\u00e9e que TF1 met \u00e0 l&rsquo;honneur ce samedi 6 juin. La cha\u00eene diffuse en direct, \u00e0 partir de 21h10, le concert du Star Academy Tour 2026 enregistr\u00e9 au Z\u00e9nith de Toulon, avec une rediffusion possible sur la plateforme TF1+. Un format devenu une habitude pour la marque, qui prolonge ainsi l&rsquo;aventure des \u00e9l\u00e8ves bien apr\u00e8s la fin des prime-time hebdomadaires.<\/p>\n<figure style=\"margin:32px 0;font-family:-apple-system,BlinkMacSystemFont,'Segoe UI',Roboto,sans-serif;\">\n<div style=\"display:grid;grid-template-columns:repeat(auto-fit,minmax(140px,1fr));background:#1a1a1a;border-radius:6px;overflow:hidden;\">\n<div style=\"padding:22px 16px;text-align:center;border-right:1px solid #2f2f2f;\">\n<div style=\"font-size:34px;font-weight:900;color:#fff;letter-spacing:-0.04em;line-height:1;\">73<\/div>\n<div style=\"font-size:11px;text-transform:uppercase;letter-spacing:1.5px;color:#9a9a9a;margin-top:8px;\">dates annonc\u00e9es<\/div>\n<\/p><\/div>\n<div style=\"padding:22px 16px;text-align:center;border-right:1px solid #2f2f2f;\">\n<div style=\"font-size:34px;font-weight:900;color:#fff;letter-spacing:-0.04em;line-height:1;\">38<\/div>\n<div style=\"font-size:11px;text-transform:uppercase;letter-spacing:1.5px;color:#9a9a9a;margin-top:8px;\">villes travers\u00e9es<\/div>\n<\/p><\/div>\n<div style=\"padding:22px 16px;text-align:center;\">\n<div style=\"font-size:34px;font-weight:900;color:#E07BAA;letter-spacing:-0.04em;line-height:1;\">9<\/div>\n<div style=\"font-size:11px;text-transform:uppercase;letter-spacing:1.5px;color:#9a9a9a;margin-top:8px;\">acad\u00e9miciens sur sc\u00e8ne<\/div>\n<\/p><\/div>\n<\/p><\/div><figcaption style=\"font-size:11px;color:#7a7a7a;margin-top:8px;text-align:right;letter-spacing:0.3px;\">Donn\u00e9es de tourn\u00e9e indicatives \u2014 voir sources en fin d&rsquo;article.<\/figcaption><\/figure>\n<h2 style=\"font-size:27px;font-weight:800;letter-spacing:-0.01em;color:#1a1a1a;margin:44px 0 6px;\">Qui est Ambre, la gagnante de la saison 13<\/h2>\n<p>Ambre s&rsquo;est impos\u00e9e dans la nuit du 7 au 8 f\u00e9vrier 2026, lors de la grande finale diffus\u00e9e sur TF1. Parisienne et benjamine de la promotion, elle a remport\u00e9 le duel final face \u00e0 la Suisse L\u00e9a avec une large avance, autour de 59 % des votes du public selon les chiffres relay\u00e9s \u00e0 l&rsquo;issue de l&rsquo;\u00e9mission. Sa reprise de \u00ab Ma gueule \u00bb de Johnny Hallyday pendant la finale est cit\u00e9e comme l&rsquo;un des moments qui ont fait basculer les ind\u00e9cis.<\/p>\n<p>La victoire s&rsquo;accompagne des r\u00e9compenses d\u00e9sormais attach\u00e9es au t\u00e9l\u00e9-crochet : un ch\u00e8que de 100 000 euros et un contrat avec une maison de disques pour l&rsquo;enregistrement de son premier projet musical. Ambre a \u00e9t\u00e9 sign\u00e9e chez Sony Music France, via le label RCA Records \u2014 c&rsquo;est dans ce cadre que sa carri\u00e8re de chanteuse a \u00e9t\u00e9 lanc\u00e9e.<\/p>\n<aside style=\"background:#fafaf7;border:1px solid #e5e5e0;border-radius:8px;padding:24px 26px 26px;margin:28px 0;font-family:-apple-system,BlinkMacSystemFont,'Segoe UI',Roboto,sans-serif;\">\n<div style=\"margin:0 0 18px 0;font-size:11px;font-weight:700;text-transform:uppercase;letter-spacing:2.2px;color:#B11E6A;\">\u00c0 retenir sur Ambre<\/div>\n<div style=\"display:grid;grid-template-columns:repeat(auto-fit,minmax(240px,1fr));gap:10px;\">\n<div style=\"display:flex;gap:12px;background:#fff;border:1px solid #ebebe5;padding:12px 14px;border-radius:6px;align-items:flex-start;\">\n      <span style=\"flex:0 0 26px;width:26px;height:26px;background:#B11E6A;color:#fff;border-radius:50%;display:inline-flex;align-items:center;justify-content:center;font-size:12px;font-weight:700;\">1<\/span><br \/>\n      <span style=\"font-size:14px;line-height:1.5;color:#2a2a2a;\">Gagnante de la saison 13 dans la nuit du 7 au 8 f\u00e9vrier 2026, sur TF1.<\/span>\n    <\/div>\n<div style=\"display:flex;gap:12px;background:#fff;border:1px solid #ebebe5;padding:12px 14px;border-radius:6px;align-items:flex-start;\">\n      <span style=\"flex:0 0 26px;width:26px;height:26px;background:#B11E6A;color:#fff;border-radius:50%;display:inline-flex;align-items:center;justify-content:center;font-size:12px;font-weight:700;\">2<\/span><br \/>\n      <span style=\"font-size:14px;line-height:1.5;color:#2a2a2a;\">Parisienne et benjamine de sa promotion, 18 ans au moment du sacre.<\/span>\n    <\/div>\n<div style=\"display:flex;gap:12px;background:#fff;border:1px solid #ebebe5;padding:12px 14px;border-radius:6px;align-items:flex-start;\">\n      <span style=\"flex:0 0 26px;width:26px;height:26px;background:#B11E6A;color:#fff;border-radius:50%;display:inline-flex;align-items:center;justify-content:center;font-size:12px;font-weight:700;\">3<\/span><br \/>\n      <span style=\"font-size:14px;line-height:1.5;color:#2a2a2a;\">Victoire face \u00e0 L\u00e9a avec une large majorit\u00e9 du public (environ 59 %).<\/span>\n    <\/div>\n<div style=\"display:flex;gap:12px;background:#fff;border:1px solid #ebebe5;padding:12px 14px;border-radius:6px;align-items:flex-start;\">\n      <span style=\"flex:0 0 26px;width:26px;height:26px;background:#B11E6A;color:#fff;border-radius:50%;display:inline-flex;align-items:center;justify-content:center;font-size:12px;font-weight:700;\">4<\/span><br \/>\n      <span style=\"font-size:14px;line-height:1.5;color:#2a2a2a;\">100 000 \u20ac de gains et un contrat chez Sony Music France (RCA Records).<\/span>\n    <\/div>\n<\/p><\/div>\n<\/aside>\n<p>Comme la plupart des gagnants de l&rsquo;\u00e8re r\u00e9cente du programme, Ambre a poursuivi l&rsquo;aventure collective sur la tourn\u00e9e tout en pr\u00e9parant en parall\u00e8le sa premi\u00e8re sortie en solo. Un double agenda exigeant, qui place la jeune chanteuse sous les projecteurs sans temps mort depuis f\u00e9vrier.<\/p>\n<h2 style=\"font-size:27px;font-weight:800;letter-spacing:-0.01em;color:#1a1a1a;margin:44px 0 6px;\">Son premier single, \u00ab J&rsquo;me demande \u00bb<\/h2>\n<p>C&rsquo;est l&rsquo;autre temps fort de ce d\u00e9but d&rsquo;\u00e9t\u00e9 : Ambre a d\u00e9voil\u00e9 son tout premier single, intitul\u00e9 \u00ab J&rsquo;me demande \u00bb. Le titre a fait l&rsquo;objet d&rsquo;une avant-premi\u00e8re le 28 mai lors d&rsquo;un \u00e9v\u00e9nement organis\u00e9 par Sony Music France, avant une mise en ligne sur les plateformes de streaming annonc\u00e9e pour le 5 juin. La chanteuse a elle-m\u00eame relay\u00e9 la nouvelle aupr\u00e8s de sa communaut\u00e9 sur les r\u00e9seaux sociaux.<\/p>\n<figure style=\"margin:38px auto;padding:28px 24px;text-align:center;border-top:1px solid #2a2a2a;border-bottom:1px solid #2a2a2a;max-width:640px;position:relative;font-family:Georgia,'Hoefler Text',serif;\">\n<div style=\"position:absolute;top:-20px;left:50%;transform:translateX(-50%);background:#ffffff;padding:0 14px;font-size:48px;line-height:1;color:#B11E6A;font-family:Georgia,serif;\">&laquo;<\/div>\n<blockquote style=\"margin:0;padding:0;font-size:23px;line-height:1.45;font-style:italic;color:#1a1a1a;letter-spacing:-0.005em;\"><p>\n    Apr\u00e8s le ch\u00e2teau et la sc\u00e8ne, le studio : \u00ab J&rsquo;me demande \u00bb marque l&rsquo;entr\u00e9e officielle d&rsquo;Ambre dans le grand bain de la chanson fran\u00e7aise.<br \/>\n  <\/blockquote><figcaption style=\"margin-top:14px;font-size:12px;text-transform:uppercase;letter-spacing:2px;color:#6a6a6a;font-family:-apple-system,sans-serif;font-style:normal;\">\u2014 Star Story<\/figcaption><\/figure>\n<p>La sortie tombe \u00e0 point nomm\u00e9 : \u00e0 un jour pr\u00e8s du concert t\u00e9l\u00e9vis\u00e9 du 6 juin, elle offre \u00e0 la gagnante une vitrine imm\u00e9diate pour d\u00e9fendre son premier titre devant le grand public. Pour la suite, le contrat sign\u00e9 avec Sony Music ouvre la voie \u00e0 un projet plus large, dans la lign\u00e9e des premiers albums lanc\u00e9s par les pr\u00e9c\u00e9dents vainqueurs du programme.<\/p>\n<aside style=\"background:#fff7e0;border-left:4px solid #d4a017;padding:14px 18px;margin:18px 0;border-radius:0 4px 4px 0;font-family:-apple-system,BlinkMacSystemFont,'Segoe UI',Roboto,sans-serif;\">\n  <strong style=\"display:inline-block;color:#7a5e00;font-size:12px;text-transform:uppercase;letter-spacing:1.5px;margin-right:8px;\">&#128161; Bon \u00e0 savoir<\/strong><br \/>\n  <span style=\"font-size:14.5px;line-height:1.55;color:#3a3a3a;\">RCA Records, le label qui porte Ambre, est l&rsquo;une des structures de Sony Music France. C&rsquo;est un sch\u00e9ma d\u00e9sormais classique pour les gagnants du t\u00e9l\u00e9-crochet, int\u00e9gr\u00e9s \u00e0 une major d\u00e8s leur victoire.<\/span><br \/>\n<\/aside>\n<h2 style=\"font-size:27px;font-weight:800;letter-spacing:-0.01em;color:#1a1a1a;margin:44px 0 6px;\">La Star Academy, un ph\u00e9nom\u00e8ne TF1<\/h2>\n<p>Pour situer le contexte, un rappel s&rsquo;impose. La Star Academy a \u00e9t\u00e9 cr\u00e9\u00e9e en 2001 par la soci\u00e9t\u00e9 de production Endemol. Le concept est rest\u00e9 simple et reconnaissable : de jeunes chanteurs s\u00e9lectionn\u00e9s sur casting int\u00e8grent une \u00ab acad\u00e9mie \u00bb, o\u00f9 ils suivent une formation intensive en chant, danse, expression sc\u00e9nique et th\u00e9\u00e2tre, tout en \u00e9tant film\u00e9s au quotidien dans un ch\u00e2teau. \u00c0 ce format de t\u00e9l\u00e9-crochet s&rsquo;ajoute donc l&rsquo;immersion permanente des candidats, marque de fabrique de l&rsquo;\u00e9mission.<\/p>\n<p>Apr\u00e8s plusieurs ann\u00e9es d&rsquo;absence, le programme a fait son grand retour sur TF1 le 15 octobre 2022. Cette renaissance s&rsquo;est appuy\u00e9e sur le ch\u00e2teau de Dammarie-l\u00e8s-Lys, en Seine-et-Marne, et sur une direction confi\u00e9e \u00e0 Micha\u00ebl Goldman, producteur et cofondateur de MyMajorCompany, entour\u00e9 d&rsquo;une \u00e9quipe de professeurs. Depuis, chaque saison encha\u00eene primes hebdomadaires, hits \u00e9ph\u00e9m\u00e8res et tourn\u00e9e estivale \u2014 un cycle dont la saison 13 et Ambre constituent le dernier maillon.<\/p>\n<figure style=\"margin:32px 0;font-family:-apple-system,BlinkMacSystemFont,'Segoe UI',Roboto,sans-serif;\">\n<div style=\"overflow-x:auto;border:1px solid #e5e5e0;border-radius:8px;\">\n<table style=\"width:100%;border-collapse:collapse;font-size:14px;color:#2a2a2a;min-width:500px;\">\n<thead>\n<tr style=\"background:#1a1a1a;color:#fff;\">\n<th style=\"text-align:left;padding:14px 18px;font-weight:700;font-size:12px;text-transform:uppercase;letter-spacing:1.5px;\">Rep\u00e8re<\/th>\n<th style=\"text-align:left;padding:14px 18px;font-weight:700;font-size:12px;text-transform:uppercase;letter-spacing:1.5px;\">D\u00e9tail<\/th>\n<\/tr>\n<\/thead>\n<tbody>\n<tr style=\"background:#fff;border-bottom:1px solid #f0ede5;\">\n<td style=\"padding:14px 18px;font-weight:600;\">Gagnante saison 13<\/td>\n<td style=\"padding:14px 18px;color:#4a4a4a;\">Ambre, 18 ans, Parisienne<\/td>\n<\/tr>\n<tr style=\"background:#fafaf7;border-bottom:1px solid #f0ede5;\">\n<td style=\"padding:14px 18px;font-weight:600;\">Date de la finale<\/td>\n<td style=\"padding:14px 18px;color:#4a4a4a;\">Nuit du 7 au 8 f\u00e9vrier 2026, sur TF1<\/td>\n<\/tr>\n<tr style=\"background:#fff;border-bottom:1px solid #f0ede5;\">\n<td style=\"padding:14px 18px;font-weight:600;\">R\u00e9compenses<\/td>\n<td style=\"padding:14px 18px;color:#4a4a4a;\">100 000 \u20ac + contrat Sony Music (RCA Records)<\/td>\n<\/tr>\n<tr style=\"background:#fafaf7;border-bottom:1px solid #f0ede5;\">\n<td style=\"padding:14px 18px;font-weight:600;\">Premier single<\/td>\n<td style=\"padding:14px 18px;color:#4a4a4a;\">\u00ab J&rsquo;me demande \u00bb, sortie annonc\u00e9e le 5 juin 2026<\/td>\n<\/tr>\n<tr style=\"background:#fff;border-bottom:1px solid #f0ede5;\">\n<td style=\"padding:14px 18px;font-weight:600;\">Star Academy Tour 2026<\/td>\n<td style=\"padding:14px 18px;color:#4a4a4a;\">Depuis le 27 f\u00e9vrier, 73 dates annonc\u00e9es, 38 villes<\/td>\n<\/tr>\n<tr style=\"background:#fafaf7;border-bottom:1px solid #f0ede5;\">\n<td style=\"padding:14px 18px;font-weight:600;\">Concert sur TF1<\/td>\n<td style=\"padding:14px 18px;color:#4a4a4a;\">Samedi 6 juin, 21h10, en direct du Z\u00e9nith de Toulon<\/td>\n<\/tr>\n<tr style=\"background:#fff;\">\n<td style=\"padding:14px 18px;font-weight:600;\">Retour du programme<\/td>\n<td style=\"padding:14px 18px;color:#4a4a4a;\">15 octobre 2022, ch\u00e2teau de Dammarie-l\u00e8s-Lys<\/td>\n<\/tr>\n<\/tbody>\n<\/table><\/div>\n<\/figure>\n<aside style=\"background:#FBEAF2;border-left:4px solid #B11E6A;padding:14px 18px;margin:18px 0;border-radius:0 4px 4px 0;font-family:-apple-system,BlinkMacSystemFont,'Segoe UI',Roboto,sans-serif;\">\n  <strong style=\"display:inline-block;color:#B11E6A;font-size:12px;text-transform:uppercase;letter-spacing:1.5px;margin-right:8px;\">&#10022; \u00c0 noter<\/strong><br \/>\n  <span style=\"font-size:14.5px;line-height:1.55;color:#3a3a3a;\">Cr\u00e9\u00e9e en 2001, la Star Academy s&rsquo;est arr\u00eat\u00e9e puis a connu plusieurs tentatives de relance avant son retour durable sur TF1 en 2022. La saison 13 s&rsquo;inscrit dans cette nouvelle \u00e8re, d\u00e9sormais bien install\u00e9e dans le paysage du samedi soir.<\/span><br \/>\n<\/aside>\n<p>Entre un single fra\u00eechement disponible et un concert national diffus\u00e9 en prime time, Ambre incarne ce que la Star Academy version 2022 et au-del\u00e0 sait encore produire : des visages que le public suit du ch\u00e2teau jusqu&rsquo;aux plateformes de streaming, en passant par la grande sc\u00e8ne. Reste \u00e0 voir, dans les mois \u00e0 venir, si \u00ab J&rsquo;me demande \u00bb trouvera sa place durable dans les playlists.<\/p>\n<section style=\"margin:40px 0 8px;font-family:-apple-system,BlinkMacSystemFont,'Segoe UI',Roboto,sans-serif;\">\n<h2 style=\"margin:0 0 18px 0;font-size:24px;font-weight:800;color:#1a1a1a;letter-spacing:-0.01em;\">Questions fr\u00e9quentes<\/h2>\n<div style=\"border-top:1px solid #d4cfc4;\">\n<details style=\"border-bottom:1px solid #d4cfc4;padding:0;\">\n<summary style=\"cursor:pointer;padding:16px 0;font-size:17px;font-weight:700;color:#1a1a1a;list-style:none;display:flex;justify-content:space-between;align-items:center;gap:14px;\">\n        <span>Qui a gagn\u00e9 la saison 13 de la Star Academy ?<\/span><br \/>\n        <span style=\"font-size:22px;font-weight:300;color:#B11E6A;line-height:1;\">+<\/span><br \/>\n      <\/summary>\n<div style=\"padding:0 0 16px 0;font-size:15px;line-height:1.7;color:#4a4a4a;\">C&rsquo;est Ambre, jeune Parisienne de 18 ans, qui a remport\u00e9 la treizi\u00e8me saison de la Star Academy dans la nuit du 7 au 8 f\u00e9vrier 2026, sur TF1, face \u00e0 la Suisse L\u00e9a. Elle a recueilli une large majorit\u00e9 des votes du public, autour de 59 % selon les chiffres communiqu\u00e9s \u00e0 l&rsquo;issue de la finale.<\/div>\n<\/details>\n<details style=\"border-bottom:1px solid #d4cfc4;padding:0;\">\n<summary style=\"cursor:pointer;padding:16px 0;font-size:17px;font-weight:700;color:#1a1a1a;list-style:none;display:flex;justify-content:space-between;align-items:center;gap:14px;\">\n        <span>Quand et o\u00f9 voir le concert du Star Academy Tour 2026 ?<\/span><br \/>\n        <span style=\"font-size:22px;font-weight:300;color:#B11E6A;line-height:1;\">+<\/span><br \/>\n      <\/summary>\n<div style=\"padding:0 0 16px 0;font-size:15px;line-height:1.7;color:#4a4a4a;\">TF1 diffuse en direct le concert du Star Academy Tour 2026 le samedi 6 juin \u00e0 partir de 21h10, enregistr\u00e9 au Z\u00e9nith de Toulon. La soir\u00e9e doit \u00e9galement \u00eatre accessible sur la plateforme TF1+.<\/div>\n<\/details>\n<details style=\"border-bottom:1px solid #d4cfc4;padding:0;\">\n<summary style=\"cursor:pointer;padding:16px 0;font-size:17px;font-weight:700;color:#1a1a1a;list-style:none;display:flex;justify-content:space-between;align-items:center;gap:14px;\">\n        <span>Comment s&rsquo;appelle le premier single d&rsquo;Ambre ?<\/span><br \/>\n        <span style=\"font-size:22px;font-weight:300;color:#B11E6A;line-height:1;\">+<\/span><br \/>\n      <\/summary>\n<div style=\"padding:0 0 16px 0;font-size:15px;line-height:1.7;color:#4a4a4a;\">Le premier single d&rsquo;Ambre s&rsquo;intitule \u00ab J&rsquo;me demande \u00bb. Pr\u00e9sent\u00e9 en avant-premi\u00e8re le 28 mai lors d&rsquo;un \u00e9v\u00e9nement Sony Music France, le titre \u00e9tait annonc\u00e9 pour une mise en ligne sur les plateformes de streaming le 5 juin 2026.<\/div>\n<\/details>\n<details style=\"border-bottom:1px solid #d4cfc4;padding:0;\">\n<summary style=\"cursor:pointer;padding:16px 0;font-size:17px;font-weight:700;color:#1a1a1a;list-style:none;display:flex;justify-content:space-between;align-items:center;gap:14px;\">\n        <span>Sous quel label Ambre est-elle sign\u00e9e ?<\/span><br \/>\n        <span style=\"font-size:22px;font-weight:300;color:#B11E6A;line-height:1;\">+<\/span><br \/>\n      <\/summary>\n<div style=\"padding:0 0 16px 0;font-size:15px;line-height:1.7;color:#4a4a4a;\">Ambre a sign\u00e9 chez Sony Music France, plus pr\u00e9cis\u00e9ment via le label RCA Records, dans le cadre des r\u00e9compenses associ\u00e9es \u00e0 sa victoire \u00e0 la Star Academy. Ce contrat doit lui permettre de d\u00e9velopper un projet musical au-del\u00e0 de son premier single.<\/div>\n<\/details>\n<details style=\"padding:0;\">\n<summary style=\"cursor:pointer;padding:16px 0;font-size:17px;font-weight:700;color:#1a1a1a;list-style:none;display:flex;justify-content:space-between;align-items:center;gap:14px;\">\n        <span>Depuis quand la Star Academy est-elle de retour sur TF1 ?<\/span><br \/>\n        <span style=\"font-size:22px;font-weight:300;color:#B11E6A;line-height:1;\">+<\/span><br \/>\n      <\/summary>\n<div style=\"padding:0 0 16px 0;font-size:15px;line-height:1.7;color:#4a4a4a;\">Cr\u00e9\u00e9e en 2001 par Endemol, la Star Academy a fait son grand retour sur TF1 le 15 octobre 2022, apr\u00e8s plusieurs ann\u00e9es d&rsquo;absence. Cette nouvelle \u00e8re s&rsquo;appuie sur le ch\u00e2teau de Dammarie-l\u00e8s-Lys et une direction confi\u00e9e \u00e0 Micha\u00ebl Goldman. La saison 13, remport\u00e9e par Ambre, en est le dernier chapitre.<\/div>\n<\/details><\/div>\n<\/section>\n<p style=\"font-size:13px;color:#6a6a6a;margin-top:32px;\">Sources : presse et donn\u00e9es publiques. Article mis \u00e0 jour r\u00e9guli\u00e8rement.<\/p>\n","protected":false},"excerpt":{"rendered":"","protected":false},"author":41,"featured_media":999999999,"comment_status":"open","ping_status":"open","sticky":false,"template":"","format":"standard","meta":{"_acf_changed":false,"manual_indexmenow":false,"indexmenow_id_project":0,"footnotes":""},"categories":[4524],"tags":[],"class_list":["post-7981","post","type-post","status-publish","format-standard","has-post-thumbnail","hentry","category-celebrites-et-influence-en-france","generate-columns","tablet-grid-50","mobile-grid-100","grid-parent","grid-25"],"acf":[],"yoast_head":"<!-- This site is optimized with the Yoast SEO Premium plugin v21.3 (Yoast SEO v26.5) - https:\/\/yoast.com\/wordpress\/plugins\/seo\/ -->\n<title>Star Academy : Ambre, gagnante de la saison 13, et le Star Ac Tour 2026<\/title>\n<meta name=\"description\" content=\"\u00c0 tout juste 18 ans, la jeune Parisienne est devenue le visage de la g\u00e9n\u00e9ration 2026 du t\u00e9l\u00e9-crochet de TF1. Entre une tourn\u00e9e qui sillonne la France\" \/>\n<meta name=\"robots\" content=\"index, follow, max-snippet:-1, max-image-preview:large, max-video-preview:-1\" \/>\n<link rel=\"canonical\" href=\"https:\/\/starstory.fr\/blog\/celebrites-et-influence-en-france\/star-academy-ambre-gagnante-de-la-saison-13-et-le-star-ac-tour-2026\/\" \/>\n<meta property=\"og:locale\" content=\"fr_FR\" \/>\n<meta property=\"og:type\" content=\"article\" \/>\n<meta property=\"og:title\" content=\"Star Academy : Ambre, gagnante de la saison 13, et le Star Ac Tour 2026\" \/>\n<meta property=\"og:description\" content=\"\u00c0 tout juste 18 ans, la jeune Parisienne est devenue le visage de la g\u00e9n\u00e9ration 2026 du t\u00e9l\u00e9-crochet de TF1. Entre une tourn\u00e9e qui sillonne la France\" \/>\n<meta property=\"og:url\" content=\"https:\/\/starstory.fr\/blog\/celebrites-et-influence-en-france\/star-academy-ambre-gagnante-de-la-saison-13-et-le-star-ac-tour-2026\/\" \/>\n<meta property=\"og:site_name\" content=\"starstory\" \/>\n<meta name=\"author\" content=\"Sophie Moreau\" \/>\n<meta name=\"twitter:card\" content=\"summary_large_image\" \/>\n<script type=\"application\/ld+json\" class=\"yoast-schema-graph\">{\"@context\":\"https:\/\/schema.org\",\"@graph\":[{\"@type\":\"NewsArticle\",\"@id\":\"https:\/\/starstory.fr\/blog\/celebrites-et-influence-en-france\/star-academy-ambre-gagnante-de-la-saison-13-et-le-star-ac-tour-2026\/#article\",\"isPartOf\":{\"@id\":\"https:\/\/starstory.fr\/blog\/celebrites-et-influence-en-france\/star-academy-ambre-gagnante-de-la-saison-13-et-le-star-ac-tour-2026\/\"},\"author\":{\"name\":\"Sophie Moreau\",\"@id\":\"https:\/\/starstory.fr\/blog\/#\/schema\/person\/2cb6361ad79e679e2b744281310c1e3b\"},\"headline\":\"Star Academy : Ambre, gagnante de la saison 13, et le Star Ac Tour 2026\",\"datePublished\":\"2026-06-05T23:54:58+00:00\",\"mainEntityOfPage\":{\"@id\":\"https:\/\/starstory.fr\/blog\/celebrites-et-influence-en-france\/star-academy-ambre-gagnante-de-la-saison-13-et-le-star-ac-tour-2026\/\"},\"wordCount\":1509,\"commentCount\":0,\"publisher\":{\"@id\":\"https:\/\/starstory.fr\/blog\/#organization\"},\"image\":{\"@id\":\"https:\/\/starstory.fr\/blog\/celebrites-et-influence-en-france\/star-academy-ambre-gagnante-de-la-saison-13-et-le-star-ac-tour-2026\/#primaryimage\"},\"thumbnailUrl\":\"https:\/\/images.pexels.com\/photos\/7567326\/pexels-photo-7567326.jpeg?auto=compress&cs=tinysrgb&fit=crop&h=627&w=1200\",\"articleSection\":[\"C\u00e9l\u00e9brit\u00e9s et Influence en France\"],\"inLanguage\":\"fr-FR\",\"potentialAction\":[{\"@type\":\"CommentAction\",\"name\":\"Comment\",\"target\":[\"https:\/\/starstory.fr\/blog\/celebrites-et-influence-en-france\/star-academy-ambre-gagnante-de-la-saison-13-et-le-star-ac-tour-2026\/#respond\"]}]},{\"@type\":\"WebPage\",\"@id\":\"https:\/\/starstory.fr\/blog\/celebrites-et-influence-en-france\/star-academy-ambre-gagnante-de-la-saison-13-et-le-star-ac-tour-2026\/\",\"url\":\"https:\/\/starstory.fr\/blog\/celebrites-et-influence-en-france\/star-academy-ambre-gagnante-de-la-saison-13-et-le-star-ac-tour-2026\/\",\"name\":\"Star Academy : Ambre, gagnante de la saison 13, et le Star Ac Tour 2026\",\"isPartOf\":{\"@id\":\"https:\/\/starstory.fr\/blog\/#website\"},\"primaryImageOfPage\":{\"@id\":\"https:\/\/starstory.fr\/blog\/celebrites-et-influence-en-france\/star-academy-ambre-gagnante-de-la-saison-13-et-le-star-ac-tour-2026\/#primaryimage\"},\"image\":{\"@id\":\"https:\/\/starstory.fr\/blog\/celebrites-et-influence-en-france\/star-academy-ambre-gagnante-de-la-saison-13-et-le-star-ac-tour-2026\/#primaryimage\"},\"thumbnailUrl\":\"https:\/\/images.pexels.com\/photos\/7567326\/pexels-photo-7567326.jpeg?auto=compress&cs=tinysrgb&fit=crop&h=627&w=1200\",\"datePublished\":\"2026-06-05T23:54:58+00:00\",\"description\":\"\u00c0 tout juste 18 ans, la jeune Parisienne est devenue le visage de la g\u00e9n\u00e9ration 2026 du t\u00e9l\u00e9-crochet de TF1. Entre une tourn\u00e9e qui sillonne la France\",\"inLanguage\":\"fr-FR\",\"potentialAction\":[{\"@type\":\"ReadAction\",\"target\":[\"https:\/\/starstory.fr\/blog\/celebrites-et-influence-en-france\/star-academy-ambre-gagnante-de-la-saison-13-et-le-star-ac-tour-2026\/\"]}]},{\"@type\":\"ImageObject\",\"inLanguage\":\"fr-FR\",\"@id\":\"https:\/\/starstory.fr\/blog\/celebrites-et-influence-en-france\/star-academy-ambre-gagnante-de-la-saison-13-et-le-star-ac-tour-2026\/#primaryimage\",\"url\":\"https:\/\/images.pexels.com\/photos\/7567326\/pexels-photo-7567326.jpeg?auto=compress&cs=tinysrgb&fit=crop&h=627&w=1200\",\"contentUrl\":\"https:\/\/images.pexels.com\/photos\/7567326\/pexels-photo-7567326.jpeg?auto=compress&cs=tinysrgb&fit=crop&h=627&w=1200\"},{\"@type\":\"WebSite\",\"@id\":\"https:\/\/starstory.fr\/blog\/#website\",\"url\":\"https:\/\/starstory.fr\/blog\/\",\"name\":\"StarStory\",\"description\":\"StarStory, les \u00e9toiles racontent leur histoire\",\"publisher\":{\"@id\":\"https:\/\/starstory.fr\/blog\/#organization\"},\"alternateName\":\"StarStory, les \u00e9toiles racontent leur histoire\",\"potentialAction\":[{\"@type\":\"SearchAction\",\"target\":{\"@type\":\"EntryPoint\",\"urlTemplate\":\"https:\/\/starstory.fr\/blog\/?s={search_term_string}\"},\"query-input\":{\"@type\":\"PropertyValueSpecification\",\"valueRequired\":true,\"valueName\":\"search_term_string\"}}],\"inLanguage\":\"fr-FR\"},{\"@type\":\"Organization\",\"@id\":\"https:\/\/starstory.fr\/blog\/#organization\",\"name\":\"StarStory\",\"alternateName\":\"StarStory.fr\",\"url\":\"https:\/\/starstory.fr\/blog\/\",\"logo\":{\"@type\":\"ImageObject\",\"inLanguage\":\"fr-FR\",\"@id\":\"https:\/\/starstory.fr\/blog\/#\/schema\/logo\/image\/\",\"url\":\"https:\/\/starstory.fr\/blog\/wp-content\/uploads\/2024\/12\/38.png\",\"contentUrl\":\"https:\/\/starstory.fr\/blog\/wp-content\/uploads\/2024\/12\/38.png\",\"width\":500,\"height\":500,\"caption\":\"StarStory\"},\"image\":{\"@id\":\"https:\/\/starstory.fr\/blog\/#\/schema\/logo\/image\/\"}},{\"@type\":\"Person\",\"@id\":\"https:\/\/starstory.fr\/blog\/#\/schema\/person\/2cb6361ad79e679e2b744281310c1e3b\",\"name\":\"Sophie Moreau\",\"image\":{\"@type\":\"ImageObject\",\"inLanguage\":\"fr-FR\",\"@id\":\"https:\/\/starstory.fr\/blog\/#\/schema\/person\/image\/\",\"url\":\"https:\/\/secure.gravatar.com\/avatar\/?s=96&d=mm&r=g\",\"contentUrl\":\"https:\/\/secure.gravatar.com\/avatar\/?s=96&d=mm&r=g\",\"caption\":\"Sophie Moreau\"},\"description\":\"Sophie partage des articles sur les stars musicales de chaque d\u00e9cennie et leur impact sur la sc\u00e8ne fran\u00e7aise et internationale.\",\"url\":\"https:\/\/starstory.fr\/blog\/auteur\/sophie-moreau\/\",\"jobTitle\":\"Contributrice maison & d\u00e9co\",\"email\":\"sophie.moreau@starstory.fr\"}]}<\/script>\n<!-- \/ Yoast SEO Premium plugin. -->","yoast_head_json":{"title":"Star Academy : Ambre, gagnante de la saison 13, et le Star Ac Tour 2026","description":"\u00c0 tout juste 18 ans, la jeune Parisienne est devenue le visage de la g\u00e9n\u00e9ration 2026 du t\u00e9l\u00e9-crochet de TF1. Entre une tourn\u00e9e qui sillonne la France","robots":{"index":"index","follow":"follow","max-snippet":"max-snippet:-1","max-image-preview":"max-image-preview:large","max-video-preview":"max-video-preview:-1"},"canonical":"https:\/\/starstory.fr\/blog\/celebrites-et-influence-en-france\/star-academy-ambre-gagnante-de-la-saison-13-et-le-star-ac-tour-2026\/","og_locale":"fr_FR","og_type":"article","og_title":"Star Academy : Ambre, gagnante de la saison 13, et le Star Ac Tour 2026","og_description":"\u00c0 tout juste 18 ans, la jeune Parisienne est devenue le visage de la g\u00e9n\u00e9ration 2026 du t\u00e9l\u00e9-crochet de TF1. Entre une tourn\u00e9e qui sillonne la France","og_url":"https:\/\/starstory.fr\/blog\/celebrites-et-influence-en-france\/star-academy-ambre-gagnante-de-la-saison-13-et-le-star-ac-tour-2026\/","og_site_name":"starstory","author":"Sophie Moreau","twitter_card":"summary_large_image","schema":{"@context":"https:\/\/schema.org","@graph":[{"@type":"NewsArticle","@id":"https:\/\/starstory.fr\/blog\/celebrites-et-influence-en-france\/star-academy-ambre-gagnante-de-la-saison-13-et-le-star-ac-tour-2026\/#article","isPartOf":{"@id":"https:\/\/starstory.fr\/blog\/celebrites-et-influence-en-france\/star-academy-ambre-gagnante-de-la-saison-13-et-le-star-ac-tour-2026\/"},"author":{"name":"Sophie Moreau","@id":"https:\/\/starstory.fr\/blog\/#\/schema\/person\/2cb6361ad79e679e2b744281310c1e3b"},"headline":"Star Academy : Ambre, gagnante de la saison 13, et le Star Ac Tour 2026","datePublished":"2026-06-05T23:54:58+00:00","mainEntityOfPage":{"@id":"https:\/\/starstory.fr\/blog\/celebrites-et-influence-en-france\/star-academy-ambre-gagnante-de-la-saison-13-et-le-star-ac-tour-2026\/"},"wordCount":1509,"commentCount":0,"publisher":{"@id":"https:\/\/starstory.fr\/blog\/#organization"},"image":{"@id":"https:\/\/starstory.fr\/blog\/celebrites-et-influence-en-france\/star-academy-ambre-gagnante-de-la-saison-13-et-le-star-ac-tour-2026\/#primaryimage"},"thumbnailUrl":"https:\/\/images.pexels.com\/photos\/7567326\/pexels-photo-7567326.jpeg?auto=compress&cs=tinysrgb&fit=crop&h=627&w=1200","articleSection":["C\u00e9l\u00e9brit\u00e9s et Influence en France"],"inLanguage":"fr-FR","potentialAction":[{"@type":"CommentAction","name":"Comment","target":["https:\/\/starstory.fr\/blog\/celebrites-et-influence-en-france\/star-academy-ambre-gagnante-de-la-saison-13-et-le-star-ac-tour-2026\/#respond"]}]},{"@type":"WebPage","@id":"https:\/\/starstory.fr\/blog\/celebrites-et-influence-en-france\/star-academy-ambre-gagnante-de-la-saison-13-et-le-star-ac-tour-2026\/","url":"https:\/\/starstory.fr\/blog\/celebrites-et-influence-en-france\/star-academy-ambre-gagnante-de-la-saison-13-et-le-star-ac-tour-2026\/","name":"Star Academy : Ambre, gagnante de la saison 13, et le Star Ac Tour 2026","isPartOf":{"@id":"https:\/\/starstory.fr\/blog\/#website"},"primaryImageOfPage":{"@id":"https:\/\/starstory.fr\/blog\/celebrites-et-influence-en-france\/star-academy-ambre-gagnante-de-la-saison-13-et-le-star-ac-tour-2026\/#primaryimage"},"image":{"@id":"https:\/\/starstory.fr\/blog\/celebrites-et-influence-en-france\/star-academy-ambre-gagnante-de-la-saison-13-et-le-star-ac-tour-2026\/#primaryimage"},"thumbnailUrl":"https:\/\/images.pexels.com\/photos\/7567326\/pexels-photo-7567326.jpeg?auto=compress&cs=tinysrgb&fit=crop&h=627&w=1200","datePublished":"2026-06-05T23:54:58+00:00","description":"\u00c0 tout juste 18 ans, la jeune Parisienne est devenue le visage de la g\u00e9n\u00e9ration 2026 du t\u00e9l\u00e9-crochet de TF1. Entre une tourn\u00e9e qui sillonne la France","inLanguage":"fr-FR","potentialAction":[{"@type":"ReadAction","target":["https:\/\/starstory.fr\/blog\/celebrites-et-influence-en-france\/star-academy-ambre-gagnante-de-la-saison-13-et-le-star-ac-tour-2026\/"]}]},{"@type":"ImageObject","inLanguage":"fr-FR","@id":"https:\/\/starstory.fr\/blog\/celebrites-et-influence-en-france\/star-academy-ambre-gagnante-de-la-saison-13-et-le-star-ac-tour-2026\/#primaryimage","url":"https:\/\/images.pexels.com\/photos\/7567326\/pexels-photo-7567326.jpeg?auto=compress&cs=tinysrgb&fit=crop&h=627&w=1200","contentUrl":"https:\/\/images.pexels.com\/photos\/7567326\/pexels-photo-7567326.jpeg?auto=compress&cs=tinysrgb&fit=crop&h=627&w=1200"},{"@type":"WebSite","@id":"https:\/\/starstory.fr\/blog\/#website","url":"https:\/\/starstory.fr\/blog\/","name":"StarStory","description":"StarStory, les \u00e9toiles racontent leur histoire","publisher":{"@id":"https:\/\/starstory.fr\/blog\/#organization"},"alternateName":"StarStory, les \u00e9toiles racontent leur histoire","potentialAction":[{"@type":"SearchAction","target":{"@type":"EntryPoint","urlTemplate":"https:\/\/starstory.fr\/blog\/?s={search_term_string}"},"query-input":{"@type":"PropertyValueSpecification","valueRequired":true,"valueName":"search_term_string"}}],"inLanguage":"fr-FR"},{"@type":"Organization","@id":"https:\/\/starstory.fr\/blog\/#organization","name":"StarStory","alternateName":"StarStory.fr","url":"https:\/\/starstory.fr\/blog\/","logo":{"@type":"ImageObject","inLanguage":"fr-FR","@id":"https:\/\/starstory.fr\/blog\/#\/schema\/logo\/image\/","url":"https:\/\/starstory.fr\/blog\/wp-content\/uploads\/2024\/12\/38.png","contentUrl":"https:\/\/starstory.fr\/blog\/wp-content\/uploads\/2024\/12\/38.png","width":500,"height":500,"caption":"StarStory"},"image":{"@id":"https:\/\/starstory.fr\/blog\/#\/schema\/logo\/image\/"}},{"@type":"Person","@id":"https:\/\/starstory.fr\/blog\/#\/schema\/person\/2cb6361ad79e679e2b744281310c1e3b","name":"Sophie Moreau","image":{"@type":"ImageObject","inLanguage":"fr-FR","@id":"https:\/\/starstory.fr\/blog\/#\/schema\/person\/image\/","url":"https:\/\/secure.gravatar.com\/avatar\/?s=96&d=mm&r=g","contentUrl":"https:\/\/secure.gravatar.com\/avatar\/?s=96&d=mm&r=g","caption":"Sophie Moreau"},"description":"Sophie partage des articles sur les stars musicales de chaque d\u00e9cennie et leur impact sur la sc\u00e8ne fran\u00e7aise et internationale.","url":"https:\/\/starstory.fr\/blog\/auteur\/sophie-moreau\/","jobTitle":"Contributrice maison & d\u00e9co","email":"sophie.moreau@starstory.fr"}]}},"_links":{"self":[{"href":"https:\/\/starstory.fr\/blog\/wp-json\/wp\/v2\/posts\/7981","targetHints":{"allow":["GET"]}}],"collection":[{"href":"https:\/\/starstory.fr\/blog\/wp-json\/wp\/v2\/posts"}],"about":[{"href":"https:\/\/starstory.fr\/blog\/wp-json\/wp\/v2\/types\/post"}],"author":[{"embeddable":true,"href":"https:\/\/starstory.fr\/blog\/wp-json\/wp\/v2\/users\/41"}],"replies":[{"embeddable":true,"href":"https:\/\/starstory.fr\/blog\/wp-json\/wp\/v2\/comments?post=7981"}],"version-history":[{"count":0,"href":"https:\/\/starstory.fr\/blog\/wp-json\/wp\/v2\/posts\/7981\/revisions"}],"wp:attachment":[{"href":"https:\/\/starstory.fr\/blog\/wp-json\/wp\/v2\/media?parent=7981"}],"wp:term":[{"taxonomy":"category","embeddable":true,"href":"https:\/\/starstory.fr\/blog\/wp-json\/wp\/v2\/categories?post=7981"},{"taxonomy":"post_tag","embeddable":true,"href":"https:\/\/starstory.fr\/blog\/wp-json\/wp\/v2\/tags?post=7981"}],"curies":[{"name":"wp","href":"https:\/\/api.w.org\/{rel}","templated":true}]}}