{"id":7979,"date":"2026-06-06T01:48:28","date_gmt":"2026-06-05T23:48:28","guid":{"rendered":"https:\/\/starstory.fr\/blog\/celebrites-et-influence-en-france\/slimane-taille-age-vrai-nom-compagnon-et-fortune-la-fiche-complete\/"},"modified":"2026-06-06T01:48:28","modified_gmt":"2026-06-05T23:48:28","slug":"slimane-taille-age-vrai-nom-compagnon-et-fortune-la-fiche-complete","status":"publish","type":"post","link":"https:\/\/starstory.fr\/blog\/celebrites-et-influence-en-france\/slimane-taille-age-vrai-nom-compagnon-et-fortune-la-fiche-complete\/","title":{"rendered":"Slimane : taille, \u00e2ge, vrai nom, compagnon et fortune \u2014 la fiche compl\u00e8te"},"content":{"rendered":"<aside style=\"background:#FBEAF2;border-left:5px solid #B11E6A;padding:22px 28px;margin:24px 0;font-family:-apple-system,BlinkMacSystemFont,'Segoe UI',Roboto,sans-serif;\">\n<div style=\"margin:0;font-size:19px;line-height:1.55;color:#2a2a2a;font-weight:500;letter-spacing:-0.005em;\">\n    R\u00e9v\u00e9l\u00e9 en 2016 en remportant <strong>The Voice<\/strong>, devenu en huit ans l&rsquo;une des voix les plus identifiables de la chanson fran\u00e7aise, Slimane a port\u00e9 les couleurs de la France \u00e0 l&rsquo;Eurovision 2024 avec \u00ab Mon amour \u00bb. Derri\u00e8re le pr\u00e9nom unique se cache <strong>Slimane Nebchi<\/strong>, n\u00e9 le 13 octobre 1989 \u00e0 Chelles : voici la fiche compl\u00e8te, v\u00e9rifi\u00e9e et \u00e0 jour.\n  <\/div>\n<\/aside>\n<p>Difficile aujourd&rsquo;hui d&rsquo;imaginer la sc\u00e8ne fran\u00e7aise sans Slimane. Vainqueur de la cinqui\u00e8me saison de <em>The Voice : la plus belle voix<\/em>, auteur-compositeur-interpr\u00e8te \u00e0 la voix grave et puissante, il encha\u00eene depuis les albums certifi\u00e9s et les distinctions. Son duo <em>VersuS<\/em> avec Vitaa s&rsquo;est \u00e9coul\u00e9 \u00e0 plus d&rsquo;un million d&rsquo;exemplaires, et sa quatri\u00e8me place \u00e0 l&rsquo;Eurovision 2024 l&rsquo;a fait conna\u00eetre au-del\u00e0 des fronti\u00e8res. Mais qui est vraiment l&rsquo;homme derri\u00e8re l&rsquo;artiste ? Quel est son vrai nom, son \u00e2ge, sa taille, ses origines, et que sait-on de sa vie priv\u00e9e ? R\u00e9ponses factuelles ci-dessous.<\/p>\n<figure style=\"margin:32px 0;font-family:-apple-system,BlinkMacSystemFont,'Segoe UI',Roboto,sans-serif;\">\n<div style=\"overflow-x:auto;border:1px solid #e5e5e0;border-radius:8px;\">\n<table style=\"width:100%;border-collapse:collapse;font-size:14px;color:#2a2a2a;min-width:500px;\">\n<thead>\n<tr style=\"background:#1a1a1a;color:#fff;\">\n<th style=\"text-align:left;padding:14px 18px;font-weight:700;font-size:12px;text-transform:uppercase;letter-spacing:1.5px;\">Carte d&rsquo;identit\u00e9<\/th>\n<th style=\"text-align:left;padding:14px 18px;font-weight:700;font-size:12px;text-transform:uppercase;letter-spacing:1.5px;\">D\u00e9tail<\/th>\n<\/tr>\n<\/thead>\n<tbody>\n<tr style=\"background:#fff;border-bottom:1px solid #f0ede5;\">\n<td style=\"padding:14px 18px;font-weight:600;\">Nom complet<\/td>\n<td style=\"padding:14px 18px;color:#4a4a4a;\">Slimane Nebchi (nom de sc\u00e8ne : Slimane)<\/td>\n<\/tr>\n<tr style=\"background:#FBEAF2;border-bottom:1px solid #f0ede5;\">\n<td style=\"padding:14px 18px;font-weight:600;\">Naissance<\/td>\n<td style=\"padding:14px 18px;color:#4a4a4a;\">13 octobre 1989, \u00e0 Chelles (Seine-et-Marne, France)<\/td>\n<\/tr>\n<tr style=\"background:#fff;border-bottom:1px solid #f0ede5;\">\n<td style=\"padding:14px 18px;font-weight:600;\">\u00c2ge<\/td>\n<td style=\"padding:14px 18px;color:#4a4a4a;\">36 ans (en 2026)<\/td>\n<\/tr>\n<tr style=\"background:#FBEAF2;border-bottom:1px solid #f0ede5;\">\n<td style=\"padding:14px 18px;font-weight:600;\">Taille<\/td>\n<td style=\"padding:14px 18px;color:#4a4a4a;\">Environ 1,80 m (estimation, non officielle)<\/td>\n<\/tr>\n<tr style=\"background:#fff;border-bottom:1px solid #f0ede5;\">\n<td style=\"padding:14px 18px;font-weight:600;\">Nationalit\u00e9<\/td>\n<td style=\"padding:14px 18px;color:#4a4a4a;\">Fran\u00e7aise<\/td>\n<\/tr>\n<tr style=\"background:#FBEAF2;border-bottom:1px solid #f0ede5;\">\n<td style=\"padding:14px 18px;font-weight:600;\">Origines<\/td>\n<td style=\"padding:14px 18px;color:#4a4a4a;\">Alg\u00e9riennes (grands-parents originaires de Biskra et Ghazaouet)<\/td>\n<\/tr>\n<tr style=\"background:#fff;\">\n<td style=\"padding:14px 18px;font-weight:600;\">Profession<\/td>\n<td style=\"padding:14px 18px;color:#4a4a4a;\">Chanteur, auteur-compositeur-interpr\u00e8te<\/td>\n<\/tr>\n<\/tbody>\n<\/table><\/div><figcaption style=\"font-size:11px;color:#7a7a7a;margin-top:8px;text-align:right;letter-spacing:0.3px;\">Donn\u00e9es v\u00e9rifi\u00e9es (Wikip\u00e9dia) \u2014 la taille reste une estimation indicative.<\/figcaption><\/figure>\n<h2>Biographie et r\u00e9v\u00e9lation \u00e0 The Voice<\/h2>\n<p>Slimane Nebchi na\u00eet le 13 octobre 1989 \u00e0 Chelles, en Seine-et-Marne, dans une famille d&rsquo;origine alg\u00e9rienne. A\u00een\u00e9 d&rsquo;une fratrie de quatre enfants, il grandit en r\u00e9gion parisienne et se passionne tr\u00e8s t\u00f4t pour la musique et le chant. Avant la notori\u00e9t\u00e9, il encha\u00eene les concours et les petites sc\u00e8nes, cherchant la voie qui lui permettra de vivre de sa passion.<\/p>\n<p>Le tournant arrive en 2016. Candidat \u00e0 la cinqui\u00e8me saison de <em>The Voice : la plus belle voix<\/em> sur TF1, il int\u00e8gre l&rsquo;\u00e9quipe de Florent Pagny. Sa voix grave, son \u00e9motion \u00e0 fleur de peau et son interpr\u00e9tation marquent le public tout au long de la comp\u00e9tition. Le 14 mai 2016, il remporte la finale avec 33 % des suffrages du public, devan\u00e7ant le finaliste MB14. Cette victoire change tout : elle ouvre la porte \u00e0 une carri\u00e8re discographique que peu de vainqueurs de t\u00e9l\u00e9-crochet parviennent \u00e0 inscrire dans la dur\u00e9e.<\/p>\n<aside style=\"background:#FBEAF2;border-left:4px solid #B11E6A;padding:14px 18px;margin:18px 0;border-radius:0 4px 4px 0;font-family:-apple-system,BlinkMacSystemFont,'Segoe UI',Roboto,sans-serif;\">\n  <strong style=\"display:inline-block;color:#7a1145;font-size:12px;text-transform:uppercase;letter-spacing:1.5px;margin-right:8px;\">&#128161; Bon \u00e0 savoir<\/strong><br \/>\n  <span style=\"font-size:14.5px;line-height:1.55;color:#3a3a3a;\">Slimane fait partie du cercle tr\u00e8s restreint des vainqueurs de t\u00e9l\u00e9-crochet ayant r\u00e9ussi \u00e0 transformer l&rsquo;essai en carri\u00e8re durable, avec plusieurs albums certifi\u00e9s platine ou diamant.<\/span><br \/>\n<\/aside>\n<h2>Carri\u00e8re, albums et Eurovision 2024<\/h2>\n<p>Quelques semaines seulement apr\u00e8s sa victoire, Slimane sort son premier album, <em>\u00c0 bout de r\u00eaves<\/em> (juillet 2016), qui rencontre un large succ\u00e8s et obtient une certification triple platine en France. Il confirme ensuite avec <em>Solune<\/em> (janvier 2018), double platine, puis <em>Chroniques d&rsquo;un cupidon<\/em> (septembre 2022). En 2025, il poursuit avec un nouvel album, <em>Il faut que tu saches<\/em>. Au fil des ann\u00e9es, il s&rsquo;impose comme un auteur-compositeur autant que comme un interpr\u00e8te, signant la majorit\u00e9 de ses textes.<\/p>\n<p>L&rsquo;un des temps forts de sa carri\u00e8re reste sa collaboration avec Vitaa. Leur album commun <em>VersuS<\/em> (ao\u00fbt 2019) devient un ph\u00e9nom\u00e8ne : certifi\u00e9 diamant, \u00e9coul\u00e9 \u00e0 plus d&rsquo;un million d&rsquo;exemplaires en France, il donne naissance \u00e0 une tourn\u00e9e \u00e0 succ\u00e8s et \u00e0 plusieurs r\u00e9compenses, dont des NRJ Music Awards. Le duo est devenu l&rsquo;un des plus populaires de la pop fran\u00e7aise de la fin des ann\u00e9es 2010.<\/p>\n<p>En 2024, Slimane franchit une nouvelle \u00e9tape : il est choisi pour repr\u00e9senter la France au Concours Eurovision de la chanson, organis\u00e9 \u00e0 Malm\u00f6, en Su\u00e8de. Avec sa ballade <strong>\u00ab Mon amour \u00bb<\/strong>, port\u00e9e par une voix bouleversante et une mise en sc\u00e8ne \u00e9pur\u00e9e, il termine \u00e0 la <strong>quatri\u00e8me place<\/strong> de la finale avec 445 points (218 points des jurys et 227 du t\u00e9l\u00e9vote) \u2014 l&rsquo;un des meilleurs r\u00e9sultats fran\u00e7ais de la d\u00e9cennie.<\/p>\n<figure style=\"margin:32px 0;padding:0;font-family:-apple-system,BlinkMacSystemFont,'Segoe UI',Roboto,sans-serif;\">\n<div style=\"display:grid;grid-template-columns:repeat(auto-fit,minmax(140px,1fr));background:#1a1a1a;border-radius:6px;overflow:hidden;\">\n<div style=\"padding:22px 16px;text-align:center;border-right:1px solid #2f2f2f;\">\n<div style=\"font-size:36px;font-weight:900;color:#fff;letter-spacing:-0.04em;font-feature-settings:'tnum';line-height:1;\">2016<\/div>\n<div style=\"font-size:11px;text-transform:uppercase;letter-spacing:1.5px;color:#9a9a9a;margin-top:8px;\">Victoire The Voice<\/div>\n<\/p><\/div>\n<div style=\"padding:22px 16px;text-align:center;border-right:1px solid #2f2f2f;\">\n<div style=\"font-size:36px;font-weight:900;color:#fff;letter-spacing:-0.04em;font-feature-settings:'tnum';line-height:1;\">4<sup style=\"font-size:18px;\">e<\/sup><\/div>\n<div style=\"font-size:11px;text-transform:uppercase;letter-spacing:1.5px;color:#9a9a9a;margin-top:8px;\">Eurovision 2024<\/div>\n<\/p><\/div>\n<div style=\"padding:22px 16px;text-align:center;\">\n<div style=\"font-size:36px;font-weight:900;color:#B11E6A;letter-spacing:-0.04em;font-feature-settings:'tnum';line-height:1;\">445<\/div>\n<div style=\"font-size:11px;text-transform:uppercase;letter-spacing:1.5px;color:#9a9a9a;margin-top:8px;\">Points \u00ab Mon amour \u00bb<\/div>\n<\/p><\/div>\n<\/p><\/div><figcaption style=\"font-size:11px;color:#7a7a7a;margin-top:8px;text-align:right;letter-spacing:0.3px;\">Rep\u00e8res de carri\u00e8re v\u00e9rifi\u00e9s.<\/figcaption><\/figure>\n<h2>Taille et physique<\/h2>\n<p>Comme pour beaucoup d&rsquo;artistes, Slimane n&rsquo;a jamais communiqu\u00e9 officiellement sur ses mensurations. Les estimations qui circulent \u00e9voquent une taille <strong>d&rsquo;environ 1,80 m<\/strong>, sans confirmation de l&rsquo;int\u00e9ress\u00e9. On retient surtout sa pr\u00e9sence sc\u00e9nique : silhouette \u00e9lanc\u00e9e, look souvent sobre (costumes sombres, chemises ouvertes), barbe entretenue et regard expressif. Sur sc\u00e8ne comme en interview, c&rsquo;est davantage son intensit\u00e9 \u00e9motionnelle et la profondeur de sa voix qui marquent que ses caract\u00e9ristiques physiques.<\/p>\n<aside style=\"background:#fff7e0;border-left:4px solid #d4a017;padding:14px 18px;margin:18px 0;border-radius:0 4px 4px 0;font-family:-apple-system,BlinkMacSystemFont,'Segoe UI',Roboto,sans-serif;\">\n  <strong style=\"display:inline-block;color:#7a5e00;font-size:12px;text-transform:uppercase;letter-spacing:1.5px;margin-right:8px;\">&#9888;&#65039; \u00c0 noter<\/strong><br \/>\n  <span style=\"font-size:14.5px;line-height:1.55;color:#3a3a3a;\">La taille indiqu\u00e9e (environ 1,80 m) est une estimation reprise par les sites people. Aucune source officielle ne la confirme : elle est donn\u00e9e \u00e0 titre purement indicatif.<\/span><br \/>\n<\/aside>\n<h2>Vie priv\u00e9e<\/h2>\n<p>Slimane est rest\u00e9 discret sur sa vie sentimentale, qu&rsquo;il pr\u00e9f\u00e8re tenir \u00e0 l&rsquo;\u00e9cart des projecteurs. On sait toutefois qu&rsquo;il est <strong>p\u00e8re d&rsquo;une petite fille, Esmeralda<\/strong>, n\u00e9e pr\u00e9matur\u00e9ment d\u00e9but 2022. L&rsquo;artiste a \u00e9voqu\u00e9 publiquement, avec pudeur, ce que la paternit\u00e9 a chang\u00e9 dans sa vie et dans son rapport \u00e0 la musique. Plusieurs de ses chansons abordent d&rsquo;ailleurs l&rsquo;amour, la famille et les liens qui comptent \u2014 des th\u00e8mes qui irriguent l&rsquo;ensemble de son r\u00e9pertoire.<\/p>\n<p>Au-del\u00e0 de ces \u00e9l\u00e9ments rendus publics par l&rsquo;artiste lui-m\u00eame, sa vie priv\u00e9e demeure volontairement pr\u00e9serv\u00e9e. Par respect pour cette discr\u00e9tion choisie, cette fiche s&rsquo;en tient strictement aux informations qu&rsquo;il a lui-m\u00eame partag\u00e9es ou qui rel\u00e8vent du domaine public.<\/p>\n<h2>Fortune estim\u00e9e<\/h2>\n<p>Aucune donn\u00e9e officielle ne permet de conna\u00eetre pr\u00e9cis\u00e9ment le patrimoine de Slimane. Les estimations relay\u00e9es par les sites sp\u00e9cialis\u00e9s dans la fortune des c\u00e9l\u00e9brit\u00e9s \u00e9voquent un patrimoine <strong>de l&rsquo;ordre de 3,5 millions d&rsquo;euros<\/strong>, \u00e0 consid\u00e9rer avec prudence. Cette fortune suppos\u00e9e s&rsquo;expliquerait par plusieurs sources de revenus : ventes d&rsquo;albums et streaming, droits d&rsquo;auteur (il signe une grande partie de ses titres), tourn\u00e9es et concerts, ainsi que des partenariats de marque ponctuels.<\/p>\n<p>Ces chiffres restent des <strong>estimations non v\u00e9rifi\u00e9es<\/strong> : ils donnent un ordre de grandeur coh\u00e9rent avec une carri\u00e8re marqu\u00e9e par des albums certifi\u00e9s platine et diamant, mais ne constituent en aucun cas une donn\u00e9e comptable confirm\u00e9e par l&rsquo;artiste.<\/p>\n<aside style=\"background:#fafaf7;border:1px solid #e5e5e0;border-radius:8px;padding:24px 26px 26px;margin:28px 0;font-family:-apple-system,BlinkMacSystemFont,'Segoe UI',Roboto,sans-serif;\">\n<div style=\"margin:0 0 18px 0;font-size:11px;font-weight:700;text-transform:uppercase;letter-spacing:2.2px;color:#B11E6A;\">\u00c0 retenir<\/div>\n<div style=\"display:grid;grid-template-columns:repeat(auto-fit,minmax(240px,1fr));gap:10px;\">\n<div style=\"display:flex;gap:12px;background:#fff;border:1px solid #ebebe5;padding:12px 14px;border-radius:6px;align-items:flex-start;\">\n      <span style=\"flex:0 0 26px;width:26px;height:26px;background:#B11E6A;color:#fff;border-radius:50%;display:inline-flex;align-items:center;justify-content:center;font-size:12px;font-weight:700;font-family:-apple-system,sans-serif;\">1<\/span><br \/>\n      <span style=\"font-size:14px;line-height:1.5;color:#2a2a2a;\">Vrai nom : Slimane Nebchi, n\u00e9 le 13 octobre 1989 \u00e0 Chelles.<\/span>\n    <\/div>\n<div style=\"display:flex;gap:12px;background:#fff;border:1px solid #ebebe5;padding:12px 14px;border-radius:6px;align-items:flex-start;\">\n      <span style=\"flex:0 0 26px;width:26px;height:26px;background:#B11E6A;color:#fff;border-radius:50%;display:inline-flex;align-items:center;justify-content:center;font-size:12px;font-weight:700;font-family:-apple-system,sans-serif;\">2<\/span><br \/>\n      <span style=\"font-size:14px;line-height:1.5;color:#2a2a2a;\">Vainqueur de The Voice 2016 (\u00e9quipe Florent Pagny).<\/span>\n    <\/div>\n<div style=\"display:flex;gap:12px;background:#fff;border:1px solid #ebebe5;padding:12px 14px;border-radius:6px;align-items:flex-start;\">\n      <span style=\"flex:0 0 26px;width:26px;height:26px;background:#B11E6A;color:#fff;border-radius:50%;display:inline-flex;align-items:center;justify-content:center;font-size:12px;font-weight:700;font-family:-apple-system,sans-serif;\">3<\/span><br \/>\n      <span style=\"font-size:14px;line-height:1.5;color:#2a2a2a;\">Duo diamant VersuS avec Vitaa (2019).<\/span>\n    <\/div>\n<div style=\"display:flex;gap:12px;background:#fff;border:1px solid #ebebe5;padding:12px 14px;border-radius:6px;align-items:flex-start;\">\n      <span style=\"flex:0 0 26px;width:26px;height:26px;background:#B11E6A;color:#fff;border-radius:50%;display:inline-flex;align-items:center;justify-content:center;font-size:12px;font-weight:700;font-family:-apple-system,sans-serif;\">4<\/span><br \/>\n      <span style=\"font-size:14px;line-height:1.5;color:#2a2a2a;\">4e \u00e0 l&rsquo;Eurovision 2024 avec \u00ab Mon amour \u00bb (445 points).<\/span>\n    <\/div>\n<div style=\"display:flex;gap:12px;background:#fff;border:1px solid #ebebe5;padding:12px 14px;border-radius:6px;align-items:flex-start;\">\n      <span style=\"flex:0 0 26px;width:26px;height:26px;background:#B11E6A;color:#fff;border-radius:50%;display:inline-flex;align-items:center;justify-content:center;font-size:12px;font-weight:700;font-family:-apple-system,sans-serif;\">5<\/span><br \/>\n      <span style=\"font-size:14px;line-height:1.5;color:#2a2a2a;\">P\u00e8re d&rsquo;une fille, Esmeralda ; fortune estim\u00e9e ~3,5 M\u20ac.<\/span>\n    <\/div>\n<\/p><\/div>\n<\/aside>\n<h2>Anecdotes<\/h2>\n<div style=\"display:grid;grid-template-columns:repeat(auto-fit,minmax(220px,1fr));gap:14px;margin:28px 0;font-family:-apple-system,BlinkMacSystemFont,'Segoe UI',Roboto,sans-serif;\">\n<article style=\"background:#fff;border:1px solid #e5e5e0;border-top:3px solid #B11E6A;border-radius:6px;padding:18px 18px 16px;\">\n<div style=\"width:36px;height:36px;background:#FBEAF2;border-radius:50%;display:inline-flex;align-items:center;justify-content:center;margin-bottom:12px;\">\n      <span style=\"font-size:18px;color:#B11E6A;font-weight:900;font-family:Georgia,serif;\">01<\/span>\n    <\/div>\n<h3 style=\"margin:0 0 6px 0;font-size:16px;font-weight:700;color:#1a1a1a;letter-spacing:-0.01em;\">Une reprise de Vitaa en finale<\/h3>\n<div style=\"margin:0;font-size:13.5px;line-height:1.55;color:#4a4a4a;\">Quelques ann\u00e9es avant leur duo diamant, c&rsquo;est en reprenant une chanson de Vitaa qu&rsquo;il avait marqu\u00e9 les esprits sur le plateau de The Voice.<\/div>\n<\/article>\n<article style=\"background:#fff;border:1px solid #e5e5e0;border-top:3px solid #B11E6A;border-radius:6px;padding:18px 18px 16px;\">\n<div style=\"width:36px;height:36px;background:#FBEAF2;border-radius:50%;display:inline-flex;align-items:center;justify-content:center;margin-bottom:12px;\">\n      <span style=\"font-size:18px;color:#B11E6A;font-weight:900;font-family:Georgia,serif;\">02<\/span>\n    <\/div>\n<h3 style=\"margin:0 0 6px 0;font-size:16px;font-weight:700;color:#1a1a1a;letter-spacing:-0.01em;\">Des racines alg\u00e9riennes<\/h3>\n<div style=\"margin:0;font-size:13.5px;line-height:1.55;color:#4a4a4a;\">Ses grands-parents, originaires des r\u00e9gions de Biskra et de Ghazaouet, ont rejoint la France : un h\u00e9ritage qu&rsquo;il \u00e9voque avec fiert\u00e9.<\/div>\n<\/article>\n<article style=\"background:#fff;border:1px solid #e5e5e0;border-top:3px solid #B11E6A;border-radius:6px;padding:18px 18px 16px;\">\n<div style=\"width:36px;height:36px;background:#FBEAF2;border-radius:50%;display:inline-flex;align-items:center;justify-content:center;margin-bottom:12px;\">\n      <span style=\"font-size:18px;color:#B11E6A;font-weight:900;font-family:Georgia,serif;\">03<\/span>\n    <\/div>\n<h3 style=\"margin:0 0 6px 0;font-size:16px;font-weight:700;color:#1a1a1a;letter-spacing:-0.01em;\">Auteur autant qu&rsquo;interpr\u00e8te<\/h3>\n<div style=\"margin:0;font-size:13.5px;line-height:1.55;color:#4a4a4a;\">Il \u00e9crit et compose la majorit\u00e9 de ses titres, ce qui explique la coh\u00e9rence \u00e9motionnelle de ses albums successifs.<\/div>\n<\/article>\n<\/div>\n<figure style=\"margin:38px auto;padding:28px 24px;text-align:center;border-top:1px solid #2a2a2a;border-bottom:1px solid #2a2a2a;max-width:640px;position:relative;font-family:Georgia,'Hoefler Text',serif;\">\n<div style=\"position:absolute;top:-20px;left:50%;transform:translateX(-50%);background:#ffffff;padding:0 14px;font-size:48px;line-height:1;color:#B11E6A;font-family:Georgia,serif;\">&laquo;<\/div>\n<blockquote style=\"margin:0;padding:0;font-size:24px;line-height:1.45;font-style:italic;color:#1a1a1a;letter-spacing:-0.005em;\"><p>\n    De vainqueur de t\u00e9l\u00e9-crochet \u00e0 repr\u00e9sentant de la France \u00e0 l&rsquo;Eurovision : Slimane a transform\u00e9 une r\u00e9v\u00e9lation en carri\u00e8re.<br \/>\n  <\/blockquote><figcaption style=\"margin-top:14px;font-size:12px;text-transform:uppercase;letter-spacing:2px;color:#6a6a6a;font-family:-apple-system,sans-serif;font-style:normal;\">\u2014 Parcours 2016-2024<\/figcaption><\/figure>\n<section style=\"margin:32px 0;font-family:-apple-system,BlinkMacSystemFont,'Segoe UI',Roboto,sans-serif;\">\n<h2 style=\"margin:0 0 18px 0;font-size:22px;font-weight:800;color:#1a1a1a;letter-spacing:-0.01em;\">Questions fr\u00e9quentes<\/h2>\n<div style=\"border-top:1px solid #d4cfc4;\">\n<details style=\"border-bottom:1px solid #d4cfc4;padding:0;\">\n<summary style=\"cursor:pointer;padding:16px 0;font-size:17px;font-weight:700;color:#1a1a1a;list-style:none;display:flex;justify-content:space-between;align-items:center;gap:14px;\">\n        <span>Quelle est la taille de Slimane ?<\/span><br \/>\n        <span style=\"font-size:22px;font-weight:300;color:#B11E6A;line-height:1;\">+<\/span><br \/>\n      <\/summary>\n<div style=\"padding:0 0 16px 0;font-size:15px;line-height:1.7;color:#4a4a4a;\">Slimane n&rsquo;a jamais communiqu\u00e9 officiellement sa taille. Les estimations relay\u00e9es par les m\u00e9dias people \u00e9voquent environ 1,80 m, une donn\u00e9e \u00e0 prendre \u00e0 titre purement indicatif.<\/div>\n<\/details>\n<details style=\"border-bottom:1px solid #d4cfc4;padding:0;\">\n<summary style=\"cursor:pointer;padding:16px 0;font-size:17px;font-weight:700;color:#1a1a1a;list-style:none;display:flex;justify-content:space-between;align-items:center;gap:14px;\">\n        <span>Quel \u00e2ge a Slimane ?<\/span><br \/>\n        <span style=\"font-size:22px;font-weight:300;color:#B11E6A;line-height:1;\">+<\/span><br \/>\n      <\/summary>\n<div style=\"padding:0 0 16px 0;font-size:15px;line-height:1.7;color:#4a4a4a;\">N\u00e9 le 13 octobre 1989 \u00e0 Chelles (Seine-et-Marne), Slimane a 36 ans en 2026.<\/div>\n<\/details>\n<details style=\"border-bottom:1px solid #d4cfc4;padding:0;\">\n<summary style=\"cursor:pointer;padding:16px 0;font-size:17px;font-weight:700;color:#1a1a1a;list-style:none;display:flex;justify-content:space-between;align-items:center;gap:14px;\">\n        <span>Quel est le vrai nom de Slimane ?<\/span><br \/>\n        <span style=\"font-size:22px;font-weight:300;color:#B11E6A;line-height:1;\">+<\/span><br \/>\n      <\/summary>\n<div style=\"padding:0 0 16px 0;font-size:15px;line-height:1.7;color:#4a4a4a;\">Son vrai nom est Slimane Nebchi. Il a choisi de n&rsquo;utiliser que son pr\u00e9nom, Slimane, comme nom de sc\u00e8ne.<\/div>\n<\/details>\n<details style=\"border-bottom:1px solid #d4cfc4;padding:0;\">\n<summary style=\"cursor:pointer;padding:16px 0;font-size:17px;font-weight:700;color:#1a1a1a;list-style:none;display:flex;justify-content:space-between;align-items:center;gap:14px;\">\n        <span>Que sait-on de la vie priv\u00e9e de Slimane ?<\/span><br \/>\n        <span style=\"font-size:22px;font-weight:300;color:#B11E6A;line-height:1;\">+<\/span><br \/>\n      <\/summary>\n<div style=\"padding:0 0 16px 0;font-size:15px;line-height:1.7;color:#4a4a4a;\">Slimane reste discret sur sa vie sentimentale. Il a toutefois rendu public le fait qu&rsquo;il est p\u00e8re d&rsquo;une petite fille, Esmeralda, n\u00e9e d\u00e9but 2022. Il pr\u00e9f\u00e8re pr\u00e9server le reste de sa vie priv\u00e9e.<\/div>\n<\/details>\n<details style=\"padding:0;\">\n<summary style=\"cursor:pointer;padding:16px 0;font-size:17px;font-weight:700;color:#1a1a1a;list-style:none;display:flex;justify-content:space-between;align-items:center;gap:14px;\">\n        <span>Quelle est la fortune de Slimane ?<\/span><br \/>\n        <span style=\"font-size:22px;font-weight:300;color:#B11E6A;line-height:1;\">+<\/span><br \/>\n      <\/summary>\n<div style=\"padding:0 0 16px 0;font-size:15px;line-height:1.7;color:#4a4a4a;\">Sa fortune est estim\u00e9e autour de 3,5 millions d&rsquo;euros par les sites sp\u00e9cialis\u00e9s, un chiffre non officiel \u00e0 consid\u00e9rer avec prudence. Elle proviendrait de ses ventes d&rsquo;albums, droits d&rsquo;auteur, tourn\u00e9es et partenariats.<\/div>\n<\/details><\/div>\n<\/section>\n<p style=\"font-size:13px;color:#6a6a6a;margin-top:32px;\">Sources : Wikip\u00e9dia et donn\u00e9es publiques. Article mis \u00e0 jour r\u00e9guli\u00e8rement.<\/p>\n","protected":false},"excerpt":{"rendered":"","protected":false},"author":40,"featured_media":999999999,"comment_status":"open","ping_status":"open","sticky":false,"template":"","format":"standard","meta":{"_acf_changed":false,"manual_indexmenow":false,"indexmenow_id_project":0,"footnotes":""},"categories":[4524],"tags":[],"class_list":["post-7979","post","type-post","status-publish","format-standard","has-post-thumbnail","hentry","category-celebrites-et-influence-en-france","generate-columns","tablet-grid-50","mobile-grid-100","grid-parent","grid-25"],"acf":[],"yoast_head":"<!-- This site is optimized with the Yoast SEO Premium plugin v21.3 (Yoast SEO v26.5) - https:\/\/yoast.com\/wordpress\/plugins\/seo\/ -->\n<title>Slimane : taille, \u00e2ge, vrai nom, compagnon et fortune<\/title>\n<meta name=\"description\" content=\"Difficile aujourd&#039;hui d&#039;imaginer la sc\u00e8ne fran\u00e7aise sans Slimane. Vainqueur de la cinqui\u00e8me saison de The Voice : la plus belle voix\" \/>\n<meta name=\"robots\" content=\"index, follow, max-snippet:-1, max-image-preview:large, max-video-preview:-1\" \/>\n<link rel=\"canonical\" href=\"https:\/\/starstory.fr\/blog\/celebrites-et-influence-en-france\/slimane-taille-age-vrai-nom-compagnon-et-fortune-la-fiche-complete\/\" \/>\n<meta property=\"og:locale\" content=\"fr_FR\" \/>\n<meta property=\"og:type\" content=\"article\" \/>\n<meta property=\"og:title\" content=\"Slimane : taille, \u00e2ge, vrai nom, compagnon et fortune\" \/>\n<meta property=\"og:description\" content=\"Difficile aujourd&#039;hui d&#039;imaginer la sc\u00e8ne fran\u00e7aise sans Slimane. Vainqueur de la cinqui\u00e8me saison de The Voice : la plus belle voix\" \/>\n<meta property=\"og:url\" content=\"https:\/\/starstory.fr\/blog\/celebrites-et-influence-en-france\/slimane-taille-age-vrai-nom-compagnon-et-fortune-la-fiche-complete\/\" \/>\n<meta property=\"og:site_name\" content=\"starstory\" \/>\n<meta name=\"author\" content=\"Julien Vaillant\" \/>\n<meta name=\"twitter:card\" content=\"summary_large_image\" \/>\n<script type=\"application\/ld+json\" class=\"yoast-schema-graph\">{\"@context\":\"https:\/\/schema.org\",\"@graph\":[{\"@type\":\"NewsArticle\",\"@id\":\"https:\/\/starstory.fr\/blog\/celebrites-et-influence-en-france\/slimane-taille-age-vrai-nom-compagnon-et-fortune-la-fiche-complete\/#article\",\"isPartOf\":{\"@id\":\"https:\/\/starstory.fr\/blog\/celebrites-et-influence-en-france\/slimane-taille-age-vrai-nom-compagnon-et-fortune-la-fiche-complete\/\"},\"author\":{\"name\":\"Julien Vaillant\",\"@id\":\"https:\/\/starstory.fr\/blog\/#\/schema\/person\/62af054f7df7ce17580aee7a5c41b89c\"},\"headline\":\"Slimane : taille, \u00e2ge, vrai nom, compagnon et fortune \u2014 la fiche compl\u00e8te\",\"datePublished\":\"2026-06-05T23:48:28+00:00\",\"mainEntityOfPage\":{\"@id\":\"https:\/\/starstory.fr\/blog\/celebrites-et-influence-en-france\/slimane-taille-age-vrai-nom-compagnon-et-fortune-la-fiche-complete\/\"},\"wordCount\":1403,\"commentCount\":0,\"publisher\":{\"@id\":\"https:\/\/starstory.fr\/blog\/#organization\"},\"image\":{\"@id\":\"https:\/\/starstory.fr\/blog\/celebrites-et-influence-en-france\/slimane-taille-age-vrai-nom-compagnon-et-fortune-la-fiche-complete\/#primaryimage\"},\"thumbnailUrl\":\"https:\/\/images.pexels.com\/photos\/8041164\/pexels-photo-8041164.jpeg?auto=compress&cs=tinysrgb&fit=crop&h=627&w=1200\",\"articleSection\":[\"C\u00e9l\u00e9brit\u00e9s et Influence en France\"],\"inLanguage\":\"fr-FR\",\"potentialAction\":[{\"@type\":\"CommentAction\",\"name\":\"Comment\",\"target\":[\"https:\/\/starstory.fr\/blog\/celebrites-et-influence-en-france\/slimane-taille-age-vrai-nom-compagnon-et-fortune-la-fiche-complete\/#respond\"]}]},{\"@type\":\"WebPage\",\"@id\":\"https:\/\/starstory.fr\/blog\/celebrites-et-influence-en-france\/slimane-taille-age-vrai-nom-compagnon-et-fortune-la-fiche-complete\/\",\"url\":\"https:\/\/starstory.fr\/blog\/celebrites-et-influence-en-france\/slimane-taille-age-vrai-nom-compagnon-et-fortune-la-fiche-complete\/\",\"name\":\"Slimane : taille, \u00e2ge, vrai nom, compagnon et fortune\",\"isPartOf\":{\"@id\":\"https:\/\/starstory.fr\/blog\/#website\"},\"primaryImageOfPage\":{\"@id\":\"https:\/\/starstory.fr\/blog\/celebrites-et-influence-en-france\/slimane-taille-age-vrai-nom-compagnon-et-fortune-la-fiche-complete\/#primaryimage\"},\"image\":{\"@id\":\"https:\/\/starstory.fr\/blog\/celebrites-et-influence-en-france\/slimane-taille-age-vrai-nom-compagnon-et-fortune-la-fiche-complete\/#primaryimage\"},\"thumbnailUrl\":\"https:\/\/images.pexels.com\/photos\/8041164\/pexels-photo-8041164.jpeg?auto=compress&cs=tinysrgb&fit=crop&h=627&w=1200\",\"datePublished\":\"2026-06-05T23:48:28+00:00\",\"description\":\"Difficile aujourd'hui d'imaginer la sc\u00e8ne fran\u00e7aise sans Slimane. Vainqueur de la cinqui\u00e8me saison de The Voice : la plus belle voix\",\"inLanguage\":\"fr-FR\",\"potentialAction\":[{\"@type\":\"ReadAction\",\"target\":[\"https:\/\/starstory.fr\/blog\/celebrites-et-influence-en-france\/slimane-taille-age-vrai-nom-compagnon-et-fortune-la-fiche-complete\/\"]}]},{\"@type\":\"ImageObject\",\"inLanguage\":\"fr-FR\",\"@id\":\"https:\/\/starstory.fr\/blog\/celebrites-et-influence-en-france\/slimane-taille-age-vrai-nom-compagnon-et-fortune-la-fiche-complete\/#primaryimage\",\"url\":\"https:\/\/images.pexels.com\/photos\/8041164\/pexels-photo-8041164.jpeg?auto=compress&cs=tinysrgb&fit=crop&h=627&w=1200\",\"contentUrl\":\"https:\/\/images.pexels.com\/photos\/8041164\/pexels-photo-8041164.jpeg?auto=compress&cs=tinysrgb&fit=crop&h=627&w=1200\"},{\"@type\":\"WebSite\",\"@id\":\"https:\/\/starstory.fr\/blog\/#website\",\"url\":\"https:\/\/starstory.fr\/blog\/\",\"name\":\"StarStory\",\"description\":\"StarStory, les \u00e9toiles racontent leur histoire\",\"publisher\":{\"@id\":\"https:\/\/starstory.fr\/blog\/#organization\"},\"alternateName\":\"StarStory, les \u00e9toiles racontent leur histoire\",\"potentialAction\":[{\"@type\":\"SearchAction\",\"target\":{\"@type\":\"EntryPoint\",\"urlTemplate\":\"https:\/\/starstory.fr\/blog\/?s={search_term_string}\"},\"query-input\":{\"@type\":\"PropertyValueSpecification\",\"valueRequired\":true,\"valueName\":\"search_term_string\"}}],\"inLanguage\":\"fr-FR\"},{\"@type\":\"Organization\",\"@id\":\"https:\/\/starstory.fr\/blog\/#organization\",\"name\":\"StarStory\",\"alternateName\":\"StarStory.fr\",\"url\":\"https:\/\/starstory.fr\/blog\/\",\"logo\":{\"@type\":\"ImageObject\",\"inLanguage\":\"fr-FR\",\"@id\":\"https:\/\/starstory.fr\/blog\/#\/schema\/logo\/image\/\",\"url\":\"https:\/\/starstory.fr\/blog\/wp-content\/uploads\/2024\/12\/38.png\",\"contentUrl\":\"https:\/\/starstory.fr\/blog\/wp-content\/uploads\/2024\/12\/38.png\",\"width\":500,\"height\":500,\"caption\":\"StarStory\"},\"image\":{\"@id\":\"https:\/\/starstory.fr\/blog\/#\/schema\/logo\/image\/\"}},{\"@type\":\"Person\",\"@id\":\"https:\/\/starstory.fr\/blog\/#\/schema\/person\/62af054f7df7ce17580aee7a5c41b89c\",\"name\":\"Julien Vaillant\",\"image\":{\"@type\":\"ImageObject\",\"inLanguage\":\"fr-FR\",\"@id\":\"https:\/\/starstory.fr\/blog\/#\/schema\/person\/image\/\",\"url\":\"https:\/\/secure.gravatar.com\/avatar\/?s=96&d=mm&r=g\",\"contentUrl\":\"https:\/\/secure.gravatar.com\/avatar\/?s=96&d=mm&r=g\",\"caption\":\"Julien Vaillant\"},\"description\":\"Julien met en lumi\u00e8re les acteurs, r\u00e9alisateurs et r\u00f4les embl\u00e9matiques qui ont marqu\u00e9 les \u00e9poques.\",\"url\":\"https:\/\/starstory.fr\/blog\/auteur\/julien-bernard\/\"}]}<\/script>\n<!-- \/ Yoast SEO Premium plugin. -->","yoast_head_json":{"title":"Slimane : taille, \u00e2ge, vrai nom, compagnon et fortune","description":"Difficile aujourd'hui d'imaginer la sc\u00e8ne fran\u00e7aise sans Slimane. Vainqueur de la cinqui\u00e8me saison de The Voice : la plus belle voix","robots":{"index":"index","follow":"follow","max-snippet":"max-snippet:-1","max-image-preview":"max-image-preview:large","max-video-preview":"max-video-preview:-1"},"canonical":"https:\/\/starstory.fr\/blog\/celebrites-et-influence-en-france\/slimane-taille-age-vrai-nom-compagnon-et-fortune-la-fiche-complete\/","og_locale":"fr_FR","og_type":"article","og_title":"Slimane : taille, \u00e2ge, vrai nom, compagnon et fortune","og_description":"Difficile aujourd'hui d'imaginer la sc\u00e8ne fran\u00e7aise sans Slimane. Vainqueur de la cinqui\u00e8me saison de The Voice : la plus belle voix","og_url":"https:\/\/starstory.fr\/blog\/celebrites-et-influence-en-france\/slimane-taille-age-vrai-nom-compagnon-et-fortune-la-fiche-complete\/","og_site_name":"starstory","author":"Julien Vaillant","twitter_card":"summary_large_image","schema":{"@context":"https:\/\/schema.org","@graph":[{"@type":"NewsArticle","@id":"https:\/\/starstory.fr\/blog\/celebrites-et-influence-en-france\/slimane-taille-age-vrai-nom-compagnon-et-fortune-la-fiche-complete\/#article","isPartOf":{"@id":"https:\/\/starstory.fr\/blog\/celebrites-et-influence-en-france\/slimane-taille-age-vrai-nom-compagnon-et-fortune-la-fiche-complete\/"},"author":{"name":"Julien Vaillant","@id":"https:\/\/starstory.fr\/blog\/#\/schema\/person\/62af054f7df7ce17580aee7a5c41b89c"},"headline":"Slimane : taille, \u00e2ge, vrai nom, compagnon et fortune \u2014 la fiche compl\u00e8te","datePublished":"2026-06-05T23:48:28+00:00","mainEntityOfPage":{"@id":"https:\/\/starstory.fr\/blog\/celebrites-et-influence-en-france\/slimane-taille-age-vrai-nom-compagnon-et-fortune-la-fiche-complete\/"},"wordCount":1403,"commentCount":0,"publisher":{"@id":"https:\/\/starstory.fr\/blog\/#organization"},"image":{"@id":"https:\/\/starstory.fr\/blog\/celebrites-et-influence-en-france\/slimane-taille-age-vrai-nom-compagnon-et-fortune-la-fiche-complete\/#primaryimage"},"thumbnailUrl":"https:\/\/images.pexels.com\/photos\/8041164\/pexels-photo-8041164.jpeg?auto=compress&cs=tinysrgb&fit=crop&h=627&w=1200","articleSection":["C\u00e9l\u00e9brit\u00e9s et Influence en France"],"inLanguage":"fr-FR","potentialAction":[{"@type":"CommentAction","name":"Comment","target":["https:\/\/starstory.fr\/blog\/celebrites-et-influence-en-france\/slimane-taille-age-vrai-nom-compagnon-et-fortune-la-fiche-complete\/#respond"]}]},{"@type":"WebPage","@id":"https:\/\/starstory.fr\/blog\/celebrites-et-influence-en-france\/slimane-taille-age-vrai-nom-compagnon-et-fortune-la-fiche-complete\/","url":"https:\/\/starstory.fr\/blog\/celebrites-et-influence-en-france\/slimane-taille-age-vrai-nom-compagnon-et-fortune-la-fiche-complete\/","name":"Slimane : taille, \u00e2ge, vrai nom, compagnon et fortune","isPartOf":{"@id":"https:\/\/starstory.fr\/blog\/#website"},"primaryImageOfPage":{"@id":"https:\/\/starstory.fr\/blog\/celebrites-et-influence-en-france\/slimane-taille-age-vrai-nom-compagnon-et-fortune-la-fiche-complete\/#primaryimage"},"image":{"@id":"https:\/\/starstory.fr\/blog\/celebrites-et-influence-en-france\/slimane-taille-age-vrai-nom-compagnon-et-fortune-la-fiche-complete\/#primaryimage"},"thumbnailUrl":"https:\/\/images.pexels.com\/photos\/8041164\/pexels-photo-8041164.jpeg?auto=compress&cs=tinysrgb&fit=crop&h=627&w=1200","datePublished":"2026-06-05T23:48:28+00:00","description":"Difficile aujourd'hui d'imaginer la sc\u00e8ne fran\u00e7aise sans Slimane. Vainqueur de la cinqui\u00e8me saison de The Voice : la plus belle voix","inLanguage":"fr-FR","potentialAction":[{"@type":"ReadAction","target":["https:\/\/starstory.fr\/blog\/celebrites-et-influence-en-france\/slimane-taille-age-vrai-nom-compagnon-et-fortune-la-fiche-complete\/"]}]},{"@type":"ImageObject","inLanguage":"fr-FR","@id":"https:\/\/starstory.fr\/blog\/celebrites-et-influence-en-france\/slimane-taille-age-vrai-nom-compagnon-et-fortune-la-fiche-complete\/#primaryimage","url":"https:\/\/images.pexels.com\/photos\/8041164\/pexels-photo-8041164.jpeg?auto=compress&cs=tinysrgb&fit=crop&h=627&w=1200","contentUrl":"https:\/\/images.pexels.com\/photos\/8041164\/pexels-photo-8041164.jpeg?auto=compress&cs=tinysrgb&fit=crop&h=627&w=1200"},{"@type":"WebSite","@id":"https:\/\/starstory.fr\/blog\/#website","url":"https:\/\/starstory.fr\/blog\/","name":"StarStory","description":"StarStory, les \u00e9toiles racontent leur histoire","publisher":{"@id":"https:\/\/starstory.fr\/blog\/#organization"},"alternateName":"StarStory, les \u00e9toiles racontent leur histoire","potentialAction":[{"@type":"SearchAction","target":{"@type":"EntryPoint","urlTemplate":"https:\/\/starstory.fr\/blog\/?s={search_term_string}"},"query-input":{"@type":"PropertyValueSpecification","valueRequired":true,"valueName":"search_term_string"}}],"inLanguage":"fr-FR"},{"@type":"Organization","@id":"https:\/\/starstory.fr\/blog\/#organization","name":"StarStory","alternateName":"StarStory.fr","url":"https:\/\/starstory.fr\/blog\/","logo":{"@type":"ImageObject","inLanguage":"fr-FR","@id":"https:\/\/starstory.fr\/blog\/#\/schema\/logo\/image\/","url":"https:\/\/starstory.fr\/blog\/wp-content\/uploads\/2024\/12\/38.png","contentUrl":"https:\/\/starstory.fr\/blog\/wp-content\/uploads\/2024\/12\/38.png","width":500,"height":500,"caption":"StarStory"},"image":{"@id":"https:\/\/starstory.fr\/blog\/#\/schema\/logo\/image\/"}},{"@type":"Person","@id":"https:\/\/starstory.fr\/blog\/#\/schema\/person\/62af054f7df7ce17580aee7a5c41b89c","name":"Julien Vaillant","image":{"@type":"ImageObject","inLanguage":"fr-FR","@id":"https:\/\/starstory.fr\/blog\/#\/schema\/person\/image\/","url":"https:\/\/secure.gravatar.com\/avatar\/?s=96&d=mm&r=g","contentUrl":"https:\/\/secure.gravatar.com\/avatar\/?s=96&d=mm&r=g","caption":"Julien Vaillant"},"description":"Julien met en lumi\u00e8re les acteurs, r\u00e9alisateurs et r\u00f4les embl\u00e9matiques qui ont marqu\u00e9 les \u00e9poques.","url":"https:\/\/starstory.fr\/blog\/auteur\/julien-bernard\/"}]}},"_links":{"self":[{"href":"https:\/\/starstory.fr\/blog\/wp-json\/wp\/v2\/posts\/7979","targetHints":{"allow":["GET"]}}],"collection":[{"href":"https:\/\/starstory.fr\/blog\/wp-json\/wp\/v2\/posts"}],"about":[{"href":"https:\/\/starstory.fr\/blog\/wp-json\/wp\/v2\/types\/post"}],"author":[{"embeddable":true,"href":"https:\/\/starstory.fr\/blog\/wp-json\/wp\/v2\/users\/40"}],"replies":[{"embeddable":true,"href":"https:\/\/starstory.fr\/blog\/wp-json\/wp\/v2\/comments?post=7979"}],"version-history":[{"count":0,"href":"https:\/\/starstory.fr\/blog\/wp-json\/wp\/v2\/posts\/7979\/revisions"}],"wp:attachment":[{"href":"https:\/\/starstory.fr\/blog\/wp-json\/wp\/v2\/media?parent=7979"}],"wp:term":[{"taxonomy":"category","embeddable":true,"href":"https:\/\/starstory.fr\/blog\/wp-json\/wp\/v2\/categories?post=7979"},{"taxonomy":"post_tag","embeddable":true,"href":"https:\/\/starstory.fr\/blog\/wp-json\/wp\/v2\/tags?post=7979"}],"curies":[{"name":"wp","href":"https:\/\/api.w.org\/{rel}","templated":true}]}}