{"id":7978,"date":"2026-06-06T01:48:21","date_gmt":"2026-06-05T23:48:21","guid":{"rendered":"https:\/\/starstory.fr\/blog\/celebrites-et-influence-en-france\/m-pokora-taille-age-vrai-nom-couple-christina-milian-et-fortune-la-fic\/"},"modified":"2026-06-06T01:48:21","modified_gmt":"2026-06-05T23:48:21","slug":"m-pokora-taille-age-vrai-nom-couple-christina-milian-et-fortune-la-fic","status":"publish","type":"post","link":"https:\/\/starstory.fr\/blog\/celebrites-et-influence-en-france\/m-pokora-taille-age-vrai-nom-couple-christina-milian-et-fortune-la-fic\/","title":{"rendered":"M. Pokora : taille, \u00e2ge, vrai nom, couple (Christina Milian) et fortune \u2014 la fiche compl\u00e8te"},"content":{"rendered":"<aside style=\"background:#FBEAF2;border-left:5px solid #B11E6A;padding:22px 28px;margin:24px 0;font-family:-apple-system,BlinkMacSystemFont,'Segoe UI',Roboto,sans-serif;\">\n<div style=\"margin:0;font-size:19px;line-height:1.55;color:#2a2a2a;font-weight:500;letter-spacing:-0.005em;\">\n    Derri\u00e8re le nom de sc\u00e8ne M. Pokora se cache Matthieu Tota, n\u00e9 le 26 septembre 1985 \u00e0 Strasbourg. D\u00e9couvert \u00e0 18 ans dans Popstars, il est devenu l&rsquo;un des artistes pop fran\u00e7ais les plus vendeurs de sa g\u00e9n\u00e9ration, mari\u00e9 \u00e0 la chanteuse am\u00e9ricaine Christina Milian et p\u00e8re de deux gar\u00e7ons. Voici sa fiche compl\u00e8te, v\u00e9rifi\u00e9e et mise \u00e0 jour.\n  <\/div>\n<\/aside>\n<p>Quand on tape \u00ab M. Pokora \u00bb dans un moteur de recherche, trois questions reviennent sans cesse : quel est son vrai nom, quel \u00e2ge a-t-il vraiment, et combien p\u00e8se sa fortune ? R\u00e9ponse directe avant d&rsquo;entrer dans le d\u00e9tail : il s&rsquo;appelle <strong>Matthieu Tota<\/strong>, il a <strong>40 ans<\/strong> en 2026, mesure <strong>environ 1,80 m<\/strong> et sa fortune est <strong>estim\u00e9e \u00e0 plusieurs millions d&rsquo;euros<\/strong>. Le reste de cette fiche d\u00e9roule son parcours, sa vie de famille avec Christina Milian et les chiffres-cl\u00e9s de sa carri\u00e8re.<\/p>\n<figure style=\"margin:32px 0;font-family:-apple-system,BlinkMacSystemFont,'Segoe UI',Roboto,sans-serif;\">\n<div style=\"overflow-x:auto;border:1px solid #e5e5e0;border-radius:8px;\">\n<table style=\"width:100%;border-collapse:collapse;font-size:14px;color:#2a2a2a;min-width:500px;\">\n<thead>\n<tr style=\"background:#1a1a1a;color:#fff;\">\n<th style=\"text-align:left;padding:14px 18px;font-weight:700;font-size:12px;text-transform:uppercase;letter-spacing:1.5px;\">Carte d&rsquo;identit\u00e9<\/th>\n<th style=\"text-align:left;padding:14px 18px;font-weight:700;font-size:12px;text-transform:uppercase;letter-spacing:1.5px;\">Information<\/th>\n<\/tr>\n<\/thead>\n<tbody>\n<tr style=\"background:#fff;border-bottom:1px solid #f0ede5;\">\n<td style=\"padding:14px 18px;font-weight:600;\">Nom complet<\/td>\n<td style=\"padding:14px 18px;color:#4a4a4a;\">Matthieu Tota (nom de sc\u00e8ne : M. Pokora)<\/td>\n<\/tr>\n<tr style=\"background:#fafaf7;border-bottom:1px solid #f0ede5;\">\n<td style=\"padding:14px 18px;font-weight:600;\">Naissance<\/td>\n<td style=\"padding:14px 18px;color:#4a4a4a;\">26 septembre 1985, Strasbourg (Bas-Rhin)<\/td>\n<\/tr>\n<tr style=\"background:#fff;border-bottom:1px solid #f0ede5;\">\n<td style=\"padding:14px 18px;font-weight:600;\">\u00c2ge<\/td>\n<td style=\"padding:14px 18px;color:#4a4a4a;\">40 ans (en 2026)<\/td>\n<\/tr>\n<tr style=\"background:#fafaf7;border-bottom:1px solid #f0ede5;\">\n<td style=\"padding:14px 18px;font-weight:600;\">Taille<\/td>\n<td style=\"padding:14px 18px;color:#4a4a4a;\">Environ 1,80 m<\/td>\n<\/tr>\n<tr style=\"background:#fff;border-bottom:1px solid #f0ede5;\">\n<td style=\"padding:14px 18px;font-weight:600;\">Nationalit\u00e9<\/td>\n<td style=\"padding:14px 18px;color:#4a4a4a;\">Fran\u00e7aise<\/td>\n<\/tr>\n<tr style=\"background:#fafaf7;border-bottom:1px solid #f0ede5;\">\n<td style=\"padding:14px 18px;font-weight:600;\">Profession<\/td>\n<td style=\"padding:14px 18px;color:#4a4a4a;\">Chanteur, auteur-compositeur, coach TV<\/td>\n<\/tr>\n<tr style=\"background:#fff;\">\n<td style=\"padding:14px 18px;font-weight:600;\">Compagne<\/td>\n<td style=\"padding:14px 18px;color:#4a4a4a;\">Christina Milian (mari\u00e9s depuis d\u00e9cembre 2020), 2 enfants<\/td>\n<\/tr>\n<\/tbody>\n<\/table><\/div>\n<\/figure>\n<h2>De Strasbourg \u00e0 Popstars : les d\u00e9buts de Matthieu Tota<\/h2>\n<p>Matthieu Tota grandit \u00e0 Strasbourg dans une famille o\u00f9 le sport tient une grande place : son p\u00e8re, Andr\u00e9 Tota, est footballeur professionnel. Le divorce de ses parents en 1998, alors qu&rsquo;il a 13 ans, marque son adolescence. C&rsquo;est par la danse et le chant qu&rsquo;il trouve sa voie.<\/p>\n<p>\u00c0 l&rsquo;automne 2003, il se pr\u00e9sente \u00e0 la troisi\u00e8me saison de <strong>Popstars<\/strong>, le t\u00e9l\u00e9-crochet diffus\u00e9 sur M6. Il en sort gagnant et int\u00e8gre le boys band <strong>Linkup<\/strong>, form\u00e9 avec deux autres laur\u00e9ats. L&rsquo;aventure de groupe est de courte dur\u00e9e, mais elle lui sert de tremplin : d\u00e8s 2004, il lance sa carri\u00e8re solo sous le nom de Matt Pokora.<\/p>\n<aside style=\"background:#FBEAF2;border-left:4px solid #B11E6A;padding:14px 18px;margin:18px 0;border-radius:0 4px 4px 0;font-family:-apple-system,BlinkMacSystemFont,'Segoe UI',Roboto,sans-serif;\">\n  <strong style=\"display:inline-block;color:#7a1148;font-size:12px;text-transform:uppercase;letter-spacing:1.5px;margin-right:8px;\">&#10022; D&rsquo;o\u00f9 vient \u00ab Pokora \u00bb<\/strong><br \/>\n  <span style=\"font-size:14.5px;line-height:1.55;color:#3a3a3a;\">Le mot \u00ab pokora \u00bb signifie \u00ab humilit\u00e9 \u00bb en polonais. Matthieu, d&rsquo;origine polonaise par sa grand-m\u00e8re, l&rsquo;a choisi comme nom de sc\u00e8ne apr\u00e8s une conversation avec elle sur l&rsquo;importance de rester humble.<\/span><br \/>\n<\/aside>\n<h2>Carri\u00e8re et tubes : du R&#038;B aux reprises de Claude Fran\u00e7ois<\/h2>\n<p>La discographie de M. Pokora compte une dizaine d&rsquo;albums studio et plusieurs albums live. En 2005, un litige avec le chanteur Matt Houston l&rsquo;oblige \u00e0 abandonner le nom \u00ab Matt Pokora \u00bb : il devient officiellement <strong>M. Pokora<\/strong> et r\u00e9-\u00e9dite son premier album sous ce nom.<\/p>\n<p>Le tournant commercial intervient en 2012 avec l&rsquo;album <strong>\u00ab \u00c0 la poursuite du bonheur \u00bb<\/strong>, son plus gros succ\u00e8s de ventes, certifi\u00e9 triple platine et suivi d&rsquo;une tourn\u00e9e triomphale conclue \u00e0 Bercy. En 2015, l&rsquo;album <strong>\u00ab R.E.D. \u00bb<\/strong> atteint la premi\u00e8re place des charts. Puis en 2016, il surprend en consacrant tout un album, <strong>\u00ab My Way \u00bb<\/strong>, aux reprises de Claude Fran\u00e7ois, avec les singles \u00ab Cette ann\u00e9e-l\u00e0 \u00bb et \u00ab Belinda \u00bb.<\/p>\n<figure style=\"margin:32px 0;padding:0;font-family:-apple-system,BlinkMacSystemFont,'Segoe UI',Roboto,sans-serif;\">\n<div style=\"display:grid;grid-template-columns:repeat(auto-fit,minmax(140px,1fr));background:#1a1a1a;border-radius:6px;overflow:hidden;\">\n<div style=\"padding:22px 16px;text-align:center;border-right:1px solid #2f2f2f;\">\n<div style=\"font-size:36px;font-weight:900;color:#fff;letter-spacing:-0.04em;font-feature-settings:'tnum';line-height:1;\">2003<\/div>\n<div style=\"font-size:11px;text-transform:uppercase;letter-spacing:1.5px;color:#9a9a9a;margin-top:8px;\">r\u00e9v\u00e9l\u00e9 par Popstars<\/div>\n<\/p><\/div>\n<div style=\"padding:22px 16px;text-align:center;border-right:1px solid #2f2f2f;\">\n<div style=\"font-size:36px;font-weight:900;color:#fff;letter-spacing:-0.04em;font-feature-settings:'tnum';line-height:1;\">~10<\/div>\n<div style=\"font-size:11px;text-transform:uppercase;letter-spacing:1.5px;color:#9a9a9a;margin-top:8px;\">albums studio<\/div>\n<\/p><\/div>\n<div style=\"padding:22px 16px;text-align:center;\">\n<div style=\"font-size:36px;font-weight:900;color:#B11E6A;letter-spacing:-0.04em;font-feature-settings:'tnum';line-height:1;\">3&times;<\/div>\n<div style=\"font-size:11px;text-transform:uppercase;letter-spacing:1.5px;color:#9a9a9a;margin-top:8px;\">platine pour \u00ab \u00c0 la poursuite du bonheur \u00bb<\/div>\n<\/p><\/div>\n<\/p><\/div><figcaption style=\"font-size:11px;color:#7a7a7a;margin-top:8px;text-align:right;letter-spacing:0.3px;\">Donn\u00e9es indicatives \u2014 voir sources en fin d&rsquo;article.<\/figcaption><\/figure>\n<p>Au-del\u00e0 du disque, M. Pokora s&rsquo;impose comme une figure de la t\u00e9l\u00e9vision. Il devient <strong>coach de The Voice<\/strong> : la saison 6 de The Voice, la plus belle voix en 2017 (aux c\u00f4t\u00e9s de Florent Pagny, Mika et Zazie) puis plusieurs saisons de The Voice Kids (2016, 2017 et de nouveau en 2025). Il a aussi particip\u00e9 \u00e0 des com\u00e9dies musicales comme Robin des Bois et \u00e0 des projets collectifs (G\u00e9n\u00e9ration Goldman, Forever Gentlemen).<\/p>\n<aside style=\"background:#fafaf7;border:1px solid #e5e5e0;border-radius:8px;padding:24px 26px 26px;margin:28px 0;font-family:-apple-system,BlinkMacSystemFont,'Segoe UI',Roboto,sans-serif;\">\n<div style=\"margin:0 0 18px 0;font-size:11px;font-weight:700;text-transform:uppercase;letter-spacing:2.2px;color:#B11E6A;\">\u00c0 retenir sur sa carri\u00e8re<\/div>\n<div style=\"display:grid;grid-template-columns:repeat(auto-fit,minmax(240px,1fr));gap:10px;\">\n<div style=\"display:flex;gap:12px;background:#fff;border:1px solid #ebebe5;padding:12px 14px;border-radius:6px;align-items:flex-start;\">\n      <span style=\"flex:0 0 26px;width:26px;height:26px;background:#B11E6A;color:#fff;border-radius:50%;display:inline-flex;align-items:center;justify-content:center;font-size:12px;font-weight:700;font-family:-apple-system,sans-serif;\">1<\/span><br \/>\n      <span style=\"font-size:14px;line-height:1.5;color:#2a2a2a;\">Gagnant de Popstars 2003, puis carri\u00e8re solo d\u00e8s 2004.<\/span>\n    <\/div>\n<div style=\"display:flex;gap:12px;background:#fff;border:1px solid #ebebe5;padding:12px 14px;border-radius:6px;align-items:flex-start;\">\n      <span style=\"flex:0 0 26px;width:26px;height:26px;background:#B11E6A;color:#fff;border-radius:50%;display:inline-flex;align-items:center;justify-content:center;font-size:12px;font-weight:700;font-family:-apple-system,sans-serif;\">2<\/span><br \/>\n      <span style=\"font-size:14px;line-height:1.5;color:#2a2a2a;\">\u00ab \u00c0 la poursuite du bonheur \u00bb (2012), son album le plus vendu.<\/span>\n    <\/div>\n<div style=\"display:flex;gap:12px;background:#fff;border:1px solid #ebebe5;padding:12px 14px;border-radius:6px;align-items:flex-start;\">\n      <span style=\"flex:0 0 26px;width:26px;height:26px;background:#B11E6A;color:#fff;border-radius:50%;display:inline-flex;align-items:center;justify-content:center;font-size:12px;font-weight:700;font-family:-apple-system,sans-serif;\">3<\/span><br \/>\n      <span style=\"font-size:14px;line-height:1.5;color:#2a2a2a;\">Album hommage \u00e0 Claude Fran\u00e7ois \u00ab My Way \u00bb (2016).<\/span>\n    <\/div>\n<div style=\"display:flex;gap:12px;background:#fff;border:1px solid #ebebe5;padding:12px 14px;border-radius:6px;align-items:flex-start;\">\n      <span style=\"flex:0 0 26px;width:26px;height:26px;background:#B11E6A;color:#fff;border-radius:50%;display:inline-flex;align-items:center;justify-content:center;font-size:12px;font-weight:700;font-family:-apple-system,sans-serif;\">4<\/span><br \/>\n      <span style=\"font-size:14px;line-height:1.5;color:#2a2a2a;\">Coach de The Voice et The Voice Kids sur TF1.<\/span>\n    <\/div>\n<\/p><\/div>\n<\/aside>\n<h2>Taille et physique : combien mesure M. Pokora ?<\/h2>\n<p>La taille de M. Pokora est l&rsquo;une des questions les plus pos\u00e9es \u00e0 son sujet. Selon les sources, l&rsquo;artiste mesure <strong>environ 1,80 m<\/strong> (certaines fiches indiquent jusqu&rsquo;\u00e0 1,82 m). Connu pour son look soign\u00e9 et sa condition physique entretenue par la danse et le sport, il a souvent \u00e9t\u00e9 class\u00e9 parmi les artistes fran\u00e7ais les plus \u00ab styl\u00e9s \u00bb de sa g\u00e9n\u00e9ration. Comme pour beaucoup de c\u00e9l\u00e9brit\u00e9s, ces mensurations restent des estimations issues de donn\u00e9es publiques et n&rsquo;ont pas valeur officielle.<\/p>\n<h2>Vie priv\u00e9e : Christina Milian et leurs deux enfants<\/h2>\n<p>Depuis 2017, M. Pokora partage sa vie avec la chanteuse et actrice am\u00e9ricaine <strong>Christina Milian<\/strong>. Le couple s&rsquo;est install\u00e9 un temps aux \u00c9tats-Unis avant de revenir en France. Ils se sont <strong>mari\u00e9s en d\u00e9cembre 2020<\/strong> et forment l&rsquo;un des couples les plus m\u00e9diatis\u00e9s de la pop francophone.<\/p>\n<p>Ensemble, ils sont parents de <strong>deux gar\u00e7ons<\/strong> : Isaiah, n\u00e9 d\u00e9but 2020, et Kenna, n\u00e9 en 2021. Christina Milian a par ailleurs une fille issue d&rsquo;une pr\u00e9c\u00e9dente union. Sur les r\u00e9seaux sociaux, le chanteur partage r\u00e9guli\u00e8rement des moments de sa vie de famille, ce qui contribue \u00e0 sa popularit\u00e9 aupr\u00e8s du grand public.<\/p>\n<figure style=\"margin:38px auto;padding:28px 24px;text-align:center;border-top:1px solid #2a2a2a;border-bottom:1px solid #2a2a2a;max-width:640px;position:relative;font-family:Georgia,'Hoefler Text',serif;\">\n<div style=\"position:absolute;top:-20px;left:50%;transform:translateX(-50%);background:#ffffff;padding:0 14px;font-size:48px;line-height:1;color:#B11E6A;font-family:Georgia,serif;\">&laquo;<\/div>\n<blockquote style=\"margin:0;padding:0;font-size:24px;line-height:1.45;font-style:italic;color:#1a1a1a;letter-spacing:-0.005em;\"><p>\n    Pokora, c&rsquo;est l&rsquo;humilit\u00e9 en polonais \u2014 un nom de sc\u00e8ne devenu une marque, du t\u00e9l\u00e9-crochet aux plus grandes salles de France.<br \/>\n  <\/blockquote><figcaption style=\"margin-top:14px;font-size:12px;text-transform:uppercase;letter-spacing:2px;color:#6a6a6a;font-family:-apple-system,sans-serif;font-style:normal;\">\u2014 Rep\u00e8re biographique<\/figcaption><\/figure>\n<h2>Fortune estim\u00e9e : combien gagne M. Pokora ?<\/h2>\n<p>\u00c9valuer la fortune d&rsquo;un artiste reste un exercice incertain : les chiffres qui circulent ne sont jamais des montants officiels. Concernant M. Pokora, les estimations publiques varient sensiblement d&rsquo;une source \u00e0 l&rsquo;autre, allant d&rsquo;une dizaine de millions \u00e0 plusieurs dizaines de millions de dollars selon les m\u00e9thodes de calcul. Une fourchette souvent cit\u00e9e situe son <strong>patrimoine autour de 10 \u00e0 20 millions d&rsquo;euros<\/strong>, aliment\u00e9 par les ventes d&rsquo;albums, les tourn\u00e9es, ses contrats \u00e0 la t\u00e9l\u00e9vision et divers partenariats.<\/p>\n<aside style=\"background:#fff7e0;border-left:4px solid #d4a017;padding:14px 18px;margin:18px 0;border-radius:0 4px 4px 0;font-family:-apple-system,BlinkMacSystemFont,'Segoe UI',Roboto,sans-serif;\">\n  <strong style=\"display:inline-block;color:#7a5e00;font-size:12px;text-transform:uppercase;letter-spacing:1.5px;margin-right:8px;\">&#128161; Bon \u00e0 savoir<\/strong><br \/>\n  <span style=\"font-size:14.5px;line-height:1.55;color:#3a3a3a;\">Les montants de \u00ab fortune \u00bb des c\u00e9l\u00e9brit\u00e9s sont des estimations issues de m\u00e9dias sp\u00e9cialis\u00e9s, jamais des donn\u00e9es v\u00e9rifi\u00e9es par l&rsquo;int\u00e9ress\u00e9. \u00c0 prendre comme un ordre de grandeur, pas comme un chiffre exact.<\/span><br \/>\n<\/aside>\n<h2>Anecdotes et faits marquants<\/h2>\n<div style=\"display:grid;grid-template-columns:repeat(auto-fit,minmax(220px,1fr));gap:14px;margin:28px 0;font-family:-apple-system,BlinkMacSystemFont,'Segoe UI',Roboto,sans-serif;\">\n<article style=\"background:#fff;border:1px solid #e5e5e0;border-top:3px solid #B11E6A;border-radius:6px;padding:18px 18px 16px;\">\n<div style=\"width:36px;height:36px;background:#FBEAF2;border-radius:50%;display:inline-flex;align-items:center;justify-content:center;margin-bottom:12px;\">\n      <span style=\"font-size:18px;color:#B11E6A;font-weight:900;font-family:Georgia,serif;\">01<\/span>\n    <\/div>\n<h3 style=\"margin:0 0 6px 0;font-size:16px;font-weight:700;color:#1a1a1a;letter-spacing:-0.01em;\">Fils de footballeur<\/h3>\n<div style=\"margin:0;font-size:13.5px;line-height:1.55;color:#4a4a4a;\">Son p\u00e8re, Andr\u00e9 Tota, a \u00e9t\u00e9 footballeur professionnel \u2014 le sport a berc\u00e9 son enfance strasbourgeoise.<\/div>\n<\/article>\n<article style=\"background:#fff;border:1px solid #e5e5e0;border-top:3px solid #B11E6A;border-radius:6px;padding:18px 18px 16px;\">\n<div style=\"width:36px;height:36px;background:#FBEAF2;border-radius:50%;display:inline-flex;align-items:center;justify-content:center;margin-bottom:12px;\">\n      <span style=\"font-size:18px;color:#B11E6A;font-weight:900;font-family:Georgia,serif;\">02<\/span>\n    <\/div>\n<h3 style=\"margin:0 0 6px 0;font-size:16px;font-weight:700;color:#1a1a1a;letter-spacing:-0.01em;\">Un nom impos\u00e9 par la justice<\/h3>\n<div style=\"margin:0;font-size:13.5px;line-height:1.55;color:#4a4a4a;\">\u00ab Matt Pokora \u00bb est devenu \u00ab M. Pokora \u00bb en 2005 apr\u00e8s un litige avec le chanteur Matt Houston.<\/div>\n<\/article>\n<article style=\"background:#fff;border:1px solid #e5e5e0;border-top:3px solid #B11E6A;border-radius:6px;padding:18px 18px 16px;\">\n<div style=\"width:36px;height:36px;background:#FBEAF2;border-radius:50%;display:inline-flex;align-items:center;justify-content:center;margin-bottom:12px;\">\n      <span style=\"font-size:18px;color:#B11E6A;font-weight:900;font-family:Georgia,serif;\">03<\/span>\n    <\/div>\n<h3 style=\"margin:0 0 6px 0;font-size:16px;font-weight:700;color:#1a1a1a;letter-spacing:-0.01em;\">Hommage \u00e0 Cloclo<\/h3>\n<div style=\"margin:0;font-size:13.5px;line-height:1.55;color:#4a4a4a;\">Son album \u00ab My Way \u00bb (2016) rend hommage \u00e0 Claude Fran\u00e7ois et relance \u00ab Cette ann\u00e9e-l\u00e0 \u00bb.<\/div>\n<\/article>\n<article style=\"background:#fff;border:1px solid #e5e5e0;border-top:3px solid #B11E6A;border-radius:6px;padding:18px 18px 16px;\">\n<div style=\"width:36px;height:36px;background:#FBEAF2;border-radius:50%;display:inline-flex;align-items:center;justify-content:center;margin-bottom:12px;\">\n      <span style=\"font-size:18px;color:#B11E6A;font-weight:900;font-family:Georgia,serif;\">04<\/span>\n    <\/div>\n<h3 style=\"margin:0 0 6px 0;font-size:16px;font-weight:700;color:#1a1a1a;letter-spacing:-0.01em;\">Couple franco-am\u00e9ricain<\/h3>\n<div style=\"margin:0;font-size:13.5px;line-height:1.55;color:#4a4a4a;\">Avec Christina Milian, il forme l&rsquo;un des couples les plus suivis entre la France et les \u00c9tats-Unis.<\/div>\n<\/article>\n<\/div>\n<section style=\"margin:32px 0;font-family:-apple-system,BlinkMacSystemFont,'Segoe UI',Roboto,sans-serif;\">\n<h2 style=\"margin:0 0 18px 0;font-size:22px;font-weight:800;color:#1a1a1a;letter-spacing:-0.01em;\">Questions fr\u00e9quentes sur M. Pokora<\/h2>\n<div style=\"border-top:1px solid #d4cfc4;\">\n<details style=\"border-bottom:1px solid #d4cfc4;padding:0;\">\n<summary style=\"cursor:pointer;padding:16px 0;font-size:17px;font-weight:700;color:#1a1a1a;list-style:none;display:flex;justify-content:space-between;align-items:center;gap:14px;\">\n        <span>Quelle est la taille de M. Pokora ?<\/span><br \/>\n        <span style=\"font-size:22px;font-weight:300;color:#B11E6A;line-height:1;\">+<\/span><br \/>\n      <\/summary>\n<div style=\"padding:0 0 16px 0;font-size:15px;line-height:1.7;color:#4a4a4a;\">M. Pokora mesure environ 1,80 m selon les sources publiques (certaines fiches mentionnent jusqu&rsquo;\u00e0 1,82 m). Cette taille reste une estimation, l&rsquo;artiste n&rsquo;ayant pas communiqu\u00e9 de chiffre officiel.<\/div>\n<\/details>\n<details style=\"border-bottom:1px solid #d4cfc4;padding:0;\">\n<summary style=\"cursor:pointer;padding:16px 0;font-size:17px;font-weight:700;color:#1a1a1a;list-style:none;display:flex;justify-content:space-between;align-items:center;gap:14px;\">\n        <span>Quel \u00e2ge a M. Pokora ?<\/span><br \/>\n        <span style=\"font-size:22px;font-weight:300;color:#B11E6A;line-height:1;\">+<\/span><br \/>\n      <\/summary>\n<div style=\"padding:0 0 16px 0;font-size:15px;line-height:1.7;color:#4a4a4a;\">N\u00e9 le 26 septembre 1985 \u00e0 Strasbourg, M. Pokora a 40 ans en 2026 (il f\u00eate son anniversaire en septembre).<\/div>\n<\/details>\n<details style=\"border-bottom:1px solid #d4cfc4;padding:0;\">\n<summary style=\"cursor:pointer;padding:16px 0;font-size:17px;font-weight:700;color:#1a1a1a;list-style:none;display:flex;justify-content:space-between;align-items:center;gap:14px;\">\n        <span>Quel est le vrai nom de M. Pokora ?<\/span><br \/>\n        <span style=\"font-size:22px;font-weight:300;color:#B11E6A;line-height:1;\">+<\/span><br \/>\n      <\/summary>\n<div style=\"padding:0 0 16px 0;font-size:15px;line-height:1.7;color:#4a4a4a;\">Son vrai nom est Matthieu Tota. \u00ab Pokora \u00bb signifie \u00ab humilit\u00e9 \u00bb en polonais, un nom de sc\u00e8ne choisi en hommage \u00e0 ses origines familiales polonaises.<\/div>\n<\/details>\n<details style=\"border-bottom:1px solid #d4cfc4;padding:0;\">\n<summary style=\"cursor:pointer;padding:16px 0;font-size:17px;font-weight:700;color:#1a1a1a;list-style:none;display:flex;justify-content:space-between;align-items:center;gap:14px;\">\n        <span>Qui est la compagne de M. Pokora ?<\/span><br \/>\n        <span style=\"font-size:22px;font-weight:300;color:#B11E6A;line-height:1;\">+<\/span><br \/>\n      <\/summary>\n<div style=\"padding:0 0 16px 0;font-size:15px;line-height:1.7;color:#4a4a4a;\">Sa compagne est la chanteuse et actrice am\u00e9ricaine Christina Milian. Le couple s&rsquo;est mari\u00e9 en d\u00e9cembre 2020 et a deux gar\u00e7ons, Isaiah et Kenna.<\/div>\n<\/details>\n<details style=\"padding:0;\">\n<summary style=\"cursor:pointer;padding:16px 0;font-size:17px;font-weight:700;color:#1a1a1a;list-style:none;display:flex;justify-content:space-between;align-items:center;gap:14px;\">\n        <span>Quelle est la fortune de M. Pokora ?<\/span><br \/>\n        <span style=\"font-size:22px;font-weight:300;color:#B11E6A;line-height:1;\">+<\/span><br \/>\n      <\/summary>\n<div style=\"padding:0 0 16px 0;font-size:15px;line-height:1.7;color:#4a4a4a;\">Sa fortune est estim\u00e9e, selon les sources, dans une fourchette d&rsquo;environ 10 \u00e0 20 millions d&rsquo;euros. Ce sont des estimations non officielles issues de m\u00e9dias sp\u00e9cialis\u00e9s, \u00e0 consid\u00e9rer comme un ordre de grandeur.<\/div>\n<\/details><\/div>\n<\/section>\n<p style=\"font-size:13px;color:#6a6a6a;margin-top:32px;\">Sources : Wikip\u00e9dia et donn\u00e9es publiques. Article mis \u00e0 jour r\u00e9guli\u00e8rement.<\/p>\n","protected":false},"excerpt":{"rendered":"","protected":false},"author":43,"featured_media":999999999,"comment_status":"open","ping_status":"open","sticky":false,"template":"","format":"standard","meta":{"_acf_changed":false,"manual_indexmenow":false,"indexmenow_id_project":0,"footnotes":""},"categories":[4524],"tags":[],"class_list":["post-7978","post","type-post","status-publish","format-standard","has-post-thumbnail","hentry","category-celebrites-et-influence-en-france","generate-columns","tablet-grid-50","mobile-grid-100","grid-parent","grid-25"],"acf":[],"yoast_head":"<!-- This site is optimized with the Yoast SEO Premium plugin v21.3 (Yoast SEO v26.5) - https:\/\/yoast.com\/wordpress\/plugins\/seo\/ -->\n<title>M. Pokora : taille, \u00e2ge, vrai nom, couple (Christina Milian) et fortune \u2014 la fiche compl\u00e8te<\/title>\n<meta name=\"description\" content=\"Quand on tape \u00ab M. Pokora \u00bb dans un moteur de recherche, trois questions reviennent sans cesse : quel est son vrai nom, quel \u00e2ge a-t-il vraiment\" \/>\n<meta name=\"robots\" content=\"index, follow, max-snippet:-1, max-image-preview:large, max-video-preview:-1\" \/>\n<link rel=\"canonical\" href=\"https:\/\/starstory.fr\/blog\/celebrites-et-influence-en-france\/m-pokora-taille-age-vrai-nom-couple-christina-milian-et-fortune-la-fic\/\" \/>\n<meta property=\"og:locale\" content=\"fr_FR\" \/>\n<meta property=\"og:type\" content=\"article\" \/>\n<meta property=\"og:title\" content=\"M. Pokora : taille, \u00e2ge, vrai nom, couple (Christina Milian) et fortune \u2014 la fiche compl\u00e8te\" \/>\n<meta property=\"og:description\" content=\"Quand on tape \u00ab M. Pokora \u00bb dans un moteur de recherche, trois questions reviennent sans cesse : quel est son vrai nom, quel \u00e2ge a-t-il vraiment\" \/>\n<meta property=\"og:url\" content=\"https:\/\/starstory.fr\/blog\/celebrites-et-influence-en-france\/m-pokora-taille-age-vrai-nom-couple-christina-milian-et-fortune-la-fic\/\" \/>\n<meta property=\"og:site_name\" content=\"starstory\" \/>\n<meta name=\"author\" content=\"Lucas Martin\" \/>\n<meta name=\"twitter:card\" content=\"summary_large_image\" \/>\n<script type=\"application\/ld+json\" class=\"yoast-schema-graph\">{\"@context\":\"https:\/\/schema.org\",\"@graph\":[{\"@type\":\"NewsArticle\",\"@id\":\"https:\/\/starstory.fr\/blog\/celebrites-et-influence-en-france\/m-pokora-taille-age-vrai-nom-couple-christina-milian-et-fortune-la-fic\/#article\",\"isPartOf\":{\"@id\":\"https:\/\/starstory.fr\/blog\/celebrites-et-influence-en-france\/m-pokora-taille-age-vrai-nom-couple-christina-milian-et-fortune-la-fic\/\"},\"author\":{\"name\":\"Lucas Martin\",\"@id\":\"https:\/\/starstory.fr\/blog\/#\/schema\/person\/7460f07f6b55c3d1c9b0d5788b27d15e\"},\"headline\":\"M. Pokora : taille, \u00e2ge, vrai nom, couple (Christina Milian) et fortune \u2014 la fiche compl\u00e8te\",\"datePublished\":\"2026-06-05T23:48:21+00:00\",\"mainEntityOfPage\":{\"@id\":\"https:\/\/starstory.fr\/blog\/celebrites-et-influence-en-france\/m-pokora-taille-age-vrai-nom-couple-christina-milian-et-fortune-la-fic\/\"},\"wordCount\":1273,\"commentCount\":0,\"publisher\":{\"@id\":\"https:\/\/starstory.fr\/blog\/#organization\"},\"image\":{\"@id\":\"https:\/\/starstory.fr\/blog\/celebrites-et-influence-en-france\/m-pokora-taille-age-vrai-nom-couple-christina-milian-et-fortune-la-fic\/#primaryimage\"},\"thumbnailUrl\":\"https:\/\/images.pexels.com\/photos\/27595493\/pexels-photo-27595493.jpeg?auto=compress&cs=tinysrgb&fit=crop&h=627&w=1200\",\"articleSection\":[\"C\u00e9l\u00e9brit\u00e9s et Influence en France\"],\"inLanguage\":\"fr-FR\",\"potentialAction\":[{\"@type\":\"CommentAction\",\"name\":\"Comment\",\"target\":[\"https:\/\/starstory.fr\/blog\/celebrites-et-influence-en-france\/m-pokora-taille-age-vrai-nom-couple-christina-milian-et-fortune-la-fic\/#respond\"]}]},{\"@type\":\"WebPage\",\"@id\":\"https:\/\/starstory.fr\/blog\/celebrites-et-influence-en-france\/m-pokora-taille-age-vrai-nom-couple-christina-milian-et-fortune-la-fic\/\",\"url\":\"https:\/\/starstory.fr\/blog\/celebrites-et-influence-en-france\/m-pokora-taille-age-vrai-nom-couple-christina-milian-et-fortune-la-fic\/\",\"name\":\"M. Pokora : taille, \u00e2ge, vrai nom, couple (Christina Milian) et fortune \u2014 la fiche compl\u00e8te\",\"isPartOf\":{\"@id\":\"https:\/\/starstory.fr\/blog\/#website\"},\"primaryImageOfPage\":{\"@id\":\"https:\/\/starstory.fr\/blog\/celebrites-et-influence-en-france\/m-pokora-taille-age-vrai-nom-couple-christina-milian-et-fortune-la-fic\/#primaryimage\"},\"image\":{\"@id\":\"https:\/\/starstory.fr\/blog\/celebrites-et-influence-en-france\/m-pokora-taille-age-vrai-nom-couple-christina-milian-et-fortune-la-fic\/#primaryimage\"},\"thumbnailUrl\":\"https:\/\/images.pexels.com\/photos\/27595493\/pexels-photo-27595493.jpeg?auto=compress&cs=tinysrgb&fit=crop&h=627&w=1200\",\"datePublished\":\"2026-06-05T23:48:21+00:00\",\"description\":\"Quand on tape \u00ab M. Pokora \u00bb dans un moteur de recherche, trois questions reviennent sans cesse : quel est son vrai nom, quel \u00e2ge a-t-il vraiment\",\"inLanguage\":\"fr-FR\",\"potentialAction\":[{\"@type\":\"ReadAction\",\"target\":[\"https:\/\/starstory.fr\/blog\/celebrites-et-influence-en-france\/m-pokora-taille-age-vrai-nom-couple-christina-milian-et-fortune-la-fic\/\"]}]},{\"@type\":\"ImageObject\",\"inLanguage\":\"fr-FR\",\"@id\":\"https:\/\/starstory.fr\/blog\/celebrites-et-influence-en-france\/m-pokora-taille-age-vrai-nom-couple-christina-milian-et-fortune-la-fic\/#primaryimage\",\"url\":\"https:\/\/images.pexels.com\/photos\/27595493\/pexels-photo-27595493.jpeg?auto=compress&cs=tinysrgb&fit=crop&h=627&w=1200\",\"contentUrl\":\"https:\/\/images.pexels.com\/photos\/27595493\/pexels-photo-27595493.jpeg?auto=compress&cs=tinysrgb&fit=crop&h=627&w=1200\"},{\"@type\":\"WebSite\",\"@id\":\"https:\/\/starstory.fr\/blog\/#website\",\"url\":\"https:\/\/starstory.fr\/blog\/\",\"name\":\"StarStory\",\"description\":\"StarStory, les \u00e9toiles racontent leur histoire\",\"publisher\":{\"@id\":\"https:\/\/starstory.fr\/blog\/#organization\"},\"alternateName\":\"StarStory, les \u00e9toiles racontent leur histoire\",\"potentialAction\":[{\"@type\":\"SearchAction\",\"target\":{\"@type\":\"EntryPoint\",\"urlTemplate\":\"https:\/\/starstory.fr\/blog\/?s={search_term_string}\"},\"query-input\":{\"@type\":\"PropertyValueSpecification\",\"valueRequired\":true,\"valueName\":\"search_term_string\"}}],\"inLanguage\":\"fr-FR\"},{\"@type\":\"Organization\",\"@id\":\"https:\/\/starstory.fr\/blog\/#organization\",\"name\":\"StarStory\",\"alternateName\":\"StarStory.fr\",\"url\":\"https:\/\/starstory.fr\/blog\/\",\"logo\":{\"@type\":\"ImageObject\",\"inLanguage\":\"fr-FR\",\"@id\":\"https:\/\/starstory.fr\/blog\/#\/schema\/logo\/image\/\",\"url\":\"https:\/\/starstory.fr\/blog\/wp-content\/uploads\/2024\/12\/38.png\",\"contentUrl\":\"https:\/\/starstory.fr\/blog\/wp-content\/uploads\/2024\/12\/38.png\",\"width\":500,\"height\":500,\"caption\":\"StarStory\"},\"image\":{\"@id\":\"https:\/\/starstory.fr\/blog\/#\/schema\/logo\/image\/\"}},{\"@type\":\"Person\",\"@id\":\"https:\/\/starstory.fr\/blog\/#\/schema\/person\/7460f07f6b55c3d1c9b0d5788b27d15e\",\"name\":\"Lucas Martin\",\"image\":{\"@type\":\"ImageObject\",\"inLanguage\":\"fr-FR\",\"@id\":\"https:\/\/starstory.fr\/blog\/#\/schema\/person\/image\/\",\"url\":\"https:\/\/secure.gravatar.com\/avatar\/?s=96&d=mm&r=g\",\"contentUrl\":\"https:\/\/secure.gravatar.com\/avatar\/?s=96&d=mm&r=g\",\"caption\":\"Lucas Martin\"},\"description\":\"Lucas dresse le portrait des stars sportives qui ont marqu\u00e9 les diff\u00e9rentes \u00e9poques.\",\"url\":\"https:\/\/starstory.fr\/blog\/auteur\/lucas-martin\/\",\"jobTitle\":\"Contributeur high-tech\",\"email\":\"lucas.martin@lemacenligne.com\"}]}<\/script>\n<!-- \/ Yoast SEO Premium plugin. -->","yoast_head_json":{"title":"M. Pokora : taille, \u00e2ge, vrai nom, couple (Christina Milian) et fortune \u2014 la fiche compl\u00e8te","description":"Quand on tape \u00ab M. Pokora \u00bb dans un moteur de recherche, trois questions reviennent sans cesse : quel est son vrai nom, quel \u00e2ge a-t-il vraiment","robots":{"index":"index","follow":"follow","max-snippet":"max-snippet:-1","max-image-preview":"max-image-preview:large","max-video-preview":"max-video-preview:-1"},"canonical":"https:\/\/starstory.fr\/blog\/celebrites-et-influence-en-france\/m-pokora-taille-age-vrai-nom-couple-christina-milian-et-fortune-la-fic\/","og_locale":"fr_FR","og_type":"article","og_title":"M. Pokora : taille, \u00e2ge, vrai nom, couple (Christina Milian) et fortune \u2014 la fiche compl\u00e8te","og_description":"Quand on tape \u00ab M. Pokora \u00bb dans un moteur de recherche, trois questions reviennent sans cesse : quel est son vrai nom, quel \u00e2ge a-t-il vraiment","og_url":"https:\/\/starstory.fr\/blog\/celebrites-et-influence-en-france\/m-pokora-taille-age-vrai-nom-couple-christina-milian-et-fortune-la-fic\/","og_site_name":"starstory","author":"Lucas Martin","twitter_card":"summary_large_image","schema":{"@context":"https:\/\/schema.org","@graph":[{"@type":"NewsArticle","@id":"https:\/\/starstory.fr\/blog\/celebrites-et-influence-en-france\/m-pokora-taille-age-vrai-nom-couple-christina-milian-et-fortune-la-fic\/#article","isPartOf":{"@id":"https:\/\/starstory.fr\/blog\/celebrites-et-influence-en-france\/m-pokora-taille-age-vrai-nom-couple-christina-milian-et-fortune-la-fic\/"},"author":{"name":"Lucas Martin","@id":"https:\/\/starstory.fr\/blog\/#\/schema\/person\/7460f07f6b55c3d1c9b0d5788b27d15e"},"headline":"M. Pokora : taille, \u00e2ge, vrai nom, couple (Christina Milian) et fortune \u2014 la fiche compl\u00e8te","datePublished":"2026-06-05T23:48:21+00:00","mainEntityOfPage":{"@id":"https:\/\/starstory.fr\/blog\/celebrites-et-influence-en-france\/m-pokora-taille-age-vrai-nom-couple-christina-milian-et-fortune-la-fic\/"},"wordCount":1273,"commentCount":0,"publisher":{"@id":"https:\/\/starstory.fr\/blog\/#organization"},"image":{"@id":"https:\/\/starstory.fr\/blog\/celebrites-et-influence-en-france\/m-pokora-taille-age-vrai-nom-couple-christina-milian-et-fortune-la-fic\/#primaryimage"},"thumbnailUrl":"https:\/\/images.pexels.com\/photos\/27595493\/pexels-photo-27595493.jpeg?auto=compress&cs=tinysrgb&fit=crop&h=627&w=1200","articleSection":["C\u00e9l\u00e9brit\u00e9s et Influence en France"],"inLanguage":"fr-FR","potentialAction":[{"@type":"CommentAction","name":"Comment","target":["https:\/\/starstory.fr\/blog\/celebrites-et-influence-en-france\/m-pokora-taille-age-vrai-nom-couple-christina-milian-et-fortune-la-fic\/#respond"]}]},{"@type":"WebPage","@id":"https:\/\/starstory.fr\/blog\/celebrites-et-influence-en-france\/m-pokora-taille-age-vrai-nom-couple-christina-milian-et-fortune-la-fic\/","url":"https:\/\/starstory.fr\/blog\/celebrites-et-influence-en-france\/m-pokora-taille-age-vrai-nom-couple-christina-milian-et-fortune-la-fic\/","name":"M. Pokora : taille, \u00e2ge, vrai nom, couple (Christina Milian) et fortune \u2014 la fiche compl\u00e8te","isPartOf":{"@id":"https:\/\/starstory.fr\/blog\/#website"},"primaryImageOfPage":{"@id":"https:\/\/starstory.fr\/blog\/celebrites-et-influence-en-france\/m-pokora-taille-age-vrai-nom-couple-christina-milian-et-fortune-la-fic\/#primaryimage"},"image":{"@id":"https:\/\/starstory.fr\/blog\/celebrites-et-influence-en-france\/m-pokora-taille-age-vrai-nom-couple-christina-milian-et-fortune-la-fic\/#primaryimage"},"thumbnailUrl":"https:\/\/images.pexels.com\/photos\/27595493\/pexels-photo-27595493.jpeg?auto=compress&cs=tinysrgb&fit=crop&h=627&w=1200","datePublished":"2026-06-05T23:48:21+00:00","description":"Quand on tape \u00ab M. Pokora \u00bb dans un moteur de recherche, trois questions reviennent sans cesse : quel est son vrai nom, quel \u00e2ge a-t-il vraiment","inLanguage":"fr-FR","potentialAction":[{"@type":"ReadAction","target":["https:\/\/starstory.fr\/blog\/celebrites-et-influence-en-france\/m-pokora-taille-age-vrai-nom-couple-christina-milian-et-fortune-la-fic\/"]}]},{"@type":"ImageObject","inLanguage":"fr-FR","@id":"https:\/\/starstory.fr\/blog\/celebrites-et-influence-en-france\/m-pokora-taille-age-vrai-nom-couple-christina-milian-et-fortune-la-fic\/#primaryimage","url":"https:\/\/images.pexels.com\/photos\/27595493\/pexels-photo-27595493.jpeg?auto=compress&cs=tinysrgb&fit=crop&h=627&w=1200","contentUrl":"https:\/\/images.pexels.com\/photos\/27595493\/pexels-photo-27595493.jpeg?auto=compress&cs=tinysrgb&fit=crop&h=627&w=1200"},{"@type":"WebSite","@id":"https:\/\/starstory.fr\/blog\/#website","url":"https:\/\/starstory.fr\/blog\/","name":"StarStory","description":"StarStory, les \u00e9toiles racontent leur histoire","publisher":{"@id":"https:\/\/starstory.fr\/blog\/#organization"},"alternateName":"StarStory, les \u00e9toiles racontent leur histoire","potentialAction":[{"@type":"SearchAction","target":{"@type":"EntryPoint","urlTemplate":"https:\/\/starstory.fr\/blog\/?s={search_term_string}"},"query-input":{"@type":"PropertyValueSpecification","valueRequired":true,"valueName":"search_term_string"}}],"inLanguage":"fr-FR"},{"@type":"Organization","@id":"https:\/\/starstory.fr\/blog\/#organization","name":"StarStory","alternateName":"StarStory.fr","url":"https:\/\/starstory.fr\/blog\/","logo":{"@type":"ImageObject","inLanguage":"fr-FR","@id":"https:\/\/starstory.fr\/blog\/#\/schema\/logo\/image\/","url":"https:\/\/starstory.fr\/blog\/wp-content\/uploads\/2024\/12\/38.png","contentUrl":"https:\/\/starstory.fr\/blog\/wp-content\/uploads\/2024\/12\/38.png","width":500,"height":500,"caption":"StarStory"},"image":{"@id":"https:\/\/starstory.fr\/blog\/#\/schema\/logo\/image\/"}},{"@type":"Person","@id":"https:\/\/starstory.fr\/blog\/#\/schema\/person\/7460f07f6b55c3d1c9b0d5788b27d15e","name":"Lucas Martin","image":{"@type":"ImageObject","inLanguage":"fr-FR","@id":"https:\/\/starstory.fr\/blog\/#\/schema\/person\/image\/","url":"https:\/\/secure.gravatar.com\/avatar\/?s=96&d=mm&r=g","contentUrl":"https:\/\/secure.gravatar.com\/avatar\/?s=96&d=mm&r=g","caption":"Lucas Martin"},"description":"Lucas dresse le portrait des stars sportives qui ont marqu\u00e9 les diff\u00e9rentes \u00e9poques.","url":"https:\/\/starstory.fr\/blog\/auteur\/lucas-martin\/","jobTitle":"Contributeur high-tech","email":"lucas.martin@lemacenligne.com"}]}},"_links":{"self":[{"href":"https:\/\/starstory.fr\/blog\/wp-json\/wp\/v2\/posts\/7978","targetHints":{"allow":["GET"]}}],"collection":[{"href":"https:\/\/starstory.fr\/blog\/wp-json\/wp\/v2\/posts"}],"about":[{"href":"https:\/\/starstory.fr\/blog\/wp-json\/wp\/v2\/types\/post"}],"author":[{"embeddable":true,"href":"https:\/\/starstory.fr\/blog\/wp-json\/wp\/v2\/users\/43"}],"replies":[{"embeddable":true,"href":"https:\/\/starstory.fr\/blog\/wp-json\/wp\/v2\/comments?post=7978"}],"version-history":[{"count":0,"href":"https:\/\/starstory.fr\/blog\/wp-json\/wp\/v2\/posts\/7978\/revisions"}],"wp:attachment":[{"href":"https:\/\/starstory.fr\/blog\/wp-json\/wp\/v2\/media?parent=7978"}],"wp:term":[{"taxonomy":"category","embeddable":true,"href":"https:\/\/starstory.fr\/blog\/wp-json\/wp\/v2\/categories?post=7978"},{"taxonomy":"post_tag","embeddable":true,"href":"https:\/\/starstory.fr\/blog\/wp-json\/wp\/v2\/tags?post=7978"}],"curies":[{"name":"wp","href":"https:\/\/api.w.org\/{rel}","templated":true}]}}