{"id":7974,"date":"2026-06-06T01:41:07","date_gmt":"2026-06-05T23:41:07","guid":{"rendered":"https:\/\/starstory.fr\/blog\/musique-et-icones-musicales\/harry-styles-taille-age-couple-origines-et-fortune-la-fiche-complete\/"},"modified":"2026-06-06T01:41:07","modified_gmt":"2026-06-05T23:41:07","slug":"harry-styles-taille-age-couple-origines-et-fortune-la-fiche-complete","status":"publish","type":"post","link":"https:\/\/starstory.fr\/blog\/musique-et-icones-musicales\/harry-styles-taille-age-couple-origines-et-fortune-la-fiche-complete\/","title":{"rendered":"Harry Styles : taille, \u00e2ge, couple, origines et fortune \u2014 la fiche compl\u00e8te"},"content":{"rendered":"<aside style=\"background:#FBEAF2;border-left:5px solid #B11E6A;padding:22px 28px;margin:24px 0;font-family:-apple-system,BlinkMacSystemFont,'Segoe UI',Roboto,sans-serif;\">\n<div style=\"margin:0;font-size:19px;line-height:1.55;color:#2a2a2a;font-weight:500;letter-spacing:-0.005em;\">\n    N\u00e9 le 1<sup>er<\/sup> f\u00e9vrier 1994 \u00e0 Redditch, en Angleterre, Harry Styles a aujourd&rsquo;hui 32 ans, mesure environ 1,83 m et a b\u00e2ti l&rsquo;une des plus belles trajectoires pop de sa g\u00e9n\u00e9ration : rep\u00e9r\u00e9 \u00e0 <em>The X Factor<\/em>, propuls\u00e9 par One Direction, puis sacr\u00e9 en solo et au cin\u00e9ma. Voici sa fiche compl\u00e8te, v\u00e9rifi\u00e9e et tenue \u00e0 jour.\n  <\/div>\n<\/aside>\n<figure style=\"margin:32px 0;font-family:-apple-system,BlinkMacSystemFont,'Segoe UI',Roboto,sans-serif;\">\n<div style=\"overflow-x:auto;border:1px solid #e5e5e0;border-radius:8px;\">\n<table style=\"width:100%;border-collapse:collapse;font-size:14px;color:#2a2a2a;min-width:500px;\">\n<thead>\n<tr style=\"background:#1a1a1a;color:#fff;\">\n<th style=\"text-align:left;padding:14px 18px;font-weight:700;font-size:12px;text-transform:uppercase;letter-spacing:1.5px;\">Carte d&rsquo;identit\u00e9<\/th>\n<th style=\"text-align:left;padding:14px 18px;font-weight:700;font-size:12px;text-transform:uppercase;letter-spacing:1.5px;\">Harry Styles<\/th>\n<\/tr>\n<\/thead>\n<tbody>\n<tr style=\"background:#fff;border-bottom:1px solid #f0ede5;\">\n<td style=\"padding:14px 18px;font-weight:600;\">Nom complet<\/td>\n<td style=\"padding:14px 18px;color:#4a4a4a;\">Harry Edward Styles<\/td>\n<\/tr>\n<tr style=\"background:#fafaf7;border-bottom:1px solid #f0ede5;\">\n<td style=\"padding:14px 18px;font-weight:600;\">Naissance<\/td>\n<td style=\"padding:14px 18px;color:#4a4a4a;\">1<sup>er<\/sup> f\u00e9vrier 1994, Redditch (Worcestershire, Angleterre)<\/td>\n<\/tr>\n<tr style=\"background:#fff;border-bottom:1px solid #f0ede5;\">\n<td style=\"padding:14px 18px;font-weight:600;\">\u00c2ge<\/td>\n<td style=\"padding:14px 18px;color:#4a4a4a;\">32 ans (en 2026)<\/td>\n<\/tr>\n<tr style=\"background:#fafaf7;border-bottom:1px solid #f0ede5;\">\n<td style=\"padding:14px 18px;font-weight:600;\">Taille<\/td>\n<td style=\"padding:14px 18px;color:#4a4a4a;\">Environ 1,83 m<\/td>\n<\/tr>\n<tr style=\"background:#fff;border-bottom:1px solid #f0ede5;\">\n<td style=\"padding:14px 18px;font-weight:600;\">Nationalit\u00e9<\/td>\n<td style=\"padding:14px 18px;color:#4a4a4a;\">Britannique<\/td>\n<\/tr>\n<tr style=\"background:#fafaf7;border-bottom:1px solid #f0ede5;\">\n<td style=\"padding:14px 18px;font-weight:600;\">Profession<\/td>\n<td style=\"padding:14px 18px;color:#4a4a4a;\">Chanteur, auteur-compositeur, acteur, entrepreneur<\/td>\n<\/tr>\n<tr style=\"background:#fff;\">\n<td style=\"padding:14px 18px;font-weight:600;\">R\u00e9compenses<\/td>\n<td style=\"padding:14px 18px;color:#4a4a4a;\">3 Grammy Awards, 6 Brit Awards, 2 Ivor Novello (s\u00e9lection)<\/td>\n<\/tr>\n<\/tbody>\n<\/table><\/div>\n<\/figure>\n<h2 style=\"font-size:26px;font-weight:800;letter-spacing:-0.01em;color:#1a1a1a;margin:48px 0 12px;font-family:-apple-system,BlinkMacSystemFont,'Segoe UI',Roboto,sans-serif;\">Biographie et r\u00e9v\u00e9lation avec One Direction<\/h2>\n<p>Harry Edward Styles na\u00eet le 1<sup>er<\/sup> f\u00e9vrier 1994 \u00e0 Redditch, dans le comt\u00e9 du Worcestershire, en Angleterre. Il grandit ensuite \u00e0 Holmes Chapel, dans le Cheshire, o\u00f9 il passe une partie de son enfance apr\u00e8s le divorce de ses parents. Adolescent, il chante au sein d&rsquo;un groupe local, White Eskimo, avant de tenter sa chance dans le concours t\u00e9l\u00e9vis\u00e9 qui va bouleverser sa vie.<\/p>\n<p>En 2010, il auditionne pour l&rsquo;\u00e9mission britannique <em>The X Factor<\/em>. \u00c9limin\u00e9 en tant que candidat solo, il est rappel\u00e9 sur sc\u00e8ne avec quatre autres jeunes hommes \u2014 Niall Horan, Zayn Malik, Liam Payne et Louis Tomlinson \u2014 pour former un groupe. Ainsi na\u00eet One Direction, qui termine troisi\u00e8me de la comp\u00e9tition mais signe rapidement un contrat discographique.<\/p>\n<p>Le succ\u00e8s est fulgurant et plan\u00e9taire. Avec des albums comme <em>Up All Night<\/em>, <em>Take Me Home<\/em> ou <em>Midnight Memories<\/em>, One Direction devient l&rsquo;un des boys bands les plus vendus de tous les temps, encha\u00eenant les tourn\u00e9es mondiales et battant de nombreux records de ventes. En 2015, Zayn Malik quitte le groupe, et d\u00e9but 2016, la formation annonce une pause \u00e0 dur\u00e9e ind\u00e9termin\u00e9e qui laisse chaque membre libre de mener sa carri\u00e8re solo.<\/p>\n<p>Pour Harry Styles, cette pause n&rsquo;est pas une fin mais un point de d\u00e9part. Loin de se contenter de capitaliser sur la notori\u00e9t\u00e9 acquise avec le groupe, il choisit de repartir presque de z\u00e9ro sur le plan artistique, en s&rsquo;\u00e9loignant volontairement de la formule pop qui avait fait le succ\u00e8s de One Direction. Cette prise de risque, salu\u00e9e a posteriori, va d\u00e9finir toute la suite de sa carri\u00e8re.<\/p>\n<aside style=\"background:#fff7e0;border-left:4px solid #d4a017;padding:14px 18px;margin:18px 0;border-radius:0 4px 4px 0;font-family:-apple-system,BlinkMacSystemFont,'Segoe UI',Roboto,sans-serif;\">\n  <strong style=\"display:inline-block;color:#7a5e00;font-size:12px;text-transform:uppercase;letter-spacing:1.5px;margin-right:8px;\">&#128161; Bon \u00e0 savoir<\/strong><br \/>\n  <span style=\"font-size:14.5px;line-height:1.55;color:#3a3a3a;\">Bien qu&rsquo;\u00e9limin\u00e9 en solo \u00e0 <em>The X Factor<\/em>, c&rsquo;est ce m\u00eame t\u00e9l\u00e9-crochet qui a r\u00e9uni les cinq gar\u00e7ons de One Direction. Sans cet \u00e9chec individuel, le groupe n&rsquo;aurait jamais exist\u00e9.<\/span><br \/>\n<\/aside>\n<h2 style=\"font-size:26px;font-weight:800;letter-spacing:-0.01em;color:#1a1a1a;margin:48px 0 12px;font-family:-apple-system,BlinkMacSystemFont,'Segoe UI',Roboto,sans-serif;\">Carri\u00e8re solo et cin\u00e9ma<\/h2>\n<p>En 2017, Harry Styles publie son premier album solo \u00e9ponyme, <em>Harry Styles<\/em>, port\u00e9 par le single <em>Sign of the Times<\/em>, num\u00e9ro un au Royaume-Uni. Le disque marque une rupture nette avec la pop calibr\u00e9e de One Direction : Styles y assume une couleur rock et soft-rock aux influences seventies, salu\u00e9e par la critique.<\/p>\n<p>Son deuxi\u00e8me album, <em>Fine Line<\/em> (2019), confirme l&rsquo;envergure de l&rsquo;artiste avec des titres comme <em>Adore You<\/em> et surtout <em>Watermelon Sugar<\/em>, immense succ\u00e8s mondial. En 2022, <em>Harry&rsquo;s House<\/em> franchit un nouveau cap : son single <em>As It Was<\/em> s&rsquo;impose comme l&rsquo;un des plus gros tubes de l&rsquo;ann\u00e9e \u00e0 l&rsquo;\u00e9chelle plan\u00e9taire, et l&rsquo;album s&rsquo;\u00e9coule \u00e0 des millions d&rsquo;exemplaires.<\/p>\n<p>Cette reconnaissance se traduit aussi dans les r\u00e9compenses. Harry Styles compte trois Grammy Awards \u00e0 son palmar\u00e8s : un premier pour la Meilleure performance pop solo (<em>Watermelon Sugar<\/em>), puis l&rsquo;Album de l&rsquo;ann\u00e9e et le Meilleur album vocal pop pour <em>Harry&rsquo;s House<\/em>. \u00c0 cela s&rsquo;ajoutent plusieurs Brit Awards et Ivor Novello Awards, qui confirment son statut d&rsquo;artiste majeur de la sc\u00e8ne britannique et internationale.<\/p>\n<p>Parall\u00e8lement \u00e0 la musique, Harry Styles m\u00e8ne une carri\u00e8re d&rsquo;acteur. Il fait ses d\u00e9buts au cin\u00e9ma dans <em>Dunkirk<\/em> (2017) de Christopher Nolan, appara\u00eet dans <em>Eternals<\/em> (2021) chez Marvel, puis tient des premiers r\u00f4les dans <em>Don&rsquo;t Worry Darling<\/em> (2022) d&rsquo;Olivia Wilde et dans <em>My Policeman<\/em> (2022). Ce double parcours, sc\u00e8ne et \u00e9cran, fait de lui une figure rare de sa g\u00e9n\u00e9ration, capable de remplir des stades comme de d\u00e9fendre un r\u00f4le dramatique \u00e0 l&rsquo;\u00e9cran.<\/p>\n<figure style=\"margin:32px 0;padding:0;font-family:-apple-system,BlinkMacSystemFont,'Segoe UI',Roboto,sans-serif;\">\n<div style=\"display:grid;grid-template-columns:repeat(auto-fit,minmax(140px,1fr));background:#1a1a1a;border-radius:6px;overflow:hidden;\">\n<div style=\"padding:22px 16px;text-align:center;border-right:1px solid #2f2f2f;\">\n<div style=\"font-size:36px;font-weight:900;color:#fff;letter-spacing:-0.04em;font-feature-settings:'tnum';line-height:1;\">2010<\/div>\n<div style=\"font-size:11px;text-transform:uppercase;letter-spacing:1.5px;color:#9a9a9a;margin-top:8px;\">Naissance de One Direction<\/div>\n<\/p><\/div>\n<div style=\"padding:22px 16px;text-align:center;border-right:1px solid #2f2f2f;\">\n<div style=\"font-size:36px;font-weight:900;color:#fff;letter-spacing:-0.04em;font-feature-settings:'tnum';line-height:1;\">2017<\/div>\n<div style=\"font-size:11px;text-transform:uppercase;letter-spacing:1.5px;color:#9a9a9a;margin-top:8px;\">Premier album solo<\/div>\n<\/p><\/div>\n<div style=\"padding:22px 16px;text-align:center;\">\n<div style=\"font-size:36px;font-weight:900;color:#B11E6A;letter-spacing:-0.04em;font-feature-settings:'tnum';line-height:1;\">3<\/div>\n<div style=\"font-size:11px;text-transform:uppercase;letter-spacing:1.5px;color:#9a9a9a;margin-top:8px;\">Grammy Awards<\/div>\n<\/p><\/div>\n<\/p><\/div><figcaption style=\"font-size:11px;color:#7a7a7a;margin-top:8px;text-align:right;letter-spacing:0.3px;\">Rep\u00e8res de carri\u00e8re \u2014 voir sources en fin d&rsquo;article.<\/figcaption><\/figure>\n<h2 style=\"font-size:26px;font-weight:800;letter-spacing:-0.01em;color:#1a1a1a;margin:48px 0 12px;font-family:-apple-system,BlinkMacSystemFont,'Segoe UI',Roboto,sans-serif;\">Taille et physique<\/h2>\n<p>Harry Styles mesure environ 1,83 m (soit \u00e0 peu pr\u00e8s 6 pieds), une taille souvent cit\u00e9e par les m\u00e9dias sp\u00e9cialis\u00e9s. Comme pour la plupart des c\u00e9l\u00e9brit\u00e9s, cette mesure reste une estimation : aucune source officielle ne communique de chiffre au centim\u00e8tre pr\u00e8s, et les valeurs relev\u00e9es oscillent g\u00e9n\u00e9ralement entre 1,83 m et 1,85 m selon les r\u00e9f\u00e9rences.<\/p>\n<p>Au-del\u00e0 de sa stature, Harry Styles s&rsquo;est impos\u00e9 comme une ic\u00f4ne de mode reconnaissable entre toutes. Costumes color\u00e9s, imprim\u00e9s audacieux, perles, vernis \u00e0 ongles et bijoux : il cultive un style fluide qui brouille volontairement les codes de genre et qui a largement influenc\u00e9 la pop culture des ann\u00e9es 2020. Sa pr\u00e9sence en couverture de magazines de mode et ses tenues de tourn\u00e9e font r\u00e9guli\u00e8rement l&rsquo;\u00e9v\u00e9nement.<\/p>\n<aside style=\"background:#FBEAF2;border-left:4px solid #B11E6A;padding:14px 18px;margin:18px 0;border-radius:0 4px 4px 0;font-family:-apple-system,BlinkMacSystemFont,'Segoe UI',Roboto,sans-serif;\">\n  <strong style=\"display:inline-block;color:#B11E6A;font-size:12px;text-transform:uppercase;letter-spacing:1.5px;margin-right:8px;\">&#10022; \u00c0 noter<\/strong><br \/>\n  <span style=\"font-size:14.5px;line-height:1.55;color:#3a3a3a;\">Les chiffres de taille des c\u00e9l\u00e9brit\u00e9s varient d&rsquo;une source \u00e0 l&rsquo;autre. Pour Harry Styles, retenez l&rsquo;ordre de grandeur : environ 1,83 m.<\/span><br \/>\n<\/aside>\n<h2 style=\"font-size:26px;font-weight:800;letter-spacing:-0.01em;color:#1a1a1a;margin:48px 0 12px;font-family:-apple-system,BlinkMacSystemFont,'Segoe UI',Roboto,sans-serif;\">Vie priv\u00e9e<\/h2>\n<p>Tr\u00e8s expos\u00e9 m\u00e9diatiquement depuis ses d\u00e9buts, Harry Styles reste pourtant discret sur sa vie sentimentale et commente rarement publiquement ses relations. Au fil des ann\u00e9es, plusieurs liaisons lui ont \u00e9t\u00e9 pr\u00eat\u00e9es par la presse, mais l&rsquo;artiste a fait du respect de sa sph\u00e8re priv\u00e9e une ligne de conduite assum\u00e9e, refusant le plus souvent de confirmer ou de commenter.<\/p>\n<p>Originaire de l&rsquo;Angleterre, il entretient un lien fort avec sa famille, notamment sa m\u00e8re et sa s\u0153ur a\u00een\u00e9e, qu&rsquo;il \u00e9voque parfois avec affection. Il s&rsquo;est par ailleurs engag\u00e9 publiquement en faveur de plusieurs causes, dont le soutien \u00e0 la communaut\u00e9 LGBTQ+ et l&rsquo;inclusivit\u00e9, valeurs que l&rsquo;on retrouve aussi bien dans ses concerts que dans son image publique.<\/p>\n<p>Sur sc\u00e8ne, Harry Styles a fait de ses tourn\u00e9es des moments f\u00e9d\u00e9rateurs o\u00f9 il encourage r\u00e9guli\u00e8rement son public \u00e0 \u00eatre lui-m\u00eame, dans une atmosph\u00e8re bienveillante. Cette dimension humaine et engag\u00e9e, conjugu\u00e9e \u00e0 une grande retenue sur sa vie intime, contribue \u00e0 expliquer l&rsquo;attachement durable que lui portent ses fans \u00e0 travers le monde, bien au-del\u00e0 de sa seule production musicale.<\/p>\n<aside style=\"background:#fdecec;border-left:4px solid #c54848;padding:14px 18px;margin:18px 0;border-radius:0 4px 4px 0;font-family:-apple-system,BlinkMacSystemFont,'Segoe UI',Roboto,sans-serif;\">\n  <strong style=\"display:inline-block;color:#8a2020;font-size:12px;text-transform:uppercase;letter-spacing:1.5px;margin-right:8px;\">&#9888;&#65039; Attention<\/strong><br \/>\n  <span style=\"font-size:14.5px;line-height:1.55;color:#3a3a3a;\">Beaucoup d&rsquo;informations circulant sur la vie sentimentale de Harry Styles rel\u00e8vent de la rumeur. En l&rsquo;absence de confirmation de l&rsquo;int\u00e9ress\u00e9, nous nous en tenons aux \u00e9l\u00e9ments factuels et publics.<\/span><br \/>\n<\/aside>\n<h2 style=\"font-size:26px;font-weight:800;letter-spacing:-0.01em;color:#1a1a1a;margin:48px 0 12px;font-family:-apple-system,BlinkMacSystemFont,'Segoe UI',Roboto,sans-serif;\">Fortune estim\u00e9e<\/h2>\n<p>La fortune de Harry Styles est r\u00e9guli\u00e8rement estim\u00e9e par les m\u00e9dias sp\u00e9cialis\u00e9s, sans qu&rsquo;aucun chiffre officiel ne soit communiqu\u00e9 par l&rsquo;int\u00e9ress\u00e9. Les estimations varient selon les sources et les m\u00e9thodes : le site Celebrity Net Worth \u00e9voque un patrimoine de l&rsquo;ordre de 140 millions de dollars, tandis que le classement \u00ab 40 under 40 \u00bb du <em>Times<\/em> a estim\u00e9 sa richesse autour de 175 millions de livres en 2024.<\/p>\n<p>Cette aisance financi\u00e8re s&rsquo;explique par la diversit\u00e9 de ses revenus : ventes d&rsquo;albums et de singles, tourn\u00e9es mondiales \u00e0 guichets ferm\u00e9s, r\u00f4les au cin\u00e9ma, contrats publicitaires et, depuis novembre 2021, sa marque de beaut\u00e9 et de cosm\u00e9tiques Pleasing. Ce portefeuille d&rsquo;activit\u00e9s fait de lui l&rsquo;un des artistes britanniques les plus prosp\u00e8res de sa g\u00e9n\u00e9ration.<\/p>\n<aside style=\"background:#fafaf7;border:1px solid #e5e5e0;border-radius:8px;padding:24px 26px 26px;margin:28px 0;font-family:-apple-system,BlinkMacSystemFont,'Segoe UI',Roboto,sans-serif;\">\n<div style=\"margin:0 0 18px 0;font-size:11px;font-weight:700;text-transform:uppercase;letter-spacing:2.2px;color:#B11E6A;\">\u00c0 retenir<\/div>\n<div style=\"display:grid;grid-template-columns:repeat(auto-fit,minmax(240px,1fr));gap:10px;\">\n<div style=\"display:flex;gap:12px;background:#fff;border:1px solid #ebebe5;padding:12px 14px;border-radius:6px;align-items:flex-start;\">\n      <span style=\"flex:0 0 26px;width:26px;height:26px;background:#B11E6A;color:#fff;border-radius:50%;display:inline-flex;align-items:center;justify-content:center;font-size:12px;font-weight:700;\">1<\/span><br \/>\n      <span style=\"font-size:14px;line-height:1.5;color:#2a2a2a;\">N\u00e9 en 1994 \u00e0 Redditch, Harry Styles a 32 ans en 2026.<\/span>\n    <\/div>\n<div style=\"display:flex;gap:12px;background:#fff;border:1px solid #ebebe5;padding:12px 14px;border-radius:6px;align-items:flex-start;\">\n      <span style=\"flex:0 0 26px;width:26px;height:26px;background:#B11E6A;color:#fff;border-radius:50%;display:inline-flex;align-items:center;justify-content:center;font-size:12px;font-weight:700;\">2<\/span><br \/>\n      <span style=\"font-size:14px;line-height:1.5;color:#2a2a2a;\">R\u00e9v\u00e9l\u00e9 par One Direction, il s&rsquo;est impos\u00e9 en solo d\u00e8s 2017.<\/span>\n    <\/div>\n<div style=\"display:flex;gap:12px;background:#fff;border:1px solid #ebebe5;padding:12px 14px;border-radius:6px;align-items:flex-start;\">\n      <span style=\"flex:0 0 26px;width:26px;height:26px;background:#B11E6A;color:#fff;border-radius:50%;display:inline-flex;align-items:center;justify-content:center;font-size:12px;font-weight:700;\">3<\/span><br \/>\n      <span style=\"font-size:14px;line-height:1.5;color:#2a2a2a;\">Triple laur\u00e9at des Grammy Awards, dont l&rsquo;Album de l&rsquo;ann\u00e9e pour <em>Harry&rsquo;s House<\/em>.<\/span>\n    <\/div>\n<div style=\"display:flex;gap:12px;background:#fff;border:1px solid #ebebe5;padding:12px 14px;border-radius:6px;align-items:flex-start;\">\n      <span style=\"flex:0 0 26px;width:26px;height:26px;background:#B11E6A;color:#fff;border-radius:50%;display:inline-flex;align-items:center;justify-content:center;font-size:12px;font-weight:700;\">4<\/span><br \/>\n      <span style=\"font-size:14px;line-height:1.5;color:#2a2a2a;\">Acteur (<em>Dunkirk<\/em>, <em>Don&rsquo;t Worry Darling<\/em>) et fondateur de la marque Pleasing.<\/span>\n    <\/div>\n<\/p><\/div>\n<\/aside>\n<h2 style=\"font-size:26px;font-weight:800;letter-spacing:-0.01em;color:#1a1a1a;margin:48px 0 12px;font-family:-apple-system,BlinkMacSystemFont,'Segoe UI',Roboto,sans-serif;\">Anecdotes<\/h2>\n<div style=\"display:grid;grid-template-columns:repeat(auto-fit,minmax(220px,1fr));gap:14px;margin:28px 0;font-family:-apple-system,BlinkMacSystemFont,'Segoe UI',Roboto,sans-serif;\">\n<article style=\"background:#fff;border:1px solid #e5e5e0;border-top:3px solid #B11E6A;border-radius:6px;padding:18px 18px 16px;\">\n<div style=\"width:36px;height:36px;background:#FBEAF2;border-radius:50%;display:inline-flex;align-items:center;justify-content:center;margin-bottom:12px;\">\n      <span style=\"font-size:18px;color:#B11E6A;font-weight:900;font-family:Georgia,serif;\">01<\/span>\n    <\/div>\n<h3 style=\"margin:0 0 6px 0;font-size:16px;font-weight:700;color:#1a1a1a;letter-spacing:-0.01em;\">Un nom de groupe sign\u00e9 Harry<\/h3>\n<div style=\"margin:0;font-size:13.5px;line-height:1.55;color:#4a4a4a;\">C&rsquo;est Harry Styles lui-m\u00eame qui aurait propos\u00e9 le nom \u00ab One Direction \u00bb lors de l&rsquo;aventure <em>The X Factor<\/em>.<\/div>\n<\/article>\n<article style=\"background:#fff;border:1px solid #e5e5e0;border-top:3px solid #B11E6A;border-radius:6px;padding:18px 18px 16px;\">\n<div style=\"width:36px;height:36px;background:#FBEAF2;border-radius:50%;display:inline-flex;align-items:center;justify-content:center;margin-bottom:12px;\">\n      <span style=\"font-size:18px;color:#B11E6A;font-weight:900;font-family:Georgia,serif;\">02<\/span>\n    <\/div>\n<h3 style=\"margin:0 0 6px 0;font-size:16px;font-weight:700;color:#1a1a1a;letter-spacing:-0.01em;\">Du cin\u00e9ma d\u00e8s le premier r\u00f4le<\/h3>\n<div style=\"margin:0;font-size:13.5px;line-height:1.55;color:#4a4a4a;\">Pour ses d\u00e9buts d&rsquo;acteur, il d\u00e9croche un r\u00f4le dans <em>Dunkirk<\/em>, sign\u00e9 Christopher Nolan, l&rsquo;un des cin\u00e9astes les plus en vue d&rsquo;Hollywood.<\/div>\n<\/article>\n<article style=\"background:#fff;border:1px solid #e5e5e0;border-top:3px solid #B11E6A;border-radius:6px;padding:18px 18px 16px;\">\n<div style=\"width:36px;height:36px;background:#FBEAF2;border-radius:50%;display:inline-flex;align-items:center;justify-content:center;margin-bottom:12px;\">\n      <span style=\"font-size:18px;color:#B11E6A;font-weight:900;font-family:Georgia,serif;\">03<\/span>\n    <\/div>\n<h3 style=\"margin:0 0 6px 0;font-size:16px;font-weight:700;color:#1a1a1a;letter-spacing:-0.01em;\">Entrepreneur de la beaut\u00e9<\/h3>\n<div style=\"margin:0;font-size:13.5px;line-height:1.55;color:#4a4a4a;\">En 2021, il lance Pleasing, une marque de cosm\u00e9tiques et de soins non genr\u00e9e, prolongeant son image d&rsquo;ic\u00f4ne mode.<\/div>\n<\/article>\n<article style=\"background:#fff;border:1px solid #e5e5e0;border-top:3px solid #B11E6A;border-radius:6px;padding:18px 18px 16px;\">\n<div style=\"width:36px;height:36px;background:#FBEAF2;border-radius:50%;display:inline-flex;align-items:center;justify-content:center;margin-bottom:12px;\">\n      <span style=\"font-size:18px;color:#B11E6A;font-weight:900;font-family:Georgia,serif;\">04<\/span>\n    <\/div>\n<h3 style=\"margin:0 0 6px 0;font-size:16px;font-weight:700;color:#1a1a1a;letter-spacing:-0.01em;\">Une ic\u00f4ne de mode fluide<\/h3>\n<div style=\"margin:0;font-size:13.5px;line-height:1.55;color:#4a4a4a;\">Vernis, perles et costumes color\u00e9s : son style brouille les codes de genre et a marqu\u00e9 la pop culture des ann\u00e9es 2020.<\/div>\n<\/article>\n<\/div>\n<figure style=\"margin:38px auto;padding:28px 24px;text-align:center;border-top:1px solid #2a2a2a;border-bottom:1px solid #2a2a2a;max-width:640px;position:relative;font-family:Georgia,'Hoefler Text',serif;\">\n<div style=\"position:absolute;top:-20px;left:50%;transform:translateX(-50%);background:#ffffff;padding:0 14px;font-size:48px;line-height:1;color:#B11E6A;font-family:Georgia,serif;\">&laquo;<\/div>\n<blockquote style=\"margin:0;padding:0;font-size:24px;line-height:1.45;font-style:italic;color:#1a1a1a;letter-spacing:-0.005em;\"><p>\n    D&rsquo;un t\u00e9l\u00e9-crochet rat\u00e9 en solo \u00e0 l&rsquo;Album de l&rsquo;ann\u00e9e aux Grammy : la trajectoire de Harry Styles tient autant du talent que de la r\u00e9invention.<br \/>\n  <\/blockquote><figcaption style=\"margin-top:14px;font-size:12px;text-transform:uppercase;letter-spacing:2px;color:#6a6a6a;font-family:-apple-system,sans-serif;font-style:normal;\">\u2014 La r\u00e9daction<\/figcaption><\/figure>\n<section style=\"margin:32px 0;font-family:-apple-system,BlinkMacSystemFont,'Segoe UI',Roboto,sans-serif;\">\n<h2 style=\"margin:0 0 18px 0;font-size:22px;font-weight:800;color:#1a1a1a;letter-spacing:-0.01em;\">Questions fr\u00e9quentes<\/h2>\n<div style=\"border-top:1px solid #d4cfc4;\">\n<details style=\"border-bottom:1px solid #d4cfc4;padding:0;\">\n<summary style=\"cursor:pointer;padding:16px 0;font-size:17px;font-weight:700;color:#1a1a1a;list-style:none;display:flex;justify-content:space-between;align-items:center;gap:14px;\">\n        <span>Quelle est la taille de Harry Styles ?<\/span><br \/>\n        <span style=\"font-size:22px;font-weight:300;color:#B11E6A;line-height:1;\">+<\/span><br \/>\n      <\/summary>\n<div style=\"padding:0 0 16px 0;font-size:15px;line-height:1.7;color:#4a4a4a;\">Harry Styles mesure environ 1,83 m (\u00e0 peu pr\u00e8s 6 pieds). Comme pour la plupart des c\u00e9l\u00e9brit\u00e9s, il s&rsquo;agit d&rsquo;une estimation, les sources relevant des valeurs proches de 1,83 \u00e0 1,85 m.<\/div>\n<\/details>\n<details style=\"border-bottom:1px solid #d4cfc4;padding:0;\">\n<summary style=\"cursor:pointer;padding:16px 0;font-size:17px;font-weight:700;color:#1a1a1a;list-style:none;display:flex;justify-content:space-between;align-items:center;gap:14px;\">\n        <span>Quel \u00e2ge a Harry Styles ?<\/span><br \/>\n        <span style=\"font-size:22px;font-weight:300;color:#B11E6A;line-height:1;\">+<\/span><br \/>\n      <\/summary>\n<div style=\"padding:0 0 16px 0;font-size:15px;line-height:1.7;color:#4a4a4a;\">N\u00e9 le 1<sup>er<\/sup> f\u00e9vrier 1994 \u00e0 Redditch, en Angleterre, Harry Styles a 32 ans en 2026.<\/div>\n<\/details>\n<details style=\"border-bottom:1px solid #d4cfc4;padding:0;\">\n<summary style=\"cursor:pointer;padding:16px 0;font-size:17px;font-weight:700;color:#1a1a1a;list-style:none;display:flex;justify-content:space-between;align-items:center;gap:14px;\">\n        <span>Harry Styles est-il en couple ?<\/span><br \/>\n        <span style=\"font-size:22px;font-weight:300;color:#B11E6A;line-height:1;\">+<\/span><br \/>\n      <\/summary>\n<div style=\"padding:0 0 16px 0;font-size:15px;line-height:1.7;color:#4a4a4a;\">Harry Styles reste tr\u00e8s discret sur sa vie sentimentale et commente rarement ses relations. Plusieurs liaisons lui ont \u00e9t\u00e9 pr\u00eat\u00e9es par la presse, mais l&rsquo;artiste fait du respect de sa vie priv\u00e9e une ligne de conduite. Nous nous en tenons aux \u00e9l\u00e9ments factuels et publics.<\/div>\n<\/details>\n<details style=\"border-bottom:1px solid #d4cfc4;padding:0;\">\n<summary style=\"cursor:pointer;padding:16px 0;font-size:17px;font-weight:700;color:#1a1a1a;list-style:none;display:flex;justify-content:space-between;align-items:center;gap:14px;\">\n        <span>Quelles sont les origines de Harry Styles ?<\/span><br \/>\n        <span style=\"font-size:22px;font-weight:300;color:#B11E6A;line-height:1;\">+<\/span><br \/>\n      <\/summary>\n<div style=\"padding:0 0 16px 0;font-size:15px;line-height:1.7;color:#4a4a4a;\">Harry Styles est britannique. Il est n\u00e9 \u00e0 Redditch, dans le Worcestershire, et a grandi \u00e0 Holmes Chapel, dans le Cheshire, en Angleterre.<\/div>\n<\/details>\n<details style=\"padding:0;\">\n<summary style=\"cursor:pointer;padding:16px 0;font-size:17px;font-weight:700;color:#1a1a1a;list-style:none;display:flex;justify-content:space-between;align-items:center;gap:14px;\">\n        <span>Quelle est la fortune de Harry Styles ?<\/span><br \/>\n        <span style=\"font-size:22px;font-weight:300;color:#B11E6A;line-height:1;\">+<\/span><br \/>\n      <\/summary>\n<div style=\"padding:0 0 16px 0;font-size:15px;line-height:1.7;color:#4a4a4a;\">Sa fortune est estim\u00e9e par les m\u00e9dias sp\u00e9cialis\u00e9s, sans chiffre officiel. Les estimations vont d&rsquo;environ 140 millions de dollars (Celebrity Net Worth) \u00e0 pr\u00e8s de 175 millions de livres selon le classement \u00ab 40 under 40 \u00bb du <em>Times<\/em> en 2024, gr\u00e2ce \u00e0 la musique, au cin\u00e9ma et \u00e0 sa marque Pleasing.<\/div>\n<\/details><\/div>\n<\/section>\n<p style=\"font-size:13px;color:#6a6a6a;margin-top:32px;\">Sources : Wikip\u00e9dia et donn\u00e9es publiques. Article mis \u00e0 jour r\u00e9guli\u00e8rement.<\/p>\n","protected":false},"excerpt":{"rendered":"","protected":false},"author":34,"featured_media":999999999,"comment_status":"open","ping_status":"open","sticky":false,"template":"","format":"standard","meta":{"_acf_changed":false,"manual_indexmenow":false,"indexmenow_id_project":0,"footnotes":""},"categories":[4522],"tags":[],"class_list":["post-7974","post","type-post","status-publish","format-standard","has-post-thumbnail","hentry","category-musique-et-icones-musicales","generate-columns","tablet-grid-50","mobile-grid-100","grid-parent","grid-25"],"acf":[],"yoast_head":"<!-- This site is optimized with the Yoast SEO Premium plugin v21.3 (Yoast SEO v26.5) - https:\/\/yoast.com\/wordpress\/plugins\/seo\/ -->\n<title>Harry Styles : taille, \u00e2ge, couple, origines et fortune<\/title>\n<meta name=\"description\" content=\"Harry Edward Styles na\u00eet le 1er f\u00e9vrier 1994 \u00e0 Redditch, dans le comt\u00e9 du Worcestershire, en Angleterre. Il grandit ensuite \u00e0 Holmes Chapel\" \/>\n<meta name=\"robots\" content=\"index, follow, max-snippet:-1, max-image-preview:large, max-video-preview:-1\" \/>\n<link rel=\"canonical\" href=\"https:\/\/starstory.fr\/blog\/musique-et-icones-musicales\/harry-styles-taille-age-couple-origines-et-fortune-la-fiche-complete\/\" \/>\n<meta property=\"og:locale\" content=\"fr_FR\" \/>\n<meta property=\"og:type\" content=\"article\" \/>\n<meta property=\"og:title\" content=\"Harry Styles : taille, \u00e2ge, couple, origines et fortune\" \/>\n<meta property=\"og:description\" content=\"Harry Edward Styles na\u00eet le 1er f\u00e9vrier 1994 \u00e0 Redditch, dans le comt\u00e9 du Worcestershire, en Angleterre. Il grandit ensuite \u00e0 Holmes Chapel\" \/>\n<meta property=\"og:url\" content=\"https:\/\/starstory.fr\/blog\/musique-et-icones-musicales\/harry-styles-taille-age-couple-origines-et-fortune-la-fiche-complete\/\" \/>\n<meta property=\"og:site_name\" content=\"starstory\" \/>\n<meta name=\"author\" content=\"Rapha\u00ebl D.\" \/>\n<meta name=\"twitter:card\" content=\"summary_large_image\" \/>\n<script type=\"application\/ld+json\" class=\"yoast-schema-graph\">{\"@context\":\"https:\/\/schema.org\",\"@graph\":[{\"@type\":\"NewsArticle\",\"@id\":\"https:\/\/starstory.fr\/blog\/musique-et-icones-musicales\/harry-styles-taille-age-couple-origines-et-fortune-la-fiche-complete\/#article\",\"isPartOf\":{\"@id\":\"https:\/\/starstory.fr\/blog\/musique-et-icones-musicales\/harry-styles-taille-age-couple-origines-et-fortune-la-fiche-complete\/\"},\"author\":{\"name\":\"Rapha\u00ebl D.\",\"@id\":\"https:\/\/starstory.fr\/blog\/#\/schema\/person\/3c864cdc320801e3db34b663e7e3f816\"},\"headline\":\"Harry Styles : taille, \u00e2ge, couple, origines et fortune \u2014 la fiche compl\u00e8te\",\"datePublished\":\"2026-06-05T23:41:07+00:00\",\"mainEntityOfPage\":{\"@id\":\"https:\/\/starstory.fr\/blog\/musique-et-icones-musicales\/harry-styles-taille-age-couple-origines-et-fortune-la-fiche-complete\/\"},\"wordCount\":1705,\"commentCount\":0,\"publisher\":{\"@id\":\"https:\/\/starstory.fr\/blog\/#organization\"},\"image\":{\"@id\":\"https:\/\/starstory.fr\/blog\/musique-et-icones-musicales\/harry-styles-taille-age-couple-origines-et-fortune-la-fiche-complete\/#primaryimage\"},\"thumbnailUrl\":\"https:\/\/images.pexels.com\/photos\/13807986\/pexels-photo-13807986.jpeg?auto=compress&cs=tinysrgb&fit=crop&h=627&w=1200\",\"articleSection\":[\"Musique et Ic\u00f4nes Musicales\"],\"inLanguage\":\"fr-FR\",\"potentialAction\":[{\"@type\":\"CommentAction\",\"name\":\"Comment\",\"target\":[\"https:\/\/starstory.fr\/blog\/musique-et-icones-musicales\/harry-styles-taille-age-couple-origines-et-fortune-la-fiche-complete\/#respond\"]}]},{\"@type\":\"WebPage\",\"@id\":\"https:\/\/starstory.fr\/blog\/musique-et-icones-musicales\/harry-styles-taille-age-couple-origines-et-fortune-la-fiche-complete\/\",\"url\":\"https:\/\/starstory.fr\/blog\/musique-et-icones-musicales\/harry-styles-taille-age-couple-origines-et-fortune-la-fiche-complete\/\",\"name\":\"Harry Styles : taille, \u00e2ge, couple, origines et fortune\",\"isPartOf\":{\"@id\":\"https:\/\/starstory.fr\/blog\/#website\"},\"primaryImageOfPage\":{\"@id\":\"https:\/\/starstory.fr\/blog\/musique-et-icones-musicales\/harry-styles-taille-age-couple-origines-et-fortune-la-fiche-complete\/#primaryimage\"},\"image\":{\"@id\":\"https:\/\/starstory.fr\/blog\/musique-et-icones-musicales\/harry-styles-taille-age-couple-origines-et-fortune-la-fiche-complete\/#primaryimage\"},\"thumbnailUrl\":\"https:\/\/images.pexels.com\/photos\/13807986\/pexels-photo-13807986.jpeg?auto=compress&cs=tinysrgb&fit=crop&h=627&w=1200\",\"datePublished\":\"2026-06-05T23:41:07+00:00\",\"description\":\"Harry Edward Styles na\u00eet le 1er f\u00e9vrier 1994 \u00e0 Redditch, dans le comt\u00e9 du Worcestershire, en Angleterre. Il grandit ensuite \u00e0 Holmes Chapel\",\"inLanguage\":\"fr-FR\",\"potentialAction\":[{\"@type\":\"ReadAction\",\"target\":[\"https:\/\/starstory.fr\/blog\/musique-et-icones-musicales\/harry-styles-taille-age-couple-origines-et-fortune-la-fiche-complete\/\"]}]},{\"@type\":\"ImageObject\",\"inLanguage\":\"fr-FR\",\"@id\":\"https:\/\/starstory.fr\/blog\/musique-et-icones-musicales\/harry-styles-taille-age-couple-origines-et-fortune-la-fiche-complete\/#primaryimage\",\"url\":\"https:\/\/images.pexels.com\/photos\/13807986\/pexels-photo-13807986.jpeg?auto=compress&cs=tinysrgb&fit=crop&h=627&w=1200\",\"contentUrl\":\"https:\/\/images.pexels.com\/photos\/13807986\/pexels-photo-13807986.jpeg?auto=compress&cs=tinysrgb&fit=crop&h=627&w=1200\"},{\"@type\":\"WebSite\",\"@id\":\"https:\/\/starstory.fr\/blog\/#website\",\"url\":\"https:\/\/starstory.fr\/blog\/\",\"name\":\"StarStory\",\"description\":\"StarStory, les \u00e9toiles racontent leur histoire\",\"publisher\":{\"@id\":\"https:\/\/starstory.fr\/blog\/#organization\"},\"alternateName\":\"StarStory, les \u00e9toiles racontent leur histoire\",\"potentialAction\":[{\"@type\":\"SearchAction\",\"target\":{\"@type\":\"EntryPoint\",\"urlTemplate\":\"https:\/\/starstory.fr\/blog\/?s={search_term_string}\"},\"query-input\":{\"@type\":\"PropertyValueSpecification\",\"valueRequired\":true,\"valueName\":\"search_term_string\"}}],\"inLanguage\":\"fr-FR\"},{\"@type\":\"Organization\",\"@id\":\"https:\/\/starstory.fr\/blog\/#organization\",\"name\":\"StarStory\",\"alternateName\":\"StarStory.fr\",\"url\":\"https:\/\/starstory.fr\/blog\/\",\"logo\":{\"@type\":\"ImageObject\",\"inLanguage\":\"fr-FR\",\"@id\":\"https:\/\/starstory.fr\/blog\/#\/schema\/logo\/image\/\",\"url\":\"https:\/\/starstory.fr\/blog\/wp-content\/uploads\/2024\/12\/38.png\",\"contentUrl\":\"https:\/\/starstory.fr\/blog\/wp-content\/uploads\/2024\/12\/38.png\",\"width\":500,\"height\":500,\"caption\":\"StarStory\"},\"image\":{\"@id\":\"https:\/\/starstory.fr\/blog\/#\/schema\/logo\/image\/\"}},{\"@type\":\"Person\",\"@id\":\"https:\/\/starstory.fr\/blog\/#\/schema\/person\/3c864cdc320801e3db34b663e7e3f816\",\"name\":\"Rapha\u00ebl D.\",\"image\":{\"@type\":\"ImageObject\",\"inLanguage\":\"fr-FR\",\"@id\":\"https:\/\/starstory.fr\/blog\/#\/schema\/person\/image\/\",\"url\":\"https:\/\/starstory.fr\/blog\/wp-content\/uploads\/2026\/06\/persona_raphael-d-96x96.jpg\",\"contentUrl\":\"https:\/\/starstory.fr\/blog\/wp-content\/uploads\/2026\/06\/persona_raphael-d-96x96.jpg\",\"caption\":\"Rapha\u00ebl D.\"},\"description\":\"La culture est mon terrain de jeu depuis une dizaine d'ann\u00e9es : arts visuels, s\u00e9ries, cr\u00e9ation et tout ce qui nourrit l'imaginaire. J'\u00e9cris aussi bien sur l'actualit\u00e9 des \u0153uvres que sur les coulisses de la cr\u00e9ation, avec l'envie de relier l'amateur curieux \u00e0 des univers parfois jug\u00e9s intimidants. J'aime analyser une s\u00e9rie ou une d\u00e9marche artistique sans p\u00e9dantisme, replacer une \u0153uvre dans son contexte et donner des cl\u00e9s de lecture accessibles. Avant de publier, je v\u00e9rifie mes r\u00e9f\u00e9rences, je recoupe les sources et je distingue clairement le fait de mon interpr\u00e9tation subjective. Je crois qu'une critique vaut surtout par les arguments qu'elle expose, pas par la sentence qu'elle rend. Mon angle : transmettre l'envie de d\u00e9couvrir, de regarder autrement et de se forger son propre go\u00fbt. La culture n'appartient pas qu'aux initi\u00e9s, et c'est tout l'enjeu de mon \u00e9criture.\",\"url\":\"https:\/\/starstory.fr\/blog\/auteur\/noname\/\",\"jobTitle\":\"R\u00e9dacteur en chef \u00b7 Culture & Cr\u00e9ation\",\"knowsAbout\":[\"Culture\",\"Cr\u00e9ation\"],\"email\":\"raphael.d@a-l-asso-de-l-art.fr\"}]}<\/script>\n<!-- \/ Yoast SEO Premium plugin. -->","yoast_head_json":{"title":"Harry Styles : taille, \u00e2ge, couple, origines et fortune","description":"Harry Edward Styles na\u00eet le 1er f\u00e9vrier 1994 \u00e0 Redditch, dans le comt\u00e9 du Worcestershire, en Angleterre. Il grandit ensuite \u00e0 Holmes Chapel","robots":{"index":"index","follow":"follow","max-snippet":"max-snippet:-1","max-image-preview":"max-image-preview:large","max-video-preview":"max-video-preview:-1"},"canonical":"https:\/\/starstory.fr\/blog\/musique-et-icones-musicales\/harry-styles-taille-age-couple-origines-et-fortune-la-fiche-complete\/","og_locale":"fr_FR","og_type":"article","og_title":"Harry Styles : taille, \u00e2ge, couple, origines et fortune","og_description":"Harry Edward Styles na\u00eet le 1er f\u00e9vrier 1994 \u00e0 Redditch, dans le comt\u00e9 du Worcestershire, en Angleterre. Il grandit ensuite \u00e0 Holmes Chapel","og_url":"https:\/\/starstory.fr\/blog\/musique-et-icones-musicales\/harry-styles-taille-age-couple-origines-et-fortune-la-fiche-complete\/","og_site_name":"starstory","author":"Rapha\u00ebl D.","twitter_card":"summary_large_image","schema":{"@context":"https:\/\/schema.org","@graph":[{"@type":"NewsArticle","@id":"https:\/\/starstory.fr\/blog\/musique-et-icones-musicales\/harry-styles-taille-age-couple-origines-et-fortune-la-fiche-complete\/#article","isPartOf":{"@id":"https:\/\/starstory.fr\/blog\/musique-et-icones-musicales\/harry-styles-taille-age-couple-origines-et-fortune-la-fiche-complete\/"},"author":{"name":"Rapha\u00ebl D.","@id":"https:\/\/starstory.fr\/blog\/#\/schema\/person\/3c864cdc320801e3db34b663e7e3f816"},"headline":"Harry Styles : taille, \u00e2ge, couple, origines et fortune \u2014 la fiche compl\u00e8te","datePublished":"2026-06-05T23:41:07+00:00","mainEntityOfPage":{"@id":"https:\/\/starstory.fr\/blog\/musique-et-icones-musicales\/harry-styles-taille-age-couple-origines-et-fortune-la-fiche-complete\/"},"wordCount":1705,"commentCount":0,"publisher":{"@id":"https:\/\/starstory.fr\/blog\/#organization"},"image":{"@id":"https:\/\/starstory.fr\/blog\/musique-et-icones-musicales\/harry-styles-taille-age-couple-origines-et-fortune-la-fiche-complete\/#primaryimage"},"thumbnailUrl":"https:\/\/images.pexels.com\/photos\/13807986\/pexels-photo-13807986.jpeg?auto=compress&cs=tinysrgb&fit=crop&h=627&w=1200","articleSection":["Musique et Ic\u00f4nes Musicales"],"inLanguage":"fr-FR","potentialAction":[{"@type":"CommentAction","name":"Comment","target":["https:\/\/starstory.fr\/blog\/musique-et-icones-musicales\/harry-styles-taille-age-couple-origines-et-fortune-la-fiche-complete\/#respond"]}]},{"@type":"WebPage","@id":"https:\/\/starstory.fr\/blog\/musique-et-icones-musicales\/harry-styles-taille-age-couple-origines-et-fortune-la-fiche-complete\/","url":"https:\/\/starstory.fr\/blog\/musique-et-icones-musicales\/harry-styles-taille-age-couple-origines-et-fortune-la-fiche-complete\/","name":"Harry Styles : taille, \u00e2ge, couple, origines et fortune","isPartOf":{"@id":"https:\/\/starstory.fr\/blog\/#website"},"primaryImageOfPage":{"@id":"https:\/\/starstory.fr\/blog\/musique-et-icones-musicales\/harry-styles-taille-age-couple-origines-et-fortune-la-fiche-complete\/#primaryimage"},"image":{"@id":"https:\/\/starstory.fr\/blog\/musique-et-icones-musicales\/harry-styles-taille-age-couple-origines-et-fortune-la-fiche-complete\/#primaryimage"},"thumbnailUrl":"https:\/\/images.pexels.com\/photos\/13807986\/pexels-photo-13807986.jpeg?auto=compress&cs=tinysrgb&fit=crop&h=627&w=1200","datePublished":"2026-06-05T23:41:07+00:00","description":"Harry Edward Styles na\u00eet le 1er f\u00e9vrier 1994 \u00e0 Redditch, dans le comt\u00e9 du Worcestershire, en Angleterre. Il grandit ensuite \u00e0 Holmes Chapel","inLanguage":"fr-FR","potentialAction":[{"@type":"ReadAction","target":["https:\/\/starstory.fr\/blog\/musique-et-icones-musicales\/harry-styles-taille-age-couple-origines-et-fortune-la-fiche-complete\/"]}]},{"@type":"ImageObject","inLanguage":"fr-FR","@id":"https:\/\/starstory.fr\/blog\/musique-et-icones-musicales\/harry-styles-taille-age-couple-origines-et-fortune-la-fiche-complete\/#primaryimage","url":"https:\/\/images.pexels.com\/photos\/13807986\/pexels-photo-13807986.jpeg?auto=compress&cs=tinysrgb&fit=crop&h=627&w=1200","contentUrl":"https:\/\/images.pexels.com\/photos\/13807986\/pexels-photo-13807986.jpeg?auto=compress&cs=tinysrgb&fit=crop&h=627&w=1200"},{"@type":"WebSite","@id":"https:\/\/starstory.fr\/blog\/#website","url":"https:\/\/starstory.fr\/blog\/","name":"StarStory","description":"StarStory, les \u00e9toiles racontent leur histoire","publisher":{"@id":"https:\/\/starstory.fr\/blog\/#organization"},"alternateName":"StarStory, les \u00e9toiles racontent leur histoire","potentialAction":[{"@type":"SearchAction","target":{"@type":"EntryPoint","urlTemplate":"https:\/\/starstory.fr\/blog\/?s={search_term_string}"},"query-input":{"@type":"PropertyValueSpecification","valueRequired":true,"valueName":"search_term_string"}}],"inLanguage":"fr-FR"},{"@type":"Organization","@id":"https:\/\/starstory.fr\/blog\/#organization","name":"StarStory","alternateName":"StarStory.fr","url":"https:\/\/starstory.fr\/blog\/","logo":{"@type":"ImageObject","inLanguage":"fr-FR","@id":"https:\/\/starstory.fr\/blog\/#\/schema\/logo\/image\/","url":"https:\/\/starstory.fr\/blog\/wp-content\/uploads\/2024\/12\/38.png","contentUrl":"https:\/\/starstory.fr\/blog\/wp-content\/uploads\/2024\/12\/38.png","width":500,"height":500,"caption":"StarStory"},"image":{"@id":"https:\/\/starstory.fr\/blog\/#\/schema\/logo\/image\/"}},{"@type":"Person","@id":"https:\/\/starstory.fr\/blog\/#\/schema\/person\/3c864cdc320801e3db34b663e7e3f816","name":"Rapha\u00ebl D.","image":{"@type":"ImageObject","inLanguage":"fr-FR","@id":"https:\/\/starstory.fr\/blog\/#\/schema\/person\/image\/","url":"https:\/\/starstory.fr\/blog\/wp-content\/uploads\/2026\/06\/persona_raphael-d-96x96.jpg","contentUrl":"https:\/\/starstory.fr\/blog\/wp-content\/uploads\/2026\/06\/persona_raphael-d-96x96.jpg","caption":"Rapha\u00ebl D."},"description":"La culture est mon terrain de jeu depuis une dizaine d'ann\u00e9es : arts visuels, s\u00e9ries, cr\u00e9ation et tout ce qui nourrit l'imaginaire. J'\u00e9cris aussi bien sur l'actualit\u00e9 des \u0153uvres que sur les coulisses de la cr\u00e9ation, avec l'envie de relier l'amateur curieux \u00e0 des univers parfois jug\u00e9s intimidants. J'aime analyser une s\u00e9rie ou une d\u00e9marche artistique sans p\u00e9dantisme, replacer une \u0153uvre dans son contexte et donner des cl\u00e9s de lecture accessibles. Avant de publier, je v\u00e9rifie mes r\u00e9f\u00e9rences, je recoupe les sources et je distingue clairement le fait de mon interpr\u00e9tation subjective. Je crois qu'une critique vaut surtout par les arguments qu'elle expose, pas par la sentence qu'elle rend. Mon angle : transmettre l'envie de d\u00e9couvrir, de regarder autrement et de se forger son propre go\u00fbt. La culture n'appartient pas qu'aux initi\u00e9s, et c'est tout l'enjeu de mon \u00e9criture.","url":"https:\/\/starstory.fr\/blog\/auteur\/noname\/","jobTitle":"R\u00e9dacteur en chef \u00b7 Culture & Cr\u00e9ation","knowsAbout":["Culture","Cr\u00e9ation"],"email":"raphael.d@a-l-asso-de-l-art.fr"}]}},"_links":{"self":[{"href":"https:\/\/starstory.fr\/blog\/wp-json\/wp\/v2\/posts\/7974","targetHints":{"allow":["GET"]}}],"collection":[{"href":"https:\/\/starstory.fr\/blog\/wp-json\/wp\/v2\/posts"}],"about":[{"href":"https:\/\/starstory.fr\/blog\/wp-json\/wp\/v2\/types\/post"}],"author":[{"embeddable":true,"href":"https:\/\/starstory.fr\/blog\/wp-json\/wp\/v2\/users\/34"}],"replies":[{"embeddable":true,"href":"https:\/\/starstory.fr\/blog\/wp-json\/wp\/v2\/comments?post=7974"}],"version-history":[{"count":0,"href":"https:\/\/starstory.fr\/blog\/wp-json\/wp\/v2\/posts\/7974\/revisions"}],"wp:attachment":[{"href":"https:\/\/starstory.fr\/blog\/wp-json\/wp\/v2\/media?parent=7974"}],"wp:term":[{"taxonomy":"category","embeddable":true,"href":"https:\/\/starstory.fr\/blog\/wp-json\/wp\/v2\/categories?post=7974"},{"taxonomy":"post_tag","embeddable":true,"href":"https:\/\/starstory.fr\/blog\/wp-json\/wp\/v2\/tags?post=7974"}],"curies":[{"name":"wp","href":"https:\/\/api.w.org\/{rel}","templated":true}]}}