{"id":7972,"date":"2026-06-06T01:40:40","date_gmt":"2026-06-05T23:40:40","guid":{"rendered":"https:\/\/starstory.fr\/blog\/celebrites-et-influence-en-france\/vianney-taille-age-femme-enfants-et-fortune-la-fiche-complete\/"},"modified":"2026-06-06T01:40:40","modified_gmt":"2026-06-05T23:40:40","slug":"vianney-taille-age-femme-enfants-et-fortune-la-fiche-complete","status":"publish","type":"post","link":"https:\/\/starstory.fr\/blog\/celebrites-et-influence-en-france\/vianney-taille-age-femme-enfants-et-fortune-la-fiche-complete\/","title":{"rendered":"Vianney : taille, \u00e2ge, femme, enfants et fortune \u2014 la fiche compl\u00e8te"},"content":{"rendered":"<aside style=\"background:#FBEAF2;border-left:5px solid #B11E6A;padding:22px 28px;margin:24px 0;font-family:-apple-system,BlinkMacSystemFont,'Segoe UI',Roboto,sans-serif;\">\n<div style=\"margin:0;font-size:19px;line-height:1.55;color:#2a2a2a;font-weight:500;letter-spacing:-0.005em;\">\n    De son vrai nom <strong>Vianney Bureau<\/strong>, le chanteur n\u00e9 le 13 f\u00e9vrier 1991 \u00e0 Pau a conquis la France avec \u00ab Pas l\u00e0 \u00bb puis \u00ab Je m&rsquo;en vais \u00bb. Voici la fiche compl\u00e8te : son \u00e2ge, sa taille, sa femme la violoncelliste Catherine Robert, ses enfants et sa fortune estim\u00e9e.\n  <\/div>\n<\/aside>\n<p>R\u00e9v\u00e9l\u00e9 fin 2014 par le tube \u00ab Pas l\u00e0 \u00bb, <strong>Vianney<\/strong> s&rsquo;est impos\u00e9 en quelques ann\u00e9es comme l&rsquo;un des auteurs-compositeurs-interpr\u00e8tes les plus populaires de la chanson fran\u00e7aise. Disques de diamant, duos avec Ed Sheeran ou Florent Pagny, fauteuil de coach dans <em>The Voice<\/em> de 2021 \u00e0 2025 : son parcours est aussi solide que discret sur sa vie priv\u00e9e. Cette fiche r\u00e9unit, de mani\u00e8re factuelle, ce que l&rsquo;on sait de son identit\u00e9, de sa carri\u00e8re et de sa famille.<\/p>\n<figure style=\"margin:32px 0;font-family:-apple-system,BlinkMacSystemFont,'Segoe UI',Roboto,sans-serif;\">\n<div style=\"overflow-x:auto;border:1px solid #e5e5e0;border-radius:8px;\">\n<table style=\"width:100%;border-collapse:collapse;font-size:14px;color:#2a2a2a;min-width:500px;\">\n<thead>\n<tr style=\"background:#1a1a1a;color:#fff;\">\n<th style=\"text-align:left;padding:14px 18px;font-weight:700;font-size:12px;text-transform:uppercase;letter-spacing:1.5px;\">Carte d&rsquo;identit\u00e9<\/th>\n<th style=\"text-align:left;padding:14px 18px;font-weight:700;font-size:12px;text-transform:uppercase;letter-spacing:1.5px;\">Information<\/th>\n<\/tr>\n<\/thead>\n<tbody>\n<tr style=\"background:#fff;border-bottom:1px solid #f0ede5;\">\n<td style=\"padding:14px 18px;font-weight:600;\">Nom complet<\/td>\n<td style=\"padding:14px 18px;color:#4a4a4a;\">Vianney Bureau<\/td>\n<\/tr>\n<tr style=\"background:#FBEAF2;border-bottom:1px solid #f0ede5;\">\n<td style=\"padding:14px 18px;font-weight:600;\">Naissance<\/td>\n<td style=\"padding:14px 18px;color:#4a4a4a;\">13 f\u00e9vrier 1991 \u00e0 Pau (Pyr\u00e9n\u00e9es-Atlantiques)<\/td>\n<\/tr>\n<tr style=\"background:#fff;border-bottom:1px solid #f0ede5;\">\n<td style=\"padding:14px 18px;font-weight:600;\">\u00c2ge<\/td>\n<td style=\"padding:14px 18px;color:#4a4a4a;\">35 ans (en 2026)<\/td>\n<\/tr>\n<tr style=\"background:#FBEAF2;border-bottom:1px solid #f0ede5;\">\n<td style=\"padding:14px 18px;font-weight:600;\">Taille<\/td>\n<td style=\"padding:14px 18px;color:#4a4a4a;\">environ 1,90 m (estim\u00e9e, non officielle)<\/td>\n<\/tr>\n<tr style=\"background:#fff;border-bottom:1px solid #f0ede5;\">\n<td style=\"padding:14px 18px;font-weight:600;\">Nationalit\u00e9<\/td>\n<td style=\"padding:14px 18px;color:#4a4a4a;\">Fran\u00e7aise<\/td>\n<\/tr>\n<tr style=\"background:#FBEAF2;border-bottom:1px solid #f0ede5;\">\n<td style=\"padding:14px 18px;font-weight:600;\">Profession<\/td>\n<td style=\"padding:14px 18px;color:#4a4a4a;\">Chanteur, auteur-compositeur-interpr\u00e8te, coach TV<\/td>\n<\/tr>\n<tr style=\"background:#fff;\">\n<td style=\"padding:14px 18px;font-weight:600;\">\u00c9pouse<\/td>\n<td style=\"padding:14px 18px;color:#4a4a4a;\">Catherine Robert (violoncelliste), mari\u00e9s en 2020<\/td>\n<\/tr>\n<\/tbody>\n<\/table><\/div>\n<\/figure>\n<h2>Biographie : de Pau aux sommets des charts<\/h2>\n<p>Vianney Bureau na\u00eet le 13 f\u00e9vrier 1991 \u00e0 Pau, dans les Pyr\u00e9n\u00e9es-Atlantiques. Il grandit dans une famille catholique pratiquante marqu\u00e9e par la musique : son p\u00e8re, pilote d&rsquo;h\u00e9licopt\u00e8re dans l&rsquo;aviation l\u00e9g\u00e8re de l&rsquo;arm\u00e9e de terre, lui fait d\u00e9couvrir tr\u00e8s t\u00f4t les grands noms de la chanson \u00e0 texte fran\u00e7aise.<\/p>\n<p>C&rsquo;est en \u00e9coutant son p\u00e8re reprendre des chansons de Georges Brassens, Fran\u00e7ois B\u00e9ranger, Maxime Le Forestier ou encore Rickie Lee Jones que le jeune Vianney attrape le virus. Vers l&rsquo;\u00e2ge de 12 ans, il commence \u00e0 \u00e9crire ses propres chansons, s&rsquo;accompagnant \u00e0 la guitare. Cette filiation avec la chanson \u00e0 texte restera la colonne vert\u00e9brale de son \u00e9criture, \u00e0 la fois simple, sinc\u00e8re et soign\u00e9e.<\/p>\n<aside style=\"background:#fafaf7;border-left:4px solid #B11E6A;padding:14px 18px;margin:18px 0;border-radius:0 4px 4px 0;font-family:-apple-system,BlinkMacSystemFont,'Segoe UI',Roboto,sans-serif;\">\n  <strong style=\"display:inline-block;color:#B11E6A;font-size:12px;text-transform:uppercase;letter-spacing:1.5px;margin-right:8px;\">Bon \u00e0 savoir<\/strong><br \/>\n  <span style=\"font-size:14.5px;line-height:1.55;color:#3a3a3a;\">Le pr\u00e9nom de sc\u00e8ne \u00ab Vianney \u00bb est aussi son v\u00e9ritable pr\u00e9nom : il n&rsquo;a fait que retirer son nom de famille, Bureau, pour la sc\u00e8ne.<\/span><br \/>\n<\/aside>\n<h2>Carri\u00e8re et tubes : \u00ab Pas l\u00e0 \u00bb, \u00ab Je m&rsquo;en vais \u00bb et les duos<\/h2>\n<p>Vianney se fait conna\u00eetre fin 2014 avec son premier album, <em>Id\u00e9es blanches<\/em>, port\u00e9 par le single \u00ab Pas l\u00e0 \u00bb. La chanson, \u00e0 la m\u00e9lodie ent\u00eatante et au texte teint\u00e9 d&rsquo;humour amer, devient un succ\u00e8s consid\u00e9rable et installe durablement le jeune artiste dans le paysage musical fran\u00e7ais.<\/p>\n<p>Mais c&rsquo;est son deuxi\u00e8me album, <em>Vianney<\/em> (2016), qui propulse r\u00e9ellement sa carri\u00e8re. Le single \u00ab Je m&rsquo;en vais \u00bb se hisse dans le top 5 des ventes en France et d\u00e9croche une certification diamant, devenant l&rsquo;un des plus grands succ\u00e8s de sa discographie. Le m\u00eame album contient \u00ab Moi aimer toi \u00bb, autre titre marquant de son r\u00e9pertoire.<\/p>\n<div style=\"display:grid;grid-template-columns:repeat(auto-fit,minmax(220px,1fr));gap:14px;margin:28px 0;font-family:-apple-system,BlinkMacSystemFont,'Segoe UI',Roboto,sans-serif;\">\n<article style=\"background:#fff;border:1px solid #e5e5e0;border-top:3px solid #B11E6A;border-radius:6px;padding:18px 18px 16px;\">\n<div style=\"width:36px;height:36px;background:#FBEAF2;border-radius:50%;display:inline-flex;align-items:center;justify-content:center;margin-bottom:12px;\">\n      <span style=\"font-size:18px;color:#B11E6A;font-weight:900;font-family:Georgia,serif;\">01<\/span>\n    <\/div>\n<h3 style=\"margin:0 0 6px 0;font-size:16px;font-weight:700;color:#1a1a1a;letter-spacing:-0.01em;\">Id\u00e9es blanches (2014)<\/h3>\n<div style=\"margin:0;font-size:13.5px;line-height:1.55;color:#4a4a4a;\">Le premier album, r\u00e9v\u00e9l\u00e9 par le tube \u00ab Pas l\u00e0 \u00bb qui lance toute sa carri\u00e8re.<\/div>\n<\/article>\n<article style=\"background:#fff;border:1px solid #e5e5e0;border-top:3px solid #B11E6A;border-radius:6px;padding:18px 18px 16px;\">\n<div style=\"width:36px;height:36px;background:#FBEAF2;border-radius:50%;display:inline-flex;align-items:center;justify-content:center;margin-bottom:12px;\">\n      <span style=\"font-size:18px;color:#B11E6A;font-weight:900;font-family:Georgia,serif;\">02<\/span>\n    <\/div>\n<h3 style=\"margin:0 0 6px 0;font-size:16px;font-weight:700;color:#1a1a1a;letter-spacing:-0.01em;\">Vianney (2016)<\/h3>\n<div style=\"margin:0;font-size:13.5px;line-height:1.55;color:#4a4a4a;\">L&rsquo;album de la cons\u00e9cration avec \u00ab Je m&rsquo;en vais \u00bb, single certifi\u00e9 diamant.<\/div>\n<\/article>\n<article style=\"background:#fff;border:1px solid #e5e5e0;border-top:3px solid #B11E6A;border-radius:6px;padding:18px 18px 16px;\">\n<div style=\"width:36px;height:36px;background:#FBEAF2;border-radius:50%;display:inline-flex;align-items:center;justify-content:center;margin-bottom:12px;\">\n      <span style=\"font-size:18px;color:#B11E6A;font-weight:900;font-family:Georgia,serif;\">03<\/span>\n    <\/div>\n<h3 style=\"margin:0 0 6px 0;font-size:16px;font-weight:700;color:#1a1a1a;letter-spacing:-0.01em;\">N&rsquo;attendons pas (2020)<\/h3>\n<div style=\"margin:0;font-size:13.5px;line-height:1.55;color:#4a4a4a;\">Troisi\u00e8me album, port\u00e9 notamment par le titre tendre \u00ab Beau-papa \u00bb.<\/div>\n<\/article>\n<article style=\"background:#fff;border:1px solid #e5e5e0;border-top:3px solid #B11E6A;border-radius:6px;padding:18px 18px 16px;\">\n<div style=\"width:36px;height:36px;background:#FBEAF2;border-radius:50%;display:inline-flex;align-items:center;justify-content:center;margin-bottom:12px;\">\n      <span style=\"font-size:18px;color:#B11E6A;font-weight:900;font-family:Georgia,serif;\">04<\/span>\n    <\/div>\n<h3 style=\"margin:0 0 6px 0;font-size:16px;font-weight:700;color:#1a1a1a;letter-spacing:-0.01em;\">\u00c0 2 \u00e0 3 (2023)<\/h3>\n<div style=\"margin:0;font-size:13.5px;line-height:1.55;color:#4a4a4a;\">Quatri\u00e8me album studio, confirmant sa place parmi les grands de la pop fran\u00e7aise.<\/div>\n<\/article>\n<\/div>\n<p>Au fil des ann\u00e9es, Vianney multiplie les collaborations marquantes. Il chante en duo avec Ed Sheeran sur \u00ab Call On Me \u00bb, mais aussi avec Zazie, Ben Mazu\u00e9, Kendji Girac, Soprano, MC Solaar, Renaud, Gims ou Florent Pagny. Cette capacit\u00e9 \u00e0 se fondre dans des univers vari\u00e9s t\u00e9moigne de sa polyvalence et de sa reconnaissance par ses pairs.<\/p>\n<p>De 2021 \u00e0 2025, il occupe par ailleurs un fauteuil de coach dans l&rsquo;\u00e9mission <em>The Voice \u2013 La plus belle voix<\/em> sur TF1, des saisons 10 \u00e0 14. Son ton bienveillant, son humour et sa p\u00e9dagogie en font rapidement une figure tr\u00e8s appr\u00e9ci\u00e9e du public familial. Cette exposition t\u00e9l\u00e9visuelle hebdomadaire \u00e9largit consid\u00e9rablement sa notori\u00e9t\u00e9, le faisant passer du statut de chanteur populaire \u00e0 celui de personnalit\u00e9 grand public reconnue de toutes les g\u00e9n\u00e9rations.<\/p>\n<p>Sur le plan musical, son \u00e9criture reste fid\u00e8le \u00e0 une ligne claire : des textes accessibles mais travaill\u00e9s, port\u00e9s par des m\u00e9lodies acoustiques o\u00f9 la guitare occupe une place centrale. Cette constance lui vaut une fid\u00e9lit\u00e9 rare de son public, qui le suit album apr\u00e8s album et remplit les salles lors de ses tourn\u00e9es \u00e0 travers la France et la francophonie.<\/p>\n<figure style=\"margin:38px auto;padding:28px 24px;text-align:center;border-top:1px solid #2a2a2a;border-bottom:1px solid #2a2a2a;max-width:640px;position:relative;font-family:Georgia,'Hoefler Text',serif;\">\n<div style=\"position:absolute;top:-20px;left:50%;transform:translateX(-50%);background:#ffffff;padding:0 14px;font-size:48px;line-height:1;color:#B11E6A;font-family:Georgia,serif;\">&laquo;<\/div>\n<blockquote style=\"margin:0;padding:0;font-size:24px;line-height:1.45;font-style:italic;color:#1a1a1a;letter-spacing:-0.005em;\"><p>\n    Une chanson, c&rsquo;est d&rsquo;abord un texte que l&rsquo;on pose, sinc\u00e8rement, avant d&rsquo;\u00eatre une m\u00e9lodie.<br \/>\n  <\/blockquote><figcaption style=\"margin-top:14px;font-size:12px;text-transform:uppercase;letter-spacing:2px;color:#6a6a6a;font-family:-apple-system,sans-serif;font-style:normal;\">\u2014 Esprit de l&rsquo;\u00e9criture de Vianney<\/figcaption><\/figure>\n<h2>Taille et physique : que sait-on vraiment ?<\/h2>\n<p>La <strong>taille de Vianney<\/strong> est l&rsquo;une des questions les plus pos\u00e9es \u00e0 son sujet sur Internet. Il faut toutefois rester prudent : l&rsquo;artiste n&rsquo;a jamais communiqu\u00e9 de mesure officielle, et les chiffres relay\u00e9s par les sites de c\u00e9l\u00e9brit\u00e9s varient sensiblement, allant d&rsquo;environ 1,75 m \u00e0 plus de 1,90 m selon les sources.<\/p>\n<p>Ce que l&rsquo;on peut affirmer sans se tromper, c&rsquo;est que Vianney est per\u00e7u comme un homme de grande taille, une silhouette \u00e9lanc\u00e9e souvent remarqu\u00e9e sur sc\u00e8ne et dans les \u00e9missions de t\u00e9l\u00e9vision. En l&rsquo;absence de chiffre confirm\u00e9 par l&rsquo;int\u00e9ress\u00e9, l&rsquo;estimation d&rsquo;<strong>environ 1,90 m<\/strong> reste donc \u00e0 prendre avec pr\u00e9caution.<\/p>\n<aside style=\"background:#fff7e0;border-left:4px solid #d4a017;padding:14px 18px;margin:18px 0;border-radius:0 4px 4px 0;font-family:-apple-system,BlinkMacSystemFont,'Segoe UI',Roboto,sans-serif;\">\n  <strong style=\"display:inline-block;color:#7a5e00;font-size:12px;text-transform:uppercase;letter-spacing:1.5px;margin-right:8px;\">Attention<\/strong><br \/>\n  <span style=\"font-size:14.5px;line-height:1.55;color:#3a3a3a;\">Aucune taille officielle n&rsquo;a \u00e9t\u00e9 communiqu\u00e9e par Vianney. Les mesures que l&rsquo;on trouve en ligne sont des estimations non v\u00e9rifi\u00e9es et parfois contradictoires.<\/span><br \/>\n<\/aside>\n<h2>Vie priv\u00e9e et famille : Catherine Robert et son fils<\/h2>\n<p>Tr\u00e8s discret sur sa vie priv\u00e9e, Vianney partage sa vie avec <strong>Catherine Robert<\/strong>, une violoncelliste. Le couple se marie le 14 juillet 2020. Leur histoire reste largement pr\u00e9serv\u00e9e des projecteurs, l&rsquo;artiste cultivant une r\u00e9elle pudeur sur ce qui touche \u00e0 sa famille.<\/p>\n<p>En 2021, le couple accueille son premier enfant, un fils pr\u00e9nomm\u00e9 <strong>Edgar<\/strong>. La naissance de ce gar\u00e7on a d&rsquo;ailleurs inspir\u00e9 au chanteur certaines de ses chansons les plus personnelles, \u00e0 l&rsquo;image de \u00ab Beau-papa \u00bb. \u00c0 ce jour, c&rsquo;est le seul enfant publiquement connu du couple.<\/p>\n<figure style=\"margin:32px 0;padding:0;font-family:-apple-system,BlinkMacSystemFont,'Segoe UI',Roboto,sans-serif;\">\n<div style=\"display:grid;grid-template-columns:repeat(auto-fit,minmax(140px,1fr));background:#1a1a1a;border-radius:6px;overflow:hidden;\">\n<div style=\"padding:22px 16px;text-align:center;border-right:1px solid #2f2f2f;\">\n<div style=\"font-size:36px;font-weight:900;color:#fff;letter-spacing:-0.04em;font-feature-settings:'tnum';line-height:1;\">2020<\/div>\n<div style=\"font-size:11px;text-transform:uppercase;letter-spacing:1.5px;color:#9a9a9a;margin-top:8px;\">Mariage<\/div>\n<\/p><\/div>\n<div style=\"padding:22px 16px;text-align:center;border-right:1px solid #2f2f2f;\">\n<div style=\"font-size:36px;font-weight:900;color:#fff;letter-spacing:-0.04em;font-feature-settings:'tnum';line-height:1;\">2021<\/div>\n<div style=\"font-size:11px;text-transform:uppercase;letter-spacing:1.5px;color:#9a9a9a;margin-top:8px;\">Naissance d&rsquo;Edgar<\/div>\n<\/p><\/div>\n<div style=\"padding:22px 16px;text-align:center;\">\n<div style=\"font-size:36px;font-weight:900;color:#B11E6A;letter-spacing:-0.04em;font-feature-settings:'tnum';line-height:1;\">1<\/div>\n<div style=\"font-size:11px;text-transform:uppercase;letter-spacing:1.5px;color:#9a9a9a;margin-top:8px;\">Enfant connu<\/div>\n<\/p><\/div>\n<\/p><\/div><figcaption style=\"font-size:11px;color:#7a7a7a;margin-top:8px;text-align:right;letter-spacing:0.3px;\">Donn\u00e9es publiques \u2014 voir sources en fin d&rsquo;article.<\/figcaption><\/figure>\n<h2>Fortune estim\u00e9e : combien gagne Vianney ?<\/h2>\n<p>Comme pour la plupart des artistes, la <strong>fortune de Vianney<\/strong> ne fait l&rsquo;objet d&rsquo;aucune communication officielle, et les chiffres avanc\u00e9s rel\u00e8vent de l&rsquo;estimation. Plusieurs m\u00e9dias sp\u00e9cialis\u00e9s \u00e9voquent un patrimoine de l&rsquo;ordre de <strong>7 millions d&rsquo;euros<\/strong>, fruit de ses ventes de disques, de ses tourn\u00e9es et de ses droits d&rsquo;auteur.<\/p>\n<p>\u00c0 ces revenus s&rsquo;ajoutent ses cachets de coach dans <em>The Voice<\/em> : pour sa premi\u00e8re saison en 2021, certaines sources ont \u00e9voqu\u00e9 un salaire estim\u00e9 autour de 340 000 euros. L\u00e0 encore, ces montants circulent dans la presse sans confirmation de l&rsquo;int\u00e9ress\u00e9 et doivent \u00eatre consid\u00e9r\u00e9s comme des estimations.<\/p>\n<aside style=\"background:#FBEAF2;border:1px solid #f3cce0;border-radius:8px;padding:24px 26px 26px;margin:28px 0;font-family:-apple-system,BlinkMacSystemFont,'Segoe UI',Roboto,sans-serif;\">\n<div style=\"margin:0 0 18px 0;font-size:11px;font-weight:700;text-transform:uppercase;letter-spacing:2.2px;color:#B11E6A;\">\u00c0 retenir<\/div>\n<div style=\"display:grid;grid-template-columns:repeat(auto-fit,minmax(240px,1fr));gap:10px;\">\n<div style=\"display:flex;gap:12px;background:#fff;border:1px solid #f0d4e2;padding:12px 14px;border-radius:6px;align-items:flex-start;\">\n      <span style=\"flex:0 0 26px;width:26px;height:26px;background:#B11E6A;color:#fff;border-radius:50%;display:inline-flex;align-items:center;justify-content:center;font-size:12px;font-weight:700;font-family:-apple-system,sans-serif;\">1<\/span><br \/>\n      <span style=\"font-size:14px;line-height:1.5;color:#2a2a2a;\">Vrai nom Vianney Bureau, n\u00e9 le 13 f\u00e9vrier 1991 \u00e0 Pau.<\/span>\n    <\/div>\n<div style=\"display:flex;gap:12px;background:#fff;border:1px solid #f0d4e2;padding:12px 14px;border-radius:6px;align-items:flex-start;\">\n      <span style=\"flex:0 0 26px;width:26px;height:26px;background:#B11E6A;color:#fff;border-radius:50%;display:inline-flex;align-items:center;justify-content:center;font-size:12px;font-weight:700;font-family:-apple-system,sans-serif;\">2<\/span><br \/>\n      <span style=\"font-size:14px;line-height:1.5;color:#2a2a2a;\">R\u00e9v\u00e9l\u00e9 par \u00ab Pas l\u00e0 \u00bb (2014), consacr\u00e9 par \u00ab Je m&rsquo;en vais \u00bb (2016).<\/span>\n    <\/div>\n<div style=\"display:flex;gap:12px;background:#fff;border:1px solid #f0d4e2;padding:12px 14px;border-radius:6px;align-items:flex-start;\">\n      <span style=\"flex:0 0 26px;width:26px;height:26px;background:#B11E6A;color:#fff;border-radius:50%;display:inline-flex;align-items:center;justify-content:center;font-size:12px;font-weight:700;font-family:-apple-system,sans-serif;\">3<\/span><br \/>\n      <span style=\"font-size:14px;line-height:1.5;color:#2a2a2a;\">Coach de The Voice de 2021 \u00e0 2025 (saisons 10 \u00e0 14).<\/span>\n    <\/div>\n<div style=\"display:flex;gap:12px;background:#fff;border:1px solid #f0d4e2;padding:12px 14px;border-radius:6px;align-items:flex-start;\">\n      <span style=\"flex:0 0 26px;width:26px;height:26px;background:#B11E6A;color:#fff;border-radius:50%;display:inline-flex;align-items:center;justify-content:center;font-size:12px;font-weight:700;font-family:-apple-system,sans-serif;\">4<\/span><br \/>\n      <span style=\"font-size:14px;line-height:1.5;color:#2a2a2a;\">Mari\u00e9 \u00e0 la violoncelliste Catherine Robert depuis 2020, papa d&rsquo;Edgar (2021).<\/span>\n    <\/div>\n<div style=\"display:flex;gap:12px;background:#fff;border:1px solid #f0d4e2;padding:12px 14px;border-radius:6px;align-items:flex-start;\">\n      <span style=\"flex:0 0 26px;width:26px;height:26px;background:#B11E6A;color:#fff;border-radius:50%;display:inline-flex;align-items:center;justify-content:center;font-size:12px;font-weight:700;font-family:-apple-system,sans-serif;\">5<\/span><br \/>\n      <span style=\"font-size:14px;line-height:1.5;color:#2a2a2a;\">Fortune estim\u00e9e autour de 7 millions d&rsquo;euros (chiffre non officiel).<\/span>\n    <\/div>\n<\/p><\/div>\n<\/aside>\n<h2>Anecdotes et faits marquants<\/h2>\n<p>Au-del\u00e0 des chiffres, plusieurs d\u00e9tails dessinent le portrait d&rsquo;un artiste attach\u00e9 \u00e0 la sobri\u00e9t\u00e9. Issu d&rsquo;une famille de musiciens militaires, Vianney revendique une \u00e9criture h\u00e9rit\u00e9e de la chanson \u00e0 texte fran\u00e7aise, dont il se r\u00e9clame ouvertement. Sa pudeur sur sa vie priv\u00e9e tranche avec l&rsquo;exposition habituelle des coaches t\u00e9l\u00e9, ce qui contribue \u00e0 son image d&rsquo;\u00ab artiste discret \u00bb.<\/p>\n<p>Sa chanson \u00ab Beau-papa \u00bb, \u00e9crite apr\u00e8s son entr\u00e9e dans la vie de famille, illustre cette tendance \u00e0 puiser dans son intime sans jamais tout d\u00e9voiler. De m\u00eame, son duo avec Ed Sheeran a marqu\u00e9 les esprits comme une reconnaissance internationale rare pour un artiste francophone de sa g\u00e9n\u00e9ration.<\/p>\n<p>On retient aussi sa capacit\u00e9 \u00e0 passer d&rsquo;un univers musical \u00e0 l&rsquo;autre sans se renier : du rap avec MC Solaar \u00e0 la vari\u00e9t\u00e9 avec Florent Pagny, en passant par la nouvelle sc\u00e8ne fran\u00e7aise avec Ben Mazu\u00e9 ou Kendji Girac, il a multipli\u00e9 les ponts entre les genres. Cette ouverture, alli\u00e9e \u00e0 une r\u00e9putation de gendre id\u00e9al entretenue par sa discr\u00e9tion et son image lisse, explique en grande partie la popularit\u00e9 durable dont il jouit aupr\u00e8s d&rsquo;un public tr\u00e8s large.<\/p>\n<section style=\"margin:32px 0;font-family:-apple-system,BlinkMacSystemFont,'Segoe UI',Roboto,sans-serif;\">\n<h2 style=\"margin:0 0 18px 0;font-size:22px;font-weight:800;color:#1a1a1a;letter-spacing:-0.01em;\">Questions fr\u00e9quentes sur Vianney<\/h2>\n<div style=\"border-top:1px solid #d4cfc4;\">\n<details style=\"border-bottom:1px solid #d4cfc4;padding:0;\">\n<summary style=\"cursor:pointer;padding:16px 0;font-size:17px;font-weight:700;color:#1a1a1a;list-style:none;display:flex;justify-content:space-between;align-items:center;gap:14px;\">\n        <span>Quelle est la taille de Vianney ?<\/span><br \/>\n        <span style=\"font-size:22px;font-weight:300;color:#B11E6A;line-height:1;\">+<\/span><br \/>\n      <\/summary>\n<div style=\"padding:0 0 16px 0;font-size:15px;line-height:1.7;color:#4a4a4a;\">Vianney n&rsquo;a jamais communiqu\u00e9 de taille officielle. Les estimations relay\u00e9es en ligne varient d&rsquo;environ 1,75 m \u00e0 plus de 1,90 m. Il est g\u00e9n\u00e9ralement per\u00e7u comme un homme de grande taille, autour de 1,90 m selon les estimations les plus hautes, \u00e0 prendre avec prudence.<\/div>\n<\/details>\n<details style=\"border-bottom:1px solid #d4cfc4;padding:0;\">\n<summary style=\"cursor:pointer;padding:16px 0;font-size:17px;font-weight:700;color:#1a1a1a;list-style:none;display:flex;justify-content:space-between;align-items:center;gap:14px;\">\n        <span>Quel \u00e2ge a Vianney ?<\/span><br \/>\n        <span style=\"font-size:22px;font-weight:300;color:#B11E6A;line-height:1;\">+<\/span><br \/>\n      <\/summary>\n<div style=\"padding:0 0 16px 0;font-size:15px;line-height:1.7;color:#4a4a4a;\">N\u00e9 le 13 f\u00e9vrier 1991 \u00e0 Pau, Vianney a 35 ans en 2026. Il a donc commenc\u00e9 sa carri\u00e8re musicale tr\u00e8s jeune, avec un premier album d\u00e8s 2014.<\/div>\n<\/details>\n<details style=\"border-bottom:1px solid #d4cfc4;padding:0;\">\n<summary style=\"cursor:pointer;padding:16px 0;font-size:17px;font-weight:700;color:#1a1a1a;list-style:none;display:flex;justify-content:space-between;align-items:center;gap:14px;\">\n        <span>Qui est la femme de Vianney ?<\/span><br \/>\n        <span style=\"font-size:22px;font-weight:300;color:#B11E6A;line-height:1;\">+<\/span><br \/>\n      <\/summary>\n<div style=\"padding:0 0 16px 0;font-size:15px;line-height:1.7;color:#4a4a4a;\">Vianney est mari\u00e9 depuis le 14 juillet 2020 \u00e0 Catherine Robert, une violoncelliste. Le couple est tr\u00e8s discret sur sa vie priv\u00e9e et prot\u00e8ge soigneusement son intimit\u00e9.<\/div>\n<\/details>\n<details style=\"border-bottom:1px solid #d4cfc4;padding:0;\">\n<summary style=\"cursor:pointer;padding:16px 0;font-size:17px;font-weight:700;color:#1a1a1a;list-style:none;display:flex;justify-content:space-between;align-items:center;gap:14px;\">\n        <span>Combien d&rsquo;enfants a Vianney ?<\/span><br \/>\n        <span style=\"font-size:22px;font-weight:300;color:#B11E6A;line-height:1;\">+<\/span><br \/>\n      <\/summary>\n<div style=\"padding:0 0 16px 0;font-size:15px;line-height:1.7;color:#4a4a4a;\">\u00c0 ce jour, Vianney et Catherine Robert ont un fils publiquement connu, pr\u00e9nomm\u00e9 Edgar, n\u00e9 en 2021. Sa naissance a inspir\u00e9 certaines chansons du chanteur, dont \u00ab Beau-papa \u00bb.<\/div>\n<\/details>\n<details style=\"padding:0;\">\n<summary style=\"cursor:pointer;padding:16px 0;font-size:17px;font-weight:700;color:#1a1a1a;list-style:none;display:flex;justify-content:space-between;align-items:center;gap:14px;\">\n        <span>Quelle est la fortune de Vianney ?<\/span><br \/>\n        <span style=\"font-size:22px;font-weight:300;color:#B11E6A;line-height:1;\">+<\/span><br \/>\n      <\/summary>\n<div style=\"padding:0 0 16px 0;font-size:15px;line-height:1.7;color:#4a4a4a;\">Sa fortune est estim\u00e9e par plusieurs m\u00e9dias autour de 7 millions d&rsquo;euros, sans confirmation officielle. Ce patrimoine provient de ses ventes d&rsquo;albums, tourn\u00e9es, droits d&rsquo;auteur et de ses cachets de coach dans The Voice.<\/div>\n<\/details><\/div>\n<\/section>\n<p>De \u00ab Pas l\u00e0 \u00bb au fauteuil de coach de <em>The Voice<\/em>, Vianney a b\u00e2ti en une d\u00e9cennie une carri\u00e8re solide et populaire, tout en gardant une discr\u00e9tion remarquable sur sa vie de famille. Cette fiche sera mise \u00e0 jour au fil de l&rsquo;actualit\u00e9 du chanteur.<\/p>\n<p style=\"font-size:13px;color:#6a6a6a;margin-top:32px;\">Sources : Wikip\u00e9dia et donn\u00e9es publiques. Article mis \u00e0 jour r\u00e9guli\u00e8rement.<\/p>\n","protected":false},"excerpt":{"rendered":"","protected":false},"author":41,"featured_media":999999999,"comment_status":"open","ping_status":"open","sticky":false,"template":"","format":"standard","meta":{"_acf_changed":false,"manual_indexmenow":false,"indexmenow_id_project":0,"footnotes":""},"categories":[4524],"tags":[],"class_list":["post-7972","post","type-post","status-publish","format-standard","has-post-thumbnail","hentry","category-celebrites-et-influence-en-france","generate-columns","tablet-grid-50","mobile-grid-100","grid-parent","grid-25"],"acf":[],"yoast_head":"<!-- This site is optimized with the Yoast SEO Premium plugin v21.3 (Yoast SEO v26.5) - https:\/\/yoast.com\/wordpress\/plugins\/seo\/ -->\n<title>Vianney : taille, \u00e2ge, femme, enfants et fortune<\/title>\n<meta name=\"description\" content=\"R\u00e9v\u00e9l\u00e9 fin 2014 par le tube \u00ab Pas l\u00e0 \u00bb, Vianney s&#039;est impos\u00e9 en quelques ann\u00e9es comme l&#039;un des auteurs-compositeurs-interpr\u00e8tes les plus populaires\" \/>\n<meta name=\"robots\" content=\"index, follow, max-snippet:-1, max-image-preview:large, max-video-preview:-1\" \/>\n<link rel=\"canonical\" href=\"https:\/\/starstory.fr\/blog\/celebrites-et-influence-en-france\/vianney-taille-age-femme-enfants-et-fortune-la-fiche-complete\/\" \/>\n<meta property=\"og:locale\" content=\"fr_FR\" \/>\n<meta property=\"og:type\" content=\"article\" \/>\n<meta property=\"og:title\" content=\"Vianney : taille, \u00e2ge, femme, enfants et fortune\" \/>\n<meta property=\"og:description\" content=\"R\u00e9v\u00e9l\u00e9 fin 2014 par le tube \u00ab Pas l\u00e0 \u00bb, Vianney s&#039;est impos\u00e9 en quelques ann\u00e9es comme l&#039;un des auteurs-compositeurs-interpr\u00e8tes les plus populaires\" \/>\n<meta property=\"og:url\" content=\"https:\/\/starstory.fr\/blog\/celebrites-et-influence-en-france\/vianney-taille-age-femme-enfants-et-fortune-la-fiche-complete\/\" \/>\n<meta property=\"og:site_name\" content=\"starstory\" \/>\n<meta name=\"author\" content=\"Sophie Moreau\" \/>\n<meta name=\"twitter:card\" content=\"summary_large_image\" \/>\n<script type=\"application\/ld+json\" class=\"yoast-schema-graph\">{\"@context\":\"https:\/\/schema.org\",\"@graph\":[{\"@type\":\"NewsArticle\",\"@id\":\"https:\/\/starstory.fr\/blog\/celebrites-et-influence-en-france\/vianney-taille-age-femme-enfants-et-fortune-la-fiche-complete\/#article\",\"isPartOf\":{\"@id\":\"https:\/\/starstory.fr\/blog\/celebrites-et-influence-en-france\/vianney-taille-age-femme-enfants-et-fortune-la-fiche-complete\/\"},\"author\":{\"name\":\"Sophie Moreau\",\"@id\":\"https:\/\/starstory.fr\/blog\/#\/schema\/person\/2cb6361ad79e679e2b744281310c1e3b\"},\"headline\":\"Vianney : taille, \u00e2ge, femme, enfants et fortune \u2014 la fiche compl\u00e8te\",\"datePublished\":\"2026-06-05T23:40:40+00:00\",\"mainEntityOfPage\":{\"@id\":\"https:\/\/starstory.fr\/blog\/celebrites-et-influence-en-france\/vianney-taille-age-femme-enfants-et-fortune-la-fiche-complete\/\"},\"wordCount\":1665,\"commentCount\":0,\"publisher\":{\"@id\":\"https:\/\/starstory.fr\/blog\/#organization\"},\"image\":{\"@id\":\"https:\/\/starstory.fr\/blog\/celebrites-et-influence-en-france\/vianney-taille-age-femme-enfants-et-fortune-la-fiche-complete\/#primaryimage\"},\"thumbnailUrl\":\"https:\/\/images.pexels.com\/photos\/8044067\/pexels-photo-8044067.jpeg?auto=compress&cs=tinysrgb&fit=crop&h=627&w=1200\",\"articleSection\":[\"C\u00e9l\u00e9brit\u00e9s et Influence en France\"],\"inLanguage\":\"fr-FR\",\"potentialAction\":[{\"@type\":\"CommentAction\",\"name\":\"Comment\",\"target\":[\"https:\/\/starstory.fr\/blog\/celebrites-et-influence-en-france\/vianney-taille-age-femme-enfants-et-fortune-la-fiche-complete\/#respond\"]}]},{\"@type\":\"WebPage\",\"@id\":\"https:\/\/starstory.fr\/blog\/celebrites-et-influence-en-france\/vianney-taille-age-femme-enfants-et-fortune-la-fiche-complete\/\",\"url\":\"https:\/\/starstory.fr\/blog\/celebrites-et-influence-en-france\/vianney-taille-age-femme-enfants-et-fortune-la-fiche-complete\/\",\"name\":\"Vianney : taille, \u00e2ge, femme, enfants et fortune\",\"isPartOf\":{\"@id\":\"https:\/\/starstory.fr\/blog\/#website\"},\"primaryImageOfPage\":{\"@id\":\"https:\/\/starstory.fr\/blog\/celebrites-et-influence-en-france\/vianney-taille-age-femme-enfants-et-fortune-la-fiche-complete\/#primaryimage\"},\"image\":{\"@id\":\"https:\/\/starstory.fr\/blog\/celebrites-et-influence-en-france\/vianney-taille-age-femme-enfants-et-fortune-la-fiche-complete\/#primaryimage\"},\"thumbnailUrl\":\"https:\/\/images.pexels.com\/photos\/8044067\/pexels-photo-8044067.jpeg?auto=compress&cs=tinysrgb&fit=crop&h=627&w=1200\",\"datePublished\":\"2026-06-05T23:40:40+00:00\",\"description\":\"R\u00e9v\u00e9l\u00e9 fin 2014 par le tube \u00ab Pas l\u00e0 \u00bb, Vianney s'est impos\u00e9 en quelques ann\u00e9es comme l'un des auteurs-compositeurs-interpr\u00e8tes les plus populaires\",\"inLanguage\":\"fr-FR\",\"potentialAction\":[{\"@type\":\"ReadAction\",\"target\":[\"https:\/\/starstory.fr\/blog\/celebrites-et-influence-en-france\/vianney-taille-age-femme-enfants-et-fortune-la-fiche-complete\/\"]}]},{\"@type\":\"ImageObject\",\"inLanguage\":\"fr-FR\",\"@id\":\"https:\/\/starstory.fr\/blog\/celebrites-et-influence-en-france\/vianney-taille-age-femme-enfants-et-fortune-la-fiche-complete\/#primaryimage\",\"url\":\"https:\/\/images.pexels.com\/photos\/8044067\/pexels-photo-8044067.jpeg?auto=compress&cs=tinysrgb&fit=crop&h=627&w=1200\",\"contentUrl\":\"https:\/\/images.pexels.com\/photos\/8044067\/pexels-photo-8044067.jpeg?auto=compress&cs=tinysrgb&fit=crop&h=627&w=1200\"},{\"@type\":\"WebSite\",\"@id\":\"https:\/\/starstory.fr\/blog\/#website\",\"url\":\"https:\/\/starstory.fr\/blog\/\",\"name\":\"StarStory\",\"description\":\"StarStory, les \u00e9toiles racontent leur histoire\",\"publisher\":{\"@id\":\"https:\/\/starstory.fr\/blog\/#organization\"},\"alternateName\":\"StarStory, les \u00e9toiles racontent leur histoire\",\"potentialAction\":[{\"@type\":\"SearchAction\",\"target\":{\"@type\":\"EntryPoint\",\"urlTemplate\":\"https:\/\/starstory.fr\/blog\/?s={search_term_string}\"},\"query-input\":{\"@type\":\"PropertyValueSpecification\",\"valueRequired\":true,\"valueName\":\"search_term_string\"}}],\"inLanguage\":\"fr-FR\"},{\"@type\":\"Organization\",\"@id\":\"https:\/\/starstory.fr\/blog\/#organization\",\"name\":\"StarStory\",\"alternateName\":\"StarStory.fr\",\"url\":\"https:\/\/starstory.fr\/blog\/\",\"logo\":{\"@type\":\"ImageObject\",\"inLanguage\":\"fr-FR\",\"@id\":\"https:\/\/starstory.fr\/blog\/#\/schema\/logo\/image\/\",\"url\":\"https:\/\/starstory.fr\/blog\/wp-content\/uploads\/2024\/12\/38.png\",\"contentUrl\":\"https:\/\/starstory.fr\/blog\/wp-content\/uploads\/2024\/12\/38.png\",\"width\":500,\"height\":500,\"caption\":\"StarStory\"},\"image\":{\"@id\":\"https:\/\/starstory.fr\/blog\/#\/schema\/logo\/image\/\"}},{\"@type\":\"Person\",\"@id\":\"https:\/\/starstory.fr\/blog\/#\/schema\/person\/2cb6361ad79e679e2b744281310c1e3b\",\"name\":\"Sophie Moreau\",\"image\":{\"@type\":\"ImageObject\",\"inLanguage\":\"fr-FR\",\"@id\":\"https:\/\/starstory.fr\/blog\/#\/schema\/person\/image\/\",\"url\":\"https:\/\/secure.gravatar.com\/avatar\/?s=96&d=mm&r=g\",\"contentUrl\":\"https:\/\/secure.gravatar.com\/avatar\/?s=96&d=mm&r=g\",\"caption\":\"Sophie Moreau\"},\"description\":\"Sophie partage des articles sur les stars musicales de chaque d\u00e9cennie et leur impact sur la sc\u00e8ne fran\u00e7aise et internationale.\",\"url\":\"https:\/\/starstory.fr\/blog\/auteur\/sophie-moreau\/\",\"jobTitle\":\"Contributrice maison & d\u00e9co\",\"email\":\"sophie.moreau@starstory.fr\"}]}<\/script>\n<!-- \/ Yoast SEO Premium plugin. -->","yoast_head_json":{"title":"Vianney : taille, \u00e2ge, femme, enfants et fortune","description":"R\u00e9v\u00e9l\u00e9 fin 2014 par le tube \u00ab Pas l\u00e0 \u00bb, Vianney s'est impos\u00e9 en quelques ann\u00e9es comme l'un des auteurs-compositeurs-interpr\u00e8tes les plus populaires","robots":{"index":"index","follow":"follow","max-snippet":"max-snippet:-1","max-image-preview":"max-image-preview:large","max-video-preview":"max-video-preview:-1"},"canonical":"https:\/\/starstory.fr\/blog\/celebrites-et-influence-en-france\/vianney-taille-age-femme-enfants-et-fortune-la-fiche-complete\/","og_locale":"fr_FR","og_type":"article","og_title":"Vianney : taille, \u00e2ge, femme, enfants et fortune","og_description":"R\u00e9v\u00e9l\u00e9 fin 2014 par le tube \u00ab Pas l\u00e0 \u00bb, Vianney s'est impos\u00e9 en quelques ann\u00e9es comme l'un des auteurs-compositeurs-interpr\u00e8tes les plus populaires","og_url":"https:\/\/starstory.fr\/blog\/celebrites-et-influence-en-france\/vianney-taille-age-femme-enfants-et-fortune-la-fiche-complete\/","og_site_name":"starstory","author":"Sophie Moreau","twitter_card":"summary_large_image","schema":{"@context":"https:\/\/schema.org","@graph":[{"@type":"NewsArticle","@id":"https:\/\/starstory.fr\/blog\/celebrites-et-influence-en-france\/vianney-taille-age-femme-enfants-et-fortune-la-fiche-complete\/#article","isPartOf":{"@id":"https:\/\/starstory.fr\/blog\/celebrites-et-influence-en-france\/vianney-taille-age-femme-enfants-et-fortune-la-fiche-complete\/"},"author":{"name":"Sophie Moreau","@id":"https:\/\/starstory.fr\/blog\/#\/schema\/person\/2cb6361ad79e679e2b744281310c1e3b"},"headline":"Vianney : taille, \u00e2ge, femme, enfants et fortune \u2014 la fiche compl\u00e8te","datePublished":"2026-06-05T23:40:40+00:00","mainEntityOfPage":{"@id":"https:\/\/starstory.fr\/blog\/celebrites-et-influence-en-france\/vianney-taille-age-femme-enfants-et-fortune-la-fiche-complete\/"},"wordCount":1665,"commentCount":0,"publisher":{"@id":"https:\/\/starstory.fr\/blog\/#organization"},"image":{"@id":"https:\/\/starstory.fr\/blog\/celebrites-et-influence-en-france\/vianney-taille-age-femme-enfants-et-fortune-la-fiche-complete\/#primaryimage"},"thumbnailUrl":"https:\/\/images.pexels.com\/photos\/8044067\/pexels-photo-8044067.jpeg?auto=compress&cs=tinysrgb&fit=crop&h=627&w=1200","articleSection":["C\u00e9l\u00e9brit\u00e9s et Influence en France"],"inLanguage":"fr-FR","potentialAction":[{"@type":"CommentAction","name":"Comment","target":["https:\/\/starstory.fr\/blog\/celebrites-et-influence-en-france\/vianney-taille-age-femme-enfants-et-fortune-la-fiche-complete\/#respond"]}]},{"@type":"WebPage","@id":"https:\/\/starstory.fr\/blog\/celebrites-et-influence-en-france\/vianney-taille-age-femme-enfants-et-fortune-la-fiche-complete\/","url":"https:\/\/starstory.fr\/blog\/celebrites-et-influence-en-france\/vianney-taille-age-femme-enfants-et-fortune-la-fiche-complete\/","name":"Vianney : taille, \u00e2ge, femme, enfants et fortune","isPartOf":{"@id":"https:\/\/starstory.fr\/blog\/#website"},"primaryImageOfPage":{"@id":"https:\/\/starstory.fr\/blog\/celebrites-et-influence-en-france\/vianney-taille-age-femme-enfants-et-fortune-la-fiche-complete\/#primaryimage"},"image":{"@id":"https:\/\/starstory.fr\/blog\/celebrites-et-influence-en-france\/vianney-taille-age-femme-enfants-et-fortune-la-fiche-complete\/#primaryimage"},"thumbnailUrl":"https:\/\/images.pexels.com\/photos\/8044067\/pexels-photo-8044067.jpeg?auto=compress&cs=tinysrgb&fit=crop&h=627&w=1200","datePublished":"2026-06-05T23:40:40+00:00","description":"R\u00e9v\u00e9l\u00e9 fin 2014 par le tube \u00ab Pas l\u00e0 \u00bb, Vianney s'est impos\u00e9 en quelques ann\u00e9es comme l'un des auteurs-compositeurs-interpr\u00e8tes les plus populaires","inLanguage":"fr-FR","potentialAction":[{"@type":"ReadAction","target":["https:\/\/starstory.fr\/blog\/celebrites-et-influence-en-france\/vianney-taille-age-femme-enfants-et-fortune-la-fiche-complete\/"]}]},{"@type":"ImageObject","inLanguage":"fr-FR","@id":"https:\/\/starstory.fr\/blog\/celebrites-et-influence-en-france\/vianney-taille-age-femme-enfants-et-fortune-la-fiche-complete\/#primaryimage","url":"https:\/\/images.pexels.com\/photos\/8044067\/pexels-photo-8044067.jpeg?auto=compress&cs=tinysrgb&fit=crop&h=627&w=1200","contentUrl":"https:\/\/images.pexels.com\/photos\/8044067\/pexels-photo-8044067.jpeg?auto=compress&cs=tinysrgb&fit=crop&h=627&w=1200"},{"@type":"WebSite","@id":"https:\/\/starstory.fr\/blog\/#website","url":"https:\/\/starstory.fr\/blog\/","name":"StarStory","description":"StarStory, les \u00e9toiles racontent leur histoire","publisher":{"@id":"https:\/\/starstory.fr\/blog\/#organization"},"alternateName":"StarStory, les \u00e9toiles racontent leur histoire","potentialAction":[{"@type":"SearchAction","target":{"@type":"EntryPoint","urlTemplate":"https:\/\/starstory.fr\/blog\/?s={search_term_string}"},"query-input":{"@type":"PropertyValueSpecification","valueRequired":true,"valueName":"search_term_string"}}],"inLanguage":"fr-FR"},{"@type":"Organization","@id":"https:\/\/starstory.fr\/blog\/#organization","name":"StarStory","alternateName":"StarStory.fr","url":"https:\/\/starstory.fr\/blog\/","logo":{"@type":"ImageObject","inLanguage":"fr-FR","@id":"https:\/\/starstory.fr\/blog\/#\/schema\/logo\/image\/","url":"https:\/\/starstory.fr\/blog\/wp-content\/uploads\/2024\/12\/38.png","contentUrl":"https:\/\/starstory.fr\/blog\/wp-content\/uploads\/2024\/12\/38.png","width":500,"height":500,"caption":"StarStory"},"image":{"@id":"https:\/\/starstory.fr\/blog\/#\/schema\/logo\/image\/"}},{"@type":"Person","@id":"https:\/\/starstory.fr\/blog\/#\/schema\/person\/2cb6361ad79e679e2b744281310c1e3b","name":"Sophie Moreau","image":{"@type":"ImageObject","inLanguage":"fr-FR","@id":"https:\/\/starstory.fr\/blog\/#\/schema\/person\/image\/","url":"https:\/\/secure.gravatar.com\/avatar\/?s=96&d=mm&r=g","contentUrl":"https:\/\/secure.gravatar.com\/avatar\/?s=96&d=mm&r=g","caption":"Sophie Moreau"},"description":"Sophie partage des articles sur les stars musicales de chaque d\u00e9cennie et leur impact sur la sc\u00e8ne fran\u00e7aise et internationale.","url":"https:\/\/starstory.fr\/blog\/auteur\/sophie-moreau\/","jobTitle":"Contributrice maison & d\u00e9co","email":"sophie.moreau@starstory.fr"}]}},"_links":{"self":[{"href":"https:\/\/starstory.fr\/blog\/wp-json\/wp\/v2\/posts\/7972","targetHints":{"allow":["GET"]}}],"collection":[{"href":"https:\/\/starstory.fr\/blog\/wp-json\/wp\/v2\/posts"}],"about":[{"href":"https:\/\/starstory.fr\/blog\/wp-json\/wp\/v2\/types\/post"}],"author":[{"embeddable":true,"href":"https:\/\/starstory.fr\/blog\/wp-json\/wp\/v2\/users\/41"}],"replies":[{"embeddable":true,"href":"https:\/\/starstory.fr\/blog\/wp-json\/wp\/v2\/comments?post=7972"}],"version-history":[{"count":0,"href":"https:\/\/starstory.fr\/blog\/wp-json\/wp\/v2\/posts\/7972\/revisions"}],"wp:attachment":[{"href":"https:\/\/starstory.fr\/blog\/wp-json\/wp\/v2\/media?parent=7972"}],"wp:term":[{"taxonomy":"category","embeddable":true,"href":"https:\/\/starstory.fr\/blog\/wp-json\/wp\/v2\/categories?post=7972"},{"taxonomy":"post_tag","embeddable":true,"href":"https:\/\/starstory.fr\/blog\/wp-json\/wp\/v2\/tags?post=7972"}],"curies":[{"name":"wp","href":"https:\/\/api.w.org\/{rel}","templated":true}]}}