{"id":7965,"date":"2026-06-06T01:32:26","date_gmt":"2026-06-05T23:32:26","guid":{"rendered":"https:\/\/starstory.fr\/blog\/musique-et-icones-musicales\/taylor-swift-et-travis-kelce-leur-mariage-tres-attendu-de-juin-2026\/"},"modified":"2026-06-06T01:32:26","modified_gmt":"2026-06-05T23:32:26","slug":"taylor-swift-et-travis-kelce-leur-mariage-tres-attendu-de-juin-2026","status":"publish","type":"post","link":"https:\/\/starstory.fr\/blog\/musique-et-icones-musicales\/taylor-swift-et-travis-kelce-leur-mariage-tres-attendu-de-juin-2026\/","title":{"rendered":"Taylor Swift et Travis Kelce : leur mariage tr\u00e8s attendu de juin 2026"},"content":{"rendered":"<aside style=\"background:#FBEAF2;border-left:5px solid #B11E6A;padding:22px 28px;margin:24px 0;font-family:-apple-system,BlinkMacSystemFont,'Segoe UI',Roboto,sans-serif;\">\n<div style=\"margin:0;font-size:19px;line-height:1.55;color:#2a2a2a;font-weight:500;letter-spacing:-0.005em;\">\n    C&rsquo;est l&rsquo;\u00e9v\u00e9nement people de l&rsquo;ann\u00e9e. Fianc\u00e9s depuis ao\u00fbt 2025, Taylor Swift et Travis Kelce devraient se marier au cours de l&rsquo;\u00e9t\u00e9 2026. Une date circule avec insistance dans la presse am\u00e9ricaine : le 13 juin 2026. Mais attention \u2014 \u00e0 ce jour, ni la chanteuse, ni le joueur, ni leurs \u00e9quipes n&rsquo;ont officiellement confirm\u00e9 la moindre date ou le moindre lieu.\n  <\/div>\n<\/aside>\n<h2>L&rsquo;annonce du mariage : ce que l&rsquo;on sait vraiment<\/h2>\n<p>Depuis l&rsquo;annonce de leurs fian\u00e7ailles, le 26 ao\u00fbt 2025, le mariage de Taylor Swift et Travis Kelce est devenu l&rsquo;un des sujets les plus comment\u00e9s de la plan\u00e8te people. Le couple avait officialis\u00e9 la nouvelle dans une publication Instagram commune, accompagn\u00e9e d&rsquo;une l\u00e9gende devenue culte : <em>\u00ab Your English teacher and your gym teacher are getting married \u00bb<\/em> (\u00ab Votre professeure d&rsquo;anglais et votre professeur de sport vont se marier \u00bb). Selon plusieurs m\u00e9dias, Travis Kelce aurait fait sa demande environ deux semaines avant l&rsquo;annonce publique.<\/p>\n<p>Depuis, les sp\u00e9culations vont bon train. La date la plus relay\u00e9e par la presse am\u00e9ricaine est le <strong>samedi 13 juin 2026<\/strong>, qui correspondrait au \u00ab demi-anniversaire \u00bb de Taylor Swift. Plusieurs titres ont \u00e9galement \u00e9voqu\u00e9 le <strong>Rhode Island<\/strong> \u2014 autour de la propri\u00e9t\u00e9 de la chanteuse \u00e0 Watch Hill (Westerly) et du resort Ocean House \u2014 comme cadre de la c\u00e9r\u00e9monie.<\/p>\n<aside style=\"background:#fff7e0;border-left:4px solid #d4a017;padding:14px 18px;margin:18px 0;border-radius:0 4px 4px 0;font-family:-apple-system,BlinkMacSystemFont,'Segoe UI',Roboto,sans-serif;\">\n  <strong style=\"display:inline-block;color:#7a5e00;font-size:12px;text-transform:uppercase;letter-spacing:1.5px;margin-right:8px;\">&#128161; Bon \u00e0 savoir<\/strong><br \/>\n  <span style=\"font-size:14.5px;line-height:1.55;color:#3a3a3a;\">Aucune information n&rsquo;a \u00e9t\u00e9 confirm\u00e9e par le couple. Date, lieu, format : tout repose pour l&rsquo;instant sur des sources anonymes et des rapports de m\u00e9dias sp\u00e9cialis\u00e9s.<\/span><br \/>\n<\/aside>\n<p>Or, ces derniers jours, le tableau s&rsquo;est brouill\u00e9. D\u00e9but juin 2026, plusieurs sources \u2014 dont le s\u00e9nateur du Rhode Island Sheldon Whitehouse, cit\u00e9 par TMZ \u2014 ont laiss\u00e9 entendre que la chanteuse aurait finalement <em>\u00ab renonc\u00e9 \u00bb<\/em> \u00e0 se marier dans cet \u00c9tat. Le chef de la police de Westerly a m\u00eame indiqu\u00e9 n&rsquo;avoir connaissance d&rsquo;aucun \u00e9v\u00e9nement de ce type. En parall\u00e8le, d&rsquo;autres rapports \u00e9voquent d\u00e9sormais une c\u00e9r\u00e9monie \u00e0 <strong>New York<\/strong>, possiblement en plein c\u0153ur de Manhattan, autour du week-end du 4 juillet. Bref : la prudence reste de mise.<\/p>\n<aside style=\"background:#fdecec;border-left:4px solid #c54848;padding:14px 18px;margin:18px 0;border-radius:0 4px 4px 0;font-family:-apple-system,BlinkMacSystemFont,'Segoe UI',Roboto,sans-serif;\">\n  <strong style=\"display:inline-block;color:#8a2020;font-size:12px;text-transform:uppercase;letter-spacing:1.5px;margin-right:8px;\">&#9888;&#65039; Attention<\/strong><br \/>\n  <span style=\"font-size:14.5px;line-height:1.55;color:#3a3a3a;\">Les rapports se contredisent entre le 13 juin (Rhode Island) et d\u00e9but juillet (New York). Tant que le couple ne s&rsquo;exprime pas, ces \u00e9l\u00e9ments doivent \u00eatre lus comme des rumeurs, pas comme des faits \u00e9tablis.<\/span><br \/>\n<\/aside>\n<h2>Leur histoire d&rsquo;amour : du bracelet d&rsquo;amiti\u00e9 \u00e0 la bague<\/h2>\n<p>Pour comprendre la fascination autour de ce mariage, il faut revenir au point de d\u00e9part. Tout commence en <strong>2023<\/strong>. Travis Kelce assiste \u00e0 un concert de l&rsquo;Eras Tour \u00e0 Kansas City avec, en poche, un bracelet d&rsquo;amiti\u00e9 sur lequel il avait inscrit son num\u00e9ro de t\u00e9l\u00e9phone, qu&rsquo;il esp\u00e9rait remettre \u00e0 la chanteuse. Il n&rsquo;en a finalement pas eu l&rsquo;occasion \u2014 mais en a parl\u00e9 publiquement dans son podcast. Taylor Swift l&rsquo;a entendu, et les deux ont commenc\u00e9 \u00e0 \u00e9changer en priv\u00e9 peu apr\u00e8s.<\/p>\n<figure style=\"margin:38px auto;padding:28px 24px;text-align:center;border-top:1px solid #2a2a2a;border-bottom:1px solid #2a2a2a;max-width:640px;position:relative;font-family:Georgia,'Hoefler Text',serif;\">\n<div style=\"position:absolute;top:-20px;left:50%;transform:translateX(-50%);background:#ffffff;padding:0 14px;font-size:48px;line-height:1;color:#B11E6A;font-family:Georgia,serif;\">&laquo;<\/div>\n<blockquote style=\"margin:0;padding:0;font-size:24px;line-height:1.45;font-style:italic;color:#1a1a1a;letter-spacing:-0.005em;\"><p>\n    Votre professeure d&rsquo;anglais et votre professeur de sport vont se marier.<br \/>\n  <\/blockquote><figcaption style=\"margin-top:14px;font-size:12px;text-transform:uppercase;letter-spacing:2px;color:#6a6a6a;font-family:-apple-system,sans-serif;font-style:normal;\">\u2014 L\u00e9gende de l&rsquo;annonce de fian\u00e7ailles, 26 ao\u00fbt 2025<\/figcaption><\/figure>\n<p>\u00c0 l&rsquo;automne 2023, la rumeur s&#8217;emballe : Taylor Swift commence \u00e0 assister aux matchs des Kansas City Chiefs pour encourager Travis Kelce. Une m\u00e9canique s&rsquo;installe alors et d\u00e9finira leur relation pendant des mois : elle dans les tribunes des Chiefs, lui dans le public de l&rsquo;Eras Tour. En f\u00e9vrier 2024, la chanteuse est sur le terrain pour c\u00e9l\u00e9brer la victoire des Chiefs au Super Bowl. En juin 2024, c&rsquo;est lui qui monte sur sc\u00e8ne \u00e0 Wembley, lors d&rsquo;un concert londonien de l&rsquo;Eras Tour, dans un costume victorien, pour un moment rest\u00e9 grav\u00e9 dans la m\u00e9moire des fans.<\/p>\n<aside style=\"background:#fafaf7;border:1px solid #e5e5e0;border-radius:8px;padding:24px 26px 26px;margin:28px 0;font-family:-apple-system,BlinkMacSystemFont,'Segoe UI',Roboto,sans-serif;\">\n<div style=\"margin:0 0 18px 0;font-size:11px;font-weight:700;text-transform:uppercase;letter-spacing:2.2px;color:#B11E6A;\">\u00c0 retenir<\/div>\n<div style=\"display:grid;grid-template-columns:repeat(auto-fit,minmax(240px,1fr));gap:10px;\">\n<div style=\"display:flex;gap:12px;background:#fff;border:1px solid #ebebe5;padding:12px 14px;border-radius:6px;align-items:flex-start;\">\n      <span style=\"flex:0 0 26px;width:26px;height:26px;background:#B11E6A;color:#fff;border-radius:50%;display:inline-flex;align-items:center;justify-content:center;font-size:12px;font-weight:700;font-family:-apple-system,sans-serif;\">1<\/span><br \/>\n      <span style=\"font-size:14px;line-height:1.5;color:#2a2a2a;\">Rencontre amorc\u00e9e en 2023, dans le sillage de l&rsquo;Eras Tour \u00e0 Kansas City.<\/span>\n    <\/div>\n<div style=\"display:flex;gap:12px;background:#fff;border:1px solid #ebebe5;padding:12px 14px;border-radius:6px;align-items:flex-start;\">\n      <span style=\"flex:0 0 26px;width:26px;height:26px;background:#B11E6A;color:#fff;border-radius:50%;display:inline-flex;align-items:center;justify-content:center;font-size:12px;font-weight:700;font-family:-apple-system,sans-serif;\">2<\/span><br \/>\n      <span style=\"font-size:14px;line-height:1.5;color:#2a2a2a;\">Officialisation \u00e0 l&rsquo;automne 2023, entre tribunes NFL et concerts.<\/span>\n    <\/div>\n<div style=\"display:flex;gap:12px;background:#fff;border:1px solid #ebebe5;padding:12px 14px;border-radius:6px;align-items:flex-start;\">\n      <span style=\"flex:0 0 26px;width:26px;height:26px;background:#B11E6A;color:#fff;border-radius:50%;display:inline-flex;align-items:center;justify-content:center;font-size:12px;font-weight:700;font-family:-apple-system,sans-serif;\">3<\/span><br \/>\n      <span style=\"font-size:14px;line-height:1.5;color:#2a2a2a;\">Fian\u00e7ailles annonc\u00e9es le 26 ao\u00fbt 2025 sur Instagram.<\/span>\n    <\/div>\n<div style=\"display:flex;gap:12px;background:#fff;border:1px solid #ebebe5;padding:12px 14px;border-radius:6px;align-items:flex-start;\">\n      <span style=\"flex:0 0 26px;width:26px;height:26px;background:#B11E6A;color:#fff;border-radius:50%;display:inline-flex;align-items:center;justify-content:center;font-size:12px;font-weight:700;font-family:-apple-system,sans-serif;\">4<\/span><br \/>\n      <span style=\"font-size:14px;line-height:1.5;color:#2a2a2a;\">Mariage attendu \u00e0 l&rsquo;\u00e9t\u00e9 2026, date et lieu non confirm\u00e9s officiellement.<\/span>\n    <\/div>\n<\/p><\/div>\n<\/aside>\n<h2>Qui est Travis Kelce<\/h2>\n<p>Si le grand public francophone conna\u00eet surtout Taylor Swift, Travis Kelce est, lui, une v\u00e9ritable star outre-Atlantique. Joueur de football am\u00e9ricain (NFL), il \u00e9volue au poste de <em>tight end<\/em> au sein des <strong>Kansas City Chiefs<\/strong>, l&rsquo;une des franchises les plus titr\u00e9es de la derni\u00e8re d\u00e9cennie. Plusieurs fois champion du Super Bowl avec son \u00e9quipe, il fait partie des joueurs les plus reconnus de sa g\u00e9n\u00e9ration \u00e0 son poste.<\/p>\n<p>Au-del\u00e0 du terrain, Travis Kelce a \u00e9largi sa notori\u00e9t\u00e9 gr\u00e2ce \u00e0 son podcast, anim\u00e9 avec son fr\u00e8re Jason \u2014 lui aussi figure du football am\u00e9ricain. C&rsquo;est pr\u00e9cis\u00e9ment via ce podcast que l&rsquo;histoire avec Taylor Swift a pris forme. Son aisance m\u00e9diatique et son sens de l&rsquo;humour en ont fait une personnalit\u00e9 appr\u00e9ci\u00e9e bien au-del\u00e0 des amateurs de sport.<\/p>\n<div style=\"display:grid;grid-template-columns:repeat(auto-fit,minmax(220px,1fr));gap:14px;margin:28px 0;font-family:-apple-system,BlinkMacSystemFont,'Segoe UI',Roboto,sans-serif;\">\n<article style=\"background:#fff;border:1px solid #e5e5e0;border-top:3px solid #B11E6A;border-radius:6px;padding:18px 18px 16px;\">\n<div style=\"width:36px;height:36px;background:#FBEAF2;border-radius:50%;display:inline-flex;align-items:center;justify-content:center;margin-bottom:12px;\">\n      <span style=\"font-size:18px;color:#B11E6A;font-weight:900;font-family:Georgia,serif;\">01<\/span>\n    <\/div>\n<h3 style=\"margin:0 0 6px 0;font-size:16px;font-weight:700;color:#1a1a1a;letter-spacing:-0.01em;\">Star de la NFL<\/h3>\n<div style=\"margin:0;font-size:13.5px;line-height:1.55;color:#4a4a4a;\">Tight end des Kansas City Chiefs, plusieurs fois sacr\u00e9 au Super Bowl avec sa franchise.<\/div>\n<\/article>\n<article style=\"background:#fff;border:1px solid #e5e5e0;border-top:3px solid #B11E6A;border-radius:6px;padding:18px 18px 16px;\">\n<div style=\"width:36px;height:36px;background:#FBEAF2;border-radius:50%;display:inline-flex;align-items:center;justify-content:center;margin-bottom:12px;\">\n      <span style=\"font-size:18px;color:#B11E6A;font-weight:900;font-family:Georgia,serif;\">02<\/span>\n    <\/div>\n<h3 style=\"margin:0 0 6px 0;font-size:16px;font-weight:700;color:#1a1a1a;letter-spacing:-0.01em;\">Voix de podcast<\/h3>\n<div style=\"margin:0;font-size:13.5px;line-height:1.55;color:#4a4a4a;\">Co-anime un podcast tr\u00e8s suivi avec son fr\u00e8re Jason \u2014 point de d\u00e9part de son histoire avec Taylor.<\/div>\n<\/article>\n<article style=\"background:#fff;border:1px solid #e5e5e0;border-top:3px solid #B11E6A;border-radius:6px;padding:18px 18px 16px;\">\n<div style=\"width:36px;height:36px;background:#FBEAF2;border-radius:50%;display:inline-flex;align-items:center;justify-content:center;margin-bottom:12px;\">\n      <span style=\"font-size:18px;color:#B11E6A;font-weight:900;font-family:Georgia,serif;\">03<\/span>\n    <\/div>\n<h3 style=\"margin:0 0 6px 0;font-size:16px;font-weight:700;color:#1a1a1a;letter-spacing:-0.01em;\">Figure populaire<\/h3>\n<div style=\"margin:0;font-size:13.5px;line-height:1.55;color:#4a4a4a;\">Sa popularit\u00e9 d\u00e9passe le cadre sportif, port\u00e9e par son humour et sa pr\u00e9sence m\u00e9diatique.<\/div>\n<\/article>\n<\/div>\n<h2>Pourquoi ce mariage fascine autant<\/h2>\n<p>L&rsquo;engouement autour de cette union s&rsquo;explique par une rencontre rare : celle de deux mondes habituellement s\u00e9par\u00e9s. D&rsquo;un c\u00f4t\u00e9, la <strong>musique pop mondiale<\/strong>, incarn\u00e9e par l&rsquo;une des artistes les plus \u00e9cout\u00e9es de la d\u00e9cennie et son Eras Tour record. De l&rsquo;autre, le <strong>sport-spectacle am\u00e9ricain<\/strong>, avec la NFL et ses audiences colossales. La relation a, de fait, cr\u00e9\u00e9 un pont in\u00e9dit entre deux publics qui se croisaient peu.<\/p>\n<p>\u00c0 cela s&rsquo;ajoute l&rsquo;aura propre \u00e0 Taylor Swift, dont la communaut\u00e9 de fans analyse le moindre indice, chaque date et chaque clin d&rsquo;\u0153il symbolique. Le choix suppos\u00e9 du 13 juin \u2014 un nombre cher \u00e0 la chanteuse \u2014 en est l&rsquo;illustration parfaite. Chaque rumeur devient ainsi un \u00e9v\u00e9nement en soi, relay\u00e9 \u00e0 l&rsquo;\u00e9chelle plan\u00e9taire.<\/p>\n<figure style=\"margin:32px 0;font-family:-apple-system,BlinkMacSystemFont,'Segoe UI',Roboto,sans-serif;\">\n<div style=\"overflow-x:auto;border:1px solid #e5e5e0;border-radius:8px;\">\n<table style=\"width:100%;border-collapse:collapse;font-size:14px;color:#2a2a2a;min-width:500px;\">\n<thead>\n<tr style=\"background:#1a1a1a;color:#fff;\">\n<th style=\"text-align:left;padding:14px 18px;font-weight:700;font-size:12px;text-transform:uppercase;letter-spacing:1.5px;\">Rep\u00e8re<\/th>\n<th style=\"text-align:left;padding:14px 18px;font-weight:700;font-size:12px;text-transform:uppercase;letter-spacing:1.5px;\">D\u00e9tail<\/th>\n<th style=\"text-align:center;padding:14px 18px;font-weight:700;font-size:12px;text-transform:uppercase;letter-spacing:1.5px;\">Statut<\/th>\n<\/tr>\n<\/thead>\n<tbody>\n<tr style=\"background:#fff;border-bottom:1px solid #f0ede5;\">\n<td style=\"padding:14px 18px;font-weight:600;\">Rencontre<\/td>\n<td style=\"padding:14px 18px;color:#4a4a4a;\">2023, sph\u00e8re Eras Tour \/ Kansas City<\/td>\n<td style=\"padding:14px 18px;text-align:center;color:#6a6a6a;\">Confirm\u00e9<\/td>\n<\/tr>\n<tr style=\"background:#FBEAF2;border-bottom:1px solid #f0ede5;\">\n<td style=\"padding:14px 18px;font-weight:600;\">Officialisation<\/td>\n<td style=\"padding:14px 18px;color:#4a4a4a;\">Automne 2023, matchs des Chiefs<\/td>\n<td style=\"padding:14px 18px;text-align:center;color:#6a6a6a;\">Confirm\u00e9<\/td>\n<\/tr>\n<tr style=\"background:#fff;border-bottom:1px solid #f0ede5;\">\n<td style=\"padding:14px 18px;font-weight:600;\">Fian\u00e7ailles<\/td>\n<td style=\"padding:14px 18px;color:#4a4a4a;\">26 ao\u00fbt 2025, annonce Instagram<\/td>\n<td style=\"padding:14px 18px;text-align:center;color:#6a6a6a;\">Confirm\u00e9<\/td>\n<\/tr>\n<tr style=\"background:#FBEAF2;border-bottom:1px solid #f0ede5;\">\n<td style=\"padding:14px 18px;font-weight:600;\">Date du mariage<\/td>\n<td style=\"padding:14px 18px;color:#4a4a4a;\">13 juin 2026 (ou d\u00e9but juillet selon d&rsquo;autres rapports)<\/td>\n<td style=\"padding:14px 18px;text-align:center;color:#6a6a6a;\">Non confirm\u00e9<\/td>\n<\/tr>\n<tr style=\"background:#fff;\">\n<td style=\"padding:14px 18px;font-weight:600;\">Lieu<\/td>\n<td style=\"padding:14px 18px;color:#4a4a4a;\">Rhode Island puis New York \u00e9voqu\u00e9s<\/td>\n<td style=\"padding:14px 18px;text-align:center;color:#6a6a6a;\">Non confirm\u00e9<\/td>\n<\/tr>\n<\/tbody>\n<\/table><\/div><figcaption style=\"font-size:11px;color:#7a7a7a;margin-top:8px;text-align:right;letter-spacing:0.3px;\">Rep\u00e8res du couple \u2014 \u00e9l\u00e9ments v\u00e9rifi\u00e9s et rumeurs distingu\u00e9s. Voir sources en fin d&rsquo;article.<\/figcaption><\/figure>\n<p>Reste une certitude : qu&rsquo;il ait lieu en juin ou en juillet, dans le Rhode Island ou \u00e0 New York, ce mariage sera scrut\u00e9 comme peu d&rsquo;autres. Par respect pour la vie priv\u00e9e du couple, mieux vaut toutefois s&rsquo;en tenir aux faits av\u00e9r\u00e9s, et attendre une \u00e9ventuelle communication officielle plut\u00f4t que de prendre les rumeurs pour argent comptant.<\/p>\n<aside style=\"background:#e7f5ec;border-left:4px solid #B11E6A;padding:14px 18px;margin:18px 0;border-radius:0 4px 4px 0;font-family:-apple-system,BlinkMacSystemFont,'Segoe UI',Roboto,sans-serif;\">\n  <strong style=\"display:inline-block;color:#1d4a30;font-size:12px;text-transform:uppercase;letter-spacing:1.5px;margin-right:8px;\">&#10022; \u00c0 suivre<\/strong><br \/>\n  <span style=\"font-size:14.5px;line-height:1.55;color:#3a3a3a;\">Cet article sera mis \u00e0 jour d\u00e8s qu&rsquo;une information officielle sera communiqu\u00e9e par le couple ou par une source v\u00e9rifi\u00e9e.<\/span><br \/>\n<\/aside>\n<section style=\"margin:32px 0;font-family:-apple-system,BlinkMacSystemFont,'Segoe UI',Roboto,sans-serif;\">\n<h2 style=\"margin:0 0 18px 0;font-size:22px;font-weight:800;color:#1a1a1a;letter-spacing:-0.01em;\">Questions fr\u00e9quentes<\/h2>\n<div style=\"border-top:1px solid #d4cfc4;\">\n<details style=\"border-bottom:1px solid #d4cfc4;padding:0;\">\n<summary style=\"cursor:pointer;padding:16px 0;font-size:17px;font-weight:700;color:#1a1a1a;list-style:none;display:flex;justify-content:space-between;align-items:center;gap:14px;\">\n        <span>Quand se marient Taylor Swift et Travis Kelce ?<\/span><br \/>\n        <span style=\"font-size:22px;font-weight:300;color:#B11E6A;line-height:1;\">+<\/span><br \/>\n      <\/summary>\n<div style=\"padding:0 0 16px 0;font-size:15px;line-height:1.7;color:#4a4a4a;\">Aucune date n&rsquo;a \u00e9t\u00e9 officiellement confirm\u00e9e. La presse am\u00e9ricaine a d&rsquo;abord avanc\u00e9 le 13 juin 2026, avant que des rapports plus r\u00e9cents n&rsquo;\u00e9voquent plut\u00f4t le d\u00e9but du mois de juillet. Tant que le couple ne s&rsquo;exprime pas, ces dates restent des rumeurs.<\/div>\n<\/details>\n<details style=\"border-bottom:1px solid #d4cfc4;padding:0;\">\n<summary style=\"cursor:pointer;padding:16px 0;font-size:17px;font-weight:700;color:#1a1a1a;list-style:none;display:flex;justify-content:space-between;align-items:center;gap:14px;\">\n        <span>Comment se sont-ils rencontr\u00e9s ?<\/span><br \/>\n        <span style=\"font-size:22px;font-weight:300;color:#B11E6A;line-height:1;\">+<\/span><br \/>\n      <\/summary>\n<div style=\"padding:0 0 16px 0;font-size:15px;line-height:1.7;color:#4a4a4a;\">Travis Kelce avait assist\u00e9 \u00e0 un concert de l&rsquo;Eras Tour \u00e0 Kansas City en 2023 avec un bracelet d&rsquo;amiti\u00e9 portant son num\u00e9ro, qu&rsquo;il n&rsquo;a finalement pas pu remettre \u00e0 Taylor Swift. Il en a parl\u00e9 dans son podcast ; la chanteuse l&rsquo;a entendu, et les deux ont commenc\u00e9 \u00e0 \u00e9changer en priv\u00e9.<\/div>\n<\/details>\n<details style=\"border-bottom:1px solid #d4cfc4;padding:0;\">\n<summary style=\"cursor:pointer;padding:16px 0;font-size:17px;font-weight:700;color:#1a1a1a;list-style:none;display:flex;justify-content:space-between;align-items:center;gap:14px;\">\n        <span>Quand ont-ils annonc\u00e9 leurs fian\u00e7ailles ?<\/span><br \/>\n        <span style=\"font-size:22px;font-weight:300;color:#B11E6A;line-height:1;\">+<\/span><br \/>\n      <\/summary>\n<div style=\"padding:0 0 16px 0;font-size:15px;line-height:1.7;color:#4a4a4a;\">Le couple a officialis\u00e9 ses fian\u00e7ailles le 26 ao\u00fbt 2025, dans une publication Instagram commune. La l\u00e9gende, \u00ab Votre professeure d&rsquo;anglais et votre professeur de sport vont se marier \u00bb, est instantan\u00e9ment devenue virale.<\/div>\n<\/details>\n<details style=\"border-bottom:1px solid #d4cfc4;padding:0;\">\n<summary style=\"cursor:pointer;padding:16px 0;font-size:17px;font-weight:700;color:#1a1a1a;list-style:none;display:flex;justify-content:space-between;align-items:center;gap:14px;\">\n        <span>O\u00f9 aura lieu le mariage ?<\/span><br \/>\n        <span style=\"font-size:22px;font-weight:300;color:#B11E6A;line-height:1;\">+<\/span><br \/>\n      <\/summary>\n<div style=\"padding:0 0 16px 0;font-size:15px;line-height:1.7;color:#4a4a4a;\">Le lieu n&rsquo;est pas confirm\u00e9. Le Rhode Island, pr\u00e8s de la propri\u00e9t\u00e9 de Taylor Swift \u00e0 Watch Hill, a longtemps \u00e9t\u00e9 \u00e9voqu\u00e9. Des rapports r\u00e9cents penchent d\u00e9sormais pour New York, voire Manhattan, mais rien n&rsquo;est officiel.<\/div>\n<\/details>\n<details style=\"padding:0;\">\n<summary style=\"cursor:pointer;padding:16px 0;font-size:17px;font-weight:700;color:#1a1a1a;list-style:none;display:flex;justify-content:space-between;align-items:center;gap:14px;\">\n        <span>Qui est Travis Kelce ?<\/span><br \/>\n        <span style=\"font-size:22px;font-weight:300;color:#B11E6A;line-height:1;\">+<\/span><br \/>\n      <\/summary>\n<div style=\"padding:0 0 16px 0;font-size:15px;line-height:1.7;color:#4a4a4a;\">Travis Kelce est une star du football am\u00e9ricain (NFL), tight end des Kansas City Chiefs, plusieurs fois champion du Super Bowl. Il co-anime \u00e9galement un podcast tr\u00e8s populaire avec son fr\u00e8re Jason.<\/div>\n<\/details><\/div>\n<\/section>\n<p style=\"font-size:13px;color:#6a6a6a;margin-top:32px;\">Sources : presse people et donn\u00e9es publiques. Article mis \u00e0 jour r\u00e9guli\u00e8rement.<\/p>\n","protected":false},"excerpt":{"rendered":"","protected":false},"author":42,"featured_media":999999999,"comment_status":"open","ping_status":"open","sticky":false,"template":"","format":"standard","meta":{"_acf_changed":false,"manual_indexmenow":false,"indexmenow_id_project":0,"footnotes":""},"categories":[4522],"tags":[],"class_list":["post-7965","post","type-post","status-publish","format-standard","has-post-thumbnail","hentry","category-musique-et-icones-musicales","generate-columns","tablet-grid-50","mobile-grid-100","grid-parent","grid-25"],"acf":[],"yoast_head":"<!-- This site is optimized with the Yoast SEO Premium plugin v21.3 (Yoast SEO v26.5) - https:\/\/yoast.com\/wordpress\/plugins\/seo\/ -->\n<title>Taylor Swift et Travis Kelce : leur mariage tr\u00e8s attendu de juin 2026<\/title>\n<meta name=\"description\" content=\"C&#039;est l&#039;\u00e9v\u00e9nement people de l&#039;ann\u00e9e Fianc\u00e9s depuis ao\u00fbt 2025, Taylor Swift et Travis Kelce devraient se marier au cours de l&#039;\u00e9t\u00e9 2026\" \/>\n<meta name=\"robots\" content=\"index, follow, max-snippet:-1, max-image-preview:large, max-video-preview:-1\" \/>\n<link rel=\"canonical\" href=\"https:\/\/starstory.fr\/blog\/musique-et-icones-musicales\/taylor-swift-et-travis-kelce-leur-mariage-tres-attendu-de-juin-2026\/\" \/>\n<meta property=\"og:locale\" content=\"fr_FR\" \/>\n<meta property=\"og:type\" content=\"article\" \/>\n<meta property=\"og:title\" content=\"Taylor Swift et Travis Kelce : leur mariage tr\u00e8s attendu de juin 2026\" \/>\n<meta property=\"og:description\" content=\"C&#039;est l&#039;\u00e9v\u00e9nement people de l&#039;ann\u00e9e Fianc\u00e9s depuis ao\u00fbt 2025, Taylor Swift et Travis Kelce devraient se marier au cours de l&#039;\u00e9t\u00e9 2026\" \/>\n<meta property=\"og:url\" content=\"https:\/\/starstory.fr\/blog\/musique-et-icones-musicales\/taylor-swift-et-travis-kelce-leur-mariage-tres-attendu-de-juin-2026\/\" \/>\n<meta property=\"og:site_name\" content=\"starstory\" \/>\n<meta name=\"author\" content=\"Antoine Ferrand\" \/>\n<meta name=\"twitter:card\" content=\"summary_large_image\" \/>\n<script type=\"application\/ld+json\" class=\"yoast-schema-graph\">{\"@context\":\"https:\/\/schema.org\",\"@graph\":[{\"@type\":\"NewsArticle\",\"@id\":\"https:\/\/starstory.fr\/blog\/musique-et-icones-musicales\/taylor-swift-et-travis-kelce-leur-mariage-tres-attendu-de-juin-2026\/#article\",\"isPartOf\":{\"@id\":\"https:\/\/starstory.fr\/blog\/musique-et-icones-musicales\/taylor-swift-et-travis-kelce-leur-mariage-tres-attendu-de-juin-2026\/\"},\"author\":{\"name\":\"Antoine Ferrand\",\"@id\":\"https:\/\/starstory.fr\/blog\/#\/schema\/person\/2d9dd3a73cf4dcbc428e866589dd5882\"},\"headline\":\"Taylor Swift et Travis Kelce : leur mariage tr\u00e8s attendu de juin 2026\",\"datePublished\":\"2026-06-05T23:32:26+00:00\",\"mainEntityOfPage\":{\"@id\":\"https:\/\/starstory.fr\/blog\/musique-et-icones-musicales\/taylor-swift-et-travis-kelce-leur-mariage-tres-attendu-de-juin-2026\/\"},\"wordCount\":1430,\"commentCount\":0,\"publisher\":{\"@id\":\"https:\/\/starstory.fr\/blog\/#organization\"},\"image\":{\"@id\":\"https:\/\/starstory.fr\/blog\/musique-et-icones-musicales\/taylor-swift-et-travis-kelce-leur-mariage-tres-attendu-de-juin-2026\/#primaryimage\"},\"thumbnailUrl\":\"https:\/\/images.pexels.com\/photos\/34576832\/pexels-photo-34576832.jpeg?auto=compress&cs=tinysrgb&fit=crop&h=627&w=1200\",\"articleSection\":[\"Musique et Ic\u00f4nes Musicales\"],\"inLanguage\":\"fr-FR\",\"potentialAction\":[{\"@type\":\"CommentAction\",\"name\":\"Comment\",\"target\":[\"https:\/\/starstory.fr\/blog\/musique-et-icones-musicales\/taylor-swift-et-travis-kelce-leur-mariage-tres-attendu-de-juin-2026\/#respond\"]}]},{\"@type\":\"WebPage\",\"@id\":\"https:\/\/starstory.fr\/blog\/musique-et-icones-musicales\/taylor-swift-et-travis-kelce-leur-mariage-tres-attendu-de-juin-2026\/\",\"url\":\"https:\/\/starstory.fr\/blog\/musique-et-icones-musicales\/taylor-swift-et-travis-kelce-leur-mariage-tres-attendu-de-juin-2026\/\",\"name\":\"Taylor Swift et Travis Kelce : leur mariage tr\u00e8s attendu de juin 2026\",\"isPartOf\":{\"@id\":\"https:\/\/starstory.fr\/blog\/#website\"},\"primaryImageOfPage\":{\"@id\":\"https:\/\/starstory.fr\/blog\/musique-et-icones-musicales\/taylor-swift-et-travis-kelce-leur-mariage-tres-attendu-de-juin-2026\/#primaryimage\"},\"image\":{\"@id\":\"https:\/\/starstory.fr\/blog\/musique-et-icones-musicales\/taylor-swift-et-travis-kelce-leur-mariage-tres-attendu-de-juin-2026\/#primaryimage\"},\"thumbnailUrl\":\"https:\/\/images.pexels.com\/photos\/34576832\/pexels-photo-34576832.jpeg?auto=compress&cs=tinysrgb&fit=crop&h=627&w=1200\",\"datePublished\":\"2026-06-05T23:32:26+00:00\",\"description\":\"C'est l'\u00e9v\u00e9nement people de l'ann\u00e9e Fianc\u00e9s depuis ao\u00fbt 2025, Taylor Swift et Travis Kelce devraient se marier au cours de l'\u00e9t\u00e9 2026\",\"inLanguage\":\"fr-FR\",\"potentialAction\":[{\"@type\":\"ReadAction\",\"target\":[\"https:\/\/starstory.fr\/blog\/musique-et-icones-musicales\/taylor-swift-et-travis-kelce-leur-mariage-tres-attendu-de-juin-2026\/\"]}]},{\"@type\":\"ImageObject\",\"inLanguage\":\"fr-FR\",\"@id\":\"https:\/\/starstory.fr\/blog\/musique-et-icones-musicales\/taylor-swift-et-travis-kelce-leur-mariage-tres-attendu-de-juin-2026\/#primaryimage\",\"url\":\"https:\/\/images.pexels.com\/photos\/34576832\/pexels-photo-34576832.jpeg?auto=compress&cs=tinysrgb&fit=crop&h=627&w=1200\",\"contentUrl\":\"https:\/\/images.pexels.com\/photos\/34576832\/pexels-photo-34576832.jpeg?auto=compress&cs=tinysrgb&fit=crop&h=627&w=1200\"},{\"@type\":\"WebSite\",\"@id\":\"https:\/\/starstory.fr\/blog\/#website\",\"url\":\"https:\/\/starstory.fr\/blog\/\",\"name\":\"StarStory\",\"description\":\"StarStory, les \u00e9toiles racontent leur histoire\",\"publisher\":{\"@id\":\"https:\/\/starstory.fr\/blog\/#organization\"},\"alternateName\":\"StarStory, les \u00e9toiles racontent leur histoire\",\"potentialAction\":[{\"@type\":\"SearchAction\",\"target\":{\"@type\":\"EntryPoint\",\"urlTemplate\":\"https:\/\/starstory.fr\/blog\/?s={search_term_string}\"},\"query-input\":{\"@type\":\"PropertyValueSpecification\",\"valueRequired\":true,\"valueName\":\"search_term_string\"}}],\"inLanguage\":\"fr-FR\"},{\"@type\":\"Organization\",\"@id\":\"https:\/\/starstory.fr\/blog\/#organization\",\"name\":\"StarStory\",\"alternateName\":\"StarStory.fr\",\"url\":\"https:\/\/starstory.fr\/blog\/\",\"logo\":{\"@type\":\"ImageObject\",\"inLanguage\":\"fr-FR\",\"@id\":\"https:\/\/starstory.fr\/blog\/#\/schema\/logo\/image\/\",\"url\":\"https:\/\/starstory.fr\/blog\/wp-content\/uploads\/2024\/12\/38.png\",\"contentUrl\":\"https:\/\/starstory.fr\/blog\/wp-content\/uploads\/2024\/12\/38.png\",\"width\":500,\"height\":500,\"caption\":\"StarStory\"},\"image\":{\"@id\":\"https:\/\/starstory.fr\/blog\/#\/schema\/logo\/image\/\"}},{\"@type\":\"Person\",\"@id\":\"https:\/\/starstory.fr\/blog\/#\/schema\/person\/2d9dd3a73cf4dcbc428e866589dd5882\",\"name\":\"Antoine Ferrand\",\"image\":{\"@type\":\"ImageObject\",\"inLanguage\":\"fr-FR\",\"@id\":\"https:\/\/starstory.fr\/blog\/#\/schema\/person\/image\/\",\"url\":\"https:\/\/secure.gravatar.com\/avatar\/?s=96&d=mm&r=g\",\"contentUrl\":\"https:\/\/secure.gravatar.com\/avatar\/?s=96&d=mm&r=g\",\"caption\":\"Antoine Ferrand\"},\"description\":\"Antoine analyse les figures politiques et m\u00e9diatiques, ainsi que leur influence en France au fil des ann\u00e9es.\",\"url\":\"https:\/\/starstory.fr\/blog\/auteur\/antoine-dupont\/\"}]}<\/script>\n<!-- \/ Yoast SEO Premium plugin. -->","yoast_head_json":{"title":"Taylor Swift et Travis Kelce : leur mariage tr\u00e8s attendu de juin 2026","description":"C'est l'\u00e9v\u00e9nement people de l'ann\u00e9e Fianc\u00e9s depuis ao\u00fbt 2025, Taylor Swift et Travis Kelce devraient se marier au cours de l'\u00e9t\u00e9 2026","robots":{"index":"index","follow":"follow","max-snippet":"max-snippet:-1","max-image-preview":"max-image-preview:large","max-video-preview":"max-video-preview:-1"},"canonical":"https:\/\/starstory.fr\/blog\/musique-et-icones-musicales\/taylor-swift-et-travis-kelce-leur-mariage-tres-attendu-de-juin-2026\/","og_locale":"fr_FR","og_type":"article","og_title":"Taylor Swift et Travis Kelce : leur mariage tr\u00e8s attendu de juin 2026","og_description":"C'est l'\u00e9v\u00e9nement people de l'ann\u00e9e Fianc\u00e9s depuis ao\u00fbt 2025, Taylor Swift et Travis Kelce devraient se marier au cours de l'\u00e9t\u00e9 2026","og_url":"https:\/\/starstory.fr\/blog\/musique-et-icones-musicales\/taylor-swift-et-travis-kelce-leur-mariage-tres-attendu-de-juin-2026\/","og_site_name":"starstory","author":"Antoine Ferrand","twitter_card":"summary_large_image","schema":{"@context":"https:\/\/schema.org","@graph":[{"@type":"NewsArticle","@id":"https:\/\/starstory.fr\/blog\/musique-et-icones-musicales\/taylor-swift-et-travis-kelce-leur-mariage-tres-attendu-de-juin-2026\/#article","isPartOf":{"@id":"https:\/\/starstory.fr\/blog\/musique-et-icones-musicales\/taylor-swift-et-travis-kelce-leur-mariage-tres-attendu-de-juin-2026\/"},"author":{"name":"Antoine Ferrand","@id":"https:\/\/starstory.fr\/blog\/#\/schema\/person\/2d9dd3a73cf4dcbc428e866589dd5882"},"headline":"Taylor Swift et Travis Kelce : leur mariage tr\u00e8s attendu de juin 2026","datePublished":"2026-06-05T23:32:26+00:00","mainEntityOfPage":{"@id":"https:\/\/starstory.fr\/blog\/musique-et-icones-musicales\/taylor-swift-et-travis-kelce-leur-mariage-tres-attendu-de-juin-2026\/"},"wordCount":1430,"commentCount":0,"publisher":{"@id":"https:\/\/starstory.fr\/blog\/#organization"},"image":{"@id":"https:\/\/starstory.fr\/blog\/musique-et-icones-musicales\/taylor-swift-et-travis-kelce-leur-mariage-tres-attendu-de-juin-2026\/#primaryimage"},"thumbnailUrl":"https:\/\/images.pexels.com\/photos\/34576832\/pexels-photo-34576832.jpeg?auto=compress&cs=tinysrgb&fit=crop&h=627&w=1200","articleSection":["Musique et Ic\u00f4nes Musicales"],"inLanguage":"fr-FR","potentialAction":[{"@type":"CommentAction","name":"Comment","target":["https:\/\/starstory.fr\/blog\/musique-et-icones-musicales\/taylor-swift-et-travis-kelce-leur-mariage-tres-attendu-de-juin-2026\/#respond"]}]},{"@type":"WebPage","@id":"https:\/\/starstory.fr\/blog\/musique-et-icones-musicales\/taylor-swift-et-travis-kelce-leur-mariage-tres-attendu-de-juin-2026\/","url":"https:\/\/starstory.fr\/blog\/musique-et-icones-musicales\/taylor-swift-et-travis-kelce-leur-mariage-tres-attendu-de-juin-2026\/","name":"Taylor Swift et Travis Kelce : leur mariage tr\u00e8s attendu de juin 2026","isPartOf":{"@id":"https:\/\/starstory.fr\/blog\/#website"},"primaryImageOfPage":{"@id":"https:\/\/starstory.fr\/blog\/musique-et-icones-musicales\/taylor-swift-et-travis-kelce-leur-mariage-tres-attendu-de-juin-2026\/#primaryimage"},"image":{"@id":"https:\/\/starstory.fr\/blog\/musique-et-icones-musicales\/taylor-swift-et-travis-kelce-leur-mariage-tres-attendu-de-juin-2026\/#primaryimage"},"thumbnailUrl":"https:\/\/images.pexels.com\/photos\/34576832\/pexels-photo-34576832.jpeg?auto=compress&cs=tinysrgb&fit=crop&h=627&w=1200","datePublished":"2026-06-05T23:32:26+00:00","description":"C'est l'\u00e9v\u00e9nement people de l'ann\u00e9e Fianc\u00e9s depuis ao\u00fbt 2025, Taylor Swift et Travis Kelce devraient se marier au cours de l'\u00e9t\u00e9 2026","inLanguage":"fr-FR","potentialAction":[{"@type":"ReadAction","target":["https:\/\/starstory.fr\/blog\/musique-et-icones-musicales\/taylor-swift-et-travis-kelce-leur-mariage-tres-attendu-de-juin-2026\/"]}]},{"@type":"ImageObject","inLanguage":"fr-FR","@id":"https:\/\/starstory.fr\/blog\/musique-et-icones-musicales\/taylor-swift-et-travis-kelce-leur-mariage-tres-attendu-de-juin-2026\/#primaryimage","url":"https:\/\/images.pexels.com\/photos\/34576832\/pexels-photo-34576832.jpeg?auto=compress&cs=tinysrgb&fit=crop&h=627&w=1200","contentUrl":"https:\/\/images.pexels.com\/photos\/34576832\/pexels-photo-34576832.jpeg?auto=compress&cs=tinysrgb&fit=crop&h=627&w=1200"},{"@type":"WebSite","@id":"https:\/\/starstory.fr\/blog\/#website","url":"https:\/\/starstory.fr\/blog\/","name":"StarStory","description":"StarStory, les \u00e9toiles racontent leur histoire","publisher":{"@id":"https:\/\/starstory.fr\/blog\/#organization"},"alternateName":"StarStory, les \u00e9toiles racontent leur histoire","potentialAction":[{"@type":"SearchAction","target":{"@type":"EntryPoint","urlTemplate":"https:\/\/starstory.fr\/blog\/?s={search_term_string}"},"query-input":{"@type":"PropertyValueSpecification","valueRequired":true,"valueName":"search_term_string"}}],"inLanguage":"fr-FR"},{"@type":"Organization","@id":"https:\/\/starstory.fr\/blog\/#organization","name":"StarStory","alternateName":"StarStory.fr","url":"https:\/\/starstory.fr\/blog\/","logo":{"@type":"ImageObject","inLanguage":"fr-FR","@id":"https:\/\/starstory.fr\/blog\/#\/schema\/logo\/image\/","url":"https:\/\/starstory.fr\/blog\/wp-content\/uploads\/2024\/12\/38.png","contentUrl":"https:\/\/starstory.fr\/blog\/wp-content\/uploads\/2024\/12\/38.png","width":500,"height":500,"caption":"StarStory"},"image":{"@id":"https:\/\/starstory.fr\/blog\/#\/schema\/logo\/image\/"}},{"@type":"Person","@id":"https:\/\/starstory.fr\/blog\/#\/schema\/person\/2d9dd3a73cf4dcbc428e866589dd5882","name":"Antoine Ferrand","image":{"@type":"ImageObject","inLanguage":"fr-FR","@id":"https:\/\/starstory.fr\/blog\/#\/schema\/person\/image\/","url":"https:\/\/secure.gravatar.com\/avatar\/?s=96&d=mm&r=g","contentUrl":"https:\/\/secure.gravatar.com\/avatar\/?s=96&d=mm&r=g","caption":"Antoine Ferrand"},"description":"Antoine analyse les figures politiques et m\u00e9diatiques, ainsi que leur influence en France au fil des ann\u00e9es.","url":"https:\/\/starstory.fr\/blog\/auteur\/antoine-dupont\/"}]}},"_links":{"self":[{"href":"https:\/\/starstory.fr\/blog\/wp-json\/wp\/v2\/posts\/7965","targetHints":{"allow":["GET"]}}],"collection":[{"href":"https:\/\/starstory.fr\/blog\/wp-json\/wp\/v2\/posts"}],"about":[{"href":"https:\/\/starstory.fr\/blog\/wp-json\/wp\/v2\/types\/post"}],"author":[{"embeddable":true,"href":"https:\/\/starstory.fr\/blog\/wp-json\/wp\/v2\/users\/42"}],"replies":[{"embeddable":true,"href":"https:\/\/starstory.fr\/blog\/wp-json\/wp\/v2\/comments?post=7965"}],"version-history":[{"count":0,"href":"https:\/\/starstory.fr\/blog\/wp-json\/wp\/v2\/posts\/7965\/revisions"}],"wp:attachment":[{"href":"https:\/\/starstory.fr\/blog\/wp-json\/wp\/v2\/media?parent=7965"}],"wp:term":[{"taxonomy":"category","embeddable":true,"href":"https:\/\/starstory.fr\/blog\/wp-json\/wp\/v2\/categories?post=7965"},{"taxonomy":"post_tag","embeddable":true,"href":"https:\/\/starstory.fr\/blog\/wp-json\/wp\/v2\/tags?post=7965"}],"curies":[{"name":"wp","href":"https:\/\/api.w.org\/{rel}","templated":true}]}}