{"id":7958,"date":"2026-06-06T01:17:04","date_gmt":"2026-06-05T23:17:04","guid":{"rendered":"https:\/\/starstory.fr\/blog\/sport-et-legendes-sportives\/cristiano-ronaldo-taille-age-salaire-fortune-et-couple-la-fiche-comple\/"},"modified":"2026-06-06T01:17:04","modified_gmt":"2026-06-05T23:17:04","slug":"cristiano-ronaldo-taille-age-salaire-fortune-et-couple-la-fiche-comple","status":"publish","type":"post","link":"https:\/\/starstory.fr\/blog\/sport-et-legendes-sportives\/cristiano-ronaldo-taille-age-salaire-fortune-et-couple-la-fiche-comple\/","title":{"rendered":"Cristiano Ronaldo : taille, \u00e2ge, salaire, fortune et couple \u2014 la fiche compl\u00e8te"},"content":{"rendered":"<aside style=\"background:#FBEAF2;border-left:5px solid #B11E6A;padding:22px 28px;margin:24px 0;font-family:-apple-system,BlinkMacSystemFont,'Segoe UI',Roboto,sans-serif;\">\n<div style=\"margin:0;font-size:19px;line-height:1.55;color:#2a2a2a;font-weight:500;letter-spacing:-0.005em;\">\n    Cristiano Ronaldo mesure environ 1,87 m, est n\u00e9 le 5 f\u00e9vrier 1985 sur l&rsquo;\u00eele de Mad\u00e8re et porte aujourd&rsquo;hui les couleurs d&rsquo;Al-Nassr, en Arabie saoudite. Quintuple Ballon d&rsquo;Or, recordman de buts en s\u00e9lection, fianc\u00e9 \u00e0 Georgina Rodr\u00edguez et p\u00e8re de famille : voici la fiche compl\u00e8te, factuelle et tenue \u00e0 jour, de l&rsquo;une des plus grandes l\u00e9gendes du football mondial.\n  <\/div>\n<\/aside>\n<figure style=\"margin:32px 0;font-family:-apple-system,BlinkMacSystemFont,'Segoe UI',Roboto,sans-serif;\">\n<div style=\"overflow-x:auto;border:1px solid #e5e5e0;border-radius:8px;\">\n<table style=\"width:100%;border-collapse:collapse;font-size:14px;color:#2a2a2a;min-width:500px;\">\n<thead>\n<tr style=\"background:#1a1a1a;color:#fff;\">\n<th style=\"text-align:left;padding:14px 18px;font-weight:700;font-size:12px;text-transform:uppercase;letter-spacing:1.5px;\">Carte d&rsquo;identit\u00e9<\/th>\n<th style=\"text-align:left;padding:14px 18px;font-weight:700;font-size:12px;text-transform:uppercase;letter-spacing:1.5px;\">D\u00e9tail<\/th>\n<\/tr>\n<\/thead>\n<tbody>\n<tr style=\"background:#fff;border-bottom:1px solid #f0ede5;\">\n<td style=\"padding:14px 18px;font-weight:600;\">Nom complet<\/td>\n<td style=\"padding:14px 18px;color:#4a4a4a;\">Cristiano Ronaldo dos Santos Aveiro<\/td>\n<\/tr>\n<tr style=\"background:#fafaf7;border-bottom:1px solid #f0ede5;\">\n<td style=\"padding:14px 18px;font-weight:600;\">Naissance<\/td>\n<td style=\"padding:14px 18px;color:#4a4a4a;\">5 f\u00e9vrier 1985, Funchal, Mad\u00e8re (Portugal)<\/td>\n<\/tr>\n<tr style=\"background:#fff;border-bottom:1px solid #f0ede5;\">\n<td style=\"padding:14px 18px;font-weight:600;\">\u00c2ge<\/td>\n<td style=\"padding:14px 18px;color:#4a4a4a;\">41 ans (en 2026)<\/td>\n<\/tr>\n<tr style=\"background:#fafaf7;border-bottom:1px solid #f0ede5;\">\n<td style=\"padding:14px 18px;font-weight:600;\">Taille<\/td>\n<td style=\"padding:14px 18px;color:#4a4a4a;\">Environ 1,87 m<\/td>\n<\/tr>\n<tr style=\"background:#fff;border-bottom:1px solid #f0ede5;\">\n<td style=\"padding:14px 18px;font-weight:600;\">Poste<\/td>\n<td style=\"padding:14px 18px;color:#4a4a4a;\">Attaquant (avant-centre \/ ailier)<\/td>\n<\/tr>\n<tr style=\"background:#fafaf7;border-bottom:1px solid #f0ede5;\">\n<td style=\"padding:14px 18px;font-weight:600;\">Club<\/td>\n<td style=\"padding:14px 18px;color:#4a4a4a;\">Al-Nassr (Arabie saoudite), depuis janvier 2023<\/td>\n<\/tr>\n<tr style=\"background:#fff;border-bottom:1px solid #f0ede5;\">\n<td style=\"padding:14px 18px;font-weight:600;\">S\u00e9lection<\/td>\n<td style=\"padding:14px 18px;color:#4a4a4a;\">Portugal (capitaine)<\/td>\n<\/tr>\n<tr style=\"background:#fafaf7;\">\n<td style=\"padding:14px 18px;font-weight:600;\">Palmar\u00e8s cl\u00e9<\/td>\n<td style=\"padding:14px 18px;color:#4a4a4a;\">5 Ballons d&rsquo;Or, 5 Ligues des champions, Euro 2016, Ligue des nations<\/td>\n<\/tr>\n<\/tbody>\n<\/table><\/div><figcaption style=\"font-size:11px;color:#7a7a7a;margin-top:8px;text-align:right;letter-spacing:0.3px;\">Donn\u00e9es issues de sources publiques \u2014 voir bas de page.<\/figcaption><\/figure>\n<h2>Bio et parcours : de Mad\u00e8re \u00e0 Al-Nassr<\/h2>\n<p>N\u00e9 le 5 f\u00e9vrier 1985 \u00e0 Funchal, sur l&rsquo;\u00eele portugaise de Mad\u00e8re, Cristiano Ronaldo grandit dans un quartier modeste avant de rejoindre le centre de formation du Sporting Portugal \u00e0 Lisbonne. C&rsquo;est l\u00e0 qu&rsquo;il fait ses d\u00e9buts professionnels au tout d\u00e9but des ann\u00e9es 2000, d\u00e9j\u00e0 rep\u00e9r\u00e9 pour sa vitesse, sa technique et son sens du spectacle.<\/p>\n<p>En 2003, Manchester United le recrute. Sous les ordres de Sir Alex Ferguson, il devient une star plan\u00e9taire, remporte la Premier League et la Ligue des champions, et d\u00e9croche son premier Ballon d&rsquo;Or en 2008. L&rsquo;ann\u00e9e suivante, le Real Madrid s&rsquo;attache ses services pour un transfert alors record.<\/p>\n<aside style=\"background:#FBEAF2;border-left:4px solid #B11E6A;padding:14px 18px;margin:18px 0;border-radius:0 4px 4px 0;font-family:-apple-system,BlinkMacSystemFont,'Segoe UI',Roboto,sans-serif;\">\n  <strong style=\"display:inline-block;color:#7a1248;font-size:12px;text-transform:uppercase;letter-spacing:1.5px;margin-right:8px;\">&#10022; \u00c0 retenir<\/strong><br \/>\n  <span style=\"font-size:14.5px;line-height:1.55;color:#3a3a3a;\">Ronaldo est le meilleur buteur de l&rsquo;histoire du Real Madrid, o\u00f9 il a inscrit plus de 400 buts en moins de dix saisons.<\/span><br \/>\n<\/aside>\n<p>Ses neuf ann\u00e9es madril\u00e8nes (2009-2018) sont les plus glorieuses de sa carri\u00e8re : quatre Ligues des champions suppl\u00e9mentaires, plusieurs titres en Liga et quatre nouveaux Ballons d&rsquo;Or. \u00c0 Madrid, il pulv\u00e9rise record sur record et s&rsquo;impose comme l&rsquo;un des attaquants les plus prolifiques que le football ait connus, avec une moyenne de buts par match longtemps rest\u00e9e sans \u00e9quivalent \u00e0 ce niveau d&rsquo;exigence.<\/p>\n<p>En 2018, il rejoint la Juventus de Turin, qu&rsquo;il aide \u00e0 conqu\u00e9rir le championnat italien, prouvant sa capacit\u00e9 \u00e0 dominer dans un troisi\u00e8me grand championnat europ\u00e9en apr\u00e8s l&rsquo;Angleterre et l&rsquo;Espagne. Apr\u00e8s un retour \u00e9ph\u00e9m\u00e8re \u00e0 Manchester United en 2021, il signe d\u00e9but 2023 \u00e0 Al-Nassr, club de la Saudi Pro League dont il est devenu le visage et le capitaine. Son arriv\u00e9e en Arabie saoudite a contribu\u00e9 \u00e0 propulser la m\u00e9diatisation du championnat local et \u00e0 attirer d&rsquo;autres stars internationales dans son sillage.<\/p>\n<figure style=\"margin:32px 0;padding:0;font-family:-apple-system,BlinkMacSystemFont,'Segoe UI',Roboto,sans-serif;\">\n<div style=\"display:grid;grid-template-columns:repeat(auto-fit,minmax(140px,1fr));background:#1a1a1a;border-radius:6px;overflow:hidden;\">\n<div style=\"padding:22px 16px;text-align:center;border-right:1px solid #2f2f2f;\">\n<div style=\"font-size:36px;font-weight:900;color:#fff;letter-spacing:-0.04em;line-height:1;\">5<\/div>\n<div style=\"font-size:11px;text-transform:uppercase;letter-spacing:1.5px;color:#9a9a9a;margin-top:8px;\">Ballons d&rsquo;Or<\/div>\n<\/p><\/div>\n<div style=\"padding:22px 16px;text-align:center;border-right:1px solid #2f2f2f;\">\n<div style=\"font-size:36px;font-weight:900;color:#fff;letter-spacing:-0.04em;line-height:1;\">5<\/div>\n<div style=\"font-size:11px;text-transform:uppercase;letter-spacing:1.5px;color:#9a9a9a;margin-top:8px;\">Ligues des champions<\/div>\n<\/p><\/div>\n<div style=\"padding:22px 16px;text-align:center;\">\n<div style=\"font-size:36px;font-weight:900;color:#E8639E;letter-spacing:-0.04em;line-height:1;\">5<\/div>\n<div style=\"font-size:11px;text-transform:uppercase;letter-spacing:1.5px;color:#9a9a9a;margin-top:8px;\">Clubs majeurs<\/div>\n<\/p><\/div>\n<\/p><\/div><figcaption style=\"font-size:11px;color:#7a7a7a;margin-top:8px;text-align:right;letter-spacing:0.3px;\">Sporting, Manchester United, Real Madrid, Juventus, Al-Nassr.<\/figcaption><\/figure>\n<h2>Palmar\u00e8s et records<\/h2>\n<p>Le palmar\u00e8s de Cristiano Ronaldo est l&rsquo;un des plus fournis de l&rsquo;histoire du football. Sur le plan individuel, il a remport\u00e9 cinq Ballons d&rsquo;Or (2008, 2013, 2014, 2016 et 2017) et plusieurs Souliers d&rsquo;or europ\u00e9ens r\u00e9compensant le meilleur buteur des championnats du continent.<\/p>\n<aside style=\"background:#fafaf7;border:1px solid #e5e5e0;border-radius:8px;padding:24px 26px 26px;margin:28px 0;font-family:-apple-system,BlinkMacSystemFont,'Segoe UI',Roboto,sans-serif;\">\n<div style=\"margin:0 0 18px 0;font-size:11px;font-weight:700;text-transform:uppercase;letter-spacing:2.2px;color:#B11E6A;\">Ses grands titres<\/div>\n<div style=\"display:grid;grid-template-columns:repeat(auto-fit,minmax(240px,1fr));gap:10px;\">\n<div style=\"display:flex;gap:12px;background:#fff;border:1px solid #ebebe5;padding:12px 14px;border-radius:6px;align-items:flex-start;\">\n      <span style=\"flex:0 0 26px;width:26px;height:26px;background:#B11E6A;color:#fff;border-radius:50%;display:inline-flex;align-items:center;justify-content:center;font-size:12px;font-weight:700;\">1<\/span><br \/>\n      <span style=\"font-size:14px;line-height:1.5;color:#2a2a2a;\">5 Ligues des champions (1 avec Manchester United, 4 avec le Real Madrid).<\/span>\n    <\/div>\n<div style=\"display:flex;gap:12px;background:#fff;border:1px solid #ebebe5;padding:12px 14px;border-radius:6px;align-items:flex-start;\">\n      <span style=\"flex:0 0 26px;width:26px;height:26px;background:#B11E6A;color:#fff;border-radius:50%;display:inline-flex;align-items:center;justify-content:center;font-size:12px;font-weight:700;\">2<\/span><br \/>\n      <span style=\"font-size:14px;line-height:1.5;color:#2a2a2a;\">L&rsquo;Euro 2016 avec le Portugal, premier grand titre international du pays.<\/span>\n    <\/div>\n<div style=\"display:flex;gap:12px;background:#fff;border:1px solid #ebebe5;padding:12px 14px;border-radius:6px;align-items:flex-start;\">\n      <span style=\"flex:0 0 26px;width:26px;height:26px;background:#B11E6A;color:#fff;border-radius:50%;display:inline-flex;align-items:center;justify-content:center;font-size:12px;font-weight:700;\">3<\/span><br \/>\n      <span style=\"font-size:14px;line-height:1.5;color:#2a2a2a;\">La Ligue des nations de l&rsquo;UEFA, remport\u00e9e \u00e0 deux reprises avec le Portugal.<\/span>\n    <\/div>\n<div style=\"display:flex;gap:12px;background:#fff;border:1px solid #ebebe5;padding:12px 14px;border-radius:6px;align-items:flex-start;\">\n      <span style=\"flex:0 0 26px;width:26px;height:26px;background:#B11E6A;color:#fff;border-radius:50%;display:inline-flex;align-items:center;justify-content:center;font-size:12px;font-weight:700;\">4<\/span><br \/>\n      <span style=\"font-size:14px;line-height:1.5;color:#2a2a2a;\">Des titres de champion en Angleterre, en Espagne et en Italie.<\/span>\n    <\/div>\n<div style=\"display:flex;gap:12px;background:#fff;border:1px solid #ebebe5;padding:12px 14px;border-radius:6px;align-items:flex-start;\">\n      <span style=\"flex:0 0 26px;width:26px;height:26px;background:#B11E6A;color:#fff;border-radius:50%;display:inline-flex;align-items:center;justify-content:center;font-size:12px;font-weight:700;\">5<\/span><br \/>\n      <span style=\"font-size:14px;line-height:1.5;color:#2a2a2a;\">Le record de buts internationaux dans le football masculin.<\/span>\n    <\/div>\n<\/p><\/div>\n<\/aside>\n<p>C\u00f4t\u00e9 records, Cristiano Ronaldo d\u00e9tient notamment le record du nombre de buts inscrits en Ligue des champions, ainsi que celui du plus grand nombre de buts marqu\u00e9s en s\u00e9lection nationale, toutes nations confondues chez les hommes. Il a \u00e9galement franchi des caps symboliques en cumulant, clubs et s\u00e9lection r\u00e9unis, plus de 900 buts au cours de sa carri\u00e8re professionnelle, un total qui ne cesse de progresser au fil des saisons.<\/p>\n<aside style=\"background:#fff7e0;border-left:4px solid #d4a017;padding:14px 18px;margin:18px 0;border-radius:0 4px 4px 0;font-family:-apple-system,BlinkMacSystemFont,'Segoe UI',Roboto,sans-serif;\">\n  <strong style=\"display:inline-block;color:#7a5e00;font-size:12px;text-transform:uppercase;letter-spacing:1.5px;margin-right:8px;\">&#128161; Bon \u00e0 savoir<\/strong><br \/>\n  <span style=\"font-size:14.5px;line-height:1.55;color:#3a3a3a;\">Ronaldo est aussi recordman du nombre de s\u00e9lections avec le Portugal, dont il est le capitaine embl\u00e9matique depuis de nombreuses ann\u00e9es.<\/span><br \/>\n<\/aside>\n<h2>Taille et physique<\/h2>\n<p>Cristiano Ronaldo mesure environ 1,87 m pour un poids d&rsquo;environ 83 kg. Cette stature athl\u00e9tique, associ\u00e9e \u00e0 une musculature soigneusement entretenue, fait partie de sa marque de fabrique. Sa d\u00e9tente verticale impressionnante lui permet de marquer un grand nombre de buts de la t\u00eate, \u00e0 des hauteurs que peu d&rsquo;attaquants atteignent.<\/p>\n<p>R\u00e9put\u00e9 pour son hygi\u00e8ne de vie stricte et son travail physique acharn\u00e9, il a souvent expliqu\u00e9 accorder une importance majeure \u00e0 la r\u00e9cup\u00e9ration, au sommeil et \u00e0 la nutrition. Plusieurs pr\u00e9parateurs ayant crois\u00e9 sa route ont d\u00e9crit un athl\u00e8te obs\u00e9d\u00e9 par les d\u00e9tails, capable d&rsquo;encha\u00eener les s\u00e9ances suppl\u00e9mentaires en dehors des entra\u00eenements collectifs. C&rsquo;est en partie ce qui explique sa long\u00e9vit\u00e9 exceptionnelle : \u00e0 plus de 40 ans, il continue d&rsquo;\u00e9voluer au plus haut niveau et de marquer r\u00e9guli\u00e8rement, l\u00e0 o\u00f9 la plupart des footballeurs ont depuis longtemps raccroch\u00e9 les crampons.<\/p>\n<p>Son profil athl\u00e9tique complet \u2014 vitesse, puissance, jeu de t\u00eate, frappe des deux pieds \u2014 a longtemps fait de lui un attaquant total, difficile \u00e0 cantonner \u00e0 un seul r\u00f4le. Au fil des ann\u00e9es, il a su faire \u00e9voluer son jeu, troquant progressivement les d\u00e9bordements d&rsquo;ailier explosif de ses d\u00e9buts contre un positionnement d&rsquo;avant-centre redoutable dans la surface.<\/p>\n<figure style=\"margin:38px auto;padding:28px 24px;text-align:center;border-top:1px solid #2a2a2a;border-bottom:1px solid #2a2a2a;max-width:640px;position:relative;font-family:Georgia,'Hoefler Text',serif;\">\n<div style=\"position:absolute;top:-20px;left:50%;transform:translateX(-50%);background:#ffffff;padding:0 14px;font-size:48px;line-height:1;color:#B11E6A;font-family:Georgia,serif;\">&laquo;<\/div>\n<blockquote style=\"margin:0;padding:0;font-size:24px;line-height:1.45;font-style:italic;color:#1a1a1a;letter-spacing:-0.005em;\"><p>\n    Le talent sans travail n&rsquo;est rien. La discipline et la r\u00e9gularit\u00e9 font la diff\u00e9rence sur la dur\u00e9e.<br \/>\n  <\/blockquote><figcaption style=\"margin-top:14px;font-size:12px;text-transform:uppercase;letter-spacing:2px;color:#6a6a6a;font-family:-apple-system,sans-serif;font-style:normal;\">\u2014 Philosophie souvent associ\u00e9e \u00e0 Cristiano Ronaldo<\/figcaption><\/figure>\n<h2>Vie priv\u00e9e : Georgina, les enfants et la famille<\/h2>\n<p>Sur le plan personnel, Cristiano Ronaldo partage sa vie avec le mannequin et femme d&rsquo;affaires hispano-argentine Georgina Rodr\u00edguez, rencontr\u00e9e \u00e0 Madrid en 2016. Le couple s&rsquo;est fianc\u00e9 en 2025, officialisant son engagement apr\u00e8s pr\u00e8s d&rsquo;une d\u00e9cennie de vie commune.<\/p>\n<p>La famille \u00e9l\u00e8ve cinq enfants. L&rsquo;a\u00een\u00e9, Cristiano Jr., est n\u00e9 en 2010 ; suivent les jumeaux Eva et Mateo, ainsi qu&rsquo;Alana Martina, n\u00e9e de la relation avec Georgina. Le couple a aussi accueilli Bella Esmeralda. La famille a par ailleurs travers\u00e9 une \u00e9preuve douloureuse avec la perte d&rsquo;un enfant \u00e0 la naissance, drame que le couple a \u00e9voqu\u00e9 publiquement avec pudeur.<\/p>\n<div style=\"display:grid;grid-template-columns:repeat(auto-fit,minmax(220px,1fr));gap:14px;margin:28px 0;font-family:-apple-system,BlinkMacSystemFont,'Segoe UI',Roboto,sans-serif;\">\n<article style=\"background:#fff;border:1px solid #e5e5e0;border-top:3px solid #B11E6A;border-radius:6px;padding:18px 18px 16px;\">\n<div style=\"width:36px;height:36px;background:#FBEAF2;border-radius:50%;display:inline-flex;align-items:center;justify-content:center;margin-bottom:12px;\">\n      <span style=\"font-size:18px;color:#B11E6A;font-weight:900;font-family:Georgia,serif;\">01<\/span>\n    <\/div>\n<h3 style=\"margin:0 0 6px 0;font-size:16px;font-weight:700;color:#1a1a1a;letter-spacing:-0.01em;\">La rencontre<\/h3>\n<div style=\"margin:0;font-size:13.5px;line-height:1.55;color:#4a4a4a;\">Cristiano et Georgina se rencontrent \u00e0 Madrid en 2016, alors qu&rsquo;elle travaille dans une boutique de luxe.<\/div>\n<\/article>\n<article style=\"background:#fff;border:1px solid #e5e5e0;border-top:3px solid #B11E6A;border-radius:6px;padding:18px 18px 16px;\">\n<div style=\"width:36px;height:36px;background:#FBEAF2;border-radius:50%;display:inline-flex;align-items:center;justify-content:center;margin-bottom:12px;\">\n      <span style=\"font-size:18px;color:#B11E6A;font-weight:900;font-family:Georgia,serif;\">02<\/span>\n    <\/div>\n<h3 style=\"margin:0 0 6px 0;font-size:16px;font-weight:700;color:#1a1a1a;letter-spacing:-0.01em;\">Cinq enfants<\/h3>\n<div style=\"margin:0;font-size:13.5px;line-height:1.55;color:#4a4a4a;\">Cristiano Jr., les jumeaux Eva et Mateo, Alana Martina et Bella Esmeralda forment la tribu familiale.<\/div>\n<\/article>\n<article style=\"background:#fff;border:1px solid #e5e5e0;border-top:3px solid #B11E6A;border-radius:6px;padding:18px 18px 16px;\">\n<div style=\"width:36px;height:36px;background:#FBEAF2;border-radius:50%;display:inline-flex;align-items:center;justify-content:center;margin-bottom:12px;\">\n      <span style=\"font-size:18px;color:#B11E6A;font-weight:900;font-family:Georgia,serif;\">03<\/span>\n    <\/div>\n<h3 style=\"margin:0 0 6px 0;font-size:16px;font-weight:700;color:#1a1a1a;letter-spacing:-0.01em;\">Les fian\u00e7ailles<\/h3>\n<div style=\"margin:0;font-size:13.5px;line-height:1.55;color:#4a4a4a;\">En 2025, le couple officialise ses fian\u00e7ailles, scellant pr\u00e8s de dix ans de vie commune.<\/div>\n<\/article>\n<\/div>\n<p>Georgina Rodr\u00edguez est elle-m\u00eame devenue une personnalit\u00e9 publique \u00e0 part enti\u00e8re, suivie par des dizaines de millions d&rsquo;abonn\u00e9s sur les r\u00e9seaux sociaux et h\u00e9ro\u00efne d&rsquo;une s\u00e9rie documentaire qui l\u00e8ve le voile sur le quotidien de la famille. Le clan Ronaldo cultive une image de proximit\u00e9, partageant r\u00e9guli\u00e8rement des moments de vie avec ses fans.<\/p>\n<h2>Salaire et fortune estim\u00e9s<\/h2>\n<p>Les questions d&rsquo;argent entourant Cristiano Ronaldo nourrissent en permanence les conversations. Selon les sources publiques disponibles, son contrat avec Al-Nassr le placerait parmi les sportifs les mieux pay\u00e9s de la plan\u00e8te, avec une r\u00e9mun\u00e9ration annuelle estim\u00e9e \u00e0 plusieurs centaines de millions d&rsquo;euros une fois cumul\u00e9s salaire fixe, primes et accords commerciaux.<\/p>\n<aside style=\"background:#FBEAF2;border-left:4px solid #B11E6A;padding:14px 18px;margin:18px 0;border-radius:0 4px 4px 0;font-family:-apple-system,BlinkMacSystemFont,'Segoe UI',Roboto,sans-serif;\">\n  <strong style=\"display:inline-block;color:#7a1248;font-size:12px;text-transform:uppercase;letter-spacing:1.5px;margin-right:8px;\">&#9888;&#65039; \u00c0 noter<\/strong><br \/>\n  <span style=\"font-size:14.5px;line-height:1.55;color:#3a3a3a;\">Les chiffres de salaire et de fortune sont des estimations issues de sources publiques (m\u00e9dias \u00e9conomiques, classements sp\u00e9cialis\u00e9s). Ils varient selon les m\u00e9thodes de calcul et ne sont pas confirm\u00e9s officiellement par l&rsquo;int\u00e9ress\u00e9.<\/span><br \/>\n<\/aside>\n<p>Au-del\u00e0 de son salaire de joueur, sa fortune \u2014 estim\u00e9e selon les sources publiques \u00e0 plusieurs centaines de millions d&rsquo;euros, voire au-del\u00e0 du milliard pour les \u00e9valuations les plus larges \u2014 repose en grande partie sur ses contrats publicitaires. Partenariats avec de grands \u00e9quipementiers, marques de luxe, parfums, lignes de v\u00eatements et compl\u00e9ments alimentaires : Ronaldo est une v\u00e9ritable entreprise \u00e0 lui seul. Il figure r\u00e9guli\u00e8rement en t\u00eate des classements des athl\u00e8tes les plus suivis et les plus r\u00e9mun\u00e9r\u00e9s au monde.<\/p>\n<div style=\"display:grid;grid-template-columns:repeat(auto-fit,minmax(260px,1fr));gap:14px;margin:28px 0;font-family:-apple-system,BlinkMacSystemFont,'Segoe UI',Roboto,sans-serif;\">\n<div style=\"background:#FBEAF2;border:1px solid #f0c4da;border-radius:6px;padding:20px 22px;\">\n<div style=\"display:flex;align-items:center;gap:10px;margin-bottom:14px;padding-bottom:10px;border-bottom:1px solid #f0c4da;\">\n      <span style=\"width:32px;height:32px;background:#B11E6A;color:#fff;border-radius:50%;display:inline-flex;align-items:center;justify-content:center;font-size:18px;font-weight:700;\">&#9733;<\/span><\/p>\n<h3 style=\"margin:0;font-size:16px;font-weight:700;color:#7a1248;letter-spacing:-0.01em;\">Sources de revenus<\/h3>\n<\/p><\/div>\n<ul style=\"margin:0;padding-left:18px;font-size:14px;line-height:1.7;color:#3a3a3a;\">\n<li>Salaire de joueur \u00e0 Al-Nassr<\/li>\n<li>Contrats publicitaires et \u00e9g\u00e9ries de marques<\/li>\n<li>Lignes de produits \u00e0 son nom (mode, parfums)<\/li>\n<li>Investissements et activit\u00e9s h\u00f4teli\u00e8res<\/li>\n<\/ul><\/div>\n<div style=\"background:#fafaf7;border:1px solid #e5e5e0;border-radius:6px;padding:20px 22px;\">\n<div style=\"display:flex;align-items:center;gap:10px;margin-bottom:14px;padding-bottom:10px;border-bottom:1px solid #e5e5e0;\">\n      <span style=\"width:32px;height:32px;background:#1a1a1a;color:#fff;border-radius:50%;display:inline-flex;align-items:center;justify-content:center;font-size:18px;font-weight:700;\">&#9788;<\/span><\/p>\n<h3 style=\"margin:0;font-size:16px;font-weight:700;color:#1a1a1a;letter-spacing:-0.01em;\">Rayonnement<\/h3>\n<\/p><\/div>\n<ul style=\"margin:0;padding-left:18px;font-size:14px;line-height:1.7;color:#3a3a3a;\">\n<li>Sportif le plus suivi sur les r\u00e9seaux sociaux<\/li>\n<li>Marque mondiale CR7 reconnue partout<\/li>\n<li>Image associ\u00e9e \u00e0 la performance et au luxe<\/li>\n<li>Influence d\u00e9passant le seul cadre du football<\/li>\n<\/ul><\/div>\n<\/div>\n<h2>Anecdotes et coulisses<\/h2>\n<p>Derri\u00e8re le champion se cache un personnage riche en histoires. Son c\u00e9l\u00e8bre \u00ab\u00a0Siuuu\u00a0\u00bb, ce cri lanc\u00e9 bras \u00e9cart\u00e9s apr\u00e8s ses buts, est devenu un ph\u00e9nom\u00e8ne culturel imit\u00e9 dans le monde entier. La marque \u00ab\u00a0CR7\u00a0\u00bb, construite autour de ses initiales et de son num\u00e9ro f\u00e9tiche, le 7, d\u00e9cline aujourd&rsquo;hui h\u00f4tels, v\u00eatements, parfums et bien d&rsquo;autres produits.<\/p>\n<aside style=\"background:#FBEAF2;border-left:4px solid #B11E6A;padding:14px 18px;margin:18px 0;border-radius:0 4px 4px 0;font-family:-apple-system,BlinkMacSystemFont,'Segoe UI',Roboto,sans-serif;\">\n  <strong style=\"display:inline-block;color:#7a1248;font-size:12px;text-transform:uppercase;letter-spacing:1.5px;margin-right:8px;\">&#10022; Le saviez-vous ?<\/strong><br \/>\n  <span style=\"font-size:14.5px;line-height:1.55;color:#3a3a3a;\">Le num\u00e9ro 7 accompagne Ronaldo depuis ses d\u00e9buts \u00e0 Manchester United, au point d&rsquo;\u00eatre devenu indissociable de son identit\u00e9 de marque, jusqu&rsquo;au nom \u00ab\u00a0CR7\u00a0\u00bb.<\/span><br \/>\n<\/aside>\n<p>Sa rivalit\u00e9 sportive avec Lionel Messi a marqu\u00e9 pr\u00e8s de deux d\u00e9cennies de football, alimentant l&rsquo;un des plus grands d\u00e9bats de l&rsquo;histoire du sport entre amateurs des deux camps. Tr\u00e8s attach\u00e9 \u00e0 sa famille, Ronaldo cite r\u00e9guli\u00e8rement sa m\u00e8re comme l&rsquo;une de ses plus grandes sources de motivation, et il s&rsquo;est illustr\u00e9 \u00e0 plusieurs reprises par des gestes de g\u00e9n\u00e9rosit\u00e9 et des dons caritatifs discrets.<\/p>\n<h2 style=\"margin:0 0 18px 0;font-size:22px;font-weight:800;color:#1a1a1a;letter-spacing:-0.01em;\">Questions fr\u00e9quentes<\/h2>\n<div style=\"border-top:1px solid #d4cfc4;font-family:-apple-system,BlinkMacSystemFont,'Segoe UI',Roboto,sans-serif;\">\n<details style=\"border-bottom:1px solid #d4cfc4;padding:0;\">\n<summary style=\"cursor:pointer;padding:16px 0;font-size:17px;font-weight:700;color:#1a1a1a;list-style:none;display:flex;justify-content:space-between;align-items:center;gap:14px;\">\n      <span>Quelle est la taille de Cristiano Ronaldo ?<\/span><br \/>\n      <span style=\"font-size:22px;font-weight:300;color:#B11E6A;line-height:1;\">+<\/span><br \/>\n    <\/summary>\n<div style=\"padding:0 0 16px 0;font-size:15px;line-height:1.7;color:#4a4a4a;\">Cristiano Ronaldo mesure environ 1,87 m, pour un poids d&rsquo;environ 83 kg. Cette taille, associ\u00e9e \u00e0 une d\u00e9tente remarquable, explique en partie son efficacit\u00e9 dans le jeu a\u00e9rien.<\/div>\n<\/details>\n<details style=\"border-bottom:1px solid #d4cfc4;padding:0;\">\n<summary style=\"cursor:pointer;padding:16px 0;font-size:17px;font-weight:700;color:#1a1a1a;list-style:none;display:flex;justify-content:space-between;align-items:center;gap:14px;\">\n      <span>Quel \u00e2ge a Cristiano Ronaldo ?<\/span><br \/>\n      <span style=\"font-size:22px;font-weight:300;color:#B11E6A;line-height:1;\">+<\/span><br \/>\n    <\/summary>\n<div style=\"padding:0 0 16px 0;font-size:15px;line-height:1.7;color:#4a4a4a;\">N\u00e9 le 5 f\u00e9vrier 1985 \u00e0 Mad\u00e8re, Cristiano Ronaldo a 41 ans en 2026. Malgr\u00e9 son \u00e2ge, il continue d&rsquo;\u00e9voluer au plus haut niveau, fort d&rsquo;une long\u00e9vit\u00e9 salu\u00e9e comme exceptionnelle.<\/div>\n<\/details>\n<details style=\"border-bottom:1px solid #d4cfc4;padding:0;\">\n<summary style=\"cursor:pointer;padding:16px 0;font-size:17px;font-weight:700;color:#1a1a1a;list-style:none;display:flex;justify-content:space-between;align-items:center;gap:14px;\">\n      <span>Dans quel club joue Cristiano Ronaldo ?<\/span><br \/>\n      <span style=\"font-size:22px;font-weight:300;color:#B11E6A;line-height:1;\">+<\/span><br \/>\n    <\/summary>\n<div style=\"padding:0 0 16px 0;font-size:15px;line-height:1.7;color:#4a4a4a;\">Depuis janvier 2023, Cristiano Ronaldo \u00e9volue \u00e0 Al-Nassr, club de la Saudi Pro League en Arabie saoudite, dont il est le capitaine. Il continue par ailleurs de porter le brassard de la s\u00e9lection portugaise.<\/div>\n<\/details>\n<details style=\"border-bottom:1px solid #d4cfc4;padding:0;\">\n<summary style=\"cursor:pointer;padding:16px 0;font-size:17px;font-weight:700;color:#1a1a1a;list-style:none;display:flex;justify-content:space-between;align-items:center;gap:14px;\">\n      <span>Quelle est la fortune de Cristiano Ronaldo ?<\/span><br \/>\n      <span style=\"font-size:22px;font-weight:300;color:#B11E6A;line-height:1;\">+<\/span><br \/>\n    <\/summary>\n<div style=\"padding:0 0 16px 0;font-size:15px;line-height:1.7;color:#4a4a4a;\">Selon les estimations issues de sources publiques, sa fortune se chiffre en centaines de millions d&rsquo;euros, certaines \u00e9valuations larges la situant au-del\u00e0 du milliard. Ces montants restent des estimations, non confirm\u00e9es officiellement, qui cumulent salaire, primes et revenus publicitaires.<\/div>\n<\/details>\n<details style=\"padding:0;\">\n<summary style=\"cursor:pointer;padding:16px 0;font-size:17px;font-weight:700;color:#1a1a1a;list-style:none;display:flex;justify-content:space-between;align-items:center;gap:14px;\">\n      <span>Qui est la compagne de Cristiano Ronaldo ?<\/span><br \/>\n      <span style=\"font-size:22px;font-weight:300;color:#B11E6A;line-height:1;\">+<\/span><br \/>\n    <\/summary>\n<div style=\"padding:0 0 16px 0;font-size:15px;line-height:1.7;color:#4a4a4a;\">Sa compagne est Georgina Rodr\u00edguez, mannequin et femme d&rsquo;affaires rencontr\u00e9e \u00e0 Madrid en 2016. Le couple, fianc\u00e9 en 2025, \u00e9l\u00e8ve cinq enfants ensemble.<\/div>\n<\/details>\n<\/div>\n<p style=\"font-size:13px;color:#6a6a6a;margin-top:32px;\">Sources : Wikip\u00e9dia et donn\u00e9es publiques. Article mis \u00e0 jour r\u00e9guli\u00e8rement.<\/p>\n","protected":false},"excerpt":{"rendered":"","protected":false},"author":34,"featured_media":999999999,"comment_status":"open","ping_status":"open","sticky":false,"template":"","format":"standard","meta":{"_acf_changed":false,"manual_indexmenow":false,"indexmenow_id_project":0,"footnotes":""},"categories":[4523],"tags":[],"class_list":["post-7958","post","type-post","status-publish","format-standard","has-post-thumbnail","hentry","category-sport-et-legendes-sportives","generate-columns","tablet-grid-50","mobile-grid-100","grid-parent","grid-25"],"acf":[],"yoast_head":"<!-- This site is optimized with the Yoast SEO Premium plugin v21.3 (Yoast SEO v26.5) - https:\/\/yoast.com\/wordpress\/plugins\/seo\/ -->\n<title>Cristiano Ronaldo : taille, \u00e2ge, salaire, fortune et couple<\/title>\n<meta name=\"description\" content=\"Cristiano Ronaldo mesure environ 1,87 m, est n\u00e9 le 5 f\u00e9vrier 1985 sur l&#039;\u00eele de Mad\u00e8re et porte aujourd&#039;hui les couleurs d&#039;Al-Nassr, en Arabie saoudite\" \/>\n<meta name=\"robots\" content=\"index, follow, max-snippet:-1, max-image-preview:large, max-video-preview:-1\" \/>\n<link rel=\"canonical\" href=\"https:\/\/starstory.fr\/blog\/sport-et-legendes-sportives\/cristiano-ronaldo-taille-age-salaire-fortune-et-couple-la-fiche-comple\/\" \/>\n<meta property=\"og:locale\" content=\"fr_FR\" \/>\n<meta property=\"og:type\" content=\"article\" \/>\n<meta property=\"og:title\" content=\"Cristiano Ronaldo : taille, \u00e2ge, salaire, fortune et couple\" \/>\n<meta property=\"og:description\" content=\"Cristiano Ronaldo mesure environ 1,87 m, est n\u00e9 le 5 f\u00e9vrier 1985 sur l&#039;\u00eele de Mad\u00e8re et porte aujourd&#039;hui les couleurs d&#039;Al-Nassr, en Arabie saoudite\" \/>\n<meta property=\"og:url\" content=\"https:\/\/starstory.fr\/blog\/sport-et-legendes-sportives\/cristiano-ronaldo-taille-age-salaire-fortune-et-couple-la-fiche-comple\/\" \/>\n<meta property=\"og:site_name\" content=\"starstory\" \/>\n<meta name=\"author\" content=\"Rapha\u00ebl D.\" \/>\n<meta name=\"twitter:card\" content=\"summary_large_image\" \/>\n<script type=\"application\/ld+json\" class=\"yoast-schema-graph\">{\"@context\":\"https:\/\/schema.org\",\"@graph\":[{\"@type\":\"NewsArticle\",\"@id\":\"https:\/\/starstory.fr\/blog\/sport-et-legendes-sportives\/cristiano-ronaldo-taille-age-salaire-fortune-et-couple-la-fiche-comple\/#article\",\"isPartOf\":{\"@id\":\"https:\/\/starstory.fr\/blog\/sport-et-legendes-sportives\/cristiano-ronaldo-taille-age-salaire-fortune-et-couple-la-fiche-comple\/\"},\"author\":{\"name\":\"Rapha\u00ebl D.\",\"@id\":\"https:\/\/starstory.fr\/blog\/#\/schema\/person\/3c864cdc320801e3db34b663e7e3f816\"},\"headline\":\"Cristiano Ronaldo : taille, \u00e2ge, salaire, fortune et couple \u2014 la fiche compl\u00e8te\",\"datePublished\":\"2026-06-05T23:17:04+00:00\",\"mainEntityOfPage\":{\"@id\":\"https:\/\/starstory.fr\/blog\/sport-et-legendes-sportives\/cristiano-ronaldo-taille-age-salaire-fortune-et-couple-la-fiche-comple\/\"},\"wordCount\":1787,\"commentCount\":0,\"publisher\":{\"@id\":\"https:\/\/starstory.fr\/blog\/#organization\"},\"image\":{\"@id\":\"https:\/\/starstory.fr\/blog\/sport-et-legendes-sportives\/cristiano-ronaldo-taille-age-salaire-fortune-et-couple-la-fiche-comple\/#primaryimage\"},\"thumbnailUrl\":\"https:\/\/images.pexels.com\/photos\/20254637\/pexels-photo-20254637.jpeg?auto=compress&cs=tinysrgb&fit=crop&h=627&w=1200\",\"articleSection\":[\"Sport et L\u00e9gendes Sportives\"],\"inLanguage\":\"fr-FR\",\"potentialAction\":[{\"@type\":\"CommentAction\",\"name\":\"Comment\",\"target\":[\"https:\/\/starstory.fr\/blog\/sport-et-legendes-sportives\/cristiano-ronaldo-taille-age-salaire-fortune-et-couple-la-fiche-comple\/#respond\"]}]},{\"@type\":\"WebPage\",\"@id\":\"https:\/\/starstory.fr\/blog\/sport-et-legendes-sportives\/cristiano-ronaldo-taille-age-salaire-fortune-et-couple-la-fiche-comple\/\",\"url\":\"https:\/\/starstory.fr\/blog\/sport-et-legendes-sportives\/cristiano-ronaldo-taille-age-salaire-fortune-et-couple-la-fiche-comple\/\",\"name\":\"Cristiano Ronaldo : taille, \u00e2ge, salaire, fortune et couple\",\"isPartOf\":{\"@id\":\"https:\/\/starstory.fr\/blog\/#website\"},\"primaryImageOfPage\":{\"@id\":\"https:\/\/starstory.fr\/blog\/sport-et-legendes-sportives\/cristiano-ronaldo-taille-age-salaire-fortune-et-couple-la-fiche-comple\/#primaryimage\"},\"image\":{\"@id\":\"https:\/\/starstory.fr\/blog\/sport-et-legendes-sportives\/cristiano-ronaldo-taille-age-salaire-fortune-et-couple-la-fiche-comple\/#primaryimage\"},\"thumbnailUrl\":\"https:\/\/images.pexels.com\/photos\/20254637\/pexels-photo-20254637.jpeg?auto=compress&cs=tinysrgb&fit=crop&h=627&w=1200\",\"datePublished\":\"2026-06-05T23:17:04+00:00\",\"description\":\"Cristiano Ronaldo mesure environ 1,87 m, est n\u00e9 le 5 f\u00e9vrier 1985 sur l'\u00eele de Mad\u00e8re et porte aujourd'hui les couleurs d'Al-Nassr, en Arabie saoudite\",\"inLanguage\":\"fr-FR\",\"potentialAction\":[{\"@type\":\"ReadAction\",\"target\":[\"https:\/\/starstory.fr\/blog\/sport-et-legendes-sportives\/cristiano-ronaldo-taille-age-salaire-fortune-et-couple-la-fiche-comple\/\"]}]},{\"@type\":\"ImageObject\",\"inLanguage\":\"fr-FR\",\"@id\":\"https:\/\/starstory.fr\/blog\/sport-et-legendes-sportives\/cristiano-ronaldo-taille-age-salaire-fortune-et-couple-la-fiche-comple\/#primaryimage\",\"url\":\"https:\/\/images.pexels.com\/photos\/20254637\/pexels-photo-20254637.jpeg?auto=compress&cs=tinysrgb&fit=crop&h=627&w=1200\",\"contentUrl\":\"https:\/\/images.pexels.com\/photos\/20254637\/pexels-photo-20254637.jpeg?auto=compress&cs=tinysrgb&fit=crop&h=627&w=1200\"},{\"@type\":\"WebSite\",\"@id\":\"https:\/\/starstory.fr\/blog\/#website\",\"url\":\"https:\/\/starstory.fr\/blog\/\",\"name\":\"StarStory\",\"description\":\"StarStory, les \u00e9toiles racontent leur histoire\",\"publisher\":{\"@id\":\"https:\/\/starstory.fr\/blog\/#organization\"},\"alternateName\":\"StarStory, les \u00e9toiles racontent leur histoire\",\"potentialAction\":[{\"@type\":\"SearchAction\",\"target\":{\"@type\":\"EntryPoint\",\"urlTemplate\":\"https:\/\/starstory.fr\/blog\/?s={search_term_string}\"},\"query-input\":{\"@type\":\"PropertyValueSpecification\",\"valueRequired\":true,\"valueName\":\"search_term_string\"}}],\"inLanguage\":\"fr-FR\"},{\"@type\":\"Organization\",\"@id\":\"https:\/\/starstory.fr\/blog\/#organization\",\"name\":\"StarStory\",\"alternateName\":\"StarStory.fr\",\"url\":\"https:\/\/starstory.fr\/blog\/\",\"logo\":{\"@type\":\"ImageObject\",\"inLanguage\":\"fr-FR\",\"@id\":\"https:\/\/starstory.fr\/blog\/#\/schema\/logo\/image\/\",\"url\":\"https:\/\/starstory.fr\/blog\/wp-content\/uploads\/2024\/12\/38.png\",\"contentUrl\":\"https:\/\/starstory.fr\/blog\/wp-content\/uploads\/2024\/12\/38.png\",\"width\":500,\"height\":500,\"caption\":\"StarStory\"},\"image\":{\"@id\":\"https:\/\/starstory.fr\/blog\/#\/schema\/logo\/image\/\"}},{\"@type\":\"Person\",\"@id\":\"https:\/\/starstory.fr\/blog\/#\/schema\/person\/3c864cdc320801e3db34b663e7e3f816\",\"name\":\"Rapha\u00ebl D.\",\"image\":{\"@type\":\"ImageObject\",\"inLanguage\":\"fr-FR\",\"@id\":\"https:\/\/starstory.fr\/blog\/#\/schema\/person\/image\/\",\"url\":\"https:\/\/starstory.fr\/blog\/wp-content\/uploads\/2026\/06\/persona_raphael-d-96x96.jpg\",\"contentUrl\":\"https:\/\/starstory.fr\/blog\/wp-content\/uploads\/2026\/06\/persona_raphael-d-96x96.jpg\",\"caption\":\"Rapha\u00ebl D.\"},\"description\":\"La culture est mon terrain de jeu depuis une dizaine d'ann\u00e9es : arts visuels, s\u00e9ries, cr\u00e9ation et tout ce qui nourrit l'imaginaire. J'\u00e9cris aussi bien sur l'actualit\u00e9 des \u0153uvres que sur les coulisses de la cr\u00e9ation, avec l'envie de relier l'amateur curieux \u00e0 des univers parfois jug\u00e9s intimidants. J'aime analyser une s\u00e9rie ou une d\u00e9marche artistique sans p\u00e9dantisme, replacer une \u0153uvre dans son contexte et donner des cl\u00e9s de lecture accessibles. Avant de publier, je v\u00e9rifie mes r\u00e9f\u00e9rences, je recoupe les sources et je distingue clairement le fait de mon interpr\u00e9tation subjective. Je crois qu'une critique vaut surtout par les arguments qu'elle expose, pas par la sentence qu'elle rend. Mon angle : transmettre l'envie de d\u00e9couvrir, de regarder autrement et de se forger son propre go\u00fbt. La culture n'appartient pas qu'aux initi\u00e9s, et c'est tout l'enjeu de mon \u00e9criture.\",\"url\":\"https:\/\/starstory.fr\/blog\/auteur\/noname\/\",\"jobTitle\":\"R\u00e9dacteur en chef \u00b7 Culture & Cr\u00e9ation\",\"knowsAbout\":[\"Culture\",\"Cr\u00e9ation\"],\"email\":\"raphael.d@a-l-asso-de-l-art.fr\"}]}<\/script>\n<!-- \/ Yoast SEO Premium plugin. -->","yoast_head_json":{"title":"Cristiano Ronaldo : taille, \u00e2ge, salaire, fortune et couple","description":"Cristiano Ronaldo mesure environ 1,87 m, est n\u00e9 le 5 f\u00e9vrier 1985 sur l'\u00eele de Mad\u00e8re et porte aujourd'hui les couleurs d'Al-Nassr, en Arabie saoudite","robots":{"index":"index","follow":"follow","max-snippet":"max-snippet:-1","max-image-preview":"max-image-preview:large","max-video-preview":"max-video-preview:-1"},"canonical":"https:\/\/starstory.fr\/blog\/sport-et-legendes-sportives\/cristiano-ronaldo-taille-age-salaire-fortune-et-couple-la-fiche-comple\/","og_locale":"fr_FR","og_type":"article","og_title":"Cristiano Ronaldo : taille, \u00e2ge, salaire, fortune et couple","og_description":"Cristiano Ronaldo mesure environ 1,87 m, est n\u00e9 le 5 f\u00e9vrier 1985 sur l'\u00eele de Mad\u00e8re et porte aujourd'hui les couleurs d'Al-Nassr, en Arabie saoudite","og_url":"https:\/\/starstory.fr\/blog\/sport-et-legendes-sportives\/cristiano-ronaldo-taille-age-salaire-fortune-et-couple-la-fiche-comple\/","og_site_name":"starstory","author":"Rapha\u00ebl D.","twitter_card":"summary_large_image","schema":{"@context":"https:\/\/schema.org","@graph":[{"@type":"NewsArticle","@id":"https:\/\/starstory.fr\/blog\/sport-et-legendes-sportives\/cristiano-ronaldo-taille-age-salaire-fortune-et-couple-la-fiche-comple\/#article","isPartOf":{"@id":"https:\/\/starstory.fr\/blog\/sport-et-legendes-sportives\/cristiano-ronaldo-taille-age-salaire-fortune-et-couple-la-fiche-comple\/"},"author":{"name":"Rapha\u00ebl D.","@id":"https:\/\/starstory.fr\/blog\/#\/schema\/person\/3c864cdc320801e3db34b663e7e3f816"},"headline":"Cristiano Ronaldo : taille, \u00e2ge, salaire, fortune et couple \u2014 la fiche compl\u00e8te","datePublished":"2026-06-05T23:17:04+00:00","mainEntityOfPage":{"@id":"https:\/\/starstory.fr\/blog\/sport-et-legendes-sportives\/cristiano-ronaldo-taille-age-salaire-fortune-et-couple-la-fiche-comple\/"},"wordCount":1787,"commentCount":0,"publisher":{"@id":"https:\/\/starstory.fr\/blog\/#organization"},"image":{"@id":"https:\/\/starstory.fr\/blog\/sport-et-legendes-sportives\/cristiano-ronaldo-taille-age-salaire-fortune-et-couple-la-fiche-comple\/#primaryimage"},"thumbnailUrl":"https:\/\/images.pexels.com\/photos\/20254637\/pexels-photo-20254637.jpeg?auto=compress&cs=tinysrgb&fit=crop&h=627&w=1200","articleSection":["Sport et L\u00e9gendes Sportives"],"inLanguage":"fr-FR","potentialAction":[{"@type":"CommentAction","name":"Comment","target":["https:\/\/starstory.fr\/blog\/sport-et-legendes-sportives\/cristiano-ronaldo-taille-age-salaire-fortune-et-couple-la-fiche-comple\/#respond"]}]},{"@type":"WebPage","@id":"https:\/\/starstory.fr\/blog\/sport-et-legendes-sportives\/cristiano-ronaldo-taille-age-salaire-fortune-et-couple-la-fiche-comple\/","url":"https:\/\/starstory.fr\/blog\/sport-et-legendes-sportives\/cristiano-ronaldo-taille-age-salaire-fortune-et-couple-la-fiche-comple\/","name":"Cristiano Ronaldo : taille, \u00e2ge, salaire, fortune et couple","isPartOf":{"@id":"https:\/\/starstory.fr\/blog\/#website"},"primaryImageOfPage":{"@id":"https:\/\/starstory.fr\/blog\/sport-et-legendes-sportives\/cristiano-ronaldo-taille-age-salaire-fortune-et-couple-la-fiche-comple\/#primaryimage"},"image":{"@id":"https:\/\/starstory.fr\/blog\/sport-et-legendes-sportives\/cristiano-ronaldo-taille-age-salaire-fortune-et-couple-la-fiche-comple\/#primaryimage"},"thumbnailUrl":"https:\/\/images.pexels.com\/photos\/20254637\/pexels-photo-20254637.jpeg?auto=compress&cs=tinysrgb&fit=crop&h=627&w=1200","datePublished":"2026-06-05T23:17:04+00:00","description":"Cristiano Ronaldo mesure environ 1,87 m, est n\u00e9 le 5 f\u00e9vrier 1985 sur l'\u00eele de Mad\u00e8re et porte aujourd'hui les couleurs d'Al-Nassr, en Arabie saoudite","inLanguage":"fr-FR","potentialAction":[{"@type":"ReadAction","target":["https:\/\/starstory.fr\/blog\/sport-et-legendes-sportives\/cristiano-ronaldo-taille-age-salaire-fortune-et-couple-la-fiche-comple\/"]}]},{"@type":"ImageObject","inLanguage":"fr-FR","@id":"https:\/\/starstory.fr\/blog\/sport-et-legendes-sportives\/cristiano-ronaldo-taille-age-salaire-fortune-et-couple-la-fiche-comple\/#primaryimage","url":"https:\/\/images.pexels.com\/photos\/20254637\/pexels-photo-20254637.jpeg?auto=compress&cs=tinysrgb&fit=crop&h=627&w=1200","contentUrl":"https:\/\/images.pexels.com\/photos\/20254637\/pexels-photo-20254637.jpeg?auto=compress&cs=tinysrgb&fit=crop&h=627&w=1200"},{"@type":"WebSite","@id":"https:\/\/starstory.fr\/blog\/#website","url":"https:\/\/starstory.fr\/blog\/","name":"StarStory","description":"StarStory, les \u00e9toiles racontent leur histoire","publisher":{"@id":"https:\/\/starstory.fr\/blog\/#organization"},"alternateName":"StarStory, les \u00e9toiles racontent leur histoire","potentialAction":[{"@type":"SearchAction","target":{"@type":"EntryPoint","urlTemplate":"https:\/\/starstory.fr\/blog\/?s={search_term_string}"},"query-input":{"@type":"PropertyValueSpecification","valueRequired":true,"valueName":"search_term_string"}}],"inLanguage":"fr-FR"},{"@type":"Organization","@id":"https:\/\/starstory.fr\/blog\/#organization","name":"StarStory","alternateName":"StarStory.fr","url":"https:\/\/starstory.fr\/blog\/","logo":{"@type":"ImageObject","inLanguage":"fr-FR","@id":"https:\/\/starstory.fr\/blog\/#\/schema\/logo\/image\/","url":"https:\/\/starstory.fr\/blog\/wp-content\/uploads\/2024\/12\/38.png","contentUrl":"https:\/\/starstory.fr\/blog\/wp-content\/uploads\/2024\/12\/38.png","width":500,"height":500,"caption":"StarStory"},"image":{"@id":"https:\/\/starstory.fr\/blog\/#\/schema\/logo\/image\/"}},{"@type":"Person","@id":"https:\/\/starstory.fr\/blog\/#\/schema\/person\/3c864cdc320801e3db34b663e7e3f816","name":"Rapha\u00ebl D.","image":{"@type":"ImageObject","inLanguage":"fr-FR","@id":"https:\/\/starstory.fr\/blog\/#\/schema\/person\/image\/","url":"https:\/\/starstory.fr\/blog\/wp-content\/uploads\/2026\/06\/persona_raphael-d-96x96.jpg","contentUrl":"https:\/\/starstory.fr\/blog\/wp-content\/uploads\/2026\/06\/persona_raphael-d-96x96.jpg","caption":"Rapha\u00ebl D."},"description":"La culture est mon terrain de jeu depuis une dizaine d'ann\u00e9es : arts visuels, s\u00e9ries, cr\u00e9ation et tout ce qui nourrit l'imaginaire. J'\u00e9cris aussi bien sur l'actualit\u00e9 des \u0153uvres que sur les coulisses de la cr\u00e9ation, avec l'envie de relier l'amateur curieux \u00e0 des univers parfois jug\u00e9s intimidants. J'aime analyser une s\u00e9rie ou une d\u00e9marche artistique sans p\u00e9dantisme, replacer une \u0153uvre dans son contexte et donner des cl\u00e9s de lecture accessibles. Avant de publier, je v\u00e9rifie mes r\u00e9f\u00e9rences, je recoupe les sources et je distingue clairement le fait de mon interpr\u00e9tation subjective. Je crois qu'une critique vaut surtout par les arguments qu'elle expose, pas par la sentence qu'elle rend. Mon angle : transmettre l'envie de d\u00e9couvrir, de regarder autrement et de se forger son propre go\u00fbt. La culture n'appartient pas qu'aux initi\u00e9s, et c'est tout l'enjeu de mon \u00e9criture.","url":"https:\/\/starstory.fr\/blog\/auteur\/noname\/","jobTitle":"R\u00e9dacteur en chef \u00b7 Culture & Cr\u00e9ation","knowsAbout":["Culture","Cr\u00e9ation"],"email":"raphael.d@a-l-asso-de-l-art.fr"}]}},"_links":{"self":[{"href":"https:\/\/starstory.fr\/blog\/wp-json\/wp\/v2\/posts\/7958","targetHints":{"allow":["GET"]}}],"collection":[{"href":"https:\/\/starstory.fr\/blog\/wp-json\/wp\/v2\/posts"}],"about":[{"href":"https:\/\/starstory.fr\/blog\/wp-json\/wp\/v2\/types\/post"}],"author":[{"embeddable":true,"href":"https:\/\/starstory.fr\/blog\/wp-json\/wp\/v2\/users\/34"}],"replies":[{"embeddable":true,"href":"https:\/\/starstory.fr\/blog\/wp-json\/wp\/v2\/comments?post=7958"}],"version-history":[{"count":0,"href":"https:\/\/starstory.fr\/blog\/wp-json\/wp\/v2\/posts\/7958\/revisions"}],"wp:attachment":[{"href":"https:\/\/starstory.fr\/blog\/wp-json\/wp\/v2\/media?parent=7958"}],"wp:term":[{"taxonomy":"category","embeddable":true,"href":"https:\/\/starstory.fr\/blog\/wp-json\/wp\/v2\/categories?post=7958"},{"taxonomy":"post_tag","embeddable":true,"href":"https:\/\/starstory.fr\/blog\/wp-json\/wp\/v2\/tags?post=7958"}],"curies":[{"name":"wp","href":"https:\/\/api.w.org\/{rel}","templated":true}]}}