{"id":7954,"date":"2026-06-06T01:16:10","date_gmt":"2026-06-05T23:16:10","guid":{"rendered":"https:\/\/starstory.fr\/blog\/celebrites-et-influence-en-france\/angele-taille-age-couple-vrai-nom-et-fortune-la-fiche-complete\/"},"modified":"2026-06-06T01:16:10","modified_gmt":"2026-06-05T23:16:10","slug":"angele-taille-age-couple-vrai-nom-et-fortune-la-fiche-complete","status":"publish","type":"post","link":"https:\/\/starstory.fr\/blog\/celebrites-et-influence-en-france\/angele-taille-age-couple-vrai-nom-et-fortune-la-fiche-complete\/","title":{"rendered":"Ang\u00e8le : taille, \u00e2ge, couple, vrai nom et fortune \u2014 la fiche compl\u00e8te"},"content":{"rendered":"<aside style=\"background:#FBEAF2;border-left:5px solid #B11E6A;padding:22px 28px;margin:24px 0;font-family:-apple-system,BlinkMacSystemFont,'Segoe UI',Roboto,sans-serif;\">\n<div style=\"margin:0;font-size:19px;line-height:1.55;color:#2a2a2a;font-weight:500;letter-spacing:-0.005em;\">\n    <strong>Ang\u00e8le<\/strong>, de son vrai nom Ang\u00e8le Van Laeken, est une chanteuse belge n\u00e9e le 3 d\u00e9cembre 1995 \u00e0 Uccle, pr\u00e8s de Bruxelles. \u00c0 30 ans, elle mesure environ 1,74 m, n&rsquo;est officiellement en couple avec personne de connu publiquement et dispose d&rsquo;une fortune estim\u00e9e entre 12 et 18 millions d&rsquo;euros. Voici sa fiche compl\u00e8te, v\u00e9rifi\u00e9e.\n  <\/div>\n<\/aside>\n<p>Fille du chanteur Marka et de la com\u00e9dienne Laurence Bibot, s\u0153ur du rappeur Rom\u00e9o Elvis, Ang\u00e8le s&rsquo;est impos\u00e9e en quelques ann\u00e9es comme l&rsquo;une des artistes francophones les plus \u00e9cout\u00e9es de sa g\u00e9n\u00e9ration. De <em>La Loi de Murphy<\/em> \u00e0 <em>Bruxelles je t&rsquo;aime<\/em>, en passant par l&rsquo;hymne f\u00e9ministe <em>Balance ton quoi<\/em>, son parcours m\u00eale pop \u00e9l\u00e9gante, textes engag\u00e9s et succ\u00e8s commercial massif. Tour d&rsquo;horizon factuel de la star belge : \u00e2ge, taille, vrai nom, famille, vie priv\u00e9e et patrimoine.<\/p>\n<figure style=\"margin:32px 0;font-family:-apple-system,BlinkMacSystemFont,'Segoe UI',Roboto,sans-serif;\">\n<div style=\"overflow-x:auto;border:1px solid #e5e5e0;border-radius:8px;\">\n<table style=\"width:100%;border-collapse:collapse;font-size:14px;color:#2a2a2a;min-width:500px;\">\n<thead>\n<tr style=\"background:#1a1a1a;color:#fff;\">\n<th style=\"text-align:left;padding:14px 18px;font-weight:700;font-size:12px;text-transform:uppercase;letter-spacing:1.5px;\">Carte d&rsquo;identit\u00e9<\/th>\n<th style=\"text-align:left;padding:14px 18px;font-weight:700;font-size:12px;text-transform:uppercase;letter-spacing:1.5px;\">D\u00e9tail<\/th>\n<\/tr>\n<\/thead>\n<tbody>\n<tr style=\"background:#fff;border-bottom:1px solid #f0ede5;\">\n<td style=\"padding:14px 18px;font-weight:600;\">Nom complet<\/td>\n<td style=\"padding:14px 18px;color:#4a4a4a;\">Ang\u00e8le Jos\u00e9phine Aim\u00e9e Van Laeken<\/td>\n<\/tr>\n<tr style=\"background:#fafaf7;border-bottom:1px solid #f0ede5;\">\n<td style=\"padding:14px 18px;font-weight:600;\">Naissance<\/td>\n<td style=\"padding:14px 18px;color:#4a4a4a;\">3 d\u00e9cembre 1995, \u00e0 Uccle (Belgique)<\/td>\n<\/tr>\n<tr style=\"background:#fff;border-bottom:1px solid #f0ede5;\">\n<td style=\"padding:14px 18px;font-weight:600;\">\u00c2ge<\/td>\n<td style=\"padding:14px 18px;color:#4a4a4a;\">30 ans (en 2026)<\/td>\n<\/tr>\n<tr style=\"background:#fafaf7;border-bottom:1px solid #f0ede5;\">\n<td style=\"padding:14px 18px;font-weight:600;\">Taille<\/td>\n<td style=\"padding:14px 18px;color:#4a4a4a;\">Environ 1,74 m<\/td>\n<\/tr>\n<tr style=\"background:#fff;border-bottom:1px solid #f0ede5;\">\n<td style=\"padding:14px 18px;font-weight:600;\">Nationalit\u00e9<\/td>\n<td style=\"padding:14px 18px;color:#4a4a4a;\">Belge (francophone)<\/td>\n<\/tr>\n<tr style=\"background:#fafaf7;border-bottom:1px solid #f0ede5;\">\n<td style=\"padding:14px 18px;font-weight:600;\">Famille<\/td>\n<td style=\"padding:14px 18px;color:#4a4a4a;\">P\u00e8re Marka, m\u00e8re Laurence Bibot, fr\u00e8re Rom\u00e9o Elvis<\/td>\n<\/tr>\n<tr style=\"background:#fff;\">\n<td style=\"padding:14px 18px;font-weight:600;\">Profession<\/td>\n<td style=\"padding:14px 18px;color:#4a4a4a;\">Auteure-compositrice-interpr\u00e8te, productrice, actrice<\/td>\n<\/tr>\n<\/tbody>\n<\/table><\/div>\n<\/figure>\n<h2>Bio : n\u00e9e dans une famille d&rsquo;artistes<\/h2>\n<p>Ang\u00e8le grandit \u00e0 Linkebeek, dans la banlieue bruxelloise, au sein d&rsquo;un foyer o\u00f9 la cr\u00e9ation est une affaire de famille. Son p\u00e8re, Marka (Serge Van Laeken), est un chanteur belge connu depuis les ann\u00e9es 1990. Sa m\u00e8re, Laurence Bibot, est com\u00e9dienne et humoriste. Quant \u00e0 son grand fr\u00e8re, il n&rsquo;est autre que Rom\u00e9o Elvis, l&rsquo;un des rappeurs belges les plus en vue de la d\u00e9cennie 2010.<\/p>\n<p>Pianiste d\u00e8s l&rsquo;enfance, form\u00e9e au conservatoire, Ang\u00e8le se fait d&rsquo;abord remarquer sur les r\u00e9seaux sociaux avec des reprises et des vid\u00e9os humoristiques avant de signer son premier single. Cette double culture \u2014 la chanson fran\u00e7aise de son p\u00e8re, la sc\u00e8ne hip-hop de son fr\u00e8re \u2014 irrigue toute son \u00e9criture, \u00e0 la fois m\u00e9lodique et frontale.<\/p>\n<aside style=\"background:#FBEAF2;border-left:4px solid #B11E6A;padding:14px 18px;margin:18px 0;border-radius:0 4px 4px 0;font-family:-apple-system,BlinkMacSystemFont,'Segoe UI',Roboto,sans-serif;\">\n  <strong style=\"display:inline-block;color:#B11E6A;font-size:12px;text-transform:uppercase;letter-spacing:1.5px;margin-right:8px;\">&#10022; Bon \u00e0 savoir<\/strong><br \/>\n  <span style=\"font-size:14.5px;line-height:1.55;color:#3a3a3a;\">Le pr\u00e9nom Ang\u00e8le est aussi son vrai pr\u00e9nom de naissance. Elle n&rsquo;utilise pas de pseudonyme : elle a simplement choisi de se produire sous son seul pr\u00e9nom, sans le nom de famille Van Laeken.<\/span><br \/>\n<\/aside>\n<h2>Carri\u00e8re &amp; tubes : de Brol \u00e0 Bruxelles je t&rsquo;aime<\/h2>\n<p>La carri\u00e8re d&rsquo;Ang\u00e8le explose avec son premier album, <strong>Brol<\/strong>, sorti en octobre 2018. Port\u00e9 par des titres comme <em>La Loi de Murphy<\/em>, <em>Tout oublier<\/em> (en duo avec Rom\u00e9o Elvis) et surtout <em>Balance ton quoi<\/em>, morceau embl\u00e9matique contre le sexisme, l&rsquo;album se vend \u00e0 plus de 500 000 exemplaires en onze mois et d\u00e9croche le disque de diamant en septembre 2019. Une r\u00e9\u00e9dition, <em>Brol, la suite<\/em>, para\u00eet la m\u00eame ann\u00e9e.<\/p>\n<p>En d\u00e9cembre 2021, elle confirme son statut avec <strong>Nonante-Cinq<\/strong> (clin d&rsquo;\u0153il \u00e0 son ann\u00e9e de naissance, 1995, en belge), dont est extrait le tube <em>Bruxelles je t&rsquo;aime<\/em>, d\u00e9claration d&rsquo;amour \u00e0 sa ville. L&rsquo;album est suivi de <em>Nonante-Cinq La Suite<\/em> en novembre 2022.<\/p>\n<div style=\"display:grid;grid-template-columns:repeat(auto-fit,minmax(220px,1fr));gap:14px;margin:28px 0;font-family:-apple-system,BlinkMacSystemFont,'Segoe UI',Roboto,sans-serif;\">\n<article style=\"background:#fff;border:1px solid #e5e5e0;border-top:3px solid #B11E6A;border-radius:6px;padding:18px 18px 16px;\">\n<div style=\"width:36px;height:36px;background:#FBEAF2;border-radius:50%;display:inline-flex;align-items:center;justify-content:center;margin-bottom:12px;\">\n      <span style=\"font-size:18px;color:#B11E6A;font-weight:900;font-family:Georgia,serif;\">01<\/span>\n    <\/div>\n<h3 style=\"margin:0 0 6px 0;font-size:16px;font-weight:700;color:#1a1a1a;letter-spacing:-0.01em;\">Brol (2018)<\/h3>\n<div style=\"margin:0;font-size:13.5px;line-height:1.55;color:#4a4a4a;\">Premier album, disque de diamant. Contient Balance ton quoi, Tout oublier et La Loi de Murphy.<\/div>\n<\/article>\n<article style=\"background:#fff;border:1px solid #e5e5e0;border-top:3px solid #B11E6A;border-radius:6px;padding:18px 18px 16px;\">\n<div style=\"width:36px;height:36px;background:#FBEAF2;border-radius:50%;display:inline-flex;align-items:center;justify-content:center;margin-bottom:12px;\">\n      <span style=\"font-size:18px;color:#B11E6A;font-weight:900;font-family:Georgia,serif;\">02<\/span>\n    <\/div>\n<h3 style=\"margin:0 0 6px 0;font-size:16px;font-weight:700;color:#1a1a1a;letter-spacing:-0.01em;\">Nonante-Cinq (2021)<\/h3>\n<div style=\"margin:0;font-size:13.5px;line-height:1.55;color:#4a4a4a;\">Deuxi\u00e8me album studio, port\u00e9 par Bruxelles je t&rsquo;aime et D\u00e9mons (avec Damso).<\/div>\n<\/article>\n<article style=\"background:#fff;border:1px solid #e5e5e0;border-top:3px solid #B11E6A;border-radius:6px;padding:18px 18px 16px;\">\n<div style=\"width:36px;height:36px;background:#FBEAF2;border-radius:50%;display:inline-flex;align-items:center;justify-content:center;margin-bottom:12px;\">\n      <span style=\"font-size:18px;color:#B11E6A;font-weight:900;font-family:Georgia,serif;\">03<\/span>\n    <\/div>\n<h3 style=\"margin:0 0 6px 0;font-size:16px;font-weight:700;color:#1a1a1a;letter-spacing:-0.01em;\">Collaborations<\/h3>\n<div style=\"margin:0;font-size:13.5px;line-height:1.55;color:#4a4a4a;\">Fever avec Dua Lipa (2020), \u00c9videmment avec Orelsan (2022), What You Want avec Justice (2026).<\/div>\n<\/article>\n<article style=\"background:#fff;border:1px solid #e5e5e0;border-top:3px solid #B11E6A;border-radius:6px;padding:18px 18px 16px;\">\n<div style=\"width:36px;height:36px;background:#FBEAF2;border-radius:50%;display:inline-flex;align-items:center;justify-content:center;margin-bottom:12px;\">\n      <span style=\"font-size:18px;color:#B11E6A;font-weight:900;font-family:Georgia,serif;\">04<\/span>\n    <\/div>\n<h3 style=\"margin:0 0 6px 0;font-size:16px;font-weight:700;color:#1a1a1a;letter-spacing:-0.01em;\">Sc\u00e8nes internationales<\/h3>\n<div style=\"margin:0;font-size:13.5px;line-height:1.55;color:#4a4a4a;\">Coachella en 2023, c\u00e9r\u00e9monie de cl\u00f4ture des JO de Paris 2024 avec Nightcall.<\/div>\n<\/article>\n<\/div>\n<p>C\u00f4t\u00e9 distinctions, Ang\u00e8le accumule les troph\u00e9es : Artiste f\u00e9minine francophone de l&rsquo;ann\u00e9e aux NRJ Music Awards (2019 et 2022), Artiste f\u00e9minine de l&rsquo;ann\u00e9e et album le plus stream\u00e9 aux Victoires de la musique 2023. En f\u00e9vrier 2026, elle revient sur le devant de la sc\u00e8ne \u00e9lectro avec <em>What You Want<\/em>, single sign\u00e9 avec le duo fran\u00e7ais Justice.<\/p>\n<figure style=\"margin:32px 0;padding:0;font-family:-apple-system,BlinkMacSystemFont,'Segoe UI',Roboto,sans-serif;\">\n<div style=\"display:grid;grid-template-columns:repeat(auto-fit,minmax(140px,1fr));background:#1a1a1a;border-radius:6px;overflow:hidden;\">\n<div style=\"padding:22px 16px;text-align:center;border-right:1px solid #2f2f2f;\">\n<div style=\"font-size:36px;font-weight:900;color:#fff;letter-spacing:-0.04em;font-feature-settings:'tnum';line-height:1;\">3<\/div>\n<div style=\"font-size:11px;text-transform:uppercase;letter-spacing:1.5px;color:#9a9a9a;margin-top:8px;\">albums studio<\/div>\n<\/p><\/div>\n<div style=\"padding:22px 16px;text-align:center;border-right:1px solid #2f2f2f;\">\n<div style=\"font-size:36px;font-weight:900;color:#fff;letter-spacing:-0.04em;font-feature-settings:'tnum';line-height:1;\">500k+<\/div>\n<div style=\"font-size:11px;text-transform:uppercase;letter-spacing:1.5px;color:#9a9a9a;margin-top:8px;\">Brol vendus (11 mois)<\/div>\n<\/p><\/div>\n<div style=\"padding:22px 16px;text-align:center;\">\n<div style=\"font-size:36px;font-weight:900;color:#f59ec5;letter-spacing:-0.04em;font-feature-settings:'tnum';line-height:1;\">2023<\/div>\n<div style=\"font-size:11px;text-transform:uppercase;letter-spacing:1.5px;color:#9a9a9a;margin-top:8px;\">Victoire artiste f\u00e9m.<\/div>\n<\/p><\/div>\n<\/p><\/div><figcaption style=\"font-size:11px;color:#7a7a7a;margin-top:8px;text-align:right;letter-spacing:0.3px;\">Donn\u00e9es indicatives \u2014 voir sources en fin d&rsquo;article.<\/figcaption><\/figure>\n<h2>Taille et physique<\/h2>\n<p>La taille d&rsquo;Ang\u00e8le est l&rsquo;une des questions les plus pos\u00e9es par ses fans. Les sources divergent l\u00e9g\u00e8rement : la plupart la situent autour de <strong>1,74 m<\/strong>, m\u00eame si certaines r\u00e9f\u00e9rences plus anciennes \u00e9voquent 1,65 m. Faute de chiffre officiel communiqu\u00e9 par l&rsquo;int\u00e9ress\u00e9e, on retiendra une estimation d&rsquo;environ 1,74 m. Reconnaissable \u00e0 sa frange brune et \u00e0 son style \u00e0 la fois pop et chic, Ang\u00e8le est aussi devenue une figure mode, notamment en tant qu&rsquo;\u00e9g\u00e9rie de la maison Chanel.<\/p>\n<aside style=\"background:#fafaf7;border:1px solid #e5e5e0;border-radius:8px;padding:24px 26px 26px;margin:28px 0;font-family:-apple-system,BlinkMacSystemFont,'Segoe UI',Roboto,sans-serif;\">\n<div style=\"margin:0 0 18px 0;font-size:11px;font-weight:700;text-transform:uppercase;letter-spacing:2.2px;color:#B11E6A;\">\u00c0 retenir<\/div>\n<div style=\"display:grid;grid-template-columns:repeat(auto-fit,minmax(240px,1fr));gap:10px;\">\n<div style=\"display:flex;gap:12px;background:#fff;border:1px solid #ebebe5;padding:12px 14px;border-radius:6px;align-items:flex-start;\">\n      <span style=\"flex:0 0 26px;width:26px;height:26px;background:#B11E6A;color:#fff;border-radius:50%;display:inline-flex;align-items:center;justify-content:center;font-size:12px;font-weight:700;\">1<\/span><br \/>\n      <span style=\"font-size:14px;line-height:1.5;color:#2a2a2a;\">Vrai nom : Ang\u00e8le Van Laeken, sans pseudonyme.<\/span>\n    <\/div>\n<div style=\"display:flex;gap:12px;background:#fff;border:1px solid #ebebe5;padding:12px 14px;border-radius:6px;align-items:flex-start;\">\n      <span style=\"flex:0 0 26px;width:26px;height:26px;background:#B11E6A;color:#fff;border-radius:50%;display:inline-flex;align-items:center;justify-content:center;font-size:12px;font-weight:700;\">2<\/span><br \/>\n      <span style=\"font-size:14px;line-height:1.5;color:#2a2a2a;\">Belge, n\u00e9e en 1995, s\u0153ur de Rom\u00e9o Elvis.<\/span>\n    <\/div>\n<div style=\"display:flex;gap:12px;background:#fff;border:1px solid #ebebe5;padding:12px 14px;border-radius:6px;align-items:flex-start;\">\n      <span style=\"flex:0 0 26px;width:26px;height:26px;background:#B11E6A;color:#fff;border-radius:50%;display:inline-flex;align-items:center;justify-content:center;font-size:12px;font-weight:700;\">3<\/span><br \/>\n      <span style=\"font-size:14px;line-height:1.5;color:#2a2a2a;\">Album Brol = disque de diamant, plus de 500 000 ventes.<\/span>\n    <\/div>\n<div style=\"display:flex;gap:12px;background:#fff;border:1px solid #ebebe5;padding:12px 14px;border-radius:6px;align-items:flex-start;\">\n      <span style=\"flex:0 0 26px;width:26px;height:26px;background:#B11E6A;color:#fff;border-radius:50%;display:inline-flex;align-items:center;justify-content:center;font-size:12px;font-weight:700;\">4<\/span><br \/>\n      <span style=\"font-size:14px;line-height:1.5;color:#2a2a2a;\">Fortune estim\u00e9e entre 12 et 18 millions d&rsquo;euros.<\/span>\n    <\/div>\n<\/p><\/div>\n<\/aside>\n<h2>Vie priv\u00e9e : libre et assum\u00e9e<\/h2>\n<p>Ang\u00e8le a toujours parl\u00e9 de sa vie amoureuse avec franchise. Elle a publiquement \u00e9voqu\u00e9 sa bisexualit\u00e9, puis s&rsquo;est d\u00e9finie comme pansexuelle, expliquant que le genre n&rsquo;entrait pas en compte dans ses sentiments. Entre 2020 et 2022, elle a \u00e9t\u00e9 en couple avec l&rsquo;illustratrice et cr\u00e9atrice de contenu Marie Papillon, relation dont elle a parl\u00e9 sans tabou dans les m\u00e9dias.<\/p>\n<p>La chanteuse s&rsquo;est aussi d\u00e9crite comme polyamoureuse, d\u00e9fendant une vision ouverte des relations. Discr\u00e8te sur ses partenaires actuels, elle n&rsquo;a, \u00e0 ce jour, communiqu\u00e9 sur aucune relation officielle. Son ouverture sur ces sujets a contribu\u00e9 \u00e0 faire d&rsquo;elle une voix importante pour une partie de la jeune g\u00e9n\u00e9ration, sur les questions de genre comme de libert\u00e9 amoureuse.<\/p>\n<aside style=\"background:#FBEAF2;border-left:4px solid #B11E6A;padding:14px 18px;margin:18px 0;border-radius:0 4px 4px 0;font-family:-apple-system,BlinkMacSystemFont,'Segoe UI',Roboto,sans-serif;\">\n  <strong style=\"display:inline-block;color:#B11E6A;font-size:12px;text-transform:uppercase;letter-spacing:1.5px;margin-right:8px;\">&#10022; \u00c0 noter<\/strong><br \/>\n  <span style=\"font-size:14.5px;line-height:1.55;color:#3a3a3a;\">Le clip de Balance ton quoi, sorti en 2019, est devenu un hymne f\u00e9ministe et anti-harc\u00e8lement, repris dans de nombreuses manifestations et campagnes.<\/span><br \/>\n<\/aside>\n<h2>Fortune estim\u00e9e<\/h2>\n<p>Combien p\u00e8se Ang\u00e8le ? Les estimations, par nature impr\u00e9cises, situent son patrimoine entre <strong>12 et 18 millions d&rsquo;euros<\/strong> en 2025-2026. Avant son contrat publicitaire avec Chanel, certaines sources belges l&rsquo;\u00e9valuaient plut\u00f4t autour de 5 millions d&rsquo;euros. Ce partenariat avec la maison de luxe, pr\u00e9sent\u00e9 comme un accord pluriannuel, aurait fait grimper ses revenus de plusieurs millions.<\/p>\n<p>Ses sources de revenus sont multiples : ventes d&rsquo;albums, streaming massif, tourn\u00e9es internationales \u00e0 guichets ferm\u00e9s, contrats d&rsquo;image (Chanel) et droits d&rsquo;auteur sur des titres devenus des standards de la pop francophone. Il convient de rappeler qu&rsquo;aucun de ces chiffres n&rsquo;est officiellement confirm\u00e9 par l&rsquo;artiste : ce sont des estimations de presse, \u00e0 prendre avec prudence.<\/p>\n<figure style=\"margin:38px auto;padding:28px 24px;text-align:center;border-top:1px solid #2a2a2a;border-bottom:1px solid #2a2a2a;max-width:640px;position:relative;font-family:Georgia,'Hoefler Text',serif;\">\n<div style=\"position:absolute;top:-20px;left:50%;transform:translateX(-50%);background:#ffffff;padding:0 14px;font-size:48px;line-height:1;color:#B11E6A;font-family:Georgia,serif;\">&laquo;<\/div>\n<blockquote style=\"margin:0;padding:0;font-size:24px;line-height:1.45;font-style:italic;color:#1a1a1a;letter-spacing:-0.005em;\"><p>\n    Avec Brol, Ang\u00e8le a transform\u00e9 une pop intime et belge en ph\u00e9nom\u00e8ne francophone plan\u00e9taire.<br \/>\n  <\/blockquote><figcaption style=\"margin-top:14px;font-size:12px;text-transform:uppercase;letter-spacing:2px;color:#6a6a6a;font-family:-apple-system,sans-serif;font-style:normal;\">\u2014 StarStory<\/figcaption><\/figure>\n<h2>Anecdotes<\/h2>\n<p>Avant de cartonner, Ang\u00e8le a \u00e9t\u00e9 pianiste de bar et a accompagn\u00e9 des artistes sur sc\u00e8ne. Son ascension doit beaucoup aux r\u00e9seaux sociaux, o\u00f9 ses vid\u00e9os d\u00e9cal\u00e9es ont b\u00e2ti une communaut\u00e9 avant m\u00eame son premier album. En 2023, elle devient l&rsquo;une des rares artistes francophones \u00e0 se produire au festival de Coachella, en Californie. L&rsquo;ann\u00e9e suivante, en 2024, elle marque la c\u00e9r\u00e9monie de cl\u00f4ture des Jeux olympiques de Paris en interpr\u00e9tant <em>Nightcall<\/em> aux c\u00f4t\u00e9s de Phoenix et Kavinsky, un moment qui propulse le morceau en t\u00eate des recherches Shazam.<\/p>\n<p>Le titre de son album <em>Nonante-Cinq<\/em> joue sur le belgicisme \u00ab nonante \u00bb (quatre-vingt-dix), une mani\u00e8re revendiqu\u00e9e d&rsquo;assumer son identit\u00e9 bruxelloise jusque dans le nom de ses disques.<\/p>\n<section style=\"margin:32px 0;font-family:-apple-system,BlinkMacSystemFont,'Segoe UI',Roboto,sans-serif;\">\n<h2 style=\"margin:0 0 18px 0;font-size:22px;font-weight:800;color:#1a1a1a;letter-spacing:-0.01em;\">Questions fr\u00e9quentes<\/h2>\n<div style=\"border-top:1px solid #d4cfc4;\">\n<details style=\"border-bottom:1px solid #d4cfc4;padding:0;\">\n<summary style=\"cursor:pointer;padding:16px 0;font-size:17px;font-weight:700;color:#1a1a1a;list-style:none;display:flex;justify-content:space-between;align-items:center;gap:14px;\">\n        <span>Quelle est la taille d&rsquo;Ang\u00e8le ?<\/span><br \/>\n        <span style=\"font-size:22px;font-weight:300;color:#B11E6A;line-height:1;\">+<\/span><br \/>\n      <\/summary>\n<div style=\"padding:0 0 16px 0;font-size:15px;line-height:1.7;color:#4a4a4a;\">Ang\u00e8le mesurerait environ 1,74 m. Aucune taille officielle n&rsquo;a \u00e9t\u00e9 communiqu\u00e9e par la chanteuse, et certaines sources \u00e9voquent 1,65 m : le chiffre reste donc une estimation.<\/div>\n<\/details>\n<details style=\"border-bottom:1px solid #d4cfc4;padding:0;\">\n<summary style=\"cursor:pointer;padding:16px 0;font-size:17px;font-weight:700;color:#1a1a1a;list-style:none;display:flex;justify-content:space-between;align-items:center;gap:14px;\">\n        <span>Quel \u00e2ge a Ang\u00e8le en 2026 ?<\/span><br \/>\n        <span style=\"font-size:22px;font-weight:300;color:#B11E6A;line-height:1;\">+<\/span><br \/>\n      <\/summary>\n<div style=\"padding:0 0 16px 0;font-size:15px;line-height:1.7;color:#4a4a4a;\">N\u00e9e le 3 d\u00e9cembre 1995 \u00e0 Uccle, en Belgique, Ang\u00e8le a 30 ans en 2026 (et f\u00eatera ses 31 ans en d\u00e9cembre).<\/div>\n<\/details>\n<details style=\"border-bottom:1px solid #d4cfc4;padding:0;\">\n<summary style=\"cursor:pointer;padding:16px 0;font-size:17px;font-weight:700;color:#1a1a1a;list-style:none;display:flex;justify-content:space-between;align-items:center;gap:14px;\">\n        <span>Quel est le vrai nom d&rsquo;Ang\u00e8le ?<\/span><br \/>\n        <span style=\"font-size:22px;font-weight:300;color:#B11E6A;line-height:1;\">+<\/span><br \/>\n      <\/summary>\n<div style=\"padding:0 0 16px 0;font-size:15px;line-height:1.7;color:#4a4a4a;\">Son nom complet est Ang\u00e8le Jos\u00e9phine Aim\u00e9e Van Laeken. Elle se produit simplement sous son pr\u00e9nom, Ang\u00e8le, sans pseudonyme.<\/div>\n<\/details>\n<details style=\"border-bottom:1px solid #d4cfc4;padding:0;\">\n<summary style=\"cursor:pointer;padding:16px 0;font-size:17px;font-weight:700;color:#1a1a1a;list-style:none;display:flex;justify-content:space-between;align-items:center;gap:14px;\">\n        <span>Ang\u00e8le est-elle en couple ?<\/span><br \/>\n        <span style=\"font-size:22px;font-weight:300;color:#B11E6A;line-height:1;\">+<\/span><br \/>\n      <\/summary>\n<div style=\"padding:0 0 16px 0;font-size:15px;line-height:1.7;color:#4a4a4a;\">Ang\u00e8le, qui s&rsquo;est d\u00e9finie comme pansexuelle et polyamoureuse, a \u00e9t\u00e9 en couple avec Marie Papillon entre 2020 et 2022. Elle ne communique pas publiquement sur une relation officielle aujourd&rsquo;hui.<\/div>\n<\/details>\n<details style=\"padding:0;\">\n<summary style=\"cursor:pointer;padding:16px 0;font-size:17px;font-weight:700;color:#1a1a1a;list-style:none;display:flex;justify-content:space-between;align-items:center;gap:14px;\">\n        <span>Quelle est la fortune d&rsquo;Ang\u00e8le ?<\/span><br \/>\n        <span style=\"font-size:22px;font-weight:300;color:#B11E6A;line-height:1;\">+<\/span><br \/>\n      <\/summary>\n<div style=\"padding:0 0 16px 0;font-size:15px;line-height:1.7;color:#4a4a4a;\">Sa fortune est estim\u00e9e entre 12 et 18 millions d&rsquo;euros en 2025-2026, notamment gr\u00e2ce \u00e0 ses albums, ses tourn\u00e9es et son contrat avec Chanel. Ces montants sont des estimations de presse, non confirm\u00e9es par l&rsquo;artiste.<\/div>\n<\/details><\/div>\n<\/section>\n<p style=\"font-size:13px;color:#6a6a6a;margin-top:32px;\">Sources : Wikip\u00e9dia et donn\u00e9es publiques. Article mis \u00e0 jour r\u00e9guli\u00e8rement.<\/p>\n","protected":false},"excerpt":{"rendered":"","protected":false},"author":43,"featured_media":999999999,"comment_status":"open","ping_status":"open","sticky":false,"template":"","format":"standard","meta":{"_acf_changed":false,"manual_indexmenow":false,"indexmenow_id_project":0,"footnotes":""},"categories":[4524],"tags":[],"class_list":["post-7954","post","type-post","status-publish","format-standard","has-post-thumbnail","hentry","category-celebrites-et-influence-en-france","generate-columns","tablet-grid-50","mobile-grid-100","grid-parent","grid-25"],"acf":[],"yoast_head":"<!-- This site is optimized with the Yoast SEO Premium plugin v21.3 (Yoast SEO v26.5) - https:\/\/yoast.com\/wordpress\/plugins\/seo\/ -->\n<title>Ang\u00e8le : taille, \u00e2ge, couple, vrai nom et fortune<\/title>\n<meta name=\"description\" content=\"Fille du chanteur Marka et de la com\u00e9dienne Laurence Bibot, s\u0153ur du rappeur Rom\u00e9o Elvis, Ang\u00e8le s&#039;est impos\u00e9e en quelques ann\u00e9es comme l&#039;une des artistes\" \/>\n<meta name=\"robots\" content=\"index, follow, max-snippet:-1, max-image-preview:large, max-video-preview:-1\" \/>\n<link rel=\"canonical\" href=\"https:\/\/starstory.fr\/blog\/celebrites-et-influence-en-france\/angele-taille-age-couple-vrai-nom-et-fortune-la-fiche-complete\/\" \/>\n<meta property=\"og:locale\" content=\"fr_FR\" \/>\n<meta property=\"og:type\" content=\"article\" \/>\n<meta property=\"og:title\" content=\"Ang\u00e8le : taille, \u00e2ge, couple, vrai nom et fortune\" \/>\n<meta property=\"og:description\" content=\"Fille du chanteur Marka et de la com\u00e9dienne Laurence Bibot, s\u0153ur du rappeur Rom\u00e9o Elvis, Ang\u00e8le s&#039;est impos\u00e9e en quelques ann\u00e9es comme l&#039;une des artistes\" \/>\n<meta property=\"og:url\" content=\"https:\/\/starstory.fr\/blog\/celebrites-et-influence-en-france\/angele-taille-age-couple-vrai-nom-et-fortune-la-fiche-complete\/\" \/>\n<meta property=\"og:site_name\" content=\"starstory\" \/>\n<meta name=\"author\" content=\"Lucas Martin\" \/>\n<meta name=\"twitter:card\" content=\"summary_large_image\" \/>\n<script type=\"application\/ld+json\" class=\"yoast-schema-graph\">{\"@context\":\"https:\/\/schema.org\",\"@graph\":[{\"@type\":\"NewsArticle\",\"@id\":\"https:\/\/starstory.fr\/blog\/celebrites-et-influence-en-france\/angele-taille-age-couple-vrai-nom-et-fortune-la-fiche-complete\/#article\",\"isPartOf\":{\"@id\":\"https:\/\/starstory.fr\/blog\/celebrites-et-influence-en-france\/angele-taille-age-couple-vrai-nom-et-fortune-la-fiche-complete\/\"},\"author\":{\"name\":\"Lucas Martin\",\"@id\":\"https:\/\/starstory.fr\/blog\/#\/schema\/person\/7460f07f6b55c3d1c9b0d5788b27d15e\"},\"headline\":\"Ang\u00e8le : taille, \u00e2ge, couple, vrai nom et fortune \u2014 la fiche compl\u00e8te\",\"datePublished\":\"2026-06-05T23:16:10+00:00\",\"mainEntityOfPage\":{\"@id\":\"https:\/\/starstory.fr\/blog\/celebrites-et-influence-en-france\/angele-taille-age-couple-vrai-nom-et-fortune-la-fiche-complete\/\"},\"wordCount\":1427,\"commentCount\":0,\"publisher\":{\"@id\":\"https:\/\/starstory.fr\/blog\/#organization\"},\"image\":{\"@id\":\"https:\/\/starstory.fr\/blog\/celebrites-et-influence-en-france\/angele-taille-age-couple-vrai-nom-et-fortune-la-fiche-complete\/#primaryimage\"},\"thumbnailUrl\":\"https:\/\/images.pexels.com\/photos\/9010085\/pexels-photo-9010085.jpeg?auto=compress&cs=tinysrgb&fit=crop&h=627&w=1200\",\"articleSection\":[\"C\u00e9l\u00e9brit\u00e9s et Influence en France\"],\"inLanguage\":\"fr-FR\",\"potentialAction\":[{\"@type\":\"CommentAction\",\"name\":\"Comment\",\"target\":[\"https:\/\/starstory.fr\/blog\/celebrites-et-influence-en-france\/angele-taille-age-couple-vrai-nom-et-fortune-la-fiche-complete\/#respond\"]}]},{\"@type\":\"WebPage\",\"@id\":\"https:\/\/starstory.fr\/blog\/celebrites-et-influence-en-france\/angele-taille-age-couple-vrai-nom-et-fortune-la-fiche-complete\/\",\"url\":\"https:\/\/starstory.fr\/blog\/celebrites-et-influence-en-france\/angele-taille-age-couple-vrai-nom-et-fortune-la-fiche-complete\/\",\"name\":\"Ang\u00e8le : taille, \u00e2ge, couple, vrai nom et fortune\",\"isPartOf\":{\"@id\":\"https:\/\/starstory.fr\/blog\/#website\"},\"primaryImageOfPage\":{\"@id\":\"https:\/\/starstory.fr\/blog\/celebrites-et-influence-en-france\/angele-taille-age-couple-vrai-nom-et-fortune-la-fiche-complete\/#primaryimage\"},\"image\":{\"@id\":\"https:\/\/starstory.fr\/blog\/celebrites-et-influence-en-france\/angele-taille-age-couple-vrai-nom-et-fortune-la-fiche-complete\/#primaryimage\"},\"thumbnailUrl\":\"https:\/\/images.pexels.com\/photos\/9010085\/pexels-photo-9010085.jpeg?auto=compress&cs=tinysrgb&fit=crop&h=627&w=1200\",\"datePublished\":\"2026-06-05T23:16:10+00:00\",\"description\":\"Fille du chanteur Marka et de la com\u00e9dienne Laurence Bibot, s\u0153ur du rappeur Rom\u00e9o Elvis, Ang\u00e8le s'est impos\u00e9e en quelques ann\u00e9es comme l'une des artistes\",\"inLanguage\":\"fr-FR\",\"potentialAction\":[{\"@type\":\"ReadAction\",\"target\":[\"https:\/\/starstory.fr\/blog\/celebrites-et-influence-en-france\/angele-taille-age-couple-vrai-nom-et-fortune-la-fiche-complete\/\"]}]},{\"@type\":\"ImageObject\",\"inLanguage\":\"fr-FR\",\"@id\":\"https:\/\/starstory.fr\/blog\/celebrites-et-influence-en-france\/angele-taille-age-couple-vrai-nom-et-fortune-la-fiche-complete\/#primaryimage\",\"url\":\"https:\/\/images.pexels.com\/photos\/9010085\/pexels-photo-9010085.jpeg?auto=compress&cs=tinysrgb&fit=crop&h=627&w=1200\",\"contentUrl\":\"https:\/\/images.pexels.com\/photos\/9010085\/pexels-photo-9010085.jpeg?auto=compress&cs=tinysrgb&fit=crop&h=627&w=1200\"},{\"@type\":\"WebSite\",\"@id\":\"https:\/\/starstory.fr\/blog\/#website\",\"url\":\"https:\/\/starstory.fr\/blog\/\",\"name\":\"StarStory\",\"description\":\"StarStory, les \u00e9toiles racontent leur histoire\",\"publisher\":{\"@id\":\"https:\/\/starstory.fr\/blog\/#organization\"},\"alternateName\":\"StarStory, les \u00e9toiles racontent leur histoire\",\"potentialAction\":[{\"@type\":\"SearchAction\",\"target\":{\"@type\":\"EntryPoint\",\"urlTemplate\":\"https:\/\/starstory.fr\/blog\/?s={search_term_string}\"},\"query-input\":{\"@type\":\"PropertyValueSpecification\",\"valueRequired\":true,\"valueName\":\"search_term_string\"}}],\"inLanguage\":\"fr-FR\"},{\"@type\":\"Organization\",\"@id\":\"https:\/\/starstory.fr\/blog\/#organization\",\"name\":\"StarStory\",\"alternateName\":\"StarStory.fr\",\"url\":\"https:\/\/starstory.fr\/blog\/\",\"logo\":{\"@type\":\"ImageObject\",\"inLanguage\":\"fr-FR\",\"@id\":\"https:\/\/starstory.fr\/blog\/#\/schema\/logo\/image\/\",\"url\":\"https:\/\/starstory.fr\/blog\/wp-content\/uploads\/2024\/12\/38.png\",\"contentUrl\":\"https:\/\/starstory.fr\/blog\/wp-content\/uploads\/2024\/12\/38.png\",\"width\":500,\"height\":500,\"caption\":\"StarStory\"},\"image\":{\"@id\":\"https:\/\/starstory.fr\/blog\/#\/schema\/logo\/image\/\"}},{\"@type\":\"Person\",\"@id\":\"https:\/\/starstory.fr\/blog\/#\/schema\/person\/7460f07f6b55c3d1c9b0d5788b27d15e\",\"name\":\"Lucas Martin\",\"image\":{\"@type\":\"ImageObject\",\"inLanguage\":\"fr-FR\",\"@id\":\"https:\/\/starstory.fr\/blog\/#\/schema\/person\/image\/\",\"url\":\"https:\/\/secure.gravatar.com\/avatar\/?s=96&d=mm&r=g\",\"contentUrl\":\"https:\/\/secure.gravatar.com\/avatar\/?s=96&d=mm&r=g\",\"caption\":\"Lucas Martin\"},\"description\":\"Lucas dresse le portrait des stars sportives qui ont marqu\u00e9 les diff\u00e9rentes \u00e9poques.\",\"url\":\"https:\/\/starstory.fr\/blog\/auteur\/lucas-martin\/\",\"jobTitle\":\"Contributeur high-tech\",\"email\":\"lucas.martin@lemacenligne.com\"}]}<\/script>\n<!-- \/ Yoast SEO Premium plugin. -->","yoast_head_json":{"title":"Ang\u00e8le : taille, \u00e2ge, couple, vrai nom et fortune","description":"Fille du chanteur Marka et de la com\u00e9dienne Laurence Bibot, s\u0153ur du rappeur Rom\u00e9o Elvis, Ang\u00e8le s'est impos\u00e9e en quelques ann\u00e9es comme l'une des artistes","robots":{"index":"index","follow":"follow","max-snippet":"max-snippet:-1","max-image-preview":"max-image-preview:large","max-video-preview":"max-video-preview:-1"},"canonical":"https:\/\/starstory.fr\/blog\/celebrites-et-influence-en-france\/angele-taille-age-couple-vrai-nom-et-fortune-la-fiche-complete\/","og_locale":"fr_FR","og_type":"article","og_title":"Ang\u00e8le : taille, \u00e2ge, couple, vrai nom et fortune","og_description":"Fille du chanteur Marka et de la com\u00e9dienne Laurence Bibot, s\u0153ur du rappeur Rom\u00e9o Elvis, Ang\u00e8le s'est impos\u00e9e en quelques ann\u00e9es comme l'une des artistes","og_url":"https:\/\/starstory.fr\/blog\/celebrites-et-influence-en-france\/angele-taille-age-couple-vrai-nom-et-fortune-la-fiche-complete\/","og_site_name":"starstory","author":"Lucas Martin","twitter_card":"summary_large_image","schema":{"@context":"https:\/\/schema.org","@graph":[{"@type":"NewsArticle","@id":"https:\/\/starstory.fr\/blog\/celebrites-et-influence-en-france\/angele-taille-age-couple-vrai-nom-et-fortune-la-fiche-complete\/#article","isPartOf":{"@id":"https:\/\/starstory.fr\/blog\/celebrites-et-influence-en-france\/angele-taille-age-couple-vrai-nom-et-fortune-la-fiche-complete\/"},"author":{"name":"Lucas Martin","@id":"https:\/\/starstory.fr\/blog\/#\/schema\/person\/7460f07f6b55c3d1c9b0d5788b27d15e"},"headline":"Ang\u00e8le : taille, \u00e2ge, couple, vrai nom et fortune \u2014 la fiche compl\u00e8te","datePublished":"2026-06-05T23:16:10+00:00","mainEntityOfPage":{"@id":"https:\/\/starstory.fr\/blog\/celebrites-et-influence-en-france\/angele-taille-age-couple-vrai-nom-et-fortune-la-fiche-complete\/"},"wordCount":1427,"commentCount":0,"publisher":{"@id":"https:\/\/starstory.fr\/blog\/#organization"},"image":{"@id":"https:\/\/starstory.fr\/blog\/celebrites-et-influence-en-france\/angele-taille-age-couple-vrai-nom-et-fortune-la-fiche-complete\/#primaryimage"},"thumbnailUrl":"https:\/\/images.pexels.com\/photos\/9010085\/pexels-photo-9010085.jpeg?auto=compress&cs=tinysrgb&fit=crop&h=627&w=1200","articleSection":["C\u00e9l\u00e9brit\u00e9s et Influence en France"],"inLanguage":"fr-FR","potentialAction":[{"@type":"CommentAction","name":"Comment","target":["https:\/\/starstory.fr\/blog\/celebrites-et-influence-en-france\/angele-taille-age-couple-vrai-nom-et-fortune-la-fiche-complete\/#respond"]}]},{"@type":"WebPage","@id":"https:\/\/starstory.fr\/blog\/celebrites-et-influence-en-france\/angele-taille-age-couple-vrai-nom-et-fortune-la-fiche-complete\/","url":"https:\/\/starstory.fr\/blog\/celebrites-et-influence-en-france\/angele-taille-age-couple-vrai-nom-et-fortune-la-fiche-complete\/","name":"Ang\u00e8le : taille, \u00e2ge, couple, vrai nom et fortune","isPartOf":{"@id":"https:\/\/starstory.fr\/blog\/#website"},"primaryImageOfPage":{"@id":"https:\/\/starstory.fr\/blog\/celebrites-et-influence-en-france\/angele-taille-age-couple-vrai-nom-et-fortune-la-fiche-complete\/#primaryimage"},"image":{"@id":"https:\/\/starstory.fr\/blog\/celebrites-et-influence-en-france\/angele-taille-age-couple-vrai-nom-et-fortune-la-fiche-complete\/#primaryimage"},"thumbnailUrl":"https:\/\/images.pexels.com\/photos\/9010085\/pexels-photo-9010085.jpeg?auto=compress&cs=tinysrgb&fit=crop&h=627&w=1200","datePublished":"2026-06-05T23:16:10+00:00","description":"Fille du chanteur Marka et de la com\u00e9dienne Laurence Bibot, s\u0153ur du rappeur Rom\u00e9o Elvis, Ang\u00e8le s'est impos\u00e9e en quelques ann\u00e9es comme l'une des artistes","inLanguage":"fr-FR","potentialAction":[{"@type":"ReadAction","target":["https:\/\/starstory.fr\/blog\/celebrites-et-influence-en-france\/angele-taille-age-couple-vrai-nom-et-fortune-la-fiche-complete\/"]}]},{"@type":"ImageObject","inLanguage":"fr-FR","@id":"https:\/\/starstory.fr\/blog\/celebrites-et-influence-en-france\/angele-taille-age-couple-vrai-nom-et-fortune-la-fiche-complete\/#primaryimage","url":"https:\/\/images.pexels.com\/photos\/9010085\/pexels-photo-9010085.jpeg?auto=compress&cs=tinysrgb&fit=crop&h=627&w=1200","contentUrl":"https:\/\/images.pexels.com\/photos\/9010085\/pexels-photo-9010085.jpeg?auto=compress&cs=tinysrgb&fit=crop&h=627&w=1200"},{"@type":"WebSite","@id":"https:\/\/starstory.fr\/blog\/#website","url":"https:\/\/starstory.fr\/blog\/","name":"StarStory","description":"StarStory, les \u00e9toiles racontent leur histoire","publisher":{"@id":"https:\/\/starstory.fr\/blog\/#organization"},"alternateName":"StarStory, les \u00e9toiles racontent leur histoire","potentialAction":[{"@type":"SearchAction","target":{"@type":"EntryPoint","urlTemplate":"https:\/\/starstory.fr\/blog\/?s={search_term_string}"},"query-input":{"@type":"PropertyValueSpecification","valueRequired":true,"valueName":"search_term_string"}}],"inLanguage":"fr-FR"},{"@type":"Organization","@id":"https:\/\/starstory.fr\/blog\/#organization","name":"StarStory","alternateName":"StarStory.fr","url":"https:\/\/starstory.fr\/blog\/","logo":{"@type":"ImageObject","inLanguage":"fr-FR","@id":"https:\/\/starstory.fr\/blog\/#\/schema\/logo\/image\/","url":"https:\/\/starstory.fr\/blog\/wp-content\/uploads\/2024\/12\/38.png","contentUrl":"https:\/\/starstory.fr\/blog\/wp-content\/uploads\/2024\/12\/38.png","width":500,"height":500,"caption":"StarStory"},"image":{"@id":"https:\/\/starstory.fr\/blog\/#\/schema\/logo\/image\/"}},{"@type":"Person","@id":"https:\/\/starstory.fr\/blog\/#\/schema\/person\/7460f07f6b55c3d1c9b0d5788b27d15e","name":"Lucas Martin","image":{"@type":"ImageObject","inLanguage":"fr-FR","@id":"https:\/\/starstory.fr\/blog\/#\/schema\/person\/image\/","url":"https:\/\/secure.gravatar.com\/avatar\/?s=96&d=mm&r=g","contentUrl":"https:\/\/secure.gravatar.com\/avatar\/?s=96&d=mm&r=g","caption":"Lucas Martin"},"description":"Lucas dresse le portrait des stars sportives qui ont marqu\u00e9 les diff\u00e9rentes \u00e9poques.","url":"https:\/\/starstory.fr\/blog\/auteur\/lucas-martin\/","jobTitle":"Contributeur high-tech","email":"lucas.martin@lemacenligne.com"}]}},"_links":{"self":[{"href":"https:\/\/starstory.fr\/blog\/wp-json\/wp\/v2\/posts\/7954","targetHints":{"allow":["GET"]}}],"collection":[{"href":"https:\/\/starstory.fr\/blog\/wp-json\/wp\/v2\/posts"}],"about":[{"href":"https:\/\/starstory.fr\/blog\/wp-json\/wp\/v2\/types\/post"}],"author":[{"embeddable":true,"href":"https:\/\/starstory.fr\/blog\/wp-json\/wp\/v2\/users\/43"}],"replies":[{"embeddable":true,"href":"https:\/\/starstory.fr\/blog\/wp-json\/wp\/v2\/comments?post=7954"}],"version-history":[{"count":0,"href":"https:\/\/starstory.fr\/blog\/wp-json\/wp\/v2\/posts\/7954\/revisions"}],"wp:attachment":[{"href":"https:\/\/starstory.fr\/blog\/wp-json\/wp\/v2\/media?parent=7954"}],"wp:term":[{"taxonomy":"category","embeddable":true,"href":"https:\/\/starstory.fr\/blog\/wp-json\/wp\/v2\/categories?post=7954"},{"taxonomy":"post_tag","embeddable":true,"href":"https:\/\/starstory.fr\/blog\/wp-json\/wp\/v2\/tags?post=7954"}],"curies":[{"name":"wp","href":"https:\/\/api.w.org\/{rel}","templated":true}]}}