{"id":7952,"date":"2026-06-06T00:52:34","date_gmt":"2026-06-05T22:52:34","guid":{"rendered":"https:\/\/starstory.fr\/blog\/sport-et-legendes-sportives\/coupe-du-monde-2026-l-emotion-de-didier-deschamps-avant-le-grand-rende\/"},"modified":"2026-06-06T00:52:34","modified_gmt":"2026-06-05T22:52:34","slug":"coupe-du-monde-2026-l-emotion-de-didier-deschamps-avant-le-grand-rende","status":"publish","type":"post","link":"https:\/\/starstory.fr\/blog\/sport-et-legendes-sportives\/coupe-du-monde-2026-l-emotion-de-didier-deschamps-avant-le-grand-rende\/","title":{"rendered":"Coupe du monde 2026 : l&rsquo;\u00e9motion de Didier Deschamps avant le grand rendez-vous des Bleus"},"content":{"rendered":"<aside style=\"background:#FBEAF2;border-left:5px solid #B11E6A;padding:22px 28px;margin:24px 0;font-family:-apple-system,BlinkMacSystemFont,'Segoe UI',Roboto,sans-serif;\">\n<div style=\"margin:0;font-size:19px;line-height:1.55;color:#2a2a2a;font-weight:500;letter-spacing:-0.005em;\">\n    \u00c0 quelques jours du coup d&rsquo;envoi de la Coupe du monde 2026, Didier Deschamps a laiss\u00e9 tomber l&rsquo;armure. Au micro de France Inter, le s\u00e9lectionneur des Bleus a \u00e9t\u00e9 rattrap\u00e9 par l&rsquo;\u00e9motion en d\u00e9couvrant un message d&rsquo;Aim\u00e9 Jacquet. Et pour cause : ce Mondial sera son dernier sur le banc de l&rsquo;\u00e9quipe de France.\n  <\/div>\n<\/aside>\n<p>Il y a des hommes qu&rsquo;on imagine in\u00e9branlables. Didier Deschamps, capitaine champion du monde devenu s\u00e9lectionneur titr\u00e9, fait partie de ceux-l\u00e0. Pourtant, \u00e0 treize jours de l&rsquo;entr\u00e9e en lice des Bleus, c&rsquo;est un Deschamps fragilis\u00e9, presque \u00e0 fleur de peau, que les auditeurs de France Inter ont entendu le 3 juin 2026. Le motif de cette \u00e9motion : la voix d&rsquo;un mentor, et la conscience aigu\u00eb que cette Coupe du monde marquera la fin d&rsquo;un cycle de quatorze ans.<\/p>\n<p>Car ce Mondial 2026, organis\u00e9 aux \u00c9tats-Unis, au Canada et au Mexique du 11 juin au 19 juillet, ne ressemble \u00e0 aucun autre dans la carri\u00e8re du s\u00e9lectionneur. C&rsquo;est le dernier qu&rsquo;il dirigera \u00e0 la t\u00eate de l&rsquo;\u00e9quipe de France. Retour sur une s\u00e9quence charg\u00e9e de symboles, et sur ce qui se joue pour les Bleus.<\/p>\n<h2 style=\"margin:48px 0 16px 0;font-family:-apple-system,BlinkMacSystemFont,sans-serif;font-size:27px;font-weight:800;letter-spacing:-0.01em;color:#1a1a1a;\">La s\u00e9quence \u00e9motion sur France Inter<\/h2>\n<p>Invit\u00e9 dans le grand entretien matinal de France Inter depuis Clairefontaine, o\u00f9 les Bleus pr\u00e9parent leur tournoi, Didier Deschamps s&rsquo;attendait \u00e0 un \u00e9change classique sur l&rsquo;\u00e9tat de forme du groupe. Les journalistes Benjamin Duhamel et Florence Paracuellos avaient r\u00e9serv\u00e9 une surprise au s\u00e9lectionneur : la diffusion, en direct, d&rsquo;un message vocal d&rsquo;Aim\u00e9 Jacquet.<\/p>\n<p>Aim\u00e9 Jacquet, c&rsquo;est l&rsquo;homme sous les ordres duquel Deschamps a soulev\u00e9 la Coupe du monde 1998 en tant que capitaine. Une figure tut\u00e9laire, rare dans les m\u00e9dias, dont la parole p\u00e8se lourd. En entendant cette voix, le patron des Bleus a visiblement perdu pied. Particuli\u00e8rement \u00e9mu, il a confi\u00e9 son respect intact pour son ancien entra\u00eeneur, r\u00e9sumant son lien en une phrase simple et sinc\u00e8re.<\/p>\n<figure style=\"margin:38px auto;padding:28px 24px;text-align:center;border-top:1px solid #2a2a2a;border-bottom:1px solid #2a2a2a;max-width:640px;position:relative;font-family:Georgia,'Hoefler Text',serif;\">\n<div style=\"position:absolute;top:-20px;left:50%;transform:translateX(-50%);background:#ffffff;padding:0 14px;font-size:48px;line-height:1;color:#B11E6A;font-family:Georgia,serif;\">&laquo;<\/div>\n<blockquote style=\"margin:0;padding:0;font-size:24px;line-height:1.45;font-style:italic;color:#1a1a1a;letter-spacing:-0.005em;\"><p>\n    Il compte toujours pour moi.<br \/>\n  <\/blockquote><figcaption style=\"margin-top:14px;font-size:12px;text-transform:uppercase;letter-spacing:2px;color:#6a6a6a;font-family:-apple-system,sans-serif;font-style:normal;\">\u2014 Didier Deschamps, \u00e0 propos d&rsquo;Aim\u00e9 Jacquet, sur France Inter<\/figcaption><\/figure>\n<p>Au-del\u00e0 de l&rsquo;instant, c&rsquo;est tout un parcours qui a resurgi : celui d&rsquo;un homme entr\u00e9 dans l&rsquo;histoire des Bleus en 1998, et qui s&rsquo;appr\u00eate \u00e0 en refermer un chapitre majeur. La m\u00eame semaine, le s\u00e9lectionneur a n\u00e9anmoins tenu \u00e0 rassurer sur l&rsquo;essentiel. Interrog\u00e9 sur l&rsquo;ambiance du groupe, il a assur\u00e9 que \u00ab l&rsquo;\u00e9tat d&rsquo;esprit est excellent \u00bb \u00e0 l&rsquo;approche du premier match.<\/p>\n<aside style=\"background:#fff7e0;border-left:4px solid #d4a017;padding:14px 18px;margin:18px 0;border-radius:0 4px 4px 0;font-family:-apple-system,BlinkMacSystemFont,'Segoe UI',Roboto,sans-serif;\">\n  <strong style=\"display:inline-block;color:#7a5e00;font-size:12px;text-transform:uppercase;letter-spacing:1.5px;margin-right:8px;\">&#128161; Bon \u00e0 savoir<\/strong><br \/>\n  <span style=\"font-size:14.5px;line-height:1.55;color:#3a3a3a;\">L&rsquo;entretien a \u00e9t\u00e9 enregistr\u00e9 depuis Clairefontaine, camp de base historique de l&rsquo;\u00e9quipe de France, o\u00f9 le groupe a entam\u00e9 sa pr\u00e9paration avant le grand d\u00e9part pour l&rsquo;Am\u00e9rique du Nord.<\/span><br \/>\n<\/aside>\n<h2 style=\"margin:48px 0 16px 0;font-family:-apple-system,BlinkMacSystemFont,sans-serif;font-size:27px;font-weight:800;letter-spacing:-0.01em;color:#1a1a1a;\">Pourquoi 2026 est sp\u00e9cial : son dernier Mondial<\/h2>\n<p>Si l&rsquo;\u00e9motion a affleur\u00e9 aussi nettement, c&rsquo;est qu&rsquo;elle s&rsquo;inscrit dans un contexte particulier. Didier Deschamps a confirm\u00e9 qu&rsquo;il ne sera plus le s\u00e9lectionneur de l&rsquo;\u00e9quipe de France apr\u00e8s cette Coupe du monde 2026. En poste depuis 2012, il aura pass\u00e9 quatorze ann\u00e9es \u00e0 la t\u00eate des Bleus au moment de tirer sa r\u00e9v\u00e9rence \u2014 une long\u00e9vit\u00e9 exceptionnelle dans le football moderne.<\/p>\n<p>Ce tournoi nord-am\u00e9ricain est donc sa quatri\u00e8me Coupe du monde comme s\u00e9lectionneur, et la derni\u00e8re. Le s\u00e9lectionneur ne s&rsquo;en cache pas : il veut \u00ab partir en beaut\u00e9 \u00bb, terminer son aventure par un grand parcours, et il a reconnu qu&rsquo;il lui serait difficile de quitter ce poste qui a rythm\u00e9 sa vie depuis plus d&rsquo;une d\u00e9cennie.<\/p>\n<p>En coulisses, la succession se dessine d\u00e9j\u00e0. Le nom de Zinedine Zidane, autre l\u00e9gende de 1998, revient avec insistance pour reprendre le flambeau apr\u00e8s le Mondial. De quoi donner \u00e0 cette derni\u00e8re campagne une dimension presque testamentaire pour Deschamps.<\/p>\n<aside style=\"background:#fafaf7;border:1px solid #e5e5e0;border-radius:8px;padding:24px 26px 26px;margin:28px 0;font-family:-apple-system,BlinkMacSystemFont,'Segoe UI',Roboto,sans-serif;\">\n<div style=\"margin:0 0 18px 0;font-size:11px;font-weight:700;text-transform:uppercase;letter-spacing:2.2px;color:#B11E6A;\">\u00c0 retenir<\/div>\n<div style=\"display:grid;grid-template-columns:repeat(auto-fit,minmax(240px,1fr));gap:10px;\">\n<div style=\"display:flex;gap:12px;background:#fff;border:1px solid #ebebe5;padding:12px 14px;border-radius:6px;align-items:flex-start;\">\n      <span style=\"flex:0 0 26px;width:26px;height:26px;background:#B11E6A;color:#fff;border-radius:50%;display:inline-flex;align-items:center;justify-content:center;font-size:12px;font-weight:700;font-family:-apple-system,sans-serif;\">1<\/span><br \/>\n      <span style=\"font-size:14px;line-height:1.5;color:#2a2a2a;\">2026 est le quatri\u00e8me et dernier Mondial de Deschamps comme s\u00e9lectionneur des Bleus.<\/span>\n    <\/div>\n<div style=\"display:flex;gap:12px;background:#fff;border:1px solid #ebebe5;padding:12px 14px;border-radius:6px;align-items:flex-start;\">\n      <span style=\"flex:0 0 26px;width:26px;height:26px;background:#B11E6A;color:#fff;border-radius:50%;display:inline-flex;align-items:center;justify-content:center;font-size:12px;font-weight:700;font-family:-apple-system,sans-serif;\">2<\/span><br \/>\n      <span style=\"font-size:14px;line-height:1.5;color:#2a2a2a;\">Il quittera son poste apr\u00e8s la comp\u00e9tition, apr\u00e8s quatorze ans aux commandes depuis 2012.<\/span>\n    <\/div>\n<div style=\"display:flex;gap:12px;background:#fff;border:1px solid #ebebe5;padding:12px 14px;border-radius:6px;align-items:flex-start;\">\n      <span style=\"flex:0 0 26px;width:26px;height:26px;background:#B11E6A;color:#fff;border-radius:50%;display:inline-flex;align-items:center;justify-content:center;font-size:12px;font-weight:700;font-family:-apple-system,sans-serif;\">3<\/span><br \/>\n      <span style=\"font-size:14px;line-height:1.5;color:#2a2a2a;\">Zinedine Zidane est le successeur le plus cit\u00e9 pour reprendre les Bleus apr\u00e8s 2026.<\/span>\n    <\/div>\n<div style=\"display:flex;gap:12px;background:#fff;border:1px solid #ebebe5;padding:12px 14px;border-radius:6px;align-items:flex-start;\">\n      <span style=\"flex:0 0 26px;width:26px;height:26px;background:#B11E6A;color:#fff;border-radius:50%;display:inline-flex;align-items:center;justify-content:center;font-size:12px;font-weight:700;font-family:-apple-system,sans-serif;\">4<\/span><br \/>\n      <span style=\"font-size:14px;line-height:1.5;color:#2a2a2a;\">Deschamps assume vouloir \u00ab partir en beaut\u00e9 \u00bb et boucler son cycle par un grand parcours.<\/span>\n    <\/div>\n<\/p><\/div>\n<\/aside>\n<h2 style=\"margin:48px 0 16px 0;font-family:-apple-system,BlinkMacSystemFont,sans-serif;font-size:27px;font-weight:800;letter-spacing:-0.01em;color:#1a1a1a;\">Deschamps, une l\u00e9gende des Bleus<\/h2>\n<p>Pour mesurer ce que repr\u00e9sente ce d\u00e9part, il faut rappeler le poids du personnage. Peu d&rsquo;hommes peuvent se targuer d&rsquo;avoir gagn\u00e9 la Coupe du monde des deux c\u00f4t\u00e9s de la ligne de touche. Didier Deschamps est l&rsquo;un d&rsquo;eux. Capitaine des Bleus en 1998, brassard au bras lors du sacre au Stade de France, il a remis \u00e7a vingt ans plus tard, en 2018, en menant une nouvelle g\u00e9n\u00e9ration au sommet du monde, cette fois depuis le banc.<\/p>\n<p>Entre les deux, une carri\u00e8re de joueur dense \u2014 milieu r\u00e9cup\u00e9rateur r\u00e9put\u00e9 pour son intelligence de jeu et son leadership \u2014 et un palmar\u00e8s de s\u00e9lectionneur qui force le respect, m\u00eame au-del\u00e0 du seul titre mondial. Voici les grands rep\u00e8res de son parcours.<\/p>\n<figure style=\"margin:32px 0;font-family:-apple-system,BlinkMacSystemFont,'Segoe UI',Roboto,sans-serif;\">\n<div style=\"overflow-x:auto;border:1px solid #e5e5e0;border-radius:8px;\">\n<table style=\"width:100%;border-collapse:collapse;font-size:14px;color:#2a2a2a;min-width:500px;\">\n<thead>\n<tr style=\"background:#1a1a1a;color:#fff;\">\n<th style=\"text-align:left;padding:14px 18px;font-weight:700;font-size:12px;text-transform:uppercase;letter-spacing:1.5px;\">Ann\u00e9e<\/th>\n<th style=\"text-align:left;padding:14px 18px;font-weight:700;font-size:12px;text-transform:uppercase;letter-spacing:1.5px;\">Comp\u00e9tition<\/th>\n<th style=\"text-align:left;padding:14px 18px;font-weight:700;font-size:12px;text-transform:uppercase;letter-spacing:1.5px;\">R\u00f4le<\/th>\n<th style=\"text-align:center;padding:14px 18px;font-weight:700;font-size:12px;text-transform:uppercase;letter-spacing:1.5px;\">R\u00e9sultat<\/th>\n<\/tr>\n<\/thead>\n<tbody>\n<tr style=\"background:#fff;border-bottom:1px solid #f0ede5;\">\n<td style=\"padding:14px 18px;font-weight:600;\">1998<\/td>\n<td style=\"padding:14px 18px;color:#4a4a4a;\">Coupe du monde (France)<\/td>\n<td style=\"padding:14px 18px;color:#4a4a4a;\">Capitaine<\/td>\n<td style=\"padding:14px 18px;text-align:center;color:#B11E6A;font-weight:700;\">Vainqueur<\/td>\n<\/tr>\n<tr style=\"background:#fafaf7;border-bottom:1px solid #f0ede5;\">\n<td style=\"padding:14px 18px;font-weight:600;\">2000<\/td>\n<td style=\"padding:14px 18px;color:#4a4a4a;\">Euro<\/td>\n<td style=\"padding:14px 18px;color:#4a4a4a;\">Capitaine<\/td>\n<td style=\"padding:14px 18px;text-align:center;color:#B11E6A;font-weight:700;\">Vainqueur<\/td>\n<\/tr>\n<tr style=\"background:#fff;border-bottom:1px solid #f0ede5;\">\n<td style=\"padding:14px 18px;font-weight:600;\">2016<\/td>\n<td style=\"padding:14px 18px;color:#4a4a4a;\">Euro (France)<\/td>\n<td style=\"padding:14px 18px;color:#4a4a4a;\">S\u00e9lectionneur<\/td>\n<td style=\"padding:14px 18px;text-align:center;color:#6a6a6a;\">Finaliste<\/td>\n<\/tr>\n<tr style=\"background:#fafaf7;border-bottom:1px solid #f0ede5;\">\n<td style=\"padding:14px 18px;font-weight:600;\">2018<\/td>\n<td style=\"padding:14px 18px;color:#4a4a4a;\">Coupe du monde (Russie)<\/td>\n<td style=\"padding:14px 18px;color:#4a4a4a;\">S\u00e9lectionneur<\/td>\n<td style=\"padding:14px 18px;text-align:center;color:#B11E6A;font-weight:700;\">Vainqueur<\/td>\n<\/tr>\n<tr style=\"background:#fff;\">\n<td style=\"padding:14px 18px;font-weight:600;\">2022<\/td>\n<td style=\"padding:14px 18px;color:#4a4a4a;\">Coupe du monde (Qatar)<\/td>\n<td style=\"padding:14px 18px;color:#4a4a4a;\">S\u00e9lectionneur<\/td>\n<td style=\"padding:14px 18px;text-align:center;color:#6a6a6a;\">Finaliste<\/td>\n<\/tr>\n<\/tbody>\n<\/table><\/div><figcaption style=\"font-size:11px;color:#7a7a7a;margin-top:8px;text-align:right;letter-spacing:0.3px;\">Rep\u00e8res de carri\u00e8re \u2014 joueur puis s\u00e9lectionneur de l&rsquo;\u00e9quipe de France.<\/figcaption><\/figure>\n<p>Trois chiffres r\u00e9sument \u00e0 eux seuls la place qu&rsquo;occupe Didier Deschamps dans l&rsquo;histoire du football fran\u00e7ais.<\/p>\n<figure style=\"margin:32px 0;padding:0;font-family:-apple-system,BlinkMacSystemFont,'Segoe UI',Roboto,sans-serif;\">\n<div style=\"display:grid;grid-template-columns:repeat(auto-fit,minmax(140px,1fr));background:#1a1a1a;border-radius:6px;overflow:hidden;\">\n<div style=\"padding:22px 16px;text-align:center;border-right:1px solid #2f2f2f;\">\n<div style=\"font-size:36px;font-weight:900;color:#fff;letter-spacing:-0.04em;font-feature-settings:'tnum';line-height:1;\">2<\/div>\n<div style=\"font-size:11px;text-transform:uppercase;letter-spacing:1.5px;color:#9a9a9a;margin-top:8px;\">titres mondiaux (1998, 2018)<\/div>\n<\/p><\/div>\n<div style=\"padding:22px 16px;text-align:center;border-right:1px solid #2f2f2f;\">\n<div style=\"font-size:36px;font-weight:900;color:#fff;letter-spacing:-0.04em;font-feature-settings:'tnum';line-height:1;\">14<\/div>\n<div style=\"font-size:11px;text-transform:uppercase;letter-spacing:1.5px;color:#9a9a9a;margin-top:8px;\">ans sur le banc des Bleus<\/div>\n<\/p><\/div>\n<div style=\"padding:22px 16px;text-align:center;\">\n<div style=\"font-size:36px;font-weight:900;color:#e89bbf;letter-spacing:-0.04em;font-feature-settings:'tnum';line-height:1;\">4&#1013;<\/div>\n<div style=\"font-size:11px;text-transform:uppercase;letter-spacing:1.5px;color:#9a9a9a;margin-top:8px;\">Mondial comme s\u00e9lectionneur<\/div>\n<\/p><\/div>\n<\/p><\/div><figcaption style=\"font-size:11px;color:#7a7a7a;margin-top:8px;text-align:right;letter-spacing:0.3px;\">Rep\u00e8res chiffr\u00e9s \u2014 carri\u00e8re de s\u00e9lectionneur depuis 2012.<\/figcaption><\/figure>\n<aside style=\"background:#FBEAF2;border-left:4px solid #B11E6A;padding:14px 18px;margin:18px 0;border-radius:0 4px 4px 0;font-family:-apple-system,BlinkMacSystemFont,'Segoe UI',Roboto,sans-serif;\">\n  <strong style=\"display:inline-block;color:#B11E6A;font-size:12px;text-transform:uppercase;letter-spacing:1.5px;margin-right:8px;\">&#10022; \u00c0 noter<\/strong><br \/>\n  <span style=\"font-size:14.5px;line-height:1.55;color:#3a3a3a;\">Deschamps fait partie du club tr\u00e8s ferm\u00e9 des hommes ayant remport\u00e9 la Coupe du monde comme joueur puis comme s\u00e9lectionneur, aux c\u00f4t\u00e9s de M\u00e1rio Zagallo et Franz Beckenbauer.<\/span><br \/>\n<\/aside>\n<h2 style=\"margin:48px 0 16px 0;font-family:-apple-system,BlinkMacSystemFont,sans-serif;font-size:27px;font-weight:800;letter-spacing:-0.01em;color:#1a1a1a;\">Les enjeux pour l&rsquo;\u00e9quipe de France<\/h2>\n<p>Au-del\u00e0 de la charge \u00e9motionnelle, ce Mondial place les Bleus face \u00e0 de vraies attentes. Finalistes en 2022 au Qatar, ils abordent 2026 avec le statut de l&rsquo;un des favoris, et l&rsquo;ambition affich\u00e9e d&rsquo;offrir \u00e0 leur s\u00e9lectionneur une sortie par la grande porte. L&rsquo;\u00e9quipe de France est plac\u00e9e dans le groupe I et d\u00e9butera son tournoi le mardi 16 juin face au S\u00e9n\u00e9gal.<\/p>\n<p>Le d\u00e9fi est double. Sportivement, il faudra g\u00e9rer le calendrier exigeant d&rsquo;un tournoi \u00e9tendu \u00e0 48 \u00e9quipes, et la chaleur estivale de plusieurs sites nord-am\u00e9ricains. Humainement, le groupe sait qu&rsquo;il joue la derni\u00e8re campagne de l&rsquo;homme qui a fa\u00e7onn\u00e9 son identit\u00e9 depuis une d\u00e9cennie \u2014 un suppl\u00e9ment de motivation autant qu&rsquo;une pression suppl\u00e9mentaire.<\/p>\n<div style=\"display:grid;grid-template-columns:repeat(auto-fit,minmax(220px,1fr));gap:14px;margin:28px 0;font-family:-apple-system,BlinkMacSystemFont,'Segoe UI',Roboto,sans-serif;\">\n<article style=\"background:#fff;border:1px solid #e5e5e0;border-top:3px solid #B11E6A;border-radius:6px;padding:18px 18px 16px;\">\n<div style=\"width:36px;height:36px;background:#FBEAF2;border-radius:50%;display:inline-flex;align-items:center;justify-content:center;margin-bottom:12px;\">\n      <span style=\"font-size:18px;color:#B11E6A;font-weight:900;font-family:Georgia,serif;\">01<\/span>\n    <\/div>\n<h3 style=\"margin:0 0 6px 0;font-size:16px;font-weight:700;color:#1a1a1a;letter-spacing:-0.01em;\">Un statut de favori<\/h3>\n<div style=\"margin:0;font-size:13.5px;line-height:1.55;color:#4a4a4a;\">Finalistes en 2022, les Bleus font partie des nations attendues au plus haut niveau de la comp\u00e9tition.<\/div>\n<\/article>\n<article style=\"background:#fff;border:1px solid #e5e5e0;border-top:3px solid #B11E6A;border-radius:6px;padding:18px 18px 16px;\">\n<div style=\"width:36px;height:36px;background:#FBEAF2;border-radius:50%;display:inline-flex;align-items:center;justify-content:center;margin-bottom:12px;\">\n      <span style=\"font-size:18px;color:#B11E6A;font-weight:900;font-family:Georgia,serif;\">02<\/span>\n    <\/div>\n<h3 style=\"margin:0 0 6px 0;font-size:16px;font-weight:700;color:#1a1a1a;letter-spacing:-0.01em;\">Un format \u00e9largi<\/h3>\n<div style=\"margin:0;font-size:13.5px;line-height:1.55;color:#4a4a4a;\">Avec 48 \u00e9quipes r\u00e9parties sur trois pays, le tournoi impose une gestion fine du calendrier et de la fatigue.<\/div>\n<\/article>\n<article style=\"background:#fff;border:1px solid #e5e5e0;border-top:3px solid #B11E6A;border-radius:6px;padding:18px 18px 16px;\">\n<div style=\"width:36px;height:36px;background:#FBEAF2;border-radius:50%;display:inline-flex;align-items:center;justify-content:center;margin-bottom:12px;\">\n      <span style=\"font-size:18px;color:#B11E6A;font-weight:900;font-family:Georgia,serif;\">03<\/span>\n    <\/div>\n<h3 style=\"margin:0 0 6px 0;font-size:16px;font-weight:700;color:#1a1a1a;letter-spacing:-0.01em;\">Le dernier baroud<\/h3>\n<div style=\"margin:0;font-size:13.5px;line-height:1.55;color:#4a4a4a;\">Offrir une sortie en beaut\u00e9 \u00e0 leur s\u00e9lectionneur ajoute une charge symbolique \u00e0 la qu\u00eate du titre.<\/div>\n<\/article>\n<\/div>\n<p>Reste une inconnue, celle qui fait le sel de toute Coupe du monde : sur le terrain, rien n&rsquo;est \u00e9crit. Mais une chose est certaine. Quoi qu&rsquo;il advienne entre le premier match du 16 juin et la finale du 19 juillet, cette campagne 2026 restera celle des adieux de Didier Deschamps aux Bleus. Et la s\u00e9quence \u00e9motion de France Inter en aura donn\u00e9 le ton, bien avant le coup d&rsquo;envoi.<\/p>\n<section style=\"margin:48px 0 32px 0;font-family:-apple-system,BlinkMacSystemFont,'Segoe UI',Roboto,sans-serif;\">\n<h2 style=\"margin:0 0 18px 0;font-size:24px;font-weight:800;color:#1a1a1a;letter-spacing:-0.01em;\">Questions fr\u00e9quentes<\/h2>\n<div style=\"border-top:1px solid #d4cfc4;\">\n<details style=\"border-bottom:1px solid #d4cfc4;padding:0;\">\n<summary style=\"cursor:pointer;padding:16px 0;font-size:17px;font-weight:700;color:#1a1a1a;list-style:none;display:flex;justify-content:space-between;align-items:center;gap:14px;\">\n        <span>Quand commence la Coupe du monde 2026 ?<\/span><br \/>\n        <span style=\"font-size:22px;font-weight:300;color:#B11E6A;line-height:1;\">+<\/span><br \/>\n      <\/summary>\n<div style=\"padding:0 0 16px 0;font-size:15px;line-height:1.7;color:#4a4a4a;\">La comp\u00e9tition d\u00e9bute le 11 juin 2026 et se termine le 19 juillet. Elle est organis\u00e9e conjointement par les \u00c9tats-Unis, le Canada et le Mexique. L&rsquo;\u00e9quipe de France, elle, entre en lice le mardi 16 juin face au S\u00e9n\u00e9gal.<\/div>\n<\/details>\n<details style=\"border-bottom:1px solid #d4cfc4;padding:0;\">\n<summary style=\"cursor:pointer;padding:16px 0;font-size:17px;font-weight:700;color:#1a1a1a;list-style:none;display:flex;justify-content:space-between;align-items:center;gap:14px;\">\n        <span>Deschamps arr\u00eate-t-il apr\u00e8s 2026 ?<\/span><br \/>\n        <span style=\"font-size:22px;font-weight:300;color:#B11E6A;line-height:1;\">+<\/span><br \/>\n      <\/summary>\n<div style=\"padding:0 0 16px 0;font-size:15px;line-height:1.7;color:#4a4a4a;\">Oui. Didier Deschamps a confirm\u00e9 qu&rsquo;il ne sera plus le s\u00e9lectionneur de l&rsquo;\u00e9quipe de France apr\u00e8s la Coupe du monde 2026. Il aura alors pass\u00e9 quatorze ans \u00e0 ce poste, qu&rsquo;il occupe depuis 2012.<\/div>\n<\/details>\n<details style=\"border-bottom:1px solid #d4cfc4;padding:0;\">\n<summary style=\"cursor:pointer;padding:16px 0;font-size:17px;font-weight:700;color:#1a1a1a;list-style:none;display:flex;justify-content:space-between;align-items:center;gap:14px;\">\n        <span>Que s&rsquo;est-il pass\u00e9 sur France Inter ?<\/span><br \/>\n        <span style=\"font-size:22px;font-weight:300;color:#B11E6A;line-height:1;\">+<\/span><br \/>\n      <\/summary>\n<div style=\"padding:0 0 16px 0;font-size:15px;line-height:1.7;color:#4a4a4a;\">Lors d&rsquo;un grand entretien diffus\u00e9 le 3 juin 2026 depuis Clairefontaine, les journalistes ont fait \u00e9couter au s\u00e9lectionneur un message d&rsquo;Aim\u00e9 Jacquet. Visiblement \u00e9mu, Deschamps a confi\u00e9 que son ancien mentor \u00ab compte toujours \u00bb pour lui.<\/div>\n<\/details>\n<details style=\"border-bottom:1px solid #d4cfc4;padding:0;\">\n<summary style=\"cursor:pointer;padding:16px 0;font-size:17px;font-weight:700;color:#1a1a1a;list-style:none;display:flex;justify-content:space-between;align-items:center;gap:14px;\">\n        <span>Quel est le palmar\u00e8s de Deschamps avec les Bleus ?<\/span><br \/>\n        <span style=\"font-size:22px;font-weight:300;color:#B11E6A;line-height:1;\">+<\/span><br \/>\n      <\/summary>\n<div style=\"padding:0 0 16px 0;font-size:15px;line-height:1.7;color:#4a4a4a;\">Comme joueur, il a remport\u00e9 la Coupe du monde 1998 (en tant que capitaine) et l&rsquo;Euro 2000. Comme s\u00e9lectionneur, il a gagn\u00e9 la Coupe du monde 2018 et atteint la finale de l&rsquo;Euro 2016 puis du Mondial 2022.<\/div>\n<\/details>\n<details style=\"padding:0;\">\n<summary style=\"cursor:pointer;padding:16px 0;font-size:17px;font-weight:700;color:#1a1a1a;list-style:none;display:flex;justify-content:space-between;align-items:center;gap:14px;\">\n        <span>Qui pourrait succ\u00e9der \u00e0 Deschamps ?<\/span><br \/>\n        <span style=\"font-size:22px;font-weight:300;color:#B11E6A;line-height:1;\">+<\/span><br \/>\n      <\/summary>\n<div style=\"padding:0 0 16px 0;font-size:15px;line-height:1.7;color:#4a4a4a;\">Le nom de Zinedine Zidane, lui aussi champion du monde 1998, est le plus r\u00e9guli\u00e8rement cit\u00e9 pour reprendre l&rsquo;\u00e9quipe de France apr\u00e8s le Mondial 2026. Aucune nomination officielle n&rsquo;est toutefois act\u00e9e \u00e0 ce stade.<\/div>\n<\/details><\/div>\n<\/section>\n<p style=\"font-size:13px;color:#6a6a6a;margin-top:32px;\">Sources : presse et donn\u00e9es publiques. Article mis \u00e0 jour r\u00e9guli\u00e8rement.<\/p>\n","protected":false},"excerpt":{"rendered":"","protected":false},"author":40,"featured_media":999999999,"comment_status":"open","ping_status":"open","sticky":false,"template":"","format":"standard","meta":{"_acf_changed":false,"manual_indexmenow":false,"indexmenow_id_project":0,"footnotes":""},"categories":[4523],"tags":[],"class_list":["post-7952","post","type-post","status-publish","format-standard","has-post-thumbnail","hentry","category-sport-et-legendes-sportives","generate-columns","tablet-grid-50","mobile-grid-100","grid-parent","grid-25"],"acf":[],"yoast_head":"<!-- This site is optimized with the Yoast SEO Premium plugin v21.3 (Yoast SEO v26.5) - https:\/\/yoast.com\/wordpress\/plugins\/seo\/ -->\n<title>Coupe du monde 2026 : l&#039;\u00e9motion de Didier Deschamps avant le grand rendez-vous des Bleus<\/title>\n<meta name=\"description\" content=\"Il y a des hommes qu&#039;on imagine in\u00e9branlables Didier Deschamps, capitaine champion du monde devenu s\u00e9lectionneur titr\u00e9, fait partie de ceux-l\u00e0\" \/>\n<meta name=\"robots\" content=\"index, follow, max-snippet:-1, max-image-preview:large, max-video-preview:-1\" \/>\n<link rel=\"canonical\" href=\"https:\/\/starstory.fr\/blog\/sport-et-legendes-sportives\/coupe-du-monde-2026-l-emotion-de-didier-deschamps-avant-le-grand-rende\/\" \/>\n<meta property=\"og:locale\" content=\"fr_FR\" \/>\n<meta property=\"og:type\" content=\"article\" \/>\n<meta property=\"og:title\" content=\"Coupe du monde 2026 : l&#039;\u00e9motion de Didier Deschamps avant le grand rendez-vous des Bleus\" \/>\n<meta property=\"og:description\" content=\"Il y a des hommes qu&#039;on imagine in\u00e9branlables Didier Deschamps, capitaine champion du monde devenu s\u00e9lectionneur titr\u00e9, fait partie de ceux-l\u00e0\" \/>\n<meta property=\"og:url\" content=\"https:\/\/starstory.fr\/blog\/sport-et-legendes-sportives\/coupe-du-monde-2026-l-emotion-de-didier-deschamps-avant-le-grand-rende\/\" \/>\n<meta property=\"og:site_name\" content=\"starstory\" \/>\n<meta name=\"author\" content=\"Julien Vaillant\" \/>\n<meta name=\"twitter:card\" content=\"summary_large_image\" \/>\n<script type=\"application\/ld+json\" class=\"yoast-schema-graph\">{\"@context\":\"https:\/\/schema.org\",\"@graph\":[{\"@type\":\"NewsArticle\",\"@id\":\"https:\/\/starstory.fr\/blog\/sport-et-legendes-sportives\/coupe-du-monde-2026-l-emotion-de-didier-deschamps-avant-le-grand-rende\/#article\",\"isPartOf\":{\"@id\":\"https:\/\/starstory.fr\/blog\/sport-et-legendes-sportives\/coupe-du-monde-2026-l-emotion-de-didier-deschamps-avant-le-grand-rende\/\"},\"author\":{\"name\":\"Julien Vaillant\",\"@id\":\"https:\/\/starstory.fr\/blog\/#\/schema\/person\/62af054f7df7ce17580aee7a5c41b89c\"},\"headline\":\"Coupe du monde 2026 : l&rsquo;\u00e9motion de Didier Deschamps avant le grand rendez-vous des Bleus\",\"datePublished\":\"2026-06-05T22:52:34+00:00\",\"mainEntityOfPage\":{\"@id\":\"https:\/\/starstory.fr\/blog\/sport-et-legendes-sportives\/coupe-du-monde-2026-l-emotion-de-didier-deschamps-avant-le-grand-rende\/\"},\"wordCount\":1481,\"commentCount\":0,\"publisher\":{\"@id\":\"https:\/\/starstory.fr\/blog\/#organization\"},\"image\":{\"@id\":\"https:\/\/starstory.fr\/blog\/sport-et-legendes-sportives\/coupe-du-monde-2026-l-emotion-de-didier-deschamps-avant-le-grand-rende\/#primaryimage\"},\"thumbnailUrl\":\"https:\/\/images.pexels.com\/photos\/9517918\/pexels-photo-9517918.jpeg?auto=compress&cs=tinysrgb&fit=crop&h=627&w=1200\",\"articleSection\":[\"Sport et L\u00e9gendes Sportives\"],\"inLanguage\":\"fr-FR\",\"potentialAction\":[{\"@type\":\"CommentAction\",\"name\":\"Comment\",\"target\":[\"https:\/\/starstory.fr\/blog\/sport-et-legendes-sportives\/coupe-du-monde-2026-l-emotion-de-didier-deschamps-avant-le-grand-rende\/#respond\"]}]},{\"@type\":\"WebPage\",\"@id\":\"https:\/\/starstory.fr\/blog\/sport-et-legendes-sportives\/coupe-du-monde-2026-l-emotion-de-didier-deschamps-avant-le-grand-rende\/\",\"url\":\"https:\/\/starstory.fr\/blog\/sport-et-legendes-sportives\/coupe-du-monde-2026-l-emotion-de-didier-deschamps-avant-le-grand-rende\/\",\"name\":\"Coupe du monde 2026 : l'\u00e9motion de Didier Deschamps avant le grand rendez-vous des Bleus\",\"isPartOf\":{\"@id\":\"https:\/\/starstory.fr\/blog\/#website\"},\"primaryImageOfPage\":{\"@id\":\"https:\/\/starstory.fr\/blog\/sport-et-legendes-sportives\/coupe-du-monde-2026-l-emotion-de-didier-deschamps-avant-le-grand-rende\/#primaryimage\"},\"image\":{\"@id\":\"https:\/\/starstory.fr\/blog\/sport-et-legendes-sportives\/coupe-du-monde-2026-l-emotion-de-didier-deschamps-avant-le-grand-rende\/#primaryimage\"},\"thumbnailUrl\":\"https:\/\/images.pexels.com\/photos\/9517918\/pexels-photo-9517918.jpeg?auto=compress&cs=tinysrgb&fit=crop&h=627&w=1200\",\"datePublished\":\"2026-06-05T22:52:34+00:00\",\"description\":\"Il y a des hommes qu'on imagine in\u00e9branlables Didier Deschamps, capitaine champion du monde devenu s\u00e9lectionneur titr\u00e9, fait partie de ceux-l\u00e0\",\"inLanguage\":\"fr-FR\",\"potentialAction\":[{\"@type\":\"ReadAction\",\"target\":[\"https:\/\/starstory.fr\/blog\/sport-et-legendes-sportives\/coupe-du-monde-2026-l-emotion-de-didier-deschamps-avant-le-grand-rende\/\"]}]},{\"@type\":\"ImageObject\",\"inLanguage\":\"fr-FR\",\"@id\":\"https:\/\/starstory.fr\/blog\/sport-et-legendes-sportives\/coupe-du-monde-2026-l-emotion-de-didier-deschamps-avant-le-grand-rende\/#primaryimage\",\"url\":\"https:\/\/images.pexels.com\/photos\/9517918\/pexels-photo-9517918.jpeg?auto=compress&cs=tinysrgb&fit=crop&h=627&w=1200\",\"contentUrl\":\"https:\/\/images.pexels.com\/photos\/9517918\/pexels-photo-9517918.jpeg?auto=compress&cs=tinysrgb&fit=crop&h=627&w=1200\"},{\"@type\":\"WebSite\",\"@id\":\"https:\/\/starstory.fr\/blog\/#website\",\"url\":\"https:\/\/starstory.fr\/blog\/\",\"name\":\"StarStory\",\"description\":\"StarStory, les \u00e9toiles racontent leur histoire\",\"publisher\":{\"@id\":\"https:\/\/starstory.fr\/blog\/#organization\"},\"alternateName\":\"StarStory, les \u00e9toiles racontent leur histoire\",\"potentialAction\":[{\"@type\":\"SearchAction\",\"target\":{\"@type\":\"EntryPoint\",\"urlTemplate\":\"https:\/\/starstory.fr\/blog\/?s={search_term_string}\"},\"query-input\":{\"@type\":\"PropertyValueSpecification\",\"valueRequired\":true,\"valueName\":\"search_term_string\"}}],\"inLanguage\":\"fr-FR\"},{\"@type\":\"Organization\",\"@id\":\"https:\/\/starstory.fr\/blog\/#organization\",\"name\":\"StarStory\",\"alternateName\":\"StarStory.fr\",\"url\":\"https:\/\/starstory.fr\/blog\/\",\"logo\":{\"@type\":\"ImageObject\",\"inLanguage\":\"fr-FR\",\"@id\":\"https:\/\/starstory.fr\/blog\/#\/schema\/logo\/image\/\",\"url\":\"https:\/\/starstory.fr\/blog\/wp-content\/uploads\/2024\/12\/38.png\",\"contentUrl\":\"https:\/\/starstory.fr\/blog\/wp-content\/uploads\/2024\/12\/38.png\",\"width\":500,\"height\":500,\"caption\":\"StarStory\"},\"image\":{\"@id\":\"https:\/\/starstory.fr\/blog\/#\/schema\/logo\/image\/\"}},{\"@type\":\"Person\",\"@id\":\"https:\/\/starstory.fr\/blog\/#\/schema\/person\/62af054f7df7ce17580aee7a5c41b89c\",\"name\":\"Julien Vaillant\",\"image\":{\"@type\":\"ImageObject\",\"inLanguage\":\"fr-FR\",\"@id\":\"https:\/\/starstory.fr\/blog\/#\/schema\/person\/image\/\",\"url\":\"https:\/\/secure.gravatar.com\/avatar\/?s=96&d=mm&r=g\",\"contentUrl\":\"https:\/\/secure.gravatar.com\/avatar\/?s=96&d=mm&r=g\",\"caption\":\"Julien Vaillant\"},\"description\":\"Julien met en lumi\u00e8re les acteurs, r\u00e9alisateurs et r\u00f4les embl\u00e9matiques qui ont marqu\u00e9 les \u00e9poques.\",\"url\":\"https:\/\/starstory.fr\/blog\/auteur\/julien-bernard\/\"}]}<\/script>\n<!-- \/ Yoast SEO Premium plugin. -->","yoast_head_json":{"title":"Coupe du monde 2026 : l'\u00e9motion de Didier Deschamps avant le grand rendez-vous des Bleus","description":"Il y a des hommes qu'on imagine in\u00e9branlables Didier Deschamps, capitaine champion du monde devenu s\u00e9lectionneur titr\u00e9, fait partie de ceux-l\u00e0","robots":{"index":"index","follow":"follow","max-snippet":"max-snippet:-1","max-image-preview":"max-image-preview:large","max-video-preview":"max-video-preview:-1"},"canonical":"https:\/\/starstory.fr\/blog\/sport-et-legendes-sportives\/coupe-du-monde-2026-l-emotion-de-didier-deschamps-avant-le-grand-rende\/","og_locale":"fr_FR","og_type":"article","og_title":"Coupe du monde 2026 : l'\u00e9motion de Didier Deschamps avant le grand rendez-vous des Bleus","og_description":"Il y a des hommes qu'on imagine in\u00e9branlables Didier Deschamps, capitaine champion du monde devenu s\u00e9lectionneur titr\u00e9, fait partie de ceux-l\u00e0","og_url":"https:\/\/starstory.fr\/blog\/sport-et-legendes-sportives\/coupe-du-monde-2026-l-emotion-de-didier-deschamps-avant-le-grand-rende\/","og_site_name":"starstory","author":"Julien Vaillant","twitter_card":"summary_large_image","schema":{"@context":"https:\/\/schema.org","@graph":[{"@type":"NewsArticle","@id":"https:\/\/starstory.fr\/blog\/sport-et-legendes-sportives\/coupe-du-monde-2026-l-emotion-de-didier-deschamps-avant-le-grand-rende\/#article","isPartOf":{"@id":"https:\/\/starstory.fr\/blog\/sport-et-legendes-sportives\/coupe-du-monde-2026-l-emotion-de-didier-deschamps-avant-le-grand-rende\/"},"author":{"name":"Julien Vaillant","@id":"https:\/\/starstory.fr\/blog\/#\/schema\/person\/62af054f7df7ce17580aee7a5c41b89c"},"headline":"Coupe du monde 2026 : l&rsquo;\u00e9motion de Didier Deschamps avant le grand rendez-vous des Bleus","datePublished":"2026-06-05T22:52:34+00:00","mainEntityOfPage":{"@id":"https:\/\/starstory.fr\/blog\/sport-et-legendes-sportives\/coupe-du-monde-2026-l-emotion-de-didier-deschamps-avant-le-grand-rende\/"},"wordCount":1481,"commentCount":0,"publisher":{"@id":"https:\/\/starstory.fr\/blog\/#organization"},"image":{"@id":"https:\/\/starstory.fr\/blog\/sport-et-legendes-sportives\/coupe-du-monde-2026-l-emotion-de-didier-deschamps-avant-le-grand-rende\/#primaryimage"},"thumbnailUrl":"https:\/\/images.pexels.com\/photos\/9517918\/pexels-photo-9517918.jpeg?auto=compress&cs=tinysrgb&fit=crop&h=627&w=1200","articleSection":["Sport et L\u00e9gendes Sportives"],"inLanguage":"fr-FR","potentialAction":[{"@type":"CommentAction","name":"Comment","target":["https:\/\/starstory.fr\/blog\/sport-et-legendes-sportives\/coupe-du-monde-2026-l-emotion-de-didier-deschamps-avant-le-grand-rende\/#respond"]}]},{"@type":"WebPage","@id":"https:\/\/starstory.fr\/blog\/sport-et-legendes-sportives\/coupe-du-monde-2026-l-emotion-de-didier-deschamps-avant-le-grand-rende\/","url":"https:\/\/starstory.fr\/blog\/sport-et-legendes-sportives\/coupe-du-monde-2026-l-emotion-de-didier-deschamps-avant-le-grand-rende\/","name":"Coupe du monde 2026 : l'\u00e9motion de Didier Deschamps avant le grand rendez-vous des Bleus","isPartOf":{"@id":"https:\/\/starstory.fr\/blog\/#website"},"primaryImageOfPage":{"@id":"https:\/\/starstory.fr\/blog\/sport-et-legendes-sportives\/coupe-du-monde-2026-l-emotion-de-didier-deschamps-avant-le-grand-rende\/#primaryimage"},"image":{"@id":"https:\/\/starstory.fr\/blog\/sport-et-legendes-sportives\/coupe-du-monde-2026-l-emotion-de-didier-deschamps-avant-le-grand-rende\/#primaryimage"},"thumbnailUrl":"https:\/\/images.pexels.com\/photos\/9517918\/pexels-photo-9517918.jpeg?auto=compress&cs=tinysrgb&fit=crop&h=627&w=1200","datePublished":"2026-06-05T22:52:34+00:00","description":"Il y a des hommes qu'on imagine in\u00e9branlables Didier Deschamps, capitaine champion du monde devenu s\u00e9lectionneur titr\u00e9, fait partie de ceux-l\u00e0","inLanguage":"fr-FR","potentialAction":[{"@type":"ReadAction","target":["https:\/\/starstory.fr\/blog\/sport-et-legendes-sportives\/coupe-du-monde-2026-l-emotion-de-didier-deschamps-avant-le-grand-rende\/"]}]},{"@type":"ImageObject","inLanguage":"fr-FR","@id":"https:\/\/starstory.fr\/blog\/sport-et-legendes-sportives\/coupe-du-monde-2026-l-emotion-de-didier-deschamps-avant-le-grand-rende\/#primaryimage","url":"https:\/\/images.pexels.com\/photos\/9517918\/pexels-photo-9517918.jpeg?auto=compress&cs=tinysrgb&fit=crop&h=627&w=1200","contentUrl":"https:\/\/images.pexels.com\/photos\/9517918\/pexels-photo-9517918.jpeg?auto=compress&cs=tinysrgb&fit=crop&h=627&w=1200"},{"@type":"WebSite","@id":"https:\/\/starstory.fr\/blog\/#website","url":"https:\/\/starstory.fr\/blog\/","name":"StarStory","description":"StarStory, les \u00e9toiles racontent leur histoire","publisher":{"@id":"https:\/\/starstory.fr\/blog\/#organization"},"alternateName":"StarStory, les \u00e9toiles racontent leur histoire","potentialAction":[{"@type":"SearchAction","target":{"@type":"EntryPoint","urlTemplate":"https:\/\/starstory.fr\/blog\/?s={search_term_string}"},"query-input":{"@type":"PropertyValueSpecification","valueRequired":true,"valueName":"search_term_string"}}],"inLanguage":"fr-FR"},{"@type":"Organization","@id":"https:\/\/starstory.fr\/blog\/#organization","name":"StarStory","alternateName":"StarStory.fr","url":"https:\/\/starstory.fr\/blog\/","logo":{"@type":"ImageObject","inLanguage":"fr-FR","@id":"https:\/\/starstory.fr\/blog\/#\/schema\/logo\/image\/","url":"https:\/\/starstory.fr\/blog\/wp-content\/uploads\/2024\/12\/38.png","contentUrl":"https:\/\/starstory.fr\/blog\/wp-content\/uploads\/2024\/12\/38.png","width":500,"height":500,"caption":"StarStory"},"image":{"@id":"https:\/\/starstory.fr\/blog\/#\/schema\/logo\/image\/"}},{"@type":"Person","@id":"https:\/\/starstory.fr\/blog\/#\/schema\/person\/62af054f7df7ce17580aee7a5c41b89c","name":"Julien Vaillant","image":{"@type":"ImageObject","inLanguage":"fr-FR","@id":"https:\/\/starstory.fr\/blog\/#\/schema\/person\/image\/","url":"https:\/\/secure.gravatar.com\/avatar\/?s=96&d=mm&r=g","contentUrl":"https:\/\/secure.gravatar.com\/avatar\/?s=96&d=mm&r=g","caption":"Julien Vaillant"},"description":"Julien met en lumi\u00e8re les acteurs, r\u00e9alisateurs et r\u00f4les embl\u00e9matiques qui ont marqu\u00e9 les \u00e9poques.","url":"https:\/\/starstory.fr\/blog\/auteur\/julien-bernard\/"}]}},"_links":{"self":[{"href":"https:\/\/starstory.fr\/blog\/wp-json\/wp\/v2\/posts\/7952","targetHints":{"allow":["GET"]}}],"collection":[{"href":"https:\/\/starstory.fr\/blog\/wp-json\/wp\/v2\/posts"}],"about":[{"href":"https:\/\/starstory.fr\/blog\/wp-json\/wp\/v2\/types\/post"}],"author":[{"embeddable":true,"href":"https:\/\/starstory.fr\/blog\/wp-json\/wp\/v2\/users\/40"}],"replies":[{"embeddable":true,"href":"https:\/\/starstory.fr\/blog\/wp-json\/wp\/v2\/comments?post=7952"}],"version-history":[{"count":0,"href":"https:\/\/starstory.fr\/blog\/wp-json\/wp\/v2\/posts\/7952\/revisions"}],"wp:attachment":[{"href":"https:\/\/starstory.fr\/blog\/wp-json\/wp\/v2\/media?parent=7952"}],"wp:term":[{"taxonomy":"category","embeddable":true,"href":"https:\/\/starstory.fr\/blog\/wp-json\/wp\/v2\/categories?post=7952"},{"taxonomy":"post_tag","embeddable":true,"href":"https:\/\/starstory.fr\/blog\/wp-json\/wp\/v2\/tags?post=7952"}],"curies":[{"name":"wp","href":"https:\/\/api.w.org\/{rel}","templated":true}]}}