{"id":7950,"date":"2026-06-06T00:52:18","date_gmt":"2026-06-05T22:52:18","guid":{"rendered":"https:\/\/starstory.fr\/blog\/celebrites-et-influence-en-france\/kelly-vedovelli-maman-l-ex-chroniqueuse-de-tpmp-a-accueilli-des-jumeau\/"},"modified":"2026-06-06T00:52:18","modified_gmt":"2026-06-05T22:52:18","slug":"kelly-vedovelli-maman-l-ex-chroniqueuse-de-tpmp-a-accueilli-des-jumeau","status":"publish","type":"post","link":"https:\/\/starstory.fr\/blog\/celebrites-et-influence-en-france\/kelly-vedovelli-maman-l-ex-chroniqueuse-de-tpmp-a-accueilli-des-jumeau\/","title":{"rendered":"Kelly Vedovelli maman : l&rsquo;ex-chroniqueuse de TPMP a accueilli des jumeaux"},"content":{"rendered":"<aside style=\"background:#FBEAF2;border-left:5px solid #B11E6A;padding:22px 28px;margin:24px 0;font-family:-apple-system,BlinkMacSystemFont,'Segoe UI',Roboto,sans-serif;\">\n<div style=\"margin:0;font-size:19px;line-height:1.55;color:#2a2a2a;font-weight:500;letter-spacing:-0.005em;\">\n    C&rsquo;est l&rsquo;heureuse nouvelle de ce d\u00e9but juin 2026 : Kelly Vedovelli, ancienne DJ devenue chroniqueuse de Touche pas \u00e0 mon poste, est devenue maman. Le 4 juin, l&rsquo;animatrice de 36 ans a annonc\u00e9 sur Instagram la naissance de jumelles, C\u00e9leste et Esm\u00e9e, ses \u00ab deux \u00e9toiles pr\u00e9f\u00e9r\u00e9es \u00bb.\n  <\/div>\n<\/aside>\n<p>Discr\u00e8te sur sa vie priv\u00e9e depuis des mois, Kelly Vedovelli a choisi un message tout en pudeur pour partager le plus beau projet de sa vie. Sur son compte suivi par des centaines de milliers d&rsquo;abonn\u00e9s, l&rsquo;ex-figure du PAF a publi\u00e9 une s\u00e9rie de clich\u00e9s en noir et blanc de ses deux filles, accompagn\u00e9s de quelques mots seulement. Une annonce sobre, \u00e0 mille lieues du tumulte m\u00e9diatique qui a longtemps entour\u00e9 le plateau de TPMP.<\/p>\n<p>Retour sur cette nouvelle qui a fait fondre la toile, le parcours singulier d&rsquo;une jeune femme pass\u00e9e des platines au petit \u00e9cran, et ce que l&rsquo;on sait \u2014 sans rien forcer \u2014 de la vie d&rsquo;aujourd&rsquo;hui de la nouvelle maman.<\/p>\n<h2>L&rsquo;heureuse nouvelle<\/h2>\n<p>Le rendez-vous \u00e9tait attendu depuis quelques semaines par ses abonn\u00e9s. En f\u00e9vrier 2026, Kelly Vedovelli avait confirm\u00e9 attendre un enfant. Deux semaines avant l&rsquo;accouchement, elle r\u00e9v\u00e9lait une surprise de taille : il s&rsquo;agissait d&rsquo;une grossesse g\u00e9mellaire, et elle attendait deux petites filles. Le 4 juin, la confirmation est tomb\u00e9e avec une douceur d\u00e9sarmante.<\/p>\n<aside style=\"background:#FBEAF2;border-left:4px solid #B11E6A;padding:14px 18px;margin:18px 0;border-radius:0 4px 4px 0;font-family:-apple-system,BlinkMacSystemFont,'Segoe UI',Roboto,sans-serif;\">\n  <strong style=\"display:inline-block;color:#7a1148;font-size:12px;text-transform:uppercase;letter-spacing:1.5px;margin-right:8px;\">&#10022; Le d\u00e9tail qui touche<\/strong><br \/>\n  <span style=\"font-size:14.5px;line-height:1.55;color:#3a3a3a;\">Pour accompagner ses photos, Kelly a post\u00e9 en story un dessin la repr\u00e9sentant avec ses deux b\u00e9b\u00e9s dans les bras, l\u00e9gend\u00e9 d&rsquo;un \u00ab We did it ! \u00bb plein d&rsquo;\u00e9motion.<\/span><br \/>\n<\/aside>\n<p>Les pr\u00e9noms des jumelles, C\u00e9leste et Esm\u00e9e, ont \u00e9t\u00e9 d\u00e9voil\u00e9s par la jeune maman elle-m\u00eame, qui les a pr\u00e9sent\u00e9es comme ses \u00ab deux \u00e9toiles pr\u00e9f\u00e9r\u00e9es \u00bb. Un choix de mots qui r\u00e9sonne particuli\u00e8rement avec l&rsquo;univers de l&rsquo;animatrice et avec le carrousel de photos, o\u00f9 l&rsquo;on aper\u00e7oit surtout des mains et des petits pieds de nouveau-n\u00e9s.<\/p>\n<figure style=\"margin:32px 0;padding:0;font-family:-apple-system,BlinkMacSystemFont,'Segoe UI',Roboto,sans-serif;\">\n<div style=\"display:grid;grid-template-columns:repeat(auto-fit,minmax(140px,1fr));background:#1a1a1a;border-radius:6px;overflow:hidden;\">\n<div style=\"padding:22px 16px;text-align:center;border-right:1px solid #2f2f2f;\">\n<div style=\"font-size:36px;font-weight:900;color:#fff;letter-spacing:-0.04em;font-feature-settings:'tnum';line-height:1;\">2<\/div>\n<div style=\"font-size:11px;text-transform:uppercase;letter-spacing:1.5px;color:#9a9a9a;margin-top:8px;\">jumelles<\/div>\n<\/p><\/div>\n<div style=\"padding:22px 16px;text-align:center;border-right:1px solid #2f2f2f;\">\n<div style=\"font-size:36px;font-weight:900;color:#fff;letter-spacing:-0.04em;font-feature-settings:'tnum';line-height:1;\">36<\/div>\n<div style=\"font-size:11px;text-transform:uppercase;letter-spacing:1.5px;color:#9a9a9a;margin-top:8px;\">ans de l&rsquo;animatrice<\/div>\n<\/p><\/div>\n<div style=\"padding:22px 16px;text-align:center;\">\n<div style=\"font-size:36px;font-weight:900;color:#B11E6A;letter-spacing:-0.04em;font-feature-settings:'tnum';line-height:1;\">4&nbsp;juin<\/div>\n<div style=\"font-size:11px;text-transform:uppercase;letter-spacing:1.5px;color:#9a9a9a;margin-top:8px;\">jour de l&rsquo;annonce<\/div>\n<\/p><\/div>\n<\/p><\/div><figcaption style=\"font-size:11px;color:#7a7a7a;margin-top:8px;text-align:right;letter-spacing:0.3px;\">Donn\u00e9es publiques communiqu\u00e9es par l&rsquo;int\u00e9ress\u00e9e \u2014 juin 2026.<\/figcaption><\/figure>\n<p>Fid\u00e8le \u00e0 la ligne qu&rsquo;elle s&rsquo;impose depuis le d\u00e9but de sa grossesse, Kelly Vedovelli a gard\u00e9 pour elle l&rsquo;identit\u00e9 du papa. Sur deux des photos publi\u00e9es, on devine seulement la main et l&rsquo;avant-bras tatou\u00e9s de son compagnon : aucun visage, aucun nom. Un parti pris assum\u00e9, qui en dit long sur sa volont\u00e9 de prot\u00e9ger son cocon familial loin des projecteurs.<\/p>\n<figure style=\"margin:38px auto;padding:28px 24px;text-align:center;border-top:1px solid #2a2a2a;border-bottom:1px solid #2a2a2a;max-width:640px;position:relative;font-family:Georgia,'Hoefler Text',serif;\">\n<div style=\"position:absolute;top:-20px;left:50%;transform:translateX(-50%);background:#ffffff;padding:0 14px;font-size:48px;line-height:1;color:#B11E6A;font-family:Georgia,serif;\">&laquo;<\/div>\n<blockquote style=\"margin:0;padding:0;font-size:24px;line-height:1.45;font-style:italic;color:#1a1a1a;letter-spacing:-0.005em;\"><p>\n    C\u00e9leste et Esm\u00e9e, mes deux \u00e9toiles pr\u00e9f\u00e9r\u00e9es.<br \/>\n  <\/blockquote><figcaption style=\"margin-top:14px;font-size:12px;text-transform:uppercase;letter-spacing:2px;color:#6a6a6a;font-family:-apple-system,sans-serif;font-style:normal;\">\u2014 Kelly Vedovelli, sur Instagram<\/figcaption><\/figure>\n<h2>Qui est Kelly Vedovelli ?<\/h2>\n<p>Pour celles et ceux qui n&rsquo;auraient pas suivi les coulisses du PAF, petit rappel. N\u00e9e le 27 mars 1990, Kelly Vedovelli est une personnalit\u00e9 fran\u00e7aise de la t\u00e9l\u00e9vision, mannequin et DJ. Avant de devenir un visage familier du petit \u00e9cran, elle s&rsquo;\u00e9tait d&rsquo;abord orient\u00e9e vers les m\u00e9tiers artistiques : dipl\u00f4m\u00e9e en maquillage, elle a fait ses premi\u00e8res armes dans l&rsquo;\u00e9v\u00e9nementiel.<\/p>\n<p>C&rsquo;est sa double casquette de mannequin et de DJ qui l&rsquo;a fait conna\u00eetre du grand public, avant que la t\u00e9l\u00e9vision ne la propulse d\u00e9finitivement sous les feux de la rampe. Une trajectoire atypique, construite \u00e9tape par \u00e9tape, loin des chemins balis\u00e9s du m\u00e9tier.<\/p>\n<figure style=\"margin:32px 0;font-family:-apple-system,BlinkMacSystemFont,'Segoe UI',Roboto,sans-serif;\">\n<div style=\"overflow-x:auto;border:1px solid #e5e5e0;border-radius:8px;\">\n<table style=\"width:100%;border-collapse:collapse;font-size:14px;color:#2a2a2a;min-width:500px;\">\n<thead>\n<tr style=\"background:#1a1a1a;color:#fff;\">\n<th style=\"text-align:left;padding:14px 18px;font-weight:700;font-size:12px;text-transform:uppercase;letter-spacing:1.5px;\">Carte d&rsquo;identit\u00e9<\/th>\n<th style=\"text-align:left;padding:14px 18px;font-weight:700;font-size:12px;text-transform:uppercase;letter-spacing:1.5px;\">En bref<\/th>\n<\/tr>\n<\/thead>\n<tbody>\n<tr style=\"background:#fff;border-bottom:1px solid #f0ede5;\">\n<td style=\"padding:14px 18px;font-weight:600;\">Nom<\/td>\n<td style=\"padding:14px 18px;color:#4a4a4a;\">Kelly Vedovelli<\/td>\n<\/tr>\n<tr style=\"background:#FBEAF2;border-bottom:1px solid #f0ede5;\">\n<td style=\"padding:14px 18px;font-weight:600;\">Naissance<\/td>\n<td style=\"padding:14px 18px;color:#4a4a4a;\">27 mars 1990 (36 ans)<\/td>\n<\/tr>\n<tr style=\"background:#fff;border-bottom:1px solid #f0ede5;\">\n<td style=\"padding:14px 18px;font-weight:600;\">M\u00e9tiers<\/td>\n<td style=\"padding:14px 18px;color:#4a4a4a;\">Personnalit\u00e9 TV, DJ, mannequin<\/td>\n<\/tr>\n<tr style=\"background:#FBEAF2;border-bottom:1px solid #f0ede5;\">\n<td style=\"padding:14px 18px;font-weight:600;\">R\u00e9v\u00e9lation<\/td>\n<td style=\"padding:14px 18px;color:#4a4a4a;\">\u00c9mission Touche pas \u00e0 mon poste (d\u00e8s 2017)<\/td>\n<\/tr>\n<tr style=\"background:#fff;border-bottom:1px solid #f0ede5;\">\n<td style=\"padding:14px 18px;font-weight:600;\">R\u00e9seaux<\/td>\n<td style=\"padding:14px 18px;color:#4a4a4a;\">Plus de 700 000 abonn\u00e9s sur Instagram<\/td>\n<\/tr>\n<tr style=\"background:#FBEAF2;\">\n<td style=\"padding:14px 18px;font-weight:600;\">Actualit\u00e9<\/td>\n<td style=\"padding:14px 18px;color:#4a4a4a;\">Maman de jumelles, C\u00e9leste et Esm\u00e9e (juin 2026)<\/td>\n<\/tr>\n<\/tbody>\n<\/table><\/div>\n<\/figure>\n<h2>Son parcours : des platines au plateau de TPMP<\/h2>\n<p>La trajectoire de Kelly Vedovelli illustre bien la porosit\u00e9 entre r\u00e9seaux sociaux et t\u00e9l\u00e9vision dans les ann\u00e9es 2010. Tout commence par un buzz : rep\u00e9r\u00e9e dans le public d&rsquo;une \u00e9mission de football sur Canal+ au d\u00e9but des ann\u00e9es 2010, la jeune femme suscite l&rsquo;attention du web. Quelques apparitions remarqu\u00e9es plus tard, dont un clip \u00e0 fort succ\u00e8s, lui ouvrent les portes du mannequinat et de collaborations avec des agences parisiennes.<\/p>\n<p>En parall\u00e8le, elle cultive sa passion pour la musique et se produit comme DJ lors de soir\u00e9es et d&rsquo;\u00e9v\u00e9nements. C&rsquo;est pr\u00e9cis\u00e9ment cette comp\u00e9tence qui va lui valoir, en 2017, une invitation \u00e0 rejoindre l&rsquo;\u00e9quipe de Touche pas \u00e0 mon poste, l&rsquo;\u00e9mission de Cyril Hanouna sur C8. D&rsquo;abord install\u00e9e derri\u00e8re ses platines, elle troque peu \u00e0 peu la table de mixage contre le r\u00f4le de chroniqueuse, gagnant en visibilit\u00e9 et en aisance \u00e0 l&rsquo;antenne.<\/p>\n<div style=\"display:grid;grid-template-columns:repeat(auto-fit,minmax(220px,1fr));gap:14px;margin:28px 0;font-family:-apple-system,BlinkMacSystemFont,'Segoe UI',Roboto,sans-serif;\">\n<article style=\"background:#fff;border:1px solid #e5e5e0;border-top:3px solid #B11E6A;border-radius:6px;padding:18px 18px 16px;\">\n<div style=\"width:36px;height:36px;background:#FBEAF2;border-radius:50%;display:inline-flex;align-items:center;justify-content:center;margin-bottom:12px;\">\n      <span style=\"font-size:18px;color:#B11E6A;font-weight:900;font-family:Georgia,serif;\">01<\/span>\n    <\/div>\n<h3 style=\"margin:0 0 6px 0;font-size:16px;font-weight:700;color:#1a1a1a;letter-spacing:-0.01em;\">Le buzz des r\u00e9seaux<\/h3>\n<div style=\"margin:0;font-size:13.5px;line-height:1.55;color:#4a4a4a;\">Rep\u00e9r\u00e9e sur le web au d\u00e9but des ann\u00e9es 2010, elle devient rapidement une figure suivie sur les r\u00e9seaux sociaux.<\/div>\n<\/article>\n<article style=\"background:#fff;border:1px solid #e5e5e0;border-top:3px solid #B11E6A;border-radius:6px;padding:18px 18px 16px;\">\n<div style=\"width:36px;height:36px;background:#FBEAF2;border-radius:50%;display:inline-flex;align-items:center;justify-content:center;margin-bottom:12px;\">\n      <span style=\"font-size:18px;color:#B11E6A;font-weight:900;font-family:Georgia,serif;\">02<\/span>\n    <\/div>\n<h3 style=\"margin:0 0 6px 0;font-size:16px;font-weight:700;color:#1a1a1a;letter-spacing:-0.01em;\">Mannequin &amp; DJ<\/h3>\n<div style=\"margin:0;font-size:13.5px;line-height:1.55;color:#4a4a4a;\">Mode et musique : elle pose pour des agences parisiennes et anime des soir\u00e9es derri\u00e8re ses platines.<\/div>\n<\/article>\n<article style=\"background:#fff;border:1px solid #e5e5e0;border-top:3px solid #B11E6A;border-radius:6px;padding:18px 18px 16px;\">\n<div style=\"width:36px;height:36px;background:#FBEAF2;border-radius:50%;display:inline-flex;align-items:center;justify-content:center;margin-bottom:12px;\">\n      <span style=\"font-size:18px;color:#B11E6A;font-weight:900;font-family:Georgia,serif;\">03<\/span>\n    <\/div>\n<h3 style=\"margin:0 0 6px 0;font-size:16px;font-weight:700;color:#1a1a1a;letter-spacing:-0.01em;\">Direction TPMP<\/h3>\n<div style=\"margin:0;font-size:13.5px;line-height:1.55;color:#4a4a4a;\">\u00c0 partir de 2017, elle rejoint Touche pas \u00e0 mon poste comme DJ, puis s&rsquo;impose comme chroniqueuse.<\/div>\n<\/article>\n<article style=\"background:#fff;border:1px solid #e5e5e0;border-top:3px solid #B11E6A;border-radius:6px;padding:18px 18px 16px;\">\n<div style=\"width:36px;height:36px;background:#FBEAF2;border-radius:50%;display:inline-flex;align-items:center;justify-content:center;margin-bottom:12px;\">\n      <span style=\"font-size:18px;color:#B11E6A;font-weight:900;font-family:Georgia,serif;\">04<\/span>\n    <\/div>\n<h3 style=\"margin:0 0 6px 0;font-size:16px;font-weight:700;color:#1a1a1a;letter-spacing:-0.01em;\">Vie d&rsquo;influenceuse<\/h3>\n<div style=\"margin:0;font-size:13.5px;line-height:1.55;color:#4a4a4a;\">Sur Instagram, elle partage coulisses, voyages et partenariats avec une communaut\u00e9 tr\u00e8s fid\u00e8le.<\/div>\n<\/article>\n<\/div>\n<p>Au fil des saisons, Kelly Vedovelli s&rsquo;est construit une v\u00e9ritable identit\u00e9 d&rsquo;influenceuse, capitalisant sur sa communaut\u00e9 pour d\u00e9velopper des partenariats avec des marques. Son compte Instagram, suivi par plus de 700 000 personnes, m\u00eale coulisses t\u00e9l\u00e9, voyages et moments de vie soigneusement choisis. Une reconversion r\u00e9ussie du statut de chroniqueuse \u00e0 celui de cr\u00e9atrice de contenu, dans un paysage m\u00e9diatique en pleine recomposition.<\/p>\n<aside style=\"background:#fff7e0;border-left:4px solid #d4a017;padding:14px 18px;margin:18px 0;border-radius:0 4px 4px 0;font-family:-apple-system,BlinkMacSystemFont,'Segoe UI',Roboto,sans-serif;\">\n  <strong style=\"display:inline-block;color:#7a5e00;font-size:12px;text-transform:uppercase;letter-spacing:1.5px;margin-right:8px;\">&#128161; Bon \u00e0 savoir<\/strong><br \/>\n  <span style=\"font-size:14.5px;line-height:1.55;color:#3a3a3a;\">L&rsquo;aventure Touche pas \u00e0 mon poste sur C8 s&rsquo;est achev\u00e9e en 2025 avec l&rsquo;arr\u00eat de la diffusion de la cha\u00eene, poussant nombre de ses chroniqueurs \u00e0 se r\u00e9inventer ailleurs, sur le web ou d&rsquo;autres antennes.<\/span><br \/>\n<\/aside>\n<h2>Sa vie aujourd&rsquo;hui<\/h2>\n<p>Avec l&rsquo;arriv\u00e9e de C\u00e9leste et Esm\u00e9e, Kelly Vedovelli ouvre clairement un nouveau chapitre. Si elle a longtemps incarn\u00e9 une certaine effervescence t\u00e9l\u00e9visuelle, elle semble d\u00e9sormais aspirer \u00e0 davantage de calme et de discr\u00e9tion, comme en t\u00e9moigne la mani\u00e8re dont elle a v\u00e9cu et annonc\u00e9 sa grossesse : par touches, \u00e0 son rythme, en gardant la main sur son r\u00e9cit.<\/p>\n<p>Cette pudeur n&rsquo;est pas nouvelle. Tout au long de ces derniers mois, l&rsquo;animatrice a soigneusement distill\u00e9 les informations, livrant \u00e0 sa communaut\u00e9 juste ce qu&rsquo;elle souhaitait partager \u2014 la grossesse, puis les jumelles, puis les pr\u00e9noms \u2014 sans jamais c\u00e9der \u00e0 la surench\u00e8re. Une posture rare dans un univers o\u00f9 l&rsquo;intimit\u00e9 des personnalit\u00e9s est souvent surexpos\u00e9e.<\/p>\n<div style=\"display:grid;grid-template-columns:repeat(auto-fit,minmax(260px,1fr));gap:14px;margin:28px 0;font-family:-apple-system,BlinkMacSystemFont,'Segoe UI',Roboto,sans-serif;\">\n<div style=\"background:#FBEAF2;border:1px solid #f0cfe0;border-radius:6px;padding:20px 22px;\">\n<div style=\"display:flex;align-items:center;gap:10px;margin-bottom:14px;padding-bottom:10px;border-bottom:1px solid #f0cfe0;\">\n      <span style=\"width:32px;height:32px;background:#B11E6A;color:#fff;border-radius:50%;display:inline-flex;align-items:center;justify-content:center;font-size:18px;font-weight:700;\">&#10003;<\/span><\/p>\n<h3 style=\"margin:0;font-size:16px;font-weight:700;color:#7a1148;letter-spacing:-0.01em;\">Ce que l&rsquo;on sait<\/h3>\n<\/p><\/div>\n<ul style=\"margin:0;padding-left:18px;font-size:14px;line-height:1.7;color:#3a3a3a;\">\n<li>Naissance de jumelles, C\u00e9leste et Esm\u00e9e<\/li>\n<li>Annonce le 4 juin 2026 sur Instagram<\/li>\n<li>Premi\u00e8re maternit\u00e9 pour l&rsquo;animatrice de 36 ans<\/li>\n<\/ul><\/div>\n<div style=\"background:#fafaf7;border:1px solid #e5e5e0;border-radius:6px;padding:20px 22px;\">\n<div style=\"display:flex;align-items:center;gap:10px;margin-bottom:14px;padding-bottom:10px;border-bottom:1px solid #e5e5e0;\">\n      <span style=\"width:32px;height:32px;background:#6a6a6a;color:#fff;border-radius:50%;display:inline-flex;align-items:center;justify-content:center;font-size:18px;font-weight:700;\">&#9679;<\/span><\/p>\n<h3 style=\"margin:0;font-size:16px;font-weight:700;color:#4a4a4a;letter-spacing:-0.01em;\">Ce qu&rsquo;elle garde pour elle<\/h3>\n<\/p><\/div>\n<ul style=\"margin:0;padding-left:18px;font-size:14px;line-height:1.7;color:#3a3a3a;\">\n<li>L&rsquo;identit\u00e9 du papa, rest\u00e9 anonyme<\/li>\n<li>Les d\u00e9tails de la grossesse et de l&rsquo;accouchement<\/li>\n<li>Son organisation familiale au quotidien<\/li>\n<\/ul><\/div>\n<\/div>\n<p>C\u00f4t\u00e9 professionnel, l&rsquo;arr\u00eat de la diffusion de C8 en 2025 a rebattu les cartes pour l&rsquo;ensemble des visages de TPMP. Comme beaucoup de ses anciens camarades de plateau, Kelly Vedovelli mise d\u00e9sormais sur sa pr\u00e9sence en ligne et sa communaut\u00e9 pour \u00e9crire la suite. La maternit\u00e9 pourrait d&rsquo;ailleurs nourrir un nouveau registre de contenus, plus personnel \u2014 mais l\u00e0 encore, ce sera selon ses propres termes, et au moment qu&rsquo;elle aura choisi.<\/p>\n<p>Pour l&rsquo;heure, la jeune maman savoure simplement ces premiers instants avec ses \u00ab deux \u00e9toiles \u00bb. Et au vu de la vague de messages de f\u00e9licitations re\u00e7ue, sa communaut\u00e9 la suit, attendrie, dans cette nouvelle aventure : la plus belle de toutes.<\/p>\n<section style=\"margin:32px 0;font-family:-apple-system,BlinkMacSystemFont,'Segoe UI',Roboto,sans-serif;\">\n<h2 style=\"margin:0 0 18px 0;font-size:22px;font-weight:800;color:#1a1a1a;letter-spacing:-0.01em;\">Questions fr\u00e9quentes<\/h2>\n<div style=\"border-top:1px solid #d4cfc4;\">\n<details style=\"border-bottom:1px solid #d4cfc4;padding:0;\">\n<summary style=\"cursor:pointer;padding:16px 0;font-size:17px;font-weight:700;color:#1a1a1a;list-style:none;display:flex;justify-content:space-between;align-items:center;gap:14px;\">\n        <span>Kelly Vedovelli a-t-elle eu des jumeaux ou des jumelles ?<\/span><br \/>\n        <span style=\"font-size:22px;font-weight:300;color:#B11E6A;line-height:1;\">+<\/span><br \/>\n      <\/summary>\n<div style=\"padding:0 0 16px 0;font-size:15px;line-height:1.7;color:#4a4a4a;\">L&rsquo;animatrice a donn\u00e9 naissance \u00e0 deux petites filles, des jumelles pr\u00e9nomm\u00e9es C\u00e9leste et Esm\u00e9e, comme elle l&rsquo;a annonc\u00e9 elle-m\u00eame sur Instagram le 4 juin 2026.<\/div>\n<\/details>\n<details style=\"border-bottom:1px solid #d4cfc4;padding:0;\">\n<summary style=\"cursor:pointer;padding:16px 0;font-size:17px;font-weight:700;color:#1a1a1a;list-style:none;display:flex;justify-content:space-between;align-items:center;gap:14px;\">\n        <span>Quels sont les pr\u00e9noms des jumelles ?<\/span><br \/>\n        <span style=\"font-size:22px;font-weight:300;color:#B11E6A;line-height:1;\">+<\/span><br \/>\n      <\/summary>\n<div style=\"padding:0 0 16px 0;font-size:15px;line-height:1.7;color:#4a4a4a;\">Les deux petites filles se pr\u00e9nomment C\u00e9leste et Esm\u00e9e. Kelly Vedovelli les a pr\u00e9sent\u00e9es comme ses \u00ab deux \u00e9toiles pr\u00e9f\u00e9r\u00e9es \u00bb dans son message d&rsquo;annonce.<\/div>\n<\/details>\n<details style=\"border-bottom:1px solid #d4cfc4;padding:0;\">\n<summary style=\"cursor:pointer;padding:16px 0;font-size:17px;font-weight:700;color:#1a1a1a;list-style:none;display:flex;justify-content:space-between;align-items:center;gap:14px;\">\n        <span>Qui est le papa des jumelles ?<\/span><br \/>\n        <span style=\"font-size:22px;font-weight:300;color:#B11E6A;line-height:1;\">+<\/span><br \/>\n      <\/summary>\n<div style=\"padding:0 0 16px 0;font-size:15px;line-height:1.7;color:#4a4a4a;\">Kelly Vedovelli a choisi de ne pas r\u00e9v\u00e9ler l&rsquo;identit\u00e9 du p\u00e8re de ses filles. Elle reste tr\u00e8s discr\u00e8te sur sa vie sentimentale et pr\u00e9serve l&rsquo;anonymat de son compagnon.<\/div>\n<\/details>\n<details style=\"border-bottom:1px solid #d4cfc4;padding:0;\">\n<summary style=\"cursor:pointer;padding:16px 0;font-size:17px;font-weight:700;color:#1a1a1a;list-style:none;display:flex;justify-content:space-between;align-items:center;gap:14px;\">\n        <span>Quel \u00e2ge a Kelly Vedovelli ?<\/span><br \/>\n        <span style=\"font-size:22px;font-weight:300;color:#B11E6A;line-height:1;\">+<\/span><br \/>\n      <\/summary>\n<div style=\"padding:0 0 16px 0;font-size:15px;line-height:1.7;color:#4a4a4a;\">N\u00e9e le 27 mars 1990, Kelly Vedovelli est \u00e2g\u00e9e de 36 ans au moment de la naissance de ses jumelles, en juin 2026.<\/div>\n<\/details>\n<details style=\"padding:0;\">\n<summary style=\"cursor:pointer;padding:16px 0;font-size:17px;font-weight:700;color:#1a1a1a;list-style:none;display:flex;justify-content:space-between;align-items:center;gap:14px;\">\n        <span>Pourquoi est-elle connue ?<\/span><br \/>\n        <span style=\"font-size:22px;font-weight:300;color:#B11E6A;line-height:1;\">+<\/span><br \/>\n      <\/summary>\n<div style=\"padding:0 0 16px 0;font-size:15px;line-height:1.7;color:#4a4a4a;\">D&rsquo;abord mannequin et DJ, Kelly Vedovelli s&rsquo;est fait conna\u00eetre du grand public en rejoignant l&rsquo;\u00e9quipe de Touche pas \u00e0 mon poste en 2017, d&rsquo;abord comme DJ puis comme chroniqueuse, avant de devenir une influenceuse suivie par plus de 700 000 abonn\u00e9s.<\/div>\n<\/details><\/div>\n<\/section>\n<p style=\"font-size:13px;color:#6a6a6a;margin-top:32px;\">Sources : presse people et donn\u00e9es publiques. Article mis \u00e0 jour r\u00e9guli\u00e8rement.<\/p>\n","protected":false},"excerpt":{"rendered":"","protected":false},"author":42,"featured_media":999999999,"comment_status":"open","ping_status":"open","sticky":false,"template":"","format":"standard","meta":{"_acf_changed":false,"manual_indexmenow":false,"indexmenow_id_project":0,"footnotes":""},"categories":[4524],"tags":[],"class_list":["post-7950","post","type-post","status-publish","format-standard","has-post-thumbnail","hentry","category-celebrites-et-influence-en-france","generate-columns","tablet-grid-50","mobile-grid-100","grid-parent","grid-25"],"acf":[],"yoast_head":"<!-- This site is optimized with the Yoast SEO Premium plugin v21.3 (Yoast SEO v26.5) - https:\/\/yoast.com\/wordpress\/plugins\/seo\/ -->\n<title>Kelly Vedovelli maman : l&#039;ex-chroniqueuse de TPMP a accueilli des jumeaux<\/title>\n<meta name=\"description\" content=\"Discr\u00e8te sur sa vie priv\u00e9e depuis des mois, Kelly Vedovelli a choisi un message tout en pudeur pour partager le plus beau projet de sa vie\" \/>\n<meta name=\"robots\" content=\"index, follow, max-snippet:-1, max-image-preview:large, max-video-preview:-1\" \/>\n<link rel=\"canonical\" href=\"https:\/\/starstory.fr\/blog\/celebrites-et-influence-en-france\/kelly-vedovelli-maman-l-ex-chroniqueuse-de-tpmp-a-accueilli-des-jumeau\/\" \/>\n<meta property=\"og:locale\" content=\"fr_FR\" \/>\n<meta property=\"og:type\" content=\"article\" \/>\n<meta property=\"og:title\" content=\"Kelly Vedovelli maman : l&#039;ex-chroniqueuse de TPMP a accueilli des jumeaux\" \/>\n<meta property=\"og:description\" content=\"Discr\u00e8te sur sa vie priv\u00e9e depuis des mois, Kelly Vedovelli a choisi un message tout en pudeur pour partager le plus beau projet de sa vie\" \/>\n<meta property=\"og:url\" content=\"https:\/\/starstory.fr\/blog\/celebrites-et-influence-en-france\/kelly-vedovelli-maman-l-ex-chroniqueuse-de-tpmp-a-accueilli-des-jumeau\/\" \/>\n<meta property=\"og:site_name\" content=\"starstory\" \/>\n<meta name=\"author\" content=\"Antoine Ferrand\" \/>\n<meta name=\"twitter:card\" content=\"summary_large_image\" \/>\n<script type=\"application\/ld+json\" class=\"yoast-schema-graph\">{\"@context\":\"https:\/\/schema.org\",\"@graph\":[{\"@type\":\"NewsArticle\",\"@id\":\"https:\/\/starstory.fr\/blog\/celebrites-et-influence-en-france\/kelly-vedovelli-maman-l-ex-chroniqueuse-de-tpmp-a-accueilli-des-jumeau\/#article\",\"isPartOf\":{\"@id\":\"https:\/\/starstory.fr\/blog\/celebrites-et-influence-en-france\/kelly-vedovelli-maman-l-ex-chroniqueuse-de-tpmp-a-accueilli-des-jumeau\/\"},\"author\":{\"name\":\"Antoine Ferrand\",\"@id\":\"https:\/\/starstory.fr\/blog\/#\/schema\/person\/2d9dd3a73cf4dcbc428e866589dd5882\"},\"headline\":\"Kelly Vedovelli maman : l&rsquo;ex-chroniqueuse de TPMP a accueilli des jumeaux\",\"datePublished\":\"2026-06-05T22:52:18+00:00\",\"mainEntityOfPage\":{\"@id\":\"https:\/\/starstory.fr\/blog\/celebrites-et-influence-en-france\/kelly-vedovelli-maman-l-ex-chroniqueuse-de-tpmp-a-accueilli-des-jumeau\/\"},\"wordCount\":1514,\"commentCount\":0,\"publisher\":{\"@id\":\"https:\/\/starstory.fr\/blog\/#organization\"},\"image\":{\"@id\":\"https:\/\/starstory.fr\/blog\/celebrites-et-influence-en-france\/kelly-vedovelli-maman-l-ex-chroniqueuse-de-tpmp-a-accueilli-des-jumeau\/#primaryimage\"},\"thumbnailUrl\":\"https:\/\/images.pexels.com\/photos\/3279204\/pexels-photo-3279204.jpeg?auto=compress&cs=tinysrgb&fit=crop&h=627&w=1200\",\"articleSection\":[\"C\u00e9l\u00e9brit\u00e9s et Influence en France\"],\"inLanguage\":\"fr-FR\",\"potentialAction\":[{\"@type\":\"CommentAction\",\"name\":\"Comment\",\"target\":[\"https:\/\/starstory.fr\/blog\/celebrites-et-influence-en-france\/kelly-vedovelli-maman-l-ex-chroniqueuse-de-tpmp-a-accueilli-des-jumeau\/#respond\"]}]},{\"@type\":\"WebPage\",\"@id\":\"https:\/\/starstory.fr\/blog\/celebrites-et-influence-en-france\/kelly-vedovelli-maman-l-ex-chroniqueuse-de-tpmp-a-accueilli-des-jumeau\/\",\"url\":\"https:\/\/starstory.fr\/blog\/celebrites-et-influence-en-france\/kelly-vedovelli-maman-l-ex-chroniqueuse-de-tpmp-a-accueilli-des-jumeau\/\",\"name\":\"Kelly Vedovelli maman : l'ex-chroniqueuse de TPMP a accueilli des jumeaux\",\"isPartOf\":{\"@id\":\"https:\/\/starstory.fr\/blog\/#website\"},\"primaryImageOfPage\":{\"@id\":\"https:\/\/starstory.fr\/blog\/celebrites-et-influence-en-france\/kelly-vedovelli-maman-l-ex-chroniqueuse-de-tpmp-a-accueilli-des-jumeau\/#primaryimage\"},\"image\":{\"@id\":\"https:\/\/starstory.fr\/blog\/celebrites-et-influence-en-france\/kelly-vedovelli-maman-l-ex-chroniqueuse-de-tpmp-a-accueilli-des-jumeau\/#primaryimage\"},\"thumbnailUrl\":\"https:\/\/images.pexels.com\/photos\/3279204\/pexels-photo-3279204.jpeg?auto=compress&cs=tinysrgb&fit=crop&h=627&w=1200\",\"datePublished\":\"2026-06-05T22:52:18+00:00\",\"description\":\"Discr\u00e8te sur sa vie priv\u00e9e depuis des mois, Kelly Vedovelli a choisi un message tout en pudeur pour partager le plus beau projet de sa vie\",\"inLanguage\":\"fr-FR\",\"potentialAction\":[{\"@type\":\"ReadAction\",\"target\":[\"https:\/\/starstory.fr\/blog\/celebrites-et-influence-en-france\/kelly-vedovelli-maman-l-ex-chroniqueuse-de-tpmp-a-accueilli-des-jumeau\/\"]}]},{\"@type\":\"ImageObject\",\"inLanguage\":\"fr-FR\",\"@id\":\"https:\/\/starstory.fr\/blog\/celebrites-et-influence-en-france\/kelly-vedovelli-maman-l-ex-chroniqueuse-de-tpmp-a-accueilli-des-jumeau\/#primaryimage\",\"url\":\"https:\/\/images.pexels.com\/photos\/3279204\/pexels-photo-3279204.jpeg?auto=compress&cs=tinysrgb&fit=crop&h=627&w=1200\",\"contentUrl\":\"https:\/\/images.pexels.com\/photos\/3279204\/pexels-photo-3279204.jpeg?auto=compress&cs=tinysrgb&fit=crop&h=627&w=1200\"},{\"@type\":\"WebSite\",\"@id\":\"https:\/\/starstory.fr\/blog\/#website\",\"url\":\"https:\/\/starstory.fr\/blog\/\",\"name\":\"StarStory\",\"description\":\"StarStory, les \u00e9toiles racontent leur histoire\",\"publisher\":{\"@id\":\"https:\/\/starstory.fr\/blog\/#organization\"},\"alternateName\":\"StarStory, les \u00e9toiles racontent leur histoire\",\"potentialAction\":[{\"@type\":\"SearchAction\",\"target\":{\"@type\":\"EntryPoint\",\"urlTemplate\":\"https:\/\/starstory.fr\/blog\/?s={search_term_string}\"},\"query-input\":{\"@type\":\"PropertyValueSpecification\",\"valueRequired\":true,\"valueName\":\"search_term_string\"}}],\"inLanguage\":\"fr-FR\"},{\"@type\":\"Organization\",\"@id\":\"https:\/\/starstory.fr\/blog\/#organization\",\"name\":\"StarStory\",\"alternateName\":\"StarStory.fr\",\"url\":\"https:\/\/starstory.fr\/blog\/\",\"logo\":{\"@type\":\"ImageObject\",\"inLanguage\":\"fr-FR\",\"@id\":\"https:\/\/starstory.fr\/blog\/#\/schema\/logo\/image\/\",\"url\":\"https:\/\/starstory.fr\/blog\/wp-content\/uploads\/2024\/12\/38.png\",\"contentUrl\":\"https:\/\/starstory.fr\/blog\/wp-content\/uploads\/2024\/12\/38.png\",\"width\":500,\"height\":500,\"caption\":\"StarStory\"},\"image\":{\"@id\":\"https:\/\/starstory.fr\/blog\/#\/schema\/logo\/image\/\"}},{\"@type\":\"Person\",\"@id\":\"https:\/\/starstory.fr\/blog\/#\/schema\/person\/2d9dd3a73cf4dcbc428e866589dd5882\",\"name\":\"Antoine Ferrand\",\"image\":{\"@type\":\"ImageObject\",\"inLanguage\":\"fr-FR\",\"@id\":\"https:\/\/starstory.fr\/blog\/#\/schema\/person\/image\/\",\"url\":\"https:\/\/secure.gravatar.com\/avatar\/?s=96&d=mm&r=g\",\"contentUrl\":\"https:\/\/secure.gravatar.com\/avatar\/?s=96&d=mm&r=g\",\"caption\":\"Antoine Ferrand\"},\"description\":\"Antoine analyse les figures politiques et m\u00e9diatiques, ainsi que leur influence en France au fil des ann\u00e9es.\",\"url\":\"https:\/\/starstory.fr\/blog\/auteur\/antoine-dupont\/\"}]}<\/script>\n<!-- \/ Yoast SEO Premium plugin. -->","yoast_head_json":{"title":"Kelly Vedovelli maman : l'ex-chroniqueuse de TPMP a accueilli des jumeaux","description":"Discr\u00e8te sur sa vie priv\u00e9e depuis des mois, Kelly Vedovelli a choisi un message tout en pudeur pour partager le plus beau projet de sa vie","robots":{"index":"index","follow":"follow","max-snippet":"max-snippet:-1","max-image-preview":"max-image-preview:large","max-video-preview":"max-video-preview:-1"},"canonical":"https:\/\/starstory.fr\/blog\/celebrites-et-influence-en-france\/kelly-vedovelli-maman-l-ex-chroniqueuse-de-tpmp-a-accueilli-des-jumeau\/","og_locale":"fr_FR","og_type":"article","og_title":"Kelly Vedovelli maman : l'ex-chroniqueuse de TPMP a accueilli des jumeaux","og_description":"Discr\u00e8te sur sa vie priv\u00e9e depuis des mois, Kelly Vedovelli a choisi un message tout en pudeur pour partager le plus beau projet de sa vie","og_url":"https:\/\/starstory.fr\/blog\/celebrites-et-influence-en-france\/kelly-vedovelli-maman-l-ex-chroniqueuse-de-tpmp-a-accueilli-des-jumeau\/","og_site_name":"starstory","author":"Antoine Ferrand","twitter_card":"summary_large_image","schema":{"@context":"https:\/\/schema.org","@graph":[{"@type":"NewsArticle","@id":"https:\/\/starstory.fr\/blog\/celebrites-et-influence-en-france\/kelly-vedovelli-maman-l-ex-chroniqueuse-de-tpmp-a-accueilli-des-jumeau\/#article","isPartOf":{"@id":"https:\/\/starstory.fr\/blog\/celebrites-et-influence-en-france\/kelly-vedovelli-maman-l-ex-chroniqueuse-de-tpmp-a-accueilli-des-jumeau\/"},"author":{"name":"Antoine Ferrand","@id":"https:\/\/starstory.fr\/blog\/#\/schema\/person\/2d9dd3a73cf4dcbc428e866589dd5882"},"headline":"Kelly Vedovelli maman : l&rsquo;ex-chroniqueuse de TPMP a accueilli des jumeaux","datePublished":"2026-06-05T22:52:18+00:00","mainEntityOfPage":{"@id":"https:\/\/starstory.fr\/blog\/celebrites-et-influence-en-france\/kelly-vedovelli-maman-l-ex-chroniqueuse-de-tpmp-a-accueilli-des-jumeau\/"},"wordCount":1514,"commentCount":0,"publisher":{"@id":"https:\/\/starstory.fr\/blog\/#organization"},"image":{"@id":"https:\/\/starstory.fr\/blog\/celebrites-et-influence-en-france\/kelly-vedovelli-maman-l-ex-chroniqueuse-de-tpmp-a-accueilli-des-jumeau\/#primaryimage"},"thumbnailUrl":"https:\/\/images.pexels.com\/photos\/3279204\/pexels-photo-3279204.jpeg?auto=compress&cs=tinysrgb&fit=crop&h=627&w=1200","articleSection":["C\u00e9l\u00e9brit\u00e9s et Influence en France"],"inLanguage":"fr-FR","potentialAction":[{"@type":"CommentAction","name":"Comment","target":["https:\/\/starstory.fr\/blog\/celebrites-et-influence-en-france\/kelly-vedovelli-maman-l-ex-chroniqueuse-de-tpmp-a-accueilli-des-jumeau\/#respond"]}]},{"@type":"WebPage","@id":"https:\/\/starstory.fr\/blog\/celebrites-et-influence-en-france\/kelly-vedovelli-maman-l-ex-chroniqueuse-de-tpmp-a-accueilli-des-jumeau\/","url":"https:\/\/starstory.fr\/blog\/celebrites-et-influence-en-france\/kelly-vedovelli-maman-l-ex-chroniqueuse-de-tpmp-a-accueilli-des-jumeau\/","name":"Kelly Vedovelli maman : l'ex-chroniqueuse de TPMP a accueilli des jumeaux","isPartOf":{"@id":"https:\/\/starstory.fr\/blog\/#website"},"primaryImageOfPage":{"@id":"https:\/\/starstory.fr\/blog\/celebrites-et-influence-en-france\/kelly-vedovelli-maman-l-ex-chroniqueuse-de-tpmp-a-accueilli-des-jumeau\/#primaryimage"},"image":{"@id":"https:\/\/starstory.fr\/blog\/celebrites-et-influence-en-france\/kelly-vedovelli-maman-l-ex-chroniqueuse-de-tpmp-a-accueilli-des-jumeau\/#primaryimage"},"thumbnailUrl":"https:\/\/images.pexels.com\/photos\/3279204\/pexels-photo-3279204.jpeg?auto=compress&cs=tinysrgb&fit=crop&h=627&w=1200","datePublished":"2026-06-05T22:52:18+00:00","description":"Discr\u00e8te sur sa vie priv\u00e9e depuis des mois, Kelly Vedovelli a choisi un message tout en pudeur pour partager le plus beau projet de sa vie","inLanguage":"fr-FR","potentialAction":[{"@type":"ReadAction","target":["https:\/\/starstory.fr\/blog\/celebrites-et-influence-en-france\/kelly-vedovelli-maman-l-ex-chroniqueuse-de-tpmp-a-accueilli-des-jumeau\/"]}]},{"@type":"ImageObject","inLanguage":"fr-FR","@id":"https:\/\/starstory.fr\/blog\/celebrites-et-influence-en-france\/kelly-vedovelli-maman-l-ex-chroniqueuse-de-tpmp-a-accueilli-des-jumeau\/#primaryimage","url":"https:\/\/images.pexels.com\/photos\/3279204\/pexels-photo-3279204.jpeg?auto=compress&cs=tinysrgb&fit=crop&h=627&w=1200","contentUrl":"https:\/\/images.pexels.com\/photos\/3279204\/pexels-photo-3279204.jpeg?auto=compress&cs=tinysrgb&fit=crop&h=627&w=1200"},{"@type":"WebSite","@id":"https:\/\/starstory.fr\/blog\/#website","url":"https:\/\/starstory.fr\/blog\/","name":"StarStory","description":"StarStory, les \u00e9toiles racontent leur histoire","publisher":{"@id":"https:\/\/starstory.fr\/blog\/#organization"},"alternateName":"StarStory, les \u00e9toiles racontent leur histoire","potentialAction":[{"@type":"SearchAction","target":{"@type":"EntryPoint","urlTemplate":"https:\/\/starstory.fr\/blog\/?s={search_term_string}"},"query-input":{"@type":"PropertyValueSpecification","valueRequired":true,"valueName":"search_term_string"}}],"inLanguage":"fr-FR"},{"@type":"Organization","@id":"https:\/\/starstory.fr\/blog\/#organization","name":"StarStory","alternateName":"StarStory.fr","url":"https:\/\/starstory.fr\/blog\/","logo":{"@type":"ImageObject","inLanguage":"fr-FR","@id":"https:\/\/starstory.fr\/blog\/#\/schema\/logo\/image\/","url":"https:\/\/starstory.fr\/blog\/wp-content\/uploads\/2024\/12\/38.png","contentUrl":"https:\/\/starstory.fr\/blog\/wp-content\/uploads\/2024\/12\/38.png","width":500,"height":500,"caption":"StarStory"},"image":{"@id":"https:\/\/starstory.fr\/blog\/#\/schema\/logo\/image\/"}},{"@type":"Person","@id":"https:\/\/starstory.fr\/blog\/#\/schema\/person\/2d9dd3a73cf4dcbc428e866589dd5882","name":"Antoine Ferrand","image":{"@type":"ImageObject","inLanguage":"fr-FR","@id":"https:\/\/starstory.fr\/blog\/#\/schema\/person\/image\/","url":"https:\/\/secure.gravatar.com\/avatar\/?s=96&d=mm&r=g","contentUrl":"https:\/\/secure.gravatar.com\/avatar\/?s=96&d=mm&r=g","caption":"Antoine Ferrand"},"description":"Antoine analyse les figures politiques et m\u00e9diatiques, ainsi que leur influence en France au fil des ann\u00e9es.","url":"https:\/\/starstory.fr\/blog\/auteur\/antoine-dupont\/"}]}},"_links":{"self":[{"href":"https:\/\/starstory.fr\/blog\/wp-json\/wp\/v2\/posts\/7950","targetHints":{"allow":["GET"]}}],"collection":[{"href":"https:\/\/starstory.fr\/blog\/wp-json\/wp\/v2\/posts"}],"about":[{"href":"https:\/\/starstory.fr\/blog\/wp-json\/wp\/v2\/types\/post"}],"author":[{"embeddable":true,"href":"https:\/\/starstory.fr\/blog\/wp-json\/wp\/v2\/users\/42"}],"replies":[{"embeddable":true,"href":"https:\/\/starstory.fr\/blog\/wp-json\/wp\/v2\/comments?post=7950"}],"version-history":[{"count":0,"href":"https:\/\/starstory.fr\/blog\/wp-json\/wp\/v2\/posts\/7950\/revisions"}],"wp:attachment":[{"href":"https:\/\/starstory.fr\/blog\/wp-json\/wp\/v2\/media?parent=7950"}],"wp:term":[{"taxonomy":"category","embeddable":true,"href":"https:\/\/starstory.fr\/blog\/wp-json\/wp\/v2\/categories?post=7950"},{"taxonomy":"post_tag","embeddable":true,"href":"https:\/\/starstory.fr\/blog\/wp-json\/wp\/v2\/tags?post=7950"}],"curies":[{"name":"wp","href":"https:\/\/api.w.org\/{rel}","templated":true}]}}