{"id":7945,"date":"2026-06-06T00:39:18","date_gmt":"2026-06-05T22:39:18","guid":{"rendered":"https:\/\/starstory.fr\/blog\/celebrites-et-influence-en-france\/louane-taille-age-couple-fille-et-fortune-la-fiche-complete\/"},"modified":"2026-06-06T00:39:18","modified_gmt":"2026-06-05T22:39:18","slug":"louane-taille-age-couple-fille-et-fortune-la-fiche-complete","status":"publish","type":"post","link":"https:\/\/starstory.fr\/blog\/celebrites-et-influence-en-france\/louane-taille-age-couple-fille-et-fortune-la-fiche-complete\/","title":{"rendered":"Louane : taille, \u00e2ge, couple, fille et fortune \u2014 la fiche compl\u00e8te"},"content":{"rendered":"<aside style=\"background:#FBEAF2;border-left:5px solid #B11E6A;padding:22px 28px;margin:24px 0;font-family:-apple-system,BlinkMacSystemFont,'Segoe UI',Roboto,sans-serif;\">\n<div style=\"margin:0;font-size:19px;line-height:1.55;color:#2a2a2a;font-weight:500;letter-spacing:-0.005em;\">\n    R\u00e9v\u00e9l\u00e9e par <strong>The Voice<\/strong> puis sacr\u00e9e au cin\u00e9ma avec <em>La Famille B\u00e9lier<\/em>, Louane est aujourd&rsquo;hui l&rsquo;une des artistes fran\u00e7aises les plus suivies. Vrai nom, taille, \u00e2ge, vie de famille, fortune : voici la fiche compl\u00e8te, v\u00e9rifi\u00e9e et tenue \u00e0 jour, de la chanteuse qui a port\u00e9 les couleurs de la France \u00e0 l&rsquo;Eurovision 2025.\n  <\/div>\n<\/aside>\n<p>Derri\u00e8re le pr\u00e9nom Louane se cache <strong>Anne Edwige Maria Peichert<\/strong>, une jeune femme n\u00e9e dans le Pas-de-Calais en 1996. Du petit village du Nord aux plateaux de TF1, des marches du C\u00e9sar aux sc\u00e8nes de l&rsquo;Eurovision, son parcours fascine autant que sa voix. Dans cette fiche, on r\u00e9pond aux questions les plus pos\u00e9es \u00e0 son sujet : combien mesure-t-elle, quel \u00e2ge a-t-elle, qui est son compagnon, comment s&rsquo;appelle sa fille, et \u00e0 combien estime-t-on sa fortune.<\/p>\n<h2>Carte d&rsquo;identit\u00e9 de Louane<\/h2>\n<figure style=\"margin:32px 0;font-family:-apple-system,BlinkMacSystemFont,'Segoe UI',Roboto,sans-serif;\">\n<div style=\"overflow-x:auto;border:1px solid #e5e5e0;border-radius:8px;\">\n<table style=\"width:100%;border-collapse:collapse;font-size:14px;color:#2a2a2a;min-width:500px;\">\n<thead>\n<tr style=\"background:#1a1a1a;color:#fff;\">\n<th style=\"text-align:left;padding:14px 18px;font-weight:700;font-size:12px;text-transform:uppercase;letter-spacing:1.5px;\">Information<\/th>\n<th style=\"text-align:left;padding:14px 18px;font-weight:700;font-size:12px;text-transform:uppercase;letter-spacing:1.5px;\">D\u00e9tail<\/th>\n<\/tr>\n<\/thead>\n<tbody>\n<tr style=\"background:#fff;border-bottom:1px solid #f0ede5;\">\n<td style=\"padding:14px 18px;font-weight:600;\">Nom complet<\/td>\n<td style=\"padding:14px 18px;color:#4a4a4a;\">Anne Edwige Maria Peichert<\/td>\n<\/tr>\n<tr style=\"background:#FBEAF2;border-bottom:1px solid #f0ede5;\">\n<td style=\"padding:14px 18px;font-weight:600;\">Naissance<\/td>\n<td style=\"padding:14px 18px;color:#4a4a4a;\">26 novembre 1996, Pas-de-Calais (France)<\/td>\n<\/tr>\n<tr style=\"background:#fff;border-bottom:1px solid #f0ede5;\">\n<td style=\"padding:14px 18px;font-weight:600;\">\u00c2ge<\/td>\n<td style=\"padding:14px 18px;color:#4a4a4a;\">29 ans<\/td>\n<\/tr>\n<tr style=\"background:#FBEAF2;border-bottom:1px solid #f0ede5;\">\n<td style=\"padding:14px 18px;font-weight:600;\">Taille<\/td>\n<td style=\"padding:14px 18px;color:#4a4a4a;\">Environ 1,68 m<\/td>\n<\/tr>\n<tr style=\"background:#fff;border-bottom:1px solid #f0ede5;\">\n<td style=\"padding:14px 18px;font-weight:600;\">Nationalit\u00e9<\/td>\n<td style=\"padding:14px 18px;color:#4a4a4a;\">Fran\u00e7aise<\/td>\n<\/tr>\n<tr style=\"background:#FBEAF2;border-bottom:1px solid #f0ede5;\">\n<td style=\"padding:14px 18px;font-weight:600;\">Profession<\/td>\n<td style=\"padding:14px 18px;color:#4a4a4a;\">Chanteuse, musicienne, actrice<\/td>\n<\/tr>\n<tr style=\"background:#fff;\">\n<td style=\"padding:14px 18px;font-weight:600;\">Enfant<\/td>\n<td style=\"padding:14px 18px;color:#4a4a4a;\">Une fille, Esm\u00e9e (n\u00e9e en 2020)<\/td>\n<\/tr>\n<\/tbody>\n<\/table><\/div>\n<\/figure>\n<h2>Biographie et parcours : de The Voice au cin\u00e9ma<\/h2>\n<p>Anne Peichert grandit \u00e0 H\u00e9nin-Beaumont, dans une famille nombreuse de cinq enfants. Tr\u00e8s jeune, elle se passionne pour le chant et participe \u00e0 des concours r\u00e9gionaux. En 2013, \u00e0 seulement 16 ans, elle se pr\u00e9sente \u00e0 la deuxi\u00e8me saison de <strong>The Voice : la plus belle voix<\/strong> sur TF1. Int\u00e9gr\u00e9e \u00e0 l&rsquo;\u00e9quipe de Louis Bertignac, elle se fait remarquer par sa fra\u00eecheur et sa maturit\u00e9 vocale, et atteint la demi-finale du t\u00e9l\u00e9crochet. C&rsquo;est \u00e0 ce moment qu&rsquo;elle adopte d\u00e9finitivement son nom de sc\u00e8ne, Louane, contraction des pr\u00e9noms Anne et Louise.<\/p>\n<p>Cette exposition lui ouvre rapidement les portes du septi\u00e8me art. En 2014, elle d\u00e9croche le r\u00f4le principal de <strong>Paula B\u00e9lier<\/strong> dans <em>La Famille B\u00e9lier<\/em> d&rsquo;\u00c9ric Lartigau, l&rsquo;histoire d&rsquo;une adolescente entendante au sein d&rsquo;une famille sourde, tiraill\u00e9e entre les siens et son r\u00eave de devenir chanteuse. Le film est un immense succ\u00e8s populaire, et la performance de Louane lui vaut le <strong>C\u00e9sar du meilleur espoir f\u00e9minin<\/strong> ainsi que le Prix Lumi\u00e8re en 2015. \u00c0 moins de 19 ans, elle devient l&rsquo;un des visages les plus reconnaissables de sa g\u00e9n\u00e9ration.<\/p>\n<aside style=\"background:#fff7e0;border-left:4px solid #d4a017;padding:14px 18px;margin:18px 0;border-radius:0 4px 4px 0;font-family:-apple-system,BlinkMacSystemFont,'Segoe UI',Roboto,sans-serif;\">\n  <strong style=\"display:inline-block;color:#7a5e00;font-size:12px;text-transform:uppercase;letter-spacing:1.5px;margin-right:8px;\">&#128161; Bon \u00e0 savoir<\/strong><br \/>\n  <span style=\"font-size:14.5px;line-height:1.55;color:#3a3a3a;\">Le nom \u00ab Louane \u00bb n&rsquo;a pas \u00e9t\u00e9 invent\u00e9 pour la sc\u00e8ne par hasard : il m\u00eale son propre pr\u00e9nom, Anne, \u00e0 celui de sa s\u0153ur Louise.<\/span><br \/>\n<\/aside>\n<h2>Carri\u00e8re musicale et Eurovision 2025<\/h2>\n<p>Forte de sa notori\u00e9t\u00e9, Louane se consacre pleinement \u00e0 la musique. En 2015 para\u00eet son premier album, <strong>Chambre 12<\/strong>, port\u00e9 par les tubes \u00ab Avenir \u00bb et \u00ab Jour 1 \u00bb. Le disque s&rsquo;\u00e9coule \u00e0 plus d&rsquo;un million d&rsquo;exemplaires et reste l&rsquo;un des plus gros succ\u00e8s de la chanson fran\u00e7aise de la d\u00e9cennie. Suivent les albums <em>Louane<\/em> (2017), <em>Joie de vivre<\/em> (2020), <em>Sentiments<\/em> (2022) puis <em>Solo<\/em> (2024), qui confirment sa place durable dans le paysage de la pop francophone.<\/p>\n<figure style=\"margin:32px 0;padding:0;font-family:-apple-system,BlinkMacSystemFont,'Segoe UI',Roboto,sans-serif;\">\n<div style=\"display:grid;grid-template-columns:repeat(auto-fit,minmax(140px,1fr));background:#1a1a1a;border-radius:6px;overflow:hidden;\">\n<div style=\"padding:22px 16px;text-align:center;border-right:1px solid #2f2f2f;\">\n<div style=\"font-size:36px;font-weight:900;color:#fff;letter-spacing:-0.04em;font-feature-settings:'tnum';line-height:1;\">2013<\/div>\n<div style=\"font-size:11px;text-transform:uppercase;letter-spacing:1.5px;color:#9a9a9a;margin-top:8px;\">r\u00e9v\u00e9l\u00e9e dans The Voice<\/div>\n<\/p><\/div>\n<div style=\"padding:22px 16px;text-align:center;border-right:1px solid #2f2f2f;\">\n<div style=\"font-size:36px;font-weight:900;color:#fff;letter-spacing:-0.04em;font-feature-settings:'tnum';line-height:1;\">5<\/div>\n<div style=\"font-size:11px;text-transform:uppercase;letter-spacing:1.5px;color:#9a9a9a;margin-top:8px;\">albums studio<\/div>\n<\/p><\/div>\n<div style=\"padding:22px 16px;text-align:center;\">\n<div style=\"font-size:36px;font-weight:900;color:#B11E6A;letter-spacing:-0.04em;font-feature-settings:'tnum';line-height:1;\">7<sup style=\"font-size:18px;\">e<\/sup><\/div>\n<div style=\"font-size:11px;text-transform:uppercase;letter-spacing:1.5px;color:#9a9a9a;margin-top:8px;\">\u00e0 l&rsquo;Eurovision 2025<\/div>\n<\/p><\/div>\n<\/p><\/div><figcaption style=\"font-size:11px;color:#7a7a7a;margin-top:8px;text-align:right;letter-spacing:0.3px;\">Rep\u00e8res de carri\u00e8re \u2014 voir sources en fin d&rsquo;article.<\/figcaption><\/figure>\n<p>En 2025, Louane franchit une nouvelle \u00e9tape symbolique : elle est choisie pour repr\u00e9senter la <strong>France au Concours Eurovision de la chanson<\/strong>, organis\u00e9 \u00e0 B\u00e2le, en Suisse. Elle y interpr\u00e8te <strong>\u00ab Maman \u00bb<\/strong>, une chanson intime et bouleversante d\u00e9di\u00e9e \u00e0 sa m\u00e8re disparue. Au terme de la grande finale du 17 mai 2025, elle d\u00e9croche une honorable <strong>7<sup>e<\/sup> place<\/strong> avec 230 points, et re\u00e7oit le Prix Marcel-Bezen\u00e7on de la presse, saluant l&rsquo;une des prestations artistiques les plus marquantes de l&rsquo;\u00e9dition.<\/p>\n<figure style=\"margin:38px auto;padding:28px 24px;text-align:center;border-top:1px solid #2a2a2a;border-bottom:1px solid #2a2a2a;max-width:640px;position:relative;font-family:Georgia,'Hoefler Text',serif;\">\n<div style=\"position:absolute;top:-20px;left:50%;transform:translateX(-50%);background:#ffffff;padding:0 14px;font-size:48px;line-height:1;color:#B11E6A;font-family:Georgia,serif;\">&laquo;<\/div>\n<blockquote style=\"margin:0;padding:0;font-size:24px;line-height:1.45;font-style:italic;color:#1a1a1a;letter-spacing:-0.005em;\"><p>\n    De The Voice \u00e0 l&rsquo;Eurovision, Louane a transform\u00e9 chaque \u00e9preuve de sa vie en chanson, sans jamais cesser d&rsquo;avancer.<br \/>\n  <\/blockquote><figcaption style=\"margin-top:14px;font-size:12px;text-transform:uppercase;letter-spacing:2px;color:#6a6a6a;font-family:-apple-system,sans-serif;font-style:normal;\">\u2014 StarStory<\/figcaption><\/figure>\n<h2>Taille et physique de Louane<\/h2>\n<p>Parmi les questions les plus fr\u00e9quentes \u00e0 propos de la chanteuse figure celle de sa taille. Louane mesure <strong>environ 1,68 m<\/strong>, une stature dans la moyenne haute pour une femme, qui lui conf\u00e8re une pr\u00e9sence affirm\u00e9e sur sc\u00e8ne comme \u00e0 l&rsquo;\u00e9cran. Brune aux yeux clairs, elle est connue pour son style naturel et sa silhouette \u00e9lanc\u00e9e. Comme pour la plupart des artistes, ces mesures rel\u00e8vent d&rsquo;estimations relay\u00e9es par les m\u00e9dias et ne constituent pas des donn\u00e9es officielles communiqu\u00e9es par l&rsquo;int\u00e9ress\u00e9e.<\/p>\n<h2>Vie priv\u00e9e : son compagnon et sa fille Esm\u00e9e<\/h2>\n<p>C\u00f4t\u00e9 c\u0153ur, Louane partage sa vie avec le musicien et compositeur <strong>Florian Rossi<\/strong>, qui collabore r\u00e9guli\u00e8rement \u00e0 ses projets artistiques. Le couple s&rsquo;est mari\u00e9 en mai 2026 dans le Vaucluse, officialisant une relation longtemps rest\u00e9e discr\u00e8te. La chanteuse, soucieuse de pr\u00e9server son intimit\u00e9, parle rarement de sa vie sentimentale dans les m\u00e9dias.<\/p>\n<p>En mars 2020, Louane est devenue maman d&rsquo;une petite fille pr\u00e9nomm\u00e9e <strong>Esm\u00e9e<\/strong>. Cette naissance a marqu\u00e9 un tournant dans sa vie comme dans son \u00e9criture : la maternit\u00e9 irrigue plusieurs de ses chansons, notamment sur l&rsquo;album <em>Joie de vivre<\/em>. Fid\u00e8le \u00e0 sa volont\u00e9 de prot\u00e9ger les siens, elle pr\u00e9serve autant que possible sa fille de l&rsquo;exposition m\u00e9diatique.<\/p>\n<p>Le parcours de Louane est aussi marqu\u00e9 par des \u00e9preuves familiales douloureuses : elle a perdu son p\u00e8re puis sa m\u00e8re, emport\u00e9s par la maladie au d\u00e9but des ann\u00e9es 2010, alors qu&rsquo;elle n&rsquo;\u00e9tait encore qu&rsquo;une adolescente. Ces deuils, qu&rsquo;elle \u00e9voque avec pudeur, ont profond\u00e9ment nourri son rapport \u00e0 la musique et inspir\u00e9 certaines de ses chansons les plus personnelles, comme \u00ab Maman \u00bb.<\/p>\n<aside style=\"background:#FBEAF2;border:1px solid #f3c9dd;border-radius:8px;padding:24px 26px 26px;margin:28px 0;font-family:-apple-system,BlinkMacSystemFont,'Segoe UI',Roboto,sans-serif;\">\n<div style=\"margin:0 0 18px 0;font-size:11px;font-weight:700;text-transform:uppercase;letter-spacing:2.2px;color:#B11E6A;\">\u00c0 retenir<\/div>\n<div style=\"display:grid;grid-template-columns:repeat(auto-fit,minmax(240px,1fr));gap:10px;\">\n<div style=\"display:flex;gap:12px;background:#fff;border:1px solid #f0d6e2;padding:12px 14px;border-radius:6px;align-items:flex-start;\">\n      <span style=\"flex:0 0 26px;width:26px;height:26px;background:#B11E6A;color:#fff;border-radius:50%;display:inline-flex;align-items:center;justify-content:center;font-size:12px;font-weight:700;\">1<\/span><br \/>\n      <span style=\"font-size:14px;line-height:1.5;color:#2a2a2a;\">Son vrai nom est Anne Edwige Maria Peichert.<\/span>\n    <\/div>\n<div style=\"display:flex;gap:12px;background:#fff;border:1px solid #f0d6e2;padding:12px 14px;border-radius:6px;align-items:flex-start;\">\n      <span style=\"flex:0 0 26px;width:26px;height:26px;background:#B11E6A;color:#fff;border-radius:50%;display:inline-flex;align-items:center;justify-content:center;font-size:12px;font-weight:700;\">2<\/span><br \/>\n      <span style=\"font-size:14px;line-height:1.5;color:#2a2a2a;\">R\u00e9v\u00e9l\u00e9e par The Voice en 2013, oscaris\u00e9e du C\u00e9sar en 2015.<\/span>\n    <\/div>\n<div style=\"display:flex;gap:12px;background:#fff;border:1px solid #f0d6e2;padding:12px 14px;border-radius:6px;align-items:flex-start;\">\n      <span style=\"flex:0 0 26px;width:26px;height:26px;background:#B11E6A;color:#fff;border-radius:50%;display:inline-flex;align-items:center;justify-content:center;font-size:12px;font-weight:700;\">3<\/span><br \/>\n      <span style=\"font-size:14px;line-height:1.5;color:#2a2a2a;\">Elle a repr\u00e9sent\u00e9 la France \u00e0 l&rsquo;Eurovision 2025 avec \u00ab Maman \u00bb.<\/span>\n    <\/div>\n<div style=\"display:flex;gap:12px;background:#fff;border:1px solid #f0d6e2;padding:12px 14px;border-radius:6px;align-items:flex-start;\">\n      <span style=\"flex:0 0 26px;width:26px;height:26px;background:#B11E6A;color:#fff;border-radius:50%;display:inline-flex;align-items:center;justify-content:center;font-size:12px;font-weight:700;\">4<\/span><br \/>\n      <span style=\"font-size:14px;line-height:1.5;color:#2a2a2a;\">Maman d&rsquo;une fille, Esm\u00e9e, n\u00e9e en 2020, avec Florian Rossi.<\/span>\n    <\/div>\n<\/p><\/div>\n<\/aside>\n<h2>Fortune estim\u00e9e de Louane<\/h2>\n<p>Difficile de chiffrer avec exactitude le patrimoine d&rsquo;une artiste, les revenus variant selon les ventes de disques, les tourn\u00e9es, les droits d&rsquo;auteur et les contrats publicitaires. Les estimations relay\u00e9es par les m\u00e9dias sp\u00e9cialis\u00e9s situent la <strong>fortune de Louane entre 4 et 5 millions d&rsquo;euros<\/strong>. Cette somme, \u00e0 prendre avec prudence faute de chiffres officiels, refl\u00e8te le cumul de plus de dix ans de carri\u00e8re : succ\u00e8s discographiques, cachets de cin\u00e9ma et partenariats avec des marques.<\/p>\n<div style=\"display:grid;grid-template-columns:repeat(auto-fit,minmax(220px,1fr));gap:14px;margin:28px 0;font-family:-apple-system,BlinkMacSystemFont,'Segoe UI',Roboto,sans-serif;\">\n<article style=\"background:#fff;border:1px solid #e5e5e0;border-top:3px solid #B11E6A;border-radius:6px;padding:18px 18px 16px;\">\n<div style=\"width:36px;height:36px;background:#FBEAF2;border-radius:50%;display:inline-flex;align-items:center;justify-content:center;margin-bottom:12px;\">\n      <span style=\"font-size:18px;color:#B11E6A;font-weight:900;font-family:Georgia,serif;\">01<\/span>\n    <\/div>\n<h3 style=\"margin:0 0 6px 0;font-size:16px;font-weight:700;color:#1a1a1a;letter-spacing:-0.01em;\">Musique<\/h3>\n<div style=\"margin:0;font-size:13.5px;line-height:1.55;color:#4a4a4a;\">Ventes d&rsquo;albums, streaming et tourn\u00e9es constituent l&rsquo;essentiel de ses revenus depuis Chambre 12.<\/div>\n<\/article>\n<article style=\"background:#fff;border:1px solid #e5e5e0;border-top:3px solid #B11E6A;border-radius:6px;padding:18px 18px 16px;\">\n<div style=\"width:36px;height:36px;background:#FBEAF2;border-radius:50%;display:inline-flex;align-items:center;justify-content:center;margin-bottom:12px;\">\n      <span style=\"font-size:18px;color:#B11E6A;font-weight:900;font-family:Georgia,serif;\">02<\/span>\n    <\/div>\n<h3 style=\"margin:0 0 6px 0;font-size:16px;font-weight:700;color:#1a1a1a;letter-spacing:-0.01em;\">Cin\u00e9ma<\/h3>\n<div style=\"margin:0;font-size:13.5px;line-height:1.55;color:#4a4a4a;\">Ses r\u00f4les au cin\u00e9ma, \u00e0 commencer par La Famille B\u00e9lier, ont consolid\u00e9 sa notori\u00e9t\u00e9 et ses cachets.<\/div>\n<\/article>\n<article style=\"background:#fff;border:1px solid #e5e5e0;border-top:3px solid #B11E6A;border-radius:6px;padding:18px 18px 16px;\">\n<div style=\"width:36px;height:36px;background:#FBEAF2;border-radius:50%;display:inline-flex;align-items:center;justify-content:center;margin-bottom:12px;\">\n      <span style=\"font-size:18px;color:#B11E6A;font-weight:900;font-family:Georgia,serif;\">03<\/span>\n    <\/div>\n<h3 style=\"margin:0 0 6px 0;font-size:16px;font-weight:700;color:#1a1a1a;letter-spacing:-0.01em;\">Partenariats<\/h3>\n<div style=\"margin:0;font-size:13.5px;line-height:1.55;color:#4a4a4a;\">\u00c9g\u00e9rie de plusieurs marques, elle compl\u00e8te ses revenus par des contrats publicitaires r\u00e9guliers.<\/div>\n<\/article>\n<\/div>\n<h2>Anecdotes sur Louane<\/h2>\n<p>Au fil des ann\u00e9es, Louane est devenue une figure famili\u00e8re du public fran\u00e7ais, et son histoire rec\u00e8le quelques d\u00e9tails marquants.<\/p>\n<aside style=\"background:#e7f5ec;border-left:4px solid #B11E6A;padding:14px 18px;margin:18px 0;border-radius:0 4px 4px 0;font-family:-apple-system,BlinkMacSystemFont,'Segoe UI',Roboto,sans-serif;\">\n  <strong style=\"display:inline-block;color:#B11E6A;font-size:12px;text-transform:uppercase;letter-spacing:1.5px;margin-right:8px;\">&#10022; Le saviez-vous<\/strong><br \/>\n  <span style=\"font-size:14.5px;line-height:1.55;color:#3a3a3a;\">Pour incarner Paula dans La Famille B\u00e9lier, Louane a d\u00fb apprendre la langue des signes fran\u00e7aise, un travail salu\u00e9 par la critique.<\/span><br \/>\n<\/aside>\n<aside style=\"background:#fff7e0;border-left:4px solid #d4a017;padding:14px 18px;margin:18px 0;border-radius:0 4px 4px 0;font-family:-apple-system,BlinkMacSystemFont,'Segoe UI',Roboto,sans-serif;\">\n  <strong style=\"display:inline-block;color:#7a5e00;font-size:12px;text-transform:uppercase;letter-spacing:1.5px;margin-right:8px;\">&#128161; Anecdote<\/strong><br \/>\n  <span style=\"font-size:14.5px;line-height:1.55;color:#3a3a3a;\">Ce n&rsquo;est pas sa premi\u00e8re tentative dans un t\u00e9l\u00e9crochet : Louane avait d\u00e9j\u00e0 particip\u00e9 \u00e0 L&rsquo;\u00c9cole des stars sur Direct 8 avant The Voice.<\/span><br \/>\n<\/aside>\n<aside style=\"background:#FBEAF2;border-left:4px solid #B11E6A;padding:14px 18px;margin:18px 0;border-radius:0 4px 4px 0;font-family:-apple-system,BlinkMacSystemFont,'Segoe UI',Roboto,sans-serif;\">\n  <strong style=\"display:inline-block;color:#B11E6A;font-size:12px;text-transform:uppercase;letter-spacing:1.5px;margin-right:8px;\">&#9834; Sur sc\u00e8ne<\/strong><br \/>\n  <span style=\"font-size:14.5px;line-height:1.55;color:#3a3a3a;\">Sa chanson \u00ab Maman \u00bb, pr\u00e9sent\u00e9e pour la premi\u00e8re fois au Stade de France, est l&rsquo;un des titres les plus personnels de son r\u00e9pertoire.<\/span><br \/>\n<\/aside>\n<section style=\"margin:32px 0;font-family:-apple-system,BlinkMacSystemFont,'Segoe UI',Roboto,sans-serif;\">\n<h2 style=\"margin:0 0 18px 0;font-size:22px;font-weight:800;color:#1a1a1a;letter-spacing:-0.01em;\">Questions fr\u00e9quentes sur Louane<\/h2>\n<div style=\"border-top:1px solid #d4cfc4;\">\n<details style=\"border-bottom:1px solid #d4cfc4;padding:0;\">\n<summary style=\"cursor:pointer;padding:16px 0;font-size:17px;font-weight:700;color:#1a1a1a;list-style:none;display:flex;justify-content:space-between;align-items:center;gap:14px;\">\n        <span>Quelle taille fait Louane ?<\/span><br \/>\n        <span style=\"font-size:22px;font-weight:300;color:#B11E6A;line-height:1;\">+<\/span><br \/>\n      <\/summary>\n<div style=\"padding:0 0 16px 0;font-size:15px;line-height:1.7;color:#4a4a4a;\">Louane mesure environ 1,68 m selon les informations relay\u00e9es par les m\u00e9dias. Cette taille reste une estimation, l&rsquo;artiste ne communiquant pas de chiffres officiels.<\/div>\n<\/details>\n<details style=\"border-bottom:1px solid #d4cfc4;padding:0;\">\n<summary style=\"cursor:pointer;padding:16px 0;font-size:17px;font-weight:700;color:#1a1a1a;list-style:none;display:flex;justify-content:space-between;align-items:center;gap:14px;\">\n        <span>Quel \u00e2ge a Louane ?<\/span><br \/>\n        <span style=\"font-size:22px;font-weight:300;color:#B11E6A;line-height:1;\">+<\/span><br \/>\n      <\/summary>\n<div style=\"padding:0 0 16px 0;font-size:15px;line-height:1.7;color:#4a4a4a;\">N\u00e9e le 26 novembre 1996 dans le Pas-de-Calais, Louane a 29 ans. Elle avait seulement 16 ans lors de sa participation \u00e0 The Voice en 2013.<\/div>\n<\/details>\n<details style=\"border-bottom:1px solid #d4cfc4;padding:0;\">\n<summary style=\"cursor:pointer;padding:16px 0;font-size:17px;font-weight:700;color:#1a1a1a;list-style:none;display:flex;justify-content:space-between;align-items:center;gap:14px;\">\n        <span>Quel est le vrai nom de Louane ?<\/span><br \/>\n        <span style=\"font-size:22px;font-weight:300;color:#B11E6A;line-height:1;\">+<\/span><br \/>\n      <\/summary>\n<div style=\"padding:0 0 16px 0;font-size:15px;line-height:1.7;color:#4a4a4a;\">Le vrai nom de Louane est Anne Edwige Maria Peichert. Son nom de sc\u00e8ne, Louane, est une contraction de son pr\u00e9nom Anne et de celui de sa s\u0153ur Louise.<\/div>\n<\/details>\n<details style=\"border-bottom:1px solid #d4cfc4;padding:0;\">\n<summary style=\"cursor:pointer;padding:16px 0;font-size:17px;font-weight:700;color:#1a1a1a;list-style:none;display:flex;justify-content:space-between;align-items:center;gap:14px;\">\n        <span>Qui est le compagnon de Louane ?<\/span><br \/>\n        <span style=\"font-size:22px;font-weight:300;color:#B11E6A;line-height:1;\">+<\/span><br \/>\n      <\/summary>\n<div style=\"padding:0 0 16px 0;font-size:15px;line-height:1.7;color:#4a4a4a;\">Louane partage sa vie avec le musicien et compositeur Florian Rossi, avec qui elle s&rsquo;est mari\u00e9e en mai 2026. Le couple, longtemps discret, collabore aussi sur le plan artistique.<\/div>\n<\/details>\n<details style=\"border-bottom:1px solid #d4cfc4;padding:0;\">\n<summary style=\"cursor:pointer;padding:16px 0;font-size:17px;font-weight:700;color:#1a1a1a;list-style:none;display:flex;justify-content:space-between;align-items:center;gap:14px;\">\n        <span>Comment s&rsquo;appelle la fille de Louane ?<\/span><br \/>\n        <span style=\"font-size:22px;font-weight:300;color:#B11E6A;line-height:1;\">+<\/span><br \/>\n      <\/summary>\n<div style=\"padding:0 0 16px 0;font-size:15px;line-height:1.7;color:#4a4a4a;\">La fille de Louane se pr\u00e9nomme Esm\u00e9e. Elle est n\u00e9e en mars 2020 et la chanteuse veille \u00e0 pr\u00e9server sa vie priv\u00e9e de l&rsquo;exposition m\u00e9diatique.<\/div>\n<\/details><\/div>\n<\/section>\n<p style=\"font-size:13px;color:#6a6a6a;margin-top:32px;\">Sources : Wikip\u00e9dia et donn\u00e9es publiques. Article mis \u00e0 jour r\u00e9guli\u00e8rement.<\/p>\n","protected":false},"excerpt":{"rendered":"","protected":false},"author":42,"featured_media":999999999,"comment_status":"open","ping_status":"open","sticky":false,"template":"","format":"standard","meta":{"_acf_changed":false,"manual_indexmenow":false,"indexmenow_id_project":0,"footnotes":""},"categories":[4524],"tags":[],"class_list":["post-7945","post","type-post","status-publish","format-standard","has-post-thumbnail","hentry","category-celebrites-et-influence-en-france","generate-columns","tablet-grid-50","mobile-grid-100","grid-parent","grid-25"],"acf":[],"yoast_head":"<!-- This site is optimized with the Yoast SEO Premium plugin v21.3 (Yoast SEO v26.5) - https:\/\/yoast.com\/wordpress\/plugins\/seo\/ -->\n<title>Louane : taille, \u00e2ge, couple, fille et fortune<\/title>\n<meta name=\"description\" content=\"Derri\u00e8re le pr\u00e9nom Louane se cache Anne Edwige Maria Peichert, une jeune femme n\u00e9e dans le Pas-de-Calais en 1996\" \/>\n<meta name=\"robots\" content=\"index, follow, max-snippet:-1, max-image-preview:large, max-video-preview:-1\" \/>\n<link rel=\"canonical\" href=\"https:\/\/starstory.fr\/blog\/celebrites-et-influence-en-france\/louane-taille-age-couple-fille-et-fortune-la-fiche-complete\/\" \/>\n<meta property=\"og:locale\" content=\"fr_FR\" \/>\n<meta property=\"og:type\" content=\"article\" \/>\n<meta property=\"og:title\" content=\"Louane : taille, \u00e2ge, couple, fille et fortune\" \/>\n<meta property=\"og:description\" content=\"Derri\u00e8re le pr\u00e9nom Louane se cache Anne Edwige Maria Peichert, une jeune femme n\u00e9e dans le Pas-de-Calais en 1996\" \/>\n<meta property=\"og:url\" content=\"https:\/\/starstory.fr\/blog\/celebrites-et-influence-en-france\/louane-taille-age-couple-fille-et-fortune-la-fiche-complete\/\" \/>\n<meta property=\"og:site_name\" content=\"starstory\" \/>\n<meta name=\"author\" content=\"Antoine Ferrand\" \/>\n<meta name=\"twitter:card\" content=\"summary_large_image\" \/>\n<script type=\"application\/ld+json\" class=\"yoast-schema-graph\">{\"@context\":\"https:\/\/schema.org\",\"@graph\":[{\"@type\":\"NewsArticle\",\"@id\":\"https:\/\/starstory.fr\/blog\/celebrites-et-influence-en-france\/louane-taille-age-couple-fille-et-fortune-la-fiche-complete\/#article\",\"isPartOf\":{\"@id\":\"https:\/\/starstory.fr\/blog\/celebrites-et-influence-en-france\/louane-taille-age-couple-fille-et-fortune-la-fiche-complete\/\"},\"author\":{\"name\":\"Antoine Ferrand\",\"@id\":\"https:\/\/starstory.fr\/blog\/#\/schema\/person\/2d9dd3a73cf4dcbc428e866589dd5882\"},\"headline\":\"Louane : taille, \u00e2ge, couple, fille et fortune \u2014 la fiche compl\u00e8te\",\"datePublished\":\"2026-06-05T22:39:18+00:00\",\"mainEntityOfPage\":{\"@id\":\"https:\/\/starstory.fr\/blog\/celebrites-et-influence-en-france\/louane-taille-age-couple-fille-et-fortune-la-fiche-complete\/\"},\"wordCount\":1422,\"commentCount\":0,\"publisher\":{\"@id\":\"https:\/\/starstory.fr\/blog\/#organization\"},\"image\":{\"@id\":\"https:\/\/starstory.fr\/blog\/celebrites-et-influence-en-france\/louane-taille-age-couple-fille-et-fortune-la-fiche-complete\/#primaryimage\"},\"thumbnailUrl\":\"https:\/\/images.pexels.com\/photos\/5650906\/pexels-photo-5650906.jpeg?auto=compress&cs=tinysrgb&fit=crop&h=627&w=1200\",\"articleSection\":[\"C\u00e9l\u00e9brit\u00e9s et Influence en France\"],\"inLanguage\":\"fr-FR\",\"potentialAction\":[{\"@type\":\"CommentAction\",\"name\":\"Comment\",\"target\":[\"https:\/\/starstory.fr\/blog\/celebrites-et-influence-en-france\/louane-taille-age-couple-fille-et-fortune-la-fiche-complete\/#respond\"]}]},{\"@type\":\"WebPage\",\"@id\":\"https:\/\/starstory.fr\/blog\/celebrites-et-influence-en-france\/louane-taille-age-couple-fille-et-fortune-la-fiche-complete\/\",\"url\":\"https:\/\/starstory.fr\/blog\/celebrites-et-influence-en-france\/louane-taille-age-couple-fille-et-fortune-la-fiche-complete\/\",\"name\":\"Louane : taille, \u00e2ge, couple, fille et fortune\",\"isPartOf\":{\"@id\":\"https:\/\/starstory.fr\/blog\/#website\"},\"primaryImageOfPage\":{\"@id\":\"https:\/\/starstory.fr\/blog\/celebrites-et-influence-en-france\/louane-taille-age-couple-fille-et-fortune-la-fiche-complete\/#primaryimage\"},\"image\":{\"@id\":\"https:\/\/starstory.fr\/blog\/celebrites-et-influence-en-france\/louane-taille-age-couple-fille-et-fortune-la-fiche-complete\/#primaryimage\"},\"thumbnailUrl\":\"https:\/\/images.pexels.com\/photos\/5650906\/pexels-photo-5650906.jpeg?auto=compress&cs=tinysrgb&fit=crop&h=627&w=1200\",\"datePublished\":\"2026-06-05T22:39:18+00:00\",\"description\":\"Derri\u00e8re le pr\u00e9nom Louane se cache Anne Edwige Maria Peichert, une jeune femme n\u00e9e dans le Pas-de-Calais en 1996\",\"inLanguage\":\"fr-FR\",\"potentialAction\":[{\"@type\":\"ReadAction\",\"target\":[\"https:\/\/starstory.fr\/blog\/celebrites-et-influence-en-france\/louane-taille-age-couple-fille-et-fortune-la-fiche-complete\/\"]}]},{\"@type\":\"ImageObject\",\"inLanguage\":\"fr-FR\",\"@id\":\"https:\/\/starstory.fr\/blog\/celebrites-et-influence-en-france\/louane-taille-age-couple-fille-et-fortune-la-fiche-complete\/#primaryimage\",\"url\":\"https:\/\/images.pexels.com\/photos\/5650906\/pexels-photo-5650906.jpeg?auto=compress&cs=tinysrgb&fit=crop&h=627&w=1200\",\"contentUrl\":\"https:\/\/images.pexels.com\/photos\/5650906\/pexels-photo-5650906.jpeg?auto=compress&cs=tinysrgb&fit=crop&h=627&w=1200\"},{\"@type\":\"WebSite\",\"@id\":\"https:\/\/starstory.fr\/blog\/#website\",\"url\":\"https:\/\/starstory.fr\/blog\/\",\"name\":\"StarStory\",\"description\":\"StarStory, les \u00e9toiles racontent leur histoire\",\"publisher\":{\"@id\":\"https:\/\/starstory.fr\/blog\/#organization\"},\"alternateName\":\"StarStory, les \u00e9toiles racontent leur histoire\",\"potentialAction\":[{\"@type\":\"SearchAction\",\"target\":{\"@type\":\"EntryPoint\",\"urlTemplate\":\"https:\/\/starstory.fr\/blog\/?s={search_term_string}\"},\"query-input\":{\"@type\":\"PropertyValueSpecification\",\"valueRequired\":true,\"valueName\":\"search_term_string\"}}],\"inLanguage\":\"fr-FR\"},{\"@type\":\"Organization\",\"@id\":\"https:\/\/starstory.fr\/blog\/#organization\",\"name\":\"StarStory\",\"alternateName\":\"StarStory.fr\",\"url\":\"https:\/\/starstory.fr\/blog\/\",\"logo\":{\"@type\":\"ImageObject\",\"inLanguage\":\"fr-FR\",\"@id\":\"https:\/\/starstory.fr\/blog\/#\/schema\/logo\/image\/\",\"url\":\"https:\/\/starstory.fr\/blog\/wp-content\/uploads\/2024\/12\/38.png\",\"contentUrl\":\"https:\/\/starstory.fr\/blog\/wp-content\/uploads\/2024\/12\/38.png\",\"width\":500,\"height\":500,\"caption\":\"StarStory\"},\"image\":{\"@id\":\"https:\/\/starstory.fr\/blog\/#\/schema\/logo\/image\/\"}},{\"@type\":\"Person\",\"@id\":\"https:\/\/starstory.fr\/blog\/#\/schema\/person\/2d9dd3a73cf4dcbc428e866589dd5882\",\"name\":\"Antoine Ferrand\",\"image\":{\"@type\":\"ImageObject\",\"inLanguage\":\"fr-FR\",\"@id\":\"https:\/\/starstory.fr\/blog\/#\/schema\/person\/image\/\",\"url\":\"https:\/\/secure.gravatar.com\/avatar\/?s=96&d=mm&r=g\",\"contentUrl\":\"https:\/\/secure.gravatar.com\/avatar\/?s=96&d=mm&r=g\",\"caption\":\"Antoine Ferrand\"},\"description\":\"Antoine analyse les figures politiques et m\u00e9diatiques, ainsi que leur influence en France au fil des ann\u00e9es.\",\"url\":\"https:\/\/starstory.fr\/blog\/auteur\/antoine-dupont\/\"}]}<\/script>\n<!-- \/ Yoast SEO Premium plugin. -->","yoast_head_json":{"title":"Louane : taille, \u00e2ge, couple, fille et fortune","description":"Derri\u00e8re le pr\u00e9nom Louane se cache Anne Edwige Maria Peichert, une jeune femme n\u00e9e dans le Pas-de-Calais en 1996","robots":{"index":"index","follow":"follow","max-snippet":"max-snippet:-1","max-image-preview":"max-image-preview:large","max-video-preview":"max-video-preview:-1"},"canonical":"https:\/\/starstory.fr\/blog\/celebrites-et-influence-en-france\/louane-taille-age-couple-fille-et-fortune-la-fiche-complete\/","og_locale":"fr_FR","og_type":"article","og_title":"Louane : taille, \u00e2ge, couple, fille et fortune","og_description":"Derri\u00e8re le pr\u00e9nom Louane se cache Anne Edwige Maria Peichert, une jeune femme n\u00e9e dans le Pas-de-Calais en 1996","og_url":"https:\/\/starstory.fr\/blog\/celebrites-et-influence-en-france\/louane-taille-age-couple-fille-et-fortune-la-fiche-complete\/","og_site_name":"starstory","author":"Antoine Ferrand","twitter_card":"summary_large_image","schema":{"@context":"https:\/\/schema.org","@graph":[{"@type":"NewsArticle","@id":"https:\/\/starstory.fr\/blog\/celebrites-et-influence-en-france\/louane-taille-age-couple-fille-et-fortune-la-fiche-complete\/#article","isPartOf":{"@id":"https:\/\/starstory.fr\/blog\/celebrites-et-influence-en-france\/louane-taille-age-couple-fille-et-fortune-la-fiche-complete\/"},"author":{"name":"Antoine Ferrand","@id":"https:\/\/starstory.fr\/blog\/#\/schema\/person\/2d9dd3a73cf4dcbc428e866589dd5882"},"headline":"Louane : taille, \u00e2ge, couple, fille et fortune \u2014 la fiche compl\u00e8te","datePublished":"2026-06-05T22:39:18+00:00","mainEntityOfPage":{"@id":"https:\/\/starstory.fr\/blog\/celebrites-et-influence-en-france\/louane-taille-age-couple-fille-et-fortune-la-fiche-complete\/"},"wordCount":1422,"commentCount":0,"publisher":{"@id":"https:\/\/starstory.fr\/blog\/#organization"},"image":{"@id":"https:\/\/starstory.fr\/blog\/celebrites-et-influence-en-france\/louane-taille-age-couple-fille-et-fortune-la-fiche-complete\/#primaryimage"},"thumbnailUrl":"https:\/\/images.pexels.com\/photos\/5650906\/pexels-photo-5650906.jpeg?auto=compress&cs=tinysrgb&fit=crop&h=627&w=1200","articleSection":["C\u00e9l\u00e9brit\u00e9s et Influence en France"],"inLanguage":"fr-FR","potentialAction":[{"@type":"CommentAction","name":"Comment","target":["https:\/\/starstory.fr\/blog\/celebrites-et-influence-en-france\/louane-taille-age-couple-fille-et-fortune-la-fiche-complete\/#respond"]}]},{"@type":"WebPage","@id":"https:\/\/starstory.fr\/blog\/celebrites-et-influence-en-france\/louane-taille-age-couple-fille-et-fortune-la-fiche-complete\/","url":"https:\/\/starstory.fr\/blog\/celebrites-et-influence-en-france\/louane-taille-age-couple-fille-et-fortune-la-fiche-complete\/","name":"Louane : taille, \u00e2ge, couple, fille et fortune","isPartOf":{"@id":"https:\/\/starstory.fr\/blog\/#website"},"primaryImageOfPage":{"@id":"https:\/\/starstory.fr\/blog\/celebrites-et-influence-en-france\/louane-taille-age-couple-fille-et-fortune-la-fiche-complete\/#primaryimage"},"image":{"@id":"https:\/\/starstory.fr\/blog\/celebrites-et-influence-en-france\/louane-taille-age-couple-fille-et-fortune-la-fiche-complete\/#primaryimage"},"thumbnailUrl":"https:\/\/images.pexels.com\/photos\/5650906\/pexels-photo-5650906.jpeg?auto=compress&cs=tinysrgb&fit=crop&h=627&w=1200","datePublished":"2026-06-05T22:39:18+00:00","description":"Derri\u00e8re le pr\u00e9nom Louane se cache Anne Edwige Maria Peichert, une jeune femme n\u00e9e dans le Pas-de-Calais en 1996","inLanguage":"fr-FR","potentialAction":[{"@type":"ReadAction","target":["https:\/\/starstory.fr\/blog\/celebrites-et-influence-en-france\/louane-taille-age-couple-fille-et-fortune-la-fiche-complete\/"]}]},{"@type":"ImageObject","inLanguage":"fr-FR","@id":"https:\/\/starstory.fr\/blog\/celebrites-et-influence-en-france\/louane-taille-age-couple-fille-et-fortune-la-fiche-complete\/#primaryimage","url":"https:\/\/images.pexels.com\/photos\/5650906\/pexels-photo-5650906.jpeg?auto=compress&cs=tinysrgb&fit=crop&h=627&w=1200","contentUrl":"https:\/\/images.pexels.com\/photos\/5650906\/pexels-photo-5650906.jpeg?auto=compress&cs=tinysrgb&fit=crop&h=627&w=1200"},{"@type":"WebSite","@id":"https:\/\/starstory.fr\/blog\/#website","url":"https:\/\/starstory.fr\/blog\/","name":"StarStory","description":"StarStory, les \u00e9toiles racontent leur histoire","publisher":{"@id":"https:\/\/starstory.fr\/blog\/#organization"},"alternateName":"StarStory, les \u00e9toiles racontent leur histoire","potentialAction":[{"@type":"SearchAction","target":{"@type":"EntryPoint","urlTemplate":"https:\/\/starstory.fr\/blog\/?s={search_term_string}"},"query-input":{"@type":"PropertyValueSpecification","valueRequired":true,"valueName":"search_term_string"}}],"inLanguage":"fr-FR"},{"@type":"Organization","@id":"https:\/\/starstory.fr\/blog\/#organization","name":"StarStory","alternateName":"StarStory.fr","url":"https:\/\/starstory.fr\/blog\/","logo":{"@type":"ImageObject","inLanguage":"fr-FR","@id":"https:\/\/starstory.fr\/blog\/#\/schema\/logo\/image\/","url":"https:\/\/starstory.fr\/blog\/wp-content\/uploads\/2024\/12\/38.png","contentUrl":"https:\/\/starstory.fr\/blog\/wp-content\/uploads\/2024\/12\/38.png","width":500,"height":500,"caption":"StarStory"},"image":{"@id":"https:\/\/starstory.fr\/blog\/#\/schema\/logo\/image\/"}},{"@type":"Person","@id":"https:\/\/starstory.fr\/blog\/#\/schema\/person\/2d9dd3a73cf4dcbc428e866589dd5882","name":"Antoine Ferrand","image":{"@type":"ImageObject","inLanguage":"fr-FR","@id":"https:\/\/starstory.fr\/blog\/#\/schema\/person\/image\/","url":"https:\/\/secure.gravatar.com\/avatar\/?s=96&d=mm&r=g","contentUrl":"https:\/\/secure.gravatar.com\/avatar\/?s=96&d=mm&r=g","caption":"Antoine Ferrand"},"description":"Antoine analyse les figures politiques et m\u00e9diatiques, ainsi que leur influence en France au fil des ann\u00e9es.","url":"https:\/\/starstory.fr\/blog\/auteur\/antoine-dupont\/"}]}},"_links":{"self":[{"href":"https:\/\/starstory.fr\/blog\/wp-json\/wp\/v2\/posts\/7945","targetHints":{"allow":["GET"]}}],"collection":[{"href":"https:\/\/starstory.fr\/blog\/wp-json\/wp\/v2\/posts"}],"about":[{"href":"https:\/\/starstory.fr\/blog\/wp-json\/wp\/v2\/types\/post"}],"author":[{"embeddable":true,"href":"https:\/\/starstory.fr\/blog\/wp-json\/wp\/v2\/users\/42"}],"replies":[{"embeddable":true,"href":"https:\/\/starstory.fr\/blog\/wp-json\/wp\/v2\/comments?post=7945"}],"version-history":[{"count":0,"href":"https:\/\/starstory.fr\/blog\/wp-json\/wp\/v2\/posts\/7945\/revisions"}],"wp:attachment":[{"href":"https:\/\/starstory.fr\/blog\/wp-json\/wp\/v2\/media?parent=7945"}],"wp:term":[{"taxonomy":"category","embeddable":true,"href":"https:\/\/starstory.fr\/blog\/wp-json\/wp\/v2\/categories?post=7945"},{"taxonomy":"post_tag","embeddable":true,"href":"https:\/\/starstory.fr\/blog\/wp-json\/wp\/v2\/tags?post=7945"}],"curies":[{"name":"wp","href":"https:\/\/api.w.org\/{rel}","templated":true}]}}