{"id":7944,"date":"2026-06-06T00:39:06","date_gmt":"2026-06-05T22:39:06","guid":{"rendered":"https:\/\/starstory.fr\/blog\/musique-et-icones-musicales\/billie-eilish-taille-age-couple-origines-et-fortune-la-fiche-complete\/"},"modified":"2026-06-06T00:39:06","modified_gmt":"2026-06-05T22:39:06","slug":"billie-eilish-taille-age-couple-origines-et-fortune-la-fiche-complete","status":"publish","type":"post","link":"https:\/\/starstory.fr\/blog\/musique-et-icones-musicales\/billie-eilish-taille-age-couple-origines-et-fortune-la-fiche-complete\/","title":{"rendered":"Billie Eilish : taille, \u00e2ge, couple, origines et fortune \u2014 la fiche compl\u00e8te"},"content":{"rendered":"<aside style=\"background:#FBEAF2;border-left:5px solid #B11E6A;padding:22px 28px;margin:24px 0;font-family:-apple-system,BlinkMacSystemFont,'Segoe UI',Roboto,sans-serif;\">\n<div style=\"margin:0;font-size:19px;line-height:1.55;color:#2a2a2a;font-weight:500;letter-spacing:-0.005em;\">\n    Billie Eilish mesure environ 1,61 m (5 pieds 3 pouces), elle est n\u00e9e le 18 d\u00e9cembre 2001 \u00e0 Los Angeles et a donc 24 ans en 2026. R\u00e9v\u00e9l\u00e9e \u00e0 13 ans avec \u00ab Ocean Eyes \u00bb, elle est aujourd&rsquo;hui l&rsquo;une des artistes les plus titr\u00e9es de sa g\u00e9n\u00e9ration : dix Grammy Awards et deux Oscars. Voici sa fiche compl\u00e8te, v\u00e9rifi\u00e9e et tenue \u00e0 jour.\n  <\/div>\n<\/aside>\n<p>Difficile de r\u00e9sumer en une ligne une carri\u00e8re aussi dense. En moins de dix ans, Billie Eilish est pass\u00e9e du statut d&rsquo;adolescente postant une chanson sur SoundCloud \u00e0 celui de superstar mondiale capable de remporter les quatre r\u00e9compenses majeures des Grammy en une seule c\u00e9r\u00e9monie. Sa voix murmur\u00e9e, son esth\u00e9tique sombre et son lien cr\u00e9atif fusionnel avec son fr\u00e8re Finneas O&rsquo;Connell ont red\u00e9fini la pop des ann\u00e9es 2020. Cette fiche fait le point sur sa taille, son \u00e2ge, ses origines, sa vie priv\u00e9e et sa fortune estim\u00e9e, en s&rsquo;appuyant sur des donn\u00e9es publiques et v\u00e9rifi\u00e9es.<\/p>\n<figure style=\"margin:32px 0;font-family:-apple-system,BlinkMacSystemFont,'Segoe UI',Roboto,sans-serif;\">\n<div style=\"overflow-x:auto;border:1px solid #e5e5e0;border-radius:8px;\">\n<table style=\"width:100%;border-collapse:collapse;font-size:14px;color:#2a2a2a;min-width:500px;\">\n<thead>\n<tr style=\"background:#1a1a1a;color:#fff;\">\n<th style=\"text-align:left;padding:14px 18px;font-weight:700;font-size:12px;text-transform:uppercase;letter-spacing:1.5px;\">Carte d&rsquo;identit\u00e9<\/th>\n<th style=\"text-align:left;padding:14px 18px;font-weight:700;font-size:12px;text-transform:uppercase;letter-spacing:1.5px;\">D\u00e9tail<\/th>\n<\/tr>\n<\/thead>\n<tbody>\n<tr style=\"background:#fff;border-bottom:1px solid #f0ede5;\">\n<td style=\"padding:14px 18px;font-weight:600;\">Nom complet<\/td>\n<td style=\"padding:14px 18px;color:#4a4a4a;\">Billie Eilish Pirate Baird O&rsquo;Connell<\/td>\n<\/tr>\n<tr style=\"background:#FBEAF2;border-bottom:1px solid #f0ede5;\">\n<td style=\"padding:14px 18px;font-weight:600;\">Naissance<\/td>\n<td style=\"padding:14px 18px;color:#4a4a4a;\">18 d\u00e9cembre 2001, Los Angeles (Californie, \u00c9tats-Unis)<\/td>\n<\/tr>\n<tr style=\"background:#fff;border-bottom:1px solid #f0ede5;\">\n<td style=\"padding:14px 18px;font-weight:600;\">\u00c2ge<\/td>\n<td style=\"padding:14px 18px;color:#4a4a4a;\">24 ans (en 2026)<\/td>\n<\/tr>\n<tr style=\"background:#FBEAF2;border-bottom:1px solid #f0ede5;\">\n<td style=\"padding:14px 18px;font-weight:600;\">Taille<\/td>\n<td style=\"padding:14px 18px;color:#4a4a4a;\">Environ 1,61 m (5 pieds 3 pouces)<\/td>\n<\/tr>\n<tr style=\"background:#fff;border-bottom:1px solid #f0ede5;\">\n<td style=\"padding:14px 18px;font-weight:600;\">Nationalit\u00e9<\/td>\n<td style=\"padding:14px 18px;color:#4a4a4a;\">Am\u00e9ricaine<\/td>\n<\/tr>\n<tr style=\"background:#FBEAF2;border-bottom:1px solid #f0ede5;\">\n<td style=\"padding:14px 18px;font-weight:600;\">Profession<\/td>\n<td style=\"padding:14px 18px;color:#4a4a4a;\">Chanteuse, autrice-compositrice<\/td>\n<\/tr>\n<tr style=\"background:#fff;\">\n<td style=\"padding:14px 18px;font-weight:600;\">R\u00e9compenses<\/td>\n<td style=\"padding:14px 18px;color:#4a4a4a;\">10 Grammy Awards, 2 Oscars de la meilleure chanson originale<\/td>\n<\/tr>\n<\/tbody>\n<\/table><\/div><figcaption style=\"font-size:11px;color:#7a7a7a;margin-top:8px;text-align:right;letter-spacing:0.3px;\">Donn\u00e9es indicatives \u2014 voir sources en fin d&rsquo;article.<\/figcaption><\/figure>\n<h2>Biographie et d\u00e9buts : une affaire de famille<\/h2>\n<p>Billie Eilish Pirate Baird O&rsquo;Connell na\u00eet le 18 d\u00e9cembre 2001 \u00e0 Los Angeles, dans une famille d&rsquo;artistes. Sa m\u00e8re, Maggie Baird, et son p\u00e8re, Patrick O&rsquo;Connell, sont tous deux acteurs et musiciens. \u00c9lev\u00e9e \u00e0 la maison, immerg\u00e9e d\u00e8s l&rsquo;enfance dans la cr\u00e9ation, elle apprend \u00e0 composer tr\u00e8s t\u00f4t aux c\u00f4t\u00e9s de son fr\u00e8re a\u00een\u00e9, Finneas O&rsquo;Connell, lui aussi musicien.<\/p>\n<p>Le tournant intervient en novembre 2015. Finneas avait \u00e9crit une chanson, \u00ab Ocean Eyes \u00bb, initialement destin\u00e9e \u00e0 son propre groupe. Billie, alors \u00e2g\u00e9e de 13 ans, l&rsquo;enregistre et le titre est mis en ligne sur SoundCloud, \u00e0 l&rsquo;origine pour son professeur de danse. La chanson devient virale en quelques semaines. Ce duo fr\u00e8re-s\u0153ur restera la signature de toute sa carri\u00e8re : Finneas co\u00e9crit et produit l&rsquo;essentiel de ses morceaux, souvent depuis une chambre de la maison familiale.<\/p>\n<aside style=\"background:#FBEAF2;border-left:4px solid #B11E6A;padding:14px 18px;margin:18px 0;border-radius:0 4px 4px 0;font-family:-apple-system,BlinkMacSystemFont,'Segoe UI',Roboto,sans-serif;\">\n  <strong style=\"display:inline-block;color:#B11E6A;font-size:12px;text-transform:uppercase;letter-spacing:1.5px;margin-right:8px;\">&#10022; \u00c0 savoir<\/strong><br \/>\n  <span style=\"font-size:14.5px;line-height:1.55;color:#3a3a3a;\">\u00ab Eilish \u00bb et \u00ab Pirate \u00bb faisaient \u00e0 l&rsquo;origine partie des pr\u00e9noms envisag\u00e9s pour elle : son nom complet, Billie Eilish Pirate Baird O&rsquo;Connell, refl\u00e8te ce choix familial atypique.<\/span><br \/>\n<\/aside>\n<h2>Carri\u00e8re et r\u00e9compenses : du SoundCloud aux Oscars<\/h2>\n<p>Apr\u00e8s l&rsquo;EP \u00ab Don&rsquo;t Smile at Me \u00bb (2017), Billie Eilish publie en 2019 son premier album studio, \u00ab When We All Fall Asleep, Where Do We Go? \u00bb. Port\u00e9 par le tube plan\u00e9taire \u00ab Bad Guy \u00bb, l&rsquo;album s&rsquo;impose comme un ph\u00e9nom\u00e8ne. Lors de la c\u00e9r\u00e9monie des Grammy Awards 2020, elle r\u00e9alise un exploit historique : elle devient la deuxi\u00e8me artiste de l&rsquo;histoire \u2014 et la premi\u00e8re femme \u2014 \u00e0 remporter les quatre cat\u00e9gories g\u00e9n\u00e9ralistes majeures (Enregistrement de l&rsquo;ann\u00e9e, Album de l&rsquo;ann\u00e9e, Chanson de l&rsquo;ann\u00e9e et R\u00e9v\u00e9lation de l&rsquo;ann\u00e9e) au cours d&rsquo;une m\u00eame soir\u00e9e.<\/p>\n<p>La suite confirme sa trajectoire : \u00ab Happier Than Ever \u00bb (2021), album plus introspectif, puis \u00ab Hit Me Hard and Soft \u00bb (2024), salu\u00e9 par la critique. En parall\u00e8le, elle s&rsquo;illustre au cin\u00e9ma. Elle remporte un premier Oscar de la meilleure chanson originale en 2022 pour \u00ab No Time to Die \u00bb, g\u00e9n\u00e9rique du film de James Bond \u00e9ponyme, puis un second en 2024 pour \u00ab What Was I Made For? \u00bb, issue de la bande originale de \u00ab Barbie \u00bb. Elle devient ainsi la plus jeune personne de l&rsquo;histoire \u00e0 remporter deux Oscars, toutes cat\u00e9gories confondues.<\/p>\n<figure style=\"margin:32px 0;font-family:-apple-system,BlinkMacSystemFont,'Segoe UI',Roboto,sans-serif;\">\n<div style=\"overflow-x:auto;border:1px solid #e5e5e0;border-radius:8px;\">\n<table style=\"width:100%;border-collapse:collapse;font-size:14px;color:#2a2a2a;min-width:500px;\">\n<thead>\n<tr style=\"background:#1a1a1a;color:#fff;\">\n<th style=\"text-align:left;padding:14px 18px;font-weight:700;font-size:12px;text-transform:uppercase;letter-spacing:1.5px;\">Album studio<\/th>\n<th style=\"text-align:center;padding:14px 18px;font-weight:700;font-size:12px;text-transform:uppercase;letter-spacing:1.5px;\">Ann\u00e9e<\/th>\n<th style=\"text-align:left;padding:14px 18px;font-weight:700;font-size:12px;text-transform:uppercase;letter-spacing:1.5px;\">Rep\u00e8re<\/th>\n<\/tr>\n<\/thead>\n<tbody>\n<tr style=\"background:#fff;border-bottom:1px solid #f0ede5;\">\n<td style=\"padding:14px 18px;font-weight:600;\">When We All Fall Asleep, Where Do We Go?<\/td>\n<td style=\"padding:14px 18px;text-align:center;color:#6a6a6a;\">2019<\/td>\n<td style=\"padding:14px 18px;color:#4a4a4a;\">Single \u00ab Bad Guy \u00bb<\/td>\n<\/tr>\n<tr style=\"background:#FBEAF2;border-bottom:1px solid #f0ede5;\">\n<td style=\"padding:14px 18px;font-weight:600;\">Happier Than Ever<\/td>\n<td style=\"padding:14px 18px;text-align:center;color:#6a6a6a;\">2021<\/td>\n<td style=\"padding:14px 18px;color:#4a4a4a;\">Virage introspectif<\/td>\n<\/tr>\n<tr style=\"background:#fff;\">\n<td style=\"padding:14px 18px;font-weight:600;\">Hit Me Hard and Soft<\/td>\n<td style=\"padding:14px 18px;text-align:center;color:#6a6a6a;\">2024<\/td>\n<td style=\"padding:14px 18px;color:#4a4a4a;\">Salu\u00e9 par la critique<\/td>\n<\/tr>\n<\/tbody>\n<\/table><\/div>\n<\/figure>\n<figure style=\"margin:32px 0;padding:0;font-family:-apple-system,BlinkMacSystemFont,'Segoe UI',Roboto,sans-serif;\">\n<div style=\"display:grid;grid-template-columns:repeat(auto-fit,minmax(140px,1fr));background:#1a1a1a;border-radius:6px;overflow:hidden;\">\n<div style=\"padding:22px 16px;text-align:center;border-right:1px solid #2f2f2f;\">\n<div style=\"font-size:36px;font-weight:900;color:#fff;letter-spacing:-0.04em;line-height:1;\">10<\/div>\n<div style=\"font-size:11px;text-transform:uppercase;letter-spacing:1.5px;color:#9a9a9a;margin-top:8px;\">Grammy Awards<\/div>\n<\/p><\/div>\n<div style=\"padding:22px 16px;text-align:center;border-right:1px solid #2f2f2f;\">\n<div style=\"font-size:36px;font-weight:900;color:#fff;letter-spacing:-0.04em;line-height:1;\">2<\/div>\n<div style=\"font-size:11px;text-transform:uppercase;letter-spacing:1.5px;color:#9a9a9a;margin-top:8px;\">Oscars chanson<\/div>\n<\/p><\/div>\n<div style=\"padding:22px 16px;text-align:center;\">\n<div style=\"font-size:36px;font-weight:900;color:#B11E6A;letter-spacing:-0.04em;line-height:1;\">13<\/div>\n<div style=\"font-size:11px;text-transform:uppercase;letter-spacing:1.5px;color:#9a9a9a;margin-top:8px;\">\u00c2ge \u00e0 \u00ab Ocean Eyes \u00bb<\/div>\n<\/p><\/div>\n<\/p><\/div><figcaption style=\"font-size:11px;color:#7a7a7a;margin-top:8px;text-align:right;letter-spacing:0.3px;\">Donn\u00e9es indicatives \u2014 voir sources en fin d&rsquo;article.<\/figcaption><\/figure>\n<h2>Taille et physique : pourquoi \u00ab taille Billie Eilish \u00bb intrigue autant<\/h2>\n<p>La requ\u00eate \u00ab taille Billie Eilish \u00bb fait partie des recherches les plus fr\u00e9quentes \u00e0 son sujet. La r\u00e9ponse : la chanteuse mesure environ 1,61 m, soit 5 pieds 3 pouces dans le syst\u00e8me am\u00e9ricain. Une silhouette plut\u00f4t menue, que ses tenues amples et oversize des d\u00e9buts ont longtemps contribu\u00e9 \u00e0 dissimuler. Ce choix vestimentaire \u00e9tait d&rsquo;ailleurs assum\u00e9 : Billie Eilish a expliqu\u00e9 \u00e0 plusieurs reprises avoir voulu, au lancement de sa carri\u00e8re, emp\u00eacher que l&rsquo;on commente son corps.<\/p>\n<p>Au fil des ann\u00e9es, son style a \u00e9volu\u00e9, du noir et vert fluo des d\u00e9buts vers des silhouettes plus vari\u00e9es, parfois inspir\u00e9es du glamour hollywoodien. Sa chevelure, devenue l&rsquo;un de ses marqueurs identitaires, a connu de multiples transformations, du vert et noir caract\u00e9ristique au blond platine arbor\u00e9 en 2021.<\/p>\n<aside style=\"background:#fafaf7;border:1px solid #e5e5e0;border-radius:8px;padding:24px 26px 26px;margin:28px 0;font-family:-apple-system,BlinkMacSystemFont,'Segoe UI',Roboto,sans-serif;\">\n<div style=\"margin:0 0 18px 0;font-size:11px;font-weight:700;text-transform:uppercase;letter-spacing:2.2px;color:#B11E6A;\">\u00c0 retenir<\/div>\n<div style=\"display:grid;grid-template-columns:repeat(auto-fit,minmax(240px,1fr));gap:10px;\">\n<div style=\"display:flex;gap:12px;background:#fff;border:1px solid #ebebe5;padding:12px 14px;border-radius:6px;align-items:flex-start;\">\n      <span style=\"flex:0 0 26px;width:26px;height:26px;background:#B11E6A;color:#fff;border-radius:50%;display:inline-flex;align-items:center;justify-content:center;font-size:12px;font-weight:700;\">1<\/span><br \/>\n      <span style=\"font-size:14px;line-height:1.5;color:#2a2a2a;\">Elle mesure environ 1,61 m (5 pieds 3 pouces).<\/span>\n    <\/div>\n<div style=\"display:flex;gap:12px;background:#fff;border:1px solid #ebebe5;padding:12px 14px;border-radius:6px;align-items:flex-start;\">\n      <span style=\"flex:0 0 26px;width:26px;height:26px;background:#B11E6A;color:#fff;border-radius:50%;display:inline-flex;align-items:center;justify-content:center;font-size:12px;font-weight:700;\">2<\/span><br \/>\n      <span style=\"font-size:14px;line-height:1.5;color:#2a2a2a;\">Les tenues oversize des d\u00e9buts visaient \u00e0 \u00e9viter les commentaires sur son corps.<\/span>\n    <\/div>\n<div style=\"display:flex;gap:12px;background:#fff;border:1px solid #ebebe5;padding:12px 14px;border-radius:6px;align-items:flex-start;\">\n      <span style=\"flex:0 0 26px;width:26px;height:26px;background:#B11E6A;color:#fff;border-radius:50%;display:inline-flex;align-items:center;justify-content:center;font-size:12px;font-weight:700;\">3<\/span><br \/>\n      <span style=\"font-size:14px;line-height:1.5;color:#2a2a2a;\">Sa coupe et sa couleur de cheveux sont devenues un marqueur identitaire fort.<\/span>\n    <\/div>\n<\/p><\/div>\n<\/aside>\n<h2>Vie priv\u00e9e : une star qui prot\u00e8ge son intimit\u00e9<\/h2>\n<p>Billie Eilish reste l&rsquo;une des vedettes les plus discr\u00e8tes de sa g\u00e9n\u00e9ration sur le terrain de sa vie priv\u00e9e. Elle communique peu sur ses relations et pr\u00e9f\u00e8re, de mani\u00e8re g\u00e9n\u00e9rale, garder ses histoires de c\u0153ur loin des projecteurs. Les m\u00e9dias ont \u00e9voqu\u00e9 quelques relations au fil des ans, mais l&rsquo;artiste s&rsquo;est toujours montr\u00e9e prudente quant \u00e0 ce qu&rsquo;elle confirme publiquement.<\/p>\n<p>Concernant son identit\u00e9, elle s&rsquo;est exprim\u00e9e dans la presse sur le fait qu&rsquo;elle attire et aime les femmes, tout en revendiquant son droit \u00e0 ne pas avoir \u00e0 se justifier ni \u00e0 \u00e9tiqueter sa sexualit\u00e9. Cette position, exprim\u00e9e notamment dans des entretiens, illustre sa volont\u00e9 constante de ma\u00eetriser son r\u00e9cit m\u00e9diatique. Par prudence et par respect, on s&rsquo;en tiendra ici \u00e0 ce qu&rsquo;elle a elle-m\u00eame choisi de rendre public.<\/p>\n<figure style=\"margin:38px auto;padding:28px 24px;text-align:center;border-top:1px solid #2a2a2a;border-bottom:1px solid #2a2a2a;max-width:640px;position:relative;font-family:Georgia,'Hoefler Text',serif;\">\n<div style=\"position:absolute;top:-20px;left:50%;transform:translateX(-50%);background:#ffffff;padding:0 14px;font-size:48px;line-height:1;color:#B11E6A;font-family:Georgia,serif;\">&laquo;<\/div>\n<blockquote style=\"margin:0;padding:0;font-size:24px;line-height:1.45;font-style:italic;color:#1a1a1a;letter-spacing:-0.005em;\"><p>\n    Mon corps m&rsquo;appartient, ma vie m&rsquo;appartient \u2014 et je ne dois d&rsquo;explications \u00e0 personne.<br \/>\n  <\/blockquote><figcaption style=\"margin-top:14px;font-size:12px;text-transform:uppercase;letter-spacing:2px;color:#6a6a6a;font-family:-apple-system,sans-serif;font-style:normal;\">\u2014 Esprit des prises de position publiques de l&rsquo;artiste<\/figcaption><\/figure>\n<h2>Fortune estim\u00e9e : combien p\u00e8se Billie Eilish ?<\/h2>\n<p>La fortune de Billie Eilish est, comme toujours pour les c\u00e9l\u00e9brit\u00e9s, difficile \u00e0 chiffrer pr\u00e9cis\u00e9ment. Selon les estimations publiques les plus reprises, son patrimoine est \u00e9valu\u00e9 aux alentours de 50 millions de dollars, certaines sources \u00e9voquant une fourchette plus large. Ces chiffres restent des estimations et doivent \u00eatre pris avec prudence.<\/p>\n<p>Cette fortune provient de sources multiples : ventes d&rsquo;albums et de singles, revenus du streaming, tourn\u00e9es mondiales \u00e0 guichets ferm\u00e9s, contrats publicitaires (notamment dans la mode et la beaut\u00e9), et sa propre marque de parfums. \u00c0 seulement 24 ans, et compte tenu de la r\u00e9gularit\u00e9 de ses succ\u00e8s, son patrimoine est appel\u00e9 \u00e0 \u00e9voluer au gr\u00e9 de ses nouveaux projets.<\/p>\n<aside style=\"background:#fff7e0;border-left:4px solid #d4a017;padding:14px 18px;margin:18px 0;border-radius:0 4px 4px 0;font-family:-apple-system,BlinkMacSystemFont,'Segoe UI',Roboto,sans-serif;\">\n  <strong style=\"display:inline-block;color:#7a5e00;font-size:12px;text-transform:uppercase;letter-spacing:1.5px;margin-right:8px;\">&#128161; Bon \u00e0 savoir<\/strong><br \/>\n  <span style=\"font-size:14.5px;line-height:1.55;color:#3a3a3a;\">Les estimations de fortune des stars varient fortement d&rsquo;une source \u00e0 l&rsquo;autre. Le chiffre d&rsquo;environ 50 millions de dollars est une moyenne indicative, non un montant officiel communiqu\u00e9 par l&rsquo;artiste.<\/span><br \/>\n<\/aside>\n<h2>Anecdotes : ce que l&rsquo;on retient de Billie Eilish<\/h2>\n<div style=\"display:grid;grid-template-columns:repeat(auto-fit,minmax(220px,1fr));gap:14px;margin:28px 0;font-family:-apple-system,BlinkMacSystemFont,'Segoe UI',Roboto,sans-serif;\">\n<article style=\"background:#fff;border:1px solid #e5e5e0;border-top:3px solid #B11E6A;border-radius:6px;padding:18px 18px 16px;\">\n<div style=\"width:36px;height:36px;background:#FBEAF2;border-radius:50%;display:inline-flex;align-items:center;justify-content:center;margin-bottom:12px;\">\n      <span style=\"font-size:18px;color:#B11E6A;font-weight:900;font-family:Georgia,serif;\">01<\/span>\n    <\/div>\n<h3 style=\"margin:0 0 6px 0;font-size:16px;font-weight:700;color:#1a1a1a;letter-spacing:-0.01em;\">Tout commence en chambre<\/h3>\n<div style=\"margin:0;font-size:13.5px;line-height:1.55;color:#4a4a4a;\">La plupart de ses premiers titres ont \u00e9t\u00e9 enregistr\u00e9s dans la chambre d&rsquo;enfance de Finneas, dans la maison familiale de Los Angeles.<\/div>\n<\/article>\n<article style=\"background:#fff;border:1px solid #e5e5e0;border-top:3px solid #B11E6A;border-radius:6px;padding:18px 18px 16px;\">\n<div style=\"width:36px;height:36px;background:#FBEAF2;border-radius:50%;display:inline-flex;align-items:center;justify-content:center;margin-bottom:12px;\">\n      <span style=\"font-size:18px;color:#B11E6A;font-weight:900;font-family:Georgia,serif;\">02<\/span>\n    <\/div>\n<h3 style=\"margin:0 0 6px 0;font-size:16px;font-weight:700;color:#1a1a1a;letter-spacing:-0.01em;\">Une famille d&rsquo;acteurs<\/h3>\n<div style=\"margin:0;font-size:13.5px;line-height:1.55;color:#4a4a4a;\">Ses parents, Maggie Baird et Patrick O&rsquo;Connell, sont tous deux com\u00e9diens, ce qui a baign\u00e9 son enfance dans l&rsquo;univers du spectacle.<\/div>\n<\/article>\n<article style=\"background:#fff;border:1px solid #e5e5e0;border-top:3px solid #B11E6A;border-radius:6px;padding:18px 18px 16px;\">\n<div style=\"width:36px;height:36px;background:#FBEAF2;border-radius:50%;display:inline-flex;align-items:center;justify-content:center;margin-bottom:12px;\">\n      <span style=\"font-size:18px;color:#B11E6A;font-weight:900;font-family:Georgia,serif;\">03<\/span>\n    <\/div>\n<h3 style=\"margin:0 0 6px 0;font-size:16px;font-weight:700;color:#1a1a1a;letter-spacing:-0.01em;\">Record aux Oscars<\/h3>\n<div style=\"margin:0;font-size:13.5px;line-height:1.55;color:#4a4a4a;\">Avec ses deux statuettes pour James Bond et Barbie, elle est la plus jeune personne \u00e0 avoir remport\u00e9 deux Oscars.<\/div>\n<\/article>\n<article style=\"background:#fff;border:1px solid #e5e5e0;border-top:3px solid #B11E6A;border-radius:6px;padding:18px 18px 16px;\">\n<div style=\"width:36px;height:36px;background:#FBEAF2;border-radius:50%;display:inline-flex;align-items:center;justify-content:center;margin-bottom:12px;\">\n      <span style=\"font-size:18px;color:#B11E6A;font-weight:900;font-family:Georgia,serif;\">04<\/span>\n    <\/div>\n<h3 style=\"margin:0 0 6px 0;font-size:16px;font-weight:700;color:#1a1a1a;letter-spacing:-0.01em;\">Engag\u00e9e pour la plan\u00e8te<\/h3>\n<div style=\"margin:0;font-size:13.5px;line-height:1.55;color:#4a4a4a;\">Tr\u00e8s impliqu\u00e9e sur les questions environnementales, elle a fait du respect de l&rsquo;\u00e9cologie un volet visible de ses tourn\u00e9es et de sa communication.<\/div>\n<\/article>\n<\/div>\n<section style=\"margin:32px 0;font-family:-apple-system,BlinkMacSystemFont,'Segoe UI',Roboto,sans-serif;\">\n<h2 style=\"margin:0 0 18px 0;font-size:22px;font-weight:800;color:#1a1a1a;letter-spacing:-0.01em;\">Questions fr\u00e9quentes<\/h2>\n<div style=\"border-top:1px solid #d4cfc4;\">\n<details style=\"border-bottom:1px solid #d4cfc4;padding:0;\">\n<summary style=\"cursor:pointer;padding:16px 0;font-size:17px;font-weight:700;color:#1a1a1a;list-style:none;display:flex;justify-content:space-between;align-items:center;gap:14px;\">\n        <span>Quelle taille fait Billie Eilish ?<\/span><br \/>\n        <span style=\"font-size:22px;font-weight:300;color:#B11E6A;line-height:1;\">+<\/span><br \/>\n      <\/summary>\n<div style=\"padding:0 0 16px 0;font-size:15px;line-height:1.7;color:#4a4a4a;\">Billie Eilish mesure environ 1,61 m, soit 5 pieds 3 pouces dans le syst\u00e8me am\u00e9ricain. Il s&rsquo;agit d&rsquo;une taille plut\u00f4t menue, longtemps masqu\u00e9e par ses tenues amples des d\u00e9buts.<\/div>\n<\/details>\n<details style=\"border-bottom:1px solid #d4cfc4;padding:0;\">\n<summary style=\"cursor:pointer;padding:16px 0;font-size:17px;font-weight:700;color:#1a1a1a;list-style:none;display:flex;justify-content:space-between;align-items:center;gap:14px;\">\n        <span>Quel \u00e2ge a Billie Eilish ?<\/span><br \/>\n        <span style=\"font-size:22px;font-weight:300;color:#B11E6A;line-height:1;\">+<\/span><br \/>\n      <\/summary>\n<div style=\"padding:0 0 16px 0;font-size:15px;line-height:1.7;color:#4a4a4a;\">N\u00e9e le 18 d\u00e9cembre 2001 \u00e0 Los Angeles, Billie Eilish a 24 ans en 2026. Elle avait seulement 13 ans lorsque \u00ab Ocean Eyes \u00bb l&rsquo;a r\u00e9v\u00e9l\u00e9e.<\/div>\n<\/details>\n<details style=\"border-bottom:1px solid #d4cfc4;padding:0;\">\n<summary style=\"cursor:pointer;padding:16px 0;font-size:17px;font-weight:700;color:#1a1a1a;list-style:none;display:flex;justify-content:space-between;align-items:center;gap:14px;\">\n        <span>Billie Eilish est-elle en couple ?<\/span><br \/>\n        <span style=\"font-size:22px;font-weight:300;color:#B11E6A;line-height:1;\">+<\/span><br \/>\n      <\/summary>\n<div style=\"padding:0 0 16px 0;font-size:15px;line-height:1.7;color:#4a4a4a;\">L&rsquo;artiste prot\u00e8ge soigneusement sa vie priv\u00e9e et communique tr\u00e8s peu sur ses relations. Quelques liaisons ont \u00e9t\u00e9 \u00e9voqu\u00e9es par les m\u00e9dias au fil des ans, mais elle confirme rarement publiquement sa situation sentimentale.<\/div>\n<\/details>\n<details style=\"border-bottom:1px solid #d4cfc4;padding:0;\">\n<summary style=\"cursor:pointer;padding:16px 0;font-size:17px;font-weight:700;color:#1a1a1a;list-style:none;display:flex;justify-content:space-between;align-items:center;gap:14px;\">\n        <span>Quel est le vrai nom de Billie Eilish ?<\/span><br \/>\n        <span style=\"font-size:22px;font-weight:300;color:#B11E6A;line-height:1;\">+<\/span><br \/>\n      <\/summary>\n<div style=\"padding:0 0 16px 0;font-size:15px;line-height:1.7;color:#4a4a4a;\">Son nom complet est Billie Eilish Pirate Baird O&rsquo;Connell. \u00ab Billie Eilish \u00bb est donc bien son vrai pr\u00e9nom, et non un nom de sc\u00e8ne invent\u00e9 de toutes pi\u00e8ces.<\/div>\n<\/details>\n<details style=\"padding:0;\">\n<summary style=\"cursor:pointer;padding:16px 0;font-size:17px;font-weight:700;color:#1a1a1a;list-style:none;display:flex;justify-content:space-between;align-items:center;gap:14px;\">\n        <span>Quelle est la fortune de Billie Eilish ?<\/span><br \/>\n        <span style=\"font-size:22px;font-weight:300;color:#B11E6A;line-height:1;\">+<\/span><br \/>\n      <\/summary>\n<div style=\"padding:0 0 16px 0;font-size:15px;line-height:1.7;color:#4a4a4a;\">Sa fortune est estim\u00e9e aux alentours de 50 millions de dollars, selon les sources publiques les plus reprises. Ce montant reste une estimation indicative, aliment\u00e9e par la musique, les tourn\u00e9es, la mode et ses parfums.<\/div>\n<\/details><\/div>\n<\/section>\n<p>De \u00ab Ocean Eyes \u00bb enregistr\u00e9e \u00e0 13 ans aux deux Oscars remport\u00e9s avant m\u00eame ses 23 ans, le parcours de Billie Eilish illustre une trajectoire rare dans la pop moderne. Sa taille d&rsquo;environ 1,61 m, son \u00e2ge de 24 ans, ses origines californiennes, son tandem cr\u00e9atif avec Finneas et sa fortune estim\u00e9e \u00e0 plusieurs dizaines de millions de dollars dessinent le portrait d&rsquo;une artiste \u00e0 la fois ultra-m\u00e9diatis\u00e9e et farouchement attach\u00e9e \u00e0 sa libert\u00e9. Une fiche que nous continuerons d&rsquo;actualiser au fil de ses prochains projets.<\/p>\n<p style=\"font-size:13px;color:#6a6a6a;margin-top:32px;\">Sources : Wikip\u00e9dia et donn\u00e9es publiques. Article mis \u00e0 jour r\u00e9guli\u00e8rement.<\/p>\n","protected":false},"excerpt":{"rendered":"","protected":false},"author":40,"featured_media":999999999,"comment_status":"open","ping_status":"open","sticky":false,"template":"","format":"standard","meta":{"_acf_changed":false,"manual_indexmenow":false,"indexmenow_id_project":0,"footnotes":""},"categories":[4522],"tags":[],"class_list":["post-7944","post","type-post","status-publish","format-standard","has-post-thumbnail","hentry","category-musique-et-icones-musicales","generate-columns","tablet-grid-50","mobile-grid-100","grid-parent","grid-25"],"acf":[],"yoast_head":"<!-- This site is optimized with the Yoast SEO Premium plugin v21.3 (Yoast SEO v26.5) - https:\/\/yoast.com\/wordpress\/plugins\/seo\/ -->\n<title>Billie Eilish : taille, \u00e2ge, couple, origines et fortune<\/title>\n<meta name=\"description\" content=\"Difficile de r\u00e9sumer en une ligne une carri\u00e8re aussi dense. En moins de dix ans, Billie Eilish est pass\u00e9e du statut d&#039;adolescente postant une chanson\" \/>\n<meta name=\"robots\" content=\"index, follow, max-snippet:-1, max-image-preview:large, max-video-preview:-1\" \/>\n<link rel=\"canonical\" href=\"https:\/\/starstory.fr\/blog\/musique-et-icones-musicales\/billie-eilish-taille-age-couple-origines-et-fortune-la-fiche-complete\/\" \/>\n<meta property=\"og:locale\" content=\"fr_FR\" \/>\n<meta property=\"og:type\" content=\"article\" \/>\n<meta property=\"og:title\" content=\"Billie Eilish : taille, \u00e2ge, couple, origines et fortune\" \/>\n<meta property=\"og:description\" content=\"Difficile de r\u00e9sumer en une ligne une carri\u00e8re aussi dense. En moins de dix ans, Billie Eilish est pass\u00e9e du statut d&#039;adolescente postant une chanson\" \/>\n<meta property=\"og:url\" content=\"https:\/\/starstory.fr\/blog\/musique-et-icones-musicales\/billie-eilish-taille-age-couple-origines-et-fortune-la-fiche-complete\/\" \/>\n<meta property=\"og:site_name\" content=\"starstory\" \/>\n<meta name=\"author\" content=\"Julien Vaillant\" \/>\n<meta name=\"twitter:card\" content=\"summary_large_image\" \/>\n<script type=\"application\/ld+json\" class=\"yoast-schema-graph\">{\"@context\":\"https:\/\/schema.org\",\"@graph\":[{\"@type\":\"NewsArticle\",\"@id\":\"https:\/\/starstory.fr\/blog\/musique-et-icones-musicales\/billie-eilish-taille-age-couple-origines-et-fortune-la-fiche-complete\/#article\",\"isPartOf\":{\"@id\":\"https:\/\/starstory.fr\/blog\/musique-et-icones-musicales\/billie-eilish-taille-age-couple-origines-et-fortune-la-fiche-complete\/\"},\"author\":{\"name\":\"Julien Vaillant\",\"@id\":\"https:\/\/starstory.fr\/blog\/#\/schema\/person\/62af054f7df7ce17580aee7a5c41b89c\"},\"headline\":\"Billie Eilish : taille, \u00e2ge, couple, origines et fortune \u2014 la fiche compl\u00e8te\",\"datePublished\":\"2026-06-05T22:39:06+00:00\",\"mainEntityOfPage\":{\"@id\":\"https:\/\/starstory.fr\/blog\/musique-et-icones-musicales\/billie-eilish-taille-age-couple-origines-et-fortune-la-fiche-complete\/\"},\"wordCount\":1626,\"commentCount\":0,\"publisher\":{\"@id\":\"https:\/\/starstory.fr\/blog\/#organization\"},\"image\":{\"@id\":\"https:\/\/starstory.fr\/blog\/musique-et-icones-musicales\/billie-eilish-taille-age-couple-origines-et-fortune-la-fiche-complete\/#primaryimage\"},\"thumbnailUrl\":\"https:\/\/images.pexels.com\/photos\/12752470\/pexels-photo-12752470.jpeg?auto=compress&cs=tinysrgb&fit=crop&h=627&w=1200\",\"articleSection\":[\"Musique et Ic\u00f4nes Musicales\"],\"inLanguage\":\"fr-FR\",\"potentialAction\":[{\"@type\":\"CommentAction\",\"name\":\"Comment\",\"target\":[\"https:\/\/starstory.fr\/blog\/musique-et-icones-musicales\/billie-eilish-taille-age-couple-origines-et-fortune-la-fiche-complete\/#respond\"]}]},{\"@type\":\"WebPage\",\"@id\":\"https:\/\/starstory.fr\/blog\/musique-et-icones-musicales\/billie-eilish-taille-age-couple-origines-et-fortune-la-fiche-complete\/\",\"url\":\"https:\/\/starstory.fr\/blog\/musique-et-icones-musicales\/billie-eilish-taille-age-couple-origines-et-fortune-la-fiche-complete\/\",\"name\":\"Billie Eilish : taille, \u00e2ge, couple, origines et fortune\",\"isPartOf\":{\"@id\":\"https:\/\/starstory.fr\/blog\/#website\"},\"primaryImageOfPage\":{\"@id\":\"https:\/\/starstory.fr\/blog\/musique-et-icones-musicales\/billie-eilish-taille-age-couple-origines-et-fortune-la-fiche-complete\/#primaryimage\"},\"image\":{\"@id\":\"https:\/\/starstory.fr\/blog\/musique-et-icones-musicales\/billie-eilish-taille-age-couple-origines-et-fortune-la-fiche-complete\/#primaryimage\"},\"thumbnailUrl\":\"https:\/\/images.pexels.com\/photos\/12752470\/pexels-photo-12752470.jpeg?auto=compress&cs=tinysrgb&fit=crop&h=627&w=1200\",\"datePublished\":\"2026-06-05T22:39:06+00:00\",\"description\":\"Difficile de r\u00e9sumer en une ligne une carri\u00e8re aussi dense. En moins de dix ans, Billie Eilish est pass\u00e9e du statut d'adolescente postant une chanson\",\"inLanguage\":\"fr-FR\",\"potentialAction\":[{\"@type\":\"ReadAction\",\"target\":[\"https:\/\/starstory.fr\/blog\/musique-et-icones-musicales\/billie-eilish-taille-age-couple-origines-et-fortune-la-fiche-complete\/\"]}]},{\"@type\":\"ImageObject\",\"inLanguage\":\"fr-FR\",\"@id\":\"https:\/\/starstory.fr\/blog\/musique-et-icones-musicales\/billie-eilish-taille-age-couple-origines-et-fortune-la-fiche-complete\/#primaryimage\",\"url\":\"https:\/\/images.pexels.com\/photos\/12752470\/pexels-photo-12752470.jpeg?auto=compress&cs=tinysrgb&fit=crop&h=627&w=1200\",\"contentUrl\":\"https:\/\/images.pexels.com\/photos\/12752470\/pexels-photo-12752470.jpeg?auto=compress&cs=tinysrgb&fit=crop&h=627&w=1200\"},{\"@type\":\"WebSite\",\"@id\":\"https:\/\/starstory.fr\/blog\/#website\",\"url\":\"https:\/\/starstory.fr\/blog\/\",\"name\":\"StarStory\",\"description\":\"StarStory, les \u00e9toiles racontent leur histoire\",\"publisher\":{\"@id\":\"https:\/\/starstory.fr\/blog\/#organization\"},\"alternateName\":\"StarStory, les \u00e9toiles racontent leur histoire\",\"potentialAction\":[{\"@type\":\"SearchAction\",\"target\":{\"@type\":\"EntryPoint\",\"urlTemplate\":\"https:\/\/starstory.fr\/blog\/?s={search_term_string}\"},\"query-input\":{\"@type\":\"PropertyValueSpecification\",\"valueRequired\":true,\"valueName\":\"search_term_string\"}}],\"inLanguage\":\"fr-FR\"},{\"@type\":\"Organization\",\"@id\":\"https:\/\/starstory.fr\/blog\/#organization\",\"name\":\"StarStory\",\"alternateName\":\"StarStory.fr\",\"url\":\"https:\/\/starstory.fr\/blog\/\",\"logo\":{\"@type\":\"ImageObject\",\"inLanguage\":\"fr-FR\",\"@id\":\"https:\/\/starstory.fr\/blog\/#\/schema\/logo\/image\/\",\"url\":\"https:\/\/starstory.fr\/blog\/wp-content\/uploads\/2024\/12\/38.png\",\"contentUrl\":\"https:\/\/starstory.fr\/blog\/wp-content\/uploads\/2024\/12\/38.png\",\"width\":500,\"height\":500,\"caption\":\"StarStory\"},\"image\":{\"@id\":\"https:\/\/starstory.fr\/blog\/#\/schema\/logo\/image\/\"}},{\"@type\":\"Person\",\"@id\":\"https:\/\/starstory.fr\/blog\/#\/schema\/person\/62af054f7df7ce17580aee7a5c41b89c\",\"name\":\"Julien Vaillant\",\"image\":{\"@type\":\"ImageObject\",\"inLanguage\":\"fr-FR\",\"@id\":\"https:\/\/starstory.fr\/blog\/#\/schema\/person\/image\/\",\"url\":\"https:\/\/secure.gravatar.com\/avatar\/?s=96&d=mm&r=g\",\"contentUrl\":\"https:\/\/secure.gravatar.com\/avatar\/?s=96&d=mm&r=g\",\"caption\":\"Julien Vaillant\"},\"description\":\"Julien met en lumi\u00e8re les acteurs, r\u00e9alisateurs et r\u00f4les embl\u00e9matiques qui ont marqu\u00e9 les \u00e9poques.\",\"url\":\"https:\/\/starstory.fr\/blog\/auteur\/julien-bernard\/\"}]}<\/script>\n<!-- \/ Yoast SEO Premium plugin. -->","yoast_head_json":{"title":"Billie Eilish : taille, \u00e2ge, couple, origines et fortune","description":"Difficile de r\u00e9sumer en une ligne une carri\u00e8re aussi dense. En moins de dix ans, Billie Eilish est pass\u00e9e du statut d'adolescente postant une chanson","robots":{"index":"index","follow":"follow","max-snippet":"max-snippet:-1","max-image-preview":"max-image-preview:large","max-video-preview":"max-video-preview:-1"},"canonical":"https:\/\/starstory.fr\/blog\/musique-et-icones-musicales\/billie-eilish-taille-age-couple-origines-et-fortune-la-fiche-complete\/","og_locale":"fr_FR","og_type":"article","og_title":"Billie Eilish : taille, \u00e2ge, couple, origines et fortune","og_description":"Difficile de r\u00e9sumer en une ligne une carri\u00e8re aussi dense. En moins de dix ans, Billie Eilish est pass\u00e9e du statut d'adolescente postant une chanson","og_url":"https:\/\/starstory.fr\/blog\/musique-et-icones-musicales\/billie-eilish-taille-age-couple-origines-et-fortune-la-fiche-complete\/","og_site_name":"starstory","author":"Julien Vaillant","twitter_card":"summary_large_image","schema":{"@context":"https:\/\/schema.org","@graph":[{"@type":"NewsArticle","@id":"https:\/\/starstory.fr\/blog\/musique-et-icones-musicales\/billie-eilish-taille-age-couple-origines-et-fortune-la-fiche-complete\/#article","isPartOf":{"@id":"https:\/\/starstory.fr\/blog\/musique-et-icones-musicales\/billie-eilish-taille-age-couple-origines-et-fortune-la-fiche-complete\/"},"author":{"name":"Julien Vaillant","@id":"https:\/\/starstory.fr\/blog\/#\/schema\/person\/62af054f7df7ce17580aee7a5c41b89c"},"headline":"Billie Eilish : taille, \u00e2ge, couple, origines et fortune \u2014 la fiche compl\u00e8te","datePublished":"2026-06-05T22:39:06+00:00","mainEntityOfPage":{"@id":"https:\/\/starstory.fr\/blog\/musique-et-icones-musicales\/billie-eilish-taille-age-couple-origines-et-fortune-la-fiche-complete\/"},"wordCount":1626,"commentCount":0,"publisher":{"@id":"https:\/\/starstory.fr\/blog\/#organization"},"image":{"@id":"https:\/\/starstory.fr\/blog\/musique-et-icones-musicales\/billie-eilish-taille-age-couple-origines-et-fortune-la-fiche-complete\/#primaryimage"},"thumbnailUrl":"https:\/\/images.pexels.com\/photos\/12752470\/pexels-photo-12752470.jpeg?auto=compress&cs=tinysrgb&fit=crop&h=627&w=1200","articleSection":["Musique et Ic\u00f4nes Musicales"],"inLanguage":"fr-FR","potentialAction":[{"@type":"CommentAction","name":"Comment","target":["https:\/\/starstory.fr\/blog\/musique-et-icones-musicales\/billie-eilish-taille-age-couple-origines-et-fortune-la-fiche-complete\/#respond"]}]},{"@type":"WebPage","@id":"https:\/\/starstory.fr\/blog\/musique-et-icones-musicales\/billie-eilish-taille-age-couple-origines-et-fortune-la-fiche-complete\/","url":"https:\/\/starstory.fr\/blog\/musique-et-icones-musicales\/billie-eilish-taille-age-couple-origines-et-fortune-la-fiche-complete\/","name":"Billie Eilish : taille, \u00e2ge, couple, origines et fortune","isPartOf":{"@id":"https:\/\/starstory.fr\/blog\/#website"},"primaryImageOfPage":{"@id":"https:\/\/starstory.fr\/blog\/musique-et-icones-musicales\/billie-eilish-taille-age-couple-origines-et-fortune-la-fiche-complete\/#primaryimage"},"image":{"@id":"https:\/\/starstory.fr\/blog\/musique-et-icones-musicales\/billie-eilish-taille-age-couple-origines-et-fortune-la-fiche-complete\/#primaryimage"},"thumbnailUrl":"https:\/\/images.pexels.com\/photos\/12752470\/pexels-photo-12752470.jpeg?auto=compress&cs=tinysrgb&fit=crop&h=627&w=1200","datePublished":"2026-06-05T22:39:06+00:00","description":"Difficile de r\u00e9sumer en une ligne une carri\u00e8re aussi dense. En moins de dix ans, Billie Eilish est pass\u00e9e du statut d'adolescente postant une chanson","inLanguage":"fr-FR","potentialAction":[{"@type":"ReadAction","target":["https:\/\/starstory.fr\/blog\/musique-et-icones-musicales\/billie-eilish-taille-age-couple-origines-et-fortune-la-fiche-complete\/"]}]},{"@type":"ImageObject","inLanguage":"fr-FR","@id":"https:\/\/starstory.fr\/blog\/musique-et-icones-musicales\/billie-eilish-taille-age-couple-origines-et-fortune-la-fiche-complete\/#primaryimage","url":"https:\/\/images.pexels.com\/photos\/12752470\/pexels-photo-12752470.jpeg?auto=compress&cs=tinysrgb&fit=crop&h=627&w=1200","contentUrl":"https:\/\/images.pexels.com\/photos\/12752470\/pexels-photo-12752470.jpeg?auto=compress&cs=tinysrgb&fit=crop&h=627&w=1200"},{"@type":"WebSite","@id":"https:\/\/starstory.fr\/blog\/#website","url":"https:\/\/starstory.fr\/blog\/","name":"StarStory","description":"StarStory, les \u00e9toiles racontent leur histoire","publisher":{"@id":"https:\/\/starstory.fr\/blog\/#organization"},"alternateName":"StarStory, les \u00e9toiles racontent leur histoire","potentialAction":[{"@type":"SearchAction","target":{"@type":"EntryPoint","urlTemplate":"https:\/\/starstory.fr\/blog\/?s={search_term_string}"},"query-input":{"@type":"PropertyValueSpecification","valueRequired":true,"valueName":"search_term_string"}}],"inLanguage":"fr-FR"},{"@type":"Organization","@id":"https:\/\/starstory.fr\/blog\/#organization","name":"StarStory","alternateName":"StarStory.fr","url":"https:\/\/starstory.fr\/blog\/","logo":{"@type":"ImageObject","inLanguage":"fr-FR","@id":"https:\/\/starstory.fr\/blog\/#\/schema\/logo\/image\/","url":"https:\/\/starstory.fr\/blog\/wp-content\/uploads\/2024\/12\/38.png","contentUrl":"https:\/\/starstory.fr\/blog\/wp-content\/uploads\/2024\/12\/38.png","width":500,"height":500,"caption":"StarStory"},"image":{"@id":"https:\/\/starstory.fr\/blog\/#\/schema\/logo\/image\/"}},{"@type":"Person","@id":"https:\/\/starstory.fr\/blog\/#\/schema\/person\/62af054f7df7ce17580aee7a5c41b89c","name":"Julien Vaillant","image":{"@type":"ImageObject","inLanguage":"fr-FR","@id":"https:\/\/starstory.fr\/blog\/#\/schema\/person\/image\/","url":"https:\/\/secure.gravatar.com\/avatar\/?s=96&d=mm&r=g","contentUrl":"https:\/\/secure.gravatar.com\/avatar\/?s=96&d=mm&r=g","caption":"Julien Vaillant"},"description":"Julien met en lumi\u00e8re les acteurs, r\u00e9alisateurs et r\u00f4les embl\u00e9matiques qui ont marqu\u00e9 les \u00e9poques.","url":"https:\/\/starstory.fr\/blog\/auteur\/julien-bernard\/"}]}},"_links":{"self":[{"href":"https:\/\/starstory.fr\/blog\/wp-json\/wp\/v2\/posts\/7944","targetHints":{"allow":["GET"]}}],"collection":[{"href":"https:\/\/starstory.fr\/blog\/wp-json\/wp\/v2\/posts"}],"about":[{"href":"https:\/\/starstory.fr\/blog\/wp-json\/wp\/v2\/types\/post"}],"author":[{"embeddable":true,"href":"https:\/\/starstory.fr\/blog\/wp-json\/wp\/v2\/users\/40"}],"replies":[{"embeddable":true,"href":"https:\/\/starstory.fr\/blog\/wp-json\/wp\/v2\/comments?post=7944"}],"version-history":[{"count":0,"href":"https:\/\/starstory.fr\/blog\/wp-json\/wp\/v2\/posts\/7944\/revisions"}],"wp:attachment":[{"href":"https:\/\/starstory.fr\/blog\/wp-json\/wp\/v2\/media?parent=7944"}],"wp:term":[{"taxonomy":"category","embeddable":true,"href":"https:\/\/starstory.fr\/blog\/wp-json\/wp\/v2\/categories?post=7944"},{"taxonomy":"post_tag","embeddable":true,"href":"https:\/\/starstory.fr\/blog\/wp-json\/wp\/v2\/tags?post=7944"}],"curies":[{"name":"wp","href":"https:\/\/api.w.org\/{rel}","templated":true}]}}