{"id":7943,"date":"2026-06-06T00:38:58","date_gmt":"2026-06-05T22:38:58","guid":{"rendered":"https:\/\/starstory.fr\/blog\/cinema-et-television\/selena-gomez-taille-age-couple-origines-et-fortune-la-fiche-complete\/"},"modified":"2026-06-06T00:38:58","modified_gmt":"2026-06-05T22:38:58","slug":"selena-gomez-taille-age-couple-origines-et-fortune-la-fiche-complete","status":"publish","type":"post","link":"https:\/\/starstory.fr\/blog\/cinema-et-television\/selena-gomez-taille-age-couple-origines-et-fortune-la-fiche-complete\/","title":{"rendered":"Selena Gomez : taille, \u00e2ge, couple, origines et fortune \u2014 la fiche compl\u00e8te"},"content":{"rendered":"<aside style=\"background:#FBEAF2;border-left:5px solid #B11E6A;padding:22px 28px;margin:24px 0;font-family:-apple-system,BlinkMacSystemFont,'Segoe UI',Roboto,sans-serif;\">\n<div style=\"margin:0;font-size:19px;line-height:1.55;color:#2a2a2a;font-weight:500;letter-spacing:-0.005em;\">\n    Star Disney devenue chanteuse, actrice oscarisable et patronne d&rsquo;un empire cosm\u00e9tique, Selena Gomez mesure environ 1,65 m, a eu 33 ans en 2026, revendique des origines mexicaines, a \u00e9pous\u00e9 le producteur Benny Blanco en septembre 2025 et figure d\u00e9sormais parmi les femmes les plus riches du show-business am\u00e9ricain. Voici la fiche compl\u00e8te.\n  <\/div>\n<\/aside>\n<h2>Selena Gomez en bref : qui est-elle ?<\/h2>\n<p>Selena Marie Gomez est une actrice, chanteuse, productrice et femme d&rsquo;affaires am\u00e9ricaine n\u00e9e le 22 juillet 1992 \u00e0 Grand Prairie, au Texas. R\u00e9v\u00e9l\u00e9e enfant par la t\u00e9l\u00e9vision pour enfants puis par Disney Channel, elle s&rsquo;est impos\u00e9e tour \u00e0 tour comme une ic\u00f4ne pop, une actrice salu\u00e9e par la critique et la fondatrice d&rsquo;une marque de cosm\u00e9tiques, Rare Beauty, qui l&rsquo;a propuls\u00e9e au rang de milliardaire. Sa vie priv\u00e9e, longtemps scrut\u00e9e, a connu un tournant majeur avec son mariage en 2025.<\/p>\n<p>Pour r\u00e9pondre d&#8217;embl\u00e9e aux questions les plus pos\u00e9es par les internautes : Selena Gomez mesure <strong>environ 1,65 m<\/strong>, elle a <strong>33 ans<\/strong> (en 2026), elle est <strong>d&rsquo;origine mexicaine<\/strong> par son p\u00e8re et <strong>italienne<\/strong> par sa m\u00e8re, et son mari s&rsquo;appelle <strong>Benny Blanco<\/strong>, producteur de musique am\u00e9ricain.<\/p>\n<figure style=\"margin:32px 0;font-family:-apple-system,BlinkMacSystemFont,'Segoe UI',Roboto,sans-serif;\">\n<div style=\"overflow-x:auto;border:1px solid #e5e5e0;border-radius:8px;\">\n<table style=\"width:100%;border-collapse:collapse;font-size:14px;color:#2a2a2a;min-width:500px;\">\n<thead>\n<tr style=\"background:#1a1a1a;color:#fff;\">\n<th style=\"text-align:left;padding:14px 18px;font-weight:700;font-size:12px;text-transform:uppercase;letter-spacing:1.5px;\">Carte d&rsquo;identit\u00e9<\/th>\n<th style=\"text-align:left;padding:14px 18px;font-weight:700;font-size:12px;text-transform:uppercase;letter-spacing:1.5px;\">Informations<\/th>\n<\/tr>\n<\/thead>\n<tbody>\n<tr style=\"background:#fff;border-bottom:1px solid #f0ede5;\">\n<td style=\"padding:14px 18px;font-weight:600;\">Nom complet<\/td>\n<td style=\"padding:14px 18px;color:#4a4a4a;\">Selena Marie Gomez<\/td>\n<\/tr>\n<tr style=\"background:#fafaf7;border-bottom:1px solid #f0ede5;\">\n<td style=\"padding:14px 18px;font-weight:600;\">Naissance<\/td>\n<td style=\"padding:14px 18px;color:#4a4a4a;\">22 juillet 1992 \u00e0 Grand Prairie (Texas, \u00c9tats-Unis)<\/td>\n<\/tr>\n<tr style=\"background:#fff;border-bottom:1px solid #f0ede5;\">\n<td style=\"padding:14px 18px;font-weight:600;\">\u00c2ge<\/td>\n<td style=\"padding:14px 18px;color:#4a4a4a;\">33 ans (en 2026)<\/td>\n<\/tr>\n<tr style=\"background:#fafaf7;border-bottom:1px solid #f0ede5;\">\n<td style=\"padding:14px 18px;font-weight:600;\">Taille<\/td>\n<td style=\"padding:14px 18px;color:#4a4a4a;\">environ 1,65 m (5&rsquo;5&Prime;)<\/td>\n<\/tr>\n<tr style=\"background:#fff;border-bottom:1px solid #f0ede5;\">\n<td style=\"padding:14px 18px;font-weight:600;\">Nationalit\u00e9<\/td>\n<td style=\"padding:14px 18px;color:#4a4a4a;\">Am\u00e9ricaine<\/td>\n<\/tr>\n<tr style=\"background:#fafaf7;border-bottom:1px solid #f0ede5;\">\n<td style=\"padding:14px 18px;font-weight:600;\">Origines<\/td>\n<td style=\"padding:14px 18px;color:#4a4a4a;\">Mexicaines (p\u00e8re) et italiennes (m\u00e8re)<\/td>\n<\/tr>\n<tr style=\"background:#fff;border-bottom:1px solid #f0ede5;\">\n<td style=\"padding:14px 18px;font-weight:600;\">Profession<\/td>\n<td style=\"padding:14px 18px;color:#4a4a4a;\">Actrice, chanteuse, productrice, cheffe d&rsquo;entreprise<\/td>\n<\/tr>\n<tr style=\"background:#fafaf7;\">\n<td style=\"padding:14px 18px;font-weight:600;\">Couple<\/td>\n<td style=\"padding:14px 18px;color:#4a4a4a;\">Mari\u00e9e \u00e0 Benny Blanco depuis septembre 2025<\/td>\n<\/tr>\n<\/tbody>\n<\/table><\/div>\n<\/figure>\n<h2>Biographie et d\u00e9buts : de Barney \u00e0 Disney<\/h2>\n<p>Selena Gomez grandit au Texas, \u00e9lev\u00e9e principalement par sa m\u00e8re, Mandy Teefey, qui n&rsquo;a que seize ans \u00e0 sa naissance. Son pr\u00e9nom est un hommage \u00e0 la chanteuse tejano Selena Quintanilla. Du c\u00f4t\u00e9 paternel, ses racines sont mexicaines, ce qui ancre d\u00e8s l&rsquo;enfance son attachement \u00e0 la culture latino, tandis que sa m\u00e8re a des origines italiennes.<\/p>\n<p>Elle fait ses premiers pas devant la cam\u00e9ra tr\u00e8s jeune dans la s\u00e9rie pour enfants <em>Barney et ses amis<\/em>, au d\u00e9but des ann\u00e9es 2000. C&rsquo;est l\u00e0 qu&rsquo;elle croise une autre future star, Demi Lovato, avec qui elle nouera une longue amiti\u00e9. Le v\u00e9ritable tournant survient lorsque Disney Channel lui confie le r\u00f4le principal d&rsquo;Alex Russo dans <em>Les Sorciers de Waverly Place<\/em>, diffus\u00e9e de 2007 \u00e0 2012. La s\u00e9rie fait d&rsquo;elle une idole des adolescents et lance pour de bon sa carri\u00e8re.<\/p>\n<aside style=\"background:#FBEAF2;border-left:4px solid #B11E6A;padding:14px 18px;margin:18px 0;border-radius:0 4px 4px 0;font-family:-apple-system,BlinkMacSystemFont,'Segoe UI',Roboto,sans-serif;\">\n  <strong style=\"display:inline-block;color:#B11E6A;font-size:12px;text-transform:uppercase;letter-spacing:1.5px;margin-right:8px;\">&#128161; Bon \u00e0 savoir<\/strong><br \/>\n  <span style=\"font-size:14.5px;line-height:1.55;color:#3a3a3a;\">Le pr\u00e9nom de la star vient de la chanteuse am\u00e9ricano-mexicaine Selena Quintanilla, figure majeure de la musique tejano disparue en 1995.<\/span><br \/>\n<\/aside>\n<h2>Carri\u00e8re : actrice, chanteuse et patronne de Rare Beauty<\/h2>\n<p>La carri\u00e8re de Selena Gomez se d\u00e9ploie sur trois fronts distincts, chacun couronn\u00e9 de succ\u00e8s.<\/p>\n<h3>La musique<\/h3>\n<p>Parall\u00e8lement \u00e0 Disney, elle lance le groupe Selena Gomez and the Scene (2008-2012) avant de poursuivre en solo. Ses albums <em>Stars Dance<\/em> (2013), <em>Revival<\/em> (2015) puis <em>Rare<\/em> (2020) confirment son statut de pop star, port\u00e9s par des tubes comme \u00ab Come &amp; Get It \u00bb, \u00ab Good for You \u00bb ou \u00ab Lose You to Love Me \u00bb. Elle multiplie aussi les collaborations \u00e0 succ\u00e8s, notamment avec des DJ et producteurs internationaux.<\/p>\n<h3>L&rsquo;actrice<\/h3>\n<p>Apr\u00e8s Disney, Selena Gomez s&rsquo;attaque \u00e0 des r\u00f4les plus adultes. Depuis 2021, elle incarne Mabel Mora dans la s\u00e9rie \u00e0 succ\u00e8s <em>Only Murders in the Building<\/em>, aux c\u00f4t\u00e9s de Steve Martin et Martin Short, une com\u00e9die polici\u00e8re salu\u00e9e par la critique. En 2024, elle franchit un nouveau cap au cin\u00e9ma avec <em>Emilia P\u00e9rez<\/em> de Jacques Audiard, film pour lequel l&rsquo;ensemble de ses actrices re\u00e7oit le Prix d&rsquo;interpr\u00e9tation f\u00e9minine au Festival de Cannes.<\/p>\n<h3>La femme d&rsquo;affaires<\/h3>\n<p>En f\u00e9vrier 2020, elle fonde Rare Beauty, une marque de maquillage centr\u00e9e sur l&rsquo;inclusivit\u00e9 et la sant\u00e9 mentale. Le succ\u00e8s est fulgurant : la marque devient l&rsquo;un des piliers de sa fortune et la transforme en cheffe d&rsquo;entreprise \u00e0 part enti\u00e8re. Elle a aussi cr\u00e9\u00e9 sa soci\u00e9t\u00e9 de production, July Moon Productions.<\/p>\n<figure style=\"margin:32px 0;padding:0;font-family:-apple-system,BlinkMacSystemFont,'Segoe UI',Roboto,sans-serif;\">\n<div style=\"display:grid;grid-template-columns:repeat(auto-fit,minmax(140px,1fr));background:#1a1a1a;border-radius:6px;overflow:hidden;\">\n<div style=\"padding:22px 16px;text-align:center;border-right:1px solid #2f2f2f;\">\n<div style=\"font-size:36px;font-weight:900;color:#fff;letter-spacing:-0.04em;font-feature-settings:'tnum';line-height:1;\">1992<\/div>\n<div style=\"font-size:11px;text-transform:uppercase;letter-spacing:1.5px;color:#9a9a9a;margin-top:8px;\">ann\u00e9e de naissance<\/div>\n<\/p><\/div>\n<div style=\"padding:22px 16px;text-align:center;border-right:1px solid #2f2f2f;\">\n<div style=\"font-size:36px;font-weight:900;color:#fff;letter-spacing:-0.04em;font-feature-settings:'tnum';line-height:1;\">2020<\/div>\n<div style=\"font-size:11px;text-transform:uppercase;letter-spacing:1.5px;color:#9a9a9a;margin-top:8px;\">lancement Rare Beauty<\/div>\n<\/p><\/div>\n<div style=\"padding:22px 16px;text-align:center;\">\n<div style=\"font-size:36px;font-weight:900;color:#EE7FB0;letter-spacing:-0.04em;font-feature-settings:'tnum';line-height:1;\">2024<\/div>\n<div style=\"font-size:11px;text-transform:uppercase;letter-spacing:1.5px;color:#9a9a9a;margin-top:8px;\">Prix d&rsquo;interpr\u00e9tation \u00e0 Cannes<\/div>\n<\/p><\/div>\n<\/p><\/div><figcaption style=\"font-size:11px;color:#7a7a7a;margin-top:8px;text-align:right;letter-spacing:0.3px;\">Rep\u00e8res de carri\u00e8re \u2014 voir sources en fin d&rsquo;article.<\/figcaption><\/figure>\n<h2>Taille et physique de Selena Gomez<\/h2>\n<p>C&rsquo;est l&rsquo;une des recherches les plus fr\u00e9quentes la concernant : <strong>quelle taille fait Selena Gomez ?<\/strong> La star mesure <strong>environ 1,65 m<\/strong>, soit 5 pieds et 5 pouces dans le syst\u00e8me anglo-saxon, une stature consid\u00e9r\u00e9e comme proche de la moyenne des femmes am\u00e9ricaines. Cette taille, relay\u00e9e par de nombreuses sources biographiques, reste une estimation : aucune mesure officielle n&rsquo;est communiqu\u00e9e par l&rsquo;int\u00e9ress\u00e9e.<\/p>\n<p>Brune aux yeux marron, Selena Gomez a fait de l&rsquo;authenticit\u00e9 un message militant. Elle \u00e9voque ouvertement les variations de son corps, li\u00e9es notamment \u00e0 son traitement m\u00e9dical contre le lupus, et refuse les diktats esth\u00e9tiques. Cette transparence a largement nourri l&rsquo;esprit de sa marque Rare Beauty, pens\u00e9e comme un manifeste contre les standards de perfection.<\/p>\n<aside style=\"background:#fafaf7;border:1px solid #e5e5e0;border-radius:8px;padding:24px 26px 26px;margin:28px 0;font-family:-apple-system,BlinkMacSystemFont,'Segoe UI',Roboto,sans-serif;\">\n<div style=\"margin:0 0 18px 0;font-size:11px;font-weight:700;text-transform:uppercase;letter-spacing:2.2px;color:#B11E6A;\">\u00c0 retenir<\/div>\n<div style=\"display:grid;grid-template-columns:repeat(auto-fit,minmax(240px,1fr));gap:10px;\">\n<div style=\"display:flex;gap:12px;background:#fff;border:1px solid #ebebe5;padding:12px 14px;border-radius:6px;align-items:flex-start;\">\n      <span style=\"flex:0 0 26px;width:26px;height:26px;background:#B11E6A;color:#fff;border-radius:50%;display:inline-flex;align-items:center;justify-content:center;font-size:12px;font-weight:700;font-family:-apple-system,sans-serif;\">1<\/span><br \/>\n      <span style=\"font-size:14px;line-height:1.5;color:#2a2a2a;\">Taille estim\u00e9e \u00e0 environ 1,65 m (5&rsquo;5&Prime;).<\/span>\n    <\/div>\n<div style=\"display:flex;gap:12px;background:#fff;border:1px solid #ebebe5;padding:12px 14px;border-radius:6px;align-items:flex-start;\">\n      <span style=\"flex:0 0 26px;width:26px;height:26px;background:#B11E6A;color:#fff;border-radius:50%;display:inline-flex;align-items:center;justify-content:center;font-size:12px;font-weight:700;font-family:-apple-system,sans-serif;\">2<\/span><br \/>\n      <span style=\"font-size:14px;line-height:1.5;color:#2a2a2a;\">N\u00e9e le 22 juillet 1992 : 33 ans en 2026.<\/span>\n    <\/div>\n<div style=\"display:flex;gap:12px;background:#fff;border:1px solid #ebebe5;padding:12px 14px;border-radius:6px;align-items:flex-start;\">\n      <span style=\"flex:0 0 26px;width:26px;height:26px;background:#B11E6A;color:#fff;border-radius:50%;display:inline-flex;align-items:center;justify-content:center;font-size:12px;font-weight:700;font-family:-apple-system,sans-serif;\">3<\/span><br \/>\n      <span style=\"font-size:14px;line-height:1.5;color:#2a2a2a;\">Origines mexicaines (p\u00e8re) et italiennes (m\u00e8re).<\/span>\n    <\/div>\n<div style=\"display:flex;gap:12px;background:#fff;border:1px solid #ebebe5;padding:12px 14px;border-radius:6px;align-items:flex-start;\">\n      <span style=\"flex:0 0 26px;width:26px;height:26px;background:#B11E6A;color:#fff;border-radius:50%;display:inline-flex;align-items:center;justify-content:center;font-size:12px;font-weight:700;font-family:-apple-system,sans-serif;\">4<\/span><br \/>\n      <span style=\"font-size:14px;line-height:1.5;color:#2a2a2a;\">Mari\u00e9e \u00e0 Benny Blanco depuis septembre 2025.<\/span>\n    <\/div>\n<div style=\"display:flex;gap:12px;background:#fff;border:1px solid #ebebe5;padding:12px 14px;border-radius:6px;align-items:flex-start;\">\n      <span style=\"flex:0 0 26px;width:26px;height:26px;background:#B11E6A;color:#fff;border-radius:50%;display:inline-flex;align-items:center;justify-content:center;font-size:12px;font-weight:700;font-family:-apple-system,sans-serif;\">5<\/span><br \/>\n      <span style=\"font-size:14px;line-height:1.5;color:#2a2a2a;\">Fortune estim\u00e9e autour du milliard de dollars, surtout gr\u00e2ce \u00e0 Rare Beauty.<\/span>\n    <\/div>\n<\/p><\/div>\n<\/aside>\n<h2>Vie priv\u00e9e et couple : qui est Benny Blanco ?<\/h2>\n<p>La vie sentimentale de Selena Gomez a longtemps fait la une, notamment sa relation tr\u00e8s m\u00e9diatis\u00e9e avec le chanteur Justin Bieber, entre 2010 et 2018. Apr\u00e8s des ann\u00e9es de sp\u00e9culations, c&rsquo;est finalement avec un autre univers musical qu&rsquo;elle a trouv\u00e9 la stabilit\u00e9.<\/p>\n<p>En d\u00e9cembre 2023, elle officialise sa relation avec <strong>Benny Blanco<\/strong>, de son vrai nom Benjamin Levin, producteur et auteur-compositeur am\u00e9ricain \u00e0 l&rsquo;origine de nombreux tubes pour les plus grandes stars de la pop. Le couple se fiance en d\u00e9cembre 2024, puis se marie le <strong>27 septembre 2025<\/strong> lors d&rsquo;une c\u00e9r\u00e9monie intime organis\u00e9e \u00e0 Santa Barbara, en Californie. Ce mariage est l&rsquo;un des plus comment\u00e9s de l&rsquo;ann\u00e9e dans le monde du divertissement.<\/p>\n<figure style=\"margin:38px auto;padding:28px 24px;text-align:center;border-top:1px solid #2a2a2a;border-bottom:1px solid #2a2a2a;max-width:640px;position:relative;font-family:Georgia,'Hoefler Text',serif;\">\n<div style=\"position:absolute;top:-20px;left:50%;transform:translateX(-50%);background:#ffffff;padding:0 14px;font-size:48px;line-height:1;color:#B11E6A;font-family:Georgia,serif;\">&laquo;<\/div>\n<blockquote style=\"margin:0;padding:0;font-size:24px;line-height:1.45;font-style:italic;color:#1a1a1a;letter-spacing:-0.005em;\"><p>\n    Devenue femme d&rsquo;affaires et jeune mari\u00e9e, Selena Gomez a transform\u00e9 une enfance sous les projecteurs en empire personnel.<br \/>\n  <\/blockquote><figcaption style=\"margin-top:14px;font-size:12px;text-transform:uppercase;letter-spacing:2px;color:#6a6a6a;font-family:-apple-system,sans-serif;font-style:normal;\">\u2014 StarStory<\/figcaption><\/figure>\n<h2>Fortune estim\u00e9e : Selena Gomez est-elle milliardaire ?<\/h2>\n<p>La fortune de Selena Gomez est l&rsquo;un des sujets qui fascinent le plus. Plusieurs publications sp\u00e9cialis\u00e9es l&rsquo;ont d\u00e9sign\u00e9e comme <strong>milliardaire \u00e0 partir de 2024<\/strong>, son patrimoine \u00e9tant estim\u00e9 autour du <strong>milliard de dollars<\/strong>. Les estimations varient toutefois selon les sources, dans une fourchette qui va d&rsquo;environ 700 millions \u00e0 1,3 milliard de dollars, en fonction de la valorisation retenue pour Rare Beauty.<\/p>\n<p>Cette richesse provient bien moins de la musique ou du cin\u00e9ma que de son activit\u00e9 d&rsquo;entrepreneuse : la marque de cosm\u00e9tiques Rare Beauty repr\u00e9sente l&rsquo;essentiel de son patrimoine. S&rsquo;y ajoutent ses cachets d&rsquo;actrice (notamment pour <em>Only Murders in the Building<\/em>), ses contrats publicitaires et ses placements. Ces chiffres restent des estimations, aucune fortune personnelle n&rsquo;\u00e9tant officiellement publi\u00e9e par l&rsquo;int\u00e9ress\u00e9e.<\/p>\n<aside style=\"background:#fff7e0;border-left:4px solid #d4a017;padding:14px 18px;margin:18px 0;border-radius:0 4px 4px 0;font-family:-apple-system,BlinkMacSystemFont,'Segoe UI',Roboto,sans-serif;\">\n  <strong style=\"display:inline-block;color:#7a5e00;font-size:12px;text-transform:uppercase;letter-spacing:1.5px;margin-right:8px;\">&#9888;&#65039; \u00c0 nuancer<\/strong><br \/>\n  <span style=\"font-size:14.5px;line-height:1.55;color:#3a3a3a;\">Le statut de milliardaire repose sur des estimations de m\u00e9dias sp\u00e9cialis\u00e9s et sur la valorisation de Rare Beauty, marque non cot\u00e9e. Les montants doivent donc \u00eatre lus comme des ordres de grandeur, non comme des chiffres officiels.<\/span><br \/>\n<\/aside>\n<h2>Anecdotes : lupus, greffe de rein et records sur les r\u00e9seaux<\/h2>\n<p>Au-del\u00e0 de sa carri\u00e8re, Selena Gomez s&rsquo;est impos\u00e9e comme une voix publique sur des sujets sensibles.<\/p>\n<div style=\"display:grid;grid-template-columns:repeat(auto-fit,minmax(220px,1fr));gap:14px;margin:28px 0;font-family:-apple-system,BlinkMacSystemFont,'Segoe UI',Roboto,sans-serif;\">\n<article style=\"background:#fff;border:1px solid #e5e5e0;border-top:3px solid #B11E6A;border-radius:6px;padding:18px 18px 16px;\">\n<div style=\"width:36px;height:36px;background:#FBEAF2;border-radius:50%;display:inline-flex;align-items:center;justify-content:center;margin-bottom:12px;\">\n      <span style=\"font-size:18px;color:#B11E6A;font-weight:900;font-family:Georgia,serif;\">01<\/span>\n    <\/div>\n<h3 style=\"margin:0 0 6px 0;font-size:16px;font-weight:700;color:#1a1a1a;letter-spacing:-0.01em;\">Le lupus<\/h3>\n<div style=\"margin:0;font-size:13.5px;line-height:1.55;color:#4a4a4a;\">Diagnostiqu\u00e9e d&rsquo;un lupus en 2013, elle a publiquement parl\u00e9 de cette maladie auto-immune et de son impact sur sa vie.<\/div>\n<\/article>\n<article style=\"background:#fff;border:1px solid #e5e5e0;border-top:3px solid #B11E6A;border-radius:6px;padding:18px 18px 16px;\">\n<div style=\"width:36px;height:36px;background:#FBEAF2;border-radius:50%;display:inline-flex;align-items:center;justify-content:center;margin-bottom:12px;\">\n      <span style=\"font-size:18px;color:#B11E6A;font-weight:900;font-family:Georgia,serif;\">02<\/span>\n    <\/div>\n<h3 style=\"margin:0 0 6px 0;font-size:16px;font-weight:700;color:#1a1a1a;letter-spacing:-0.01em;\">La greffe de rein<\/h3>\n<div style=\"margin:0;font-size:13.5px;line-height:1.55;color:#4a4a4a;\">En 2017, elle subit une greffe de rein \u00e0 cause de complications li\u00e9es au lupus ; la donatrice est son amie l&rsquo;actrice Francia Raisa.<\/div>\n<\/article>\n<article style=\"background:#fff;border:1px solid #e5e5e0;border-top:3px solid #B11E6A;border-radius:6px;padding:18px 18px 16px;\">\n<div style=\"width:36px;height:36px;background:#FBEAF2;border-radius:50%;display:inline-flex;align-items:center;justify-content:center;margin-bottom:12px;\">\n      <span style=\"font-size:18px;color:#B11E6A;font-weight:900;font-family:Georgia,serif;\">03<\/span>\n    <\/div>\n<h3 style=\"margin:0 0 6px 0;font-size:16px;font-weight:700;color:#1a1a1a;letter-spacing:-0.01em;\">Reine des r\u00e9seaux<\/h3>\n<div style=\"margin:0;font-size:13.5px;line-height:1.55;color:#4a4a4a;\">Longtemps la personnalit\u00e9 la plus suivie sur Instagram, elle reste l&rsquo;une des femmes les plus influentes du monde sur les r\u00e9seaux sociaux.<\/div>\n<\/article>\n<article style=\"background:#fff;border:1px solid #e5e5e0;border-top:3px solid #B11E6A;border-radius:6px;padding:18px 18px 16px;\">\n<div style=\"width:36px;height:36px;background:#FBEAF2;border-radius:50%;display:inline-flex;align-items:center;justify-content:center;margin-bottom:12px;\">\n      <span style=\"font-size:18px;color:#B11E6A;font-weight:900;font-family:Georgia,serif;\">04<\/span>\n    <\/div>\n<h3 style=\"margin:0 0 6px 0;font-size:16px;font-weight:700;color:#1a1a1a;letter-spacing:-0.01em;\">L&rsquo;engagement<\/h3>\n<div style=\"margin:0;font-size:13.5px;line-height:1.55;color:#4a4a4a;\">Elle a fait de la sant\u00e9 mentale un combat central, en lien avec sa fondation et avec l&rsquo;identit\u00e9 m\u00eame de Rare Beauty.<\/div>\n<\/article>\n<\/div>\n<p>Cet engagement pour la sant\u00e9 mentale, nourri par son propre parcours, est devenu l&rsquo;une des marques de fabrique de la star, au point d&rsquo;\u00eatre indissociable de son image publique et de son entreprise.<\/p>\n<section style=\"margin:32px 0;font-family:-apple-system,BlinkMacSystemFont,'Segoe UI',Roboto,sans-serif;\">\n<h2 style=\"margin:0 0 18px 0;font-size:22px;font-weight:800;color:#1a1a1a;letter-spacing:-0.01em;\">Questions fr\u00e9quentes<\/h2>\n<div style=\"border-top:1px solid #d4cfc4;\">\n<details style=\"border-bottom:1px solid #d4cfc4;padding:0;\">\n<summary style=\"cursor:pointer;padding:16px 0;font-size:17px;font-weight:700;color:#1a1a1a;list-style:none;display:flex;justify-content:space-between;align-items:center;gap:14px;\">\n        <span>Quelle taille fait Selena Gomez ?<\/span><br \/>\n        <span style=\"font-size:22px;font-weight:300;color:#B11E6A;line-height:1;\">+<\/span><br \/>\n      <\/summary>\n<div style=\"padding:0 0 16px 0;font-size:15px;line-height:1.7;color:#4a4a4a;\">Selena Gomez mesure environ 1,65 m, soit 5 pieds et 5 pouces. Il s&rsquo;agit d&rsquo;une estimation relay\u00e9e par les sources biographiques, l&rsquo;int\u00e9ress\u00e9e ne communiquant pas de mesure officielle.<\/div>\n<\/details>\n<details style=\"border-bottom:1px solid #d4cfc4;padding:0;\">\n<summary style=\"cursor:pointer;padding:16px 0;font-size:17px;font-weight:700;color:#1a1a1a;list-style:none;display:flex;justify-content:space-between;align-items:center;gap:14px;\">\n        <span>Quel \u00e2ge a Selena Gomez ?<\/span><br \/>\n        <span style=\"font-size:22px;font-weight:300;color:#B11E6A;line-height:1;\">+<\/span><br \/>\n      <\/summary>\n<div style=\"padding:0 0 16px 0;font-size:15px;line-height:1.7;color:#4a4a4a;\">N\u00e9e le 22 juillet 1992 \u00e0 Grand Prairie, au Texas, Selena Gomez a 33 ans en 2026.<\/div>\n<\/details>\n<details style=\"border-bottom:1px solid #d4cfc4;padding:0;\">\n<summary style=\"cursor:pointer;padding:16px 0;font-size:17px;font-weight:700;color:#1a1a1a;list-style:none;display:flex;justify-content:space-between;align-items:center;gap:14px;\">\n        <span>Qui est le mari de Selena Gomez ?<\/span><br \/>\n        <span style=\"font-size:22px;font-weight:300;color:#B11E6A;line-height:1;\">+<\/span><br \/>\n      <\/summary>\n<div style=\"padding:0 0 16px 0;font-size:15px;line-height:1.7;color:#4a4a4a;\">Son mari est Benny Blanco (de son vrai nom Benjamin Levin), producteur et auteur-compositeur am\u00e9ricain. Le couple, ensemble depuis fin 2023, s&rsquo;est mari\u00e9 le 27 septembre 2025 en Californie.<\/div>\n<\/details>\n<details style=\"border-bottom:1px solid #d4cfc4;padding:0;\">\n<summary style=\"cursor:pointer;padding:16px 0;font-size:17px;font-weight:700;color:#1a1a1a;list-style:none;display:flex;justify-content:space-between;align-items:center;gap:14px;\">\n        <span>Quelles sont les origines de Selena Gomez ?<\/span><br \/>\n        <span style=\"font-size:22px;font-weight:300;color:#B11E6A;line-height:1;\">+<\/span><br \/>\n      <\/summary>\n<div style=\"padding:0 0 16px 0;font-size:15px;line-height:1.7;color:#4a4a4a;\">Selena Gomez est am\u00e9ricaine. Elle a des origines mexicaines par son p\u00e8re et italiennes par sa m\u00e8re, et revendique son attachement \u00e0 la culture latino.<\/div>\n<\/details>\n<details style=\"padding:0;\">\n<summary style=\"cursor:pointer;padding:16px 0;font-size:17px;font-weight:700;color:#1a1a1a;list-style:none;display:flex;justify-content:space-between;align-items:center;gap:14px;\">\n        <span>Quelle est la fortune de Selena Gomez ?<\/span><br \/>\n        <span style=\"font-size:22px;font-weight:300;color:#B11E6A;line-height:1;\">+<\/span><br \/>\n      <\/summary>\n<div style=\"padding:0 0 16px 0;font-size:15px;line-height:1.7;color:#4a4a4a;\">Sa fortune est estim\u00e9e autour du milliard de dollars, ce qui lui vaut un statut de milliardaire selon plusieurs m\u00e9dias depuis 2024. Les estimations varient (d&rsquo;environ 700 millions \u00e0 1,3 milliard de dollars) et reposent en grande partie sur la valorisation de sa marque Rare Beauty.<\/div>\n<\/details><\/div>\n<\/section>\n<p style=\"font-size:13px;color:#6a6a6a;margin-top:32px;\">Sources : Wikip\u00e9dia et donn\u00e9es publiques. Article mis \u00e0 jour r\u00e9guli\u00e8rement.<\/p>\n","protected":false},"excerpt":{"rendered":"","protected":false},"author":43,"featured_media":999999999,"comment_status":"open","ping_status":"open","sticky":false,"template":"","format":"standard","meta":{"_acf_changed":false,"manual_indexmenow":false,"indexmenow_id_project":0,"footnotes":""},"categories":[4521],"tags":[],"class_list":["post-7943","post","type-post","status-publish","format-standard","has-post-thumbnail","hentry","category-cinema-et-television","generate-columns","tablet-grid-50","mobile-grid-100","grid-parent","grid-25"],"acf":[],"yoast_head":"<!-- This site is optimized with the Yoast SEO Premium plugin v21.3 (Yoast SEO v26.5) - https:\/\/yoast.com\/wordpress\/plugins\/seo\/ -->\n<title>Selena Gomez : taille, \u00e2ge, couple, origines et fortune<\/title>\n<meta name=\"description\" content=\"Selena Marie Gomez est une actrice, chanteuse, productrice et femme d&#039;affaires am\u00e9ricaine n\u00e9e le 22 juillet 1992 \u00e0 Grand Prairie, au Texas\" \/>\n<meta name=\"robots\" content=\"index, follow, max-snippet:-1, max-image-preview:large, max-video-preview:-1\" \/>\n<link rel=\"canonical\" href=\"https:\/\/starstory.fr\/blog\/cinema-et-television\/selena-gomez-taille-age-couple-origines-et-fortune-la-fiche-complete\/\" \/>\n<meta property=\"og:locale\" content=\"fr_FR\" \/>\n<meta property=\"og:type\" content=\"article\" \/>\n<meta property=\"og:title\" content=\"Selena Gomez : taille, \u00e2ge, couple, origines et fortune\" \/>\n<meta property=\"og:description\" content=\"Selena Marie Gomez est une actrice, chanteuse, productrice et femme d&#039;affaires am\u00e9ricaine n\u00e9e le 22 juillet 1992 \u00e0 Grand Prairie, au Texas\" \/>\n<meta property=\"og:url\" content=\"https:\/\/starstory.fr\/blog\/cinema-et-television\/selena-gomez-taille-age-couple-origines-et-fortune-la-fiche-complete\/\" \/>\n<meta property=\"og:site_name\" content=\"starstory\" \/>\n<meta name=\"author\" content=\"Lucas Martin\" \/>\n<meta name=\"twitter:card\" content=\"summary_large_image\" \/>\n<script type=\"application\/ld+json\" class=\"yoast-schema-graph\">{\"@context\":\"https:\/\/schema.org\",\"@graph\":[{\"@type\":\"NewsArticle\",\"@id\":\"https:\/\/starstory.fr\/blog\/cinema-et-television\/selena-gomez-taille-age-couple-origines-et-fortune-la-fiche-complete\/#article\",\"isPartOf\":{\"@id\":\"https:\/\/starstory.fr\/blog\/cinema-et-television\/selena-gomez-taille-age-couple-origines-et-fortune-la-fiche-complete\/\"},\"author\":{\"name\":\"Lucas Martin\",\"@id\":\"https:\/\/starstory.fr\/blog\/#\/schema\/person\/7460f07f6b55c3d1c9b0d5788b27d15e\"},\"headline\":\"Selena Gomez : taille, \u00e2ge, couple, origines et fortune \u2014 la fiche compl\u00e8te\",\"datePublished\":\"2026-06-05T22:38:58+00:00\",\"mainEntityOfPage\":{\"@id\":\"https:\/\/starstory.fr\/blog\/cinema-et-television\/selena-gomez-taille-age-couple-origines-et-fortune-la-fiche-complete\/\"},\"wordCount\":1582,\"commentCount\":0,\"publisher\":{\"@id\":\"https:\/\/starstory.fr\/blog\/#organization\"},\"image\":{\"@id\":\"https:\/\/starstory.fr\/blog\/cinema-et-television\/selena-gomez-taille-age-couple-origines-et-fortune-la-fiche-complete\/#primaryimage\"},\"thumbnailUrl\":\"https:\/\/images.pexels.com\/photos\/22270226\/pexels-photo-22270226.jpeg?auto=compress&cs=tinysrgb&fit=crop&h=627&w=1200\",\"articleSection\":[\"Cin\u00e9ma et T\u00e9l\u00e9vision\"],\"inLanguage\":\"fr-FR\",\"potentialAction\":[{\"@type\":\"CommentAction\",\"name\":\"Comment\",\"target\":[\"https:\/\/starstory.fr\/blog\/cinema-et-television\/selena-gomez-taille-age-couple-origines-et-fortune-la-fiche-complete\/#respond\"]}]},{\"@type\":\"WebPage\",\"@id\":\"https:\/\/starstory.fr\/blog\/cinema-et-television\/selena-gomez-taille-age-couple-origines-et-fortune-la-fiche-complete\/\",\"url\":\"https:\/\/starstory.fr\/blog\/cinema-et-television\/selena-gomez-taille-age-couple-origines-et-fortune-la-fiche-complete\/\",\"name\":\"Selena Gomez : taille, \u00e2ge, couple, origines et fortune\",\"isPartOf\":{\"@id\":\"https:\/\/starstory.fr\/blog\/#website\"},\"primaryImageOfPage\":{\"@id\":\"https:\/\/starstory.fr\/blog\/cinema-et-television\/selena-gomez-taille-age-couple-origines-et-fortune-la-fiche-complete\/#primaryimage\"},\"image\":{\"@id\":\"https:\/\/starstory.fr\/blog\/cinema-et-television\/selena-gomez-taille-age-couple-origines-et-fortune-la-fiche-complete\/#primaryimage\"},\"thumbnailUrl\":\"https:\/\/images.pexels.com\/photos\/22270226\/pexels-photo-22270226.jpeg?auto=compress&cs=tinysrgb&fit=crop&h=627&w=1200\",\"datePublished\":\"2026-06-05T22:38:58+00:00\",\"description\":\"Selena Marie Gomez est une actrice, chanteuse, productrice et femme d'affaires am\u00e9ricaine n\u00e9e le 22 juillet 1992 \u00e0 Grand Prairie, au Texas\",\"inLanguage\":\"fr-FR\",\"potentialAction\":[{\"@type\":\"ReadAction\",\"target\":[\"https:\/\/starstory.fr\/blog\/cinema-et-television\/selena-gomez-taille-age-couple-origines-et-fortune-la-fiche-complete\/\"]}]},{\"@type\":\"ImageObject\",\"inLanguage\":\"fr-FR\",\"@id\":\"https:\/\/starstory.fr\/blog\/cinema-et-television\/selena-gomez-taille-age-couple-origines-et-fortune-la-fiche-complete\/#primaryimage\",\"url\":\"https:\/\/images.pexels.com\/photos\/22270226\/pexels-photo-22270226.jpeg?auto=compress&cs=tinysrgb&fit=crop&h=627&w=1200\",\"contentUrl\":\"https:\/\/images.pexels.com\/photos\/22270226\/pexels-photo-22270226.jpeg?auto=compress&cs=tinysrgb&fit=crop&h=627&w=1200\"},{\"@type\":\"WebSite\",\"@id\":\"https:\/\/starstory.fr\/blog\/#website\",\"url\":\"https:\/\/starstory.fr\/blog\/\",\"name\":\"StarStory\",\"description\":\"StarStory, les \u00e9toiles racontent leur histoire\",\"publisher\":{\"@id\":\"https:\/\/starstory.fr\/blog\/#organization\"},\"alternateName\":\"StarStory, les \u00e9toiles racontent leur histoire\",\"potentialAction\":[{\"@type\":\"SearchAction\",\"target\":{\"@type\":\"EntryPoint\",\"urlTemplate\":\"https:\/\/starstory.fr\/blog\/?s={search_term_string}\"},\"query-input\":{\"@type\":\"PropertyValueSpecification\",\"valueRequired\":true,\"valueName\":\"search_term_string\"}}],\"inLanguage\":\"fr-FR\"},{\"@type\":\"Organization\",\"@id\":\"https:\/\/starstory.fr\/blog\/#organization\",\"name\":\"StarStory\",\"alternateName\":\"StarStory.fr\",\"url\":\"https:\/\/starstory.fr\/blog\/\",\"logo\":{\"@type\":\"ImageObject\",\"inLanguage\":\"fr-FR\",\"@id\":\"https:\/\/starstory.fr\/blog\/#\/schema\/logo\/image\/\",\"url\":\"https:\/\/starstory.fr\/blog\/wp-content\/uploads\/2024\/12\/38.png\",\"contentUrl\":\"https:\/\/starstory.fr\/blog\/wp-content\/uploads\/2024\/12\/38.png\",\"width\":500,\"height\":500,\"caption\":\"StarStory\"},\"image\":{\"@id\":\"https:\/\/starstory.fr\/blog\/#\/schema\/logo\/image\/\"}},{\"@type\":\"Person\",\"@id\":\"https:\/\/starstory.fr\/blog\/#\/schema\/person\/7460f07f6b55c3d1c9b0d5788b27d15e\",\"name\":\"Lucas Martin\",\"image\":{\"@type\":\"ImageObject\",\"inLanguage\":\"fr-FR\",\"@id\":\"https:\/\/starstory.fr\/blog\/#\/schema\/person\/image\/\",\"url\":\"https:\/\/secure.gravatar.com\/avatar\/?s=96&d=mm&r=g\",\"contentUrl\":\"https:\/\/secure.gravatar.com\/avatar\/?s=96&d=mm&r=g\",\"caption\":\"Lucas Martin\"},\"description\":\"Lucas dresse le portrait des stars sportives qui ont marqu\u00e9 les diff\u00e9rentes \u00e9poques.\",\"url\":\"https:\/\/starstory.fr\/blog\/auteur\/lucas-martin\/\",\"jobTitle\":\"Contributeur high-tech\",\"email\":\"lucas.martin@lemacenligne.com\"}]}<\/script>\n<!-- \/ Yoast SEO Premium plugin. -->","yoast_head_json":{"title":"Selena Gomez : taille, \u00e2ge, couple, origines et fortune","description":"Selena Marie Gomez est une actrice, chanteuse, productrice et femme d'affaires am\u00e9ricaine n\u00e9e le 22 juillet 1992 \u00e0 Grand Prairie, au Texas","robots":{"index":"index","follow":"follow","max-snippet":"max-snippet:-1","max-image-preview":"max-image-preview:large","max-video-preview":"max-video-preview:-1"},"canonical":"https:\/\/starstory.fr\/blog\/cinema-et-television\/selena-gomez-taille-age-couple-origines-et-fortune-la-fiche-complete\/","og_locale":"fr_FR","og_type":"article","og_title":"Selena Gomez : taille, \u00e2ge, couple, origines et fortune","og_description":"Selena Marie Gomez est une actrice, chanteuse, productrice et femme d'affaires am\u00e9ricaine n\u00e9e le 22 juillet 1992 \u00e0 Grand Prairie, au Texas","og_url":"https:\/\/starstory.fr\/blog\/cinema-et-television\/selena-gomez-taille-age-couple-origines-et-fortune-la-fiche-complete\/","og_site_name":"starstory","author":"Lucas Martin","twitter_card":"summary_large_image","schema":{"@context":"https:\/\/schema.org","@graph":[{"@type":"NewsArticle","@id":"https:\/\/starstory.fr\/blog\/cinema-et-television\/selena-gomez-taille-age-couple-origines-et-fortune-la-fiche-complete\/#article","isPartOf":{"@id":"https:\/\/starstory.fr\/blog\/cinema-et-television\/selena-gomez-taille-age-couple-origines-et-fortune-la-fiche-complete\/"},"author":{"name":"Lucas Martin","@id":"https:\/\/starstory.fr\/blog\/#\/schema\/person\/7460f07f6b55c3d1c9b0d5788b27d15e"},"headline":"Selena Gomez : taille, \u00e2ge, couple, origines et fortune \u2014 la fiche compl\u00e8te","datePublished":"2026-06-05T22:38:58+00:00","mainEntityOfPage":{"@id":"https:\/\/starstory.fr\/blog\/cinema-et-television\/selena-gomez-taille-age-couple-origines-et-fortune-la-fiche-complete\/"},"wordCount":1582,"commentCount":0,"publisher":{"@id":"https:\/\/starstory.fr\/blog\/#organization"},"image":{"@id":"https:\/\/starstory.fr\/blog\/cinema-et-television\/selena-gomez-taille-age-couple-origines-et-fortune-la-fiche-complete\/#primaryimage"},"thumbnailUrl":"https:\/\/images.pexels.com\/photos\/22270226\/pexels-photo-22270226.jpeg?auto=compress&cs=tinysrgb&fit=crop&h=627&w=1200","articleSection":["Cin\u00e9ma et T\u00e9l\u00e9vision"],"inLanguage":"fr-FR","potentialAction":[{"@type":"CommentAction","name":"Comment","target":["https:\/\/starstory.fr\/blog\/cinema-et-television\/selena-gomez-taille-age-couple-origines-et-fortune-la-fiche-complete\/#respond"]}]},{"@type":"WebPage","@id":"https:\/\/starstory.fr\/blog\/cinema-et-television\/selena-gomez-taille-age-couple-origines-et-fortune-la-fiche-complete\/","url":"https:\/\/starstory.fr\/blog\/cinema-et-television\/selena-gomez-taille-age-couple-origines-et-fortune-la-fiche-complete\/","name":"Selena Gomez : taille, \u00e2ge, couple, origines et fortune","isPartOf":{"@id":"https:\/\/starstory.fr\/blog\/#website"},"primaryImageOfPage":{"@id":"https:\/\/starstory.fr\/blog\/cinema-et-television\/selena-gomez-taille-age-couple-origines-et-fortune-la-fiche-complete\/#primaryimage"},"image":{"@id":"https:\/\/starstory.fr\/blog\/cinema-et-television\/selena-gomez-taille-age-couple-origines-et-fortune-la-fiche-complete\/#primaryimage"},"thumbnailUrl":"https:\/\/images.pexels.com\/photos\/22270226\/pexels-photo-22270226.jpeg?auto=compress&cs=tinysrgb&fit=crop&h=627&w=1200","datePublished":"2026-06-05T22:38:58+00:00","description":"Selena Marie Gomez est une actrice, chanteuse, productrice et femme d'affaires am\u00e9ricaine n\u00e9e le 22 juillet 1992 \u00e0 Grand Prairie, au Texas","inLanguage":"fr-FR","potentialAction":[{"@type":"ReadAction","target":["https:\/\/starstory.fr\/blog\/cinema-et-television\/selena-gomez-taille-age-couple-origines-et-fortune-la-fiche-complete\/"]}]},{"@type":"ImageObject","inLanguage":"fr-FR","@id":"https:\/\/starstory.fr\/blog\/cinema-et-television\/selena-gomez-taille-age-couple-origines-et-fortune-la-fiche-complete\/#primaryimage","url":"https:\/\/images.pexels.com\/photos\/22270226\/pexels-photo-22270226.jpeg?auto=compress&cs=tinysrgb&fit=crop&h=627&w=1200","contentUrl":"https:\/\/images.pexels.com\/photos\/22270226\/pexels-photo-22270226.jpeg?auto=compress&cs=tinysrgb&fit=crop&h=627&w=1200"},{"@type":"WebSite","@id":"https:\/\/starstory.fr\/blog\/#website","url":"https:\/\/starstory.fr\/blog\/","name":"StarStory","description":"StarStory, les \u00e9toiles racontent leur histoire","publisher":{"@id":"https:\/\/starstory.fr\/blog\/#organization"},"alternateName":"StarStory, les \u00e9toiles racontent leur histoire","potentialAction":[{"@type":"SearchAction","target":{"@type":"EntryPoint","urlTemplate":"https:\/\/starstory.fr\/blog\/?s={search_term_string}"},"query-input":{"@type":"PropertyValueSpecification","valueRequired":true,"valueName":"search_term_string"}}],"inLanguage":"fr-FR"},{"@type":"Organization","@id":"https:\/\/starstory.fr\/blog\/#organization","name":"StarStory","alternateName":"StarStory.fr","url":"https:\/\/starstory.fr\/blog\/","logo":{"@type":"ImageObject","inLanguage":"fr-FR","@id":"https:\/\/starstory.fr\/blog\/#\/schema\/logo\/image\/","url":"https:\/\/starstory.fr\/blog\/wp-content\/uploads\/2024\/12\/38.png","contentUrl":"https:\/\/starstory.fr\/blog\/wp-content\/uploads\/2024\/12\/38.png","width":500,"height":500,"caption":"StarStory"},"image":{"@id":"https:\/\/starstory.fr\/blog\/#\/schema\/logo\/image\/"}},{"@type":"Person","@id":"https:\/\/starstory.fr\/blog\/#\/schema\/person\/7460f07f6b55c3d1c9b0d5788b27d15e","name":"Lucas Martin","image":{"@type":"ImageObject","inLanguage":"fr-FR","@id":"https:\/\/starstory.fr\/blog\/#\/schema\/person\/image\/","url":"https:\/\/secure.gravatar.com\/avatar\/?s=96&d=mm&r=g","contentUrl":"https:\/\/secure.gravatar.com\/avatar\/?s=96&d=mm&r=g","caption":"Lucas Martin"},"description":"Lucas dresse le portrait des stars sportives qui ont marqu\u00e9 les diff\u00e9rentes \u00e9poques.","url":"https:\/\/starstory.fr\/blog\/auteur\/lucas-martin\/","jobTitle":"Contributeur high-tech","email":"lucas.martin@lemacenligne.com"}]}},"_links":{"self":[{"href":"https:\/\/starstory.fr\/blog\/wp-json\/wp\/v2\/posts\/7943","targetHints":{"allow":["GET"]}}],"collection":[{"href":"https:\/\/starstory.fr\/blog\/wp-json\/wp\/v2\/posts"}],"about":[{"href":"https:\/\/starstory.fr\/blog\/wp-json\/wp\/v2\/types\/post"}],"author":[{"embeddable":true,"href":"https:\/\/starstory.fr\/blog\/wp-json\/wp\/v2\/users\/43"}],"replies":[{"embeddable":true,"href":"https:\/\/starstory.fr\/blog\/wp-json\/wp\/v2\/comments?post=7943"}],"version-history":[{"count":0,"href":"https:\/\/starstory.fr\/blog\/wp-json\/wp\/v2\/posts\/7943\/revisions"}],"wp:attachment":[{"href":"https:\/\/starstory.fr\/blog\/wp-json\/wp\/v2\/media?parent=7943"}],"wp:term":[{"taxonomy":"category","embeddable":true,"href":"https:\/\/starstory.fr\/blog\/wp-json\/wp\/v2\/categories?post=7943"},{"taxonomy":"post_tag","embeddable":true,"href":"https:\/\/starstory.fr\/blog\/wp-json\/wp\/v2\/tags?post=7943"}],"curies":[{"name":"wp","href":"https:\/\/api.w.org\/{rel}","templated":true}]}}