{"id":7942,"date":"2026-06-06T00:38:46","date_gmt":"2026-06-05T22:38:46","guid":{"rendered":"https:\/\/starstory.fr\/blog\/musique-et-icones-musicales\/taylor-swift-taille-age-couple-origines-et-fortune-la-fiche-complete\/"},"modified":"2026-06-06T00:38:46","modified_gmt":"2026-06-05T22:38:46","slug":"taylor-swift-taille-age-couple-origines-et-fortune-la-fiche-complete","status":"publish","type":"post","link":"https:\/\/starstory.fr\/blog\/musique-et-icones-musicales\/taylor-swift-taille-age-couple-origines-et-fortune-la-fiche-complete\/","title":{"rendered":"Taylor Swift : taille, \u00e2ge, couple, origines et fortune \u2014 la fiche compl\u00e8te"},"content":{"rendered":"<aside style=\"background:#FBEAF2;border-left:5px solid #B11E6A;padding:22px 28px;margin:24px 0;font-family:-apple-system,BlinkMacSystemFont,'Segoe UI',Roboto,sans-serif;\">\n<div style=\"margin:0;font-size:19px;line-height:1.55;color:#2a2a2a;font-weight:500;letter-spacing:-0.005em;\">\n    Taylor Swift mesure environ 1,78 m, a 36 ans (n\u00e9e le 13 d\u00e9cembre 1989) et est fianc\u00e9e depuis l&rsquo;\u00e9t\u00e9 2025 au joueur de football am\u00e9ricain Travis Kelce. Devenue milliardaire, l&rsquo;Am\u00e9ricaine est l&rsquo;artiste la plus influente de sa g\u00e9n\u00e9ration, de la country \u00e0 la pop. Voici sa fiche compl\u00e8te, v\u00e9rifi\u00e9e et tenue \u00e0 jour.\n  <\/div>\n<\/aside>\n<figure style=\"margin:32px 0;font-family:-apple-system,BlinkMacSystemFont,'Segoe UI',Roboto,sans-serif;\">\n<div style=\"overflow-x:auto;border:1px solid #e5e5e0;border-radius:8px;\">\n<table style=\"width:100%;border-collapse:collapse;font-size:14px;color:#2a2a2a;min-width:500px;\">\n<thead>\n<tr style=\"background:#1a1a1a;color:#fff;\">\n<th style=\"text-align:left;padding:14px 18px;font-weight:700;font-size:12px;text-transform:uppercase;letter-spacing:1.5px;\">Carte d&rsquo;identit\u00e9<\/th>\n<th style=\"text-align:left;padding:14px 18px;font-weight:700;font-size:12px;text-transform:uppercase;letter-spacing:1.5px;\">Taylor Swift<\/th>\n<\/tr>\n<\/thead>\n<tbody>\n<tr style=\"background:#fff;border-bottom:1px solid #f0ede5;\">\n<td style=\"padding:14px 18px;font-weight:600;\">Nom complet<\/td>\n<td style=\"padding:14px 18px;color:#4a4a4a;\">Taylor Alison Swift<\/td>\n<\/tr>\n<tr style=\"background:#FBEAF2;border-bottom:1px solid #f0ede5;\">\n<td style=\"padding:14px 18px;font-weight:600;\">Naissance<\/td>\n<td style=\"padding:14px 18px;color:#4a4a4a;\">13 d\u00e9cembre 1989, West Reading (Pennsylvanie, \u00c9tats-Unis)<\/td>\n<\/tr>\n<tr style=\"background:#fff;border-bottom:1px solid #f0ede5;\">\n<td style=\"padding:14px 18px;font-weight:600;\">\u00c2ge<\/td>\n<td style=\"padding:14px 18px;color:#4a4a4a;\">36 ans<\/td>\n<\/tr>\n<tr style=\"background:#FBEAF2;border-bottom:1px solid #f0ede5;\">\n<td style=\"padding:14px 18px;font-weight:600;\">Taille<\/td>\n<td style=\"padding:14px 18px;color:#4a4a4a;\">Environ 1,78 m<\/td>\n<\/tr>\n<tr style=\"background:#fff;border-bottom:1px solid #f0ede5;\">\n<td style=\"padding:14px 18px;font-weight:600;\">Nationalit\u00e9<\/td>\n<td style=\"padding:14px 18px;color:#4a4a4a;\">Am\u00e9ricaine<\/td>\n<\/tr>\n<tr style=\"background:#FBEAF2;border-bottom:1px solid #f0ede5;\">\n<td style=\"padding:14px 18px;font-weight:600;\">Profession<\/td>\n<td style=\"padding:14px 18px;color:#4a4a4a;\">Autrice-compositrice-interpr\u00e8te, productrice<\/td>\n<\/tr>\n<tr style=\"background:#fff;border-bottom:1px solid #f0ede5;\">\n<td style=\"padding:14px 18px;font-weight:600;\">Couple<\/td>\n<td style=\"padding:14px 18px;color:#4a4a4a;\">Fianc\u00e9e \u00e0 Travis Kelce (depuis 2025)<\/td>\n<\/tr>\n<tr style=\"background:#FBEAF2;\">\n<td style=\"padding:14px 18px;font-weight:600;\">R\u00e9compenses<\/td>\n<td style=\"padding:14px 18px;color:#4a4a4a;\">Multiple laur\u00e9ate des Grammy Awards, record absolu de l&rsquo;Album de l&rsquo;ann\u00e9e<\/td>\n<\/tr>\n<\/tbody>\n<\/table><\/div>\n<\/figure>\n<h2>Biographie et d\u00e9buts<\/h2>\n<p>Taylor Alison Swift na\u00eet le 13 d\u00e9cembre 1989 \u00e0 West Reading, une petite ville de Pennsylvanie, aux \u00c9tats-Unis. \u00c9lev\u00e9e dans une ferme d&rsquo;arbres de No\u00ebl puis dans le Tennessee, elle se passionne tr\u00e8s t\u00f4t pour l&rsquo;\u00e9criture de chansons et la musique country. Adolescente, elle convainc sa famille de s&rsquo;installer pr\u00e8s de Nashville, capitale mondiale de la country, pour tenter sa chance.<\/p>\n<p>Son talent pr\u00e9coce paye : elle signe un contrat et sort son premier album studio, intitul\u00e9 sobrement <em>Taylor Swift<\/em>, en 2006, alors qu&rsquo;elle n&rsquo;a que seize ans. Le disque la r\u00e9v\u00e8le comme une jeune autrice-compositrice capable de raconter ses \u00e9motions d&rsquo;adolescente avec une justesse rare. C&rsquo;est le point de d\u00e9part d&rsquo;une carri\u00e8re qui va, en moins de vingt ans, faire d&rsquo;elle l&rsquo;une des artistes les plus c\u00e9l\u00e8bres de la plan\u00e8te.<\/p>\n<aside style=\"background:#fff7e0;border-left:4px solid #d4a017;padding:14px 18px;margin:18px 0;border-radius:0 4px 4px 0;font-family:-apple-system,BlinkMacSystemFont,'Segoe UI',Roboto,sans-serif;\">\n  <strong style=\"display:inline-block;color:#7a5e00;font-size:12px;text-transform:uppercase;letter-spacing:1.5px;margin-right:8px;\">&#128161; Bon \u00e0 savoir<\/strong><br \/>\n  <span style=\"font-size:14.5px;line-height:1.55;color:#3a3a3a;\">Taylor Swift \u00e9crit ou co\u00e9crit elle-m\u00eame la quasi-totalit\u00e9 de ses chansons, ce qui explique le lien tr\u00e8s fort qu&rsquo;elle entretient avec son public.<\/span><br \/>\n<\/aside>\n<h2>Carri\u00e8re : de la country \u00e0 la pop mondiale<\/h2>\n<p>Apr\u00e8s ses d\u00e9buts country, Taylor Swift op\u00e8re un virage progressif vers la pop. L&rsquo;album <em>Fearless<\/em> (2008) puis <em>Red<\/em> (2012) la propulsent sur le devant de la sc\u00e8ne internationale. Mais c&rsquo;est <em>1989<\/em> (2014) qui consacre d\u00e9finitivement sa transformation en superstar pop, avec des tubes plan\u00e9taires devenus des classiques de la d\u00e9cennie.<\/p>\n<p>Sa discographie comprend plus d&rsquo;une dizaine d&rsquo;albums studio, parmi lesquels <em>Speak Now<\/em>, <em>Reputation<\/em>, <em>Lover<\/em>, les albums introspectifs <em>Folklore<\/em> et <em>Evermore<\/em> sortis en 2020, <em>Midnights<\/em> (2022) et <em>The Tortured Poets Department<\/em> (2024). Elle a \u00e9galement entrepris de r\u00e9enregistrer plusieurs de ses anciens albums pour en r\u00e9cup\u00e9rer la propri\u00e9t\u00e9, une d\u00e9marche salu\u00e9e comme une prise de pouvoir in\u00e9dite d&rsquo;une artiste sur son catalogue.<\/p>\n<figure style=\"margin:32px 0;font-family:-apple-system,BlinkMacSystemFont,'Segoe UI',Roboto,sans-serif;\">\n<div style=\"overflow-x:auto;border:1px solid #e5e5e0;border-radius:8px;\">\n<table style=\"width:100%;border-collapse:collapse;font-size:14px;color:#2a2a2a;min-width:500px;\">\n<thead>\n<tr style=\"background:#1a1a1a;color:#fff;\">\n<th style=\"text-align:left;padding:14px 18px;font-weight:700;font-size:12px;text-transform:uppercase;letter-spacing:1.5px;\">Album studio<\/th>\n<th style=\"text-align:center;padding:14px 18px;font-weight:700;font-size:12px;text-transform:uppercase;letter-spacing:1.5px;\">Ann\u00e9e<\/th>\n<th style=\"text-align:left;padding:14px 18px;font-weight:700;font-size:12px;text-transform:uppercase;letter-spacing:1.5px;\">Genre dominant<\/th>\n<\/tr>\n<\/thead>\n<tbody>\n<tr style=\"background:#fff;border-bottom:1px solid #f0ede5;\">\n<td style=\"padding:14px 18px;font-weight:600;\">Taylor Swift<\/td>\n<td style=\"padding:14px 18px;text-align:center;color:#6a6a6a;\">2006<\/td>\n<td style=\"padding:14px 18px;color:#4a4a4a;\">Country<\/td>\n<\/tr>\n<tr style=\"background:#fafaf7;border-bottom:1px solid #f0ede5;\">\n<td style=\"padding:14px 18px;font-weight:600;\">Fearless<\/td>\n<td style=\"padding:14px 18px;text-align:center;color:#6a6a6a;\">2008<\/td>\n<td style=\"padding:14px 18px;color:#4a4a4a;\">Country pop<\/td>\n<\/tr>\n<tr style=\"background:#fff;border-bottom:1px solid #f0ede5;\">\n<td style=\"padding:14px 18px;font-weight:600;\">Red<\/td>\n<td style=\"padding:14px 18px;text-align:center;color:#6a6a6a;\">2012<\/td>\n<td style=\"padding:14px 18px;color:#4a4a4a;\">Country \/ pop<\/td>\n<\/tr>\n<tr style=\"background:#fafaf7;border-bottom:1px solid #f0ede5;\">\n<td style=\"padding:14px 18px;font-weight:600;\">1989<\/td>\n<td style=\"padding:14px 18px;text-align:center;color:#6a6a6a;\">2014<\/td>\n<td style=\"padding:14px 18px;color:#4a4a4a;\">Pop<\/td>\n<\/tr>\n<tr style=\"background:#fff;border-bottom:1px solid #f0ede5;\">\n<td style=\"padding:14px 18px;font-weight:600;\">Folklore \/ Evermore<\/td>\n<td style=\"padding:14px 18px;text-align:center;color:#6a6a6a;\">2020<\/td>\n<td style=\"padding:14px 18px;color:#4a4a4a;\">Indie folk<\/td>\n<\/tr>\n<tr style=\"background:#fafaf7;border-bottom:1px solid #f0ede5;\">\n<td style=\"padding:14px 18px;font-weight:600;\">Midnights<\/td>\n<td style=\"padding:14px 18px;text-align:center;color:#6a6a6a;\">2022<\/td>\n<td style=\"padding:14px 18px;color:#4a4a4a;\">Pop synth\u00e9<\/td>\n<\/tr>\n<tr style=\"background:#fff;\">\n<td style=\"padding:14px 18px;font-weight:600;\">The Tortured Poets Department<\/td>\n<td style=\"padding:14px 18px;text-align:center;color:#6a6a6a;\">2024<\/td>\n<td style=\"padding:14px 18px;color:#4a4a4a;\">Pop<\/td>\n<\/tr>\n<\/tbody>\n<\/table><\/div>\n<\/figure>\n<h3>L&rsquo;Eras Tour, une tourn\u00e9e hors norme<\/h3>\n<p>Lanc\u00e9e en 2023, la tourn\u00e9e mondiale baptis\u00e9e <em>The Eras Tour<\/em> est devenue un v\u00e9ritable ph\u00e9nom\u00e8ne culturel et \u00e9conomique. Con\u00e7ue comme une r\u00e9trospective traversant toutes les \u00ab \u00e8res \u00bb musicales de l&rsquo;artiste, elle a rempli les plus grands stades du monde et battu des records de fr\u00e9quentation comme de recettes. Le concert film\u00e9, sorti au cin\u00e9ma, a lui aussi rencontr\u00e9 un immense succ\u00e8s, prolongeant l&rsquo;engouement bien au-del\u00e0 des salles de spectacle.<\/p>\n<figure style=\"margin:32px 0;padding:0;font-family:-apple-system,BlinkMacSystemFont,'Segoe UI',Roboto,sans-serif;\">\n<div style=\"display:grid;grid-template-columns:repeat(auto-fit,minmax(140px,1fr));background:#1a1a1a;border-radius:6px;overflow:hidden;\">\n<div style=\"padding:22px 16px;text-align:center;border-right:1px solid #2f2f2f;\">\n<div style=\"font-size:36px;font-weight:900;color:#fff;letter-spacing:-0.04em;font-feature-settings:'tnum';line-height:1;\">36<\/div>\n<div style=\"font-size:11px;text-transform:uppercase;letter-spacing:1.5px;color:#9a9a9a;margin-top:8px;\">ans en 2026<\/div>\n<\/p><\/div>\n<div style=\"padding:22px 16px;text-align:center;border-right:1px solid #2f2f2f;\">\n<div style=\"font-size:36px;font-weight:900;color:#fff;letter-spacing:-0.04em;font-feature-settings:'tnum';line-height:1;\">~1,78&#8202;m<\/div>\n<div style=\"font-size:11px;text-transform:uppercase;letter-spacing:1.5px;color:#9a9a9a;margin-top:8px;\">taille estim\u00e9e<\/div>\n<\/p><\/div>\n<div style=\"padding:22px 16px;text-align:center;\">\n<div style=\"font-size:36px;font-weight:900;color:#B11E6A;letter-spacing:-0.04em;font-feature-settings:'tnum';line-height:1;\">~2&#160;Md$<\/div>\n<div style=\"font-size:11px;text-transform:uppercase;letter-spacing:1.5px;color:#9a9a9a;margin-top:8px;\">fortune estim\u00e9e<\/div>\n<\/p><\/div>\n<\/p><\/div><figcaption style=\"font-size:11px;color:#7a7a7a;margin-top:8px;text-align:right;letter-spacing:0.3px;\">Donn\u00e9es indicatives \u2014 voir sources en fin d&rsquo;article.<\/figcaption><\/figure>\n<h2>Taille et physique<\/h2>\n<p>La question revient sans cesse chez les fans : combien mesure Taylor Swift ? La chanteuse est g\u00e9n\u00e9ralement cr\u00e9dit\u00e9e d&rsquo;une taille d&rsquo;environ 1,78 m (soit \u00e0 peu pr\u00e8s 5 pieds 10 pouces dans le syst\u00e8me am\u00e9ricain). Les sources varient l\u00e9g\u00e8rement, certaines \u00e9voquant 1,76 m, d&rsquo;autres jusqu&rsquo;\u00e0 1,80 m, ce qui est normal pour une c\u00e9l\u00e9brit\u00e9 dont la taille exacte n&rsquo;est pas officiellement publi\u00e9e.<\/p>\n<p>Cette silhouette \u00e9lanc\u00e9e, souvent rehauss\u00e9e de talons sur sc\u00e8ne, contribue \u00e0 sa pr\u00e9sence imposante lors de ses concerts. Blonde aux yeux clairs, elle est r\u00e9guli\u00e8rement cit\u00e9e parmi les artistes les plus photog\u00e9niques de sa g\u00e9n\u00e9ration, et son style vestimentaire \u00e9volue au fil de ses \u00ab \u00e8res \u00bb musicales.<\/p>\n<aside style=\"background:#FBEAF2;border-left:4px solid #B11E6A;padding:14px 18px;margin:18px 0;border-radius:0 4px 4px 0;font-family:-apple-system,BlinkMacSystemFont,'Segoe UI',Roboto,sans-serif;\">\n  <strong style=\"display:inline-block;color:#B11E6A;font-size:12px;text-transform:uppercase;letter-spacing:1.5px;margin-right:8px;\">&#10022; \u00c0 noter<\/strong><br \/>\n  <span style=\"font-size:14.5px;line-height:1.55;color:#3a3a3a;\">Avec ses ~1,78 m, Taylor Swift est plus grande que la moyenne des chanteuses pop am\u00e9ricaines, un atout pour sa pr\u00e9sence sc\u00e9nique.<\/span><br \/>\n<\/aside>\n<h2>Vie priv\u00e9e et couple avec Travis Kelce<\/h2>\n<p>Longtemps scrut\u00e9e par les m\u00e9dias, la vie sentimentale de Taylor Swift conna\u00eet un tournant majeur \u00e0 partir de 2023, lorsqu&rsquo;elle d\u00e9bute une relation avec Travis Kelce, star du football am\u00e9ricain et joueur des Kansas City Chiefs. Le couple, l&rsquo;un des plus m\u00e9diatis\u00e9s de la plan\u00e8te, est rapidement devenu un sujet d&rsquo;actualit\u00e9 permanent, jusque dans les tribunes de la NFL o\u00f9 la chanteuse est r\u00e9guli\u00e8rement aper\u00e7ue.<\/p>\n<p>En ao\u00fbt 2025, le couple officialise ses fian\u00e7ailles via une publication commune sur les r\u00e9seaux sociaux, confirmant des mois de rumeurs. \u00c0 ce jour, Taylor Swift et Travis Kelce sont donc fianc\u00e9s, et leur mariage est l&rsquo;un des \u00e9v\u00e9nements people les plus attendus.<\/p>\n<figure style=\"margin:38px auto;padding:28px 24px;text-align:center;border-top:1px solid #2a2a2a;border-bottom:1px solid #2a2a2a;max-width:640px;position:relative;font-family:Georgia,'Hoefler Text',serif;\">\n<div style=\"position:absolute;top:-20px;left:50%;transform:translateX(-50%);background:#ffffff;padding:0 14px;font-size:48px;line-height:1;color:#B11E6A;font-family:Georgia,serif;\">&laquo;<\/div>\n<blockquote style=\"margin:0;padding:0;font-size:24px;line-height:1.45;font-style:italic;color:#1a1a1a;letter-spacing:-0.005em;\"><p>\n    De la country du Tennessee aux plus grands stades du monde, Taylor Swift a transform\u00e9 chaque chapitre de sa vie en album culte.<br \/>\n  <\/blockquote><figcaption style=\"margin-top:14px;font-size:12px;text-transform:uppercase;letter-spacing:2px;color:#6a6a6a;font-family:-apple-system,sans-serif;font-style:normal;\">\u2014 StarStory<\/figcaption><\/figure>\n<h2>Fortune estim\u00e9e<\/h2>\n<p>Le succ\u00e8s artistique de Taylor Swift s&rsquo;est doubl\u00e9 d&rsquo;une r\u00e9ussite financi\u00e8re exceptionnelle. Port\u00e9e notamment par les recettes colossales de l&rsquo;Eras Tour, par ses ventes d&rsquo;albums et par ses droits musicaux, elle a officiellement rejoint le club tr\u00e8s ferm\u00e9 des milliardaires. Sa fortune est estim\u00e9e \u00e0 environ 2 milliards de dollars en 2026.<\/p>\n<p>Cette fortune fait d&rsquo;elle l&rsquo;une des rares musiciennes \u00e0 avoir atteint le statut de milliardaire principalement gr\u00e2ce \u00e0 sa musique, et non \u00e0 des activit\u00e9s annexes. Une performance qui illustre autant son talent que son sens aigu des affaires, notamment sa strat\u00e9gie de r\u00e9enregistrement de ses albums pour en ma\u00eetriser les droits.<\/p>\n<aside style=\"background:#fafaf7;border:1px solid #e5e5e0;border-radius:8px;padding:24px 26px 26px;margin:28px 0;font-family:-apple-system,BlinkMacSystemFont,'Segoe UI',Roboto,sans-serif;\">\n<div style=\"margin:0 0 18px 0;font-size:11px;font-weight:700;text-transform:uppercase;letter-spacing:2.2px;color:#B11E6A;\">\u00c0 retenir<\/div>\n<div style=\"display:grid;grid-template-columns:repeat(auto-fit,minmax(240px,1fr));gap:10px;\">\n<div style=\"display:flex;gap:12px;background:#fff;border:1px solid #ebebe5;padding:12px 14px;border-radius:6px;align-items:flex-start;\">\n      <span style=\"flex:0 0 26px;width:26px;height:26px;background:#B11E6A;color:#fff;border-radius:50%;display:inline-flex;align-items:center;justify-content:center;font-size:12px;font-weight:700;font-family:-apple-system,sans-serif;\">1<\/span><br \/>\n      <span style=\"font-size:14px;line-height:1.5;color:#2a2a2a;\">N\u00e9e le 13 d\u00e9cembre 1989, elle a 36 ans.<\/span>\n    <\/div>\n<div style=\"display:flex;gap:12px;background:#fff;border:1px solid #ebebe5;padding:12px 14px;border-radius:6px;align-items:flex-start;\">\n      <span style=\"flex:0 0 26px;width:26px;height:26px;background:#B11E6A;color:#fff;border-radius:50%;display:inline-flex;align-items:center;justify-content:center;font-size:12px;font-weight:700;font-family:-apple-system,sans-serif;\">2<\/span><br \/>\n      <span style=\"font-size:14px;line-height:1.5;color:#2a2a2a;\">Elle mesure environ 1,78 m.<\/span>\n    <\/div>\n<div style=\"display:flex;gap:12px;background:#fff;border:1px solid #ebebe5;padding:12px 14px;border-radius:6px;align-items:flex-start;\">\n      <span style=\"flex:0 0 26px;width:26px;height:26px;background:#B11E6A;color:#fff;border-radius:50%;display:inline-flex;align-items:center;justify-content:center;font-size:12px;font-weight:700;font-family:-apple-system,sans-serif;\">3<\/span><br \/>\n      <span style=\"font-size:14px;line-height:1.5;color:#2a2a2a;\">Fianc\u00e9e \u00e0 Travis Kelce depuis l&rsquo;\u00e9t\u00e9 2025.<\/span>\n    <\/div>\n<div style=\"display:flex;gap:12px;background:#fff;border:1px solid #ebebe5;padding:12px 14px;border-radius:6px;align-items:flex-start;\">\n      <span style=\"flex:0 0 26px;width:26px;height:26px;background:#B11E6A;color:#fff;border-radius:50%;display:inline-flex;align-items:center;justify-content:center;font-size:12px;font-weight:700;font-family:-apple-system,sans-serif;\">4<\/span><br \/>\n      <span style=\"font-size:14px;line-height:1.5;color:#2a2a2a;\">Fortune estim\u00e9e \u00e0 environ 2 milliards de dollars.<\/span>\n    <\/div>\n<div style=\"display:flex;gap:12px;background:#fff;border:1px solid #ebebe5;padding:12px 14px;border-radius:6px;align-items:flex-start;\">\n      <span style=\"flex:0 0 26px;width:26px;height:26px;background:#B11E6A;color:#fff;border-radius:50%;display:inline-flex;align-items:center;justify-content:center;font-size:12px;font-weight:700;font-family:-apple-system,sans-serif;\">5<\/span><br \/>\n      <span style=\"font-size:14px;line-height:1.5;color:#2a2a2a;\">D\u00e9tentrice du record de l&rsquo;Album de l&rsquo;ann\u00e9e aux Grammy Awards.<\/span>\n    <\/div>\n<\/p><\/div>\n<\/aside>\n<h2>Anecdotes<\/h2>\n<div style=\"display:grid;grid-template-columns:repeat(auto-fit,minmax(220px,1fr));gap:14px;margin:28px 0;font-family:-apple-system,BlinkMacSystemFont,'Segoe UI',Roboto,sans-serif;\">\n<article style=\"background:#fff;border:1px solid #e5e5e0;border-top:3px solid #B11E6A;border-radius:6px;padding:18px 18px 16px;\">\n<div style=\"width:36px;height:36px;background:#FBEAF2;border-radius:50%;display:inline-flex;align-items:center;justify-content:center;margin-bottom:12px;\">\n      <span style=\"font-size:18px;color:#B11E6A;font-weight:900;font-family:Georgia,serif;\">01<\/span>\n    <\/div>\n<h3 style=\"margin:0 0 6px 0;font-size:16px;font-weight:700;color:#1a1a1a;letter-spacing:-0.01em;\">Le chiffre 13<\/h3>\n<div style=\"margin:0;font-size:13.5px;line-height:1.55;color:#4a4a4a;\">N\u00e9e un 13 d\u00e9cembre, elle consid\u00e8re le 13 comme son chiffre porte-bonheur et le glisse partout dans son univers.<\/div>\n<\/article>\n<article style=\"background:#fff;border:1px solid #e5e5e0;border-top:3px solid #B11E6A;border-radius:6px;padding:18px 18px 16px;\">\n<div style=\"width:36px;height:36px;background:#FBEAF2;border-radius:50%;display:inline-flex;align-items:center;justify-content:center;margin-bottom:12px;\">\n      <span style=\"font-size:18px;color:#B11E6A;font-weight:900;font-family:Georgia,serif;\">02<\/span>\n    <\/div>\n<h3 style=\"margin:0 0 6px 0;font-size:16px;font-weight:700;color:#1a1a1a;letter-spacing:-0.01em;\">Reine de l&rsquo;\u00e9criture<\/h3>\n<div style=\"margin:0;font-size:13.5px;line-height:1.55;color:#4a4a4a;\">Elle compose la plupart de ses chansons, souvent inspir\u00e9es de sa vie personnelle, ce qui fait le bonheur des fans en qu\u00eate d&rsquo;indices.<\/div>\n<\/article>\n<article style=\"background:#fff;border:1px solid #e5e5e0;border-top:3px solid #B11E6A;border-radius:6px;padding:18px 18px 16px;\">\n<div style=\"width:36px;height:36px;background:#FBEAF2;border-radius:50%;display:inline-flex;align-items:center;justify-content:center;margin-bottom:12px;\">\n      <span style=\"font-size:18px;color:#B11E6A;font-weight:900;font-family:Georgia,serif;\">03<\/span>\n    <\/div>\n<h3 style=\"margin:0 0 6px 0;font-size:16px;font-weight:700;color:#1a1a1a;letter-spacing:-0.01em;\">Ma\u00eetresse de son catalogue<\/h3>\n<div style=\"margin:0;font-size:13.5px;line-height:1.55;color:#4a4a4a;\">Pour r\u00e9cup\u00e9rer ses droits, elle a r\u00e9enregistr\u00e9 plusieurs de ses albums sous le label \u00ab Taylor&rsquo;s Version \u00bb.<\/div>\n<\/article>\n<article style=\"background:#fff;border:1px solid #e5e5e0;border-top:3px solid #B11E6A;border-radius:6px;padding:18px 18px 16px;\">\n<div style=\"width:36px;height:36px;background:#FBEAF2;border-radius:50%;display:inline-flex;align-items:center;justify-content:center;margin-bottom:12px;\">\n      <span style=\"font-size:18px;color:#B11E6A;font-weight:900;font-family:Georgia,serif;\">04<\/span>\n    <\/div>\n<h3 style=\"margin:0 0 6px 0;font-size:16px;font-weight:700;color:#1a1a1a;letter-spacing:-0.01em;\">Un fandom plan\u00e9taire<\/h3>\n<div style=\"margin:0;font-size:13.5px;line-height:1.55;color:#4a4a4a;\">Ses fans, les \u00ab Swifties \u00bb, forment l&rsquo;une des communaut\u00e9s les plus actives et fid\u00e8les du monde de la musique.<\/div>\n<\/article>\n<\/div>\n<section style=\"margin:32px 0;font-family:-apple-system,BlinkMacSystemFont,'Segoe UI',Roboto,sans-serif;\">\n<h2 style=\"margin:0 0 18px 0;font-size:22px;font-weight:800;color:#1a1a1a;letter-spacing:-0.01em;\">Questions fr\u00e9quentes<\/h2>\n<div style=\"border-top:1px solid #d4cfc4;\">\n<details style=\"border-bottom:1px solid #d4cfc4;padding:0;\">\n<summary style=\"cursor:pointer;padding:16px 0;font-size:17px;font-weight:700;color:#1a1a1a;list-style:none;display:flex;justify-content:space-between;align-items:center;gap:14px;\">\n        <span>Quelle taille fait Taylor Swift ?<\/span><br \/>\n        <span style=\"font-size:22px;font-weight:300;color:#B11E6A;line-height:1;\">+<\/span><br \/>\n      <\/summary>\n<div style=\"padding:0 0 16px 0;font-size:15px;line-height:1.7;color:#4a4a4a;\">Taylor Swift mesure environ 1,78 m (soit \u00e0 peu pr\u00e8s 5 pieds 10 pouces). Selon les sources, l&rsquo;estimation varie l\u00e9g\u00e8rement entre 1,76 m et 1,80 m, sa taille exacte n&rsquo;\u00e9tant pas officiellement publi\u00e9e.<\/div>\n<\/details>\n<details style=\"border-bottom:1px solid #d4cfc4;padding:0;\">\n<summary style=\"cursor:pointer;padding:16px 0;font-size:17px;font-weight:700;color:#1a1a1a;list-style:none;display:flex;justify-content:space-between;align-items:center;gap:14px;\">\n        <span>Quel \u00e2ge a Taylor Swift ?<\/span><br \/>\n        <span style=\"font-size:22px;font-weight:300;color:#B11E6A;line-height:1;\">+<\/span><br \/>\n      <\/summary>\n<div style=\"padding:0 0 16px 0;font-size:15px;line-height:1.7;color:#4a4a4a;\">N\u00e9e le 13 d\u00e9cembre 1989 \u00e0 West Reading, en Pennsylvanie, Taylor Swift a 36 ans en 2026.<\/div>\n<\/details>\n<details style=\"border-bottom:1px solid #d4cfc4;padding:0;\">\n<summary style=\"cursor:pointer;padding:16px 0;font-size:17px;font-weight:700;color:#1a1a1a;list-style:none;display:flex;justify-content:space-between;align-items:center;gap:14px;\">\n        <span>Qui est le compagnon de Taylor Swift ?<\/span><br \/>\n        <span style=\"font-size:22px;font-weight:300;color:#B11E6A;line-height:1;\">+<\/span><br \/>\n      <\/summary>\n<div style=\"padding:0 0 16px 0;font-size:15px;line-height:1.7;color:#4a4a4a;\">Taylor Swift est en couple avec Travis Kelce, joueur de football am\u00e9ricain des Kansas City Chiefs, depuis 2023. Le couple a officialis\u00e9 ses fian\u00e7ailles en ao\u00fbt 2025.<\/div>\n<\/details>\n<details style=\"border-bottom:1px solid #d4cfc4;padding:0;\">\n<summary style=\"cursor:pointer;padding:16px 0;font-size:17px;font-weight:700;color:#1a1a1a;list-style:none;display:flex;justify-content:space-between;align-items:center;gap:14px;\">\n        <span>Quelle est la fortune de Taylor Swift ?<\/span><br \/>\n        <span style=\"font-size:22px;font-weight:300;color:#B11E6A;line-height:1;\">+<\/span><br \/>\n      <\/summary>\n<div style=\"padding:0 0 16px 0;font-size:15px;line-height:1.7;color:#4a4a4a;\">Sa fortune est estim\u00e9e \u00e0 environ 2 milliards de dollars en 2026. Elle est devenue milliardaire principalement gr\u00e2ce \u00e0 sa musique, notamment aux recettes de l&rsquo;Eras Tour.<\/div>\n<\/details>\n<details style=\"padding:0;\">\n<summary style=\"cursor:pointer;padding:16px 0;font-size:17px;font-weight:700;color:#1a1a1a;list-style:none;display:flex;justify-content:space-between;align-items:center;gap:14px;\">\n        <span>Combien d&rsquo;albums a Taylor Swift ?<\/span><br \/>\n        <span style=\"font-size:22px;font-weight:300;color:#B11E6A;line-height:1;\">+<\/span><br \/>\n      <\/summary>\n<div style=\"padding:0 0 16px 0;font-size:15px;line-height:1.7;color:#4a4a4a;\">Taylor Swift a sorti plus d&rsquo;une dizaine d&rsquo;albums studio depuis 2006, parmi lesquels Fearless, Red, 1989, Folklore, Evermore, Midnights et The Tortured Poets Department, sans compter ses r\u00e9enregistrements \u00ab Taylor&rsquo;s Version \u00bb.<\/div>\n<\/details><\/div>\n<\/section>\n<p style=\"font-size:13px;color:#6a6a6a;margin-top:32px;\">Sources : Wikip\u00e9dia et donn\u00e9es publiques. Article mis \u00e0 jour r\u00e9guli\u00e8rement.<\/p>\n","protected":false},"excerpt":{"rendered":"","protected":false},"author":41,"featured_media":999999999,"comment_status":"open","ping_status":"open","sticky":false,"template":"","format":"standard","meta":{"_acf_changed":false,"manual_indexmenow":false,"indexmenow_id_project":0,"footnotes":""},"categories":[4522],"tags":[],"class_list":["post-7942","post","type-post","status-publish","format-standard","has-post-thumbnail","hentry","category-musique-et-icones-musicales","generate-columns","tablet-grid-50","mobile-grid-100","grid-parent","grid-25"],"acf":[],"yoast_head":"<!-- This site is optimized with the Yoast SEO Premium plugin v21.3 (Yoast SEO v26.5) - https:\/\/yoast.com\/wordpress\/plugins\/seo\/ -->\n<title>Taylor Swift : taille, \u00e2ge, couple, origines et fortune<\/title>\n<meta name=\"description\" content=\"Taylor Alison Swift na\u00eet le 13 d\u00e9cembre 1989 \u00e0 West Reading, une petite ville de Pennsylvanie, aux \u00c9tats-Unis. \u00c9lev\u00e9e dans une ferme d&#039;arbres de No\u00ebl\" \/>\n<meta name=\"robots\" content=\"index, follow, max-snippet:-1, max-image-preview:large, max-video-preview:-1\" \/>\n<link rel=\"canonical\" href=\"https:\/\/starstory.fr\/blog\/musique-et-icones-musicales\/taylor-swift-taille-age-couple-origines-et-fortune-la-fiche-complete\/\" \/>\n<meta property=\"og:locale\" content=\"fr_FR\" \/>\n<meta property=\"og:type\" content=\"article\" \/>\n<meta property=\"og:title\" content=\"Taylor Swift : taille, \u00e2ge, couple, origines et fortune\" \/>\n<meta property=\"og:description\" content=\"Taylor Alison Swift na\u00eet le 13 d\u00e9cembre 1989 \u00e0 West Reading, une petite ville de Pennsylvanie, aux \u00c9tats-Unis. \u00c9lev\u00e9e dans une ferme d&#039;arbres de No\u00ebl\" \/>\n<meta property=\"og:url\" content=\"https:\/\/starstory.fr\/blog\/musique-et-icones-musicales\/taylor-swift-taille-age-couple-origines-et-fortune-la-fiche-complete\/\" \/>\n<meta property=\"og:site_name\" content=\"starstory\" \/>\n<meta name=\"author\" content=\"Sophie Moreau\" \/>\n<meta name=\"twitter:card\" content=\"summary_large_image\" \/>\n<script type=\"application\/ld+json\" class=\"yoast-schema-graph\">{\"@context\":\"https:\/\/schema.org\",\"@graph\":[{\"@type\":\"NewsArticle\",\"@id\":\"https:\/\/starstory.fr\/blog\/musique-et-icones-musicales\/taylor-swift-taille-age-couple-origines-et-fortune-la-fiche-complete\/#article\",\"isPartOf\":{\"@id\":\"https:\/\/starstory.fr\/blog\/musique-et-icones-musicales\/taylor-swift-taille-age-couple-origines-et-fortune-la-fiche-complete\/\"},\"author\":{\"name\":\"Sophie Moreau\",\"@id\":\"https:\/\/starstory.fr\/blog\/#\/schema\/person\/2cb6361ad79e679e2b744281310c1e3b\"},\"headline\":\"Taylor Swift : taille, \u00e2ge, couple, origines et fortune \u2014 la fiche compl\u00e8te\",\"datePublished\":\"2026-06-05T22:38:46+00:00\",\"mainEntityOfPage\":{\"@id\":\"https:\/\/starstory.fr\/blog\/musique-et-icones-musicales\/taylor-swift-taille-age-couple-origines-et-fortune-la-fiche-complete\/\"},\"wordCount\":1325,\"commentCount\":0,\"publisher\":{\"@id\":\"https:\/\/starstory.fr\/blog\/#organization\"},\"image\":{\"@id\":\"https:\/\/starstory.fr\/blog\/musique-et-icones-musicales\/taylor-swift-taille-age-couple-origines-et-fortune-la-fiche-complete\/#primaryimage\"},\"thumbnailUrl\":\"https:\/\/images.pexels.com\/photos\/9009586\/pexels-photo-9009586.jpeg?auto=compress&cs=tinysrgb&fit=crop&h=627&w=1200\",\"articleSection\":[\"Musique et Ic\u00f4nes Musicales\"],\"inLanguage\":\"fr-FR\",\"potentialAction\":[{\"@type\":\"CommentAction\",\"name\":\"Comment\",\"target\":[\"https:\/\/starstory.fr\/blog\/musique-et-icones-musicales\/taylor-swift-taille-age-couple-origines-et-fortune-la-fiche-complete\/#respond\"]}]},{\"@type\":\"WebPage\",\"@id\":\"https:\/\/starstory.fr\/blog\/musique-et-icones-musicales\/taylor-swift-taille-age-couple-origines-et-fortune-la-fiche-complete\/\",\"url\":\"https:\/\/starstory.fr\/blog\/musique-et-icones-musicales\/taylor-swift-taille-age-couple-origines-et-fortune-la-fiche-complete\/\",\"name\":\"Taylor Swift : taille, \u00e2ge, couple, origines et fortune\",\"isPartOf\":{\"@id\":\"https:\/\/starstory.fr\/blog\/#website\"},\"primaryImageOfPage\":{\"@id\":\"https:\/\/starstory.fr\/blog\/musique-et-icones-musicales\/taylor-swift-taille-age-couple-origines-et-fortune-la-fiche-complete\/#primaryimage\"},\"image\":{\"@id\":\"https:\/\/starstory.fr\/blog\/musique-et-icones-musicales\/taylor-swift-taille-age-couple-origines-et-fortune-la-fiche-complete\/#primaryimage\"},\"thumbnailUrl\":\"https:\/\/images.pexels.com\/photos\/9009586\/pexels-photo-9009586.jpeg?auto=compress&cs=tinysrgb&fit=crop&h=627&w=1200\",\"datePublished\":\"2026-06-05T22:38:46+00:00\",\"description\":\"Taylor Alison Swift na\u00eet le 13 d\u00e9cembre 1989 \u00e0 West Reading, une petite ville de Pennsylvanie, aux \u00c9tats-Unis. \u00c9lev\u00e9e dans une ferme d'arbres de No\u00ebl\",\"inLanguage\":\"fr-FR\",\"potentialAction\":[{\"@type\":\"ReadAction\",\"target\":[\"https:\/\/starstory.fr\/blog\/musique-et-icones-musicales\/taylor-swift-taille-age-couple-origines-et-fortune-la-fiche-complete\/\"]}]},{\"@type\":\"ImageObject\",\"inLanguage\":\"fr-FR\",\"@id\":\"https:\/\/starstory.fr\/blog\/musique-et-icones-musicales\/taylor-swift-taille-age-couple-origines-et-fortune-la-fiche-complete\/#primaryimage\",\"url\":\"https:\/\/images.pexels.com\/photos\/9009586\/pexels-photo-9009586.jpeg?auto=compress&cs=tinysrgb&fit=crop&h=627&w=1200\",\"contentUrl\":\"https:\/\/images.pexels.com\/photos\/9009586\/pexels-photo-9009586.jpeg?auto=compress&cs=tinysrgb&fit=crop&h=627&w=1200\"},{\"@type\":\"WebSite\",\"@id\":\"https:\/\/starstory.fr\/blog\/#website\",\"url\":\"https:\/\/starstory.fr\/blog\/\",\"name\":\"StarStory\",\"description\":\"StarStory, les \u00e9toiles racontent leur histoire\",\"publisher\":{\"@id\":\"https:\/\/starstory.fr\/blog\/#organization\"},\"alternateName\":\"StarStory, les \u00e9toiles racontent leur histoire\",\"potentialAction\":[{\"@type\":\"SearchAction\",\"target\":{\"@type\":\"EntryPoint\",\"urlTemplate\":\"https:\/\/starstory.fr\/blog\/?s={search_term_string}\"},\"query-input\":{\"@type\":\"PropertyValueSpecification\",\"valueRequired\":true,\"valueName\":\"search_term_string\"}}],\"inLanguage\":\"fr-FR\"},{\"@type\":\"Organization\",\"@id\":\"https:\/\/starstory.fr\/blog\/#organization\",\"name\":\"StarStory\",\"alternateName\":\"StarStory.fr\",\"url\":\"https:\/\/starstory.fr\/blog\/\",\"logo\":{\"@type\":\"ImageObject\",\"inLanguage\":\"fr-FR\",\"@id\":\"https:\/\/starstory.fr\/blog\/#\/schema\/logo\/image\/\",\"url\":\"https:\/\/starstory.fr\/blog\/wp-content\/uploads\/2024\/12\/38.png\",\"contentUrl\":\"https:\/\/starstory.fr\/blog\/wp-content\/uploads\/2024\/12\/38.png\",\"width\":500,\"height\":500,\"caption\":\"StarStory\"},\"image\":{\"@id\":\"https:\/\/starstory.fr\/blog\/#\/schema\/logo\/image\/\"}},{\"@type\":\"Person\",\"@id\":\"https:\/\/starstory.fr\/blog\/#\/schema\/person\/2cb6361ad79e679e2b744281310c1e3b\",\"name\":\"Sophie Moreau\",\"image\":{\"@type\":\"ImageObject\",\"inLanguage\":\"fr-FR\",\"@id\":\"https:\/\/starstory.fr\/blog\/#\/schema\/person\/image\/\",\"url\":\"https:\/\/secure.gravatar.com\/avatar\/?s=96&d=mm&r=g\",\"contentUrl\":\"https:\/\/secure.gravatar.com\/avatar\/?s=96&d=mm&r=g\",\"caption\":\"Sophie Moreau\"},\"description\":\"Sophie partage des articles sur les stars musicales de chaque d\u00e9cennie et leur impact sur la sc\u00e8ne fran\u00e7aise et internationale.\",\"url\":\"https:\/\/starstory.fr\/blog\/auteur\/sophie-moreau\/\",\"jobTitle\":\"Contributrice maison & d\u00e9co\",\"email\":\"sophie.moreau@starstory.fr\"}]}<\/script>\n<!-- \/ Yoast SEO Premium plugin. -->","yoast_head_json":{"title":"Taylor Swift : taille, \u00e2ge, couple, origines et fortune","description":"Taylor Alison Swift na\u00eet le 13 d\u00e9cembre 1989 \u00e0 West Reading, une petite ville de Pennsylvanie, aux \u00c9tats-Unis. \u00c9lev\u00e9e dans une ferme d'arbres de No\u00ebl","robots":{"index":"index","follow":"follow","max-snippet":"max-snippet:-1","max-image-preview":"max-image-preview:large","max-video-preview":"max-video-preview:-1"},"canonical":"https:\/\/starstory.fr\/blog\/musique-et-icones-musicales\/taylor-swift-taille-age-couple-origines-et-fortune-la-fiche-complete\/","og_locale":"fr_FR","og_type":"article","og_title":"Taylor Swift : taille, \u00e2ge, couple, origines et fortune","og_description":"Taylor Alison Swift na\u00eet le 13 d\u00e9cembre 1989 \u00e0 West Reading, une petite ville de Pennsylvanie, aux \u00c9tats-Unis. \u00c9lev\u00e9e dans une ferme d'arbres de No\u00ebl","og_url":"https:\/\/starstory.fr\/blog\/musique-et-icones-musicales\/taylor-swift-taille-age-couple-origines-et-fortune-la-fiche-complete\/","og_site_name":"starstory","author":"Sophie Moreau","twitter_card":"summary_large_image","schema":{"@context":"https:\/\/schema.org","@graph":[{"@type":"NewsArticle","@id":"https:\/\/starstory.fr\/blog\/musique-et-icones-musicales\/taylor-swift-taille-age-couple-origines-et-fortune-la-fiche-complete\/#article","isPartOf":{"@id":"https:\/\/starstory.fr\/blog\/musique-et-icones-musicales\/taylor-swift-taille-age-couple-origines-et-fortune-la-fiche-complete\/"},"author":{"name":"Sophie Moreau","@id":"https:\/\/starstory.fr\/blog\/#\/schema\/person\/2cb6361ad79e679e2b744281310c1e3b"},"headline":"Taylor Swift : taille, \u00e2ge, couple, origines et fortune \u2014 la fiche compl\u00e8te","datePublished":"2026-06-05T22:38:46+00:00","mainEntityOfPage":{"@id":"https:\/\/starstory.fr\/blog\/musique-et-icones-musicales\/taylor-swift-taille-age-couple-origines-et-fortune-la-fiche-complete\/"},"wordCount":1325,"commentCount":0,"publisher":{"@id":"https:\/\/starstory.fr\/blog\/#organization"},"image":{"@id":"https:\/\/starstory.fr\/blog\/musique-et-icones-musicales\/taylor-swift-taille-age-couple-origines-et-fortune-la-fiche-complete\/#primaryimage"},"thumbnailUrl":"https:\/\/images.pexels.com\/photos\/9009586\/pexels-photo-9009586.jpeg?auto=compress&cs=tinysrgb&fit=crop&h=627&w=1200","articleSection":["Musique et Ic\u00f4nes Musicales"],"inLanguage":"fr-FR","potentialAction":[{"@type":"CommentAction","name":"Comment","target":["https:\/\/starstory.fr\/blog\/musique-et-icones-musicales\/taylor-swift-taille-age-couple-origines-et-fortune-la-fiche-complete\/#respond"]}]},{"@type":"WebPage","@id":"https:\/\/starstory.fr\/blog\/musique-et-icones-musicales\/taylor-swift-taille-age-couple-origines-et-fortune-la-fiche-complete\/","url":"https:\/\/starstory.fr\/blog\/musique-et-icones-musicales\/taylor-swift-taille-age-couple-origines-et-fortune-la-fiche-complete\/","name":"Taylor Swift : taille, \u00e2ge, couple, origines et fortune","isPartOf":{"@id":"https:\/\/starstory.fr\/blog\/#website"},"primaryImageOfPage":{"@id":"https:\/\/starstory.fr\/blog\/musique-et-icones-musicales\/taylor-swift-taille-age-couple-origines-et-fortune-la-fiche-complete\/#primaryimage"},"image":{"@id":"https:\/\/starstory.fr\/blog\/musique-et-icones-musicales\/taylor-swift-taille-age-couple-origines-et-fortune-la-fiche-complete\/#primaryimage"},"thumbnailUrl":"https:\/\/images.pexels.com\/photos\/9009586\/pexels-photo-9009586.jpeg?auto=compress&cs=tinysrgb&fit=crop&h=627&w=1200","datePublished":"2026-06-05T22:38:46+00:00","description":"Taylor Alison Swift na\u00eet le 13 d\u00e9cembre 1989 \u00e0 West Reading, une petite ville de Pennsylvanie, aux \u00c9tats-Unis. \u00c9lev\u00e9e dans une ferme d'arbres de No\u00ebl","inLanguage":"fr-FR","potentialAction":[{"@type":"ReadAction","target":["https:\/\/starstory.fr\/blog\/musique-et-icones-musicales\/taylor-swift-taille-age-couple-origines-et-fortune-la-fiche-complete\/"]}]},{"@type":"ImageObject","inLanguage":"fr-FR","@id":"https:\/\/starstory.fr\/blog\/musique-et-icones-musicales\/taylor-swift-taille-age-couple-origines-et-fortune-la-fiche-complete\/#primaryimage","url":"https:\/\/images.pexels.com\/photos\/9009586\/pexels-photo-9009586.jpeg?auto=compress&cs=tinysrgb&fit=crop&h=627&w=1200","contentUrl":"https:\/\/images.pexels.com\/photos\/9009586\/pexels-photo-9009586.jpeg?auto=compress&cs=tinysrgb&fit=crop&h=627&w=1200"},{"@type":"WebSite","@id":"https:\/\/starstory.fr\/blog\/#website","url":"https:\/\/starstory.fr\/blog\/","name":"StarStory","description":"StarStory, les \u00e9toiles racontent leur histoire","publisher":{"@id":"https:\/\/starstory.fr\/blog\/#organization"},"alternateName":"StarStory, les \u00e9toiles racontent leur histoire","potentialAction":[{"@type":"SearchAction","target":{"@type":"EntryPoint","urlTemplate":"https:\/\/starstory.fr\/blog\/?s={search_term_string}"},"query-input":{"@type":"PropertyValueSpecification","valueRequired":true,"valueName":"search_term_string"}}],"inLanguage":"fr-FR"},{"@type":"Organization","@id":"https:\/\/starstory.fr\/blog\/#organization","name":"StarStory","alternateName":"StarStory.fr","url":"https:\/\/starstory.fr\/blog\/","logo":{"@type":"ImageObject","inLanguage":"fr-FR","@id":"https:\/\/starstory.fr\/blog\/#\/schema\/logo\/image\/","url":"https:\/\/starstory.fr\/blog\/wp-content\/uploads\/2024\/12\/38.png","contentUrl":"https:\/\/starstory.fr\/blog\/wp-content\/uploads\/2024\/12\/38.png","width":500,"height":500,"caption":"StarStory"},"image":{"@id":"https:\/\/starstory.fr\/blog\/#\/schema\/logo\/image\/"}},{"@type":"Person","@id":"https:\/\/starstory.fr\/blog\/#\/schema\/person\/2cb6361ad79e679e2b744281310c1e3b","name":"Sophie Moreau","image":{"@type":"ImageObject","inLanguage":"fr-FR","@id":"https:\/\/starstory.fr\/blog\/#\/schema\/person\/image\/","url":"https:\/\/secure.gravatar.com\/avatar\/?s=96&d=mm&r=g","contentUrl":"https:\/\/secure.gravatar.com\/avatar\/?s=96&d=mm&r=g","caption":"Sophie Moreau"},"description":"Sophie partage des articles sur les stars musicales de chaque d\u00e9cennie et leur impact sur la sc\u00e8ne fran\u00e7aise et internationale.","url":"https:\/\/starstory.fr\/blog\/auteur\/sophie-moreau\/","jobTitle":"Contributrice maison & d\u00e9co","email":"sophie.moreau@starstory.fr"}]}},"_links":{"self":[{"href":"https:\/\/starstory.fr\/blog\/wp-json\/wp\/v2\/posts\/7942","targetHints":{"allow":["GET"]}}],"collection":[{"href":"https:\/\/starstory.fr\/blog\/wp-json\/wp\/v2\/posts"}],"about":[{"href":"https:\/\/starstory.fr\/blog\/wp-json\/wp\/v2\/types\/post"}],"author":[{"embeddable":true,"href":"https:\/\/starstory.fr\/blog\/wp-json\/wp\/v2\/users\/41"}],"replies":[{"embeddable":true,"href":"https:\/\/starstory.fr\/blog\/wp-json\/wp\/v2\/comments?post=7942"}],"version-history":[{"count":0,"href":"https:\/\/starstory.fr\/blog\/wp-json\/wp\/v2\/posts\/7942\/revisions"}],"wp:attachment":[{"href":"https:\/\/starstory.fr\/blog\/wp-json\/wp\/v2\/media?parent=7942"}],"wp:term":[{"taxonomy":"category","embeddable":true,"href":"https:\/\/starstory.fr\/blog\/wp-json\/wp\/v2\/categories?post=7942"},{"taxonomy":"post_tag","embeddable":true,"href":"https:\/\/starstory.fr\/blog\/wp-json\/wp\/v2\/tags?post=7942"}],"curies":[{"name":"wp","href":"https:\/\/api.w.org\/{rel}","templated":true}]}}