{"id":7940,"date":"2026-06-06T00:31:29","date_gmt":"2026-06-05T22:31:29","guid":{"rendered":"https:\/\/starstory.fr\/blog\/cinema-et-television\/jenna-ortega-taille-age-origines-couple-et-fortune-la-fiche-complete\/"},"modified":"2026-06-06T00:31:29","modified_gmt":"2026-06-05T22:31:29","slug":"jenna-ortega-taille-age-origines-couple-et-fortune-la-fiche-complete","status":"publish","type":"post","link":"https:\/\/starstory.fr\/blog\/cinema-et-television\/jenna-ortega-taille-age-origines-couple-et-fortune-la-fiche-complete\/","title":{"rendered":"Jenna Ortega : taille, \u00e2ge, origines, couple et fortune \u2014 la fiche compl\u00e8te"},"content":{"rendered":"<aside style=\"background:#FBEAF2;border-left:5px solid #B11E6A;padding:22px 28px;margin:24px 0;font-family:-apple-system,BlinkMacSystemFont,'Segoe UI',Roboto,sans-serif;\">\n<div style=\"margin:0;font-size:19px;line-height:1.55;color:#2a2a2a;font-weight:500;letter-spacing:-0.005em;\">\n    Jenna Ortega mesure environ 1,55 m, est n\u00e9e le 27 septembre 2002 \u00e0 Coachella (Californie) et a donc 23 ans en 2026. D&rsquo;origine mexicaine et portoricaine, r\u00e9v\u00e9l\u00e9e par Disney puis sacr\u00e9e \u00ab Scream Queen \u00bb, elle est devenue une star plan\u00e9taire gr\u00e2ce \u00e0 son r\u00f4le de Mercredi Addams dans la s\u00e9rie Netflix <em>Wednesday<\/em>. Voici sa fiche compl\u00e8te.\n  <\/div>\n<\/aside>\n<p>Difficile d&rsquo;imaginer un parcours plus fulgurant. En quelques ann\u00e9es, Jenna Ortega est pass\u00e9e du statut d&rsquo;enfant star du Disney Channel \u00e0 celui d&rsquo;ic\u00f4ne de la g\u00e9n\u00e9ration Z, port\u00e9e par le carton mondial de <em>Wednesday<\/em>. Entre ses origines latino-am\u00e9ricaines revendiqu\u00e9es, sa taille souvent comment\u00e9e par les fans et une fortune en pleine ascension, cette fiche fait le point, fait par fait, sur l&rsquo;actrice am\u00e9ricaine la plus suivie du moment.<\/p>\n<h2>Carte d&rsquo;identit\u00e9 de Jenna Ortega<\/h2>\n<figure style=\"margin:32px 0;font-family:-apple-system,BlinkMacSystemFont,'Segoe UI',Roboto,sans-serif;\">\n<div style=\"overflow-x:auto;border:1px solid #e5e5e0;border-radius:8px;\">\n<table style=\"width:100%;border-collapse:collapse;font-size:14px;color:#2a2a2a;min-width:500px;\">\n<thead>\n<tr style=\"background:#1a1a1a;color:#fff;\">\n<th style=\"text-align:left;padding:14px 18px;font-weight:700;font-size:12px;text-transform:uppercase;letter-spacing:1.5px;\">Information<\/th>\n<th style=\"text-align:left;padding:14px 18px;font-weight:700;font-size:12px;text-transform:uppercase;letter-spacing:1.5px;\">D\u00e9tail<\/th>\n<\/tr>\n<\/thead>\n<tbody>\n<tr style=\"background:#fff;border-bottom:1px solid #f0ede5;\">\n<td style=\"padding:14px 18px;font-weight:600;\">Nom complet<\/td>\n<td style=\"padding:14px 18px;color:#4a4a4a;\">Jenna Marie Ortega<\/td>\n<\/tr>\n<tr style=\"background:#FBEAF2;border-bottom:1px solid #f0ede5;\">\n<td style=\"padding:14px 18px;font-weight:600;\">Naissance<\/td>\n<td style=\"padding:14px 18px;color:#4a4a4a;\">27 septembre 2002, \u00e0 Coachella (Californie, \u00c9tats-Unis)<\/td>\n<\/tr>\n<tr style=\"background:#fff;border-bottom:1px solid #f0ede5;\">\n<td style=\"padding:14px 18px;font-weight:600;\">\u00c2ge<\/td>\n<td style=\"padding:14px 18px;color:#4a4a4a;\">23 ans (en 2026)<\/td>\n<\/tr>\n<tr style=\"background:#FBEAF2;border-bottom:1px solid #f0ede5;\">\n<td style=\"padding:14px 18px;font-weight:600;\">Taille<\/td>\n<td style=\"padding:14px 18px;color:#4a4a4a;\">Environ 1,55 m (5&rsquo;1&Prime;)<\/td>\n<\/tr>\n<tr style=\"background:#fff;border-bottom:1px solid #f0ede5;\">\n<td style=\"padding:14px 18px;font-weight:600;\">Nationalit\u00e9<\/td>\n<td style=\"padding:14px 18px;color:#4a4a4a;\">Am\u00e9ricaine<\/td>\n<\/tr>\n<tr style=\"background:#FBEAF2;border-bottom:1px solid #f0ede5;\">\n<td style=\"padding:14px 18px;font-weight:600;\">Origines<\/td>\n<td style=\"padding:14px 18px;color:#4a4a4a;\">Mexicaines (c\u00f4t\u00e9 paternel) et mexicaines + portoricaines (c\u00f4t\u00e9 maternel)<\/td>\n<\/tr>\n<tr style=\"background:#fff;border-bottom:1px solid #f0ede5;\">\n<td style=\"padding:14px 18px;font-weight:600;\">Profession<\/td>\n<td style=\"padding:14px 18px;color:#4a4a4a;\">Actrice, productrice<\/td>\n<\/tr>\n<tr style=\"background:#FBEAF2;\">\n<td style=\"padding:14px 18px;font-weight:600;\">R\u00f4les cl\u00e9s<\/td>\n<td style=\"padding:14px 18px;color:#4a4a4a;\">Mercredi Addams (<em>Wednesday<\/em>), Tara Carpenter (<em>Scream<\/em>), Astrid Deetz (<em>Beetlejuice Beetlejuice<\/em>)<\/td>\n<\/tr>\n<\/tbody>\n<\/table><\/div>\n<\/figure>\n<h2>Biographie et d\u00e9buts<\/h2>\n<p>Jenna Marie Ortega voit le jour le 27 septembre 2002 \u00e0 Coachella, dans le sud de la Californie. Elle est la quatri\u00e8me d&rsquo;une fratrie de six enfants. Son p\u00e8re, Edward Ortega, est d&rsquo;ascendance mexicaine, tandis que sa m\u00e8re, Natalie, est d&rsquo;origine mexicaine et portoricaine. La jeune fille grandit donc dans un foyer latino-am\u00e9ricain o\u00f9 la double culture occupe une place centrale, un h\u00e9ritage qu&rsquo;elle revendiquera tout au long de sa carri\u00e8re.<\/p>\n<p>Passionn\u00e9e par la com\u00e9die d\u00e8s le plus jeune \u00e2ge, elle commence \u00e0 jouer professionnellement vers neuf ans. Ses premi\u00e8res apparitions remarqu\u00e9es arrivent avec un petit r\u00f4le dans la s\u00e9rie <em>Jane the Virgin<\/em>, o\u00f9 elle incarne une version plus jeune du personnage principal. Mais c&rsquo;est Disney qui lui offre son premier grand tremplin.<\/p>\n<aside style=\"background:#FBEAF2;border-left:4px solid #B11E6A;padding:14px 18px;margin:18px 0;border-radius:0 4px 4px 0;font-family:-apple-system,BlinkMacSystemFont,'Segoe UI',Roboto,sans-serif;\">\n  <strong style=\"display:inline-block;color:#8a1450;font-size:12px;text-transform:uppercase;letter-spacing:1.5px;margin-right:8px;\">&#128161; Bon \u00e0 savoir<\/strong><br \/>\n  <span style=\"font-size:14.5px;line-height:1.55;color:#3a3a3a;\">Avant de percer au cin\u00e9ma, Jenna Ortega a s\u00e9rieusement envisag\u00e9 une carri\u00e8re de footballeuse professionnelle. Le sport et l&rsquo;\u00e9criture restent deux de ses passions revendiqu\u00e9es.<\/span><br \/>\n<\/aside>\n<h2>Carri\u00e8re : de Disney \u00e0 Mercredi Addams<\/h2>\n<p>La carri\u00e8re de Jenna Ortega se lit comme une ascension par paliers, chaque r\u00f4le ouvrant la porte du suivant. De la sitcom familiale au thriller d&rsquo;horreur, elle a su s&rsquo;imposer dans des registres tr\u00e8s diff\u00e9rents avant de devenir l&rsquo;un des visages les plus identifiables de Netflix.<\/p>\n<div style=\"display:grid;grid-template-columns:repeat(auto-fit,minmax(220px,1fr));gap:14px;margin:28px 0;font-family:-apple-system,BlinkMacSystemFont,'Segoe UI',Roboto,sans-serif;\">\n<article style=\"background:#fff;border:1px solid #e5e5e0;border-top:3px solid #B11E6A;border-radius:6px;padding:18px 18px 16px;\">\n<div style=\"width:36px;height:36px;background:#FBEAF2;border-radius:50%;display:inline-flex;align-items:center;justify-content:center;margin-bottom:12px;\">\n      <span style=\"font-size:18px;color:#B11E6A;font-weight:900;font-family:Georgia,serif;\">01<\/span>\n    <\/div>\n<h3 style=\"margin:0 0 6px 0;font-size:16px;font-weight:700;color:#1a1a1a;letter-spacing:-0.01em;\">Les ann\u00e9es Disney<\/h3>\n<div style=\"margin:0;font-size:13.5px;line-height:1.55;color:#4a4a4a;\">R\u00f4le principal de Harley Diaz dans <em>Stuck in the Middle<\/em> (2016-2018) et voix de la princesse Isabel dans <em>Elena d&rsquo;Avalor<\/em>.<\/div>\n<\/article>\n<article style=\"background:#fff;border:1px solid #e5e5e0;border-top:3px solid #B11E6A;border-radius:6px;padding:18px 18px 16px;\">\n<div style=\"width:36px;height:36px;background:#FBEAF2;border-radius:50%;display:inline-flex;align-items:center;justify-content:center;margin-bottom:12px;\">\n      <span style=\"font-size:18px;color:#B11E6A;font-weight:900;font-family:Georgia,serif;\">02<\/span>\n    <\/div>\n<h3 style=\"margin:0 0 6px 0;font-size:16px;font-weight:700;color:#1a1a1a;letter-spacing:-0.01em;\">Le virage horreur<\/h3>\n<div style=\"margin:0;font-size:13.5px;line-height:1.55;color:#4a4a4a;\">En 2022, elle encha\u00eene <em>Scream<\/em> (Tara Carpenter) et le film d&rsquo;horreur <em>X<\/em>, ce qui lui vaut le surnom de \u00ab Scream Queen \u00bb.<\/div>\n<\/article>\n<article style=\"background:#fff;border:1px solid #e5e5e0;border-top:3px solid #B11E6A;border-radius:6px;padding:18px 18px 16px;\">\n<div style=\"width:36px;height:36px;background:#FBEAF2;border-radius:50%;display:inline-flex;align-items:center;justify-content:center;margin-bottom:12px;\">\n      <span style=\"font-size:18px;color:#B11E6A;font-weight:900;font-family:Georgia,serif;\">03<\/span>\n    <\/div>\n<h3 style=\"margin:0 0 6px 0;font-size:16px;font-weight:700;color:#1a1a1a;letter-spacing:-0.01em;\">Wednesday, la cons\u00e9cration<\/h3>\n<div style=\"margin:0;font-size:13.5px;line-height:1.55;color:#4a4a4a;\">Son r\u00f4le-titre dans <em>Wednesday<\/em> (2022) lui apporte une renomm\u00e9e mondiale et une nomination aux Golden Globes.<\/div>\n<\/article>\n<article style=\"background:#fff;border:1px solid #e5e5e0;border-top:3px solid #B11E6A;border-radius:6px;padding:18px 18px 16px;\">\n<div style=\"width:36px;height:36px;background:#FBEAF2;border-radius:50%;display:inline-flex;align-items:center;justify-content:center;margin-bottom:12px;\">\n      <span style=\"font-size:18px;color:#B11E6A;font-weight:900;font-family:Georgia,serif;\">04<\/span>\n    <\/div>\n<h3 style=\"margin:0 0 6px 0;font-size:16px;font-weight:700;color:#1a1a1a;letter-spacing:-0.01em;\">Le grand \u00e9cran<\/h3>\n<div style=\"margin:0;font-size:13.5px;line-height:1.55;color:#4a4a4a;\">En 2024, elle incarne Astrid Deetz dans <em>Beetlejuice Beetlejuice<\/em> de Tim Burton, confirmant son statut de t\u00eate d&rsquo;affiche.<\/div>\n<\/article>\n<\/div>\n<p>Le r\u00f4le de Mercredi Addams (Wednesday Addams en version originale), fille gothique au flegme imperturbable, restera comme le tournant de sa carri\u00e8re. Selon Netflix, <em>Wednesday<\/em> est devenue, d\u00e8s sa premi\u00e8re semaine, l&rsquo;une des s\u00e9ries en langue anglaise les plus regard\u00e9es de l&rsquo;histoire de la plateforme. La fameuse chor\u00e9graphie de danse de Mercredi a d\u00e9clench\u00e9 un ph\u00e9nom\u00e8ne viral plan\u00e9taire sur les r\u00e9seaux sociaux.<\/p>\n<figure style=\"margin:38px auto;padding:28px 24px;text-align:center;border-top:1px solid #2a2a2a;border-bottom:1px solid #2a2a2a;max-width:640px;position:relative;font-family:Georgia,'Hoefler Text',serif;\">\n<div style=\"position:absolute;top:-20px;left:50%;transform:translateX(-50%);background:#ffffff;padding:0 14px;font-size:48px;line-height:1;color:#B11E6A;font-family:Georgia,serif;\">&laquo;<\/div>\n<blockquote style=\"margin:0;padding:0;font-size:24px;line-height:1.45;font-style:italic;color:#1a1a1a;letter-spacing:-0.005em;\"><p>\n    Mercredi a fait de Jenna Ortega bien plus qu&rsquo;une actrice : un v\u00e9ritable ph\u00e9nom\u00e8ne culturel de la g\u00e9n\u00e9ration Z.<br \/>\n  <\/blockquote><figcaption style=\"margin-top:14px;font-size:12px;text-transform:uppercase;letter-spacing:2px;color:#6a6a6a;font-family:-apple-system,sans-serif;font-style:normal;\">\u2014 StarStory<\/figcaption><\/figure>\n<h2>Taille et physique<\/h2>\n<p>La taille de Jenna Ortega est l&rsquo;une des questions les plus pos\u00e9es par ses fans, sans doute parce que sa silhouette menue contraste avec la stature imposante de ses personnages \u00e0 l&rsquo;\u00e9cran. Les sources publiques s&rsquo;accordent sur une taille d&rsquo;environ 1,55 m (soit 5 pieds et 1 pouce), ce qui la place parmi les actrices de petite taille \u00e0 Hollywood.<\/p>\n<p>Reconnaissable \u00e0 ses longs cheveux bruns, ses yeux fonc\u00e9s et son teint h\u00e2l\u00e9 h\u00e9rit\u00e9 de ses origines latino-am\u00e9ricaines, l&rsquo;actrice cultive un style \u00e0 la fois \u00e9l\u00e9gant et affirm\u00e9, souvent salu\u00e9 sur les tapis rouges. Son physique gracile n&rsquo;a jamais constitu\u00e9 un frein : il participe au contraire \u00e0 l&rsquo;aura singuli\u00e8re qu&rsquo;elle d\u00e9gage \u00e0 l&rsquo;\u00e9cran.<\/p>\n<figure style=\"margin:32px 0;padding:0;font-family:-apple-system,BlinkMacSystemFont,'Segoe UI',Roboto,sans-serif;\">\n<div style=\"display:grid;grid-template-columns:repeat(auto-fit,minmax(140px,1fr));background:#1a1a1a;border-radius:6px;overflow:hidden;\">\n<div style=\"padding:22px 16px;text-align:center;border-right:1px solid #2f2f2f;\">\n<div style=\"font-size:36px;font-weight:900;color:#fff;letter-spacing:-0.04em;font-feature-settings:'tnum';line-height:1;\">1,55 m<\/div>\n<div style=\"font-size:11px;text-transform:uppercase;letter-spacing:1.5px;color:#9a9a9a;margin-top:8px;\">taille estim\u00e9e<\/div>\n<\/p><\/div>\n<div style=\"padding:22px 16px;text-align:center;border-right:1px solid #2f2f2f;\">\n<div style=\"font-size:36px;font-weight:900;color:#fff;letter-spacing:-0.04em;font-feature-settings:'tnum';line-height:1;\">23 ans<\/div>\n<div style=\"font-size:11px;text-transform:uppercase;letter-spacing:1.5px;color:#9a9a9a;margin-top:8px;\">\u00e2ge en 2026<\/div>\n<\/p><\/div>\n<div style=\"padding:22px 16px;text-align:center;\">\n<div style=\"font-size:36px;font-weight:900;color:#E789B3;letter-spacing:-0.04em;font-feature-settings:'tnum';line-height:1;\">6<\/div>\n<div style=\"font-size:11px;text-transform:uppercase;letter-spacing:1.5px;color:#9a9a9a;margin-top:8px;\">enfants dans la fratrie<\/div>\n<\/p><\/div>\n<\/p><\/div><figcaption style=\"font-size:11px;color:#7a7a7a;margin-top:8px;text-align:right;letter-spacing:0.3px;\">Donn\u00e9es indicatives \u2014 voir sources en fin d&rsquo;article.<\/figcaption><\/figure>\n<h2>Origines de Jenna Ortega<\/h2>\n<p>Jenna Ortega est profond\u00e9ment attach\u00e9e \u00e0 ses racines. Son p\u00e8re est d&rsquo;ascendance mexicaine, et sa m\u00e8re m\u00eale des origines mexicaines et portoricaines. Selon les \u00e9l\u00e9ments publics, son h\u00e9ritage se r\u00e9partit approximativement entre une majorit\u00e9 mexicaine et une part portoricaine. Du c\u00f4t\u00e9 maternel, son histoire familiale puise dans l&rsquo;\u00c9tat de Sinaloa, au Mexique, et \u00e0 Porto Rico, avant un passage par le Bronx \u00e0 New York puis l&rsquo;installation dans l&rsquo;Ouest am\u00e9ricain.<\/p>\n<p>Fi\u00e8re de cette double culture latino, l&rsquo;actrice \u00e9voque r\u00e9guli\u00e8rement l&rsquo;importance de la repr\u00e9sentation des Latino-Am\u00e9ricains \u00e0 Hollywood. Engag\u00e9e d\u00e8s l&rsquo;adolescence, elle a pris la parole en faveur des droits des immigr\u00e9s et de l&rsquo;inclusion, ce qui fait d&rsquo;elle une voix appr\u00e9ci\u00e9e d&rsquo;une partie de sa g\u00e9n\u00e9ration.<\/p>\n<aside style=\"background:#fafaf7;border:1px solid #e5e5e0;border-radius:8px;padding:24px 26px 26px;margin:28px 0;font-family:-apple-system,BlinkMacSystemFont,'Segoe UI',Roboto,sans-serif;\">\n<div style=\"margin:0 0 18px 0;font-size:11px;font-weight:700;text-transform:uppercase;letter-spacing:2.2px;color:#B11E6A;\">\u00c0 retenir sur ses origines<\/div>\n<div style=\"display:grid;grid-template-columns:repeat(auto-fit,minmax(240px,1fr));gap:10px;\">\n<div style=\"display:flex;gap:12px;background:#fff;border:1px solid #ebebe5;padding:12px 14px;border-radius:6px;align-items:flex-start;\">\n      <span style=\"flex:0 0 26px;width:26px;height:26px;background:#B11E6A;color:#fff;border-radius:50%;display:inline-flex;align-items:center;justify-content:center;font-size:12px;font-weight:700;font-family:-apple-system,sans-serif;\">1<\/span><br \/>\n      <span style=\"font-size:14px;line-height:1.5;color:#2a2a2a;\">P\u00e8re d&rsquo;ascendance mexicaine, m\u00e8re d&rsquo;origines mexicaines et portoricaines.<\/span>\n    <\/div>\n<div style=\"display:flex;gap:12px;background:#fff;border:1px solid #ebebe5;padding:12px 14px;border-radius:6px;align-items:flex-start;\">\n      <span style=\"flex:0 0 26px;width:26px;height:26px;background:#B11E6A;color:#fff;border-radius:50%;display:inline-flex;align-items:center;justify-content:center;font-size:12px;font-weight:700;font-family:-apple-system,sans-serif;\">2<\/span><br \/>\n      <span style=\"font-size:14px;line-height:1.5;color:#2a2a2a;\">H\u00e9ritage familial li\u00e9 \u00e0 Sinaloa (Mexique) et \u00e0 Porto Rico.<\/span>\n    <\/div>\n<div style=\"display:flex;gap:12px;background:#fff;border:1px solid #ebebe5;padding:12px 14px;border-radius:6px;align-items:flex-start;\">\n      <span style=\"flex:0 0 26px;width:26px;height:26px;background:#B11E6A;color:#fff;border-radius:50%;display:inline-flex;align-items:center;justify-content:center;font-size:12px;font-weight:700;font-family:-apple-system,sans-serif;\">3<\/span><br \/>\n      <span style=\"font-size:14px;line-height:1.5;color:#2a2a2a;\">N\u00e9e et \u00e9lev\u00e9e en Californie, de nationalit\u00e9 am\u00e9ricaine.<\/span>\n    <\/div>\n<div style=\"display:flex;gap:12px;background:#fff;border:1px solid #ebebe5;padding:12px 14px;border-radius:6px;align-items:flex-start;\">\n      <span style=\"flex:0 0 26px;width:26px;height:26px;background:#B11E6A;color:#fff;border-radius:50%;display:inline-flex;align-items:center;justify-content:center;font-size:12px;font-weight:700;font-family:-apple-system,sans-serif;\">4<\/span><br \/>\n      <span style=\"font-size:14px;line-height:1.5;color:#2a2a2a;\">Porte-voix de la repr\u00e9sentation latino \u00e0 Hollywood.<\/span>\n    <\/div>\n<\/p><\/div>\n<\/aside>\n<h2>Vie priv\u00e9e<\/h2>\n<p>Fid\u00e8le \u00e0 la discr\u00e9tion qu&rsquo;elle cultive depuis ses d\u00e9buts, Jenna Ortega prot\u00e8ge soigneusement sa vie priv\u00e9e. L&rsquo;actrice n&rsquo;a jamais officialis\u00e9 de relation amoureuse publique, et pr\u00e9f\u00e8re que l&rsquo;attention reste concentr\u00e9e sur son travail plut\u00f4t que sur sa sph\u00e8re intime. Les rumeurs et sp\u00e9culations qui circulent r\u00e9guli\u00e8rement sur internet ne reposent, le plus souvent, sur aucune confirmation de l&rsquo;int\u00e9ress\u00e9e.<\/p>\n<p>En dehors des plateaux, elle se pr\u00e9sente comme une grande lectrice, \u00e9crit elle-m\u00eame (elle a publi\u00e9 un livre \u00e0 destination des jeunes lecteurs) et reste proche de sa nombreuse fratrie. Cette r\u00e9serve assum\u00e9e tranche avec l&rsquo;exposition m\u00e9diatique massive qui accompagne sa carri\u00e8re, et participe \u00e0 l&rsquo;image d&rsquo;une jeune star pos\u00e9e et concentr\u00e9e sur ses projets.<\/p>\n<aside style=\"background:#fff7e0;border-left:4px solid #d4a017;padding:14px 18px;margin:18px 0;border-radius:0 4px 4px 0;font-family:-apple-system,BlinkMacSystemFont,'Segoe UI',Roboto,sans-serif;\">\n  <strong style=\"display:inline-block;color:#7a5e00;font-size:12px;text-transform:uppercase;letter-spacing:1.5px;margin-right:8px;\">&#9888;&#65039; \u00c0 noter<\/strong><br \/>\n  <span style=\"font-size:14.5px;line-height:1.55;color:#3a3a3a;\">Jenna Ortega ayant choisi de garder sa vie sentimentale priv\u00e9e, toute information non confirm\u00e9e par l&rsquo;actrice elle-m\u00eame doit \u00eatre consid\u00e9r\u00e9e avec prudence.<\/span><br \/>\n<\/aside>\n<h2>Fortune estim\u00e9e de Jenna Ortega<\/h2>\n<p>Avec une carri\u00e8re en pleine acc\u00e9l\u00e9ration, la fortune de Jenna Ortega progresse rapidement. Les estimations publiques, notamment celles de sites sp\u00e9cialis\u00e9s comme Celebrity Net Worth, situent son patrimoine autour de 5 millions de dollars. Il s&rsquo;agit bien s\u00fbr d&rsquo;une estimation : les chiffres r\u00e9els ne sont jamais communiqu\u00e9s officiellement par l&rsquo;actrice.<\/p>\n<p>Cette fortune s&rsquo;explique avant tout par le succ\u00e8s de <em>Wednesday<\/em>, mais aussi par ses r\u00f4les au cin\u00e9ma et ses contrats publicitaires, notamment en tant qu&rsquo;ambassadrice de marque. Les m\u00e9dias rapportent par ailleurs des cachets en forte hausse pour ses derniers projets, signe que sa valeur sur le march\u00e9 hollywoodien ne cesse de grimper. \u00c0 23 ans, la marge de progression reste consid\u00e9rable.<\/p>\n<aside style=\"background:#FBEAF2;border-left:4px solid #B11E6A;padding:14px 18px;margin:18px 0;border-radius:0 4px 4px 0;font-family:-apple-system,BlinkMacSystemFont,'Segoe UI',Roboto,sans-serif;\">\n  <strong style=\"display:inline-block;color:#8a1450;font-size:12px;text-transform:uppercase;letter-spacing:1.5px;margin-right:8px;\">&#10022; \u00c0 savoir<\/strong><br \/>\n  <span style=\"font-size:14.5px;line-height:1.55;color:#3a3a3a;\">Les estimations de fortune des stars varient fortement d&rsquo;une source \u00e0 l&rsquo;autre et ne refl\u00e8tent qu&rsquo;un ordre de grandeur, jamais un montant exact et v\u00e9rifi\u00e9.<\/span><br \/>\n<\/aside>\n<h2>Anecdotes sur Jenna Ortega<\/h2>\n<p>Derri\u00e8re l&rsquo;image de la \u00ab reine du cri \u00bb se cache une personnalit\u00e9 aux multiples facettes. Voici quelques faits qui \u00e9clairent son parcours sous un autre angle.<\/p>\n<div style=\"display:grid;grid-template-columns:repeat(auto-fit,minmax(220px,1fr));gap:14px;margin:28px 0;font-family:-apple-system,BlinkMacSystemFont,'Segoe UI',Roboto,sans-serif;\">\n<article style=\"background:#fff;border:1px solid #e5e5e0;border-top:3px solid #B11E6A;border-radius:6px;padding:18px 18px 16px;\">\n<div style=\"width:36px;height:36px;background:#FBEAF2;border-radius:50%;display:inline-flex;align-items:center;justify-content:center;margin-bottom:12px;\">\n      <span style=\"font-size:18px;color:#B11E6A;font-weight:900;font-family:Georgia,serif;\">A<\/span>\n    <\/div>\n<h3 style=\"margin:0 0 6px 0;font-size:16px;font-weight:700;color:#1a1a1a;letter-spacing:-0.01em;\">Une danse devenue virale<\/h3>\n<div style=\"margin:0;font-size:13.5px;line-height:1.55;color:#4a4a4a;\">La chor\u00e9graphie de Mercredi, en grande partie imagin\u00e9e par l&rsquo;actrice, a enflamm\u00e9 les r\u00e9seaux sociaux du monde entier.<\/div>\n<\/article>\n<article style=\"background:#fff;border:1px solid #e5e5e0;border-top:3px solid #B11E6A;border-radius:6px;padding:18px 18px 16px;\">\n<div style=\"width:36px;height:36px;background:#FBEAF2;border-radius:50%;display:inline-flex;align-items:center;justify-content:center;margin-bottom:12px;\">\n      <span style=\"font-size:18px;color:#B11E6A;font-weight:900;font-family:Georgia,serif;\">B<\/span>\n    <\/div>\n<h3 style=\"margin:0 0 6px 0;font-size:16px;font-weight:700;color:#1a1a1a;letter-spacing:-0.01em;\">Footballeuse contrari\u00e9e<\/h3>\n<div style=\"margin:0;font-size:13.5px;line-height:1.55;color:#4a4a4a;\">Elle a failli se tourner vers le football professionnel avant de choisir d\u00e9finitivement la com\u00e9die.<\/div>\n<\/article>\n<article style=\"background:#fff;border:1px solid #e5e5e0;border-top:3px solid #B11E6A;border-radius:6px;padding:18px 18px 16px;\">\n<div style=\"width:36px;height:36px;background:#FBEAF2;border-radius:50%;display:inline-flex;align-items:center;justify-content:center;margin-bottom:12px;\">\n      <span style=\"font-size:18px;color:#B11E6A;font-weight:900;font-family:Georgia,serif;\">C<\/span>\n    <\/div>\n<h3 style=\"margin:0 0 6px 0;font-size:16px;font-weight:700;color:#1a1a1a;letter-spacing:-0.01em;\">Une plume d&rsquo;autrice<\/h3>\n<div style=\"margin:0;font-size:13.5px;line-height:1.55;color:#4a4a4a;\">Passionn\u00e9e d&rsquo;\u00e9criture, elle a publi\u00e9 un ouvrage adress\u00e9 aux jeunes lecteurs en marge de sa carri\u00e8re d&rsquo;actrice.<\/div>\n<\/article>\n<article style=\"background:#fff;border:1px solid #e5e5e0;border-top:3px solid #B11E6A;border-radius:6px;padding:18px 18px 16px;\">\n<div style=\"width:36px;height:36px;background:#FBEAF2;border-radius:50%;display:inline-flex;align-items:center;justify-content:center;margin-bottom:12px;\">\n      <span style=\"font-size:18px;color:#B11E6A;font-weight:900;font-family:Georgia,serif;\">D<\/span>\n    <\/div>\n<h3 style=\"margin:0 0 6px 0;font-size:16px;font-weight:700;color:#1a1a1a;letter-spacing:-0.01em;\">Engag\u00e9e tr\u00e8s jeune<\/h3>\n<div style=\"margin:0;font-size:13.5px;line-height:1.55;color:#4a4a4a;\">D\u00e8s l&rsquo;adolescence, elle prend position pour les droits des immigr\u00e9s et l&rsquo;inclusion, fid\u00e8le \u00e0 ses valeurs.<\/div>\n<\/article>\n<\/div>\n<p>De l&rsquo;enfant star de Disney \u00e0 l&rsquo;ic\u00f4ne gothique adul\u00e9e par toute une g\u00e9n\u00e9ration, Jenna Ortega incarne une r\u00e9ussite \u00e0 la fois rapide et solidement construite. \u00c0 23 ans seulement, l&rsquo;actrice am\u00e9ricaine semble n&rsquo;\u00eatre qu&rsquo;au d\u00e9but d&rsquo;une carri\u00e8re qui pourrait durablement marquer le cin\u00e9ma et la t\u00e9l\u00e9vision des ann\u00e9es \u00e0 venir.<\/p>\n<section style=\"margin:32px 0;font-family:-apple-system,BlinkMacSystemFont,'Segoe UI',Roboto,sans-serif;\">\n<h2 style=\"margin:0 0 18px 0;font-size:22px;font-weight:800;color:#1a1a1a;letter-spacing:-0.01em;\">Questions fr\u00e9quentes<\/h2>\n<div style=\"border-top:1px solid #d4cfc4;\">\n<details style=\"border-bottom:1px solid #d4cfc4;padding:0;\">\n<summary style=\"cursor:pointer;padding:16px 0;font-size:17px;font-weight:700;color:#1a1a1a;list-style:none;display:flex;justify-content:space-between;align-items:center;gap:14px;\">\n        <span>Quelle taille fait Jenna Ortega ?<\/span><br \/>\n        <span style=\"font-size:22px;font-weight:300;color:#B11E6A;line-height:1;\">+<\/span><br \/>\n      <\/summary>\n<div style=\"padding:0 0 16px 0;font-size:15px;line-height:1.7;color:#4a4a4a;\">Jenna Ortega mesure environ 1,55 m (soit 5 pieds et 1 pouce), selon les donn\u00e9es publiques disponibles. Cette taille la classe parmi les actrices de petite stature \u00e0 Hollywood.<\/div>\n<\/details>\n<details style=\"border-bottom:1px solid #d4cfc4;padding:0;\">\n<summary style=\"cursor:pointer;padding:16px 0;font-size:17px;font-weight:700;color:#1a1a1a;list-style:none;display:flex;justify-content:space-between;align-items:center;gap:14px;\">\n        <span>Quel \u00e2ge a Jenna Ortega ?<\/span><br \/>\n        <span style=\"font-size:22px;font-weight:300;color:#B11E6A;line-height:1;\">+<\/span><br \/>\n      <\/summary>\n<div style=\"padding:0 0 16px 0;font-size:15px;line-height:1.7;color:#4a4a4a;\">N\u00e9e le 27 septembre 2002 \u00e0 Coachella, en Californie, Jenna Ortega a 23 ans en 2026.<\/div>\n<\/details>\n<details style=\"border-bottom:1px solid #d4cfc4;padding:0;\">\n<summary style=\"cursor:pointer;padding:16px 0;font-size:17px;font-weight:700;color:#1a1a1a;list-style:none;display:flex;justify-content:space-between;align-items:center;gap:14px;\">\n        <span>Quelles sont les origines de Jenna Ortega ?<\/span><br \/>\n        <span style=\"font-size:22px;font-weight:300;color:#B11E6A;line-height:1;\">+<\/span><br \/>\n      <\/summary>\n<div style=\"padding:0 0 16px 0;font-size:15px;line-height:1.7;color:#4a4a4a;\">Am\u00e9ricaine n\u00e9e en Californie, Jenna Ortega est d&rsquo;origine latino-am\u00e9ricaine : son p\u00e8re est d&rsquo;ascendance mexicaine et sa m\u00e8re d&rsquo;origines mexicaines et portoricaines, avec des racines familiales li\u00e9es \u00e0 Sinaloa et \u00e0 Porto Rico.<\/div>\n<\/details>\n<details style=\"border-bottom:1px solid #d4cfc4;padding:0;\">\n<summary style=\"cursor:pointer;padding:16px 0;font-size:17px;font-weight:700;color:#1a1a1a;list-style:none;display:flex;justify-content:space-between;align-items:center;gap:14px;\">\n        <span>Jenna Ortega est-elle en couple ?<\/span><br \/>\n        <span style=\"font-size:22px;font-weight:300;color:#B11E6A;line-height:1;\">+<\/span><br \/>\n      <\/summary>\n<div style=\"padding:0 0 16px 0;font-size:15px;line-height:1.7;color:#4a4a4a;\">L&rsquo;actrice prot\u00e8ge soigneusement sa vie priv\u00e9e et n&rsquo;a officialis\u00e9 aucune relation amoureuse. Les rumeurs qui circulent ne reposent g\u00e9n\u00e9ralement sur aucune confirmation de sa part.<\/div>\n<\/details>\n<details style=\"border-bottom:1px solid #d4cfc4;padding:0;\">\n<summary style=\"cursor:pointer;padding:16px 0;font-size:17px;font-weight:700;color:#1a1a1a;list-style:none;display:flex;justify-content:space-between;align-items:center;gap:14px;\">\n        <span>Quelle est la fortune de Jenna Ortega ?<\/span><br \/>\n        <span style=\"font-size:22px;font-weight:300;color:#B11E6A;line-height:1;\">+<\/span><br \/>\n      <\/summary>\n<div style=\"padding:0 0 16px 0;font-size:15px;line-height:1.7;color:#4a4a4a;\">Sa fortune est estim\u00e9e \u00e0 environ 5 millions de dollars selon les sources sp\u00e9cialis\u00e9es. Ce chiffre reste une estimation, aliment\u00e9e par le succ\u00e8s de <em>Wednesday<\/em>, ses r\u00f4les au cin\u00e9ma et ses contrats publicitaires.<\/div>\n<\/details><\/div>\n<\/section>\n<p style=\"font-size:13px;color:#6a6a6a;margin-top:32px;\">Sources : Wikip\u00e9dia et donn\u00e9es publiques. Article mis \u00e0 jour r\u00e9guli\u00e8rement.<\/p>\n","protected":false},"excerpt":{"rendered":"","protected":false},"author":34,"featured_media":999999999,"comment_status":"open","ping_status":"open","sticky":false,"template":"","format":"standard","meta":{"_acf_changed":false,"manual_indexmenow":false,"indexmenow_id_project":0,"footnotes":""},"categories":[4521],"tags":[],"class_list":["post-7940","post","type-post","status-publish","format-standard","has-post-thumbnail","hentry","category-cinema-et-television","generate-columns","tablet-grid-50","mobile-grid-100","grid-parent","grid-25"],"acf":[],"yoast_head":"<!-- This site is optimized with the Yoast SEO Premium plugin v21.3 (Yoast SEO v26.5) - https:\/\/yoast.com\/wordpress\/plugins\/seo\/ -->\n<title>Jenna Ortega : taille, \u00e2ge, origines, couple et fortune<\/title>\n<meta name=\"description\" content=\"Difficile d&#039;imaginer un parcours plus fulgurant. En quelques ann\u00e9es, Jenna Ortega est pass\u00e9e du statut d&#039;enfant star du Disney Channel \u00e0 celui d&#039;ic\u00f4ne\" \/>\n<meta name=\"robots\" content=\"index, follow, max-snippet:-1, max-image-preview:large, max-video-preview:-1\" \/>\n<link rel=\"canonical\" href=\"https:\/\/starstory.fr\/blog\/cinema-et-television\/jenna-ortega-taille-age-origines-couple-et-fortune-la-fiche-complete\/\" \/>\n<meta property=\"og:locale\" content=\"fr_FR\" \/>\n<meta property=\"og:type\" content=\"article\" \/>\n<meta property=\"og:title\" content=\"Jenna Ortega : taille, \u00e2ge, origines, couple et fortune\" \/>\n<meta property=\"og:description\" content=\"Difficile d&#039;imaginer un parcours plus fulgurant. En quelques ann\u00e9es, Jenna Ortega est pass\u00e9e du statut d&#039;enfant star du Disney Channel \u00e0 celui d&#039;ic\u00f4ne\" \/>\n<meta property=\"og:url\" content=\"https:\/\/starstory.fr\/blog\/cinema-et-television\/jenna-ortega-taille-age-origines-couple-et-fortune-la-fiche-complete\/\" \/>\n<meta property=\"og:site_name\" content=\"starstory\" \/>\n<meta name=\"author\" content=\"Rapha\u00ebl D.\" \/>\n<meta name=\"twitter:card\" content=\"summary_large_image\" \/>\n<script type=\"application\/ld+json\" class=\"yoast-schema-graph\">{\"@context\":\"https:\/\/schema.org\",\"@graph\":[{\"@type\":\"NewsArticle\",\"@id\":\"https:\/\/starstory.fr\/blog\/cinema-et-television\/jenna-ortega-taille-age-origines-couple-et-fortune-la-fiche-complete\/#article\",\"isPartOf\":{\"@id\":\"https:\/\/starstory.fr\/blog\/cinema-et-television\/jenna-ortega-taille-age-origines-couple-et-fortune-la-fiche-complete\/\"},\"author\":{\"name\":\"Rapha\u00ebl D.\",\"@id\":\"https:\/\/starstory.fr\/blog\/#\/schema\/person\/3c864cdc320801e3db34b663e7e3f816\"},\"headline\":\"Jenna Ortega : taille, \u00e2ge, origines, couple et fortune \u2014 la fiche compl\u00e8te\",\"datePublished\":\"2026-06-05T22:31:29+00:00\",\"mainEntityOfPage\":{\"@id\":\"https:\/\/starstory.fr\/blog\/cinema-et-television\/jenna-ortega-taille-age-origines-couple-et-fortune-la-fiche-complete\/\"},\"wordCount\":1692,\"commentCount\":0,\"publisher\":{\"@id\":\"https:\/\/starstory.fr\/blog\/#organization\"},\"image\":{\"@id\":\"https:\/\/starstory.fr\/blog\/cinema-et-television\/jenna-ortega-taille-age-origines-couple-et-fortune-la-fiche-complete\/#primaryimage\"},\"thumbnailUrl\":\"https:\/\/images.pexels.com\/photos\/33817562\/pexels-photo-33817562.jpeg?auto=compress&cs=tinysrgb&fit=crop&h=627&w=1200\",\"articleSection\":[\"Cin\u00e9ma et T\u00e9l\u00e9vision\"],\"inLanguage\":\"fr-FR\",\"potentialAction\":[{\"@type\":\"CommentAction\",\"name\":\"Comment\",\"target\":[\"https:\/\/starstory.fr\/blog\/cinema-et-television\/jenna-ortega-taille-age-origines-couple-et-fortune-la-fiche-complete\/#respond\"]}]},{\"@type\":\"WebPage\",\"@id\":\"https:\/\/starstory.fr\/blog\/cinema-et-television\/jenna-ortega-taille-age-origines-couple-et-fortune-la-fiche-complete\/\",\"url\":\"https:\/\/starstory.fr\/blog\/cinema-et-television\/jenna-ortega-taille-age-origines-couple-et-fortune-la-fiche-complete\/\",\"name\":\"Jenna Ortega : taille, \u00e2ge, origines, couple et fortune\",\"isPartOf\":{\"@id\":\"https:\/\/starstory.fr\/blog\/#website\"},\"primaryImageOfPage\":{\"@id\":\"https:\/\/starstory.fr\/blog\/cinema-et-television\/jenna-ortega-taille-age-origines-couple-et-fortune-la-fiche-complete\/#primaryimage\"},\"image\":{\"@id\":\"https:\/\/starstory.fr\/blog\/cinema-et-television\/jenna-ortega-taille-age-origines-couple-et-fortune-la-fiche-complete\/#primaryimage\"},\"thumbnailUrl\":\"https:\/\/images.pexels.com\/photos\/33817562\/pexels-photo-33817562.jpeg?auto=compress&cs=tinysrgb&fit=crop&h=627&w=1200\",\"datePublished\":\"2026-06-05T22:31:29+00:00\",\"description\":\"Difficile d'imaginer un parcours plus fulgurant. En quelques ann\u00e9es, Jenna Ortega est pass\u00e9e du statut d'enfant star du Disney Channel \u00e0 celui d'ic\u00f4ne\",\"inLanguage\":\"fr-FR\",\"potentialAction\":[{\"@type\":\"ReadAction\",\"target\":[\"https:\/\/starstory.fr\/blog\/cinema-et-television\/jenna-ortega-taille-age-origines-couple-et-fortune-la-fiche-complete\/\"]}]},{\"@type\":\"ImageObject\",\"inLanguage\":\"fr-FR\",\"@id\":\"https:\/\/starstory.fr\/blog\/cinema-et-television\/jenna-ortega-taille-age-origines-couple-et-fortune-la-fiche-complete\/#primaryimage\",\"url\":\"https:\/\/images.pexels.com\/photos\/33817562\/pexels-photo-33817562.jpeg?auto=compress&cs=tinysrgb&fit=crop&h=627&w=1200\",\"contentUrl\":\"https:\/\/images.pexels.com\/photos\/33817562\/pexels-photo-33817562.jpeg?auto=compress&cs=tinysrgb&fit=crop&h=627&w=1200\"},{\"@type\":\"WebSite\",\"@id\":\"https:\/\/starstory.fr\/blog\/#website\",\"url\":\"https:\/\/starstory.fr\/blog\/\",\"name\":\"StarStory\",\"description\":\"StarStory, les \u00e9toiles racontent leur histoire\",\"publisher\":{\"@id\":\"https:\/\/starstory.fr\/blog\/#organization\"},\"alternateName\":\"StarStory, les \u00e9toiles racontent leur histoire\",\"potentialAction\":[{\"@type\":\"SearchAction\",\"target\":{\"@type\":\"EntryPoint\",\"urlTemplate\":\"https:\/\/starstory.fr\/blog\/?s={search_term_string}\"},\"query-input\":{\"@type\":\"PropertyValueSpecification\",\"valueRequired\":true,\"valueName\":\"search_term_string\"}}],\"inLanguage\":\"fr-FR\"},{\"@type\":\"Organization\",\"@id\":\"https:\/\/starstory.fr\/blog\/#organization\",\"name\":\"StarStory\",\"alternateName\":\"StarStory.fr\",\"url\":\"https:\/\/starstory.fr\/blog\/\",\"logo\":{\"@type\":\"ImageObject\",\"inLanguage\":\"fr-FR\",\"@id\":\"https:\/\/starstory.fr\/blog\/#\/schema\/logo\/image\/\",\"url\":\"https:\/\/starstory.fr\/blog\/wp-content\/uploads\/2024\/12\/38.png\",\"contentUrl\":\"https:\/\/starstory.fr\/blog\/wp-content\/uploads\/2024\/12\/38.png\",\"width\":500,\"height\":500,\"caption\":\"StarStory\"},\"image\":{\"@id\":\"https:\/\/starstory.fr\/blog\/#\/schema\/logo\/image\/\"}},{\"@type\":\"Person\",\"@id\":\"https:\/\/starstory.fr\/blog\/#\/schema\/person\/3c864cdc320801e3db34b663e7e3f816\",\"name\":\"Rapha\u00ebl D.\",\"image\":{\"@type\":\"ImageObject\",\"inLanguage\":\"fr-FR\",\"@id\":\"https:\/\/starstory.fr\/blog\/#\/schema\/person\/image\/\",\"url\":\"https:\/\/starstory.fr\/blog\/wp-content\/uploads\/2026\/06\/persona_raphael-d-96x96.jpg\",\"contentUrl\":\"https:\/\/starstory.fr\/blog\/wp-content\/uploads\/2026\/06\/persona_raphael-d-96x96.jpg\",\"caption\":\"Rapha\u00ebl D.\"},\"description\":\"La culture est mon terrain de jeu depuis une dizaine d'ann\u00e9es : arts visuels, s\u00e9ries, cr\u00e9ation et tout ce qui nourrit l'imaginaire. J'\u00e9cris aussi bien sur l'actualit\u00e9 des \u0153uvres que sur les coulisses de la cr\u00e9ation, avec l'envie de relier l'amateur curieux \u00e0 des univers parfois jug\u00e9s intimidants. J'aime analyser une s\u00e9rie ou une d\u00e9marche artistique sans p\u00e9dantisme, replacer une \u0153uvre dans son contexte et donner des cl\u00e9s de lecture accessibles. Avant de publier, je v\u00e9rifie mes r\u00e9f\u00e9rences, je recoupe les sources et je distingue clairement le fait de mon interpr\u00e9tation subjective. Je crois qu'une critique vaut surtout par les arguments qu'elle expose, pas par la sentence qu'elle rend. Mon angle : transmettre l'envie de d\u00e9couvrir, de regarder autrement et de se forger son propre go\u00fbt. La culture n'appartient pas qu'aux initi\u00e9s, et c'est tout l'enjeu de mon \u00e9criture.\",\"url\":\"https:\/\/starstory.fr\/blog\/auteur\/noname\/\",\"jobTitle\":\"R\u00e9dacteur en chef \u00b7 Culture & Cr\u00e9ation\",\"knowsAbout\":[\"Culture\",\"Cr\u00e9ation\"],\"email\":\"raphael.d@a-l-asso-de-l-art.fr\"}]}<\/script>\n<!-- \/ Yoast SEO Premium plugin. -->","yoast_head_json":{"title":"Jenna Ortega : taille, \u00e2ge, origines, couple et fortune","description":"Difficile d'imaginer un parcours plus fulgurant. En quelques ann\u00e9es, Jenna Ortega est pass\u00e9e du statut d'enfant star du Disney Channel \u00e0 celui d'ic\u00f4ne","robots":{"index":"index","follow":"follow","max-snippet":"max-snippet:-1","max-image-preview":"max-image-preview:large","max-video-preview":"max-video-preview:-1"},"canonical":"https:\/\/starstory.fr\/blog\/cinema-et-television\/jenna-ortega-taille-age-origines-couple-et-fortune-la-fiche-complete\/","og_locale":"fr_FR","og_type":"article","og_title":"Jenna Ortega : taille, \u00e2ge, origines, couple et fortune","og_description":"Difficile d'imaginer un parcours plus fulgurant. En quelques ann\u00e9es, Jenna Ortega est pass\u00e9e du statut d'enfant star du Disney Channel \u00e0 celui d'ic\u00f4ne","og_url":"https:\/\/starstory.fr\/blog\/cinema-et-television\/jenna-ortega-taille-age-origines-couple-et-fortune-la-fiche-complete\/","og_site_name":"starstory","author":"Rapha\u00ebl D.","twitter_card":"summary_large_image","schema":{"@context":"https:\/\/schema.org","@graph":[{"@type":"NewsArticle","@id":"https:\/\/starstory.fr\/blog\/cinema-et-television\/jenna-ortega-taille-age-origines-couple-et-fortune-la-fiche-complete\/#article","isPartOf":{"@id":"https:\/\/starstory.fr\/blog\/cinema-et-television\/jenna-ortega-taille-age-origines-couple-et-fortune-la-fiche-complete\/"},"author":{"name":"Rapha\u00ebl D.","@id":"https:\/\/starstory.fr\/blog\/#\/schema\/person\/3c864cdc320801e3db34b663e7e3f816"},"headline":"Jenna Ortega : taille, \u00e2ge, origines, couple et fortune \u2014 la fiche compl\u00e8te","datePublished":"2026-06-05T22:31:29+00:00","mainEntityOfPage":{"@id":"https:\/\/starstory.fr\/blog\/cinema-et-television\/jenna-ortega-taille-age-origines-couple-et-fortune-la-fiche-complete\/"},"wordCount":1692,"commentCount":0,"publisher":{"@id":"https:\/\/starstory.fr\/blog\/#organization"},"image":{"@id":"https:\/\/starstory.fr\/blog\/cinema-et-television\/jenna-ortega-taille-age-origines-couple-et-fortune-la-fiche-complete\/#primaryimage"},"thumbnailUrl":"https:\/\/images.pexels.com\/photos\/33817562\/pexels-photo-33817562.jpeg?auto=compress&cs=tinysrgb&fit=crop&h=627&w=1200","articleSection":["Cin\u00e9ma et T\u00e9l\u00e9vision"],"inLanguage":"fr-FR","potentialAction":[{"@type":"CommentAction","name":"Comment","target":["https:\/\/starstory.fr\/blog\/cinema-et-television\/jenna-ortega-taille-age-origines-couple-et-fortune-la-fiche-complete\/#respond"]}]},{"@type":"WebPage","@id":"https:\/\/starstory.fr\/blog\/cinema-et-television\/jenna-ortega-taille-age-origines-couple-et-fortune-la-fiche-complete\/","url":"https:\/\/starstory.fr\/blog\/cinema-et-television\/jenna-ortega-taille-age-origines-couple-et-fortune-la-fiche-complete\/","name":"Jenna Ortega : taille, \u00e2ge, origines, couple et fortune","isPartOf":{"@id":"https:\/\/starstory.fr\/blog\/#website"},"primaryImageOfPage":{"@id":"https:\/\/starstory.fr\/blog\/cinema-et-television\/jenna-ortega-taille-age-origines-couple-et-fortune-la-fiche-complete\/#primaryimage"},"image":{"@id":"https:\/\/starstory.fr\/blog\/cinema-et-television\/jenna-ortega-taille-age-origines-couple-et-fortune-la-fiche-complete\/#primaryimage"},"thumbnailUrl":"https:\/\/images.pexels.com\/photos\/33817562\/pexels-photo-33817562.jpeg?auto=compress&cs=tinysrgb&fit=crop&h=627&w=1200","datePublished":"2026-06-05T22:31:29+00:00","description":"Difficile d'imaginer un parcours plus fulgurant. En quelques ann\u00e9es, Jenna Ortega est pass\u00e9e du statut d'enfant star du Disney Channel \u00e0 celui d'ic\u00f4ne","inLanguage":"fr-FR","potentialAction":[{"@type":"ReadAction","target":["https:\/\/starstory.fr\/blog\/cinema-et-television\/jenna-ortega-taille-age-origines-couple-et-fortune-la-fiche-complete\/"]}]},{"@type":"ImageObject","inLanguage":"fr-FR","@id":"https:\/\/starstory.fr\/blog\/cinema-et-television\/jenna-ortega-taille-age-origines-couple-et-fortune-la-fiche-complete\/#primaryimage","url":"https:\/\/images.pexels.com\/photos\/33817562\/pexels-photo-33817562.jpeg?auto=compress&cs=tinysrgb&fit=crop&h=627&w=1200","contentUrl":"https:\/\/images.pexels.com\/photos\/33817562\/pexels-photo-33817562.jpeg?auto=compress&cs=tinysrgb&fit=crop&h=627&w=1200"},{"@type":"WebSite","@id":"https:\/\/starstory.fr\/blog\/#website","url":"https:\/\/starstory.fr\/blog\/","name":"StarStory","description":"StarStory, les \u00e9toiles racontent leur histoire","publisher":{"@id":"https:\/\/starstory.fr\/blog\/#organization"},"alternateName":"StarStory, les \u00e9toiles racontent leur histoire","potentialAction":[{"@type":"SearchAction","target":{"@type":"EntryPoint","urlTemplate":"https:\/\/starstory.fr\/blog\/?s={search_term_string}"},"query-input":{"@type":"PropertyValueSpecification","valueRequired":true,"valueName":"search_term_string"}}],"inLanguage":"fr-FR"},{"@type":"Organization","@id":"https:\/\/starstory.fr\/blog\/#organization","name":"StarStory","alternateName":"StarStory.fr","url":"https:\/\/starstory.fr\/blog\/","logo":{"@type":"ImageObject","inLanguage":"fr-FR","@id":"https:\/\/starstory.fr\/blog\/#\/schema\/logo\/image\/","url":"https:\/\/starstory.fr\/blog\/wp-content\/uploads\/2024\/12\/38.png","contentUrl":"https:\/\/starstory.fr\/blog\/wp-content\/uploads\/2024\/12\/38.png","width":500,"height":500,"caption":"StarStory"},"image":{"@id":"https:\/\/starstory.fr\/blog\/#\/schema\/logo\/image\/"}},{"@type":"Person","@id":"https:\/\/starstory.fr\/blog\/#\/schema\/person\/3c864cdc320801e3db34b663e7e3f816","name":"Rapha\u00ebl D.","image":{"@type":"ImageObject","inLanguage":"fr-FR","@id":"https:\/\/starstory.fr\/blog\/#\/schema\/person\/image\/","url":"https:\/\/starstory.fr\/blog\/wp-content\/uploads\/2026\/06\/persona_raphael-d-96x96.jpg","contentUrl":"https:\/\/starstory.fr\/blog\/wp-content\/uploads\/2026\/06\/persona_raphael-d-96x96.jpg","caption":"Rapha\u00ebl D."},"description":"La culture est mon terrain de jeu depuis une dizaine d'ann\u00e9es : arts visuels, s\u00e9ries, cr\u00e9ation et tout ce qui nourrit l'imaginaire. J'\u00e9cris aussi bien sur l'actualit\u00e9 des \u0153uvres que sur les coulisses de la cr\u00e9ation, avec l'envie de relier l'amateur curieux \u00e0 des univers parfois jug\u00e9s intimidants. J'aime analyser une s\u00e9rie ou une d\u00e9marche artistique sans p\u00e9dantisme, replacer une \u0153uvre dans son contexte et donner des cl\u00e9s de lecture accessibles. Avant de publier, je v\u00e9rifie mes r\u00e9f\u00e9rences, je recoupe les sources et je distingue clairement le fait de mon interpr\u00e9tation subjective. Je crois qu'une critique vaut surtout par les arguments qu'elle expose, pas par la sentence qu'elle rend. Mon angle : transmettre l'envie de d\u00e9couvrir, de regarder autrement et de se forger son propre go\u00fbt. La culture n'appartient pas qu'aux initi\u00e9s, et c'est tout l'enjeu de mon \u00e9criture.","url":"https:\/\/starstory.fr\/blog\/auteur\/noname\/","jobTitle":"R\u00e9dacteur en chef \u00b7 Culture & Cr\u00e9ation","knowsAbout":["Culture","Cr\u00e9ation"],"email":"raphael.d@a-l-asso-de-l-art.fr"}]}},"_links":{"self":[{"href":"https:\/\/starstory.fr\/blog\/wp-json\/wp\/v2\/posts\/7940","targetHints":{"allow":["GET"]}}],"collection":[{"href":"https:\/\/starstory.fr\/blog\/wp-json\/wp\/v2\/posts"}],"about":[{"href":"https:\/\/starstory.fr\/blog\/wp-json\/wp\/v2\/types\/post"}],"author":[{"embeddable":true,"href":"https:\/\/starstory.fr\/blog\/wp-json\/wp\/v2\/users\/34"}],"replies":[{"embeddable":true,"href":"https:\/\/starstory.fr\/blog\/wp-json\/wp\/v2\/comments?post=7940"}],"version-history":[{"count":0,"href":"https:\/\/starstory.fr\/blog\/wp-json\/wp\/v2\/posts\/7940\/revisions"}],"wp:attachment":[{"href":"https:\/\/starstory.fr\/blog\/wp-json\/wp\/v2\/media?parent=7940"}],"wp:term":[{"taxonomy":"category","embeddable":true,"href":"https:\/\/starstory.fr\/blog\/wp-json\/wp\/v2\/categories?post=7940"},{"taxonomy":"post_tag","embeddable":true,"href":"https:\/\/starstory.fr\/blog\/wp-json\/wp\/v2\/tags?post=7940"}],"curies":[{"name":"wp","href":"https:\/\/api.w.org\/{rel}","templated":true}]}}