{"id":7939,"date":"2026-06-06T00:31:10","date_gmt":"2026-06-05T22:31:10","guid":{"rendered":"https:\/\/starstory.fr\/blog\/cinema-et-television\/timothee-chalamet-taille-age-couple-origines-et-fortune-la-fiche-compl\/"},"modified":"2026-06-06T00:31:10","modified_gmt":"2026-06-05T22:31:10","slug":"timothee-chalamet-taille-age-couple-origines-et-fortune-la-fiche-compl","status":"publish","type":"post","link":"https:\/\/starstory.fr\/blog\/cinema-et-television\/timothee-chalamet-taille-age-couple-origines-et-fortune-la-fiche-compl\/","title":{"rendered":"Timoth\u00e9e Chalamet : taille, \u00e2ge, couple, origines et fortune \u2014 la fiche compl\u00e8te"},"content":{"rendered":"<aside style=\"background:#FBEAF2;border-left:5px solid #B11E6A;padding:22px 28px;margin:24px 0;font-family:-apple-system,BlinkMacSystemFont,'Segoe UI',Roboto,sans-serif;\">\n<div style=\"margin:0;font-size:19px;line-height:1.55;color:#2a2a2a;font-weight:500;letter-spacing:-0.005em;\">\n    Timoth\u00e9e Chalamet mesure environ <strong>1,78 m<\/strong> et il est n\u00e9 le 27 d\u00e9cembre 1995 \u00e0 New York : il a donc 30 ans en 2026. Acteur am\u00e9ricain et fran\u00e7ais, r\u00e9v\u00e9l\u00e9 par <em>Call Me by Your Name<\/em> puis sacr\u00e9 star plan\u00e9taire avec <em>Dune<\/em>, <em>Wonka<\/em> et son Bob Dylan dans <em>A Complete Unknown<\/em>, il partage sa vie avec Kylie Jenner. Voici la fiche compl\u00e8te, v\u00e9rifi\u00e9e et mise \u00e0 jour.\n  <\/div>\n<\/aside>\n<p>Difficile de passer \u00e0 c\u00f4t\u00e9 de Timoth\u00e9e Chalamet. En moins de dix ans, ce New-Yorkais aux origines fran\u00e7aises est devenu l&rsquo;un des acteurs les plus suivis de sa g\u00e9n\u00e9ration, capable d&rsquo;encha\u00eener les blockbusters de science-fiction et les r\u00f4les d&rsquo;auteur les plus exigeants. Entre sa taille, son \u00e2ge r\u00e9el, ses racines fran\u00e7aises, sa relation tr\u00e8s m\u00e9diatis\u00e9e avec Kylie Jenner et sa fortune estim\u00e9e, beaucoup de questions reviennent sans cesse. Cette fiche fait le point, fait par fait.<\/p>\n<figure style=\"margin:32px 0;font-family:-apple-system,BlinkMacSystemFont,'Segoe UI',Roboto,sans-serif;\">\n<div style=\"overflow-x:auto;border:1px solid #e5e5e0;border-radius:8px;\">\n<table style=\"width:100%;border-collapse:collapse;font-size:14px;color:#2a2a2a;min-width:500px;\">\n<thead>\n<tr style=\"background:#1a1a1a;color:#fff;\">\n<th style=\"text-align:left;padding:14px 18px;font-weight:700;font-size:12px;text-transform:uppercase;letter-spacing:1.5px;\">Carte d&rsquo;identit\u00e9<\/th>\n<th style=\"text-align:left;padding:14px 18px;font-weight:700;font-size:12px;text-transform:uppercase;letter-spacing:1.5px;\">D\u00e9tail<\/th>\n<\/tr>\n<\/thead>\n<tbody>\n<tr style=\"background:#fff;border-bottom:1px solid #f0ede5;\">\n<td style=\"padding:14px 18px;font-weight:600;\">Nom complet<\/td>\n<td style=\"padding:14px 18px;color:#4a4a4a;\">Timoth\u00e9e Hal Chalamet<\/td>\n<\/tr>\n<tr style=\"background:#FBEAF2;border-bottom:1px solid #f0ede5;\">\n<td style=\"padding:14px 18px;font-weight:600;\">Naissance<\/td>\n<td style=\"padding:14px 18px;color:#4a4a4a;\">27 d\u00e9cembre 1995, New York (Hell&rsquo;s Kitchen)<\/td>\n<\/tr>\n<tr style=\"background:#fff;border-bottom:1px solid #f0ede5;\">\n<td style=\"padding:14px 18px;font-weight:600;\">\u00c2ge<\/td>\n<td style=\"padding:14px 18px;color:#4a4a4a;\">30 ans (en 2026)<\/td>\n<\/tr>\n<tr style=\"background:#FBEAF2;border-bottom:1px solid #f0ede5;\">\n<td style=\"padding:14px 18px;font-weight:600;\">Taille<\/td>\n<td style=\"padding:14px 18px;color:#4a4a4a;\">environ 1,78 m (5 ft 10 in)<\/td>\n<\/tr>\n<tr style=\"background:#fff;border-bottom:1px solid #f0ede5;\">\n<td style=\"padding:14px 18px;font-weight:600;\">Nationalit\u00e9<\/td>\n<td style=\"padding:14px 18px;color:#4a4a4a;\">Am\u00e9ricaine et fran\u00e7aise (double nationalit\u00e9)<\/td>\n<\/tr>\n<tr style=\"background:#FBEAF2;border-bottom:1px solid #f0ede5;\">\n<td style=\"padding:14px 18px;font-weight:600;\">Origines<\/td>\n<td style=\"padding:14px 18px;color:#4a4a4a;\">P\u00e8re fran\u00e7ais (N\u00eemes), m\u00e8re am\u00e9ricaine new-yorkaise<\/td>\n<\/tr>\n<tr style=\"background:#fff;border-bottom:1px solid #f0ede5;\">\n<td style=\"padding:14px 18px;font-weight:600;\">Profession<\/td>\n<td style=\"padding:14px 18px;color:#4a4a4a;\">Acteur<\/td>\n<\/tr>\n<tr style=\"background:#FBEAF2;\">\n<td style=\"padding:14px 18px;font-weight:600;\">Films cl\u00e9s<\/td>\n<td style=\"padding:14px 18px;color:#4a4a4a;\">Call Me by Your Name, Dune, Wonka, A Complete Unknown<\/td>\n<\/tr>\n<\/tbody>\n<\/table><\/div><figcaption style=\"font-size:11px;color:#7a7a7a;margin-top:8px;text-align:right;letter-spacing:0.3px;\">Donn\u00e9es indicatives \u2014 voir sources en fin d&rsquo;article.<\/figcaption><\/figure>\n<h2>Biographie et d\u00e9buts<\/h2>\n<p>Timoth\u00e9e Hal Chalamet na\u00eet le 27 d\u00e9cembre 1995 \u00e0 New York, dans le quartier de Hell&rsquo;s Kitchen, \u00e0 Manhattan. Il grandit dans une famille profond\u00e9ment li\u00e9e au monde du spectacle : sa m\u00e8re, Nicole Flender, est une ancienne danseuse de Broadway devenue agente immobili\u00e8re, tandis que son p\u00e8re, Marc Chalamet, originaire de N\u00eemes, a longtemps \u00e9t\u00e9 correspondant \u00e0 New York pour <em>Le Parisien<\/em> avant de travailler pour l&rsquo;UNICEF. Sa s\u0153ur a\u00een\u00e9e, Pauline Chalamet, est elle aussi actrice.<\/p>\n<p>Adolescent, il int\u00e8gre la prestigieuse Fiorello H. LaGuardia High School of Music &amp; Art and Performing Arts, l&rsquo;\u00e9tablissement new-yorkais qui a inspir\u00e9 le film <em>Fame<\/em>. Il y obtient son dipl\u00f4me en 2013. Il s&rsquo;inscrit ensuite \u00e0 l&rsquo;universit\u00e9 Columbia, o\u00f9 il \u00e9tudie l&rsquo;anthropologie culturelle, avant de rejoindre la Gallatin School of Individualized Study de la NYU, puis d&rsquo;abandonner ses \u00e9tudes pour se consacrer pleinement au m\u00e9tier d&rsquo;acteur.<\/p>\n<aside style=\"background:#fafaf7;border:1px solid #e5e5e0;border-radius:8px;padding:24px 26px 26px;margin:28px 0;font-family:-apple-system,BlinkMacSystemFont,'Segoe UI',Roboto,sans-serif;\">\n<div style=\"margin:0 0 18px 0;font-size:11px;font-weight:700;text-transform:uppercase;letter-spacing:2.2px;color:#B11E6A;\">\u00c0 retenir<\/div>\n<div style=\"display:grid;grid-template-columns:repeat(auto-fit,minmax(240px,1fr));gap:10px;\">\n<div style=\"display:flex;gap:12px;background:#fff;border:1px solid #ebebe5;padding:12px 14px;border-radius:6px;align-items:flex-start;\">\n      <span style=\"flex:0 0 26px;width:26px;height:26px;background:#B11E6A;color:#fff;border-radius:50%;display:inline-flex;align-items:center;justify-content:center;font-size:12px;font-weight:700;font-family:-apple-system,sans-serif;\">1<\/span><br \/>\n      <span style=\"font-size:14px;line-height:1.5;color:#2a2a2a;\">N\u00e9 \u00e0 New York en 1995, il a 30 ans en 2026.<\/span>\n    <\/div>\n<div style=\"display:flex;gap:12px;background:#fff;border:1px solid #ebebe5;padding:12px 14px;border-radius:6px;align-items:flex-start;\">\n      <span style=\"flex:0 0 26px;width:26px;height:26px;background:#B11E6A;color:#fff;border-radius:50%;display:inline-flex;align-items:center;justify-content:center;font-size:12px;font-weight:700;font-family:-apple-system,sans-serif;\">2<\/span><br \/>\n      <span style=\"font-size:14px;line-height:1.5;color:#2a2a2a;\">Double nationalit\u00e9 : p\u00e8re fran\u00e7ais de N\u00eemes, m\u00e8re am\u00e9ricaine.<\/span>\n    <\/div>\n<div style=\"display:flex;gap:12px;background:#fff;border:1px solid #ebebe5;padding:12px 14px;border-radius:6px;align-items:flex-start;\">\n      <span style=\"flex:0 0 26px;width:26px;height:26px;background:#B11E6A;color:#fff;border-radius:50%;display:inline-flex;align-items:center;justify-content:center;font-size:12px;font-weight:700;font-family:-apple-system,sans-serif;\">3<\/span><br \/>\n      <span style=\"font-size:14px;line-height:1.5;color:#2a2a2a;\">R\u00e9v\u00e9l\u00e9 en 2017 par Call Me by Your Name (1re nomination \u00e0 l&rsquo;Oscar).<\/span>\n    <\/div>\n<div style=\"display:flex;gap:12px;background:#fff;border:1px solid #ebebe5;padding:12px 14px;border-radius:6px;align-items:flex-start;\">\n      <span style=\"flex:0 0 26px;width:26px;height:26px;background:#B11E6A;color:#fff;border-radius:50%;display:inline-flex;align-items:center;justify-content:center;font-size:12px;font-weight:700;font-family:-apple-system,sans-serif;\">4<\/span><br \/>\n      <span style=\"font-size:14px;line-height:1.5;color:#2a2a2a;\">Star de Dune, Wonka et de Bob Dylan dans A Complete Unknown.<\/span>\n    <\/div>\n<div style=\"display:flex;gap:12px;background:#fff;border:1px solid #ebebe5;padding:12px 14px;border-radius:6px;align-items:flex-start;\">\n      <span style=\"flex:0 0 26px;width:26px;height:26px;background:#B11E6A;color:#fff;border-radius:50%;display:inline-flex;align-items:center;justify-content:center;font-size:12px;font-weight:700;font-family:-apple-system,sans-serif;\">5<\/span><br \/>\n      <span style=\"font-size:14px;line-height:1.5;color:#2a2a2a;\">En couple avec Kylie Jenner depuis 2023.<\/span>\n    <\/div>\n<\/p><\/div>\n<\/aside>\n<h2>Carri\u00e8re : les r\u00f4les cl\u00e9s<\/h2>\n<p>Apr\u00e8s quelques apparitions \u00e0 la t\u00e9l\u00e9vision et au cin\u00e9ma, c&rsquo;est en 2017 que Timoth\u00e9e Chalamet explose aux yeux du grand public. Son interpr\u00e9tation d&rsquo;Elio dans <em>Call Me by Your Name<\/em> de Luca Guadagnino lui vaut une premi\u00e8re nomination \u00e0 l&rsquo;Oscar du meilleur acteur : il devient alors l&rsquo;un des plus jeunes nomm\u00e9s de l&rsquo;histoire dans cette cat\u00e9gorie. La m\u00eame ann\u00e9e, il tient un second r\u00f4le remarqu\u00e9 dans <em>Lady Bird<\/em> de Greta Gerwig.<\/p>\n<p>Les ann\u00e9es suivantes confirment l&rsquo;\u00e9tendue de sa palette : <em>Beautiful Boy<\/em> (2018), o\u00f9 il incarne un jeune homme aux prises avec l&rsquo;addiction, puis <em>Little Women<\/em> (2019) dans le r\u00f4le de Laurie, \u00e0 nouveau sous la direction de Greta Gerwig. Mais le tournant grand public arrive avec la saga <em>Dune<\/em> de Denis Villeneuve : il y campe Paul Atreides d\u00e8s 2021, r\u00f4le qu&rsquo;il reprend dans <em>Dune : Deuxi\u00e8me partie<\/em> en 2024, l&rsquo;un des plus gros succ\u00e8s au box-office de l&rsquo;ann\u00e9e.<\/p>\n<p>En 2023, il endosse le costume du c\u00e9l\u00e8bre chocolatier dans <em>Wonka<\/em>, pr\u00e9quelle musicale et familiale qui \u00e9largit encore son public. Puis vient le d\u00e9fi de <em>A Complete Unknown<\/em> (2024), r\u00e9alis\u00e9 par James Mangold : Chalamet y incarne Bob Dylan, interpr\u00e8te lui-m\u00eame les chansons et signe l&rsquo;un des r\u00f4les les plus salu\u00e9s de sa carri\u00e8re.<\/p>\n<div style=\"display:grid;grid-template-columns:repeat(auto-fit,minmax(220px,1fr));gap:14px;margin:28px 0;font-family:-apple-system,BlinkMacSystemFont,'Segoe UI',Roboto,sans-serif;\">\n<article style=\"background:#fff;border:1px solid #e5e5e0;border-top:3px solid #B11E6A;border-radius:6px;padding:18px 18px 16px;\">\n<div style=\"width:36px;height:36px;background:#FBEAF2;border-radius:50%;display:inline-flex;align-items:center;justify-content:center;margin-bottom:12px;\">\n      <span style=\"font-size:18px;color:#B11E6A;font-weight:900;font-family:Georgia,serif;\">01<\/span>\n    <\/div>\n<h3 style=\"margin:0 0 6px 0;font-size:16px;font-weight:700;color:#1a1a1a;letter-spacing:-0.01em;\">Call Me by Your Name<\/h3>\n<div style=\"margin:0;font-size:13.5px;line-height:1.55;color:#4a4a4a;\">2017 \u2014 Le r\u00f4le d&rsquo;Elio qui le r\u00e9v\u00e8le et lui vaut sa premi\u00e8re nomination \u00e0 l&rsquo;Oscar.<\/div>\n<\/article>\n<article style=\"background:#fff;border:1px solid #e5e5e0;border-top:3px solid #B11E6A;border-radius:6px;padding:18px 18px 16px;\">\n<div style=\"width:36px;height:36px;background:#FBEAF2;border-radius:50%;display:inline-flex;align-items:center;justify-content:center;margin-bottom:12px;\">\n      <span style=\"font-size:18px;color:#B11E6A;font-weight:900;font-family:Georgia,serif;\">02<\/span>\n    <\/div>\n<h3 style=\"margin:0 0 6px 0;font-size:16px;font-weight:700;color:#1a1a1a;letter-spacing:-0.01em;\">Dune (2021 &amp; 2024)<\/h3>\n<div style=\"margin:0;font-size:13.5px;line-height:1.55;color:#4a4a4a;\">Paul Atreides dans la saga de Denis Villeneuve, qui en fait une star mondiale du blockbuster.<\/div>\n<\/article>\n<article style=\"background:#fff;border:1px solid #e5e5e0;border-top:3px solid #B11E6A;border-radius:6px;padding:18px 18px 16px;\">\n<div style=\"width:36px;height:36px;background:#FBEAF2;border-radius:50%;display:inline-flex;align-items:center;justify-content:center;margin-bottom:12px;\">\n      <span style=\"font-size:18px;color:#B11E6A;font-weight:900;font-family:Georgia,serif;\">03<\/span>\n    <\/div>\n<h3 style=\"margin:0 0 6px 0;font-size:16px;font-weight:700;color:#1a1a1a;letter-spacing:-0.01em;\">Wonka<\/h3>\n<div style=\"margin:0;font-size:13.5px;line-height:1.55;color:#4a4a4a;\">2023 \u2014 Le jeune Willy Wonka dans une pr\u00e9quelle musicale qui cartonne pour les f\u00eates.<\/div>\n<\/article>\n<article style=\"background:#fff;border:1px solid #e5e5e0;border-top:3px solid #B11E6A;border-radius:6px;padding:18px 18px 16px;\">\n<div style=\"width:36px;height:36px;background:#FBEAF2;border-radius:50%;display:inline-flex;align-items:center;justify-content:center;margin-bottom:12px;\">\n      <span style=\"font-size:18px;color:#B11E6A;font-weight:900;font-family:Georgia,serif;\">04<\/span>\n    <\/div>\n<h3 style=\"margin:0 0 6px 0;font-size:16px;font-weight:700;color:#1a1a1a;letter-spacing:-0.01em;\">A Complete Unknown<\/h3>\n<div style=\"margin:0;font-size:13.5px;line-height:1.55;color:#4a4a4a;\">2024 \u2014 Bob Dylan, chant en live \u00e0 l&rsquo;appui, l&rsquo;un de ses r\u00f4les les plus r\u00e9compens\u00e9s.<\/div>\n<\/article>\n<\/div>\n<p>C\u00f4t\u00e9 distinctions, son palmar\u00e8s grandit vite. En 2025, il devient le plus jeune laur\u00e9at du Screen Actors Guild Award du meilleur acteur dans un premier r\u00f4le pour <em>A Complete Unknown<\/em>, performance qui lui vaut aussi plusieurs nominations majeures, dont aux Oscars et aux BAFTA. Au fil des ann\u00e9es, il cumule plusieurs nominations \u00e0 l&rsquo;Acad\u00e9mie, six citations aux BAFTA et des r\u00e9compenses aux Critics&rsquo; Choice Awards, confirmant son statut d&rsquo;acteur \u00e0 la fois populaire et reconnu par la profession.<\/p>\n<figure style=\"margin:38px auto;padding:28px 24px;text-align:center;border-top:1px solid #2a2a2a;border-bottom:1px solid #2a2a2a;max-width:640px;position:relative;font-family:Georgia,'Hoefler Text',serif;\">\n<div style=\"position:absolute;top:-20px;left:50%;transform:translateX(-50%);background:#ffffff;padding:0 14px;font-size:48px;line-height:1;color:#B11E6A;font-family:Georgia,serif;\">&laquo;<\/div>\n<blockquote style=\"margin:0;padding:0;font-size:24px;line-height:1.45;font-style:italic;color:#1a1a1a;letter-spacing:-0.005em;\"><p>\n    En quelques ann\u00e9es, Timoth\u00e9e Chalamet est pass\u00e9 du jeune premier d&rsquo;auteur \u00e0 l&rsquo;une des plus grandes t\u00eates d&rsquo;affiche du cin\u00e9ma mondial.<br \/>\n  <\/blockquote><figcaption style=\"margin-top:14px;font-size:12px;text-transform:uppercase;letter-spacing:2px;color:#6a6a6a;font-family:-apple-system,sans-serif;font-style:normal;\">\u2014 Star Story<\/figcaption><\/figure>\n<h2>Taille et physique<\/h2>\n<p>La question revient en boucle chez ses fans : combien mesure Timoth\u00e9e Chalamet ? Sa taille est g\u00e9n\u00e9ralement indiqu\u00e9e \u00e0 <strong>environ 1,78 m<\/strong>, soit 5 pieds 10 pouces dans le syst\u00e8me anglo-saxon. Il s&rsquo;agit d&rsquo;une estimation issue des donn\u00e9es publiques le concernant ; comme pour beaucoup de personnalit\u00e9s, le chiffre exact peut varier l\u00e9g\u00e8rement d&rsquo;une source \u00e0 l&rsquo;autre.<\/p>\n<p>Sa silhouette \u00e9lanc\u00e9e, sa chevelure brune boucl\u00e9e et son visage juv\u00e9nile font partie de sa signature \u00e0 l&rsquo;\u00e9cran comme sur les tapis rouges, o\u00f9 ses choix vestimentaires audacieux sont r\u00e9guli\u00e8rement comment\u00e9s par la presse mode. Cette allure singuli\u00e8re a contribu\u00e9 \u00e0 faire de lui une v\u00e9ritable ic\u00f4ne de style aupr\u00e8s du jeune public.<\/p>\n<figure style=\"margin:32px 0;padding:0;font-family:-apple-system,BlinkMacSystemFont,'Segoe UI',Roboto,sans-serif;\">\n<div style=\"display:grid;grid-template-columns:repeat(auto-fit,minmax(140px,1fr));background:#1a1a1a;border-radius:6px;overflow:hidden;\">\n<div style=\"padding:22px 16px;text-align:center;border-right:1px solid #2f2f2f;\">\n<div style=\"font-size:36px;font-weight:900;color:#fff;letter-spacing:-0.04em;font-feature-settings:'tnum';line-height:1;\">1,78 m<\/div>\n<div style=\"font-size:11px;text-transform:uppercase;letter-spacing:1.5px;color:#9a9a9a;margin-top:8px;\">taille estim\u00e9e<\/div>\n<\/p><\/div>\n<div style=\"padding:22px 16px;text-align:center;border-right:1px solid #2f2f2f;\">\n<div style=\"font-size:36px;font-weight:900;color:#fff;letter-spacing:-0.04em;font-feature-settings:'tnum';line-height:1;\">30<\/div>\n<div style=\"font-size:11px;text-transform:uppercase;letter-spacing:1.5px;color:#9a9a9a;margin-top:8px;\">ans en 2026<\/div>\n<\/p><\/div>\n<div style=\"padding:22px 16px;text-align:center;\">\n<div style=\"font-size:36px;font-weight:900;color:#B11E6A;letter-spacing:-0.04em;font-feature-settings:'tnum';line-height:1;\">1995<\/div>\n<div style=\"font-size:11px;text-transform:uppercase;letter-spacing:1.5px;color:#9a9a9a;margin-top:8px;\">ann\u00e9e de naissance<\/div>\n<\/p><\/div>\n<\/p><\/div><figcaption style=\"font-size:11px;color:#7a7a7a;margin-top:8px;text-align:right;letter-spacing:0.3px;\">Donn\u00e9es indicatives \u2014 voir sources en fin d&rsquo;article.<\/figcaption><\/figure>\n<h2>Vie priv\u00e9e et couple<\/h2>\n<p>Tr\u00e8s discret sur sa vie sentimentale pendant ses premi\u00e8res ann\u00e9es de notori\u00e9t\u00e9, Timoth\u00e9e Chalamet est aujourd&rsquo;hui au c\u0153ur de l&rsquo;un des couples les plus suivis d&rsquo;Hollywood. Depuis le printemps 2023, il est li\u00e9 \u00e0 <strong>Kylie Jenner<\/strong>, femme d&rsquo;affaires et personnalit\u00e9 issue du clan Kardashian-Jenner. Le couple a d&rsquo;abord \u00e9t\u00e9 aper\u00e7u ensemble lors de l&rsquo;anniversaire de Beyonc\u00e9, puis lors d&rsquo;\u00e9v\u00e9nements publics comme l&rsquo;US Open, avant d&rsquo;appara\u00eetre plus ouvertement ensemble.<\/p>\n<p>L&rsquo;acteur partage d\u00e9sormais son temps entre New York, sa ville natale, et la Californie. Fid\u00e8le \u00e0 sa r\u00e9putation, il reste mesur\u00e9 dans ses d\u00e9clarations sur sa vie priv\u00e9e et pr\u00e9f\u00e8re laisser parler son travail. Avant cette relation, plusieurs liaisons lui avaient \u00e9t\u00e9 pr\u00eat\u00e9es par la presse people, sans qu&rsquo;il ne s&rsquo;\u00e9panche publiquement sur le sujet.<\/p>\n<aside style=\"background:#FBEAF2;border-left:4px solid #B11E6A;padding:14px 18px;margin:18px 0;border-radius:0 4px 4px 0;font-family:-apple-system,BlinkMacSystemFont,'Segoe UI',Roboto,sans-serif;\">\n  <strong style=\"display:inline-block;color:#7a1148;font-size:12px;text-transform:uppercase;letter-spacing:1.5px;margin-right:8px;\">&#10022; Bon \u00e0 savoir<\/strong><br \/>\n  <span style=\"font-size:14.5px;line-height:1.55;color:#3a3a3a;\">Timoth\u00e9e Chalamet et Kylie Jenner cultivent la discr\u00e9tion : peu de d\u00e9clarations officielles, mais des apparitions communes r\u00e9guli\u00e8res depuis 2023.<\/span><br \/>\n<\/aside>\n<h2>Fortune estim\u00e9e<\/h2>\n<p>La fortune de Timoth\u00e9e Chalamet est estim\u00e9e aux alentours de <strong>25 \u00e0 30 millions de dollars<\/strong> selon les m\u00e9dias sp\u00e9cialis\u00e9s en 2026. Ce patrimoine reste une estimation : les cachets exacts des acteurs ne sont pas publics, et les chiffres avanc\u00e9s varient d&rsquo;une source \u00e0 l&rsquo;autre. Son ascension a \u00e9t\u00e9 spectaculairement rapide, port\u00e9e par le succ\u00e8s de franchises comme <em>Dune<\/em> et <em>Wonka<\/em>, qui lui ont permis de n\u00e9gocier des r\u00e9mun\u00e9rations de premier plan.<\/p>\n<p>\u00c0 ses cachets de cin\u00e9ma s&rsquo;ajoutent des contrats publicitaires avec des marques de luxe et de parfumerie, un terrain sur lequel les acteurs les plus bankables de sa g\u00e9n\u00e9ration sont tr\u00e8s sollicit\u00e9s. Compte tenu de son jeune \u00e2ge et de la trajectoire de sa carri\u00e8re, ce montant est appel\u00e9 \u00e0 \u00e9voluer dans les ann\u00e9es \u00e0 venir.<\/p>\n<h2>Anecdotes<\/h2>\n<p>Parfaitement bilingue, Timoth\u00e9e Chalamet passe sans effort de l&rsquo;anglais au fran\u00e7ais, h\u00e9ritage direct de ses \u00e9t\u00e9s pass\u00e9s enfant dans la r\u00e9gion d&rsquo;origine de son p\u00e8re, dans le sud de la France. Il lui arrive de r\u00e9pondre en fran\u00e7ais lors d&rsquo;interviews, ce qui ravit r\u00e9guli\u00e8rement le public hexagonal qui le consid\u00e8re un peu comme l&rsquo;un des siens.<\/p>\n<p>Autre fait marquant : pour incarner Bob Dylan dans <em>A Complete Unknown<\/em>, il a pass\u00e9 plusieurs ann\u00e9es \u00e0 apprendre la guitare, l&rsquo;harmonica et le chant afin d&rsquo;interpr\u00e9ter lui-m\u00eame les morceaux \u00e0 l&rsquo;\u00e9cran, refusant le recours syst\u00e9matique au playback. Cette implication totale dans la pr\u00e9paration de ses r\u00f4les est l&rsquo;une des marques de fabrique qui expliquent la reconnaissance dont il b\u00e9n\u00e9ficie aupr\u00e8s de la critique.<\/p>\n<section style=\"margin:32px 0;font-family:-apple-system,BlinkMacSystemFont,'Segoe UI',Roboto,sans-serif;\">\n<h2 style=\"margin:0 0 18px 0;font-size:22px;font-weight:800;color:#1a1a1a;letter-spacing:-0.01em;\">Questions fr\u00e9quentes<\/h2>\n<div style=\"border-top:1px solid #d4cfc4;\">\n<details style=\"border-bottom:1px solid #d4cfc4;padding:0;\">\n<summary style=\"cursor:pointer;padding:16px 0;font-size:17px;font-weight:700;color:#1a1a1a;list-style:none;display:flex;justify-content:space-between;align-items:center;gap:14px;\">\n        <span>Quelle taille fait Timoth\u00e9e Chalamet ?<\/span><br \/>\n        <span style=\"font-size:22px;font-weight:300;color:#B11E6A;line-height:1;\">+<\/span><br \/>\n      <\/summary>\n<div style=\"padding:0 0 16px 0;font-size:15px;line-height:1.7;color:#4a4a4a;\">Timoth\u00e9e Chalamet mesure environ 1,78 m, soit 5 pieds 10 pouces. Il s&rsquo;agit d&rsquo;une estimation tir\u00e9e des donn\u00e9es publiques le concernant ; le chiffre peut l\u00e9g\u00e8rement varier selon les sources.<\/div>\n<\/details>\n<details style=\"border-bottom:1px solid #d4cfc4;padding:0;\">\n<summary style=\"cursor:pointer;padding:16px 0;font-size:17px;font-weight:700;color:#1a1a1a;list-style:none;display:flex;justify-content:space-between;align-items:center;gap:14px;\">\n        <span>Quel \u00e2ge a Timoth\u00e9e Chalamet ?<\/span><br \/>\n        <span style=\"font-size:22px;font-weight:300;color:#B11E6A;line-height:1;\">+<\/span><br \/>\n      <\/summary>\n<div style=\"padding:0 0 16px 0;font-size:15px;line-height:1.7;color:#4a4a4a;\">N\u00e9 le 27 d\u00e9cembre 1995 \u00e0 New York, Timoth\u00e9e Chalamet a 30 ans en 2026.<\/div>\n<\/details>\n<details style=\"border-bottom:1px solid #d4cfc4;padding:0;\">\n<summary style=\"cursor:pointer;padding:16px 0;font-size:17px;font-weight:700;color:#1a1a1a;list-style:none;display:flex;justify-content:space-between;align-items:center;gap:14px;\">\n        <span>Timoth\u00e9e Chalamet est-il fran\u00e7ais ?<\/span><br \/>\n        <span style=\"font-size:22px;font-weight:300;color:#B11E6A;line-height:1;\">+<\/span><br \/>\n      <\/summary>\n<div style=\"padding:0 0 16px 0;font-size:15px;line-height:1.7;color:#4a4a4a;\">Oui, en partie. Il poss\u00e8de la double nationalit\u00e9 am\u00e9ricaine et fran\u00e7aise : son p\u00e8re, Marc Chalamet, est originaire de N\u00eemes, et l&rsquo;acteur parle couramment le fran\u00e7ais.<\/div>\n<\/details>\n<details style=\"border-bottom:1px solid #d4cfc4;padding:0;\">\n<summary style=\"cursor:pointer;padding:16px 0;font-size:17px;font-weight:700;color:#1a1a1a;list-style:none;display:flex;justify-content:space-between;align-items:center;gap:14px;\">\n        <span>Qui est la compagne de Timoth\u00e9e Chalamet ?<\/span><br \/>\n        <span style=\"font-size:22px;font-weight:300;color:#B11E6A;line-height:1;\">+<\/span><br \/>\n      <\/summary>\n<div style=\"padding:0 0 16px 0;font-size:15px;line-height:1.7;color:#4a4a4a;\">Depuis le printemps 2023, Timoth\u00e9e Chalamet est en couple avec Kylie Jenner, femme d&rsquo;affaires et personnalit\u00e9 issue de la famille Kardashian-Jenner. Tous deux restent discrets sur leur relation.<\/div>\n<\/details>\n<details style=\"padding:0;\">\n<summary style=\"cursor:pointer;padding:16px 0;font-size:17px;font-weight:700;color:#1a1a1a;list-style:none;display:flex;justify-content:space-between;align-items:center;gap:14px;\">\n        <span>Quelle est la fortune de Timoth\u00e9e Chalamet ?<\/span><br \/>\n        <span style=\"font-size:22px;font-weight:300;color:#B11E6A;line-height:1;\">+<\/span><br \/>\n      <\/summary>\n<div style=\"padding:0 0 16px 0;font-size:15px;line-height:1.7;color:#4a4a4a;\">Sa fortune est estim\u00e9e \u00e0 environ 25 \u00e0 30 millions de dollars en 2026 selon les m\u00e9dias sp\u00e9cialis\u00e9s. Ce chiffre reste une estimation, les cachets r\u00e9els des acteurs n&rsquo;\u00e9tant pas publics.<\/div>\n<\/details><\/div>\n<\/section>\n<p style=\"font-size:13px;color:#6a6a6a;margin-top:32px;\">Sources : Wikip\u00e9dia et donn\u00e9es publiques. Article mis \u00e0 jour r\u00e9guli\u00e8rement.<\/p>\n","protected":false},"excerpt":{"rendered":"","protected":false},"author":43,"featured_media":999999999,"comment_status":"open","ping_status":"open","sticky":false,"template":"","format":"standard","meta":{"_acf_changed":false,"manual_indexmenow":false,"indexmenow_id_project":0,"footnotes":""},"categories":[4521],"tags":[],"class_list":["post-7939","post","type-post","status-publish","format-standard","has-post-thumbnail","hentry","category-cinema-et-television","generate-columns","tablet-grid-50","mobile-grid-100","grid-parent","grid-25"],"acf":[],"yoast_head":"<!-- This site is optimized with the Yoast SEO Premium plugin v21.3 (Yoast SEO v26.5) - https:\/\/yoast.com\/wordpress\/plugins\/seo\/ -->\n<title>Timoth\u00e9e Chalamet : taille, \u00e2ge, couple, origines et fortune<\/title>\n<meta name=\"description\" content=\"Difficile de passer \u00e0 c\u00f4t\u00e9 de Timoth\u00e9e Chalamet. En moins de dix ans, ce New-Yorkais aux origines fran\u00e7aises est devenu l&#039;un des acteurs les plus suivis\" \/>\n<meta name=\"robots\" content=\"index, follow, max-snippet:-1, max-image-preview:large, max-video-preview:-1\" \/>\n<link rel=\"canonical\" href=\"https:\/\/starstory.fr\/blog\/cinema-et-television\/timothee-chalamet-taille-age-couple-origines-et-fortune-la-fiche-compl\/\" \/>\n<meta property=\"og:locale\" content=\"fr_FR\" \/>\n<meta property=\"og:type\" content=\"article\" \/>\n<meta property=\"og:title\" content=\"Timoth\u00e9e Chalamet : taille, \u00e2ge, couple, origines et fortune\" \/>\n<meta property=\"og:description\" content=\"Difficile de passer \u00e0 c\u00f4t\u00e9 de Timoth\u00e9e Chalamet. En moins de dix ans, ce New-Yorkais aux origines fran\u00e7aises est devenu l&#039;un des acteurs les plus suivis\" \/>\n<meta property=\"og:url\" content=\"https:\/\/starstory.fr\/blog\/cinema-et-television\/timothee-chalamet-taille-age-couple-origines-et-fortune-la-fiche-compl\/\" \/>\n<meta property=\"og:site_name\" content=\"starstory\" \/>\n<meta name=\"author\" content=\"Lucas Martin\" \/>\n<meta name=\"twitter:card\" content=\"summary_large_image\" \/>\n<script type=\"application\/ld+json\" class=\"yoast-schema-graph\">{\"@context\":\"https:\/\/schema.org\",\"@graph\":[{\"@type\":\"NewsArticle\",\"@id\":\"https:\/\/starstory.fr\/blog\/cinema-et-television\/timothee-chalamet-taille-age-couple-origines-et-fortune-la-fiche-compl\/#article\",\"isPartOf\":{\"@id\":\"https:\/\/starstory.fr\/blog\/cinema-et-television\/timothee-chalamet-taille-age-couple-origines-et-fortune-la-fiche-compl\/\"},\"author\":{\"name\":\"Lucas Martin\",\"@id\":\"https:\/\/starstory.fr\/blog\/#\/schema\/person\/7460f07f6b55c3d1c9b0d5788b27d15e\"},\"headline\":\"Timoth\u00e9e Chalamet : taille, \u00e2ge, couple, origines et fortune \u2014 la fiche compl\u00e8te\",\"datePublished\":\"2026-06-05T22:31:10+00:00\",\"mainEntityOfPage\":{\"@id\":\"https:\/\/starstory.fr\/blog\/cinema-et-television\/timothee-chalamet-taille-age-couple-origines-et-fortune-la-fiche-compl\/\"},\"wordCount\":1696,\"commentCount\":0,\"publisher\":{\"@id\":\"https:\/\/starstory.fr\/blog\/#organization\"},\"image\":{\"@id\":\"https:\/\/starstory.fr\/blog\/cinema-et-television\/timothee-chalamet-taille-age-couple-origines-et-fortune-la-fiche-compl\/#primaryimage\"},\"thumbnailUrl\":\"https:\/\/images.pexels.com\/photos\/8422953\/pexels-photo-8422953.jpeg?auto=compress&cs=tinysrgb&fit=crop&h=627&w=1200\",\"articleSection\":[\"Cin\u00e9ma et T\u00e9l\u00e9vision\"],\"inLanguage\":\"fr-FR\",\"potentialAction\":[{\"@type\":\"CommentAction\",\"name\":\"Comment\",\"target\":[\"https:\/\/starstory.fr\/blog\/cinema-et-television\/timothee-chalamet-taille-age-couple-origines-et-fortune-la-fiche-compl\/#respond\"]}]},{\"@type\":\"WebPage\",\"@id\":\"https:\/\/starstory.fr\/blog\/cinema-et-television\/timothee-chalamet-taille-age-couple-origines-et-fortune-la-fiche-compl\/\",\"url\":\"https:\/\/starstory.fr\/blog\/cinema-et-television\/timothee-chalamet-taille-age-couple-origines-et-fortune-la-fiche-compl\/\",\"name\":\"Timoth\u00e9e Chalamet : taille, \u00e2ge, couple, origines et fortune\",\"isPartOf\":{\"@id\":\"https:\/\/starstory.fr\/blog\/#website\"},\"primaryImageOfPage\":{\"@id\":\"https:\/\/starstory.fr\/blog\/cinema-et-television\/timothee-chalamet-taille-age-couple-origines-et-fortune-la-fiche-compl\/#primaryimage\"},\"image\":{\"@id\":\"https:\/\/starstory.fr\/blog\/cinema-et-television\/timothee-chalamet-taille-age-couple-origines-et-fortune-la-fiche-compl\/#primaryimage\"},\"thumbnailUrl\":\"https:\/\/images.pexels.com\/photos\/8422953\/pexels-photo-8422953.jpeg?auto=compress&cs=tinysrgb&fit=crop&h=627&w=1200\",\"datePublished\":\"2026-06-05T22:31:10+00:00\",\"description\":\"Difficile de passer \u00e0 c\u00f4t\u00e9 de Timoth\u00e9e Chalamet. En moins de dix ans, ce New-Yorkais aux origines fran\u00e7aises est devenu l'un des acteurs les plus suivis\",\"inLanguage\":\"fr-FR\",\"potentialAction\":[{\"@type\":\"ReadAction\",\"target\":[\"https:\/\/starstory.fr\/blog\/cinema-et-television\/timothee-chalamet-taille-age-couple-origines-et-fortune-la-fiche-compl\/\"]}]},{\"@type\":\"ImageObject\",\"inLanguage\":\"fr-FR\",\"@id\":\"https:\/\/starstory.fr\/blog\/cinema-et-television\/timothee-chalamet-taille-age-couple-origines-et-fortune-la-fiche-compl\/#primaryimage\",\"url\":\"https:\/\/images.pexels.com\/photos\/8422953\/pexels-photo-8422953.jpeg?auto=compress&cs=tinysrgb&fit=crop&h=627&w=1200\",\"contentUrl\":\"https:\/\/images.pexels.com\/photos\/8422953\/pexels-photo-8422953.jpeg?auto=compress&cs=tinysrgb&fit=crop&h=627&w=1200\"},{\"@type\":\"WebSite\",\"@id\":\"https:\/\/starstory.fr\/blog\/#website\",\"url\":\"https:\/\/starstory.fr\/blog\/\",\"name\":\"StarStory\",\"description\":\"StarStory, les \u00e9toiles racontent leur histoire\",\"publisher\":{\"@id\":\"https:\/\/starstory.fr\/blog\/#organization\"},\"alternateName\":\"StarStory, les \u00e9toiles racontent leur histoire\",\"potentialAction\":[{\"@type\":\"SearchAction\",\"target\":{\"@type\":\"EntryPoint\",\"urlTemplate\":\"https:\/\/starstory.fr\/blog\/?s={search_term_string}\"},\"query-input\":{\"@type\":\"PropertyValueSpecification\",\"valueRequired\":true,\"valueName\":\"search_term_string\"}}],\"inLanguage\":\"fr-FR\"},{\"@type\":\"Organization\",\"@id\":\"https:\/\/starstory.fr\/blog\/#organization\",\"name\":\"StarStory\",\"alternateName\":\"StarStory.fr\",\"url\":\"https:\/\/starstory.fr\/blog\/\",\"logo\":{\"@type\":\"ImageObject\",\"inLanguage\":\"fr-FR\",\"@id\":\"https:\/\/starstory.fr\/blog\/#\/schema\/logo\/image\/\",\"url\":\"https:\/\/starstory.fr\/blog\/wp-content\/uploads\/2024\/12\/38.png\",\"contentUrl\":\"https:\/\/starstory.fr\/blog\/wp-content\/uploads\/2024\/12\/38.png\",\"width\":500,\"height\":500,\"caption\":\"StarStory\"},\"image\":{\"@id\":\"https:\/\/starstory.fr\/blog\/#\/schema\/logo\/image\/\"}},{\"@type\":\"Person\",\"@id\":\"https:\/\/starstory.fr\/blog\/#\/schema\/person\/7460f07f6b55c3d1c9b0d5788b27d15e\",\"name\":\"Lucas Martin\",\"image\":{\"@type\":\"ImageObject\",\"inLanguage\":\"fr-FR\",\"@id\":\"https:\/\/starstory.fr\/blog\/#\/schema\/person\/image\/\",\"url\":\"https:\/\/secure.gravatar.com\/avatar\/?s=96&d=mm&r=g\",\"contentUrl\":\"https:\/\/secure.gravatar.com\/avatar\/?s=96&d=mm&r=g\",\"caption\":\"Lucas Martin\"},\"description\":\"Lucas dresse le portrait des stars sportives qui ont marqu\u00e9 les diff\u00e9rentes \u00e9poques.\",\"url\":\"https:\/\/starstory.fr\/blog\/auteur\/lucas-martin\/\",\"jobTitle\":\"Contributeur high-tech\",\"email\":\"lucas.martin@lemacenligne.com\"}]}<\/script>\n<!-- \/ Yoast SEO Premium plugin. -->","yoast_head_json":{"title":"Timoth\u00e9e Chalamet : taille, \u00e2ge, couple, origines et fortune","description":"Difficile de passer \u00e0 c\u00f4t\u00e9 de Timoth\u00e9e Chalamet. En moins de dix ans, ce New-Yorkais aux origines fran\u00e7aises est devenu l'un des acteurs les plus suivis","robots":{"index":"index","follow":"follow","max-snippet":"max-snippet:-1","max-image-preview":"max-image-preview:large","max-video-preview":"max-video-preview:-1"},"canonical":"https:\/\/starstory.fr\/blog\/cinema-et-television\/timothee-chalamet-taille-age-couple-origines-et-fortune-la-fiche-compl\/","og_locale":"fr_FR","og_type":"article","og_title":"Timoth\u00e9e Chalamet : taille, \u00e2ge, couple, origines et fortune","og_description":"Difficile de passer \u00e0 c\u00f4t\u00e9 de Timoth\u00e9e Chalamet. En moins de dix ans, ce New-Yorkais aux origines fran\u00e7aises est devenu l'un des acteurs les plus suivis","og_url":"https:\/\/starstory.fr\/blog\/cinema-et-television\/timothee-chalamet-taille-age-couple-origines-et-fortune-la-fiche-compl\/","og_site_name":"starstory","author":"Lucas Martin","twitter_card":"summary_large_image","schema":{"@context":"https:\/\/schema.org","@graph":[{"@type":"NewsArticle","@id":"https:\/\/starstory.fr\/blog\/cinema-et-television\/timothee-chalamet-taille-age-couple-origines-et-fortune-la-fiche-compl\/#article","isPartOf":{"@id":"https:\/\/starstory.fr\/blog\/cinema-et-television\/timothee-chalamet-taille-age-couple-origines-et-fortune-la-fiche-compl\/"},"author":{"name":"Lucas Martin","@id":"https:\/\/starstory.fr\/blog\/#\/schema\/person\/7460f07f6b55c3d1c9b0d5788b27d15e"},"headline":"Timoth\u00e9e Chalamet : taille, \u00e2ge, couple, origines et fortune \u2014 la fiche compl\u00e8te","datePublished":"2026-06-05T22:31:10+00:00","mainEntityOfPage":{"@id":"https:\/\/starstory.fr\/blog\/cinema-et-television\/timothee-chalamet-taille-age-couple-origines-et-fortune-la-fiche-compl\/"},"wordCount":1696,"commentCount":0,"publisher":{"@id":"https:\/\/starstory.fr\/blog\/#organization"},"image":{"@id":"https:\/\/starstory.fr\/blog\/cinema-et-television\/timothee-chalamet-taille-age-couple-origines-et-fortune-la-fiche-compl\/#primaryimage"},"thumbnailUrl":"https:\/\/images.pexels.com\/photos\/8422953\/pexels-photo-8422953.jpeg?auto=compress&cs=tinysrgb&fit=crop&h=627&w=1200","articleSection":["Cin\u00e9ma et T\u00e9l\u00e9vision"],"inLanguage":"fr-FR","potentialAction":[{"@type":"CommentAction","name":"Comment","target":["https:\/\/starstory.fr\/blog\/cinema-et-television\/timothee-chalamet-taille-age-couple-origines-et-fortune-la-fiche-compl\/#respond"]}]},{"@type":"WebPage","@id":"https:\/\/starstory.fr\/blog\/cinema-et-television\/timothee-chalamet-taille-age-couple-origines-et-fortune-la-fiche-compl\/","url":"https:\/\/starstory.fr\/blog\/cinema-et-television\/timothee-chalamet-taille-age-couple-origines-et-fortune-la-fiche-compl\/","name":"Timoth\u00e9e Chalamet : taille, \u00e2ge, couple, origines et fortune","isPartOf":{"@id":"https:\/\/starstory.fr\/blog\/#website"},"primaryImageOfPage":{"@id":"https:\/\/starstory.fr\/blog\/cinema-et-television\/timothee-chalamet-taille-age-couple-origines-et-fortune-la-fiche-compl\/#primaryimage"},"image":{"@id":"https:\/\/starstory.fr\/blog\/cinema-et-television\/timothee-chalamet-taille-age-couple-origines-et-fortune-la-fiche-compl\/#primaryimage"},"thumbnailUrl":"https:\/\/images.pexels.com\/photos\/8422953\/pexels-photo-8422953.jpeg?auto=compress&cs=tinysrgb&fit=crop&h=627&w=1200","datePublished":"2026-06-05T22:31:10+00:00","description":"Difficile de passer \u00e0 c\u00f4t\u00e9 de Timoth\u00e9e Chalamet. En moins de dix ans, ce New-Yorkais aux origines fran\u00e7aises est devenu l'un des acteurs les plus suivis","inLanguage":"fr-FR","potentialAction":[{"@type":"ReadAction","target":["https:\/\/starstory.fr\/blog\/cinema-et-television\/timothee-chalamet-taille-age-couple-origines-et-fortune-la-fiche-compl\/"]}]},{"@type":"ImageObject","inLanguage":"fr-FR","@id":"https:\/\/starstory.fr\/blog\/cinema-et-television\/timothee-chalamet-taille-age-couple-origines-et-fortune-la-fiche-compl\/#primaryimage","url":"https:\/\/images.pexels.com\/photos\/8422953\/pexels-photo-8422953.jpeg?auto=compress&cs=tinysrgb&fit=crop&h=627&w=1200","contentUrl":"https:\/\/images.pexels.com\/photos\/8422953\/pexels-photo-8422953.jpeg?auto=compress&cs=tinysrgb&fit=crop&h=627&w=1200"},{"@type":"WebSite","@id":"https:\/\/starstory.fr\/blog\/#website","url":"https:\/\/starstory.fr\/blog\/","name":"StarStory","description":"StarStory, les \u00e9toiles racontent leur histoire","publisher":{"@id":"https:\/\/starstory.fr\/blog\/#organization"},"alternateName":"StarStory, les \u00e9toiles racontent leur histoire","potentialAction":[{"@type":"SearchAction","target":{"@type":"EntryPoint","urlTemplate":"https:\/\/starstory.fr\/blog\/?s={search_term_string}"},"query-input":{"@type":"PropertyValueSpecification","valueRequired":true,"valueName":"search_term_string"}}],"inLanguage":"fr-FR"},{"@type":"Organization","@id":"https:\/\/starstory.fr\/blog\/#organization","name":"StarStory","alternateName":"StarStory.fr","url":"https:\/\/starstory.fr\/blog\/","logo":{"@type":"ImageObject","inLanguage":"fr-FR","@id":"https:\/\/starstory.fr\/blog\/#\/schema\/logo\/image\/","url":"https:\/\/starstory.fr\/blog\/wp-content\/uploads\/2024\/12\/38.png","contentUrl":"https:\/\/starstory.fr\/blog\/wp-content\/uploads\/2024\/12\/38.png","width":500,"height":500,"caption":"StarStory"},"image":{"@id":"https:\/\/starstory.fr\/blog\/#\/schema\/logo\/image\/"}},{"@type":"Person","@id":"https:\/\/starstory.fr\/blog\/#\/schema\/person\/7460f07f6b55c3d1c9b0d5788b27d15e","name":"Lucas Martin","image":{"@type":"ImageObject","inLanguage":"fr-FR","@id":"https:\/\/starstory.fr\/blog\/#\/schema\/person\/image\/","url":"https:\/\/secure.gravatar.com\/avatar\/?s=96&d=mm&r=g","contentUrl":"https:\/\/secure.gravatar.com\/avatar\/?s=96&d=mm&r=g","caption":"Lucas Martin"},"description":"Lucas dresse le portrait des stars sportives qui ont marqu\u00e9 les diff\u00e9rentes \u00e9poques.","url":"https:\/\/starstory.fr\/blog\/auteur\/lucas-martin\/","jobTitle":"Contributeur high-tech","email":"lucas.martin@lemacenligne.com"}]}},"_links":{"self":[{"href":"https:\/\/starstory.fr\/blog\/wp-json\/wp\/v2\/posts\/7939","targetHints":{"allow":["GET"]}}],"collection":[{"href":"https:\/\/starstory.fr\/blog\/wp-json\/wp\/v2\/posts"}],"about":[{"href":"https:\/\/starstory.fr\/blog\/wp-json\/wp\/v2\/types\/post"}],"author":[{"embeddable":true,"href":"https:\/\/starstory.fr\/blog\/wp-json\/wp\/v2\/users\/43"}],"replies":[{"embeddable":true,"href":"https:\/\/starstory.fr\/blog\/wp-json\/wp\/v2\/comments?post=7939"}],"version-history":[{"count":0,"href":"https:\/\/starstory.fr\/blog\/wp-json\/wp\/v2\/posts\/7939\/revisions"}],"wp:attachment":[{"href":"https:\/\/starstory.fr\/blog\/wp-json\/wp\/v2\/media?parent=7939"}],"wp:term":[{"taxonomy":"category","embeddable":true,"href":"https:\/\/starstory.fr\/blog\/wp-json\/wp\/v2\/categories?post=7939"},{"taxonomy":"post_tag","embeddable":true,"href":"https:\/\/starstory.fr\/blog\/wp-json\/wp\/v2\/tags?post=7939"}],"curies":[{"name":"wp","href":"https:\/\/api.w.org\/{rel}","templated":true}]}}