{"id":7938,"date":"2026-06-06T00:30:56","date_gmt":"2026-06-05T22:30:56","guid":{"rendered":"https:\/\/starstory.fr\/blog\/musique-et-icones-musicales\/dua-lipa-taille-age-origines-couple-et-fortune-la-fiche-complete\/"},"modified":"2026-06-06T00:30:56","modified_gmt":"2026-06-05T22:30:56","slug":"dua-lipa-taille-age-origines-couple-et-fortune-la-fiche-complete","status":"publish","type":"post","link":"https:\/\/starstory.fr\/blog\/musique-et-icones-musicales\/dua-lipa-taille-age-origines-couple-et-fortune-la-fiche-complete\/","title":{"rendered":"Dua Lipa : taille, \u00e2ge, origines, couple et fortune \u2014 la fiche compl\u00e8te"},"content":{"rendered":"<aside style=\"background:#FBEAF2;border-left:5px solid #B11E6A;padding:22px 28px;margin:24px 0;font-family:-apple-system,BlinkMacSystemFont,'Segoe UI',Roboto,sans-serif;\">\n<div style=\"margin:0;font-size:19px;line-height:1.55;color:#2a2a2a;font-weight:500;letter-spacing:-0.005em;\">\n    Dua Lipa mesure environ 1,73 m, elle a 30 ans (n\u00e9e le 22 ao\u00fbt 1995 \u00e0 Londres) et grandit dans une famille kosovare-albanaise originaire de Pristina. Star plan\u00e9taire de la pop avec \u00ab Levitating \u00bb et \u00ab Houdini \u00bb, elle a \u00e9pous\u00e9 l&rsquo;acteur Callum Turner le 31 mai 2026. Voici la fiche compl\u00e8te, v\u00e9rifi\u00e9e et mise \u00e0 jour.\n  <\/div>\n<\/aside>\n<p>Difficile d&rsquo;imaginer la pop des ann\u00e9es 2020 sans Dua Lipa. En moins d&rsquo;une d\u00e9cennie, la Londonienne aux racines balkaniques est pass\u00e9e du statut de jeune espoir sign\u00e9 sur un label \u00e0 celui d&rsquo;ic\u00f4ne mondiale, capable d&rsquo;imposer un tube disco-pop comme \u00ab Don&rsquo;t Start Now \u00bb puis de r\u00e9\u00e9diter l&rsquo;exploit avec \u00ab Houdini \u00bb. Mais derri\u00e8re les projecteurs, beaucoup de fans cherchent les informations basiques : sa taille r\u00e9elle, son \u00e2ge exact, ses v\u00e9ritables origines, son couple et l&rsquo;ampleur de sa fortune. Cette fiche evergreen rassemble tout ce que l&rsquo;on sait de mani\u00e8re v\u00e9rifi\u00e9e.<\/p>\n<figure style=\"margin:28px 0;font-family:-apple-system,BlinkMacSystemFont,'Segoe UI',Roboto,sans-serif;\">\n<div style=\"overflow-x:auto;border:1px solid #e5e5e0;border-radius:8px;\">\n<table style=\"width:100%;border-collapse:collapse;font-size:14px;color:#2a2a2a;min-width:500px;\">\n<thead>\n<tr style=\"background:#1a1a1a;color:#fff;\">\n<th style=\"text-align:left;padding:14px 18px;font-weight:700;font-size:12px;text-transform:uppercase;letter-spacing:1.5px;\">Carte d&rsquo;identit\u00e9<\/th>\n<th style=\"text-align:left;padding:14px 18px;font-weight:700;font-size:12px;text-transform:uppercase;letter-spacing:1.5px;\">Information<\/th>\n<\/tr>\n<\/thead>\n<tbody>\n<tr style=\"background:#fff;border-bottom:1px solid #f0ede5;\">\n<td style=\"padding:14px 18px;font-weight:600;\">Nom complet<\/td>\n<td style=\"padding:14px 18px;color:#4a4a4a;\">Dua Lipa<\/td>\n<\/tr>\n<tr style=\"background:#fafaf7;border-bottom:1px solid #f0ede5;\">\n<td style=\"padding:14px 18px;font-weight:600;\">Naissance<\/td>\n<td style=\"padding:14px 18px;color:#4a4a4a;\">22 ao\u00fbt 1995, \u00e0 Londres (Angleterre)<\/td>\n<\/tr>\n<tr style=\"background:#fff;border-bottom:1px solid #f0ede5;\">\n<td style=\"padding:14px 18px;font-weight:600;\">\u00c2ge<\/td>\n<td style=\"padding:14px 18px;color:#4a4a4a;\">30 ans (en 2026)<\/td>\n<\/tr>\n<tr style=\"background:#fafaf7;border-bottom:1px solid #f0ede5;\">\n<td style=\"padding:14px 18px;font-weight:600;\">Taille<\/td>\n<td style=\"padding:14px 18px;color:#4a4a4a;\">Environ 1,73 m<\/td>\n<\/tr>\n<tr style=\"background:#fff;border-bottom:1px solid #f0ede5;\">\n<td style=\"padding:14px 18px;font-weight:600;\">Nationalit\u00e9<\/td>\n<td style=\"padding:14px 18px;color:#4a4a4a;\">Britannique (aussi albanaise et kosovare)<\/td>\n<\/tr>\n<tr style=\"background:#fafaf7;border-bottom:1px solid #f0ede5;\">\n<td style=\"padding:14px 18px;font-weight:600;\">Origines<\/td>\n<td style=\"padding:14px 18px;color:#4a4a4a;\">Famille kosovare-albanaise (Pristina)<\/td>\n<\/tr>\n<tr style=\"background:#fff;border-bottom:1px solid #f0ede5;\">\n<td style=\"padding:14px 18px;font-weight:600;\">Profession<\/td>\n<td style=\"padding:14px 18px;color:#4a4a4a;\">Chanteuse, autrice-compositrice<\/td>\n<\/tr>\n<tr style=\"background:#fafaf7;\">\n<td style=\"padding:14px 18px;font-weight:600;\">R\u00e9compenses<\/td>\n<td style=\"padding:14px 18px;color:#4a4a4a;\">3 Grammy Awards, 6 Brit Awards<\/td>\n<\/tr>\n<\/tbody>\n<\/table><\/div>\n<\/figure>\n<h2>Bio et d\u00e9buts : de Londres au Kosovo, puis retour<\/h2>\n<p>Dua Lipa na\u00eet le 22 ao\u00fbt 1995 \u00e0 Londres, dans le quartier de Westminster. Elle est l&rsquo;a\u00een\u00e9e d&rsquo;une fratrie de trois enfants. Son pr\u00e9nom, \u00ab Dua \u00bb, signifie \u00ab amour \u00bb en albanais \u2014 un clin d&rsquo;\u0153il aux racines familiales qui marqueront toute son identit\u00e9 publique.<\/p>\n<p>Ses parents, Dukagjin et Anesa Lipa, sont des Kosovars d&rsquo;origine albanaise install\u00e9s \u00e0 Londres. La famille a quitt\u00e9 Pristina dans le contexte des tensions des ann\u00e9es 1990 dans l&rsquo;ex-Yougoslavie. Le p\u00e8re, ancien chanteur du groupe rock Oda devenu professionnel du marketing, transmet \u00e0 sa fille le go\u00fbt de la musique : tr\u00e8s t\u00f4t, Dua \u00e9coute aussi bien Sting et David Bowie que les voix soul qui forgeront plus tard son timbre grave si reconnaissable.<\/p>\n<p>En 2008, alors qu&rsquo;elle a une dizaine d&rsquo;ann\u00e9es, la famille retourne vivre au Kosovo, devenu ind\u00e9pendant. Mais l&rsquo;adolescente, d\u00e9termin\u00e9e \u00e0 percer dans la musique, convainc ses parents de la laisser repartir seule \u00e0 Londres vers 15 ans pour poursuivre ses \u00e9tudes et tenter sa chance. Elle encha\u00eene alors petits boulots, reprises post\u00e9es en ligne et castings, avant d&rsquo;\u00eatre rep\u00e9r\u00e9e et de signer son premier contrat discographique.<\/p>\n<aside style=\"background:#FBEAF2;border-left:4px solid #B11E6A;padding:14px 18px;margin:18px 0;border-radius:0 4px 4px 0;font-family:-apple-system,BlinkMacSystemFont,'Segoe UI',Roboto,sans-serif;\">\n  <strong style=\"display:inline-block;color:#B11E6A;font-size:12px;text-transform:uppercase;letter-spacing:1.5px;margin-right:8px;\">&#10022; Bon \u00e0 savoir<\/strong><br \/>\n  <span style=\"font-size:14.5px;line-height:1.55;color:#3a3a3a;\">Avant la gloire, Dua Lipa a aussi travaill\u00e9 comme mannequin et a post\u00e9 des reprises sur YouTube, une strat\u00e9gie d&rsquo;exposition typique de sa g\u00e9n\u00e9ration d&rsquo;artistes.<\/span><br \/>\n<\/aside>\n<h2>Carri\u00e8re et tubes : trois albums, une signature pop<\/h2>\n<p>Dua Lipa publie son premier album \u00e9ponyme, <em>Dua Lipa<\/em>, en 2017. Port\u00e9 par le tube \u00ab New Rules \u00bb, hymne d&rsquo;\u00e9mancipation devenu num\u00e9ro un au Royaume-Uni, le disque la propulse parmi les nouvelles voix incontournables de la pop. Elle remporte dans la foul\u00e9e deux Brit Awards, dont celui de la r\u00e9v\u00e9lation.<\/p>\n<p>Le v\u00e9ritable tournant arrive en 2020 avec <em>Future Nostalgia<\/em>. En pleine pand\u00e9mie, cet album disco-pop solaire devient un ph\u00e9nom\u00e8ne mondial gr\u00e2ce \u00e0 \u00ab Don&rsquo;t Start Now \u00bb, \u00ab Physical \u00bb et surtout \u00ab Levitating \u00bb, l&rsquo;un des titres les plus stream\u00e9s de la d\u00e9cennie. L&rsquo;opus lui vaut le Grammy du meilleur album pop vocal et installe durablement son esth\u00e9tique r\u00e9tro-futuriste.<\/p>\n<p>En 2024, elle confirme avec <em>Radical Optimism<\/em>, pr\u00e9c\u00e9d\u00e9 du single \u00ab Houdini \u00bb. Le projet prolonge sa veine dansante tout en explorant des sonorit\u00e9s plus psych\u00e9-pop, accompagn\u00e9 d&rsquo;une tourn\u00e9e mondiale de grande ampleur.<\/p>\n<div style=\"display:grid;grid-template-columns:repeat(auto-fit,minmax(220px,1fr));gap:14px;margin:28px 0;font-family:-apple-system,BlinkMacSystemFont,'Segoe UI',Roboto,sans-serif;\">\n<article style=\"background:#fff;border:1px solid #e5e5e0;border-top:3px solid #B11E6A;border-radius:6px;padding:18px 18px 16px;\">\n<div style=\"width:36px;height:36px;background:#FBEAF2;border-radius:50%;display:inline-flex;align-items:center;justify-content:center;margin-bottom:12px;\">\n      <span style=\"font-size:18px;color:#B11E6A;font-weight:900;font-family:Georgia,serif;\">01<\/span>\n    <\/div>\n<h3 style=\"margin:0 0 6px 0;font-size:16px;font-weight:700;color:#1a1a1a;letter-spacing:-0.01em;\">Dua Lipa (2017)<\/h3>\n<div style=\"margin:0;font-size:13.5px;line-height:1.55;color:#4a4a4a;\">Premier album, r\u00e9v\u00e9l\u00e9 par \u00ab New Rules \u00bb, num\u00e9ro un au Royaume-Uni.<\/div>\n<\/article>\n<article style=\"background:#fff;border:1px solid #e5e5e0;border-top:3px solid #B11E6A;border-radius:6px;padding:18px 18px 16px;\">\n<div style=\"width:36px;height:36px;background:#FBEAF2;border-radius:50%;display:inline-flex;align-items:center;justify-content:center;margin-bottom:12px;\">\n      <span style=\"font-size:18px;color:#B11E6A;font-weight:900;font-family:Georgia,serif;\">02<\/span>\n    <\/div>\n<h3 style=\"margin:0 0 6px 0;font-size:16px;font-weight:700;color:#1a1a1a;letter-spacing:-0.01em;\">Future Nostalgia (2020)<\/h3>\n<div style=\"margin:0;font-size:13.5px;line-height:1.55;color:#4a4a4a;\">Le triomphe disco-pop : \u00ab Levitating \u00bb, \u00ab Don&rsquo;t Start Now \u00bb, un Grammy \u00e0 la cl\u00e9.<\/div>\n<\/article>\n<article style=\"background:#fff;border:1px solid #e5e5e0;border-top:3px solid #B11E6A;border-radius:6px;padding:18px 18px 16px;\">\n<div style=\"width:36px;height:36px;background:#FBEAF2;border-radius:50%;display:inline-flex;align-items:center;justify-content:center;margin-bottom:12px;\">\n      <span style=\"font-size:18px;color:#B11E6A;font-weight:900;font-family:Georgia,serif;\">03<\/span>\n    <\/div>\n<h3 style=\"margin:0 0 6px 0;font-size:16px;font-weight:700;color:#1a1a1a;letter-spacing:-0.01em;\">Radical Optimism (2024)<\/h3>\n<div style=\"margin:0;font-size:13.5px;line-height:1.55;color:#4a4a4a;\">Le troisi\u00e8me opus, lanc\u00e9 par \u00ab Houdini \u00bb et une grande tourn\u00e9e mondiale.<\/div>\n<\/article>\n<\/div>\n<figure style=\"margin:32px 0;padding:0;font-family:-apple-system,BlinkMacSystemFont,'Segoe UI',Roboto,sans-serif;\">\n<div style=\"display:grid;grid-template-columns:repeat(auto-fit,minmax(140px,1fr));background:#1a1a1a;border-radius:6px;overflow:hidden;\">\n<div style=\"padding:22px 16px;text-align:center;border-right:1px solid #2f2f2f;\">\n<div style=\"font-size:36px;font-weight:900;color:#fff;letter-spacing:-0.04em;font-feature-settings:'tnum';line-height:1;\">3<\/div>\n<div style=\"font-size:11px;text-transform:uppercase;letter-spacing:1.5px;color:#9a9a9a;margin-top:8px;\">albums studio<\/div>\n<\/p><\/div>\n<div style=\"padding:22px 16px;text-align:center;border-right:1px solid #2f2f2f;\">\n<div style=\"font-size:36px;font-weight:900;color:#fff;letter-spacing:-0.04em;font-feature-settings:'tnum';line-height:1;\">3<\/div>\n<div style=\"font-size:11px;text-transform:uppercase;letter-spacing:1.5px;color:#9a9a9a;margin-top:8px;\">Grammy Awards<\/div>\n<\/p><\/div>\n<div style=\"padding:22px 16px;text-align:center;\">\n<div style=\"font-size:36px;font-weight:900;color:#B11E6A;letter-spacing:-0.04em;font-feature-settings:'tnum';line-height:1;\">6<\/div>\n<div style=\"font-size:11px;text-transform:uppercase;letter-spacing:1.5px;color:#9a9a9a;margin-top:8px;\">Brit Awards<\/div>\n<\/p><\/div>\n<\/p><\/div><figcaption style=\"font-size:11px;color:#7a7a7a;margin-top:8px;text-align:right;letter-spacing:0.3px;\">Donn\u00e9es indicatives \u2014 voir sources en fin d&rsquo;article.<\/figcaption><\/figure>\n<h2>Taille et physique : combien mesure Dua Lipa ?<\/h2>\n<p>C&rsquo;est l&rsquo;une des questions les plus recherch\u00e9es \u00e0 son sujet : <strong>Dua Lipa mesure environ 1,73 m<\/strong> (soit 5 pieds 8 pouces dans le syst\u00e8me anglo-saxon). Une taille au-dessus de la moyenne qui, combin\u00e9e \u00e0 une pr\u00e9sence sc\u00e9nique magn\u00e9tique, explique aussi son passage par le mannequinat avant sa carri\u00e8re musicale.<\/p>\n<p>Comme pour toute c\u00e9l\u00e9brit\u00e9, ce chiffre rel\u00e8ve des donn\u00e9es publiques relay\u00e9es par les m\u00e9dias et peut varier de un \u00e0 deux centim\u00e8tres selon les sources. Il sert surtout de rep\u00e8re : Dua Lipa fait partie des artistes pop \u00e0 la silhouette \u00e9lanc\u00e9e, ce qui nourrit r\u00e9guli\u00e8rement les commentaires sur ses tenues de sc\u00e8ne et ses choix de mode tr\u00e8s suivis.<\/p>\n<aside style=\"background:#fff7e0;border-left:4px solid #d4a017;padding:14px 18px;margin:18px 0;border-radius:0 4px 4px 0;font-family:-apple-system,BlinkMacSystemFont,'Segoe UI',Roboto,sans-serif;\">\n  <strong style=\"display:inline-block;color:#7a5e00;font-size:12px;text-transform:uppercase;letter-spacing:1.5px;margin-right:8px;\">&#128161; Rep\u00e8re<\/strong><br \/>\n  <span style=\"font-size:14.5px;line-height:1.55;color:#3a3a3a;\">1,73 m place Dua Lipa parmi les chanteuses pop les plus grandes de sa g\u00e9n\u00e9ration, un atout pour ses performances sc\u00e9niques et ses collaborations mode.<\/span><br \/>\n<\/aside>\n<h2>Vie priv\u00e9e et couple : Callum Turner, son mari<\/h2>\n<p>C\u00f4t\u00e9 c\u0153ur, Dua Lipa a longtemps \u00e9t\u00e9 l&rsquo;une des c\u00e9l\u00e9brit\u00e9s les plus scrut\u00e9es. Apr\u00e8s plusieurs relations m\u00e9diatis\u00e9es au d\u00e9but de sa carri\u00e8re, elle officialise sa romance avec l&rsquo;acteur britannique <strong>Callum Turner<\/strong> (vu dans <em>Fantastic Beasts<\/em> et <em>Masters of the Air<\/em>). Leur histoire d\u00e9bute, selon le r\u00e9cit qu&rsquo;elle en a fait, autour d&rsquo;un livre \u2014 la chanteuse \u00e9tant aussi connue pour son club de lecture <em>Service95<\/em>.<\/p>\n<p>Le couple se fiance en 2025, puis se marie le <strong>31 mai 2026<\/strong> \u00e0 Londres, lors d&rsquo;une c\u00e9r\u00e9monie civile tr\u00e8s comment\u00e9e pour son \u00e9l\u00e9gance sobre. Callum Turner est donc aujourd&rsquo;hui son \u00e9poux. Discr\u00e8te sur les d\u00e9tails de son intimit\u00e9, Dua Lipa partage n\u00e9anmoins r\u00e9guli\u00e8rement des moments choisis sur ses r\u00e9seaux, o\u00f9 elle est suivie par des dizaines de millions d&rsquo;abonn\u00e9s.<\/p>\n<figure style=\"margin:38px auto;padding:28px 24px;text-align:center;border-top:1px solid #2a2a2a;border-bottom:1px solid #2a2a2a;max-width:640px;position:relative;font-family:Georgia,'Hoefler Text',serif;\">\n<div style=\"position:absolute;top:-20px;left:50%;transform:translateX(-50%);background:#ffffff;padding:0 14px;font-size:48px;line-height:1;color:#B11E6A;font-family:Georgia,serif;\">&laquo;<\/div>\n<blockquote style=\"margin:0;padding:0;font-size:24px;line-height:1.45;font-style:italic;color:#1a1a1a;letter-spacing:-0.005em;\"><p>\n    Mon pr\u00e9nom veut dire \u00ab amour \u00bb en albanais : c&rsquo;est un h\u00e9ritage que je porte avec fiert\u00e9 partout o\u00f9 je vais.<br \/>\n  <\/blockquote><figcaption style=\"margin-top:14px;font-size:12px;text-transform:uppercase;letter-spacing:2px;color:#6a6a6a;font-family:-apple-system,sans-serif;font-style:normal;\">\u2014 Esprit des propos publics de Dua Lipa sur ses racines<\/figcaption><\/figure>\n<h2>Fortune estim\u00e9e : une artiste richissime<\/h2>\n<p>Le succ\u00e8s commercial de Dua Lipa s&rsquo;est traduit par une fortune consid\u00e9rable. En 2024, elle est entr\u00e9e dans le c\u00e9l\u00e8bre <em>Sunday Times Rich List<\/em>, avec un patrimoine estim\u00e9 \u00e0 <strong>environ 90 millions de livres sterling<\/strong> (autour de 105 millions d&rsquo;euros selon les conversions). Une estimation qui la classe parmi les plus jeunes self-made millionnaires de la musique britannique.<\/p>\n<p>Cette fortune provient de plusieurs sources : ventes et streams de ses albums, tourn\u00e9es mondiales \u00e0 guichets ferm\u00e9s, contrats publicitaires de prestige (notamment dans la mode et le luxe), ainsi que ses activit\u00e9s \u00e9ditoriales avec sa plateforme <em>Service95<\/em>. Comme toujours pour les c\u00e9l\u00e9brit\u00e9s, ces chiffres restent des estimations de presse et peuvent \u00e9voluer d&rsquo;une ann\u00e9e \u00e0 l&rsquo;autre.<\/p>\n<aside style=\"background:#FBEAF2;border:1px solid #f3cce0;border-radius:8px;padding:24px 26px 26px;margin:28px 0;font-family:-apple-system,BlinkMacSystemFont,'Segoe UI',Roboto,sans-serif;\">\n<div style=\"margin:0 0 18px 0;font-size:11px;font-weight:700;text-transform:uppercase;letter-spacing:2.2px;color:#B11E6A;\">\u00c0 retenir<\/div>\n<div style=\"display:grid;grid-template-columns:repeat(auto-fit,minmax(240px,1fr));gap:10px;\">\n<div style=\"display:flex;gap:12px;background:#fff;border:1px solid #f0d6e3;padding:12px 14px;border-radius:6px;align-items:flex-start;\">\n      <span style=\"flex:0 0 26px;width:26px;height:26px;background:#B11E6A;color:#fff;border-radius:50%;display:inline-flex;align-items:center;justify-content:center;font-size:12px;font-weight:700;\">1<\/span><br \/>\n      <span style=\"font-size:14px;line-height:1.5;color:#2a2a2a;\">N\u00e9e \u00e0 Londres le 22 ao\u00fbt 1995, 30 ans en 2026.<\/span>\n    <\/div>\n<div style=\"display:flex;gap:12px;background:#fff;border:1px solid #f0d6e3;padding:12px 14px;border-radius:6px;align-items:flex-start;\">\n      <span style=\"flex:0 0 26px;width:26px;height:26px;background:#B11E6A;color:#fff;border-radius:50%;display:inline-flex;align-items:center;justify-content:center;font-size:12px;font-weight:700;\">2<\/span><br \/>\n      <span style=\"font-size:14px;line-height:1.5;color:#2a2a2a;\">Origines kosovares-albanaises (famille de Pristina).<\/span>\n    <\/div>\n<div style=\"display:flex;gap:12px;background:#fff;border:1px solid #f0d6e3;padding:12px 14px;border-radius:6px;align-items:flex-start;\">\n      <span style=\"flex:0 0 26px;width:26px;height:26px;background:#B11E6A;color:#fff;border-radius:50%;display:inline-flex;align-items:center;justify-content:center;font-size:12px;font-weight:700;\">3<\/span><br \/>\n      <span style=\"font-size:14px;line-height:1.5;color:#2a2a2a;\">Taille d&rsquo;environ 1,73 m.<\/span>\n    <\/div>\n<div style=\"display:flex;gap:12px;background:#fff;border:1px solid #f0d6e3;padding:12px 14px;border-radius:6px;align-items:flex-start;\">\n      <span style=\"flex:0 0 26px;width:26px;height:26px;background:#B11E6A;color:#fff;border-radius:50%;display:inline-flex;align-items:center;justify-content:center;font-size:12px;font-weight:700;\">4<\/span><br \/>\n      <span style=\"font-size:14px;line-height:1.5;color:#2a2a2a;\">Mari\u00e9e \u00e0 l&rsquo;acteur Callum Turner depuis le 31 mai 2026.<\/span>\n    <\/div>\n<div style=\"display:flex;gap:12px;background:#fff;border:1px solid #f0d6e3;padding:12px 14px;border-radius:6px;align-items:flex-start;\">\n      <span style=\"flex:0 0 26px;width:26px;height:26px;background:#B11E6A;color:#fff;border-radius:50%;display:inline-flex;align-items:center;justify-content:center;font-size:12px;font-weight:700;\">5<\/span><br \/>\n      <span style=\"font-size:14px;line-height:1.5;color:#2a2a2a;\">Fortune estim\u00e9e \u00e0 environ 90 millions de livres (2024).<\/span>\n    <\/div>\n<\/p><\/div>\n<\/aside>\n<h2>Anecdotes sur Dua Lipa<\/h2>\n<p>Au-del\u00e0 des chiffres, plusieurs faits \u00e9clairent son parcours singulier. Engag\u00e9e pour ses racines, elle a obtenu la nationalit\u00e9 albanaise puis kosovare et a cr\u00e9\u00e9 le festival <em>Sunny Hill<\/em> \u00e0 Pristina pour soutenir la sc\u00e8ne culturelle locale. Polyglotte, elle s&rsquo;exprime en anglais et en albanais.<\/p>\n<p>Elle a aussi d\u00e9velopp\u00e9 une image d&rsquo;artiste lettr\u00e9e et curieuse, avec sa newsletter et son club de lecture <em>Service95<\/em>, o\u00f9 elle partage recommandations litt\u00e9raires, voyages et interviews. C\u00f4t\u00e9 distinctions, son nom figure r\u00e9guli\u00e8rement dans les classements des personnalit\u00e9s les plus influentes, signe d&rsquo;un rayonnement qui d\u00e9passe le seul cadre musical.<\/p>\n<aside style=\"background:#FBEAF2;border-left:4px solid #B11E6A;padding:14px 18px;margin:18px 0;border-radius:0 4px 4px 0;font-family:-apple-system,BlinkMacSystemFont,'Segoe UI',Roboto,sans-serif;\">\n  <strong style=\"display:inline-block;color:#B11E6A;font-size:12px;text-transform:uppercase;letter-spacing:1.5px;margin-right:8px;\">&#10022; Le saviez-vous ?<\/strong><br \/>\n  <span style=\"font-size:14.5px;line-height:1.55;color:#3a3a3a;\">Le festival Sunny Hill, qu&rsquo;elle co-organise au Kosovo, reverse une partie de ses recettes \u00e0 des actions caritatives en faveur de la jeunesse locale.<\/span><br \/>\n<\/aside>\n<section style=\"margin:32px 0;font-family:-apple-system,BlinkMacSystemFont,'Segoe UI',Roboto,sans-serif;\">\n<h2 style=\"margin:0 0 18px 0;font-size:22px;font-weight:800;color:#1a1a1a;letter-spacing:-0.01em;\">Questions fr\u00e9quentes<\/h2>\n<div style=\"border-top:1px solid #d4cfc4;\">\n<details style=\"border-bottom:1px solid #d4cfc4;padding:0;\">\n<summary style=\"cursor:pointer;padding:16px 0;font-size:17px;font-weight:700;color:#1a1a1a;list-style:none;display:flex;justify-content:space-between;align-items:center;gap:14px;\">\n        <span>Quelle taille fait Dua Lipa ?<\/span><br \/>\n        <span style=\"font-size:22px;font-weight:300;color:#B11E6A;line-height:1;\">+<\/span><br \/>\n      <\/summary>\n<div style=\"padding:0 0 16px 0;font-size:15px;line-height:1.7;color:#4a4a4a;\">Dua Lipa mesure environ 1,73 m (5 pieds 8 pouces). Ce chiffre, issu des donn\u00e9es publiques, peut varier l\u00e9g\u00e8rement selon les sources, mais la situe parmi les chanteuses pop les plus grandes de sa g\u00e9n\u00e9ration.<\/div>\n<\/details>\n<details style=\"border-bottom:1px solid #d4cfc4;padding:0;\">\n<summary style=\"cursor:pointer;padding:16px 0;font-size:17px;font-weight:700;color:#1a1a1a;list-style:none;display:flex;justify-content:space-between;align-items:center;gap:14px;\">\n        <span>Quel \u00e2ge a Dua Lipa ?<\/span><br \/>\n        <span style=\"font-size:22px;font-weight:300;color:#B11E6A;line-height:1;\">+<\/span><br \/>\n      <\/summary>\n<div style=\"padding:0 0 16px 0;font-size:15px;line-height:1.7;color:#4a4a4a;\">N\u00e9e le 22 ao\u00fbt 1995 \u00e0 Londres, Dua Lipa a 30 ans en 2026. Elle a perc\u00e9 tr\u00e8s jeune, son premier album \u00e9tant sorti alors qu&rsquo;elle avait \u00e0 peine 22 ans.<\/div>\n<\/details>\n<details style=\"border-bottom:1px solid #d4cfc4;padding:0;\">\n<summary style=\"cursor:pointer;padding:16px 0;font-size:17px;font-weight:700;color:#1a1a1a;list-style:none;display:flex;justify-content:space-between;align-items:center;gap:14px;\">\n        <span>Quelles sont les origines de Dua Lipa ?<\/span><br \/>\n        <span style=\"font-size:22px;font-weight:300;color:#B11E6A;line-height:1;\">+<\/span><br \/>\n      <\/summary>\n<div style=\"padding:0 0 16px 0;font-size:15px;line-height:1.7;color:#4a4a4a;\">N\u00e9e \u00e0 Londres, Dua Lipa est issue d&rsquo;une famille kosovare d&rsquo;origine albanaise, originaire de Pristina. Ses parents avaient quitt\u00e9 le Kosovo dans les ann\u00e9es 1990. Elle poss\u00e8de aujourd&rsquo;hui les nationalit\u00e9s britannique, albanaise et kosovare.<\/div>\n<\/details>\n<details style=\"border-bottom:1px solid #d4cfc4;padding:0;\">\n<summary style=\"cursor:pointer;padding:16px 0;font-size:17px;font-weight:700;color:#1a1a1a;list-style:none;display:flex;justify-content:space-between;align-items:center;gap:14px;\">\n        <span>Qui est le compagnon de Dua Lipa ?<\/span><br \/>\n        <span style=\"font-size:22px;font-weight:300;color:#B11E6A;line-height:1;\">+<\/span><br \/>\n      <\/summary>\n<div style=\"padding:0 0 16px 0;font-size:15px;line-height:1.7;color:#4a4a4a;\">Dua Lipa est mari\u00e9e \u00e0 l&rsquo;acteur britannique Callum Turner depuis le 31 mai 2026. Le couple, fianc\u00e9 en 2025, s&rsquo;est uni lors d&rsquo;une c\u00e9r\u00e9monie civile \u00e0 Londres.<\/div>\n<\/details>\n<details style=\"padding:0;\">\n<summary style=\"cursor:pointer;padding:16px 0;font-size:17px;font-weight:700;color:#1a1a1a;list-style:none;display:flex;justify-content:space-between;align-items:center;gap:14px;\">\n        <span>Quelle est la fortune de Dua Lipa ?<\/span><br \/>\n        <span style=\"font-size:22px;font-weight:300;color:#B11E6A;line-height:1;\">+<\/span><br \/>\n      <\/summary>\n<div style=\"padding:0 0 16px 0;font-size:15px;line-height:1.7;color:#4a4a4a;\">Sa fortune est estim\u00e9e \u00e0 environ 90 millions de livres sterling, selon le Sunday Times Rich List 2024. Elle provient de ses albums, de ses tourn\u00e9es mondiales, de contrats publicitaires et de ses activit\u00e9s \u00e9ditoriales. Ce chiffre reste une estimation de presse.<\/div>\n<\/details><\/div>\n<\/section>\n<p style=\"font-size:13px;color:#6a6a6a;margin-top:32px;\">Sources : Wikip\u00e9dia et donn\u00e9es publiques. Article mis \u00e0 jour r\u00e9guli\u00e8rement.<\/p>\n","protected":false},"excerpt":{"rendered":"","protected":false},"author":39,"featured_media":999999999,"comment_status":"open","ping_status":"open","sticky":false,"template":"","format":"standard","meta":{"_acf_changed":false,"manual_indexmenow":false,"indexmenow_id_project":0,"footnotes":""},"categories":[4522],"tags":[],"class_list":["post-7938","post","type-post","status-publish","format-standard","has-post-thumbnail","hentry","category-musique-et-icones-musicales","generate-columns","tablet-grid-50","mobile-grid-100","grid-parent","grid-25"],"acf":[],"yoast_head":"<!-- This site is optimized with the Yoast SEO Premium plugin v21.3 (Yoast SEO v26.5) - https:\/\/yoast.com\/wordpress\/plugins\/seo\/ -->\n<title>Dua Lipa : taille, \u00e2ge, origines, couple et fortune<\/title>\n<meta name=\"description\" content=\"Difficile d&#039;imaginer la pop des ann\u00e9es 2020 sans Dua Lipa. En moins d&#039;une d\u00e9cennie, la Londonienne aux racines balkaniques est pass\u00e9e du statut de jeune\" \/>\n<meta name=\"robots\" content=\"index, follow, max-snippet:-1, max-image-preview:large, max-video-preview:-1\" \/>\n<link rel=\"canonical\" href=\"https:\/\/starstory.fr\/blog\/musique-et-icones-musicales\/dua-lipa-taille-age-origines-couple-et-fortune-la-fiche-complete\/\" \/>\n<meta property=\"og:locale\" content=\"fr_FR\" \/>\n<meta property=\"og:type\" content=\"article\" \/>\n<meta property=\"og:title\" content=\"Dua Lipa : taille, \u00e2ge, origines, couple et fortune\" \/>\n<meta property=\"og:description\" content=\"Difficile d&#039;imaginer la pop des ann\u00e9es 2020 sans Dua Lipa. En moins d&#039;une d\u00e9cennie, la Londonienne aux racines balkaniques est pass\u00e9e du statut de jeune\" \/>\n<meta property=\"og:url\" content=\"https:\/\/starstory.fr\/blog\/musique-et-icones-musicales\/dua-lipa-taille-age-origines-couple-et-fortune-la-fiche-complete\/\" \/>\n<meta property=\"og:site_name\" content=\"starstory\" \/>\n<meta name=\"author\" content=\"Claire Lefevre\" \/>\n<meta name=\"twitter:card\" content=\"summary_large_image\" \/>\n<script type=\"application\/ld+json\" class=\"yoast-schema-graph\">{\"@context\":\"https:\/\/schema.org\",\"@graph\":[{\"@type\":\"NewsArticle\",\"@id\":\"https:\/\/starstory.fr\/blog\/musique-et-icones-musicales\/dua-lipa-taille-age-origines-couple-et-fortune-la-fiche-complete\/#article\",\"isPartOf\":{\"@id\":\"https:\/\/starstory.fr\/blog\/musique-et-icones-musicales\/dua-lipa-taille-age-origines-couple-et-fortune-la-fiche-complete\/\"},\"author\":{\"name\":\"Claire Lefevre\",\"@id\":\"https:\/\/starstory.fr\/blog\/#\/schema\/person\/432b46949d2a452f85568b160103039e\"},\"headline\":\"Dua Lipa : taille, \u00e2ge, origines, couple et fortune \u2014 la fiche compl\u00e8te\",\"datePublished\":\"2026-06-05T22:30:56+00:00\",\"mainEntityOfPage\":{\"@id\":\"https:\/\/starstory.fr\/blog\/musique-et-icones-musicales\/dua-lipa-taille-age-origines-couple-et-fortune-la-fiche-complete\/\"},\"wordCount\":1543,\"commentCount\":0,\"publisher\":{\"@id\":\"https:\/\/starstory.fr\/blog\/#organization\"},\"image\":{\"@id\":\"https:\/\/starstory.fr\/blog\/musique-et-icones-musicales\/dua-lipa-taille-age-origines-couple-et-fortune-la-fiche-complete\/#primaryimage\"},\"thumbnailUrl\":\"https:\/\/images.pexels.com\/photos\/8041172\/pexels-photo-8041172.jpeg?auto=compress&cs=tinysrgb&fit=crop&h=627&w=1200\",\"articleSection\":[\"Musique et Ic\u00f4nes Musicales\"],\"inLanguage\":\"fr-FR\",\"potentialAction\":[{\"@type\":\"CommentAction\",\"name\":\"Comment\",\"target\":[\"https:\/\/starstory.fr\/blog\/musique-et-icones-musicales\/dua-lipa-taille-age-origines-couple-et-fortune-la-fiche-complete\/#respond\"]}]},{\"@type\":\"WebPage\",\"@id\":\"https:\/\/starstory.fr\/blog\/musique-et-icones-musicales\/dua-lipa-taille-age-origines-couple-et-fortune-la-fiche-complete\/\",\"url\":\"https:\/\/starstory.fr\/blog\/musique-et-icones-musicales\/dua-lipa-taille-age-origines-couple-et-fortune-la-fiche-complete\/\",\"name\":\"Dua Lipa : taille, \u00e2ge, origines, couple et fortune\",\"isPartOf\":{\"@id\":\"https:\/\/starstory.fr\/blog\/#website\"},\"primaryImageOfPage\":{\"@id\":\"https:\/\/starstory.fr\/blog\/musique-et-icones-musicales\/dua-lipa-taille-age-origines-couple-et-fortune-la-fiche-complete\/#primaryimage\"},\"image\":{\"@id\":\"https:\/\/starstory.fr\/blog\/musique-et-icones-musicales\/dua-lipa-taille-age-origines-couple-et-fortune-la-fiche-complete\/#primaryimage\"},\"thumbnailUrl\":\"https:\/\/images.pexels.com\/photos\/8041172\/pexels-photo-8041172.jpeg?auto=compress&cs=tinysrgb&fit=crop&h=627&w=1200\",\"datePublished\":\"2026-06-05T22:30:56+00:00\",\"description\":\"Difficile d'imaginer la pop des ann\u00e9es 2020 sans Dua Lipa. En moins d'une d\u00e9cennie, la Londonienne aux racines balkaniques est pass\u00e9e du statut de jeune\",\"inLanguage\":\"fr-FR\",\"potentialAction\":[{\"@type\":\"ReadAction\",\"target\":[\"https:\/\/starstory.fr\/blog\/musique-et-icones-musicales\/dua-lipa-taille-age-origines-couple-et-fortune-la-fiche-complete\/\"]}]},{\"@type\":\"ImageObject\",\"inLanguage\":\"fr-FR\",\"@id\":\"https:\/\/starstory.fr\/blog\/musique-et-icones-musicales\/dua-lipa-taille-age-origines-couple-et-fortune-la-fiche-complete\/#primaryimage\",\"url\":\"https:\/\/images.pexels.com\/photos\/8041172\/pexels-photo-8041172.jpeg?auto=compress&cs=tinysrgb&fit=crop&h=627&w=1200\",\"contentUrl\":\"https:\/\/images.pexels.com\/photos\/8041172\/pexels-photo-8041172.jpeg?auto=compress&cs=tinysrgb&fit=crop&h=627&w=1200\"},{\"@type\":\"WebSite\",\"@id\":\"https:\/\/starstory.fr\/blog\/#website\",\"url\":\"https:\/\/starstory.fr\/blog\/\",\"name\":\"StarStory\",\"description\":\"StarStory, les \u00e9toiles racontent leur histoire\",\"publisher\":{\"@id\":\"https:\/\/starstory.fr\/blog\/#organization\"},\"alternateName\":\"StarStory, les \u00e9toiles racontent leur histoire\",\"potentialAction\":[{\"@type\":\"SearchAction\",\"target\":{\"@type\":\"EntryPoint\",\"urlTemplate\":\"https:\/\/starstory.fr\/blog\/?s={search_term_string}\"},\"query-input\":{\"@type\":\"PropertyValueSpecification\",\"valueRequired\":true,\"valueName\":\"search_term_string\"}}],\"inLanguage\":\"fr-FR\"},{\"@type\":\"Organization\",\"@id\":\"https:\/\/starstory.fr\/blog\/#organization\",\"name\":\"StarStory\",\"alternateName\":\"StarStory.fr\",\"url\":\"https:\/\/starstory.fr\/blog\/\",\"logo\":{\"@type\":\"ImageObject\",\"inLanguage\":\"fr-FR\",\"@id\":\"https:\/\/starstory.fr\/blog\/#\/schema\/logo\/image\/\",\"url\":\"https:\/\/starstory.fr\/blog\/wp-content\/uploads\/2024\/12\/38.png\",\"contentUrl\":\"https:\/\/starstory.fr\/blog\/wp-content\/uploads\/2024\/12\/38.png\",\"width\":500,\"height\":500,\"caption\":\"StarStory\"},\"image\":{\"@id\":\"https:\/\/starstory.fr\/blog\/#\/schema\/logo\/image\/\"}},{\"@type\":\"Person\",\"@id\":\"https:\/\/starstory.fr\/blog\/#\/schema\/person\/432b46949d2a452f85568b160103039e\",\"name\":\"Claire Lefevre\",\"image\":{\"@type\":\"ImageObject\",\"inLanguage\":\"fr-FR\",\"@id\":\"https:\/\/starstory.fr\/blog\/#\/schema\/person\/image\/\",\"url\":\"https:\/\/secure.gravatar.com\/avatar\/?s=96&d=mm&r=g\",\"contentUrl\":\"https:\/\/secure.gravatar.com\/avatar\/?s=96&d=mm&r=g\",\"caption\":\"Claire Lefevre\"},\"description\":\"Claire raconte l\u2019\u00e9volution des c\u00e9l\u00e9brit\u00e9s et leur influence socioculturelle \u00e0 travers les d\u00e9cennies.\",\"url\":\"https:\/\/starstory.fr\/blog\/auteur\/claire-lefevre\/\",\"jobTitle\":\"Contributrice mutuelle sant\u00e9\",\"email\":\"claire.lefevre@starstory.fr\"}]}<\/script>\n<!-- \/ Yoast SEO Premium plugin. -->","yoast_head_json":{"title":"Dua Lipa : taille, \u00e2ge, origines, couple et fortune","description":"Difficile d'imaginer la pop des ann\u00e9es 2020 sans Dua Lipa. En moins d'une d\u00e9cennie, la Londonienne aux racines balkaniques est pass\u00e9e du statut de jeune","robots":{"index":"index","follow":"follow","max-snippet":"max-snippet:-1","max-image-preview":"max-image-preview:large","max-video-preview":"max-video-preview:-1"},"canonical":"https:\/\/starstory.fr\/blog\/musique-et-icones-musicales\/dua-lipa-taille-age-origines-couple-et-fortune-la-fiche-complete\/","og_locale":"fr_FR","og_type":"article","og_title":"Dua Lipa : taille, \u00e2ge, origines, couple et fortune","og_description":"Difficile d'imaginer la pop des ann\u00e9es 2020 sans Dua Lipa. En moins d'une d\u00e9cennie, la Londonienne aux racines balkaniques est pass\u00e9e du statut de jeune","og_url":"https:\/\/starstory.fr\/blog\/musique-et-icones-musicales\/dua-lipa-taille-age-origines-couple-et-fortune-la-fiche-complete\/","og_site_name":"starstory","author":"Claire Lefevre","twitter_card":"summary_large_image","schema":{"@context":"https:\/\/schema.org","@graph":[{"@type":"NewsArticle","@id":"https:\/\/starstory.fr\/blog\/musique-et-icones-musicales\/dua-lipa-taille-age-origines-couple-et-fortune-la-fiche-complete\/#article","isPartOf":{"@id":"https:\/\/starstory.fr\/blog\/musique-et-icones-musicales\/dua-lipa-taille-age-origines-couple-et-fortune-la-fiche-complete\/"},"author":{"name":"Claire Lefevre","@id":"https:\/\/starstory.fr\/blog\/#\/schema\/person\/432b46949d2a452f85568b160103039e"},"headline":"Dua Lipa : taille, \u00e2ge, origines, couple et fortune \u2014 la fiche compl\u00e8te","datePublished":"2026-06-05T22:30:56+00:00","mainEntityOfPage":{"@id":"https:\/\/starstory.fr\/blog\/musique-et-icones-musicales\/dua-lipa-taille-age-origines-couple-et-fortune-la-fiche-complete\/"},"wordCount":1543,"commentCount":0,"publisher":{"@id":"https:\/\/starstory.fr\/blog\/#organization"},"image":{"@id":"https:\/\/starstory.fr\/blog\/musique-et-icones-musicales\/dua-lipa-taille-age-origines-couple-et-fortune-la-fiche-complete\/#primaryimage"},"thumbnailUrl":"https:\/\/images.pexels.com\/photos\/8041172\/pexels-photo-8041172.jpeg?auto=compress&cs=tinysrgb&fit=crop&h=627&w=1200","articleSection":["Musique et Ic\u00f4nes Musicales"],"inLanguage":"fr-FR","potentialAction":[{"@type":"CommentAction","name":"Comment","target":["https:\/\/starstory.fr\/blog\/musique-et-icones-musicales\/dua-lipa-taille-age-origines-couple-et-fortune-la-fiche-complete\/#respond"]}]},{"@type":"WebPage","@id":"https:\/\/starstory.fr\/blog\/musique-et-icones-musicales\/dua-lipa-taille-age-origines-couple-et-fortune-la-fiche-complete\/","url":"https:\/\/starstory.fr\/blog\/musique-et-icones-musicales\/dua-lipa-taille-age-origines-couple-et-fortune-la-fiche-complete\/","name":"Dua Lipa : taille, \u00e2ge, origines, couple et fortune","isPartOf":{"@id":"https:\/\/starstory.fr\/blog\/#website"},"primaryImageOfPage":{"@id":"https:\/\/starstory.fr\/blog\/musique-et-icones-musicales\/dua-lipa-taille-age-origines-couple-et-fortune-la-fiche-complete\/#primaryimage"},"image":{"@id":"https:\/\/starstory.fr\/blog\/musique-et-icones-musicales\/dua-lipa-taille-age-origines-couple-et-fortune-la-fiche-complete\/#primaryimage"},"thumbnailUrl":"https:\/\/images.pexels.com\/photos\/8041172\/pexels-photo-8041172.jpeg?auto=compress&cs=tinysrgb&fit=crop&h=627&w=1200","datePublished":"2026-06-05T22:30:56+00:00","description":"Difficile d'imaginer la pop des ann\u00e9es 2020 sans Dua Lipa. En moins d'une d\u00e9cennie, la Londonienne aux racines balkaniques est pass\u00e9e du statut de jeune","inLanguage":"fr-FR","potentialAction":[{"@type":"ReadAction","target":["https:\/\/starstory.fr\/blog\/musique-et-icones-musicales\/dua-lipa-taille-age-origines-couple-et-fortune-la-fiche-complete\/"]}]},{"@type":"ImageObject","inLanguage":"fr-FR","@id":"https:\/\/starstory.fr\/blog\/musique-et-icones-musicales\/dua-lipa-taille-age-origines-couple-et-fortune-la-fiche-complete\/#primaryimage","url":"https:\/\/images.pexels.com\/photos\/8041172\/pexels-photo-8041172.jpeg?auto=compress&cs=tinysrgb&fit=crop&h=627&w=1200","contentUrl":"https:\/\/images.pexels.com\/photos\/8041172\/pexels-photo-8041172.jpeg?auto=compress&cs=tinysrgb&fit=crop&h=627&w=1200"},{"@type":"WebSite","@id":"https:\/\/starstory.fr\/blog\/#website","url":"https:\/\/starstory.fr\/blog\/","name":"StarStory","description":"StarStory, les \u00e9toiles racontent leur histoire","publisher":{"@id":"https:\/\/starstory.fr\/blog\/#organization"},"alternateName":"StarStory, les \u00e9toiles racontent leur histoire","potentialAction":[{"@type":"SearchAction","target":{"@type":"EntryPoint","urlTemplate":"https:\/\/starstory.fr\/blog\/?s={search_term_string}"},"query-input":{"@type":"PropertyValueSpecification","valueRequired":true,"valueName":"search_term_string"}}],"inLanguage":"fr-FR"},{"@type":"Organization","@id":"https:\/\/starstory.fr\/blog\/#organization","name":"StarStory","alternateName":"StarStory.fr","url":"https:\/\/starstory.fr\/blog\/","logo":{"@type":"ImageObject","inLanguage":"fr-FR","@id":"https:\/\/starstory.fr\/blog\/#\/schema\/logo\/image\/","url":"https:\/\/starstory.fr\/blog\/wp-content\/uploads\/2024\/12\/38.png","contentUrl":"https:\/\/starstory.fr\/blog\/wp-content\/uploads\/2024\/12\/38.png","width":500,"height":500,"caption":"StarStory"},"image":{"@id":"https:\/\/starstory.fr\/blog\/#\/schema\/logo\/image\/"}},{"@type":"Person","@id":"https:\/\/starstory.fr\/blog\/#\/schema\/person\/432b46949d2a452f85568b160103039e","name":"Claire Lefevre","image":{"@type":"ImageObject","inLanguage":"fr-FR","@id":"https:\/\/starstory.fr\/blog\/#\/schema\/person\/image\/","url":"https:\/\/secure.gravatar.com\/avatar\/?s=96&d=mm&r=g","contentUrl":"https:\/\/secure.gravatar.com\/avatar\/?s=96&d=mm&r=g","caption":"Claire Lefevre"},"description":"Claire raconte l\u2019\u00e9volution des c\u00e9l\u00e9brit\u00e9s et leur influence socioculturelle \u00e0 travers les d\u00e9cennies.","url":"https:\/\/starstory.fr\/blog\/auteur\/claire-lefevre\/","jobTitle":"Contributrice mutuelle sant\u00e9","email":"claire.lefevre@starstory.fr"}]}},"_links":{"self":[{"href":"https:\/\/starstory.fr\/blog\/wp-json\/wp\/v2\/posts\/7938","targetHints":{"allow":["GET"]}}],"collection":[{"href":"https:\/\/starstory.fr\/blog\/wp-json\/wp\/v2\/posts"}],"about":[{"href":"https:\/\/starstory.fr\/blog\/wp-json\/wp\/v2\/types\/post"}],"author":[{"embeddable":true,"href":"https:\/\/starstory.fr\/blog\/wp-json\/wp\/v2\/users\/39"}],"replies":[{"embeddable":true,"href":"https:\/\/starstory.fr\/blog\/wp-json\/wp\/v2\/comments?post=7938"}],"version-history":[{"count":0,"href":"https:\/\/starstory.fr\/blog\/wp-json\/wp\/v2\/posts\/7938\/revisions"}],"wp:attachment":[{"href":"https:\/\/starstory.fr\/blog\/wp-json\/wp\/v2\/media?parent=7938"}],"wp:term":[{"taxonomy":"category","embeddable":true,"href":"https:\/\/starstory.fr\/blog\/wp-json\/wp\/v2\/categories?post=7938"},{"taxonomy":"post_tag","embeddable":true,"href":"https:\/\/starstory.fr\/blog\/wp-json\/wp\/v2\/tags?post=7938"}],"curies":[{"name":"wp","href":"https:\/\/api.w.org\/{rel}","templated":true}]}}