{"id":7852,"date":"2026-07-01T09:00:00","date_gmt":"2026-07-01T09:00:00","guid":{"rendered":"https:\/\/starstory.fr\/blog\/?p=7852"},"modified":"2026-07-01T09:00:00","modified_gmt":"2026-07-01T09:00:00","slug":"marche-nocturne","status":"publish","type":"post","link":"https:\/\/starstory.fr\/blog\/articles\/marche-nocturne\/","title":{"rendered":"March\u00e9 Nocturne : Top 20 France 2026"},"content":{"rendered":"<p>Les march\u00e9s nocturnes sont devenus des \u00e9v\u00e9nements incontournables en France, attirant chaque ann\u00e9e des milliers de visiteurs. En 2026, ces march\u00e9s offrent bien plus que de simples produits artisanaux ; ils deviennent des exp\u00e9riences culturelles uniques. Cet article pr\u00e9sente les 20 meilleurs march\u00e9s nocturnes en France, mettant en lumi\u00e8re leurs caract\u00e9ristiques distinctives et ce qui les rend sp\u00e9ciaux.<\/p>\n<h2>Qu\u2019est-ce qu\u2019un march\u00e9 nocturne ?<\/h2>\n<p>Un <strong>march\u00e9 nocturne<\/strong> est un \u00e9v\u00e9nement qui se d\u00e9roule g\u00e9n\u00e9ralement en soir\u00e9e, o\u00f9 artisans, producteurs locaux et restaurateurs se rassemblent pour vendre leurs produits dans une ambiance conviviale. Ces march\u00e9s permettent non seulement de d\u00e9couvrir des sp\u00e9cialit\u00e9s locales, mais aussi d\u2019appr\u00e9cier la culture et l\u2019artisanat de chaque r\u00e9gion.<\/p>\n<h2>Pourquoi visiter un march\u00e9 nocturne ?<\/h2>\n<h3>Ambiance festive<\/h3>\n<p>Les march\u00e9s nocturnes cr\u00e9ent une atmosph\u00e8re chaleureuse gr\u00e2ce \u00e0 la musique live, aux lumi\u00e8res f\u00e9\u00e9riques et \u00e0 la convivialit\u00e9 des \u00e9changes. Par exemple, le <strong>March\u00e9 Nocturne de Bordeaux<\/strong> attire chaque \u00e9t\u00e9 plus de 10 000 visiteurs par soir, offrant une palette vari\u00e9e de cuisines du monde.<\/p>\n<h3>Produits locaux<\/h3>\n<p>Ces \u00e9v\u00e9nements mettent en avant les produits du terroir. En g\u00e9n\u00e9ral, vous y trouverez des fruits et l\u00e9gumes frais, du fromage artisanal, du vin local et m\u00eame des sp\u00e9cialit\u00e9s culinaires comme la socca ni\u00e7oise au <strong>March\u00e9 Nocturne de Nice<\/strong>.<\/p>\n<h2>Top 20 des march\u00e9s nocturnes en France en 2026<\/h2>\n<p>Voici une s\u00e9lection des meilleurs march\u00e9s nocturnes \u00e0 travers la France :<\/p>\n<table class=\"kwdbank-table\">\n<thead>\n<tr>\n<th>Nom du March\u00e9<\/th>\n<th>Ville<\/th>\n<th>P\u00e9riode<\/th>\n<th>Caract\u00e9ristiques cl\u00e9s<\/th>\n<\/tr>\n<\/thead>\n<tbody>\n<tr>\n<td>March\u00e9 Nocturne de Bordeaux<\/td>\n<td>Bordeaux<\/td>\n<td>Juillet-Ao\u00fbt<\/td>\n<td>Cuisine internationale, concerts live<\/td>\n<\/tr>\n<tr>\n<td>March\u00e9 Nocturne de Nice<\/td>\n<td>Nice<\/td>\n<td>Juin-Septembre<\/td>\n<td>Sp\u00e9cialit\u00e9s m\u00e9diterran\u00e9ennes<\/td>\n<\/tr>\n<tr>\n<td>March\u00e9 Nocturne d\u2019Avignon<\/td>\n<td>Avignon<\/td>\n<td>Juillet-Ao\u00fbt<\/td>\n<td>Artisanat local, spectacles de rue<\/td>\n<\/tr>\n<tr>\n<td>March\u00e9 Nocturne de Strasbourg<\/td>\n<td>Strasbourg<\/td>\n<td>Mai-Septembre<\/td>\n<td>Produits alsaciens, animations familiales<\/td>\n<\/tr>\n<tr>\n<td>March\u00e9 Nocturne de Lille<\/td>\n<td>Lille<\/td>\n<td>Juin-Ao\u00fbt<\/td>\n<td>Bi\u00e8res artisanales, food trucks<\/td>\n<\/tr>\n<tr>\n<td>March\u00e9 Nocturne de Paris<\/td>\n<td>Paris<\/td>\n<td>Annuel (No\u00ebl)<\/td>\n<td>Produits artisanaux et cr\u00e9ateurs locaux<\/td>\n<\/tr>\n<tr>\n<td>March\u00e9 Nocturne d\u2019Aix-en-Provence<\/td>\n<td>Aix-en-Provence<\/td>\n<td>Juillet-Ao\u00fbt<\/td>\n<td>D\u00e9couvertes gastronomiques<\/td>\n<\/tr>\n<tr>\n<td>March\u00e9 Nocturne de Toulouse<\/td>\n<td>Toulouse<\/td>\n<td>Mai-Septembre<\/td>\n<td>\u00c9v\u00e9nements musicaux<\/td>\n<\/tr>\n<tr>\n<td>March\u00e9 Nocturne d\u2019Angers<\/td>\n<td>Angers<\/td>\n<td>Juin-Septembre<\/td>\n<td>Vins et fromages locaux<\/td>\n<\/tr>\n<tr>\n<td>March\u00e9 Nocturne de Nantes<\/td>\n<td>Nantes<\/td>\n<td>Juillet-Ao\u00fbt<\/td>\n<td>Ambiance maritime<\/td>\n<\/tr>\n<tr>\n<td>March\u00e9 Nocturne de Lyon<\/td>\n<td>Lyon<\/td>\n<td>Mai-Septembre<\/td>\n<td>Sp\u00e9cialit\u00e9s lyonnaises<\/td>\n<\/tr>\n<tr>\n<td>March\u00e9 Nocturne de Marseille<\/td>\n<td>Marseille<\/td>\n<td>Juin-Ao\u00fbt<\/td>\n<td>Plats m\u00e9diterran\u00e9ens<\/td>\n<\/tr>\n<tr>\n<td>March\u00e9 Nocturne du Havre<\/td>\n<td>Le Havre<\/td>\n<td>Juillet-Ao\u00fbt<\/td>\n<td>Produits bio<\/td>\n<\/tr>\n<tr>\n<td>March\u00e9 Nocturne de Montpellier<\/td>\n<td>Montpellier<\/td>\n<td>Juin-Septembre<\/td>\n<td>Artisanat local<\/td>\n<\/tr>\n<tr>\n<td>March\u00e9 Nocturne d\u2019Orl\u00e9ans<\/td>\n<td>Orl\u00e9ans<\/td>\n<td>Juillet-Ao\u00fbt<\/td>\n<td>D\u00e9couvertes gastronomiques<\/td>\n<\/tr>\n<tr>\n<td>March\u00e9 Nocturne d\u2019Amiens<\/td>\n<td>Amiens<\/td>\n<td>Juin-Septembre<\/td>\n<td>Cuisine picarde<\/td>\n<\/tr>\n<tr>\n<td>March\u00e9 Nocturne de Metz<\/td>\n<td>Metz<\/td>\n<td>Juillet-Ao\u00fbt<\/td>\n<td>Produits mosellans<\/td>\n<\/tr>\n<tr>\n<td>March\u00e9 Nocturne d\u2019Antibes<\/td>\n<td>Antibes<\/td>\n<td>Juin-Septembre<\/td>\n<td>Artisanat local<\/td>\n<\/tr>\n<tr>\n<td>March\u00e9 Nocturne d\u2019Ajaccio<\/td>\n<td>Ajaccio<\/td>\n<td>Juillet-Ao\u00fbt<\/td>\n<td>Sp\u00e9cialit\u00e9s corses<\/td>\n<\/tr>\n<\/tbody>\n<\/table>\n<h2>Pi\u00e8ges \u00e0 \u00e9viter lors d\u2019une visite<\/h2>\n<p>Un des principaux pi\u00e8ges est d\u2019arriver trop tard. Les meilleurs stands peuvent \u00eatre \u00e9puis\u00e9s avant la fermeture officielle. Il est conseill\u00e9 d\u2019arriver t\u00f4t pour profiter pleinement des produits frais et pour avoir le choix.<\/p>\n<h2>Alternatives aux march\u00e9s nocturnes<\/h2>\n<p>Si les march\u00e9s nocturnes ne vous conviennent pas ou si vous souhaitez explorer d\u2019autres options :<\/p>\n<ol>\n<li><strong>Foires artisanales<\/strong> : souvent organis\u00e9es le week-end, elles proposent \u00e9galement des produits locaux.<\/li>\n<li><strong>Food trucks<\/strong> : ces camions gastronomiques se d\u00e9placent dans diff\u00e9rentes villes et offrent une vari\u00e9t\u00e9 culinaire sans attendre les soir\u00e9es.<\/li>\n<li><strong>Visites guid\u00e9es gourmandes<\/strong> : d\u00e9couvrez les sp\u00e9cialit\u00e9s locales avec un guide qui vous emm\u00e8ne dans les meilleures adresses.<\/li>\n<\/ol>\n<h2>FAQ<\/h2>\n<h3>Quels sont les horaires typiques des march\u00e9s nocturnes ?<\/h3>\n<p>La plupart des march\u00e9s nocturnes ouvrent vers 18h et ferment autour de minuit.<\/p>\n<h3>Est-il n\u00e9cessaire de r\u00e9server pour participer ?<\/h3>\n<p>G\u00e9n\u00e9ralement non, mais il est conseill\u00e9 d\u2019arriver t\u00f4t pour \u00e9viter les longues files d\u2019attente.<\/p>\n<h3>Quels types de produits trouve-t-on sur ces march\u00e9s ?<\/h3>\n<p>Vous trouverez principalement des produits alimentaires (fruits, l\u00e9gumes, plats cuisin\u00e9s), mais aussi des articles artisanaux (bijoux, v\u00eatements).<\/p>\n<h3>Y a-t-il un co\u00fbt d\u2019entr\u00e9e ?<\/h3>\n<p>Cela d\u00e9pend du march\u00e9 ; certains sont gratuits tandis que d\u2019autres peuvent avoir un droit d\u2019entr\u00e9e modeste.<\/p>\n<h3>Les enfants sont-ils bienvenus dans ces \u00e9v\u00e9nements ?<\/h3>\n<p>Oui, beaucoup de march\u00e9s proposent des activit\u00e9s pour enfants et une ambiance familiale.<\/p>\n<h3>Comment se rendre aux march\u00e9s nocturnes en ville ?<\/h3>\n<p>Il est pr\u00e9f\u00e9rable d\u2019utiliser les transports en commun ou d\u2019opter pour le covoiturage afin d\u2019\u00e9viter les probl\u00e8mes de stationnement.<\/p>\n<p>Pour explorer ces \u00e9v\u00e9nements uniques cet \u00e9t\u00e9 ou cet automne, consultez les calendriers locaux afin de planifier vos visites !<\/p>\n","protected":false},"excerpt":{"rendered":"","protected":false},"author":34,"featured_media":999999999,"comment_status":"open","ping_status":"open","sticky":false,"template":"","format":"standard","meta":{"_acf_changed":false,"manual_indexmenow":false,"indexmenow_id_project":0,"footnotes":""},"categories":[4835],"tags":[],"class_list":["post-7852","post","type-post","status-publish","format-standard","has-post-thumbnail","hentry","category-articles","generate-columns","tablet-grid-50","mobile-grid-100","grid-parent","grid-25"],"acf":[],"yoast_head":"<!-- This site is optimized with the Yoast SEO Premium plugin v21.3 (Yoast SEO v26.5) - https:\/\/yoast.com\/wordpress\/plugins\/seo\/ -->\n<title>March\u00e9 Nocturne : Top 20 France 2026<\/title>\n<meta name=\"description\" content=\"Les march\u00e9s nocturnes sont devenus des \u00e9v\u00e9nements incontournables en France, attirant chaque ann\u00e9e des milliers de visiteurs. En 2026, ces march\u00e9s offrent\u2026\" \/>\n<meta name=\"robots\" content=\"index, follow, max-snippet:-1, max-image-preview:large, max-video-preview:-1\" \/>\n<link rel=\"canonical\" href=\"https:\/\/starstory.fr\/blog\/articles\/marche-nocturne\/\" \/>\n<meta property=\"og:locale\" content=\"fr_FR\" \/>\n<meta property=\"og:type\" content=\"article\" \/>\n<meta property=\"og:title\" content=\"March\u00e9 Nocturne : Top 20 France 2026\" \/>\n<meta property=\"og:description\" content=\"Les march\u00e9s nocturnes sont devenus des \u00e9v\u00e9nements incontournables en France, attirant chaque ann\u00e9e des milliers de visiteurs. En 2026, ces march\u00e9s offrent\u2026\" \/>\n<meta property=\"og:url\" content=\"https:\/\/starstory.fr\/blog\/articles\/marche-nocturne\/\" \/>\n<meta property=\"og:site_name\" content=\"starstory\" \/>\n<meta name=\"author\" content=\"Rapha\u00ebl D.\" \/>\n<meta name=\"twitter:card\" content=\"summary_large_image\" \/>\n<script type=\"application\/ld+json\" class=\"yoast-schema-graph\">{\"@context\":\"https:\/\/schema.org\",\"@graph\":[{\"@type\":\"NewsArticle\",\"@id\":\"https:\/\/starstory.fr\/blog\/articles\/marche-nocturne\/#article\",\"isPartOf\":{\"@id\":\"https:\/\/starstory.fr\/blog\/articles\/marche-nocturne\/\"},\"author\":{\"name\":\"Rapha\u00ebl D.\",\"@id\":\"https:\/\/starstory.fr\/blog\/#\/schema\/person\/3c864cdc320801e3db34b663e7e3f816\"},\"headline\":\"March\u00e9 Nocturne : Top 20 France 2026\",\"datePublished\":\"2026-07-01T09:00:00+00:00\",\"mainEntityOfPage\":{\"@id\":\"https:\/\/starstory.fr\/blog\/articles\/marche-nocturne\/\"},\"wordCount\":778,\"commentCount\":0,\"publisher\":{\"@id\":\"https:\/\/starstory.fr\/blog\/#organization\"},\"image\":{\"@id\":\"https:\/\/starstory.fr\/blog\/articles\/marche-nocturne\/#primaryimage\"},\"thumbnailUrl\":\"https:\/\/images.pexels.com\/photos\/30797232\/pexels-photo-30797232.jpeg?auto=compress&cs=tinysrgb&fit=crop&h=627&w=1200\",\"articleSection\":[\"Articles\"],\"inLanguage\":\"fr-FR\",\"potentialAction\":[{\"@type\":\"CommentAction\",\"name\":\"Comment\",\"target\":[\"https:\/\/starstory.fr\/blog\/articles\/marche-nocturne\/#respond\"]}]},{\"@type\":\"WebPage\",\"@id\":\"https:\/\/starstory.fr\/blog\/articles\/marche-nocturne\/\",\"url\":\"https:\/\/starstory.fr\/blog\/articles\/marche-nocturne\/\",\"name\":\"March\u00e9 Nocturne : Top 20 France 2026\",\"isPartOf\":{\"@id\":\"https:\/\/starstory.fr\/blog\/#website\"},\"primaryImageOfPage\":{\"@id\":\"https:\/\/starstory.fr\/blog\/articles\/marche-nocturne\/#primaryimage\"},\"image\":{\"@id\":\"https:\/\/starstory.fr\/blog\/articles\/marche-nocturne\/#primaryimage\"},\"thumbnailUrl\":\"https:\/\/images.pexels.com\/photos\/30797232\/pexels-photo-30797232.jpeg?auto=compress&cs=tinysrgb&fit=crop&h=627&w=1200\",\"datePublished\":\"2026-07-01T09:00:00+00:00\",\"description\":\"Les march\u00e9s nocturnes sont devenus des \u00e9v\u00e9nements incontournables en France, attirant chaque ann\u00e9e des milliers de visiteurs. En 2026, ces march\u00e9s offrent\u2026\",\"inLanguage\":\"fr-FR\",\"potentialAction\":[{\"@type\":\"ReadAction\",\"target\":[\"https:\/\/starstory.fr\/blog\/articles\/marche-nocturne\/\"]}]},{\"@type\":\"ImageObject\",\"inLanguage\":\"fr-FR\",\"@id\":\"https:\/\/starstory.fr\/blog\/articles\/marche-nocturne\/#primaryimage\",\"url\":\"https:\/\/images.pexels.com\/photos\/30797232\/pexels-photo-30797232.jpeg?auto=compress&cs=tinysrgb&fit=crop&h=627&w=1200\",\"contentUrl\":\"https:\/\/images.pexels.com\/photos\/30797232\/pexels-photo-30797232.jpeg?auto=compress&cs=tinysrgb&fit=crop&h=627&w=1200\"},{\"@type\":\"WebSite\",\"@id\":\"https:\/\/starstory.fr\/blog\/#website\",\"url\":\"https:\/\/starstory.fr\/blog\/\",\"name\":\"StarStory\",\"description\":\"StarStory, les \u00e9toiles racontent leur histoire\",\"publisher\":{\"@id\":\"https:\/\/starstory.fr\/blog\/#organization\"},\"alternateName\":\"StarStory, les \u00e9toiles racontent leur histoire\",\"potentialAction\":[{\"@type\":\"SearchAction\",\"target\":{\"@type\":\"EntryPoint\",\"urlTemplate\":\"https:\/\/starstory.fr\/blog\/?s={search_term_string}\"},\"query-input\":{\"@type\":\"PropertyValueSpecification\",\"valueRequired\":true,\"valueName\":\"search_term_string\"}}],\"inLanguage\":\"fr-FR\"},{\"@type\":\"Organization\",\"@id\":\"https:\/\/starstory.fr\/blog\/#organization\",\"name\":\"StarStory\",\"alternateName\":\"StarStory.fr\",\"url\":\"https:\/\/starstory.fr\/blog\/\",\"logo\":{\"@type\":\"ImageObject\",\"inLanguage\":\"fr-FR\",\"@id\":\"https:\/\/starstory.fr\/blog\/#\/schema\/logo\/image\/\",\"url\":\"https:\/\/starstory.fr\/blog\/wp-content\/uploads\/2024\/12\/38.png\",\"contentUrl\":\"https:\/\/starstory.fr\/blog\/wp-content\/uploads\/2024\/12\/38.png\",\"width\":500,\"height\":500,\"caption\":\"StarStory\"},\"image\":{\"@id\":\"https:\/\/starstory.fr\/blog\/#\/schema\/logo\/image\/\"}},{\"@type\":\"Person\",\"@id\":\"https:\/\/starstory.fr\/blog\/#\/schema\/person\/3c864cdc320801e3db34b663e7e3f816\",\"name\":\"Rapha\u00ebl D.\",\"image\":{\"@type\":\"ImageObject\",\"inLanguage\":\"fr-FR\",\"@id\":\"https:\/\/starstory.fr\/blog\/#\/schema\/person\/image\/\",\"url\":\"https:\/\/starstory.fr\/blog\/wp-content\/uploads\/2026\/06\/persona_raphael-d-96x96.jpg\",\"contentUrl\":\"https:\/\/starstory.fr\/blog\/wp-content\/uploads\/2026\/06\/persona_raphael-d-96x96.jpg\",\"caption\":\"Rapha\u00ebl D.\"},\"description\":\"La culture est mon terrain de jeu depuis une dizaine d'ann\u00e9es : arts visuels, s\u00e9ries, cr\u00e9ation et tout ce qui nourrit l'imaginaire. J'\u00e9cris aussi bien sur l'actualit\u00e9 des \u0153uvres que sur les coulisses de la cr\u00e9ation, avec l'envie de relier l'amateur curieux \u00e0 des univers parfois jug\u00e9s intimidants. J'aime analyser une s\u00e9rie ou une d\u00e9marche artistique sans p\u00e9dantisme, replacer une \u0153uvre dans son contexte et donner des cl\u00e9s de lecture accessibles. Avant de publier, je v\u00e9rifie mes r\u00e9f\u00e9rences, je recoupe les sources et je distingue clairement le fait de mon interpr\u00e9tation subjective. Je crois qu'une critique vaut surtout par les arguments qu'elle expose, pas par la sentence qu'elle rend. Mon angle : transmettre l'envie de d\u00e9couvrir, de regarder autrement et de se forger son propre go\u00fbt. La culture n'appartient pas qu'aux initi\u00e9s, et c'est tout l'enjeu de mon \u00e9criture.\",\"url\":\"https:\/\/starstory.fr\/blog\/auteur\/noname\/\",\"jobTitle\":\"R\u00e9dacteur en chef \u00b7 Culture & Cr\u00e9ation\",\"knowsAbout\":[\"Culture\",\"Cr\u00e9ation\"],\"email\":\"raphael.d@a-l-asso-de-l-art.fr\"}]}<\/script>\n<!-- \/ Yoast SEO Premium plugin. -->","yoast_head_json":{"title":"March\u00e9 Nocturne : Top 20 France 2026","description":"Les march\u00e9s nocturnes sont devenus des \u00e9v\u00e9nements incontournables en France, attirant chaque ann\u00e9e des milliers de visiteurs. En 2026, ces march\u00e9s offrent\u2026","robots":{"index":"index","follow":"follow","max-snippet":"max-snippet:-1","max-image-preview":"max-image-preview:large","max-video-preview":"max-video-preview:-1"},"canonical":"https:\/\/starstory.fr\/blog\/articles\/marche-nocturne\/","og_locale":"fr_FR","og_type":"article","og_title":"March\u00e9 Nocturne : Top 20 France 2026","og_description":"Les march\u00e9s nocturnes sont devenus des \u00e9v\u00e9nements incontournables en France, attirant chaque ann\u00e9e des milliers de visiteurs. En 2026, ces march\u00e9s offrent\u2026","og_url":"https:\/\/starstory.fr\/blog\/articles\/marche-nocturne\/","og_site_name":"starstory","author":"Rapha\u00ebl D.","twitter_card":"summary_large_image","schema":{"@context":"https:\/\/schema.org","@graph":[{"@type":"NewsArticle","@id":"https:\/\/starstory.fr\/blog\/articles\/marche-nocturne\/#article","isPartOf":{"@id":"https:\/\/starstory.fr\/blog\/articles\/marche-nocturne\/"},"author":{"name":"Rapha\u00ebl D.","@id":"https:\/\/starstory.fr\/blog\/#\/schema\/person\/3c864cdc320801e3db34b663e7e3f816"},"headline":"March\u00e9 Nocturne : Top 20 France 2026","datePublished":"2026-07-01T09:00:00+00:00","mainEntityOfPage":{"@id":"https:\/\/starstory.fr\/blog\/articles\/marche-nocturne\/"},"wordCount":778,"commentCount":0,"publisher":{"@id":"https:\/\/starstory.fr\/blog\/#organization"},"image":{"@id":"https:\/\/starstory.fr\/blog\/articles\/marche-nocturne\/#primaryimage"},"thumbnailUrl":"https:\/\/images.pexels.com\/photos\/30797232\/pexels-photo-30797232.jpeg?auto=compress&cs=tinysrgb&fit=crop&h=627&w=1200","articleSection":["Articles"],"inLanguage":"fr-FR","potentialAction":[{"@type":"CommentAction","name":"Comment","target":["https:\/\/starstory.fr\/blog\/articles\/marche-nocturne\/#respond"]}]},{"@type":"WebPage","@id":"https:\/\/starstory.fr\/blog\/articles\/marche-nocturne\/","url":"https:\/\/starstory.fr\/blog\/articles\/marche-nocturne\/","name":"March\u00e9 Nocturne : Top 20 France 2026","isPartOf":{"@id":"https:\/\/starstory.fr\/blog\/#website"},"primaryImageOfPage":{"@id":"https:\/\/starstory.fr\/blog\/articles\/marche-nocturne\/#primaryimage"},"image":{"@id":"https:\/\/starstory.fr\/blog\/articles\/marche-nocturne\/#primaryimage"},"thumbnailUrl":"https:\/\/images.pexels.com\/photos\/30797232\/pexels-photo-30797232.jpeg?auto=compress&cs=tinysrgb&fit=crop&h=627&w=1200","datePublished":"2026-07-01T09:00:00+00:00","description":"Les march\u00e9s nocturnes sont devenus des \u00e9v\u00e9nements incontournables en France, attirant chaque ann\u00e9e des milliers de visiteurs. En 2026, ces march\u00e9s offrent\u2026","inLanguage":"fr-FR","potentialAction":[{"@type":"ReadAction","target":["https:\/\/starstory.fr\/blog\/articles\/marche-nocturne\/"]}]},{"@type":"ImageObject","inLanguage":"fr-FR","@id":"https:\/\/starstory.fr\/blog\/articles\/marche-nocturne\/#primaryimage","url":"https:\/\/images.pexels.com\/photos\/30797232\/pexels-photo-30797232.jpeg?auto=compress&cs=tinysrgb&fit=crop&h=627&w=1200","contentUrl":"https:\/\/images.pexels.com\/photos\/30797232\/pexels-photo-30797232.jpeg?auto=compress&cs=tinysrgb&fit=crop&h=627&w=1200"},{"@type":"WebSite","@id":"https:\/\/starstory.fr\/blog\/#website","url":"https:\/\/starstory.fr\/blog\/","name":"StarStory","description":"StarStory, les \u00e9toiles racontent leur histoire","publisher":{"@id":"https:\/\/starstory.fr\/blog\/#organization"},"alternateName":"StarStory, les \u00e9toiles racontent leur histoire","potentialAction":[{"@type":"SearchAction","target":{"@type":"EntryPoint","urlTemplate":"https:\/\/starstory.fr\/blog\/?s={search_term_string}"},"query-input":{"@type":"PropertyValueSpecification","valueRequired":true,"valueName":"search_term_string"}}],"inLanguage":"fr-FR"},{"@type":"Organization","@id":"https:\/\/starstory.fr\/blog\/#organization","name":"StarStory","alternateName":"StarStory.fr","url":"https:\/\/starstory.fr\/blog\/","logo":{"@type":"ImageObject","inLanguage":"fr-FR","@id":"https:\/\/starstory.fr\/blog\/#\/schema\/logo\/image\/","url":"https:\/\/starstory.fr\/blog\/wp-content\/uploads\/2024\/12\/38.png","contentUrl":"https:\/\/starstory.fr\/blog\/wp-content\/uploads\/2024\/12\/38.png","width":500,"height":500,"caption":"StarStory"},"image":{"@id":"https:\/\/starstory.fr\/blog\/#\/schema\/logo\/image\/"}},{"@type":"Person","@id":"https:\/\/starstory.fr\/blog\/#\/schema\/person\/3c864cdc320801e3db34b663e7e3f816","name":"Rapha\u00ebl D.","image":{"@type":"ImageObject","inLanguage":"fr-FR","@id":"https:\/\/starstory.fr\/blog\/#\/schema\/person\/image\/","url":"https:\/\/starstory.fr\/blog\/wp-content\/uploads\/2026\/06\/persona_raphael-d-96x96.jpg","contentUrl":"https:\/\/starstory.fr\/blog\/wp-content\/uploads\/2026\/06\/persona_raphael-d-96x96.jpg","caption":"Rapha\u00ebl D."},"description":"La culture est mon terrain de jeu depuis une dizaine d'ann\u00e9es : arts visuels, s\u00e9ries, cr\u00e9ation et tout ce qui nourrit l'imaginaire. J'\u00e9cris aussi bien sur l'actualit\u00e9 des \u0153uvres que sur les coulisses de la cr\u00e9ation, avec l'envie de relier l'amateur curieux \u00e0 des univers parfois jug\u00e9s intimidants. J'aime analyser une s\u00e9rie ou une d\u00e9marche artistique sans p\u00e9dantisme, replacer une \u0153uvre dans son contexte et donner des cl\u00e9s de lecture accessibles. Avant de publier, je v\u00e9rifie mes r\u00e9f\u00e9rences, je recoupe les sources et je distingue clairement le fait de mon interpr\u00e9tation subjective. Je crois qu'une critique vaut surtout par les arguments qu'elle expose, pas par la sentence qu'elle rend. Mon angle : transmettre l'envie de d\u00e9couvrir, de regarder autrement et de se forger son propre go\u00fbt. La culture n'appartient pas qu'aux initi\u00e9s, et c'est tout l'enjeu de mon \u00e9criture.","url":"https:\/\/starstory.fr\/blog\/auteur\/noname\/","jobTitle":"R\u00e9dacteur en chef \u00b7 Culture & Cr\u00e9ation","knowsAbout":["Culture","Cr\u00e9ation"],"email":"raphael.d@a-l-asso-de-l-art.fr"}]}},"_links":{"self":[{"href":"https:\/\/starstory.fr\/blog\/wp-json\/wp\/v2\/posts\/7852","targetHints":{"allow":["GET"]}}],"collection":[{"href":"https:\/\/starstory.fr\/blog\/wp-json\/wp\/v2\/posts"}],"about":[{"href":"https:\/\/starstory.fr\/blog\/wp-json\/wp\/v2\/types\/post"}],"author":[{"embeddable":true,"href":"https:\/\/starstory.fr\/blog\/wp-json\/wp\/v2\/users\/34"}],"replies":[{"embeddable":true,"href":"https:\/\/starstory.fr\/blog\/wp-json\/wp\/v2\/comments?post=7852"}],"version-history":[{"count":1,"href":"https:\/\/starstory.fr\/blog\/wp-json\/wp\/v2\/posts\/7852\/revisions"}],"predecessor-version":[{"id":8136,"href":"https:\/\/starstory.fr\/blog\/wp-json\/wp\/v2\/posts\/7852\/revisions\/8136"}],"wp:attachment":[{"href":"https:\/\/starstory.fr\/blog\/wp-json\/wp\/v2\/media?parent=7852"}],"wp:term":[{"taxonomy":"category","embeddable":true,"href":"https:\/\/starstory.fr\/blog\/wp-json\/wp\/v2\/categories?post=7852"},{"taxonomy":"post_tag","embeddable":true,"href":"https:\/\/starstory.fr\/blog\/wp-json\/wp\/v2\/tags?post=7852"}],"curies":[{"name":"wp","href":"https:\/\/api.w.org\/{rel}","templated":true}]}}