{"id":7846,"date":"2026-06-24T09:00:00","date_gmt":"2026-06-24T09:00:00","guid":{"rendered":"https:\/\/starstory.fr\/blog\/?p=7846"},"modified":"2026-06-24T09:00:00","modified_gmt":"2026-06-24T09:00:00","slug":"marche-de-noel-bordeaux","status":"publish","type":"post","link":"https:\/\/starstory.fr\/blog\/articles\/marche-de-noel-bordeaux\/","title":{"rendered":"March\u00e9 No\u00ebl Bordeaux : Guide Visite 2026"},"content":{"rendered":"<p>Le march\u00e9 de No\u00ebl de Bordeaux est un \u00e9v\u00e9nement incontournable pour les amateurs de f\u00eates et de traditions. En 2026, ce march\u00e9 promet d\u2019\u00eatre encore plus enchanteur avec ses chalets illumin\u00e9s, ses produits artisanaux et ses animations festives. Situ\u00e9 sur la place Pey-Berland, il attire chaque ann\u00e9e des milliers de visiteurs d\u00e9sireux de d\u00e9couvrir l\u2019artisanat local, d\u00e9guster des sp\u00e9cialit\u00e9s culinaires et plonger dans l\u2019esprit des f\u00eates.<\/p>\n<p>Dans ce guide, vous trouverez toutes les informations pratiques pour profiter pleinement de votre visite au march\u00e9 de No\u00ebl \u00e0 Bordeaux, y compris les horaires, les activit\u00e9s propos\u00e9es et quelques conseils pour \u00e9viter les foules.<\/p>\n<h2>Horaires et dates du march\u00e9<\/h2>\n<p>Le march\u00e9 de No\u00ebl \u00e0 Bordeaux est g\u00e9n\u00e9ralement ouvert du 24 novembre au 26 d\u00e9cembre. En 2026, les horaires sont les suivants :<\/p>\n<ul>\n<li><strong>Lundi \u00e0 jeudi<\/strong> : 11h00 &#8211; 20h00<\/li>\n<li><strong>Vendredi et samedi<\/strong> : 11h00 &#8211; 21h00<\/li>\n<li><strong>Dimanche<\/strong> : 11h00 &#8211; 20h00<\/li>\n<\/ul>\n<p>Ces horaires peuvent varier en fonction des \u00e9v\u00e9nements sp\u00e9ciaux, alors consultez le site officiel pour les mises \u00e0 jour.<\/p>\n<h2>Localisation et acc\u00e8s<\/h2>\n<p>Le march\u00e9 se trouve sur la place Pey-Berland, face \u00e0 la cath\u00e9drale Saint-Andr\u00e9. Voici quelques options pour y acc\u00e9der :<\/p>\n<ul>\n<li><strong>Transports en commun<\/strong> : Tramway ligne A (arr\u00eat \u201cPey-Berland\u201d ou \u201cPlace des Quinconces\u201d).<\/li>\n<li><strong>\u00c0 pied<\/strong> : Situ\u00e9 au c\u0153ur du centre-ville, il est facilement accessible.<\/li>\n<li><strong>V\u00e9lo<\/strong> : Des stations de v\u00e9los en libre-service sont disponibles \u00e0 proximit\u00e9.<\/li>\n<\/ul>\n<h2>Les incontournables du march\u00e9<\/h2>\n<h3>Artisanat local<\/h3>\n<p>Le march\u00e9 met en avant des artisans locaux qui proposent une large gamme de produits :<\/p>\n<ul>\n<li><strong>D\u00e9corations de No\u00ebl<\/strong> : Boules artisanales, guirlandes faites main.<\/li>\n<li><strong>Produits gourmands<\/strong> : Chocolats, biscuits, confitures.<\/li>\n<li><strong>V\u00eatements et accessoires<\/strong> : \u00c9charpes tricot\u00e9es, bijoux artisanaux.<\/li>\n<\/ul>\n<h3>Gastronomie<\/h3>\n<p>Ne manquez pas d\u2019essayer certaines sp\u00e9cialit\u00e9s culinaires typiques :<\/p>\n<table class=\"kwdbank-table\">\n<thead>\n<tr>\n<th>Produit<\/th>\n<th>Prix moyen<\/th>\n<\/tr>\n<\/thead>\n<tbody>\n<tr>\n<td>Vin chaud<\/td>\n<td>3 \u20ac<\/td>\n<\/tr>\n<tr>\n<td>Cr\u00eapes<\/td>\n<td>5 \u20ac<\/td>\n<\/tr>\n<tr>\n<td>Foie gras<\/td>\n<td>15 \u20ac\/100g<\/td>\n<\/tr>\n<tr>\n<td>Marrons chauds<\/td>\n<td>4 \u20ac<\/td>\n<\/tr>\n<\/tbody>\n<\/table>\n<p>Le vin chaud est particuli\u00e8rement appr\u00e9ci\u00e9 lors des soir\u00e9es froides. Pensez \u00e0 go\u00fbter aux cr\u00eapes sucr\u00e9es ou sal\u00e9es propos\u00e9es par les diff\u00e9rents stands !<\/p>\n<h3>Animations et \u00e9v\u00e9nements<\/h3>\n<p>Chaque week-end, le march\u00e9 propose diverses animations :<\/p>\n<ul>\n<li>Concerts de No\u00ebl<\/li>\n<li>Ateliers pour enfants (fabrication de d\u00e9corations)<\/li>\n<li>Visites du P\u00e8re No\u00ebl<\/li>\n<\/ul>\n<p>Ces activit\u00e9s sont souvent gratuites et ajoutent une touche festive \u00e0 votre exp\u00e9rience.<\/p>\n<h2>Pi\u00e8ge \u00e0 \u00e9viter<\/h2>\n<p>\u00c9vitez d\u2019y aller aux heures de pointe (le week-end entre 15h00 et 18h00). Privil\u00e9giez une visite en semaine ou t\u00f4t le matin pour profiter d\u2019une ambiance plus calme et avoir un meilleur acc\u00e8s aux stands.<\/p>\n<h2>Conseils pratiques<\/h2>\n<ol>\n<li><strong>Pr\u00e9voyez un budget<\/strong> : \u00c9tablissez un budget avant votre visite pour ne pas \u00eatre surpris par vos d\u00e9penses.<\/li>\n<li><strong>Habillez-vous chaudement<\/strong> : Les temp\u00e9ratures peuvent chuter en d\u00e9cembre ; pensez aux v\u00eatements chauds.<\/li>\n<li><strong>Restez vigilant avec vos affaires<\/strong> : Comme tout \u00e9v\u00e9nement populaire, faites attention \u00e0 vos objets personnels.<\/li>\n<\/ol>\n<h2>FAQ<\/h2>\n<h3>Quelles sont les dates exactes du march\u00e9 de No\u00ebl \u00e0 Bordeaux en 2026 ?<\/h3>\n<p>Le march\u00e9 sera ouvert du 24 novembre au 26 d\u00e9cembre.<\/p>\n<h3>Quels types d\u2019artisanat peut-on trouver au march\u00e9 ?<\/h3>\n<p>On y trouve des d\u00e9corations, des produits gourmands ainsi que des v\u00eatements artisanaux.<\/p>\n<h3>Y a-t-il des animations pour enfants ?<\/h3>\n<p>Oui, plusieurs ateliers sont organis\u00e9s chaque week-end pour divertir les enfants.<\/p>\n<h3>Quels moyens de transport sont recommand\u00e9s pour acc\u00e9der au march\u00e9 ?<\/h3>\n<p>Le tramway est une option pratique ; vous pouvez \u00e9galement vous y rendre \u00e0 pied ou \u00e0 v\u00e9lo.<\/p>\n<h3>Quelle est la meilleure heure pour visiter le march\u00e9 ?<\/h3>\n<p>Les jours en semaine t\u00f4t le matin sont recommand\u00e9s pour \u00e9viter la foule.<\/p>\n<h3>Est-il possible de d\u00e9guster des plats typiques sur place ?<\/h3>\n<p>Oui, plusieurs stands proposent des sp\u00e9cialit\u00e9s locales comme le vin chaud et les cr\u00eapes.<\/p>\n<p>Pr\u00e9parez-vous donc \u00e0 vivre un moment inoubliable au c\u0153ur du march\u00e9 de No\u00ebl \u00e0 Bordeaux !<\/p>\n","protected":false},"excerpt":{"rendered":"","protected":false},"author":34,"featured_media":999999999,"comment_status":"open","ping_status":"open","sticky":false,"template":"","format":"standard","meta":{"_acf_changed":false,"manual_indexmenow":false,"indexmenow_id_project":0,"footnotes":""},"categories":[4835],"tags":[],"class_list":["post-7846","post","type-post","status-publish","format-standard","has-post-thumbnail","hentry","category-articles","generate-columns","tablet-grid-50","mobile-grid-100","grid-parent","grid-25"],"acf":[],"yoast_head":"<!-- This site is optimized with the Yoast SEO Premium plugin v21.3 (Yoast SEO v26.5) - https:\/\/yoast.com\/wordpress\/plugins\/seo\/ -->\n<title>March\u00e9 No\u00ebl Bordeaux : Guide Visite 2026<\/title>\n<meta name=\"description\" content=\"Le march\u00e9 de No\u00ebl de Bordeaux est un \u00e9v\u00e9nement incontournable pour les amateurs de f\u00eates et de traditions. En 2026, ce march\u00e9 promet d\u2019\u00eatre encore\" \/>\n<meta name=\"robots\" content=\"index, follow, max-snippet:-1, max-image-preview:large, max-video-preview:-1\" \/>\n<link rel=\"canonical\" href=\"https:\/\/starstory.fr\/blog\/articles\/marche-de-noel-bordeaux\/\" \/>\n<meta property=\"og:locale\" content=\"fr_FR\" \/>\n<meta property=\"og:type\" content=\"article\" \/>\n<meta property=\"og:title\" content=\"March\u00e9 No\u00ebl Bordeaux : Guide Visite 2026\" \/>\n<meta property=\"og:description\" content=\"Le march\u00e9 de No\u00ebl de Bordeaux est un \u00e9v\u00e9nement incontournable pour les amateurs de f\u00eates et de traditions. En 2026, ce march\u00e9 promet d\u2019\u00eatre encore\" \/>\n<meta property=\"og:url\" content=\"https:\/\/starstory.fr\/blog\/articles\/marche-de-noel-bordeaux\/\" \/>\n<meta property=\"og:site_name\" content=\"starstory\" \/>\n<meta name=\"author\" content=\"Rapha\u00ebl D.\" \/>\n<meta name=\"twitter:card\" content=\"summary_large_image\" \/>\n<script type=\"application\/ld+json\" class=\"yoast-schema-graph\">{\"@context\":\"https:\/\/schema.org\",\"@graph\":[{\"@type\":\"NewsArticle\",\"@id\":\"https:\/\/starstory.fr\/blog\/articles\/marche-de-noel-bordeaux\/#article\",\"isPartOf\":{\"@id\":\"https:\/\/starstory.fr\/blog\/articles\/marche-de-noel-bordeaux\/\"},\"author\":{\"name\":\"Rapha\u00ebl D.\",\"@id\":\"https:\/\/starstory.fr\/blog\/#\/schema\/person\/3c864cdc320801e3db34b663e7e3f816\"},\"headline\":\"March\u00e9 No\u00ebl Bordeaux : Guide Visite 2026\",\"datePublished\":\"2026-06-24T09:00:00+00:00\",\"mainEntityOfPage\":{\"@id\":\"https:\/\/starstory.fr\/blog\/articles\/marche-de-noel-bordeaux\/\"},\"wordCount\":638,\"commentCount\":0,\"publisher\":{\"@id\":\"https:\/\/starstory.fr\/blog\/#organization\"},\"image\":{\"@id\":\"https:\/\/starstory.fr\/blog\/articles\/marche-de-noel-bordeaux\/#primaryimage\"},\"thumbnailUrl\":\"https:\/\/images.pexels.com\/photos\/32132177\/pexels-photo-32132177.jpeg?auto=compress&cs=tinysrgb&fit=crop&h=627&w=1200\",\"articleSection\":[\"Articles\"],\"inLanguage\":\"fr-FR\",\"potentialAction\":[{\"@type\":\"CommentAction\",\"name\":\"Comment\",\"target\":[\"https:\/\/starstory.fr\/blog\/articles\/marche-de-noel-bordeaux\/#respond\"]}]},{\"@type\":\"WebPage\",\"@id\":\"https:\/\/starstory.fr\/blog\/articles\/marche-de-noel-bordeaux\/\",\"url\":\"https:\/\/starstory.fr\/blog\/articles\/marche-de-noel-bordeaux\/\",\"name\":\"March\u00e9 No\u00ebl Bordeaux : Guide Visite 2026\",\"isPartOf\":{\"@id\":\"https:\/\/starstory.fr\/blog\/#website\"},\"primaryImageOfPage\":{\"@id\":\"https:\/\/starstory.fr\/blog\/articles\/marche-de-noel-bordeaux\/#primaryimage\"},\"image\":{\"@id\":\"https:\/\/starstory.fr\/blog\/articles\/marche-de-noel-bordeaux\/#primaryimage\"},\"thumbnailUrl\":\"https:\/\/images.pexels.com\/photos\/32132177\/pexels-photo-32132177.jpeg?auto=compress&cs=tinysrgb&fit=crop&h=627&w=1200\",\"datePublished\":\"2026-06-24T09:00:00+00:00\",\"description\":\"Le march\u00e9 de No\u00ebl de Bordeaux est un \u00e9v\u00e9nement incontournable pour les amateurs de f\u00eates et de traditions. En 2026, ce march\u00e9 promet d\u2019\u00eatre encore\",\"inLanguage\":\"fr-FR\",\"potentialAction\":[{\"@type\":\"ReadAction\",\"target\":[\"https:\/\/starstory.fr\/blog\/articles\/marche-de-noel-bordeaux\/\"]}]},{\"@type\":\"ImageObject\",\"inLanguage\":\"fr-FR\",\"@id\":\"https:\/\/starstory.fr\/blog\/articles\/marche-de-noel-bordeaux\/#primaryimage\",\"url\":\"https:\/\/images.pexels.com\/photos\/32132177\/pexels-photo-32132177.jpeg?auto=compress&cs=tinysrgb&fit=crop&h=627&w=1200\",\"contentUrl\":\"https:\/\/images.pexels.com\/photos\/32132177\/pexels-photo-32132177.jpeg?auto=compress&cs=tinysrgb&fit=crop&h=627&w=1200\"},{\"@type\":\"WebSite\",\"@id\":\"https:\/\/starstory.fr\/blog\/#website\",\"url\":\"https:\/\/starstory.fr\/blog\/\",\"name\":\"StarStory\",\"description\":\"StarStory, les \u00e9toiles racontent leur histoire\",\"publisher\":{\"@id\":\"https:\/\/starstory.fr\/blog\/#organization\"},\"alternateName\":\"StarStory, les \u00e9toiles racontent leur histoire\",\"potentialAction\":[{\"@type\":\"SearchAction\",\"target\":{\"@type\":\"EntryPoint\",\"urlTemplate\":\"https:\/\/starstory.fr\/blog\/?s={search_term_string}\"},\"query-input\":{\"@type\":\"PropertyValueSpecification\",\"valueRequired\":true,\"valueName\":\"search_term_string\"}}],\"inLanguage\":\"fr-FR\"},{\"@type\":\"Organization\",\"@id\":\"https:\/\/starstory.fr\/blog\/#organization\",\"name\":\"StarStory\",\"alternateName\":\"StarStory.fr\",\"url\":\"https:\/\/starstory.fr\/blog\/\",\"logo\":{\"@type\":\"ImageObject\",\"inLanguage\":\"fr-FR\",\"@id\":\"https:\/\/starstory.fr\/blog\/#\/schema\/logo\/image\/\",\"url\":\"https:\/\/starstory.fr\/blog\/wp-content\/uploads\/2024\/12\/38.png\",\"contentUrl\":\"https:\/\/starstory.fr\/blog\/wp-content\/uploads\/2024\/12\/38.png\",\"width\":500,\"height\":500,\"caption\":\"StarStory\"},\"image\":{\"@id\":\"https:\/\/starstory.fr\/blog\/#\/schema\/logo\/image\/\"}},{\"@type\":\"Person\",\"@id\":\"https:\/\/starstory.fr\/blog\/#\/schema\/person\/3c864cdc320801e3db34b663e7e3f816\",\"name\":\"Rapha\u00ebl D.\",\"image\":{\"@type\":\"ImageObject\",\"inLanguage\":\"fr-FR\",\"@id\":\"https:\/\/starstory.fr\/blog\/#\/schema\/person\/image\/\",\"url\":\"https:\/\/starstory.fr\/blog\/wp-content\/uploads\/2026\/06\/persona_raphael-d-96x96.jpg\",\"contentUrl\":\"https:\/\/starstory.fr\/blog\/wp-content\/uploads\/2026\/06\/persona_raphael-d-96x96.jpg\",\"caption\":\"Rapha\u00ebl D.\"},\"description\":\"La culture est mon terrain de jeu depuis une dizaine d'ann\u00e9es : arts visuels, s\u00e9ries, cr\u00e9ation et tout ce qui nourrit l'imaginaire. J'\u00e9cris aussi bien sur l'actualit\u00e9 des \u0153uvres que sur les coulisses de la cr\u00e9ation, avec l'envie de relier l'amateur curieux \u00e0 des univers parfois jug\u00e9s intimidants. J'aime analyser une s\u00e9rie ou une d\u00e9marche artistique sans p\u00e9dantisme, replacer une \u0153uvre dans son contexte et donner des cl\u00e9s de lecture accessibles. Avant de publier, je v\u00e9rifie mes r\u00e9f\u00e9rences, je recoupe les sources et je distingue clairement le fait de mon interpr\u00e9tation subjective. Je crois qu'une critique vaut surtout par les arguments qu'elle expose, pas par la sentence qu'elle rend. Mon angle : transmettre l'envie de d\u00e9couvrir, de regarder autrement et de se forger son propre go\u00fbt. La culture n'appartient pas qu'aux initi\u00e9s, et c'est tout l'enjeu de mon \u00e9criture.\",\"url\":\"https:\/\/starstory.fr\/blog\/auteur\/noname\/\",\"jobTitle\":\"R\u00e9dacteur en chef \u00b7 Culture & Cr\u00e9ation\",\"knowsAbout\":[\"Culture\",\"Cr\u00e9ation\"],\"email\":\"raphael.d@a-l-asso-de-l-art.fr\"}]}<\/script>\n<!-- \/ Yoast SEO Premium plugin. -->","yoast_head_json":{"title":"March\u00e9 No\u00ebl Bordeaux : Guide Visite 2026","description":"Le march\u00e9 de No\u00ebl de Bordeaux est un \u00e9v\u00e9nement incontournable pour les amateurs de f\u00eates et de traditions. En 2026, ce march\u00e9 promet d\u2019\u00eatre encore","robots":{"index":"index","follow":"follow","max-snippet":"max-snippet:-1","max-image-preview":"max-image-preview:large","max-video-preview":"max-video-preview:-1"},"canonical":"https:\/\/starstory.fr\/blog\/articles\/marche-de-noel-bordeaux\/","og_locale":"fr_FR","og_type":"article","og_title":"March\u00e9 No\u00ebl Bordeaux : Guide Visite 2026","og_description":"Le march\u00e9 de No\u00ebl de Bordeaux est un \u00e9v\u00e9nement incontournable pour les amateurs de f\u00eates et de traditions. En 2026, ce march\u00e9 promet d\u2019\u00eatre encore","og_url":"https:\/\/starstory.fr\/blog\/articles\/marche-de-noel-bordeaux\/","og_site_name":"starstory","author":"Rapha\u00ebl D.","twitter_card":"summary_large_image","schema":{"@context":"https:\/\/schema.org","@graph":[{"@type":"NewsArticle","@id":"https:\/\/starstory.fr\/blog\/articles\/marche-de-noel-bordeaux\/#article","isPartOf":{"@id":"https:\/\/starstory.fr\/blog\/articles\/marche-de-noel-bordeaux\/"},"author":{"name":"Rapha\u00ebl D.","@id":"https:\/\/starstory.fr\/blog\/#\/schema\/person\/3c864cdc320801e3db34b663e7e3f816"},"headline":"March\u00e9 No\u00ebl Bordeaux : Guide Visite 2026","datePublished":"2026-06-24T09:00:00+00:00","mainEntityOfPage":{"@id":"https:\/\/starstory.fr\/blog\/articles\/marche-de-noel-bordeaux\/"},"wordCount":638,"commentCount":0,"publisher":{"@id":"https:\/\/starstory.fr\/blog\/#organization"},"image":{"@id":"https:\/\/starstory.fr\/blog\/articles\/marche-de-noel-bordeaux\/#primaryimage"},"thumbnailUrl":"https:\/\/images.pexels.com\/photos\/32132177\/pexels-photo-32132177.jpeg?auto=compress&cs=tinysrgb&fit=crop&h=627&w=1200","articleSection":["Articles"],"inLanguage":"fr-FR","potentialAction":[{"@type":"CommentAction","name":"Comment","target":["https:\/\/starstory.fr\/blog\/articles\/marche-de-noel-bordeaux\/#respond"]}]},{"@type":"WebPage","@id":"https:\/\/starstory.fr\/blog\/articles\/marche-de-noel-bordeaux\/","url":"https:\/\/starstory.fr\/blog\/articles\/marche-de-noel-bordeaux\/","name":"March\u00e9 No\u00ebl Bordeaux : Guide Visite 2026","isPartOf":{"@id":"https:\/\/starstory.fr\/blog\/#website"},"primaryImageOfPage":{"@id":"https:\/\/starstory.fr\/blog\/articles\/marche-de-noel-bordeaux\/#primaryimage"},"image":{"@id":"https:\/\/starstory.fr\/blog\/articles\/marche-de-noel-bordeaux\/#primaryimage"},"thumbnailUrl":"https:\/\/images.pexels.com\/photos\/32132177\/pexels-photo-32132177.jpeg?auto=compress&cs=tinysrgb&fit=crop&h=627&w=1200","datePublished":"2026-06-24T09:00:00+00:00","description":"Le march\u00e9 de No\u00ebl de Bordeaux est un \u00e9v\u00e9nement incontournable pour les amateurs de f\u00eates et de traditions. En 2026, ce march\u00e9 promet d\u2019\u00eatre encore","inLanguage":"fr-FR","potentialAction":[{"@type":"ReadAction","target":["https:\/\/starstory.fr\/blog\/articles\/marche-de-noel-bordeaux\/"]}]},{"@type":"ImageObject","inLanguage":"fr-FR","@id":"https:\/\/starstory.fr\/blog\/articles\/marche-de-noel-bordeaux\/#primaryimage","url":"https:\/\/images.pexels.com\/photos\/32132177\/pexels-photo-32132177.jpeg?auto=compress&cs=tinysrgb&fit=crop&h=627&w=1200","contentUrl":"https:\/\/images.pexels.com\/photos\/32132177\/pexels-photo-32132177.jpeg?auto=compress&cs=tinysrgb&fit=crop&h=627&w=1200"},{"@type":"WebSite","@id":"https:\/\/starstory.fr\/blog\/#website","url":"https:\/\/starstory.fr\/blog\/","name":"StarStory","description":"StarStory, les \u00e9toiles racontent leur histoire","publisher":{"@id":"https:\/\/starstory.fr\/blog\/#organization"},"alternateName":"StarStory, les \u00e9toiles racontent leur histoire","potentialAction":[{"@type":"SearchAction","target":{"@type":"EntryPoint","urlTemplate":"https:\/\/starstory.fr\/blog\/?s={search_term_string}"},"query-input":{"@type":"PropertyValueSpecification","valueRequired":true,"valueName":"search_term_string"}}],"inLanguage":"fr-FR"},{"@type":"Organization","@id":"https:\/\/starstory.fr\/blog\/#organization","name":"StarStory","alternateName":"StarStory.fr","url":"https:\/\/starstory.fr\/blog\/","logo":{"@type":"ImageObject","inLanguage":"fr-FR","@id":"https:\/\/starstory.fr\/blog\/#\/schema\/logo\/image\/","url":"https:\/\/starstory.fr\/blog\/wp-content\/uploads\/2024\/12\/38.png","contentUrl":"https:\/\/starstory.fr\/blog\/wp-content\/uploads\/2024\/12\/38.png","width":500,"height":500,"caption":"StarStory"},"image":{"@id":"https:\/\/starstory.fr\/blog\/#\/schema\/logo\/image\/"}},{"@type":"Person","@id":"https:\/\/starstory.fr\/blog\/#\/schema\/person\/3c864cdc320801e3db34b663e7e3f816","name":"Rapha\u00ebl D.","image":{"@type":"ImageObject","inLanguage":"fr-FR","@id":"https:\/\/starstory.fr\/blog\/#\/schema\/person\/image\/","url":"https:\/\/starstory.fr\/blog\/wp-content\/uploads\/2026\/06\/persona_raphael-d-96x96.jpg","contentUrl":"https:\/\/starstory.fr\/blog\/wp-content\/uploads\/2026\/06\/persona_raphael-d-96x96.jpg","caption":"Rapha\u00ebl D."},"description":"La culture est mon terrain de jeu depuis une dizaine d'ann\u00e9es : arts visuels, s\u00e9ries, cr\u00e9ation et tout ce qui nourrit l'imaginaire. J'\u00e9cris aussi bien sur l'actualit\u00e9 des \u0153uvres que sur les coulisses de la cr\u00e9ation, avec l'envie de relier l'amateur curieux \u00e0 des univers parfois jug\u00e9s intimidants. J'aime analyser une s\u00e9rie ou une d\u00e9marche artistique sans p\u00e9dantisme, replacer une \u0153uvre dans son contexte et donner des cl\u00e9s de lecture accessibles. Avant de publier, je v\u00e9rifie mes r\u00e9f\u00e9rences, je recoupe les sources et je distingue clairement le fait de mon interpr\u00e9tation subjective. Je crois qu'une critique vaut surtout par les arguments qu'elle expose, pas par la sentence qu'elle rend. Mon angle : transmettre l'envie de d\u00e9couvrir, de regarder autrement et de se forger son propre go\u00fbt. La culture n'appartient pas qu'aux initi\u00e9s, et c'est tout l'enjeu de mon \u00e9criture.","url":"https:\/\/starstory.fr\/blog\/auteur\/noname\/","jobTitle":"R\u00e9dacteur en chef \u00b7 Culture & Cr\u00e9ation","knowsAbout":["Culture","Cr\u00e9ation"],"email":"raphael.d@a-l-asso-de-l-art.fr"}]}},"_links":{"self":[{"href":"https:\/\/starstory.fr\/blog\/wp-json\/wp\/v2\/posts\/7846","targetHints":{"allow":["GET"]}}],"collection":[{"href":"https:\/\/starstory.fr\/blog\/wp-json\/wp\/v2\/posts"}],"about":[{"href":"https:\/\/starstory.fr\/blog\/wp-json\/wp\/v2\/types\/post"}],"author":[{"embeddable":true,"href":"https:\/\/starstory.fr\/blog\/wp-json\/wp\/v2\/users\/34"}],"replies":[{"embeddable":true,"href":"https:\/\/starstory.fr\/blog\/wp-json\/wp\/v2\/comments?post=7846"}],"version-history":[{"count":1,"href":"https:\/\/starstory.fr\/blog\/wp-json\/wp\/v2\/posts\/7846\/revisions"}],"predecessor-version":[{"id":8130,"href":"https:\/\/starstory.fr\/blog\/wp-json\/wp\/v2\/posts\/7846\/revisions\/8130"}],"wp:attachment":[{"href":"https:\/\/starstory.fr\/blog\/wp-json\/wp\/v2\/media?parent=7846"}],"wp:term":[{"taxonomy":"category","embeddable":true,"href":"https:\/\/starstory.fr\/blog\/wp-json\/wp\/v2\/categories?post=7846"},{"taxonomy":"post_tag","embeddable":true,"href":"https:\/\/starstory.fr\/blog\/wp-json\/wp\/v2\/tags?post=7846"}],"curies":[{"name":"wp","href":"https:\/\/api.w.org\/{rel}","templated":true}]}}