{"id":7841,"date":"2026-06-19T09:00:00","date_gmt":"2026-06-19T09:00:00","guid":{"rendered":"https:\/\/starstory.fr\/blog\/?p=7841"},"modified":"2026-06-19T09:00:00","modified_gmt":"2026-06-19T09:00:00","slug":"bataille-de-verdun","status":"publish","type":"post","link":"https:\/\/starstory.fr\/blog\/articles\/bataille-de-verdun\/","title":{"rendered":"Bataille de Verdun : Guide de Visite Historique"},"content":{"rendered":"<p>La bataille de Verdun, qui s\u2019est d\u00e9roul\u00e9e entre f\u00e9vrier et d\u00e9cembre 1916, est l\u2019un des \u00e9v\u00e9nements les plus marquants de la Premi\u00e8re Guerre mondiale. Elle a oppos\u00e9 les forces fran\u00e7aises aux arm\u00e9es allemandes, entra\u00eenant des pertes humaines et mat\u00e9rielles consid\u00e9rables. Si vous souhaitez explorer ce site historique, il est essentiel de comprendre non seulement son importance militaire mais aussi les diff\u00e9rents lieux \u00e0 visiter et leurs significations.<\/p>\n<p>Dans cet article, nous allons comparer plusieurs sites historiques li\u00e9s \u00e0 la bataille de Verdun, en vous offrant un guide pratique pour planifier votre visite.<\/p>\n<h2>Contexte Historique<\/h2>\n<h3>Les Origines du Conflit<\/h3>\n<p>La bataille de Verdun a \u00e9t\u00e9 d\u00e9clench\u00e9e par le d\u00e9sir allemand d\u2019infliger une d\u00e9faite d\u00e9cisive \u00e0 la France. Le g\u00e9n\u00e9ral Erich von Falkenhayn a choisi Verdun pour sa valeur symbolique. L\u2019objectif \u00e9tait d\u2019\u00e9puiser l\u2019arm\u00e9e fran\u00e7aise par une guerre d\u2019attrition.<\/p>\n<h3>Les Chiffres Cl\u00e9s<\/h3>\n<ul>\n<li><strong>Dur\u00e9e<\/strong> : 302 jours<\/li>\n<li><strong>Pertes humaines<\/strong> : environ 700 000 soldats (entre les deux camps)<\/li>\n<li><strong>Terrain<\/strong> : 300 km\u00b2 de champs de bataille<\/li>\n<\/ul>\n<h2>Principaux Sites \u00e0 Visiter<\/h2>\n<h3>1. Fort Douaumont<\/h3>\n<h4>Pr\u00e9sentation<\/h4>\n<p>Le fort Douaumont est le principal ouvrage fortifi\u00e9 de la r\u00e9gion. Sa prise par les Allemands en f\u00e9vrier 1916 a \u00e9t\u00e9 un tournant dans la bataille.<\/p>\n<h4>Pourquoi Visiter ?<\/h4>\n<p>Le site propose des visites guid\u00e9es qui plongent dans l\u2019histoire militaire et strat\u00e9gique du fort. Des reconstitutions y sont souvent organis\u00e9es.<\/p>\n<h3>2. Ossuaire de Douaumont<\/h3>\n<h4>Pr\u00e9sentation<\/h4>\n<p>L\u2019ossuaire abrite les restes de pr\u00e8s de 130 000 soldats inconnus.<\/p>\n<h4>Pourquoi Visiter ?<\/h4>\n<p>C\u2019est un lieu de m\u00e9moire et de recueillement, avec une vue panoramique sur le champ de bataille. Des expositions sur la Premi\u00e8re Guerre mondiale y sont \u00e9galement pr\u00e9sent\u00e9es.<\/p>\n<h3>3. M\u00e9morial de Verdun<\/h3>\n<h4>Pr\u00e9sentation<\/h4>\n<p>Ce m\u00e9morial retrace l\u2019histoire compl\u00e8te de la bataille et ses cons\u00e9quences.<\/p>\n<h4>Pourquoi Visiter ?<\/h4>\n<p>Il offre une exp\u00e9rience immersive avec des objets authentiques, des films documentaires et des t\u00e9moignages.<\/p>\n<table class=\"kwdbank-table\">\n<thead>\n<tr>\n<th>Site<\/th>\n<th>Type<\/th>\n<th>Dur\u00e9e moyenne de visite<\/th>\n<th>Activit\u00e9s<\/th>\n<\/tr>\n<\/thead>\n<tbody>\n<tr>\n<td>Fort Douaumont<\/td>\n<td>Monument historique<\/td>\n<td>1h30<\/td>\n<td>Visites guid\u00e9es<\/td>\n<\/tr>\n<tr>\n<td>Ossuaire de Douaumont<\/td>\n<td>M\u00e9morial<\/td>\n<td>1h<\/td>\n<td>Expositions<\/td>\n<\/tr>\n<tr>\n<td>M\u00e9morial de Verdun<\/td>\n<td>Mus\u00e9e<\/td>\n<td>2h<\/td>\n<td>Projections<\/td>\n<\/tr>\n<\/tbody>\n<\/table>\n<h2>Comparaison des Alternatives<\/h2>\n<p>Visiter Verdun peut se faire \u00e0 travers plusieurs types d\u2019exp\u00e9riences :<\/p>\n<ul>\n<li><strong>Visite guid\u00e9e<\/strong> : Id\u00e9ale pour ceux qui souhaitent une compr\u00e9hension approfondie.<\/li>\n<li><strong>Visite libre<\/strong> : Pour ceux qui pr\u00e9f\u00e8rent explorer \u00e0 leur rythme.<\/li>\n<li><strong>Balades th\u00e9matiques<\/strong> : Pour d\u00e9couvrir les paysages tout en apprenant sur l\u2019histoire militaire.<\/li>\n<\/ul>\n<h3>Pi\u00e8ge \u00e0 \u00c9viter<\/h3>\n<p>\u00c9vitez les visites pendant les mois d\u2019\u00e9t\u00e9 si vous n\u2019appr\u00e9ciez pas la foule. Les mois d\u2019avril et septembre offrent un climat agr\u00e9able avec moins d\u2019affluence, permettant une meilleure exp\u00e9rience.<\/p>\n<h2>Informations Pratiques<\/h2>\n<h3>Acc\u00e8s<\/h3>\n<p>Le site est accessible en voiture depuis Paris (environ 3 heures) ou en train jusqu\u2019\u00e0 Verdun, suivi d\u2019un court trajet en bus ou taxi.<\/p>\n<h3>Horaires<\/h3>\n<p>Les sites ferment g\u00e9n\u00e9ralement entre novembre et mars pour l\u2019hiver ; v\u00e9rifiez toujours les horaires avant votre visite.<\/p>\n<h2>FAQ<\/h2>\n<h3>Quelle est l\u2019importance historique de la bataille de Verdun ?<\/h3>\n<p>La bataille symbolise la d\u00e9termination fran\u00e7aise face \u00e0 l\u2019ennemi et a eu un impact durable sur la m\u00e9moire collective fran\u00e7aise.<\/p>\n<h3>Quels sont les autres lieux li\u00e9s \u00e0 la Premi\u00e8re Guerre mondiale pr\u00e8s de Verdun ?<\/h3>\n<p>Des sites comme le Cimeti\u00e8re am\u00e9ricain et le Champignon d\u2019Aisne sont \u00e9galement importants \u00e0 visiter pour compl\u00e9ter votre compr\u00e9hension du conflit.<\/p>\n<h3>Peut-on visiter Verdun avec des enfants ?<\/h3>\n<p>Oui, plusieurs mus\u00e9es offrent des activit\u00e9s adapt\u00e9es aux jeunes visiteurs, rendant l\u2019exp\u00e9rience \u00e9ducative et engageante.<\/p>\n<h3>Quels souvenirs rapporter apr\u00e8s une visite \u00e0 Verdun ?<\/h3>\n<p>Des livres sur l\u2019histoire locale, des reproductions d\u2019objets historiques ou m\u00eame des cartes postales peuvent faire d\u2019excellents souvenirs.<\/p>\n<h3>Comment pr\u00e9parer ma visite \u00e0 Verdun ?<\/h3>\n<p>Il est conseill\u00e9 d\u2019\u00e9tudier un peu l\u2019histoire avant votre arriv\u00e9e afin que vous puissiez mieux appr\u00e9cier ce que vous verrez sur place.<\/p>\n<h3>Y a-t-il des \u00e9v\u00e9nements comm\u00e9moratifs \u00e0 Verdun ?<\/h3>\n<p>Oui, plusieurs \u00e9v\u00e9nements ont lieu chaque ann\u00e9e autour du mois de f\u00e9vrier pour comm\u00e9morer le d\u00e9but de la bataille. Consultez le calendrier local pour plus d\u2019informations.<\/p>\n<p>Organisez votre visite en tenant compte des conseils ci-dessus afin d\u2019enrichir votre compr\u00e9hension historique tout en honorant la m\u00e9moire des combattants.<\/p>\n","protected":false},"excerpt":{"rendered":"","protected":false},"author":34,"featured_media":999999999,"comment_status":"open","ping_status":"open","sticky":false,"template":"","format":"standard","meta":{"_acf_changed":false,"manual_indexmenow":false,"indexmenow_id_project":0,"footnotes":""},"categories":[4835],"tags":[],"class_list":["post-7841","post","type-post","status-publish","format-standard","has-post-thumbnail","hentry","category-articles","generate-columns","tablet-grid-50","mobile-grid-100","grid-parent","grid-25"],"acf":[],"yoast_head":"<!-- This site is optimized with the Yoast SEO Premium plugin v21.3 (Yoast SEO v26.5) - https:\/\/yoast.com\/wordpress\/plugins\/seo\/ -->\n<title>Bataille de Verdun : Guide de Visite Historique<\/title>\n<meta name=\"description\" content=\"La bataille de Verdun, qui s\u2019est d\u00e9roul\u00e9e entre f\u00e9vrier et d\u00e9cembre 1916, est l\u2019un des \u00e9v\u00e9nements les plus marquants de la Premi\u00e8re Guerre mondiale\" \/>\n<meta name=\"robots\" content=\"index, follow, max-snippet:-1, max-image-preview:large, max-video-preview:-1\" \/>\n<link rel=\"canonical\" href=\"https:\/\/starstory.fr\/blog\/articles\/bataille-de-verdun\/\" \/>\n<meta property=\"og:locale\" content=\"fr_FR\" \/>\n<meta property=\"og:type\" content=\"article\" \/>\n<meta property=\"og:title\" content=\"Bataille de Verdun : Guide de Visite Historique\" \/>\n<meta property=\"og:description\" content=\"La bataille de Verdun, qui s\u2019est d\u00e9roul\u00e9e entre f\u00e9vrier et d\u00e9cembre 1916, est l\u2019un des \u00e9v\u00e9nements les plus marquants de la Premi\u00e8re Guerre mondiale\" \/>\n<meta property=\"og:url\" content=\"https:\/\/starstory.fr\/blog\/articles\/bataille-de-verdun\/\" \/>\n<meta property=\"og:site_name\" content=\"starstory\" \/>\n<meta name=\"author\" content=\"Rapha\u00ebl D.\" \/>\n<meta name=\"twitter:card\" content=\"summary_large_image\" \/>\n<script type=\"application\/ld+json\" class=\"yoast-schema-graph\">{\"@context\":\"https:\/\/schema.org\",\"@graph\":[{\"@type\":\"NewsArticle\",\"@id\":\"https:\/\/starstory.fr\/blog\/articles\/bataille-de-verdun\/#article\",\"isPartOf\":{\"@id\":\"https:\/\/starstory.fr\/blog\/articles\/bataille-de-verdun\/\"},\"author\":{\"name\":\"Rapha\u00ebl D.\",\"@id\":\"https:\/\/starstory.fr\/blog\/#\/schema\/person\/3c864cdc320801e3db34b663e7e3f816\"},\"headline\":\"Bataille de Verdun : Guide de Visite Historique\",\"datePublished\":\"2026-06-19T09:00:00+00:00\",\"mainEntityOfPage\":{\"@id\":\"https:\/\/starstory.fr\/blog\/articles\/bataille-de-verdun\/\"},\"wordCount\":744,\"commentCount\":0,\"publisher\":{\"@id\":\"https:\/\/starstory.fr\/blog\/#organization\"},\"image\":{\"@id\":\"https:\/\/starstory.fr\/blog\/articles\/bataille-de-verdun\/#primaryimage\"},\"thumbnailUrl\":\"https:\/\/images.pexels.com\/photos\/15457820\/pexels-photo-15457820.jpeg?auto=compress&cs=tinysrgb&fit=crop&h=627&w=1200\",\"articleSection\":[\"Articles\"],\"inLanguage\":\"fr-FR\",\"potentialAction\":[{\"@type\":\"CommentAction\",\"name\":\"Comment\",\"target\":[\"https:\/\/starstory.fr\/blog\/articles\/bataille-de-verdun\/#respond\"]}]},{\"@type\":\"WebPage\",\"@id\":\"https:\/\/starstory.fr\/blog\/articles\/bataille-de-verdun\/\",\"url\":\"https:\/\/starstory.fr\/blog\/articles\/bataille-de-verdun\/\",\"name\":\"Bataille de Verdun : Guide de Visite Historique\",\"isPartOf\":{\"@id\":\"https:\/\/starstory.fr\/blog\/#website\"},\"primaryImageOfPage\":{\"@id\":\"https:\/\/starstory.fr\/blog\/articles\/bataille-de-verdun\/#primaryimage\"},\"image\":{\"@id\":\"https:\/\/starstory.fr\/blog\/articles\/bataille-de-verdun\/#primaryimage\"},\"thumbnailUrl\":\"https:\/\/images.pexels.com\/photos\/15457820\/pexels-photo-15457820.jpeg?auto=compress&cs=tinysrgb&fit=crop&h=627&w=1200\",\"datePublished\":\"2026-06-19T09:00:00+00:00\",\"description\":\"La bataille de Verdun, qui s\u2019est d\u00e9roul\u00e9e entre f\u00e9vrier et d\u00e9cembre 1916, est l\u2019un des \u00e9v\u00e9nements les plus marquants de la Premi\u00e8re Guerre mondiale\",\"inLanguage\":\"fr-FR\",\"potentialAction\":[{\"@type\":\"ReadAction\",\"target\":[\"https:\/\/starstory.fr\/blog\/articles\/bataille-de-verdun\/\"]}]},{\"@type\":\"ImageObject\",\"inLanguage\":\"fr-FR\",\"@id\":\"https:\/\/starstory.fr\/blog\/articles\/bataille-de-verdun\/#primaryimage\",\"url\":\"https:\/\/images.pexels.com\/photos\/15457820\/pexels-photo-15457820.jpeg?auto=compress&cs=tinysrgb&fit=crop&h=627&w=1200\",\"contentUrl\":\"https:\/\/images.pexels.com\/photos\/15457820\/pexels-photo-15457820.jpeg?auto=compress&cs=tinysrgb&fit=crop&h=627&w=1200\"},{\"@type\":\"WebSite\",\"@id\":\"https:\/\/starstory.fr\/blog\/#website\",\"url\":\"https:\/\/starstory.fr\/blog\/\",\"name\":\"StarStory\",\"description\":\"StarStory, les \u00e9toiles racontent leur histoire\",\"publisher\":{\"@id\":\"https:\/\/starstory.fr\/blog\/#organization\"},\"alternateName\":\"StarStory, les \u00e9toiles racontent leur histoire\",\"potentialAction\":[{\"@type\":\"SearchAction\",\"target\":{\"@type\":\"EntryPoint\",\"urlTemplate\":\"https:\/\/starstory.fr\/blog\/?s={search_term_string}\"},\"query-input\":{\"@type\":\"PropertyValueSpecification\",\"valueRequired\":true,\"valueName\":\"search_term_string\"}}],\"inLanguage\":\"fr-FR\"},{\"@type\":\"Organization\",\"@id\":\"https:\/\/starstory.fr\/blog\/#organization\",\"name\":\"StarStory\",\"alternateName\":\"StarStory.fr\",\"url\":\"https:\/\/starstory.fr\/blog\/\",\"logo\":{\"@type\":\"ImageObject\",\"inLanguage\":\"fr-FR\",\"@id\":\"https:\/\/starstory.fr\/blog\/#\/schema\/logo\/image\/\",\"url\":\"https:\/\/starstory.fr\/blog\/wp-content\/uploads\/2024\/12\/38.png\",\"contentUrl\":\"https:\/\/starstory.fr\/blog\/wp-content\/uploads\/2024\/12\/38.png\",\"width\":500,\"height\":500,\"caption\":\"StarStory\"},\"image\":{\"@id\":\"https:\/\/starstory.fr\/blog\/#\/schema\/logo\/image\/\"}},{\"@type\":\"Person\",\"@id\":\"https:\/\/starstory.fr\/blog\/#\/schema\/person\/3c864cdc320801e3db34b663e7e3f816\",\"name\":\"Rapha\u00ebl D.\",\"image\":{\"@type\":\"ImageObject\",\"inLanguage\":\"fr-FR\",\"@id\":\"https:\/\/starstory.fr\/blog\/#\/schema\/person\/image\/\",\"url\":\"https:\/\/starstory.fr\/blog\/wp-content\/uploads\/2026\/06\/persona_raphael-d-96x96.jpg\",\"contentUrl\":\"https:\/\/starstory.fr\/blog\/wp-content\/uploads\/2026\/06\/persona_raphael-d-96x96.jpg\",\"caption\":\"Rapha\u00ebl D.\"},\"description\":\"La culture est mon terrain de jeu depuis une dizaine d'ann\u00e9es : arts visuels, s\u00e9ries, cr\u00e9ation et tout ce qui nourrit l'imaginaire. J'\u00e9cris aussi bien sur l'actualit\u00e9 des \u0153uvres que sur les coulisses de la cr\u00e9ation, avec l'envie de relier l'amateur curieux \u00e0 des univers parfois jug\u00e9s intimidants. J'aime analyser une s\u00e9rie ou une d\u00e9marche artistique sans p\u00e9dantisme, replacer une \u0153uvre dans son contexte et donner des cl\u00e9s de lecture accessibles. Avant de publier, je v\u00e9rifie mes r\u00e9f\u00e9rences, je recoupe les sources et je distingue clairement le fait de mon interpr\u00e9tation subjective. Je crois qu'une critique vaut surtout par les arguments qu'elle expose, pas par la sentence qu'elle rend. Mon angle : transmettre l'envie de d\u00e9couvrir, de regarder autrement et de se forger son propre go\u00fbt. La culture n'appartient pas qu'aux initi\u00e9s, et c'est tout l'enjeu de mon \u00e9criture.\",\"url\":\"https:\/\/starstory.fr\/blog\/auteur\/noname\/\",\"jobTitle\":\"R\u00e9dacteur en chef \u00b7 Culture & Cr\u00e9ation\",\"knowsAbout\":[\"Culture\",\"Cr\u00e9ation\"],\"email\":\"raphael.d@a-l-asso-de-l-art.fr\"}]}<\/script>\n<!-- \/ Yoast SEO Premium plugin. -->","yoast_head_json":{"title":"Bataille de Verdun : Guide de Visite Historique","description":"La bataille de Verdun, qui s\u2019est d\u00e9roul\u00e9e entre f\u00e9vrier et d\u00e9cembre 1916, est l\u2019un des \u00e9v\u00e9nements les plus marquants de la Premi\u00e8re Guerre mondiale","robots":{"index":"index","follow":"follow","max-snippet":"max-snippet:-1","max-image-preview":"max-image-preview:large","max-video-preview":"max-video-preview:-1"},"canonical":"https:\/\/starstory.fr\/blog\/articles\/bataille-de-verdun\/","og_locale":"fr_FR","og_type":"article","og_title":"Bataille de Verdun : Guide de Visite Historique","og_description":"La bataille de Verdun, qui s\u2019est d\u00e9roul\u00e9e entre f\u00e9vrier et d\u00e9cembre 1916, est l\u2019un des \u00e9v\u00e9nements les plus marquants de la Premi\u00e8re Guerre mondiale","og_url":"https:\/\/starstory.fr\/blog\/articles\/bataille-de-verdun\/","og_site_name":"starstory","author":"Rapha\u00ebl D.","twitter_card":"summary_large_image","schema":{"@context":"https:\/\/schema.org","@graph":[{"@type":"NewsArticle","@id":"https:\/\/starstory.fr\/blog\/articles\/bataille-de-verdun\/#article","isPartOf":{"@id":"https:\/\/starstory.fr\/blog\/articles\/bataille-de-verdun\/"},"author":{"name":"Rapha\u00ebl D.","@id":"https:\/\/starstory.fr\/blog\/#\/schema\/person\/3c864cdc320801e3db34b663e7e3f816"},"headline":"Bataille de Verdun : Guide de Visite Historique","datePublished":"2026-06-19T09:00:00+00:00","mainEntityOfPage":{"@id":"https:\/\/starstory.fr\/blog\/articles\/bataille-de-verdun\/"},"wordCount":744,"commentCount":0,"publisher":{"@id":"https:\/\/starstory.fr\/blog\/#organization"},"image":{"@id":"https:\/\/starstory.fr\/blog\/articles\/bataille-de-verdun\/#primaryimage"},"thumbnailUrl":"https:\/\/images.pexels.com\/photos\/15457820\/pexels-photo-15457820.jpeg?auto=compress&cs=tinysrgb&fit=crop&h=627&w=1200","articleSection":["Articles"],"inLanguage":"fr-FR","potentialAction":[{"@type":"CommentAction","name":"Comment","target":["https:\/\/starstory.fr\/blog\/articles\/bataille-de-verdun\/#respond"]}]},{"@type":"WebPage","@id":"https:\/\/starstory.fr\/blog\/articles\/bataille-de-verdun\/","url":"https:\/\/starstory.fr\/blog\/articles\/bataille-de-verdun\/","name":"Bataille de Verdun : Guide de Visite Historique","isPartOf":{"@id":"https:\/\/starstory.fr\/blog\/#website"},"primaryImageOfPage":{"@id":"https:\/\/starstory.fr\/blog\/articles\/bataille-de-verdun\/#primaryimage"},"image":{"@id":"https:\/\/starstory.fr\/blog\/articles\/bataille-de-verdun\/#primaryimage"},"thumbnailUrl":"https:\/\/images.pexels.com\/photos\/15457820\/pexels-photo-15457820.jpeg?auto=compress&cs=tinysrgb&fit=crop&h=627&w=1200","datePublished":"2026-06-19T09:00:00+00:00","description":"La bataille de Verdun, qui s\u2019est d\u00e9roul\u00e9e entre f\u00e9vrier et d\u00e9cembre 1916, est l\u2019un des \u00e9v\u00e9nements les plus marquants de la Premi\u00e8re Guerre mondiale","inLanguage":"fr-FR","potentialAction":[{"@type":"ReadAction","target":["https:\/\/starstory.fr\/blog\/articles\/bataille-de-verdun\/"]}]},{"@type":"ImageObject","inLanguage":"fr-FR","@id":"https:\/\/starstory.fr\/blog\/articles\/bataille-de-verdun\/#primaryimage","url":"https:\/\/images.pexels.com\/photos\/15457820\/pexels-photo-15457820.jpeg?auto=compress&cs=tinysrgb&fit=crop&h=627&w=1200","contentUrl":"https:\/\/images.pexels.com\/photos\/15457820\/pexels-photo-15457820.jpeg?auto=compress&cs=tinysrgb&fit=crop&h=627&w=1200"},{"@type":"WebSite","@id":"https:\/\/starstory.fr\/blog\/#website","url":"https:\/\/starstory.fr\/blog\/","name":"StarStory","description":"StarStory, les \u00e9toiles racontent leur histoire","publisher":{"@id":"https:\/\/starstory.fr\/blog\/#organization"},"alternateName":"StarStory, les \u00e9toiles racontent leur histoire","potentialAction":[{"@type":"SearchAction","target":{"@type":"EntryPoint","urlTemplate":"https:\/\/starstory.fr\/blog\/?s={search_term_string}"},"query-input":{"@type":"PropertyValueSpecification","valueRequired":true,"valueName":"search_term_string"}}],"inLanguage":"fr-FR"},{"@type":"Organization","@id":"https:\/\/starstory.fr\/blog\/#organization","name":"StarStory","alternateName":"StarStory.fr","url":"https:\/\/starstory.fr\/blog\/","logo":{"@type":"ImageObject","inLanguage":"fr-FR","@id":"https:\/\/starstory.fr\/blog\/#\/schema\/logo\/image\/","url":"https:\/\/starstory.fr\/blog\/wp-content\/uploads\/2024\/12\/38.png","contentUrl":"https:\/\/starstory.fr\/blog\/wp-content\/uploads\/2024\/12\/38.png","width":500,"height":500,"caption":"StarStory"},"image":{"@id":"https:\/\/starstory.fr\/blog\/#\/schema\/logo\/image\/"}},{"@type":"Person","@id":"https:\/\/starstory.fr\/blog\/#\/schema\/person\/3c864cdc320801e3db34b663e7e3f816","name":"Rapha\u00ebl D.","image":{"@type":"ImageObject","inLanguage":"fr-FR","@id":"https:\/\/starstory.fr\/blog\/#\/schema\/person\/image\/","url":"https:\/\/starstory.fr\/blog\/wp-content\/uploads\/2026\/06\/persona_raphael-d-96x96.jpg","contentUrl":"https:\/\/starstory.fr\/blog\/wp-content\/uploads\/2026\/06\/persona_raphael-d-96x96.jpg","caption":"Rapha\u00ebl D."},"description":"La culture est mon terrain de jeu depuis une dizaine d'ann\u00e9es : arts visuels, s\u00e9ries, cr\u00e9ation et tout ce qui nourrit l'imaginaire. J'\u00e9cris aussi bien sur l'actualit\u00e9 des \u0153uvres que sur les coulisses de la cr\u00e9ation, avec l'envie de relier l'amateur curieux \u00e0 des univers parfois jug\u00e9s intimidants. J'aime analyser une s\u00e9rie ou une d\u00e9marche artistique sans p\u00e9dantisme, replacer une \u0153uvre dans son contexte et donner des cl\u00e9s de lecture accessibles. Avant de publier, je v\u00e9rifie mes r\u00e9f\u00e9rences, je recoupe les sources et je distingue clairement le fait de mon interpr\u00e9tation subjective. Je crois qu'une critique vaut surtout par les arguments qu'elle expose, pas par la sentence qu'elle rend. Mon angle : transmettre l'envie de d\u00e9couvrir, de regarder autrement et de se forger son propre go\u00fbt. La culture n'appartient pas qu'aux initi\u00e9s, et c'est tout l'enjeu de mon \u00e9criture.","url":"https:\/\/starstory.fr\/blog\/auteur\/noname\/","jobTitle":"R\u00e9dacteur en chef \u00b7 Culture & Cr\u00e9ation","knowsAbout":["Culture","Cr\u00e9ation"],"email":"raphael.d@a-l-asso-de-l-art.fr"}]}},"_links":{"self":[{"href":"https:\/\/starstory.fr\/blog\/wp-json\/wp\/v2\/posts\/7841","targetHints":{"allow":["GET"]}}],"collection":[{"href":"https:\/\/starstory.fr\/blog\/wp-json\/wp\/v2\/posts"}],"about":[{"href":"https:\/\/starstory.fr\/blog\/wp-json\/wp\/v2\/types\/post"}],"author":[{"embeddable":true,"href":"https:\/\/starstory.fr\/blog\/wp-json\/wp\/v2\/users\/34"}],"replies":[{"embeddable":true,"href":"https:\/\/starstory.fr\/blog\/wp-json\/wp\/v2\/comments?post=7841"}],"version-history":[{"count":1,"href":"https:\/\/starstory.fr\/blog\/wp-json\/wp\/v2\/posts\/7841\/revisions"}],"predecessor-version":[{"id":8110,"href":"https:\/\/starstory.fr\/blog\/wp-json\/wp\/v2\/posts\/7841\/revisions\/8110"}],"wp:attachment":[{"href":"https:\/\/starstory.fr\/blog\/wp-json\/wp\/v2\/media?parent=7841"}],"wp:term":[{"taxonomy":"category","embeddable":true,"href":"https:\/\/starstory.fr\/blog\/wp-json\/wp\/v2\/categories?post=7841"},{"taxonomy":"post_tag","embeddable":true,"href":"https:\/\/starstory.fr\/blog\/wp-json\/wp\/v2\/tags?post=7841"}],"curies":[{"name":"wp","href":"https:\/\/api.w.org\/{rel}","templated":true}]}}