{"id":7832,"date":"2026-06-09T09:00:00","date_gmt":"2026-06-09T09:00:00","guid":{"rendered":"https:\/\/starstory.fr\/blog\/?p=7832"},"modified":"2026-06-09T09:00:00","modified_gmt":"2026-06-09T09:00:00","slug":"chateau-de-l-epinay","status":"publish","type":"post","link":"https:\/\/starstory.fr\/blog\/articles\/chateau-de-l-epinay\/","title":{"rendered":"Ch\u00e2teau \u00c9pinay : Visite et Histoire"},"content":{"rendered":"<p>Le <strong>Ch\u00e2teau \u00c9pinay<\/strong>, situ\u00e9 dans la commune de Saint-Laurent-des-Autels, est un monument historique qui attire l\u2019attention des passionn\u00e9s d\u2019histoire et des amateurs de patrimoine. Construit au XVIIIe si\u00e8cle, ce ch\u00e2teau est non seulement un bel exemple d\u2019architecture classique fran\u00e7aise, mais il se distingue \u00e9galement par son histoire fascinante et ses r\u00e9glementations sp\u00e9cifiques en mati\u00e8re de pr\u00e9servation du patrimoine, notamment \u00e0 l\u2019approche de 2026.<\/p>\n<p>En 2026, plusieurs normes seront mises en place pour garantir la conservation des sites historiques. Le Ch\u00e2teau \u00c9pinay, en tant que monument class\u00e9, devra respecter ces nouvelles exigences, ce qui en fera un sujet d\u2019int\u00e9r\u00eat croissant pour les visiteurs et les chercheurs.<\/p>\n<h2>Histoire du Ch\u00e2teau \u00c9pinay<\/h2>\n<h3>Origines et construction<\/h3>\n<p>Le Ch\u00e2teau \u00c9pinay a \u00e9t\u00e9 \u00e9difi\u00e9 entre 1760 et 1770 par la famille de Chabot. Ce b\u00e2timent illustre parfaitement le style architectural de son \u00e9poque, m\u00ealant \u00e9l\u00e9gance et fonctionnalit\u00e9. \u00c0 cette p\u00e9riode, le ch\u00e2teau servait de r\u00e9sidence estivale pour la noblesse locale.<\/p>\n<h3>R\u00e9novations et transformations<\/h3>\n<p>Au fil des si\u00e8cles, le ch\u00e2teau a subi plusieurs r\u00e9novations. En 1895, une grande partie des d\u00e9pendances a \u00e9t\u00e9 r\u00e9am\u00e9nag\u00e9e pour accueillir des \u00e9v\u00e9nements familiaux. Ces transformations ont permis de conserver l\u2019esprit d\u2019origine tout en adaptant le lieu aux besoins contemporains.<\/p>\n<h2>Caract\u00e9ristiques architecturales<\/h2>\n<h3>Style architectural<\/h3>\n<p>Le Ch\u00e2teau \u00c9pinay se caract\u00e9rise par :<\/p>\n<ul>\n<li><strong>Une fa\u00e7ade n\u00e9oclassique<\/strong> : Avec ses colonnes majestueuses et ses balcons en fer forg\u00e9.<\/li>\n<li><strong>Des jardins \u00e0 la fran\u00e7aise<\/strong> : Am\u00e9nag\u00e9s dans le respect des traditions paysag\u00e8res du XVIIIe si\u00e8cle.<\/li>\n<li><strong>Des salles richement d\u00e9cor\u00e9es<\/strong> : Avec des fresques et des plafonds orn\u00e9s qui t\u00e9moignent du savoir-faire artisanal de l\u2019\u00e9poque.<\/li>\n<\/ul>\n<h3>Normes architecturales \u00e0 respecter<\/h3>\n<p>Avec l\u2019approche de 2026, les normes architecturales vont devenir plus strictes. Ces r\u00e8glements incluent :<\/p>\n<ul>\n<li><strong>L\u2019interdiction de modifications majeures sans autorisation<\/strong> : Toute transformation doit \u00eatre valid\u00e9e par les autorit\u00e9s comp\u00e9tentes.<\/li>\n<li><strong>La pr\u00e9servation des mat\u00e9riaux d\u2019origine<\/strong> : L\u2019utilisation de mat\u00e9riaux modernes est limit\u00e9e pour garantir l\u2019authenticit\u00e9 du site.<\/li>\n<\/ul>\n<h2>Visiter le Ch\u00e2teau \u00c9pinay<\/h2>\n<h3>Informations pratiques<\/h3>\n<p>Pour ceux qui souhaitent visiter le Ch\u00e2teau \u00c9pinay, voici quelques informations utiles :<\/p>\n<table class=\"kwdbank-table\">\n<thead>\n<tr>\n<th>Informations<\/th>\n<th>D\u00e9tails<\/th>\n<\/tr>\n<\/thead>\n<tbody>\n<tr>\n<td>Adresse<\/td>\n<td>Ch\u00e2teau \u00c9pinay, 49170 Saint-Laurent-des-Autels<\/td>\n<\/tr>\n<tr>\n<td>Horaires<\/td>\n<td>Ouvert tous les jours sauf lundi<\/td>\n<\/tr>\n<tr>\n<td>Tarifs<\/td>\n<td>Adultes : 8\u20ac, Enfants (moins de 12 ans) : gratuit<\/td>\n<\/tr>\n<tr>\n<td>Dur\u00e9e recommand\u00e9e<\/td>\n<td>1 \u00e0 2 heures<\/td>\n<\/tr>\n<\/tbody>\n<\/table>\n<h3>Activit\u00e9s propos\u00e9es<\/h3>\n<p>Lors de votre visite, vous pourrez profiter de :<\/p>\n<ul>\n<li><strong>Visites guid\u00e9es<\/strong> : Des guides passionn\u00e9s vous plongeront dans l\u2019histoire du ch\u00e2teau.<\/li>\n<li><strong>Ateliers th\u00e9matiques<\/strong> : Des ateliers sur l\u2019artisanat traditionnel sont souvent organis\u00e9s.<\/li>\n<li><strong>Concerts et \u00e9v\u00e9nements culturels<\/strong> : Le ch\u00e2teau accueille r\u00e9guli\u00e8rement des manifestations artistiques.<\/li>\n<\/ul>\n<h2>Les enjeux r\u00e9glementaires en 2026<\/h2>\n<p>\u00c0 partir de 2026, la loi sur la protection du patrimoine va renforcer les mesures existantes. Voici quelques \u00e9l\u00e9ments cl\u00e9s \u00e0 prendre en compte :<\/p>\n<ol>\n<li><strong>Renforcement des contr\u00f4les<\/strong> : Les visites seront soumises \u00e0 une r\u00e9glementation stricte afin de pr\u00e9server l\u2019int\u00e9grit\u00e9 du site.<\/li>\n<li><strong>Sensibilisation du public<\/strong> : Des campagnes \u00e9ducatives seront mises en place pour informer les visiteurs sur l\u2019importance du respect des lieux historiques.<\/li>\n<li><strong>Sanctions pour non-respect des normes<\/strong> : Des amendes pourraient \u00eatre appliqu\u00e9es aux propri\u00e9taires ou gestionnaires ne respectant pas les directives \u00e9tablies.<\/li>\n<\/ol>\n<h3>Pi\u00e8ges \u00e0 \u00e9viter lors de votre visite<\/h3>\n<p>Il est essentiel d\u2019\u00e9viter certains comportements lors de votre visite au Ch\u00e2teau \u00c9pinay :<\/p>\n<ul>\n<li><strong>Toucher ou manipuler les objets expos\u00e9s<\/strong> : Cela pourrait endommager des pi\u00e8ces historiques.<\/li>\n<li><strong>Ignorer les consignes donn\u00e9es par les guides<\/strong> : Respectez toujours les r\u00e8gles pour garantir la s\u00e9curit\u00e9 et la pr\u00e9servation du site.<\/li>\n<\/ul>\n<h2>FAQ<\/h2>\n<h3>Quel est le meilleur moment pour visiter le Ch\u00e2teau \u00c9pinay ?<\/h3>\n<p>Le printemps et l\u2019\u00e9t\u00e9 sont id\u00e9aux pour profiter pleinement des jardins et des activit\u00e9s ext\u00e9rieures.<\/p>\n<h3>Y a-t-il un parking disponible ?<\/h3>\n<p>Oui, un parking gratuit est accessible aux visiteurs pr\u00e8s du ch\u00e2teau.<\/p>\n<h3>Le ch\u00e2teau propose-t-il des visites guid\u00e9es ?<\/h3>\n<p>Oui, il existe plusieurs visites guid\u00e9es disponibles tout au long de la semaine.<\/p>\n<h3>Peut-on organiser des \u00e9v\u00e9nements au Ch\u00e2teau \u00c9pinay ?<\/h3>\n<p>Oui, le ch\u00e2teau propose la location d\u2019espaces pour divers \u00e9v\u00e9nements priv\u00e9s ou professionnels sous certaines conditions.<\/p>\n<h3>Quelles sont les mesures sanitaires en vigueur ?<\/h3>\n<p>Les mesures peuvent \u00e9voluer ; il est conseill\u00e9 de v\u00e9rifier sur le site officiel avant votre visite.<\/p>\n<h3>Existe-t-il un acc\u00e8s adapt\u00e9 aux personnes \u00e0 mobilit\u00e9 r\u00e9duite ?<\/h3>\n<p>Des am\u00e9nagements sont pr\u00e9vus pour accueillir les personnes \u00e0 mobilit\u00e9 r\u00e9duite dans certaines zones du ch\u00e2teau.<\/p>\n","protected":false},"excerpt":{"rendered":"","protected":false},"author":34,"featured_media":8083,"comment_status":"open","ping_status":"open","sticky":false,"template":"","format":"standard","meta":{"_acf_changed":false,"manual_indexmenow":false,"indexmenow_id_project":0,"footnotes":""},"categories":[4835],"tags":[],"class_list":["post-7832","post","type-post","status-publish","format-standard","has-post-thumbnail","hentry","category-articles","generate-columns","tablet-grid-50","mobile-grid-100","grid-parent","grid-25"],"acf":[],"yoast_head":"<!-- This site is optimized with the Yoast SEO Premium plugin v21.3 (Yoast SEO v26.5) - https:\/\/yoast.com\/wordpress\/plugins\/seo\/ -->\n<title>Ch\u00e2teau \u00c9pinay : Visite et Histoire<\/title>\n<meta name=\"description\" content=\"Le Ch\u00e2teau \u00c9pinay, situ\u00e9 dans la commune de Saint-Laurent-des-Autels, est un monument historique qui attire l\u2019attention des passionn\u00e9s d\u2019histoire\" \/>\n<meta name=\"robots\" content=\"index, follow, max-snippet:-1, max-image-preview:large, max-video-preview:-1\" \/>\n<link rel=\"canonical\" href=\"https:\/\/starstory.fr\/blog\/articles\/chateau-de-l-epinay\/\" \/>\n<meta property=\"og:locale\" content=\"fr_FR\" \/>\n<meta property=\"og:type\" content=\"article\" \/>\n<meta property=\"og:title\" content=\"Ch\u00e2teau \u00c9pinay : Visite et Histoire\" \/>\n<meta property=\"og:description\" content=\"Le Ch\u00e2teau \u00c9pinay, situ\u00e9 dans la commune de Saint-Laurent-des-Autels, est un monument historique qui attire l\u2019attention des passionn\u00e9s d\u2019histoire\" \/>\n<meta property=\"og:url\" content=\"https:\/\/starstory.fr\/blog\/articles\/chateau-de-l-epinay\/\" \/>\n<meta property=\"og:site_name\" content=\"starstory\" \/>\n<meta property=\"og:image\" content=\"https:\/\/starstory.fr\/blog\/wp-content\/uploads\/2026\/06\/sdxl-95d052ab5f2e0f17de66f636fc76cce6-scaled.png\" \/>\n\t<meta property=\"og:image:width\" content=\"1200\" \/>\n\t<meta property=\"og:image:height\" content=\"500\" \/>\n\t<meta property=\"og:image:type\" content=\"image\/png\" \/>\n<meta name=\"author\" content=\"Rapha\u00ebl D.\" \/>\n<meta name=\"twitter:card\" content=\"summary_large_image\" \/>\n<script type=\"application\/ld+json\" class=\"yoast-schema-graph\">{\"@context\":\"https:\/\/schema.org\",\"@graph\":[{\"@type\":\"NewsArticle\",\"@id\":\"https:\/\/starstory.fr\/blog\/articles\/chateau-de-l-epinay\/#article\",\"isPartOf\":{\"@id\":\"https:\/\/starstory.fr\/blog\/articles\/chateau-de-l-epinay\/\"},\"author\":{\"name\":\"Rapha\u00ebl D.\",\"@id\":\"https:\/\/starstory.fr\/blog\/#\/schema\/person\/3c864cdc320801e3db34b663e7e3f816\"},\"headline\":\"Ch\u00e2teau \u00c9pinay : Visite et Histoire\",\"datePublished\":\"2026-06-09T09:00:00+00:00\",\"mainEntityOfPage\":{\"@id\":\"https:\/\/starstory.fr\/blog\/articles\/chateau-de-l-epinay\/\"},\"wordCount\":771,\"commentCount\":0,\"publisher\":{\"@id\":\"https:\/\/starstory.fr\/blog\/#organization\"},\"image\":{\"@id\":\"https:\/\/starstory.fr\/blog\/articles\/chateau-de-l-epinay\/#primaryimage\"},\"thumbnailUrl\":\"https:\/\/starstory.fr\/blog\/wp-content\/uploads\/2026\/06\/sdxl-95d052ab5f2e0f17de66f636fc76cce6-scaled.png\",\"articleSection\":[\"Articles\"],\"inLanguage\":\"fr-FR\",\"potentialAction\":[{\"@type\":\"CommentAction\",\"name\":\"Comment\",\"target\":[\"https:\/\/starstory.fr\/blog\/articles\/chateau-de-l-epinay\/#respond\"]}]},{\"@type\":\"WebPage\",\"@id\":\"https:\/\/starstory.fr\/blog\/articles\/chateau-de-l-epinay\/\",\"url\":\"https:\/\/starstory.fr\/blog\/articles\/chateau-de-l-epinay\/\",\"name\":\"Ch\u00e2teau \u00c9pinay : Visite et Histoire\",\"isPartOf\":{\"@id\":\"https:\/\/starstory.fr\/blog\/#website\"},\"primaryImageOfPage\":{\"@id\":\"https:\/\/starstory.fr\/blog\/articles\/chateau-de-l-epinay\/#primaryimage\"},\"image\":{\"@id\":\"https:\/\/starstory.fr\/blog\/articles\/chateau-de-l-epinay\/#primaryimage\"},\"thumbnailUrl\":\"https:\/\/starstory.fr\/blog\/wp-content\/uploads\/2026\/06\/sdxl-95d052ab5f2e0f17de66f636fc76cce6-scaled.png\",\"datePublished\":\"2026-06-09T09:00:00+00:00\",\"description\":\"Le Ch\u00e2teau \u00c9pinay, situ\u00e9 dans la commune de Saint-Laurent-des-Autels, est un monument historique qui attire l\u2019attention des passionn\u00e9s d\u2019histoire\",\"inLanguage\":\"fr-FR\",\"potentialAction\":[{\"@type\":\"ReadAction\",\"target\":[\"https:\/\/starstory.fr\/blog\/articles\/chateau-de-l-epinay\/\"]}]},{\"@type\":\"ImageObject\",\"inLanguage\":\"fr-FR\",\"@id\":\"https:\/\/starstory.fr\/blog\/articles\/chateau-de-l-epinay\/#primaryimage\",\"url\":\"https:\/\/starstory.fr\/blog\/wp-content\/uploads\/2026\/06\/sdxl-95d052ab5f2e0f17de66f636fc76cce6-scaled.png\",\"contentUrl\":\"https:\/\/starstory.fr\/blog\/wp-content\/uploads\/2026\/06\/sdxl-95d052ab5f2e0f17de66f636fc76cce6-scaled.png\",\"width\":1200,\"height\":500},{\"@type\":\"WebSite\",\"@id\":\"https:\/\/starstory.fr\/blog\/#website\",\"url\":\"https:\/\/starstory.fr\/blog\/\",\"name\":\"StarStory\",\"description\":\"StarStory, les \u00e9toiles racontent leur histoire\",\"publisher\":{\"@id\":\"https:\/\/starstory.fr\/blog\/#organization\"},\"alternateName\":\"StarStory, les \u00e9toiles racontent leur histoire\",\"potentialAction\":[{\"@type\":\"SearchAction\",\"target\":{\"@type\":\"EntryPoint\",\"urlTemplate\":\"https:\/\/starstory.fr\/blog\/?s={search_term_string}\"},\"query-input\":{\"@type\":\"PropertyValueSpecification\",\"valueRequired\":true,\"valueName\":\"search_term_string\"}}],\"inLanguage\":\"fr-FR\"},{\"@type\":\"Organization\",\"@id\":\"https:\/\/starstory.fr\/blog\/#organization\",\"name\":\"StarStory\",\"alternateName\":\"StarStory.fr\",\"url\":\"https:\/\/starstory.fr\/blog\/\",\"logo\":{\"@type\":\"ImageObject\",\"inLanguage\":\"fr-FR\",\"@id\":\"https:\/\/starstory.fr\/blog\/#\/schema\/logo\/image\/\",\"url\":\"https:\/\/starstory.fr\/blog\/wp-content\/uploads\/2024\/12\/38.png\",\"contentUrl\":\"https:\/\/starstory.fr\/blog\/wp-content\/uploads\/2024\/12\/38.png\",\"width\":500,\"height\":500,\"caption\":\"StarStory\"},\"image\":{\"@id\":\"https:\/\/starstory.fr\/blog\/#\/schema\/logo\/image\/\"}},{\"@type\":\"Person\",\"@id\":\"https:\/\/starstory.fr\/blog\/#\/schema\/person\/3c864cdc320801e3db34b663e7e3f816\",\"name\":\"Rapha\u00ebl D.\",\"image\":{\"@type\":\"ImageObject\",\"inLanguage\":\"fr-FR\",\"@id\":\"https:\/\/starstory.fr\/blog\/#\/schema\/person\/image\/\",\"url\":\"https:\/\/starstory.fr\/blog\/wp-content\/uploads\/2026\/06\/persona_raphael-d-96x96.jpg\",\"contentUrl\":\"https:\/\/starstory.fr\/blog\/wp-content\/uploads\/2026\/06\/persona_raphael-d-96x96.jpg\",\"caption\":\"Rapha\u00ebl D.\"},\"description\":\"La culture est mon terrain de jeu depuis une dizaine d'ann\u00e9es : arts visuels, s\u00e9ries, cr\u00e9ation et tout ce qui nourrit l'imaginaire. J'\u00e9cris aussi bien sur l'actualit\u00e9 des \u0153uvres que sur les coulisses de la cr\u00e9ation, avec l'envie de relier l'amateur curieux \u00e0 des univers parfois jug\u00e9s intimidants. J'aime analyser une s\u00e9rie ou une d\u00e9marche artistique sans p\u00e9dantisme, replacer une \u0153uvre dans son contexte et donner des cl\u00e9s de lecture accessibles. Avant de publier, je v\u00e9rifie mes r\u00e9f\u00e9rences, je recoupe les sources et je distingue clairement le fait de mon interpr\u00e9tation subjective. Je crois qu'une critique vaut surtout par les arguments qu'elle expose, pas par la sentence qu'elle rend. Mon angle : transmettre l'envie de d\u00e9couvrir, de regarder autrement et de se forger son propre go\u00fbt. La culture n'appartient pas qu'aux initi\u00e9s, et c'est tout l'enjeu de mon \u00e9criture.\",\"url\":\"https:\/\/starstory.fr\/blog\/auteur\/noname\/\",\"jobTitle\":\"R\u00e9dacteur en chef \u00b7 Culture & Cr\u00e9ation\",\"knowsAbout\":[\"Culture\",\"Cr\u00e9ation\"],\"email\":\"raphael.d@a-l-asso-de-l-art.fr\"}]}<\/script>\n<!-- \/ Yoast SEO Premium plugin. -->","yoast_head_json":{"title":"Ch\u00e2teau \u00c9pinay : Visite et Histoire","description":"Le Ch\u00e2teau \u00c9pinay, situ\u00e9 dans la commune de Saint-Laurent-des-Autels, est un monument historique qui attire l\u2019attention des passionn\u00e9s d\u2019histoire","robots":{"index":"index","follow":"follow","max-snippet":"max-snippet:-1","max-image-preview":"max-image-preview:large","max-video-preview":"max-video-preview:-1"},"canonical":"https:\/\/starstory.fr\/blog\/articles\/chateau-de-l-epinay\/","og_locale":"fr_FR","og_type":"article","og_title":"Ch\u00e2teau \u00c9pinay : Visite et Histoire","og_description":"Le Ch\u00e2teau \u00c9pinay, situ\u00e9 dans la commune de Saint-Laurent-des-Autels, est un monument historique qui attire l\u2019attention des passionn\u00e9s d\u2019histoire","og_url":"https:\/\/starstory.fr\/blog\/articles\/chateau-de-l-epinay\/","og_site_name":"starstory","og_image":[{"width":1200,"height":500,"url":"https:\/\/starstory.fr\/blog\/wp-content\/uploads\/2026\/06\/sdxl-95d052ab5f2e0f17de66f636fc76cce6-scaled.png","type":"image\/png"}],"author":"Rapha\u00ebl D.","twitter_card":"summary_large_image","schema":{"@context":"https:\/\/schema.org","@graph":[{"@type":"NewsArticle","@id":"https:\/\/starstory.fr\/blog\/articles\/chateau-de-l-epinay\/#article","isPartOf":{"@id":"https:\/\/starstory.fr\/blog\/articles\/chateau-de-l-epinay\/"},"author":{"name":"Rapha\u00ebl D.","@id":"https:\/\/starstory.fr\/blog\/#\/schema\/person\/3c864cdc320801e3db34b663e7e3f816"},"headline":"Ch\u00e2teau \u00c9pinay : Visite et Histoire","datePublished":"2026-06-09T09:00:00+00:00","mainEntityOfPage":{"@id":"https:\/\/starstory.fr\/blog\/articles\/chateau-de-l-epinay\/"},"wordCount":771,"commentCount":0,"publisher":{"@id":"https:\/\/starstory.fr\/blog\/#organization"},"image":{"@id":"https:\/\/starstory.fr\/blog\/articles\/chateau-de-l-epinay\/#primaryimage"},"thumbnailUrl":"https:\/\/starstory.fr\/blog\/wp-content\/uploads\/2026\/06\/sdxl-95d052ab5f2e0f17de66f636fc76cce6-scaled.png","articleSection":["Articles"],"inLanguage":"fr-FR","potentialAction":[{"@type":"CommentAction","name":"Comment","target":["https:\/\/starstory.fr\/blog\/articles\/chateau-de-l-epinay\/#respond"]}]},{"@type":"WebPage","@id":"https:\/\/starstory.fr\/blog\/articles\/chateau-de-l-epinay\/","url":"https:\/\/starstory.fr\/blog\/articles\/chateau-de-l-epinay\/","name":"Ch\u00e2teau \u00c9pinay : Visite et Histoire","isPartOf":{"@id":"https:\/\/starstory.fr\/blog\/#website"},"primaryImageOfPage":{"@id":"https:\/\/starstory.fr\/blog\/articles\/chateau-de-l-epinay\/#primaryimage"},"image":{"@id":"https:\/\/starstory.fr\/blog\/articles\/chateau-de-l-epinay\/#primaryimage"},"thumbnailUrl":"https:\/\/starstory.fr\/blog\/wp-content\/uploads\/2026\/06\/sdxl-95d052ab5f2e0f17de66f636fc76cce6-scaled.png","datePublished":"2026-06-09T09:00:00+00:00","description":"Le Ch\u00e2teau \u00c9pinay, situ\u00e9 dans la commune de Saint-Laurent-des-Autels, est un monument historique qui attire l\u2019attention des passionn\u00e9s d\u2019histoire","inLanguage":"fr-FR","potentialAction":[{"@type":"ReadAction","target":["https:\/\/starstory.fr\/blog\/articles\/chateau-de-l-epinay\/"]}]},{"@type":"ImageObject","inLanguage":"fr-FR","@id":"https:\/\/starstory.fr\/blog\/articles\/chateau-de-l-epinay\/#primaryimage","url":"https:\/\/starstory.fr\/blog\/wp-content\/uploads\/2026\/06\/sdxl-95d052ab5f2e0f17de66f636fc76cce6-scaled.png","contentUrl":"https:\/\/starstory.fr\/blog\/wp-content\/uploads\/2026\/06\/sdxl-95d052ab5f2e0f17de66f636fc76cce6-scaled.png","width":1200,"height":500},{"@type":"WebSite","@id":"https:\/\/starstory.fr\/blog\/#website","url":"https:\/\/starstory.fr\/blog\/","name":"StarStory","description":"StarStory, les \u00e9toiles racontent leur histoire","publisher":{"@id":"https:\/\/starstory.fr\/blog\/#organization"},"alternateName":"StarStory, les \u00e9toiles racontent leur histoire","potentialAction":[{"@type":"SearchAction","target":{"@type":"EntryPoint","urlTemplate":"https:\/\/starstory.fr\/blog\/?s={search_term_string}"},"query-input":{"@type":"PropertyValueSpecification","valueRequired":true,"valueName":"search_term_string"}}],"inLanguage":"fr-FR"},{"@type":"Organization","@id":"https:\/\/starstory.fr\/blog\/#organization","name":"StarStory","alternateName":"StarStory.fr","url":"https:\/\/starstory.fr\/blog\/","logo":{"@type":"ImageObject","inLanguage":"fr-FR","@id":"https:\/\/starstory.fr\/blog\/#\/schema\/logo\/image\/","url":"https:\/\/starstory.fr\/blog\/wp-content\/uploads\/2024\/12\/38.png","contentUrl":"https:\/\/starstory.fr\/blog\/wp-content\/uploads\/2024\/12\/38.png","width":500,"height":500,"caption":"StarStory"},"image":{"@id":"https:\/\/starstory.fr\/blog\/#\/schema\/logo\/image\/"}},{"@type":"Person","@id":"https:\/\/starstory.fr\/blog\/#\/schema\/person\/3c864cdc320801e3db34b663e7e3f816","name":"Rapha\u00ebl D.","image":{"@type":"ImageObject","inLanguage":"fr-FR","@id":"https:\/\/starstory.fr\/blog\/#\/schema\/person\/image\/","url":"https:\/\/starstory.fr\/blog\/wp-content\/uploads\/2026\/06\/persona_raphael-d-96x96.jpg","contentUrl":"https:\/\/starstory.fr\/blog\/wp-content\/uploads\/2026\/06\/persona_raphael-d-96x96.jpg","caption":"Rapha\u00ebl D."},"description":"La culture est mon terrain de jeu depuis une dizaine d'ann\u00e9es : arts visuels, s\u00e9ries, cr\u00e9ation et tout ce qui nourrit l'imaginaire. J'\u00e9cris aussi bien sur l'actualit\u00e9 des \u0153uvres que sur les coulisses de la cr\u00e9ation, avec l'envie de relier l'amateur curieux \u00e0 des univers parfois jug\u00e9s intimidants. J'aime analyser une s\u00e9rie ou une d\u00e9marche artistique sans p\u00e9dantisme, replacer une \u0153uvre dans son contexte et donner des cl\u00e9s de lecture accessibles. Avant de publier, je v\u00e9rifie mes r\u00e9f\u00e9rences, je recoupe les sources et je distingue clairement le fait de mon interpr\u00e9tation subjective. Je crois qu'une critique vaut surtout par les arguments qu'elle expose, pas par la sentence qu'elle rend. Mon angle : transmettre l'envie de d\u00e9couvrir, de regarder autrement et de se forger son propre go\u00fbt. La culture n'appartient pas qu'aux initi\u00e9s, et c'est tout l'enjeu de mon \u00e9criture.","url":"https:\/\/starstory.fr\/blog\/auteur\/noname\/","jobTitle":"R\u00e9dacteur en chef \u00b7 Culture & Cr\u00e9ation","knowsAbout":["Culture","Cr\u00e9ation"],"email":"raphael.d@a-l-asso-de-l-art.fr"}]}},"_links":{"self":[{"href":"https:\/\/starstory.fr\/blog\/wp-json\/wp\/v2\/posts\/7832","targetHints":{"allow":["GET"]}}],"collection":[{"href":"https:\/\/starstory.fr\/blog\/wp-json\/wp\/v2\/posts"}],"about":[{"href":"https:\/\/starstory.fr\/blog\/wp-json\/wp\/v2\/types\/post"}],"author":[{"embeddable":true,"href":"https:\/\/starstory.fr\/blog\/wp-json\/wp\/v2\/users\/34"}],"replies":[{"embeddable":true,"href":"https:\/\/starstory.fr\/blog\/wp-json\/wp\/v2\/comments?post=7832"}],"version-history":[{"count":1,"href":"https:\/\/starstory.fr\/blog\/wp-json\/wp\/v2\/posts\/7832\/revisions"}],"predecessor-version":[{"id":8053,"href":"https:\/\/starstory.fr\/blog\/wp-json\/wp\/v2\/posts\/7832\/revisions\/8053"}],"wp:featuredmedia":[{"embeddable":true,"href":"https:\/\/starstory.fr\/blog\/wp-json\/wp\/v2\/media\/8083"}],"wp:attachment":[{"href":"https:\/\/starstory.fr\/blog\/wp-json\/wp\/v2\/media?parent=7832"}],"wp:term":[{"taxonomy":"category","embeddable":true,"href":"https:\/\/starstory.fr\/blog\/wp-json\/wp\/v2\/categories?post=7832"},{"taxonomy":"post_tag","embeddable":true,"href":"https:\/\/starstory.fr\/blog\/wp-json\/wp\/v2\/tags?post=7832"}],"curies":[{"name":"wp","href":"https:\/\/api.w.org\/{rel}","templated":true}]}}