{"id":7831,"date":"2026-06-08T09:00:00","date_gmt":"2026-06-08T09:00:00","guid":{"rendered":"https:\/\/starstory.fr\/blog\/?p=7831"},"modified":"2026-06-08T09:00:00","modified_gmt":"2026-06-08T09:00:00","slug":"st-victor-l-abbaye","status":"publish","type":"post","link":"https:\/\/starstory.fr\/blog\/articles\/st-victor-l-abbaye\/","title":{"rendered":"St Victor Abbaye : Visite &#038; Histoire Marseille"},"content":{"rendered":"<p>La <strong>Saint-Victor Abbaye<\/strong>, situ\u00e9e \u00e0 Marseille, est un site historique incontournable pour ceux qui s\u2019int\u00e9ressent \u00e0 l\u2019histoire religieuse et architecturale de la r\u00e9gion. Ce monast\u00e8re, fond\u00e9 au Ve si\u00e8cle, a jou\u00e9 un r\u00f4le essentiel dans le d\u00e9veloppement de la chr\u00e9tient\u00e9 en Provence. En 2026, les visiteurs peuvent s\u2019attendre \u00e0 une exp\u00e9rience enrichissante tant sur le plan culturel que spirituel.<\/p>\n<p>Avec ses vestiges, ses fresques et son atmosph\u00e8re unique, l\u2019abbaye attire chaque ann\u00e9e des milliers de visiteurs. Le co\u00fbt d\u2019entr\u00e9e est d\u2019environ 8 euros par personne, ce qui en fait une visite accessible pour tous. Cette abbaye est non seulement un lieu de culte mais aussi un t\u00e9moin pr\u00e9cieux de l\u2019histoire marseillaise.<\/p>\n<h2>Histoire de l\u2019Abbaye Saint-Victor<\/h2>\n<h3>Origines et fondation<\/h3>\n<p>La fondation de l\u2019abbaye remonte \u00e0 415 apr\u00e8s J.-C. par des moines venus d\u2019Orient. Elle \u00e9tait d\u00e9di\u00e9e \u00e0 Saint Victor, martyr chr\u00e9tien. Au fil des si\u00e8cles, l\u2019abbaye a connu plusieurs transformations architecturales, notamment durant le Moyen \u00c2ge o\u00f9 elle a \u00e9t\u00e9 fortifi\u00e9e.<\/p>\n<h3>R\u00f4le dans la chr\u00e9tient\u00e9<\/h3>\n<p>L\u2019abbaye a servi de refuge aux chr\u00e9tiens pendant les pers\u00e9cutions et a \u00e9t\u00e9 un centre d\u2019apprentissage religieux. Au XIe si\u00e8cle, elle est devenue une abbaye b\u00e9n\u00e9dictine influente avec des possessions \u00e9tendues en Provence.<\/p>\n<h2>Architecture et caract\u00e9ristiques<\/h2>\n<h3>Style architectural<\/h3>\n<p>L\u2019architecture de Saint-Victor refl\u00e8te plusieurs \u00e9poques :<br \/>\n&#8211; <strong>Roman<\/strong> : \u00c9l\u00e9ments typiques avec des vo\u00fbtes en berceau.<br \/>\n&#8211; <strong>Gothique<\/strong> : Ajouts et r\u00e9novations qui apportent une touche \u00e9l\u00e9gante.<br \/>\n&#8211; <strong>Baroque<\/strong> : D\u00e9corations int\u00e9rieures riches datant du XVIIe si\u00e8cle.<\/p>\n<h3>\u00c9l\u00e9ments remarquables<\/h3>\n<p>Parmi les \u00e9l\u00e9ments marquants de l\u2019abbaye :<br \/>\n&#8211; <strong>Les cryptes<\/strong> : Abritent des sarcophages antiques.<br \/>\n&#8211; <strong>La chapelle<\/strong> : D\u00e9cor\u00e9e de fresques du XIIIe si\u00e8cle.<br \/>\n&#8211; <strong>Le clo\u00eetre<\/strong> : Un espace paisible pour la m\u00e9ditation.<\/p>\n<h2>Visiter l\u2019Abbaye en 2026<\/h2>\n<h3>Informations pratiques<\/h3>\n<ul>\n<li><strong>Horaires d\u2019ouverture<\/strong> : L\u2019abbaye est ouverte tous les jours de 9h00 \u00e0 18h00.<\/li>\n<li><strong>Tarifs<\/strong> :\n<ul>\n<li>Adultes : 8 euros<\/li>\n<li>Enfants (moins de 12 ans) : gratuit<\/li>\n<li>Tarifs r\u00e9duits pour les \u00e9tudiants et groupes (5 euros)<\/li>\n<\/ul>\n<\/li>\n<\/ul>\n<h3>Comment y acc\u00e9der ?<\/h3>\n<p>L\u2019abbaye est facilement accessible en transport en commun depuis le centre-ville de Marseille :<br \/>\n&#8211; M\u00e9tro ligne 1 jusqu\u2019\u00e0 \u201cVieux-Port\u201d<br \/>\n&#8211; Bus num\u00e9ro 21 jusqu\u2019\u00e0 \u201cSaint-Victor\u201d<\/p>\n<h3>Points d\u2019int\u00e9r\u00eat aux alentours<\/h3>\n<ol>\n<li><strong>Fort Saint-Nicolas<\/strong> : Une fortification historique offrant une vue panoramique sur le port.<\/li>\n<li><strong>Les calanques<\/strong> : Id\u00e9ales pour une randonn\u00e9e apr\u00e8s la visite.<\/li>\n<\/ol>\n<h2>Pi\u00e8ges \u00e0 \u00e9viter lors de votre visite<\/h2>\n<p>Ne pas pr\u00e9voir suffisamment de temps pour explorer toutes les parties de l\u2019abbaye peut vous faire manquer des d\u00e9tails essentiels. Il est conseill\u00e9 d\u2019y consacrer au moins deux heures pour appr\u00e9cier pleinement son histoire et son architecture.<\/p>\n<h2>Tableau r\u00e9capitulatif des informations cl\u00e9s<\/h2>\n<table class=\"kwdbank-table\">\n<thead>\n<tr>\n<th>\u00c9l\u00e9ments<\/th>\n<th>D\u00e9tails<\/th>\n<\/tr>\n<\/thead>\n<tbody>\n<tr>\n<td>Date de fondation<\/td>\n<td>Ve si\u00e8cle<\/td>\n<\/tr>\n<tr>\n<td>Co\u00fbt d\u2019entr\u00e9e<\/td>\n<td>8 euros<\/td>\n<\/tr>\n<tr>\n<td>Horaires<\/td>\n<td>Tous les jours, 9h00 &#8211; 18h00<\/td>\n<\/tr>\n<tr>\n<td>Acc\u00e8s<\/td>\n<td>M\u00e9tro ligne 1 + Bus n\u00b021<\/td>\n<\/tr>\n<\/tbody>\n<\/table>\n<h2>FAQ<\/h2>\n<h3>Quelle est l\u2019histoire de Saint-Victor Abbaye ?<\/h3>\n<p>L\u2019abbaye a \u00e9t\u00e9 fond\u00e9e au Ve si\u00e8cle par des moines orientaux et est devenue un important centre religieux au Moyen \u00c2ge.<\/p>\n<h3>Quels sont les horaires d\u2019ouverture en 2026 ?<\/h3>\n<p>L\u2019abbaye est ouverte tous les jours de 9h00 \u00e0 18h00.<\/p>\n<h3>Combien co\u00fbte l\u2019entr\u00e9e \u00e0 Saint-Victor Abbaye ?<\/h3>\n<p>Le prix d\u2019entr\u00e9e est fix\u00e9 \u00e0 environ 8 euros pour les adultes.<\/p>\n<h3>Peut-on visiter l\u2019abbaye avec des enfants ?<\/h3>\n<p>Oui, l\u2019entr\u00e9e est gratuite pour les enfants de moins de 12 ans.<\/p>\n<h3>Quelles activit\u00e9s sont propos\u00e9es autour de l\u2019abbaye ?<\/h3>\n<p>Des visites guid\u00e9es sont disponibles et vous pouvez \u00e9galement explorer le Fort Saint-Nicolas et profiter des calanques environnantes.<\/p>\n<h3>Y a-t-il un parking disponible pr\u00e8s de l\u2019abbaye ?<\/h3>\n<p>Il y a quelques places de stationnement dans les rues environnantes, mais il est conseill\u00e9 d\u2019utiliser les transports en commun pour \u00e9viter le stress du stationnement.<\/p>\n","protected":false},"excerpt":{"rendered":"","protected":false},"author":34,"featured_media":8078,"comment_status":"open","ping_status":"open","sticky":false,"template":"","format":"standard","meta":{"_acf_changed":false,"manual_indexmenow":false,"indexmenow_id_project":0,"footnotes":""},"categories":[4835],"tags":[],"class_list":["post-7831","post","type-post","status-publish","format-standard","has-post-thumbnail","hentry","category-articles","generate-columns","tablet-grid-50","mobile-grid-100","grid-parent","grid-25"],"acf":[],"yoast_head":"<!-- This site is optimized with the Yoast SEO Premium plugin v21.3 (Yoast SEO v26.5) - https:\/\/yoast.com\/wordpress\/plugins\/seo\/ -->\n<title>St Victor Abbaye : Visite &amp; Histoire Marseille<\/title>\n<meta name=\"description\" content=\"La Saint-Victor Abbaye, situ\u00e9e \u00e0 Marseille, est un site historique incontournable pour ceux qui s\u2019int\u00e9ressent \u00e0 l\u2019histoire religieuse et architecturale\" \/>\n<meta name=\"robots\" content=\"index, follow, max-snippet:-1, max-image-preview:large, max-video-preview:-1\" \/>\n<link rel=\"canonical\" href=\"https:\/\/starstory.fr\/blog\/articles\/st-victor-l-abbaye\/\" \/>\n<meta property=\"og:locale\" content=\"fr_FR\" \/>\n<meta property=\"og:type\" content=\"article\" \/>\n<meta property=\"og:title\" content=\"St Victor Abbaye : Visite &amp; Histoire Marseille\" \/>\n<meta property=\"og:description\" content=\"La Saint-Victor Abbaye, situ\u00e9e \u00e0 Marseille, est un site historique incontournable pour ceux qui s\u2019int\u00e9ressent \u00e0 l\u2019histoire religieuse et architecturale\" \/>\n<meta property=\"og:url\" content=\"https:\/\/starstory.fr\/blog\/articles\/st-victor-l-abbaye\/\" \/>\n<meta property=\"og:site_name\" content=\"starstory\" \/>\n<meta property=\"og:image\" content=\"https:\/\/starstory.fr\/blog\/wp-content\/uploads\/2026\/06\/sdxl-22586978b7578a5bff8787bdb226327e-scaled.png\" \/>\n\t<meta property=\"og:image:width\" content=\"1200\" \/>\n\t<meta property=\"og:image:height\" content=\"500\" \/>\n\t<meta property=\"og:image:type\" content=\"image\/png\" \/>\n<meta name=\"author\" content=\"Rapha\u00ebl D.\" \/>\n<meta name=\"twitter:card\" content=\"summary_large_image\" \/>\n<script type=\"application\/ld+json\" class=\"yoast-schema-graph\">{\"@context\":\"https:\/\/schema.org\",\"@graph\":[{\"@type\":\"NewsArticle\",\"@id\":\"https:\/\/starstory.fr\/blog\/articles\/st-victor-l-abbaye\/#article\",\"isPartOf\":{\"@id\":\"https:\/\/starstory.fr\/blog\/articles\/st-victor-l-abbaye\/\"},\"author\":{\"name\":\"Rapha\u00ebl D.\",\"@id\":\"https:\/\/starstory.fr\/blog\/#\/schema\/person\/3c864cdc320801e3db34b663e7e3f816\"},\"headline\":\"St Victor Abbaye : Visite &#038; Histoire Marseille\",\"datePublished\":\"2026-06-08T09:00:00+00:00\",\"mainEntityOfPage\":{\"@id\":\"https:\/\/starstory.fr\/blog\/articles\/st-victor-l-abbaye\/\"},\"wordCount\":665,\"commentCount\":0,\"publisher\":{\"@id\":\"https:\/\/starstory.fr\/blog\/#organization\"},\"image\":{\"@id\":\"https:\/\/starstory.fr\/blog\/articles\/st-victor-l-abbaye\/#primaryimage\"},\"thumbnailUrl\":\"https:\/\/starstory.fr\/blog\/wp-content\/uploads\/2026\/06\/sdxl-22586978b7578a5bff8787bdb226327e-scaled.png\",\"articleSection\":[\"Articles\"],\"inLanguage\":\"fr-FR\",\"potentialAction\":[{\"@type\":\"CommentAction\",\"name\":\"Comment\",\"target\":[\"https:\/\/starstory.fr\/blog\/articles\/st-victor-l-abbaye\/#respond\"]}]},{\"@type\":\"WebPage\",\"@id\":\"https:\/\/starstory.fr\/blog\/articles\/st-victor-l-abbaye\/\",\"url\":\"https:\/\/starstory.fr\/blog\/articles\/st-victor-l-abbaye\/\",\"name\":\"St Victor Abbaye : Visite & Histoire Marseille\",\"isPartOf\":{\"@id\":\"https:\/\/starstory.fr\/blog\/#website\"},\"primaryImageOfPage\":{\"@id\":\"https:\/\/starstory.fr\/blog\/articles\/st-victor-l-abbaye\/#primaryimage\"},\"image\":{\"@id\":\"https:\/\/starstory.fr\/blog\/articles\/st-victor-l-abbaye\/#primaryimage\"},\"thumbnailUrl\":\"https:\/\/starstory.fr\/blog\/wp-content\/uploads\/2026\/06\/sdxl-22586978b7578a5bff8787bdb226327e-scaled.png\",\"datePublished\":\"2026-06-08T09:00:00+00:00\",\"description\":\"La Saint-Victor Abbaye, situ\u00e9e \u00e0 Marseille, est un site historique incontournable pour ceux qui s\u2019int\u00e9ressent \u00e0 l\u2019histoire religieuse et architecturale\",\"inLanguage\":\"fr-FR\",\"potentialAction\":[{\"@type\":\"ReadAction\",\"target\":[\"https:\/\/starstory.fr\/blog\/articles\/st-victor-l-abbaye\/\"]}]},{\"@type\":\"ImageObject\",\"inLanguage\":\"fr-FR\",\"@id\":\"https:\/\/starstory.fr\/blog\/articles\/st-victor-l-abbaye\/#primaryimage\",\"url\":\"https:\/\/starstory.fr\/blog\/wp-content\/uploads\/2026\/06\/sdxl-22586978b7578a5bff8787bdb226327e-scaled.png\",\"contentUrl\":\"https:\/\/starstory.fr\/blog\/wp-content\/uploads\/2026\/06\/sdxl-22586978b7578a5bff8787bdb226327e-scaled.png\",\"width\":1200,\"height\":500},{\"@type\":\"WebSite\",\"@id\":\"https:\/\/starstory.fr\/blog\/#website\",\"url\":\"https:\/\/starstory.fr\/blog\/\",\"name\":\"StarStory\",\"description\":\"StarStory, les \u00e9toiles racontent leur histoire\",\"publisher\":{\"@id\":\"https:\/\/starstory.fr\/blog\/#organization\"},\"alternateName\":\"StarStory, les \u00e9toiles racontent leur histoire\",\"potentialAction\":[{\"@type\":\"SearchAction\",\"target\":{\"@type\":\"EntryPoint\",\"urlTemplate\":\"https:\/\/starstory.fr\/blog\/?s={search_term_string}\"},\"query-input\":{\"@type\":\"PropertyValueSpecification\",\"valueRequired\":true,\"valueName\":\"search_term_string\"}}],\"inLanguage\":\"fr-FR\"},{\"@type\":\"Organization\",\"@id\":\"https:\/\/starstory.fr\/blog\/#organization\",\"name\":\"StarStory\",\"alternateName\":\"StarStory.fr\",\"url\":\"https:\/\/starstory.fr\/blog\/\",\"logo\":{\"@type\":\"ImageObject\",\"inLanguage\":\"fr-FR\",\"@id\":\"https:\/\/starstory.fr\/blog\/#\/schema\/logo\/image\/\",\"url\":\"https:\/\/starstory.fr\/blog\/wp-content\/uploads\/2024\/12\/38.png\",\"contentUrl\":\"https:\/\/starstory.fr\/blog\/wp-content\/uploads\/2024\/12\/38.png\",\"width\":500,\"height\":500,\"caption\":\"StarStory\"},\"image\":{\"@id\":\"https:\/\/starstory.fr\/blog\/#\/schema\/logo\/image\/\"}},{\"@type\":\"Person\",\"@id\":\"https:\/\/starstory.fr\/blog\/#\/schema\/person\/3c864cdc320801e3db34b663e7e3f816\",\"name\":\"Rapha\u00ebl D.\",\"image\":{\"@type\":\"ImageObject\",\"inLanguage\":\"fr-FR\",\"@id\":\"https:\/\/starstory.fr\/blog\/#\/schema\/person\/image\/\",\"url\":\"https:\/\/starstory.fr\/blog\/wp-content\/uploads\/2026\/06\/persona_raphael-d-96x96.jpg\",\"contentUrl\":\"https:\/\/starstory.fr\/blog\/wp-content\/uploads\/2026\/06\/persona_raphael-d-96x96.jpg\",\"caption\":\"Rapha\u00ebl D.\"},\"description\":\"La culture est mon terrain de jeu depuis une dizaine d'ann\u00e9es : arts visuels, s\u00e9ries, cr\u00e9ation et tout ce qui nourrit l'imaginaire. J'\u00e9cris aussi bien sur l'actualit\u00e9 des \u0153uvres que sur les coulisses de la cr\u00e9ation, avec l'envie de relier l'amateur curieux \u00e0 des univers parfois jug\u00e9s intimidants. J'aime analyser une s\u00e9rie ou une d\u00e9marche artistique sans p\u00e9dantisme, replacer une \u0153uvre dans son contexte et donner des cl\u00e9s de lecture accessibles. Avant de publier, je v\u00e9rifie mes r\u00e9f\u00e9rences, je recoupe les sources et je distingue clairement le fait de mon interpr\u00e9tation subjective. Je crois qu'une critique vaut surtout par les arguments qu'elle expose, pas par la sentence qu'elle rend. Mon angle : transmettre l'envie de d\u00e9couvrir, de regarder autrement et de se forger son propre go\u00fbt. La culture n'appartient pas qu'aux initi\u00e9s, et c'est tout l'enjeu de mon \u00e9criture.\",\"url\":\"https:\/\/starstory.fr\/blog\/auteur\/noname\/\",\"jobTitle\":\"R\u00e9dacteur en chef \u00b7 Culture & Cr\u00e9ation\",\"knowsAbout\":[\"Culture\",\"Cr\u00e9ation\"],\"email\":\"raphael.d@a-l-asso-de-l-art.fr\"}]}<\/script>\n<!-- \/ Yoast SEO Premium plugin. -->","yoast_head_json":{"title":"St Victor Abbaye : Visite & Histoire Marseille","description":"La Saint-Victor Abbaye, situ\u00e9e \u00e0 Marseille, est un site historique incontournable pour ceux qui s\u2019int\u00e9ressent \u00e0 l\u2019histoire religieuse et architecturale","robots":{"index":"index","follow":"follow","max-snippet":"max-snippet:-1","max-image-preview":"max-image-preview:large","max-video-preview":"max-video-preview:-1"},"canonical":"https:\/\/starstory.fr\/blog\/articles\/st-victor-l-abbaye\/","og_locale":"fr_FR","og_type":"article","og_title":"St Victor Abbaye : Visite & Histoire Marseille","og_description":"La Saint-Victor Abbaye, situ\u00e9e \u00e0 Marseille, est un site historique incontournable pour ceux qui s\u2019int\u00e9ressent \u00e0 l\u2019histoire religieuse et architecturale","og_url":"https:\/\/starstory.fr\/blog\/articles\/st-victor-l-abbaye\/","og_site_name":"starstory","og_image":[{"width":1200,"height":500,"url":"https:\/\/starstory.fr\/blog\/wp-content\/uploads\/2026\/06\/sdxl-22586978b7578a5bff8787bdb226327e-scaled.png","type":"image\/png"}],"author":"Rapha\u00ebl D.","twitter_card":"summary_large_image","schema":{"@context":"https:\/\/schema.org","@graph":[{"@type":"NewsArticle","@id":"https:\/\/starstory.fr\/blog\/articles\/st-victor-l-abbaye\/#article","isPartOf":{"@id":"https:\/\/starstory.fr\/blog\/articles\/st-victor-l-abbaye\/"},"author":{"name":"Rapha\u00ebl D.","@id":"https:\/\/starstory.fr\/blog\/#\/schema\/person\/3c864cdc320801e3db34b663e7e3f816"},"headline":"St Victor Abbaye : Visite &#038; Histoire Marseille","datePublished":"2026-06-08T09:00:00+00:00","mainEntityOfPage":{"@id":"https:\/\/starstory.fr\/blog\/articles\/st-victor-l-abbaye\/"},"wordCount":665,"commentCount":0,"publisher":{"@id":"https:\/\/starstory.fr\/blog\/#organization"},"image":{"@id":"https:\/\/starstory.fr\/blog\/articles\/st-victor-l-abbaye\/#primaryimage"},"thumbnailUrl":"https:\/\/starstory.fr\/blog\/wp-content\/uploads\/2026\/06\/sdxl-22586978b7578a5bff8787bdb226327e-scaled.png","articleSection":["Articles"],"inLanguage":"fr-FR","potentialAction":[{"@type":"CommentAction","name":"Comment","target":["https:\/\/starstory.fr\/blog\/articles\/st-victor-l-abbaye\/#respond"]}]},{"@type":"WebPage","@id":"https:\/\/starstory.fr\/blog\/articles\/st-victor-l-abbaye\/","url":"https:\/\/starstory.fr\/blog\/articles\/st-victor-l-abbaye\/","name":"St Victor Abbaye : Visite & Histoire Marseille","isPartOf":{"@id":"https:\/\/starstory.fr\/blog\/#website"},"primaryImageOfPage":{"@id":"https:\/\/starstory.fr\/blog\/articles\/st-victor-l-abbaye\/#primaryimage"},"image":{"@id":"https:\/\/starstory.fr\/blog\/articles\/st-victor-l-abbaye\/#primaryimage"},"thumbnailUrl":"https:\/\/starstory.fr\/blog\/wp-content\/uploads\/2026\/06\/sdxl-22586978b7578a5bff8787bdb226327e-scaled.png","datePublished":"2026-06-08T09:00:00+00:00","description":"La Saint-Victor Abbaye, situ\u00e9e \u00e0 Marseille, est un site historique incontournable pour ceux qui s\u2019int\u00e9ressent \u00e0 l\u2019histoire religieuse et architecturale","inLanguage":"fr-FR","potentialAction":[{"@type":"ReadAction","target":["https:\/\/starstory.fr\/blog\/articles\/st-victor-l-abbaye\/"]}]},{"@type":"ImageObject","inLanguage":"fr-FR","@id":"https:\/\/starstory.fr\/blog\/articles\/st-victor-l-abbaye\/#primaryimage","url":"https:\/\/starstory.fr\/blog\/wp-content\/uploads\/2026\/06\/sdxl-22586978b7578a5bff8787bdb226327e-scaled.png","contentUrl":"https:\/\/starstory.fr\/blog\/wp-content\/uploads\/2026\/06\/sdxl-22586978b7578a5bff8787bdb226327e-scaled.png","width":1200,"height":500},{"@type":"WebSite","@id":"https:\/\/starstory.fr\/blog\/#website","url":"https:\/\/starstory.fr\/blog\/","name":"StarStory","description":"StarStory, les \u00e9toiles racontent leur histoire","publisher":{"@id":"https:\/\/starstory.fr\/blog\/#organization"},"alternateName":"StarStory, les \u00e9toiles racontent leur histoire","potentialAction":[{"@type":"SearchAction","target":{"@type":"EntryPoint","urlTemplate":"https:\/\/starstory.fr\/blog\/?s={search_term_string}"},"query-input":{"@type":"PropertyValueSpecification","valueRequired":true,"valueName":"search_term_string"}}],"inLanguage":"fr-FR"},{"@type":"Organization","@id":"https:\/\/starstory.fr\/blog\/#organization","name":"StarStory","alternateName":"StarStory.fr","url":"https:\/\/starstory.fr\/blog\/","logo":{"@type":"ImageObject","inLanguage":"fr-FR","@id":"https:\/\/starstory.fr\/blog\/#\/schema\/logo\/image\/","url":"https:\/\/starstory.fr\/blog\/wp-content\/uploads\/2024\/12\/38.png","contentUrl":"https:\/\/starstory.fr\/blog\/wp-content\/uploads\/2024\/12\/38.png","width":500,"height":500,"caption":"StarStory"},"image":{"@id":"https:\/\/starstory.fr\/blog\/#\/schema\/logo\/image\/"}},{"@type":"Person","@id":"https:\/\/starstory.fr\/blog\/#\/schema\/person\/3c864cdc320801e3db34b663e7e3f816","name":"Rapha\u00ebl D.","image":{"@type":"ImageObject","inLanguage":"fr-FR","@id":"https:\/\/starstory.fr\/blog\/#\/schema\/person\/image\/","url":"https:\/\/starstory.fr\/blog\/wp-content\/uploads\/2026\/06\/persona_raphael-d-96x96.jpg","contentUrl":"https:\/\/starstory.fr\/blog\/wp-content\/uploads\/2026\/06\/persona_raphael-d-96x96.jpg","caption":"Rapha\u00ebl D."},"description":"La culture est mon terrain de jeu depuis une dizaine d'ann\u00e9es : arts visuels, s\u00e9ries, cr\u00e9ation et tout ce qui nourrit l'imaginaire. J'\u00e9cris aussi bien sur l'actualit\u00e9 des \u0153uvres que sur les coulisses de la cr\u00e9ation, avec l'envie de relier l'amateur curieux \u00e0 des univers parfois jug\u00e9s intimidants. J'aime analyser une s\u00e9rie ou une d\u00e9marche artistique sans p\u00e9dantisme, replacer une \u0153uvre dans son contexte et donner des cl\u00e9s de lecture accessibles. Avant de publier, je v\u00e9rifie mes r\u00e9f\u00e9rences, je recoupe les sources et je distingue clairement le fait de mon interpr\u00e9tation subjective. Je crois qu'une critique vaut surtout par les arguments qu'elle expose, pas par la sentence qu'elle rend. Mon angle : transmettre l'envie de d\u00e9couvrir, de regarder autrement et de se forger son propre go\u00fbt. La culture n'appartient pas qu'aux initi\u00e9s, et c'est tout l'enjeu de mon \u00e9criture.","url":"https:\/\/starstory.fr\/blog\/auteur\/noname\/","jobTitle":"R\u00e9dacteur en chef \u00b7 Culture & Cr\u00e9ation","knowsAbout":["Culture","Cr\u00e9ation"],"email":"raphael.d@a-l-asso-de-l-art.fr"}]}},"_links":{"self":[{"href":"https:\/\/starstory.fr\/blog\/wp-json\/wp\/v2\/posts\/7831","targetHints":{"allow":["GET"]}}],"collection":[{"href":"https:\/\/starstory.fr\/blog\/wp-json\/wp\/v2\/posts"}],"about":[{"href":"https:\/\/starstory.fr\/blog\/wp-json\/wp\/v2\/types\/post"}],"author":[{"embeddable":true,"href":"https:\/\/starstory.fr\/blog\/wp-json\/wp\/v2\/users\/34"}],"replies":[{"embeddable":true,"href":"https:\/\/starstory.fr\/blog\/wp-json\/wp\/v2\/comments?post=7831"}],"version-history":[{"count":1,"href":"https:\/\/starstory.fr\/blog\/wp-json\/wp\/v2\/posts\/7831\/revisions"}],"predecessor-version":[{"id":8052,"href":"https:\/\/starstory.fr\/blog\/wp-json\/wp\/v2\/posts\/7831\/revisions\/8052"}],"wp:featuredmedia":[{"embeddable":true,"href":"https:\/\/starstory.fr\/blog\/wp-json\/wp\/v2\/media\/8078"}],"wp:attachment":[{"href":"https:\/\/starstory.fr\/blog\/wp-json\/wp\/v2\/media?parent=7831"}],"wp:term":[{"taxonomy":"category","embeddable":true,"href":"https:\/\/starstory.fr\/blog\/wp-json\/wp\/v2\/categories?post=7831"},{"taxonomy":"post_tag","embeddable":true,"href":"https:\/\/starstory.fr\/blog\/wp-json\/wp\/v2\/tags?post=7831"}],"curies":[{"name":"wp","href":"https:\/\/api.w.org\/{rel}","templated":true}]}}