{"id":7830,"date":"2026-06-07T09:00:00","date_gmt":"2026-06-07T09:00:00","guid":{"rendered":"https:\/\/starstory.fr\/blog\/?p=7830"},"modified":"2026-06-07T09:00:00","modified_gmt":"2026-06-07T09:00:00","slug":"bataille-de-crecy","status":"publish","type":"post","link":"https:\/\/starstory.fr\/blog\/articles\/bataille-de-crecy\/","title":{"rendered":"Bataille de Cr\u00e9cy : Histoire et Visite 2026"},"content":{"rendered":"<p>La bataille de Cr\u00e9cy, qui s\u2019est d\u00e9roul\u00e9e le 26 ao\u00fbt 1346, est un \u00e9v\u00e9nement marquant de la guerre de Cent Ans entre l\u2019Angleterre et la France. Elle illustre parfaitement l\u2019\u00e9volution des tactiques militaires m\u00e9di\u00e9vales et l\u2019utilisation des archers anglais, qui ont jou\u00e9 un r\u00f4le d\u00e9cisif dans cette victoire. En 2026, cette bataille sera non seulement un sujet d\u2019\u00e9tude pour les passionn\u00e9s d\u2019histoire, mais \u00e9galement une destination touristique \u00e0 ne pas manquer. Cet article vous propose une exploration d\u00e9taill\u00e9e de cet affrontement historique et des conseils pour visiter le site.<\/p>\n<h2>Contexte historique<\/h2>\n<h3>Les origines du conflit<\/h3>\n<p>La guerre de Cent Ans (1337-1453) oppose les royaumes d\u2019Angleterre et de France pour des raisons dynastiques et territoriales. La revendication du tr\u00f4ne fran\u00e7ais par \u00c9douard III d\u2019Angleterre en est un des principaux d\u00e9clencheurs. Les tensions s\u2019intensifient et m\u00e8nent \u00e0 plusieurs batailles, dont celle de Cr\u00e9cy.<\/p>\n<h3>L\u2019importance strat\u00e9gique de Cr\u00e9cy<\/h3>\n<p>La bataille a lieu pr\u00e8s du village de Cr\u00e9cy-en-Ponthieu, dans le nord de la France. \u00c0 cette \u00e9poque, la France poss\u00e8de une arm\u00e9e bien \u00e9quip\u00e9e mais mal coordonn\u00e9e, tandis que les Anglais optent pour une strat\u00e9gie bas\u00e9e sur la mobilit\u00e9 et l\u2019utilisation des archers.<\/p>\n<h2>Le d\u00e9roulement de la bataille<\/h2>\n<h3>Les forces en pr\u00e9sence<\/h3>\n<table class=\"kwdbank-table\">\n<thead>\n<tr>\n<th>Arm\u00e9e<\/th>\n<th>Nombre estim\u00e9<\/th>\n<th>Type d\u2019unit\u00e9s<\/th>\n<\/tr>\n<\/thead>\n<tbody>\n<tr>\n<td>Anglaise<\/td>\n<td>10 000 \u00e0 15 000<\/td>\n<td>Archers, cavaliers<\/td>\n<\/tr>\n<tr>\n<td>Fran\u00e7aise<\/td>\n<td>30 000 \u00e0 40 000<\/td>\n<td>Chevaliers, fantassins<\/td>\n<\/tr>\n<\/tbody>\n<\/table>\n<p>Les Anglais, dirig\u00e9s par \u00c9douard III, adoptent une position d\u00e9fensive sur une colline. En revanche, l\u2019arm\u00e9e fran\u00e7aise command\u00e9e par le roi Philippe VI se lance dans une attaque frontale.<\/p>\n<h3>Tactiques utilis\u00e9es<\/h3>\n<p>Les archers anglais, arm\u00e9s de longs arcs, infligent des pertes consid\u00e9rables aux Fran\u00e7ais avant m\u00eame qu\u2019ils n\u2019atteignent les lignes ennemies. Cette bataille marque un tournant avec l\u2019utilisation efficace des archers en tant qu\u2019unit\u00e9 militaire cl\u00e9.<\/p>\n<h2>Les cons\u00e9quences de la bataille<\/h2>\n<p>La victoire anglaise \u00e0 Cr\u00e9cy a renforc\u00e9 leur position en France. Elle a \u00e9galement d\u00e9montr\u00e9 l\u2019efficacit\u00e9 des nouvelles tactiques militaires qui allaient influencer les conflits futurs.<\/p>\n<h3>Un pi\u00e8ge \u00e0 \u00e9viter : n\u00e9gliger l\u2019importance des archers<\/h3>\n<p>Un aspect souvent sous-estim\u00e9 dans l\u2019\u00e9tude de cette bataille est le r\u00f4le crucial jou\u00e9 par les archers. Beaucoup croient que seule la cavalerie \u00e9tait d\u00e9terminante ; or, sans les archers, les pertes fran\u00e7aises auraient \u00e9t\u00e9 bien moindres.<\/p>\n<h2>Visiter le site en 2026<\/h2>\n<h3>Pourquoi visiter ?<\/h3>\n<p>En 2026, le site de la bataille sera enrichi d\u2019installations comm\u00e9moratives et d\u2019un mus\u00e9e interactif. Ce lieu historique offre une occasion unique d\u2019apprendre sur cet affrontement tout en d\u00e9couvrant le cadre naturel pr\u00e9serv\u00e9.<\/p>\n<h3>Informations pratiques<\/h3>\n<ul>\n<li><strong>Acc\u00e8s<\/strong> : Le site est facilement accessible depuis Paris en train ou en voiture.<\/li>\n<li><strong>Horaires<\/strong> : Le mus\u00e9e sera ouvert tous les jours sauf le lundi.<\/li>\n<li><strong>Tarifs<\/strong> : L\u2019entr\u00e9e au mus\u00e9e co\u00fbtera environ 10 euros par personne.<\/li>\n<\/ul>\n<h3>Activit\u00e9s recommand\u00e9es<\/h3>\n<ol>\n<li><strong>Visite guid\u00e9e<\/strong> : Profitez des visites guid\u00e9es pour mieux comprendre les enjeux strat\u00e9giques.<\/li>\n<li><strong>Reconstitutions historiques<\/strong> : Assistez aux reconstitutions qui se tiendront chaque \u00e9t\u00e9.<\/li>\n<li><strong>Ateliers p\u00e9dagogiques<\/strong> : Participez aux ateliers consacr\u00e9s \u00e0 la vie quotidienne au Moyen \u00c2ge.<\/li>\n<\/ol>\n<h2>FAQ<\/h2>\n<h3>Quelle est la date exacte de la bataille de Cr\u00e9cy ?<\/h3>\n<p>La bataille a eu lieu le 26 ao\u00fbt 1346.<\/p>\n<h3>Qui a gagn\u00e9 la bataille de Cr\u00e9cy ?<\/h3>\n<p>L\u2019arm\u00e9e anglaise a remport\u00e9 une victoire d\u00e9cisive contre les forces fran\u00e7aises.<\/p>\n<h3>Quelles sont les cons\u00e9quences imm\u00e9diates de cette bataille ?<\/h3>\n<p>Elle a permis aux Anglais d\u2019\u00e9tablir leur domination dans certaines r\u00e9gions fran\u00e7aises et a modifi\u00e9 les strat\u00e9gies militaires utilis\u00e9es durant la guerre.<\/p>\n<h3>Y a-t-il un mus\u00e9e consacr\u00e9 \u00e0 cette bataille ?<\/h3>\n<p>Oui, un mus\u00e9e sera ouvert au public en 2026 sur le site m\u00eame de la bataille.<\/p>\n<h3>Quelles tactiques ont \u00e9t\u00e9 d\u00e9terminantes lors de cette bataille ?<\/h3>\n<p>L\u2019utilisation efficace des archers anglais et leur position d\u00e9fensive ont \u00e9t\u00e9 essentielles \u00e0 leur victoire.<\/p>\n<p>Explorez ces \u00e9l\u00e9ments cl\u00e9s autour de la bataille de Cr\u00e9cy pour enrichir votre compr\u00e9hension historique tout en planifiant votre visite future !<\/p>\n","protected":false},"excerpt":{"rendered":"","protected":false},"author":34,"featured_media":8079,"comment_status":"open","ping_status":"open","sticky":false,"template":"","format":"standard","meta":{"_acf_changed":false,"manual_indexmenow":false,"indexmenow_id_project":0,"footnotes":""},"categories":[4835],"tags":[],"class_list":["post-7830","post","type-post","status-publish","format-standard","has-post-thumbnail","hentry","category-articles","generate-columns","tablet-grid-50","mobile-grid-100","grid-parent","grid-25"],"acf":[],"yoast_head":"<!-- This site is optimized with the Yoast SEO Premium plugin v21.3 (Yoast SEO v26.5) - https:\/\/yoast.com\/wordpress\/plugins\/seo\/ -->\n<title>Bataille de Cr\u00e9cy : Histoire et Visite 2026<\/title>\n<meta name=\"description\" content=\"La bataille de Cr\u00e9cy, qui s\u2019est d\u00e9roul\u00e9e le 26 ao\u00fbt 1346, est un \u00e9v\u00e9nement marquant de la guerre de Cent Ans entre l\u2019Angleterre et la France\" \/>\n<meta name=\"robots\" content=\"index, follow, max-snippet:-1, max-image-preview:large, max-video-preview:-1\" \/>\n<link rel=\"canonical\" href=\"https:\/\/starstory.fr\/blog\/articles\/bataille-de-crecy\/\" \/>\n<meta property=\"og:locale\" content=\"fr_FR\" \/>\n<meta property=\"og:type\" content=\"article\" \/>\n<meta property=\"og:title\" content=\"Bataille de Cr\u00e9cy : Histoire et Visite 2026\" \/>\n<meta property=\"og:description\" content=\"La bataille de Cr\u00e9cy, qui s\u2019est d\u00e9roul\u00e9e le 26 ao\u00fbt 1346, est un \u00e9v\u00e9nement marquant de la guerre de Cent Ans entre l\u2019Angleterre et la France\" \/>\n<meta property=\"og:url\" content=\"https:\/\/starstory.fr\/blog\/articles\/bataille-de-crecy\/\" \/>\n<meta property=\"og:site_name\" content=\"starstory\" \/>\n<meta property=\"og:image\" content=\"https:\/\/starstory.fr\/blog\/wp-content\/uploads\/2026\/06\/sdxl-8c3f5a01716419c0f27fe4ffd0e20bb9-scaled.png\" \/>\n\t<meta property=\"og:image:width\" content=\"1200\" \/>\n\t<meta property=\"og:image:height\" content=\"500\" \/>\n\t<meta property=\"og:image:type\" content=\"image\/png\" \/>\n<meta name=\"author\" content=\"Rapha\u00ebl D.\" \/>\n<meta name=\"twitter:card\" content=\"summary_large_image\" \/>\n<script type=\"application\/ld+json\" class=\"yoast-schema-graph\">{\"@context\":\"https:\/\/schema.org\",\"@graph\":[{\"@type\":\"NewsArticle\",\"@id\":\"https:\/\/starstory.fr\/blog\/articles\/bataille-de-crecy\/#article\",\"isPartOf\":{\"@id\":\"https:\/\/starstory.fr\/blog\/articles\/bataille-de-crecy\/\"},\"author\":{\"name\":\"Rapha\u00ebl D.\",\"@id\":\"https:\/\/starstory.fr\/blog\/#\/schema\/person\/3c864cdc320801e3db34b663e7e3f816\"},\"headline\":\"Bataille de Cr\u00e9cy : Histoire et Visite 2026\",\"datePublished\":\"2026-06-07T09:00:00+00:00\",\"mainEntityOfPage\":{\"@id\":\"https:\/\/starstory.fr\/blog\/articles\/bataille-de-crecy\/\"},\"wordCount\":704,\"commentCount\":0,\"publisher\":{\"@id\":\"https:\/\/starstory.fr\/blog\/#organization\"},\"image\":{\"@id\":\"https:\/\/starstory.fr\/blog\/articles\/bataille-de-crecy\/#primaryimage\"},\"thumbnailUrl\":\"https:\/\/starstory.fr\/blog\/wp-content\/uploads\/2026\/06\/sdxl-8c3f5a01716419c0f27fe4ffd0e20bb9-scaled.png\",\"articleSection\":[\"Articles\"],\"inLanguage\":\"fr-FR\",\"potentialAction\":[{\"@type\":\"CommentAction\",\"name\":\"Comment\",\"target\":[\"https:\/\/starstory.fr\/blog\/articles\/bataille-de-crecy\/#respond\"]}]},{\"@type\":\"WebPage\",\"@id\":\"https:\/\/starstory.fr\/blog\/articles\/bataille-de-crecy\/\",\"url\":\"https:\/\/starstory.fr\/blog\/articles\/bataille-de-crecy\/\",\"name\":\"Bataille de Cr\u00e9cy : Histoire et Visite 2026\",\"isPartOf\":{\"@id\":\"https:\/\/starstory.fr\/blog\/#website\"},\"primaryImageOfPage\":{\"@id\":\"https:\/\/starstory.fr\/blog\/articles\/bataille-de-crecy\/#primaryimage\"},\"image\":{\"@id\":\"https:\/\/starstory.fr\/blog\/articles\/bataille-de-crecy\/#primaryimage\"},\"thumbnailUrl\":\"https:\/\/starstory.fr\/blog\/wp-content\/uploads\/2026\/06\/sdxl-8c3f5a01716419c0f27fe4ffd0e20bb9-scaled.png\",\"datePublished\":\"2026-06-07T09:00:00+00:00\",\"description\":\"La bataille de Cr\u00e9cy, qui s\u2019est d\u00e9roul\u00e9e le 26 ao\u00fbt 1346, est un \u00e9v\u00e9nement marquant de la guerre de Cent Ans entre l\u2019Angleterre et la France\",\"inLanguage\":\"fr-FR\",\"potentialAction\":[{\"@type\":\"ReadAction\",\"target\":[\"https:\/\/starstory.fr\/blog\/articles\/bataille-de-crecy\/\"]}]},{\"@type\":\"ImageObject\",\"inLanguage\":\"fr-FR\",\"@id\":\"https:\/\/starstory.fr\/blog\/articles\/bataille-de-crecy\/#primaryimage\",\"url\":\"https:\/\/starstory.fr\/blog\/wp-content\/uploads\/2026\/06\/sdxl-8c3f5a01716419c0f27fe4ffd0e20bb9-scaled.png\",\"contentUrl\":\"https:\/\/starstory.fr\/blog\/wp-content\/uploads\/2026\/06\/sdxl-8c3f5a01716419c0f27fe4ffd0e20bb9-scaled.png\",\"width\":1200,\"height\":500},{\"@type\":\"WebSite\",\"@id\":\"https:\/\/starstory.fr\/blog\/#website\",\"url\":\"https:\/\/starstory.fr\/blog\/\",\"name\":\"StarStory\",\"description\":\"StarStory, les \u00e9toiles racontent leur histoire\",\"publisher\":{\"@id\":\"https:\/\/starstory.fr\/blog\/#organization\"},\"alternateName\":\"StarStory, les \u00e9toiles racontent leur histoire\",\"potentialAction\":[{\"@type\":\"SearchAction\",\"target\":{\"@type\":\"EntryPoint\",\"urlTemplate\":\"https:\/\/starstory.fr\/blog\/?s={search_term_string}\"},\"query-input\":{\"@type\":\"PropertyValueSpecification\",\"valueRequired\":true,\"valueName\":\"search_term_string\"}}],\"inLanguage\":\"fr-FR\"},{\"@type\":\"Organization\",\"@id\":\"https:\/\/starstory.fr\/blog\/#organization\",\"name\":\"StarStory\",\"alternateName\":\"StarStory.fr\",\"url\":\"https:\/\/starstory.fr\/blog\/\",\"logo\":{\"@type\":\"ImageObject\",\"inLanguage\":\"fr-FR\",\"@id\":\"https:\/\/starstory.fr\/blog\/#\/schema\/logo\/image\/\",\"url\":\"https:\/\/starstory.fr\/blog\/wp-content\/uploads\/2024\/12\/38.png\",\"contentUrl\":\"https:\/\/starstory.fr\/blog\/wp-content\/uploads\/2024\/12\/38.png\",\"width\":500,\"height\":500,\"caption\":\"StarStory\"},\"image\":{\"@id\":\"https:\/\/starstory.fr\/blog\/#\/schema\/logo\/image\/\"}},{\"@type\":\"Person\",\"@id\":\"https:\/\/starstory.fr\/blog\/#\/schema\/person\/3c864cdc320801e3db34b663e7e3f816\",\"name\":\"Rapha\u00ebl D.\",\"image\":{\"@type\":\"ImageObject\",\"inLanguage\":\"fr-FR\",\"@id\":\"https:\/\/starstory.fr\/blog\/#\/schema\/person\/image\/\",\"url\":\"https:\/\/starstory.fr\/blog\/wp-content\/uploads\/2026\/06\/persona_raphael-d-96x96.jpg\",\"contentUrl\":\"https:\/\/starstory.fr\/blog\/wp-content\/uploads\/2026\/06\/persona_raphael-d-96x96.jpg\",\"caption\":\"Rapha\u00ebl D.\"},\"description\":\"La culture est mon terrain de jeu depuis une dizaine d'ann\u00e9es : arts visuels, s\u00e9ries, cr\u00e9ation et tout ce qui nourrit l'imaginaire. J'\u00e9cris aussi bien sur l'actualit\u00e9 des \u0153uvres que sur les coulisses de la cr\u00e9ation, avec l'envie de relier l'amateur curieux \u00e0 des univers parfois jug\u00e9s intimidants. J'aime analyser une s\u00e9rie ou une d\u00e9marche artistique sans p\u00e9dantisme, replacer une \u0153uvre dans son contexte et donner des cl\u00e9s de lecture accessibles. Avant de publier, je v\u00e9rifie mes r\u00e9f\u00e9rences, je recoupe les sources et je distingue clairement le fait de mon interpr\u00e9tation subjective. Je crois qu'une critique vaut surtout par les arguments qu'elle expose, pas par la sentence qu'elle rend. Mon angle : transmettre l'envie de d\u00e9couvrir, de regarder autrement et de se forger son propre go\u00fbt. La culture n'appartient pas qu'aux initi\u00e9s, et c'est tout l'enjeu de mon \u00e9criture.\",\"url\":\"https:\/\/starstory.fr\/blog\/auteur\/noname\/\",\"jobTitle\":\"R\u00e9dacteur en chef \u00b7 Culture & Cr\u00e9ation\",\"knowsAbout\":[\"Culture\",\"Cr\u00e9ation\"],\"email\":\"raphael.d@a-l-asso-de-l-art.fr\"}]}<\/script>\n<!-- \/ Yoast SEO Premium plugin. -->","yoast_head_json":{"title":"Bataille de Cr\u00e9cy : Histoire et Visite 2026","description":"La bataille de Cr\u00e9cy, qui s\u2019est d\u00e9roul\u00e9e le 26 ao\u00fbt 1346, est un \u00e9v\u00e9nement marquant de la guerre de Cent Ans entre l\u2019Angleterre et la France","robots":{"index":"index","follow":"follow","max-snippet":"max-snippet:-1","max-image-preview":"max-image-preview:large","max-video-preview":"max-video-preview:-1"},"canonical":"https:\/\/starstory.fr\/blog\/articles\/bataille-de-crecy\/","og_locale":"fr_FR","og_type":"article","og_title":"Bataille de Cr\u00e9cy : Histoire et Visite 2026","og_description":"La bataille de Cr\u00e9cy, qui s\u2019est d\u00e9roul\u00e9e le 26 ao\u00fbt 1346, est un \u00e9v\u00e9nement marquant de la guerre de Cent Ans entre l\u2019Angleterre et la France","og_url":"https:\/\/starstory.fr\/blog\/articles\/bataille-de-crecy\/","og_site_name":"starstory","og_image":[{"width":1200,"height":500,"url":"https:\/\/starstory.fr\/blog\/wp-content\/uploads\/2026\/06\/sdxl-8c3f5a01716419c0f27fe4ffd0e20bb9-scaled.png","type":"image\/png"}],"author":"Rapha\u00ebl D.","twitter_card":"summary_large_image","schema":{"@context":"https:\/\/schema.org","@graph":[{"@type":"NewsArticle","@id":"https:\/\/starstory.fr\/blog\/articles\/bataille-de-crecy\/#article","isPartOf":{"@id":"https:\/\/starstory.fr\/blog\/articles\/bataille-de-crecy\/"},"author":{"name":"Rapha\u00ebl D.","@id":"https:\/\/starstory.fr\/blog\/#\/schema\/person\/3c864cdc320801e3db34b663e7e3f816"},"headline":"Bataille de Cr\u00e9cy : Histoire et Visite 2026","datePublished":"2026-06-07T09:00:00+00:00","mainEntityOfPage":{"@id":"https:\/\/starstory.fr\/blog\/articles\/bataille-de-crecy\/"},"wordCount":704,"commentCount":0,"publisher":{"@id":"https:\/\/starstory.fr\/blog\/#organization"},"image":{"@id":"https:\/\/starstory.fr\/blog\/articles\/bataille-de-crecy\/#primaryimage"},"thumbnailUrl":"https:\/\/starstory.fr\/blog\/wp-content\/uploads\/2026\/06\/sdxl-8c3f5a01716419c0f27fe4ffd0e20bb9-scaled.png","articleSection":["Articles"],"inLanguage":"fr-FR","potentialAction":[{"@type":"CommentAction","name":"Comment","target":["https:\/\/starstory.fr\/blog\/articles\/bataille-de-crecy\/#respond"]}]},{"@type":"WebPage","@id":"https:\/\/starstory.fr\/blog\/articles\/bataille-de-crecy\/","url":"https:\/\/starstory.fr\/blog\/articles\/bataille-de-crecy\/","name":"Bataille de Cr\u00e9cy : Histoire et Visite 2026","isPartOf":{"@id":"https:\/\/starstory.fr\/blog\/#website"},"primaryImageOfPage":{"@id":"https:\/\/starstory.fr\/blog\/articles\/bataille-de-crecy\/#primaryimage"},"image":{"@id":"https:\/\/starstory.fr\/blog\/articles\/bataille-de-crecy\/#primaryimage"},"thumbnailUrl":"https:\/\/starstory.fr\/blog\/wp-content\/uploads\/2026\/06\/sdxl-8c3f5a01716419c0f27fe4ffd0e20bb9-scaled.png","datePublished":"2026-06-07T09:00:00+00:00","description":"La bataille de Cr\u00e9cy, qui s\u2019est d\u00e9roul\u00e9e le 26 ao\u00fbt 1346, est un \u00e9v\u00e9nement marquant de la guerre de Cent Ans entre l\u2019Angleterre et la France","inLanguage":"fr-FR","potentialAction":[{"@type":"ReadAction","target":["https:\/\/starstory.fr\/blog\/articles\/bataille-de-crecy\/"]}]},{"@type":"ImageObject","inLanguage":"fr-FR","@id":"https:\/\/starstory.fr\/blog\/articles\/bataille-de-crecy\/#primaryimage","url":"https:\/\/starstory.fr\/blog\/wp-content\/uploads\/2026\/06\/sdxl-8c3f5a01716419c0f27fe4ffd0e20bb9-scaled.png","contentUrl":"https:\/\/starstory.fr\/blog\/wp-content\/uploads\/2026\/06\/sdxl-8c3f5a01716419c0f27fe4ffd0e20bb9-scaled.png","width":1200,"height":500},{"@type":"WebSite","@id":"https:\/\/starstory.fr\/blog\/#website","url":"https:\/\/starstory.fr\/blog\/","name":"StarStory","description":"StarStory, les \u00e9toiles racontent leur histoire","publisher":{"@id":"https:\/\/starstory.fr\/blog\/#organization"},"alternateName":"StarStory, les \u00e9toiles racontent leur histoire","potentialAction":[{"@type":"SearchAction","target":{"@type":"EntryPoint","urlTemplate":"https:\/\/starstory.fr\/blog\/?s={search_term_string}"},"query-input":{"@type":"PropertyValueSpecification","valueRequired":true,"valueName":"search_term_string"}}],"inLanguage":"fr-FR"},{"@type":"Organization","@id":"https:\/\/starstory.fr\/blog\/#organization","name":"StarStory","alternateName":"StarStory.fr","url":"https:\/\/starstory.fr\/blog\/","logo":{"@type":"ImageObject","inLanguage":"fr-FR","@id":"https:\/\/starstory.fr\/blog\/#\/schema\/logo\/image\/","url":"https:\/\/starstory.fr\/blog\/wp-content\/uploads\/2024\/12\/38.png","contentUrl":"https:\/\/starstory.fr\/blog\/wp-content\/uploads\/2024\/12\/38.png","width":500,"height":500,"caption":"StarStory"},"image":{"@id":"https:\/\/starstory.fr\/blog\/#\/schema\/logo\/image\/"}},{"@type":"Person","@id":"https:\/\/starstory.fr\/blog\/#\/schema\/person\/3c864cdc320801e3db34b663e7e3f816","name":"Rapha\u00ebl D.","image":{"@type":"ImageObject","inLanguage":"fr-FR","@id":"https:\/\/starstory.fr\/blog\/#\/schema\/person\/image\/","url":"https:\/\/starstory.fr\/blog\/wp-content\/uploads\/2026\/06\/persona_raphael-d-96x96.jpg","contentUrl":"https:\/\/starstory.fr\/blog\/wp-content\/uploads\/2026\/06\/persona_raphael-d-96x96.jpg","caption":"Rapha\u00ebl D."},"description":"La culture est mon terrain de jeu depuis une dizaine d'ann\u00e9es : arts visuels, s\u00e9ries, cr\u00e9ation et tout ce qui nourrit l'imaginaire. J'\u00e9cris aussi bien sur l'actualit\u00e9 des \u0153uvres que sur les coulisses de la cr\u00e9ation, avec l'envie de relier l'amateur curieux \u00e0 des univers parfois jug\u00e9s intimidants. J'aime analyser une s\u00e9rie ou une d\u00e9marche artistique sans p\u00e9dantisme, replacer une \u0153uvre dans son contexte et donner des cl\u00e9s de lecture accessibles. Avant de publier, je v\u00e9rifie mes r\u00e9f\u00e9rences, je recoupe les sources et je distingue clairement le fait de mon interpr\u00e9tation subjective. Je crois qu'une critique vaut surtout par les arguments qu'elle expose, pas par la sentence qu'elle rend. Mon angle : transmettre l'envie de d\u00e9couvrir, de regarder autrement et de se forger son propre go\u00fbt. La culture n'appartient pas qu'aux initi\u00e9s, et c'est tout l'enjeu de mon \u00e9criture.","url":"https:\/\/starstory.fr\/blog\/auteur\/noname\/","jobTitle":"R\u00e9dacteur en chef \u00b7 Culture & Cr\u00e9ation","knowsAbout":["Culture","Cr\u00e9ation"],"email":"raphael.d@a-l-asso-de-l-art.fr"}]}},"_links":{"self":[{"href":"https:\/\/starstory.fr\/blog\/wp-json\/wp\/v2\/posts\/7830","targetHints":{"allow":["GET"]}}],"collection":[{"href":"https:\/\/starstory.fr\/blog\/wp-json\/wp\/v2\/posts"}],"about":[{"href":"https:\/\/starstory.fr\/blog\/wp-json\/wp\/v2\/types\/post"}],"author":[{"embeddable":true,"href":"https:\/\/starstory.fr\/blog\/wp-json\/wp\/v2\/users\/34"}],"replies":[{"embeddable":true,"href":"https:\/\/starstory.fr\/blog\/wp-json\/wp\/v2\/comments?post=7830"}],"version-history":[{"count":1,"href":"https:\/\/starstory.fr\/blog\/wp-json\/wp\/v2\/posts\/7830\/revisions"}],"predecessor-version":[{"id":8051,"href":"https:\/\/starstory.fr\/blog\/wp-json\/wp\/v2\/posts\/7830\/revisions\/8051"}],"wp:featuredmedia":[{"embeddable":true,"href":"https:\/\/starstory.fr\/blog\/wp-json\/wp\/v2\/media\/8079"}],"wp:attachment":[{"href":"https:\/\/starstory.fr\/blog\/wp-json\/wp\/v2\/media?parent=7830"}],"wp:term":[{"taxonomy":"category","embeddable":true,"href":"https:\/\/starstory.fr\/blog\/wp-json\/wp\/v2\/categories?post=7830"},{"taxonomy":"post_tag","embeddable":true,"href":"https:\/\/starstory.fr\/blog\/wp-json\/wp\/v2\/tags?post=7830"}],"curies":[{"name":"wp","href":"https:\/\/api.w.org\/{rel}","templated":true}]}}