{"id":7828,"date":"2026-06-04T09:00:00","date_gmt":"2026-06-04T09:00:00","guid":{"rendered":"https:\/\/starstory.fr\/blog\/?p=7828"},"modified":"2026-06-04T09:00:00","modified_gmt":"2026-06-04T09:00:00","slug":"chateau-de-bouteville","status":"publish","type":"post","link":"https:\/\/starstory.fr\/blog\/articles\/chateau-de-bouteville\/","title":{"rendered":"Ch\u00e2teau Bouteville : Visite et Histoire"},"content":{"rendered":"<p>Le Ch\u00e2teau de Bouteville, situ\u00e9 en Charente-Maritime, est une p\u00e9pite du patrimoine fran\u00e7ais. Cette forteresse m\u00e9di\u00e9vale, entour\u00e9e de paysages pittoresques, offre aux visiteurs un aper\u00e7u fascinant de l\u2019histoire r\u00e9gionale et de l\u2019architecture d\u00e9fensive du Moyen \u00c2ge. La visite du ch\u00e2teau permet non seulement d\u2019admirer ses structures imposantes, mais aussi de plonger dans les r\u00e9cits des familles qui l\u2019ont habit\u00e9 au fil des si\u00e8cles.<\/p>\n<p>Construit au XIIe si\u00e8cle, le ch\u00e2teau a su traverser les \u00e9poques tout en conservant son authenticit\u00e9. Sa d\u00e9couverte vous transporte \u00e0 une \u00e9poque o\u00f9 la vie \u00e9tait rythm\u00e9e par les enjeux militaires et politiques. Dans cet article, nous vous proposons un tour d\u2019horizon d\u00e9taill\u00e9 de ce monument historique \u00e0 travers ses caract\u00e9ristiques architecturales, son histoire et des conseils pratiques pour votre visite.<\/p>\n<h2>Histoire du Ch\u00e2teau Bouteville<\/h2>\n<h3>Origines et construction<\/h3>\n<p>Le Ch\u00e2teau de Bouteville a \u00e9t\u00e9 fond\u00e9 au XIIe si\u00e8cle par la famille de Bouteville. Cette fortification \u00e9tait strat\u00e9gique pour contr\u00f4ler les routes commerciales et d\u00e9fendre le territoire. \u00c0 l\u2019origine, il se composait d\u2019une simple motte f\u00e9odale entour\u00e9e de foss\u00e9s.<\/p>\n<h3>Transformations au fil des si\u00e8cles<\/h3>\n<p>Au cours des si\u00e8cles suivants, le ch\u00e2teau a subi plusieurs modifications architecturales. Au XVe si\u00e8cle, il a \u00e9t\u00e9 agrandi avec l\u2019ajout de tours et de remparts, renfor\u00e7ant ainsi sa fonction d\u00e9fensive. Ces transformations sont repr\u00e9sentatives des \u00e9volutions stylistiques du Moyen \u00c2ge \u00e0 la Renaissance.<\/p>\n<h3>Anecdotes historiques<\/h3>\n<p>Une anecdote marquante li\u00e9e au ch\u00e2teau concerne sa r\u00e9sistance durant les guerres de Religion au XVIe si\u00e8cle. Les habitants ont r\u00e9ussi \u00e0 tenir t\u00eate \u00e0 plusieurs si\u00e8ges gr\u00e2ce \u00e0 ses solides fortifications. Ce fait historique souligne l\u2019importance strat\u00e9gique du lieu.<\/p>\n<h2>Caract\u00e9ristiques architecturales<\/h2>\n<h3>Les \u00e9l\u00e9ments cl\u00e9s<\/h3>\n<ul>\n<li><strong>Les tours<\/strong> : Le ch\u00e2teau poss\u00e8de quatre tours cylindriques qui offrent une vue imprenable sur la campagne environnante.<\/li>\n<li><strong>Les foss\u00e9s<\/strong> : Toujours pr\u00e9sents, ils t\u00e9moignent des techniques de d\u00e9fense m\u00e9di\u00e9vales.<\/li>\n<li><strong>La cour int\u00e9rieure<\/strong> : Elle est d\u00e9cor\u00e9e avec des sculptures et des fresques datant de diff\u00e9rentes p\u00e9riodes.<\/li>\n<\/ul>\n<table class=\"kwdbank-table\">\n<thead>\n<tr>\n<th>\u00c9l\u00e9ments<\/th>\n<th>Description<\/th>\n<\/tr>\n<\/thead>\n<tbody>\n<tr>\n<td>Hauteur des tours<\/td>\n<td>Environ 20 m\u00e8tres<\/td>\n<\/tr>\n<tr>\n<td>\u00c9poque principale<\/td>\n<td>XIIe &#8211; XVIe si\u00e8cles<\/td>\n<\/tr>\n<tr>\n<td>Superficie totale<\/td>\n<td>2 hectares<\/td>\n<\/tr>\n<\/tbody>\n<\/table>\n<h2>Conseils pratiques pour la visite<\/h2>\n<h3>Horaires et tarifs<\/h3>\n<p>Le ch\u00e2teau est ouvert au public tous les jours sauf le lundi. Les horaires sont g\u00e9n\u00e9ralement de 10h \u00e0 18h. Le tarif d\u2019entr\u00e9e est fix\u00e9 \u00e0 8 \u20ac pour les adultes et 4 \u20ac pour les enfants de moins de 12 ans.<\/p>\n<h3>Dur\u00e9e recommand\u00e9e<\/h3>\n<p>Pr\u00e9voyez environ deux heures pour explorer le site et participer aux visites guid\u00e9es propos\u00e9es, qui offrent un aper\u00e7u plus approfondi des lieux.<\/p>\n<h2>Pi\u00e8ge \u00e0 \u00e9viter lors de votre visite<\/h2>\n<p>Un pi\u00e8ge courant est d\u2019ignorer les visites guid\u00e9es. Ces derni\u00e8res sont essentielles pour comprendre pleinement l\u2019histoire complexe du ch\u00e2teau et appr\u00e9cier ses d\u00e9tails architecturaux souvent n\u00e9glig\u00e9s par un visiteur autonome.<\/p>\n<h2>Retours d\u2019exp\u00e9rience terrain<\/h2>\n<p>Plusieurs visiteurs soulignent l\u2019aspect immersif de leur exp\u00e9rience. Par exemple, une famille ayant visit\u00e9 le ch\u00e2teau a not\u00e9 que \u201cles guides sont passionn\u00e9s et savent captiver l\u2019attention des enfants\u201d. De plus, lors d\u2019un \u00e9v\u00e9nement m\u00e9di\u00e9val organis\u00e9 chaque \u00e9t\u00e9, les reconstitutions historiques permettent aux visiteurs de vivre une exp\u00e9rience in\u00e9dite.<\/p>\n<h2>Activit\u00e9s autour du Ch\u00e2teau Bouteville<\/h2>\n<h3>D\u00e9couvertes \u00e0 proximit\u00e9<\/h3>\n<p>Outre la visite du ch\u00e2teau lui-m\u00eame, plusieurs activit\u00e9s peuvent enrichir votre s\u00e9jour :<br \/>\n&#8211; <strong>Randonn\u00e9es<\/strong> : Des sentiers balis\u00e9s autour du ch\u00e2teau permettent d\u2019explorer la nature environnante.<br \/>\n&#8211; <strong>D\u00e9gustation locale<\/strong> : Ne manquez pas les produits r\u00e9gionaux dans les fermes voisines.<\/p>\n<h2>FAQ<\/h2>\n<h3>Quel est le meilleur moment pour visiter le Ch\u00e2teau Bouteville ?<\/h3>\n<p>Le printemps et l\u2019\u00e9t\u00e9 sont id\u00e9aux gr\u00e2ce aux \u00e9v\u00e9nements organis\u00e9s en plein air.<\/p>\n<h3>Y a-t-il des activit\u00e9s sp\u00e9ciales pour les enfants ?<\/h3>\n<p>Oui, des chasses au tr\u00e9sor sont souvent organis\u00e9es pendant les vacances scolaires.<\/p>\n<h3>Est-il possible d\u2019organiser un \u00e9v\u00e9nement priv\u00e9 au ch\u00e2teau ?<\/h3>\n<p>Oui, le ch\u00e2teau propose des locations pour des \u00e9v\u00e9nements priv\u00e9s tels que des mariages ou des anniversaires.<\/p>\n<h3>Quels sont les moyens d\u2019acc\u00e8s au Ch\u00e2teau Bouteville ?<\/h3>\n<p>Le ch\u00e2teau est accessible en voiture depuis La Rochelle en environ 30 minutes. Des transports en commun sont \u00e9galement disponibles depuis la ville voisine.<\/p>\n<h3>Peut-on photographier \u00e0 l\u2019int\u00e9rieur du ch\u00e2teau ?<\/h3>\n<p>La photographie est autoris\u00e9e dans certains espaces ; il est conseill\u00e9 de demander aux guides lors de votre visite.<\/p>\n<p>En visitant le Ch\u00e2teau Bouteville, vous plongez dans un chapitre important de l\u2019histoire fran\u00e7aise tout en profitant d\u2019un cadre enchanteur. Prenez vos billets d\u00e8s maintenant pour vivre cette exp\u00e9rience unique !<\/p>\n","protected":false},"excerpt":{"rendered":"","protected":false},"author":34,"featured_media":999999999,"comment_status":"open","ping_status":"open","sticky":false,"template":"","format":"standard","meta":{"_acf_changed":false,"manual_indexmenow":false,"indexmenow_id_project":0,"footnotes":""},"categories":[4835],"tags":[],"class_list":["post-7828","post","type-post","status-publish","format-standard","has-post-thumbnail","hentry","category-articles","generate-columns","tablet-grid-50","mobile-grid-100","grid-parent","grid-25"],"acf":[],"yoast_head":"<!-- This site is optimized with the Yoast SEO Premium plugin v21.3 (Yoast SEO v26.5) - https:\/\/yoast.com\/wordpress\/plugins\/seo\/ -->\n<title>Ch\u00e2teau Bouteville : Visite et Histoire<\/title>\n<meta name=\"description\" content=\"Le Ch\u00e2teau de Bouteville, situ\u00e9 en Charente-Maritime, est une p\u00e9pite du patrimoine fran\u00e7ais. Cette forteresse m\u00e9di\u00e9vale, entour\u00e9e de paysages\" \/>\n<meta name=\"robots\" content=\"index, follow, max-snippet:-1, max-image-preview:large, max-video-preview:-1\" \/>\n<link rel=\"canonical\" href=\"https:\/\/starstory.fr\/blog\/articles\/chateau-de-bouteville\/\" \/>\n<meta property=\"og:locale\" content=\"fr_FR\" \/>\n<meta property=\"og:type\" content=\"article\" \/>\n<meta property=\"og:title\" content=\"Ch\u00e2teau Bouteville : Visite et Histoire\" \/>\n<meta property=\"og:description\" content=\"Le Ch\u00e2teau de Bouteville, situ\u00e9 en Charente-Maritime, est une p\u00e9pite du patrimoine fran\u00e7ais. Cette forteresse m\u00e9di\u00e9vale, entour\u00e9e de paysages\" \/>\n<meta property=\"og:url\" content=\"https:\/\/starstory.fr\/blog\/articles\/chateau-de-bouteville\/\" \/>\n<meta property=\"og:site_name\" content=\"starstory\" \/>\n<meta name=\"author\" content=\"Rapha\u00ebl D.\" \/>\n<meta name=\"twitter:card\" content=\"summary_large_image\" \/>\n<script type=\"application\/ld+json\" class=\"yoast-schema-graph\">{\"@context\":\"https:\/\/schema.org\",\"@graph\":[{\"@type\":\"NewsArticle\",\"@id\":\"https:\/\/starstory.fr\/blog\/articles\/chateau-de-bouteville\/#article\",\"isPartOf\":{\"@id\":\"https:\/\/starstory.fr\/blog\/articles\/chateau-de-bouteville\/\"},\"author\":{\"name\":\"Rapha\u00ebl D.\",\"@id\":\"https:\/\/starstory.fr\/blog\/#\/schema\/person\/3c864cdc320801e3db34b663e7e3f816\"},\"headline\":\"Ch\u00e2teau Bouteville : Visite et Histoire\",\"datePublished\":\"2026-06-04T09:00:00+00:00\",\"mainEntityOfPage\":{\"@id\":\"https:\/\/starstory.fr\/blog\/articles\/chateau-de-bouteville\/\"},\"wordCount\":829,\"commentCount\":0,\"publisher\":{\"@id\":\"https:\/\/starstory.fr\/blog\/#organization\"},\"image\":{\"@id\":\"https:\/\/starstory.fr\/blog\/articles\/chateau-de-bouteville\/#primaryimage\"},\"thumbnailUrl\":\"https:\/\/images.pexels.com\/photos\/28530088\/pexels-photo-28530088.jpeg?auto=compress&cs=tinysrgb&fit=crop&h=627&w=1200\",\"articleSection\":[\"Articles\"],\"inLanguage\":\"fr-FR\",\"potentialAction\":[{\"@type\":\"CommentAction\",\"name\":\"Comment\",\"target\":[\"https:\/\/starstory.fr\/blog\/articles\/chateau-de-bouteville\/#respond\"]}]},{\"@type\":\"WebPage\",\"@id\":\"https:\/\/starstory.fr\/blog\/articles\/chateau-de-bouteville\/\",\"url\":\"https:\/\/starstory.fr\/blog\/articles\/chateau-de-bouteville\/\",\"name\":\"Ch\u00e2teau Bouteville : Visite et Histoire\",\"isPartOf\":{\"@id\":\"https:\/\/starstory.fr\/blog\/#website\"},\"primaryImageOfPage\":{\"@id\":\"https:\/\/starstory.fr\/blog\/articles\/chateau-de-bouteville\/#primaryimage\"},\"image\":{\"@id\":\"https:\/\/starstory.fr\/blog\/articles\/chateau-de-bouteville\/#primaryimage\"},\"thumbnailUrl\":\"https:\/\/images.pexels.com\/photos\/28530088\/pexels-photo-28530088.jpeg?auto=compress&cs=tinysrgb&fit=crop&h=627&w=1200\",\"datePublished\":\"2026-06-04T09:00:00+00:00\",\"description\":\"Le Ch\u00e2teau de Bouteville, situ\u00e9 en Charente-Maritime, est une p\u00e9pite du patrimoine fran\u00e7ais. Cette forteresse m\u00e9di\u00e9vale, entour\u00e9e de paysages\",\"inLanguage\":\"fr-FR\",\"potentialAction\":[{\"@type\":\"ReadAction\",\"target\":[\"https:\/\/starstory.fr\/blog\/articles\/chateau-de-bouteville\/\"]}]},{\"@type\":\"ImageObject\",\"inLanguage\":\"fr-FR\",\"@id\":\"https:\/\/starstory.fr\/blog\/articles\/chateau-de-bouteville\/#primaryimage\",\"url\":\"https:\/\/images.pexels.com\/photos\/28530088\/pexels-photo-28530088.jpeg?auto=compress&cs=tinysrgb&fit=crop&h=627&w=1200\",\"contentUrl\":\"https:\/\/images.pexels.com\/photos\/28530088\/pexels-photo-28530088.jpeg?auto=compress&cs=tinysrgb&fit=crop&h=627&w=1200\"},{\"@type\":\"WebSite\",\"@id\":\"https:\/\/starstory.fr\/blog\/#website\",\"url\":\"https:\/\/starstory.fr\/blog\/\",\"name\":\"StarStory\",\"description\":\"StarStory, les \u00e9toiles racontent leur histoire\",\"publisher\":{\"@id\":\"https:\/\/starstory.fr\/blog\/#organization\"},\"alternateName\":\"StarStory, les \u00e9toiles racontent leur histoire\",\"potentialAction\":[{\"@type\":\"SearchAction\",\"target\":{\"@type\":\"EntryPoint\",\"urlTemplate\":\"https:\/\/starstory.fr\/blog\/?s={search_term_string}\"},\"query-input\":{\"@type\":\"PropertyValueSpecification\",\"valueRequired\":true,\"valueName\":\"search_term_string\"}}],\"inLanguage\":\"fr-FR\"},{\"@type\":\"Organization\",\"@id\":\"https:\/\/starstory.fr\/blog\/#organization\",\"name\":\"StarStory\",\"alternateName\":\"StarStory.fr\",\"url\":\"https:\/\/starstory.fr\/blog\/\",\"logo\":{\"@type\":\"ImageObject\",\"inLanguage\":\"fr-FR\",\"@id\":\"https:\/\/starstory.fr\/blog\/#\/schema\/logo\/image\/\",\"url\":\"https:\/\/starstory.fr\/blog\/wp-content\/uploads\/2024\/12\/38.png\",\"contentUrl\":\"https:\/\/starstory.fr\/blog\/wp-content\/uploads\/2024\/12\/38.png\",\"width\":500,\"height\":500,\"caption\":\"StarStory\"},\"image\":{\"@id\":\"https:\/\/starstory.fr\/blog\/#\/schema\/logo\/image\/\"}},{\"@type\":\"Person\",\"@id\":\"https:\/\/starstory.fr\/blog\/#\/schema\/person\/3c864cdc320801e3db34b663e7e3f816\",\"name\":\"Rapha\u00ebl D.\",\"image\":{\"@type\":\"ImageObject\",\"inLanguage\":\"fr-FR\",\"@id\":\"https:\/\/starstory.fr\/blog\/#\/schema\/person\/image\/\",\"url\":\"https:\/\/starstory.fr\/blog\/wp-content\/uploads\/2026\/06\/persona_raphael-d-96x96.jpg\",\"contentUrl\":\"https:\/\/starstory.fr\/blog\/wp-content\/uploads\/2026\/06\/persona_raphael-d-96x96.jpg\",\"caption\":\"Rapha\u00ebl D.\"},\"description\":\"La culture est mon terrain de jeu depuis une dizaine d'ann\u00e9es : arts visuels, s\u00e9ries, cr\u00e9ation et tout ce qui nourrit l'imaginaire. J'\u00e9cris aussi bien sur l'actualit\u00e9 des \u0153uvres que sur les coulisses de la cr\u00e9ation, avec l'envie de relier l'amateur curieux \u00e0 des univers parfois jug\u00e9s intimidants. J'aime analyser une s\u00e9rie ou une d\u00e9marche artistique sans p\u00e9dantisme, replacer une \u0153uvre dans son contexte et donner des cl\u00e9s de lecture accessibles. Avant de publier, je v\u00e9rifie mes r\u00e9f\u00e9rences, je recoupe les sources et je distingue clairement le fait de mon interpr\u00e9tation subjective. Je crois qu'une critique vaut surtout par les arguments qu'elle expose, pas par la sentence qu'elle rend. Mon angle : transmettre l'envie de d\u00e9couvrir, de regarder autrement et de se forger son propre go\u00fbt. La culture n'appartient pas qu'aux initi\u00e9s, et c'est tout l'enjeu de mon \u00e9criture.\",\"url\":\"https:\/\/starstory.fr\/blog\/auteur\/noname\/\",\"jobTitle\":\"R\u00e9dacteur en chef \u00b7 Culture & Cr\u00e9ation\",\"knowsAbout\":[\"Culture\",\"Cr\u00e9ation\"],\"email\":\"raphael.d@a-l-asso-de-l-art.fr\"}]}<\/script>\n<!-- \/ Yoast SEO Premium plugin. -->","yoast_head_json":{"title":"Ch\u00e2teau Bouteville : Visite et Histoire","description":"Le Ch\u00e2teau de Bouteville, situ\u00e9 en Charente-Maritime, est une p\u00e9pite du patrimoine fran\u00e7ais. Cette forteresse m\u00e9di\u00e9vale, entour\u00e9e de paysages","robots":{"index":"index","follow":"follow","max-snippet":"max-snippet:-1","max-image-preview":"max-image-preview:large","max-video-preview":"max-video-preview:-1"},"canonical":"https:\/\/starstory.fr\/blog\/articles\/chateau-de-bouteville\/","og_locale":"fr_FR","og_type":"article","og_title":"Ch\u00e2teau Bouteville : Visite et Histoire","og_description":"Le Ch\u00e2teau de Bouteville, situ\u00e9 en Charente-Maritime, est une p\u00e9pite du patrimoine fran\u00e7ais. Cette forteresse m\u00e9di\u00e9vale, entour\u00e9e de paysages","og_url":"https:\/\/starstory.fr\/blog\/articles\/chateau-de-bouteville\/","og_site_name":"starstory","author":"Rapha\u00ebl D.","twitter_card":"summary_large_image","schema":{"@context":"https:\/\/schema.org","@graph":[{"@type":"NewsArticle","@id":"https:\/\/starstory.fr\/blog\/articles\/chateau-de-bouteville\/#article","isPartOf":{"@id":"https:\/\/starstory.fr\/blog\/articles\/chateau-de-bouteville\/"},"author":{"name":"Rapha\u00ebl D.","@id":"https:\/\/starstory.fr\/blog\/#\/schema\/person\/3c864cdc320801e3db34b663e7e3f816"},"headline":"Ch\u00e2teau Bouteville : Visite et Histoire","datePublished":"2026-06-04T09:00:00+00:00","mainEntityOfPage":{"@id":"https:\/\/starstory.fr\/blog\/articles\/chateau-de-bouteville\/"},"wordCount":829,"commentCount":0,"publisher":{"@id":"https:\/\/starstory.fr\/blog\/#organization"},"image":{"@id":"https:\/\/starstory.fr\/blog\/articles\/chateau-de-bouteville\/#primaryimage"},"thumbnailUrl":"https:\/\/images.pexels.com\/photos\/28530088\/pexels-photo-28530088.jpeg?auto=compress&cs=tinysrgb&fit=crop&h=627&w=1200","articleSection":["Articles"],"inLanguage":"fr-FR","potentialAction":[{"@type":"CommentAction","name":"Comment","target":["https:\/\/starstory.fr\/blog\/articles\/chateau-de-bouteville\/#respond"]}]},{"@type":"WebPage","@id":"https:\/\/starstory.fr\/blog\/articles\/chateau-de-bouteville\/","url":"https:\/\/starstory.fr\/blog\/articles\/chateau-de-bouteville\/","name":"Ch\u00e2teau Bouteville : Visite et Histoire","isPartOf":{"@id":"https:\/\/starstory.fr\/blog\/#website"},"primaryImageOfPage":{"@id":"https:\/\/starstory.fr\/blog\/articles\/chateau-de-bouteville\/#primaryimage"},"image":{"@id":"https:\/\/starstory.fr\/blog\/articles\/chateau-de-bouteville\/#primaryimage"},"thumbnailUrl":"https:\/\/images.pexels.com\/photos\/28530088\/pexels-photo-28530088.jpeg?auto=compress&cs=tinysrgb&fit=crop&h=627&w=1200","datePublished":"2026-06-04T09:00:00+00:00","description":"Le Ch\u00e2teau de Bouteville, situ\u00e9 en Charente-Maritime, est une p\u00e9pite du patrimoine fran\u00e7ais. Cette forteresse m\u00e9di\u00e9vale, entour\u00e9e de paysages","inLanguage":"fr-FR","potentialAction":[{"@type":"ReadAction","target":["https:\/\/starstory.fr\/blog\/articles\/chateau-de-bouteville\/"]}]},{"@type":"ImageObject","inLanguage":"fr-FR","@id":"https:\/\/starstory.fr\/blog\/articles\/chateau-de-bouteville\/#primaryimage","url":"https:\/\/images.pexels.com\/photos\/28530088\/pexels-photo-28530088.jpeg?auto=compress&cs=tinysrgb&fit=crop&h=627&w=1200","contentUrl":"https:\/\/images.pexels.com\/photos\/28530088\/pexels-photo-28530088.jpeg?auto=compress&cs=tinysrgb&fit=crop&h=627&w=1200"},{"@type":"WebSite","@id":"https:\/\/starstory.fr\/blog\/#website","url":"https:\/\/starstory.fr\/blog\/","name":"StarStory","description":"StarStory, les \u00e9toiles racontent leur histoire","publisher":{"@id":"https:\/\/starstory.fr\/blog\/#organization"},"alternateName":"StarStory, les \u00e9toiles racontent leur histoire","potentialAction":[{"@type":"SearchAction","target":{"@type":"EntryPoint","urlTemplate":"https:\/\/starstory.fr\/blog\/?s={search_term_string}"},"query-input":{"@type":"PropertyValueSpecification","valueRequired":true,"valueName":"search_term_string"}}],"inLanguage":"fr-FR"},{"@type":"Organization","@id":"https:\/\/starstory.fr\/blog\/#organization","name":"StarStory","alternateName":"StarStory.fr","url":"https:\/\/starstory.fr\/blog\/","logo":{"@type":"ImageObject","inLanguage":"fr-FR","@id":"https:\/\/starstory.fr\/blog\/#\/schema\/logo\/image\/","url":"https:\/\/starstory.fr\/blog\/wp-content\/uploads\/2024\/12\/38.png","contentUrl":"https:\/\/starstory.fr\/blog\/wp-content\/uploads\/2024\/12\/38.png","width":500,"height":500,"caption":"StarStory"},"image":{"@id":"https:\/\/starstory.fr\/blog\/#\/schema\/logo\/image\/"}},{"@type":"Person","@id":"https:\/\/starstory.fr\/blog\/#\/schema\/person\/3c864cdc320801e3db34b663e7e3f816","name":"Rapha\u00ebl D.","image":{"@type":"ImageObject","inLanguage":"fr-FR","@id":"https:\/\/starstory.fr\/blog\/#\/schema\/person\/image\/","url":"https:\/\/starstory.fr\/blog\/wp-content\/uploads\/2026\/06\/persona_raphael-d-96x96.jpg","contentUrl":"https:\/\/starstory.fr\/blog\/wp-content\/uploads\/2026\/06\/persona_raphael-d-96x96.jpg","caption":"Rapha\u00ebl D."},"description":"La culture est mon terrain de jeu depuis une dizaine d'ann\u00e9es : arts visuels, s\u00e9ries, cr\u00e9ation et tout ce qui nourrit l'imaginaire. J'\u00e9cris aussi bien sur l'actualit\u00e9 des \u0153uvres que sur les coulisses de la cr\u00e9ation, avec l'envie de relier l'amateur curieux \u00e0 des univers parfois jug\u00e9s intimidants. J'aime analyser une s\u00e9rie ou une d\u00e9marche artistique sans p\u00e9dantisme, replacer une \u0153uvre dans son contexte et donner des cl\u00e9s de lecture accessibles. Avant de publier, je v\u00e9rifie mes r\u00e9f\u00e9rences, je recoupe les sources et je distingue clairement le fait de mon interpr\u00e9tation subjective. Je crois qu'une critique vaut surtout par les arguments qu'elle expose, pas par la sentence qu'elle rend. Mon angle : transmettre l'envie de d\u00e9couvrir, de regarder autrement et de se forger son propre go\u00fbt. La culture n'appartient pas qu'aux initi\u00e9s, et c'est tout l'enjeu de mon \u00e9criture.","url":"https:\/\/starstory.fr\/blog\/auteur\/noname\/","jobTitle":"R\u00e9dacteur en chef \u00b7 Culture & Cr\u00e9ation","knowsAbout":["Culture","Cr\u00e9ation"],"email":"raphael.d@a-l-asso-de-l-art.fr"}]}},"_links":{"self":[{"href":"https:\/\/starstory.fr\/blog\/wp-json\/wp\/v2\/posts\/7828","targetHints":{"allow":["GET"]}}],"collection":[{"href":"https:\/\/starstory.fr\/blog\/wp-json\/wp\/v2\/posts"}],"about":[{"href":"https:\/\/starstory.fr\/blog\/wp-json\/wp\/v2\/types\/post"}],"author":[{"embeddable":true,"href":"https:\/\/starstory.fr\/blog\/wp-json\/wp\/v2\/users\/34"}],"replies":[{"embeddable":true,"href":"https:\/\/starstory.fr\/blog\/wp-json\/wp\/v2\/comments?post=7828"}],"version-history":[{"count":1,"href":"https:\/\/starstory.fr\/blog\/wp-json\/wp\/v2\/posts\/7828\/revisions"}],"predecessor-version":[{"id":7933,"href":"https:\/\/starstory.fr\/blog\/wp-json\/wp\/v2\/posts\/7828\/revisions\/7933"}],"wp:attachment":[{"href":"https:\/\/starstory.fr\/blog\/wp-json\/wp\/v2\/media?parent=7828"}],"wp:term":[{"taxonomy":"category","embeddable":true,"href":"https:\/\/starstory.fr\/blog\/wp-json\/wp\/v2\/categories?post=7828"},{"taxonomy":"post_tag","embeddable":true,"href":"https:\/\/starstory.fr\/blog\/wp-json\/wp\/v2\/tags?post=7828"}],"curies":[{"name":"wp","href":"https:\/\/api.w.org\/{rel}","templated":true}]}}