{"id":7818,"date":"2026-05-24T09:00:00","date_gmt":"2026-05-24T09:00:00","guid":{"rendered":"https:\/\/starstory.fr\/blog\/?p=7818"},"modified":"2026-05-24T09:00:00","modified_gmt":"2026-05-24T09:00:00","slug":"marie-therese-de-france","status":"publish","type":"post","link":"https:\/\/starstory.fr\/blog\/articles\/marie-therese-de-france\/","title":{"rendered":"Marie Th\u00e9r\u00e8se de France : Histoire Compl\u00e8te"},"content":{"rendered":"<p>Marie Th\u00e9r\u00e8se de France, souvent confondue avec d\u2019autres figures historiques, est une personnalit\u00e9 cl\u00e9 de l\u2019histoire fran\u00e7aise. N\u00e9e le 19 d\u00e9cembre 1778, elle \u00e9tait la fille de Louis XVI et de Marie-Antoinette. Sa vie est marqu\u00e9e par les bouleversements de la R\u00e9volution fran\u00e7aise et l\u2019exil qui en a d\u00e9coul\u00e9. Cet article met en lumi\u00e8re les erreurs fr\u00e9quentes concernant sa vie, son h\u00e9ritage et son r\u00f4le dans l\u2019histoire, afin d\u2019apporter des \u00e9claircissements pr\u00e9cieux.<\/p>\n<h2>Origines et enfance<\/h2>\n<p>Marie Th\u00e9r\u00e8se est la premi\u00e8re fille du roi Louis XVI et de la reine Marie-Antoinette. Elle grandit dans le palais de Versailles, entour\u00e9e de privil\u00e8ges mais aussi des tensions politiques croissantes. \u00c0 l\u2019\u00e2ge de 11 ans, elle est t\u00e9moin des premiers \u00e9chos de la R\u00e9volution fran\u00e7aise. En 1789, alors qu\u2019elle n\u2019a que 10 ans, le peuple fran\u00e7ais commence \u00e0 se soulever contre la monarchie.<\/p>\n<h3>\u00c9ducation<\/h3>\n<p>L\u2019\u00e9ducation de Marie Th\u00e9r\u00e8se a \u00e9t\u00e9 soign\u00e9e par des pr\u00e9cepteurs choisis par sa m\u00e8re. Elle re\u00e7oit une formation adapt\u00e9e aux femmes royales, mais son \u00e9ducation inclut \u00e9galement des notions politiques et sociales qui seront cruciales pour sa compr\u00e9hension des \u00e9v\u00e9nements \u00e0 venir.<\/p>\n<h2>La R\u00e9volution fran\u00e7aise et l\u2019exil<\/h2>\n<p>La R\u00e9volution fran\u00e7aise change radicalement le cours de sa vie. En juin 1791, la famille royale tente de fuir Paris mais est arr\u00eat\u00e9e \u00e0 Varennes. En ao\u00fbt 1792, le roi Louis XVI est emprisonn\u00e9, et la famille subit une pression intense.<\/p>\n<h3>Erreur fr\u00e9quente : le r\u00f4le politique<\/h3>\n<p>Une id\u00e9e re\u00e7ue est que Marie Th\u00e9r\u00e8se a jou\u00e9 un r\u00f4le actif dans les affaires politiques pendant cette p\u00e9riode tumultueuse. En r\u00e9alit\u00e9, bien qu\u2019elle ait \u00e9t\u00e9 affect\u00e9e par les \u00e9v\u00e9nements, elle n\u2019a pas eu d\u2019influence directe sur les d\u00e9cisions politiques.<\/p>\n<h2>La d\u00e9tention \u00e0 la Conciergerie<\/h2>\n<p>En 1793, apr\u00e8s l\u2019ex\u00e9cution de son p\u00e8re, elle est emprisonn\u00e9e \u00e0 la Conciergerie avec sa m\u00e8re et son fr\u00e8re. Leurs conditions sont tr\u00e8s difficiles ; ils vivent dans des espaces exigus et insalubres. Apr\u00e8s l\u2019ex\u00e9cution de Marie-Antoinette en octobre 1793, Marie Th\u00e9r\u00e8se se retrouve seule.<\/p>\n<h3>Dur\u00e9e de d\u00e9tention<\/h3>\n<p>Marie Th\u00e9r\u00e8se est lib\u00e9r\u00e9e en d\u00e9cembre 1795 apr\u00e8s un \u00e9change contre des prisonniers r\u00e9volutionnaires en Autriche. Elle passe pr\u00e8s de deux ans dans cette horrible d\u00e9tention.<\/p>\n<h2>La vie en exil<\/h2>\n<p>Apr\u00e8s sa lib\u00e9ration, elle s\u2019installe \u00e0 Vienne chez sa tante Maria Theresa d\u2019Autriche. Elle devient une figure symbolique pour les royalistes fran\u00e7ais qui esp\u00e8rent restaurer la monarchie.<\/p>\n<h3>Mariage strat\u00e9gique<\/h3>\n<p>En 1807, Marie Th\u00e9r\u00e8se \u00e9pouse Louis Antoine d\u2019Artois, futur Charles X de France. Ce mariage a pour but d\u2019unir les branches royales europ\u00e9ennes contre les id\u00e9es r\u00e9volutionnaires qui menacent encore leurs tr\u00f4nes.<\/p>\n<h4>Liste : Les enfants du couple<\/h4>\n<ul>\n<li><strong>Louis<\/strong> (1818-1883)<\/li>\n<li><strong>Charles<\/strong> (1820-1824)<\/li>\n<li><strong>Fran\u00e7ois<\/strong> (1822-1890)<\/li>\n<\/ul>\n<h2>Retour en France et h\u00e9ritage<\/h2>\n<p>Marie Th\u00e9r\u00e8se revient en France apr\u00e8s le retour des Bourbons au pouvoir en 1814. Son image se transforme ; elle devient un symbole de r\u00e9silience pour ceux qui ont souffert sous le r\u00e9gime r\u00e9volutionnaire.<\/p>\n<h3>Pi\u00e8ge \u00e0 \u00e9viter : confusion avec d\u2019autres figures royales<\/h3>\n<p>Il existe souvent une confusion entre Marie Th\u00e9r\u00e8se et d\u2019autres membres c\u00e9l\u00e8bres de la famille royale comme Marie-Antoinette ou m\u00eame sa cousine germane Sophie Charlotte d\u2019Allemagne. Chaque personnage a ses propres caract\u00e9ristiques historiques distinctes qu\u2019il convient d\u2019\u00e9tudier s\u00e9par\u00e9ment.<\/p>\n<h2>Les derniers jours<\/h2>\n<p>Marie Th\u00e9r\u00e8se meurt le 19 octobre 1851 \u00e0 Frohsdorf, en Autriche. Son corps sera finalement rapatri\u00e9 en France et enterr\u00e9 dans la basilique Saint-Denis.<\/p>\n<h2>FAQ<\/h2>\n<h3>Quelle \u00e9tait la relation entre Marie Th\u00e9r\u00e8se et sa m\u00e8re ?<\/h3>\n<p>Marie Th\u00e9r\u00e8se avait une relation tr\u00e8s proche avec sa m\u00e8re, Marie-Antoinette, jusqu\u2019\u00e0 leur s\u00e9paration due \u00e0 leur emprisonnement pendant la R\u00e9volution.<\/p>\n<h3>Combien d\u2019enfants a eu Marie Th\u00e9r\u00e8se ?<\/h3>\n<p>Elle avait trois enfants issus de son mariage avec Louis Antoine d\u2019Artois.<\/p>\n<h3>Pourquoi Marie Th\u00e9r\u00e8se est-elle souvent oubli\u00e9e dans l\u2019histoire ?<\/h3>\n<p>Son image a longtemps \u00e9t\u00e9 \u00e9clips\u00e9e par celle de sa m\u00e8re et des \u00e9v\u00e9nements r\u00e9volutionnaires autour d\u2019elle.<\/p>\n<h3>Quel r\u00f4le a jou\u00e9 Marie Th\u00e9r\u00e8se dans le retour des Bourbons ?<\/h3>\n<p>Bien qu\u2019elle n\u2019ait pas eu un r\u00f4le politique actif apr\u00e8s son retour en France, elle symbolisait l\u2019espoir pour beaucoup et incarnait l\u2019id\u00e9e d\u2019une monarchie restaur\u00e9e.<\/p>\n<h3>Quelles sont les erreurs fr\u00e9quentes concernant sa vie ?<\/h3>\n<p>Les erreurs courantes incluent une surestimation de son influence politique durant la R\u00e9volution ainsi qu\u2019une confusion avec d\u2019autres figures royales importantes.<\/p>\n<p>En apprenant davantage sur Marie Th\u00e9r\u00e8se de France et ses contributions historiques sp\u00e9cifiques, vous pourrez mieux comprendre cette \u00e9poque complexe ainsi que son impact sur l\u2019histoire moderne fran\u00e7aise.<\/p>\n","protected":false},"excerpt":{"rendered":"","protected":false},"author":34,"featured_media":999999999,"comment_status":"open","ping_status":"open","sticky":false,"template":"","format":"standard","meta":{"_acf_changed":false,"manual_indexmenow":false,"indexmenow_id_project":0,"footnotes":""},"categories":[4835],"tags":[],"class_list":["post-7818","post","type-post","status-publish","format-standard","has-post-thumbnail","hentry","category-articles","generate-columns","tablet-grid-50","mobile-grid-100","grid-parent","grid-25"],"acf":[],"yoast_head":"<!-- This site is optimized with the Yoast SEO Premium plugin v21.3 (Yoast SEO v26.5) - https:\/\/yoast.com\/wordpress\/plugins\/seo\/ -->\n<title>Marie Th\u00e9r\u00e8se de France : Histoire Compl\u00e8te<\/title>\n<meta name=\"description\" content=\"Marie Th\u00e9r\u00e8se de France, souvent confondue avec d\u2019autres figures historiques, est une personnalit\u00e9 cl\u00e9 de l\u2019histoire fran\u00e7aise\" \/>\n<meta name=\"robots\" content=\"index, follow, max-snippet:-1, max-image-preview:large, max-video-preview:-1\" \/>\n<link rel=\"canonical\" href=\"https:\/\/starstory.fr\/blog\/articles\/marie-therese-de-france\/\" \/>\n<meta property=\"og:locale\" content=\"fr_FR\" \/>\n<meta property=\"og:type\" content=\"article\" \/>\n<meta property=\"og:title\" content=\"Marie Th\u00e9r\u00e8se de France : Histoire Compl\u00e8te\" \/>\n<meta property=\"og:description\" content=\"Marie Th\u00e9r\u00e8se de France, souvent confondue avec d\u2019autres figures historiques, est une personnalit\u00e9 cl\u00e9 de l\u2019histoire fran\u00e7aise\" \/>\n<meta property=\"og:url\" content=\"https:\/\/starstory.fr\/blog\/articles\/marie-therese-de-france\/\" \/>\n<meta property=\"og:site_name\" content=\"starstory\" \/>\n<meta name=\"author\" content=\"Rapha\u00ebl D.\" \/>\n<meta name=\"twitter:card\" content=\"summary_large_image\" \/>\n<script type=\"application\/ld+json\" class=\"yoast-schema-graph\">{\"@context\":\"https:\/\/schema.org\",\"@graph\":[{\"@type\":\"NewsArticle\",\"@id\":\"https:\/\/starstory.fr\/blog\/articles\/marie-therese-de-france\/#article\",\"isPartOf\":{\"@id\":\"https:\/\/starstory.fr\/blog\/articles\/marie-therese-de-france\/\"},\"author\":{\"name\":\"Rapha\u00ebl D.\",\"@id\":\"https:\/\/starstory.fr\/blog\/#\/schema\/person\/3c864cdc320801e3db34b663e7e3f816\"},\"headline\":\"Marie Th\u00e9r\u00e8se de France : Histoire Compl\u00e8te\",\"datePublished\":\"2026-05-24T09:00:00+00:00\",\"mainEntityOfPage\":{\"@id\":\"https:\/\/starstory.fr\/blog\/articles\/marie-therese-de-france\/\"},\"wordCount\":862,\"commentCount\":0,\"publisher\":{\"@id\":\"https:\/\/starstory.fr\/blog\/#organization\"},\"image\":{\"@id\":\"https:\/\/starstory.fr\/blog\/articles\/marie-therese-de-france\/#primaryimage\"},\"thumbnailUrl\":\"https:\/\/images.pexels.com\/photos\/36827885\/pexels-photo-36827885.jpeg?auto=compress&cs=tinysrgb&fit=crop&h=627&w=1200\",\"articleSection\":[\"Articles\"],\"inLanguage\":\"fr-FR\",\"potentialAction\":[{\"@type\":\"CommentAction\",\"name\":\"Comment\",\"target\":[\"https:\/\/starstory.fr\/blog\/articles\/marie-therese-de-france\/#respond\"]}]},{\"@type\":\"WebPage\",\"@id\":\"https:\/\/starstory.fr\/blog\/articles\/marie-therese-de-france\/\",\"url\":\"https:\/\/starstory.fr\/blog\/articles\/marie-therese-de-france\/\",\"name\":\"Marie Th\u00e9r\u00e8se de France : Histoire Compl\u00e8te\",\"isPartOf\":{\"@id\":\"https:\/\/starstory.fr\/blog\/#website\"},\"primaryImageOfPage\":{\"@id\":\"https:\/\/starstory.fr\/blog\/articles\/marie-therese-de-france\/#primaryimage\"},\"image\":{\"@id\":\"https:\/\/starstory.fr\/blog\/articles\/marie-therese-de-france\/#primaryimage\"},\"thumbnailUrl\":\"https:\/\/images.pexels.com\/photos\/36827885\/pexels-photo-36827885.jpeg?auto=compress&cs=tinysrgb&fit=crop&h=627&w=1200\",\"datePublished\":\"2026-05-24T09:00:00+00:00\",\"description\":\"Marie Th\u00e9r\u00e8se de France, souvent confondue avec d\u2019autres figures historiques, est une personnalit\u00e9 cl\u00e9 de l\u2019histoire fran\u00e7aise\",\"inLanguage\":\"fr-FR\",\"potentialAction\":[{\"@type\":\"ReadAction\",\"target\":[\"https:\/\/starstory.fr\/blog\/articles\/marie-therese-de-france\/\"]}]},{\"@type\":\"ImageObject\",\"inLanguage\":\"fr-FR\",\"@id\":\"https:\/\/starstory.fr\/blog\/articles\/marie-therese-de-france\/#primaryimage\",\"url\":\"https:\/\/images.pexels.com\/photos\/36827885\/pexels-photo-36827885.jpeg?auto=compress&cs=tinysrgb&fit=crop&h=627&w=1200\",\"contentUrl\":\"https:\/\/images.pexels.com\/photos\/36827885\/pexels-photo-36827885.jpeg?auto=compress&cs=tinysrgb&fit=crop&h=627&w=1200\"},{\"@type\":\"WebSite\",\"@id\":\"https:\/\/starstory.fr\/blog\/#website\",\"url\":\"https:\/\/starstory.fr\/blog\/\",\"name\":\"StarStory\",\"description\":\"StarStory, les \u00e9toiles racontent leur histoire\",\"publisher\":{\"@id\":\"https:\/\/starstory.fr\/blog\/#organization\"},\"alternateName\":\"StarStory, les \u00e9toiles racontent leur histoire\",\"potentialAction\":[{\"@type\":\"SearchAction\",\"target\":{\"@type\":\"EntryPoint\",\"urlTemplate\":\"https:\/\/starstory.fr\/blog\/?s={search_term_string}\"},\"query-input\":{\"@type\":\"PropertyValueSpecification\",\"valueRequired\":true,\"valueName\":\"search_term_string\"}}],\"inLanguage\":\"fr-FR\"},{\"@type\":\"Organization\",\"@id\":\"https:\/\/starstory.fr\/blog\/#organization\",\"name\":\"StarStory\",\"alternateName\":\"StarStory.fr\",\"url\":\"https:\/\/starstory.fr\/blog\/\",\"logo\":{\"@type\":\"ImageObject\",\"inLanguage\":\"fr-FR\",\"@id\":\"https:\/\/starstory.fr\/blog\/#\/schema\/logo\/image\/\",\"url\":\"https:\/\/starstory.fr\/blog\/wp-content\/uploads\/2024\/12\/38.png\",\"contentUrl\":\"https:\/\/starstory.fr\/blog\/wp-content\/uploads\/2024\/12\/38.png\",\"width\":500,\"height\":500,\"caption\":\"StarStory\"},\"image\":{\"@id\":\"https:\/\/starstory.fr\/blog\/#\/schema\/logo\/image\/\"}},{\"@type\":\"Person\",\"@id\":\"https:\/\/starstory.fr\/blog\/#\/schema\/person\/3c864cdc320801e3db34b663e7e3f816\",\"name\":\"Rapha\u00ebl D.\",\"image\":{\"@type\":\"ImageObject\",\"inLanguage\":\"fr-FR\",\"@id\":\"https:\/\/starstory.fr\/blog\/#\/schema\/person\/image\/\",\"url\":\"https:\/\/starstory.fr\/blog\/wp-content\/uploads\/2026\/06\/persona_raphael-d-96x96.jpg\",\"contentUrl\":\"https:\/\/starstory.fr\/blog\/wp-content\/uploads\/2026\/06\/persona_raphael-d-96x96.jpg\",\"caption\":\"Rapha\u00ebl D.\"},\"description\":\"La culture est mon terrain de jeu depuis une dizaine d'ann\u00e9es : arts visuels, s\u00e9ries, cr\u00e9ation et tout ce qui nourrit l'imaginaire. J'\u00e9cris aussi bien sur l'actualit\u00e9 des \u0153uvres que sur les coulisses de la cr\u00e9ation, avec l'envie de relier l'amateur curieux \u00e0 des univers parfois jug\u00e9s intimidants. J'aime analyser une s\u00e9rie ou une d\u00e9marche artistique sans p\u00e9dantisme, replacer une \u0153uvre dans son contexte et donner des cl\u00e9s de lecture accessibles. Avant de publier, je v\u00e9rifie mes r\u00e9f\u00e9rences, je recoupe les sources et je distingue clairement le fait de mon interpr\u00e9tation subjective. Je crois qu'une critique vaut surtout par les arguments qu'elle expose, pas par la sentence qu'elle rend. Mon angle : transmettre l'envie de d\u00e9couvrir, de regarder autrement et de se forger son propre go\u00fbt. La culture n'appartient pas qu'aux initi\u00e9s, et c'est tout l'enjeu de mon \u00e9criture.\",\"url\":\"https:\/\/starstory.fr\/blog\/auteur\/noname\/\",\"jobTitle\":\"R\u00e9dacteur en chef \u00b7 Culture & Cr\u00e9ation\",\"knowsAbout\":[\"Culture\",\"Cr\u00e9ation\"],\"email\":\"raphael.d@a-l-asso-de-l-art.fr\"}]}<\/script>\n<!-- \/ Yoast SEO Premium plugin. -->","yoast_head_json":{"title":"Marie Th\u00e9r\u00e8se de France : Histoire Compl\u00e8te","description":"Marie Th\u00e9r\u00e8se de France, souvent confondue avec d\u2019autres figures historiques, est une personnalit\u00e9 cl\u00e9 de l\u2019histoire fran\u00e7aise","robots":{"index":"index","follow":"follow","max-snippet":"max-snippet:-1","max-image-preview":"max-image-preview:large","max-video-preview":"max-video-preview:-1"},"canonical":"https:\/\/starstory.fr\/blog\/articles\/marie-therese-de-france\/","og_locale":"fr_FR","og_type":"article","og_title":"Marie Th\u00e9r\u00e8se de France : Histoire Compl\u00e8te","og_description":"Marie Th\u00e9r\u00e8se de France, souvent confondue avec d\u2019autres figures historiques, est une personnalit\u00e9 cl\u00e9 de l\u2019histoire fran\u00e7aise","og_url":"https:\/\/starstory.fr\/blog\/articles\/marie-therese-de-france\/","og_site_name":"starstory","author":"Rapha\u00ebl D.","twitter_card":"summary_large_image","schema":{"@context":"https:\/\/schema.org","@graph":[{"@type":"NewsArticle","@id":"https:\/\/starstory.fr\/blog\/articles\/marie-therese-de-france\/#article","isPartOf":{"@id":"https:\/\/starstory.fr\/blog\/articles\/marie-therese-de-france\/"},"author":{"name":"Rapha\u00ebl D.","@id":"https:\/\/starstory.fr\/blog\/#\/schema\/person\/3c864cdc320801e3db34b663e7e3f816"},"headline":"Marie Th\u00e9r\u00e8se de France : Histoire Compl\u00e8te","datePublished":"2026-05-24T09:00:00+00:00","mainEntityOfPage":{"@id":"https:\/\/starstory.fr\/blog\/articles\/marie-therese-de-france\/"},"wordCount":862,"commentCount":0,"publisher":{"@id":"https:\/\/starstory.fr\/blog\/#organization"},"image":{"@id":"https:\/\/starstory.fr\/blog\/articles\/marie-therese-de-france\/#primaryimage"},"thumbnailUrl":"https:\/\/images.pexels.com\/photos\/36827885\/pexels-photo-36827885.jpeg?auto=compress&cs=tinysrgb&fit=crop&h=627&w=1200","articleSection":["Articles"],"inLanguage":"fr-FR","potentialAction":[{"@type":"CommentAction","name":"Comment","target":["https:\/\/starstory.fr\/blog\/articles\/marie-therese-de-france\/#respond"]}]},{"@type":"WebPage","@id":"https:\/\/starstory.fr\/blog\/articles\/marie-therese-de-france\/","url":"https:\/\/starstory.fr\/blog\/articles\/marie-therese-de-france\/","name":"Marie Th\u00e9r\u00e8se de France : Histoire Compl\u00e8te","isPartOf":{"@id":"https:\/\/starstory.fr\/blog\/#website"},"primaryImageOfPage":{"@id":"https:\/\/starstory.fr\/blog\/articles\/marie-therese-de-france\/#primaryimage"},"image":{"@id":"https:\/\/starstory.fr\/blog\/articles\/marie-therese-de-france\/#primaryimage"},"thumbnailUrl":"https:\/\/images.pexels.com\/photos\/36827885\/pexels-photo-36827885.jpeg?auto=compress&cs=tinysrgb&fit=crop&h=627&w=1200","datePublished":"2026-05-24T09:00:00+00:00","description":"Marie Th\u00e9r\u00e8se de France, souvent confondue avec d\u2019autres figures historiques, est une personnalit\u00e9 cl\u00e9 de l\u2019histoire fran\u00e7aise","inLanguage":"fr-FR","potentialAction":[{"@type":"ReadAction","target":["https:\/\/starstory.fr\/blog\/articles\/marie-therese-de-france\/"]}]},{"@type":"ImageObject","inLanguage":"fr-FR","@id":"https:\/\/starstory.fr\/blog\/articles\/marie-therese-de-france\/#primaryimage","url":"https:\/\/images.pexels.com\/photos\/36827885\/pexels-photo-36827885.jpeg?auto=compress&cs=tinysrgb&fit=crop&h=627&w=1200","contentUrl":"https:\/\/images.pexels.com\/photos\/36827885\/pexels-photo-36827885.jpeg?auto=compress&cs=tinysrgb&fit=crop&h=627&w=1200"},{"@type":"WebSite","@id":"https:\/\/starstory.fr\/blog\/#website","url":"https:\/\/starstory.fr\/blog\/","name":"StarStory","description":"StarStory, les \u00e9toiles racontent leur histoire","publisher":{"@id":"https:\/\/starstory.fr\/blog\/#organization"},"alternateName":"StarStory, les \u00e9toiles racontent leur histoire","potentialAction":[{"@type":"SearchAction","target":{"@type":"EntryPoint","urlTemplate":"https:\/\/starstory.fr\/blog\/?s={search_term_string}"},"query-input":{"@type":"PropertyValueSpecification","valueRequired":true,"valueName":"search_term_string"}}],"inLanguage":"fr-FR"},{"@type":"Organization","@id":"https:\/\/starstory.fr\/blog\/#organization","name":"StarStory","alternateName":"StarStory.fr","url":"https:\/\/starstory.fr\/blog\/","logo":{"@type":"ImageObject","inLanguage":"fr-FR","@id":"https:\/\/starstory.fr\/blog\/#\/schema\/logo\/image\/","url":"https:\/\/starstory.fr\/blog\/wp-content\/uploads\/2024\/12\/38.png","contentUrl":"https:\/\/starstory.fr\/blog\/wp-content\/uploads\/2024\/12\/38.png","width":500,"height":500,"caption":"StarStory"},"image":{"@id":"https:\/\/starstory.fr\/blog\/#\/schema\/logo\/image\/"}},{"@type":"Person","@id":"https:\/\/starstory.fr\/blog\/#\/schema\/person\/3c864cdc320801e3db34b663e7e3f816","name":"Rapha\u00ebl D.","image":{"@type":"ImageObject","inLanguage":"fr-FR","@id":"https:\/\/starstory.fr\/blog\/#\/schema\/person\/image\/","url":"https:\/\/starstory.fr\/blog\/wp-content\/uploads\/2026\/06\/persona_raphael-d-96x96.jpg","contentUrl":"https:\/\/starstory.fr\/blog\/wp-content\/uploads\/2026\/06\/persona_raphael-d-96x96.jpg","caption":"Rapha\u00ebl D."},"description":"La culture est mon terrain de jeu depuis une dizaine d'ann\u00e9es : arts visuels, s\u00e9ries, cr\u00e9ation et tout ce qui nourrit l'imaginaire. J'\u00e9cris aussi bien sur l'actualit\u00e9 des \u0153uvres que sur les coulisses de la cr\u00e9ation, avec l'envie de relier l'amateur curieux \u00e0 des univers parfois jug\u00e9s intimidants. J'aime analyser une s\u00e9rie ou une d\u00e9marche artistique sans p\u00e9dantisme, replacer une \u0153uvre dans son contexte et donner des cl\u00e9s de lecture accessibles. Avant de publier, je v\u00e9rifie mes r\u00e9f\u00e9rences, je recoupe les sources et je distingue clairement le fait de mon interpr\u00e9tation subjective. Je crois qu'une critique vaut surtout par les arguments qu'elle expose, pas par la sentence qu'elle rend. Mon angle : transmettre l'envie de d\u00e9couvrir, de regarder autrement et de se forger son propre go\u00fbt. La culture n'appartient pas qu'aux initi\u00e9s, et c'est tout l'enjeu de mon \u00e9criture.","url":"https:\/\/starstory.fr\/blog\/auteur\/noname\/","jobTitle":"R\u00e9dacteur en chef \u00b7 Culture & Cr\u00e9ation","knowsAbout":["Culture","Cr\u00e9ation"],"email":"raphael.d@a-l-asso-de-l-art.fr"}]}},"_links":{"self":[{"href":"https:\/\/starstory.fr\/blog\/wp-json\/wp\/v2\/posts\/7818","targetHints":{"allow":["GET"]}}],"collection":[{"href":"https:\/\/starstory.fr\/blog\/wp-json\/wp\/v2\/posts"}],"about":[{"href":"https:\/\/starstory.fr\/blog\/wp-json\/wp\/v2\/types\/post"}],"author":[{"embeddable":true,"href":"https:\/\/starstory.fr\/blog\/wp-json\/wp\/v2\/users\/34"}],"replies":[{"embeddable":true,"href":"https:\/\/starstory.fr\/blog\/wp-json\/wp\/v2\/comments?post=7818"}],"version-history":[{"count":1,"href":"https:\/\/starstory.fr\/blog\/wp-json\/wp\/v2\/posts\/7818\/revisions"}],"predecessor-version":[{"id":7921,"href":"https:\/\/starstory.fr\/blog\/wp-json\/wp\/v2\/posts\/7818\/revisions\/7921"}],"wp:attachment":[{"href":"https:\/\/starstory.fr\/blog\/wp-json\/wp\/v2\/media?parent=7818"}],"wp:term":[{"taxonomy":"category","embeddable":true,"href":"https:\/\/starstory.fr\/blog\/wp-json\/wp\/v2\/categories?post=7818"},{"taxonomy":"post_tag","embeddable":true,"href":"https:\/\/starstory.fr\/blog\/wp-json\/wp\/v2\/tags?post=7818"}],"curies":[{"name":"wp","href":"https:\/\/api.w.org\/{rel}","templated":true}]}}