{"id":7816,"date":"2026-05-22T09:00:00","date_gmt":"2026-05-22T09:00:00","guid":{"rendered":"https:\/\/starstory.fr\/blog\/?p=7816"},"modified":"2026-05-22T09:00:00","modified_gmt":"2026-05-22T09:00:00","slug":"ducs-de-berry","status":"publish","type":"post","link":"https:\/\/starstory.fr\/blog\/articles\/ducs-de-berry\/","title":{"rendered":"Ducs de Berry : Histoire et Ch\u00e2teaux \u00e0 Visiter"},"content":{"rendered":"<p>Les Ducs de Berry, membres d\u2019une lign\u00e9e noble influente en France, ont laiss\u00e9 une empreinte ind\u00e9l\u00e9bile sur l\u2019histoire et la culture du pays. Cette famille, qui a r\u00e9gn\u00e9 sur le duch\u00e9 de Berry du XIVe au XVIe si\u00e8cle, est connue pour ses contributions \u00e0 l\u2019art, l\u2019architecture et la politique. Si vous vous int\u00e9ressez \u00e0 leur histoire fascinante et souhaitez explorer les ch\u00e2teaux qui leur sont associ\u00e9s, cet article vous fournira des informations essentielles pour planifier vos visites.<\/p>\n<p>Le duch\u00e9 de Berry, situ\u00e9 dans le centre de la France, abrite plusieurs ch\u00e2teaux embl\u00e9matiques. Les plus notables sont le Ch\u00e2teau de Meillant et le Ch\u00e2teau de Valencay. Chacun d\u2019eux offre un aper\u00e7u unique de l\u2019art de vivre \u00e0 l\u2019\u00e9poque des Ducs de Berry.<\/p>\n<h2>Les Ducs de Berry : Une Famille Noble<\/h2>\n<h3>Origines et R\u00f4le Politique<\/h3>\n<p>Les Ducs de Berry descendent directement des Cap\u00e9tiens. Jean Ier, premier Duc en 1360, a jou\u00e9 un r\u00f4le cl\u00e9 dans la politique fran\u00e7aise durant la guerre de Cent Ans. Ses successeurs ont continu\u00e9 d\u2019exercer une influence consid\u00e9rable sur le royaume.<\/p>\n<h3>Art et Culture<\/h3>\n<p>Sous leur r\u00e8gne, les Ducs ont patronn\u00e9 divers artistes et artisans. Le Livre des heures du Duc de Berry, r\u00e9alis\u00e9 par les fr\u00e8res Limbourg au d\u00e9but du XV\u00e8me si\u00e8cle, est un exemple marquant. Il t\u00e9moigne non seulement du go\u00fbt artistique des ducs mais aussi de l\u2019importance croissante des livres illustr\u00e9s \u00e0 cette \u00e9poque.<\/p>\n<h2>Ch\u00e2teaux des Ducs de Berry \u00e0 Visiter<\/h2>\n<p>Visiter les ch\u00e2teaux li\u00e9s aux Ducs de Berry permet d\u2019appr\u00e9hender leur mode de vie et leur h\u00e9ritage culturel.<\/p>\n<h3>Ch\u00e2teau de Meillant<\/h3>\n<ul>\n<li><strong>Localisation<\/strong> : Meillant, Cher<\/li>\n<li><strong>Caract\u00e9ristiques<\/strong> : Ce ch\u00e2teau est c\u00e9l\u00e8bre pour son architecture m\u00ealant styles m\u00e9di\u00e9val et Renaissance.<\/li>\n<li><strong>Visite<\/strong> : Les visiteurs peuvent explorer ses jardins class\u00e9s ainsi que ses int\u00e9rieurs richement d\u00e9cor\u00e9s.<\/li>\n<\/ul>\n<h3>Ch\u00e2teau de Valencay<\/h3>\n<ul>\n<li><strong>Localisation<\/strong> : Valencay, Indre<\/li>\n<li><strong>Caract\u00e9ristiques<\/strong> : Anciennement propri\u00e9t\u00e9 du Duc Charles-Maurice de Talleyrand-P\u00e9rigord, ce ch\u00e2teau est \u00e9galement li\u00e9 aux Ducs de Berry.<\/li>\n<li><strong>Visite<\/strong> : Le parc paysager offre une vue imprenable sur les b\u00e2timents historiques; il accueille r\u00e9guli\u00e8rement des expositions temporaires.<\/li>\n<\/ul>\n<table class=\"kwdbank-table\">\n<thead>\n<tr>\n<th>Ch\u00e2teau<\/th>\n<th>Localisation<\/th>\n<th>Style Architectural<\/th>\n<th>\u00c9l\u00e9ments Notables<\/th>\n<\/tr>\n<\/thead>\n<tbody>\n<tr>\n<td>Ch\u00e2teau de Meillant<\/td>\n<td>Meillant<\/td>\n<td>M\u00e9di\u00e9val\/Renaissance<\/td>\n<td>Jardins class\u00e9s<\/td>\n<\/tr>\n<tr>\n<td>Ch\u00e2teau de Valencay<\/td>\n<td>Valencay<\/td>\n<td>Classique<\/td>\n<td>Parc paysager<\/td>\n<\/tr>\n<\/tbody>\n<\/table>\n<h2>Pi\u00e8ges \u00e0 \u00c9viter lors des Visites<\/h2>\n<p>Un pi\u00e8ge courant lors des visites des ch\u00e2teaux est d\u2019omettre la r\u00e9servation \u00e0 l\u2019avance. De nombreux sites limitent le nombre de visiteurs par jour pour pr\u00e9server leur int\u00e9grit\u00e9. V\u00e9rifiez toujours les horaires d\u2019ouverture et envisagez d\u2019acheter vos billets en ligne pour \u00e9viter toute d\u00e9ception.<\/p>\n<h2>L\u2019H\u00e9ritage Culturel des Ducs<\/h2>\n<p>Les Ducs ont non seulement marqu\u00e9 l\u2019histoire politique mais \u00e9galement celle artistique en France. Leur m\u00e9c\u00e9nat a permis le d\u00e9veloppement d\u2019\u00e9coles artistiques qui perdurent encore aujourd\u2019hui. La pr\u00e9servation des \u0153uvres d\u2019art et des b\u00e2timents t\u00e9moigne du respect envers cet h\u00e9ritage.<\/p>\n<h3>\u00c9v\u00e9nements Culturels Actuels<\/h3>\n<p>De nombreux ch\u00e2teaux organisent des \u00e9v\u00e9nements culturels tels que :<\/p>\n<ul>\n<li><strong>Concerts classiques<\/strong><\/li>\n<li><strong>Reconstitutions historiques<\/strong><\/li>\n<li><strong>Ateliers artistiques<\/strong><\/li>\n<\/ul>\n<p>Ces activit\u00e9s permettent aux visiteurs d\u2019interagir avec l\u2019histoire vivante des Ducs et d\u2019enrichir leur exp\u00e9rience.<\/p>\n<h2>Pourquoi Visiter les Ch\u00e2teaux Aujourd\u2019hui ?<\/h2>\n<p>En 2026, il est essentiel pour les passionn\u00e9s d\u2019histoire et d\u2019architecture de d\u00e9couvrir ces tr\u00e9sors nationaux. Non seulement ils offrent un aper\u00e7u pr\u00e9cieux sur le pass\u00e9 fran\u00e7ais, mais ils sont \u00e9galement soumis aux normes modernes en mati\u00e8re d\u2019accessibilit\u00e9 et conservation. Ces sites s\u2019adaptent continuellement aux attentes contemporaines tout en pr\u00e9servant leur authenticit\u00e9.<\/p>\n<h3>Planification Pratique<\/h3>\n<p>Avant votre visite :<\/p>\n<ol>\n<li>Consultez les sites web officiels pour les horaires.<\/li>\n<li>R\u00e9servez vos billets en ligne.<\/li>\n<li>Renseignez-vous sur les visites guid\u00e9es disponibles.<\/li>\n<li>V\u00e9rifiez si des \u00e9v\u00e9nements sp\u00e9ciaux se d\u00e9roulent pendant votre s\u00e9jour.<\/li>\n<\/ol>\n<h2>FAQ<\/h2>\n<h3>Qui \u00e9taient les principaux Ducs de Berry ?<\/h3>\n<p>Les principaux Ducs incluent Jean Ier (1360), Charles Ier (1416) et Charles II (1424), chacun ayant jou\u00e9 un r\u00f4le significatif dans l\u2019histoire fran\u00e7aise.<\/p>\n<h3>Quels ch\u00e2teaux sont associ\u00e9s aux Ducs de Berry ?<\/h3>\n<p>Les ch\u00e2teaux majeurs incluent le Ch\u00e2teau de Meillant et le Ch\u00e2teau de Valencay.<\/p>\n<h3>Est-il possible de visiter ces ch\u00e2teaux toute l\u2019ann\u00e9e ?<\/h3>\n<p>La plupart des ch\u00e2teaux ont une saison touristique qui s\u2019\u00e9tend g\u00e9n\u00e9ralement du printemps \u00e0 l\u2019automne; v\u00e9rifiez leurs horaires sp\u00e9cifiques avant votre visite.<\/p>\n<h3>Y a-t-il des \u00e9v\u00e9nements culturels li\u00e9s aux Ducs cette ann\u00e9e ?<\/h3>\n<p>Oui, plusieurs ch\u00e2teaux organisent des \u00e9v\u00e9nements tels que concerts ou expositions tout au long de l\u2019ann\u00e9e; consultez leurs calendriers pour plus d\u2019informations.<\/p>\n<h3>Comment se rendre aux Ch\u00e2teaux depuis Paris ?<\/h3>\n<p>Des trains r\u00e9guliers relient Paris aux villes proches comme Bourges ou Ch\u00e2teauroux; il est conseill\u00e9 d\u2019utiliser un v\u00e9hicule pour acc\u00e9der directement aux ch\u00e2teaux depuis ces gares.<\/p>\n<p>Visitez ces lieux charg\u00e9s d\u2019histoire pour d\u00e9couvrir comment les Ducs de Berry ont fa\u00e7onn\u00e9 non seulement leur \u00e9poque mais aussi notre patrimoine culturel actuel.<\/p>\n","protected":false},"excerpt":{"rendered":"","protected":false},"author":34,"featured_media":999999999,"comment_status":"open","ping_status":"open","sticky":false,"template":"","format":"standard","meta":{"_acf_changed":false,"manual_indexmenow":false,"indexmenow_id_project":0,"footnotes":""},"categories":[4835],"tags":[],"class_list":["post-7816","post","type-post","status-publish","format-standard","has-post-thumbnail","hentry","category-articles","generate-columns","tablet-grid-50","mobile-grid-100","grid-parent","grid-25"],"acf":[],"yoast_head":"<!-- This site is optimized with the Yoast SEO Premium plugin v21.3 (Yoast SEO v26.5) - https:\/\/yoast.com\/wordpress\/plugins\/seo\/ -->\n<title>Ducs de Berry : Histoire et Ch\u00e2teaux \u00e0 Visiter<\/title>\n<meta name=\"description\" content=\"Les Ducs de Berry, membres d\u2019une lign\u00e9e noble influente en France, ont laiss\u00e9 une empreinte ind\u00e9l\u00e9bile sur l\u2019histoire et la culture du pays\" \/>\n<meta name=\"robots\" content=\"index, follow, max-snippet:-1, max-image-preview:large, max-video-preview:-1\" \/>\n<link rel=\"canonical\" href=\"https:\/\/starstory.fr\/blog\/articles\/ducs-de-berry\/\" \/>\n<meta property=\"og:locale\" content=\"fr_FR\" \/>\n<meta property=\"og:type\" content=\"article\" \/>\n<meta property=\"og:title\" content=\"Ducs de Berry : Histoire et Ch\u00e2teaux \u00e0 Visiter\" \/>\n<meta property=\"og:description\" content=\"Les Ducs de Berry, membres d\u2019une lign\u00e9e noble influente en France, ont laiss\u00e9 une empreinte ind\u00e9l\u00e9bile sur l\u2019histoire et la culture du pays\" \/>\n<meta property=\"og:url\" content=\"https:\/\/starstory.fr\/blog\/articles\/ducs-de-berry\/\" \/>\n<meta property=\"og:site_name\" content=\"starstory\" \/>\n<meta name=\"author\" content=\"Rapha\u00ebl D.\" \/>\n<meta name=\"twitter:card\" content=\"summary_large_image\" \/>\n<script type=\"application\/ld+json\" class=\"yoast-schema-graph\">{\"@context\":\"https:\/\/schema.org\",\"@graph\":[{\"@type\":\"NewsArticle\",\"@id\":\"https:\/\/starstory.fr\/blog\/articles\/ducs-de-berry\/#article\",\"isPartOf\":{\"@id\":\"https:\/\/starstory.fr\/blog\/articles\/ducs-de-berry\/\"},\"author\":{\"name\":\"Rapha\u00ebl D.\",\"@id\":\"https:\/\/starstory.fr\/blog\/#\/schema\/person\/3c864cdc320801e3db34b663e7e3f816\"},\"headline\":\"Ducs de Berry : Histoire et Ch\u00e2teaux \u00e0 Visiter\",\"datePublished\":\"2026-05-22T09:00:00+00:00\",\"mainEntityOfPage\":{\"@id\":\"https:\/\/starstory.fr\/blog\/articles\/ducs-de-berry\/\"},\"wordCount\":892,\"commentCount\":0,\"publisher\":{\"@id\":\"https:\/\/starstory.fr\/blog\/#organization\"},\"image\":{\"@id\":\"https:\/\/starstory.fr\/blog\/articles\/ducs-de-berry\/#primaryimage\"},\"thumbnailUrl\":\"https:\/\/images.pexels.com\/photos\/20704664\/pexels-photo-20704664.jpeg?auto=compress&cs=tinysrgb&fit=crop&h=627&w=1200\",\"articleSection\":[\"Articles\"],\"inLanguage\":\"fr-FR\",\"potentialAction\":[{\"@type\":\"CommentAction\",\"name\":\"Comment\",\"target\":[\"https:\/\/starstory.fr\/blog\/articles\/ducs-de-berry\/#respond\"]}]},{\"@type\":\"WebPage\",\"@id\":\"https:\/\/starstory.fr\/blog\/articles\/ducs-de-berry\/\",\"url\":\"https:\/\/starstory.fr\/blog\/articles\/ducs-de-berry\/\",\"name\":\"Ducs de Berry : Histoire et Ch\u00e2teaux \u00e0 Visiter\",\"isPartOf\":{\"@id\":\"https:\/\/starstory.fr\/blog\/#website\"},\"primaryImageOfPage\":{\"@id\":\"https:\/\/starstory.fr\/blog\/articles\/ducs-de-berry\/#primaryimage\"},\"image\":{\"@id\":\"https:\/\/starstory.fr\/blog\/articles\/ducs-de-berry\/#primaryimage\"},\"thumbnailUrl\":\"https:\/\/images.pexels.com\/photos\/20704664\/pexels-photo-20704664.jpeg?auto=compress&cs=tinysrgb&fit=crop&h=627&w=1200\",\"datePublished\":\"2026-05-22T09:00:00+00:00\",\"description\":\"Les Ducs de Berry, membres d\u2019une lign\u00e9e noble influente en France, ont laiss\u00e9 une empreinte ind\u00e9l\u00e9bile sur l\u2019histoire et la culture du pays\",\"inLanguage\":\"fr-FR\",\"potentialAction\":[{\"@type\":\"ReadAction\",\"target\":[\"https:\/\/starstory.fr\/blog\/articles\/ducs-de-berry\/\"]}]},{\"@type\":\"ImageObject\",\"inLanguage\":\"fr-FR\",\"@id\":\"https:\/\/starstory.fr\/blog\/articles\/ducs-de-berry\/#primaryimage\",\"url\":\"https:\/\/images.pexels.com\/photos\/20704664\/pexels-photo-20704664.jpeg?auto=compress&cs=tinysrgb&fit=crop&h=627&w=1200\",\"contentUrl\":\"https:\/\/images.pexels.com\/photos\/20704664\/pexels-photo-20704664.jpeg?auto=compress&cs=tinysrgb&fit=crop&h=627&w=1200\"},{\"@type\":\"WebSite\",\"@id\":\"https:\/\/starstory.fr\/blog\/#website\",\"url\":\"https:\/\/starstory.fr\/blog\/\",\"name\":\"StarStory\",\"description\":\"StarStory, les \u00e9toiles racontent leur histoire\",\"publisher\":{\"@id\":\"https:\/\/starstory.fr\/blog\/#organization\"},\"alternateName\":\"StarStory, les \u00e9toiles racontent leur histoire\",\"potentialAction\":[{\"@type\":\"SearchAction\",\"target\":{\"@type\":\"EntryPoint\",\"urlTemplate\":\"https:\/\/starstory.fr\/blog\/?s={search_term_string}\"},\"query-input\":{\"@type\":\"PropertyValueSpecification\",\"valueRequired\":true,\"valueName\":\"search_term_string\"}}],\"inLanguage\":\"fr-FR\"},{\"@type\":\"Organization\",\"@id\":\"https:\/\/starstory.fr\/blog\/#organization\",\"name\":\"StarStory\",\"alternateName\":\"StarStory.fr\",\"url\":\"https:\/\/starstory.fr\/blog\/\",\"logo\":{\"@type\":\"ImageObject\",\"inLanguage\":\"fr-FR\",\"@id\":\"https:\/\/starstory.fr\/blog\/#\/schema\/logo\/image\/\",\"url\":\"https:\/\/starstory.fr\/blog\/wp-content\/uploads\/2024\/12\/38.png\",\"contentUrl\":\"https:\/\/starstory.fr\/blog\/wp-content\/uploads\/2024\/12\/38.png\",\"width\":500,\"height\":500,\"caption\":\"StarStory\"},\"image\":{\"@id\":\"https:\/\/starstory.fr\/blog\/#\/schema\/logo\/image\/\"}},{\"@type\":\"Person\",\"@id\":\"https:\/\/starstory.fr\/blog\/#\/schema\/person\/3c864cdc320801e3db34b663e7e3f816\",\"name\":\"Rapha\u00ebl D.\",\"image\":{\"@type\":\"ImageObject\",\"inLanguage\":\"fr-FR\",\"@id\":\"https:\/\/starstory.fr\/blog\/#\/schema\/person\/image\/\",\"url\":\"https:\/\/starstory.fr\/blog\/wp-content\/uploads\/2026\/06\/persona_raphael-d-96x96.jpg\",\"contentUrl\":\"https:\/\/starstory.fr\/blog\/wp-content\/uploads\/2026\/06\/persona_raphael-d-96x96.jpg\",\"caption\":\"Rapha\u00ebl D.\"},\"description\":\"La culture est mon terrain de jeu depuis une dizaine d'ann\u00e9es : arts visuels, s\u00e9ries, cr\u00e9ation et tout ce qui nourrit l'imaginaire. J'\u00e9cris aussi bien sur l'actualit\u00e9 des \u0153uvres que sur les coulisses de la cr\u00e9ation, avec l'envie de relier l'amateur curieux \u00e0 des univers parfois jug\u00e9s intimidants. J'aime analyser une s\u00e9rie ou une d\u00e9marche artistique sans p\u00e9dantisme, replacer une \u0153uvre dans son contexte et donner des cl\u00e9s de lecture accessibles. Avant de publier, je v\u00e9rifie mes r\u00e9f\u00e9rences, je recoupe les sources et je distingue clairement le fait de mon interpr\u00e9tation subjective. Je crois qu'une critique vaut surtout par les arguments qu'elle expose, pas par la sentence qu'elle rend. Mon angle : transmettre l'envie de d\u00e9couvrir, de regarder autrement et de se forger son propre go\u00fbt. La culture n'appartient pas qu'aux initi\u00e9s, et c'est tout l'enjeu de mon \u00e9criture.\",\"url\":\"https:\/\/starstory.fr\/blog\/auteur\/noname\/\",\"jobTitle\":\"R\u00e9dacteur en chef \u00b7 Culture & Cr\u00e9ation\",\"knowsAbout\":[\"Culture\",\"Cr\u00e9ation\"],\"email\":\"raphael.d@a-l-asso-de-l-art.fr\"}]}<\/script>\n<!-- \/ Yoast SEO Premium plugin. -->","yoast_head_json":{"title":"Ducs de Berry : Histoire et Ch\u00e2teaux \u00e0 Visiter","description":"Les Ducs de Berry, membres d\u2019une lign\u00e9e noble influente en France, ont laiss\u00e9 une empreinte ind\u00e9l\u00e9bile sur l\u2019histoire et la culture du pays","robots":{"index":"index","follow":"follow","max-snippet":"max-snippet:-1","max-image-preview":"max-image-preview:large","max-video-preview":"max-video-preview:-1"},"canonical":"https:\/\/starstory.fr\/blog\/articles\/ducs-de-berry\/","og_locale":"fr_FR","og_type":"article","og_title":"Ducs de Berry : Histoire et Ch\u00e2teaux \u00e0 Visiter","og_description":"Les Ducs de Berry, membres d\u2019une lign\u00e9e noble influente en France, ont laiss\u00e9 une empreinte ind\u00e9l\u00e9bile sur l\u2019histoire et la culture du pays","og_url":"https:\/\/starstory.fr\/blog\/articles\/ducs-de-berry\/","og_site_name":"starstory","author":"Rapha\u00ebl D.","twitter_card":"summary_large_image","schema":{"@context":"https:\/\/schema.org","@graph":[{"@type":"NewsArticle","@id":"https:\/\/starstory.fr\/blog\/articles\/ducs-de-berry\/#article","isPartOf":{"@id":"https:\/\/starstory.fr\/blog\/articles\/ducs-de-berry\/"},"author":{"name":"Rapha\u00ebl D.","@id":"https:\/\/starstory.fr\/blog\/#\/schema\/person\/3c864cdc320801e3db34b663e7e3f816"},"headline":"Ducs de Berry : Histoire et Ch\u00e2teaux \u00e0 Visiter","datePublished":"2026-05-22T09:00:00+00:00","mainEntityOfPage":{"@id":"https:\/\/starstory.fr\/blog\/articles\/ducs-de-berry\/"},"wordCount":892,"commentCount":0,"publisher":{"@id":"https:\/\/starstory.fr\/blog\/#organization"},"image":{"@id":"https:\/\/starstory.fr\/blog\/articles\/ducs-de-berry\/#primaryimage"},"thumbnailUrl":"https:\/\/images.pexels.com\/photos\/20704664\/pexels-photo-20704664.jpeg?auto=compress&cs=tinysrgb&fit=crop&h=627&w=1200","articleSection":["Articles"],"inLanguage":"fr-FR","potentialAction":[{"@type":"CommentAction","name":"Comment","target":["https:\/\/starstory.fr\/blog\/articles\/ducs-de-berry\/#respond"]}]},{"@type":"WebPage","@id":"https:\/\/starstory.fr\/blog\/articles\/ducs-de-berry\/","url":"https:\/\/starstory.fr\/blog\/articles\/ducs-de-berry\/","name":"Ducs de Berry : Histoire et Ch\u00e2teaux \u00e0 Visiter","isPartOf":{"@id":"https:\/\/starstory.fr\/blog\/#website"},"primaryImageOfPage":{"@id":"https:\/\/starstory.fr\/blog\/articles\/ducs-de-berry\/#primaryimage"},"image":{"@id":"https:\/\/starstory.fr\/blog\/articles\/ducs-de-berry\/#primaryimage"},"thumbnailUrl":"https:\/\/images.pexels.com\/photos\/20704664\/pexels-photo-20704664.jpeg?auto=compress&cs=tinysrgb&fit=crop&h=627&w=1200","datePublished":"2026-05-22T09:00:00+00:00","description":"Les Ducs de Berry, membres d\u2019une lign\u00e9e noble influente en France, ont laiss\u00e9 une empreinte ind\u00e9l\u00e9bile sur l\u2019histoire et la culture du pays","inLanguage":"fr-FR","potentialAction":[{"@type":"ReadAction","target":["https:\/\/starstory.fr\/blog\/articles\/ducs-de-berry\/"]}]},{"@type":"ImageObject","inLanguage":"fr-FR","@id":"https:\/\/starstory.fr\/blog\/articles\/ducs-de-berry\/#primaryimage","url":"https:\/\/images.pexels.com\/photos\/20704664\/pexels-photo-20704664.jpeg?auto=compress&cs=tinysrgb&fit=crop&h=627&w=1200","contentUrl":"https:\/\/images.pexels.com\/photos\/20704664\/pexels-photo-20704664.jpeg?auto=compress&cs=tinysrgb&fit=crop&h=627&w=1200"},{"@type":"WebSite","@id":"https:\/\/starstory.fr\/blog\/#website","url":"https:\/\/starstory.fr\/blog\/","name":"StarStory","description":"StarStory, les \u00e9toiles racontent leur histoire","publisher":{"@id":"https:\/\/starstory.fr\/blog\/#organization"},"alternateName":"StarStory, les \u00e9toiles racontent leur histoire","potentialAction":[{"@type":"SearchAction","target":{"@type":"EntryPoint","urlTemplate":"https:\/\/starstory.fr\/blog\/?s={search_term_string}"},"query-input":{"@type":"PropertyValueSpecification","valueRequired":true,"valueName":"search_term_string"}}],"inLanguage":"fr-FR"},{"@type":"Organization","@id":"https:\/\/starstory.fr\/blog\/#organization","name":"StarStory","alternateName":"StarStory.fr","url":"https:\/\/starstory.fr\/blog\/","logo":{"@type":"ImageObject","inLanguage":"fr-FR","@id":"https:\/\/starstory.fr\/blog\/#\/schema\/logo\/image\/","url":"https:\/\/starstory.fr\/blog\/wp-content\/uploads\/2024\/12\/38.png","contentUrl":"https:\/\/starstory.fr\/blog\/wp-content\/uploads\/2024\/12\/38.png","width":500,"height":500,"caption":"StarStory"},"image":{"@id":"https:\/\/starstory.fr\/blog\/#\/schema\/logo\/image\/"}},{"@type":"Person","@id":"https:\/\/starstory.fr\/blog\/#\/schema\/person\/3c864cdc320801e3db34b663e7e3f816","name":"Rapha\u00ebl D.","image":{"@type":"ImageObject","inLanguage":"fr-FR","@id":"https:\/\/starstory.fr\/blog\/#\/schema\/person\/image\/","url":"https:\/\/starstory.fr\/blog\/wp-content\/uploads\/2026\/06\/persona_raphael-d-96x96.jpg","contentUrl":"https:\/\/starstory.fr\/blog\/wp-content\/uploads\/2026\/06\/persona_raphael-d-96x96.jpg","caption":"Rapha\u00ebl D."},"description":"La culture est mon terrain de jeu depuis une dizaine d'ann\u00e9es : arts visuels, s\u00e9ries, cr\u00e9ation et tout ce qui nourrit l'imaginaire. J'\u00e9cris aussi bien sur l'actualit\u00e9 des \u0153uvres que sur les coulisses de la cr\u00e9ation, avec l'envie de relier l'amateur curieux \u00e0 des univers parfois jug\u00e9s intimidants. J'aime analyser une s\u00e9rie ou une d\u00e9marche artistique sans p\u00e9dantisme, replacer une \u0153uvre dans son contexte et donner des cl\u00e9s de lecture accessibles. Avant de publier, je v\u00e9rifie mes r\u00e9f\u00e9rences, je recoupe les sources et je distingue clairement le fait de mon interpr\u00e9tation subjective. Je crois qu'une critique vaut surtout par les arguments qu'elle expose, pas par la sentence qu'elle rend. Mon angle : transmettre l'envie de d\u00e9couvrir, de regarder autrement et de se forger son propre go\u00fbt. La culture n'appartient pas qu'aux initi\u00e9s, et c'est tout l'enjeu de mon \u00e9criture.","url":"https:\/\/starstory.fr\/blog\/auteur\/noname\/","jobTitle":"R\u00e9dacteur en chef \u00b7 Culture & Cr\u00e9ation","knowsAbout":["Culture","Cr\u00e9ation"],"email":"raphael.d@a-l-asso-de-l-art.fr"}]}},"_links":{"self":[{"href":"https:\/\/starstory.fr\/blog\/wp-json\/wp\/v2\/posts\/7816","targetHints":{"allow":["GET"]}}],"collection":[{"href":"https:\/\/starstory.fr\/blog\/wp-json\/wp\/v2\/posts"}],"about":[{"href":"https:\/\/starstory.fr\/blog\/wp-json\/wp\/v2\/types\/post"}],"author":[{"embeddable":true,"href":"https:\/\/starstory.fr\/blog\/wp-json\/wp\/v2\/users\/34"}],"replies":[{"embeddable":true,"href":"https:\/\/starstory.fr\/blog\/wp-json\/wp\/v2\/comments?post=7816"}],"version-history":[{"count":1,"href":"https:\/\/starstory.fr\/blog\/wp-json\/wp\/v2\/posts\/7816\/revisions"}],"predecessor-version":[{"id":7918,"href":"https:\/\/starstory.fr\/blog\/wp-json\/wp\/v2\/posts\/7816\/revisions\/7918"}],"wp:attachment":[{"href":"https:\/\/starstory.fr\/blog\/wp-json\/wp\/v2\/media?parent=7816"}],"wp:term":[{"taxonomy":"category","embeddable":true,"href":"https:\/\/starstory.fr\/blog\/wp-json\/wp\/v2\/categories?post=7816"},{"taxonomy":"post_tag","embeddable":true,"href":"https:\/\/starstory.fr\/blog\/wp-json\/wp\/v2\/tags?post=7816"}],"curies":[{"name":"wp","href":"https:\/\/api.w.org\/{rel}","templated":true}]}}