{"id":7815,"date":"2026-05-21T09:00:00","date_gmt":"2026-05-21T09:00:00","guid":{"rendered":"https:\/\/starstory.fr\/blog\/?p=7815"},"modified":"2026-05-21T09:00:00","modified_gmt":"2026-05-21T09:00:00","slug":"marie-therese-d-autriche","status":"publish","type":"post","link":"https:\/\/starstory.fr\/blog\/articles\/marie-therese-d-autriche\/","title":{"rendered":"Marie Th\u00e9r\u00e8se d&rsquo;Autriche : Histoire Compl\u00e8te"},"content":{"rendered":"<p>Marie Th\u00e9r\u00e8se d\u2019Autriche (1717-1780) est une figure embl\u00e9matique de l\u2019histoire europ\u00e9enne, marqu\u00e9e par son r\u00e8gne en tant que souveraine des Habsbourg. Elle a exerc\u00e9 son pouvoir sur un empire vaste et diversifi\u00e9, incluant l\u2019Autriche, la Boh\u00eame et la Hongrie. Son r\u00e8gne est notable non seulement pour ses r\u00e9formes politiques et sociales, mais aussi pour son r\u00f4le dans les guerres europ\u00e9ennes de son \u00e9poque. En 2026, le co\u00fbt d\u2019une visite \u00e0 Vienne pour d\u00e9couvrir son h\u00e9ritage historique peut varier entre 500 et 1 200 euros, selon le type d\u2019h\u00e9bergement et les activit\u00e9s choisies.<\/p>\n<h2>Les d\u00e9buts de Marie Th\u00e9r\u00e8se<\/h2>\n<h3>Une naissance strat\u00e9gique<\/h3>\n<p>Marie Th\u00e9r\u00e8se est n\u00e9e le 13 mai 1717 \u00e0 Vienne. Elle \u00e9tait la fille de l\u2019empereur Charles VI et de Elisabeth Christine de Brunswick-Wolfenb\u00fcttel. Son enfance a \u00e9t\u00e9 marqu\u00e9e par une \u00e9ducation rigoureuse orient\u00e9e vers le pouvoir politique. \u00c0 l\u2019\u00e2ge de 23 ans, elle \u00e9pouse Fran\u00e7ois Ier du Saint-Empire, consolidant ainsi une alliance entre les Habsbourg et la maison de Lorraine.<\/p>\n<h3>L\u2019accession au tr\u00f4ne<\/h3>\n<p>En 1740, apr\u00e8s la mort de son p\u00e8re, Marie Th\u00e9r\u00e8se devient souveraine des Habsbourg. Son accession au tr\u00f4ne est contest\u00e9e par plusieurs puissances europ\u00e9ennes, notamment la Prusse, ce qui d\u00e9clenche la guerre de Succession d\u2019Autriche (1740-1748). Malgr\u00e9 les d\u00e9fis, elle r\u00e9ussit \u00e0 maintenir son pouvoir gr\u00e2ce \u00e0 des alliances strat\u00e9giques.<\/p>\n<h2>Les r\u00e9formes de Marie Th\u00e9r\u00e8se<\/h2>\n<p>Marie Th\u00e9r\u00e8se est reconnue pour ses r\u00e9formes profondes qui ont modernis\u00e9 l\u2019administration et l\u2019\u00e9conomie de son empire.<\/p>\n<h3>R\u00e9formes administratives<\/h3>\n<p>Elle met en place un syst\u00e8me bureaucratique centralis\u00e9 qui am\u00e9liore la collecte des imp\u00f4ts et renforce l\u2019autorit\u00e9 royale. Par exemple, elle institue un cadastre afin d\u2019\u00e9valuer les biens immobiliers et d\u2019optimiser les revenus fiscaux.<\/p>\n<h3>R\u00e9formes \u00e9ducatives<\/h3>\n<p>Elle promeut \u00e9galement l\u2019\u00e9ducation obligatoire pour tous les enfants, ce qui repr\u00e9sente un tournant dans la soci\u00e9t\u00e9 autrichienne. En 1774, elle \u00e9tablit une loi rendant l\u2019instruction publique obligatoire pour les enfants \u00e2g\u00e9s de 6 \u00e0 12 ans.<\/p>\n<h2>Les guerres sous son r\u00e8gne<\/h2>\n<h3>La guerre de Succession d\u2019Autriche<\/h3>\n<p>Cette guerre marque le d\u00e9but du r\u00e8gne tumultueux de Marie Th\u00e9r\u00e8se. Bien qu\u2019elle soit confront\u00e9e \u00e0 des pertes initiales face \u00e0 Fr\u00e9d\u00e9ric II de Prusse, elle parvient \u00e0 obtenir des victoires d\u00e9cisives gr\u00e2ce \u00e0 sa strat\u00e9gie militaire innovante.<\/p>\n<h3>La guerre de Sept Ans<\/h3>\n<p>De 1756 \u00e0 1763, Marie Th\u00e9r\u00e8se doit faire face \u00e0 une nouvelle crise lors de la guerre de Sept Ans. Malgr\u00e9 les revers militaires, elle r\u00e9ussit \u00e0 pr\u00e9server l\u2019int\u00e9grit\u00e9 territoriale des Habsbourg gr\u00e2ce \u00e0 des n\u00e9gociations habiles.<\/p>\n<h2>L\u2019h\u00e9ritage culturel et historique<\/h2>\n<p>Marie Th\u00e9r\u00e8se a laiss\u00e9 un h\u00e9ritage durable en mati\u00e8re d\u2019art et de culture. Elle a soutenu les arts et a favoris\u00e9 le d\u00e9veloppement du th\u00e9\u00e2tre viennois.<\/p>\n<table class=\"kwdbank-table\">\n<thead>\n<tr>\n<th>\u00c9v\u00e9nement<\/th>\n<th>Date<\/th>\n<th>Impact<\/th>\n<\/tr>\n<\/thead>\n<tbody>\n<tr>\n<td>Naissance<\/td>\n<td>13 mai 1717<\/td>\n<td>D\u00e9but d\u2019une dynastie influente<\/td>\n<\/tr>\n<tr>\n<td>Accession au tr\u00f4ne<\/td>\n<td>1740<\/td>\n<td>D\u00e9clenchement de conflits europ\u00e9ens<\/td>\n<\/tr>\n<tr>\n<td>R\u00e9forme \u00e9ducative<\/td>\n<td>1774<\/td>\n<td>\u00c9ducation obligatoire instaur\u00e9e<\/td>\n<\/tr>\n<tr>\n<td>Mort<\/td>\n<td>29 novembre 1780<\/td>\n<td>Fin d\u2019un r\u00e8gne marqu\u00e9 par des r\u00e9formes<\/td>\n<\/tr>\n<\/tbody>\n<\/table>\n<h2>Pi\u00e8ge \u00e0 \u00e9viter : La perception simpliste du r\u00e8gne<\/h2>\n<p>Il est facile de r\u00e9duire le r\u00e8gne de Marie Th\u00e9r\u00e8se \u00e0 celui d\u2019une reine autoritaire. Cependant, ses efforts pour moderniser l\u2019\u00c9tat r\u00e9v\u00e8lent une vision progressiste souvent n\u00e9glig\u00e9e par les historiens traditionnels.<\/p>\n<h2>Comment d\u00e9couvrir l\u2019h\u00e9ritage de Marie Th\u00e9r\u00e8se aujourd\u2019hui ?<\/h2>\n<p>Visiter Vienne offre une multitude d\u2019opportunit\u00e9s pour explorer l\u2019h\u00e9ritage laiss\u00e9 par Marie Th\u00e9r\u00e8se. Voici quelques actions imm\u00e9diates :<\/p>\n<ol>\n<li><strong>R\u00e9server un tour guid\u00e9<\/strong> : Plusieurs agences proposent des visites centr\u00e9es sur son histoire.<\/li>\n<li><strong>Visiter le ch\u00e2teau de Sch\u00f6nbrunn<\/strong> : R\u00e9sidence embl\u00e9matique o\u00f9 elle a v\u00e9cu.<\/li>\n<li><strong>Explorer le Mus\u00e9e des beaux-arts<\/strong> : Une collection riche dont certaines \u0153uvres ont \u00e9t\u00e9 acquises sous son r\u00e8gne.<\/li>\n<\/ol>\n<h2>FAQ<\/h2>\n<h3>Qui \u00e9tait Marie Th\u00e9r\u00e8se d\u2019Autriche ?<\/h3>\n<p>Marie Th\u00e9r\u00e8se \u00e9tait une imp\u00e9ratrice du Saint-Empire romain germanique connue pour ses r\u00e9formes administratives et \u00e9ducatives.<\/p>\n<h3>Quels \u00e9taient les principaux d\u00e9fis durant son r\u00e8gne ?<\/h3>\n<p>Elle a d\u00fb faire face aux guerres europ\u00e9ennes, notamment la guerre de Succession d\u2019Autriche et la guerre de Sept Ans.<\/p>\n<h3>Quelles sont ses contributions majeures ?<\/h3>\n<p>Ses r\u00e9formes dans l\u2019\u00e9ducation et l\u2019administration ont profond\u00e9ment transform\u00e9 l\u2019empire autrichien.<\/p>\n<h3>Comment visiter les lieux historiques li\u00e9s \u00e0 sa vie ?<\/h3>\n<p>Des tours guid\u00e9s sont disponibles pour explorer Vienne et ses monuments historiques associ\u00e9s \u00e0 Marie Th\u00e9r\u00e8se.<\/p>\n<h3>Quelle \u00e9tait sa relation avec Fran\u00e7ois Ier ?<\/h3>\n<p>Fran\u00e7ois Ier \u00e9tait son \u00e9poux et co-souverain ; leur mariage renfor\u00e7a les alliances dynastiques en Europe.<\/p>\n<h3>Quel impact a-t-elle eu sur l\u2019histoire europ\u00e9enne ?<\/h3>\n<p>Son r\u00e8gne a marqu\u00e9 un tournant dans la politique europ\u00e9enne avec ses strat\u00e9gies militaires et ses r\u00e9formes sociales qui ont influenc\u00e9 plusieurs g\u00e9n\u00e9rations suivantes.<\/p>\n","protected":false},"excerpt":{"rendered":"","protected":false},"author":34,"featured_media":999999999,"comment_status":"open","ping_status":"open","sticky":false,"template":"","format":"standard","meta":{"_acf_changed":false,"manual_indexmenow":false,"indexmenow_id_project":0,"footnotes":""},"categories":[4835],"tags":[],"class_list":["post-7815","post","type-post","status-publish","format-standard","has-post-thumbnail","hentry","category-articles","generate-columns","tablet-grid-50","mobile-grid-100","grid-parent","grid-25"],"acf":[],"yoast_head":"<!-- This site is optimized with the Yoast SEO Premium plugin v21.3 (Yoast SEO v26.5) - https:\/\/yoast.com\/wordpress\/plugins\/seo\/ -->\n<title>Marie Th\u00e9r\u00e8se d&#039;Autriche : Histoire Compl\u00e8te<\/title>\n<meta name=\"description\" content=\"Marie Th\u00e9r\u00e8se d\u2019Autriche (1717-1780) est une figure embl\u00e9matique de l\u2019histoire europ\u00e9enne, marqu\u00e9e par son r\u00e8gne en tant que souveraine des Habsbourg\" \/>\n<meta name=\"robots\" content=\"index, follow, max-snippet:-1, max-image-preview:large, max-video-preview:-1\" \/>\n<link rel=\"canonical\" href=\"https:\/\/starstory.fr\/blog\/articles\/marie-therese-d-autriche\/\" \/>\n<meta property=\"og:locale\" content=\"fr_FR\" \/>\n<meta property=\"og:type\" content=\"article\" \/>\n<meta property=\"og:title\" content=\"Marie Th\u00e9r\u00e8se d&#039;Autriche : Histoire Compl\u00e8te\" \/>\n<meta property=\"og:description\" content=\"Marie Th\u00e9r\u00e8se d\u2019Autriche (1717-1780) est une figure embl\u00e9matique de l\u2019histoire europ\u00e9enne, marqu\u00e9e par son r\u00e8gne en tant que souveraine des Habsbourg\" \/>\n<meta property=\"og:url\" content=\"https:\/\/starstory.fr\/blog\/articles\/marie-therese-d-autriche\/\" \/>\n<meta property=\"og:site_name\" content=\"starstory\" \/>\n<meta name=\"author\" content=\"Rapha\u00ebl D.\" \/>\n<meta name=\"twitter:card\" content=\"summary_large_image\" \/>\n<script type=\"application\/ld+json\" class=\"yoast-schema-graph\">{\"@context\":\"https:\/\/schema.org\",\"@graph\":[{\"@type\":\"NewsArticle\",\"@id\":\"https:\/\/starstory.fr\/blog\/articles\/marie-therese-d-autriche\/#article\",\"isPartOf\":{\"@id\":\"https:\/\/starstory.fr\/blog\/articles\/marie-therese-d-autriche\/\"},\"author\":{\"name\":\"Rapha\u00ebl D.\",\"@id\":\"https:\/\/starstory.fr\/blog\/#\/schema\/person\/3c864cdc320801e3db34b663e7e3f816\"},\"headline\":\"Marie Th\u00e9r\u00e8se d&rsquo;Autriche : Histoire Compl\u00e8te\",\"datePublished\":\"2026-05-21T09:00:00+00:00\",\"mainEntityOfPage\":{\"@id\":\"https:\/\/starstory.fr\/blog\/articles\/marie-therese-d-autriche\/\"},\"wordCount\":864,\"commentCount\":0,\"publisher\":{\"@id\":\"https:\/\/starstory.fr\/blog\/#organization\"},\"image\":{\"@id\":\"https:\/\/starstory.fr\/blog\/articles\/marie-therese-d-autriche\/#primaryimage\"},\"thumbnailUrl\":\"https:\/\/images.pexels.com\/photos\/9281198\/pexels-photo-9281198.jpeg?auto=compress&cs=tinysrgb&fit=crop&h=627&w=1200\",\"articleSection\":[\"Articles\"],\"inLanguage\":\"fr-FR\",\"potentialAction\":[{\"@type\":\"CommentAction\",\"name\":\"Comment\",\"target\":[\"https:\/\/starstory.fr\/blog\/articles\/marie-therese-d-autriche\/#respond\"]}]},{\"@type\":\"WebPage\",\"@id\":\"https:\/\/starstory.fr\/blog\/articles\/marie-therese-d-autriche\/\",\"url\":\"https:\/\/starstory.fr\/blog\/articles\/marie-therese-d-autriche\/\",\"name\":\"Marie Th\u00e9r\u00e8se d'Autriche : Histoire Compl\u00e8te\",\"isPartOf\":{\"@id\":\"https:\/\/starstory.fr\/blog\/#website\"},\"primaryImageOfPage\":{\"@id\":\"https:\/\/starstory.fr\/blog\/articles\/marie-therese-d-autriche\/#primaryimage\"},\"image\":{\"@id\":\"https:\/\/starstory.fr\/blog\/articles\/marie-therese-d-autriche\/#primaryimage\"},\"thumbnailUrl\":\"https:\/\/images.pexels.com\/photos\/9281198\/pexels-photo-9281198.jpeg?auto=compress&cs=tinysrgb&fit=crop&h=627&w=1200\",\"datePublished\":\"2026-05-21T09:00:00+00:00\",\"description\":\"Marie Th\u00e9r\u00e8se d\u2019Autriche (1717-1780) est une figure embl\u00e9matique de l\u2019histoire europ\u00e9enne, marqu\u00e9e par son r\u00e8gne en tant que souveraine des Habsbourg\",\"inLanguage\":\"fr-FR\",\"potentialAction\":[{\"@type\":\"ReadAction\",\"target\":[\"https:\/\/starstory.fr\/blog\/articles\/marie-therese-d-autriche\/\"]}]},{\"@type\":\"ImageObject\",\"inLanguage\":\"fr-FR\",\"@id\":\"https:\/\/starstory.fr\/blog\/articles\/marie-therese-d-autriche\/#primaryimage\",\"url\":\"https:\/\/images.pexels.com\/photos\/9281198\/pexels-photo-9281198.jpeg?auto=compress&cs=tinysrgb&fit=crop&h=627&w=1200\",\"contentUrl\":\"https:\/\/images.pexels.com\/photos\/9281198\/pexels-photo-9281198.jpeg?auto=compress&cs=tinysrgb&fit=crop&h=627&w=1200\"},{\"@type\":\"WebSite\",\"@id\":\"https:\/\/starstory.fr\/blog\/#website\",\"url\":\"https:\/\/starstory.fr\/blog\/\",\"name\":\"StarStory\",\"description\":\"StarStory, les \u00e9toiles racontent leur histoire\",\"publisher\":{\"@id\":\"https:\/\/starstory.fr\/blog\/#organization\"},\"alternateName\":\"StarStory, les \u00e9toiles racontent leur histoire\",\"potentialAction\":[{\"@type\":\"SearchAction\",\"target\":{\"@type\":\"EntryPoint\",\"urlTemplate\":\"https:\/\/starstory.fr\/blog\/?s={search_term_string}\"},\"query-input\":{\"@type\":\"PropertyValueSpecification\",\"valueRequired\":true,\"valueName\":\"search_term_string\"}}],\"inLanguage\":\"fr-FR\"},{\"@type\":\"Organization\",\"@id\":\"https:\/\/starstory.fr\/blog\/#organization\",\"name\":\"StarStory\",\"alternateName\":\"StarStory.fr\",\"url\":\"https:\/\/starstory.fr\/blog\/\",\"logo\":{\"@type\":\"ImageObject\",\"inLanguage\":\"fr-FR\",\"@id\":\"https:\/\/starstory.fr\/blog\/#\/schema\/logo\/image\/\",\"url\":\"https:\/\/starstory.fr\/blog\/wp-content\/uploads\/2024\/12\/38.png\",\"contentUrl\":\"https:\/\/starstory.fr\/blog\/wp-content\/uploads\/2024\/12\/38.png\",\"width\":500,\"height\":500,\"caption\":\"StarStory\"},\"image\":{\"@id\":\"https:\/\/starstory.fr\/blog\/#\/schema\/logo\/image\/\"}},{\"@type\":\"Person\",\"@id\":\"https:\/\/starstory.fr\/blog\/#\/schema\/person\/3c864cdc320801e3db34b663e7e3f816\",\"name\":\"Rapha\u00ebl D.\",\"image\":{\"@type\":\"ImageObject\",\"inLanguage\":\"fr-FR\",\"@id\":\"https:\/\/starstory.fr\/blog\/#\/schema\/person\/image\/\",\"url\":\"https:\/\/starstory.fr\/blog\/wp-content\/uploads\/2026\/06\/persona_raphael-d-96x96.jpg\",\"contentUrl\":\"https:\/\/starstory.fr\/blog\/wp-content\/uploads\/2026\/06\/persona_raphael-d-96x96.jpg\",\"caption\":\"Rapha\u00ebl D.\"},\"description\":\"La culture est mon terrain de jeu depuis une dizaine d'ann\u00e9es : arts visuels, s\u00e9ries, cr\u00e9ation et tout ce qui nourrit l'imaginaire. J'\u00e9cris aussi bien sur l'actualit\u00e9 des \u0153uvres que sur les coulisses de la cr\u00e9ation, avec l'envie de relier l'amateur curieux \u00e0 des univers parfois jug\u00e9s intimidants. J'aime analyser une s\u00e9rie ou une d\u00e9marche artistique sans p\u00e9dantisme, replacer une \u0153uvre dans son contexte et donner des cl\u00e9s de lecture accessibles. Avant de publier, je v\u00e9rifie mes r\u00e9f\u00e9rences, je recoupe les sources et je distingue clairement le fait de mon interpr\u00e9tation subjective. Je crois qu'une critique vaut surtout par les arguments qu'elle expose, pas par la sentence qu'elle rend. Mon angle : transmettre l'envie de d\u00e9couvrir, de regarder autrement et de se forger son propre go\u00fbt. La culture n'appartient pas qu'aux initi\u00e9s, et c'est tout l'enjeu de mon \u00e9criture.\",\"url\":\"https:\/\/starstory.fr\/blog\/auteur\/noname\/\",\"jobTitle\":\"R\u00e9dacteur en chef \u00b7 Culture & Cr\u00e9ation\",\"knowsAbout\":[\"Culture\",\"Cr\u00e9ation\"],\"email\":\"raphael.d@a-l-asso-de-l-art.fr\"}]}<\/script>\n<!-- \/ Yoast SEO Premium plugin. -->","yoast_head_json":{"title":"Marie Th\u00e9r\u00e8se d'Autriche : Histoire Compl\u00e8te","description":"Marie Th\u00e9r\u00e8se d\u2019Autriche (1717-1780) est une figure embl\u00e9matique de l\u2019histoire europ\u00e9enne, marqu\u00e9e par son r\u00e8gne en tant que souveraine des Habsbourg","robots":{"index":"index","follow":"follow","max-snippet":"max-snippet:-1","max-image-preview":"max-image-preview:large","max-video-preview":"max-video-preview:-1"},"canonical":"https:\/\/starstory.fr\/blog\/articles\/marie-therese-d-autriche\/","og_locale":"fr_FR","og_type":"article","og_title":"Marie Th\u00e9r\u00e8se d'Autriche : Histoire Compl\u00e8te","og_description":"Marie Th\u00e9r\u00e8se d\u2019Autriche (1717-1780) est une figure embl\u00e9matique de l\u2019histoire europ\u00e9enne, marqu\u00e9e par son r\u00e8gne en tant que souveraine des Habsbourg","og_url":"https:\/\/starstory.fr\/blog\/articles\/marie-therese-d-autriche\/","og_site_name":"starstory","author":"Rapha\u00ebl D.","twitter_card":"summary_large_image","schema":{"@context":"https:\/\/schema.org","@graph":[{"@type":"NewsArticle","@id":"https:\/\/starstory.fr\/blog\/articles\/marie-therese-d-autriche\/#article","isPartOf":{"@id":"https:\/\/starstory.fr\/blog\/articles\/marie-therese-d-autriche\/"},"author":{"name":"Rapha\u00ebl D.","@id":"https:\/\/starstory.fr\/blog\/#\/schema\/person\/3c864cdc320801e3db34b663e7e3f816"},"headline":"Marie Th\u00e9r\u00e8se d&rsquo;Autriche : Histoire Compl\u00e8te","datePublished":"2026-05-21T09:00:00+00:00","mainEntityOfPage":{"@id":"https:\/\/starstory.fr\/blog\/articles\/marie-therese-d-autriche\/"},"wordCount":864,"commentCount":0,"publisher":{"@id":"https:\/\/starstory.fr\/blog\/#organization"},"image":{"@id":"https:\/\/starstory.fr\/blog\/articles\/marie-therese-d-autriche\/#primaryimage"},"thumbnailUrl":"https:\/\/images.pexels.com\/photos\/9281198\/pexels-photo-9281198.jpeg?auto=compress&cs=tinysrgb&fit=crop&h=627&w=1200","articleSection":["Articles"],"inLanguage":"fr-FR","potentialAction":[{"@type":"CommentAction","name":"Comment","target":["https:\/\/starstory.fr\/blog\/articles\/marie-therese-d-autriche\/#respond"]}]},{"@type":"WebPage","@id":"https:\/\/starstory.fr\/blog\/articles\/marie-therese-d-autriche\/","url":"https:\/\/starstory.fr\/blog\/articles\/marie-therese-d-autriche\/","name":"Marie Th\u00e9r\u00e8se d'Autriche : Histoire Compl\u00e8te","isPartOf":{"@id":"https:\/\/starstory.fr\/blog\/#website"},"primaryImageOfPage":{"@id":"https:\/\/starstory.fr\/blog\/articles\/marie-therese-d-autriche\/#primaryimage"},"image":{"@id":"https:\/\/starstory.fr\/blog\/articles\/marie-therese-d-autriche\/#primaryimage"},"thumbnailUrl":"https:\/\/images.pexels.com\/photos\/9281198\/pexels-photo-9281198.jpeg?auto=compress&cs=tinysrgb&fit=crop&h=627&w=1200","datePublished":"2026-05-21T09:00:00+00:00","description":"Marie Th\u00e9r\u00e8se d\u2019Autriche (1717-1780) est une figure embl\u00e9matique de l\u2019histoire europ\u00e9enne, marqu\u00e9e par son r\u00e8gne en tant que souveraine des Habsbourg","inLanguage":"fr-FR","potentialAction":[{"@type":"ReadAction","target":["https:\/\/starstory.fr\/blog\/articles\/marie-therese-d-autriche\/"]}]},{"@type":"ImageObject","inLanguage":"fr-FR","@id":"https:\/\/starstory.fr\/blog\/articles\/marie-therese-d-autriche\/#primaryimage","url":"https:\/\/images.pexels.com\/photos\/9281198\/pexels-photo-9281198.jpeg?auto=compress&cs=tinysrgb&fit=crop&h=627&w=1200","contentUrl":"https:\/\/images.pexels.com\/photos\/9281198\/pexels-photo-9281198.jpeg?auto=compress&cs=tinysrgb&fit=crop&h=627&w=1200"},{"@type":"WebSite","@id":"https:\/\/starstory.fr\/blog\/#website","url":"https:\/\/starstory.fr\/blog\/","name":"StarStory","description":"StarStory, les \u00e9toiles racontent leur histoire","publisher":{"@id":"https:\/\/starstory.fr\/blog\/#organization"},"alternateName":"StarStory, les \u00e9toiles racontent leur histoire","potentialAction":[{"@type":"SearchAction","target":{"@type":"EntryPoint","urlTemplate":"https:\/\/starstory.fr\/blog\/?s={search_term_string}"},"query-input":{"@type":"PropertyValueSpecification","valueRequired":true,"valueName":"search_term_string"}}],"inLanguage":"fr-FR"},{"@type":"Organization","@id":"https:\/\/starstory.fr\/blog\/#organization","name":"StarStory","alternateName":"StarStory.fr","url":"https:\/\/starstory.fr\/blog\/","logo":{"@type":"ImageObject","inLanguage":"fr-FR","@id":"https:\/\/starstory.fr\/blog\/#\/schema\/logo\/image\/","url":"https:\/\/starstory.fr\/blog\/wp-content\/uploads\/2024\/12\/38.png","contentUrl":"https:\/\/starstory.fr\/blog\/wp-content\/uploads\/2024\/12\/38.png","width":500,"height":500,"caption":"StarStory"},"image":{"@id":"https:\/\/starstory.fr\/blog\/#\/schema\/logo\/image\/"}},{"@type":"Person","@id":"https:\/\/starstory.fr\/blog\/#\/schema\/person\/3c864cdc320801e3db34b663e7e3f816","name":"Rapha\u00ebl D.","image":{"@type":"ImageObject","inLanguage":"fr-FR","@id":"https:\/\/starstory.fr\/blog\/#\/schema\/person\/image\/","url":"https:\/\/starstory.fr\/blog\/wp-content\/uploads\/2026\/06\/persona_raphael-d-96x96.jpg","contentUrl":"https:\/\/starstory.fr\/blog\/wp-content\/uploads\/2026\/06\/persona_raphael-d-96x96.jpg","caption":"Rapha\u00ebl D."},"description":"La culture est mon terrain de jeu depuis une dizaine d'ann\u00e9es : arts visuels, s\u00e9ries, cr\u00e9ation et tout ce qui nourrit l'imaginaire. J'\u00e9cris aussi bien sur l'actualit\u00e9 des \u0153uvres que sur les coulisses de la cr\u00e9ation, avec l'envie de relier l'amateur curieux \u00e0 des univers parfois jug\u00e9s intimidants. J'aime analyser une s\u00e9rie ou une d\u00e9marche artistique sans p\u00e9dantisme, replacer une \u0153uvre dans son contexte et donner des cl\u00e9s de lecture accessibles. Avant de publier, je v\u00e9rifie mes r\u00e9f\u00e9rences, je recoupe les sources et je distingue clairement le fait de mon interpr\u00e9tation subjective. Je crois qu'une critique vaut surtout par les arguments qu'elle expose, pas par la sentence qu'elle rend. Mon angle : transmettre l'envie de d\u00e9couvrir, de regarder autrement et de se forger son propre go\u00fbt. La culture n'appartient pas qu'aux initi\u00e9s, et c'est tout l'enjeu de mon \u00e9criture.","url":"https:\/\/starstory.fr\/blog\/auteur\/noname\/","jobTitle":"R\u00e9dacteur en chef \u00b7 Culture & Cr\u00e9ation","knowsAbout":["Culture","Cr\u00e9ation"],"email":"raphael.d@a-l-asso-de-l-art.fr"}]}},"_links":{"self":[{"href":"https:\/\/starstory.fr\/blog\/wp-json\/wp\/v2\/posts\/7815","targetHints":{"allow":["GET"]}}],"collection":[{"href":"https:\/\/starstory.fr\/blog\/wp-json\/wp\/v2\/posts"}],"about":[{"href":"https:\/\/starstory.fr\/blog\/wp-json\/wp\/v2\/types\/post"}],"author":[{"embeddable":true,"href":"https:\/\/starstory.fr\/blog\/wp-json\/wp\/v2\/users\/34"}],"replies":[{"embeddable":true,"href":"https:\/\/starstory.fr\/blog\/wp-json\/wp\/v2\/comments?post=7815"}],"version-history":[{"count":1,"href":"https:\/\/starstory.fr\/blog\/wp-json\/wp\/v2\/posts\/7815\/revisions"}],"predecessor-version":[{"id":7917,"href":"https:\/\/starstory.fr\/blog\/wp-json\/wp\/v2\/posts\/7815\/revisions\/7917"}],"wp:attachment":[{"href":"https:\/\/starstory.fr\/blog\/wp-json\/wp\/v2\/media?parent=7815"}],"wp:term":[{"taxonomy":"category","embeddable":true,"href":"https:\/\/starstory.fr\/blog\/wp-json\/wp\/v2\/categories?post=7815"},{"taxonomy":"post_tag","embeddable":true,"href":"https:\/\/starstory.fr\/blog\/wp-json\/wp\/v2\/tags?post=7815"}],"curies":[{"name":"wp","href":"https:\/\/api.w.org\/{rel}","templated":true}]}}