{"id":7814,"date":"2026-05-20T09:00:00","date_gmt":"2026-05-20T09:00:00","guid":{"rendered":"https:\/\/starstory.fr\/blog\/?p=7814"},"modified":"2026-05-20T09:00:00","modified_gmt":"2026-05-20T09:00:00","slug":"athenais-de-montespan","status":"publish","type":"post","link":"https:\/\/starstory.fr\/blog\/articles\/athenais-de-montespan\/","title":{"rendered":"Ath\u00e9na\u00efs de Montespan : Histoire Compl\u00e8te 2026"},"content":{"rendered":"<p>Ath\u00e9na\u00efs de Montespan, n\u00e9e Fran\u00e7oise-Ath\u00e9nai de Rochechouart, fut l\u2019une des ma\u00eetresses les plus c\u00e9l\u00e8bres du roi Louis XIV. Sa vie fascinante et tumultueuse au c\u0153ur de la cour de Versailles incarne les intrigues, les ambitions et le pouvoir des femmes au XVIIe si\u00e8cle. Cet article explore son parcours, ses relations avec le roi et son impact sur l\u2019histoire fran\u00e7aise, tout en comparant sa notori\u00e9t\u00e9 \u00e0 d\u2019autres figures f\u00e9minines de l\u2019\u00e9poque.<\/p>\n<h2>Biographie d\u2019Ath\u00e9na\u00efs de Montespan<\/h2>\n<h3>Origines et jeunesse<\/h3>\n<p>N\u00e9e en 1640 dans une famille noble, Ath\u00e9na\u00efs grandit dans un environnement privil\u00e9gi\u00e9. Elle est issue des Rochechouart, une famille ayant des liens avec la cour. Sa beaut\u00e9 et son intelligence lui permettent d\u2019attirer l\u2019attention d\u00e8s son jeune \u00e2ge.<\/p>\n<h3>Ascension \u00e0 la cour<\/h3>\n<p>Ath\u00e9na\u00efs entre \u00e0 la cour de Louis XIV dans les ann\u00e9es 1660. En 1667, elle devient la ma\u00eetresse officielle du roi, rempla\u00e7ant Louise de La Valli\u00e8re. Cette relation lui conf\u00e8re une influence consid\u00e9rable, lui permettant d\u2019exercer un pouvoir non n\u00e9gligeable sur les affaires royales.<\/p>\n<h2>Influence politique et sociale<\/h2>\n<h3>Le r\u00f4le d\u2019Ath\u00e9na\u00efs<\/h3>\n<p>Ath\u00e9na\u00efs ne se contente pas d\u2019\u00eatre une simple ma\u00eetresse. Elle participe activement aux intrigues politiques. Par exemple, elle soutient l\u2019\u00e9ducation des enfants ill\u00e9gitimes du roi, garantissant ainsi leur place \u00e0 la cour.<\/p>\n<h3>Comparaison avec Louise de La Valli\u00e8re<\/h3>\n<table class=\"kwdbank-table\">\n<thead>\n<tr>\n<th>Aspect<\/th>\n<th>Ath\u00e9na\u00efs de Montespan<\/th>\n<th>Louise de La Valli\u00e8re<\/th>\n<\/tr>\n<\/thead>\n<tbody>\n<tr>\n<td>Influence politique<\/td>\n<td>\u00c9lev\u00e9e<\/td>\n<td>Mod\u00e9r\u00e9e<\/td>\n<\/tr>\n<tr>\n<td>Nombre d\u2019enfants<\/td>\n<td>7 (dont certains reconnus)<\/td>\n<td>4<\/td>\n<\/tr>\n<tr>\n<td>Image publique<\/td>\n<td>Femme ambitieuse<\/td>\n<td>Femme pieuse<\/td>\n<\/tr>\n<\/tbody>\n<\/table>\n<p>Ath\u00e9na\u00efs se d\u00e9marque par son ambition et sa capacit\u00e9 \u00e0 manipuler les relations \u00e0 la cour pour servir ses int\u00e9r\u00eats.<\/p>\n<h2>Relations tumultueuses<\/h2>\n<h3>Avec Louis XIV<\/h3>\n<p>La relation entre Ath\u00e9na\u00efs et Louis XIV est marqu\u00e9e par des hauts et des bas. Bien qu\u2019elle ait \u00e9t\u00e9 profond\u00e9ment aim\u00e9e par le roi, leur union conna\u00eet des tensions, notamment avec l\u2019arriv\u00e9e d\u2019autres favorites comme Madame de Maintenon.<\/p>\n<h3>Un pi\u00e8ge \u00e0 \u00e9viter : jalousies et rivalit\u00e9s<\/h3>\n<p>L\u2019un des principaux pi\u00e8ges pour Ath\u00e9na\u00efs fut sa jalousie envers ses rivales. Cela a conduit \u00e0 des intrigues qui ont parfois affaibli sa position aupr\u00e8s du roi. Comprendre cet aspect est crucial pour analyser le pouvoir f\u00e9minin dans un monde domin\u00e9 par les hommes.<\/p>\n<h2>Vie apr\u00e8s Louis XIV<\/h2>\n<h3>Exil et d\u00e9clin<\/h3>\n<p>Apr\u00e8s avoir perdu l\u2019affection du roi au profit de Madame de Maintenon vers 1680, Ath\u00e9na\u00efs s\u2019exile dans son ch\u00e2teau \u00e0 Maintenon. Ce retrait marque le d\u00e9but d\u2019une p\u00e9riode difficile o\u00f9 elle perd son influence et sa richesse.<\/p>\n<h3>H\u00e9ritage culturel<\/h3>\n<p>Ath\u00e9na\u00efs demeure une figure embl\u00e9matique gr\u00e2ce aux \u0153uvres litt\u00e9raires et artistiques qui lui sont consacr\u00e9es. Son histoire inspire encore aujourd\u2019hui des romans, des films et m\u00eame des s\u00e9ries t\u00e9l\u00e9vis\u00e9es qui explorent la vie \u00e0 la cour.<\/p>\n<h2>Comparaison avec d\u2019autres figures historiques f\u00e9minines<\/h2>\n<ul>\n<li><strong>Madame de Pompadour<\/strong> : Connue pour son r\u00f4le pr\u00e9pond\u00e9rant dans les affaires culturelles sous Louis XV.<\/li>\n<li><strong>Catherine de M\u00e9dicis<\/strong> : Reconnue pour sa puissance politique pendant les guerres de religion en France.<\/li>\n<\/ul>\n<p>Ces femmes partagent certaines similitudes avec Ath\u00e9na\u00efs mais se distinguent par leurs contextes historiques et leurs modes d\u2019influence.<\/p>\n<h2>FAQ<\/h2>\n<h3>Qui \u00e9tait vraiment Ath\u00e9na\u00efs de Montespan ?<\/h3>\n<p>Ath\u00e9na\u00efs de Montespan \u00e9tait la ma\u00eetresse officielle du roi Louis XIV et a jou\u00e9 un r\u00f4le cl\u00e9 dans les affaires politiques de son temps.<\/p>\n<h3>Combien d\u2019enfants a-t-elle eu avec Louis XIV ?<\/h3>\n<p>Elle a eu sept enfants reconnus du roi, dont plusieurs ont occup\u00e9 une place importante \u00e0 la cour.<\/p>\n<h3>Pourquoi Ath\u00e9na\u00efs est-elle moins connue que Madame de Pompadour ?<\/h3>\n<p>Sa notori\u00e9t\u00e9 a diminu\u00e9 apr\u00e8s sa s\u00e9paration avec Louis XIV, tandis que Madame de Pompadour a maintenu une influence durant toute sa vie.<\/p>\n<h3>Quelle est l\u2019importance d\u2019Ath\u00e9na\u00efs dans l\u2019histoire fran\u00e7aise ?<\/h3>\n<p>Son parcours illustre les dynamiques de pouvoir f\u00e9minin au XVIIe si\u00e8cle et les intrigues politiques au sein de la cour royale.<\/p>\n<h3>Existe-t-il des \u0153uvres sur Ath\u00e9na\u00efs ?<\/h3>\n<p>Oui, plusieurs livres et adaptations cin\u00e9matographiques retracent sa vie fascinante.<\/p>\n<p>Pour approfondir votre connaissance sur cette figure embl\u00e9matique ou d\u00e9couvrir davantage sur le contexte historique du XVIIe si\u00e8cle fran\u00e7ais, consultez des biographies ou \u0153uvres litt\u00e9raires consacr\u00e9es \u00e0 cette \u00e9poque mouvement\u00e9e.<\/p>\n","protected":false},"excerpt":{"rendered":"","protected":false},"author":34,"featured_media":999999999,"comment_status":"open","ping_status":"open","sticky":false,"template":"","format":"standard","meta":{"_acf_changed":false,"manual_indexmenow":false,"indexmenow_id_project":0,"footnotes":""},"categories":[4835],"tags":[],"class_list":["post-7814","post","type-post","status-publish","format-standard","has-post-thumbnail","hentry","category-articles","generate-columns","tablet-grid-50","mobile-grid-100","grid-parent","grid-25"],"acf":[],"yoast_head":"<!-- This site is optimized with the Yoast SEO Premium plugin v21.3 (Yoast SEO v26.5) - https:\/\/yoast.com\/wordpress\/plugins\/seo\/ -->\n<title>Ath\u00e9na\u00efs de Montespan : Histoire Compl\u00e8te 2026<\/title>\n<meta name=\"description\" content=\"Ath\u00e9na\u00efs de Montespan, n\u00e9e Fran\u00e7oise-Ath\u00e9nai de Rochechouart, fut l\u2019une des ma\u00eetresses les plus c\u00e9l\u00e8bres du roi Louis XIV. Sa vie fascinante\" \/>\n<meta name=\"robots\" content=\"index, follow, max-snippet:-1, max-image-preview:large, max-video-preview:-1\" \/>\n<link rel=\"canonical\" href=\"https:\/\/starstory.fr\/blog\/articles\/athenais-de-montespan\/\" \/>\n<meta property=\"og:locale\" content=\"fr_FR\" \/>\n<meta property=\"og:type\" content=\"article\" \/>\n<meta property=\"og:title\" content=\"Ath\u00e9na\u00efs de Montespan : Histoire Compl\u00e8te 2026\" \/>\n<meta property=\"og:description\" content=\"Ath\u00e9na\u00efs de Montespan, n\u00e9e Fran\u00e7oise-Ath\u00e9nai de Rochechouart, fut l\u2019une des ma\u00eetresses les plus c\u00e9l\u00e8bres du roi Louis XIV. Sa vie fascinante\" \/>\n<meta property=\"og:url\" content=\"https:\/\/starstory.fr\/blog\/articles\/athenais-de-montespan\/\" \/>\n<meta property=\"og:site_name\" content=\"starstory\" \/>\n<meta name=\"author\" content=\"Rapha\u00ebl D.\" \/>\n<meta name=\"twitter:card\" content=\"summary_large_image\" \/>\n<script type=\"application\/ld+json\" class=\"yoast-schema-graph\">{\"@context\":\"https:\/\/schema.org\",\"@graph\":[{\"@type\":\"NewsArticle\",\"@id\":\"https:\/\/starstory.fr\/blog\/articles\/athenais-de-montespan\/#article\",\"isPartOf\":{\"@id\":\"https:\/\/starstory.fr\/blog\/articles\/athenais-de-montespan\/\"},\"author\":{\"name\":\"Rapha\u00ebl D.\",\"@id\":\"https:\/\/starstory.fr\/blog\/#\/schema\/person\/3c864cdc320801e3db34b663e7e3f816\"},\"headline\":\"Ath\u00e9na\u00efs de Montespan : Histoire Compl\u00e8te 2026\",\"datePublished\":\"2026-05-20T09:00:00+00:00\",\"mainEntityOfPage\":{\"@id\":\"https:\/\/starstory.fr\/blog\/articles\/athenais-de-montespan\/\"},\"wordCount\":776,\"commentCount\":0,\"publisher\":{\"@id\":\"https:\/\/starstory.fr\/blog\/#organization\"},\"image\":{\"@id\":\"https:\/\/starstory.fr\/blog\/articles\/athenais-de-montespan\/#primaryimage\"},\"thumbnailUrl\":\"https:\/\/images.pexels.com\/photos\/36623847\/pexels-photo-36623847.jpeg?auto=compress&cs=tinysrgb&fit=crop&h=627&w=1200\",\"articleSection\":[\"Articles\"],\"inLanguage\":\"fr-FR\",\"potentialAction\":[{\"@type\":\"CommentAction\",\"name\":\"Comment\",\"target\":[\"https:\/\/starstory.fr\/blog\/articles\/athenais-de-montespan\/#respond\"]}]},{\"@type\":\"WebPage\",\"@id\":\"https:\/\/starstory.fr\/blog\/articles\/athenais-de-montespan\/\",\"url\":\"https:\/\/starstory.fr\/blog\/articles\/athenais-de-montespan\/\",\"name\":\"Ath\u00e9na\u00efs de Montespan : Histoire Compl\u00e8te 2026\",\"isPartOf\":{\"@id\":\"https:\/\/starstory.fr\/blog\/#website\"},\"primaryImageOfPage\":{\"@id\":\"https:\/\/starstory.fr\/blog\/articles\/athenais-de-montespan\/#primaryimage\"},\"image\":{\"@id\":\"https:\/\/starstory.fr\/blog\/articles\/athenais-de-montespan\/#primaryimage\"},\"thumbnailUrl\":\"https:\/\/images.pexels.com\/photos\/36623847\/pexels-photo-36623847.jpeg?auto=compress&cs=tinysrgb&fit=crop&h=627&w=1200\",\"datePublished\":\"2026-05-20T09:00:00+00:00\",\"description\":\"Ath\u00e9na\u00efs de Montespan, n\u00e9e Fran\u00e7oise-Ath\u00e9nai de Rochechouart, fut l\u2019une des ma\u00eetresses les plus c\u00e9l\u00e8bres du roi Louis XIV. Sa vie fascinante\",\"inLanguage\":\"fr-FR\",\"potentialAction\":[{\"@type\":\"ReadAction\",\"target\":[\"https:\/\/starstory.fr\/blog\/articles\/athenais-de-montespan\/\"]}]},{\"@type\":\"ImageObject\",\"inLanguage\":\"fr-FR\",\"@id\":\"https:\/\/starstory.fr\/blog\/articles\/athenais-de-montespan\/#primaryimage\",\"url\":\"https:\/\/images.pexels.com\/photos\/36623847\/pexels-photo-36623847.jpeg?auto=compress&cs=tinysrgb&fit=crop&h=627&w=1200\",\"contentUrl\":\"https:\/\/images.pexels.com\/photos\/36623847\/pexels-photo-36623847.jpeg?auto=compress&cs=tinysrgb&fit=crop&h=627&w=1200\"},{\"@type\":\"WebSite\",\"@id\":\"https:\/\/starstory.fr\/blog\/#website\",\"url\":\"https:\/\/starstory.fr\/blog\/\",\"name\":\"StarStory\",\"description\":\"StarStory, les \u00e9toiles racontent leur histoire\",\"publisher\":{\"@id\":\"https:\/\/starstory.fr\/blog\/#organization\"},\"alternateName\":\"StarStory, les \u00e9toiles racontent leur histoire\",\"potentialAction\":[{\"@type\":\"SearchAction\",\"target\":{\"@type\":\"EntryPoint\",\"urlTemplate\":\"https:\/\/starstory.fr\/blog\/?s={search_term_string}\"},\"query-input\":{\"@type\":\"PropertyValueSpecification\",\"valueRequired\":true,\"valueName\":\"search_term_string\"}}],\"inLanguage\":\"fr-FR\"},{\"@type\":\"Organization\",\"@id\":\"https:\/\/starstory.fr\/blog\/#organization\",\"name\":\"StarStory\",\"alternateName\":\"StarStory.fr\",\"url\":\"https:\/\/starstory.fr\/blog\/\",\"logo\":{\"@type\":\"ImageObject\",\"inLanguage\":\"fr-FR\",\"@id\":\"https:\/\/starstory.fr\/blog\/#\/schema\/logo\/image\/\",\"url\":\"https:\/\/starstory.fr\/blog\/wp-content\/uploads\/2024\/12\/38.png\",\"contentUrl\":\"https:\/\/starstory.fr\/blog\/wp-content\/uploads\/2024\/12\/38.png\",\"width\":500,\"height\":500,\"caption\":\"StarStory\"},\"image\":{\"@id\":\"https:\/\/starstory.fr\/blog\/#\/schema\/logo\/image\/\"}},{\"@type\":\"Person\",\"@id\":\"https:\/\/starstory.fr\/blog\/#\/schema\/person\/3c864cdc320801e3db34b663e7e3f816\",\"name\":\"Rapha\u00ebl D.\",\"image\":{\"@type\":\"ImageObject\",\"inLanguage\":\"fr-FR\",\"@id\":\"https:\/\/starstory.fr\/blog\/#\/schema\/person\/image\/\",\"url\":\"https:\/\/starstory.fr\/blog\/wp-content\/uploads\/2026\/06\/persona_raphael-d-96x96.jpg\",\"contentUrl\":\"https:\/\/starstory.fr\/blog\/wp-content\/uploads\/2026\/06\/persona_raphael-d-96x96.jpg\",\"caption\":\"Rapha\u00ebl D.\"},\"description\":\"La culture est mon terrain de jeu depuis une dizaine d'ann\u00e9es : arts visuels, s\u00e9ries, cr\u00e9ation et tout ce qui nourrit l'imaginaire. J'\u00e9cris aussi bien sur l'actualit\u00e9 des \u0153uvres que sur les coulisses de la cr\u00e9ation, avec l'envie de relier l'amateur curieux \u00e0 des univers parfois jug\u00e9s intimidants. J'aime analyser une s\u00e9rie ou une d\u00e9marche artistique sans p\u00e9dantisme, replacer une \u0153uvre dans son contexte et donner des cl\u00e9s de lecture accessibles. Avant de publier, je v\u00e9rifie mes r\u00e9f\u00e9rences, je recoupe les sources et je distingue clairement le fait de mon interpr\u00e9tation subjective. Je crois qu'une critique vaut surtout par les arguments qu'elle expose, pas par la sentence qu'elle rend. Mon angle : transmettre l'envie de d\u00e9couvrir, de regarder autrement et de se forger son propre go\u00fbt. La culture n'appartient pas qu'aux initi\u00e9s, et c'est tout l'enjeu de mon \u00e9criture.\",\"url\":\"https:\/\/starstory.fr\/blog\/auteur\/noname\/\",\"jobTitle\":\"R\u00e9dacteur en chef \u00b7 Culture & Cr\u00e9ation\",\"knowsAbout\":[\"Culture\",\"Cr\u00e9ation\"],\"email\":\"raphael.d@a-l-asso-de-l-art.fr\"}]}<\/script>\n<!-- \/ Yoast SEO Premium plugin. -->","yoast_head_json":{"title":"Ath\u00e9na\u00efs de Montespan : Histoire Compl\u00e8te 2026","description":"Ath\u00e9na\u00efs de Montespan, n\u00e9e Fran\u00e7oise-Ath\u00e9nai de Rochechouart, fut l\u2019une des ma\u00eetresses les plus c\u00e9l\u00e8bres du roi Louis XIV. Sa vie fascinante","robots":{"index":"index","follow":"follow","max-snippet":"max-snippet:-1","max-image-preview":"max-image-preview:large","max-video-preview":"max-video-preview:-1"},"canonical":"https:\/\/starstory.fr\/blog\/articles\/athenais-de-montespan\/","og_locale":"fr_FR","og_type":"article","og_title":"Ath\u00e9na\u00efs de Montespan : Histoire Compl\u00e8te 2026","og_description":"Ath\u00e9na\u00efs de Montespan, n\u00e9e Fran\u00e7oise-Ath\u00e9nai de Rochechouart, fut l\u2019une des ma\u00eetresses les plus c\u00e9l\u00e8bres du roi Louis XIV. Sa vie fascinante","og_url":"https:\/\/starstory.fr\/blog\/articles\/athenais-de-montespan\/","og_site_name":"starstory","author":"Rapha\u00ebl D.","twitter_card":"summary_large_image","schema":{"@context":"https:\/\/schema.org","@graph":[{"@type":"NewsArticle","@id":"https:\/\/starstory.fr\/blog\/articles\/athenais-de-montespan\/#article","isPartOf":{"@id":"https:\/\/starstory.fr\/blog\/articles\/athenais-de-montespan\/"},"author":{"name":"Rapha\u00ebl D.","@id":"https:\/\/starstory.fr\/blog\/#\/schema\/person\/3c864cdc320801e3db34b663e7e3f816"},"headline":"Ath\u00e9na\u00efs de Montespan : Histoire Compl\u00e8te 2026","datePublished":"2026-05-20T09:00:00+00:00","mainEntityOfPage":{"@id":"https:\/\/starstory.fr\/blog\/articles\/athenais-de-montespan\/"},"wordCount":776,"commentCount":0,"publisher":{"@id":"https:\/\/starstory.fr\/blog\/#organization"},"image":{"@id":"https:\/\/starstory.fr\/blog\/articles\/athenais-de-montespan\/#primaryimage"},"thumbnailUrl":"https:\/\/images.pexels.com\/photos\/36623847\/pexels-photo-36623847.jpeg?auto=compress&cs=tinysrgb&fit=crop&h=627&w=1200","articleSection":["Articles"],"inLanguage":"fr-FR","potentialAction":[{"@type":"CommentAction","name":"Comment","target":["https:\/\/starstory.fr\/blog\/articles\/athenais-de-montespan\/#respond"]}]},{"@type":"WebPage","@id":"https:\/\/starstory.fr\/blog\/articles\/athenais-de-montespan\/","url":"https:\/\/starstory.fr\/blog\/articles\/athenais-de-montespan\/","name":"Ath\u00e9na\u00efs de Montespan : Histoire Compl\u00e8te 2026","isPartOf":{"@id":"https:\/\/starstory.fr\/blog\/#website"},"primaryImageOfPage":{"@id":"https:\/\/starstory.fr\/blog\/articles\/athenais-de-montespan\/#primaryimage"},"image":{"@id":"https:\/\/starstory.fr\/blog\/articles\/athenais-de-montespan\/#primaryimage"},"thumbnailUrl":"https:\/\/images.pexels.com\/photos\/36623847\/pexels-photo-36623847.jpeg?auto=compress&cs=tinysrgb&fit=crop&h=627&w=1200","datePublished":"2026-05-20T09:00:00+00:00","description":"Ath\u00e9na\u00efs de Montespan, n\u00e9e Fran\u00e7oise-Ath\u00e9nai de Rochechouart, fut l\u2019une des ma\u00eetresses les plus c\u00e9l\u00e8bres du roi Louis XIV. Sa vie fascinante","inLanguage":"fr-FR","potentialAction":[{"@type":"ReadAction","target":["https:\/\/starstory.fr\/blog\/articles\/athenais-de-montespan\/"]}]},{"@type":"ImageObject","inLanguage":"fr-FR","@id":"https:\/\/starstory.fr\/blog\/articles\/athenais-de-montespan\/#primaryimage","url":"https:\/\/images.pexels.com\/photos\/36623847\/pexels-photo-36623847.jpeg?auto=compress&cs=tinysrgb&fit=crop&h=627&w=1200","contentUrl":"https:\/\/images.pexels.com\/photos\/36623847\/pexels-photo-36623847.jpeg?auto=compress&cs=tinysrgb&fit=crop&h=627&w=1200"},{"@type":"WebSite","@id":"https:\/\/starstory.fr\/blog\/#website","url":"https:\/\/starstory.fr\/blog\/","name":"StarStory","description":"StarStory, les \u00e9toiles racontent leur histoire","publisher":{"@id":"https:\/\/starstory.fr\/blog\/#organization"},"alternateName":"StarStory, les \u00e9toiles racontent leur histoire","potentialAction":[{"@type":"SearchAction","target":{"@type":"EntryPoint","urlTemplate":"https:\/\/starstory.fr\/blog\/?s={search_term_string}"},"query-input":{"@type":"PropertyValueSpecification","valueRequired":true,"valueName":"search_term_string"}}],"inLanguage":"fr-FR"},{"@type":"Organization","@id":"https:\/\/starstory.fr\/blog\/#organization","name":"StarStory","alternateName":"StarStory.fr","url":"https:\/\/starstory.fr\/blog\/","logo":{"@type":"ImageObject","inLanguage":"fr-FR","@id":"https:\/\/starstory.fr\/blog\/#\/schema\/logo\/image\/","url":"https:\/\/starstory.fr\/blog\/wp-content\/uploads\/2024\/12\/38.png","contentUrl":"https:\/\/starstory.fr\/blog\/wp-content\/uploads\/2024\/12\/38.png","width":500,"height":500,"caption":"StarStory"},"image":{"@id":"https:\/\/starstory.fr\/blog\/#\/schema\/logo\/image\/"}},{"@type":"Person","@id":"https:\/\/starstory.fr\/blog\/#\/schema\/person\/3c864cdc320801e3db34b663e7e3f816","name":"Rapha\u00ebl D.","image":{"@type":"ImageObject","inLanguage":"fr-FR","@id":"https:\/\/starstory.fr\/blog\/#\/schema\/person\/image\/","url":"https:\/\/starstory.fr\/blog\/wp-content\/uploads\/2026\/06\/persona_raphael-d-96x96.jpg","contentUrl":"https:\/\/starstory.fr\/blog\/wp-content\/uploads\/2026\/06\/persona_raphael-d-96x96.jpg","caption":"Rapha\u00ebl D."},"description":"La culture est mon terrain de jeu depuis une dizaine d'ann\u00e9es : arts visuels, s\u00e9ries, cr\u00e9ation et tout ce qui nourrit l'imaginaire. J'\u00e9cris aussi bien sur l'actualit\u00e9 des \u0153uvres que sur les coulisses de la cr\u00e9ation, avec l'envie de relier l'amateur curieux \u00e0 des univers parfois jug\u00e9s intimidants. J'aime analyser une s\u00e9rie ou une d\u00e9marche artistique sans p\u00e9dantisme, replacer une \u0153uvre dans son contexte et donner des cl\u00e9s de lecture accessibles. Avant de publier, je v\u00e9rifie mes r\u00e9f\u00e9rences, je recoupe les sources et je distingue clairement le fait de mon interpr\u00e9tation subjective. Je crois qu'une critique vaut surtout par les arguments qu'elle expose, pas par la sentence qu'elle rend. Mon angle : transmettre l'envie de d\u00e9couvrir, de regarder autrement et de se forger son propre go\u00fbt. La culture n'appartient pas qu'aux initi\u00e9s, et c'est tout l'enjeu de mon \u00e9criture.","url":"https:\/\/starstory.fr\/blog\/auteur\/noname\/","jobTitle":"R\u00e9dacteur en chef \u00b7 Culture & Cr\u00e9ation","knowsAbout":["Culture","Cr\u00e9ation"],"email":"raphael.d@a-l-asso-de-l-art.fr"}]}},"_links":{"self":[{"href":"https:\/\/starstory.fr\/blog\/wp-json\/wp\/v2\/posts\/7814","targetHints":{"allow":["GET"]}}],"collection":[{"href":"https:\/\/starstory.fr\/blog\/wp-json\/wp\/v2\/posts"}],"about":[{"href":"https:\/\/starstory.fr\/blog\/wp-json\/wp\/v2\/types\/post"}],"author":[{"embeddable":true,"href":"https:\/\/starstory.fr\/blog\/wp-json\/wp\/v2\/users\/34"}],"replies":[{"embeddable":true,"href":"https:\/\/starstory.fr\/blog\/wp-json\/wp\/v2\/comments?post=7814"}],"version-history":[{"count":1,"href":"https:\/\/starstory.fr\/blog\/wp-json\/wp\/v2\/posts\/7814\/revisions"}],"predecessor-version":[{"id":7916,"href":"https:\/\/starstory.fr\/blog\/wp-json\/wp\/v2\/posts\/7814\/revisions\/7916"}],"wp:attachment":[{"href":"https:\/\/starstory.fr\/blog\/wp-json\/wp\/v2\/media?parent=7814"}],"wp:term":[{"taxonomy":"category","embeddable":true,"href":"https:\/\/starstory.fr\/blog\/wp-json\/wp\/v2\/categories?post=7814"},{"taxonomy":"post_tag","embeddable":true,"href":"https:\/\/starstory.fr\/blog\/wp-json\/wp\/v2\/tags?post=7814"}],"curies":[{"name":"wp","href":"https:\/\/api.w.org\/{rel}","templated":true}]}}