{"id":7810,"date":"2026-05-16T09:00:00","date_gmt":"2026-05-16T09:00:00","guid":{"rendered":"https:\/\/starstory.fr\/blog\/?p=7810"},"modified":"2026-05-16T09:00:00","modified_gmt":"2026-05-16T09:00:00","slug":"fleur-de-lys-france-louis-14-sceau","status":"publish","type":"post","link":"https:\/\/starstory.fr\/blog\/articles\/fleur-de-lys-france-louis-14-sceau\/","title":{"rendered":"Fleur de Lys Louis XIV : Histoire et Symboles"},"content":{"rendered":"<p>La <strong>fleur de lys<\/strong>, embl\u00e8me embl\u00e9matique de la monarchie fran\u00e7aise, a \u00e9t\u00e9 particuli\u00e8rement associ\u00e9e \u00e0 Louis XIV, le Roi Soleil. Elle symbolise le pouvoir royal et est souvent utilis\u00e9e dans les sceaux et les armoiries. Cet article explore les origines historiques de la fleur de lys, son utilisation sous le r\u00e8gne de Louis XIV, ainsi que son statut r\u00e9glementaire actuel en France.<\/p>\n<h2>Origines et Signification de la Fleur de Lys<\/h2>\n<h3>Histoire ancienne<\/h3>\n<p>La fleur de lys trouve ses racines dans l\u2019histoire pr\u00e9-chr\u00e9tienne. Elle est souvent associ\u00e9e \u00e0 la puret\u00e9 et \u00e0 la lumi\u00e8re, ce qui explique son adoption par les rois fran\u00e7ais comme symbole royal. La premi\u00e8re mention document\u00e9e remonte au XIe si\u00e8cle, o\u00f9 elle appara\u00eet dans les armoiries des rois cap\u00e9tiens.<\/p>\n<h3>Adoption par Louis XIV<\/h3>\n<p>Louis XIV a utilis\u00e9 la fleur de lys comme symbole central de son r\u00e8gne. En 1643, il a fait du motif une pi\u00e8ce ma\u00eetresse des armoiries royales. Cette adoption visait \u00e0 affirmer son autorit\u00e9 divine sur le royaume et \u00e0 \u00e9tablir une continuit\u00e9 avec ses pr\u00e9d\u00e9cesseurs. La fleur de lys est alors devenue un symbole du pouvoir absolu du roi.<\/p>\n<h2>Fleur de Lys dans les Sceaux Royaux<\/h2>\n<h3>Les Sceaux sous Louis XIV<\/h3>\n<p>Les sceaux \u00e9taient des instruments essentiels pour valider les documents officiels. Sous Louis XIV, la fleur de lys ornait non seulement les sceaux, mais aussi l\u2019architecture des b\u00e2timents royaux. Par exemple :<\/p>\n<ul>\n<li><strong>Le sceau royal<\/strong> : arborait trois fleurs de lys en or sur un fond bleu.<\/li>\n<li><strong>L\u2019Ordre du Saint-Esprit<\/strong> : cr\u00e9\u00e9 en 1578, il utilisait \u00e9galement la fleur comme symbole central.<\/li>\n<\/ul>\n<h3>Impact Visuel et Politique<\/h3>\n<p>L\u2019utilisation r\u00e9p\u00e9t\u00e9e de ce symbole dans les documents officiels renfor\u00e7ait l\u2019image d\u2019unit\u00e9 du royaume. Les sceaux \u00e9taient souvent utilis\u00e9s pour promulguer des lois ou des d\u00e9crets importants, soulignant ainsi le lien entre le roi et le divin.<\/p>\n<h2>Normes R\u00e9glementaires Actuelles (2026)<\/h2>\n<h3>Cadre L\u00e9gal<\/h3>\n<p>En 2026, l\u2019utilisation du symbole fleur de lys est r\u00e9gie par plusieurs normes r\u00e9glementaires en France. Son utilisation est strictement encadr\u00e9e pour \u00e9viter toute appropriation abusive. Voici quelques points cl\u00e9s :<\/p>\n<ol>\n<li><strong>Utilisation Officielle<\/strong> : R\u00e9serv\u00e9e aux institutions publiques.<\/li>\n<li><strong>Propri\u00e9t\u00e9s Culturelles<\/strong> : Prot\u00e9g\u00e9e par le Code du Patrimoine.<\/li>\n<li><strong>Restrictions commerciales<\/strong> : Interdite sans autorisation pr\u00e9alable.<\/li>\n<\/ol>\n<h3>Exemples d\u2019Utilisation Conforme<\/h3>\n<table class=\"kwdbank-table\">\n<thead>\n<tr>\n<th>Type d\u2019Utilisation<\/th>\n<th>Conditions Sp\u00e9cifiques<\/th>\n<th>Exemple Concret<\/th>\n<\/tr>\n<\/thead>\n<tbody>\n<tr>\n<td>Institutions publiques<\/td>\n<td>Utilisation sur documents officiels<\/td>\n<td>Sceau des actes notari\u00e9s<\/td>\n<\/tr>\n<tr>\n<td>\u00c9v\u00e9nements culturels<\/td>\n<td>Pr\u00e9sentations publiques<\/td>\n<td>Expositions sur l\u2019histoire royale<\/td>\n<\/tr>\n<tr>\n<td>Produits d\u00e9riv\u00e9s<\/td>\n<td>N\u00e9cessitent un agr\u00e9ment<\/td>\n<td>Souvenirs touristiques<\/td>\n<\/tr>\n<\/tbody>\n<\/table>\n<h2>Pi\u00e8ges \u00e0 \u00c9viter lors de l\u2019Utilisation<\/h2>\n<p>L\u2019un des principaux pi\u00e8ges \u00e0 \u00e9viter est l\u2019utilisation non autoris\u00e9e de la fleur de lys dans un contexte commercial ou publicitaire sans obtenir les autorisations n\u00e9cessaires. Cela peut entra\u00eener des sanctions l\u00e9gales, y compris des amendes importantes pouvant atteindre plusieurs milliers d\u2019euros selon la gravit\u00e9 de l\u2019infraction.<\/p>\n<h2>Actions Imm\u00e9diates pour Approfondir vos Connaissances<\/h2>\n<p>Pour ceux qui souhaitent approfondir leur compr\u00e9hension de cet embl\u00e8me historique :<\/p>\n<ol>\n<li><strong>Visitez des mus\u00e9es<\/strong> tels que le Ch\u00e2teau de Versailles o\u00f9 la fleur de lys est omnipr\u00e9sente.<\/li>\n<li><strong>Consultez des ouvrages d\u2019historiens sp\u00e9cialis\u00e9s<\/strong> sur Louis XIV et la symbolique royale fran\u00e7aise.<\/li>\n<li><strong>Participez \u00e0 des conf\u00e9rences ou s\u00e9minaires<\/strong> sur l\u2019h\u00e9ritage culturel fran\u00e7ais.<\/li>\n<\/ol>\n<h2>FAQ<\/h2>\n<h3>Quelle est l\u2019origine exacte de la fleur de lys ?<\/h3>\n<p>La fleur de lys remonte au XIe si\u00e8cle et symbolise principalement la puret\u00e9 et la lumi\u00e8re.<\/p>\n<h3>Comment Louis XIV a-t-il utilis\u00e9 la fleur de lys ?<\/h3>\n<p>Il a int\u00e9gr\u00e9 ce symbole dans ses armoiries et ses sceaux pour affirmer son autorit\u00e9 divine.<\/p>\n<h3>Quelles sont les normes actuelles concernant l\u2019utilisation de la fleur de lys ?<\/h3>\n<p>L\u2019utilisation est r\u00e9glement\u00e9e en France ; elle est r\u00e9serv\u00e9e aux institutions publiques et n\u00e9cessite des autorisations pour tout usage commercial.<\/p>\n<h3>Quels types d\u2019\u00e9v\u00e9nements utilisent encore ce symbole aujourd\u2019hui ?<\/h3>\n<p>Des \u00e9v\u00e9nements culturels, historiques ou c\u00e9l\u00e9brant le patrimoine fran\u00e7ais peuvent utiliser ce symbole avec un cadre l\u00e9gal sp\u00e9cifique.<\/p>\n<h3>Quelles sont les cons\u00e9quences d\u2019une utilisation non autoris\u00e9e ?<\/h3>\n<p>L\u2019utilisation non conforme peut entra\u00eener des sanctions l\u00e9gales allant jusqu\u2019\u00e0 plusieurs milliers d\u2019euros d\u2019amende.<\/p>\n<p>En explorant ces dimensions historiques et r\u00e9glementaires, vous pourrez mieux comprendre l\u2019importance durable du symbole que repr\u00e9sente la fleur de lys en France aujourd\u2019hui.<\/p>\n","protected":false},"excerpt":{"rendered":"","protected":false},"author":34,"featured_media":999999999,"comment_status":"open","ping_status":"open","sticky":false,"template":"","format":"standard","meta":{"_acf_changed":false,"manual_indexmenow":false,"indexmenow_id_project":0,"footnotes":""},"categories":[4835],"tags":[],"class_list":["post-7810","post","type-post","status-publish","format-standard","has-post-thumbnail","hentry","category-articles","generate-columns","tablet-grid-50","mobile-grid-100","grid-parent","grid-25"],"acf":[],"yoast_head":"<!-- This site is optimized with the Yoast SEO Premium plugin v21.3 (Yoast SEO v26.5) - https:\/\/yoast.com\/wordpress\/plugins\/seo\/ -->\n<title>Fleur de Lys Louis XIV : Histoire et Symboles<\/title>\n<meta name=\"description\" content=\"La fleur de lys, embl\u00e8me embl\u00e9matique de la monarchie fran\u00e7aise, a \u00e9t\u00e9 particuli\u00e8rement associ\u00e9e \u00e0 Louis XIV, le Roi Soleil\" \/>\n<meta name=\"robots\" content=\"index, follow, max-snippet:-1, max-image-preview:large, max-video-preview:-1\" \/>\n<link rel=\"canonical\" href=\"https:\/\/starstory.fr\/blog\/articles\/fleur-de-lys-france-louis-14-sceau\/\" \/>\n<meta property=\"og:locale\" content=\"fr_FR\" \/>\n<meta property=\"og:type\" content=\"article\" \/>\n<meta property=\"og:title\" content=\"Fleur de Lys Louis XIV : Histoire et Symboles\" \/>\n<meta property=\"og:description\" content=\"La fleur de lys, embl\u00e8me embl\u00e9matique de la monarchie fran\u00e7aise, a \u00e9t\u00e9 particuli\u00e8rement associ\u00e9e \u00e0 Louis XIV, le Roi Soleil\" \/>\n<meta property=\"og:url\" content=\"https:\/\/starstory.fr\/blog\/articles\/fleur-de-lys-france-louis-14-sceau\/\" \/>\n<meta property=\"og:site_name\" content=\"starstory\" \/>\n<meta name=\"author\" content=\"Rapha\u00ebl D.\" \/>\n<meta name=\"twitter:card\" content=\"summary_large_image\" \/>\n<script type=\"application\/ld+json\" class=\"yoast-schema-graph\">{\"@context\":\"https:\/\/schema.org\",\"@graph\":[{\"@type\":\"NewsArticle\",\"@id\":\"https:\/\/starstory.fr\/blog\/articles\/fleur-de-lys-france-louis-14-sceau\/#article\",\"isPartOf\":{\"@id\":\"https:\/\/starstory.fr\/blog\/articles\/fleur-de-lys-france-louis-14-sceau\/\"},\"author\":{\"name\":\"Rapha\u00ebl D.\",\"@id\":\"https:\/\/starstory.fr\/blog\/#\/schema\/person\/3c864cdc320801e3db34b663e7e3f816\"},\"headline\":\"Fleur de Lys Louis XIV : Histoire et Symboles\",\"datePublished\":\"2026-05-16T09:00:00+00:00\",\"mainEntityOfPage\":{\"@id\":\"https:\/\/starstory.fr\/blog\/articles\/fleur-de-lys-france-louis-14-sceau\/\"},\"wordCount\":766,\"commentCount\":0,\"publisher\":{\"@id\":\"https:\/\/starstory.fr\/blog\/#organization\"},\"image\":{\"@id\":\"https:\/\/starstory.fr\/blog\/articles\/fleur-de-lys-france-louis-14-sceau\/#primaryimage\"},\"thumbnailUrl\":\"https:\/\/images.pexels.com\/photos\/36742284\/pexels-photo-36742284.jpeg?auto=compress&cs=tinysrgb&fit=crop&h=627&w=1200\",\"articleSection\":[\"Articles\"],\"inLanguage\":\"fr-FR\",\"potentialAction\":[{\"@type\":\"CommentAction\",\"name\":\"Comment\",\"target\":[\"https:\/\/starstory.fr\/blog\/articles\/fleur-de-lys-france-louis-14-sceau\/#respond\"]}]},{\"@type\":\"WebPage\",\"@id\":\"https:\/\/starstory.fr\/blog\/articles\/fleur-de-lys-france-louis-14-sceau\/\",\"url\":\"https:\/\/starstory.fr\/blog\/articles\/fleur-de-lys-france-louis-14-sceau\/\",\"name\":\"Fleur de Lys Louis XIV : Histoire et Symboles\",\"isPartOf\":{\"@id\":\"https:\/\/starstory.fr\/blog\/#website\"},\"primaryImageOfPage\":{\"@id\":\"https:\/\/starstory.fr\/blog\/articles\/fleur-de-lys-france-louis-14-sceau\/#primaryimage\"},\"image\":{\"@id\":\"https:\/\/starstory.fr\/blog\/articles\/fleur-de-lys-france-louis-14-sceau\/#primaryimage\"},\"thumbnailUrl\":\"https:\/\/images.pexels.com\/photos\/36742284\/pexels-photo-36742284.jpeg?auto=compress&cs=tinysrgb&fit=crop&h=627&w=1200\",\"datePublished\":\"2026-05-16T09:00:00+00:00\",\"description\":\"La fleur de lys, embl\u00e8me embl\u00e9matique de la monarchie fran\u00e7aise, a \u00e9t\u00e9 particuli\u00e8rement associ\u00e9e \u00e0 Louis XIV, le Roi Soleil\",\"inLanguage\":\"fr-FR\",\"potentialAction\":[{\"@type\":\"ReadAction\",\"target\":[\"https:\/\/starstory.fr\/blog\/articles\/fleur-de-lys-france-louis-14-sceau\/\"]}]},{\"@type\":\"ImageObject\",\"inLanguage\":\"fr-FR\",\"@id\":\"https:\/\/starstory.fr\/blog\/articles\/fleur-de-lys-france-louis-14-sceau\/#primaryimage\",\"url\":\"https:\/\/images.pexels.com\/photos\/36742284\/pexels-photo-36742284.jpeg?auto=compress&cs=tinysrgb&fit=crop&h=627&w=1200\",\"contentUrl\":\"https:\/\/images.pexels.com\/photos\/36742284\/pexels-photo-36742284.jpeg?auto=compress&cs=tinysrgb&fit=crop&h=627&w=1200\"},{\"@type\":\"WebSite\",\"@id\":\"https:\/\/starstory.fr\/blog\/#website\",\"url\":\"https:\/\/starstory.fr\/blog\/\",\"name\":\"StarStory\",\"description\":\"StarStory, les \u00e9toiles racontent leur histoire\",\"publisher\":{\"@id\":\"https:\/\/starstory.fr\/blog\/#organization\"},\"alternateName\":\"StarStory, les \u00e9toiles racontent leur histoire\",\"potentialAction\":[{\"@type\":\"SearchAction\",\"target\":{\"@type\":\"EntryPoint\",\"urlTemplate\":\"https:\/\/starstory.fr\/blog\/?s={search_term_string}\"},\"query-input\":{\"@type\":\"PropertyValueSpecification\",\"valueRequired\":true,\"valueName\":\"search_term_string\"}}],\"inLanguage\":\"fr-FR\"},{\"@type\":\"Organization\",\"@id\":\"https:\/\/starstory.fr\/blog\/#organization\",\"name\":\"StarStory\",\"alternateName\":\"StarStory.fr\",\"url\":\"https:\/\/starstory.fr\/blog\/\",\"logo\":{\"@type\":\"ImageObject\",\"inLanguage\":\"fr-FR\",\"@id\":\"https:\/\/starstory.fr\/blog\/#\/schema\/logo\/image\/\",\"url\":\"https:\/\/starstory.fr\/blog\/wp-content\/uploads\/2024\/12\/38.png\",\"contentUrl\":\"https:\/\/starstory.fr\/blog\/wp-content\/uploads\/2024\/12\/38.png\",\"width\":500,\"height\":500,\"caption\":\"StarStory\"},\"image\":{\"@id\":\"https:\/\/starstory.fr\/blog\/#\/schema\/logo\/image\/\"}},{\"@type\":\"Person\",\"@id\":\"https:\/\/starstory.fr\/blog\/#\/schema\/person\/3c864cdc320801e3db34b663e7e3f816\",\"name\":\"Rapha\u00ebl D.\",\"image\":{\"@type\":\"ImageObject\",\"inLanguage\":\"fr-FR\",\"@id\":\"https:\/\/starstory.fr\/blog\/#\/schema\/person\/image\/\",\"url\":\"https:\/\/starstory.fr\/blog\/wp-content\/uploads\/2026\/06\/persona_raphael-d-96x96.jpg\",\"contentUrl\":\"https:\/\/starstory.fr\/blog\/wp-content\/uploads\/2026\/06\/persona_raphael-d-96x96.jpg\",\"caption\":\"Rapha\u00ebl D.\"},\"description\":\"La culture est mon terrain de jeu depuis une dizaine d'ann\u00e9es : arts visuels, s\u00e9ries, cr\u00e9ation et tout ce qui nourrit l'imaginaire. J'\u00e9cris aussi bien sur l'actualit\u00e9 des \u0153uvres que sur les coulisses de la cr\u00e9ation, avec l'envie de relier l'amateur curieux \u00e0 des univers parfois jug\u00e9s intimidants. J'aime analyser une s\u00e9rie ou une d\u00e9marche artistique sans p\u00e9dantisme, replacer une \u0153uvre dans son contexte et donner des cl\u00e9s de lecture accessibles. Avant de publier, je v\u00e9rifie mes r\u00e9f\u00e9rences, je recoupe les sources et je distingue clairement le fait de mon interpr\u00e9tation subjective. Je crois qu'une critique vaut surtout par les arguments qu'elle expose, pas par la sentence qu'elle rend. Mon angle : transmettre l'envie de d\u00e9couvrir, de regarder autrement et de se forger son propre go\u00fbt. La culture n'appartient pas qu'aux initi\u00e9s, et c'est tout l'enjeu de mon \u00e9criture.\",\"url\":\"https:\/\/starstory.fr\/blog\/auteur\/noname\/\",\"jobTitle\":\"R\u00e9dacteur en chef \u00b7 Culture & Cr\u00e9ation\",\"knowsAbout\":[\"Culture\",\"Cr\u00e9ation\"],\"email\":\"raphael.d@a-l-asso-de-l-art.fr\"}]}<\/script>\n<!-- \/ Yoast SEO Premium plugin. -->","yoast_head_json":{"title":"Fleur de Lys Louis XIV : Histoire et Symboles","description":"La fleur de lys, embl\u00e8me embl\u00e9matique de la monarchie fran\u00e7aise, a \u00e9t\u00e9 particuli\u00e8rement associ\u00e9e \u00e0 Louis XIV, le Roi Soleil","robots":{"index":"index","follow":"follow","max-snippet":"max-snippet:-1","max-image-preview":"max-image-preview:large","max-video-preview":"max-video-preview:-1"},"canonical":"https:\/\/starstory.fr\/blog\/articles\/fleur-de-lys-france-louis-14-sceau\/","og_locale":"fr_FR","og_type":"article","og_title":"Fleur de Lys Louis XIV : Histoire et Symboles","og_description":"La fleur de lys, embl\u00e8me embl\u00e9matique de la monarchie fran\u00e7aise, a \u00e9t\u00e9 particuli\u00e8rement associ\u00e9e \u00e0 Louis XIV, le Roi Soleil","og_url":"https:\/\/starstory.fr\/blog\/articles\/fleur-de-lys-france-louis-14-sceau\/","og_site_name":"starstory","author":"Rapha\u00ebl D.","twitter_card":"summary_large_image","schema":{"@context":"https:\/\/schema.org","@graph":[{"@type":"NewsArticle","@id":"https:\/\/starstory.fr\/blog\/articles\/fleur-de-lys-france-louis-14-sceau\/#article","isPartOf":{"@id":"https:\/\/starstory.fr\/blog\/articles\/fleur-de-lys-france-louis-14-sceau\/"},"author":{"name":"Rapha\u00ebl D.","@id":"https:\/\/starstory.fr\/blog\/#\/schema\/person\/3c864cdc320801e3db34b663e7e3f816"},"headline":"Fleur de Lys Louis XIV : Histoire et Symboles","datePublished":"2026-05-16T09:00:00+00:00","mainEntityOfPage":{"@id":"https:\/\/starstory.fr\/blog\/articles\/fleur-de-lys-france-louis-14-sceau\/"},"wordCount":766,"commentCount":0,"publisher":{"@id":"https:\/\/starstory.fr\/blog\/#organization"},"image":{"@id":"https:\/\/starstory.fr\/blog\/articles\/fleur-de-lys-france-louis-14-sceau\/#primaryimage"},"thumbnailUrl":"https:\/\/images.pexels.com\/photos\/36742284\/pexels-photo-36742284.jpeg?auto=compress&cs=tinysrgb&fit=crop&h=627&w=1200","articleSection":["Articles"],"inLanguage":"fr-FR","potentialAction":[{"@type":"CommentAction","name":"Comment","target":["https:\/\/starstory.fr\/blog\/articles\/fleur-de-lys-france-louis-14-sceau\/#respond"]}]},{"@type":"WebPage","@id":"https:\/\/starstory.fr\/blog\/articles\/fleur-de-lys-france-louis-14-sceau\/","url":"https:\/\/starstory.fr\/blog\/articles\/fleur-de-lys-france-louis-14-sceau\/","name":"Fleur de Lys Louis XIV : Histoire et Symboles","isPartOf":{"@id":"https:\/\/starstory.fr\/blog\/#website"},"primaryImageOfPage":{"@id":"https:\/\/starstory.fr\/blog\/articles\/fleur-de-lys-france-louis-14-sceau\/#primaryimage"},"image":{"@id":"https:\/\/starstory.fr\/blog\/articles\/fleur-de-lys-france-louis-14-sceau\/#primaryimage"},"thumbnailUrl":"https:\/\/images.pexels.com\/photos\/36742284\/pexels-photo-36742284.jpeg?auto=compress&cs=tinysrgb&fit=crop&h=627&w=1200","datePublished":"2026-05-16T09:00:00+00:00","description":"La fleur de lys, embl\u00e8me embl\u00e9matique de la monarchie fran\u00e7aise, a \u00e9t\u00e9 particuli\u00e8rement associ\u00e9e \u00e0 Louis XIV, le Roi Soleil","inLanguage":"fr-FR","potentialAction":[{"@type":"ReadAction","target":["https:\/\/starstory.fr\/blog\/articles\/fleur-de-lys-france-louis-14-sceau\/"]}]},{"@type":"ImageObject","inLanguage":"fr-FR","@id":"https:\/\/starstory.fr\/blog\/articles\/fleur-de-lys-france-louis-14-sceau\/#primaryimage","url":"https:\/\/images.pexels.com\/photos\/36742284\/pexels-photo-36742284.jpeg?auto=compress&cs=tinysrgb&fit=crop&h=627&w=1200","contentUrl":"https:\/\/images.pexels.com\/photos\/36742284\/pexels-photo-36742284.jpeg?auto=compress&cs=tinysrgb&fit=crop&h=627&w=1200"},{"@type":"WebSite","@id":"https:\/\/starstory.fr\/blog\/#website","url":"https:\/\/starstory.fr\/blog\/","name":"StarStory","description":"StarStory, les \u00e9toiles racontent leur histoire","publisher":{"@id":"https:\/\/starstory.fr\/blog\/#organization"},"alternateName":"StarStory, les \u00e9toiles racontent leur histoire","potentialAction":[{"@type":"SearchAction","target":{"@type":"EntryPoint","urlTemplate":"https:\/\/starstory.fr\/blog\/?s={search_term_string}"},"query-input":{"@type":"PropertyValueSpecification","valueRequired":true,"valueName":"search_term_string"}}],"inLanguage":"fr-FR"},{"@type":"Organization","@id":"https:\/\/starstory.fr\/blog\/#organization","name":"StarStory","alternateName":"StarStory.fr","url":"https:\/\/starstory.fr\/blog\/","logo":{"@type":"ImageObject","inLanguage":"fr-FR","@id":"https:\/\/starstory.fr\/blog\/#\/schema\/logo\/image\/","url":"https:\/\/starstory.fr\/blog\/wp-content\/uploads\/2024\/12\/38.png","contentUrl":"https:\/\/starstory.fr\/blog\/wp-content\/uploads\/2024\/12\/38.png","width":500,"height":500,"caption":"StarStory"},"image":{"@id":"https:\/\/starstory.fr\/blog\/#\/schema\/logo\/image\/"}},{"@type":"Person","@id":"https:\/\/starstory.fr\/blog\/#\/schema\/person\/3c864cdc320801e3db34b663e7e3f816","name":"Rapha\u00ebl D.","image":{"@type":"ImageObject","inLanguage":"fr-FR","@id":"https:\/\/starstory.fr\/blog\/#\/schema\/person\/image\/","url":"https:\/\/starstory.fr\/blog\/wp-content\/uploads\/2026\/06\/persona_raphael-d-96x96.jpg","contentUrl":"https:\/\/starstory.fr\/blog\/wp-content\/uploads\/2026\/06\/persona_raphael-d-96x96.jpg","caption":"Rapha\u00ebl D."},"description":"La culture est mon terrain de jeu depuis une dizaine d'ann\u00e9es : arts visuels, s\u00e9ries, cr\u00e9ation et tout ce qui nourrit l'imaginaire. J'\u00e9cris aussi bien sur l'actualit\u00e9 des \u0153uvres que sur les coulisses de la cr\u00e9ation, avec l'envie de relier l'amateur curieux \u00e0 des univers parfois jug\u00e9s intimidants. J'aime analyser une s\u00e9rie ou une d\u00e9marche artistique sans p\u00e9dantisme, replacer une \u0153uvre dans son contexte et donner des cl\u00e9s de lecture accessibles. Avant de publier, je v\u00e9rifie mes r\u00e9f\u00e9rences, je recoupe les sources et je distingue clairement le fait de mon interpr\u00e9tation subjective. Je crois qu'une critique vaut surtout par les arguments qu'elle expose, pas par la sentence qu'elle rend. Mon angle : transmettre l'envie de d\u00e9couvrir, de regarder autrement et de se forger son propre go\u00fbt. La culture n'appartient pas qu'aux initi\u00e9s, et c'est tout l'enjeu de mon \u00e9criture.","url":"https:\/\/starstory.fr\/blog\/auteur\/noname\/","jobTitle":"R\u00e9dacteur en chef \u00b7 Culture & Cr\u00e9ation","knowsAbout":["Culture","Cr\u00e9ation"],"email":"raphael.d@a-l-asso-de-l-art.fr"}]}},"_links":{"self":[{"href":"https:\/\/starstory.fr\/blog\/wp-json\/wp\/v2\/posts\/7810","targetHints":{"allow":["GET"]}}],"collection":[{"href":"https:\/\/starstory.fr\/blog\/wp-json\/wp\/v2\/posts"}],"about":[{"href":"https:\/\/starstory.fr\/blog\/wp-json\/wp\/v2\/types\/post"}],"author":[{"embeddable":true,"href":"https:\/\/starstory.fr\/blog\/wp-json\/wp\/v2\/users\/34"}],"replies":[{"embeddable":true,"href":"https:\/\/starstory.fr\/blog\/wp-json\/wp\/v2\/comments?post=7810"}],"version-history":[{"count":1,"href":"https:\/\/starstory.fr\/blog\/wp-json\/wp\/v2\/posts\/7810\/revisions"}],"predecessor-version":[{"id":7911,"href":"https:\/\/starstory.fr\/blog\/wp-json\/wp\/v2\/posts\/7810\/revisions\/7911"}],"wp:attachment":[{"href":"https:\/\/starstory.fr\/blog\/wp-json\/wp\/v2\/media?parent=7810"}],"wp:term":[{"taxonomy":"category","embeddable":true,"href":"https:\/\/starstory.fr\/blog\/wp-json\/wp\/v2\/categories?post=7810"},{"taxonomy":"post_tag","embeddable":true,"href":"https:\/\/starstory.fr\/blog\/wp-json\/wp\/v2\/tags?post=7810"}],"curies":[{"name":"wp","href":"https:\/\/api.w.org\/{rel}","templated":true}]}}