{"id":7808,"date":"2026-05-14T09:00:00","date_gmt":"2026-05-14T09:00:00","guid":{"rendered":"https:\/\/starstory.fr\/blog\/?p=7808"},"modified":"2026-05-14T09:00:00","modified_gmt":"2026-05-14T09:00:00","slug":"bataille-de-marignan","status":"publish","type":"post","link":"https:\/\/starstory.fr\/blog\/articles\/bataille-de-marignan\/","title":{"rendered":"Bataille de Marignan : Histoire Site 2026"},"content":{"rendered":"<p>La bataille de Marignan, qui s\u2019est d\u00e9roul\u00e9e du 13 au 14 septembre 1515, est un \u00e9v\u00e9nement marquant de l\u2019histoire militaire fran\u00e7aise. Elle oppose les troupes fran\u00e7aises, dirig\u00e9es par le roi Fran\u00e7ois Ier, \u00e0 l\u2019arm\u00e9e suisse et \u00e0 leurs alli\u00e9s milanais. Cette bataille est souvent cit\u00e9e comme un tournant dans la guerre d\u2019Italie et a des cons\u00e9quences durables sur la politique europ\u00e9enne. Cet article explore les enjeux strat\u00e9giques de cette bataille tout en offrant une comparaison avec d\u2019autres conflits contemporains.<\/p>\n<h2>Contexte historique<\/h2>\n<p>La bataille de Marignan s\u2019inscrit dans le cadre des guerres d\u2019Italie, qui ont d\u00e9but\u00e9 \u00e0 la fin du XVe si\u00e8cle. \u00c0 cette \u00e9poque, la France cherche \u00e0 \u00e9tendre son influence en Italie, notamment en revendiquant le duch\u00e9 de Milan. Le roi Fran\u00e7ois Ier voit en cette campagne une opportunit\u00e9 d\u2019affirmer son pouvoir face aux puissances rivales telles que l\u2019Espagne et le Saint-Empire romain germanique.<\/p>\n<h3>Forces en pr\u00e9sence<\/h3>\n<ul>\n<li><strong>Arm\u00e9e fran\u00e7aise<\/strong> : Environ 30 000 hommes<\/li>\n<li><strong>Arm\u00e9e suisse<\/strong> : Environ 20 000 hommes<\/li>\n<\/ul>\n<p>Les Fran\u00e7ais b\u00e9n\u00e9ficient d\u2019une meilleure organisation et d\u2019un armement plus moderne, incluant des canons qui jouent un r\u00f4le crucial lors des combats.<\/p>\n<h2>D\u00e9roulement de la bataille<\/h2>\n<p>La bataille commence le 13 septembre 1515 avec un engagement frontal sur les positions suisses. Les Fran\u00e7ais, utilisant leur artillerie pour harceler les lignes ennemies, parviennent \u00e0 cr\u00e9er une br\u00e8che dans les d\u00e9fenses suisses. Le lendemain, apr\u00e8s une nuit de combats acharn\u00e9s, Fran\u00e7ois Ier ordonne une attaque d\u00e9cisive qui va changer le cours de la bataille.<\/p>\n<h3>Strat\u00e9gies employ\u00e9es<\/h3>\n<ol>\n<li><strong>Artillerie<\/strong> : Utilisation efficace des canons pour d\u00e9sorganiser les lignes suisses.<\/li>\n<li><strong>Cavalerie<\/strong> : Mobilisation rapide pour exploiter les failles dans l\u2019ennemi.<\/li>\n<li><strong>Infanterie<\/strong> : Tactiques innovantes pour maintenir la pression sur l\u2019adversaire.<\/li>\n<\/ol>\n<p>Ces strat\u00e9gies contrastent avec celles utilis\u00e9es par les Suisses, qui comptaient principalement sur leur formation serr\u00e9e et leur r\u00e9putation de combattants aguerris.<\/p>\n<h2>Cons\u00e9quences de la victoire fran\u00e7aise<\/h2>\n<p>La victoire \u00e0 Marignan permet \u00e0 Fran\u00e7ois Ier de renforcer son autorit\u00e9 en France et d\u2019\u00e9tendre son influence en Italie. Elle marque \u00e9galement le d\u00e9but d\u2019une s\u00e9rie d\u2019accords favorables pour la France dans la p\u00e9ninsule italienne.<\/p>\n<h3>Impact sur l\u2019Europe<\/h3>\n<ol>\n<li><strong>Renforcement des alliances<\/strong> : La France devient un acteur incontournable en Italie.<\/li>\n<li><strong>Affaiblissement des Suisses<\/strong> : La d\u00e9faite remet en question leur invincibilit\u00e9 militaire.<\/li>\n<li><strong>\u00c9volution des strat\u00e9gies militaires<\/strong> : L\u2019importance croissante de l\u2019artillerie change les tactiques militaires europ\u00e9ennes.<\/li>\n<\/ol>\n<h2>Comparaison avec d\u2019autres batailles contemporaines<\/h2>\n<p>Pour mieux comprendre l\u2019impact de Marignan, il est int\u00e9ressant de comparer cette bataille avec deux autres conflits majeurs :<\/p>\n<table class=\"kwdbank-table\">\n<thead>\n<tr>\n<th>Bataille<\/th>\n<th>Date<\/th>\n<th>Forces en pr\u00e9sence<\/th>\n<th>R\u00e9sultat<\/th>\n<\/tr>\n<\/thead>\n<tbody>\n<tr>\n<td>Marignan<\/td>\n<td>Septembre 1515<\/td>\n<td>France vs Suisse<\/td>\n<td>Victoire fran\u00e7aise<\/td>\n<\/tr>\n<tr>\n<td>Pavie<\/td>\n<td>F\u00e9vrier 1525<\/td>\n<td>France vs Espagne<\/td>\n<td>D\u00e9faite fran\u00e7aise<\/td>\n<\/tr>\n<tr>\n<td>C\u00e9risoles<\/td>\n<td>Avril 1544<\/td>\n<td>France vs Espagne<\/td>\n<td>Victoire fran\u00e7aise<\/td>\n<\/tr>\n<\/tbody>\n<\/table>\n<p>Chaque conflit pr\u00e9sente des similitudes et des diff\u00e9rences significatives dans la strat\u00e9gie et les r\u00e9sultats militaires.<\/p>\n<h3>Pi\u00e8ge \u00e0 \u00e9viter<\/h3>\n<p>Un pi\u00e8ge courant lors de l\u2019analyse des batailles historiques est de se concentrer uniquement sur le r\u00e9sultat final sans tenir compte du contexte strat\u00e9gique et des d\u00e9cisions tactiques prises durant le conflit. La victoire peut souvent masquer des faiblesses sous-jacentes ou des erreurs strat\u00e9giques qui pourraient influencer les batailles futures.<\/p>\n<h2>Action imm\u00e9diate pour approfondir votre connaissance<\/h2>\n<p>Pour enrichir votre compr\u00e9hension de cet \u00e9v\u00e9nement marquant, consultez les archives militaires ou visitez un mus\u00e9e d\u00e9di\u00e9 aux guerres d\u2019Italie. Plusieurs ouvrages r\u00e9cents explorent ce sujet sous diff\u00e9rents angles historiques et strat\u00e9giques.<\/p>\n<h2>FAQ<\/h2>\n<h3>Quelles \u00e9taient les causes de la bataille de Marignan ?<\/h3>\n<p>Les causes incluent l\u2019expansion territoriale fran\u00e7aise en Italie et la rivalit\u00e9 entre les \u00c9tats europ\u00e9ens pour le contr\u00f4le du duch\u00e9 de Milan.<\/p>\n<h3>Quel \u00e9tait le r\u00f4le du roi Fran\u00e7ois Ier dans cette bataille ?<\/h3>\n<p>Fran\u00e7ois Ier a dirig\u00e9 personnellement ses troupes et a mis en \u0153uvre des strat\u00e9gies innovantes qui ont \u00e9t\u00e9 d\u00e9terminantes pour remporter la victoire.<\/p>\n<h3>Quels ont \u00e9t\u00e9 les effets imm\u00e9diats apr\u00e8s la bataille ?<\/h3>\n<p>La victoire a permis \u00e0 Fran\u00e7ois Ier d\u2019\u00e9tablir une domination temporaire sur Milan et a renforc\u00e9 sa position face aux autres puissances europ\u00e9ennes.<\/p>\n<h3>Comment cette bataille est-elle per\u00e7ue aujourd\u2019hui ?<\/h3>\n<p>Elle est souvent consid\u00e9r\u00e9e comme un exemple cl\u00e9 d\u2019\u00e9volution militaire gr\u00e2ce \u00e0 l\u2019utilisation accrue de l\u2019artillerie et comme un symbole du rayonnement fran\u00e7ais durant la Renaissance.<\/p>\n<h3>Quelles sont les principales sources historiques sur Marignan ?<\/h3>\n<p>Des chroniques contemporaines comme celles de Jean Froissart ou des analyses modernes fournissent un \u00e9clairage pr\u00e9cieux sur cet \u00e9v\u00e9nement majeur.<\/p>\n<h3>Existe-t-il des comm\u00e9morations li\u00e9es \u00e0 cette bataille ?<\/h3>\n<p>Des reconstitutions historiques sont parfois organis\u00e9es en Italie pour c\u00e9l\u00e9brer cet \u00e9pisode marquant de l\u2019histoire militaire europ\u00e9enne.<\/p>\n","protected":false},"excerpt":{"rendered":"","protected":false},"author":34,"featured_media":999999999,"comment_status":"open","ping_status":"open","sticky":false,"template":"","format":"standard","meta":{"_acf_changed":false,"manual_indexmenow":false,"indexmenow_id_project":0,"footnotes":""},"categories":[4835],"tags":[],"class_list":["post-7808","post","type-post","status-publish","format-standard","has-post-thumbnail","hentry","category-articles","generate-columns","tablet-grid-50","mobile-grid-100","grid-parent","grid-25"],"acf":[],"yoast_head":"<!-- This site is optimized with the Yoast SEO Premium plugin v21.3 (Yoast SEO v26.5) - https:\/\/yoast.com\/wordpress\/plugins\/seo\/ -->\n<title>Bataille de Marignan : Histoire Site 2026<\/title>\n<meta name=\"description\" content=\"La bataille de Marignan, qui s\u2019est d\u00e9roul\u00e9e du 13 au 14 septembre 1515, est un \u00e9v\u00e9nement marquant de l\u2019histoire militaire fran\u00e7aise\" \/>\n<meta name=\"robots\" content=\"index, follow, max-snippet:-1, max-image-preview:large, max-video-preview:-1\" \/>\n<link rel=\"canonical\" href=\"https:\/\/starstory.fr\/blog\/articles\/bataille-de-marignan\/\" \/>\n<meta property=\"og:locale\" content=\"fr_FR\" \/>\n<meta property=\"og:type\" content=\"article\" \/>\n<meta property=\"og:title\" content=\"Bataille de Marignan : Histoire Site 2026\" \/>\n<meta property=\"og:description\" content=\"La bataille de Marignan, qui s\u2019est d\u00e9roul\u00e9e du 13 au 14 septembre 1515, est un \u00e9v\u00e9nement marquant de l\u2019histoire militaire fran\u00e7aise\" \/>\n<meta property=\"og:url\" content=\"https:\/\/starstory.fr\/blog\/articles\/bataille-de-marignan\/\" \/>\n<meta property=\"og:site_name\" content=\"starstory\" \/>\n<meta name=\"author\" content=\"Rapha\u00ebl D.\" \/>\n<meta name=\"twitter:card\" content=\"summary_large_image\" \/>\n<script type=\"application\/ld+json\" class=\"yoast-schema-graph\">{\"@context\":\"https:\/\/schema.org\",\"@graph\":[{\"@type\":\"NewsArticle\",\"@id\":\"https:\/\/starstory.fr\/blog\/articles\/bataille-de-marignan\/#article\",\"isPartOf\":{\"@id\":\"https:\/\/starstory.fr\/blog\/articles\/bataille-de-marignan\/\"},\"author\":{\"name\":\"Rapha\u00ebl D.\",\"@id\":\"https:\/\/starstory.fr\/blog\/#\/schema\/person\/3c864cdc320801e3db34b663e7e3f816\"},\"headline\":\"Bataille de Marignan : Histoire Site 2026\",\"datePublished\":\"2026-05-14T09:00:00+00:00\",\"mainEntityOfPage\":{\"@id\":\"https:\/\/starstory.fr\/blog\/articles\/bataille-de-marignan\/\"},\"wordCount\":827,\"commentCount\":0,\"publisher\":{\"@id\":\"https:\/\/starstory.fr\/blog\/#organization\"},\"image\":{\"@id\":\"https:\/\/starstory.fr\/blog\/articles\/bataille-de-marignan\/#primaryimage\"},\"thumbnailUrl\":\"https:\/\/images.pexels.com\/photos\/9267467\/pexels-photo-9267467.jpeg?auto=compress&cs=tinysrgb&fit=crop&h=627&w=1200\",\"articleSection\":[\"Articles\"],\"inLanguage\":\"fr-FR\",\"potentialAction\":[{\"@type\":\"CommentAction\",\"name\":\"Comment\",\"target\":[\"https:\/\/starstory.fr\/blog\/articles\/bataille-de-marignan\/#respond\"]}]},{\"@type\":\"WebPage\",\"@id\":\"https:\/\/starstory.fr\/blog\/articles\/bataille-de-marignan\/\",\"url\":\"https:\/\/starstory.fr\/blog\/articles\/bataille-de-marignan\/\",\"name\":\"Bataille de Marignan : Histoire Site 2026\",\"isPartOf\":{\"@id\":\"https:\/\/starstory.fr\/blog\/#website\"},\"primaryImageOfPage\":{\"@id\":\"https:\/\/starstory.fr\/blog\/articles\/bataille-de-marignan\/#primaryimage\"},\"image\":{\"@id\":\"https:\/\/starstory.fr\/blog\/articles\/bataille-de-marignan\/#primaryimage\"},\"thumbnailUrl\":\"https:\/\/images.pexels.com\/photos\/9267467\/pexels-photo-9267467.jpeg?auto=compress&cs=tinysrgb&fit=crop&h=627&w=1200\",\"datePublished\":\"2026-05-14T09:00:00+00:00\",\"description\":\"La bataille de Marignan, qui s\u2019est d\u00e9roul\u00e9e du 13 au 14 septembre 1515, est un \u00e9v\u00e9nement marquant de l\u2019histoire militaire fran\u00e7aise\",\"inLanguage\":\"fr-FR\",\"potentialAction\":[{\"@type\":\"ReadAction\",\"target\":[\"https:\/\/starstory.fr\/blog\/articles\/bataille-de-marignan\/\"]}]},{\"@type\":\"ImageObject\",\"inLanguage\":\"fr-FR\",\"@id\":\"https:\/\/starstory.fr\/blog\/articles\/bataille-de-marignan\/#primaryimage\",\"url\":\"https:\/\/images.pexels.com\/photos\/9267467\/pexels-photo-9267467.jpeg?auto=compress&cs=tinysrgb&fit=crop&h=627&w=1200\",\"contentUrl\":\"https:\/\/images.pexels.com\/photos\/9267467\/pexels-photo-9267467.jpeg?auto=compress&cs=tinysrgb&fit=crop&h=627&w=1200\"},{\"@type\":\"WebSite\",\"@id\":\"https:\/\/starstory.fr\/blog\/#website\",\"url\":\"https:\/\/starstory.fr\/blog\/\",\"name\":\"StarStory\",\"description\":\"StarStory, les \u00e9toiles racontent leur histoire\",\"publisher\":{\"@id\":\"https:\/\/starstory.fr\/blog\/#organization\"},\"alternateName\":\"StarStory, les \u00e9toiles racontent leur histoire\",\"potentialAction\":[{\"@type\":\"SearchAction\",\"target\":{\"@type\":\"EntryPoint\",\"urlTemplate\":\"https:\/\/starstory.fr\/blog\/?s={search_term_string}\"},\"query-input\":{\"@type\":\"PropertyValueSpecification\",\"valueRequired\":true,\"valueName\":\"search_term_string\"}}],\"inLanguage\":\"fr-FR\"},{\"@type\":\"Organization\",\"@id\":\"https:\/\/starstory.fr\/blog\/#organization\",\"name\":\"StarStory\",\"alternateName\":\"StarStory.fr\",\"url\":\"https:\/\/starstory.fr\/blog\/\",\"logo\":{\"@type\":\"ImageObject\",\"inLanguage\":\"fr-FR\",\"@id\":\"https:\/\/starstory.fr\/blog\/#\/schema\/logo\/image\/\",\"url\":\"https:\/\/starstory.fr\/blog\/wp-content\/uploads\/2024\/12\/38.png\",\"contentUrl\":\"https:\/\/starstory.fr\/blog\/wp-content\/uploads\/2024\/12\/38.png\",\"width\":500,\"height\":500,\"caption\":\"StarStory\"},\"image\":{\"@id\":\"https:\/\/starstory.fr\/blog\/#\/schema\/logo\/image\/\"}},{\"@type\":\"Person\",\"@id\":\"https:\/\/starstory.fr\/blog\/#\/schema\/person\/3c864cdc320801e3db34b663e7e3f816\",\"name\":\"Rapha\u00ebl D.\",\"image\":{\"@type\":\"ImageObject\",\"inLanguage\":\"fr-FR\",\"@id\":\"https:\/\/starstory.fr\/blog\/#\/schema\/person\/image\/\",\"url\":\"https:\/\/starstory.fr\/blog\/wp-content\/uploads\/2026\/06\/persona_raphael-d-96x96.jpg\",\"contentUrl\":\"https:\/\/starstory.fr\/blog\/wp-content\/uploads\/2026\/06\/persona_raphael-d-96x96.jpg\",\"caption\":\"Rapha\u00ebl D.\"},\"description\":\"La culture est mon terrain de jeu depuis une dizaine d'ann\u00e9es : arts visuels, s\u00e9ries, cr\u00e9ation et tout ce qui nourrit l'imaginaire. J'\u00e9cris aussi bien sur l'actualit\u00e9 des \u0153uvres que sur les coulisses de la cr\u00e9ation, avec l'envie de relier l'amateur curieux \u00e0 des univers parfois jug\u00e9s intimidants. J'aime analyser une s\u00e9rie ou une d\u00e9marche artistique sans p\u00e9dantisme, replacer une \u0153uvre dans son contexte et donner des cl\u00e9s de lecture accessibles. Avant de publier, je v\u00e9rifie mes r\u00e9f\u00e9rences, je recoupe les sources et je distingue clairement le fait de mon interpr\u00e9tation subjective. Je crois qu'une critique vaut surtout par les arguments qu'elle expose, pas par la sentence qu'elle rend. Mon angle : transmettre l'envie de d\u00e9couvrir, de regarder autrement et de se forger son propre go\u00fbt. La culture n'appartient pas qu'aux initi\u00e9s, et c'est tout l'enjeu de mon \u00e9criture.\",\"url\":\"https:\/\/starstory.fr\/blog\/auteur\/noname\/\",\"jobTitle\":\"R\u00e9dacteur en chef \u00b7 Culture & Cr\u00e9ation\",\"knowsAbout\":[\"Culture\",\"Cr\u00e9ation\"],\"email\":\"raphael.d@a-l-asso-de-l-art.fr\"}]}<\/script>\n<!-- \/ Yoast SEO Premium plugin. -->","yoast_head_json":{"title":"Bataille de Marignan : Histoire Site 2026","description":"La bataille de Marignan, qui s\u2019est d\u00e9roul\u00e9e du 13 au 14 septembre 1515, est un \u00e9v\u00e9nement marquant de l\u2019histoire militaire fran\u00e7aise","robots":{"index":"index","follow":"follow","max-snippet":"max-snippet:-1","max-image-preview":"max-image-preview:large","max-video-preview":"max-video-preview:-1"},"canonical":"https:\/\/starstory.fr\/blog\/articles\/bataille-de-marignan\/","og_locale":"fr_FR","og_type":"article","og_title":"Bataille de Marignan : Histoire Site 2026","og_description":"La bataille de Marignan, qui s\u2019est d\u00e9roul\u00e9e du 13 au 14 septembre 1515, est un \u00e9v\u00e9nement marquant de l\u2019histoire militaire fran\u00e7aise","og_url":"https:\/\/starstory.fr\/blog\/articles\/bataille-de-marignan\/","og_site_name":"starstory","author":"Rapha\u00ebl D.","twitter_card":"summary_large_image","schema":{"@context":"https:\/\/schema.org","@graph":[{"@type":"NewsArticle","@id":"https:\/\/starstory.fr\/blog\/articles\/bataille-de-marignan\/#article","isPartOf":{"@id":"https:\/\/starstory.fr\/blog\/articles\/bataille-de-marignan\/"},"author":{"name":"Rapha\u00ebl D.","@id":"https:\/\/starstory.fr\/blog\/#\/schema\/person\/3c864cdc320801e3db34b663e7e3f816"},"headline":"Bataille de Marignan : Histoire Site 2026","datePublished":"2026-05-14T09:00:00+00:00","mainEntityOfPage":{"@id":"https:\/\/starstory.fr\/blog\/articles\/bataille-de-marignan\/"},"wordCount":827,"commentCount":0,"publisher":{"@id":"https:\/\/starstory.fr\/blog\/#organization"},"image":{"@id":"https:\/\/starstory.fr\/blog\/articles\/bataille-de-marignan\/#primaryimage"},"thumbnailUrl":"https:\/\/images.pexels.com\/photos\/9267467\/pexels-photo-9267467.jpeg?auto=compress&cs=tinysrgb&fit=crop&h=627&w=1200","articleSection":["Articles"],"inLanguage":"fr-FR","potentialAction":[{"@type":"CommentAction","name":"Comment","target":["https:\/\/starstory.fr\/blog\/articles\/bataille-de-marignan\/#respond"]}]},{"@type":"WebPage","@id":"https:\/\/starstory.fr\/blog\/articles\/bataille-de-marignan\/","url":"https:\/\/starstory.fr\/blog\/articles\/bataille-de-marignan\/","name":"Bataille de Marignan : Histoire Site 2026","isPartOf":{"@id":"https:\/\/starstory.fr\/blog\/#website"},"primaryImageOfPage":{"@id":"https:\/\/starstory.fr\/blog\/articles\/bataille-de-marignan\/#primaryimage"},"image":{"@id":"https:\/\/starstory.fr\/blog\/articles\/bataille-de-marignan\/#primaryimage"},"thumbnailUrl":"https:\/\/images.pexels.com\/photos\/9267467\/pexels-photo-9267467.jpeg?auto=compress&cs=tinysrgb&fit=crop&h=627&w=1200","datePublished":"2026-05-14T09:00:00+00:00","description":"La bataille de Marignan, qui s\u2019est d\u00e9roul\u00e9e du 13 au 14 septembre 1515, est un \u00e9v\u00e9nement marquant de l\u2019histoire militaire fran\u00e7aise","inLanguage":"fr-FR","potentialAction":[{"@type":"ReadAction","target":["https:\/\/starstory.fr\/blog\/articles\/bataille-de-marignan\/"]}]},{"@type":"ImageObject","inLanguage":"fr-FR","@id":"https:\/\/starstory.fr\/blog\/articles\/bataille-de-marignan\/#primaryimage","url":"https:\/\/images.pexels.com\/photos\/9267467\/pexels-photo-9267467.jpeg?auto=compress&cs=tinysrgb&fit=crop&h=627&w=1200","contentUrl":"https:\/\/images.pexels.com\/photos\/9267467\/pexels-photo-9267467.jpeg?auto=compress&cs=tinysrgb&fit=crop&h=627&w=1200"},{"@type":"WebSite","@id":"https:\/\/starstory.fr\/blog\/#website","url":"https:\/\/starstory.fr\/blog\/","name":"StarStory","description":"StarStory, les \u00e9toiles racontent leur histoire","publisher":{"@id":"https:\/\/starstory.fr\/blog\/#organization"},"alternateName":"StarStory, les \u00e9toiles racontent leur histoire","potentialAction":[{"@type":"SearchAction","target":{"@type":"EntryPoint","urlTemplate":"https:\/\/starstory.fr\/blog\/?s={search_term_string}"},"query-input":{"@type":"PropertyValueSpecification","valueRequired":true,"valueName":"search_term_string"}}],"inLanguage":"fr-FR"},{"@type":"Organization","@id":"https:\/\/starstory.fr\/blog\/#organization","name":"StarStory","alternateName":"StarStory.fr","url":"https:\/\/starstory.fr\/blog\/","logo":{"@type":"ImageObject","inLanguage":"fr-FR","@id":"https:\/\/starstory.fr\/blog\/#\/schema\/logo\/image\/","url":"https:\/\/starstory.fr\/blog\/wp-content\/uploads\/2024\/12\/38.png","contentUrl":"https:\/\/starstory.fr\/blog\/wp-content\/uploads\/2024\/12\/38.png","width":500,"height":500,"caption":"StarStory"},"image":{"@id":"https:\/\/starstory.fr\/blog\/#\/schema\/logo\/image\/"}},{"@type":"Person","@id":"https:\/\/starstory.fr\/blog\/#\/schema\/person\/3c864cdc320801e3db34b663e7e3f816","name":"Rapha\u00ebl D.","image":{"@type":"ImageObject","inLanguage":"fr-FR","@id":"https:\/\/starstory.fr\/blog\/#\/schema\/person\/image\/","url":"https:\/\/starstory.fr\/blog\/wp-content\/uploads\/2026\/06\/persona_raphael-d-96x96.jpg","contentUrl":"https:\/\/starstory.fr\/blog\/wp-content\/uploads\/2026\/06\/persona_raphael-d-96x96.jpg","caption":"Rapha\u00ebl D."},"description":"La culture est mon terrain de jeu depuis une dizaine d'ann\u00e9es : arts visuels, s\u00e9ries, cr\u00e9ation et tout ce qui nourrit l'imaginaire. J'\u00e9cris aussi bien sur l'actualit\u00e9 des \u0153uvres que sur les coulisses de la cr\u00e9ation, avec l'envie de relier l'amateur curieux \u00e0 des univers parfois jug\u00e9s intimidants. J'aime analyser une s\u00e9rie ou une d\u00e9marche artistique sans p\u00e9dantisme, replacer une \u0153uvre dans son contexte et donner des cl\u00e9s de lecture accessibles. Avant de publier, je v\u00e9rifie mes r\u00e9f\u00e9rences, je recoupe les sources et je distingue clairement le fait de mon interpr\u00e9tation subjective. Je crois qu'une critique vaut surtout par les arguments qu'elle expose, pas par la sentence qu'elle rend. Mon angle : transmettre l'envie de d\u00e9couvrir, de regarder autrement et de se forger son propre go\u00fbt. La culture n'appartient pas qu'aux initi\u00e9s, et c'est tout l'enjeu de mon \u00e9criture.","url":"https:\/\/starstory.fr\/blog\/auteur\/noname\/","jobTitle":"R\u00e9dacteur en chef \u00b7 Culture & Cr\u00e9ation","knowsAbout":["Culture","Cr\u00e9ation"],"email":"raphael.d@a-l-asso-de-l-art.fr"}]}},"_links":{"self":[{"href":"https:\/\/starstory.fr\/blog\/wp-json\/wp\/v2\/posts\/7808","targetHints":{"allow":["GET"]}}],"collection":[{"href":"https:\/\/starstory.fr\/blog\/wp-json\/wp\/v2\/posts"}],"about":[{"href":"https:\/\/starstory.fr\/blog\/wp-json\/wp\/v2\/types\/post"}],"author":[{"embeddable":true,"href":"https:\/\/starstory.fr\/blog\/wp-json\/wp\/v2\/users\/34"}],"replies":[{"embeddable":true,"href":"https:\/\/starstory.fr\/blog\/wp-json\/wp\/v2\/comments?post=7808"}],"version-history":[{"count":1,"href":"https:\/\/starstory.fr\/blog\/wp-json\/wp\/v2\/posts\/7808\/revisions"}],"predecessor-version":[{"id":7909,"href":"https:\/\/starstory.fr\/blog\/wp-json\/wp\/v2\/posts\/7808\/revisions\/7909"}],"wp:attachment":[{"href":"https:\/\/starstory.fr\/blog\/wp-json\/wp\/v2\/media?parent=7808"}],"wp:term":[{"taxonomy":"category","embeddable":true,"href":"https:\/\/starstory.fr\/blog\/wp-json\/wp\/v2\/categories?post=7808"},{"taxonomy":"post_tag","embeddable":true,"href":"https:\/\/starstory.fr\/blog\/wp-json\/wp\/v2\/tags?post=7808"}],"curies":[{"name":"wp","href":"https:\/\/api.w.org\/{rel}","templated":true}]}}