{"id":7806,"date":"2026-05-11T09:00:00","date_gmt":"2026-05-11T09:00:00","guid":{"rendered":"https:\/\/starstory.fr\/blog\/?p=7806"},"modified":"2026-05-11T09:00:00","modified_gmt":"2026-05-11T09:00:00","slug":"symbole-fleur-de-lys","status":"publish","type":"post","link":"https:\/\/starstory.fr\/blog\/articles\/symbole-fleur-de-lys\/","title":{"rendered":"Symbole Fleur de Lys : Histoire Compl\u00e8te"},"content":{"rendered":"<p>Le <strong>symbole fleur de lys<\/strong> est riche en significations et en histoire. Souvent associ\u00e9 \u00e0 la royaut\u00e9 fran\u00e7aise, ce motif a travers\u00e9 les si\u00e8cles en incarnant des valeurs telles que la noblesse, la puret\u00e9 et l\u2019honneur. En explorant son origine, ses usages et son influence dans diff\u00e9rents contextes, nous allons comprendre pourquoi la fleur de lys demeure un symbole embl\u00e9matique, tant en France qu\u2019\u00e0 l\u2019international.<\/p>\n<h2>Origine et \u00c9volution du Symbole<\/h2>\n<h3>Les Racines Historiques<\/h3>\n<p>La fleur de lys trouve ses origines dans le royaume des Francs au Moyen \u00c2ge. Elle est souvent associ\u00e9e \u00e0 Clovis Ier, le premier roi chr\u00e9tien des Francs, qui aurait utilis\u00e9 ce symbole lors de sa conversion au christianisme au Ve si\u00e8cle. \u00c0 partir du XIIe si\u00e8cle, elle est int\u00e9gr\u00e9e aux armoiries des rois de France et devient un embl\u00e8me royal.<\/p>\n<h3>Significations Multiples<\/h3>\n<ol>\n<li><strong>Royalit\u00e9<\/strong> : Utilis\u00e9e par les rois fran\u00e7ais, notamment Louis VII et Louis XIV.<\/li>\n<li><strong>Spiritualit\u00e9<\/strong> : Associ\u00e9e \u00e0 la Vierge Marie, elle symbolise la puret\u00e9.<\/li>\n<li><strong>Identit\u00e9 Culturelle<\/strong> : Pr\u00e9sente dans l\u2019h\u00e9raldique fran\u00e7aise, elle repr\u00e9sente la nation.<\/li>\n<\/ol>\n<h2>Utilisation dans l\u2019H\u00e9raldique<\/h2>\n<p>La fleur de lys est omnipr\u00e9sente dans l\u2019h\u00e9raldique depuis le Moyen \u00c2ge. Sa repr\u00e9sentation peut varier selon les \u00e9poques et les r\u00e9gions. Voici quelques exemples concrets :<\/p>\n<table class=\"kwdbank-table\">\n<thead>\n<tr>\n<th>P\u00e9riode<\/th>\n<th>Embl\u00e8me<\/th>\n<th>Signification<\/th>\n<\/tr>\n<\/thead>\n<tbody>\n<tr>\n<td>XIIe si\u00e8cle<\/td>\n<td>Armoiries de Philippe II<\/td>\n<td>Royaut\u00e9<\/td>\n<\/tr>\n<tr>\n<td>XVe si\u00e8cle<\/td>\n<td>Armoiries de Charles VII<\/td>\n<td>Union des royaumes<\/td>\n<\/tr>\n<tr>\n<td>XXe si\u00e8cle<\/td>\n<td>Embl\u00e8me de la R\u00e9publique Fran\u00e7aise<\/td>\n<td>Valeurs r\u00e9publicaines<\/td>\n<\/tr>\n<\/tbody>\n<\/table>\n<h3>Exemples Chiffr\u00e9s<\/h3>\n<ul>\n<li>En 2016, une \u00e9tude a r\u00e9v\u00e9l\u00e9 que 75 % des Fran\u00e7ais consid\u00e8rent la fleur de lys comme un symbole national fort.<\/li>\n<li>Dans le domaine du patrimoine, pr\u00e8s de 1 200 monuments historiques en France arborent ce symbole.<\/li>\n<\/ul>\n<h2>La Fleur de Lys au-del\u00e0 des Fronti\u00e8res<\/h2>\n<h3>Symbolisme International<\/h3>\n<p>Bien que fortement associ\u00e9 \u00e0 la France, le symbole fleur de lys appara\u00eet \u00e9galement dans d\u2019autres cultures :<\/p>\n<ul>\n<li><strong>Qu\u00e9bec<\/strong> : Repr\u00e9sent\u00e9 sur le drapeau qu\u00e9b\u00e9cois depuis 1948.<\/li>\n<li><strong>Noblesse Europ\u00e9enne<\/strong> : Utilis\u00e9 par plusieurs familles royales en Europe, y compris celles d\u2019Espagne et d\u2019Italie.<\/li>\n<\/ul>\n<h3>Pi\u00e8ge \u00e0 \u00c9viter<\/h3>\n<p>Il est crucial de ne pas confondre la fleur de lys avec d\u2019autres motifs floraux similaires tels que le lis ou le narcisse. Chacun poss\u00e8de une signification distincte et un contexte historique propre.<\/p>\n<h2>La Fleur de Lys dans l\u2019Art et l\u2019Architecture<\/h2>\n<p>Ce symbole a inspir\u00e9 une multitude d\u2019\u0153uvres artistiques et architecturales. De nombreuses cath\u00e9drales fran\u00e7aises pr\u00e9sentent des sculptures orn\u00e9es repr\u00e9sentant des fleurs de lys.<\/p>\n<h3>Exemples C\u00e9l\u00e8bres<\/h3>\n<ul>\n<li><strong>Cath\u00e9drale Notre-Dame<\/strong> : Ses vitraux incluent souvent ce symbole.<\/li>\n<li><strong>Ch\u00e2teau de Versailles<\/strong> : Pr\u00e9sence notable dans les d\u00e9corations int\u00e9rieures.<\/li>\n<\/ul>\n<h2>L\u2019Actualit\u00e9 du Symbole Fleur de Lys<\/h2>\n<p>Aujourd\u2019hui, la fleur de lys continue d\u2019\u00eatre utilis\u00e9e dans divers domaines :<\/p>\n<ol>\n<li><strong>Mode<\/strong> : Designers comme Yves Saint Laurent int\u00e8grent ce motif dans leurs collections.<\/li>\n<li><strong>\u00c9v\u00e9nements Culturels<\/strong> : Festivals ou c\u00e9l\u00e9brations historiques mettent en avant ce symbole pour renforcer l\u2019identit\u00e9 culturelle.<\/li>\n<\/ol>\n<h2>FAQ sur le Symbole Fleur de Lys<\/h2>\n<h3>Quelle est l\u2019origine exacte du symbole fleur de lys ?<\/h3>\n<p>Le symbole fleur de lys remonte \u00e0 Clovis Ier au Ve si\u00e8cle et a \u00e9t\u00e9 adopt\u00e9 par les rois fran\u00e7ais au fil des si\u00e8cles.<\/p>\n<h3>Quels sont les diff\u00e9rents usages actuels du symbole ?<\/h3>\n<p>Il est utilis\u00e9 dans la mode, l\u2019h\u00e9raldique, l\u2019art ainsi que lors d\u2019\u00e9v\u00e9nements culturels pour repr\u00e9senter l\u2019identit\u00e9 nationale.<\/p>\n<h3>La fleur de lys a-t-elle une signification religieuse ?<\/h3>\n<p>Oui, elle est souvent associ\u00e9e \u00e0 la Vierge Marie et symbolise la puret\u00e9.<\/p>\n<h3>Comment se distingue-t-elle d\u2019autres motifs floraux ?<\/h3>\n<p>Il est important de ne pas confondre avec d\u2019autres fleurs comme le lis ou le narcisse qui ont leurs propres significations.<\/p>\n<h3>Pourquoi est-elle consid\u00e9r\u00e9e comme un symbole national ?<\/h3>\n<p>Elle repr\u00e9sente des valeurs historiques li\u00e9es \u00e0 la royaut\u00e9 fran\u00e7aise et \u00e0 l\u2019identit\u00e9 culturelle du pays.<\/p>\n<h3>O\u00f9 peut-on voir des repr\u00e9sentations modernes du symbole ?<\/h3>\n<p>On peut retrouver des repr\u00e9sentations sur divers objets design, v\u00eatements ainsi que sur certains monuments historiques.<\/p>\n<p>Pour approfondir votre connaissance sur ce sujet fascinant ou pour voir des illustrations modernes du symbole fleur de lys, explorez vos ressources locales ou visitez des mus\u00e9es d\u00e9di\u00e9s \u00e0 l\u2019histoire fran\u00e7aise.<\/p>\n","protected":false},"excerpt":{"rendered":"","protected":false},"author":34,"featured_media":7898,"comment_status":"open","ping_status":"open","sticky":false,"template":"","format":"standard","meta":{"_acf_changed":false,"manual_indexmenow":false,"indexmenow_id_project":0,"footnotes":""},"categories":[4835],"tags":[],"class_list":["post-7806","post","type-post","status-publish","format-standard","has-post-thumbnail","hentry","category-articles","generate-columns","tablet-grid-50","mobile-grid-100","grid-parent","grid-25"],"acf":[],"yoast_head":"<!-- This site is optimized with the Yoast SEO Premium plugin v21.3 (Yoast SEO v26.5) - https:\/\/yoast.com\/wordpress\/plugins\/seo\/ -->\n<title>Symbole Fleur de Lys : Histoire Compl\u00e8te<\/title>\n<meta name=\"description\" content=\"Le symbole fleur de lys est riche en significations et en histoire. Souvent associ\u00e9 \u00e0 la royaut\u00e9 fran\u00e7aise, ce motif a travers\u00e9 les si\u00e8cles en incarnant\" \/>\n<meta name=\"robots\" content=\"index, follow, max-snippet:-1, max-image-preview:large, max-video-preview:-1\" \/>\n<link rel=\"canonical\" href=\"https:\/\/starstory.fr\/blog\/articles\/symbole-fleur-de-lys\/\" \/>\n<meta property=\"og:locale\" content=\"fr_FR\" \/>\n<meta property=\"og:type\" content=\"article\" \/>\n<meta property=\"og:title\" content=\"Symbole Fleur de Lys : Histoire Compl\u00e8te\" \/>\n<meta property=\"og:description\" content=\"Le symbole fleur de lys est riche en significations et en histoire. Souvent associ\u00e9 \u00e0 la royaut\u00e9 fran\u00e7aise, ce motif a travers\u00e9 les si\u00e8cles en incarnant\" \/>\n<meta property=\"og:url\" content=\"https:\/\/starstory.fr\/blog\/articles\/symbole-fleur-de-lys\/\" \/>\n<meta property=\"og:site_name\" content=\"starstory\" \/>\n<meta property=\"og:image\" content=\"https:\/\/starstory.fr\/blog\/wp-content\/uploads\/2026\/05\/sdxl-f1b7bcfb8809b44cd40569c85c3285ad-scaled.png\" \/>\n\t<meta property=\"og:image:width\" content=\"1200\" \/>\n\t<meta property=\"og:image:height\" content=\"500\" \/>\n\t<meta property=\"og:image:type\" content=\"image\/png\" \/>\n<meta name=\"author\" content=\"Rapha\u00ebl D.\" \/>\n<meta name=\"twitter:card\" content=\"summary_large_image\" \/>\n<script type=\"application\/ld+json\" class=\"yoast-schema-graph\">{\"@context\":\"https:\/\/schema.org\",\"@graph\":[{\"@type\":\"NewsArticle\",\"@id\":\"https:\/\/starstory.fr\/blog\/articles\/symbole-fleur-de-lys\/#article\",\"isPartOf\":{\"@id\":\"https:\/\/starstory.fr\/blog\/articles\/symbole-fleur-de-lys\/\"},\"author\":{\"name\":\"Rapha\u00ebl D.\",\"@id\":\"https:\/\/starstory.fr\/blog\/#\/schema\/person\/3c864cdc320801e3db34b663e7e3f816\"},\"headline\":\"Symbole Fleur de Lys : Histoire Compl\u00e8te\",\"datePublished\":\"2026-05-11T09:00:00+00:00\",\"mainEntityOfPage\":{\"@id\":\"https:\/\/starstory.fr\/blog\/articles\/symbole-fleur-de-lys\/\"},\"wordCount\":733,\"commentCount\":0,\"publisher\":{\"@id\":\"https:\/\/starstory.fr\/blog\/#organization\"},\"image\":{\"@id\":\"https:\/\/starstory.fr\/blog\/articles\/symbole-fleur-de-lys\/#primaryimage\"},\"thumbnailUrl\":\"https:\/\/starstory.fr\/blog\/wp-content\/uploads\/2026\/05\/sdxl-f1b7bcfb8809b44cd40569c85c3285ad-scaled.png\",\"articleSection\":[\"Articles\"],\"inLanguage\":\"fr-FR\",\"potentialAction\":[{\"@type\":\"CommentAction\",\"name\":\"Comment\",\"target\":[\"https:\/\/starstory.fr\/blog\/articles\/symbole-fleur-de-lys\/#respond\"]}]},{\"@type\":\"WebPage\",\"@id\":\"https:\/\/starstory.fr\/blog\/articles\/symbole-fleur-de-lys\/\",\"url\":\"https:\/\/starstory.fr\/blog\/articles\/symbole-fleur-de-lys\/\",\"name\":\"Symbole Fleur de Lys : Histoire Compl\u00e8te\",\"isPartOf\":{\"@id\":\"https:\/\/starstory.fr\/blog\/#website\"},\"primaryImageOfPage\":{\"@id\":\"https:\/\/starstory.fr\/blog\/articles\/symbole-fleur-de-lys\/#primaryimage\"},\"image\":{\"@id\":\"https:\/\/starstory.fr\/blog\/articles\/symbole-fleur-de-lys\/#primaryimage\"},\"thumbnailUrl\":\"https:\/\/starstory.fr\/blog\/wp-content\/uploads\/2026\/05\/sdxl-f1b7bcfb8809b44cd40569c85c3285ad-scaled.png\",\"datePublished\":\"2026-05-11T09:00:00+00:00\",\"description\":\"Le symbole fleur de lys est riche en significations et en histoire. Souvent associ\u00e9 \u00e0 la royaut\u00e9 fran\u00e7aise, ce motif a travers\u00e9 les si\u00e8cles en incarnant\",\"inLanguage\":\"fr-FR\",\"potentialAction\":[{\"@type\":\"ReadAction\",\"target\":[\"https:\/\/starstory.fr\/blog\/articles\/symbole-fleur-de-lys\/\"]}]},{\"@type\":\"ImageObject\",\"inLanguage\":\"fr-FR\",\"@id\":\"https:\/\/starstory.fr\/blog\/articles\/symbole-fleur-de-lys\/#primaryimage\",\"url\":\"https:\/\/starstory.fr\/blog\/wp-content\/uploads\/2026\/05\/sdxl-f1b7bcfb8809b44cd40569c85c3285ad-scaled.png\",\"contentUrl\":\"https:\/\/starstory.fr\/blog\/wp-content\/uploads\/2026\/05\/sdxl-f1b7bcfb8809b44cd40569c85c3285ad-scaled.png\",\"width\":1200,\"height\":500},{\"@type\":\"WebSite\",\"@id\":\"https:\/\/starstory.fr\/blog\/#website\",\"url\":\"https:\/\/starstory.fr\/blog\/\",\"name\":\"StarStory\",\"description\":\"StarStory, les \u00e9toiles racontent leur histoire\",\"publisher\":{\"@id\":\"https:\/\/starstory.fr\/blog\/#organization\"},\"alternateName\":\"StarStory, les \u00e9toiles racontent leur histoire\",\"potentialAction\":[{\"@type\":\"SearchAction\",\"target\":{\"@type\":\"EntryPoint\",\"urlTemplate\":\"https:\/\/starstory.fr\/blog\/?s={search_term_string}\"},\"query-input\":{\"@type\":\"PropertyValueSpecification\",\"valueRequired\":true,\"valueName\":\"search_term_string\"}}],\"inLanguage\":\"fr-FR\"},{\"@type\":\"Organization\",\"@id\":\"https:\/\/starstory.fr\/blog\/#organization\",\"name\":\"StarStory\",\"alternateName\":\"StarStory.fr\",\"url\":\"https:\/\/starstory.fr\/blog\/\",\"logo\":{\"@type\":\"ImageObject\",\"inLanguage\":\"fr-FR\",\"@id\":\"https:\/\/starstory.fr\/blog\/#\/schema\/logo\/image\/\",\"url\":\"https:\/\/starstory.fr\/blog\/wp-content\/uploads\/2024\/12\/38.png\",\"contentUrl\":\"https:\/\/starstory.fr\/blog\/wp-content\/uploads\/2024\/12\/38.png\",\"width\":500,\"height\":500,\"caption\":\"StarStory\"},\"image\":{\"@id\":\"https:\/\/starstory.fr\/blog\/#\/schema\/logo\/image\/\"}},{\"@type\":\"Person\",\"@id\":\"https:\/\/starstory.fr\/blog\/#\/schema\/person\/3c864cdc320801e3db34b663e7e3f816\",\"name\":\"Rapha\u00ebl D.\",\"image\":{\"@type\":\"ImageObject\",\"inLanguage\":\"fr-FR\",\"@id\":\"https:\/\/starstory.fr\/blog\/#\/schema\/person\/image\/\",\"url\":\"https:\/\/starstory.fr\/blog\/wp-content\/uploads\/2026\/06\/persona_raphael-d-96x96.jpg\",\"contentUrl\":\"https:\/\/starstory.fr\/blog\/wp-content\/uploads\/2026\/06\/persona_raphael-d-96x96.jpg\",\"caption\":\"Rapha\u00ebl D.\"},\"description\":\"La culture est mon terrain de jeu depuis une dizaine d'ann\u00e9es : arts visuels, s\u00e9ries, cr\u00e9ation et tout ce qui nourrit l'imaginaire. J'\u00e9cris aussi bien sur l'actualit\u00e9 des \u0153uvres que sur les coulisses de la cr\u00e9ation, avec l'envie de relier l'amateur curieux \u00e0 des univers parfois jug\u00e9s intimidants. J'aime analyser une s\u00e9rie ou une d\u00e9marche artistique sans p\u00e9dantisme, replacer une \u0153uvre dans son contexte et donner des cl\u00e9s de lecture accessibles. Avant de publier, je v\u00e9rifie mes r\u00e9f\u00e9rences, je recoupe les sources et je distingue clairement le fait de mon interpr\u00e9tation subjective. Je crois qu'une critique vaut surtout par les arguments qu'elle expose, pas par la sentence qu'elle rend. Mon angle : transmettre l'envie de d\u00e9couvrir, de regarder autrement et de se forger son propre go\u00fbt. La culture n'appartient pas qu'aux initi\u00e9s, et c'est tout l'enjeu de mon \u00e9criture.\",\"url\":\"https:\/\/starstory.fr\/blog\/auteur\/noname\/\",\"jobTitle\":\"R\u00e9dacteur en chef \u00b7 Culture & Cr\u00e9ation\",\"knowsAbout\":[\"Culture\",\"Cr\u00e9ation\"],\"email\":\"raphael.d@a-l-asso-de-l-art.fr\"}]}<\/script>\n<!-- \/ Yoast SEO Premium plugin. -->","yoast_head_json":{"title":"Symbole Fleur de Lys : Histoire Compl\u00e8te","description":"Le symbole fleur de lys est riche en significations et en histoire. Souvent associ\u00e9 \u00e0 la royaut\u00e9 fran\u00e7aise, ce motif a travers\u00e9 les si\u00e8cles en incarnant","robots":{"index":"index","follow":"follow","max-snippet":"max-snippet:-1","max-image-preview":"max-image-preview:large","max-video-preview":"max-video-preview:-1"},"canonical":"https:\/\/starstory.fr\/blog\/articles\/symbole-fleur-de-lys\/","og_locale":"fr_FR","og_type":"article","og_title":"Symbole Fleur de Lys : Histoire Compl\u00e8te","og_description":"Le symbole fleur de lys est riche en significations et en histoire. Souvent associ\u00e9 \u00e0 la royaut\u00e9 fran\u00e7aise, ce motif a travers\u00e9 les si\u00e8cles en incarnant","og_url":"https:\/\/starstory.fr\/blog\/articles\/symbole-fleur-de-lys\/","og_site_name":"starstory","og_image":[{"width":1200,"height":500,"url":"https:\/\/starstory.fr\/blog\/wp-content\/uploads\/2026\/05\/sdxl-f1b7bcfb8809b44cd40569c85c3285ad-scaled.png","type":"image\/png"}],"author":"Rapha\u00ebl D.","twitter_card":"summary_large_image","schema":{"@context":"https:\/\/schema.org","@graph":[{"@type":"NewsArticle","@id":"https:\/\/starstory.fr\/blog\/articles\/symbole-fleur-de-lys\/#article","isPartOf":{"@id":"https:\/\/starstory.fr\/blog\/articles\/symbole-fleur-de-lys\/"},"author":{"name":"Rapha\u00ebl D.","@id":"https:\/\/starstory.fr\/blog\/#\/schema\/person\/3c864cdc320801e3db34b663e7e3f816"},"headline":"Symbole Fleur de Lys : Histoire Compl\u00e8te","datePublished":"2026-05-11T09:00:00+00:00","mainEntityOfPage":{"@id":"https:\/\/starstory.fr\/blog\/articles\/symbole-fleur-de-lys\/"},"wordCount":733,"commentCount":0,"publisher":{"@id":"https:\/\/starstory.fr\/blog\/#organization"},"image":{"@id":"https:\/\/starstory.fr\/blog\/articles\/symbole-fleur-de-lys\/#primaryimage"},"thumbnailUrl":"https:\/\/starstory.fr\/blog\/wp-content\/uploads\/2026\/05\/sdxl-f1b7bcfb8809b44cd40569c85c3285ad-scaled.png","articleSection":["Articles"],"inLanguage":"fr-FR","potentialAction":[{"@type":"CommentAction","name":"Comment","target":["https:\/\/starstory.fr\/blog\/articles\/symbole-fleur-de-lys\/#respond"]}]},{"@type":"WebPage","@id":"https:\/\/starstory.fr\/blog\/articles\/symbole-fleur-de-lys\/","url":"https:\/\/starstory.fr\/blog\/articles\/symbole-fleur-de-lys\/","name":"Symbole Fleur de Lys : Histoire Compl\u00e8te","isPartOf":{"@id":"https:\/\/starstory.fr\/blog\/#website"},"primaryImageOfPage":{"@id":"https:\/\/starstory.fr\/blog\/articles\/symbole-fleur-de-lys\/#primaryimage"},"image":{"@id":"https:\/\/starstory.fr\/blog\/articles\/symbole-fleur-de-lys\/#primaryimage"},"thumbnailUrl":"https:\/\/starstory.fr\/blog\/wp-content\/uploads\/2026\/05\/sdxl-f1b7bcfb8809b44cd40569c85c3285ad-scaled.png","datePublished":"2026-05-11T09:00:00+00:00","description":"Le symbole fleur de lys est riche en significations et en histoire. Souvent associ\u00e9 \u00e0 la royaut\u00e9 fran\u00e7aise, ce motif a travers\u00e9 les si\u00e8cles en incarnant","inLanguage":"fr-FR","potentialAction":[{"@type":"ReadAction","target":["https:\/\/starstory.fr\/blog\/articles\/symbole-fleur-de-lys\/"]}]},{"@type":"ImageObject","inLanguage":"fr-FR","@id":"https:\/\/starstory.fr\/blog\/articles\/symbole-fleur-de-lys\/#primaryimage","url":"https:\/\/starstory.fr\/blog\/wp-content\/uploads\/2026\/05\/sdxl-f1b7bcfb8809b44cd40569c85c3285ad-scaled.png","contentUrl":"https:\/\/starstory.fr\/blog\/wp-content\/uploads\/2026\/05\/sdxl-f1b7bcfb8809b44cd40569c85c3285ad-scaled.png","width":1200,"height":500},{"@type":"WebSite","@id":"https:\/\/starstory.fr\/blog\/#website","url":"https:\/\/starstory.fr\/blog\/","name":"StarStory","description":"StarStory, les \u00e9toiles racontent leur histoire","publisher":{"@id":"https:\/\/starstory.fr\/blog\/#organization"},"alternateName":"StarStory, les \u00e9toiles racontent leur histoire","potentialAction":[{"@type":"SearchAction","target":{"@type":"EntryPoint","urlTemplate":"https:\/\/starstory.fr\/blog\/?s={search_term_string}"},"query-input":{"@type":"PropertyValueSpecification","valueRequired":true,"valueName":"search_term_string"}}],"inLanguage":"fr-FR"},{"@type":"Organization","@id":"https:\/\/starstory.fr\/blog\/#organization","name":"StarStory","alternateName":"StarStory.fr","url":"https:\/\/starstory.fr\/blog\/","logo":{"@type":"ImageObject","inLanguage":"fr-FR","@id":"https:\/\/starstory.fr\/blog\/#\/schema\/logo\/image\/","url":"https:\/\/starstory.fr\/blog\/wp-content\/uploads\/2024\/12\/38.png","contentUrl":"https:\/\/starstory.fr\/blog\/wp-content\/uploads\/2024\/12\/38.png","width":500,"height":500,"caption":"StarStory"},"image":{"@id":"https:\/\/starstory.fr\/blog\/#\/schema\/logo\/image\/"}},{"@type":"Person","@id":"https:\/\/starstory.fr\/blog\/#\/schema\/person\/3c864cdc320801e3db34b663e7e3f816","name":"Rapha\u00ebl D.","image":{"@type":"ImageObject","inLanguage":"fr-FR","@id":"https:\/\/starstory.fr\/blog\/#\/schema\/person\/image\/","url":"https:\/\/starstory.fr\/blog\/wp-content\/uploads\/2026\/06\/persona_raphael-d-96x96.jpg","contentUrl":"https:\/\/starstory.fr\/blog\/wp-content\/uploads\/2026\/06\/persona_raphael-d-96x96.jpg","caption":"Rapha\u00ebl D."},"description":"La culture est mon terrain de jeu depuis une dizaine d'ann\u00e9es : arts visuels, s\u00e9ries, cr\u00e9ation et tout ce qui nourrit l'imaginaire. J'\u00e9cris aussi bien sur l'actualit\u00e9 des \u0153uvres que sur les coulisses de la cr\u00e9ation, avec l'envie de relier l'amateur curieux \u00e0 des univers parfois jug\u00e9s intimidants. J'aime analyser une s\u00e9rie ou une d\u00e9marche artistique sans p\u00e9dantisme, replacer une \u0153uvre dans son contexte et donner des cl\u00e9s de lecture accessibles. Avant de publier, je v\u00e9rifie mes r\u00e9f\u00e9rences, je recoupe les sources et je distingue clairement le fait de mon interpr\u00e9tation subjective. Je crois qu'une critique vaut surtout par les arguments qu'elle expose, pas par la sentence qu'elle rend. Mon angle : transmettre l'envie de d\u00e9couvrir, de regarder autrement et de se forger son propre go\u00fbt. La culture n'appartient pas qu'aux initi\u00e9s, et c'est tout l'enjeu de mon \u00e9criture.","url":"https:\/\/starstory.fr\/blog\/auteur\/noname\/","jobTitle":"R\u00e9dacteur en chef \u00b7 Culture & Cr\u00e9ation","knowsAbout":["Culture","Cr\u00e9ation"],"email":"raphael.d@a-l-asso-de-l-art.fr"}]}},"_links":{"self":[{"href":"https:\/\/starstory.fr\/blog\/wp-json\/wp\/v2\/posts\/7806","targetHints":{"allow":["GET"]}}],"collection":[{"href":"https:\/\/starstory.fr\/blog\/wp-json\/wp\/v2\/posts"}],"about":[{"href":"https:\/\/starstory.fr\/blog\/wp-json\/wp\/v2\/types\/post"}],"author":[{"embeddable":true,"href":"https:\/\/starstory.fr\/blog\/wp-json\/wp\/v2\/users\/34"}],"replies":[{"embeddable":true,"href":"https:\/\/starstory.fr\/blog\/wp-json\/wp\/v2\/comments?post=7806"}],"version-history":[{"count":1,"href":"https:\/\/starstory.fr\/blog\/wp-json\/wp\/v2\/posts\/7806\/revisions"}],"predecessor-version":[{"id":7897,"href":"https:\/\/starstory.fr\/blog\/wp-json\/wp\/v2\/posts\/7806\/revisions\/7897"}],"wp:featuredmedia":[{"embeddable":true,"href":"https:\/\/starstory.fr\/blog\/wp-json\/wp\/v2\/media\/7898"}],"wp:attachment":[{"href":"https:\/\/starstory.fr\/blog\/wp-json\/wp\/v2\/media?parent=7806"}],"wp:term":[{"taxonomy":"category","embeddable":true,"href":"https:\/\/starstory.fr\/blog\/wp-json\/wp\/v2\/categories?post=7806"},{"taxonomy":"post_tag","embeddable":true,"href":"https:\/\/starstory.fr\/blog\/wp-json\/wp\/v2\/tags?post=7806"}],"curies":[{"name":"wp","href":"https:\/\/api.w.org\/{rel}","templated":true}]}}