{"id":7804,"date":"2026-05-09T09:00:00","date_gmt":"2026-05-09T09:00:00","guid":{"rendered":"https:\/\/starstory.fr\/blog\/?p=7804"},"modified":"2026-05-09T09:00:00","modified_gmt":"2026-05-09T09:00:00","slug":"origine-paella","status":"publish","type":"post","link":"https:\/\/starstory.fr\/blog\/articles\/origine-paella\/","title":{"rendered":"Origine Paella : Histoire Compl\u00e8te d&rsquo;Espagne"},"content":{"rendered":"<p>La paella, plat embl\u00e9matique de la gastronomie espagnole, trouve ses racines dans la r\u00e9gion de Valence. Ce plat, dont le nom provient du mot catalan d\u00e9signant la po\u00eale dans laquelle il est cuisin\u00e9, est bien plus qu\u2019un simple m\u00e9lange de riz et d\u2019ingr\u00e9dients. Sa cr\u00e9ation remonte au milieu du XIXe si\u00e8cle, au sein des familles rurales qui utilisaient des produits locaux pour nourrir les travailleurs agricoles. La paella est devenue un symbole de partage et de convivialit\u00e9, ancr\u00e9e dans la culture espagnole.<\/p>\n<p>En 2026, le prix d\u2019une paella traditionnelle en Espagne oscille entre 12 et 25 euros par portion, selon les ingr\u00e9dients utilis\u00e9s et le restaurant choisi. Ces chiffres t\u00e9moignent de l\u2019\u00e9volution du plat, tant en termes de popularit\u00e9 que d\u2019impact \u00e9conomique sur le secteur de la restauration.<\/p>\n<h2>Les origines rurales de la paella<\/h2>\n<h3>Une tradition agricole<\/h3>\n<p>La paella trouve son origine dans la campagne valencienne, o\u00f9 les agriculteurs pr\u00e9paraient ce plat avec des ingr\u00e9dients disponibles localement. Le riz, \u00e9l\u00e9ment central du plat, \u00e9tait cultiv\u00e9 dans les rizi\u00e8res environnantes. Les premiers plats ressemblaient davantage \u00e0 une soupe \u00e9paisse qu\u2019\u00e0 la paella que nous connaissons aujourd\u2019hui.<\/p>\n<h3>Influence des cultures<\/h3>\n<p>L\u2019histoire de la paella est marqu\u00e9e par l\u2019influence des diff\u00e9rentes cultures qui ont travers\u00e9 l\u2019Espagne. Les Arabes ont introduit le riz en Espagne au VIIIe si\u00e8cle, tandis que les Romains ont contribu\u00e9 \u00e0 l\u2019agriculture locale. Cette richesse culturelle a fa\u00e7onn\u00e9 les recettes au fil du temps, int\u00e9grant des \u00e9l\u00e9ments comme les fruits de mer et les viandes.<\/p>\n<h2>La recette embl\u00e9matique : ingr\u00e9dients et variations<\/h2>\n<h3>Ingr\u00e9dients principaux<\/h3>\n<ul>\n<li><strong>Riz<\/strong> : id\u00e9alement du riz bomba ou s\u00e9nia.<\/li>\n<li><strong>Viande<\/strong> : souvent du poulet ou du lapin.<\/li>\n<li><strong>Fruits de mer<\/strong> : crevettes, moules ou calamars.<\/li>\n<li><strong>L\u00e9gumes<\/strong> : haricots verts et tomates.<\/li>\n<li><strong>\u00c9pices<\/strong> : safran pour la couleur et le go\u00fbt.<\/li>\n<\/ul>\n<h3>Variantes populaires<\/h3>\n<ol>\n<li><strong>Paella Valenciana<\/strong> : version traditionnelle avec poulet et lapin.<\/li>\n<li><strong>Paella de Marisco<\/strong> : uniquement des fruits de mer.<\/li>\n<li><strong>Paella Mixta<\/strong> : m\u00e9lange viande et fruits de mer.<\/li>\n<\/ol>\n<table class=\"kwdbank-table\">\n<thead>\n<tr>\n<th>Type de Paella<\/th>\n<th>Ingr\u00e9dients principaux<\/th>\n<th>Prix moyen (2026)<\/th>\n<\/tr>\n<\/thead>\n<tbody>\n<tr>\n<td>Paella Valenciana<\/td>\n<td>Poulet, lapin, haricots verts<\/td>\n<td>15-20 euros<\/td>\n<\/tr>\n<tr>\n<td>Paella de Marisco<\/td>\n<td>Crevettes, moules<\/td>\n<td>20-25 euros<\/td>\n<\/tr>\n<tr>\n<td>Paella Mixta<\/td>\n<td>Poulet, fruits de mer<\/td>\n<td>18-24 euros<\/td>\n<\/tr>\n<\/tbody>\n<\/table>\n<h2>\u00c9volution et popularit\u00e9<\/h2>\n<h3>Un plat festif<\/h3>\n<p>Au fil des d\u00e9cennies, la paella est devenue un plat festif appr\u00e9ci\u00e9 lors des r\u00e9unions familiales et des c\u00e9l\u00e9brations. Sa pr\u00e9paration se fait souvent en plein air sur un feu ouvert, renfor\u00e7ant son image conviviale.<\/p>\n<h3>Impact \u00e9conomique<\/h3>\n<p>La popularit\u00e9 croissante de la paella a \u00e9galement eu un impact \u00e9conomique significatif sur le secteur touristique en Espagne. En 2022, le tourisme gastronomique repr\u00e9sentait environ 30% des recettes touristiques totales en Espagne.<\/p>\n<h2>Pi\u00e8ges \u00e0 \u00e9viter lors de la pr\u00e9paration<\/h2>\n<p>Lorsqu\u2019il s\u2019agit de pr\u00e9parer une bonne paella, il existe plusieurs pi\u00e8ges \u00e0 \u00e9viter :<\/p>\n<ol>\n<li>Utiliser un riz non adapt\u00e9 (pr\u00e9f\u00e9rez le riz bomba).<\/li>\n<li>Trop remuer pendant la cuisson (cela emp\u00eache la formation d\u2019une cro\u00fbte croustillante).<\/li>\n<li>Ne pas respecter les temps de cuisson pour chaque ingr\u00e9dient.<\/li>\n<\/ol>\n<h2>Comment d\u00e9guster une paella ?<\/h2>\n<p>D\u00e9guster une paella ne se limite pas \u00e0 savourer un plat ; c\u2019est une exp\u00e9rience culturelle. Voici quelques conseils :<\/p>\n<ul>\n<li><strong>Accompagnement<\/strong> : Servez avec un verre d\u2019eau p\u00e9tillante ou un vin blanc l\u00e9ger.<\/li>\n<li><strong>Convivialit\u00e9<\/strong> : Traditionnellement servie directement dans la po\u00eale pour partager.<\/li>\n<li><strong>Pr\u00e9sentation<\/strong> : Garnissez avec des quartiers de citron pour rehausser les saveurs.<\/li>\n<\/ul>\n<h2>FAQ<\/h2>\n<h3>Quelle est l\u2019origine g\u00e9ographique exacte de la paella ?<\/h3>\n<p>La paella vient sp\u00e9cifiquement de Valence, sur la c\u00f4te est de l\u2019Espagne.<\/p>\n<h3>Quels types de riz sont recommand\u00e9s pour pr\u00e9parer une paella ?<\/h3>\n<p>Le riz bomba ou le riz s\u00e9nia sont id\u00e9aux car ils absorbent bien les saveurs sans devenir p\u00e2teux.<\/p>\n<h3>Quelle est la diff\u00e9rence entre une paella valencienne et une paella mixte ?<\/h3>\n<p>La paella valencienne utilise principalement du poulet et du lapin, tandis que la paella mixte combine viande et fruits de mer.<\/p>\n<h3>Peut-on pr\u00e9parer une version v\u00e9g\u00e9tarienne ?<\/h3>\n<p>Oui, il existe des recettes v\u00e9g\u00e9tariennes qui remplacent les viandes par divers l\u00e9gumes et l\u00e9gumineuses.<\/p>\n<h3>Quelle est l\u2019importance du safran dans une vraie paella ?<\/h3>\n<p>Le safran donne non seulement sa couleur dor\u00e9e au plat mais aussi un go\u00fbt unique qui caract\u00e9rise v\u00e9ritablement ce met espagnol.<\/p>\n<p>Pour d\u00e9couvrir l\u2019authenticit\u00e9 d\u2019une bonne paella, n\u2019h\u00e9sitez pas \u00e0 visiter Valence ou \u00e0 essayer une recette traditionnelle chez vous !<\/p>\n","protected":false},"excerpt":{"rendered":"","protected":false},"author":34,"featured_media":7900,"comment_status":"open","ping_status":"open","sticky":false,"template":"","format":"standard","meta":{"_acf_changed":false,"manual_indexmenow":false,"indexmenow_id_project":0,"footnotes":""},"categories":[4835],"tags":[],"class_list":["post-7804","post","type-post","status-publish","format-standard","has-post-thumbnail","hentry","category-articles","generate-columns","tablet-grid-50","mobile-grid-100","grid-parent","grid-25"],"acf":[],"yoast_head":"<!-- This site is optimized with the Yoast SEO Premium plugin v21.3 (Yoast SEO v26.5) - https:\/\/yoast.com\/wordpress\/plugins\/seo\/ -->\n<title>Origine Paella : Histoire Compl\u00e8te d&#039;Espagne<\/title>\n<meta name=\"description\" content=\"La paella, plat embl\u00e9matique de la gastronomie espagnole, trouve ses racines dans la r\u00e9gion de Valence. Ce plat, dont le nom provient du mot catalan\" \/>\n<meta name=\"robots\" content=\"index, follow, max-snippet:-1, max-image-preview:large, max-video-preview:-1\" \/>\n<link rel=\"canonical\" href=\"https:\/\/starstory.fr\/blog\/articles\/origine-paella\/\" \/>\n<meta property=\"og:locale\" content=\"fr_FR\" \/>\n<meta property=\"og:type\" content=\"article\" \/>\n<meta property=\"og:title\" content=\"Origine Paella : Histoire Compl\u00e8te d&#039;Espagne\" \/>\n<meta property=\"og:description\" content=\"La paella, plat embl\u00e9matique de la gastronomie espagnole, trouve ses racines dans la r\u00e9gion de Valence. Ce plat, dont le nom provient du mot catalan\" \/>\n<meta property=\"og:url\" content=\"https:\/\/starstory.fr\/blog\/articles\/origine-paella\/\" \/>\n<meta property=\"og:site_name\" content=\"starstory\" \/>\n<meta property=\"og:image\" content=\"https:\/\/starstory.fr\/blog\/wp-content\/uploads\/2026\/05\/sdxl-d653f4ff5dffed766c52cf5c824b96fc-scaled.png\" \/>\n\t<meta property=\"og:image:width\" content=\"1200\" \/>\n\t<meta property=\"og:image:height\" content=\"500\" \/>\n\t<meta property=\"og:image:type\" content=\"image\/png\" \/>\n<meta name=\"author\" content=\"Rapha\u00ebl D.\" \/>\n<meta name=\"twitter:card\" content=\"summary_large_image\" \/>\n<script type=\"application\/ld+json\" class=\"yoast-schema-graph\">{\"@context\":\"https:\/\/schema.org\",\"@graph\":[{\"@type\":\"NewsArticle\",\"@id\":\"https:\/\/starstory.fr\/blog\/articles\/origine-paella\/#article\",\"isPartOf\":{\"@id\":\"https:\/\/starstory.fr\/blog\/articles\/origine-paella\/\"},\"author\":{\"name\":\"Rapha\u00ebl D.\",\"@id\":\"https:\/\/starstory.fr\/blog\/#\/schema\/person\/3c864cdc320801e3db34b663e7e3f816\"},\"headline\":\"Origine Paella : Histoire Compl\u00e8te d&rsquo;Espagne\",\"datePublished\":\"2026-05-09T09:00:00+00:00\",\"mainEntityOfPage\":{\"@id\":\"https:\/\/starstory.fr\/blog\/articles\/origine-paella\/\"},\"wordCount\":768,\"commentCount\":0,\"publisher\":{\"@id\":\"https:\/\/starstory.fr\/blog\/#organization\"},\"image\":{\"@id\":\"https:\/\/starstory.fr\/blog\/articles\/origine-paella\/#primaryimage\"},\"thumbnailUrl\":\"https:\/\/starstory.fr\/blog\/wp-content\/uploads\/2026\/05\/sdxl-d653f4ff5dffed766c52cf5c824b96fc-scaled.png\",\"articleSection\":[\"Articles\"],\"inLanguage\":\"fr-FR\",\"potentialAction\":[{\"@type\":\"CommentAction\",\"name\":\"Comment\",\"target\":[\"https:\/\/starstory.fr\/blog\/articles\/origine-paella\/#respond\"]}]},{\"@type\":\"WebPage\",\"@id\":\"https:\/\/starstory.fr\/blog\/articles\/origine-paella\/\",\"url\":\"https:\/\/starstory.fr\/blog\/articles\/origine-paella\/\",\"name\":\"Origine Paella : Histoire Compl\u00e8te d'Espagne\",\"isPartOf\":{\"@id\":\"https:\/\/starstory.fr\/blog\/#website\"},\"primaryImageOfPage\":{\"@id\":\"https:\/\/starstory.fr\/blog\/articles\/origine-paella\/#primaryimage\"},\"image\":{\"@id\":\"https:\/\/starstory.fr\/blog\/articles\/origine-paella\/#primaryimage\"},\"thumbnailUrl\":\"https:\/\/starstory.fr\/blog\/wp-content\/uploads\/2026\/05\/sdxl-d653f4ff5dffed766c52cf5c824b96fc-scaled.png\",\"datePublished\":\"2026-05-09T09:00:00+00:00\",\"description\":\"La paella, plat embl\u00e9matique de la gastronomie espagnole, trouve ses racines dans la r\u00e9gion de Valence. Ce plat, dont le nom provient du mot catalan\",\"inLanguage\":\"fr-FR\",\"potentialAction\":[{\"@type\":\"ReadAction\",\"target\":[\"https:\/\/starstory.fr\/blog\/articles\/origine-paella\/\"]}]},{\"@type\":\"ImageObject\",\"inLanguage\":\"fr-FR\",\"@id\":\"https:\/\/starstory.fr\/blog\/articles\/origine-paella\/#primaryimage\",\"url\":\"https:\/\/starstory.fr\/blog\/wp-content\/uploads\/2026\/05\/sdxl-d653f4ff5dffed766c52cf5c824b96fc-scaled.png\",\"contentUrl\":\"https:\/\/starstory.fr\/blog\/wp-content\/uploads\/2026\/05\/sdxl-d653f4ff5dffed766c52cf5c824b96fc-scaled.png\",\"width\":1200,\"height\":500},{\"@type\":\"WebSite\",\"@id\":\"https:\/\/starstory.fr\/blog\/#website\",\"url\":\"https:\/\/starstory.fr\/blog\/\",\"name\":\"StarStory\",\"description\":\"StarStory, les \u00e9toiles racontent leur histoire\",\"publisher\":{\"@id\":\"https:\/\/starstory.fr\/blog\/#organization\"},\"alternateName\":\"StarStory, les \u00e9toiles racontent leur histoire\",\"potentialAction\":[{\"@type\":\"SearchAction\",\"target\":{\"@type\":\"EntryPoint\",\"urlTemplate\":\"https:\/\/starstory.fr\/blog\/?s={search_term_string}\"},\"query-input\":{\"@type\":\"PropertyValueSpecification\",\"valueRequired\":true,\"valueName\":\"search_term_string\"}}],\"inLanguage\":\"fr-FR\"},{\"@type\":\"Organization\",\"@id\":\"https:\/\/starstory.fr\/blog\/#organization\",\"name\":\"StarStory\",\"alternateName\":\"StarStory.fr\",\"url\":\"https:\/\/starstory.fr\/blog\/\",\"logo\":{\"@type\":\"ImageObject\",\"inLanguage\":\"fr-FR\",\"@id\":\"https:\/\/starstory.fr\/blog\/#\/schema\/logo\/image\/\",\"url\":\"https:\/\/starstory.fr\/blog\/wp-content\/uploads\/2024\/12\/38.png\",\"contentUrl\":\"https:\/\/starstory.fr\/blog\/wp-content\/uploads\/2024\/12\/38.png\",\"width\":500,\"height\":500,\"caption\":\"StarStory\"},\"image\":{\"@id\":\"https:\/\/starstory.fr\/blog\/#\/schema\/logo\/image\/\"}},{\"@type\":\"Person\",\"@id\":\"https:\/\/starstory.fr\/blog\/#\/schema\/person\/3c864cdc320801e3db34b663e7e3f816\",\"name\":\"Rapha\u00ebl D.\",\"image\":{\"@type\":\"ImageObject\",\"inLanguage\":\"fr-FR\",\"@id\":\"https:\/\/starstory.fr\/blog\/#\/schema\/person\/image\/\",\"url\":\"https:\/\/starstory.fr\/blog\/wp-content\/uploads\/2026\/06\/persona_raphael-d-96x96.jpg\",\"contentUrl\":\"https:\/\/starstory.fr\/blog\/wp-content\/uploads\/2026\/06\/persona_raphael-d-96x96.jpg\",\"caption\":\"Rapha\u00ebl D.\"},\"description\":\"La culture est mon terrain de jeu depuis une dizaine d'ann\u00e9es : arts visuels, s\u00e9ries, cr\u00e9ation et tout ce qui nourrit l'imaginaire. J'\u00e9cris aussi bien sur l'actualit\u00e9 des \u0153uvres que sur les coulisses de la cr\u00e9ation, avec l'envie de relier l'amateur curieux \u00e0 des univers parfois jug\u00e9s intimidants. J'aime analyser une s\u00e9rie ou une d\u00e9marche artistique sans p\u00e9dantisme, replacer une \u0153uvre dans son contexte et donner des cl\u00e9s de lecture accessibles. Avant de publier, je v\u00e9rifie mes r\u00e9f\u00e9rences, je recoupe les sources et je distingue clairement le fait de mon interpr\u00e9tation subjective. Je crois qu'une critique vaut surtout par les arguments qu'elle expose, pas par la sentence qu'elle rend. Mon angle : transmettre l'envie de d\u00e9couvrir, de regarder autrement et de se forger son propre go\u00fbt. La culture n'appartient pas qu'aux initi\u00e9s, et c'est tout l'enjeu de mon \u00e9criture.\",\"url\":\"https:\/\/starstory.fr\/blog\/auteur\/noname\/\",\"jobTitle\":\"R\u00e9dacteur en chef \u00b7 Culture & Cr\u00e9ation\",\"knowsAbout\":[\"Culture\",\"Cr\u00e9ation\"],\"email\":\"raphael.d@a-l-asso-de-l-art.fr\"}]}<\/script>\n<!-- \/ Yoast SEO Premium plugin. -->","yoast_head_json":{"title":"Origine Paella : Histoire Compl\u00e8te d'Espagne","description":"La paella, plat embl\u00e9matique de la gastronomie espagnole, trouve ses racines dans la r\u00e9gion de Valence. Ce plat, dont le nom provient du mot catalan","robots":{"index":"index","follow":"follow","max-snippet":"max-snippet:-1","max-image-preview":"max-image-preview:large","max-video-preview":"max-video-preview:-1"},"canonical":"https:\/\/starstory.fr\/blog\/articles\/origine-paella\/","og_locale":"fr_FR","og_type":"article","og_title":"Origine Paella : Histoire Compl\u00e8te d'Espagne","og_description":"La paella, plat embl\u00e9matique de la gastronomie espagnole, trouve ses racines dans la r\u00e9gion de Valence. Ce plat, dont le nom provient du mot catalan","og_url":"https:\/\/starstory.fr\/blog\/articles\/origine-paella\/","og_site_name":"starstory","og_image":[{"width":1200,"height":500,"url":"https:\/\/starstory.fr\/blog\/wp-content\/uploads\/2026\/05\/sdxl-d653f4ff5dffed766c52cf5c824b96fc-scaled.png","type":"image\/png"}],"author":"Rapha\u00ebl D.","twitter_card":"summary_large_image","schema":{"@context":"https:\/\/schema.org","@graph":[{"@type":"NewsArticle","@id":"https:\/\/starstory.fr\/blog\/articles\/origine-paella\/#article","isPartOf":{"@id":"https:\/\/starstory.fr\/blog\/articles\/origine-paella\/"},"author":{"name":"Rapha\u00ebl D.","@id":"https:\/\/starstory.fr\/blog\/#\/schema\/person\/3c864cdc320801e3db34b663e7e3f816"},"headline":"Origine Paella : Histoire Compl\u00e8te d&rsquo;Espagne","datePublished":"2026-05-09T09:00:00+00:00","mainEntityOfPage":{"@id":"https:\/\/starstory.fr\/blog\/articles\/origine-paella\/"},"wordCount":768,"commentCount":0,"publisher":{"@id":"https:\/\/starstory.fr\/blog\/#organization"},"image":{"@id":"https:\/\/starstory.fr\/blog\/articles\/origine-paella\/#primaryimage"},"thumbnailUrl":"https:\/\/starstory.fr\/blog\/wp-content\/uploads\/2026\/05\/sdxl-d653f4ff5dffed766c52cf5c824b96fc-scaled.png","articleSection":["Articles"],"inLanguage":"fr-FR","potentialAction":[{"@type":"CommentAction","name":"Comment","target":["https:\/\/starstory.fr\/blog\/articles\/origine-paella\/#respond"]}]},{"@type":"WebPage","@id":"https:\/\/starstory.fr\/blog\/articles\/origine-paella\/","url":"https:\/\/starstory.fr\/blog\/articles\/origine-paella\/","name":"Origine Paella : Histoire Compl\u00e8te d'Espagne","isPartOf":{"@id":"https:\/\/starstory.fr\/blog\/#website"},"primaryImageOfPage":{"@id":"https:\/\/starstory.fr\/blog\/articles\/origine-paella\/#primaryimage"},"image":{"@id":"https:\/\/starstory.fr\/blog\/articles\/origine-paella\/#primaryimage"},"thumbnailUrl":"https:\/\/starstory.fr\/blog\/wp-content\/uploads\/2026\/05\/sdxl-d653f4ff5dffed766c52cf5c824b96fc-scaled.png","datePublished":"2026-05-09T09:00:00+00:00","description":"La paella, plat embl\u00e9matique de la gastronomie espagnole, trouve ses racines dans la r\u00e9gion de Valence. Ce plat, dont le nom provient du mot catalan","inLanguage":"fr-FR","potentialAction":[{"@type":"ReadAction","target":["https:\/\/starstory.fr\/blog\/articles\/origine-paella\/"]}]},{"@type":"ImageObject","inLanguage":"fr-FR","@id":"https:\/\/starstory.fr\/blog\/articles\/origine-paella\/#primaryimage","url":"https:\/\/starstory.fr\/blog\/wp-content\/uploads\/2026\/05\/sdxl-d653f4ff5dffed766c52cf5c824b96fc-scaled.png","contentUrl":"https:\/\/starstory.fr\/blog\/wp-content\/uploads\/2026\/05\/sdxl-d653f4ff5dffed766c52cf5c824b96fc-scaled.png","width":1200,"height":500},{"@type":"WebSite","@id":"https:\/\/starstory.fr\/blog\/#website","url":"https:\/\/starstory.fr\/blog\/","name":"StarStory","description":"StarStory, les \u00e9toiles racontent leur histoire","publisher":{"@id":"https:\/\/starstory.fr\/blog\/#organization"},"alternateName":"StarStory, les \u00e9toiles racontent leur histoire","potentialAction":[{"@type":"SearchAction","target":{"@type":"EntryPoint","urlTemplate":"https:\/\/starstory.fr\/blog\/?s={search_term_string}"},"query-input":{"@type":"PropertyValueSpecification","valueRequired":true,"valueName":"search_term_string"}}],"inLanguage":"fr-FR"},{"@type":"Organization","@id":"https:\/\/starstory.fr\/blog\/#organization","name":"StarStory","alternateName":"StarStory.fr","url":"https:\/\/starstory.fr\/blog\/","logo":{"@type":"ImageObject","inLanguage":"fr-FR","@id":"https:\/\/starstory.fr\/blog\/#\/schema\/logo\/image\/","url":"https:\/\/starstory.fr\/blog\/wp-content\/uploads\/2024\/12\/38.png","contentUrl":"https:\/\/starstory.fr\/blog\/wp-content\/uploads\/2024\/12\/38.png","width":500,"height":500,"caption":"StarStory"},"image":{"@id":"https:\/\/starstory.fr\/blog\/#\/schema\/logo\/image\/"}},{"@type":"Person","@id":"https:\/\/starstory.fr\/blog\/#\/schema\/person\/3c864cdc320801e3db34b663e7e3f816","name":"Rapha\u00ebl D.","image":{"@type":"ImageObject","inLanguage":"fr-FR","@id":"https:\/\/starstory.fr\/blog\/#\/schema\/person\/image\/","url":"https:\/\/starstory.fr\/blog\/wp-content\/uploads\/2026\/06\/persona_raphael-d-96x96.jpg","contentUrl":"https:\/\/starstory.fr\/blog\/wp-content\/uploads\/2026\/06\/persona_raphael-d-96x96.jpg","caption":"Rapha\u00ebl D."},"description":"La culture est mon terrain de jeu depuis une dizaine d'ann\u00e9es : arts visuels, s\u00e9ries, cr\u00e9ation et tout ce qui nourrit l'imaginaire. J'\u00e9cris aussi bien sur l'actualit\u00e9 des \u0153uvres que sur les coulisses de la cr\u00e9ation, avec l'envie de relier l'amateur curieux \u00e0 des univers parfois jug\u00e9s intimidants. J'aime analyser une s\u00e9rie ou une d\u00e9marche artistique sans p\u00e9dantisme, replacer une \u0153uvre dans son contexte et donner des cl\u00e9s de lecture accessibles. Avant de publier, je v\u00e9rifie mes r\u00e9f\u00e9rences, je recoupe les sources et je distingue clairement le fait de mon interpr\u00e9tation subjective. Je crois qu'une critique vaut surtout par les arguments qu'elle expose, pas par la sentence qu'elle rend. Mon angle : transmettre l'envie de d\u00e9couvrir, de regarder autrement et de se forger son propre go\u00fbt. La culture n'appartient pas qu'aux initi\u00e9s, et c'est tout l'enjeu de mon \u00e9criture.","url":"https:\/\/starstory.fr\/blog\/auteur\/noname\/","jobTitle":"R\u00e9dacteur en chef \u00b7 Culture & Cr\u00e9ation","knowsAbout":["Culture","Cr\u00e9ation"],"email":"raphael.d@a-l-asso-de-l-art.fr"}]}},"_links":{"self":[{"href":"https:\/\/starstory.fr\/blog\/wp-json\/wp\/v2\/posts\/7804","targetHints":{"allow":["GET"]}}],"collection":[{"href":"https:\/\/starstory.fr\/blog\/wp-json\/wp\/v2\/posts"}],"about":[{"href":"https:\/\/starstory.fr\/blog\/wp-json\/wp\/v2\/types\/post"}],"author":[{"embeddable":true,"href":"https:\/\/starstory.fr\/blog\/wp-json\/wp\/v2\/users\/34"}],"replies":[{"embeddable":true,"href":"https:\/\/starstory.fr\/blog\/wp-json\/wp\/v2\/comments?post=7804"}],"version-history":[{"count":1,"href":"https:\/\/starstory.fr\/blog\/wp-json\/wp\/v2\/posts\/7804\/revisions"}],"predecessor-version":[{"id":7888,"href":"https:\/\/starstory.fr\/blog\/wp-json\/wp\/v2\/posts\/7804\/revisions\/7888"}],"wp:featuredmedia":[{"embeddable":true,"href":"https:\/\/starstory.fr\/blog\/wp-json\/wp\/v2\/media\/7900"}],"wp:attachment":[{"href":"https:\/\/starstory.fr\/blog\/wp-json\/wp\/v2\/media?parent=7804"}],"wp:term":[{"taxonomy":"category","embeddable":true,"href":"https:\/\/starstory.fr\/blog\/wp-json\/wp\/v2\/categories?post=7804"},{"taxonomy":"post_tag","embeddable":true,"href":"https:\/\/starstory.fr\/blog\/wp-json\/wp\/v2\/tags?post=7804"}],"curies":[{"name":"wp","href":"https:\/\/api.w.org\/{rel}","templated":true}]}}