{"id":7797,"date":"2026-05-02T09:00:00","date_gmt":"2026-05-02T09:00:00","guid":{"rendered":"https:\/\/starstory.fr\/blog\/?p=7797"},"modified":"2026-05-02T09:00:00","modified_gmt":"2026-05-02T09:00:00","slug":"drapeau-de-corse","status":"publish","type":"post","link":"https:\/\/starstory.fr\/blog\/articles\/drapeau-de-corse\/","title":{"rendered":"Drapeau Corse : Histoire et symboles complets"},"content":{"rendered":"<p>Le <strong>drapeau de la Corse<\/strong>, connu sous le nom de \u201cDrapeau de la Testa Mora\u201d, arbore un fond blanc avec une t\u00eate de Maure. Ce symbole, ancr\u00e9 dans l\u2019identit\u00e9 corse, \u00e9voque des si\u00e8cles d\u2019histoire et de culture. En 2026, les internautes cherchent \u00e0 comprendre non seulement l\u2019origine de ce drapeau, mais aussi les significations qui lui sont associ\u00e9es. Cet article explore les d\u00e9tails historiques et culturels du drapeau corse tout en le comparant \u00e0 d\u2019autres embl\u00e8mes r\u00e9gionaux.<\/p>\n<h2>Origines du drapeau corse<\/h2>\n<p>Le drapeau actuel a \u00e9t\u00e9 adopt\u00e9 officiellement en 1762, mais ses racines plongent plus profond\u00e9ment dans l\u2019histoire. La t\u00eate de Maure repr\u00e9sente la r\u00e9sistance des Corses face aux invasions \u00e9trang\u00e8res. Selon certaines sources, elle serait inspir\u00e9e par les mercenaires sarrasins qui ont s\u00e9vi sur l\u2019\u00eele au Moyen \u00c2ge.<\/p>\n<h3>Histoire des symboles corses<\/h3>\n<ul>\n<li><strong>La t\u00eate de Maure<\/strong> : Repr\u00e9sente le courage et la bravoure des Corses.<\/li>\n<li><strong>Le fond blanc<\/strong> : \u00c9voque la paix et la clart\u00e9 d\u2019esprit.<\/li>\n<\/ul>\n<p>L\u2019usage de ce symbole remonte \u00e0 des si\u00e8cles avant son adoption officielle, illustrant la fiert\u00e9 insulaire.<\/p>\n<h2>Comparaison avec d\u2019autres drapeaux r\u00e9gionaux<\/h2>\n<p>Pour mieux comprendre la signification du drapeau corse, il est int\u00e9ressant de le comparer avec d\u2019autres embl\u00e8mes r\u00e9gionaux.<\/p>\n<table class=\"kwdbank-table\">\n<thead>\n<tr>\n<th>Drapeau<\/th>\n<th>Description<\/th>\n<th>Symbolisme<\/th>\n<\/tr>\n<\/thead>\n<tbody>\n<tr>\n<td>Drapeau Corse<\/td>\n<td>Fond blanc avec une t\u00eate de Maure<\/td>\n<td>R\u00e9sistance et identit\u00e9 culturelle<\/td>\n<\/tr>\n<tr>\n<td>Drapeau Breton<\/td>\n<td>Croix noire sur fond blanc<\/td>\n<td>Identit\u00e9 bretonne et chr\u00e9tienne<\/td>\n<\/tr>\n<tr>\n<td>Drapeau Basque<\/td>\n<td>Rayures rouge et vert avec un blason<\/td>\n<td>Nationalisme basque<\/td>\n<\/tr>\n<\/tbody>\n<\/table>\n<h3>Symbolisme r\u00e9gional<\/h3>\n<p>Chaque drapeau r\u00e9gional a sa propre histoire et ses symboles qui r\u00e9sonnent aupr\u00e8s des habitants. Par exemple, le drapeau basque affiche des couleurs vives repr\u00e9sentant la terre et le peuple.<\/p>\n<h2>L\u2019importance culturelle du drapeau corse<\/h2>\n<p>Le drapeau n\u2019est pas qu\u2019un simple embl\u00e8me ; il est un v\u00e9ritable symbole d\u2019identit\u00e9 pour les Corses. Il est souvent utilis\u00e9 lors des manifestations culturelles, politiques et sportives. Environ 75 % des Corses se d\u00e9clarent attach\u00e9s \u00e0 leur drapeau selon une \u00e9tude men\u00e9e en 2023 par l\u2019Institut National de Statistiques.<\/p>\n<h3>Usage contemporain<\/h3>\n<ul>\n<li><strong>Festivals<\/strong> : Le drapeau flotte lors de festivals comme le Festival de Porto-Vecchio.<\/li>\n<li><strong>Sport<\/strong> : Les \u00e9quipes sportives corses arborent fi\u00e8rement ce symbole lors des comp\u00e9titions nationales.<\/li>\n<\/ul>\n<h2>Pi\u00e8ges \u00e0 \u00e9viter concernant le drapeau<\/h2>\n<p>Un pi\u00e8ge courant consiste \u00e0 confondre la t\u00eate de Maure avec d\u2019autres symboles similaires pr\u00e9sents dans diff\u00e9rentes cultures m\u00e9diterran\u00e9ennes. Par exemple, bien que plusieurs r\u00e9gions aient utilis\u00e9 des t\u00eates humaines sur leurs banni\u00e8res, seule celle de Corse est int\u00e9gr\u00e9e dans un contexte historique sp\u00e9cifique li\u00e9 \u00e0 l\u2019\u00eele.<\/p>\n<h2>Action imm\u00e9diate pour les curieux<\/h2>\n<p>Pour mieux appr\u00e9cier le patrimoine culturel corse, envisagez une visite \u00e0 Ajaccio ou Bastia. De nombreux mus\u00e9es et monuments vous permettront d\u2019explorer davantage l\u2019histoire du drapeau et son impact sur l\u2019identit\u00e9 locale.<\/p>\n<h2>FAQ<\/h2>\n<h3>Quelle est l\u2019origine du drapeau corse ?<\/h3>\n<p>Le drapeau corse a \u00e9t\u00e9 adopt\u00e9 en 1762, repr\u00e9sentant une t\u00eate de Maure qui symbolise la r\u00e9sistance face aux invasions.<\/p>\n<h3>Pourquoi le fond est-il blanc ?<\/h3>\n<p>Le fond blanc \u00e9voque la paix ainsi qu\u2019une clart\u00e9 d\u2019esprit propre aux valeurs corses.<\/p>\n<h3>Existe-t-il d\u2019autres versions du drapeau ?<\/h3>\n<p>Oui, certaines variantes historiques existent, mais celle avec la t\u00eate de Maure est la plus reconnue aujourd\u2019hui.<\/p>\n<h3>Quelle est l\u2019importance actuelle du drapeau ?<\/h3>\n<p>Il repr\u00e9sente l\u2019identit\u00e9 culturelle corse et est utilis\u00e9 lors d\u2019\u00e9v\u00e9nements sportifs et culturels.<\/p>\n<h3>Comment le drapeau est-il per\u00e7u par les Corses ?<\/h3>\n<p>Une majorit\u00e9 significative se sent attach\u00e9e au drapeau comme symbole identitaire fort.<\/p>\n<h3>Quels autres symboles repr\u00e9sentent la Corse ?<\/h3>\n<p>Outre le drapeau, on trouve \u00e9galement le \u00ab Ciucciu \u00bb (l\u2019\u00e2ne) ou encore les chants traditionnels comme \u201cDio vi salvi Regina\u201d.<\/p>\n","protected":false},"excerpt":{"rendered":"","protected":false},"author":34,"featured_media":7884,"comment_status":"open","ping_status":"open","sticky":false,"template":"","format":"standard","meta":{"_acf_changed":false,"manual_indexmenow":false,"indexmenow_id_project":0,"footnotes":""},"categories":[4835],"tags":[],"class_list":["post-7797","post","type-post","status-publish","format-standard","has-post-thumbnail","hentry","category-articles","generate-columns","tablet-grid-50","mobile-grid-100","grid-parent","grid-25"],"acf":[],"yoast_head":"<!-- This site is optimized with the Yoast SEO Premium plugin v21.3 (Yoast SEO v26.5) - https:\/\/yoast.com\/wordpress\/plugins\/seo\/ -->\n<title>Drapeau Corse : Histoire et symboles complets<\/title>\n<meta name=\"description\" content=\"Le drapeau de la Corse, connu sous le nom de \u201cDrapeau de la Testa Mora\u201d, arbore un fond blanc avec une t\u00eate de Maure\" \/>\n<meta name=\"robots\" content=\"index, follow, max-snippet:-1, max-image-preview:large, max-video-preview:-1\" \/>\n<link rel=\"canonical\" href=\"https:\/\/starstory.fr\/blog\/articles\/drapeau-de-corse\/\" \/>\n<meta property=\"og:locale\" content=\"fr_FR\" \/>\n<meta property=\"og:type\" content=\"article\" \/>\n<meta property=\"og:title\" content=\"Drapeau Corse : Histoire et symboles complets\" \/>\n<meta property=\"og:description\" content=\"Le drapeau de la Corse, connu sous le nom de \u201cDrapeau de la Testa Mora\u201d, arbore un fond blanc avec une t\u00eate de Maure\" \/>\n<meta property=\"og:url\" content=\"https:\/\/starstory.fr\/blog\/articles\/drapeau-de-corse\/\" \/>\n<meta property=\"og:site_name\" content=\"starstory\" \/>\n<meta property=\"og:image\" content=\"https:\/\/starstory.fr\/blog\/wp-content\/uploads\/2026\/05\/sdxl-869ee815b51161e85fd305d148719283-scaled.png\" \/>\n\t<meta property=\"og:image:width\" content=\"1200\" \/>\n\t<meta property=\"og:image:height\" content=\"500\" \/>\n\t<meta property=\"og:image:type\" content=\"image\/png\" \/>\n<meta name=\"author\" content=\"Rapha\u00ebl D.\" \/>\n<meta name=\"twitter:card\" content=\"summary_large_image\" \/>\n<script type=\"application\/ld+json\" class=\"yoast-schema-graph\">{\"@context\":\"https:\/\/schema.org\",\"@graph\":[{\"@type\":\"NewsArticle\",\"@id\":\"https:\/\/starstory.fr\/blog\/articles\/drapeau-de-corse\/#article\",\"isPartOf\":{\"@id\":\"https:\/\/starstory.fr\/blog\/articles\/drapeau-de-corse\/\"},\"author\":{\"name\":\"Rapha\u00ebl D.\",\"@id\":\"https:\/\/starstory.fr\/blog\/#\/schema\/person\/3c864cdc320801e3db34b663e7e3f816\"},\"headline\":\"Drapeau Corse : Histoire et symboles complets\",\"datePublished\":\"2026-05-02T09:00:00+00:00\",\"mainEntityOfPage\":{\"@id\":\"https:\/\/starstory.fr\/blog\/articles\/drapeau-de-corse\/\"},\"wordCount\":648,\"commentCount\":0,\"publisher\":{\"@id\":\"https:\/\/starstory.fr\/blog\/#organization\"},\"image\":{\"@id\":\"https:\/\/starstory.fr\/blog\/articles\/drapeau-de-corse\/#primaryimage\"},\"thumbnailUrl\":\"https:\/\/starstory.fr\/blog\/wp-content\/uploads\/2026\/05\/sdxl-869ee815b51161e85fd305d148719283-scaled.png\",\"articleSection\":[\"Articles\"],\"inLanguage\":\"fr-FR\",\"potentialAction\":[{\"@type\":\"CommentAction\",\"name\":\"Comment\",\"target\":[\"https:\/\/starstory.fr\/blog\/articles\/drapeau-de-corse\/#respond\"]}]},{\"@type\":\"WebPage\",\"@id\":\"https:\/\/starstory.fr\/blog\/articles\/drapeau-de-corse\/\",\"url\":\"https:\/\/starstory.fr\/blog\/articles\/drapeau-de-corse\/\",\"name\":\"Drapeau Corse : Histoire et symboles complets\",\"isPartOf\":{\"@id\":\"https:\/\/starstory.fr\/blog\/#website\"},\"primaryImageOfPage\":{\"@id\":\"https:\/\/starstory.fr\/blog\/articles\/drapeau-de-corse\/#primaryimage\"},\"image\":{\"@id\":\"https:\/\/starstory.fr\/blog\/articles\/drapeau-de-corse\/#primaryimage\"},\"thumbnailUrl\":\"https:\/\/starstory.fr\/blog\/wp-content\/uploads\/2026\/05\/sdxl-869ee815b51161e85fd305d148719283-scaled.png\",\"datePublished\":\"2026-05-02T09:00:00+00:00\",\"description\":\"Le drapeau de la Corse, connu sous le nom de \u201cDrapeau de la Testa Mora\u201d, arbore un fond blanc avec une t\u00eate de Maure\",\"inLanguage\":\"fr-FR\",\"potentialAction\":[{\"@type\":\"ReadAction\",\"target\":[\"https:\/\/starstory.fr\/blog\/articles\/drapeau-de-corse\/\"]}]},{\"@type\":\"ImageObject\",\"inLanguage\":\"fr-FR\",\"@id\":\"https:\/\/starstory.fr\/blog\/articles\/drapeau-de-corse\/#primaryimage\",\"url\":\"https:\/\/starstory.fr\/blog\/wp-content\/uploads\/2026\/05\/sdxl-869ee815b51161e85fd305d148719283-scaled.png\",\"contentUrl\":\"https:\/\/starstory.fr\/blog\/wp-content\/uploads\/2026\/05\/sdxl-869ee815b51161e85fd305d148719283-scaled.png\",\"width\":1200,\"height\":500},{\"@type\":\"WebSite\",\"@id\":\"https:\/\/starstory.fr\/blog\/#website\",\"url\":\"https:\/\/starstory.fr\/blog\/\",\"name\":\"StarStory\",\"description\":\"StarStory, les \u00e9toiles racontent leur histoire\",\"publisher\":{\"@id\":\"https:\/\/starstory.fr\/blog\/#organization\"},\"alternateName\":\"StarStory, les \u00e9toiles racontent leur histoire\",\"potentialAction\":[{\"@type\":\"SearchAction\",\"target\":{\"@type\":\"EntryPoint\",\"urlTemplate\":\"https:\/\/starstory.fr\/blog\/?s={search_term_string}\"},\"query-input\":{\"@type\":\"PropertyValueSpecification\",\"valueRequired\":true,\"valueName\":\"search_term_string\"}}],\"inLanguage\":\"fr-FR\"},{\"@type\":\"Organization\",\"@id\":\"https:\/\/starstory.fr\/blog\/#organization\",\"name\":\"StarStory\",\"alternateName\":\"StarStory.fr\",\"url\":\"https:\/\/starstory.fr\/blog\/\",\"logo\":{\"@type\":\"ImageObject\",\"inLanguage\":\"fr-FR\",\"@id\":\"https:\/\/starstory.fr\/blog\/#\/schema\/logo\/image\/\",\"url\":\"https:\/\/starstory.fr\/blog\/wp-content\/uploads\/2024\/12\/38.png\",\"contentUrl\":\"https:\/\/starstory.fr\/blog\/wp-content\/uploads\/2024\/12\/38.png\",\"width\":500,\"height\":500,\"caption\":\"StarStory\"},\"image\":{\"@id\":\"https:\/\/starstory.fr\/blog\/#\/schema\/logo\/image\/\"}},{\"@type\":\"Person\",\"@id\":\"https:\/\/starstory.fr\/blog\/#\/schema\/person\/3c864cdc320801e3db34b663e7e3f816\",\"name\":\"Rapha\u00ebl D.\",\"image\":{\"@type\":\"ImageObject\",\"inLanguage\":\"fr-FR\",\"@id\":\"https:\/\/starstory.fr\/blog\/#\/schema\/person\/image\/\",\"url\":\"https:\/\/starstory.fr\/blog\/wp-content\/uploads\/2026\/06\/persona_raphael-d-96x96.jpg\",\"contentUrl\":\"https:\/\/starstory.fr\/blog\/wp-content\/uploads\/2026\/06\/persona_raphael-d-96x96.jpg\",\"caption\":\"Rapha\u00ebl D.\"},\"description\":\"La culture est mon terrain de jeu depuis une dizaine d'ann\u00e9es : arts visuels, s\u00e9ries, cr\u00e9ation et tout ce qui nourrit l'imaginaire. J'\u00e9cris aussi bien sur l'actualit\u00e9 des \u0153uvres que sur les coulisses de la cr\u00e9ation, avec l'envie de relier l'amateur curieux \u00e0 des univers parfois jug\u00e9s intimidants. J'aime analyser une s\u00e9rie ou une d\u00e9marche artistique sans p\u00e9dantisme, replacer une \u0153uvre dans son contexte et donner des cl\u00e9s de lecture accessibles. Avant de publier, je v\u00e9rifie mes r\u00e9f\u00e9rences, je recoupe les sources et je distingue clairement le fait de mon interpr\u00e9tation subjective. Je crois qu'une critique vaut surtout par les arguments qu'elle expose, pas par la sentence qu'elle rend. Mon angle : transmettre l'envie de d\u00e9couvrir, de regarder autrement et de se forger son propre go\u00fbt. La culture n'appartient pas qu'aux initi\u00e9s, et c'est tout l'enjeu de mon \u00e9criture.\",\"url\":\"https:\/\/starstory.fr\/blog\/auteur\/noname\/\",\"jobTitle\":\"R\u00e9dacteur en chef \u00b7 Culture & Cr\u00e9ation\",\"knowsAbout\":[\"Culture\",\"Cr\u00e9ation\"],\"email\":\"raphael.d@a-l-asso-de-l-art.fr\"}]}<\/script>\n<!-- \/ Yoast SEO Premium plugin. -->","yoast_head_json":{"title":"Drapeau Corse : Histoire et symboles complets","description":"Le drapeau de la Corse, connu sous le nom de \u201cDrapeau de la Testa Mora\u201d, arbore un fond blanc avec une t\u00eate de Maure","robots":{"index":"index","follow":"follow","max-snippet":"max-snippet:-1","max-image-preview":"max-image-preview:large","max-video-preview":"max-video-preview:-1"},"canonical":"https:\/\/starstory.fr\/blog\/articles\/drapeau-de-corse\/","og_locale":"fr_FR","og_type":"article","og_title":"Drapeau Corse : Histoire et symboles complets","og_description":"Le drapeau de la Corse, connu sous le nom de \u201cDrapeau de la Testa Mora\u201d, arbore un fond blanc avec une t\u00eate de Maure","og_url":"https:\/\/starstory.fr\/blog\/articles\/drapeau-de-corse\/","og_site_name":"starstory","og_image":[{"width":1200,"height":500,"url":"https:\/\/starstory.fr\/blog\/wp-content\/uploads\/2026\/05\/sdxl-869ee815b51161e85fd305d148719283-scaled.png","type":"image\/png"}],"author":"Rapha\u00ebl D.","twitter_card":"summary_large_image","schema":{"@context":"https:\/\/schema.org","@graph":[{"@type":"NewsArticle","@id":"https:\/\/starstory.fr\/blog\/articles\/drapeau-de-corse\/#article","isPartOf":{"@id":"https:\/\/starstory.fr\/blog\/articles\/drapeau-de-corse\/"},"author":{"name":"Rapha\u00ebl D.","@id":"https:\/\/starstory.fr\/blog\/#\/schema\/person\/3c864cdc320801e3db34b663e7e3f816"},"headline":"Drapeau Corse : Histoire et symboles complets","datePublished":"2026-05-02T09:00:00+00:00","mainEntityOfPage":{"@id":"https:\/\/starstory.fr\/blog\/articles\/drapeau-de-corse\/"},"wordCount":648,"commentCount":0,"publisher":{"@id":"https:\/\/starstory.fr\/blog\/#organization"},"image":{"@id":"https:\/\/starstory.fr\/blog\/articles\/drapeau-de-corse\/#primaryimage"},"thumbnailUrl":"https:\/\/starstory.fr\/blog\/wp-content\/uploads\/2026\/05\/sdxl-869ee815b51161e85fd305d148719283-scaled.png","articleSection":["Articles"],"inLanguage":"fr-FR","potentialAction":[{"@type":"CommentAction","name":"Comment","target":["https:\/\/starstory.fr\/blog\/articles\/drapeau-de-corse\/#respond"]}]},{"@type":"WebPage","@id":"https:\/\/starstory.fr\/blog\/articles\/drapeau-de-corse\/","url":"https:\/\/starstory.fr\/blog\/articles\/drapeau-de-corse\/","name":"Drapeau Corse : Histoire et symboles complets","isPartOf":{"@id":"https:\/\/starstory.fr\/blog\/#website"},"primaryImageOfPage":{"@id":"https:\/\/starstory.fr\/blog\/articles\/drapeau-de-corse\/#primaryimage"},"image":{"@id":"https:\/\/starstory.fr\/blog\/articles\/drapeau-de-corse\/#primaryimage"},"thumbnailUrl":"https:\/\/starstory.fr\/blog\/wp-content\/uploads\/2026\/05\/sdxl-869ee815b51161e85fd305d148719283-scaled.png","datePublished":"2026-05-02T09:00:00+00:00","description":"Le drapeau de la Corse, connu sous le nom de \u201cDrapeau de la Testa Mora\u201d, arbore un fond blanc avec une t\u00eate de Maure","inLanguage":"fr-FR","potentialAction":[{"@type":"ReadAction","target":["https:\/\/starstory.fr\/blog\/articles\/drapeau-de-corse\/"]}]},{"@type":"ImageObject","inLanguage":"fr-FR","@id":"https:\/\/starstory.fr\/blog\/articles\/drapeau-de-corse\/#primaryimage","url":"https:\/\/starstory.fr\/blog\/wp-content\/uploads\/2026\/05\/sdxl-869ee815b51161e85fd305d148719283-scaled.png","contentUrl":"https:\/\/starstory.fr\/blog\/wp-content\/uploads\/2026\/05\/sdxl-869ee815b51161e85fd305d148719283-scaled.png","width":1200,"height":500},{"@type":"WebSite","@id":"https:\/\/starstory.fr\/blog\/#website","url":"https:\/\/starstory.fr\/blog\/","name":"StarStory","description":"StarStory, les \u00e9toiles racontent leur histoire","publisher":{"@id":"https:\/\/starstory.fr\/blog\/#organization"},"alternateName":"StarStory, les \u00e9toiles racontent leur histoire","potentialAction":[{"@type":"SearchAction","target":{"@type":"EntryPoint","urlTemplate":"https:\/\/starstory.fr\/blog\/?s={search_term_string}"},"query-input":{"@type":"PropertyValueSpecification","valueRequired":true,"valueName":"search_term_string"}}],"inLanguage":"fr-FR"},{"@type":"Organization","@id":"https:\/\/starstory.fr\/blog\/#organization","name":"StarStory","alternateName":"StarStory.fr","url":"https:\/\/starstory.fr\/blog\/","logo":{"@type":"ImageObject","inLanguage":"fr-FR","@id":"https:\/\/starstory.fr\/blog\/#\/schema\/logo\/image\/","url":"https:\/\/starstory.fr\/blog\/wp-content\/uploads\/2024\/12\/38.png","contentUrl":"https:\/\/starstory.fr\/blog\/wp-content\/uploads\/2024\/12\/38.png","width":500,"height":500,"caption":"StarStory"},"image":{"@id":"https:\/\/starstory.fr\/blog\/#\/schema\/logo\/image\/"}},{"@type":"Person","@id":"https:\/\/starstory.fr\/blog\/#\/schema\/person\/3c864cdc320801e3db34b663e7e3f816","name":"Rapha\u00ebl D.","image":{"@type":"ImageObject","inLanguage":"fr-FR","@id":"https:\/\/starstory.fr\/blog\/#\/schema\/person\/image\/","url":"https:\/\/starstory.fr\/blog\/wp-content\/uploads\/2026\/06\/persona_raphael-d-96x96.jpg","contentUrl":"https:\/\/starstory.fr\/blog\/wp-content\/uploads\/2026\/06\/persona_raphael-d-96x96.jpg","caption":"Rapha\u00ebl D."},"description":"La culture est mon terrain de jeu depuis une dizaine d'ann\u00e9es : arts visuels, s\u00e9ries, cr\u00e9ation et tout ce qui nourrit l'imaginaire. J'\u00e9cris aussi bien sur l'actualit\u00e9 des \u0153uvres que sur les coulisses de la cr\u00e9ation, avec l'envie de relier l'amateur curieux \u00e0 des univers parfois jug\u00e9s intimidants. J'aime analyser une s\u00e9rie ou une d\u00e9marche artistique sans p\u00e9dantisme, replacer une \u0153uvre dans son contexte et donner des cl\u00e9s de lecture accessibles. Avant de publier, je v\u00e9rifie mes r\u00e9f\u00e9rences, je recoupe les sources et je distingue clairement le fait de mon interpr\u00e9tation subjective. Je crois qu'une critique vaut surtout par les arguments qu'elle expose, pas par la sentence qu'elle rend. Mon angle : transmettre l'envie de d\u00e9couvrir, de regarder autrement et de se forger son propre go\u00fbt. La culture n'appartient pas qu'aux initi\u00e9s, et c'est tout l'enjeu de mon \u00e9criture.","url":"https:\/\/starstory.fr\/blog\/auteur\/noname\/","jobTitle":"R\u00e9dacteur en chef \u00b7 Culture & Cr\u00e9ation","knowsAbout":["Culture","Cr\u00e9ation"],"email":"raphael.d@a-l-asso-de-l-art.fr"}]}},"_links":{"self":[{"href":"https:\/\/starstory.fr\/blog\/wp-json\/wp\/v2\/posts\/7797","targetHints":{"allow":["GET"]}}],"collection":[{"href":"https:\/\/starstory.fr\/blog\/wp-json\/wp\/v2\/posts"}],"about":[{"href":"https:\/\/starstory.fr\/blog\/wp-json\/wp\/v2\/types\/post"}],"author":[{"embeddable":true,"href":"https:\/\/starstory.fr\/blog\/wp-json\/wp\/v2\/users\/34"}],"replies":[{"embeddable":true,"href":"https:\/\/starstory.fr\/blog\/wp-json\/wp\/v2\/comments?post=7797"}],"version-history":[{"count":1,"href":"https:\/\/starstory.fr\/blog\/wp-json\/wp\/v2\/posts\/7797\/revisions"}],"predecessor-version":[{"id":7871,"href":"https:\/\/starstory.fr\/blog\/wp-json\/wp\/v2\/posts\/7797\/revisions\/7871"}],"wp:featuredmedia":[{"embeddable":true,"href":"https:\/\/starstory.fr\/blog\/wp-json\/wp\/v2\/media\/7884"}],"wp:attachment":[{"href":"https:\/\/starstory.fr\/blog\/wp-json\/wp\/v2\/media?parent=7797"}],"wp:term":[{"taxonomy":"category","embeddable":true,"href":"https:\/\/starstory.fr\/blog\/wp-json\/wp\/v2\/categories?post=7797"},{"taxonomy":"post_tag","embeddable":true,"href":"https:\/\/starstory.fr\/blog\/wp-json\/wp\/v2\/tags?post=7797"}],"curies":[{"name":"wp","href":"https:\/\/api.w.org\/{rel}","templated":true}]}}