{"id":7794,"date":"2026-04-29T09:00:00","date_gmt":"2026-04-29T09:00:00","guid":{"rendered":"https:\/\/starstory.fr\/blog\/?p=7794"},"modified":"2026-04-29T09:00:00","modified_gmt":"2026-04-29T09:00:00","slug":"valmy","status":"publish","type":"post","link":"https:\/\/starstory.fr\/blog\/articles\/valmy\/","title":{"rendered":"Valmy : Guide Visite Bataille Histoire 2026"},"content":{"rendered":"<p>La bataille de Valmy, qui a eu lieu le 20 septembre 1792, est un \u00e9v\u00e9nement marquant de l\u2019histoire fran\u00e7aise, souvent consid\u00e9r\u00e9 comme le tournant d\u00e9cisif pour la R\u00e9volution. Situ\u00e9e pr\u00e8s de la ville de Ch\u00e2lons-en-Champagne, cette bataille a vu les forces r\u00e9volutionnaires fran\u00e7aises, sous le commandement du g\u00e9n\u00e9ral Dumouriez, repousser une arm\u00e9e prussienne sup\u00e9rieure en nombre. Si vous envisagez de visiter ce site historique en 2026, cet article vous propose un guide d\u00e9taill\u00e9 sur l\u2019histoire de Valmy et des conseils pratiques pour votre visite.<\/p>\n<h2>Contexte Historique<\/h2>\n<h3>Les enjeux de la bataille<\/h3>\n<p>La bataille de Valmy s\u2019inscrit dans un contexte difficile pour la France. En 1792, la R\u00e9volution fran\u00e7aise est encore jeune et fragile. Les monarchies europ\u00e9ennes craignent que les id\u00e9es r\u00e9volutionnaires ne se propagent et d\u00e9cident d\u2019intervenir militairement. Prusse et Autriche forment une coalition contre la France. \u00c0 Valmy, environ 50 000 soldats prussiens font face \u00e0 environ 30 000 Fran\u00e7ais.<\/p>\n<h3>D\u00e9roulement des combats<\/h3>\n<p>Le matin du 20 septembre, les troupes prussiennes avancent vers les positions fran\u00e7aises. Cependant, gr\u00e2ce \u00e0 une excellente strat\u00e9gie d\u00e9fensive et \u00e0 un moral \u00e9lev\u00e9 des soldats fran\u00e7ais, ces derniers parviennent \u00e0 r\u00e9sister. Le c\u00e9l\u00e8bre discours du g\u00e9n\u00e9ral Kellermann, incitant ses hommes \u00e0 se battre pour leur libert\u00e9, joue un r\u00f4le cl\u00e9 dans cette victoire. Les pertes humaines sont significatives : environ 1 500 soldats fran\u00e7ais sont bless\u00e9s ou tu\u00e9s, tandis que l\u2019arm\u00e9e prussienne subit environ 3 000 pertes.<\/p>\n<h2>Visiter Valmy en 2026<\/h2>\n<h3>Que voir sur place ?<\/h3>\n<ol>\n<li><strong>Le site de la bataille<\/strong> : Des panneaux explicatifs retracent les \u00e9v\u00e9nements cl\u00e9s.<\/li>\n<li><strong>Le m\u00e9morial de Valmy<\/strong> : Inaugur\u00e9 en 1880, ce monument comm\u00e9more la victoire fran\u00e7aise.<\/li>\n<li><strong>Les paysages environnants<\/strong> : La r\u00e9gion offre des vues pittoresques sur la campagne champenoise.<\/li>\n<\/ol>\n<h3>Informations pratiques<\/h3>\n<ul>\n<li><strong>Acc\u00e8s<\/strong> : Le site est accessible en voiture depuis Ch\u00e2lons-en-Champagne (environ 15 km) ou via des transports en commun.<\/li>\n<li><strong>Horaires d\u2019ouverture<\/strong> : Le site est ouvert tous les jours de l\u2019ann\u00e9e, avec des visites guid\u00e9es propos\u00e9es pendant la saison touristique.<\/li>\n<\/ul>\n<table class=\"kwdbank-table\">\n<thead>\n<tr>\n<th>Point d\u2019int\u00e9r\u00eat<\/th>\n<th>Type<\/th>\n<th>Dur\u00e9e recommand\u00e9e<\/th>\n<\/tr>\n<\/thead>\n<tbody>\n<tr>\n<td>Site de la bataille<\/td>\n<td>Historique<\/td>\n<td>1-2 heures<\/td>\n<\/tr>\n<tr>\n<td>M\u00e9morial<\/td>\n<td>Monument<\/td>\n<td>30 minutes<\/td>\n<\/tr>\n<tr>\n<td>Paysages environnants<\/td>\n<td>Nature<\/td>\n<td>Libre<\/td>\n<\/tr>\n<\/tbody>\n<\/table>\n<h3>Conseils pour une visite enrichissante<\/h3>\n<ul>\n<li><strong>Pr\u00e9parez-vous<\/strong> : Lisez des ouvrages sur la R\u00e9volution fran\u00e7aise avant votre visite pour mieux comprendre le contexte.<\/li>\n<li><strong>Visitez en groupe<\/strong> : Rejoindre une visite guid\u00e9e peut enrichir votre exp\u00e9rience gr\u00e2ce aux commentaires d\u2019experts.<\/li>\n<\/ul>\n<h2>Pi\u00e8ge \u00e0 \u00e9viter<\/h2>\n<p>Un pi\u00e8ge courant lors de visites historiques est de n\u00e9gliger l\u2019importance du contexte local. Prenez le temps d\u2019explorer non seulement le site lui-m\u00eame mais aussi les villages alentours qui peuvent offrir des perspectives uniques sur l\u2019histoire locale et son impact.<\/p>\n<h2>Retours d\u2019exp\u00e9rience terrain<\/h2>\n<p>Les visiteurs t\u00e9moignent souvent que leur exp\u00e9rience \u00e0 Valmy est profond\u00e9ment \u00e9mouvante. De nombreux passionn\u00e9s d\u2019histoire soulignent qu\u2019\u00eatre sur le lieu m\u00eame o\u00f9 tant d\u2019\u00e9v\u00e9nements ont eu lieu permet une connexion plus forte avec le pass\u00e9. Par exemple, certains rapportent avoir ressenti un v\u00e9ritable frisson en se tenant devant le m\u00e9morial et en \u00e9coutant des r\u00e9cits sur les h\u00e9ros de cette bataille.<\/p>\n<h2>FAQ<\/h2>\n<h3>Quelle est l\u2019importance historique de la bataille de Valmy ?<\/h3>\n<p>La bataille de Valmy est souvent consid\u00e9r\u00e9e comme le premier grand succ\u00e8s militaire fran\u00e7ais pendant la R\u00e9volution et a contribu\u00e9 \u00e0 stabiliser le gouvernement r\u00e9volutionnaire.<\/p>\n<h3>Quand a eu lieu la bataille de Valmy ?<\/h3>\n<p>La bataille a eu lieu le 20 septembre 1792.<\/p>\n<h3>Y a-t-il des \u00e9v\u00e9nements comm\u00e9moratifs li\u00e9s \u00e0 Valmy ?<\/h3>\n<p>Oui, des \u00e9v\u00e9nements sont organis\u00e9s chaque ann\u00e9e pour comm\u00e9morer la bataille et sensibiliser le public \u00e0 son histoire.<\/p>\n<h3>Quel est le meilleur moment pour visiter Valmy ?<\/h3>\n<p>Le printemps et l\u2019automne sont id\u00e9aux pour \u00e9viter les foules tout en profitant d\u2019un climat agr\u00e9able.<\/p>\n<h3>Existe-t-il des ressources suppl\u00e9mentaires pour approfondir mes connaissances ?<\/h3>\n<p>De nombreux livres et articles acad\u00e9miques traitent de cette p\u00e9riode ; consulter votre biblioth\u00e8que locale ou des librairies sp\u00e9cialis\u00e9es peut \u00eatre b\u00e9n\u00e9fique.<\/p>\n<h3>Comment s\u2019y rendre depuis Paris ?<\/h3>\n<p>Vous pouvez prendre un train depuis Paris jusqu\u2019\u00e0 Ch\u00e2lons-en-Champagne puis utiliser les transports en commun ou louer une voiture pour atteindre Valmy.<\/p>\n<p>Pour maximiser votre exp\u00e9rience historique \u00e0 Valmy, envisagez d\u00e8s maintenant votre visite en planifiant vos d\u00e9placements et vos activit\u00e9s autour du site !<\/p>\n","protected":false},"excerpt":{"rendered":"","protected":false},"author":34,"featured_media":7887,"comment_status":"open","ping_status":"open","sticky":false,"template":"","format":"standard","meta":{"_acf_changed":false,"manual_indexmenow":false,"indexmenow_id_project":0,"footnotes":""},"categories":[4835],"tags":[],"class_list":["post-7794","post","type-post","status-publish","format-standard","has-post-thumbnail","hentry","category-articles","generate-columns","tablet-grid-50","mobile-grid-100","grid-parent","grid-25"],"acf":[],"yoast_head":"<!-- This site is optimized with the Yoast SEO Premium plugin v21.3 (Yoast SEO v26.5) - https:\/\/yoast.com\/wordpress\/plugins\/seo\/ -->\n<title>Valmy : Guide Visite Bataille Histoire 2026<\/title>\n<meta name=\"description\" content=\"La bataille de Valmy, qui a eu lieu le 20 septembre 1792, est un \u00e9v\u00e9nement marquant de l\u2019histoire fran\u00e7aise, souvent consid\u00e9r\u00e9 comme le tournant d\u00e9cisif\" \/>\n<meta name=\"robots\" content=\"index, follow, max-snippet:-1, max-image-preview:large, max-video-preview:-1\" \/>\n<link rel=\"canonical\" href=\"https:\/\/starstory.fr\/blog\/articles\/valmy\/\" \/>\n<meta property=\"og:locale\" content=\"fr_FR\" \/>\n<meta property=\"og:type\" content=\"article\" \/>\n<meta property=\"og:title\" content=\"Valmy : Guide Visite Bataille Histoire 2026\" \/>\n<meta property=\"og:description\" content=\"La bataille de Valmy, qui a eu lieu le 20 septembre 1792, est un \u00e9v\u00e9nement marquant de l\u2019histoire fran\u00e7aise, souvent consid\u00e9r\u00e9 comme le tournant d\u00e9cisif\" \/>\n<meta property=\"og:url\" content=\"https:\/\/starstory.fr\/blog\/articles\/valmy\/\" \/>\n<meta property=\"og:site_name\" content=\"starstory\" \/>\n<meta property=\"og:image\" content=\"https:\/\/starstory.fr\/blog\/wp-content\/uploads\/2026\/05\/sdxl-3fb4e3063039e1de881f61e65e321e5e-scaled.png\" \/>\n\t<meta property=\"og:image:width\" content=\"1200\" \/>\n\t<meta property=\"og:image:height\" content=\"500\" \/>\n\t<meta property=\"og:image:type\" content=\"image\/png\" \/>\n<meta name=\"author\" content=\"Rapha\u00ebl D.\" \/>\n<meta name=\"twitter:card\" content=\"summary_large_image\" \/>\n<script type=\"application\/ld+json\" class=\"yoast-schema-graph\">{\"@context\":\"https:\/\/schema.org\",\"@graph\":[{\"@type\":\"NewsArticle\",\"@id\":\"https:\/\/starstory.fr\/blog\/articles\/valmy\/#article\",\"isPartOf\":{\"@id\":\"https:\/\/starstory.fr\/blog\/articles\/valmy\/\"},\"author\":{\"name\":\"Rapha\u00ebl D.\",\"@id\":\"https:\/\/starstory.fr\/blog\/#\/schema\/person\/3c864cdc320801e3db34b663e7e3f816\"},\"headline\":\"Valmy : Guide Visite Bataille Histoire 2026\",\"datePublished\":\"2026-04-29T09:00:00+00:00\",\"mainEntityOfPage\":{\"@id\":\"https:\/\/starstory.fr\/blog\/articles\/valmy\/\"},\"wordCount\":759,\"commentCount\":0,\"publisher\":{\"@id\":\"https:\/\/starstory.fr\/blog\/#organization\"},\"image\":{\"@id\":\"https:\/\/starstory.fr\/blog\/articles\/valmy\/#primaryimage\"},\"thumbnailUrl\":\"https:\/\/starstory.fr\/blog\/wp-content\/uploads\/2026\/05\/sdxl-3fb4e3063039e1de881f61e65e321e5e-scaled.png\",\"articleSection\":[\"Articles\"],\"inLanguage\":\"fr-FR\",\"potentialAction\":[{\"@type\":\"CommentAction\",\"name\":\"Comment\",\"target\":[\"https:\/\/starstory.fr\/blog\/articles\/valmy\/#respond\"]}]},{\"@type\":\"WebPage\",\"@id\":\"https:\/\/starstory.fr\/blog\/articles\/valmy\/\",\"url\":\"https:\/\/starstory.fr\/blog\/articles\/valmy\/\",\"name\":\"Valmy : Guide Visite Bataille Histoire 2026\",\"isPartOf\":{\"@id\":\"https:\/\/starstory.fr\/blog\/#website\"},\"primaryImageOfPage\":{\"@id\":\"https:\/\/starstory.fr\/blog\/articles\/valmy\/#primaryimage\"},\"image\":{\"@id\":\"https:\/\/starstory.fr\/blog\/articles\/valmy\/#primaryimage\"},\"thumbnailUrl\":\"https:\/\/starstory.fr\/blog\/wp-content\/uploads\/2026\/05\/sdxl-3fb4e3063039e1de881f61e65e321e5e-scaled.png\",\"datePublished\":\"2026-04-29T09:00:00+00:00\",\"description\":\"La bataille de Valmy, qui a eu lieu le 20 septembre 1792, est un \u00e9v\u00e9nement marquant de l\u2019histoire fran\u00e7aise, souvent consid\u00e9r\u00e9 comme le tournant d\u00e9cisif\",\"inLanguage\":\"fr-FR\",\"potentialAction\":[{\"@type\":\"ReadAction\",\"target\":[\"https:\/\/starstory.fr\/blog\/articles\/valmy\/\"]}]},{\"@type\":\"ImageObject\",\"inLanguage\":\"fr-FR\",\"@id\":\"https:\/\/starstory.fr\/blog\/articles\/valmy\/#primaryimage\",\"url\":\"https:\/\/starstory.fr\/blog\/wp-content\/uploads\/2026\/05\/sdxl-3fb4e3063039e1de881f61e65e321e5e-scaled.png\",\"contentUrl\":\"https:\/\/starstory.fr\/blog\/wp-content\/uploads\/2026\/05\/sdxl-3fb4e3063039e1de881f61e65e321e5e-scaled.png\",\"width\":1200,\"height\":500},{\"@type\":\"WebSite\",\"@id\":\"https:\/\/starstory.fr\/blog\/#website\",\"url\":\"https:\/\/starstory.fr\/blog\/\",\"name\":\"StarStory\",\"description\":\"StarStory, les \u00e9toiles racontent leur histoire\",\"publisher\":{\"@id\":\"https:\/\/starstory.fr\/blog\/#organization\"},\"alternateName\":\"StarStory, les \u00e9toiles racontent leur histoire\",\"potentialAction\":[{\"@type\":\"SearchAction\",\"target\":{\"@type\":\"EntryPoint\",\"urlTemplate\":\"https:\/\/starstory.fr\/blog\/?s={search_term_string}\"},\"query-input\":{\"@type\":\"PropertyValueSpecification\",\"valueRequired\":true,\"valueName\":\"search_term_string\"}}],\"inLanguage\":\"fr-FR\"},{\"@type\":\"Organization\",\"@id\":\"https:\/\/starstory.fr\/blog\/#organization\",\"name\":\"StarStory\",\"alternateName\":\"StarStory.fr\",\"url\":\"https:\/\/starstory.fr\/blog\/\",\"logo\":{\"@type\":\"ImageObject\",\"inLanguage\":\"fr-FR\",\"@id\":\"https:\/\/starstory.fr\/blog\/#\/schema\/logo\/image\/\",\"url\":\"https:\/\/starstory.fr\/blog\/wp-content\/uploads\/2024\/12\/38.png\",\"contentUrl\":\"https:\/\/starstory.fr\/blog\/wp-content\/uploads\/2024\/12\/38.png\",\"width\":500,\"height\":500,\"caption\":\"StarStory\"},\"image\":{\"@id\":\"https:\/\/starstory.fr\/blog\/#\/schema\/logo\/image\/\"}},{\"@type\":\"Person\",\"@id\":\"https:\/\/starstory.fr\/blog\/#\/schema\/person\/3c864cdc320801e3db34b663e7e3f816\",\"name\":\"Rapha\u00ebl D.\",\"image\":{\"@type\":\"ImageObject\",\"inLanguage\":\"fr-FR\",\"@id\":\"https:\/\/starstory.fr\/blog\/#\/schema\/person\/image\/\",\"url\":\"https:\/\/starstory.fr\/blog\/wp-content\/uploads\/2026\/06\/persona_raphael-d-96x96.jpg\",\"contentUrl\":\"https:\/\/starstory.fr\/blog\/wp-content\/uploads\/2026\/06\/persona_raphael-d-96x96.jpg\",\"caption\":\"Rapha\u00ebl D.\"},\"description\":\"La culture est mon terrain de jeu depuis une dizaine d'ann\u00e9es : arts visuels, s\u00e9ries, cr\u00e9ation et tout ce qui nourrit l'imaginaire. J'\u00e9cris aussi bien sur l'actualit\u00e9 des \u0153uvres que sur les coulisses de la cr\u00e9ation, avec l'envie de relier l'amateur curieux \u00e0 des univers parfois jug\u00e9s intimidants. J'aime analyser une s\u00e9rie ou une d\u00e9marche artistique sans p\u00e9dantisme, replacer une \u0153uvre dans son contexte et donner des cl\u00e9s de lecture accessibles. Avant de publier, je v\u00e9rifie mes r\u00e9f\u00e9rences, je recoupe les sources et je distingue clairement le fait de mon interpr\u00e9tation subjective. Je crois qu'une critique vaut surtout par les arguments qu'elle expose, pas par la sentence qu'elle rend. Mon angle : transmettre l'envie de d\u00e9couvrir, de regarder autrement et de se forger son propre go\u00fbt. La culture n'appartient pas qu'aux initi\u00e9s, et c'est tout l'enjeu de mon \u00e9criture.\",\"url\":\"https:\/\/starstory.fr\/blog\/auteur\/noname\/\",\"jobTitle\":\"R\u00e9dacteur en chef \u00b7 Culture & Cr\u00e9ation\",\"knowsAbout\":[\"Culture\",\"Cr\u00e9ation\"],\"email\":\"raphael.d@a-l-asso-de-l-art.fr\"}]}<\/script>\n<!-- \/ Yoast SEO Premium plugin. -->","yoast_head_json":{"title":"Valmy : Guide Visite Bataille Histoire 2026","description":"La bataille de Valmy, qui a eu lieu le 20 septembre 1792, est un \u00e9v\u00e9nement marquant de l\u2019histoire fran\u00e7aise, souvent consid\u00e9r\u00e9 comme le tournant d\u00e9cisif","robots":{"index":"index","follow":"follow","max-snippet":"max-snippet:-1","max-image-preview":"max-image-preview:large","max-video-preview":"max-video-preview:-1"},"canonical":"https:\/\/starstory.fr\/blog\/articles\/valmy\/","og_locale":"fr_FR","og_type":"article","og_title":"Valmy : Guide Visite Bataille Histoire 2026","og_description":"La bataille de Valmy, qui a eu lieu le 20 septembre 1792, est un \u00e9v\u00e9nement marquant de l\u2019histoire fran\u00e7aise, souvent consid\u00e9r\u00e9 comme le tournant d\u00e9cisif","og_url":"https:\/\/starstory.fr\/blog\/articles\/valmy\/","og_site_name":"starstory","og_image":[{"width":1200,"height":500,"url":"https:\/\/starstory.fr\/blog\/wp-content\/uploads\/2026\/05\/sdxl-3fb4e3063039e1de881f61e65e321e5e-scaled.png","type":"image\/png"}],"author":"Rapha\u00ebl D.","twitter_card":"summary_large_image","schema":{"@context":"https:\/\/schema.org","@graph":[{"@type":"NewsArticle","@id":"https:\/\/starstory.fr\/blog\/articles\/valmy\/#article","isPartOf":{"@id":"https:\/\/starstory.fr\/blog\/articles\/valmy\/"},"author":{"name":"Rapha\u00ebl D.","@id":"https:\/\/starstory.fr\/blog\/#\/schema\/person\/3c864cdc320801e3db34b663e7e3f816"},"headline":"Valmy : Guide Visite Bataille Histoire 2026","datePublished":"2026-04-29T09:00:00+00:00","mainEntityOfPage":{"@id":"https:\/\/starstory.fr\/blog\/articles\/valmy\/"},"wordCount":759,"commentCount":0,"publisher":{"@id":"https:\/\/starstory.fr\/blog\/#organization"},"image":{"@id":"https:\/\/starstory.fr\/blog\/articles\/valmy\/#primaryimage"},"thumbnailUrl":"https:\/\/starstory.fr\/blog\/wp-content\/uploads\/2026\/05\/sdxl-3fb4e3063039e1de881f61e65e321e5e-scaled.png","articleSection":["Articles"],"inLanguage":"fr-FR","potentialAction":[{"@type":"CommentAction","name":"Comment","target":["https:\/\/starstory.fr\/blog\/articles\/valmy\/#respond"]}]},{"@type":"WebPage","@id":"https:\/\/starstory.fr\/blog\/articles\/valmy\/","url":"https:\/\/starstory.fr\/blog\/articles\/valmy\/","name":"Valmy : Guide Visite Bataille Histoire 2026","isPartOf":{"@id":"https:\/\/starstory.fr\/blog\/#website"},"primaryImageOfPage":{"@id":"https:\/\/starstory.fr\/blog\/articles\/valmy\/#primaryimage"},"image":{"@id":"https:\/\/starstory.fr\/blog\/articles\/valmy\/#primaryimage"},"thumbnailUrl":"https:\/\/starstory.fr\/blog\/wp-content\/uploads\/2026\/05\/sdxl-3fb4e3063039e1de881f61e65e321e5e-scaled.png","datePublished":"2026-04-29T09:00:00+00:00","description":"La bataille de Valmy, qui a eu lieu le 20 septembre 1792, est un \u00e9v\u00e9nement marquant de l\u2019histoire fran\u00e7aise, souvent consid\u00e9r\u00e9 comme le tournant d\u00e9cisif","inLanguage":"fr-FR","potentialAction":[{"@type":"ReadAction","target":["https:\/\/starstory.fr\/blog\/articles\/valmy\/"]}]},{"@type":"ImageObject","inLanguage":"fr-FR","@id":"https:\/\/starstory.fr\/blog\/articles\/valmy\/#primaryimage","url":"https:\/\/starstory.fr\/blog\/wp-content\/uploads\/2026\/05\/sdxl-3fb4e3063039e1de881f61e65e321e5e-scaled.png","contentUrl":"https:\/\/starstory.fr\/blog\/wp-content\/uploads\/2026\/05\/sdxl-3fb4e3063039e1de881f61e65e321e5e-scaled.png","width":1200,"height":500},{"@type":"WebSite","@id":"https:\/\/starstory.fr\/blog\/#website","url":"https:\/\/starstory.fr\/blog\/","name":"StarStory","description":"StarStory, les \u00e9toiles racontent leur histoire","publisher":{"@id":"https:\/\/starstory.fr\/blog\/#organization"},"alternateName":"StarStory, les \u00e9toiles racontent leur histoire","potentialAction":[{"@type":"SearchAction","target":{"@type":"EntryPoint","urlTemplate":"https:\/\/starstory.fr\/blog\/?s={search_term_string}"},"query-input":{"@type":"PropertyValueSpecification","valueRequired":true,"valueName":"search_term_string"}}],"inLanguage":"fr-FR"},{"@type":"Organization","@id":"https:\/\/starstory.fr\/blog\/#organization","name":"StarStory","alternateName":"StarStory.fr","url":"https:\/\/starstory.fr\/blog\/","logo":{"@type":"ImageObject","inLanguage":"fr-FR","@id":"https:\/\/starstory.fr\/blog\/#\/schema\/logo\/image\/","url":"https:\/\/starstory.fr\/blog\/wp-content\/uploads\/2024\/12\/38.png","contentUrl":"https:\/\/starstory.fr\/blog\/wp-content\/uploads\/2024\/12\/38.png","width":500,"height":500,"caption":"StarStory"},"image":{"@id":"https:\/\/starstory.fr\/blog\/#\/schema\/logo\/image\/"}},{"@type":"Person","@id":"https:\/\/starstory.fr\/blog\/#\/schema\/person\/3c864cdc320801e3db34b663e7e3f816","name":"Rapha\u00ebl D.","image":{"@type":"ImageObject","inLanguage":"fr-FR","@id":"https:\/\/starstory.fr\/blog\/#\/schema\/person\/image\/","url":"https:\/\/starstory.fr\/blog\/wp-content\/uploads\/2026\/06\/persona_raphael-d-96x96.jpg","contentUrl":"https:\/\/starstory.fr\/blog\/wp-content\/uploads\/2026\/06\/persona_raphael-d-96x96.jpg","caption":"Rapha\u00ebl D."},"description":"La culture est mon terrain de jeu depuis une dizaine d'ann\u00e9es : arts visuels, s\u00e9ries, cr\u00e9ation et tout ce qui nourrit l'imaginaire. J'\u00e9cris aussi bien sur l'actualit\u00e9 des \u0153uvres que sur les coulisses de la cr\u00e9ation, avec l'envie de relier l'amateur curieux \u00e0 des univers parfois jug\u00e9s intimidants. J'aime analyser une s\u00e9rie ou une d\u00e9marche artistique sans p\u00e9dantisme, replacer une \u0153uvre dans son contexte et donner des cl\u00e9s de lecture accessibles. Avant de publier, je v\u00e9rifie mes r\u00e9f\u00e9rences, je recoupe les sources et je distingue clairement le fait de mon interpr\u00e9tation subjective. Je crois qu'une critique vaut surtout par les arguments qu'elle expose, pas par la sentence qu'elle rend. Mon angle : transmettre l'envie de d\u00e9couvrir, de regarder autrement et de se forger son propre go\u00fbt. La culture n'appartient pas qu'aux initi\u00e9s, et c'est tout l'enjeu de mon \u00e9criture.","url":"https:\/\/starstory.fr\/blog\/auteur\/noname\/","jobTitle":"R\u00e9dacteur en chef \u00b7 Culture & Cr\u00e9ation","knowsAbout":["Culture","Cr\u00e9ation"],"email":"raphael.d@a-l-asso-de-l-art.fr"}]}},"_links":{"self":[{"href":"https:\/\/starstory.fr\/blog\/wp-json\/wp\/v2\/posts\/7794","targetHints":{"allow":["GET"]}}],"collection":[{"href":"https:\/\/starstory.fr\/blog\/wp-json\/wp\/v2\/posts"}],"about":[{"href":"https:\/\/starstory.fr\/blog\/wp-json\/wp\/v2\/types\/post"}],"author":[{"embeddable":true,"href":"https:\/\/starstory.fr\/blog\/wp-json\/wp\/v2\/users\/34"}],"replies":[{"embeddable":true,"href":"https:\/\/starstory.fr\/blog\/wp-json\/wp\/v2\/comments?post=7794"}],"version-history":[{"count":1,"href":"https:\/\/starstory.fr\/blog\/wp-json\/wp\/v2\/posts\/7794\/revisions"}],"predecessor-version":[{"id":7868,"href":"https:\/\/starstory.fr\/blog\/wp-json\/wp\/v2\/posts\/7794\/revisions\/7868"}],"wp:featuredmedia":[{"embeddable":true,"href":"https:\/\/starstory.fr\/blog\/wp-json\/wp\/v2\/media\/7887"}],"wp:attachment":[{"href":"https:\/\/starstory.fr\/blog\/wp-json\/wp\/v2\/media?parent=7794"}],"wp:term":[{"taxonomy":"category","embeddable":true,"href":"https:\/\/starstory.fr\/blog\/wp-json\/wp\/v2\/categories?post=7794"},{"taxonomy":"post_tag","embeddable":true,"href":"https:\/\/starstory.fr\/blog\/wp-json\/wp\/v2\/tags?post=7794"}],"curies":[{"name":"wp","href":"https:\/\/api.w.org\/{rel}","templated":true}]}}