{"id":7791,"date":"2026-04-18T09:00:00","date_gmt":"2026-04-18T09:00:00","guid":{"rendered":"https:\/\/starstory.fr\/blog\/articles\/basque-drapeau\/"},"modified":"2026-04-18T09:00:00","modified_gmt":"2026-04-18T09:00:00","slug":"basque-drapeau","status":"publish","type":"post","link":"https:\/\/starstory.fr\/blog\/articles\/basque-drapeau\/","title":{"rendered":"Drapeau Basque : Histoire et Signification"},"content":{"rendered":"<p>Le <strong>drapeau basque<\/strong>, connu sous le nom de <strong>Ikurri\u00f1a<\/strong>, est un symbole embl\u00e9matique de la culture et de l\u2019identit\u00e9 basques. Ce drapeau, arbor\u00e9 fi\u00e8rement par les habitants du Pays Basque, poss\u00e8de une riche histoire qui remonte au d\u00e9but du XXe si\u00e8cle. Il est souvent utilis\u00e9 lors des c\u00e9l\u00e9brations, des manifestations politiques et sportives, et repr\u00e9sente l\u2019unit\u00e9 des diff\u00e9rents territoires basques, \u00e0 savoir le Pays Basque fran\u00e7ais et espagnol.<\/p>\n<p>L\u2019Ikurri\u00f1a se distingue par ses couleurs vives : le rouge, le vert et le blanc. Ces teintes ne sont pas choisies au hasard ; elles renvoient \u00e0 des \u00e9l\u00e9ments historiques et culturels forts. Dans cet article, nous explorerons l\u2019histoire du drapeau basque, sa signification ainsi que des alternatives symboliques.<\/p>\n<h2>Origine et Histoire de l\u2019Ikurri\u00f1a<\/h2>\n<h3>Cr\u00e9ation du Drapeau<\/h3>\n<p>L\u2019Ikurri\u00f1a a \u00e9t\u00e9 con\u00e7u en 1894 par les fr\u00e8res <strong>Luis<\/strong> et <strong>Sabino Arana<\/strong>, fondateurs du nationalisme basque. Le drapeau a \u00e9t\u00e9 initialement cr\u00e9\u00e9 pour repr\u00e9senter la province de Biscaye lors d\u2019une exposition \u00e0 Bilbao. Il a rapidement gagn\u00e9 en popularit\u00e9 et est devenu un symbole de l\u2019identit\u00e9 basque au d\u00e9but du XXe si\u00e8cle.<\/p>\n<h3>\u00c9volution Politique<\/h3>\n<p>Au fil des d\u00e9cennies, l\u2019Ikurri\u00f1a a \u00e9t\u00e9 associ\u00e9 \u00e0 divers mouvements politiques. Pendant la guerre civile espagnole (1936-1939), il a \u00e9t\u00e9 utilis\u00e9 par le gouvernement basque pour revendiquer l\u2019autonomie. Apr\u00e8s la dictature franquiste, il a \u00e9t\u00e9 r\u00e9habilit\u00e9 comme symbole officiel du Pays Basque en 1979 avec la cr\u00e9ation de l\u2019autonomie basque.<\/p>\n<h2>Signification des Couleurs<\/h2>\n<p>Le choix des couleurs du drapeau basque est charg\u00e9 de sens :<\/p>\n<ul>\n<li><strong>Rouge<\/strong> : Repr\u00e9sente le peuple basque.<\/li>\n<li><strong>Vert<\/strong> : Symbolise la nature verdoyante du Pays Basque.<\/li>\n<li><strong>Blanc<\/strong> : \u00c9voque la paix et l\u2019unit\u00e9.<\/li>\n<\/ul>\n<p>Ces couleurs sont \u00e9galement pr\u00e9sentes dans d\u2019autres drapeaux r\u00e9gionaux, ce qui soul\u00e8ve des comparaisons int\u00e9ressantes.<\/p>\n<h2>Comparaison avec d\u2019autres Drapeaux R\u00e9gionaux<\/h2>\n<table class=\"kwdbank-table\">\n<thead>\n<tr>\n<th>Drapeau<\/th>\n<th>Couleurs<\/th>\n<th>Signification<\/th>\n<\/tr>\n<\/thead>\n<tbody>\n<tr>\n<td>Ikurri\u00f1a<\/td>\n<td>Rouge, Vert, Blanc<\/td>\n<td>Identit\u00e9 basque<\/td>\n<\/tr>\n<tr>\n<td>Drapeau breton<\/td>\n<td>Noir, Blanc<\/td>\n<td>Culture bretonne<\/td>\n<\/tr>\n<tr>\n<td>Drapeau corse<\/td>\n<td>Rouge, Blanc<\/td>\n<td>Histoire corse<\/td>\n<\/tr>\n<\/tbody>\n<\/table>\n<p>Chaque drapeau r\u00e9gional v\u00e9hicule une identit\u00e9 culturelle forte. Le drapeau breton, par exemple, utilise le noir et blanc pour symboliser sa propre histoire maritime. De m\u00eame, le drapeau corse met en avant des \u00e9l\u00e9ments sp\u00e9cifiques \u00e0 son peuple.<\/p>\n<h2>Utilisation Actuelle<\/h2>\n<p>L\u2019Ikurri\u00f1a est omnipr\u00e9sent dans les \u00e9v\u00e9nements culturels et sportifs au Pays Basque. Par exemple :<\/p>\n<ul>\n<li><strong>F\u00eates traditionnelles<\/strong> : Lors des f\u00eates de San Sebasti\u00e1n, le drapeau flotte sur les b\u00e2timents publics.<\/li>\n<li><strong>\u00c9v\u00e9nements sportifs<\/strong> : Lors des comp\u00e9titions de pelote basque ou de rugby, il est brandi avec fiert\u00e9.<\/li>\n<\/ul>\n<h3>Pi\u00e8ge \u00e0 \u00c9viter<\/h3>\n<p>Un pi\u00e8ge courant est de confondre l\u2019Ikurri\u00f1a avec d\u2019autres symboles basques comme le <strong>dr\u00f4le d\u2019ours<\/strong> ou les armoiries r\u00e9gionales. Chacun a son propre contexte historique et culturel qui m\u00e9rite d\u2019\u00eatre respect\u00e9.<\/p>\n<h2>Alternatives Symb\u00f4liques<\/h2>\n<p>Il existe plusieurs autres embl\u00e8mes qui repr\u00e9sentent la culture basque :<\/p>\n<ul>\n<li><strong>La croix basque<\/strong> : Un symbole chr\u00e9tien souvent associ\u00e9 aux traditions religieuses.<\/li>\n<li><strong>Les armoiries<\/strong> : Utilis\u00e9es par diff\u00e9rentes provinces pour repr\u00e9senter leur histoire locale.<\/li>\n<\/ul>\n<p>Ces alternatives peuvent \u00e9galement \u00eatre vues lors d\u2019\u00e9v\u00e9nements culturels mais n\u2019ont pas la m\u00eame port\u00e9e que l\u2019Ikurri\u00f1a.<\/p>\n<h2>Actions Immediates \u00e0 Entreprendre<\/h2>\n<p>Pour mieux comprendre la richesse culturelle du Pays Basque :<\/p>\n<ol>\n<li>Visitez un mus\u00e9e consacr\u00e9 \u00e0 l\u2019histoire basque.<\/li>\n<li>Participez \u00e0 une f\u00eate locale o\u00f9 l\u2019Ikurri\u00f1a est mise en avant.<\/li>\n<li>Suivez des groupes sur les r\u00e9seaux sociaux qui c\u00e9l\u00e8brent la culture basque.<\/li>\n<\/ol>\n<h2>FAQ<\/h2>\n<h3>Quelle est la signification exacte des couleurs du drapeau basque ?<\/h3>\n<p>Le rouge symbolise le peuple basque, le vert repr\u00e9sente la nature et le blanc \u00e9voque la paix.<\/p>\n<h3>Qui a cr\u00e9\u00e9 le drapeau basque ?<\/h3>\n<p>Le drapeau a \u00e9t\u00e9 con\u00e7u par Luis et Sabino Arana en 1894.<\/p>\n<h3>Dans quelles occasions voit-on le drapeau basque ?<\/h3>\n<p>Il est utilis\u00e9 lors de f\u00eates traditionnelles, d\u2019\u00e9v\u00e9nements sportifs et dans divers contextes politiques.<\/p>\n<h3>Y a-t-il d\u2019autres symboles importants au Pays Basque ?<\/h3>\n<p>Oui, on trouve \u00e9galement la croix basque et les armoiries r\u00e9gionales comme autres embl\u00e8mes significatifs.<\/p>\n<h3>Pourquoi le drapeau basque est-il parfois controvers\u00e9 ?<\/h3>\n<p>Son utilisation peut \u00eatre per\u00e7ue diff\u00e9remment selon les contextes politiques en Espagne ou en France.<\/p>\n<h3>O\u00f9 puis-je en apprendre davantage sur la culture basque ?<\/h3>\n<p>Des mus\u00e9es locaux ou des festivals r\u00e9gionaux sont d\u2019excellents endroits pour d\u00e9couvrir cette culture riche.<\/p>\n","protected":false},"excerpt":{"rendered":"","protected":false},"author":34,"featured_media":7903,"comment_status":"open","ping_status":"open","sticky":false,"template":"","format":"standard","meta":{"_acf_changed":false,"manual_indexmenow":false,"indexmenow_id_project":0,"footnotes":""},"categories":[4835],"tags":[],"class_list":["post-7791","post","type-post","status-publish","format-standard","has-post-thumbnail","hentry","category-articles","generate-columns","tablet-grid-50","mobile-grid-100","grid-parent","grid-25"],"acf":[],"yoast_head":"<!-- This site is optimized with the Yoast SEO Premium plugin v21.3 (Yoast SEO v26.5) - https:\/\/yoast.com\/wordpress\/plugins\/seo\/ -->\n<title>Drapeau Basque : Histoire et Signification<\/title>\n<meta name=\"description\" content=\"Le drapeau basque, connu sous le nom de Ikurri\u00f1a, est un symbole embl\u00e9matique de la culture et de l\u2019identit\u00e9 basques\" \/>\n<meta name=\"robots\" content=\"index, follow, max-snippet:-1, max-image-preview:large, max-video-preview:-1\" \/>\n<link rel=\"canonical\" href=\"https:\/\/starstory.fr\/blog\/articles\/basque-drapeau\/\" \/>\n<meta property=\"og:locale\" content=\"fr_FR\" \/>\n<meta property=\"og:type\" content=\"article\" \/>\n<meta property=\"og:title\" content=\"Drapeau Basque : Histoire et Signification\" \/>\n<meta property=\"og:description\" content=\"Le drapeau basque, connu sous le nom de Ikurri\u00f1a, est un symbole embl\u00e9matique de la culture et de l\u2019identit\u00e9 basques\" \/>\n<meta property=\"og:url\" content=\"https:\/\/starstory.fr\/blog\/articles\/basque-drapeau\/\" \/>\n<meta property=\"og:site_name\" content=\"starstory\" \/>\n<meta property=\"og:image\" content=\"https:\/\/starstory.fr\/blog\/wp-content\/uploads\/2026\/05\/sdxl-64fcd5a34293d459444472b9b67e0c9b-scaled.png\" \/>\n\t<meta property=\"og:image:width\" content=\"1200\" \/>\n\t<meta property=\"og:image:height\" content=\"500\" \/>\n\t<meta property=\"og:image:type\" content=\"image\/png\" \/>\n<meta name=\"author\" content=\"Rapha\u00ebl D.\" \/>\n<meta name=\"twitter:card\" content=\"summary_large_image\" \/>\n<script type=\"application\/ld+json\" class=\"yoast-schema-graph\">{\"@context\":\"https:\/\/schema.org\",\"@graph\":[{\"@type\":\"NewsArticle\",\"@id\":\"https:\/\/starstory.fr\/blog\/articles\/basque-drapeau\/#article\",\"isPartOf\":{\"@id\":\"https:\/\/starstory.fr\/blog\/articles\/basque-drapeau\/\"},\"author\":{\"name\":\"Rapha\u00ebl D.\",\"@id\":\"https:\/\/starstory.fr\/blog\/#\/schema\/person\/3c864cdc320801e3db34b663e7e3f816\"},\"headline\":\"Drapeau Basque : Histoire et Signification\",\"datePublished\":\"2026-04-18T09:00:00+00:00\",\"mainEntityOfPage\":{\"@id\":\"https:\/\/starstory.fr\/blog\/articles\/basque-drapeau\/\"},\"wordCount\":753,\"commentCount\":0,\"publisher\":{\"@id\":\"https:\/\/starstory.fr\/blog\/#organization\"},\"image\":{\"@id\":\"https:\/\/starstory.fr\/blog\/articles\/basque-drapeau\/#primaryimage\"},\"thumbnailUrl\":\"https:\/\/starstory.fr\/blog\/wp-content\/uploads\/2026\/05\/sdxl-64fcd5a34293d459444472b9b67e0c9b-scaled.png\",\"articleSection\":[\"Articles\"],\"inLanguage\":\"fr-FR\",\"potentialAction\":[{\"@type\":\"CommentAction\",\"name\":\"Comment\",\"target\":[\"https:\/\/starstory.fr\/blog\/articles\/basque-drapeau\/#respond\"]}]},{\"@type\":\"WebPage\",\"@id\":\"https:\/\/starstory.fr\/blog\/articles\/basque-drapeau\/\",\"url\":\"https:\/\/starstory.fr\/blog\/articles\/basque-drapeau\/\",\"name\":\"Drapeau Basque : Histoire et Signification\",\"isPartOf\":{\"@id\":\"https:\/\/starstory.fr\/blog\/#website\"},\"primaryImageOfPage\":{\"@id\":\"https:\/\/starstory.fr\/blog\/articles\/basque-drapeau\/#primaryimage\"},\"image\":{\"@id\":\"https:\/\/starstory.fr\/blog\/articles\/basque-drapeau\/#primaryimage\"},\"thumbnailUrl\":\"https:\/\/starstory.fr\/blog\/wp-content\/uploads\/2026\/05\/sdxl-64fcd5a34293d459444472b9b67e0c9b-scaled.png\",\"datePublished\":\"2026-04-18T09:00:00+00:00\",\"description\":\"Le drapeau basque, connu sous le nom de Ikurri\u00f1a, est un symbole embl\u00e9matique de la culture et de l\u2019identit\u00e9 basques\",\"inLanguage\":\"fr-FR\",\"potentialAction\":[{\"@type\":\"ReadAction\",\"target\":[\"https:\/\/starstory.fr\/blog\/articles\/basque-drapeau\/\"]}]},{\"@type\":\"ImageObject\",\"inLanguage\":\"fr-FR\",\"@id\":\"https:\/\/starstory.fr\/blog\/articles\/basque-drapeau\/#primaryimage\",\"url\":\"https:\/\/starstory.fr\/blog\/wp-content\/uploads\/2026\/05\/sdxl-64fcd5a34293d459444472b9b67e0c9b-scaled.png\",\"contentUrl\":\"https:\/\/starstory.fr\/blog\/wp-content\/uploads\/2026\/05\/sdxl-64fcd5a34293d459444472b9b67e0c9b-scaled.png\",\"width\":1200,\"height\":500},{\"@type\":\"WebSite\",\"@id\":\"https:\/\/starstory.fr\/blog\/#website\",\"url\":\"https:\/\/starstory.fr\/blog\/\",\"name\":\"StarStory\",\"description\":\"StarStory, les \u00e9toiles racontent leur histoire\",\"publisher\":{\"@id\":\"https:\/\/starstory.fr\/blog\/#organization\"},\"alternateName\":\"StarStory, les \u00e9toiles racontent leur histoire\",\"potentialAction\":[{\"@type\":\"SearchAction\",\"target\":{\"@type\":\"EntryPoint\",\"urlTemplate\":\"https:\/\/starstory.fr\/blog\/?s={search_term_string}\"},\"query-input\":{\"@type\":\"PropertyValueSpecification\",\"valueRequired\":true,\"valueName\":\"search_term_string\"}}],\"inLanguage\":\"fr-FR\"},{\"@type\":\"Organization\",\"@id\":\"https:\/\/starstory.fr\/blog\/#organization\",\"name\":\"StarStory\",\"alternateName\":\"StarStory.fr\",\"url\":\"https:\/\/starstory.fr\/blog\/\",\"logo\":{\"@type\":\"ImageObject\",\"inLanguage\":\"fr-FR\",\"@id\":\"https:\/\/starstory.fr\/blog\/#\/schema\/logo\/image\/\",\"url\":\"https:\/\/starstory.fr\/blog\/wp-content\/uploads\/2024\/12\/38.png\",\"contentUrl\":\"https:\/\/starstory.fr\/blog\/wp-content\/uploads\/2024\/12\/38.png\",\"width\":500,\"height\":500,\"caption\":\"StarStory\"},\"image\":{\"@id\":\"https:\/\/starstory.fr\/blog\/#\/schema\/logo\/image\/\"}},{\"@type\":\"Person\",\"@id\":\"https:\/\/starstory.fr\/blog\/#\/schema\/person\/3c864cdc320801e3db34b663e7e3f816\",\"name\":\"Rapha\u00ebl D.\",\"image\":{\"@type\":\"ImageObject\",\"inLanguage\":\"fr-FR\",\"@id\":\"https:\/\/starstory.fr\/blog\/#\/schema\/person\/image\/\",\"url\":\"https:\/\/starstory.fr\/blog\/wp-content\/uploads\/2026\/06\/persona_raphael-d-96x96.jpg\",\"contentUrl\":\"https:\/\/starstory.fr\/blog\/wp-content\/uploads\/2026\/06\/persona_raphael-d-96x96.jpg\",\"caption\":\"Rapha\u00ebl D.\"},\"description\":\"La culture est mon terrain de jeu depuis une dizaine d'ann\u00e9es : arts visuels, s\u00e9ries, cr\u00e9ation et tout ce qui nourrit l'imaginaire. J'\u00e9cris aussi bien sur l'actualit\u00e9 des \u0153uvres que sur les coulisses de la cr\u00e9ation, avec l'envie de relier l'amateur curieux \u00e0 des univers parfois jug\u00e9s intimidants. J'aime analyser une s\u00e9rie ou une d\u00e9marche artistique sans p\u00e9dantisme, replacer une \u0153uvre dans son contexte et donner des cl\u00e9s de lecture accessibles. Avant de publier, je v\u00e9rifie mes r\u00e9f\u00e9rences, je recoupe les sources et je distingue clairement le fait de mon interpr\u00e9tation subjective. Je crois qu'une critique vaut surtout par les arguments qu'elle expose, pas par la sentence qu'elle rend. Mon angle : transmettre l'envie de d\u00e9couvrir, de regarder autrement et de se forger son propre go\u00fbt. La culture n'appartient pas qu'aux initi\u00e9s, et c'est tout l'enjeu de mon \u00e9criture.\",\"url\":\"https:\/\/starstory.fr\/blog\/auteur\/noname\/\",\"jobTitle\":\"R\u00e9dacteur en chef \u00b7 Culture & Cr\u00e9ation\",\"knowsAbout\":[\"Culture\",\"Cr\u00e9ation\"],\"email\":\"raphael.d@a-l-asso-de-l-art.fr\"}]}<\/script>\n<!-- \/ Yoast SEO Premium plugin. -->","yoast_head_json":{"title":"Drapeau Basque : Histoire et Signification","description":"Le drapeau basque, connu sous le nom de Ikurri\u00f1a, est un symbole embl\u00e9matique de la culture et de l\u2019identit\u00e9 basques","robots":{"index":"index","follow":"follow","max-snippet":"max-snippet:-1","max-image-preview":"max-image-preview:large","max-video-preview":"max-video-preview:-1"},"canonical":"https:\/\/starstory.fr\/blog\/articles\/basque-drapeau\/","og_locale":"fr_FR","og_type":"article","og_title":"Drapeau Basque : Histoire et Signification","og_description":"Le drapeau basque, connu sous le nom de Ikurri\u00f1a, est un symbole embl\u00e9matique de la culture et de l\u2019identit\u00e9 basques","og_url":"https:\/\/starstory.fr\/blog\/articles\/basque-drapeau\/","og_site_name":"starstory","og_image":[{"width":1200,"height":500,"url":"https:\/\/starstory.fr\/blog\/wp-content\/uploads\/2026\/05\/sdxl-64fcd5a34293d459444472b9b67e0c9b-scaled.png","type":"image\/png"}],"author":"Rapha\u00ebl D.","twitter_card":"summary_large_image","schema":{"@context":"https:\/\/schema.org","@graph":[{"@type":"NewsArticle","@id":"https:\/\/starstory.fr\/blog\/articles\/basque-drapeau\/#article","isPartOf":{"@id":"https:\/\/starstory.fr\/blog\/articles\/basque-drapeau\/"},"author":{"name":"Rapha\u00ebl D.","@id":"https:\/\/starstory.fr\/blog\/#\/schema\/person\/3c864cdc320801e3db34b663e7e3f816"},"headline":"Drapeau Basque : Histoire et Signification","datePublished":"2026-04-18T09:00:00+00:00","mainEntityOfPage":{"@id":"https:\/\/starstory.fr\/blog\/articles\/basque-drapeau\/"},"wordCount":753,"commentCount":0,"publisher":{"@id":"https:\/\/starstory.fr\/blog\/#organization"},"image":{"@id":"https:\/\/starstory.fr\/blog\/articles\/basque-drapeau\/#primaryimage"},"thumbnailUrl":"https:\/\/starstory.fr\/blog\/wp-content\/uploads\/2026\/05\/sdxl-64fcd5a34293d459444472b9b67e0c9b-scaled.png","articleSection":["Articles"],"inLanguage":"fr-FR","potentialAction":[{"@type":"CommentAction","name":"Comment","target":["https:\/\/starstory.fr\/blog\/articles\/basque-drapeau\/#respond"]}]},{"@type":"WebPage","@id":"https:\/\/starstory.fr\/blog\/articles\/basque-drapeau\/","url":"https:\/\/starstory.fr\/blog\/articles\/basque-drapeau\/","name":"Drapeau Basque : Histoire et Signification","isPartOf":{"@id":"https:\/\/starstory.fr\/blog\/#website"},"primaryImageOfPage":{"@id":"https:\/\/starstory.fr\/blog\/articles\/basque-drapeau\/#primaryimage"},"image":{"@id":"https:\/\/starstory.fr\/blog\/articles\/basque-drapeau\/#primaryimage"},"thumbnailUrl":"https:\/\/starstory.fr\/blog\/wp-content\/uploads\/2026\/05\/sdxl-64fcd5a34293d459444472b9b67e0c9b-scaled.png","datePublished":"2026-04-18T09:00:00+00:00","description":"Le drapeau basque, connu sous le nom de Ikurri\u00f1a, est un symbole embl\u00e9matique de la culture et de l\u2019identit\u00e9 basques","inLanguage":"fr-FR","potentialAction":[{"@type":"ReadAction","target":["https:\/\/starstory.fr\/blog\/articles\/basque-drapeau\/"]}]},{"@type":"ImageObject","inLanguage":"fr-FR","@id":"https:\/\/starstory.fr\/blog\/articles\/basque-drapeau\/#primaryimage","url":"https:\/\/starstory.fr\/blog\/wp-content\/uploads\/2026\/05\/sdxl-64fcd5a34293d459444472b9b67e0c9b-scaled.png","contentUrl":"https:\/\/starstory.fr\/blog\/wp-content\/uploads\/2026\/05\/sdxl-64fcd5a34293d459444472b9b67e0c9b-scaled.png","width":1200,"height":500},{"@type":"WebSite","@id":"https:\/\/starstory.fr\/blog\/#website","url":"https:\/\/starstory.fr\/blog\/","name":"StarStory","description":"StarStory, les \u00e9toiles racontent leur histoire","publisher":{"@id":"https:\/\/starstory.fr\/blog\/#organization"},"alternateName":"StarStory, les \u00e9toiles racontent leur histoire","potentialAction":[{"@type":"SearchAction","target":{"@type":"EntryPoint","urlTemplate":"https:\/\/starstory.fr\/blog\/?s={search_term_string}"},"query-input":{"@type":"PropertyValueSpecification","valueRequired":true,"valueName":"search_term_string"}}],"inLanguage":"fr-FR"},{"@type":"Organization","@id":"https:\/\/starstory.fr\/blog\/#organization","name":"StarStory","alternateName":"StarStory.fr","url":"https:\/\/starstory.fr\/blog\/","logo":{"@type":"ImageObject","inLanguage":"fr-FR","@id":"https:\/\/starstory.fr\/blog\/#\/schema\/logo\/image\/","url":"https:\/\/starstory.fr\/blog\/wp-content\/uploads\/2024\/12\/38.png","contentUrl":"https:\/\/starstory.fr\/blog\/wp-content\/uploads\/2024\/12\/38.png","width":500,"height":500,"caption":"StarStory"},"image":{"@id":"https:\/\/starstory.fr\/blog\/#\/schema\/logo\/image\/"}},{"@type":"Person","@id":"https:\/\/starstory.fr\/blog\/#\/schema\/person\/3c864cdc320801e3db34b663e7e3f816","name":"Rapha\u00ebl D.","image":{"@type":"ImageObject","inLanguage":"fr-FR","@id":"https:\/\/starstory.fr\/blog\/#\/schema\/person\/image\/","url":"https:\/\/starstory.fr\/blog\/wp-content\/uploads\/2026\/06\/persona_raphael-d-96x96.jpg","contentUrl":"https:\/\/starstory.fr\/blog\/wp-content\/uploads\/2026\/06\/persona_raphael-d-96x96.jpg","caption":"Rapha\u00ebl D."},"description":"La culture est mon terrain de jeu depuis une dizaine d'ann\u00e9es : arts visuels, s\u00e9ries, cr\u00e9ation et tout ce qui nourrit l'imaginaire. J'\u00e9cris aussi bien sur l'actualit\u00e9 des \u0153uvres que sur les coulisses de la cr\u00e9ation, avec l'envie de relier l'amateur curieux \u00e0 des univers parfois jug\u00e9s intimidants. J'aime analyser une s\u00e9rie ou une d\u00e9marche artistique sans p\u00e9dantisme, replacer une \u0153uvre dans son contexte et donner des cl\u00e9s de lecture accessibles. Avant de publier, je v\u00e9rifie mes r\u00e9f\u00e9rences, je recoupe les sources et je distingue clairement le fait de mon interpr\u00e9tation subjective. Je crois qu'une critique vaut surtout par les arguments qu'elle expose, pas par la sentence qu'elle rend. Mon angle : transmettre l'envie de d\u00e9couvrir, de regarder autrement et de se forger son propre go\u00fbt. La culture n'appartient pas qu'aux initi\u00e9s, et c'est tout l'enjeu de mon \u00e9criture.","url":"https:\/\/starstory.fr\/blog\/auteur\/noname\/","jobTitle":"R\u00e9dacteur en chef \u00b7 Culture & Cr\u00e9ation","knowsAbout":["Culture","Cr\u00e9ation"],"email":"raphael.d@a-l-asso-de-l-art.fr"}]}},"_links":{"self":[{"href":"https:\/\/starstory.fr\/blog\/wp-json\/wp\/v2\/posts\/7791","targetHints":{"allow":["GET"]}}],"collection":[{"href":"https:\/\/starstory.fr\/blog\/wp-json\/wp\/v2\/posts"}],"about":[{"href":"https:\/\/starstory.fr\/blog\/wp-json\/wp\/v2\/types\/post"}],"author":[{"embeddable":true,"href":"https:\/\/starstory.fr\/blog\/wp-json\/wp\/v2\/users\/34"}],"replies":[{"embeddable":true,"href":"https:\/\/starstory.fr\/blog\/wp-json\/wp\/v2\/comments?post=7791"}],"version-history":[{"count":0,"href":"https:\/\/starstory.fr\/blog\/wp-json\/wp\/v2\/posts\/7791\/revisions"}],"wp:featuredmedia":[{"embeddable":true,"href":"https:\/\/starstory.fr\/blog\/wp-json\/wp\/v2\/media\/7903"}],"wp:attachment":[{"href":"https:\/\/starstory.fr\/blog\/wp-json\/wp\/v2\/media?parent=7791"}],"wp:term":[{"taxonomy":"category","embeddable":true,"href":"https:\/\/starstory.fr\/blog\/wp-json\/wp\/v2\/categories?post=7791"},{"taxonomy":"post_tag","embeddable":true,"href":"https:\/\/starstory.fr\/blog\/wp-json\/wp\/v2\/tags?post=7791"}],"curies":[{"name":"wp","href":"https:\/\/api.w.org\/{rel}","templated":true}]}}