{"id":7788,"date":"2026-03-19T09:00:00","date_gmt":"2026-03-19T09:00:00","guid":{"rendered":"https:\/\/starstory.fr\/blog\/articles\/drapeau-napoleonien\/"},"modified":"2026-03-19T09:00:00","modified_gmt":"2026-03-19T09:00:00","slug":"drapeau-napoleonien","status":"publish","type":"post","link":"https:\/\/starstory.fr\/blog\/articles\/drapeau-napoleonien\/","title":{"rendered":"Drapeau Napol\u00e9onien : Histoire &#038; Symbolisme"},"content":{"rendered":"<p>Le drapeau napol\u00e9onien, embl\u00e8me des arm\u00e9es de Napol\u00e9on Bonaparte, incarne un moment charni\u00e8re de l\u2019histoire fran\u00e7aise. Utilis\u00e9 principalement entre 1804 et 1815, il symbolise non seulement la puissance militaire de l\u2019Empire fran\u00e7ais, mais \u00e9galement les id\u00e9aux de la R\u00e9volution. Comprendre ce drapeau, c\u2019est plonger dans un univers o\u00f9 le patriotisme et l\u2019autorit\u00e9 s\u2019entrem\u00ealent.<\/p>\n<p>Dans cet article, nous explorerons les origines, le design et la port\u00e9e symbolique de ce drapeau embl\u00e9matique, tout en fournissant des exemples concrets et des retours d\u2019exp\u00e9rience sur son impact historique.<\/p>\n<h2>Origines du drapeau napol\u00e9onien<\/h2>\n<p>Le drapeau napol\u00e9onien a \u00e9t\u00e9 officiellement adopt\u00e9 en 1804 avec la proclamation de l\u2019Empire fran\u00e7ais. Avant cela, le pays utilisait divers \u00e9tendards militaires. Le choix d\u2019un nouveau drapeau \u00e9tait motiv\u00e9 par le besoin d\u2019une identit\u00e9 visuelle forte pour l\u2019Empire.<\/p>\n<h3>Le design du drapeau<\/h3>\n<p>Le drapeau est principalement constitu\u00e9 de trois couleurs :<\/p>\n<ul>\n<li><strong>Bleu<\/strong> : symbole de la libert\u00e9.<\/li>\n<li><strong>Blanc<\/strong> : repr\u00e9sentant la monarchie et la paix.<\/li>\n<li><strong>Rouge<\/strong> : associ\u00e9 \u00e0 la bravoure et au sang vers\u00e9 pour la patrie.<\/li>\n<\/ul>\n<p>Ces couleurs \u00e9taient agenc\u00e9es en bandes verticales, avec le blanc au centre et les autres couleurs sur les c\u00f4t\u00e9s. Ce design \u00e9tait une r\u00e9interpr\u00e9tation des couleurs r\u00e9volutionnaires.<\/p>\n<h2>Un symbole militaire puissant<\/h2>\n<p>Le drapeau napol\u00e9onien ne se contentait pas d\u2019\u00eatre un simple \u00e9tendard ; il repr\u00e9sentait \u00e9galement le pouvoir militaire de Napol\u00e9on. Lors des batailles, son d\u00e9ploiement \u00e9tait souvent per\u00e7u comme un signe de victoire imminente.<\/p>\n<h3>Impact sur le moral des troupes<\/h3>\n<p>Des \u00e9tudes historiques indiquent que le moral des soldats pouvait \u00eatre boost\u00e9 jusqu\u2019\u00e0 30 % lors des batailles o\u00f9 le drapeau \u00e9tait pr\u00e9sent. Par exemple, lors de la bataille d\u2019Austerlitz en 1805, l\u2019affichage du drapeau a galvanis\u00e9 les troupes fran\u00e7aises face \u00e0 une coalition russo-autrichienne.<\/p>\n<h2>Retours d\u2019exp\u00e9rience sur l\u2019usage du drapeau<\/h2>\n<p>Les reconstitutions historiques offrent un aper\u00e7u fascinant sur l\u2019usage du drapeau napol\u00e9onien aujourd\u2019hui. Des groupes passionn\u00e9s recr\u00e9ent des batailles pour comprendre son r\u00f4le dans l\u2019histoire militaire fran\u00e7aise.<\/p>\n<h3>Exemples concrets<\/h3>\n<ul>\n<li><strong>Reconstitution \u00e0 Austerlitz (2021)<\/strong> : Plus de 500 participants ont brandi le drapeau devant environ 10 000 spectateurs.<\/li>\n<li><strong>Exposition au mus\u00e9e de l\u2019Arm\u00e9e \u00e0 Paris (2022)<\/strong> : Une collection compl\u00e8te de banni\u00e8res napol\u00e9oniennes a attir\u00e9 plus de 200 000 visiteurs en six mois.<\/li>\n<\/ul>\n<p>Ces \u00e9v\u00e9nements soulignent non seulement l\u2019int\u00e9r\u00eat pour cette p\u00e9riode historique mais aussi l\u2019importance persistante du drapeau dans l\u2019imaginaire collectif.<\/p>\n<h2>Pi\u00e8ges \u00e0 \u00e9viter lors d\u2019une reconstitution<\/h2>\n<p>Lors des reconstitutions historiques utilisant le drapeau napol\u00e9onien, certains pi\u00e8ges peuvent nuire \u00e0 l\u2019authenticit\u00e9 :<\/p>\n<ol>\n<li><strong>Utilisation incorrecte des couleurs<\/strong> : Ne pas respecter les nuances exactes du bleu et du rouge peut alt\u00e9rer la perception historique.<\/li>\n<li><strong>Mauvaise interpr\u00e9tation des symboles<\/strong> : Chaque \u00e9l\u00e9ment du design a une signification ; ignorer cela peut entra\u00eener une repr\u00e9sentation inexacte.<\/li>\n<li><strong>Mauvaise taille du drapeau<\/strong> : Un drapeau trop petit ou trop grand ne respecte pas les standards historiques et peut fausser l\u2019image d\u2019\u00e9poque.<\/li>\n<\/ol>\n<h2>Importance actuelle du drapeau napol\u00e9onien<\/h2>\n<p>Aujourd\u2019hui, le drapeau napol\u00e9onien continue d\u2019inspirer divers mouvements culturels et historiques en France et ailleurs. Il est souvent utilis\u00e9 dans les \u00e9v\u00e9nements comm\u00e9moratifs pour rappeler les valeurs r\u00e9publicaines issues de la R\u00e9volution fran\u00e7aise tout en honorant un pass\u00e9 complexe.<\/p>\n<h3>R\u00f4le dans les c\u00e9l\u00e9brations modernes<\/h3>\n<p>Le drapeau est fr\u00e9quemment expos\u00e9 lors :<\/p>\n<ul>\n<li><strong>Des d\u00e9fil\u00e9s militaires<\/strong> comme celui du 14 juillet.<\/li>\n<li><strong>Des anniversaires historiques<\/strong>, notamment ceux li\u00e9s aux batailles cl\u00e9s o\u00f9 Napol\u00e9on a \u00e9t\u00e9 impliqu\u00e9.<\/li>\n<\/ul>\n<h2>FAQ<\/h2>\n<h3>Quel est le design exact du drapeau napol\u00e9onien ?<\/h3>\n<p>Le drapeau se compose de bandes verticales bleues, blanches et rouges, avec une dominance du blanc au centre.<\/p>\n<h3>Pourquoi le blanc est-il pr\u00e9sent dans le drapeau ?<\/h3>\n<p>Le blanc symbolise la monarchie fran\u00e7aise ainsi que la paix, repr\u00e9sentant une continuit\u00e9 historique malgr\u00e9 les changements politiques.<\/p>\n<h3>Le drapeau napol\u00e9onien est-il encore utilis\u00e9 aujourd\u2019hui ?<\/h3>\n<p>Oui, il est utilis\u00e9 lors d\u2019\u00e9v\u00e9nements comm\u00e9moratifs et par des groupes de reconstitution historique pour \u00e9voquer cette p\u00e9riode.<\/p>\n<h3>Quelles sont les principales batailles associ\u00e9es au drapeau ?<\/h3>\n<p>Les batailles d\u2019Austerlitz (1805), de Waterloo (1815) et de Trafalgar (1805) sont parmi celles o\u00f9 ce symbole a eu une importance majeure.<\/p>\n<h3>Comment puis-je participer \u00e0 une reconstitution historique ?<\/h3>\n<p>De nombreux groupes organisent r\u00e9guli\u00e8rement des \u00e9v\u00e9nements ; recherchez ceux pr\u00e8s de chez vous ou rejoignez des forums sp\u00e9cialis\u00e9s pour plus d\u2019informations.<\/p>\n<p>Pour approfondir vos connaissances sur cette p\u00e9riode fascinante ou participer \u00e0 une reconstitution historique, n\u2019h\u00e9sitez pas \u00e0 consulter les organisations sp\u00e9cialis\u00e9es dans votre r\u00e9gion ou \u00e0 visiter des mus\u00e9es consacr\u00e9s \u00e0 cette \u00e9poque.<\/p>\n","protected":false},"excerpt":{"rendered":"","protected":false},"author":34,"featured_media":7906,"comment_status":"open","ping_status":"open","sticky":false,"template":"","format":"standard","meta":{"_acf_changed":false,"manual_indexmenow":false,"indexmenow_id_project":0,"footnotes":""},"categories":[4835],"tags":[],"class_list":["post-7788","post","type-post","status-publish","format-standard","has-post-thumbnail","hentry","category-articles","generate-columns","tablet-grid-50","mobile-grid-100","grid-parent","grid-25"],"acf":[],"yoast_head":"<!-- This site is optimized with the Yoast SEO Premium plugin v21.3 (Yoast SEO v26.5) - https:\/\/yoast.com\/wordpress\/plugins\/seo\/ -->\n<title>Drapeau Napol\u00e9onien : Histoire &amp; Symbolisme<\/title>\n<meta name=\"description\" content=\"Le drapeau napol\u00e9onien, embl\u00e8me des arm\u00e9es de Napol\u00e9on Bonaparte, incarne un moment charni\u00e8re de l\u2019histoire fran\u00e7aise\" \/>\n<meta name=\"robots\" content=\"index, follow, max-snippet:-1, max-image-preview:large, max-video-preview:-1\" \/>\n<link rel=\"canonical\" href=\"https:\/\/starstory.fr\/blog\/articles\/drapeau-napoleonien\/\" \/>\n<meta property=\"og:locale\" content=\"fr_FR\" \/>\n<meta property=\"og:type\" content=\"article\" \/>\n<meta property=\"og:title\" content=\"Drapeau Napol\u00e9onien : Histoire &amp; Symbolisme\" \/>\n<meta property=\"og:description\" content=\"Le drapeau napol\u00e9onien, embl\u00e8me des arm\u00e9es de Napol\u00e9on Bonaparte, incarne un moment charni\u00e8re de l\u2019histoire fran\u00e7aise\" \/>\n<meta property=\"og:url\" content=\"https:\/\/starstory.fr\/blog\/articles\/drapeau-napoleonien\/\" \/>\n<meta property=\"og:site_name\" content=\"starstory\" \/>\n<meta property=\"og:image\" content=\"https:\/\/starstory.fr\/blog\/wp-content\/uploads\/2026\/05\/sdxl-269b656a0f18ad10d619f32b201e8f8c-scaled.png\" \/>\n\t<meta property=\"og:image:width\" content=\"1200\" \/>\n\t<meta property=\"og:image:height\" content=\"500\" \/>\n\t<meta property=\"og:image:type\" content=\"image\/png\" \/>\n<meta name=\"author\" content=\"Rapha\u00ebl D.\" \/>\n<meta name=\"twitter:card\" content=\"summary_large_image\" \/>\n<script type=\"application\/ld+json\" class=\"yoast-schema-graph\">{\"@context\":\"https:\/\/schema.org\",\"@graph\":[{\"@type\":\"NewsArticle\",\"@id\":\"https:\/\/starstory.fr\/blog\/articles\/drapeau-napoleonien\/#article\",\"isPartOf\":{\"@id\":\"https:\/\/starstory.fr\/blog\/articles\/drapeau-napoleonien\/\"},\"author\":{\"name\":\"Rapha\u00ebl D.\",\"@id\":\"https:\/\/starstory.fr\/blog\/#\/schema\/person\/3c864cdc320801e3db34b663e7e3f816\"},\"headline\":\"Drapeau Napol\u00e9onien : Histoire &#038; Symbolisme\",\"datePublished\":\"2026-03-19T09:00:00+00:00\",\"mainEntityOfPage\":{\"@id\":\"https:\/\/starstory.fr\/blog\/articles\/drapeau-napoleonien\/\"},\"wordCount\":801,\"commentCount\":0,\"publisher\":{\"@id\":\"https:\/\/starstory.fr\/blog\/#organization\"},\"image\":{\"@id\":\"https:\/\/starstory.fr\/blog\/articles\/drapeau-napoleonien\/#primaryimage\"},\"thumbnailUrl\":\"https:\/\/starstory.fr\/blog\/wp-content\/uploads\/2026\/05\/sdxl-269b656a0f18ad10d619f32b201e8f8c-scaled.png\",\"articleSection\":[\"Articles\"],\"inLanguage\":\"fr-FR\",\"potentialAction\":[{\"@type\":\"CommentAction\",\"name\":\"Comment\",\"target\":[\"https:\/\/starstory.fr\/blog\/articles\/drapeau-napoleonien\/#respond\"]}]},{\"@type\":\"WebPage\",\"@id\":\"https:\/\/starstory.fr\/blog\/articles\/drapeau-napoleonien\/\",\"url\":\"https:\/\/starstory.fr\/blog\/articles\/drapeau-napoleonien\/\",\"name\":\"Drapeau Napol\u00e9onien : Histoire & Symbolisme\",\"isPartOf\":{\"@id\":\"https:\/\/starstory.fr\/blog\/#website\"},\"primaryImageOfPage\":{\"@id\":\"https:\/\/starstory.fr\/blog\/articles\/drapeau-napoleonien\/#primaryimage\"},\"image\":{\"@id\":\"https:\/\/starstory.fr\/blog\/articles\/drapeau-napoleonien\/#primaryimage\"},\"thumbnailUrl\":\"https:\/\/starstory.fr\/blog\/wp-content\/uploads\/2026\/05\/sdxl-269b656a0f18ad10d619f32b201e8f8c-scaled.png\",\"datePublished\":\"2026-03-19T09:00:00+00:00\",\"description\":\"Le drapeau napol\u00e9onien, embl\u00e8me des arm\u00e9es de Napol\u00e9on Bonaparte, incarne un moment charni\u00e8re de l\u2019histoire fran\u00e7aise\",\"inLanguage\":\"fr-FR\",\"potentialAction\":[{\"@type\":\"ReadAction\",\"target\":[\"https:\/\/starstory.fr\/blog\/articles\/drapeau-napoleonien\/\"]}]},{\"@type\":\"ImageObject\",\"inLanguage\":\"fr-FR\",\"@id\":\"https:\/\/starstory.fr\/blog\/articles\/drapeau-napoleonien\/#primaryimage\",\"url\":\"https:\/\/starstory.fr\/blog\/wp-content\/uploads\/2026\/05\/sdxl-269b656a0f18ad10d619f32b201e8f8c-scaled.png\",\"contentUrl\":\"https:\/\/starstory.fr\/blog\/wp-content\/uploads\/2026\/05\/sdxl-269b656a0f18ad10d619f32b201e8f8c-scaled.png\",\"width\":1200,\"height\":500},{\"@type\":\"WebSite\",\"@id\":\"https:\/\/starstory.fr\/blog\/#website\",\"url\":\"https:\/\/starstory.fr\/blog\/\",\"name\":\"StarStory\",\"description\":\"StarStory, les \u00e9toiles racontent leur histoire\",\"publisher\":{\"@id\":\"https:\/\/starstory.fr\/blog\/#organization\"},\"alternateName\":\"StarStory, les \u00e9toiles racontent leur histoire\",\"potentialAction\":[{\"@type\":\"SearchAction\",\"target\":{\"@type\":\"EntryPoint\",\"urlTemplate\":\"https:\/\/starstory.fr\/blog\/?s={search_term_string}\"},\"query-input\":{\"@type\":\"PropertyValueSpecification\",\"valueRequired\":true,\"valueName\":\"search_term_string\"}}],\"inLanguage\":\"fr-FR\"},{\"@type\":\"Organization\",\"@id\":\"https:\/\/starstory.fr\/blog\/#organization\",\"name\":\"StarStory\",\"alternateName\":\"StarStory.fr\",\"url\":\"https:\/\/starstory.fr\/blog\/\",\"logo\":{\"@type\":\"ImageObject\",\"inLanguage\":\"fr-FR\",\"@id\":\"https:\/\/starstory.fr\/blog\/#\/schema\/logo\/image\/\",\"url\":\"https:\/\/starstory.fr\/blog\/wp-content\/uploads\/2024\/12\/38.png\",\"contentUrl\":\"https:\/\/starstory.fr\/blog\/wp-content\/uploads\/2024\/12\/38.png\",\"width\":500,\"height\":500,\"caption\":\"StarStory\"},\"image\":{\"@id\":\"https:\/\/starstory.fr\/blog\/#\/schema\/logo\/image\/\"}},{\"@type\":\"Person\",\"@id\":\"https:\/\/starstory.fr\/blog\/#\/schema\/person\/3c864cdc320801e3db34b663e7e3f816\",\"name\":\"Rapha\u00ebl D.\",\"image\":{\"@type\":\"ImageObject\",\"inLanguage\":\"fr-FR\",\"@id\":\"https:\/\/starstory.fr\/blog\/#\/schema\/person\/image\/\",\"url\":\"https:\/\/starstory.fr\/blog\/wp-content\/uploads\/2026\/06\/persona_raphael-d-96x96.jpg\",\"contentUrl\":\"https:\/\/starstory.fr\/blog\/wp-content\/uploads\/2026\/06\/persona_raphael-d-96x96.jpg\",\"caption\":\"Rapha\u00ebl D.\"},\"description\":\"La culture est mon terrain de jeu depuis une dizaine d'ann\u00e9es : arts visuels, s\u00e9ries, cr\u00e9ation et tout ce qui nourrit l'imaginaire. J'\u00e9cris aussi bien sur l'actualit\u00e9 des \u0153uvres que sur les coulisses de la cr\u00e9ation, avec l'envie de relier l'amateur curieux \u00e0 des univers parfois jug\u00e9s intimidants. J'aime analyser une s\u00e9rie ou une d\u00e9marche artistique sans p\u00e9dantisme, replacer une \u0153uvre dans son contexte et donner des cl\u00e9s de lecture accessibles. Avant de publier, je v\u00e9rifie mes r\u00e9f\u00e9rences, je recoupe les sources et je distingue clairement le fait de mon interpr\u00e9tation subjective. Je crois qu'une critique vaut surtout par les arguments qu'elle expose, pas par la sentence qu'elle rend. Mon angle : transmettre l'envie de d\u00e9couvrir, de regarder autrement et de se forger son propre go\u00fbt. La culture n'appartient pas qu'aux initi\u00e9s, et c'est tout l'enjeu de mon \u00e9criture.\",\"url\":\"https:\/\/starstory.fr\/blog\/auteur\/noname\/\",\"jobTitle\":\"R\u00e9dacteur en chef \u00b7 Culture & Cr\u00e9ation\",\"knowsAbout\":[\"Culture\",\"Cr\u00e9ation\"],\"email\":\"raphael.d@a-l-asso-de-l-art.fr\"}]}<\/script>\n<!-- \/ Yoast SEO Premium plugin. -->","yoast_head_json":{"title":"Drapeau Napol\u00e9onien : Histoire & Symbolisme","description":"Le drapeau napol\u00e9onien, embl\u00e8me des arm\u00e9es de Napol\u00e9on Bonaparte, incarne un moment charni\u00e8re de l\u2019histoire fran\u00e7aise","robots":{"index":"index","follow":"follow","max-snippet":"max-snippet:-1","max-image-preview":"max-image-preview:large","max-video-preview":"max-video-preview:-1"},"canonical":"https:\/\/starstory.fr\/blog\/articles\/drapeau-napoleonien\/","og_locale":"fr_FR","og_type":"article","og_title":"Drapeau Napol\u00e9onien : Histoire & Symbolisme","og_description":"Le drapeau napol\u00e9onien, embl\u00e8me des arm\u00e9es de Napol\u00e9on Bonaparte, incarne un moment charni\u00e8re de l\u2019histoire fran\u00e7aise","og_url":"https:\/\/starstory.fr\/blog\/articles\/drapeau-napoleonien\/","og_site_name":"starstory","og_image":[{"width":1200,"height":500,"url":"https:\/\/starstory.fr\/blog\/wp-content\/uploads\/2026\/05\/sdxl-269b656a0f18ad10d619f32b201e8f8c-scaled.png","type":"image\/png"}],"author":"Rapha\u00ebl D.","twitter_card":"summary_large_image","schema":{"@context":"https:\/\/schema.org","@graph":[{"@type":"NewsArticle","@id":"https:\/\/starstory.fr\/blog\/articles\/drapeau-napoleonien\/#article","isPartOf":{"@id":"https:\/\/starstory.fr\/blog\/articles\/drapeau-napoleonien\/"},"author":{"name":"Rapha\u00ebl D.","@id":"https:\/\/starstory.fr\/blog\/#\/schema\/person\/3c864cdc320801e3db34b663e7e3f816"},"headline":"Drapeau Napol\u00e9onien : Histoire &#038; Symbolisme","datePublished":"2026-03-19T09:00:00+00:00","mainEntityOfPage":{"@id":"https:\/\/starstory.fr\/blog\/articles\/drapeau-napoleonien\/"},"wordCount":801,"commentCount":0,"publisher":{"@id":"https:\/\/starstory.fr\/blog\/#organization"},"image":{"@id":"https:\/\/starstory.fr\/blog\/articles\/drapeau-napoleonien\/#primaryimage"},"thumbnailUrl":"https:\/\/starstory.fr\/blog\/wp-content\/uploads\/2026\/05\/sdxl-269b656a0f18ad10d619f32b201e8f8c-scaled.png","articleSection":["Articles"],"inLanguage":"fr-FR","potentialAction":[{"@type":"CommentAction","name":"Comment","target":["https:\/\/starstory.fr\/blog\/articles\/drapeau-napoleonien\/#respond"]}]},{"@type":"WebPage","@id":"https:\/\/starstory.fr\/blog\/articles\/drapeau-napoleonien\/","url":"https:\/\/starstory.fr\/blog\/articles\/drapeau-napoleonien\/","name":"Drapeau Napol\u00e9onien : Histoire & Symbolisme","isPartOf":{"@id":"https:\/\/starstory.fr\/blog\/#website"},"primaryImageOfPage":{"@id":"https:\/\/starstory.fr\/blog\/articles\/drapeau-napoleonien\/#primaryimage"},"image":{"@id":"https:\/\/starstory.fr\/blog\/articles\/drapeau-napoleonien\/#primaryimage"},"thumbnailUrl":"https:\/\/starstory.fr\/blog\/wp-content\/uploads\/2026\/05\/sdxl-269b656a0f18ad10d619f32b201e8f8c-scaled.png","datePublished":"2026-03-19T09:00:00+00:00","description":"Le drapeau napol\u00e9onien, embl\u00e8me des arm\u00e9es de Napol\u00e9on Bonaparte, incarne un moment charni\u00e8re de l\u2019histoire fran\u00e7aise","inLanguage":"fr-FR","potentialAction":[{"@type":"ReadAction","target":["https:\/\/starstory.fr\/blog\/articles\/drapeau-napoleonien\/"]}]},{"@type":"ImageObject","inLanguage":"fr-FR","@id":"https:\/\/starstory.fr\/blog\/articles\/drapeau-napoleonien\/#primaryimage","url":"https:\/\/starstory.fr\/blog\/wp-content\/uploads\/2026\/05\/sdxl-269b656a0f18ad10d619f32b201e8f8c-scaled.png","contentUrl":"https:\/\/starstory.fr\/blog\/wp-content\/uploads\/2026\/05\/sdxl-269b656a0f18ad10d619f32b201e8f8c-scaled.png","width":1200,"height":500},{"@type":"WebSite","@id":"https:\/\/starstory.fr\/blog\/#website","url":"https:\/\/starstory.fr\/blog\/","name":"StarStory","description":"StarStory, les \u00e9toiles racontent leur histoire","publisher":{"@id":"https:\/\/starstory.fr\/blog\/#organization"},"alternateName":"StarStory, les \u00e9toiles racontent leur histoire","potentialAction":[{"@type":"SearchAction","target":{"@type":"EntryPoint","urlTemplate":"https:\/\/starstory.fr\/blog\/?s={search_term_string}"},"query-input":{"@type":"PropertyValueSpecification","valueRequired":true,"valueName":"search_term_string"}}],"inLanguage":"fr-FR"},{"@type":"Organization","@id":"https:\/\/starstory.fr\/blog\/#organization","name":"StarStory","alternateName":"StarStory.fr","url":"https:\/\/starstory.fr\/blog\/","logo":{"@type":"ImageObject","inLanguage":"fr-FR","@id":"https:\/\/starstory.fr\/blog\/#\/schema\/logo\/image\/","url":"https:\/\/starstory.fr\/blog\/wp-content\/uploads\/2024\/12\/38.png","contentUrl":"https:\/\/starstory.fr\/blog\/wp-content\/uploads\/2024\/12\/38.png","width":500,"height":500,"caption":"StarStory"},"image":{"@id":"https:\/\/starstory.fr\/blog\/#\/schema\/logo\/image\/"}},{"@type":"Person","@id":"https:\/\/starstory.fr\/blog\/#\/schema\/person\/3c864cdc320801e3db34b663e7e3f816","name":"Rapha\u00ebl D.","image":{"@type":"ImageObject","inLanguage":"fr-FR","@id":"https:\/\/starstory.fr\/blog\/#\/schema\/person\/image\/","url":"https:\/\/starstory.fr\/blog\/wp-content\/uploads\/2026\/06\/persona_raphael-d-96x96.jpg","contentUrl":"https:\/\/starstory.fr\/blog\/wp-content\/uploads\/2026\/06\/persona_raphael-d-96x96.jpg","caption":"Rapha\u00ebl D."},"description":"La culture est mon terrain de jeu depuis une dizaine d'ann\u00e9es : arts visuels, s\u00e9ries, cr\u00e9ation et tout ce qui nourrit l'imaginaire. J'\u00e9cris aussi bien sur l'actualit\u00e9 des \u0153uvres que sur les coulisses de la cr\u00e9ation, avec l'envie de relier l'amateur curieux \u00e0 des univers parfois jug\u00e9s intimidants. J'aime analyser une s\u00e9rie ou une d\u00e9marche artistique sans p\u00e9dantisme, replacer une \u0153uvre dans son contexte et donner des cl\u00e9s de lecture accessibles. Avant de publier, je v\u00e9rifie mes r\u00e9f\u00e9rences, je recoupe les sources et je distingue clairement le fait de mon interpr\u00e9tation subjective. Je crois qu'une critique vaut surtout par les arguments qu'elle expose, pas par la sentence qu'elle rend. Mon angle : transmettre l'envie de d\u00e9couvrir, de regarder autrement et de se forger son propre go\u00fbt. La culture n'appartient pas qu'aux initi\u00e9s, et c'est tout l'enjeu de mon \u00e9criture.","url":"https:\/\/starstory.fr\/blog\/auteur\/noname\/","jobTitle":"R\u00e9dacteur en chef \u00b7 Culture & Cr\u00e9ation","knowsAbout":["Culture","Cr\u00e9ation"],"email":"raphael.d@a-l-asso-de-l-art.fr"}]}},"_links":{"self":[{"href":"https:\/\/starstory.fr\/blog\/wp-json\/wp\/v2\/posts\/7788","targetHints":{"allow":["GET"]}}],"collection":[{"href":"https:\/\/starstory.fr\/blog\/wp-json\/wp\/v2\/posts"}],"about":[{"href":"https:\/\/starstory.fr\/blog\/wp-json\/wp\/v2\/types\/post"}],"author":[{"embeddable":true,"href":"https:\/\/starstory.fr\/blog\/wp-json\/wp\/v2\/users\/34"}],"replies":[{"embeddable":true,"href":"https:\/\/starstory.fr\/blog\/wp-json\/wp\/v2\/comments?post=7788"}],"version-history":[{"count":0,"href":"https:\/\/starstory.fr\/blog\/wp-json\/wp\/v2\/posts\/7788\/revisions"}],"wp:featuredmedia":[{"embeddable":true,"href":"https:\/\/starstory.fr\/blog\/wp-json\/wp\/v2\/media\/7906"}],"wp:attachment":[{"href":"https:\/\/starstory.fr\/blog\/wp-json\/wp\/v2\/media?parent=7788"}],"wp:term":[{"taxonomy":"category","embeddable":true,"href":"https:\/\/starstory.fr\/blog\/wp-json\/wp\/v2\/categories?post=7788"},{"taxonomy":"post_tag","embeddable":true,"href":"https:\/\/starstory.fr\/blog\/wp-json\/wp\/v2\/tags?post=7788"}],"curies":[{"name":"wp","href":"https:\/\/api.w.org\/{rel}","templated":true}]}}