{"id":7787,"date":"2026-03-13T09:00:00","date_gmt":"2026-03-13T09:00:00","guid":{"rendered":"https:\/\/starstory.fr\/blog\/articles\/du-guesclin\/"},"modified":"2026-03-13T09:00:00","modified_gmt":"2026-03-13T09:00:00","slug":"du-guesclin","status":"publish","type":"post","link":"https:\/\/starstory.fr\/blog\/articles\/du-guesclin\/","title":{"rendered":"Du Guesclin : Histoire Bretagne Guide"},"content":{"rendered":"<p>Bertrand du Guesclin, n\u00e9 en 1320 en Bretagne, est une figure embl\u00e9matique de l\u2019histoire m\u00e9di\u00e9vale fran\u00e7aise. Il a jou\u00e9 un r\u00f4le crucial durant la guerre de Cent Ans, notamment en tant que chef militaire et strat\u00e8ge. Cet article explore la vie de Du Guesclin, son impact sur la Bretagne et la France, ainsi que les sites historiques qui lui sont li\u00e9s. Vous d\u00e9couvrirez \u00e9galement des informations pratiques pour visiter ces lieux en 2026.<\/p>\n<h2>Une vie marqu\u00e9e par la guerre<\/h2>\n<h3>Origines et ascension<\/h3>\n<p>N\u00e9 dans une famille noble bretonne, Bertrand du Guesclin est rapidement devenu connu pour ses talents militaires. \u00c0 l\u2019\u00e2ge de 20 ans, il s\u2019engage dans les luttes qui opposent la France et l\u2019Angleterre. Son premier fait d\u2019armes marquant survient lors de la bataille de Cocherel en 1364, o\u00f9 il commande une petite arm\u00e9e de Bretons contre les troupes anglaises et leur alli\u00e9, le roi Charles II de Navarre. Cette victoire lui permet d\u2019\u00eatre nomm\u00e9 conn\u00e9table de France.<\/p>\n<h3>Strat\u00e9gies militaires<\/h3>\n<p>Du Guesclin se distingue par ses tactiques innovantes. Il privil\u00e9gie la gu\u00e9rilla et les si\u00e8ges prolong\u00e9s plut\u00f4t que des batailles rang\u00e9es. Par exemple, lors du si\u00e8ge de Carcassonne en 1369, il utilise des m\u00e9thodes d\u2019approvisionnement astucieuses qui \u00e9puisent les ressources ennemies. En fin de compte, il r\u00e9ussit \u00e0 reprendre la ville au bout d\u2019un an.<\/p>\n<h2>L\u2019h\u00e9ritage breton de Du Guesclin<\/h2>\n<h3>Influence sur la Bretagne<\/h3>\n<p>Du Guesclin est per\u00e7u comme un h\u00e9ros national en Bretagne. Sa capacit\u00e9 \u00e0 rassembler des troupes bretonnes autour d\u2019une cause commune a renforc\u00e9 le sentiment d\u2019identit\u00e9 r\u00e9gionale. En 1370, il devient le symbole d\u2019une Bretagne unie contre l\u2019invasion anglaise.<\/p>\n<h3>Sites historiques \u00e0 visiter<\/h3>\n<p>Voici quelques sites incontournables li\u00e9s \u00e0 Du Guesclin :<\/p>\n<table class=\"kwdbank-table\">\n<thead>\n<tr>\n<th>Lieu<\/th>\n<th>Description<\/th>\n<th>Acc\u00e8s<\/th>\n<\/tr>\n<\/thead>\n<tbody>\n<tr>\n<td>Ch\u00e2teau de Fougeres<\/td>\n<td>Forteresse m\u00e9di\u00e9vale o\u00f9 Du Guesclin a combattu<\/td>\n<td>Accessible en voiture depuis Rennes<\/td>\n<\/tr>\n<tr>\n<td>Mont-Saint-Michel<\/td>\n<td>Lieu strat\u00e9gique durant la guerre o\u00f9 il a men\u00e9 des op\u00e9rations militaires<\/td>\n<td>Accessible par train ou voiture<\/td>\n<\/tr>\n<tr>\n<td>Dinan<\/td>\n<td>Ville fortifi\u00e9e o\u00f9 il a trouv\u00e9 refuge et recrut\u00e9 des hommes<\/td>\n<td>Accessible par train depuis Rennes<\/td>\n<\/tr>\n<\/tbody>\n<\/table>\n<p>Ces lieux t\u00e9moignent non seulement de son h\u00e9ritage mais aussi de l\u2019architecture m\u00e9di\u00e9vale bretonne.<\/p>\n<h2>Normes et r\u00e9glementations pour le tourisme historique en 2026<\/h2>\n<p>\u00c0 partir de 2026, plusieurs normes seront mises en place concernant la pr\u00e9servation des sites historiques :<\/p>\n<ol>\n<li><strong>Accessibilit\u00e9<\/strong> : Tous les sites doivent \u00eatre accessibles aux personnes \u00e0 mobilit\u00e9 r\u00e9duite.<\/li>\n<li><strong>Durabilit\u00e9<\/strong> : Les visites doivent respecter l\u2019environnement local avec un maximum de visiteurs par jour.<\/li>\n<li><strong>\u00c9ducation<\/strong> : Des programmes \u00e9ducatifs devront \u00eatre offerts aux visiteurs pour mieux comprendre l\u2019histoire locale.<\/li>\n<\/ol>\n<p>Respecter ces normes est essentiel pour pr\u00e9server le patrimoine tout en offrant une exp\u00e9rience enrichissante aux visiteurs.<\/p>\n<h2>Pi\u00e8ges \u00e0 \u00e9viter lors de votre visite<\/h2>\n<p>Un pi\u00e8ge courant est de sous-estimer le temps n\u00e9cessaire pour explorer ces sites historiques. Par exemple, le Ch\u00e2teau de Fougeres n\u00e9cessite au moins une demi-journ\u00e9e pour appr\u00e9cier pleinement son histoire et son architecture. Pr\u00e9voyez donc suffisamment de temps pour \u00e9viter toute d\u00e9ception.<\/p>\n<h2>Comment pr\u00e9parer votre visite ?<\/h2>\n<p>Pour une exp\u00e9rience optimale :<\/p>\n<ul>\n<li><strong>R\u00e9servez vos billets<\/strong> \u00e0 l\u2019avance pour \u00e9viter les files d\u2019attente.<\/li>\n<li><strong>Renseignez-vous sur les visites guid\u00e9es<\/strong> propos\u00e9es dans chaque site ; elles offrent souvent des insights pr\u00e9cieux.<\/li>\n<li><strong>Consultez les avis r\u00e9cents<\/strong> sur les plateformes touristiques pour ajuster votre itin\u00e9raire selon vos attentes.<\/li>\n<\/ul>\n<h2>FAQ<\/h2>\n<h3>Qui \u00e9tait Bertrand du Guesclin ?<\/h3>\n<p>Bertrand du Guesclin \u00e9tait un conn\u00e9table fran\u00e7ais c\u00e9l\u00e8bre pour ses victoires durant la guerre de Cent Ans.<\/p>\n<h3>Quels sont les principaux sites li\u00e9s \u00e0 Du Guesclin ?<\/h3>\n<p>Les principaux sites incluent le Ch\u00e2teau de Fougeres, Mont-Saint-Michel et Dinan.<\/p>\n<h3>Quelle est l\u2019importance historique de Du Guesclin ?<\/h3>\n<p>Il est consid\u00e9r\u00e9 comme un h\u00e9ros national qui a renforc\u00e9 l\u2019identit\u00e9 bretonne face aux invasions anglaises.<\/p>\n<h3>Quelles normes seront appliqu\u00e9es aux sites historiques en 2026 ?<\/h3>\n<p>Des normes d\u2019accessibilit\u00e9, durabilit\u00e9 et \u00e9ducation seront mises en place pour pr\u00e9server le patrimoine historique.<\/p>\n<h3>Comment se rendre aux sites associ\u00e9s \u00e0 Du Guesclin ?<\/h3>\n<p>Les sites sont accessibles par divers moyens tels que train ou voiture depuis Rennes.<\/p>\n<h3>Quelle est la meilleure p\u00e9riode pour visiter ces sites ?<\/h3>\n<p>Le printemps et l\u2019automne sont id\u00e9aux pour \u00e9viter la foule tout en b\u00e9n\u00e9ficiant d\u2019un climat agr\u00e9able.<\/p>\n<p>Explorez ces lieux historiques pour mieux comprendre l\u2019h\u00e9ritage fascinant laiss\u00e9 par Bertrand du Guesclin !<\/p>\n","protected":false},"excerpt":{"rendered":"","protected":false},"author":34,"featured_media":7907,"comment_status":"open","ping_status":"open","sticky":false,"template":"","format":"standard","meta":{"_acf_changed":false,"manual_indexmenow":false,"indexmenow_id_project":0,"footnotes":""},"categories":[4835],"tags":[],"class_list":["post-7787","post","type-post","status-publish","format-standard","has-post-thumbnail","hentry","category-articles","generate-columns","tablet-grid-50","mobile-grid-100","grid-parent","grid-25"],"acf":[],"yoast_head":"<!-- This site is optimized with the Yoast SEO Premium plugin v21.3 (Yoast SEO v26.5) - https:\/\/yoast.com\/wordpress\/plugins\/seo\/ -->\n<title>Du Guesclin : Histoire Bretagne Guide<\/title>\n<meta name=\"description\" content=\"Bertrand du Guesclin, n\u00e9 en 1320 en Bretagne, est une figure embl\u00e9matique de l\u2019histoire m\u00e9di\u00e9vale fran\u00e7aise. Il a jou\u00e9 un r\u00f4le crucial durant la guerre\" \/>\n<meta name=\"robots\" content=\"index, follow, max-snippet:-1, max-image-preview:large, max-video-preview:-1\" \/>\n<link rel=\"canonical\" href=\"https:\/\/starstory.fr\/blog\/articles\/du-guesclin\/\" \/>\n<meta property=\"og:locale\" content=\"fr_FR\" \/>\n<meta property=\"og:type\" content=\"article\" \/>\n<meta property=\"og:title\" content=\"Du Guesclin : Histoire Bretagne Guide\" \/>\n<meta property=\"og:description\" content=\"Bertrand du Guesclin, n\u00e9 en 1320 en Bretagne, est une figure embl\u00e9matique de l\u2019histoire m\u00e9di\u00e9vale fran\u00e7aise. Il a jou\u00e9 un r\u00f4le crucial durant la guerre\" \/>\n<meta property=\"og:url\" content=\"https:\/\/starstory.fr\/blog\/articles\/du-guesclin\/\" \/>\n<meta property=\"og:site_name\" content=\"starstory\" \/>\n<meta property=\"og:image\" content=\"https:\/\/starstory.fr\/blog\/wp-content\/uploads\/2026\/05\/sdxl-defd3fdfc3b104b296e42cbaed12b4de-scaled.png\" \/>\n\t<meta property=\"og:image:width\" content=\"1200\" \/>\n\t<meta property=\"og:image:height\" content=\"500\" \/>\n\t<meta property=\"og:image:type\" content=\"image\/png\" \/>\n<meta name=\"author\" content=\"Rapha\u00ebl D.\" \/>\n<meta name=\"twitter:card\" content=\"summary_large_image\" \/>\n<script type=\"application\/ld+json\" class=\"yoast-schema-graph\">{\"@context\":\"https:\/\/schema.org\",\"@graph\":[{\"@type\":\"NewsArticle\",\"@id\":\"https:\/\/starstory.fr\/blog\/articles\/du-guesclin\/#article\",\"isPartOf\":{\"@id\":\"https:\/\/starstory.fr\/blog\/articles\/du-guesclin\/\"},\"author\":{\"name\":\"Rapha\u00ebl D.\",\"@id\":\"https:\/\/starstory.fr\/blog\/#\/schema\/person\/3c864cdc320801e3db34b663e7e3f816\"},\"headline\":\"Du Guesclin : Histoire Bretagne Guide\",\"datePublished\":\"2026-03-13T09:00:00+00:00\",\"mainEntityOfPage\":{\"@id\":\"https:\/\/starstory.fr\/blog\/articles\/du-guesclin\/\"},\"wordCount\":759,\"commentCount\":0,\"publisher\":{\"@id\":\"https:\/\/starstory.fr\/blog\/#organization\"},\"image\":{\"@id\":\"https:\/\/starstory.fr\/blog\/articles\/du-guesclin\/#primaryimage\"},\"thumbnailUrl\":\"https:\/\/starstory.fr\/blog\/wp-content\/uploads\/2026\/05\/sdxl-defd3fdfc3b104b296e42cbaed12b4de-scaled.png\",\"articleSection\":[\"Articles\"],\"inLanguage\":\"fr-FR\",\"potentialAction\":[{\"@type\":\"CommentAction\",\"name\":\"Comment\",\"target\":[\"https:\/\/starstory.fr\/blog\/articles\/du-guesclin\/#respond\"]}]},{\"@type\":\"WebPage\",\"@id\":\"https:\/\/starstory.fr\/blog\/articles\/du-guesclin\/\",\"url\":\"https:\/\/starstory.fr\/blog\/articles\/du-guesclin\/\",\"name\":\"Du Guesclin : Histoire Bretagne Guide\",\"isPartOf\":{\"@id\":\"https:\/\/starstory.fr\/blog\/#website\"},\"primaryImageOfPage\":{\"@id\":\"https:\/\/starstory.fr\/blog\/articles\/du-guesclin\/#primaryimage\"},\"image\":{\"@id\":\"https:\/\/starstory.fr\/blog\/articles\/du-guesclin\/#primaryimage\"},\"thumbnailUrl\":\"https:\/\/starstory.fr\/blog\/wp-content\/uploads\/2026\/05\/sdxl-defd3fdfc3b104b296e42cbaed12b4de-scaled.png\",\"datePublished\":\"2026-03-13T09:00:00+00:00\",\"description\":\"Bertrand du Guesclin, n\u00e9 en 1320 en Bretagne, est une figure embl\u00e9matique de l\u2019histoire m\u00e9di\u00e9vale fran\u00e7aise. Il a jou\u00e9 un r\u00f4le crucial durant la guerre\",\"inLanguage\":\"fr-FR\",\"potentialAction\":[{\"@type\":\"ReadAction\",\"target\":[\"https:\/\/starstory.fr\/blog\/articles\/du-guesclin\/\"]}]},{\"@type\":\"ImageObject\",\"inLanguage\":\"fr-FR\",\"@id\":\"https:\/\/starstory.fr\/blog\/articles\/du-guesclin\/#primaryimage\",\"url\":\"https:\/\/starstory.fr\/blog\/wp-content\/uploads\/2026\/05\/sdxl-defd3fdfc3b104b296e42cbaed12b4de-scaled.png\",\"contentUrl\":\"https:\/\/starstory.fr\/blog\/wp-content\/uploads\/2026\/05\/sdxl-defd3fdfc3b104b296e42cbaed12b4de-scaled.png\",\"width\":1200,\"height\":500},{\"@type\":\"WebSite\",\"@id\":\"https:\/\/starstory.fr\/blog\/#website\",\"url\":\"https:\/\/starstory.fr\/blog\/\",\"name\":\"StarStory\",\"description\":\"StarStory, les \u00e9toiles racontent leur histoire\",\"publisher\":{\"@id\":\"https:\/\/starstory.fr\/blog\/#organization\"},\"alternateName\":\"StarStory, les \u00e9toiles racontent leur histoire\",\"potentialAction\":[{\"@type\":\"SearchAction\",\"target\":{\"@type\":\"EntryPoint\",\"urlTemplate\":\"https:\/\/starstory.fr\/blog\/?s={search_term_string}\"},\"query-input\":{\"@type\":\"PropertyValueSpecification\",\"valueRequired\":true,\"valueName\":\"search_term_string\"}}],\"inLanguage\":\"fr-FR\"},{\"@type\":\"Organization\",\"@id\":\"https:\/\/starstory.fr\/blog\/#organization\",\"name\":\"StarStory\",\"alternateName\":\"StarStory.fr\",\"url\":\"https:\/\/starstory.fr\/blog\/\",\"logo\":{\"@type\":\"ImageObject\",\"inLanguage\":\"fr-FR\",\"@id\":\"https:\/\/starstory.fr\/blog\/#\/schema\/logo\/image\/\",\"url\":\"https:\/\/starstory.fr\/blog\/wp-content\/uploads\/2024\/12\/38.png\",\"contentUrl\":\"https:\/\/starstory.fr\/blog\/wp-content\/uploads\/2024\/12\/38.png\",\"width\":500,\"height\":500,\"caption\":\"StarStory\"},\"image\":{\"@id\":\"https:\/\/starstory.fr\/blog\/#\/schema\/logo\/image\/\"}},{\"@type\":\"Person\",\"@id\":\"https:\/\/starstory.fr\/blog\/#\/schema\/person\/3c864cdc320801e3db34b663e7e3f816\",\"name\":\"Rapha\u00ebl D.\",\"image\":{\"@type\":\"ImageObject\",\"inLanguage\":\"fr-FR\",\"@id\":\"https:\/\/starstory.fr\/blog\/#\/schema\/person\/image\/\",\"url\":\"https:\/\/starstory.fr\/blog\/wp-content\/uploads\/2026\/06\/persona_raphael-d-96x96.jpg\",\"contentUrl\":\"https:\/\/starstory.fr\/blog\/wp-content\/uploads\/2026\/06\/persona_raphael-d-96x96.jpg\",\"caption\":\"Rapha\u00ebl D.\"},\"description\":\"La culture est mon terrain de jeu depuis une dizaine d'ann\u00e9es : arts visuels, s\u00e9ries, cr\u00e9ation et tout ce qui nourrit l'imaginaire. J'\u00e9cris aussi bien sur l'actualit\u00e9 des \u0153uvres que sur les coulisses de la cr\u00e9ation, avec l'envie de relier l'amateur curieux \u00e0 des univers parfois jug\u00e9s intimidants. J'aime analyser une s\u00e9rie ou une d\u00e9marche artistique sans p\u00e9dantisme, replacer une \u0153uvre dans son contexte et donner des cl\u00e9s de lecture accessibles. Avant de publier, je v\u00e9rifie mes r\u00e9f\u00e9rences, je recoupe les sources et je distingue clairement le fait de mon interpr\u00e9tation subjective. Je crois qu'une critique vaut surtout par les arguments qu'elle expose, pas par la sentence qu'elle rend. Mon angle : transmettre l'envie de d\u00e9couvrir, de regarder autrement et de se forger son propre go\u00fbt. La culture n'appartient pas qu'aux initi\u00e9s, et c'est tout l'enjeu de mon \u00e9criture.\",\"url\":\"https:\/\/starstory.fr\/blog\/auteur\/noname\/\",\"jobTitle\":\"R\u00e9dacteur en chef \u00b7 Culture & Cr\u00e9ation\",\"knowsAbout\":[\"Culture\",\"Cr\u00e9ation\"],\"email\":\"raphael.d@a-l-asso-de-l-art.fr\"}]}<\/script>\n<!-- \/ Yoast SEO Premium plugin. -->","yoast_head_json":{"title":"Du Guesclin : Histoire Bretagne Guide","description":"Bertrand du Guesclin, n\u00e9 en 1320 en Bretagne, est une figure embl\u00e9matique de l\u2019histoire m\u00e9di\u00e9vale fran\u00e7aise. Il a jou\u00e9 un r\u00f4le crucial durant la guerre","robots":{"index":"index","follow":"follow","max-snippet":"max-snippet:-1","max-image-preview":"max-image-preview:large","max-video-preview":"max-video-preview:-1"},"canonical":"https:\/\/starstory.fr\/blog\/articles\/du-guesclin\/","og_locale":"fr_FR","og_type":"article","og_title":"Du Guesclin : Histoire Bretagne Guide","og_description":"Bertrand du Guesclin, n\u00e9 en 1320 en Bretagne, est une figure embl\u00e9matique de l\u2019histoire m\u00e9di\u00e9vale fran\u00e7aise. Il a jou\u00e9 un r\u00f4le crucial durant la guerre","og_url":"https:\/\/starstory.fr\/blog\/articles\/du-guesclin\/","og_site_name":"starstory","og_image":[{"width":1200,"height":500,"url":"https:\/\/starstory.fr\/blog\/wp-content\/uploads\/2026\/05\/sdxl-defd3fdfc3b104b296e42cbaed12b4de-scaled.png","type":"image\/png"}],"author":"Rapha\u00ebl D.","twitter_card":"summary_large_image","schema":{"@context":"https:\/\/schema.org","@graph":[{"@type":"NewsArticle","@id":"https:\/\/starstory.fr\/blog\/articles\/du-guesclin\/#article","isPartOf":{"@id":"https:\/\/starstory.fr\/blog\/articles\/du-guesclin\/"},"author":{"name":"Rapha\u00ebl D.","@id":"https:\/\/starstory.fr\/blog\/#\/schema\/person\/3c864cdc320801e3db34b663e7e3f816"},"headline":"Du Guesclin : Histoire Bretagne Guide","datePublished":"2026-03-13T09:00:00+00:00","mainEntityOfPage":{"@id":"https:\/\/starstory.fr\/blog\/articles\/du-guesclin\/"},"wordCount":759,"commentCount":0,"publisher":{"@id":"https:\/\/starstory.fr\/blog\/#organization"},"image":{"@id":"https:\/\/starstory.fr\/blog\/articles\/du-guesclin\/#primaryimage"},"thumbnailUrl":"https:\/\/starstory.fr\/blog\/wp-content\/uploads\/2026\/05\/sdxl-defd3fdfc3b104b296e42cbaed12b4de-scaled.png","articleSection":["Articles"],"inLanguage":"fr-FR","potentialAction":[{"@type":"CommentAction","name":"Comment","target":["https:\/\/starstory.fr\/blog\/articles\/du-guesclin\/#respond"]}]},{"@type":"WebPage","@id":"https:\/\/starstory.fr\/blog\/articles\/du-guesclin\/","url":"https:\/\/starstory.fr\/blog\/articles\/du-guesclin\/","name":"Du Guesclin : Histoire Bretagne Guide","isPartOf":{"@id":"https:\/\/starstory.fr\/blog\/#website"},"primaryImageOfPage":{"@id":"https:\/\/starstory.fr\/blog\/articles\/du-guesclin\/#primaryimage"},"image":{"@id":"https:\/\/starstory.fr\/blog\/articles\/du-guesclin\/#primaryimage"},"thumbnailUrl":"https:\/\/starstory.fr\/blog\/wp-content\/uploads\/2026\/05\/sdxl-defd3fdfc3b104b296e42cbaed12b4de-scaled.png","datePublished":"2026-03-13T09:00:00+00:00","description":"Bertrand du Guesclin, n\u00e9 en 1320 en Bretagne, est une figure embl\u00e9matique de l\u2019histoire m\u00e9di\u00e9vale fran\u00e7aise. Il a jou\u00e9 un r\u00f4le crucial durant la guerre","inLanguage":"fr-FR","potentialAction":[{"@type":"ReadAction","target":["https:\/\/starstory.fr\/blog\/articles\/du-guesclin\/"]}]},{"@type":"ImageObject","inLanguage":"fr-FR","@id":"https:\/\/starstory.fr\/blog\/articles\/du-guesclin\/#primaryimage","url":"https:\/\/starstory.fr\/blog\/wp-content\/uploads\/2026\/05\/sdxl-defd3fdfc3b104b296e42cbaed12b4de-scaled.png","contentUrl":"https:\/\/starstory.fr\/blog\/wp-content\/uploads\/2026\/05\/sdxl-defd3fdfc3b104b296e42cbaed12b4de-scaled.png","width":1200,"height":500},{"@type":"WebSite","@id":"https:\/\/starstory.fr\/blog\/#website","url":"https:\/\/starstory.fr\/blog\/","name":"StarStory","description":"StarStory, les \u00e9toiles racontent leur histoire","publisher":{"@id":"https:\/\/starstory.fr\/blog\/#organization"},"alternateName":"StarStory, les \u00e9toiles racontent leur histoire","potentialAction":[{"@type":"SearchAction","target":{"@type":"EntryPoint","urlTemplate":"https:\/\/starstory.fr\/blog\/?s={search_term_string}"},"query-input":{"@type":"PropertyValueSpecification","valueRequired":true,"valueName":"search_term_string"}}],"inLanguage":"fr-FR"},{"@type":"Organization","@id":"https:\/\/starstory.fr\/blog\/#organization","name":"StarStory","alternateName":"StarStory.fr","url":"https:\/\/starstory.fr\/blog\/","logo":{"@type":"ImageObject","inLanguage":"fr-FR","@id":"https:\/\/starstory.fr\/blog\/#\/schema\/logo\/image\/","url":"https:\/\/starstory.fr\/blog\/wp-content\/uploads\/2024\/12\/38.png","contentUrl":"https:\/\/starstory.fr\/blog\/wp-content\/uploads\/2024\/12\/38.png","width":500,"height":500,"caption":"StarStory"},"image":{"@id":"https:\/\/starstory.fr\/blog\/#\/schema\/logo\/image\/"}},{"@type":"Person","@id":"https:\/\/starstory.fr\/blog\/#\/schema\/person\/3c864cdc320801e3db34b663e7e3f816","name":"Rapha\u00ebl D.","image":{"@type":"ImageObject","inLanguage":"fr-FR","@id":"https:\/\/starstory.fr\/blog\/#\/schema\/person\/image\/","url":"https:\/\/starstory.fr\/blog\/wp-content\/uploads\/2026\/06\/persona_raphael-d-96x96.jpg","contentUrl":"https:\/\/starstory.fr\/blog\/wp-content\/uploads\/2026\/06\/persona_raphael-d-96x96.jpg","caption":"Rapha\u00ebl D."},"description":"La culture est mon terrain de jeu depuis une dizaine d'ann\u00e9es : arts visuels, s\u00e9ries, cr\u00e9ation et tout ce qui nourrit l'imaginaire. J'\u00e9cris aussi bien sur l'actualit\u00e9 des \u0153uvres que sur les coulisses de la cr\u00e9ation, avec l'envie de relier l'amateur curieux \u00e0 des univers parfois jug\u00e9s intimidants. J'aime analyser une s\u00e9rie ou une d\u00e9marche artistique sans p\u00e9dantisme, replacer une \u0153uvre dans son contexte et donner des cl\u00e9s de lecture accessibles. Avant de publier, je v\u00e9rifie mes r\u00e9f\u00e9rences, je recoupe les sources et je distingue clairement le fait de mon interpr\u00e9tation subjective. Je crois qu'une critique vaut surtout par les arguments qu'elle expose, pas par la sentence qu'elle rend. Mon angle : transmettre l'envie de d\u00e9couvrir, de regarder autrement et de se forger son propre go\u00fbt. La culture n'appartient pas qu'aux initi\u00e9s, et c'est tout l'enjeu de mon \u00e9criture.","url":"https:\/\/starstory.fr\/blog\/auteur\/noname\/","jobTitle":"R\u00e9dacteur en chef \u00b7 Culture & Cr\u00e9ation","knowsAbout":["Culture","Cr\u00e9ation"],"email":"raphael.d@a-l-asso-de-l-art.fr"}]}},"_links":{"self":[{"href":"https:\/\/starstory.fr\/blog\/wp-json\/wp\/v2\/posts\/7787","targetHints":{"allow":["GET"]}}],"collection":[{"href":"https:\/\/starstory.fr\/blog\/wp-json\/wp\/v2\/posts"}],"about":[{"href":"https:\/\/starstory.fr\/blog\/wp-json\/wp\/v2\/types\/post"}],"author":[{"embeddable":true,"href":"https:\/\/starstory.fr\/blog\/wp-json\/wp\/v2\/users\/34"}],"replies":[{"embeddable":true,"href":"https:\/\/starstory.fr\/blog\/wp-json\/wp\/v2\/comments?post=7787"}],"version-history":[{"count":0,"href":"https:\/\/starstory.fr\/blog\/wp-json\/wp\/v2\/posts\/7787\/revisions"}],"wp:featuredmedia":[{"embeddable":true,"href":"https:\/\/starstory.fr\/blog\/wp-json\/wp\/v2\/media\/7907"}],"wp:attachment":[{"href":"https:\/\/starstory.fr\/blog\/wp-json\/wp\/v2\/media?parent=7787"}],"wp:term":[{"taxonomy":"category","embeddable":true,"href":"https:\/\/starstory.fr\/blog\/wp-json\/wp\/v2\/categories?post=7787"},{"taxonomy":"post_tag","embeddable":true,"href":"https:\/\/starstory.fr\/blog\/wp-json\/wp\/v2\/tags?post=7787"}],"curies":[{"name":"wp","href":"https:\/\/api.w.org\/{rel}","templated":true}]}}