{"id":7786,"date":"2026-03-03T09:00:00","date_gmt":"2026-03-03T09:00:00","guid":{"rendered":"https:\/\/starstory.fr\/blog\/articles\/drapeau-catalan\/"},"modified":"2026-03-03T09:00:00","modified_gmt":"2026-03-03T09:00:00","slug":"drapeau-catalan","status":"publish","type":"post","link":"https:\/\/starstory.fr\/blog\/articles\/drapeau-catalan\/","title":{"rendered":"Drapeau Catalan : Histoire et Signification"},"content":{"rendered":"<p>Le <strong>drapeau catalan<\/strong>, connu sous le nom de \u201cSenyera\u201d, est un symbole fort de l\u2019identit\u00e9 culturelle et politique de la Catalogne. Compos\u00e9 de quatre bandes rouges sur un fond jaune, il incarne l\u2019histoire et les aspirations du peuple catalan. Les recherches sur ce drapeau r\u00e9v\u00e8lent non seulement ses origines m\u00e9di\u00e9vales, mais aussi son r\u00f4le actuel dans le mouvement pour l\u2019ind\u00e9pendance.<\/p>\n<p>La popularit\u00e9 du drapeau a conduit \u00e0 des \u00e9v\u00e9nements comme la Diada, c\u00e9l\u00e9br\u00e9e chaque 11 septembre, qui attire chaque ann\u00e9e des centaines de milliers de personnes. En 2026, le co\u00fbt d\u2019un drapeau catalan en polyester mesure environ 15 euros, une somme accessible pour ceux souhaitant afficher leur soutien \u00e0 la culture catalane.<\/p>\n<h2>Origines Historiques<\/h2>\n<h3>L\u00e9gende et Histoire<\/h3>\n<p>Le drapeau catalan trouve ses racines au Moyen \u00c2ge. Selon la l\u00e9gende, il aurait \u00e9t\u00e9 cr\u00e9\u00e9 par le roi franc <strong>Louis le Pieux<\/strong> pour repr\u00e9senter les terres conquises en Catalogne. Les quatre bandes rouges \u00e9voquent les blessures du roi, trac\u00e9es sur un champ jaune.<\/p>\n<h3>\u00c9volution au Fil des Si\u00e8cles<\/h3>\n<p>Au fil des si\u00e8cles, la <strong>Senyera<\/strong> a \u00e9volu\u00e9. Son adoption par divers mouvements politiques au XXe si\u00e8cle a renforc\u00e9 son lien avec l\u2019identit\u00e9 catalane moderne. En 1931, elle devient le drapeau officiel de la Catalogne lors de la proclamation de la R\u00e9publique catalane.<\/p>\n<h2>Symbolisme du Drapeau<\/h2>\n<h3>Couleurs et Signification<\/h3>\n<ul>\n<li><strong>Jaune<\/strong> : repr\u00e9sente la terre et le peuple.<\/li>\n<li><strong>Rouge<\/strong> : symbolise le sang vers\u00e9 pour la libert\u00e9.<\/li>\n<\/ul>\n<p>Ce contraste de couleurs est un \u00e9l\u00e9ment cl\u00e9 qui renforce l\u2019id\u00e9e d\u2019unit\u00e9 et de lutte pour les droits culturels.<\/p>\n<h3>Utilisations Actuelles<\/h3>\n<p>Le drapeau est omnipr\u00e9sent lors des manifestations pro-ind\u00e9pendance et dans les institutions officielles catalanes. En 2026, environ 70% des habitants de Catalogne se d\u00e9clarent favorables \u00e0 son utilisation comme symbole national.<\/p>\n<h2>Drapeau Catalan vs Drapeau Espagnol<\/h2>\n<table class=\"kwdbank-table\">\n<thead>\n<tr>\n<th>Aspect<\/th>\n<th>Drapeau Catalan<\/th>\n<th>Drapeau Espagnol<\/th>\n<\/tr>\n<\/thead>\n<tbody>\n<tr>\n<td>Couleurs<\/td>\n<td>Jaune et rouge<\/td>\n<td>Rouge, jaune et rouge<\/td>\n<\/tr>\n<tr>\n<td>Symbolique<\/td>\n<td>Identit\u00e9 catalane<\/td>\n<td>Identit\u00e9 espagnole<\/td>\n<\/tr>\n<tr>\n<td>Utilisation<\/td>\n<td>Pro-ind\u00e9pendance<\/td>\n<td>\u00c9tat espagnol<\/td>\n<\/tr>\n<\/tbody>\n<\/table>\n<p>Cette comparaison souligne les tensions historiques entre ces deux identit\u00e9s nationales.<\/p>\n<h2>Usage Commercial et Culturel<\/h2>\n<h3>Popularit\u00e9 du Drapeau<\/h3>\n<p>En 2026, la vente du drapeau catalan g\u00e9n\u00e8re un chiffre d\u2019affaires estim\u00e9 \u00e0 <strong>2 millions d\u2019euros<\/strong> par an. Les produits d\u00e9riv\u00e9s, allant des v\u00eatements aux accessoires, t\u00e9moignent d\u2019un int\u00e9r\u00eat croissant pour cette embl\u00e9matique repr\u00e9sentation.<\/p>\n<h3>Pi\u00e8ge \u00e0 \u00c9viter<\/h3>\n<p>Un pi\u00e8ge courant concerne l\u2019utilisation inappropri\u00e9e du drapeau dans des contextes non politiques ou commerciaux. Il est crucial de respecter sa signification historique afin d\u2019\u00e9viter toute d\u00e9formation de son message original.<\/p>\n<h2>Comment Afficher Votre Soutien ?<\/h2>\n<p>Pour ceux qui souhaitent afficher leur soutien au peuple catalan :<\/p>\n<ol>\n<li><strong>Achetez un drapeau<\/strong> : disponible en ligne ou dans les magasins sp\u00e9cialis\u00e9s.<\/li>\n<li><strong>Participez aux \u00e9v\u00e9nements culturels<\/strong> : rejoignez les c\u00e9l\u00e9brations locales.<\/li>\n<li><strong>Informez-vous sur l\u2019histoire<\/strong> : comprendre les enjeux actuels renforce votre engagement.<\/li>\n<\/ol>\n<h2>FAQ<\/h2>\n<h3>Quelle est l\u2019origine du drapeau catalan ?<\/h3>\n<p>Le drapeau catalan provient d\u2019une l\u00e9gende m\u00e9di\u00e9vale associ\u00e9e \u00e0 Louis le Pieux, symbolisant les conqu\u00eates en Catalogne.<\/p>\n<h3>Quelles sont les couleurs du drapeau ?<\/h3>\n<p>Il se compose de quatre bandes rouges sur fond jaune.<\/p>\n<h3>Pourquoi le drapeau est-il important pour les Catalans ?<\/h3>\n<p>Il repr\u00e9sente leur identit\u00e9 culturelle et politique ainsi que leurs aspirations \u00e0 l\u2019autonomie ou \u00e0 l\u2019ind\u00e9pendance.<\/p>\n<h3>O\u00f9 peut-on acheter un drapeau catalan ?<\/h3>\n<p>Il est disponible dans divers magasins sp\u00e9cialis\u00e9s ainsi que sur des plateformes en ligne pour environ 15 euros en 2026.<\/p>\n<h3>Comment se manifeste le soutien au drapeau aujourd\u2019hui ?<\/h3>\n<p>Le soutien se manifeste par sa pr\u00e9sence lors des manifestations, des \u00e9v\u00e9nements culturels comme la Diada et dans divers produits d\u00e9riv\u00e9s.<\/p>\n<h3>Quel est le lien entre le drapeau et le mouvement ind\u00e9pendantiste ?<\/h3>\n<p>Le drapeau catalan est devenu un symbole central du mouvement pour l\u2019ind\u00e9pendance, repr\u00e9sentant une lutte pour les droits culturels et politiques des Catalans.<\/p>\n","protected":false},"excerpt":{"rendered":"","protected":false},"author":34,"featured_media":999999999,"comment_status":"open","ping_status":"open","sticky":false,"template":"","format":"standard","meta":{"_acf_changed":false,"manual_indexmenow":false,"indexmenow_id_project":0,"footnotes":""},"categories":[4835],"tags":[],"class_list":["post-7786","post","type-post","status-publish","format-standard","has-post-thumbnail","hentry","category-articles","generate-columns","tablet-grid-50","mobile-grid-100","grid-parent","grid-25"],"acf":[],"yoast_head":"<!-- This site is optimized with the Yoast SEO Premium plugin v21.3 (Yoast SEO v26.5) - https:\/\/yoast.com\/wordpress\/plugins\/seo\/ -->\n<title>Drapeau Catalan : Histoire et Signification<\/title>\n<meta name=\"description\" content=\"Le drapeau catalan, connu sous le nom de \u201cSenyera\u201d, est un symbole fort de l\u2019identit\u00e9 culturelle et politique de la Catalogne\" \/>\n<meta name=\"robots\" content=\"index, follow, max-snippet:-1, max-image-preview:large, max-video-preview:-1\" \/>\n<link rel=\"canonical\" href=\"https:\/\/starstory.fr\/blog\/articles\/drapeau-catalan\/\" \/>\n<meta property=\"og:locale\" content=\"fr_FR\" \/>\n<meta property=\"og:type\" content=\"article\" \/>\n<meta property=\"og:title\" content=\"Drapeau Catalan : Histoire et Signification\" \/>\n<meta property=\"og:description\" content=\"Le drapeau catalan, connu sous le nom de \u201cSenyera\u201d, est un symbole fort de l\u2019identit\u00e9 culturelle et politique de la Catalogne\" \/>\n<meta property=\"og:url\" content=\"https:\/\/starstory.fr\/blog\/articles\/drapeau-catalan\/\" \/>\n<meta property=\"og:site_name\" content=\"starstory\" \/>\n<meta name=\"author\" content=\"Rapha\u00ebl D.\" \/>\n<meta name=\"twitter:card\" content=\"summary_large_image\" \/>\n<script type=\"application\/ld+json\" class=\"yoast-schema-graph\">{\"@context\":\"https:\/\/schema.org\",\"@graph\":[{\"@type\":\"NewsArticle\",\"@id\":\"https:\/\/starstory.fr\/blog\/articles\/drapeau-catalan\/#article\",\"isPartOf\":{\"@id\":\"https:\/\/starstory.fr\/blog\/articles\/drapeau-catalan\/\"},\"author\":{\"name\":\"Rapha\u00ebl D.\",\"@id\":\"https:\/\/starstory.fr\/blog\/#\/schema\/person\/3c864cdc320801e3db34b663e7e3f816\"},\"headline\":\"Drapeau Catalan : Histoire et Signification\",\"datePublished\":\"2026-03-03T09:00:00+00:00\",\"mainEntityOfPage\":{\"@id\":\"https:\/\/starstory.fr\/blog\/articles\/drapeau-catalan\/\"},\"wordCount\":660,\"commentCount\":0,\"publisher\":{\"@id\":\"https:\/\/starstory.fr\/blog\/#organization\"},\"image\":{\"@id\":\"https:\/\/starstory.fr\/blog\/articles\/drapeau-catalan\/#primaryimage\"},\"thumbnailUrl\":\"https:\/\/images.pexels.com\/photos\/35424855\/pexels-photo-35424855.jpeg?auto=compress&cs=tinysrgb&fit=crop&h=627&w=1200\",\"articleSection\":[\"Articles\"],\"inLanguage\":\"fr-FR\",\"potentialAction\":[{\"@type\":\"CommentAction\",\"name\":\"Comment\",\"target\":[\"https:\/\/starstory.fr\/blog\/articles\/drapeau-catalan\/#respond\"]}]},{\"@type\":\"WebPage\",\"@id\":\"https:\/\/starstory.fr\/blog\/articles\/drapeau-catalan\/\",\"url\":\"https:\/\/starstory.fr\/blog\/articles\/drapeau-catalan\/\",\"name\":\"Drapeau Catalan : Histoire et Signification\",\"isPartOf\":{\"@id\":\"https:\/\/starstory.fr\/blog\/#website\"},\"primaryImageOfPage\":{\"@id\":\"https:\/\/starstory.fr\/blog\/articles\/drapeau-catalan\/#primaryimage\"},\"image\":{\"@id\":\"https:\/\/starstory.fr\/blog\/articles\/drapeau-catalan\/#primaryimage\"},\"thumbnailUrl\":\"https:\/\/images.pexels.com\/photos\/35424855\/pexels-photo-35424855.jpeg?auto=compress&cs=tinysrgb&fit=crop&h=627&w=1200\",\"datePublished\":\"2026-03-03T09:00:00+00:00\",\"description\":\"Le drapeau catalan, connu sous le nom de \u201cSenyera\u201d, est un symbole fort de l\u2019identit\u00e9 culturelle et politique de la Catalogne\",\"inLanguage\":\"fr-FR\",\"potentialAction\":[{\"@type\":\"ReadAction\",\"target\":[\"https:\/\/starstory.fr\/blog\/articles\/drapeau-catalan\/\"]}]},{\"@type\":\"ImageObject\",\"inLanguage\":\"fr-FR\",\"@id\":\"https:\/\/starstory.fr\/blog\/articles\/drapeau-catalan\/#primaryimage\",\"url\":\"https:\/\/images.pexels.com\/photos\/35424855\/pexels-photo-35424855.jpeg?auto=compress&cs=tinysrgb&fit=crop&h=627&w=1200\",\"contentUrl\":\"https:\/\/images.pexels.com\/photos\/35424855\/pexels-photo-35424855.jpeg?auto=compress&cs=tinysrgb&fit=crop&h=627&w=1200\"},{\"@type\":\"WebSite\",\"@id\":\"https:\/\/starstory.fr\/blog\/#website\",\"url\":\"https:\/\/starstory.fr\/blog\/\",\"name\":\"StarStory\",\"description\":\"StarStory, les \u00e9toiles racontent leur histoire\",\"publisher\":{\"@id\":\"https:\/\/starstory.fr\/blog\/#organization\"},\"alternateName\":\"StarStory, les \u00e9toiles racontent leur histoire\",\"potentialAction\":[{\"@type\":\"SearchAction\",\"target\":{\"@type\":\"EntryPoint\",\"urlTemplate\":\"https:\/\/starstory.fr\/blog\/?s={search_term_string}\"},\"query-input\":{\"@type\":\"PropertyValueSpecification\",\"valueRequired\":true,\"valueName\":\"search_term_string\"}}],\"inLanguage\":\"fr-FR\"},{\"@type\":\"Organization\",\"@id\":\"https:\/\/starstory.fr\/blog\/#organization\",\"name\":\"StarStory\",\"alternateName\":\"StarStory.fr\",\"url\":\"https:\/\/starstory.fr\/blog\/\",\"logo\":{\"@type\":\"ImageObject\",\"inLanguage\":\"fr-FR\",\"@id\":\"https:\/\/starstory.fr\/blog\/#\/schema\/logo\/image\/\",\"url\":\"https:\/\/starstory.fr\/blog\/wp-content\/uploads\/2024\/12\/38.png\",\"contentUrl\":\"https:\/\/starstory.fr\/blog\/wp-content\/uploads\/2024\/12\/38.png\",\"width\":500,\"height\":500,\"caption\":\"StarStory\"},\"image\":{\"@id\":\"https:\/\/starstory.fr\/blog\/#\/schema\/logo\/image\/\"}},{\"@type\":\"Person\",\"@id\":\"https:\/\/starstory.fr\/blog\/#\/schema\/person\/3c864cdc320801e3db34b663e7e3f816\",\"name\":\"Rapha\u00ebl D.\",\"image\":{\"@type\":\"ImageObject\",\"inLanguage\":\"fr-FR\",\"@id\":\"https:\/\/starstory.fr\/blog\/#\/schema\/person\/image\/\",\"url\":\"https:\/\/starstory.fr\/blog\/wp-content\/uploads\/2026\/06\/persona_raphael-d-96x96.jpg\",\"contentUrl\":\"https:\/\/starstory.fr\/blog\/wp-content\/uploads\/2026\/06\/persona_raphael-d-96x96.jpg\",\"caption\":\"Rapha\u00ebl D.\"},\"description\":\"La culture est mon terrain de jeu depuis une dizaine d'ann\u00e9es : arts visuels, s\u00e9ries, cr\u00e9ation et tout ce qui nourrit l'imaginaire. J'\u00e9cris aussi bien sur l'actualit\u00e9 des \u0153uvres que sur les coulisses de la cr\u00e9ation, avec l'envie de relier l'amateur curieux \u00e0 des univers parfois jug\u00e9s intimidants. J'aime analyser une s\u00e9rie ou une d\u00e9marche artistique sans p\u00e9dantisme, replacer une \u0153uvre dans son contexte et donner des cl\u00e9s de lecture accessibles. Avant de publier, je v\u00e9rifie mes r\u00e9f\u00e9rences, je recoupe les sources et je distingue clairement le fait de mon interpr\u00e9tation subjective. Je crois qu'une critique vaut surtout par les arguments qu'elle expose, pas par la sentence qu'elle rend. Mon angle : transmettre l'envie de d\u00e9couvrir, de regarder autrement et de se forger son propre go\u00fbt. La culture n'appartient pas qu'aux initi\u00e9s, et c'est tout l'enjeu de mon \u00e9criture.\",\"url\":\"https:\/\/starstory.fr\/blog\/auteur\/noname\/\",\"jobTitle\":\"R\u00e9dacteur en chef \u00b7 Culture & Cr\u00e9ation\",\"knowsAbout\":[\"Culture\",\"Cr\u00e9ation\"],\"email\":\"raphael.d@a-l-asso-de-l-art.fr\"}]}<\/script>\n<!-- \/ Yoast SEO Premium plugin. -->","yoast_head_json":{"title":"Drapeau Catalan : Histoire et Signification","description":"Le drapeau catalan, connu sous le nom de \u201cSenyera\u201d, est un symbole fort de l\u2019identit\u00e9 culturelle et politique de la Catalogne","robots":{"index":"index","follow":"follow","max-snippet":"max-snippet:-1","max-image-preview":"max-image-preview:large","max-video-preview":"max-video-preview:-1"},"canonical":"https:\/\/starstory.fr\/blog\/articles\/drapeau-catalan\/","og_locale":"fr_FR","og_type":"article","og_title":"Drapeau Catalan : Histoire et Signification","og_description":"Le drapeau catalan, connu sous le nom de \u201cSenyera\u201d, est un symbole fort de l\u2019identit\u00e9 culturelle et politique de la Catalogne","og_url":"https:\/\/starstory.fr\/blog\/articles\/drapeau-catalan\/","og_site_name":"starstory","author":"Rapha\u00ebl D.","twitter_card":"summary_large_image","schema":{"@context":"https:\/\/schema.org","@graph":[{"@type":"NewsArticle","@id":"https:\/\/starstory.fr\/blog\/articles\/drapeau-catalan\/#article","isPartOf":{"@id":"https:\/\/starstory.fr\/blog\/articles\/drapeau-catalan\/"},"author":{"name":"Rapha\u00ebl D.","@id":"https:\/\/starstory.fr\/blog\/#\/schema\/person\/3c864cdc320801e3db34b663e7e3f816"},"headline":"Drapeau Catalan : Histoire et Signification","datePublished":"2026-03-03T09:00:00+00:00","mainEntityOfPage":{"@id":"https:\/\/starstory.fr\/blog\/articles\/drapeau-catalan\/"},"wordCount":660,"commentCount":0,"publisher":{"@id":"https:\/\/starstory.fr\/blog\/#organization"},"image":{"@id":"https:\/\/starstory.fr\/blog\/articles\/drapeau-catalan\/#primaryimage"},"thumbnailUrl":"https:\/\/images.pexels.com\/photos\/35424855\/pexels-photo-35424855.jpeg?auto=compress&cs=tinysrgb&fit=crop&h=627&w=1200","articleSection":["Articles"],"inLanguage":"fr-FR","potentialAction":[{"@type":"CommentAction","name":"Comment","target":["https:\/\/starstory.fr\/blog\/articles\/drapeau-catalan\/#respond"]}]},{"@type":"WebPage","@id":"https:\/\/starstory.fr\/blog\/articles\/drapeau-catalan\/","url":"https:\/\/starstory.fr\/blog\/articles\/drapeau-catalan\/","name":"Drapeau Catalan : Histoire et Signification","isPartOf":{"@id":"https:\/\/starstory.fr\/blog\/#website"},"primaryImageOfPage":{"@id":"https:\/\/starstory.fr\/blog\/articles\/drapeau-catalan\/#primaryimage"},"image":{"@id":"https:\/\/starstory.fr\/blog\/articles\/drapeau-catalan\/#primaryimage"},"thumbnailUrl":"https:\/\/images.pexels.com\/photos\/35424855\/pexels-photo-35424855.jpeg?auto=compress&cs=tinysrgb&fit=crop&h=627&w=1200","datePublished":"2026-03-03T09:00:00+00:00","description":"Le drapeau catalan, connu sous le nom de \u201cSenyera\u201d, est un symbole fort de l\u2019identit\u00e9 culturelle et politique de la Catalogne","inLanguage":"fr-FR","potentialAction":[{"@type":"ReadAction","target":["https:\/\/starstory.fr\/blog\/articles\/drapeau-catalan\/"]}]},{"@type":"ImageObject","inLanguage":"fr-FR","@id":"https:\/\/starstory.fr\/blog\/articles\/drapeau-catalan\/#primaryimage","url":"https:\/\/images.pexels.com\/photos\/35424855\/pexels-photo-35424855.jpeg?auto=compress&cs=tinysrgb&fit=crop&h=627&w=1200","contentUrl":"https:\/\/images.pexels.com\/photos\/35424855\/pexels-photo-35424855.jpeg?auto=compress&cs=tinysrgb&fit=crop&h=627&w=1200"},{"@type":"WebSite","@id":"https:\/\/starstory.fr\/blog\/#website","url":"https:\/\/starstory.fr\/blog\/","name":"StarStory","description":"StarStory, les \u00e9toiles racontent leur histoire","publisher":{"@id":"https:\/\/starstory.fr\/blog\/#organization"},"alternateName":"StarStory, les \u00e9toiles racontent leur histoire","potentialAction":[{"@type":"SearchAction","target":{"@type":"EntryPoint","urlTemplate":"https:\/\/starstory.fr\/blog\/?s={search_term_string}"},"query-input":{"@type":"PropertyValueSpecification","valueRequired":true,"valueName":"search_term_string"}}],"inLanguage":"fr-FR"},{"@type":"Organization","@id":"https:\/\/starstory.fr\/blog\/#organization","name":"StarStory","alternateName":"StarStory.fr","url":"https:\/\/starstory.fr\/blog\/","logo":{"@type":"ImageObject","inLanguage":"fr-FR","@id":"https:\/\/starstory.fr\/blog\/#\/schema\/logo\/image\/","url":"https:\/\/starstory.fr\/blog\/wp-content\/uploads\/2024\/12\/38.png","contentUrl":"https:\/\/starstory.fr\/blog\/wp-content\/uploads\/2024\/12\/38.png","width":500,"height":500,"caption":"StarStory"},"image":{"@id":"https:\/\/starstory.fr\/blog\/#\/schema\/logo\/image\/"}},{"@type":"Person","@id":"https:\/\/starstory.fr\/blog\/#\/schema\/person\/3c864cdc320801e3db34b663e7e3f816","name":"Rapha\u00ebl D.","image":{"@type":"ImageObject","inLanguage":"fr-FR","@id":"https:\/\/starstory.fr\/blog\/#\/schema\/person\/image\/","url":"https:\/\/starstory.fr\/blog\/wp-content\/uploads\/2026\/06\/persona_raphael-d-96x96.jpg","contentUrl":"https:\/\/starstory.fr\/blog\/wp-content\/uploads\/2026\/06\/persona_raphael-d-96x96.jpg","caption":"Rapha\u00ebl D."},"description":"La culture est mon terrain de jeu depuis une dizaine d'ann\u00e9es : arts visuels, s\u00e9ries, cr\u00e9ation et tout ce qui nourrit l'imaginaire. J'\u00e9cris aussi bien sur l'actualit\u00e9 des \u0153uvres que sur les coulisses de la cr\u00e9ation, avec l'envie de relier l'amateur curieux \u00e0 des univers parfois jug\u00e9s intimidants. J'aime analyser une s\u00e9rie ou une d\u00e9marche artistique sans p\u00e9dantisme, replacer une \u0153uvre dans son contexte et donner des cl\u00e9s de lecture accessibles. Avant de publier, je v\u00e9rifie mes r\u00e9f\u00e9rences, je recoupe les sources et je distingue clairement le fait de mon interpr\u00e9tation subjective. Je crois qu'une critique vaut surtout par les arguments qu'elle expose, pas par la sentence qu'elle rend. Mon angle : transmettre l'envie de d\u00e9couvrir, de regarder autrement et de se forger son propre go\u00fbt. La culture n'appartient pas qu'aux initi\u00e9s, et c'est tout l'enjeu de mon \u00e9criture.","url":"https:\/\/starstory.fr\/blog\/auteur\/noname\/","jobTitle":"R\u00e9dacteur en chef \u00b7 Culture & Cr\u00e9ation","knowsAbout":["Culture","Cr\u00e9ation"],"email":"raphael.d@a-l-asso-de-l-art.fr"}]}},"_links":{"self":[{"href":"https:\/\/starstory.fr\/blog\/wp-json\/wp\/v2\/posts\/7786","targetHints":{"allow":["GET"]}}],"collection":[{"href":"https:\/\/starstory.fr\/blog\/wp-json\/wp\/v2\/posts"}],"about":[{"href":"https:\/\/starstory.fr\/blog\/wp-json\/wp\/v2\/types\/post"}],"author":[{"embeddable":true,"href":"https:\/\/starstory.fr\/blog\/wp-json\/wp\/v2\/users\/34"}],"replies":[{"embeddable":true,"href":"https:\/\/starstory.fr\/blog\/wp-json\/wp\/v2\/comments?post=7786"}],"version-history":[{"count":0,"href":"https:\/\/starstory.fr\/blog\/wp-json\/wp\/v2\/posts\/7786\/revisions"}],"wp:attachment":[{"href":"https:\/\/starstory.fr\/blog\/wp-json\/wp\/v2\/media?parent=7786"}],"wp:term":[{"taxonomy":"category","embeddable":true,"href":"https:\/\/starstory.fr\/blog\/wp-json\/wp\/v2\/categories?post=7786"},{"taxonomy":"post_tag","embeddable":true,"href":"https:\/\/starstory.fr\/blog\/wp-json\/wp\/v2\/tags?post=7786"}],"curies":[{"name":"wp","href":"https:\/\/api.w.org\/{rel}","templated":true}]}}