{"id":7785,"date":"2026-02-23T09:00:00","date_gmt":"2026-02-23T09:00:00","guid":{"rendered":"https:\/\/starstory.fr\/blog\/articles\/croix-du-portugal\/"},"modified":"2026-02-23T09:00:00","modified_gmt":"2026-02-23T09:00:00","slug":"croix-du-portugal","status":"publish","type":"post","link":"https:\/\/starstory.fr\/blog\/articles\/croix-du-portugal\/","title":{"rendered":"Croix du Portugal : Histoire et Symbolisme"},"content":{"rendered":"<p>La <strong>croix du Portugal<\/strong>, embl\u00e8me national, incarne l\u2019identit\u00e9 historique et culturelle du pays. Utilis\u00e9e sur le drapeau portugais, cette croix est aussi un symbole fort dans la religion chr\u00e9tienne. Elle repr\u00e9sente l\u2019union entre la monarchie portugaise et la foi chr\u00e9tienne, marquant ainsi un tournant dans l\u2019histoire du pays \u00e0 partir du XIIe si\u00e8cle. Cet article explore son histoire, son symbolisme et ses comparaisons avec d\u2019autres croix embl\u00e9matiques.<\/p>\n<h2>Origines de la Croix du Portugal<\/h2>\n<p>La croix du Portugal remonte \u00e0 la p\u00e9riode des <strong>Reconqu\u00eates<\/strong> au Moyen \u00c2ge. Elle est souvent associ\u00e9e \u00e0 <strong>Afonso I de Portugal<\/strong>, qui a \u00e9t\u00e9 couronn\u00e9 roi en 1139. Son utilisation se g\u00e9n\u00e9ralise avec les conqu\u00eates des territoires musulmans et devient un symbole de la lutte pour l\u2019ind\u00e9pendance portugaise.<\/p>\n<h3>Caract\u00e9ristiques et Design<\/h3>\n<p>La croix se distingue par sa forme en croix patt\u00e9e, c\u2019est-\u00e0-dire que les extr\u00e9mit\u00e9s de ses branches s\u2019\u00e9largissent. Ce design particulier lui conf\u00e8re une forte visibilit\u00e9 sur les drapeaux et les armoiries. Sur le drapeau national, elle est entour\u00e9e de cinq petites boules qui symbolisent les cinq royaumes vaincus par Afonso I.<\/p>\n<h2>Symbolisme Religieux et Historique<\/h2>\n<p>La croix du Portugal est profond\u00e9ment enracin\u00e9e dans le christianisme, repr\u00e9sentant non seulement la foi mais aussi l\u2019autorit\u00e9 royale. Elle rappelle l\u2019importance des valeurs chr\u00e9tiennes dans l\u2019\u00e9tablissement du royaume portugais.<\/p>\n<h3>Comparaison avec d\u2019autres croix chr\u00e9tiennes<\/h3>\n<table class=\"kwdbank-table\">\n<thead>\n<tr>\n<th>Croix<\/th>\n<th>Caract\u00e9ristiques principales<\/th>\n<th>Symbolisme<\/th>\n<\/tr>\n<\/thead>\n<tbody>\n<tr>\n<td>Croix du Portugal<\/td>\n<td>Forme patt\u00e9e, cinq boules<\/td>\n<td>Ind\u00e9pendance et foi chr\u00e9tienne<\/td>\n<\/tr>\n<tr>\n<td>Croix de J\u00e9rusalem<\/td>\n<td>Trois barres horizontales<\/td>\n<td>Sacrifice et r\u00e9demption<\/td>\n<\/tr>\n<tr>\n<td>Croix latine<\/td>\n<td>Deux barres crois\u00e9es (verticale plus longue)<\/td>\n<td>Sacrifice du Christ<\/td>\n<\/tr>\n<tr>\n<td>Croix grecque<\/td>\n<td>Quatre bras \u00e9gaux<\/td>\n<td>\u00c9quilibre entre ciel et terre<\/td>\n<\/tr>\n<\/tbody>\n<\/table>\n<h2>Impact Culturel<\/h2>\n<p>La croix du Portugal appara\u00eet dans divers \u00e9l\u00e9ments culturels, tels que :<\/p>\n<ul>\n<li><strong>Art<\/strong> : Peintures, sculptures et vitraux.<\/li>\n<li><strong>Architecture<\/strong> : Sur les fa\u00e7ades des \u00e9glises et monast\u00e8res.<\/li>\n<li><strong>\u00c9v\u00e9nements<\/strong> : F\u00eates nationales o\u00f9 elle est mise en avant.<\/li>\n<\/ul>\n<p>Elle est \u00e9galement utilis\u00e9e dans des contextes non religieux, comme les \u00e9quipements sportifs ou les uniformes militaires.<\/p>\n<h3>Pi\u00e8ge \u00e0 \u00e9viter<\/h3>\n<p>L\u2019interpr\u00e9tation de la croix peut pr\u00eater \u00e0 confusion avec d\u2019autres symboles chr\u00e9tiens. Par exemple, certains peuvent la confondre avec la croix de Malte ou d\u2019autres variantes r\u00e9gionales. Il est crucial de reconna\u00eetre son origine portugaise pour \u00e9viter toute d\u00e9sinformation.<\/p>\n<h2>Les Variantes R\u00e9gionales de la Croix<\/h2>\n<p>Bien que la croix du Portugal soit unique, plusieurs variantes existent au sein des r\u00e9gions portugaises :<\/p>\n<ul>\n<li><strong>Croix de Barcelos<\/strong> : Reconnue pour son utilisation dans l\u2019art populaire.<\/li>\n<li><strong>Croix de Coimbra<\/strong> : Pr\u00e9sente dans les armoiries de certaines municipalit\u00e9s.<\/li>\n<\/ul>\n<p>Chaque variante porte des significations culturelles sp\u00e9cifiques tout en respectant le design fondamental de la croix patt\u00e9e.<\/p>\n<h2>Action imm\u00e9diate<\/h2>\n<p>Pour explorer davantage le symbolisme et l\u2019histoire de la croix du Portugal, visitez un mus\u00e9e local ou participez \u00e0 une f\u00eate traditionnelle o\u00f9 ce symbole est mis en avant. Cela vous permettra d\u2019appr\u00e9cier son importance dans le quotidien des Portugais.<\/p>\n<h2>FAQ<\/h2>\n<h3>Quelle est l\u2019origine de la croix du Portugal ?<\/h3>\n<p>La croix du Portugal remonte au XIIe si\u00e8cle pendant les Reconqu\u00eates sous Afonso I.<\/p>\n<h3>Que repr\u00e9sentent les boules sur la croix ?<\/h3>\n<p>Les cinq boules symbolisent les royaumes vaincus par Afonso I lors de ses conqu\u00eates.<\/p>\n<h3>La croix du Portugal a-t-elle une signification religieuse ?<\/h3>\n<p>Oui, elle repr\u00e9sente l\u2019union entre l\u2019autorit\u00e9 royale et la foi chr\u00e9tienne.<\/p>\n<h3>En quoi diff\u00e8re-t-elle des autres symboles chr\u00e9tiens ?<\/h3>\n<p>Sa forme patt\u00e9e et ses \u00e9l\u00e9ments d\u00e9coratifs lui conf\u00e8rent une identit\u00e9 unique par rapport \u00e0 d\u2019autres croix comme celle de J\u00e9rusalem ou latine.<\/p>\n<h3>Comment peut-on voir la croix du Portugal aujourd\u2019hui ?<\/h3>\n<p>Elle figure sur le drapeau national et appara\u00eet fr\u00e9quemment lors d\u2019\u00e9v\u00e9nements culturels ou religieux au Portugal.<\/p>\n<h3>Y a-t-il des variations r\u00e9gionales ?<\/h3>\n<p>Oui, il existe plusieurs variantes comme celles de Barcelos ou Coimbra qui portent chacune leur propre signification culturelle.<\/p>\n","protected":false},"excerpt":{"rendered":"","protected":false},"author":34,"featured_media":999999999,"comment_status":"open","ping_status":"open","sticky":false,"template":"","format":"standard","meta":{"_acf_changed":false,"manual_indexmenow":false,"indexmenow_id_project":0,"footnotes":""},"categories":[4835],"tags":[],"class_list":["post-7785","post","type-post","status-publish","format-standard","has-post-thumbnail","hentry","category-articles","generate-columns","tablet-grid-50","mobile-grid-100","grid-parent","grid-25"],"acf":[],"yoast_head":"<!-- This site is optimized with the Yoast SEO Premium plugin v21.3 (Yoast SEO v26.5) - https:\/\/yoast.com\/wordpress\/plugins\/seo\/ -->\n<title>Croix du Portugal : Histoire et Symbolisme<\/title>\n<meta name=\"description\" content=\"La croix du Portugal, embl\u00e8me national, incarne l\u2019identit\u00e9 historique et culturelle du pays. Utilis\u00e9e sur le drapeau portugais, cette croix est aussi\" \/>\n<meta name=\"robots\" content=\"index, follow, max-snippet:-1, max-image-preview:large, max-video-preview:-1\" \/>\n<link rel=\"canonical\" href=\"https:\/\/starstory.fr\/blog\/articles\/croix-du-portugal\/\" \/>\n<meta property=\"og:locale\" content=\"fr_FR\" \/>\n<meta property=\"og:type\" content=\"article\" \/>\n<meta property=\"og:title\" content=\"Croix du Portugal : Histoire et Symbolisme\" \/>\n<meta property=\"og:description\" content=\"La croix du Portugal, embl\u00e8me national, incarne l\u2019identit\u00e9 historique et culturelle du pays. Utilis\u00e9e sur le drapeau portugais, cette croix est aussi\" \/>\n<meta property=\"og:url\" content=\"https:\/\/starstory.fr\/blog\/articles\/croix-du-portugal\/\" \/>\n<meta property=\"og:site_name\" content=\"starstory\" \/>\n<meta name=\"author\" content=\"Rapha\u00ebl D.\" \/>\n<meta name=\"twitter:card\" content=\"summary_large_image\" \/>\n<script type=\"application\/ld+json\" class=\"yoast-schema-graph\">{\"@context\":\"https:\/\/schema.org\",\"@graph\":[{\"@type\":\"NewsArticle\",\"@id\":\"https:\/\/starstory.fr\/blog\/articles\/croix-du-portugal\/#article\",\"isPartOf\":{\"@id\":\"https:\/\/starstory.fr\/blog\/articles\/croix-du-portugal\/\"},\"author\":{\"name\":\"Rapha\u00ebl D.\",\"@id\":\"https:\/\/starstory.fr\/blog\/#\/schema\/person\/3c864cdc320801e3db34b663e7e3f816\"},\"headline\":\"Croix du Portugal : Histoire et Symbolisme\",\"datePublished\":\"2026-02-23T09:00:00+00:00\",\"mainEntityOfPage\":{\"@id\":\"https:\/\/starstory.fr\/blog\/articles\/croix-du-portugal\/\"},\"wordCount\":691,\"commentCount\":0,\"publisher\":{\"@id\":\"https:\/\/starstory.fr\/blog\/#organization\"},\"image\":{\"@id\":\"https:\/\/starstory.fr\/blog\/articles\/croix-du-portugal\/#primaryimage\"},\"thumbnailUrl\":\"https:\/\/images.pexels.com\/photos\/34572335\/pexels-photo-34572335.jpeg?auto=compress&cs=tinysrgb&fit=crop&h=627&w=1200\",\"articleSection\":[\"Articles\"],\"inLanguage\":\"fr-FR\",\"potentialAction\":[{\"@type\":\"CommentAction\",\"name\":\"Comment\",\"target\":[\"https:\/\/starstory.fr\/blog\/articles\/croix-du-portugal\/#respond\"]}]},{\"@type\":\"WebPage\",\"@id\":\"https:\/\/starstory.fr\/blog\/articles\/croix-du-portugal\/\",\"url\":\"https:\/\/starstory.fr\/blog\/articles\/croix-du-portugal\/\",\"name\":\"Croix du Portugal : Histoire et Symbolisme\",\"isPartOf\":{\"@id\":\"https:\/\/starstory.fr\/blog\/#website\"},\"primaryImageOfPage\":{\"@id\":\"https:\/\/starstory.fr\/blog\/articles\/croix-du-portugal\/#primaryimage\"},\"image\":{\"@id\":\"https:\/\/starstory.fr\/blog\/articles\/croix-du-portugal\/#primaryimage\"},\"thumbnailUrl\":\"https:\/\/images.pexels.com\/photos\/34572335\/pexels-photo-34572335.jpeg?auto=compress&cs=tinysrgb&fit=crop&h=627&w=1200\",\"datePublished\":\"2026-02-23T09:00:00+00:00\",\"description\":\"La croix du Portugal, embl\u00e8me national, incarne l\u2019identit\u00e9 historique et culturelle du pays. Utilis\u00e9e sur le drapeau portugais, cette croix est aussi\",\"inLanguage\":\"fr-FR\",\"potentialAction\":[{\"@type\":\"ReadAction\",\"target\":[\"https:\/\/starstory.fr\/blog\/articles\/croix-du-portugal\/\"]}]},{\"@type\":\"ImageObject\",\"inLanguage\":\"fr-FR\",\"@id\":\"https:\/\/starstory.fr\/blog\/articles\/croix-du-portugal\/#primaryimage\",\"url\":\"https:\/\/images.pexels.com\/photos\/34572335\/pexels-photo-34572335.jpeg?auto=compress&cs=tinysrgb&fit=crop&h=627&w=1200\",\"contentUrl\":\"https:\/\/images.pexels.com\/photos\/34572335\/pexels-photo-34572335.jpeg?auto=compress&cs=tinysrgb&fit=crop&h=627&w=1200\"},{\"@type\":\"WebSite\",\"@id\":\"https:\/\/starstory.fr\/blog\/#website\",\"url\":\"https:\/\/starstory.fr\/blog\/\",\"name\":\"StarStory\",\"description\":\"StarStory, les \u00e9toiles racontent leur histoire\",\"publisher\":{\"@id\":\"https:\/\/starstory.fr\/blog\/#organization\"},\"alternateName\":\"StarStory, les \u00e9toiles racontent leur histoire\",\"potentialAction\":[{\"@type\":\"SearchAction\",\"target\":{\"@type\":\"EntryPoint\",\"urlTemplate\":\"https:\/\/starstory.fr\/blog\/?s={search_term_string}\"},\"query-input\":{\"@type\":\"PropertyValueSpecification\",\"valueRequired\":true,\"valueName\":\"search_term_string\"}}],\"inLanguage\":\"fr-FR\"},{\"@type\":\"Organization\",\"@id\":\"https:\/\/starstory.fr\/blog\/#organization\",\"name\":\"StarStory\",\"alternateName\":\"StarStory.fr\",\"url\":\"https:\/\/starstory.fr\/blog\/\",\"logo\":{\"@type\":\"ImageObject\",\"inLanguage\":\"fr-FR\",\"@id\":\"https:\/\/starstory.fr\/blog\/#\/schema\/logo\/image\/\",\"url\":\"https:\/\/starstory.fr\/blog\/wp-content\/uploads\/2024\/12\/38.png\",\"contentUrl\":\"https:\/\/starstory.fr\/blog\/wp-content\/uploads\/2024\/12\/38.png\",\"width\":500,\"height\":500,\"caption\":\"StarStory\"},\"image\":{\"@id\":\"https:\/\/starstory.fr\/blog\/#\/schema\/logo\/image\/\"}},{\"@type\":\"Person\",\"@id\":\"https:\/\/starstory.fr\/blog\/#\/schema\/person\/3c864cdc320801e3db34b663e7e3f816\",\"name\":\"Rapha\u00ebl D.\",\"image\":{\"@type\":\"ImageObject\",\"inLanguage\":\"fr-FR\",\"@id\":\"https:\/\/starstory.fr\/blog\/#\/schema\/person\/image\/\",\"url\":\"https:\/\/starstory.fr\/blog\/wp-content\/uploads\/2026\/06\/persona_raphael-d-96x96.jpg\",\"contentUrl\":\"https:\/\/starstory.fr\/blog\/wp-content\/uploads\/2026\/06\/persona_raphael-d-96x96.jpg\",\"caption\":\"Rapha\u00ebl D.\"},\"description\":\"La culture est mon terrain de jeu depuis une dizaine d'ann\u00e9es : arts visuels, s\u00e9ries, cr\u00e9ation et tout ce qui nourrit l'imaginaire. J'\u00e9cris aussi bien sur l'actualit\u00e9 des \u0153uvres que sur les coulisses de la cr\u00e9ation, avec l'envie de relier l'amateur curieux \u00e0 des univers parfois jug\u00e9s intimidants. J'aime analyser une s\u00e9rie ou une d\u00e9marche artistique sans p\u00e9dantisme, replacer une \u0153uvre dans son contexte et donner des cl\u00e9s de lecture accessibles. Avant de publier, je v\u00e9rifie mes r\u00e9f\u00e9rences, je recoupe les sources et je distingue clairement le fait de mon interpr\u00e9tation subjective. Je crois qu'une critique vaut surtout par les arguments qu'elle expose, pas par la sentence qu'elle rend. Mon angle : transmettre l'envie de d\u00e9couvrir, de regarder autrement et de se forger son propre go\u00fbt. La culture n'appartient pas qu'aux initi\u00e9s, et c'est tout l'enjeu de mon \u00e9criture.\",\"url\":\"https:\/\/starstory.fr\/blog\/auteur\/noname\/\",\"jobTitle\":\"R\u00e9dacteur en chef \u00b7 Culture & Cr\u00e9ation\",\"knowsAbout\":[\"Culture\",\"Cr\u00e9ation\"],\"email\":\"raphael.d@a-l-asso-de-l-art.fr\"}]}<\/script>\n<!-- \/ Yoast SEO Premium plugin. -->","yoast_head_json":{"title":"Croix du Portugal : Histoire et Symbolisme","description":"La croix du Portugal, embl\u00e8me national, incarne l\u2019identit\u00e9 historique et culturelle du pays. Utilis\u00e9e sur le drapeau portugais, cette croix est aussi","robots":{"index":"index","follow":"follow","max-snippet":"max-snippet:-1","max-image-preview":"max-image-preview:large","max-video-preview":"max-video-preview:-1"},"canonical":"https:\/\/starstory.fr\/blog\/articles\/croix-du-portugal\/","og_locale":"fr_FR","og_type":"article","og_title":"Croix du Portugal : Histoire et Symbolisme","og_description":"La croix du Portugal, embl\u00e8me national, incarne l\u2019identit\u00e9 historique et culturelle du pays. Utilis\u00e9e sur le drapeau portugais, cette croix est aussi","og_url":"https:\/\/starstory.fr\/blog\/articles\/croix-du-portugal\/","og_site_name":"starstory","author":"Rapha\u00ebl D.","twitter_card":"summary_large_image","schema":{"@context":"https:\/\/schema.org","@graph":[{"@type":"NewsArticle","@id":"https:\/\/starstory.fr\/blog\/articles\/croix-du-portugal\/#article","isPartOf":{"@id":"https:\/\/starstory.fr\/blog\/articles\/croix-du-portugal\/"},"author":{"name":"Rapha\u00ebl D.","@id":"https:\/\/starstory.fr\/blog\/#\/schema\/person\/3c864cdc320801e3db34b663e7e3f816"},"headline":"Croix du Portugal : Histoire et Symbolisme","datePublished":"2026-02-23T09:00:00+00:00","mainEntityOfPage":{"@id":"https:\/\/starstory.fr\/blog\/articles\/croix-du-portugal\/"},"wordCount":691,"commentCount":0,"publisher":{"@id":"https:\/\/starstory.fr\/blog\/#organization"},"image":{"@id":"https:\/\/starstory.fr\/blog\/articles\/croix-du-portugal\/#primaryimage"},"thumbnailUrl":"https:\/\/images.pexels.com\/photos\/34572335\/pexels-photo-34572335.jpeg?auto=compress&cs=tinysrgb&fit=crop&h=627&w=1200","articleSection":["Articles"],"inLanguage":"fr-FR","potentialAction":[{"@type":"CommentAction","name":"Comment","target":["https:\/\/starstory.fr\/blog\/articles\/croix-du-portugal\/#respond"]}]},{"@type":"WebPage","@id":"https:\/\/starstory.fr\/blog\/articles\/croix-du-portugal\/","url":"https:\/\/starstory.fr\/blog\/articles\/croix-du-portugal\/","name":"Croix du Portugal : Histoire et Symbolisme","isPartOf":{"@id":"https:\/\/starstory.fr\/blog\/#website"},"primaryImageOfPage":{"@id":"https:\/\/starstory.fr\/blog\/articles\/croix-du-portugal\/#primaryimage"},"image":{"@id":"https:\/\/starstory.fr\/blog\/articles\/croix-du-portugal\/#primaryimage"},"thumbnailUrl":"https:\/\/images.pexels.com\/photos\/34572335\/pexels-photo-34572335.jpeg?auto=compress&cs=tinysrgb&fit=crop&h=627&w=1200","datePublished":"2026-02-23T09:00:00+00:00","description":"La croix du Portugal, embl\u00e8me national, incarne l\u2019identit\u00e9 historique et culturelle du pays. Utilis\u00e9e sur le drapeau portugais, cette croix est aussi","inLanguage":"fr-FR","potentialAction":[{"@type":"ReadAction","target":["https:\/\/starstory.fr\/blog\/articles\/croix-du-portugal\/"]}]},{"@type":"ImageObject","inLanguage":"fr-FR","@id":"https:\/\/starstory.fr\/blog\/articles\/croix-du-portugal\/#primaryimage","url":"https:\/\/images.pexels.com\/photos\/34572335\/pexels-photo-34572335.jpeg?auto=compress&cs=tinysrgb&fit=crop&h=627&w=1200","contentUrl":"https:\/\/images.pexels.com\/photos\/34572335\/pexels-photo-34572335.jpeg?auto=compress&cs=tinysrgb&fit=crop&h=627&w=1200"},{"@type":"WebSite","@id":"https:\/\/starstory.fr\/blog\/#website","url":"https:\/\/starstory.fr\/blog\/","name":"StarStory","description":"StarStory, les \u00e9toiles racontent leur histoire","publisher":{"@id":"https:\/\/starstory.fr\/blog\/#organization"},"alternateName":"StarStory, les \u00e9toiles racontent leur histoire","potentialAction":[{"@type":"SearchAction","target":{"@type":"EntryPoint","urlTemplate":"https:\/\/starstory.fr\/blog\/?s={search_term_string}"},"query-input":{"@type":"PropertyValueSpecification","valueRequired":true,"valueName":"search_term_string"}}],"inLanguage":"fr-FR"},{"@type":"Organization","@id":"https:\/\/starstory.fr\/blog\/#organization","name":"StarStory","alternateName":"StarStory.fr","url":"https:\/\/starstory.fr\/blog\/","logo":{"@type":"ImageObject","inLanguage":"fr-FR","@id":"https:\/\/starstory.fr\/blog\/#\/schema\/logo\/image\/","url":"https:\/\/starstory.fr\/blog\/wp-content\/uploads\/2024\/12\/38.png","contentUrl":"https:\/\/starstory.fr\/blog\/wp-content\/uploads\/2024\/12\/38.png","width":500,"height":500,"caption":"StarStory"},"image":{"@id":"https:\/\/starstory.fr\/blog\/#\/schema\/logo\/image\/"}},{"@type":"Person","@id":"https:\/\/starstory.fr\/blog\/#\/schema\/person\/3c864cdc320801e3db34b663e7e3f816","name":"Rapha\u00ebl D.","image":{"@type":"ImageObject","inLanguage":"fr-FR","@id":"https:\/\/starstory.fr\/blog\/#\/schema\/person\/image\/","url":"https:\/\/starstory.fr\/blog\/wp-content\/uploads\/2026\/06\/persona_raphael-d-96x96.jpg","contentUrl":"https:\/\/starstory.fr\/blog\/wp-content\/uploads\/2026\/06\/persona_raphael-d-96x96.jpg","caption":"Rapha\u00ebl D."},"description":"La culture est mon terrain de jeu depuis une dizaine d'ann\u00e9es : arts visuels, s\u00e9ries, cr\u00e9ation et tout ce qui nourrit l'imaginaire. J'\u00e9cris aussi bien sur l'actualit\u00e9 des \u0153uvres que sur les coulisses de la cr\u00e9ation, avec l'envie de relier l'amateur curieux \u00e0 des univers parfois jug\u00e9s intimidants. J'aime analyser une s\u00e9rie ou une d\u00e9marche artistique sans p\u00e9dantisme, replacer une \u0153uvre dans son contexte et donner des cl\u00e9s de lecture accessibles. Avant de publier, je v\u00e9rifie mes r\u00e9f\u00e9rences, je recoupe les sources et je distingue clairement le fait de mon interpr\u00e9tation subjective. Je crois qu'une critique vaut surtout par les arguments qu'elle expose, pas par la sentence qu'elle rend. Mon angle : transmettre l'envie de d\u00e9couvrir, de regarder autrement et de se forger son propre go\u00fbt. La culture n'appartient pas qu'aux initi\u00e9s, et c'est tout l'enjeu de mon \u00e9criture.","url":"https:\/\/starstory.fr\/blog\/auteur\/noname\/","jobTitle":"R\u00e9dacteur en chef \u00b7 Culture & Cr\u00e9ation","knowsAbout":["Culture","Cr\u00e9ation"],"email":"raphael.d@a-l-asso-de-l-art.fr"}]}},"_links":{"self":[{"href":"https:\/\/starstory.fr\/blog\/wp-json\/wp\/v2\/posts\/7785","targetHints":{"allow":["GET"]}}],"collection":[{"href":"https:\/\/starstory.fr\/blog\/wp-json\/wp\/v2\/posts"}],"about":[{"href":"https:\/\/starstory.fr\/blog\/wp-json\/wp\/v2\/types\/post"}],"author":[{"embeddable":true,"href":"https:\/\/starstory.fr\/blog\/wp-json\/wp\/v2\/users\/34"}],"replies":[{"embeddable":true,"href":"https:\/\/starstory.fr\/blog\/wp-json\/wp\/v2\/comments?post=7785"}],"version-history":[{"count":0,"href":"https:\/\/starstory.fr\/blog\/wp-json\/wp\/v2\/posts\/7785\/revisions"}],"wp:attachment":[{"href":"https:\/\/starstory.fr\/blog\/wp-json\/wp\/v2\/media?parent=7785"}],"wp:term":[{"taxonomy":"category","embeddable":true,"href":"https:\/\/starstory.fr\/blog\/wp-json\/wp\/v2\/categories?post=7785"},{"taxonomy":"post_tag","embeddable":true,"href":"https:\/\/starstory.fr\/blog\/wp-json\/wp\/v2\/tags?post=7785"}],"curies":[{"name":"wp","href":"https:\/\/api.w.org\/{rel}","templated":true}]}}