{"id":7784,"date":"2026-02-04T09:00:00","date_gmt":"2026-02-04T09:00:00","guid":{"rendered":"https:\/\/starstory.fr\/blog\/articles\/drapeau-fleur-de-lys\/"},"modified":"2026-02-04T09:00:00","modified_gmt":"2026-02-04T09:00:00","slug":"drapeau-fleur-de-lys","status":"publish","type":"post","link":"https:\/\/starstory.fr\/blog\/articles\/drapeau-fleur-de-lys\/","title":{"rendered":"Drapeau Fleur de Lys : Histoire &#038; Symbolisme"},"content":{"rendered":"<p>Le drapeau \u00e0 fleur de lys est un embl\u00e8me riche en histoire et en symbolisme, souvent associ\u00e9 \u00e0 la monarchie fran\u00e7aise. Sa popularit\u00e9 persiste dans diverses cultures et contextes, mais il existe des erreurs fr\u00e9quentes lors de son utilisation et de son interpr\u00e9tation. Cet article vise \u00e0 clarifier ces points pour mieux comprendre ce symbole embl\u00e9matique.<\/p>\n<h2>Origines du Drapeau Fleur de Lys<\/h2>\n<h3>Histoire du symbole<\/h3>\n<p>La fleur de lys a des origines anciennes, remontant \u00e0 l\u2019Antiquit\u00e9. Son adoption par les rois de France, notamment par Louis VII au XIIe si\u00e8cle, a solidifi\u00e9 son statut symbolique. Elle repr\u00e9sente la puret\u00e9 et l\u2019\u00e9l\u00e9gance, souvent associ\u00e9e \u00e0 la Vierge Marie dans le christianisme. En 1376, Charles V int\u00e8gre la fleur de lys dans le blason royal, renfor\u00e7ant ainsi son lien avec la royaut\u00e9 fran\u00e7aise.<\/p>\n<h3>\u00c9volution du drapeau<\/h3>\n<p>Le drapeau fleur de lys est principalement connu sous sa forme bleue avec trois fleurs d\u2019or. Ce design est officiellement reconnu depuis le r\u00e8gne de Louis XIV au XVIIe si\u00e8cle. Toutefois, des variations existent, comme le drapeau du Qu\u00e9bec qui arbore un motif similaire dans un contexte culturel distinct.<\/p>\n<h2>Symbolisme et Interpr\u00e9tations<\/h2>\n<h3>Significations courantes<\/h3>\n<ul>\n<li><strong>Royaut\u00e9<\/strong> : Repr\u00e9sente la monarchie fran\u00e7aise.<\/li>\n<li><strong>Puret\u00e9<\/strong> : Associ\u00e9e \u00e0 la spiritualit\u00e9 et \u00e0 la Vierge Marie.<\/li>\n<li><strong>Identit\u00e9 culturelle<\/strong> : Symbole fort pour des r\u00e9gions comme le Qu\u00e9bec.<\/li>\n<\/ul>\n<h3>Erreurs fr\u00e9quentes<\/h3>\n<ol>\n<li><strong>Confondre la fleur de lys avec d\u2019autres symboles<\/strong> : Parfois, on m\u00e9lange la fleur de lys avec d\u2019autres motifs floraux ou g\u00e9om\u00e9triques sans comprendre leur signification propre.<\/li>\n<li><strong>Utilisation hors contexte<\/strong> : Certaines personnes utilisent ce symbole sans conna\u00eetre ses racines historiques ou culturelles, ce qui peut mener \u00e0 des malentendus.<\/li>\n<\/ol>\n<h2>Le Drapeau Fleur de Lys dans le Monde Aujourd\u2019hui<\/h2>\n<h3>Utilisations modernes<\/h3>\n<p>Le drapeau fleur de lys est pr\u00e9sent dans plusieurs contextes modernes :<\/p>\n<table class=\"kwdbank-table\">\n<thead>\n<tr>\n<th>Contexte<\/th>\n<th>Exemple<\/th>\n<\/tr>\n<\/thead>\n<tbody>\n<tr>\n<td>Politique<\/td>\n<td>Utilis\u00e9 par certains partis en France<\/td>\n<\/tr>\n<tr>\n<td>Culturel<\/td>\n<td>Drapeau du Qu\u00e9bec<\/td>\n<\/tr>\n<tr>\n<td>\u00c9v\u00e9nements sportifs<\/td>\n<td>\u00c9quipe nationale canadienne<\/td>\n<\/tr>\n<\/tbody>\n<\/table>\n<h3>Cas d\u2019usage sp\u00e9cifique<\/h3>\n<p>Au Qu\u00e9bec, le drapeau bleu et blanc avec la fleur de lys est un symbole identitaire fort depuis sa cr\u00e9ation en 1948. Environ 90 % des Qu\u00e9b\u00e9cois reconnaissent ce drapeau comme embl\u00e8me provincial.<\/p>\n<h2>Pi\u00e8ges \u00e0 \u00c9viter Lors de l\u2019Utilisation du Drapeau Fleur de Lys<\/h2>\n<p>Un pi\u00e8ge courant consiste \u00e0 utiliser le drapeau sans respect pour son histoire ou sa signification culturelle. Par exemple, l\u2019affichage du drapeau lors d\u2019\u00e9v\u00e9nements commerciaux ou non li\u00e9s \u00e0 son h\u00e9ritage peut \u00eatre per\u00e7u comme une appropriation culturelle inappropri\u00e9e.<\/p>\n<h2>Action Imm\u00e9diate<\/h2>\n<p>Pour approfondir vos connaissances sur le sujet, consultez des ouvrages historiques sur l\u2019h\u00e9raldique fran\u00e7aise ou visitez des mus\u00e9es qui mettent en avant l\u2019histoire et le symbolisme du drapeau fleur de lys. Cela vous permettra d\u2019enrichir votre compr\u00e9hension et d\u2019\u00e9viter les erreurs courantes li\u00e9es \u00e0 son usage.<\/p>\n<h2>FAQ<\/h2>\n<h3>Quelle est l\u2019origine de la fleur de lys ?<\/h3>\n<p>La fleur de lys trouve ses origines dans l\u2019Antiquit\u00e9 et a \u00e9t\u00e9 adopt\u00e9e par les rois fran\u00e7ais comme symbole royal au Moyen \u00c2ge.<\/p>\n<h3>Pourquoi le drapeau du Qu\u00e9bec utilise-t-il une fleur de lys ?<\/h3>\n<p>Il repr\u00e9sente l\u2019identit\u00e9 francophone et l\u2019h\u00e9ritage culturel du Qu\u00e9bec, affirmant ainsi son lien avec la France.<\/p>\n<h3>Quelles sont les significations associ\u00e9es au drapeau fleur de lys ?<\/h3>\n<p>Il symbolise principalement la royaut\u00e9, la puret\u00e9 et une forte identit\u00e9 culturelle.<\/p>\n<h3>Quelles erreurs fr\u00e9quentes commettent les gens concernant ce symbole ?<\/h3>\n<p>Les erreurs incluent souvent la confusion avec d\u2019autres motifs floraux et une utilisation inappropri\u00e9e sans compr\u00e9hension contextuelle.<\/p>\n<h3>Peut-on utiliser le drapeau fleur de lys pour des \u00e9v\u00e9nements commerciaux ?<\/h3>\n<p>Il est conseill\u00e9 d\u2019utiliser ce symbole avec pr\u00e9caution pour \u00e9viter toute appropriation culturelle ou malentendu concernant son histoire.<\/p>\n<h3>O\u00f9 puis-je en apprendre davantage sur le sujet ?<\/h3>\n<p>Des livres sur l\u2019h\u00e9raldique fran\u00e7aise ou des visites dans des mus\u00e9es peuvent offrir une perspective enrichissante sur le drapeau et son histoire.<\/p>\n","protected":false},"excerpt":{"rendered":"","protected":false},"author":34,"featured_media":999999999,"comment_status":"open","ping_status":"open","sticky":false,"template":"","format":"standard","meta":{"_acf_changed":false,"manual_indexmenow":false,"indexmenow_id_project":0,"footnotes":""},"categories":[4835],"tags":[],"class_list":["post-7784","post","type-post","status-publish","format-standard","has-post-thumbnail","hentry","category-articles","generate-columns","tablet-grid-50","mobile-grid-100","grid-parent","grid-25"],"acf":[],"yoast_head":"<!-- This site is optimized with the Yoast SEO Premium plugin v21.3 (Yoast SEO v26.5) - https:\/\/yoast.com\/wordpress\/plugins\/seo\/ -->\n<title>Drapeau Fleur de Lys : Histoire &amp; Symbolisme<\/title>\n<meta name=\"description\" content=\"Le drapeau \u00e0 fleur de lys est un embl\u00e8me riche en histoire et en symbolisme, souvent associ\u00e9 \u00e0 la monarchie fran\u00e7aise\" \/>\n<meta name=\"robots\" content=\"index, follow, max-snippet:-1, max-image-preview:large, max-video-preview:-1\" \/>\n<link rel=\"canonical\" href=\"https:\/\/starstory.fr\/blog\/articles\/drapeau-fleur-de-lys\/\" \/>\n<meta property=\"og:locale\" content=\"fr_FR\" \/>\n<meta property=\"og:type\" content=\"article\" \/>\n<meta property=\"og:title\" content=\"Drapeau Fleur de Lys : Histoire &amp; Symbolisme\" \/>\n<meta property=\"og:description\" content=\"Le drapeau \u00e0 fleur de lys est un embl\u00e8me riche en histoire et en symbolisme, souvent associ\u00e9 \u00e0 la monarchie fran\u00e7aise\" \/>\n<meta property=\"og:url\" content=\"https:\/\/starstory.fr\/blog\/articles\/drapeau-fleur-de-lys\/\" \/>\n<meta property=\"og:site_name\" content=\"starstory\" \/>\n<meta name=\"author\" content=\"Rapha\u00ebl D.\" \/>\n<meta name=\"twitter:card\" content=\"summary_large_image\" \/>\n<script type=\"application\/ld+json\" class=\"yoast-schema-graph\">{\"@context\":\"https:\/\/schema.org\",\"@graph\":[{\"@type\":\"NewsArticle\",\"@id\":\"https:\/\/starstory.fr\/blog\/articles\/drapeau-fleur-de-lys\/#article\",\"isPartOf\":{\"@id\":\"https:\/\/starstory.fr\/blog\/articles\/drapeau-fleur-de-lys\/\"},\"author\":{\"name\":\"Rapha\u00ebl D.\",\"@id\":\"https:\/\/starstory.fr\/blog\/#\/schema\/person\/3c864cdc320801e3db34b663e7e3f816\"},\"headline\":\"Drapeau Fleur de Lys : Histoire &#038; Symbolisme\",\"datePublished\":\"2026-02-04T09:00:00+00:00\",\"mainEntityOfPage\":{\"@id\":\"https:\/\/starstory.fr\/blog\/articles\/drapeau-fleur-de-lys\/\"},\"wordCount\":676,\"commentCount\":0,\"publisher\":{\"@id\":\"https:\/\/starstory.fr\/blog\/#organization\"},\"image\":{\"@id\":\"https:\/\/starstory.fr\/blog\/articles\/drapeau-fleur-de-lys\/#primaryimage\"},\"thumbnailUrl\":\"https:\/\/images.pexels.com\/photos\/37225744\/pexels-photo-37225744.jpeg?auto=compress&cs=tinysrgb&fit=crop&h=627&w=1200\",\"articleSection\":[\"Articles\"],\"inLanguage\":\"fr-FR\",\"potentialAction\":[{\"@type\":\"CommentAction\",\"name\":\"Comment\",\"target\":[\"https:\/\/starstory.fr\/blog\/articles\/drapeau-fleur-de-lys\/#respond\"]}]},{\"@type\":\"WebPage\",\"@id\":\"https:\/\/starstory.fr\/blog\/articles\/drapeau-fleur-de-lys\/\",\"url\":\"https:\/\/starstory.fr\/blog\/articles\/drapeau-fleur-de-lys\/\",\"name\":\"Drapeau Fleur de Lys : Histoire & Symbolisme\",\"isPartOf\":{\"@id\":\"https:\/\/starstory.fr\/blog\/#website\"},\"primaryImageOfPage\":{\"@id\":\"https:\/\/starstory.fr\/blog\/articles\/drapeau-fleur-de-lys\/#primaryimage\"},\"image\":{\"@id\":\"https:\/\/starstory.fr\/blog\/articles\/drapeau-fleur-de-lys\/#primaryimage\"},\"thumbnailUrl\":\"https:\/\/images.pexels.com\/photos\/37225744\/pexels-photo-37225744.jpeg?auto=compress&cs=tinysrgb&fit=crop&h=627&w=1200\",\"datePublished\":\"2026-02-04T09:00:00+00:00\",\"description\":\"Le drapeau \u00e0 fleur de lys est un embl\u00e8me riche en histoire et en symbolisme, souvent associ\u00e9 \u00e0 la monarchie fran\u00e7aise\",\"inLanguage\":\"fr-FR\",\"potentialAction\":[{\"@type\":\"ReadAction\",\"target\":[\"https:\/\/starstory.fr\/blog\/articles\/drapeau-fleur-de-lys\/\"]}]},{\"@type\":\"ImageObject\",\"inLanguage\":\"fr-FR\",\"@id\":\"https:\/\/starstory.fr\/blog\/articles\/drapeau-fleur-de-lys\/#primaryimage\",\"url\":\"https:\/\/images.pexels.com\/photos\/37225744\/pexels-photo-37225744.jpeg?auto=compress&cs=tinysrgb&fit=crop&h=627&w=1200\",\"contentUrl\":\"https:\/\/images.pexels.com\/photos\/37225744\/pexels-photo-37225744.jpeg?auto=compress&cs=tinysrgb&fit=crop&h=627&w=1200\"},{\"@type\":\"WebSite\",\"@id\":\"https:\/\/starstory.fr\/blog\/#website\",\"url\":\"https:\/\/starstory.fr\/blog\/\",\"name\":\"StarStory\",\"description\":\"StarStory, les \u00e9toiles racontent leur histoire\",\"publisher\":{\"@id\":\"https:\/\/starstory.fr\/blog\/#organization\"},\"alternateName\":\"StarStory, les \u00e9toiles racontent leur histoire\",\"potentialAction\":[{\"@type\":\"SearchAction\",\"target\":{\"@type\":\"EntryPoint\",\"urlTemplate\":\"https:\/\/starstory.fr\/blog\/?s={search_term_string}\"},\"query-input\":{\"@type\":\"PropertyValueSpecification\",\"valueRequired\":true,\"valueName\":\"search_term_string\"}}],\"inLanguage\":\"fr-FR\"},{\"@type\":\"Organization\",\"@id\":\"https:\/\/starstory.fr\/blog\/#organization\",\"name\":\"StarStory\",\"alternateName\":\"StarStory.fr\",\"url\":\"https:\/\/starstory.fr\/blog\/\",\"logo\":{\"@type\":\"ImageObject\",\"inLanguage\":\"fr-FR\",\"@id\":\"https:\/\/starstory.fr\/blog\/#\/schema\/logo\/image\/\",\"url\":\"https:\/\/starstory.fr\/blog\/wp-content\/uploads\/2024\/12\/38.png\",\"contentUrl\":\"https:\/\/starstory.fr\/blog\/wp-content\/uploads\/2024\/12\/38.png\",\"width\":500,\"height\":500,\"caption\":\"StarStory\"},\"image\":{\"@id\":\"https:\/\/starstory.fr\/blog\/#\/schema\/logo\/image\/\"}},{\"@type\":\"Person\",\"@id\":\"https:\/\/starstory.fr\/blog\/#\/schema\/person\/3c864cdc320801e3db34b663e7e3f816\",\"name\":\"Rapha\u00ebl D.\",\"image\":{\"@type\":\"ImageObject\",\"inLanguage\":\"fr-FR\",\"@id\":\"https:\/\/starstory.fr\/blog\/#\/schema\/person\/image\/\",\"url\":\"https:\/\/starstory.fr\/blog\/wp-content\/uploads\/2026\/06\/persona_raphael-d-96x96.jpg\",\"contentUrl\":\"https:\/\/starstory.fr\/blog\/wp-content\/uploads\/2026\/06\/persona_raphael-d-96x96.jpg\",\"caption\":\"Rapha\u00ebl D.\"},\"description\":\"La culture est mon terrain de jeu depuis une dizaine d'ann\u00e9es : arts visuels, s\u00e9ries, cr\u00e9ation et tout ce qui nourrit l'imaginaire. J'\u00e9cris aussi bien sur l'actualit\u00e9 des \u0153uvres que sur les coulisses de la cr\u00e9ation, avec l'envie de relier l'amateur curieux \u00e0 des univers parfois jug\u00e9s intimidants. J'aime analyser une s\u00e9rie ou une d\u00e9marche artistique sans p\u00e9dantisme, replacer une \u0153uvre dans son contexte et donner des cl\u00e9s de lecture accessibles. Avant de publier, je v\u00e9rifie mes r\u00e9f\u00e9rences, je recoupe les sources et je distingue clairement le fait de mon interpr\u00e9tation subjective. Je crois qu'une critique vaut surtout par les arguments qu'elle expose, pas par la sentence qu'elle rend. Mon angle : transmettre l'envie de d\u00e9couvrir, de regarder autrement et de se forger son propre go\u00fbt. La culture n'appartient pas qu'aux initi\u00e9s, et c'est tout l'enjeu de mon \u00e9criture.\",\"url\":\"https:\/\/starstory.fr\/blog\/auteur\/noname\/\",\"jobTitle\":\"R\u00e9dacteur en chef \u00b7 Culture & Cr\u00e9ation\",\"knowsAbout\":[\"Culture\",\"Cr\u00e9ation\"],\"email\":\"raphael.d@a-l-asso-de-l-art.fr\"}]}<\/script>\n<!-- \/ Yoast SEO Premium plugin. -->","yoast_head_json":{"title":"Drapeau Fleur de Lys : Histoire & Symbolisme","description":"Le drapeau \u00e0 fleur de lys est un embl\u00e8me riche en histoire et en symbolisme, souvent associ\u00e9 \u00e0 la monarchie fran\u00e7aise","robots":{"index":"index","follow":"follow","max-snippet":"max-snippet:-1","max-image-preview":"max-image-preview:large","max-video-preview":"max-video-preview:-1"},"canonical":"https:\/\/starstory.fr\/blog\/articles\/drapeau-fleur-de-lys\/","og_locale":"fr_FR","og_type":"article","og_title":"Drapeau Fleur de Lys : Histoire & Symbolisme","og_description":"Le drapeau \u00e0 fleur de lys est un embl\u00e8me riche en histoire et en symbolisme, souvent associ\u00e9 \u00e0 la monarchie fran\u00e7aise","og_url":"https:\/\/starstory.fr\/blog\/articles\/drapeau-fleur-de-lys\/","og_site_name":"starstory","author":"Rapha\u00ebl D.","twitter_card":"summary_large_image","schema":{"@context":"https:\/\/schema.org","@graph":[{"@type":"NewsArticle","@id":"https:\/\/starstory.fr\/blog\/articles\/drapeau-fleur-de-lys\/#article","isPartOf":{"@id":"https:\/\/starstory.fr\/blog\/articles\/drapeau-fleur-de-lys\/"},"author":{"name":"Rapha\u00ebl D.","@id":"https:\/\/starstory.fr\/blog\/#\/schema\/person\/3c864cdc320801e3db34b663e7e3f816"},"headline":"Drapeau Fleur de Lys : Histoire &#038; Symbolisme","datePublished":"2026-02-04T09:00:00+00:00","mainEntityOfPage":{"@id":"https:\/\/starstory.fr\/blog\/articles\/drapeau-fleur-de-lys\/"},"wordCount":676,"commentCount":0,"publisher":{"@id":"https:\/\/starstory.fr\/blog\/#organization"},"image":{"@id":"https:\/\/starstory.fr\/blog\/articles\/drapeau-fleur-de-lys\/#primaryimage"},"thumbnailUrl":"https:\/\/images.pexels.com\/photos\/37225744\/pexels-photo-37225744.jpeg?auto=compress&cs=tinysrgb&fit=crop&h=627&w=1200","articleSection":["Articles"],"inLanguage":"fr-FR","potentialAction":[{"@type":"CommentAction","name":"Comment","target":["https:\/\/starstory.fr\/blog\/articles\/drapeau-fleur-de-lys\/#respond"]}]},{"@type":"WebPage","@id":"https:\/\/starstory.fr\/blog\/articles\/drapeau-fleur-de-lys\/","url":"https:\/\/starstory.fr\/blog\/articles\/drapeau-fleur-de-lys\/","name":"Drapeau Fleur de Lys : Histoire & Symbolisme","isPartOf":{"@id":"https:\/\/starstory.fr\/blog\/#website"},"primaryImageOfPage":{"@id":"https:\/\/starstory.fr\/blog\/articles\/drapeau-fleur-de-lys\/#primaryimage"},"image":{"@id":"https:\/\/starstory.fr\/blog\/articles\/drapeau-fleur-de-lys\/#primaryimage"},"thumbnailUrl":"https:\/\/images.pexels.com\/photos\/37225744\/pexels-photo-37225744.jpeg?auto=compress&cs=tinysrgb&fit=crop&h=627&w=1200","datePublished":"2026-02-04T09:00:00+00:00","description":"Le drapeau \u00e0 fleur de lys est un embl\u00e8me riche en histoire et en symbolisme, souvent associ\u00e9 \u00e0 la monarchie fran\u00e7aise","inLanguage":"fr-FR","potentialAction":[{"@type":"ReadAction","target":["https:\/\/starstory.fr\/blog\/articles\/drapeau-fleur-de-lys\/"]}]},{"@type":"ImageObject","inLanguage":"fr-FR","@id":"https:\/\/starstory.fr\/blog\/articles\/drapeau-fleur-de-lys\/#primaryimage","url":"https:\/\/images.pexels.com\/photos\/37225744\/pexels-photo-37225744.jpeg?auto=compress&cs=tinysrgb&fit=crop&h=627&w=1200","contentUrl":"https:\/\/images.pexels.com\/photos\/37225744\/pexels-photo-37225744.jpeg?auto=compress&cs=tinysrgb&fit=crop&h=627&w=1200"},{"@type":"WebSite","@id":"https:\/\/starstory.fr\/blog\/#website","url":"https:\/\/starstory.fr\/blog\/","name":"StarStory","description":"StarStory, les \u00e9toiles racontent leur histoire","publisher":{"@id":"https:\/\/starstory.fr\/blog\/#organization"},"alternateName":"StarStory, les \u00e9toiles racontent leur histoire","potentialAction":[{"@type":"SearchAction","target":{"@type":"EntryPoint","urlTemplate":"https:\/\/starstory.fr\/blog\/?s={search_term_string}"},"query-input":{"@type":"PropertyValueSpecification","valueRequired":true,"valueName":"search_term_string"}}],"inLanguage":"fr-FR"},{"@type":"Organization","@id":"https:\/\/starstory.fr\/blog\/#organization","name":"StarStory","alternateName":"StarStory.fr","url":"https:\/\/starstory.fr\/blog\/","logo":{"@type":"ImageObject","inLanguage":"fr-FR","@id":"https:\/\/starstory.fr\/blog\/#\/schema\/logo\/image\/","url":"https:\/\/starstory.fr\/blog\/wp-content\/uploads\/2024\/12\/38.png","contentUrl":"https:\/\/starstory.fr\/blog\/wp-content\/uploads\/2024\/12\/38.png","width":500,"height":500,"caption":"StarStory"},"image":{"@id":"https:\/\/starstory.fr\/blog\/#\/schema\/logo\/image\/"}},{"@type":"Person","@id":"https:\/\/starstory.fr\/blog\/#\/schema\/person\/3c864cdc320801e3db34b663e7e3f816","name":"Rapha\u00ebl D.","image":{"@type":"ImageObject","inLanguage":"fr-FR","@id":"https:\/\/starstory.fr\/blog\/#\/schema\/person\/image\/","url":"https:\/\/starstory.fr\/blog\/wp-content\/uploads\/2026\/06\/persona_raphael-d-96x96.jpg","contentUrl":"https:\/\/starstory.fr\/blog\/wp-content\/uploads\/2026\/06\/persona_raphael-d-96x96.jpg","caption":"Rapha\u00ebl D."},"description":"La culture est mon terrain de jeu depuis une dizaine d'ann\u00e9es : arts visuels, s\u00e9ries, cr\u00e9ation et tout ce qui nourrit l'imaginaire. J'\u00e9cris aussi bien sur l'actualit\u00e9 des \u0153uvres que sur les coulisses de la cr\u00e9ation, avec l'envie de relier l'amateur curieux \u00e0 des univers parfois jug\u00e9s intimidants. J'aime analyser une s\u00e9rie ou une d\u00e9marche artistique sans p\u00e9dantisme, replacer une \u0153uvre dans son contexte et donner des cl\u00e9s de lecture accessibles. Avant de publier, je v\u00e9rifie mes r\u00e9f\u00e9rences, je recoupe les sources et je distingue clairement le fait de mon interpr\u00e9tation subjective. Je crois qu'une critique vaut surtout par les arguments qu'elle expose, pas par la sentence qu'elle rend. Mon angle : transmettre l'envie de d\u00e9couvrir, de regarder autrement et de se forger son propre go\u00fbt. La culture n'appartient pas qu'aux initi\u00e9s, et c'est tout l'enjeu de mon \u00e9criture.","url":"https:\/\/starstory.fr\/blog\/auteur\/noname\/","jobTitle":"R\u00e9dacteur en chef \u00b7 Culture & Cr\u00e9ation","knowsAbout":["Culture","Cr\u00e9ation"],"email":"raphael.d@a-l-asso-de-l-art.fr"}]}},"_links":{"self":[{"href":"https:\/\/starstory.fr\/blog\/wp-json\/wp\/v2\/posts\/7784","targetHints":{"allow":["GET"]}}],"collection":[{"href":"https:\/\/starstory.fr\/blog\/wp-json\/wp\/v2\/posts"}],"about":[{"href":"https:\/\/starstory.fr\/blog\/wp-json\/wp\/v2\/types\/post"}],"author":[{"embeddable":true,"href":"https:\/\/starstory.fr\/blog\/wp-json\/wp\/v2\/users\/34"}],"replies":[{"embeddable":true,"href":"https:\/\/starstory.fr\/blog\/wp-json\/wp\/v2\/comments?post=7784"}],"version-history":[{"count":0,"href":"https:\/\/starstory.fr\/blog\/wp-json\/wp\/v2\/posts\/7784\/revisions"}],"wp:attachment":[{"href":"https:\/\/starstory.fr\/blog\/wp-json\/wp\/v2\/media?parent=7784"}],"wp:term":[{"taxonomy":"category","embeddable":true,"href":"https:\/\/starstory.fr\/blog\/wp-json\/wp\/v2\/categories?post=7784"},{"taxonomy":"post_tag","embeddable":true,"href":"https:\/\/starstory.fr\/blog\/wp-json\/wp\/v2\/tags?post=7784"}],"curies":[{"name":"wp","href":"https:\/\/api.w.org\/{rel}","templated":true}]}}