{"id":7780,"date":"2026-08-31T12:02:40","date_gmt":"2026-08-31T10:02:40","guid":{"rendered":"https:\/\/starstory.fr\/blog\/articles\/drapeau-st-malo\/"},"modified":"2026-08-31T12:02:40","modified_gmt":"2026-08-31T10:02:40","slug":"drapeau-st-malo","status":"publish","type":"post","link":"https:\/\/starstory.fr\/blog\/articles\/drapeau-st-malo\/","title":{"rendered":"Drapeau Saint-Malo : Histoire &#038; Symbolique"},"content":{"rendered":"<link rel=\"stylesheet\" href=\"https:\/\/fonts.googleapis.com\/css2?family=Space+Grotesk:wght@500;600;700&#038;family=Inter:wght@400;500;600&#038;family=JetBrains+Mono:wght@500&#038;display=swap\">\n<style>\n.dsm-wrap{--dsm-accent:#175a82;--dsm-accent-dark:#0f3f5c;--dsm-ink:#182430;--dsm-bg-soft:#f2f6f9;--dsm-border:#dde6ec;font-family:'Inter',-apple-system,BlinkMacSystemFont,sans-serif;color:var(--dsm-ink);line-height:1.65;font-size:17px;}\n.dsm-wrap h2{font-family:'Space Grotesk','Inter',sans-serif;font-weight:700;font-size:clamp(22px,3vw,28px);letter-spacing:-0.01em;color:var(--dsm-accent-dark);margin:48px 0 18px;}\n.dsm-wrap h3{font-family:'Space Grotesk','Inter',sans-serif;font-weight:600;font-size:19px;color:var(--dsm-ink);margin:26px 0 10px;}\n.dsm-wrap p{margin:0 0 16px;}\n.dsm-wrap .dsm-lead{font-size:19px;color:#33424f;font-weight:500;}\n.dsm-wrap .dsm-mono{font-family:'JetBrains Mono',monospace;}\n.dsm-brief{background:var(--dsm-bg-soft);border-left:5px solid var(--dsm-accent);border-radius:10px;padding:24px 26px;margin:26px 0 36px;box-shadow:0 1px 2px rgba(16,24,40,.05),0 12px 28px -16px rgba(16,24,40,.18);}\n.dsm-brief .dsm-eyebrow{font-family:'JetBrains Mono',monospace;font-size:11px;font-weight:600;letter-spacing:.09em;text-transform:uppercase;color:var(--dsm-accent);display:block;margin-bottom:10px;}\n.dsm-brief .dsm-answer{font-size:18px;font-weight:600;color:var(--dsm-ink);margin-bottom:14px;}\n.dsm-brief ul{margin:0;padding:0;list-style:none;display:grid;gap:9px;}\n.dsm-brief li{padding-left:22px;position:relative;font-size:15.5px;color:#3a4a56;}\n.dsm-brief li::before{content:\"\u2192\";position:absolute;left:0;color:var(--dsm-accent);font-weight:700;}\n.dsm-grid{display:grid;grid-template-columns:repeat(auto-fit,minmax(230px,1fr));gap:20px;margin:22px 0 8px;}\n.dsm-card{border:1px solid var(--dsm-border);border-top:3px solid var(--dsm-accent);border-radius:12px;padding:20px 22px;background:#fff;transition:.25s ease;}\n.dsm-card:hover{transform:translateY(-3px);box-shadow:0 12px 28px -16px rgba(16,24,40,.25);}\n.dsm-card .dsm-tag{font-family:'JetBrains Mono',monospace;font-size:11px;font-weight:600;letter-spacing:.07em;text-transform:uppercase;color:var(--dsm-accent);display:block;margin-bottom:8px;}\n.dsm-card .dsm-txt{font-size:15px;color:#3a4a56;line-height:1.6;}\n.dsm-card.dsm-etabli{border-top-color:#1c7a4a;}\n.dsm-card.dsm-etabli .dsm-tag{color:#1c7a4a;}\n.dsm-card.dsm-tradition{border-top-color:#b8862f;}\n.dsm-card.dsm-tradition .dsm-tag{color:#b8862f;}\n.dsm-retain{background:var(--dsm-accent-dark);color:#eef3f8;border-radius:14px;padding:26px 28px;margin:40px 0;}\n.dsm-retain h2{color:#fff!important;margin-top:0;}\n.dsm-retain ul{margin:0;padding:0;list-style:none;display:grid;gap:12px;}\n.dsm-retain li{padding-left:26px;position:relative;color:#eef3f8!important;font-size:15.5px;}\n.dsm-retain li::before{content:\"\u2713\";position:absolute;left:0;color:#8fd0ff!important;font-weight:700;}\n.dsm-retain strong,.dsm-retain b{color:#fff!important;}\n.dsm-faq{margin:30px 0;}\n.dsm-faq details{border:1px solid var(--dsm-border);border-radius:10px;padding:14px 18px;margin-bottom:10px;background:#fff;}\n.dsm-faq summary{font-family:'Space Grotesk','Inter',sans-serif;font-weight:600;font-size:16px;color:var(--dsm-ink);cursor:pointer;list-style:none;position:relative;padding-right:26px;}\n.dsm-faq summary::-webkit-details-marker{display:none;}\n.dsm-faq summary::after{content:\"+\";position:absolute;right:0;top:0;color:var(--dsm-accent);font-weight:700;font-size:18px;}\n.dsm-faq details[open] summary::after{content:\"\u2013\";}\n.dsm-faq .dsm-a{margin-top:10px;color:#3a4a56;font-size:15.5px;}\n.dsm-caution{background:#fbf6ea;border:1px solid #e9dcb0;border-radius:10px;padding:16px 20px;margin:26px 0;font-size:14.5px;color:#5a4b1f;}\n<\/style>\n<div class=\"dsm-wrap\">\n<p class=\"dsm-lead\">Le <strong>drapeau de Saint-Malo<\/strong> n&rsquo;est pas qu&rsquo;un bout de tissu hiss\u00e9 sur les remparts : c&rsquo;est un raccourci visuel vers ce que les Malouins disent d&rsquo;eux-m\u00eames depuis toujours. Avant de parler de blasonnement ou d&rsquo;origine, il faut distinguer deux choses trop souvent confondues \u2014 ce que la ville affiche officiellement aujourd&rsquo;hui, et ce que la tradition orale raconte sur son sens.<\/p>\n<div class=\"dsm-brief\">\n  <span class=\"dsm-eyebrow\">En bref<\/span><\/p>\n<div class=\"dsm-answer\">Le drapeau et le blason de Saint-Malo portent une herse et un chien, \u00e9l\u00e9ments h\u00e9rit\u00e9s de l&rsquo;histoire de la cit\u00e9 fortifi\u00e9e, et s&rsquo;accompagnent d&rsquo;une devise, <em>Semper fidelis<\/em> (\u00ab toujours fid\u00e8le \u00bb), ainsi que d&rsquo;une formule identitaire bien connue : \u00ab Ni Fran\u00e7ais, ni Breton, Malouin suis \u00bb.<\/div>\n<ul>\n<li>La devise et la formule identitaire sont largement document\u00e9es et attach\u00e9es \u00e0 la ville.<\/li>\n<li>Le sens pr\u00e9cis attribu\u00e9 \u00e0 chaque \u00e9l\u00e9ment du blason rel\u00e8ve en grande partie d&rsquo;une lecture transmise, pas d&rsquo;un fait \u00e9tabli et dat\u00e9.<\/li>\n<li>On le voit aujourd&rsquo;hui sur les b\u00e2timents publics, aux abords des remparts et lors des \u00e9v\u00e9nements locaux.<\/li>\n<li>Pour une information h\u00e9raldique fiable, le bon r\u00e9flexe est de se tourner vers les archives municipales et les sources officielles de la ville.<\/li>\n<\/ul>\n<\/div>\n<h2>La devise et l&rsquo;identit\u00e9 malouine<\/h2>\n<p>Ce qui distingue Saint-Malo, ce n&rsquo;est pas d&rsquo;abord un motif graphique : c&rsquo;est une posture. La formule \u00ab Ni Fran\u00e7ais, ni Breton, Malouin suis \u00bb r\u00e9sume \u00e0 elle seule des si\u00e8cles d&rsquo;autonomie revendiqu\u00e9e par une cit\u00e9 qui a longtemps v\u00e9cu tourn\u00e9e vers le large plut\u00f4t que vers l&rsquo;arri\u00e8re-pays. Elle circule encore aujourd&rsquo;hui dans le langage courant des habitants et des visiteurs comme la meilleure explication de ce que \u00ab \u00eatre malouin \u00bb veut dire.<\/p>\n<p>\u00c0 c\u00f4t\u00e9 de cette formule, la devise <em>Semper fidelis<\/em> \u2014 \u00ab toujours fid\u00e8le \u00bb \u2014 accompagne l&rsquo;identit\u00e9 de la ville. Elle se lit comme l&rsquo;expression d&rsquo;un attachement revendiqu\u00e9 \u00e0 une trajectoire propre, plus que comme une all\u00e9geance \u00e0 une puissance ext\u00e9rieure.<\/p>\n<p>Sur le plan visuel, le blason de la ville associe une herse, rappel direct des fortifications et des portes d\u00e9fendues de la cit\u00e9 close, et un chien, autre \u00e9l\u00e9ment h\u00e9rit\u00e9 de cette histoire de ville-forteresse tourn\u00e9e vers sa propre protection. Ces deux figures suffisent \u00e0 raconter l&rsquo;essentiel : Saint-Malo s&rsquo;est pens\u00e9e, et se pense encore, comme un lieu qui se d\u00e9fend et qui d\u00e9cide pour lui-m\u00eame.<\/p>\n<h2>Ce qui est \u00e9tabli, ce qui rel\u00e8ve de la tradition<\/h2>\n<p>C&rsquo;est le point le plus important \u00e0 comprendre avant de lire quoi que ce soit d&rsquo;autre sur ce sujet : une bonne partie de ce qui circule sur la symbolique pr\u00e9cise du drapeau et du blason de Saint-Malo n&rsquo;est pas un fait historique dat\u00e9 et v\u00e9rifi\u00e9, mais une <strong>lecture transmise<\/strong> au fil du temps, reprise d&rsquo;un r\u00e9cit \u00e0 l&rsquo;autre sans qu&rsquo;on puisse toujours en retracer la source exacte. Ce n&rsquo;est pas un d\u00e9faut \u2014 c&rsquo;est le fonctionnement normal de l&rsquo;h\u00e9raldique locale, qui se construit autant par la tradition orale que par l&rsquo;archive \u00e9crite.<\/p>\n<div class=\"dsm-grid\">\n<div class=\"dsm-card dsm-etabli\">\n    <span class=\"dsm-tag\">\u00c9tabli<\/span><\/p>\n<div class=\"dsm-txt\">La pr\u00e9sence de la herse et du chien sur le blason de la ville, ainsi que le lien de ces figures avec l&rsquo;histoire de cit\u00e9 fortifi\u00e9e de Saint-Malo.<\/div>\n<\/p><\/div>\n<div class=\"dsm-card dsm-etabli\">\n    <span class=\"dsm-tag\">\u00c9tabli<\/span><\/p>\n<div class=\"dsm-txt\">La devise <em>Semper fidelis<\/em> et la formule \u00ab Ni Fran\u00e7ais, ni Breton, Malouin suis \u00bb comme expressions attach\u00e9es \u00e0 l&rsquo;identit\u00e9 malouine.<\/div>\n<\/p><\/div>\n<div class=\"dsm-card dsm-tradition\">\n    <span class=\"dsm-tag\">Tradition transmise<\/span><\/p>\n<div class=\"dsm-txt\">Le sens pr\u00e9cis donn\u00e9 \u00e0 chaque figure (pourquoi un chien, pourquoi cette forme de herse) : une explication racont\u00e9e plus qu&rsquo;une origine document\u00e9e et dat\u00e9e avec certitude.<\/div>\n<\/p><\/div>\n<div class=\"dsm-card dsm-tradition\">\n    <span class=\"dsm-tag\">Tradition transmise<\/span><\/p>\n<div class=\"dsm-txt\">Les circonstances exactes et la date d&rsquo;adoption des versions actuelles du drapeau et du blason : \u00e0 v\u00e9rifier au cas par cas aupr\u00e8s des sources officielles plut\u00f4t qu&rsquo;\u00e0 prendre pour acquis dans un article de blog.<\/div>\n<\/p><\/div>\n<\/div>\n<div class=\"dsm-caution\">Par prudence, cet article \u00e9vite volontairement toute date de cr\u00e9ation pr\u00e9cise, tout terme de blasonnement technique et tout nom d&rsquo;auteur ou de graveur : ces informations existent, mais elles se v\u00e9rifient aupr\u00e8s de la ville \u2014 elles ne se devinent pas.<\/div>\n<h2>O\u00f9 voir le drapeau et le blason aujourd&rsquo;hui<\/h2>\n<p>Le blason et le drapeau de Saint-Malo se retrouvent naturellement l\u00e0 o\u00f9 la ville affiche son identit\u00e9 institutionnelle : sur les b\u00e2timents publics, aux abords des remparts qui ceinturent la vieille ville, et lors des \u00e9v\u00e9nements locaux \u2014 f\u00eates maritimes, c\u00e9r\u00e9monies, manifestations culturelles \u2014 o\u00f9 l&#8217;embl\u00e8me sert de rep\u00e8re visuel imm\u00e9diat. On le croise aussi, plus discr\u00e8tement, sur des supports municipaux ou associatifs qui rappellent l&rsquo;appartenance \u00e0 la cit\u00e9 corsaire.<\/p>\n<p>Cette pr\u00e9sence n&rsquo;a rien d&rsquo;anecdotique : elle explique pourquoi le drapeau reste un objet d&rsquo;identification fort pour les habitants, bien au-del\u00e0 de sa seule fonction d\u00e9corative.<\/p>\n<h2>Comment v\u00e9rifier une information h\u00e9raldique<\/h2>\n<p>Face \u00e0 une affirmation pr\u00e9cise sur le drapeau ou le blason de Saint-Malo \u2014 une date, une signification, un d\u00e9tail de blasonnement \u2014 le r\u00e9flexe le plus fiable consiste \u00e0 remonter \u00e0 la source plut\u00f4t qu&rsquo;\u00e0 faire confiance \u00e0 un article isol\u00e9. Concr\u00e8tement, cela passe par les archives municipales de la ville, qui conservent la documentation officielle sur ses embl\u00e8mes, et par les canaux d&rsquo;information officiels de la mairie de Saint-Malo, seuls habilit\u00e9s \u00e0 confirmer une version d\u00e9finitive.<\/p>\n<p>C&rsquo;est une r\u00e8gle qui vaut pour tout embl\u00e8me local : la tradition orale raconte une histoire coh\u00e9rente et souvent belle, mais seule la source officielle peut confirmer qu&rsquo;elle correspond aux faits \u00e9tablis.<\/p>\n<div class=\"dsm-retain\">\n<h2>\u00c0 retenir<\/h2>\n<ul>\n<li><strong>Deux rep\u00e8res s\u00fbrs<\/strong> : la devise <em>Semper fidelis<\/em> et la formule \u00ab Ni Fran\u00e7ais, ni Breton, Malouin suis \u00bb.<\/li>\n<li><strong>Deux figures du blason<\/strong> : une herse et un chien, li\u00e9es \u00e0 l&rsquo;histoire de la cit\u00e9 fortifi\u00e9e.<\/li>\n<li><strong>Une distinction essentielle<\/strong> : s\u00e9parer ce qui est \u00e9tabli de ce qui rel\u00e8ve de la tradition transmise.<\/li>\n<li><strong>Un embl\u00e8me visible<\/strong> au quotidien sur les b\u00e2timents publics et lors des \u00e9v\u00e9nements locaux.<\/li>\n<li><strong>Un seul bon r\u00e9flexe<\/strong> en cas de doute : consulter les archives municipales et les sources officielles de la ville.<\/li>\n<\/ul>\n<\/div>\n<h2>FAQ<\/h2>\n<div class=\"dsm-faq\">\n<details>\n<summary>Que repr\u00e9sente le drapeau de Saint-Malo ?<\/summary>\n<div class=\"dsm-a\">Il porte les figures du blason de la ville \u2014 une herse et un chien \u2014 h\u00e9rit\u00e9es de son histoire de cit\u00e9 fortifi\u00e9e, et incarne l&rsquo;identit\u00e9 malouine r\u00e9sum\u00e9e par la formule \u00ab Ni Fran\u00e7ais, ni Breton, Malouin suis \u00bb.<\/div>\n<\/details>\n<details>\n<summary>Quelle est la devise de Saint-Malo ?<\/summary>\n<div class=\"dsm-a\">La devise attach\u00e9e \u00e0 la ville est <em>Semper fidelis<\/em>, \u00ab toujours fid\u00e8le \u00bb en latin.<\/div>\n<\/details>\n<details>\n<summary>La signification de chaque symbole du blason est-elle certaine ?<\/summary>\n<div class=\"dsm-a\">Non. La pr\u00e9sence des figures (herse, chien) est \u00e9tablie, mais l&rsquo;explication pr\u00e9cise de leur sens rel\u00e8ve souvent d&rsquo;une tradition transmise plut\u00f4t que d&rsquo;un fait dat\u00e9 et document\u00e9 avec certitude \u2014 d&rsquo;o\u00f9 l&rsquo;int\u00e9r\u00eat de v\u00e9rifier aupr\u00e8s des sources officielles.<\/div>\n<\/details>\n<details>\n<summary>O\u00f9 voir le drapeau de Saint-Malo aujourd&rsquo;hui ?<\/summary>\n<div class=\"dsm-a\">Sur les b\u00e2timents publics, aux abords des remparts de la vieille ville et lors des \u00e9v\u00e9nements locaux qui c\u00e9l\u00e8brent l&rsquo;identit\u00e9 malouine.<\/div>\n<\/details>\n<details>\n<summary>Comment v\u00e9rifier une date ou un d\u00e9tail pr\u00e9cis sur le blason ?<\/summary>\n<div class=\"dsm-a\">En s&rsquo;adressant aux archives municipales de Saint-Malo ou aux canaux d&rsquo;information officiels de la mairie, seuls habilit\u00e9s \u00e0 confirmer une version d\u00e9finitive et dat\u00e9e.<\/div>\n<\/details>\n<details>\n<summary>Que signifie \u00ab Ni Fran\u00e7ais, ni Breton, Malouin suis \u00bb ?<\/summary>\n<div class=\"dsm-a\">Cette formule r\u00e9sume l&rsquo;esprit d&rsquo;autonomie et l&rsquo;identit\u00e9 propre revendiqu\u00e9s par les habitants de Saint-Malo, qui se d\u00e9finissent d&rsquo;abord par leur appartenance \u00e0 leur cit\u00e9.<\/div>\n<\/details>\n<\/div>\n<\/div>\n","protected":false},"excerpt":{"rendered":"","protected":false},"author":34,"featured_media":999999999,"comment_status":"open","ping_status":"open","sticky":false,"template":"","format":"standard","meta":{"_acf_changed":false,"manual_indexmenow":false,"indexmenow_id_project":0,"footnotes":""},"categories":[4835],"tags":[],"class_list":["post-7780","post","type-post","status-publish","format-standard","has-post-thumbnail","hentry","category-articles","generate-columns","tablet-grid-50","mobile-grid-100","grid-parent","grid-25"],"acf":[],"yoast_head":"<!-- This site is optimized with the Yoast SEO Premium plugin v21.3 (Yoast SEO v26.5) - https:\/\/yoast.com\/wordpress\/plugins\/seo\/ -->\n<title>Drapeau Saint-Malo : Histoire &amp; Symbolique<\/title>\n<meta name=\"description\" content=\"Drapeau et blason de Saint-Malo : la devise, la formule identitaire malouine, ce qui est \u00e9tabli et ce qui rel\u00e8ve de la tradition, et o\u00f9 les voir aujourd&#039;hui.\" \/>\n<meta name=\"robots\" content=\"index, follow, max-snippet:-1, max-image-preview:large, max-video-preview:-1\" \/>\n<link rel=\"canonical\" href=\"https:\/\/starstory.fr\/blog\/articles\/drapeau-st-malo\/\" \/>\n<meta property=\"og:locale\" content=\"fr_FR\" \/>\n<meta property=\"og:type\" content=\"article\" \/>\n<meta property=\"og:title\" content=\"Drapeau Saint-Malo : Histoire &amp; Symbolique\" \/>\n<meta property=\"og:description\" content=\"Drapeau et blason de Saint-Malo : la devise, la formule identitaire malouine, ce qui est \u00e9tabli et ce qui rel\u00e8ve de la tradition, et o\u00f9 les voir aujourd&#039;hui.\" \/>\n<meta property=\"og:url\" content=\"https:\/\/starstory.fr\/blog\/articles\/drapeau-st-malo\/\" \/>\n<meta property=\"og:site_name\" content=\"starstory\" \/>\n<meta name=\"author\" content=\"Rapha\u00ebl D.\" \/>\n<meta name=\"twitter:card\" content=\"summary_large_image\" \/>\n<script type=\"application\/ld+json\" class=\"yoast-schema-graph\">{\"@context\":\"https:\/\/schema.org\",\"@graph\":[{\"@type\":\"NewsArticle\",\"@id\":\"https:\/\/starstory.fr\/blog\/articles\/drapeau-st-malo\/#article\",\"isPartOf\":{\"@id\":\"https:\/\/starstory.fr\/blog\/articles\/drapeau-st-malo\/\"},\"author\":{\"name\":\"Rapha\u00ebl D.\",\"@id\":\"https:\/\/starstory.fr\/blog\/#\/schema\/person\/3c864cdc320801e3db34b663e7e3f816\"},\"headline\":\"Drapeau Saint-Malo : Histoire &#038; Symbolique\",\"datePublished\":\"2026-08-31T10:02:40+00:00\",\"mainEntityOfPage\":{\"@id\":\"https:\/\/starstory.fr\/blog\/articles\/drapeau-st-malo\/\"},\"wordCount\":1274,\"commentCount\":0,\"publisher\":{\"@id\":\"https:\/\/starstory.fr\/blog\/#organization\"},\"image\":{\"@id\":\"https:\/\/starstory.fr\/blog\/articles\/drapeau-st-malo\/#primaryimage\"},\"thumbnailUrl\":\"https:\/\/images.pexels.com\/photos\/35424853\/pexels-photo-35424853.jpeg?auto=compress&cs=tinysrgb&fit=crop&h=627&w=1200\",\"articleSection\":[\"Articles\"],\"inLanguage\":\"fr-FR\",\"potentialAction\":[{\"@type\":\"CommentAction\",\"name\":\"Comment\",\"target\":[\"https:\/\/starstory.fr\/blog\/articles\/drapeau-st-malo\/#respond\"]}]},{\"@type\":\"WebPage\",\"@id\":\"https:\/\/starstory.fr\/blog\/articles\/drapeau-st-malo\/\",\"url\":\"https:\/\/starstory.fr\/blog\/articles\/drapeau-st-malo\/\",\"name\":\"Drapeau Saint-Malo : Histoire & Symbolique\",\"isPartOf\":{\"@id\":\"https:\/\/starstory.fr\/blog\/#website\"},\"primaryImageOfPage\":{\"@id\":\"https:\/\/starstory.fr\/blog\/articles\/drapeau-st-malo\/#primaryimage\"},\"image\":{\"@id\":\"https:\/\/starstory.fr\/blog\/articles\/drapeau-st-malo\/#primaryimage\"},\"thumbnailUrl\":\"https:\/\/images.pexels.com\/photos\/35424853\/pexels-photo-35424853.jpeg?auto=compress&cs=tinysrgb&fit=crop&h=627&w=1200\",\"datePublished\":\"2026-08-31T10:02:40+00:00\",\"description\":\"Drapeau et blason de Saint-Malo : la devise, la formule identitaire malouine, ce qui est \u00e9tabli et ce qui rel\u00e8ve de la tradition, et o\u00f9 les voir aujourd'hui.\",\"inLanguage\":\"fr-FR\",\"potentialAction\":[{\"@type\":\"ReadAction\",\"target\":[\"https:\/\/starstory.fr\/blog\/articles\/drapeau-st-malo\/\"]}]},{\"@type\":\"ImageObject\",\"inLanguage\":\"fr-FR\",\"@id\":\"https:\/\/starstory.fr\/blog\/articles\/drapeau-st-malo\/#primaryimage\",\"url\":\"https:\/\/images.pexels.com\/photos\/35424853\/pexels-photo-35424853.jpeg?auto=compress&cs=tinysrgb&fit=crop&h=627&w=1200\",\"contentUrl\":\"https:\/\/images.pexels.com\/photos\/35424853\/pexels-photo-35424853.jpeg?auto=compress&cs=tinysrgb&fit=crop&h=627&w=1200\"},{\"@type\":\"WebSite\",\"@id\":\"https:\/\/starstory.fr\/blog\/#website\",\"url\":\"https:\/\/starstory.fr\/blog\/\",\"name\":\"StarStory\",\"description\":\"StarStory, les \u00e9toiles racontent leur histoire\",\"publisher\":{\"@id\":\"https:\/\/starstory.fr\/blog\/#organization\"},\"alternateName\":\"StarStory, les \u00e9toiles racontent leur histoire\",\"potentialAction\":[{\"@type\":\"SearchAction\",\"target\":{\"@type\":\"EntryPoint\",\"urlTemplate\":\"https:\/\/starstory.fr\/blog\/?s={search_term_string}\"},\"query-input\":{\"@type\":\"PropertyValueSpecification\",\"valueRequired\":true,\"valueName\":\"search_term_string\"}}],\"inLanguage\":\"fr-FR\"},{\"@type\":\"Organization\",\"@id\":\"https:\/\/starstory.fr\/blog\/#organization\",\"name\":\"StarStory\",\"alternateName\":\"StarStory.fr\",\"url\":\"https:\/\/starstory.fr\/blog\/\",\"logo\":{\"@type\":\"ImageObject\",\"inLanguage\":\"fr-FR\",\"@id\":\"https:\/\/starstory.fr\/blog\/#\/schema\/logo\/image\/\",\"url\":\"https:\/\/starstory.fr\/blog\/wp-content\/uploads\/2024\/12\/38.png\",\"contentUrl\":\"https:\/\/starstory.fr\/blog\/wp-content\/uploads\/2024\/12\/38.png\",\"width\":500,\"height\":500,\"caption\":\"StarStory\"},\"image\":{\"@id\":\"https:\/\/starstory.fr\/blog\/#\/schema\/logo\/image\/\"}},{\"@type\":\"Person\",\"@id\":\"https:\/\/starstory.fr\/blog\/#\/schema\/person\/3c864cdc320801e3db34b663e7e3f816\",\"name\":\"Rapha\u00ebl D.\",\"image\":{\"@type\":\"ImageObject\",\"inLanguage\":\"fr-FR\",\"@id\":\"https:\/\/starstory.fr\/blog\/#\/schema\/person\/image\/\",\"url\":\"https:\/\/starstory.fr\/blog\/wp-content\/uploads\/2026\/06\/persona_raphael-d-96x96.jpg\",\"contentUrl\":\"https:\/\/starstory.fr\/blog\/wp-content\/uploads\/2026\/06\/persona_raphael-d-96x96.jpg\",\"caption\":\"Rapha\u00ebl D.\"},\"description\":\"La culture est mon terrain de jeu depuis une dizaine d'ann\u00e9es : arts visuels, s\u00e9ries, cr\u00e9ation et tout ce qui nourrit l'imaginaire. J'\u00e9cris aussi bien sur l'actualit\u00e9 des \u0153uvres que sur les coulisses de la cr\u00e9ation, avec l'envie de relier l'amateur curieux \u00e0 des univers parfois jug\u00e9s intimidants. J'aime analyser une s\u00e9rie ou une d\u00e9marche artistique sans p\u00e9dantisme, replacer une \u0153uvre dans son contexte et donner des cl\u00e9s de lecture accessibles. Avant de publier, je v\u00e9rifie mes r\u00e9f\u00e9rences, je recoupe les sources et je distingue clairement le fait de mon interpr\u00e9tation subjective. Je crois qu'une critique vaut surtout par les arguments qu'elle expose, pas par la sentence qu'elle rend. Mon angle : transmettre l'envie de d\u00e9couvrir, de regarder autrement et de se forger son propre go\u00fbt. La culture n'appartient pas qu'aux initi\u00e9s, et c'est tout l'enjeu de mon \u00e9criture.\",\"url\":\"https:\/\/starstory.fr\/blog\/auteur\/noname\/\",\"jobTitle\":\"R\u00e9dacteur en chef \u00b7 Culture & Cr\u00e9ation\",\"knowsAbout\":[\"Culture\",\"Cr\u00e9ation\"],\"email\":\"raphael.d@a-l-asso-de-l-art.fr\"}]}<\/script>\n<!-- \/ Yoast SEO Premium plugin. -->","yoast_head_json":{"title":"Drapeau Saint-Malo : Histoire & Symbolique","description":"Drapeau et blason de Saint-Malo : la devise, la formule identitaire malouine, ce qui est \u00e9tabli et ce qui rel\u00e8ve de la tradition, et o\u00f9 les voir aujourd'hui.","robots":{"index":"index","follow":"follow","max-snippet":"max-snippet:-1","max-image-preview":"max-image-preview:large","max-video-preview":"max-video-preview:-1"},"canonical":"https:\/\/starstory.fr\/blog\/articles\/drapeau-st-malo\/","og_locale":"fr_FR","og_type":"article","og_title":"Drapeau Saint-Malo : Histoire & Symbolique","og_description":"Drapeau et blason de Saint-Malo : la devise, la formule identitaire malouine, ce qui est \u00e9tabli et ce qui rel\u00e8ve de la tradition, et o\u00f9 les voir aujourd'hui.","og_url":"https:\/\/starstory.fr\/blog\/articles\/drapeau-st-malo\/","og_site_name":"starstory","author":"Rapha\u00ebl D.","twitter_card":"summary_large_image","schema":{"@context":"https:\/\/schema.org","@graph":[{"@type":"NewsArticle","@id":"https:\/\/starstory.fr\/blog\/articles\/drapeau-st-malo\/#article","isPartOf":{"@id":"https:\/\/starstory.fr\/blog\/articles\/drapeau-st-malo\/"},"author":{"name":"Rapha\u00ebl D.","@id":"https:\/\/starstory.fr\/blog\/#\/schema\/person\/3c864cdc320801e3db34b663e7e3f816"},"headline":"Drapeau Saint-Malo : Histoire &#038; Symbolique","datePublished":"2026-08-31T10:02:40+00:00","mainEntityOfPage":{"@id":"https:\/\/starstory.fr\/blog\/articles\/drapeau-st-malo\/"},"wordCount":1274,"commentCount":0,"publisher":{"@id":"https:\/\/starstory.fr\/blog\/#organization"},"image":{"@id":"https:\/\/starstory.fr\/blog\/articles\/drapeau-st-malo\/#primaryimage"},"thumbnailUrl":"https:\/\/images.pexels.com\/photos\/35424853\/pexels-photo-35424853.jpeg?auto=compress&cs=tinysrgb&fit=crop&h=627&w=1200","articleSection":["Articles"],"inLanguage":"fr-FR","potentialAction":[{"@type":"CommentAction","name":"Comment","target":["https:\/\/starstory.fr\/blog\/articles\/drapeau-st-malo\/#respond"]}]},{"@type":"WebPage","@id":"https:\/\/starstory.fr\/blog\/articles\/drapeau-st-malo\/","url":"https:\/\/starstory.fr\/blog\/articles\/drapeau-st-malo\/","name":"Drapeau Saint-Malo : Histoire & Symbolique","isPartOf":{"@id":"https:\/\/starstory.fr\/blog\/#website"},"primaryImageOfPage":{"@id":"https:\/\/starstory.fr\/blog\/articles\/drapeau-st-malo\/#primaryimage"},"image":{"@id":"https:\/\/starstory.fr\/blog\/articles\/drapeau-st-malo\/#primaryimage"},"thumbnailUrl":"https:\/\/images.pexels.com\/photos\/35424853\/pexels-photo-35424853.jpeg?auto=compress&cs=tinysrgb&fit=crop&h=627&w=1200","datePublished":"2026-08-31T10:02:40+00:00","description":"Drapeau et blason de Saint-Malo : la devise, la formule identitaire malouine, ce qui est \u00e9tabli et ce qui rel\u00e8ve de la tradition, et o\u00f9 les voir aujourd'hui.","inLanguage":"fr-FR","potentialAction":[{"@type":"ReadAction","target":["https:\/\/starstory.fr\/blog\/articles\/drapeau-st-malo\/"]}]},{"@type":"ImageObject","inLanguage":"fr-FR","@id":"https:\/\/starstory.fr\/blog\/articles\/drapeau-st-malo\/#primaryimage","url":"https:\/\/images.pexels.com\/photos\/35424853\/pexels-photo-35424853.jpeg?auto=compress&cs=tinysrgb&fit=crop&h=627&w=1200","contentUrl":"https:\/\/images.pexels.com\/photos\/35424853\/pexels-photo-35424853.jpeg?auto=compress&cs=tinysrgb&fit=crop&h=627&w=1200"},{"@type":"WebSite","@id":"https:\/\/starstory.fr\/blog\/#website","url":"https:\/\/starstory.fr\/blog\/","name":"StarStory","description":"StarStory, les \u00e9toiles racontent leur histoire","publisher":{"@id":"https:\/\/starstory.fr\/blog\/#organization"},"alternateName":"StarStory, les \u00e9toiles racontent leur histoire","potentialAction":[{"@type":"SearchAction","target":{"@type":"EntryPoint","urlTemplate":"https:\/\/starstory.fr\/blog\/?s={search_term_string}"},"query-input":{"@type":"PropertyValueSpecification","valueRequired":true,"valueName":"search_term_string"}}],"inLanguage":"fr-FR"},{"@type":"Organization","@id":"https:\/\/starstory.fr\/blog\/#organization","name":"StarStory","alternateName":"StarStory.fr","url":"https:\/\/starstory.fr\/blog\/","logo":{"@type":"ImageObject","inLanguage":"fr-FR","@id":"https:\/\/starstory.fr\/blog\/#\/schema\/logo\/image\/","url":"https:\/\/starstory.fr\/blog\/wp-content\/uploads\/2024\/12\/38.png","contentUrl":"https:\/\/starstory.fr\/blog\/wp-content\/uploads\/2024\/12\/38.png","width":500,"height":500,"caption":"StarStory"},"image":{"@id":"https:\/\/starstory.fr\/blog\/#\/schema\/logo\/image\/"}},{"@type":"Person","@id":"https:\/\/starstory.fr\/blog\/#\/schema\/person\/3c864cdc320801e3db34b663e7e3f816","name":"Rapha\u00ebl D.","image":{"@type":"ImageObject","inLanguage":"fr-FR","@id":"https:\/\/starstory.fr\/blog\/#\/schema\/person\/image\/","url":"https:\/\/starstory.fr\/blog\/wp-content\/uploads\/2026\/06\/persona_raphael-d-96x96.jpg","contentUrl":"https:\/\/starstory.fr\/blog\/wp-content\/uploads\/2026\/06\/persona_raphael-d-96x96.jpg","caption":"Rapha\u00ebl D."},"description":"La culture est mon terrain de jeu depuis une dizaine d'ann\u00e9es : arts visuels, s\u00e9ries, cr\u00e9ation et tout ce qui nourrit l'imaginaire. J'\u00e9cris aussi bien sur l'actualit\u00e9 des \u0153uvres que sur les coulisses de la cr\u00e9ation, avec l'envie de relier l'amateur curieux \u00e0 des univers parfois jug\u00e9s intimidants. J'aime analyser une s\u00e9rie ou une d\u00e9marche artistique sans p\u00e9dantisme, replacer une \u0153uvre dans son contexte et donner des cl\u00e9s de lecture accessibles. Avant de publier, je v\u00e9rifie mes r\u00e9f\u00e9rences, je recoupe les sources et je distingue clairement le fait de mon interpr\u00e9tation subjective. Je crois qu'une critique vaut surtout par les arguments qu'elle expose, pas par la sentence qu'elle rend. Mon angle : transmettre l'envie de d\u00e9couvrir, de regarder autrement et de se forger son propre go\u00fbt. La culture n'appartient pas qu'aux initi\u00e9s, et c'est tout l'enjeu de mon \u00e9criture.","url":"https:\/\/starstory.fr\/blog\/auteur\/noname\/","jobTitle":"R\u00e9dacteur en chef \u00b7 Culture & Cr\u00e9ation","knowsAbout":["Culture","Cr\u00e9ation"],"email":"raphael.d@a-l-asso-de-l-art.fr"}]}},"_links":{"self":[{"href":"https:\/\/starstory.fr\/blog\/wp-json\/wp\/v2\/posts\/7780","targetHints":{"allow":["GET"]}}],"collection":[{"href":"https:\/\/starstory.fr\/blog\/wp-json\/wp\/v2\/posts"}],"about":[{"href":"https:\/\/starstory.fr\/blog\/wp-json\/wp\/v2\/types\/post"}],"author":[{"embeddable":true,"href":"https:\/\/starstory.fr\/blog\/wp-json\/wp\/v2\/users\/34"}],"replies":[{"embeddable":true,"href":"https:\/\/starstory.fr\/blog\/wp-json\/wp\/v2\/comments?post=7780"}],"version-history":[{"count":1,"href":"https:\/\/starstory.fr\/blog\/wp-json\/wp\/v2\/posts\/7780\/revisions"}],"predecessor-version":[{"id":8379,"href":"https:\/\/starstory.fr\/blog\/wp-json\/wp\/v2\/posts\/7780\/revisions\/8379"}],"wp:attachment":[{"href":"https:\/\/starstory.fr\/blog\/wp-json\/wp\/v2\/media?parent=7780"}],"wp:term":[{"taxonomy":"category","embeddable":true,"href":"https:\/\/starstory.fr\/blog\/wp-json\/wp\/v2\/categories?post=7780"},{"taxonomy":"post_tag","embeddable":true,"href":"https:\/\/starstory.fr\/blog\/wp-json\/wp\/v2\/tags?post=7780"}],"curies":[{"name":"wp","href":"https:\/\/api.w.org\/{rel}","templated":true}]}}