{"id":7779,"date":"2026-08-31T21:15:13","date_gmt":"2026-08-31T19:15:13","guid":{"rendered":"https:\/\/starstory.fr\/blog\/juridique\/marguerite-de-valois-angouleme\/"},"modified":"2026-08-31T21:15:13","modified_gmt":"2026-08-31T19:15:13","slug":"marguerite-de-valois-angouleme","status":"publish","type":"post","link":"https:\/\/starstory.fr\/blog\/juridique\/marguerite-de-valois-angouleme\/","title":{"rendered":"Marguerite Valois Angoul\u00eame : Histoire 2026"},"content":{"rendered":"<link rel=\"stylesheet\" href=\"https:\/\/fonts.googleapis.com\/css2?family=Fraunces:opsz,wght@9..144,600..900&#038;family=Inter:wght@400;500;600&#038;family=JetBrains+Mono:wght@500&#038;display=swap\">\n<style>\n.ssy-port-wrap{font-family:'Inter',-apple-system,sans-serif;color:#231f20;line-height:1.65;font-size:17px;max-width:100%;}\n.ssy-port-wrap h2{font-family:'Fraunces',Georgia,serif;font-weight:800;font-optical-sizing:auto;font-size:clamp(24px,3.2vw,32px);color:#1c1712;letter-spacing:-0.01em;margin:48px 0 18px;line-height:1.2;}\n.ssy-port-wrap h3{font-family:'Fraunces',Georgia,serif;font-weight:700;font-size:clamp(19px,2.2vw,22px);color:#3a2f22;margin:28px 0 12px;}\n.ssy-port-wrap .ssy-port-kicker{font-family:'JetBrains Mono',monospace;font-size:12px;font-weight:500;letter-spacing:.08em;text-transform:uppercase;color:#9c4221;}\n.ssy-port-fiche{background:linear-gradient(135deg,#fdf3ec,#fff);border-left:5px solid #9c4221;border-radius:12px;padding:24px 26px;margin:22px 0 34px;box-shadow:0 1px 2px rgba(16,24,40,.05),0 12px 28px -16px rgba(16,24,40,.18);}\n.ssy-port-fiche .ssy-port-kicker{display:block;margin-bottom:10px;}\n.ssy-port-fiche ul{margin:0;padding:0;list-style:none;}\n.ssy-port-fiche li{margin:8px 0;font-size:16px;}\n.ssy-port-fiche li strong{color:#9c4221;font-weight:700;}\n.ssy-port-quote{font-family:'Fraunces',Georgia,serif;font-style:italic;font-weight:600;font-size:clamp(19px,2.4vw,23px);color:#3a2f22;border-left:4px solid #9c4221;padding:6px 0 6px 22px;margin:32px 0;line-height:1.45;}\n.ssy-port-note{background:#faf7f2;border:1px solid #ecd9c8;border-radius:12px;padding:18px 22px;margin:26px 0;transition:.25s ease;}\n.ssy-port-note:hover{transform:translateY(-3px);box-shadow:0 12px 28px -16px rgba(16,24,40,.18);}\n.ssy-port-note .ssy-port-kicker{display:block;margin-bottom:8px;}\n.ssy-port-retenir{background:#1c1712;border-radius:14px;padding:26px 28px;margin:40px 0;color:#f3ede4!important;}\n.ssy-port-retenir .ssy-port-kicker{color:#e8a97a;display:block;margin-bottom:12px;}\n.ssy-port-retenir ul{margin:0;padding-left:20px;color:#f3ede4!important;}\n.ssy-port-retenir li{margin:8px 0;color:#f3ede4!important;}\n.ssy-port-retenir strong{color:#fff!important;}\n.ssy-port-faq{margin:34px 0;}\n.ssy-port-faq details{border:1px solid #ecd9c8;border-radius:10px;padding:14px 18px;margin:10px 0;background:#fff;transition:.2s ease;}\n.ssy-port-faq details:hover{border-color:#9c4221;}\n.ssy-port-faq summary{font-family:'Fraunces',Georgia,serif;font-weight:700;font-size:16.5px;cursor:pointer;color:#1c1712;}\n.ssy-port-faq summary::marker{color:#9c4221;}\n.ssy-port-faq p{margin:12px 0 2px;color:#4a4038;}\n.ssy-port-src{font-family:'JetBrains Mono',monospace;font-size:12.5px;color:#8a7f72;margin-top:36px;}\n<\/style>\n<div class=\"ssy-port-wrap\">\n<p>Marguerite de Valois-Angoul\u00eame, plus connue sous le nom de Marguerite de Navarre, est une figure de la Renaissance fran\u00e7aise souvent mal identifi\u00e9e : \u00e0 ne pas confondre avec Marguerite de Valois, dite \u00ab la reine Margot \u00bb, \u00e9pouse d&rsquo;Henri IV n\u00e9e un demi-si\u00e8cle plus tard. N\u00e9e \u00e0 Angoul\u00eame, s\u0153ur du roi Fran\u00e7ois I<sup>er<\/sup>, elle a marqu\u00e9 son \u00e9poque par son r\u00f4le politique et par un texte fondateur de la litt\u00e9rature fran\u00e7aise, L&rsquo;Heptam\u00e9ron.<\/p>\n<div class=\"ssy-port-fiche\">\n<span class=\"ssy-port-kicker\">Fiche<\/span><\/p>\n<ul>\n<li><strong>Qui<\/strong> : Marguerite de Valois-Angoul\u00eame, dite Marguerite de Navarre<\/li>\n<li><strong>N\u00e9e<\/strong> le 11 avril 1492 \u00e0 Angoul\u00eame \u2014 <strong>morte<\/strong> le 21 d\u00e9cembre 1549 \u00e0 Odos, en Bigorre<\/li>\n<li><strong>Famille<\/strong> : fille de Charles d&rsquo;Orl\u00e9ans, comte d&rsquo;Angoul\u00eame, et de Louise de Savoie ; s\u0153ur a\u00een\u00e9e de Fran\u00e7ois I<sup>er<\/sup><\/li>\n<li><strong>Connue pour<\/strong> : reine de Navarre par son second mariage, m\u00e9diatrice religieuse et autrice de L&rsquo;Heptam\u00e9ron<\/li>\n<\/ul>\n<\/div>\n<h2>La vie et le parcours de Marguerite de Valois-Angoul\u00eame<\/h2>\n<h3>Origines et jeunesse<\/h3>\n<p>Marguerite na\u00eet le 11 avril 1492 \u00e0 Angoul\u00eame, fille de Charles d&rsquo;Orl\u00e9ans, comte d&rsquo;Angoul\u00eame, et de Louise de Savoie. Elle grandit dans un environnement lettr\u00e9 aux c\u00f4t\u00e9s de son fr\u00e8re cadet, le futur Fran\u00e7ois I<sup>er<\/sup>, dont elle est l&rsquo;a\u00een\u00e9e de deux ans.<\/p>\n<h3>Deux mariages, un titre de reine<\/h3>\n<p>Le 2 d\u00e9cembre 1509, \u00e0 17 ans, elle \u00e9pouse en premi\u00e8res noces le duc Charles IV d&rsquo;Alen\u00e7on. Devenue veuve, elle se remarie le 24 janvier 1527 avec Henri II d&rsquo;Albret, roi de Navarre : c&rsquo;est ce second mariage qui lui donne le titre de reine de Navarre, qu&rsquo;elle porte jusqu&rsquo;\u00e0 sa mort en 1549.<\/p>\n<h3>R\u00f4le dans les tensions religieuses de son temps<\/h3>\n<p>Avant m\u00eame que n&rsquo;\u00e9clatent les guerres de Religion en 1562 \u2014 plus d&rsquo;une d\u00e9cennie apr\u00e8s sa mort \u2014 Marguerite joue un r\u00f4le de m\u00e9diatrice entre catholiques et r\u00e9formateurs. Elle prot\u00e8ge plusieurs figures de la R\u00e9forme naissante \u00e0 sa cour, au prix d&rsquo;accusations d&rsquo;h\u00e9r\u00e9sie port\u00e9es contre elle.<\/p>\n<h2>Contributions litt\u00e9raires<\/h2>\n<h3>L&rsquo;Heptam\u00e9ron : une \u0153uvre inachev\u00e9e<\/h3>\n<p>Le principal legs litt\u00e9raire de Marguerite est <strong>L&rsquo;Heptam\u00e9ron<\/strong>, un recueil de nouvelles inspir\u00e9 du <em>D\u00e9cam\u00e9ron<\/em> de Boccace. Elle en entreprend la r\u00e9daction durant les derni\u00e8res ann\u00e9es de sa vie ; la mort de l&rsquo;autrice en 1549 interrompt le projet, qui devait compter cent nouvelles racont\u00e9es en dix jours et s&rsquo;arr\u00eate \u00e0 <strong>72 nouvelles<\/strong>. Le texte n&rsquo;est publi\u00e9 qu&rsquo;\u00e0 titre posthume : une premi\u00e8re fois en 1558 sous un autre titre, puis dans une \u00e9dition compl\u00e8te en 1559 sous le nom qu&rsquo;on lui conna\u00eet aujourd&rsquo;hui.<\/p>\n<div class=\"ssy-port-quote\">\u00ab Un recueil inachev\u00e9, mais dont les 72 nouvelles suffisent \u00e0 en faire l&rsquo;un des textes fondateurs de la prose fran\u00e7aise. \u00bb<\/div>\n<h4>Une \u0153uvre qui interroge son temps<\/h4>\n<ul>\n<li><strong>Des personnages complexes<\/strong> : les devisants de L&rsquo;Heptam\u00e9ron d\u00e9battent d&rsquo;amour, de fid\u00e9lit\u00e9 et de morale \u00e0 travers des r\u00e9cits qui refusent les r\u00e9ponses toutes faites.<\/li>\n<li><strong>Une lecture souvent cit\u00e9e dans l&rsquo;histoire des id\u00e9es<\/strong> : plusieurs commentateurs y voient une r\u00e9flexion pr\u00e9coce sur la place des femmes et le regard port\u00e9 sur elles \u2014 une interpr\u00e9tation, pas un fait chiffr\u00e9.<\/li>\n<\/ul>\n<h2>H\u00e9ritage et post\u00e9rit\u00e9<\/h2>\n<p>Au-del\u00e0 de l&rsquo;\u0153uvre, Marguerite de Navarre reste identifi\u00e9e comme un pivot de la Renaissance fran\u00e7aise : protectrice d&rsquo;humanistes, elle a contribu\u00e9 \u00e0 faire de sa cour un foyer intellectuel, dans une p\u00e9riode o\u00f9 les tensions religieuses rendaient cette posture risqu\u00e9e.<\/p>\n<div class=\"ssy-port-note\">\n<span class=\"ssy-port-kicker\">\u00c0 ne pas confondre<\/span><\/p>\n<p>R\u00e9duire Marguerite \u00e0 son statut d&rsquo;\u00e9pouse ou de s\u0153ur de roi occulte sa contribution intellectuelle propre. Elle est aussi, distinctement, une autrice reconnue pour son style et pour l&rsquo;ambition de son projet litt\u00e9raire.<\/p>\n<\/div>\n<h2>Pour approfondir<\/h2>\n<ol>\n<li><strong>Lire L&rsquo;Heptam\u00e9ron<\/strong> dans une \u00e9dition annot\u00e9e : le texte original en moyen fran\u00e7ais gagne \u00e0 \u00eatre accompagn\u00e9 de notes.<\/li>\n<li><strong>Explorer les lieux li\u00e9s \u00e0 sa vie<\/strong> \u2014 Angoul\u00eame, la cour de Navarre, le B\u00e9arn \u2014 pour resituer son parcours dans son contexte g\u00e9ographique.<\/li>\n<li><strong>Suivre les publications universitaires<\/strong> qui continuent de r\u00e9\u00e9valuer son r\u00f4le litt\u00e9raire et politique.<\/li>\n<\/ol>\n<div class=\"ssy-port-retenir\">\n<span class=\"ssy-port-kicker\">\u00c0 retenir<\/span><\/p>\n<ul>\n<li>Marguerite de Valois-Angoul\u00eame, dite Marguerite de Navarre, n\u00e9e le 11 avril 1492 \u00e0 Angoul\u00eame, morte le 21 d\u00e9cembre 1549.<\/li>\n<li>S\u0153ur a\u00een\u00e9e de Fran\u00e7ois I<sup>er<\/sup> ; reine de Navarre par son mariage avec Henri II d&rsquo;Albret en 1527.<\/li>\n<li>Autrice de L&rsquo;Heptam\u00e9ron, recueil de 72 nouvelles rest\u00e9 inachev\u00e9, publi\u00e9 apr\u00e8s sa mort (1558-1559).<\/li>\n<li>M\u00e9diatrice religieuse avant les guerres de Religion, protectrice de figures de la R\u00e9forme naissante.<\/li>\n<li>\u00c0 ne pas confondre avec Marguerite de Valois, \u00ab la reine Margot \u00bb (1553-1615), une autre personne.<\/li>\n<\/ul>\n<\/div>\n<div class=\"ssy-port-faq\">\n<h2>FAQ<\/h2>\n<details>\n<summary>Qui \u00e9tait Marguerite de Valois-Angoul\u00eame ?<\/summary>\n<p>Une princesse fran\u00e7aise n\u00e9e en 1492 \u00e0 Angoul\u00eame, s\u0153ur du roi Fran\u00e7ois I<sup>er<\/sup>, devenue reine de Navarre par son second mariage et connue comme autrice de L&rsquo;Heptam\u00e9ron.<\/p>\n<\/details>\n<details>\n<summary>Quelle est l&rsquo;\u0153uvre majeure attribu\u00e9e \u00e0 Marguerite de Navarre ?<\/summary>\n<p>L&rsquo;Heptam\u00e9ron, un recueil de 72 nouvelles inspir\u00e9 du D\u00e9cam\u00e9ron de Boccace, rest\u00e9 inachev\u00e9 \u00e0 sa mort et publi\u00e9 \u00e0 titre posthume en 1558-1559.<\/p>\n<\/details>\n<details>\n<summary>Marguerite de Navarre est-elle la m\u00eame personne que \u00ab la reine Margot \u00bb ?<\/summary>\n<p>Non. \u00ab La reine Margot \u00bb d\u00e9signe Marguerite de Valois (1553-1615), \u00e9pouse d&rsquo;Henri IV, n\u00e9e plus de soixante ans apr\u00e8s Marguerite de Navarre. Les deux femmes portent des pr\u00e9noms et un nom de famille proches, ce qui entretient la confusion.<\/p>\n<\/details>\n<details>\n<summary>Marguerite de Navarre a-t-elle \u00e9t\u00e9 r\u00e9gente de Navarre ?<\/summary>\n<p>Elle porte le titre de reine de Navarre \u00e0 partir de son mariage avec Henri II d&rsquo;Albret en 1527, jusqu&rsquo;\u00e0 sa mort en 1549 ; son \u00e9poux lui survit.<\/p>\n<\/details>\n<details>\n<summary>Quel r\u00f4le a jou\u00e9 Marguerite dans les tensions religieuses de son \u00e9poque ?<\/summary>\n<p>Elle a agi comme m\u00e9diatrice entre catholiques et r\u00e9formateurs et prot\u00e9g\u00e9 plusieurs figures de la R\u00e9forme naissante \u00e0 sa cour, avant m\u00eame le d\u00e9clenchement des guerres de Religion en 1562.<\/p>\n<\/details>\n<\/div>\n<p class=\"ssy-port-src\">Faits v\u00e9rifi\u00e9s sur fr.wikipedia.org (pages \u00ab Marguerite de Valois-Angoul\u00eame \u00bb et \u00ab L&rsquo;Heptam\u00e9ron \u00bb).<\/p>\n<\/div>\n","protected":false},"excerpt":{"rendered":"","protected":false},"author":34,"featured_media":999999999,"comment_status":"open","ping_status":"open","sticky":false,"template":"","format":"standard","meta":{"_acf_changed":false,"manual_indexmenow":false,"indexmenow_id_project":0,"footnotes":""},"categories":[4837],"tags":[],"class_list":["post-7779","post","type-post","status-publish","format-standard","has-post-thumbnail","hentry","category-juridique","generate-columns","tablet-grid-50","mobile-grid-100","grid-parent","grid-25"],"acf":[],"yoast_head":"<!-- This site is optimized with the Yoast SEO Premium plugin v21.3 (Yoast SEO v26.5) - https:\/\/yoast.com\/wordpress\/plugins\/seo\/ -->\n<title>Marguerite Valois Angoul\u00eame : Histoire 2026<\/title>\n<meta name=\"description\" content=\"Marguerite de Valois, connue aussi sous le nom de Marguerite d\u2019Angoul\u00eame, est une figure marquante de l\u2019histoire fran\u00e7aise\" \/>\n<meta name=\"robots\" content=\"index, follow, max-snippet:-1, max-image-preview:large, max-video-preview:-1\" \/>\n<link rel=\"canonical\" href=\"https:\/\/starstory.fr\/blog\/juridique\/marguerite-de-valois-angouleme\/\" \/>\n<meta property=\"og:locale\" content=\"fr_FR\" \/>\n<meta property=\"og:type\" content=\"article\" \/>\n<meta property=\"og:title\" content=\"Marguerite Valois Angoul\u00eame : Histoire 2026\" \/>\n<meta property=\"og:description\" content=\"Marguerite de Valois, connue aussi sous le nom de Marguerite d\u2019Angoul\u00eame, est une figure marquante de l\u2019histoire fran\u00e7aise\" \/>\n<meta property=\"og:url\" content=\"https:\/\/starstory.fr\/blog\/juridique\/marguerite-de-valois-angouleme\/\" \/>\n<meta property=\"og:site_name\" content=\"starstory\" \/>\n<meta name=\"author\" content=\"Rapha\u00ebl D.\" \/>\n<meta name=\"twitter:card\" content=\"summary_large_image\" \/>\n<script type=\"application\/ld+json\" class=\"yoast-schema-graph\">{\"@context\":\"https:\/\/schema.org\",\"@graph\":[{\"@type\":\"NewsArticle\",\"@id\":\"https:\/\/starstory.fr\/blog\/juridique\/marguerite-de-valois-angouleme\/#article\",\"isPartOf\":{\"@id\":\"https:\/\/starstory.fr\/blog\/juridique\/marguerite-de-valois-angouleme\/\"},\"author\":{\"name\":\"Rapha\u00ebl D.\",\"@id\":\"https:\/\/starstory.fr\/blog\/#\/schema\/person\/3c864cdc320801e3db34b663e7e3f816\"},\"headline\":\"Marguerite Valois Angoul\u00eame : Histoire 2026\",\"datePublished\":\"2026-08-31T19:15:13+00:00\",\"mainEntityOfPage\":{\"@id\":\"https:\/\/starstory.fr\/blog\/juridique\/marguerite-de-valois-angouleme\/\"},\"wordCount\":1008,\"commentCount\":0,\"publisher\":{\"@id\":\"https:\/\/starstory.fr\/blog\/#organization\"},\"image\":{\"@id\":\"https:\/\/starstory.fr\/blog\/juridique\/marguerite-de-valois-angouleme\/#primaryimage\"},\"thumbnailUrl\":\"https:\/\/images.pexels.com\/photos\/23414382\/pexels-photo-23414382.jpeg?auto=compress&cs=tinysrgb&fit=crop&h=627&w=1200\",\"articleSection\":[\"Juridique\"],\"inLanguage\":\"fr-FR\",\"potentialAction\":[{\"@type\":\"CommentAction\",\"name\":\"Comment\",\"target\":[\"https:\/\/starstory.fr\/blog\/juridique\/marguerite-de-valois-angouleme\/#respond\"]}]},{\"@type\":\"WebPage\",\"@id\":\"https:\/\/starstory.fr\/blog\/juridique\/marguerite-de-valois-angouleme\/\",\"url\":\"https:\/\/starstory.fr\/blog\/juridique\/marguerite-de-valois-angouleme\/\",\"name\":\"Marguerite Valois Angoul\u00eame : Histoire 2026\",\"isPartOf\":{\"@id\":\"https:\/\/starstory.fr\/blog\/#website\"},\"primaryImageOfPage\":{\"@id\":\"https:\/\/starstory.fr\/blog\/juridique\/marguerite-de-valois-angouleme\/#primaryimage\"},\"image\":{\"@id\":\"https:\/\/starstory.fr\/blog\/juridique\/marguerite-de-valois-angouleme\/#primaryimage\"},\"thumbnailUrl\":\"https:\/\/images.pexels.com\/photos\/23414382\/pexels-photo-23414382.jpeg?auto=compress&cs=tinysrgb&fit=crop&h=627&w=1200\",\"datePublished\":\"2026-08-31T19:15:13+00:00\",\"description\":\"Marguerite de Valois, connue aussi sous le nom de Marguerite d\u2019Angoul\u00eame, est une figure marquante de l\u2019histoire fran\u00e7aise\",\"inLanguage\":\"fr-FR\",\"potentialAction\":[{\"@type\":\"ReadAction\",\"target\":[\"https:\/\/starstory.fr\/blog\/juridique\/marguerite-de-valois-angouleme\/\"]}]},{\"@type\":\"ImageObject\",\"inLanguage\":\"fr-FR\",\"@id\":\"https:\/\/starstory.fr\/blog\/juridique\/marguerite-de-valois-angouleme\/#primaryimage\",\"url\":\"https:\/\/images.pexels.com\/photos\/23414382\/pexels-photo-23414382.jpeg?auto=compress&cs=tinysrgb&fit=crop&h=627&w=1200\",\"contentUrl\":\"https:\/\/images.pexels.com\/photos\/23414382\/pexels-photo-23414382.jpeg?auto=compress&cs=tinysrgb&fit=crop&h=627&w=1200\"},{\"@type\":\"WebSite\",\"@id\":\"https:\/\/starstory.fr\/blog\/#website\",\"url\":\"https:\/\/starstory.fr\/blog\/\",\"name\":\"StarStory\",\"description\":\"StarStory, les \u00e9toiles racontent leur histoire\",\"publisher\":{\"@id\":\"https:\/\/starstory.fr\/blog\/#organization\"},\"alternateName\":\"StarStory, les \u00e9toiles racontent leur histoire\",\"potentialAction\":[{\"@type\":\"SearchAction\",\"target\":{\"@type\":\"EntryPoint\",\"urlTemplate\":\"https:\/\/starstory.fr\/blog\/?s={search_term_string}\"},\"query-input\":{\"@type\":\"PropertyValueSpecification\",\"valueRequired\":true,\"valueName\":\"search_term_string\"}}],\"inLanguage\":\"fr-FR\"},{\"@type\":\"Organization\",\"@id\":\"https:\/\/starstory.fr\/blog\/#organization\",\"name\":\"StarStory\",\"alternateName\":\"StarStory.fr\",\"url\":\"https:\/\/starstory.fr\/blog\/\",\"logo\":{\"@type\":\"ImageObject\",\"inLanguage\":\"fr-FR\",\"@id\":\"https:\/\/starstory.fr\/blog\/#\/schema\/logo\/image\/\",\"url\":\"https:\/\/starstory.fr\/blog\/wp-content\/uploads\/2024\/12\/38.png\",\"contentUrl\":\"https:\/\/starstory.fr\/blog\/wp-content\/uploads\/2024\/12\/38.png\",\"width\":500,\"height\":500,\"caption\":\"StarStory\"},\"image\":{\"@id\":\"https:\/\/starstory.fr\/blog\/#\/schema\/logo\/image\/\"}},{\"@type\":\"Person\",\"@id\":\"https:\/\/starstory.fr\/blog\/#\/schema\/person\/3c864cdc320801e3db34b663e7e3f816\",\"name\":\"Rapha\u00ebl D.\",\"image\":{\"@type\":\"ImageObject\",\"inLanguage\":\"fr-FR\",\"@id\":\"https:\/\/starstory.fr\/blog\/#\/schema\/person\/image\/\",\"url\":\"https:\/\/starstory.fr\/blog\/wp-content\/uploads\/2026\/06\/persona_raphael-d-96x96.jpg\",\"contentUrl\":\"https:\/\/starstory.fr\/blog\/wp-content\/uploads\/2026\/06\/persona_raphael-d-96x96.jpg\",\"caption\":\"Rapha\u00ebl D.\"},\"description\":\"La culture est mon terrain de jeu depuis une dizaine d'ann\u00e9es : arts visuels, s\u00e9ries, cr\u00e9ation et tout ce qui nourrit l'imaginaire. J'\u00e9cris aussi bien sur l'actualit\u00e9 des \u0153uvres que sur les coulisses de la cr\u00e9ation, avec l'envie de relier l'amateur curieux \u00e0 des univers parfois jug\u00e9s intimidants. J'aime analyser une s\u00e9rie ou une d\u00e9marche artistique sans p\u00e9dantisme, replacer une \u0153uvre dans son contexte et donner des cl\u00e9s de lecture accessibles. Avant de publier, je v\u00e9rifie mes r\u00e9f\u00e9rences, je recoupe les sources et je distingue clairement le fait de mon interpr\u00e9tation subjective. Je crois qu'une critique vaut surtout par les arguments qu'elle expose, pas par la sentence qu'elle rend. Mon angle : transmettre l'envie de d\u00e9couvrir, de regarder autrement et de se forger son propre go\u00fbt. La culture n'appartient pas qu'aux initi\u00e9s, et c'est tout l'enjeu de mon \u00e9criture.\",\"url\":\"https:\/\/starstory.fr\/blog\/auteur\/noname\/\",\"jobTitle\":\"R\u00e9dacteur en chef \u00b7 Culture & Cr\u00e9ation\",\"knowsAbout\":[\"Culture\",\"Cr\u00e9ation\"],\"email\":\"raphael.d@a-l-asso-de-l-art.fr\"}]}<\/script>\n<!-- \/ Yoast SEO Premium plugin. -->","yoast_head_json":{"title":"Marguerite Valois Angoul\u00eame : Histoire 2026","description":"Marguerite de Valois, connue aussi sous le nom de Marguerite d\u2019Angoul\u00eame, est une figure marquante de l\u2019histoire fran\u00e7aise","robots":{"index":"index","follow":"follow","max-snippet":"max-snippet:-1","max-image-preview":"max-image-preview:large","max-video-preview":"max-video-preview:-1"},"canonical":"https:\/\/starstory.fr\/blog\/juridique\/marguerite-de-valois-angouleme\/","og_locale":"fr_FR","og_type":"article","og_title":"Marguerite Valois Angoul\u00eame : Histoire 2026","og_description":"Marguerite de Valois, connue aussi sous le nom de Marguerite d\u2019Angoul\u00eame, est une figure marquante de l\u2019histoire fran\u00e7aise","og_url":"https:\/\/starstory.fr\/blog\/juridique\/marguerite-de-valois-angouleme\/","og_site_name":"starstory","author":"Rapha\u00ebl D.","twitter_card":"summary_large_image","schema":{"@context":"https:\/\/schema.org","@graph":[{"@type":"NewsArticle","@id":"https:\/\/starstory.fr\/blog\/juridique\/marguerite-de-valois-angouleme\/#article","isPartOf":{"@id":"https:\/\/starstory.fr\/blog\/juridique\/marguerite-de-valois-angouleme\/"},"author":{"name":"Rapha\u00ebl D.","@id":"https:\/\/starstory.fr\/blog\/#\/schema\/person\/3c864cdc320801e3db34b663e7e3f816"},"headline":"Marguerite Valois Angoul\u00eame : Histoire 2026","datePublished":"2026-08-31T19:15:13+00:00","mainEntityOfPage":{"@id":"https:\/\/starstory.fr\/blog\/juridique\/marguerite-de-valois-angouleme\/"},"wordCount":1008,"commentCount":0,"publisher":{"@id":"https:\/\/starstory.fr\/blog\/#organization"},"image":{"@id":"https:\/\/starstory.fr\/blog\/juridique\/marguerite-de-valois-angouleme\/#primaryimage"},"thumbnailUrl":"https:\/\/images.pexels.com\/photos\/23414382\/pexels-photo-23414382.jpeg?auto=compress&cs=tinysrgb&fit=crop&h=627&w=1200","articleSection":["Juridique"],"inLanguage":"fr-FR","potentialAction":[{"@type":"CommentAction","name":"Comment","target":["https:\/\/starstory.fr\/blog\/juridique\/marguerite-de-valois-angouleme\/#respond"]}]},{"@type":"WebPage","@id":"https:\/\/starstory.fr\/blog\/juridique\/marguerite-de-valois-angouleme\/","url":"https:\/\/starstory.fr\/blog\/juridique\/marguerite-de-valois-angouleme\/","name":"Marguerite Valois Angoul\u00eame : Histoire 2026","isPartOf":{"@id":"https:\/\/starstory.fr\/blog\/#website"},"primaryImageOfPage":{"@id":"https:\/\/starstory.fr\/blog\/juridique\/marguerite-de-valois-angouleme\/#primaryimage"},"image":{"@id":"https:\/\/starstory.fr\/blog\/juridique\/marguerite-de-valois-angouleme\/#primaryimage"},"thumbnailUrl":"https:\/\/images.pexels.com\/photos\/23414382\/pexels-photo-23414382.jpeg?auto=compress&cs=tinysrgb&fit=crop&h=627&w=1200","datePublished":"2026-08-31T19:15:13+00:00","description":"Marguerite de Valois, connue aussi sous le nom de Marguerite d\u2019Angoul\u00eame, est une figure marquante de l\u2019histoire fran\u00e7aise","inLanguage":"fr-FR","potentialAction":[{"@type":"ReadAction","target":["https:\/\/starstory.fr\/blog\/juridique\/marguerite-de-valois-angouleme\/"]}]},{"@type":"ImageObject","inLanguage":"fr-FR","@id":"https:\/\/starstory.fr\/blog\/juridique\/marguerite-de-valois-angouleme\/#primaryimage","url":"https:\/\/images.pexels.com\/photos\/23414382\/pexels-photo-23414382.jpeg?auto=compress&cs=tinysrgb&fit=crop&h=627&w=1200","contentUrl":"https:\/\/images.pexels.com\/photos\/23414382\/pexels-photo-23414382.jpeg?auto=compress&cs=tinysrgb&fit=crop&h=627&w=1200"},{"@type":"WebSite","@id":"https:\/\/starstory.fr\/blog\/#website","url":"https:\/\/starstory.fr\/blog\/","name":"StarStory","description":"StarStory, les \u00e9toiles racontent leur histoire","publisher":{"@id":"https:\/\/starstory.fr\/blog\/#organization"},"alternateName":"StarStory, les \u00e9toiles racontent leur histoire","potentialAction":[{"@type":"SearchAction","target":{"@type":"EntryPoint","urlTemplate":"https:\/\/starstory.fr\/blog\/?s={search_term_string}"},"query-input":{"@type":"PropertyValueSpecification","valueRequired":true,"valueName":"search_term_string"}}],"inLanguage":"fr-FR"},{"@type":"Organization","@id":"https:\/\/starstory.fr\/blog\/#organization","name":"StarStory","alternateName":"StarStory.fr","url":"https:\/\/starstory.fr\/blog\/","logo":{"@type":"ImageObject","inLanguage":"fr-FR","@id":"https:\/\/starstory.fr\/blog\/#\/schema\/logo\/image\/","url":"https:\/\/starstory.fr\/blog\/wp-content\/uploads\/2024\/12\/38.png","contentUrl":"https:\/\/starstory.fr\/blog\/wp-content\/uploads\/2024\/12\/38.png","width":500,"height":500,"caption":"StarStory"},"image":{"@id":"https:\/\/starstory.fr\/blog\/#\/schema\/logo\/image\/"}},{"@type":"Person","@id":"https:\/\/starstory.fr\/blog\/#\/schema\/person\/3c864cdc320801e3db34b663e7e3f816","name":"Rapha\u00ebl D.","image":{"@type":"ImageObject","inLanguage":"fr-FR","@id":"https:\/\/starstory.fr\/blog\/#\/schema\/person\/image\/","url":"https:\/\/starstory.fr\/blog\/wp-content\/uploads\/2026\/06\/persona_raphael-d-96x96.jpg","contentUrl":"https:\/\/starstory.fr\/blog\/wp-content\/uploads\/2026\/06\/persona_raphael-d-96x96.jpg","caption":"Rapha\u00ebl D."},"description":"La culture est mon terrain de jeu depuis une dizaine d'ann\u00e9es : arts visuels, s\u00e9ries, cr\u00e9ation et tout ce qui nourrit l'imaginaire. J'\u00e9cris aussi bien sur l'actualit\u00e9 des \u0153uvres que sur les coulisses de la cr\u00e9ation, avec l'envie de relier l'amateur curieux \u00e0 des univers parfois jug\u00e9s intimidants. J'aime analyser une s\u00e9rie ou une d\u00e9marche artistique sans p\u00e9dantisme, replacer une \u0153uvre dans son contexte et donner des cl\u00e9s de lecture accessibles. Avant de publier, je v\u00e9rifie mes r\u00e9f\u00e9rences, je recoupe les sources et je distingue clairement le fait de mon interpr\u00e9tation subjective. Je crois qu'une critique vaut surtout par les arguments qu'elle expose, pas par la sentence qu'elle rend. Mon angle : transmettre l'envie de d\u00e9couvrir, de regarder autrement et de se forger son propre go\u00fbt. La culture n'appartient pas qu'aux initi\u00e9s, et c'est tout l'enjeu de mon \u00e9criture.","url":"https:\/\/starstory.fr\/blog\/auteur\/noname\/","jobTitle":"R\u00e9dacteur en chef \u00b7 Culture & Cr\u00e9ation","knowsAbout":["Culture","Cr\u00e9ation"],"email":"raphael.d@a-l-asso-de-l-art.fr"}]}},"_links":{"self":[{"href":"https:\/\/starstory.fr\/blog\/wp-json\/wp\/v2\/posts\/7779","targetHints":{"allow":["GET"]}}],"collection":[{"href":"https:\/\/starstory.fr\/blog\/wp-json\/wp\/v2\/posts"}],"about":[{"href":"https:\/\/starstory.fr\/blog\/wp-json\/wp\/v2\/types\/post"}],"author":[{"embeddable":true,"href":"https:\/\/starstory.fr\/blog\/wp-json\/wp\/v2\/users\/34"}],"replies":[{"embeddable":true,"href":"https:\/\/starstory.fr\/blog\/wp-json\/wp\/v2\/comments?post=7779"}],"version-history":[{"count":1,"href":"https:\/\/starstory.fr\/blog\/wp-json\/wp\/v2\/posts\/7779\/revisions"}],"predecessor-version":[{"id":8413,"href":"https:\/\/starstory.fr\/blog\/wp-json\/wp\/v2\/posts\/7779\/revisions\/8413"}],"wp:attachment":[{"href":"https:\/\/starstory.fr\/blog\/wp-json\/wp\/v2\/media?parent=7779"}],"wp:term":[{"taxonomy":"category","embeddable":true,"href":"https:\/\/starstory.fr\/blog\/wp-json\/wp\/v2\/categories?post=7779"},{"taxonomy":"post_tag","embeddable":true,"href":"https:\/\/starstory.fr\/blog\/wp-json\/wp\/v2\/tags?post=7779"}],"curies":[{"name":"wp","href":"https:\/\/api.w.org\/{rel}","templated":true}]}}